{"id":197970,"date":"2026-09-03T15:34:46","date_gmt":"2026-09-03T13:34:46","guid":{"rendered":"https:\/\/candas365.es\/noticias\/?p=197970"},"modified":"2026-09-03T15:34:46","modified_gmt":"2026-09-03T13:34:46","slug":"oton-el-grande-ya-descansa-en-magdeburgo","status":"publish","type":"post","link":"https:\/\/candas365.es\/noticias\/oton-el-grande-ya-descansa-en-magdeburgo\/","title":{"rendered":"Ot\u00f3n el Grande ya descansa en Magdeburgo"},"content":{"rendered":"<p><span class=\"dateline\">Magdeburgo (Alemania), 1 sep\u00a0<span class=\"credit\">(<a href=\"https:\/\/www.dpa-news.de\/\" target=\"_blank\" rel=\"noopener\"><span style=\"color: #ff6600;\"><strong>dpa<\/strong><\/span><\/a>)<\/span>\u00a0&#8211;\u00a0<\/span>El emperador Ot\u00f3n el Grande (912-973) fue sepultado hoy de manera solemne en la catedral de la ciudad alemana de <a href=\"https:\/\/candas365.es\/noticias\/category\/internacional\/\"><span style=\"color: #ff6600;\"><strong>Magdeburgo<\/strong> <\/span><\/a>tras la restauraci\u00f3n de su mausoleo, que se encontraba en estado de deterioro.<\/p>\n<figure id=\"attachment_197971\" aria-describedby=\"caption-attachment-197971\" style=\"width: 650px\" class=\"wp-caption aligncenter\"><img fetchpriority=\"high\" decoding=\"async\" class=\"size-large wp-image-197971\" src=\"https:\/\/candas365.es\/noticias\/wp-content\/uploads\/2026\/09\/Oton-el-Grande-ya-descansa-en-Magdeburgo-650x430.jpg\" alt=\"Ot\u00f3n el Grande ya descansa en Magdeburgo\" width=\"650\" height=\"430\" srcset=\"https:\/\/candas365.es\/noticias\/wp-content\/uploads\/2026\/09\/Oton-el-Grande-ya-descansa-en-Magdeburgo-650x430.jpg 650w, https:\/\/candas365.es\/noticias\/wp-content\/uploads\/2026\/09\/Oton-el-Grande-ya-descansa-en-Magdeburgo-360x238.jpg 360w, https:\/\/candas365.es\/noticias\/wp-content\/uploads\/2026\/09\/Oton-el-Grande-ya-descansa-en-Magdeburgo-768x507.jpg 768w, https:\/\/candas365.es\/noticias\/wp-content\/uploads\/2026\/09\/Oton-el-Grande-ya-descansa-en-Magdeburgo-150x99.jpg 150w, https:\/\/candas365.es\/noticias\/wp-content\/uploads\/2026\/09\/Oton-el-Grande-ya-descansa-en-Magdeburgo-450x297.jpg 450w, https:\/\/candas365.es\/noticias\/wp-content\/uploads\/2026\/09\/Oton-el-Grande-ya-descansa-en-Magdeburgo-1200x793.jpg 1200w, https:\/\/candas365.es\/noticias\/wp-content\/uploads\/2026\/09\/Oton-el-Grande-ya-descansa-en-Magdeburgo.jpg 1247w\" sizes=\"(max-width: 650px) 100vw, 650px\" \/><figcaption id=\"caption-attachment-197971\" class=\"wp-caption-text\">Foto: Klaus-Dietmar Gabbert\/dpa<\/figcaption><\/figure>\n<p>Sus restos descansan ahora en un nuevo ata\u00fad de titanio, dise\u00f1ado por la artista Silke Trekel.<\/p>\n<p>Tras un servicio ecum\u00e9nico y una ceremonia, el ata\u00fad del emperador fue bajado al sarc\u00f3fago de piedra, sobre el cual m\u00e1s tarde se colocar\u00e1 nuevamente una losa de m\u00e1rmol.<\/p>\n<p>Invitados oficiales y numerosos ciudadanos acudieron a\u00a0la ceremonia de inhumaci\u00f3n. En largas filas, los asistentes esperaron pacientemente su turno para desfilar ante el ata\u00fad y rendir homenaje.<\/p>\n<p>Durante los \u00faltimos meses, el sepulcro de Ot\u00f3n fue objeto de un exhaustivo proceso de restauraci\u00f3n tras haberse detectado da\u00f1os considerables que, seg\u00fan los expertos, pon\u00edan en riesgo la estabilidad estructural del monumento.<\/p>\n<p>Diversos equipos cient\u00edficos aprovecharon la oportunidad para analizar los restos conservados dentro del f\u00e9retro de madera original, tambi\u00e9n muy deteriorado, que estaba ubicado en el interior del sarc\u00f3fago de piedra.<\/p>\n<p>Entre las conclusiones del estudio destaca la confirmaci\u00f3n definitiva de que los restos corresponden, efectivamente, al emperador.<\/p>\n<p>El arque\u00f3logo regional Harald Meller se\u00f1al\u00f3 que las investigaciones en colaboraci\u00f3n con instituciones de todo el mundo se prolongar\u00e1n durante varios a\u00f1os m\u00e1s e involucrar\u00e1n a distintas disciplinas arqueol\u00f3gicas, m\u00e9dicas y cient\u00edficas.<\/p>\n<p>Ot\u00f3n I, conocido como Ot\u00f3n el Grande, fue una figura clave en la historia europea. Perteneciente a la dinast\u00eda de los Liudolfinger, es considerado el refundador del Imperio romano germ\u00e1nico sucesor del antiguo Imperio romano.<\/p>\n<p>En el a\u00f1o 968 elev\u00f3 a Magdeburgo al rango de arzobispado, lo que impuls\u00f3 un notable florecimiento econ\u00f3mico y cultural en la ciudad a orillas del r\u00edo Elba.<\/p>\n","protected":false},"excerpt":{"rendered":"<p>Magdeburgo (Alemania), 1 sep\u00a0(dpa)\u00a0&#8211;\u00a0El emperador Ot\u00f3n el Grande (912-973) fue sepultado hoy de manera solemne en la catedral de la ciudad alemana de Magdeburgo tras la restauraci\u00f3n de su mausoleo, que se encontraba en estado de deterioro. Sus restos descansan ahora en un nuevo ata\u00fad de titanio, dise\u00f1ado por la artista Silke Trekel. Tras un<\/p>\n","protected":false},"author":1,"featured_media":197971,"comment_status":"closed","ping_status":"closed","sticky":false,"template":"","format":"standard","meta":{"footnotes":""},"categories":[485],"tags":[418],"class_list":["post-197970","post","type-post","status-publish","format-standard","has-post-thumbnail","category-internacional","tag-internacional"],"aioseo_notices":[],"aioseo_head":"\n\t\t<!-- All in One SEO Pro 5.0.1.1 - aioseo.com -->\n\t<meta name=\"description\" content=\"Magdeburgo (Alemania), 1 sep (dpa) - El emperador Ot\u00f3n el Grande (912-973) fue sepultado hoy de manera solemne en la catedral de la ciudad alemana de Magdeburgo\" \/>\n\t<meta name=\"robots\" content=\"max-image-preview:large\" \/>\n\t<meta name=\"author\" content=\"Cand\u00e1s 365\"\/>\n\t<meta name=\"google-site-verification\" content=\"UA-32230408-1\" \/>\n\t<meta name=\"msvalidate.01\" content=\"354F3CDFB2DA171B47FBE9ABF1F88D5\" \/>\n\t<meta name=\"keywords\" content=\"internacional\" \/>\n\t<link rel=\"canonical\" href=\"https:\/\/candas365.es\/noticias\/oton-el-grande-ya-descansa-en-magdeburgo\/\" \/>\n\t<meta name=\"generator\" content=\"All in One SEO Pro (AIOSEO) 5.0.1.1\" \/>\n\t\t<meta property=\"og:locale\" content=\"es_ES\" \/>\n\t\t<meta property=\"og:site_name\" content=\"Cand\u00e1s 365\" \/>\n\t\t<meta property=\"og:type\" content=\"article\" \/>\n\t\t<meta property=\"og:title\" content=\"Ot\u00f3n el Grande ya descansa en Magdeburgo \u2013 Cand\u00e1s 365\" \/>\n\t\t<meta property=\"og:description\" content=\"Magdeburgo (Alemania), 1 sep (dpa) - El emperador Ot\u00f3n el Grande (912-973) fue sepultado hoy de manera solemne en la catedral de la ciudad alemana de Magdeburgo tras\" \/>\n\t\t<meta property=\"og:url\" content=\"https:\/\/candas365.es\/noticias\/oton-el-grande-ya-descansa-en-magdeburgo\/\" \/>\n\t\t<meta property=\"og:image\" content=\"https:\/\/candas365.es\/noticias\/wp-content\/uploads\/2026\/09\/Oton-el-Grande-ya-descansa-en-Magdeburgo.jpg\" \/>\n\t\t<meta property=\"og:image:secure_url\" content=\"https:\/\/candas365.es\/noticias\/wp-content\/uploads\/2026\/09\/Oton-el-Grande-ya-descansa-en-Magdeburgo.jpg\" \/>\n\t\t<meta property=\"og:image:width\" content=\"1247\" \/>\n\t\t<meta property=\"og:image:height\" content=\"824\" \/>\n\t\t<meta property=\"article:published_time\" content=\"2026-09-03T13:34:46+00:00\" \/>\n\t\t<meta property=\"article:modified_time\" content=\"2026-09-03T13:34:46+00:00\" \/>\n\t\t<meta property=\"article:publisher\" content=\"https:\/\/www.facebook.com\/Nachofdezber\" \/>\n\t\t<meta property=\"article:author\" content=\"https:\/\/www.facebook.com\/Nachofdezber\" \/>\n\t\t<meta name=\"twitter:card\" content=\"summary_large_image\" \/>\n\t\t<meta name=\"twitter:site\" content=\"@candas365\" \/>\n\t\t<meta name=\"twitter:title\" content=\"Ot\u00f3n el Grande ya descansa en Magdeburgo \u2013 Cand\u00e1s 365\" \/>\n\t\t<meta name=\"twitter:description\" content=\"Magdeburgo (Alemania), 1 sep (dpa) - El emperador Ot\u00f3n el Grande (912-973) fue sepultado hoy de manera solemne en la catedral de la ciudad alemana de Magdeburgo tras\" \/>\n\t\t<meta name=\"twitter:creator\" content=\"@candas365\" \/>\n\t\t<meta name=\"twitter:image\" content=\"https:\/\/candas365.es\/noticias\/wp-content\/uploads\/2026\/09\/Oton-el-Grande-ya-descansa-en-Magdeburgo.jpg\" \/>\n\t\t<meta name=\"twitter:label1\" content=\"Escrito por\" \/>\n\t\t<meta name=\"twitter:data1\" content=\"Cand\u00e1s 365\" \/>\n\t\t<meta name=\"twitter:label2\" content=\"Tiempo de lectura estimado\" \/>\n\t\t<meta name=\"twitter:data2\" content=\"2 minutos\" \/>\n\t\t<script type=\"application\/ld+json\" class=\"aioseo-schema\">\n\t\t\t{\"@context\":\"https:\\\/\\\/schema.org\",\"@graph\":[{\"@type\":\"BreadcrumbList\",\"@id\":\"https:\\\/\\\/candas365.es\\\/noticias\\\/oton-el-grande-ya-descansa-en-magdeburgo\\\/#breadcrumblist\",\"itemListElement\":[{\"@type\":\"ListItem\",\"@id\":\"https:\\\/\\\/candas365.es\\\/noticias#listItem\",\"position\":1,\"name\":\"Home\",\"item\":\"https:\\\/\\\/candas365.es\\\/noticias\",\"nextItem\":{\"@type\":\"ListItem\",\"@id\":\"https:\\\/\\\/candas365.es\\\/noticias\\\/category\\\/internacional\\\/#listItem\",\"name\":\"Internacional\"}},{\"@type\":\"ListItem\",\"@id\":\"https:\\\/\\\/candas365.es\\\/noticias\\\/category\\\/internacional\\\/#listItem\",\"position\":2,\"name\":\"Internacional\",\"item\":\"https:\\\/\\\/candas365.es\\\/noticias\\\/category\\\/internacional\\\/\",\"nextItem\":{\"@type\":\"ListItem\",\"@id\":\"https:\\\/\\\/candas365.es\\\/noticias\\\/oton-el-grande-ya-descansa-en-magdeburgo\\\/#listItem\",\"name\":\"Ot\\u00f3n el Grande ya descansa en Magdeburgo\"},\"previousItem\":{\"@type\":\"ListItem\",\"@id\":\"https:\\\/\\\/candas365.es\\\/noticias#listItem\",\"name\":\"Home\"}},{\"@type\":\"ListItem\",\"@id\":\"https:\\\/\\\/candas365.es\\\/noticias\\\/oton-el-grande-ya-descansa-en-magdeburgo\\\/#listItem\",\"position\":3,\"name\":\"Ot\\u00f3n el Grande ya descansa en Magdeburgo\",\"previousItem\":{\"@type\":\"ListItem\",\"@id\":\"https:\\\/\\\/candas365.es\\\/noticias\\\/category\\\/internacional\\\/#listItem\",\"name\":\"Internacional\"}}]},{\"@type\":\"NewsArticle\",\"@id\":\"https:\\\/\\\/candas365.es\\\/noticias\\\/oton-el-grande-ya-descansa-en-magdeburgo\\\/#newsarticle\",\"name\":\"Ot\\u00f3n el Grande ya descansa en Magdeburgo | Cand\\u00e1s 365\",\"headline\":\"Ot\\u00f3n el Grande ya descansa en Magdeburgo\",\"author\":{\"@id\":\"https:\\\/\\\/candas365.es\\\/noticias\\\/author\\\/admin\\\/#author\"},\"publisher\":{\"@id\":\"https:\\\/\\\/candas365.es\\\/noticias\\\/#organization\"},\"image\":{\"@type\":\"ImageObject\",\"url\":\"https:\\\/\\\/candas365.es\\\/noticias\\\/wp-content\\\/uploads\\\/2026\\\/09\\\/Oton-el-Grande-ya-descansa-en-Magdeburgo.jpg\",\"width\":1247,\"height\":824,\"caption\":\"Foto: Klaus-Dietmar Gabbert\\\/dpa\"},\"datePublished\":\"2026-09-03T15:34:46+02:00\",\"dateModified\":\"2026-09-03T15:34:46+02:00\",\"inLanguage\":\"es-ES\",\"mainEntityOfPage\":{\"@id\":\"https:\\\/\\\/candas365.es\\\/noticias\\\/oton-el-grande-ya-descansa-en-magdeburgo\\\/#webpage\"},\"isPartOf\":{\"@id\":\"https:\\\/\\\/candas365.es\\\/noticias\\\/oton-el-grande-ya-descansa-en-magdeburgo\\\/#webpage\"},\"articleSection\":\"Internacional, Internacional\",\"dateline\":\"Publicado el septiembre 3, 2026.\"},{\"@type\":\"Organization\",\"@id\":\"https:\\\/\\\/candas365.es\\\/noticias\\\/#organization\",\"name\":\"Cand\\u00e1s 365\",\"description\":\"Cand\\u00e1s 365 es un diario digital independiente, fundado en 2012, con base en Asturias. Informamos con rigor sobre actualidad, sociedad, cultura y ocio, con una mirada local y global.\",\"url\":\"https:\\\/\\\/candas365.es\\\/noticias\\\/\",\"email\":\"info@candas365.es\",\"telephone\":\"+34652131393\",\"foundingDate\":\"2012-06-10\",\"logo\":{\"@type\":\"ImageObject\",\"url\":\"https:\\\/\\\/candas365.es\\\/noticias\\\/wp-content\\\/uploads\\\/2024\\\/09\\\/Candas-365-Redes.jpg\",\"@id\":\"https:\\\/\\\/candas365.es\\\/noticias\\\/oton-el-grande-ya-descansa-en-magdeburgo\\\/#organizationLogo\",\"width\":1152,\"height\":864,\"caption\":\"Cand\\u00e1s 365 Redes\"},\"image\":{\"@id\":\"https:\\\/\\\/candas365.es\\\/noticias\\\/oton-el-grande-ya-descansa-en-magdeburgo\\\/#organizationLogo\"},\"sameAs\":[\"https:\\\/\\\/www.facebook.com\\\/Nachofdezber\",\"https:\\\/\\\/x.com\\\/candas365\",\"https:\\\/\\\/www.instagram.com\\\/nachofdezber\\\/\",\"https:\\\/\\\/www.youtube.com\\\/channel\\\/UCZP-2wLEB9Rv6erhFmqVnvg\"],\"address\":{\"@id\":\"https:\\\/\\\/candas365.es\\\/noticias\\\/#postaladdress\",\"@type\":\"PostalAddress\",\"streetAddress\":\"san antonio 4, san antonio 4\",\"postalCode\":\"33430\",\"addressLocality\":\"Cand\\u00e1s\",\"addressRegion\":\"Asturias\",\"addressCountry\":\"ES\"}},{\"@type\":\"Person\",\"@id\":\"https:\\\/\\\/candas365.es\\\/noticias\\\/author\\\/admin\\\/#author\",\"url\":\"https:\\\/\\\/candas365.es\\\/noticias\\\/author\\\/admin\\\/\",\"name\":\"Cand\\u00e1s 365\",\"image\":{\"@type\":\"ImageObject\",\"@id\":\"https:\\\/\\\/candas365.es\\\/noticias\\\/oton-el-grande-ya-descansa-en-magdeburgo\\\/#authorImage\",\"url\":\"https:\\\/\\\/candas365.es\\\/noticias\\\/wp-content\\\/uploads\\\/2026\\\/07\\\/cropped-eyevuvEl_400x400-96x96.jpg\",\"width\":96,\"height\":96,\"caption\":\"Cand\\u00e1s 365\"},\"sameAs\":[\"https:\\\/\\\/www.facebook.com\\\/Nachofdezber\",\"https:\\\/\\\/x.com\\\/candas365\",\"https:\\\/\\\/www.instagram.com\\\/nachofdezber\\\/\",\"https:\\\/\\\/www.youtube.com\\\/channel\\\/UCZP-2wLEB9Rv6erhFmqVnvg\"]},{\"@type\":\"WebPage\",\"@id\":\"https:\\\/\\\/candas365.es\\\/noticias\\\/oton-el-grande-ya-descansa-en-magdeburgo\\\/#webpage\",\"url\":\"https:\\\/\\\/candas365.es\\\/noticias\\\/oton-el-grande-ya-descansa-en-magdeburgo\\\/\",\"name\":\"Ot\\u00f3n el Grande ya descansa en Magdeburgo | Cand\\u00e1s 365\",\"description\":\"Magdeburgo (Alemania), 1 sep (dpa) - El emperador Ot\\u00f3n el Grande (912-973) fue sepultado hoy de manera solemne en la catedral de la ciudad alemana de Magdeburgo\",\"inLanguage\":\"es-ES\",\"isPartOf\":{\"@id\":\"https:\\\/\\\/candas365.es\\\/noticias\\\/#website\"},\"breadcrumb\":{\"@id\":\"https:\\\/\\\/candas365.es\\\/noticias\\\/oton-el-grande-ya-descansa-en-magdeburgo\\\/#breadcrumblist\"},\"author\":{\"@id\":\"https:\\\/\\\/candas365.es\\\/noticias\\\/author\\\/admin\\\/#author\"},\"creator\":{\"@id\":\"https:\\\/\\\/candas365.es\\\/noticias\\\/author\\\/admin\\\/#author\"},\"image\":{\"@type\":\"ImageObject\",\"url\":\"https:\\\/\\\/candas365.es\\\/noticias\\\/wp-content\\\/uploads\\\/2026\\\/09\\\/Oton-el-Grande-ya-descansa-en-Magdeburgo.jpg\",\"@id\":\"https:\\\/\\\/candas365.es\\\/noticias\\\/oton-el-grande-ya-descansa-en-magdeburgo\\\/#mainImage\",\"width\":1247,\"height\":824,\"caption\":\"Foto: Klaus-Dietmar Gabbert\\\/dpa\"},\"primaryImageOfPage\":{\"@id\":\"https:\\\/\\\/candas365.es\\\/noticias\\\/oton-el-grande-ya-descansa-en-magdeburgo\\\/#mainImage\"},\"datePublished\":\"2026-09-03T15:34:46+02:00\",\"dateModified\":\"2026-09-03T15:34:46+02:00\"},{\"@type\":\"WebSite\",\"@id\":\"https:\\\/\\\/candas365.es\\\/noticias\\\/#website\",\"url\":\"https:\\\/\\\/candas365.es\\\/noticias\\\/\",\"name\":\"Cand\\u00e1s 365\",\"alternateName\":\"Cand\\u00e1s 365 Noticias\",\"description\":\"Actualidad desde Carre\\u00f1o para el mundo\",\"inLanguage\":\"es-ES\",\"publisher\":{\"@id\":\"https:\\\/\\\/candas365.es\\\/noticias\\\/#organization\"}}]}\n\t\t<\/script>\n\t\t<!-- All in One SEO Pro -->\r\n\t\t<title>Ot\u00f3n el Grande ya descansa en Magdeburgo | Cand\u00e1s 365<\/title>\n\n","aioseo_head_json":{"title":"Ot\u00f3n el Grande ya descansa en Magdeburgo | Cand\u00e1s 365","description":"Magdeburgo (Alemania), 1 sep (dpa) - El emperador Ot\u00f3n el Grande (912-973) fue sepultado hoy de manera solemne en la catedral de la ciudad alemana de Magdeburgo","canonical_url":"https:\/\/candas365.es\/noticias\/oton-el-grande-ya-descansa-en-magdeburgo\/","robots":"max-image-preview:large","keywords":"internacional","webmasterTools":{"google-site-verification":"UA-32230408-1","msvalidate.01":"354F3CDFB2DA171B47FBE9ABF1F88D5","miscellaneous":""},"schema":{"@context":"https:\/\/schema.org","@graph":[{"@type":"BreadcrumbList","@id":"https:\/\/candas365.es\/noticias\/oton-el-grande-ya-descansa-en-magdeburgo\/#breadcrumblist","itemListElement":[{"@type":"ListItem","@id":"https:\/\/candas365.es\/noticias#listItem","position":1,"name":"Home","item":"https:\/\/candas365.es\/noticias","nextItem":{"@type":"ListItem","@id":"https:\/\/candas365.es\/noticias\/category\/internacional\/#listItem","name":"Internacional"}},{"@type":"ListItem","@id":"https:\/\/candas365.es\/noticias\/category\/internacional\/#listItem","position":2,"name":"Internacional","item":"https:\/\/candas365.es\/noticias\/category\/internacional\/","nextItem":{"@type":"ListItem","@id":"https:\/\/candas365.es\/noticias\/oton-el-grande-ya-descansa-en-magdeburgo\/#listItem","name":"Ot\u00f3n el Grande ya descansa en Magdeburgo"},"previousItem":{"@type":"ListItem","@id":"https:\/\/candas365.es\/noticias#listItem","name":"Home"}},{"@type":"ListItem","@id":"https:\/\/candas365.es\/noticias\/oton-el-grande-ya-descansa-en-magdeburgo\/#listItem","position":3,"name":"Ot\u00f3n el Grande ya descansa en Magdeburgo","previousItem":{"@type":"ListItem","@id":"https:\/\/candas365.es\/noticias\/category\/internacional\/#listItem","name":"Internacional"}}]},{"@type":"NewsArticle","@id":"https:\/\/candas365.es\/noticias\/oton-el-grande-ya-descansa-en-magdeburgo\/#newsarticle","name":"Ot\u00f3n el Grande ya descansa en Magdeburgo | Cand\u00e1s 365","headline":"Ot\u00f3n el Grande ya descansa en Magdeburgo","author":{"@id":"https:\/\/candas365.es\/noticias\/author\/admin\/#author"},"publisher":{"@id":"https:\/\/candas365.es\/noticias\/#organization"},"image":{"@type":"ImageObject","url":"https:\/\/candas365.es\/noticias\/wp-content\/uploads\/2026\/09\/Oton-el-Grande-ya-descansa-en-Magdeburgo.jpg","width":1247,"height":824,"caption":"Foto: Klaus-Dietmar Gabbert\/dpa"},"datePublished":"2026-09-03T15:34:46+02:00","dateModified":"2026-09-03T15:34:46+02:00","inLanguage":"es-ES","mainEntityOfPage":{"@id":"https:\/\/candas365.es\/noticias\/oton-el-grande-ya-descansa-en-magdeburgo\/#webpage"},"isPartOf":{"@id":"https:\/\/candas365.es\/noticias\/oton-el-grande-ya-descansa-en-magdeburgo\/#webpage"},"articleSection":"Internacional, Internacional","dateline":"Publicado el septiembre 3, 2026."},{"@type":"Organization","@id":"https:\/\/candas365.es\/noticias\/#organization","name":"Cand\u00e1s 365","description":"Cand\u00e1s 365 es un diario digital independiente, fundado en 2012, con base en Asturias. Informamos con rigor sobre actualidad, sociedad, cultura y ocio, con una mirada local y global.","url":"https:\/\/candas365.es\/noticias\/","email":"info@candas365.es","telephone":"+34652131393","foundingDate":"2012-06-10","logo":{"@type":"ImageObject","url":"https:\/\/candas365.es\/noticias\/wp-content\/uploads\/2024\/09\/Candas-365-Redes.jpg","@id":"https:\/\/candas365.es\/noticias\/oton-el-grande-ya-descansa-en-magdeburgo\/#organizationLogo","width":1152,"height":864,"caption":"Cand\u00e1s 365 Redes"},"image":{"@id":"https:\/\/candas365.es\/noticias\/oton-el-grande-ya-descansa-en-magdeburgo\/#organizationLogo"},"sameAs":["https:\/\/www.facebook.com\/Nachofdezber","https:\/\/x.com\/candas365","https:\/\/www.instagram.com\/nachofdezber\/","https:\/\/www.youtube.com\/channel\/UCZP-2wLEB9Rv6erhFmqVnvg"],"address":{"@id":"https:\/\/candas365.es\/noticias\/#postaladdress","@type":"PostalAddress","streetAddress":"san antonio 4, san antonio 4","postalCode":"33430","addressLocality":"Cand\u00e1s","addressRegion":"Asturias","addressCountry":"ES"}},{"@type":"Person","@id":"https:\/\/candas365.es\/noticias\/author\/admin\/#author","url":"https:\/\/candas365.es\/noticias\/author\/admin\/","name":"Cand\u00e1s 365","image":{"@type":"ImageObject","@id":"https:\/\/candas365.es\/noticias\/oton-el-grande-ya-descansa-en-magdeburgo\/#authorImage","url":"https:\/\/candas365.es\/noticias\/wp-content\/uploads\/2026\/07\/cropped-eyevuvEl_400x400-96x96.jpg","width":96,"height":96,"caption":"Cand\u00e1s 365"},"sameAs":["https:\/\/www.facebook.com\/Nachofdezber","https:\/\/x.com\/candas365","https:\/\/www.instagram.com\/nachofdezber\/","https:\/\/www.youtube.com\/channel\/UCZP-2wLEB9Rv6erhFmqVnvg"]},{"@type":"WebPage","@id":"https:\/\/candas365.es\/noticias\/oton-el-grande-ya-descansa-en-magdeburgo\/#webpage","url":"https:\/\/candas365.es\/noticias\/oton-el-grande-ya-descansa-en-magdeburgo\/","name":"Ot\u00f3n el Grande ya descansa en Magdeburgo | Cand\u00e1s 365","description":"Magdeburgo (Alemania), 1 sep (dpa) - El emperador Ot\u00f3n el Grande (912-973) fue sepultado hoy de manera solemne en la catedral de la ciudad alemana de Magdeburgo","inLanguage":"es-ES","isPartOf":{"@id":"https:\/\/candas365.es\/noticias\/#website"},"breadcrumb":{"@id":"https:\/\/candas365.es\/noticias\/oton-el-grande-ya-descansa-en-magdeburgo\/#breadcrumblist"},"author":{"@id":"https:\/\/candas365.es\/noticias\/author\/admin\/#author"},"creator":{"@id":"https:\/\/candas365.es\/noticias\/author\/admin\/#author"},"image":{"@type":"ImageObject","url":"https:\/\/candas365.es\/noticias\/wp-content\/uploads\/2026\/09\/Oton-el-Grande-ya-descansa-en-Magdeburgo.jpg","@id":"https:\/\/candas365.es\/noticias\/oton-el-grande-ya-descansa-en-magdeburgo\/#mainImage","width":1247,"height":824,"caption":"Foto: Klaus-Dietmar Gabbert\/dpa"},"primaryImageOfPage":{"@id":"https:\/\/candas365.es\/noticias\/oton-el-grande-ya-descansa-en-magdeburgo\/#mainImage"},"datePublished":"2026-09-03T15:34:46+02:00","dateModified":"2026-09-03T15:34:46+02:00"},{"@type":"WebSite","@id":"https:\/\/candas365.es\/noticias\/#website","url":"https:\/\/candas365.es\/noticias\/","name":"Cand\u00e1s 365","alternateName":"Cand\u00e1s 365 Noticias","description":"Actualidad desde Carre\u00f1o para el mundo","inLanguage":"es-ES","publisher":{"@id":"https:\/\/candas365.es\/noticias\/#organization"}}]},"og:locale":"es_ES","og:site_name":"Cand\u00e1s 365","og:type":"article","og:title":"Ot\u00f3n el Grande ya descansa en Magdeburgo \u2013 Cand\u00e1s 365","og:description":"Magdeburgo (Alemania), 1 sep (dpa) - El emperador Ot\u00f3n el Grande (912-973) fue sepultado hoy de manera solemne en la catedral de la ciudad alemana de Magdeburgo tras","og:url":"https:\/\/candas365.es\/noticias\/oton-el-grande-ya-descansa-en-magdeburgo\/","og:image":"https:\/\/candas365.es\/noticias\/wp-content\/uploads\/2026\/09\/Oton-el-Grande-ya-descansa-en-Magdeburgo.jpg","og:image:secure_url":"https:\/\/candas365.es\/noticias\/wp-content\/uploads\/2026\/09\/Oton-el-Grande-ya-descansa-en-Magdeburgo.jpg","og:image:width":1247,"og:image:height":824,"article:published_time":"2026-09-03T13:34:46+00:00","article:modified_time":"2026-09-03T13:34:46+00:00","article:publisher":"https:\/\/www.facebook.com\/Nachofdezber","article:author":"https:\/\/www.facebook.com\/Nachofdezber","twitter:card":"summary_large_image","twitter:site":"@candas365","twitter:title":"Ot\u00f3n el Grande ya descansa en Magdeburgo \u2013 Cand\u00e1s 365","twitter:description":"Magdeburgo (Alemania), 1 sep (dpa) - El emperador Ot\u00f3n el Grande (912-973) fue sepultado hoy de manera solemne en la catedral de la ciudad alemana de Magdeburgo tras","twitter:creator":"@candas365","twitter:image":"https:\/\/candas365.es\/noticias\/wp-content\/uploads\/2026\/09\/Oton-el-Grande-ya-descansa-en-Magdeburgo.jpg","twitter:label1":"Escrito por","twitter:data1":"Cand\u00e1s 365","twitter:label2":"Tiempo de lectura estimado","twitter:data2":"2 minutos"},"aioseo_meta_data":{"post_id":"197970","title":null,"description":"Magdeburgo (Alemania), 1 sep (dpa) - El emperador Ot\u00f3n el Grande (912-973) fue sepultado hoy de manera solemne en la catedral de la ciudad alemana de Magdeburgo","keywords":null,"keyphrases":{"focus":{"keyphrase":"Ot\u00f3n el Grande","score":0,"analysis":[]},"additional":[]},"primary_term":null,"canonical_url":null,"og_title":"#post_title #separator_sa #site_title","og_description":"Magdeburgo (Alemania), 1 sep (dpa) - El emperador Ot\u00f3n el Grande (912-973) fue sepultado hoy de manera solemne en la catedral de la ciudad alemana de Magdeburgo tras","og_object_type":"default","og_image_type":"default","og_image_url":null,"og_image_width":null,"og_image_height":null,"og_image_custom_url":null,"og_image_custom_fields":null,"og_video":"","og_custom_url":null,"og_article_section":null,"og_article_tags":null,"twitter_use_og":true,"twitter_card":"default","twitter_image_type":"default","twitter_image_url":null,"twitter_image_custom_url":null,"twitter_image_custom_fields":null,"twitter_title":null,"twitter_description":null,"schema":{"blockGraphs":[],"customGraphs":[],"default":{"data":{"Article":[],"Course":[],"Dataset":[],"FAQPage":[],"Movie":[],"Person":[],"Product":[],"ProductReview":[],"Car":[],"Recipe":[],"Service":[],"SoftwareApplication":[],"WebPage":[]},"graphName":"NewsArticle","isEnabled":true},"graphs":[]},"schema_type":"default","schema_type_options":null,"pillar_content":false,"robots_default":true,"robots_noindex":false,"robots_noarchive":false,"robots_nosnippet":false,"robots_nofollow":false,"robots_noimageindex":false,"robots_noodp":false,"robots_notranslate":false,"robots_max_snippet":"-1","robots_max_videopreview":"-1","robots_max_imagepreview":"large","priority":null,"frequency":"default","location":null,"local_seo":null,"seo_analyzer_scan_date":"2026-09-03 13:36:36","breadcrumb_settings":null,"limit_modified_date":false,"reviewed_by":"0","open_ai":null,"ai":{"faqs":[],"keyPoints":[],"schemas":[],"titles":[],"descriptions":[],"socialPosts":{"email":{"subject":"","preview":"","content":""},"linkedin":[],"twitter":[],"facebook":[],"instagram":[]}},"created":"2026-09-03 12:20:59","updated":"2026-09-03 14:21:44","focus_keyword":"Ot\u00f3n el Grande","additional_keywords":null,"truseo_locale":null},"aioseo_breadcrumb":"<div class=\"aioseo-breadcrumbs\"><span class=\"aioseo-breadcrumb\">\n\t<a href=\"https:\/\/candas365.es\/noticias\" title=\"Home\">Home<\/a>\n<\/span><span class=\"aioseo-breadcrumb-separator\">&ndash;<\/span><span class=\"aioseo-breadcrumb\">\n\t<a href=\"https:\/\/candas365.es\/noticias\/category\/internacional\/\" title=\"Internacional\">Internacional<\/a>\n<\/span><span class=\"aioseo-breadcrumb-separator\">&ndash;<\/span><span class=\"aioseo-breadcrumb\">\n\tOt\u00f3n el Grande ya descansa en Magdeburgo\n<\/span><\/div>","aioseo_breadcrumb_json":[{"label":"Home","link":"https:\/\/candas365.es\/noticias"},{"label":"Internacional","link":"https:\/\/candas365.es\/noticias\/category\/internacional\/"},{"label":"Ot\u00f3n el Grande ya descansa en Magdeburgo","link":"https:\/\/candas365.es\/noticias\/oton-el-grande-ya-descansa-en-magdeburgo\/"}],"_links":{"self":[{"href":"https:\/\/candas365.es\/noticias\/wp-json\/wp\/v2\/posts\/197970","targetHints":{"allow":["GET"]}}],"collection":[{"href":"https:\/\/candas365.es\/noticias\/wp-json\/wp\/v2\/posts"}],"about":[{"href":"https:\/\/candas365.es\/noticias\/wp-json\/wp\/v2\/types\/post"}],"author":[{"embeddable":true,"href":"https:\/\/candas365.es\/noticias\/wp-json\/wp\/v2\/users\/1"}],"replies":[{"embeddable":true,"href":"https:\/\/candas365.es\/noticias\/wp-json\/wp\/v2\/comments?post=197970"}],"version-history":[{"count":1,"href":"https:\/\/candas365.es\/noticias\/wp-json\/wp\/v2\/posts\/197970\/revisions"}],"predecessor-version":[{"id":197972,"href":"https:\/\/candas365.es\/noticias\/wp-json\/wp\/v2\/posts\/197970\/revisions\/197972"}],"wp:featuredmedia":[{"embeddable":true,"href":"https:\/\/candas365.es\/noticias\/wp-json\/wp\/v2\/media\/197971"}],"wp:attachment":[{"href":"https:\/\/candas365.es\/noticias\/wp-json\/wp\/v2\/media?parent=197970"}],"wp:term":[{"taxonomy":"category","embeddable":true,"href":"https:\/\/candas365.es\/noticias\/wp-json\/wp\/v2\/categories?post=197970"},{"taxonomy":"post_tag","embeddable":true,"href":"https:\/\/candas365.es\/noticias\/wp-json\/wp\/v2\/tags?post=197970"}],"curies":[{"name":"wp","href":"https:\/\/api.w.org\/{rel}","templated":true}]}}