{"id":197966,"date":"2026-09-03T10:44:15","date_gmt":"2026-09-03T08:44:15","guid":{"rendered":"https:\/\/candas365.es\/noticias\/?p=197966"},"modified":"2026-09-03T10:44:15","modified_gmt":"2026-09-03T08:44:15","slug":"el-problema-de-la-vivienda-en-europa","status":"publish","type":"post","link":"https:\/\/candas365.es\/noticias\/el-problema-de-la-vivienda-en-europa\/","title":{"rendered":"El problema de la vivienda en Europa"},"content":{"rendered":"<p>El <span style=\"color: #ff6600;\"><a style=\"color: #ff6600;\" href=\"https:\/\/candas365.es\/noticias\/category\/internacional\/\"><strong>problema de la vivienda en Europa<\/strong><\/a><\/span> es tema de conversaci\u00f3n y noticia. Muchos europeos no pueden pagar un alquiler, seg\u00fan una investigaci\u00f3n publicada hoy.<\/p>\n<figure id=\"attachment_197967\" aria-describedby=\"caption-attachment-197967\" style=\"width: 650px\" class=\"wp-caption aligncenter\"><img fetchpriority=\"high\" decoding=\"async\" class=\"size-large wp-image-197967\" src=\"https:\/\/candas365.es\/noticias\/wp-content\/uploads\/2026\/09\/El-problema-de-la-vivienda-en-Europa--650x435.jpg\" alt=\"El problema de la vivienda en Europa \" width=\"650\" height=\"435\" srcset=\"https:\/\/candas365.es\/noticias\/wp-content\/uploads\/2026\/09\/El-problema-de-la-vivienda-en-Europa--650x435.jpg 650w, https:\/\/candas365.es\/noticias\/wp-content\/uploads\/2026\/09\/El-problema-de-la-vivienda-en-Europa--360x241.jpg 360w, https:\/\/candas365.es\/noticias\/wp-content\/uploads\/2026\/09\/El-problema-de-la-vivienda-en-Europa--768x514.jpg 768w, https:\/\/candas365.es\/noticias\/wp-content\/uploads\/2026\/09\/El-problema-de-la-vivienda-en-Europa--150x100.jpg 150w, https:\/\/candas365.es\/noticias\/wp-content\/uploads\/2026\/09\/El-problema-de-la-vivienda-en-Europa--450x301.jpg 450w, https:\/\/candas365.es\/noticias\/wp-content\/uploads\/2026\/09\/El-problema-de-la-vivienda-en-Europa--1200x803.jpg 1200w, https:\/\/candas365.es\/noticias\/wp-content\/uploads\/2026\/09\/El-problema-de-la-vivienda-en-Europa-.jpg 1242w\" sizes=\"(max-width: 650px) 100vw, 650px\" \/><figcaption id=\"caption-attachment-197967\" class=\"wp-caption-text\">Foto: 123rf.com<\/figcaption><\/figure>\n<p>Casi la mitad de las personas con ingresos medios que viven en Europa solo pueden permitirse comprar el equivalente a un apartamento de una habitaci\u00f3n o un estudio, mientras que un 39% de los europeos ni siquiera pueden permitirse alquilar una propiedad de este tama\u00f1o, seg\u00fan un estudio basado en m\u00e1s de 22 millones de anuncios inmobiliarios.<\/p>\n<p>La investigaci\u00f3n, publicada este jueves en la revista especializada \u2018Journal of Maps\u2019. expone la creciente crisis en materia de vivienda asequible, con las zonas densamente pobladas, como los pueblos y las ciudades como las m\u00e1s afectadas.<\/p>\n<p>Investigadores de la Universidad T\u00e9cnica de Viena (Austria) utilizaron datos inmobiliarios y financieros de m\u00e1s de 30 pa\u00edses europeos para identificar zonas cr\u00edticas donde algunas viviendas est\u00e1n fuera del alcance de la mayor\u00eda de las personas con ingresos medios. Las \u00e1reas cercanas a Par\u00eds, Berl\u00edn y Madrid se encuentran entre las zonas urbanas m\u00e1s afectadas por la crisis de asequibilidad de la vivienda.<\/p>\n<p>Los resultados muestran que un 44% de la poblaci\u00f3n urbana de Europa vive en una ciudad donde menos de 50 metros cuadrados (el tama\u00f1o de un peque\u00f1o apartamento de una habitaci\u00f3n o un estudio) son asequibles con un ingreso promedio.<\/p>\n<p>Otro hallazgo clave es que m\u00e1s del 70% de la poblaci\u00f3n europea vive en regiones donde una hipoteca a 30 a\u00f1os solo permite adquirir hasta 75 metros cuadrados, nuevamente bas\u00e1ndose en un ingreso promedio.<\/p>\n<h2>ZONAS TUR\u00cdSTICAS<\/h2>\n<p>Los mapas tambi\u00e9n revelan que las zonas tur\u00edsticas se ven afectadas, ya que los propietarios de segundas residencias y los inquilinos a corto plazo est\u00e1n encareciendo el mercado inmobiliario, expulsando a los residentes locales.<\/p>\n<p>\u201cNuestro estudio revela focos de inaccesibilidad muy marcados\u201d, afirma Franziska Sielker, profesora de Investigaci\u00f3n Urbana y Regional en el Instituto de Planificaci\u00f3n Espacial de la Universidad T\u00e9cnica de Viena.<\/p>\n<p>Esto apunta a una grave crisis de asequibilidad de la vivienda en ciernes, que ya afecta de manera desproporcionada a quienes se incorporan al mercado inmobiliario, as\u00ed como a las personas que cambian de residencia con frecuencia, por motivos personales o profesionales.<\/p>\n<p>Este es el caso en las regiones capitalinas, los principales centros urbanos, las zonas costeras y las \u00e1reas alpinas con alta actividad tur\u00edstica, adem\u00e1s de la gran escasez de oferta de viviendas de alquiler en las zonas rurales.<\/p>\n<p>Los mapas ponen de manifiesto una crisis de asequibilidad emergente, sobre todo si se tiene en cuenta la mayor densidad de poblaci\u00f3n en las regiones menos asequibles.<\/p>\n<p>La vivienda asequible es un problema que afecta a muchos pa\u00edses del mundo. En Europa, la evidencia sugiere que los precios de la vivienda han aumentado m\u00e1s r\u00e1pido que los ingresos durante m\u00e1s de una d\u00e9cada.<\/p>\n<h2>MAPAS<\/h2>\n<p>Para este estudio, los autores se propusieron determinar cu\u00e1ntos metros cuadrados pueden ser asequibles con un ingreso regional promedio.<\/p>\n<p>Los autores basaron su investigaci\u00f3n en 22 millones de anuncios de propiedades recopilados por el proyecto Espon House4ALL en 30 pa\u00edses. Calcularon la superficie habitable asequible en funci\u00f3n de los ingresos regionales promedio.<\/p>\n<p>Posteriormente, los datos se utilizaron para crear mapas que mostraban la distribuci\u00f3n geogr\u00e1fica de la asequibilidad de la vivienda a nivel municipal. Los mapas inclu\u00edan viviendas en propiedad y en alquiler, y los autores analizaron la relaci\u00f3n entre el tama\u00f1o de las propiedades y el precio de venta.<\/p>\n<p>Los resultados mostraron que existen problemas de asequibilidad en casi todos los pa\u00edses analizados. Sin embargo, algunos presentan una amplia gama de niveles de asequibilidad, mientras que la vivienda sigue estando fuera del alcance tanto de los compradores reci\u00e9n llegados como de los inquilinos con ingresos medios.<\/p>\n<p>Portugal, Polonia y Pa\u00edses Bajos se encuentran entre los pa\u00edses que el estudio identific\u00f3 como altamente inaccesibles.<\/p>\n<h1>CENTROS URBANOS<\/h1>\n<p>Los centros urbanos son los que m\u00e1s sufren las consecuencias de los elevados precios de la vivienda en relaci\u00f3n con los ingresos. Esto ocurre a pesar de que los niveles de ingresos son m\u00e1s altos que en las zonas rurales y genera lo que los autores describen como \u00abefectos indirectos claramente visibles\u00bb en las regiones vecinas.<\/p>\n<p>Por lo tanto, los investigadores afirman que las regiones metropolitanas son las que necesitan soluciones de pol\u00edtica de vivienda con mayor urgencia.<\/p>\n<p>\u201cLa mayor parte de la poblaci\u00f3n subestima la gravedad del problema. Es importante destacar que tiene dos vertientes: la econ\u00f3mica y la econ\u00f3mica. Para cerrar la brecha, es fundamental tener en cuenta ambas\u201d, a\u00f1ade Selim Banabak, coautor del estudio y profesor asistente en la Universidad T\u00e9cnica de Viena.<\/p>\n<p>El estudio tambi\u00e9n revela que la vivienda en zonas tur\u00edsticas populares, como las regiones costeras y monta\u00f1osas, es menos asequible que en otras \u00e1reas. Los investigadores sugieren que una opci\u00f3n pol\u00edtica en estas regiones ser\u00eda intervenir en los mercados de alquileres a corto plazo y de segundas residencias.<\/p>\n<p>(<a href=\"https:\/\/www.servimedia.es\/\" target=\"_blank\" rel=\"noopener\"><span style=\"color: #ff6600;\"><strong>SERVIMEDIA<\/strong><\/span><\/a>)<\/p>\n","protected":false},"excerpt":{"rendered":"<p>El problema de la vivienda en Europa es tema de conversaci\u00f3n y noticia. Muchos europeos no pueden pagar un alquiler, seg\u00fan una investigaci\u00f3n publicada hoy. Casi la mitad de las personas con ingresos medios que viven en Europa solo pueden permitirse comprar el equivalente a un apartamento de una habitaci\u00f3n o un estudio, mientras que<\/p>\n","protected":false},"author":1,"featured_media":197967,"comment_status":"closed","ping_status":"closed","sticky":false,"template":"","format":"standard","meta":{"footnotes":""},"categories":[316,485],"tags":[418],"class_list":["post-197966","post","type-post","status-publish","format-standard","has-post-thumbnail","category-destacadas","category-internacional","tag-internacional"],"aioseo_notices":[],"aioseo_head":"\n\t\t<!-- All in One SEO Pro 5.0.1.1 - aioseo.com -->\n\t<meta name=\"description\" content=\"El problema de la vivienda en Europa es tema de conversaci\u00f3n y noticia. Muchos europeos no pueden pagar un alquiler, seg\u00fan una investigaci\u00f3n publicada hoy.\" \/>\n\t<meta name=\"robots\" content=\"max-image-preview:large\" \/>\n\t<meta name=\"author\" content=\"Cand\u00e1s 365\"\/>\n\t<meta name=\"google-site-verification\" content=\"UA-32230408-1\" \/>\n\t<meta name=\"msvalidate.01\" content=\"354F3CDFB2DA171B47FBE9ABF1F88D5\" \/>\n\t<meta name=\"keywords\" content=\"destacadas,internacional\" \/>\n\t<link rel=\"canonical\" href=\"https:\/\/candas365.es\/noticias\/el-problema-de-la-vivienda-en-europa\/\" \/>\n\t<meta name=\"generator\" content=\"All in One SEO Pro (AIOSEO) 5.0.1.1\" \/>\n\t\t<meta property=\"og:locale\" content=\"es_ES\" \/>\n\t\t<meta property=\"og:site_name\" content=\"Cand\u00e1s 365\" \/>\n\t\t<meta property=\"og:type\" content=\"article\" \/>\n\t\t<meta property=\"og:title\" content=\"El problema de la vivienda en Europa \u2013 Cand\u00e1s 365\" \/>\n\t\t<meta property=\"og:description\" content=\"El problema de la vivienda en Europa es tema de conversaci\u00f3n y noticia. Muchos europeos no pueden pagar un alquiler, seg\u00fan una investigaci\u00f3n publicada hoy.\" \/>\n\t\t<meta property=\"og:url\" content=\"https:\/\/candas365.es\/noticias\/el-problema-de-la-vivienda-en-europa\/\" \/>\n\t\t<meta property=\"og:image\" content=\"https:\/\/candas365.es\/noticias\/wp-content\/uploads\/2026\/09\/El-problema-de-la-vivienda-en-Europa-.jpg\" \/>\n\t\t<meta property=\"og:image:secure_url\" content=\"https:\/\/candas365.es\/noticias\/wp-content\/uploads\/2026\/09\/El-problema-de-la-vivienda-en-Europa-.jpg\" \/>\n\t\t<meta property=\"og:image:width\" content=\"1242\" \/>\n\t\t<meta property=\"og:image:height\" content=\"831\" \/>\n\t\t<meta property=\"article:published_time\" content=\"2026-09-03T08:44:15+00:00\" \/>\n\t\t<meta property=\"article:modified_time\" content=\"2026-09-03T08:44:15+00:00\" \/>\n\t\t<meta property=\"article:publisher\" content=\"https:\/\/www.facebook.com\/Nachofdezber\" \/>\n\t\t<meta property=\"article:author\" content=\"https:\/\/www.facebook.com\/Nachofdezber\" \/>\n\t\t<meta name=\"twitter:card\" content=\"summary_large_image\" \/>\n\t\t<meta name=\"twitter:site\" content=\"@candas365\" \/>\n\t\t<meta name=\"twitter:title\" content=\"El problema de la vivienda en Europa \u2013 Cand\u00e1s 365\" \/>\n\t\t<meta name=\"twitter:description\" content=\"El problema de la vivienda en Europa es tema de conversaci\u00f3n y noticia. Muchos europeos no pueden pagar un alquiler, seg\u00fan una investigaci\u00f3n publicada hoy.\" \/>\n\t\t<meta name=\"twitter:creator\" content=\"@candas365\" \/>\n\t\t<meta name=\"twitter:image\" content=\"https:\/\/candas365.es\/noticias\/wp-content\/uploads\/2026\/09\/El-problema-de-la-vivienda-en-Europa-.jpg\" \/>\n\t\t<meta name=\"twitter:label1\" content=\"Escrito por\" \/>\n\t\t<meta name=\"twitter:data1\" content=\"Cand\u00e1s 365\" \/>\n\t\t<meta name=\"twitter:label2\" content=\"Tiempo de lectura estimado\" \/>\n\t\t<meta name=\"twitter:data2\" content=\"4 minutos\" \/>\n\t\t<script type=\"application\/ld+json\" class=\"aioseo-schema\">\n\t\t\t{\"@context\":\"https:\\\/\\\/schema.org\",\"@graph\":[{\"@type\":\"BreadcrumbList\",\"@id\":\"https:\\\/\\\/candas365.es\\\/noticias\\\/el-problema-de-la-vivienda-en-europa\\\/#breadcrumblist\",\"itemListElement\":[{\"@type\":\"ListItem\",\"@id\":\"https:\\\/\\\/candas365.es\\\/noticias#listItem\",\"position\":1,\"name\":\"Home\",\"item\":\"https:\\\/\\\/candas365.es\\\/noticias\",\"nextItem\":{\"@type\":\"ListItem\",\"@id\":\"https:\\\/\\\/candas365.es\\\/noticias\\\/category\\\/destacadas\\\/#listItem\",\"name\":\"Destacadas\"}},{\"@type\":\"ListItem\",\"@id\":\"https:\\\/\\\/candas365.es\\\/noticias\\\/category\\\/destacadas\\\/#listItem\",\"position\":2,\"name\":\"Destacadas\",\"item\":\"https:\\\/\\\/candas365.es\\\/noticias\\\/category\\\/destacadas\\\/\",\"nextItem\":{\"@type\":\"ListItem\",\"@id\":\"https:\\\/\\\/candas365.es\\\/noticias\\\/el-problema-de-la-vivienda-en-europa\\\/#listItem\",\"name\":\"El problema de la vivienda en Europa\"},\"previousItem\":{\"@type\":\"ListItem\",\"@id\":\"https:\\\/\\\/candas365.es\\\/noticias#listItem\",\"name\":\"Home\"}},{\"@type\":\"ListItem\",\"@id\":\"https:\\\/\\\/candas365.es\\\/noticias\\\/el-problema-de-la-vivienda-en-europa\\\/#listItem\",\"position\":3,\"name\":\"El problema de la vivienda en Europa\",\"previousItem\":{\"@type\":\"ListItem\",\"@id\":\"https:\\\/\\\/candas365.es\\\/noticias\\\/category\\\/destacadas\\\/#listItem\",\"name\":\"Destacadas\"}}]},{\"@type\":\"NewsArticle\",\"@id\":\"https:\\\/\\\/candas365.es\\\/noticias\\\/el-problema-de-la-vivienda-en-europa\\\/#newsarticle\",\"name\":\"El problema de la vivienda en Europa | Cand\\u00e1s 365\",\"headline\":\"El problema de la vivienda en Europa\",\"author\":{\"@id\":\"https:\\\/\\\/candas365.es\\\/noticias\\\/author\\\/admin\\\/#author\"},\"publisher\":{\"@id\":\"https:\\\/\\\/candas365.es\\\/noticias\\\/#organization\"},\"image\":{\"@type\":\"ImageObject\",\"url\":\"https:\\\/\\\/candas365.es\\\/noticias\\\/wp-content\\\/uploads\\\/2026\\\/09\\\/El-problema-de-la-vivienda-en-Europa-.jpg\",\"width\":1242,\"height\":831,\"caption\":\"Foto: 123rf.com\"},\"datePublished\":\"2026-09-03T10:44:15+02:00\",\"dateModified\":\"2026-09-03T10:44:15+02:00\",\"inLanguage\":\"es-ES\",\"mainEntityOfPage\":{\"@id\":\"https:\\\/\\\/candas365.es\\\/noticias\\\/el-problema-de-la-vivienda-en-europa\\\/#webpage\"},\"isPartOf\":{\"@id\":\"https:\\\/\\\/candas365.es\\\/noticias\\\/el-problema-de-la-vivienda-en-europa\\\/#webpage\"},\"articleSection\":\"Destacadas, Internacional, Internacional\",\"dateline\":\"Publicado el septiembre 3, 2026.\"},{\"@type\":\"Organization\",\"@id\":\"https:\\\/\\\/candas365.es\\\/noticias\\\/#organization\",\"name\":\"Cand\\u00e1s 365\",\"description\":\"Cand\\u00e1s 365 es un diario digital independiente, fundado en 2012, con base en Asturias. Informamos con rigor sobre actualidad, sociedad, cultura y ocio, con una mirada local y global.\",\"url\":\"https:\\\/\\\/candas365.es\\\/noticias\\\/\",\"email\":\"info@candas365.es\",\"telephone\":\"+34652131393\",\"foundingDate\":\"2012-06-10\",\"logo\":{\"@type\":\"ImageObject\",\"url\":\"https:\\\/\\\/candas365.es\\\/noticias\\\/wp-content\\\/uploads\\\/2024\\\/09\\\/Candas-365-Redes.jpg\",\"@id\":\"https:\\\/\\\/candas365.es\\\/noticias\\\/el-problema-de-la-vivienda-en-europa\\\/#organizationLogo\",\"width\":1152,\"height\":864,\"caption\":\"Cand\\u00e1s 365 Redes\"},\"image\":{\"@id\":\"https:\\\/\\\/candas365.es\\\/noticias\\\/el-problema-de-la-vivienda-en-europa\\\/#organizationLogo\"},\"sameAs\":[\"https:\\\/\\\/www.facebook.com\\\/Nachofdezber\",\"https:\\\/\\\/x.com\\\/candas365\",\"https:\\\/\\\/www.instagram.com\\\/nachofdezber\\\/\",\"https:\\\/\\\/www.youtube.com\\\/channel\\\/UCZP-2wLEB9Rv6erhFmqVnvg\"],\"address\":{\"@id\":\"https:\\\/\\\/candas365.es\\\/noticias\\\/#postaladdress\",\"@type\":\"PostalAddress\",\"streetAddress\":\"san antonio 4, san antonio 4\",\"postalCode\":\"33430\",\"addressLocality\":\"Cand\\u00e1s\",\"addressRegion\":\"Asturias\",\"addressCountry\":\"ES\"}},{\"@type\":\"Person\",\"@id\":\"https:\\\/\\\/candas365.es\\\/noticias\\\/author\\\/admin\\\/#author\",\"url\":\"https:\\\/\\\/candas365.es\\\/noticias\\\/author\\\/admin\\\/\",\"name\":\"Cand\\u00e1s 365\",\"image\":{\"@type\":\"ImageObject\",\"@id\":\"https:\\\/\\\/candas365.es\\\/noticias\\\/el-problema-de-la-vivienda-en-europa\\\/#authorImage\",\"url\":\"https:\\\/\\\/candas365.es\\\/noticias\\\/wp-content\\\/uploads\\\/2026\\\/07\\\/cropped-eyevuvEl_400x400-96x96.jpg\",\"width\":96,\"height\":96,\"caption\":\"Cand\\u00e1s 365\"},\"sameAs\":[\"https:\\\/\\\/www.facebook.com\\\/Nachofdezber\",\"https:\\\/\\\/x.com\\\/candas365\",\"https:\\\/\\\/www.instagram.com\\\/nachofdezber\\\/\",\"https:\\\/\\\/www.youtube.com\\\/channel\\\/UCZP-2wLEB9Rv6erhFmqVnvg\"]},{\"@type\":\"WebPage\",\"@id\":\"https:\\\/\\\/candas365.es\\\/noticias\\\/el-problema-de-la-vivienda-en-europa\\\/#webpage\",\"url\":\"https:\\\/\\\/candas365.es\\\/noticias\\\/el-problema-de-la-vivienda-en-europa\\\/\",\"name\":\"El problema de la vivienda en Europa | Cand\\u00e1s 365\",\"description\":\"El problema de la vivienda en Europa es tema de conversaci\\u00f3n y noticia. Muchos europeos no pueden pagar un alquiler, seg\\u00fan una investigaci\\u00f3n publicada hoy.\",\"inLanguage\":\"es-ES\",\"isPartOf\":{\"@id\":\"https:\\\/\\\/candas365.es\\\/noticias\\\/#website\"},\"breadcrumb\":{\"@id\":\"https:\\\/\\\/candas365.es\\\/noticias\\\/el-problema-de-la-vivienda-en-europa\\\/#breadcrumblist\"},\"author\":{\"@id\":\"https:\\\/\\\/candas365.es\\\/noticias\\\/author\\\/admin\\\/#author\"},\"creator\":{\"@id\":\"https:\\\/\\\/candas365.es\\\/noticias\\\/author\\\/admin\\\/#author\"},\"image\":{\"@type\":\"ImageObject\",\"url\":\"https:\\\/\\\/candas365.es\\\/noticias\\\/wp-content\\\/uploads\\\/2026\\\/09\\\/El-problema-de-la-vivienda-en-Europa-.jpg\",\"@id\":\"https:\\\/\\\/candas365.es\\\/noticias\\\/el-problema-de-la-vivienda-en-europa\\\/#mainImage\",\"width\":1242,\"height\":831,\"caption\":\"Foto: 123rf.com\"},\"primaryImageOfPage\":{\"@id\":\"https:\\\/\\\/candas365.es\\\/noticias\\\/el-problema-de-la-vivienda-en-europa\\\/#mainImage\"},\"datePublished\":\"2026-09-03T10:44:15+02:00\",\"dateModified\":\"2026-09-03T10:44:15+02:00\"},{\"@type\":\"WebSite\",\"@id\":\"https:\\\/\\\/candas365.es\\\/noticias\\\/#website\",\"url\":\"https:\\\/\\\/candas365.es\\\/noticias\\\/\",\"name\":\"Cand\\u00e1s 365\",\"alternateName\":\"Cand\\u00e1s 365 Noticias\",\"description\":\"Actualidad desde Carre\\u00f1o para el mundo\",\"inLanguage\":\"es-ES\",\"publisher\":{\"@id\":\"https:\\\/\\\/candas365.es\\\/noticias\\\/#organization\"}}]}\n\t\t<\/script>\n\t\t<!-- All in One SEO Pro -->\r\n\t\t<title>El problema de la vivienda en Europa | Cand\u00e1s 365<\/title>\n\n","aioseo_head_json":{"title":"El problema de la vivienda en Europa | Cand\u00e1s 365","description":"El problema de la vivienda en Europa es tema de conversaci\u00f3n y noticia. Muchos europeos no pueden pagar un alquiler, seg\u00fan una investigaci\u00f3n publicada hoy.","canonical_url":"https:\/\/candas365.es\/noticias\/el-problema-de-la-vivienda-en-europa\/","robots":"max-image-preview:large","keywords":"destacadas,internacional","webmasterTools":{"google-site-verification":"UA-32230408-1","msvalidate.01":"354F3CDFB2DA171B47FBE9ABF1F88D5","miscellaneous":""},"schema":{"@context":"https:\/\/schema.org","@graph":[{"@type":"BreadcrumbList","@id":"https:\/\/candas365.es\/noticias\/el-problema-de-la-vivienda-en-europa\/#breadcrumblist","itemListElement":[{"@type":"ListItem","@id":"https:\/\/candas365.es\/noticias#listItem","position":1,"name":"Home","item":"https:\/\/candas365.es\/noticias","nextItem":{"@type":"ListItem","@id":"https:\/\/candas365.es\/noticias\/category\/destacadas\/#listItem","name":"Destacadas"}},{"@type":"ListItem","@id":"https:\/\/candas365.es\/noticias\/category\/destacadas\/#listItem","position":2,"name":"Destacadas","item":"https:\/\/candas365.es\/noticias\/category\/destacadas\/","nextItem":{"@type":"ListItem","@id":"https:\/\/candas365.es\/noticias\/el-problema-de-la-vivienda-en-europa\/#listItem","name":"El problema de la vivienda en Europa"},"previousItem":{"@type":"ListItem","@id":"https:\/\/candas365.es\/noticias#listItem","name":"Home"}},{"@type":"ListItem","@id":"https:\/\/candas365.es\/noticias\/el-problema-de-la-vivienda-en-europa\/#listItem","position":3,"name":"El problema de la vivienda en Europa","previousItem":{"@type":"ListItem","@id":"https:\/\/candas365.es\/noticias\/category\/destacadas\/#listItem","name":"Destacadas"}}]},{"@type":"NewsArticle","@id":"https:\/\/candas365.es\/noticias\/el-problema-de-la-vivienda-en-europa\/#newsarticle","name":"El problema de la vivienda en Europa | Cand\u00e1s 365","headline":"El problema de la vivienda en Europa","author":{"@id":"https:\/\/candas365.es\/noticias\/author\/admin\/#author"},"publisher":{"@id":"https:\/\/candas365.es\/noticias\/#organization"},"image":{"@type":"ImageObject","url":"https:\/\/candas365.es\/noticias\/wp-content\/uploads\/2026\/09\/El-problema-de-la-vivienda-en-Europa-.jpg","width":1242,"height":831,"caption":"Foto: 123rf.com"},"datePublished":"2026-09-03T10:44:15+02:00","dateModified":"2026-09-03T10:44:15+02:00","inLanguage":"es-ES","mainEntityOfPage":{"@id":"https:\/\/candas365.es\/noticias\/el-problema-de-la-vivienda-en-europa\/#webpage"},"isPartOf":{"@id":"https:\/\/candas365.es\/noticias\/el-problema-de-la-vivienda-en-europa\/#webpage"},"articleSection":"Destacadas, Internacional, Internacional","dateline":"Publicado el septiembre 3, 2026."},{"@type":"Organization","@id":"https:\/\/candas365.es\/noticias\/#organization","name":"Cand\u00e1s 365","description":"Cand\u00e1s 365 es un diario digital independiente, fundado en 2012, con base en Asturias. Informamos con rigor sobre actualidad, sociedad, cultura y ocio, con una mirada local y global.","url":"https:\/\/candas365.es\/noticias\/","email":"info@candas365.es","telephone":"+34652131393","foundingDate":"2012-06-10","logo":{"@type":"ImageObject","url":"https:\/\/candas365.es\/noticias\/wp-content\/uploads\/2024\/09\/Candas-365-Redes.jpg","@id":"https:\/\/candas365.es\/noticias\/el-problema-de-la-vivienda-en-europa\/#organizationLogo","width":1152,"height":864,"caption":"Cand\u00e1s 365 Redes"},"image":{"@id":"https:\/\/candas365.es\/noticias\/el-problema-de-la-vivienda-en-europa\/#organizationLogo"},"sameAs":["https:\/\/www.facebook.com\/Nachofdezber","https:\/\/x.com\/candas365","https:\/\/www.instagram.com\/nachofdezber\/","https:\/\/www.youtube.com\/channel\/UCZP-2wLEB9Rv6erhFmqVnvg"],"address":{"@id":"https:\/\/candas365.es\/noticias\/#postaladdress","@type":"PostalAddress","streetAddress":"san antonio 4, san antonio 4","postalCode":"33430","addressLocality":"Cand\u00e1s","addressRegion":"Asturias","addressCountry":"ES"}},{"@type":"Person","@id":"https:\/\/candas365.es\/noticias\/author\/admin\/#author","url":"https:\/\/candas365.es\/noticias\/author\/admin\/","name":"Cand\u00e1s 365","image":{"@type":"ImageObject","@id":"https:\/\/candas365.es\/noticias\/el-problema-de-la-vivienda-en-europa\/#authorImage","url":"https:\/\/candas365.es\/noticias\/wp-content\/uploads\/2026\/07\/cropped-eyevuvEl_400x400-96x96.jpg","width":96,"height":96,"caption":"Cand\u00e1s 365"},"sameAs":["https:\/\/www.facebook.com\/Nachofdezber","https:\/\/x.com\/candas365","https:\/\/www.instagram.com\/nachofdezber\/","https:\/\/www.youtube.com\/channel\/UCZP-2wLEB9Rv6erhFmqVnvg"]},{"@type":"WebPage","@id":"https:\/\/candas365.es\/noticias\/el-problema-de-la-vivienda-en-europa\/#webpage","url":"https:\/\/candas365.es\/noticias\/el-problema-de-la-vivienda-en-europa\/","name":"El problema de la vivienda en Europa | Cand\u00e1s 365","description":"El problema de la vivienda en Europa es tema de conversaci\u00f3n y noticia. Muchos europeos no pueden pagar un alquiler, seg\u00fan una investigaci\u00f3n publicada hoy.","inLanguage":"es-ES","isPartOf":{"@id":"https:\/\/candas365.es\/noticias\/#website"},"breadcrumb":{"@id":"https:\/\/candas365.es\/noticias\/el-problema-de-la-vivienda-en-europa\/#breadcrumblist"},"author":{"@id":"https:\/\/candas365.es\/noticias\/author\/admin\/#author"},"creator":{"@id":"https:\/\/candas365.es\/noticias\/author\/admin\/#author"},"image":{"@type":"ImageObject","url":"https:\/\/candas365.es\/noticias\/wp-content\/uploads\/2026\/09\/El-problema-de-la-vivienda-en-Europa-.jpg","@id":"https:\/\/candas365.es\/noticias\/el-problema-de-la-vivienda-en-europa\/#mainImage","width":1242,"height":831,"caption":"Foto: 123rf.com"},"primaryImageOfPage":{"@id":"https:\/\/candas365.es\/noticias\/el-problema-de-la-vivienda-en-europa\/#mainImage"},"datePublished":"2026-09-03T10:44:15+02:00","dateModified":"2026-09-03T10:44:15+02:00"},{"@type":"WebSite","@id":"https:\/\/candas365.es\/noticias\/#website","url":"https:\/\/candas365.es\/noticias\/","name":"Cand\u00e1s 365","alternateName":"Cand\u00e1s 365 Noticias","description":"Actualidad desde Carre\u00f1o para el mundo","inLanguage":"es-ES","publisher":{"@id":"https:\/\/candas365.es\/noticias\/#organization"}}]},"og:locale":"es_ES","og:site_name":"Cand\u00e1s 365","og:type":"article","og:title":"El problema de la vivienda en Europa \u2013 Cand\u00e1s 365","og:description":"El problema de la vivienda en Europa es tema de conversaci\u00f3n y noticia. Muchos europeos no pueden pagar un alquiler, seg\u00fan una investigaci\u00f3n publicada hoy.","og:url":"https:\/\/candas365.es\/noticias\/el-problema-de-la-vivienda-en-europa\/","og:image":"https:\/\/candas365.es\/noticias\/wp-content\/uploads\/2026\/09\/El-problema-de-la-vivienda-en-Europa-.jpg","og:image:secure_url":"https:\/\/candas365.es\/noticias\/wp-content\/uploads\/2026\/09\/El-problema-de-la-vivienda-en-Europa-.jpg","og:image:width":1242,"og:image:height":831,"article:published_time":"2026-09-03T08:44:15+00:00","article:modified_time":"2026-09-03T08:44:15+00:00","article:publisher":"https:\/\/www.facebook.com\/Nachofdezber","article:author":"https:\/\/www.facebook.com\/Nachofdezber","twitter:card":"summary_large_image","twitter:site":"@candas365","twitter:title":"El problema de la vivienda en Europa \u2013 Cand\u00e1s 365","twitter:description":"El problema de la vivienda en Europa es tema de conversaci\u00f3n y noticia. Muchos europeos no pueden pagar un alquiler, seg\u00fan una investigaci\u00f3n publicada hoy.","twitter:creator":"@candas365","twitter:image":"https:\/\/candas365.es\/noticias\/wp-content\/uploads\/2026\/09\/El-problema-de-la-vivienda-en-Europa-.jpg","twitter:label1":"Escrito por","twitter:data1":"Cand\u00e1s 365","twitter:label2":"Tiempo de lectura estimado","twitter:data2":"4 minutos"},"aioseo_meta_data":{"post_id":"197966","title":null,"description":"El problema de la vivienda en Europa es tema de conversaci\u00f3n y noticia. Muchos europeos no pueden pagar un alquiler, seg\u00fan una investigaci\u00f3n publicada hoy.","keywords":null,"keyphrases":{"focus":{"keyphrase":"vivienda en Europa","score":0,"analysis":[]},"additional":[]},"primary_term":null,"canonical_url":null,"og_title":"#post_title #separator_sa #site_title","og_description":"El problema de la vivienda en Europa es tema de conversaci\u00f3n y noticia. Muchos europeos no pueden pagar un alquiler, seg\u00fan una investigaci\u00f3n publicada hoy.","og_object_type":"default","og_image_type":"default","og_image_url":null,"og_image_width":null,"og_image_height":null,"og_image_custom_url":null,"og_image_custom_fields":null,"og_video":"","og_custom_url":null,"og_article_section":null,"og_article_tags":null,"twitter_use_og":true,"twitter_card":"default","twitter_image_type":"default","twitter_image_url":null,"twitter_image_custom_url":null,"twitter_image_custom_fields":null,"twitter_title":null,"twitter_description":null,"schema":{"blockGraphs":[],"customGraphs":[],"default":{"data":{"Article":[],"Course":[],"Dataset":[],"FAQPage":[],"Movie":[],"Person":[],"Product":[],"ProductReview":[],"Car":[],"Recipe":[],"Service":[],"SoftwareApplication":[],"WebPage":[]},"graphName":"NewsArticle","isEnabled":true},"graphs":[]},"schema_type":"default","schema_type_options":null,"pillar_content":false,"robots_default":true,"robots_noindex":false,"robots_noarchive":false,"robots_nosnippet":false,"robots_nofollow":false,"robots_noimageindex":false,"robots_noodp":false,"robots_notranslate":false,"robots_max_snippet":"-1","robots_max_videopreview":"-1","robots_max_imagepreview":"large","priority":null,"frequency":"default","location":null,"local_seo":null,"seo_analyzer_scan_date":"2026-09-03 08:44:28","breadcrumb_settings":null,"limit_modified_date":false,"reviewed_by":"0","open_ai":null,"ai":{"faqs":[],"keyPoints":[],"schemas":[],"titles":[],"descriptions":[],"socialPosts":{"email":{"subject":"","preview":"","content":""},"linkedin":[],"twitter":[],"facebook":[],"instagram":[]}},"created":"2026-09-03 06:53:52","updated":"2026-09-03 09:15:31","focus_keyword":"vivienda en Europa","additional_keywords":null,"truseo_locale":null},"aioseo_breadcrumb":"<div class=\"aioseo-breadcrumbs\"><span class=\"aioseo-breadcrumb\">\n\t<a href=\"https:\/\/candas365.es\/noticias\" title=\"Home\">Home<\/a>\n<\/span><span class=\"aioseo-breadcrumb-separator\">&ndash;<\/span><span class=\"aioseo-breadcrumb\">\n\t<a href=\"https:\/\/candas365.es\/noticias\/category\/destacadas\/\" title=\"Destacadas\">Destacadas<\/a>\n<\/span><span class=\"aioseo-breadcrumb-separator\">&ndash;<\/span><span class=\"aioseo-breadcrumb\">\n\tEl problema de la vivienda en Europa\n<\/span><\/div>","aioseo_breadcrumb_json":[{"label":"Home","link":"https:\/\/candas365.es\/noticias"},{"label":"Destacadas","link":"https:\/\/candas365.es\/noticias\/category\/destacadas\/"},{"label":"El problema de la vivienda en Europa","link":"https:\/\/candas365.es\/noticias\/el-problema-de-la-vivienda-en-europa\/"}],"_links":{"self":[{"href":"https:\/\/candas365.es\/noticias\/wp-json\/wp\/v2\/posts\/197966","targetHints":{"allow":["GET"]}}],"collection":[{"href":"https:\/\/candas365.es\/noticias\/wp-json\/wp\/v2\/posts"}],"about":[{"href":"https:\/\/candas365.es\/noticias\/wp-json\/wp\/v2\/types\/post"}],"author":[{"embeddable":true,"href":"https:\/\/candas365.es\/noticias\/wp-json\/wp\/v2\/users\/1"}],"replies":[{"embeddable":true,"href":"https:\/\/candas365.es\/noticias\/wp-json\/wp\/v2\/comments?post=197966"}],"version-history":[{"count":1,"href":"https:\/\/candas365.es\/noticias\/wp-json\/wp\/v2\/posts\/197966\/revisions"}],"predecessor-version":[{"id":197968,"href":"https:\/\/candas365.es\/noticias\/wp-json\/wp\/v2\/posts\/197966\/revisions\/197968"}],"wp:featuredmedia":[{"embeddable":true,"href":"https:\/\/candas365.es\/noticias\/wp-json\/wp\/v2\/media\/197967"}],"wp:attachment":[{"href":"https:\/\/candas365.es\/noticias\/wp-json\/wp\/v2\/media?parent=197966"}],"wp:term":[{"taxonomy":"category","embeddable":true,"href":"https:\/\/candas365.es\/noticias\/wp-json\/wp\/v2\/categories?post=197966"},{"taxonomy":"post_tag","embeddable":true,"href":"https:\/\/candas365.es\/noticias\/wp-json\/wp\/v2\/tags?post=197966"}],"curies":[{"name":"wp","href":"https:\/\/api.w.org\/{rel}","templated":true}]}}