{"id":197963,"date":"2026-09-02T20:53:08","date_gmt":"2026-09-02T18:53:08","guid":{"rendered":"https:\/\/candas365.es\/noticias\/?p=197963"},"modified":"2026-09-02T20:53:08","modified_gmt":"2026-09-02T18:53:08","slug":"nuevas-normas-de-seguridad-vial-en-espana","status":"publish","type":"post","link":"https:\/\/candas365.es\/noticias\/nuevas-normas-de-seguridad-vial-en-espana\/","title":{"rendered":"Nuevas normas de seguridad vial en Espa\u00f1a"},"content":{"rendered":"<p>En octubre de 2026 entrar\u00e1n en vigor <a href=\"https:\/\/candas365.es\/noticias\/category\/sociedad\/\"><span style=\"color: #ff6600;\"><strong>nuevas normas de seguridad vial<\/strong><\/span><\/a>. Los usuarios de patinetes el\u00e9ctricos tendr\u00e1n que cumplirlas. A partir del 1 de octubre de 2026, tendr\u00e1n que tener al menos 15 a\u00f1os y llevar las luces encendidas, casco siempre y chaleco reflectante de noche o en momentos de poca visibilidad.<\/p>\n<figure id=\"attachment_197964\" aria-describedby=\"caption-attachment-197964\" style=\"width: 650px\" class=\"wp-caption aligncenter\"><img fetchpriority=\"high\" decoding=\"async\" class=\"size-large wp-image-197964\" src=\"https:\/\/candas365.es\/noticias\/wp-content\/uploads\/2026\/09\/Nuevas-normas-de-seguridad-vial-en-Espana-650x435.jpg\" alt=\"Nuevas normas de seguridad vial en Espa\u00f1a\" width=\"650\" height=\"435\" srcset=\"https:\/\/candas365.es\/noticias\/wp-content\/uploads\/2026\/09\/Nuevas-normas-de-seguridad-vial-en-Espana-650x435.jpg 650w, https:\/\/candas365.es\/noticias\/wp-content\/uploads\/2026\/09\/Nuevas-normas-de-seguridad-vial-en-Espana-360x241.jpg 360w, https:\/\/candas365.es\/noticias\/wp-content\/uploads\/2026\/09\/Nuevas-normas-de-seguridad-vial-en-Espana-768x514.jpg 768w, https:\/\/candas365.es\/noticias\/wp-content\/uploads\/2026\/09\/Nuevas-normas-de-seguridad-vial-en-Espana-150x100.jpg 150w, https:\/\/candas365.es\/noticias\/wp-content\/uploads\/2026\/09\/Nuevas-normas-de-seguridad-vial-en-Espana-450x301.jpg 450w, https:\/\/candas365.es\/noticias\/wp-content\/uploads\/2026\/09\/Nuevas-normas-de-seguridad-vial-en-Espana-1200x804.jpg 1200w, https:\/\/candas365.es\/noticias\/wp-content\/uploads\/2026\/09\/Nuevas-normas-de-seguridad-vial-en-Espana.jpg 1248w\" sizes=\"(max-width: 650px) 100vw, 650px\" \/><figcaption id=\"caption-attachment-197964\" class=\"wp-caption-text\">Una conductora de patinete el\u00e9ctrico circula por una calle | Foto de 123RF\/joseph51<\/figcaption><\/figure>\n<div class=\"srvm-nw__body\">\n<p>Adem\u00e1s, los \u2018riders\u2019 profesionales ir\u00e1n con casco y chaleco reflectante si trabajan en patinete, bicicleta, ciclomotor o moto, y los motoristas circular\u00e1n con calzado cerrado en todo tipo de v\u00edas y con guantes en carretera.<\/p>\n<p>Esas obligaciones figuran en una reforma del Reglamento General de Circulaci\u00f3n que afectar\u00e1 sobre todo a los usuarios vulnerables de las v\u00edas (peatones, ciclistas, conductores de veh\u00edculos de movilidad personal, ciclomotoristas y ciclistas) y entrar\u00e1 en vigor el pr\u00f3ximo 1 de octubre, salvo lo relativo al alumbrado obligatorio para veh\u00edculos de movilidad personal y el casco homologado para usuarios de ciclomotor, que lo har\u00e1n el 1 de octubre de 2027.<\/p>\n<p>La obligaci\u00f3n de guantes de protecci\u00f3n homologados para motoristas se har\u00e1 efectivo cuando entre en vigor la orden ministerial que regule sus especificaciones t\u00e9cnicas. Mientras tanto, se utilizar\u00e1n guantes de las mismas caracter\u00edsticas de los que se usan actualmente.<\/p>\n<p>Por primera vez, la norma recoge una definici\u00f3n de \u2018usuario vulnerable de la v\u00eda\u2019, que es quien, por raz\u00f3n del medio de desplazamiento que utiliza o por las caracter\u00edsticas f\u00edsicas del grupo de edad al que pertenece, tiene un mayor riesgo de sufrir lesiones en caso de siniestro de tr\u00e1fico o que \u00e9stas sean de mayor gravedad.<\/p>\n<h2>PATINETES<\/h2>\n<p>Respecto a los conductores de veh\u00edculos de movilidad personal -entre ellos, los populares patinetes el\u00e9ctricos-, la edad m\u00ednima es de 15 a\u00f1os y deber\u00e1n llevar casco de protecci\u00f3n obligatorio y chaleco reflectante de noche o en situaciones de escasa visibilidad.<\/p>\n<p>Los profesionales tendr\u00e1n que llevar siempre casco y chaleco reflectante. No hacerlo supone una infracci\u00f3n grave con sanci\u00f3n de 200 euros.<\/p>\n<p>Adem\u00e1s, esos veh\u00edculos deber\u00e1n llevar siempre encendido el alumbrado. Fuera de los n\u00facleos urbanos, se permite su circulaci\u00f3n por v\u00edas segregadas de veh\u00edculos a motor, como v\u00edas ciclistas o carriles bici.<\/p>\n<h2>CICLISTAS<\/h2>\n<p>Respecto a los ciclistas, se suprimen las exenciones de uso del casco en carreta en pendientes ascendentes prolongadas o en condiciones extremas de calor y todos deber\u00e1n llevarlo en las v\u00edas interurbanas.<\/p>\n<p>Los \u2018riders\u2019 que trabajen en bicicleta tendr\u00e1n que llevar siempre casco de protecci\u00f3n y chaleco reflectante, bajo multa de 200 euros por no hacerlo.<\/p>\n<p>El conductor de un veh\u00edculo que adelanta a un ciclista en una carretera deber\u00e1 reducir la velocidad en al menos 20 km\/h respecto al l\u00edmite de la v\u00eda. Si hay m\u00e1s de un carril por sentido, adem\u00e1s tendr\u00e1 que hacer esa maniobra cambiando completamente de carril.<\/p>\n<p>En las ciudades, los ciclistas circular\u00e1n preferentemente por el centro del carril para mejorar su seguridad y los conductores de veh\u00edculos a motor deber\u00e1n dejar al menos cinco metros de distancia de seguridad con la bicicleta que circule por delante.<\/p>\n<p>En calles de un \u00fanico carril con limitaci\u00f3n de velocidad m\u00e1xima de 30 km\/h se regular\u00e1 la posibilidad de que los ciclistas circulen en sentido contrario a los veh\u00edculos a motor.<\/p>\n<h2>CICLOMOTORES Y MOTOS<\/h2>\n<p>En relaci\u00f3n a los ciclomotores y las motocicletas, ser\u00e1 obligatorio llevar guantes de protecci\u00f3n para conductores y pasajeros en carretera y calzado cerrado en todo tipo de v\u00edas. No cumplirlo implica una infracci\u00f3n grave con 200 euros de multa.<\/p>\n<p>Los motoristas podr\u00e1n ir por el arc\u00e9n derecho cuando haya retenciones sin circular a m\u00e1s de 30 km\/h y los cascos de los ciclomotoristas tendr\u00e1n que estar obligatoriamente homologados y no simplemente certificados.<\/p>\n<p>Los \u2018riders\u2019 que trabajen en moto deber\u00e1n llevar chaleco reflectante en todo momento, pues no hacerlo supone una infracci\u00f3n grave con sanci\u00f3n econ\u00f3mica de 200 euros.<\/p>\n<h2>CINTUR\u00d3N Y NEVADAS<\/h2>\n<p>Por otro lado, los taxistas, los repartidores de mercanc\u00edas y los profesores de autoescuela deber\u00e1n llevar puesto el cintur\u00f3n de seguridad cuando circulen en veh\u00edculos por ciudades, algo que ahora no es obligatorio.<\/p>\n<p>Solo se permitir\u00e1 que no lleven el cintur\u00f3n los pasajeros de ambulancias asistenciales acondicionadas para permitir la asistencia t\u00e9cnico-sanitaria en ruta.<\/p>\n<p>Para adelantar un veh\u00edculo inmovilizado en carretera (por aver\u00eda, siniestro o por alg\u00fan servicio de urgencia, auxilio, mantenimiento o regulaci\u00f3n del tr\u00e1fico) y ocupe parte del carril del sentido de la marcha es necesario mantener una distancia de seguridad de al menos 1,5 metros, aunque se invada el carril contrario, y reducir la velocidad al menos 20 km\/h respecto al l\u00edmite de esa v\u00eda.<\/p>\n<p>Cuando haya nevadas en autopistas o autov\u00edas, estar\u00e1 prohibido adelantar y se circular\u00e1 solo por el carril derecho para dejar libre el izquierdo a los veh\u00edculos de emergencia y quitanieves.<\/p>\n<p>En retenciones en autopista o autov\u00eda, los veh\u00edculos deber\u00e1n orillarse para dejar un espacio central libre (o \u2018carril de emergencia\u2019) que permita el paso de veh\u00edculos de polic\u00eda y de servicios de emergencia.<\/p>\n<h2>CIUDADES<\/h2>\n<p>La reforma del Reglamento General de Circulaci\u00f3n incluye otras novedades relacionadas con las ciudades. As\u00ed, en pasos para peatones con sem\u00e1foro no podr\u00e1 coincidir la luz \u00e1mbar intermitente para veh\u00edculos con la luz verde para peatones, como criterio general.<\/p>\n<p>La norma aborda por primera vez el estacionamiento de las autocaravanas, que no podr\u00e1n extender elementos propios que desborden el per\u00edmetro del veh\u00edculo y deber\u00e1n descansar solo sobre neum\u00e1ticos y no podr\u00e1n verter fluidos procedentes del habit\u00e1culo.<\/p>\n<p>Por \u00faltimo, se dota de entidad jur\u00eddica a los \u2018caminos escolares\u2019 seguros, esto es, v\u00edas acondicionadas por la autoridad competente para favorecer que los ni\u00f1os se trasladen a los centros escolares caminando, en transporte p\u00fablico o utilizando medios de movilidad no motorizados.<\/p>\n<\/div>\n<div id=\"end-scroll\" class=\"srvm-nw__code\">\n<p>(<span style=\"color: #ff6600;\"><strong>SERVIMEDIA<\/strong><\/span>)<\/p>\n<\/div>\n","protected":false},"excerpt":{"rendered":"<p>En octubre de 2026 entrar\u00e1n en vigor nuevas normas de seguridad vial. Los usuarios de patinetes el\u00e9ctricos tendr\u00e1n que cumplirlas. A partir del 1 de octubre de 2026, tendr\u00e1n que tener al menos 15 a\u00f1os y llevar las luces encendidas, casco siempre y chaleco reflectante de noche o en momentos de poca visibilidad. Adem\u00e1s, los<\/p>\n","protected":false},"author":1,"featured_media":197964,"comment_status":"closed","ping_status":"closed","sticky":false,"template":"","format":"standard","meta":{"footnotes":""},"categories":[316,143],"tags":[408],"class_list":["post-197963","post","type-post","status-publish","format-standard","has-post-thumbnail","category-destacadas","category-sociedad","tag-sociedad"],"aioseo_notices":[],"aioseo_head":"\n\t\t<!-- All in One SEO Pro 5.0.1.1 - aioseo.com -->\n\t<meta name=\"description\" content=\"En octubre de 2026 entrar\u00e1n en vigor nuevas normas de seguridad vial. Los usuarios de patinetes el\u00e9ctricos tendr\u00e1n que cumplirlas. A partir del 1 de octubre\" \/>\n\t<meta name=\"robots\" content=\"max-image-preview:large\" \/>\n\t<meta name=\"author\" content=\"Cand\u00e1s 365\"\/>\n\t<meta name=\"google-site-verification\" content=\"UA-32230408-1\" \/>\n\t<meta name=\"msvalidate.01\" content=\"354F3CDFB2DA171B47FBE9ABF1F88D5\" \/>\n\t<meta name=\"keywords\" content=\"destacadas,sociedad\" \/>\n\t<link rel=\"canonical\" href=\"https:\/\/candas365.es\/noticias\/nuevas-normas-de-seguridad-vial-en-espana\/\" \/>\n\t<meta name=\"generator\" content=\"All in One SEO Pro (AIOSEO) 5.0.1.1\" \/>\n\t\t<meta property=\"og:locale\" content=\"es_ES\" \/>\n\t\t<meta property=\"og:site_name\" content=\"Cand\u00e1s 365\" \/>\n\t\t<meta property=\"og:type\" content=\"article\" \/>\n\t\t<meta property=\"og:title\" content=\"Nuevas normas de seguridad vial en Espa\u00f1a \u2013 Cand\u00e1s 365\" \/>\n\t\t<meta property=\"og:description\" content=\"En octubre de 2026 entrar\u00e1n en vigor nuevas normas de seguridad vial. Los usuarios de patinetes el\u00e9ctricos tendr\u00e1n que cumplirlas. A partir del 1 de octubre\" \/>\n\t\t<meta property=\"og:url\" content=\"https:\/\/candas365.es\/noticias\/nuevas-normas-de-seguridad-vial-en-espana\/\" \/>\n\t\t<meta property=\"og:image\" content=\"https:\/\/candas365.es\/noticias\/wp-content\/uploads\/2026\/09\/Nuevas-normas-de-seguridad-vial-en-Espana.jpg\" \/>\n\t\t<meta property=\"og:image:secure_url\" content=\"https:\/\/candas365.es\/noticias\/wp-content\/uploads\/2026\/09\/Nuevas-normas-de-seguridad-vial-en-Espana.jpg\" \/>\n\t\t<meta property=\"og:image:width\" content=\"1248\" \/>\n\t\t<meta property=\"og:image:height\" content=\"836\" \/>\n\t\t<meta property=\"article:published_time\" content=\"2026-09-02T18:53:08+00:00\" \/>\n\t\t<meta property=\"article:modified_time\" content=\"2026-09-02T18:53:08+00:00\" \/>\n\t\t<meta property=\"article:publisher\" content=\"https:\/\/www.facebook.com\/Nachofdezber\" \/>\n\t\t<meta property=\"article:author\" content=\"https:\/\/www.facebook.com\/Nachofdezber\" \/>\n\t\t<meta name=\"twitter:card\" content=\"summary_large_image\" \/>\n\t\t<meta name=\"twitter:site\" content=\"@candas365\" \/>\n\t\t<meta name=\"twitter:title\" content=\"Nuevas normas de seguridad vial en Espa\u00f1a \u2013 Cand\u00e1s 365\" \/>\n\t\t<meta name=\"twitter:description\" content=\"En octubre de 2026 entrar\u00e1n en vigor nuevas normas de seguridad vial. Los usuarios de patinetes el\u00e9ctricos tendr\u00e1n que cumplirlas. A partir del 1 de octubre\" \/>\n\t\t<meta name=\"twitter:creator\" content=\"@candas365\" \/>\n\t\t<meta name=\"twitter:image\" content=\"https:\/\/candas365.es\/noticias\/wp-content\/uploads\/2026\/09\/Nuevas-normas-de-seguridad-vial-en-Espana.jpg\" \/>\n\t\t<meta name=\"twitter:label1\" content=\"Escrito por\" \/>\n\t\t<meta name=\"twitter:data1\" content=\"Cand\u00e1s 365\" \/>\n\t\t<meta name=\"twitter:label2\" content=\"Tiempo de lectura estimado\" \/>\n\t\t<meta name=\"twitter:data2\" content=\"5 minutos\" \/>\n\t\t<script type=\"application\/ld+json\" class=\"aioseo-schema\">\n\t\t\t{\"@context\":\"https:\\\/\\\/schema.org\",\"@graph\":[{\"@type\":\"BreadcrumbList\",\"@id\":\"https:\\\/\\\/candas365.es\\\/noticias\\\/nuevas-normas-de-seguridad-vial-en-espana\\\/#breadcrumblist\",\"itemListElement\":[{\"@type\":\"ListItem\",\"@id\":\"https:\\\/\\\/candas365.es\\\/noticias#listItem\",\"position\":1,\"name\":\"Home\",\"item\":\"https:\\\/\\\/candas365.es\\\/noticias\",\"nextItem\":{\"@type\":\"ListItem\",\"@id\":\"https:\\\/\\\/candas365.es\\\/noticias\\\/category\\\/sociedad\\\/#listItem\",\"name\":\"Sociedad\"}},{\"@type\":\"ListItem\",\"@id\":\"https:\\\/\\\/candas365.es\\\/noticias\\\/category\\\/sociedad\\\/#listItem\",\"position\":2,\"name\":\"Sociedad\",\"item\":\"https:\\\/\\\/candas365.es\\\/noticias\\\/category\\\/sociedad\\\/\",\"nextItem\":{\"@type\":\"ListItem\",\"@id\":\"https:\\\/\\\/candas365.es\\\/noticias\\\/nuevas-normas-de-seguridad-vial-en-espana\\\/#listItem\",\"name\":\"Nuevas normas de seguridad vial en Espa\\u00f1a\"},\"previousItem\":{\"@type\":\"ListItem\",\"@id\":\"https:\\\/\\\/candas365.es\\\/noticias#listItem\",\"name\":\"Home\"}},{\"@type\":\"ListItem\",\"@id\":\"https:\\\/\\\/candas365.es\\\/noticias\\\/nuevas-normas-de-seguridad-vial-en-espana\\\/#listItem\",\"position\":3,\"name\":\"Nuevas normas de seguridad vial en Espa\\u00f1a\",\"previousItem\":{\"@type\":\"ListItem\",\"@id\":\"https:\\\/\\\/candas365.es\\\/noticias\\\/category\\\/sociedad\\\/#listItem\",\"name\":\"Sociedad\"}}]},{\"@type\":\"NewsArticle\",\"@id\":\"https:\\\/\\\/candas365.es\\\/noticias\\\/nuevas-normas-de-seguridad-vial-en-espana\\\/#newsarticle\",\"name\":\"Nuevas normas de seguridad vial en Espa\\u00f1a | Cand\\u00e1s 365\",\"headline\":\"Nuevas normas de seguridad vial en Espa\\u00f1a\",\"author\":{\"@id\":\"https:\\\/\\\/candas365.es\\\/noticias\\\/author\\\/admin\\\/#author\"},\"publisher\":{\"@id\":\"https:\\\/\\\/candas365.es\\\/noticias\\\/#organization\"},\"image\":{\"@type\":\"ImageObject\",\"url\":\"https:\\\/\\\/candas365.es\\\/noticias\\\/wp-content\\\/uploads\\\/2026\\\/09\\\/Nuevas-normas-de-seguridad-vial-en-Espana.jpg\",\"width\":1248,\"height\":836,\"caption\":\"Una conductora de patinete el\\u00e9ctrico circula por una calle | Foto de 123RF\\\/joseph51\"},\"datePublished\":\"2026-09-02T20:53:08+02:00\",\"dateModified\":\"2026-09-02T20:53:08+02:00\",\"inLanguage\":\"es-ES\",\"mainEntityOfPage\":{\"@id\":\"https:\\\/\\\/candas365.es\\\/noticias\\\/nuevas-normas-de-seguridad-vial-en-espana\\\/#webpage\"},\"isPartOf\":{\"@id\":\"https:\\\/\\\/candas365.es\\\/noticias\\\/nuevas-normas-de-seguridad-vial-en-espana\\\/#webpage\"},\"articleSection\":\"Destacadas, Sociedad, sociedad\",\"dateline\":\"Publicado el septiembre 2, 2026.\"},{\"@type\":\"Organization\",\"@id\":\"https:\\\/\\\/candas365.es\\\/noticias\\\/#organization\",\"name\":\"Cand\\u00e1s 365\",\"description\":\"Cand\\u00e1s 365 es un diario digital independiente, fundado en 2012, con base en Asturias. Informamos con rigor sobre actualidad, sociedad, cultura y ocio, con una mirada local y global.\",\"url\":\"https:\\\/\\\/candas365.es\\\/noticias\\\/\",\"email\":\"info@candas365.es\",\"telephone\":\"+34652131393\",\"foundingDate\":\"2012-06-10\",\"logo\":{\"@type\":\"ImageObject\",\"url\":\"https:\\\/\\\/candas365.es\\\/noticias\\\/wp-content\\\/uploads\\\/2024\\\/09\\\/Candas-365-Redes.jpg\",\"@id\":\"https:\\\/\\\/candas365.es\\\/noticias\\\/nuevas-normas-de-seguridad-vial-en-espana\\\/#organizationLogo\",\"width\":1152,\"height\":864,\"caption\":\"Cand\\u00e1s 365 Redes\"},\"image\":{\"@id\":\"https:\\\/\\\/candas365.es\\\/noticias\\\/nuevas-normas-de-seguridad-vial-en-espana\\\/#organizationLogo\"},\"sameAs\":[\"https:\\\/\\\/www.facebook.com\\\/Nachofdezber\",\"https:\\\/\\\/x.com\\\/candas365\",\"https:\\\/\\\/www.instagram.com\\\/nachofdezber\\\/\",\"https:\\\/\\\/www.youtube.com\\\/channel\\\/UCZP-2wLEB9Rv6erhFmqVnvg\"],\"address\":{\"@id\":\"https:\\\/\\\/candas365.es\\\/noticias\\\/#postaladdress\",\"@type\":\"PostalAddress\",\"streetAddress\":\"san antonio 4, san antonio 4\",\"postalCode\":\"33430\",\"addressLocality\":\"Cand\\u00e1s\",\"addressRegion\":\"Asturias\",\"addressCountry\":\"ES\"}},{\"@type\":\"Person\",\"@id\":\"https:\\\/\\\/candas365.es\\\/noticias\\\/author\\\/admin\\\/#author\",\"url\":\"https:\\\/\\\/candas365.es\\\/noticias\\\/author\\\/admin\\\/\",\"name\":\"Cand\\u00e1s 365\",\"image\":{\"@type\":\"ImageObject\",\"@id\":\"https:\\\/\\\/candas365.es\\\/noticias\\\/nuevas-normas-de-seguridad-vial-en-espana\\\/#authorImage\",\"url\":\"https:\\\/\\\/candas365.es\\\/noticias\\\/wp-content\\\/uploads\\\/2026\\\/07\\\/cropped-eyevuvEl_400x400-96x96.jpg\",\"width\":96,\"height\":96,\"caption\":\"Cand\\u00e1s 365\"},\"sameAs\":[\"https:\\\/\\\/www.facebook.com\\\/Nachofdezber\",\"https:\\\/\\\/x.com\\\/candas365\",\"https:\\\/\\\/www.instagram.com\\\/nachofdezber\\\/\",\"https:\\\/\\\/www.youtube.com\\\/channel\\\/UCZP-2wLEB9Rv6erhFmqVnvg\"]},{\"@type\":\"WebPage\",\"@id\":\"https:\\\/\\\/candas365.es\\\/noticias\\\/nuevas-normas-de-seguridad-vial-en-espana\\\/#webpage\",\"url\":\"https:\\\/\\\/candas365.es\\\/noticias\\\/nuevas-normas-de-seguridad-vial-en-espana\\\/\",\"name\":\"Nuevas normas de seguridad vial en Espa\\u00f1a | Cand\\u00e1s 365\",\"description\":\"En octubre de 2026 entrar\\u00e1n en vigor nuevas normas de seguridad vial. Los usuarios de patinetes el\\u00e9ctricos tendr\\u00e1n que cumplirlas. A partir del 1 de octubre\",\"inLanguage\":\"es-ES\",\"isPartOf\":{\"@id\":\"https:\\\/\\\/candas365.es\\\/noticias\\\/#website\"},\"breadcrumb\":{\"@id\":\"https:\\\/\\\/candas365.es\\\/noticias\\\/nuevas-normas-de-seguridad-vial-en-espana\\\/#breadcrumblist\"},\"author\":{\"@id\":\"https:\\\/\\\/candas365.es\\\/noticias\\\/author\\\/admin\\\/#author\"},\"creator\":{\"@id\":\"https:\\\/\\\/candas365.es\\\/noticias\\\/author\\\/admin\\\/#author\"},\"image\":{\"@type\":\"ImageObject\",\"url\":\"https:\\\/\\\/candas365.es\\\/noticias\\\/wp-content\\\/uploads\\\/2026\\\/09\\\/Nuevas-normas-de-seguridad-vial-en-Espana.jpg\",\"@id\":\"https:\\\/\\\/candas365.es\\\/noticias\\\/nuevas-normas-de-seguridad-vial-en-espana\\\/#mainImage\",\"width\":1248,\"height\":836,\"caption\":\"Una conductora de patinete el\\u00e9ctrico circula por una calle | Foto de 123RF\\\/joseph51\"},\"primaryImageOfPage\":{\"@id\":\"https:\\\/\\\/candas365.es\\\/noticias\\\/nuevas-normas-de-seguridad-vial-en-espana\\\/#mainImage\"},\"datePublished\":\"2026-09-02T20:53:08+02:00\",\"dateModified\":\"2026-09-02T20:53:08+02:00\"},{\"@type\":\"WebSite\",\"@id\":\"https:\\\/\\\/candas365.es\\\/noticias\\\/#website\",\"url\":\"https:\\\/\\\/candas365.es\\\/noticias\\\/\",\"name\":\"Cand\\u00e1s 365\",\"alternateName\":\"Cand\\u00e1s 365 Noticias\",\"description\":\"Actualidad desde Carre\\u00f1o para el mundo\",\"inLanguage\":\"es-ES\",\"publisher\":{\"@id\":\"https:\\\/\\\/candas365.es\\\/noticias\\\/#organization\"}}]}\n\t\t<\/script>\n\t\t<!-- All in One SEO Pro -->\r\n\t\t<title>Nuevas normas de seguridad vial en Espa\u00f1a | Cand\u00e1s 365<\/title>\n\n","aioseo_head_json":{"title":"Nuevas normas de seguridad vial en Espa\u00f1a | Cand\u00e1s 365","description":"En octubre de 2026 entrar\u00e1n en vigor nuevas normas de seguridad vial. Los usuarios de patinetes el\u00e9ctricos tendr\u00e1n que cumplirlas. A partir del 1 de octubre","canonical_url":"https:\/\/candas365.es\/noticias\/nuevas-normas-de-seguridad-vial-en-espana\/","robots":"max-image-preview:large","keywords":"destacadas,sociedad","webmasterTools":{"google-site-verification":"UA-32230408-1","msvalidate.01":"354F3CDFB2DA171B47FBE9ABF1F88D5","miscellaneous":""},"schema":{"@context":"https:\/\/schema.org","@graph":[{"@type":"BreadcrumbList","@id":"https:\/\/candas365.es\/noticias\/nuevas-normas-de-seguridad-vial-en-espana\/#breadcrumblist","itemListElement":[{"@type":"ListItem","@id":"https:\/\/candas365.es\/noticias#listItem","position":1,"name":"Home","item":"https:\/\/candas365.es\/noticias","nextItem":{"@type":"ListItem","@id":"https:\/\/candas365.es\/noticias\/category\/sociedad\/#listItem","name":"Sociedad"}},{"@type":"ListItem","@id":"https:\/\/candas365.es\/noticias\/category\/sociedad\/#listItem","position":2,"name":"Sociedad","item":"https:\/\/candas365.es\/noticias\/category\/sociedad\/","nextItem":{"@type":"ListItem","@id":"https:\/\/candas365.es\/noticias\/nuevas-normas-de-seguridad-vial-en-espana\/#listItem","name":"Nuevas normas de seguridad vial en Espa\u00f1a"},"previousItem":{"@type":"ListItem","@id":"https:\/\/candas365.es\/noticias#listItem","name":"Home"}},{"@type":"ListItem","@id":"https:\/\/candas365.es\/noticias\/nuevas-normas-de-seguridad-vial-en-espana\/#listItem","position":3,"name":"Nuevas normas de seguridad vial en Espa\u00f1a","previousItem":{"@type":"ListItem","@id":"https:\/\/candas365.es\/noticias\/category\/sociedad\/#listItem","name":"Sociedad"}}]},{"@type":"NewsArticle","@id":"https:\/\/candas365.es\/noticias\/nuevas-normas-de-seguridad-vial-en-espana\/#newsarticle","name":"Nuevas normas de seguridad vial en Espa\u00f1a | Cand\u00e1s 365","headline":"Nuevas normas de seguridad vial en Espa\u00f1a","author":{"@id":"https:\/\/candas365.es\/noticias\/author\/admin\/#author"},"publisher":{"@id":"https:\/\/candas365.es\/noticias\/#organization"},"image":{"@type":"ImageObject","url":"https:\/\/candas365.es\/noticias\/wp-content\/uploads\/2026\/09\/Nuevas-normas-de-seguridad-vial-en-Espana.jpg","width":1248,"height":836,"caption":"Una conductora de patinete el\u00e9ctrico circula por una calle | Foto de 123RF\/joseph51"},"datePublished":"2026-09-02T20:53:08+02:00","dateModified":"2026-09-02T20:53:08+02:00","inLanguage":"es-ES","mainEntityOfPage":{"@id":"https:\/\/candas365.es\/noticias\/nuevas-normas-de-seguridad-vial-en-espana\/#webpage"},"isPartOf":{"@id":"https:\/\/candas365.es\/noticias\/nuevas-normas-de-seguridad-vial-en-espana\/#webpage"},"articleSection":"Destacadas, Sociedad, sociedad","dateline":"Publicado el septiembre 2, 2026."},{"@type":"Organization","@id":"https:\/\/candas365.es\/noticias\/#organization","name":"Cand\u00e1s 365","description":"Cand\u00e1s 365 es un diario digital independiente, fundado en 2012, con base en Asturias. Informamos con rigor sobre actualidad, sociedad, cultura y ocio, con una mirada local y global.","url":"https:\/\/candas365.es\/noticias\/","email":"info@candas365.es","telephone":"+34652131393","foundingDate":"2012-06-10","logo":{"@type":"ImageObject","url":"https:\/\/candas365.es\/noticias\/wp-content\/uploads\/2024\/09\/Candas-365-Redes.jpg","@id":"https:\/\/candas365.es\/noticias\/nuevas-normas-de-seguridad-vial-en-espana\/#organizationLogo","width":1152,"height":864,"caption":"Cand\u00e1s 365 Redes"},"image":{"@id":"https:\/\/candas365.es\/noticias\/nuevas-normas-de-seguridad-vial-en-espana\/#organizationLogo"},"sameAs":["https:\/\/www.facebook.com\/Nachofdezber","https:\/\/x.com\/candas365","https:\/\/www.instagram.com\/nachofdezber\/","https:\/\/www.youtube.com\/channel\/UCZP-2wLEB9Rv6erhFmqVnvg"],"address":{"@id":"https:\/\/candas365.es\/noticias\/#postaladdress","@type":"PostalAddress","streetAddress":"san antonio 4, san antonio 4","postalCode":"33430","addressLocality":"Cand\u00e1s","addressRegion":"Asturias","addressCountry":"ES"}},{"@type":"Person","@id":"https:\/\/candas365.es\/noticias\/author\/admin\/#author","url":"https:\/\/candas365.es\/noticias\/author\/admin\/","name":"Cand\u00e1s 365","image":{"@type":"ImageObject","@id":"https:\/\/candas365.es\/noticias\/nuevas-normas-de-seguridad-vial-en-espana\/#authorImage","url":"https:\/\/candas365.es\/noticias\/wp-content\/uploads\/2026\/07\/cropped-eyevuvEl_400x400-96x96.jpg","width":96,"height":96,"caption":"Cand\u00e1s 365"},"sameAs":["https:\/\/www.facebook.com\/Nachofdezber","https:\/\/x.com\/candas365","https:\/\/www.instagram.com\/nachofdezber\/","https:\/\/www.youtube.com\/channel\/UCZP-2wLEB9Rv6erhFmqVnvg"]},{"@type":"WebPage","@id":"https:\/\/candas365.es\/noticias\/nuevas-normas-de-seguridad-vial-en-espana\/#webpage","url":"https:\/\/candas365.es\/noticias\/nuevas-normas-de-seguridad-vial-en-espana\/","name":"Nuevas normas de seguridad vial en Espa\u00f1a | Cand\u00e1s 365","description":"En octubre de 2026 entrar\u00e1n en vigor nuevas normas de seguridad vial. Los usuarios de patinetes el\u00e9ctricos tendr\u00e1n que cumplirlas. A partir del 1 de octubre","inLanguage":"es-ES","isPartOf":{"@id":"https:\/\/candas365.es\/noticias\/#website"},"breadcrumb":{"@id":"https:\/\/candas365.es\/noticias\/nuevas-normas-de-seguridad-vial-en-espana\/#breadcrumblist"},"author":{"@id":"https:\/\/candas365.es\/noticias\/author\/admin\/#author"},"creator":{"@id":"https:\/\/candas365.es\/noticias\/author\/admin\/#author"},"image":{"@type":"ImageObject","url":"https:\/\/candas365.es\/noticias\/wp-content\/uploads\/2026\/09\/Nuevas-normas-de-seguridad-vial-en-Espana.jpg","@id":"https:\/\/candas365.es\/noticias\/nuevas-normas-de-seguridad-vial-en-espana\/#mainImage","width":1248,"height":836,"caption":"Una conductora de patinete el\u00e9ctrico circula por una calle | Foto de 123RF\/joseph51"},"primaryImageOfPage":{"@id":"https:\/\/candas365.es\/noticias\/nuevas-normas-de-seguridad-vial-en-espana\/#mainImage"},"datePublished":"2026-09-02T20:53:08+02:00","dateModified":"2026-09-02T20:53:08+02:00"},{"@type":"WebSite","@id":"https:\/\/candas365.es\/noticias\/#website","url":"https:\/\/candas365.es\/noticias\/","name":"Cand\u00e1s 365","alternateName":"Cand\u00e1s 365 Noticias","description":"Actualidad desde Carre\u00f1o para el mundo","inLanguage":"es-ES","publisher":{"@id":"https:\/\/candas365.es\/noticias\/#organization"}}]},"og:locale":"es_ES","og:site_name":"Cand\u00e1s 365","og:type":"article","og:title":"Nuevas normas de seguridad vial en Espa\u00f1a \u2013 Cand\u00e1s 365","og:description":"En octubre de 2026 entrar\u00e1n en vigor nuevas normas de seguridad vial. Los usuarios de patinetes el\u00e9ctricos tendr\u00e1n que cumplirlas. A partir del 1 de octubre","og:url":"https:\/\/candas365.es\/noticias\/nuevas-normas-de-seguridad-vial-en-espana\/","og:image":"https:\/\/candas365.es\/noticias\/wp-content\/uploads\/2026\/09\/Nuevas-normas-de-seguridad-vial-en-Espana.jpg","og:image:secure_url":"https:\/\/candas365.es\/noticias\/wp-content\/uploads\/2026\/09\/Nuevas-normas-de-seguridad-vial-en-Espana.jpg","og:image:width":1248,"og:image:height":836,"article:published_time":"2026-09-02T18:53:08+00:00","article:modified_time":"2026-09-02T18:53:08+00:00","article:publisher":"https:\/\/www.facebook.com\/Nachofdezber","article:author":"https:\/\/www.facebook.com\/Nachofdezber","twitter:card":"summary_large_image","twitter:site":"@candas365","twitter:title":"Nuevas normas de seguridad vial en Espa\u00f1a \u2013 Cand\u00e1s 365","twitter:description":"En octubre de 2026 entrar\u00e1n en vigor nuevas normas de seguridad vial. Los usuarios de patinetes el\u00e9ctricos tendr\u00e1n que cumplirlas. A partir del 1 de octubre","twitter:creator":"@candas365","twitter:image":"https:\/\/candas365.es\/noticias\/wp-content\/uploads\/2026\/09\/Nuevas-normas-de-seguridad-vial-en-Espana.jpg","twitter:label1":"Escrito por","twitter:data1":"Cand\u00e1s 365","twitter:label2":"Tiempo de lectura estimado","twitter:data2":"5 minutos"},"aioseo_meta_data":{"post_id":"197963","title":null,"description":"En octubre de 2026 entrar\u00e1n en vigor nuevas normas de seguridad vial. Los usuarios de patinetes el\u00e9ctricos tendr\u00e1n que cumplirlas. A partir del 1 de octubre","keywords":null,"keyphrases":{"focus":{"keyphrase":"normas de seguridad","score":0,"analysis":[]},"additional":[{"keyphrase":"seguridad vial","score":0}]},"primary_term":null,"canonical_url":null,"og_title":"#post_title #separator_sa #site_title","og_description":"En octubre de 2026 entrar\u00e1n en vigor nuevas normas de seguridad vial. Los usuarios de patinetes el\u00e9ctricos tendr\u00e1n que cumplirlas. A partir del 1 de octubre","og_object_type":"default","og_image_type":"default","og_image_url":null,"og_image_width":null,"og_image_height":null,"og_image_custom_url":null,"og_image_custom_fields":null,"og_video":"","og_custom_url":null,"og_article_section":null,"og_article_tags":null,"twitter_use_og":true,"twitter_card":"default","twitter_image_type":"default","twitter_image_url":null,"twitter_image_custom_url":null,"twitter_image_custom_fields":null,"twitter_title":null,"twitter_description":null,"schema":{"blockGraphs":[],"customGraphs":[],"default":{"data":{"Article":[],"Course":[],"Dataset":[],"FAQPage":[],"Movie":[],"Person":[],"Product":[],"ProductReview":[],"Car":[],"Recipe":[],"Service":[],"SoftwareApplication":[],"WebPage":[]},"graphName":"NewsArticle","isEnabled":true},"graphs":[]},"schema_type":"default","schema_type_options":null,"pillar_content":false,"robots_default":true,"robots_noindex":false,"robots_noarchive":false,"robots_nosnippet":false,"robots_nofollow":false,"robots_noimageindex":false,"robots_noodp":false,"robots_notranslate":false,"robots_max_snippet":"-1","robots_max_videopreview":"-1","robots_max_imagepreview":"large","priority":null,"frequency":"default","location":null,"local_seo":null,"seo_analyzer_scan_date":"2026-09-02 18:53:21","breadcrumb_settings":null,"limit_modified_date":false,"reviewed_by":"0","open_ai":null,"ai":{"faqs":[],"keyPoints":[],"schemas":[],"titles":[],"descriptions":[],"socialPosts":{"email":{"subject":"","preview":"","content":""},"linkedin":[],"twitter":[],"facebook":[],"instagram":[]}},"created":"2026-09-02 18:30:30","updated":"2026-09-02 19:02:19","focus_keyword":"normas de seguridad","additional_keywords":[{"word":"seguridad vial","score":91,"items":{"introductionKeyword":{"score":9},"keyphraseLength":{"score":9},"keyphraseDensity":{"score":4},"functionWordsInKeyphrase":{"score":9},"textCompetingLinks":{"score":9},"imageKeyphrase":{"score":9}}}],"truseo_locale":null},"aioseo_breadcrumb":"<div class=\"aioseo-breadcrumbs\"><span class=\"aioseo-breadcrumb\">\n\t<a href=\"https:\/\/candas365.es\/noticias\" title=\"Home\">Home<\/a>\n<\/span><span class=\"aioseo-breadcrumb-separator\">&ndash;<\/span><span class=\"aioseo-breadcrumb\">\n\t<a href=\"https:\/\/candas365.es\/noticias\/category\/sociedad\/\" title=\"Sociedad\">Sociedad<\/a>\n<\/span><span class=\"aioseo-breadcrumb-separator\">&ndash;<\/span><span class=\"aioseo-breadcrumb\">\n\tNuevas normas de seguridad vial en Espa\u00f1a\n<\/span><\/div>","aioseo_breadcrumb_json":[{"label":"Home","link":"https:\/\/candas365.es\/noticias"},{"label":"Sociedad","link":"https:\/\/candas365.es\/noticias\/category\/sociedad\/"},{"label":"Nuevas normas de seguridad vial en Espa\u00f1a","link":"https:\/\/candas365.es\/noticias\/nuevas-normas-de-seguridad-vial-en-espana\/"}],"_links":{"self":[{"href":"https:\/\/candas365.es\/noticias\/wp-json\/wp\/v2\/posts\/197963","targetHints":{"allow":["GET"]}}],"collection":[{"href":"https:\/\/candas365.es\/noticias\/wp-json\/wp\/v2\/posts"}],"about":[{"href":"https:\/\/candas365.es\/noticias\/wp-json\/wp\/v2\/types\/post"}],"author":[{"embeddable":true,"href":"https:\/\/candas365.es\/noticias\/wp-json\/wp\/v2\/users\/1"}],"replies":[{"embeddable":true,"href":"https:\/\/candas365.es\/noticias\/wp-json\/wp\/v2\/comments?post=197963"}],"version-history":[{"count":1,"href":"https:\/\/candas365.es\/noticias\/wp-json\/wp\/v2\/posts\/197963\/revisions"}],"predecessor-version":[{"id":197965,"href":"https:\/\/candas365.es\/noticias\/wp-json\/wp\/v2\/posts\/197963\/revisions\/197965"}],"wp:featuredmedia":[{"embeddable":true,"href":"https:\/\/candas365.es\/noticias\/wp-json\/wp\/v2\/media\/197964"}],"wp:attachment":[{"href":"https:\/\/candas365.es\/noticias\/wp-json\/wp\/v2\/media?parent=197963"}],"wp:term":[{"taxonomy":"category","embeddable":true,"href":"https:\/\/candas365.es\/noticias\/wp-json\/wp\/v2\/categories?post=197963"},{"taxonomy":"post_tag","embeddable":true,"href":"https:\/\/candas365.es\/noticias\/wp-json\/wp\/v2\/tags?post=197963"}],"curies":[{"name":"wp","href":"https:\/\/api.w.org\/{rel}","templated":true}]}}