{"id":197960,"date":"2026-09-02T20:17:55","date_gmt":"2026-09-02T18:17:55","guid":{"rendered":"https:\/\/candas365.es\/noticias\/?p=197960"},"modified":"2026-09-02T20:17:55","modified_gmt":"2026-09-02T18:17:55","slug":"laliga-aumenta-su-gasto-en-fichajes","status":"publish","type":"post","link":"https:\/\/candas365.es\/noticias\/laliga-aumenta-su-gasto-en-fichajes\/","title":{"rendered":"LaLiga aumenta su gasto en fichajes"},"content":{"rendered":"<p>LaLIga ha cerrado el mercado de fichajes de verano, de cara a la temporada 2026\/27 con una inversi\u00f3n total de 755 millones de euros seg\u00fan Transfermarkt, un 2,64% m\u00e1s que el verano anterior. Aumenta as\u00ed su inversi\u00f3n en fichajes y cierra el mercado con cuatro de los seis jugadores m\u00e1s valiosos del mundo.<\/p>\n<figure id=\"attachment_197961\" aria-describedby=\"caption-attachment-197961\" style=\"width: 650px\" class=\"wp-caption aligncenter\"><img fetchpriority=\"high\" decoding=\"async\" class=\"size-large wp-image-197961\" src=\"https:\/\/candas365.es\/noticias\/wp-content\/uploads\/2026\/09\/LaLiga-aumenta-su-gasto-en-fichajes-650x454.jpg\" alt=\"LaLiga aumenta su gasto en fichajes\" width=\"650\" height=\"454\" srcset=\"https:\/\/candas365.es\/noticias\/wp-content\/uploads\/2026\/09\/LaLiga-aumenta-su-gasto-en-fichajes-650x454.jpg 650w, https:\/\/candas365.es\/noticias\/wp-content\/uploads\/2026\/09\/LaLiga-aumenta-su-gasto-en-fichajes-360x251.jpg 360w, https:\/\/candas365.es\/noticias\/wp-content\/uploads\/2026\/09\/LaLiga-aumenta-su-gasto-en-fichajes-768x536.jpg 768w, https:\/\/candas365.es\/noticias\/wp-content\/uploads\/2026\/09\/LaLiga-aumenta-su-gasto-en-fichajes-150x105.jpg 150w, https:\/\/candas365.es\/noticias\/wp-content\/uploads\/2026\/09\/LaLiga-aumenta-su-gasto-en-fichajes-450x314.jpg 450w, https:\/\/candas365.es\/noticias\/wp-content\/uploads\/2026\/09\/LaLiga-aumenta-su-gasto-en-fichajes.jpg 1035w\" sizes=\"(max-width: 650px) 100vw, 650px\" \/><figcaption id=\"caption-attachment-197961\" class=\"wp-caption-text\">Campo de juego | Foto del FC Barcelona<\/figcaption><\/figure>\n<div class=\"srvm-nw__body\">\n<p>Este aumento se produce bajo las reglas del Control Econ\u00f3mico implantado por <a href=\"https:\/\/candas365.es\/noticias\/category\/deporte\/\"><span style=\"color: #ff6600;\"><strong>LALIGA<\/strong><\/span><\/a> y aprobado por sus clubes, que tiene como uno de sus principales instrumentos el L\u00edmite de Coste de Plantilla Deportiva (LCPD), que determina el importe m\u00e1ximo que cada entidad puede destinar a su plantilla deportiva teniendo en cuenta variables como los ingresos previstos, los gastos no deportivos, las p\u00e9rdidas acumuladas o las obligaciones derivadas de su deuda.<\/p>\n<p>El resultado es una competici\u00f3n que ha recuperado margen para reforzar sus plantillas y atraer talento, al tiempo que mantiene l\u00edmites destinados a evitar desequilibrios financieros y garantizar la estabilidad financiera de los clubes.<\/p>\n<p>\u00e7\u201cQueremos que los clubes se mantengan y sean sostenibles a largo plazo, y que, si un accionista deja de apoyar a un club, este siga teniendo futuro y pueda seguir existiendo. Eso es lo que hemos hecho y en lo que creemos. No creemos en modelos de p\u00e9rdidas permanentes, porque no solo afectan a quien los impulsa, sino que arrastran al resto de competiciones. Es lo que estamos explicando y denunciando\u201d, se\u00f1al\u00f3 Javier G\u00f3mez, director general Corporativo de LALIGA, ante los medios durante el cierre del mercado de fichajes.<\/p>\n<p>El mercado ha dejado algunas de las operaciones de mayor importe de los \u00faltimos a\u00f1os en el f\u00fatbol espa\u00f1ol. El Real Madrid ha incorporado a Yan Diomand\u00e9, procedente del Leipzig, por 125 millones de euros, mientras que el FC Barcelona ha fichado a Anthony Gordon, del Newcastle, por 80 millones, y a Rodri, procedente del Manchester City, por 60 millones. El conjunto blanco tambi\u00e9n ha cerrado la llegada de Marc Cucurella desde el Chelsea FC por 55 millones.<\/p>\n<p>El Atl\u00e9tico de Madrid figura igualmente entre los clubes con mayor actividad, con las incorporaciones de Cristian Romero, procedente del Tottenham Hotspur, Morten Hjulmand, del Sporting de Portugal, y Kang-in Lee, del Par\u00eds Saint-Germain. Por parte del RC Deportivo de A Coru\u00f1a, uno de los clubes con m\u00e1s actividad en este mercado, destaca el fichaje de Pierre-Emerick Aubameyang que supone su vuelta a la competici\u00f3n espa\u00f1ola despu\u00e9s de haber jugado con el FC Barcelona hace a\u00f1os. Tambi\u00e9n complet\u00f3 las cesiones de Marc Casad\u00f3 y Jos\u00e9 Mar\u00eda Gim\u00e9nez.<\/p>\n<p>En la \u00faltima noche fren\u00e9tica de mercado el Real Betis cerr\u00f3 el regreso de Dani Ceballos, que firma hasta 2029. Tambi\u00e9n destacaron los movimientos del Sevilla FC, con Fofana, Stassin y Correia; del Racing de Santander, con Pablo Garc\u00eda, Iker Luque, Almeida y Aar\u00f3n Mart\u00edn; y del Elche CF, con Lemar, Roy Revivo y Rub\u00e9n S\u00e1nchez.<\/p>\n<h1>MAYOR VALORACI\u00d3N<\/h1>\n<p>El cierre del mercado deja adem\u00e1s a LALIGA con cuatro de los seis jugadores con mayor valoraci\u00f3n del f\u00fatbol internacional. Lamine Yamal y Pedri, del FC Barcelona, y Kylian Mbapp\u00e9, y Jude Bellingham, del Real Madrid, aparecen entre los seis futbolistas m\u00e1s cotizados, junto a Erling Haaland, del Manchester City, y Michael Olise, del Bayern de M\u00fanich.<\/p>\n<p>Lamine Yamal encabeza las estimaciones de valoraci\u00f3n, que sit\u00faan al delantero del Barcelona en 220 millones de euros. Mbapp\u00e9 aparece entre 200 millones, Bellingham entre 160 millones, y Pedri entre 150 millones, seg\u00fan datos de Transfermarkt.<\/p>\n<p>La presencia de futbolistas de LALIGA entre los jugadores m\u00e1s destacados del mercado internacional se puso de manifiesto tambi\u00e9n durante el reciente Mundial. De los 81 jugadores pertenecientes a clubes espa\u00f1oles que comenzaron el campeonato, 29 alcanzaron las semifinales, un 36% del total. Fue el porcentaje m\u00e1s elevado entre las principales ligas europeas y super\u00f3 el 25% de la Premier League, que mantuvo en esa ronda a 40 de los 162 jugadores con los que hab\u00eda iniciado el torneo.<\/p>\n<p>La presencia espa\u00f1ola aument\u00f3 en la final entre Espa\u00f1a y Argentina. LALIGA aport\u00f3 24 de los 52 jugadores convocados por ambas selecciones, once m\u00e1s que la Premier League, que cont\u00f3 con 13. En las semifinales, adem\u00e1s, 16 de los 44 futbolistas que formaron parte de los onces iniciales de Espa\u00f1a, Argentina, Francia e Inglaterra pertenec\u00edan a clubes de la competici\u00f3n espa\u00f1ola.<\/p>\n<p>Ese peso se traslad\u00f3 posteriormente a los principales premios del Mundial. Rodri, nuevo jugador del FC Barcelona, recibi\u00f3 el Bal\u00f3n de Oro como mejor futbolista del campeonato tras liderar el centro del campo de la selecci\u00f3n espa\u00f1ola campeona.<\/p>\n<p>Kylian Mbapp\u00e9, delantero del Real Madrid, obtuvo la Bota de Oro despu\u00e9s de terminar como m\u00e1ximo goleador con diez tantos y convertirse en el primer jugador en conseguir este reconocimiento en dos Mundiales.<\/p>\n<p>El portero del Athletic Club Unai Sim\u00f3n recibi\u00f3 el Guante de Oro tras terminar siete de los ocho encuentros que disput\u00f3 sin encajar gol, mientras que Pau Cubars\u00ed, defensa del FC Barcelona de 19 a\u00f1os, fue elegido mejor futbolista joven del torneo.<\/p>\n<\/div>\n<div id=\"end-scroll\" class=\"srvm-nw__code\">\n<p>(<a href=\"https:\/\/www.servimedia.es\/\" target=\"_blank\" rel=\"noopener\"><span style=\"color: #ff6600;\"><strong>SERVIMEDIA<\/strong><\/span><\/a>)<\/p>\n<\/div>\n","protected":false},"excerpt":{"rendered":"<p>LaLIga ha cerrado el mercado de fichajes de verano, de cara a la temporada 2026\/27 con una inversi\u00f3n total de 755 millones de euros seg\u00fan Transfermarkt, un 2,64% m\u00e1s que el verano anterior. Aumenta as\u00ed su inversi\u00f3n en fichajes y cierra el mercado con cuatro de los seis jugadores m\u00e1s valiosos del mundo. Este aumento<\/p>\n","protected":false},"author":1,"featured_media":197961,"comment_status":"closed","ping_status":"closed","sticky":false,"template":"","format":"standard","meta":{"footnotes":""},"categories":[319],"tags":[387,389],"class_list":["post-197960","post","type-post","status-publish","format-standard","has-post-thumbnail","category-deporte","tag-deporte","tag-futbol"],"aioseo_notices":[],"aioseo_head":"\n\t\t<!-- All in One SEO Pro 5.0.1.1 - aioseo.com -->\n\t<meta name=\"description\" content=\"LaLIga ha cerrado el mercado de fichajes de verano, de cara a la temporada 2026\/27 con una inversi\u00f3n total de 755 millones de euros seg\u00fan Transfermarkt\" \/>\n\t<meta name=\"robots\" content=\"max-image-preview:large\" \/>\n\t<meta name=\"author\" content=\"Cand\u00e1s 365\"\/>\n\t<meta name=\"google-site-verification\" content=\"UA-32230408-1\" \/>\n\t<meta name=\"msvalidate.01\" content=\"354F3CDFB2DA171B47FBE9ABF1F88D5\" \/>\n\t<meta name=\"keywords\" content=\"deporte\" \/>\n\t<link rel=\"canonical\" href=\"https:\/\/candas365.es\/noticias\/laliga-aumenta-su-gasto-en-fichajes\/\" \/>\n\t<meta name=\"generator\" content=\"All in One SEO Pro (AIOSEO) 5.0.1.1\" \/>\n\t\t<meta property=\"og:locale\" content=\"es_ES\" \/>\n\t\t<meta property=\"og:site_name\" content=\"Cand\u00e1s 365\" \/>\n\t\t<meta property=\"og:type\" content=\"article\" \/>\n\t\t<meta property=\"og:title\" content=\"LaLiga aumenta su gasto en fichajes \u2013 Cand\u00e1s 365\" \/>\n\t\t<meta property=\"og:description\" content=\"LaLIga ha cerrado el mercado de fichajes de verano, de cara a la temporada 2026\/27 con una inversi\u00f3n total de 755 millones de euros seg\u00fan Transfermarkt\" \/>\n\t\t<meta property=\"og:url\" content=\"https:\/\/candas365.es\/noticias\/laliga-aumenta-su-gasto-en-fichajes\/\" \/>\n\t\t<meta property=\"og:image\" content=\"https:\/\/candas365.es\/noticias\/wp-content\/uploads\/2026\/09\/LaLiga-aumenta-su-gasto-en-fichajes.jpg\" \/>\n\t\t<meta property=\"og:image:secure_url\" content=\"https:\/\/candas365.es\/noticias\/wp-content\/uploads\/2026\/09\/LaLiga-aumenta-su-gasto-en-fichajes.jpg\" \/>\n\t\t<meta property=\"og:image:width\" content=\"1035\" \/>\n\t\t<meta property=\"og:image:height\" content=\"723\" \/>\n\t\t<meta property=\"article:published_time\" content=\"2026-09-02T18:17:55+00:00\" \/>\n\t\t<meta property=\"article:modified_time\" content=\"2026-09-02T18:17:55+00:00\" \/>\n\t\t<meta property=\"article:publisher\" content=\"https:\/\/www.facebook.com\/Nachofdezber\" \/>\n\t\t<meta property=\"article:author\" content=\"https:\/\/www.facebook.com\/Nachofdezber\" \/>\n\t\t<meta name=\"twitter:card\" content=\"summary_large_image\" \/>\n\t\t<meta name=\"twitter:site\" content=\"@candas365\" \/>\n\t\t<meta name=\"twitter:title\" content=\"LaLiga aumenta su gasto en fichajes \u2013 Cand\u00e1s 365\" \/>\n\t\t<meta name=\"twitter:description\" content=\"LaLIga ha cerrado el mercado de fichajes de verano, de cara a la temporada 2026\/27 con una inversi\u00f3n total de 755 millones de euros seg\u00fan Transfermarkt\" \/>\n\t\t<meta name=\"twitter:creator\" content=\"@candas365\" \/>\n\t\t<meta name=\"twitter:image\" content=\"https:\/\/candas365.es\/noticias\/wp-content\/uploads\/2026\/09\/LaLiga-aumenta-su-gasto-en-fichajes.jpg\" \/>\n\t\t<meta name=\"twitter:label1\" content=\"Escrito por\" \/>\n\t\t<meta name=\"twitter:data1\" content=\"Cand\u00e1s 365\" \/>\n\t\t<meta name=\"twitter:label2\" content=\"Tiempo de lectura estimado\" \/>\n\t\t<meta name=\"twitter:data2\" content=\"4 minutos\" \/>\n\t\t<script type=\"application\/ld+json\" class=\"aioseo-schema\">\n\t\t\t{\"@context\":\"https:\\\/\\\/schema.org\",\"@graph\":[{\"@type\":\"BreadcrumbList\",\"@id\":\"https:\\\/\\\/candas365.es\\\/noticias\\\/laliga-aumenta-su-gasto-en-fichajes\\\/#breadcrumblist\",\"itemListElement\":[{\"@type\":\"ListItem\",\"@id\":\"https:\\\/\\\/candas365.es\\\/noticias#listItem\",\"position\":1,\"name\":\"Home\",\"item\":\"https:\\\/\\\/candas365.es\\\/noticias\",\"nextItem\":{\"@type\":\"ListItem\",\"@id\":\"https:\\\/\\\/candas365.es\\\/noticias\\\/category\\\/deporte\\\/#listItem\",\"name\":\"Deporte\"}},{\"@type\":\"ListItem\",\"@id\":\"https:\\\/\\\/candas365.es\\\/noticias\\\/category\\\/deporte\\\/#listItem\",\"position\":2,\"name\":\"Deporte\",\"item\":\"https:\\\/\\\/candas365.es\\\/noticias\\\/category\\\/deporte\\\/\",\"nextItem\":{\"@type\":\"ListItem\",\"@id\":\"https:\\\/\\\/candas365.es\\\/noticias\\\/laliga-aumenta-su-gasto-en-fichajes\\\/#listItem\",\"name\":\"LaLiga aumenta su gasto en fichajes\"},\"previousItem\":{\"@type\":\"ListItem\",\"@id\":\"https:\\\/\\\/candas365.es\\\/noticias#listItem\",\"name\":\"Home\"}},{\"@type\":\"ListItem\",\"@id\":\"https:\\\/\\\/candas365.es\\\/noticias\\\/laliga-aumenta-su-gasto-en-fichajes\\\/#listItem\",\"position\":3,\"name\":\"LaLiga aumenta su gasto en fichajes\",\"previousItem\":{\"@type\":\"ListItem\",\"@id\":\"https:\\\/\\\/candas365.es\\\/noticias\\\/category\\\/deporte\\\/#listItem\",\"name\":\"Deporte\"}}]},{\"@type\":\"NewsArticle\",\"@id\":\"https:\\\/\\\/candas365.es\\\/noticias\\\/laliga-aumenta-su-gasto-en-fichajes\\\/#newsarticle\",\"name\":\"LaLiga aumenta su gasto en fichajes | Cand\\u00e1s 365\",\"headline\":\"LaLiga aumenta su gasto en fichajes\",\"author\":{\"@id\":\"https:\\\/\\\/candas365.es\\\/noticias\\\/author\\\/admin\\\/#author\"},\"publisher\":{\"@id\":\"https:\\\/\\\/candas365.es\\\/noticias\\\/#organization\"},\"image\":{\"@type\":\"ImageObject\",\"url\":\"https:\\\/\\\/candas365.es\\\/noticias\\\/wp-content\\\/uploads\\\/2026\\\/09\\\/LaLiga-aumenta-su-gasto-en-fichajes.jpg\",\"width\":1035,\"height\":723,\"caption\":\"Campo de juego | Foto del FC Barcelona\"},\"datePublished\":\"2026-09-02T20:17:55+02:00\",\"dateModified\":\"2026-09-02T20:17:55+02:00\",\"inLanguage\":\"es-ES\",\"mainEntityOfPage\":{\"@id\":\"https:\\\/\\\/candas365.es\\\/noticias\\\/laliga-aumenta-su-gasto-en-fichajes\\\/#webpage\"},\"isPartOf\":{\"@id\":\"https:\\\/\\\/candas365.es\\\/noticias\\\/laliga-aumenta-su-gasto-en-fichajes\\\/#webpage\"},\"articleSection\":\"Deporte, deporte, f\\u00fatbol\",\"dateline\":\"Publicado el septiembre 2, 2026.\"},{\"@type\":\"Organization\",\"@id\":\"https:\\\/\\\/candas365.es\\\/noticias\\\/#organization\",\"name\":\"Cand\\u00e1s 365\",\"description\":\"Cand\\u00e1s 365 es un diario digital independiente, fundado en 2012, con base en Asturias. Informamos con rigor sobre actualidad, sociedad, cultura y ocio, con una mirada local y global.\",\"url\":\"https:\\\/\\\/candas365.es\\\/noticias\\\/\",\"email\":\"info@candas365.es\",\"telephone\":\"+34652131393\",\"foundingDate\":\"2012-06-10\",\"logo\":{\"@type\":\"ImageObject\",\"url\":\"https:\\\/\\\/candas365.es\\\/noticias\\\/wp-content\\\/uploads\\\/2024\\\/09\\\/Candas-365-Redes.jpg\",\"@id\":\"https:\\\/\\\/candas365.es\\\/noticias\\\/laliga-aumenta-su-gasto-en-fichajes\\\/#organizationLogo\",\"width\":1152,\"height\":864,\"caption\":\"Cand\\u00e1s 365 Redes\"},\"image\":{\"@id\":\"https:\\\/\\\/candas365.es\\\/noticias\\\/laliga-aumenta-su-gasto-en-fichajes\\\/#organizationLogo\"},\"sameAs\":[\"https:\\\/\\\/www.facebook.com\\\/Nachofdezber\",\"https:\\\/\\\/x.com\\\/candas365\",\"https:\\\/\\\/www.instagram.com\\\/nachofdezber\\\/\",\"https:\\\/\\\/www.youtube.com\\\/channel\\\/UCZP-2wLEB9Rv6erhFmqVnvg\"],\"address\":{\"@id\":\"https:\\\/\\\/candas365.es\\\/noticias\\\/#postaladdress\",\"@type\":\"PostalAddress\",\"streetAddress\":\"san antonio 4, san antonio 4\",\"postalCode\":\"33430\",\"addressLocality\":\"Cand\\u00e1s\",\"addressRegion\":\"Asturias\",\"addressCountry\":\"ES\"}},{\"@type\":\"Person\",\"@id\":\"https:\\\/\\\/candas365.es\\\/noticias\\\/author\\\/admin\\\/#author\",\"url\":\"https:\\\/\\\/candas365.es\\\/noticias\\\/author\\\/admin\\\/\",\"name\":\"Cand\\u00e1s 365\",\"image\":{\"@type\":\"ImageObject\",\"@id\":\"https:\\\/\\\/candas365.es\\\/noticias\\\/laliga-aumenta-su-gasto-en-fichajes\\\/#authorImage\",\"url\":\"https:\\\/\\\/candas365.es\\\/noticias\\\/wp-content\\\/uploads\\\/2026\\\/07\\\/cropped-eyevuvEl_400x400-96x96.jpg\",\"width\":96,\"height\":96,\"caption\":\"Cand\\u00e1s 365\"},\"sameAs\":[\"https:\\\/\\\/www.facebook.com\\\/Nachofdezber\",\"https:\\\/\\\/x.com\\\/candas365\",\"https:\\\/\\\/www.instagram.com\\\/nachofdezber\\\/\",\"https:\\\/\\\/www.youtube.com\\\/channel\\\/UCZP-2wLEB9Rv6erhFmqVnvg\"]},{\"@type\":\"WebPage\",\"@id\":\"https:\\\/\\\/candas365.es\\\/noticias\\\/laliga-aumenta-su-gasto-en-fichajes\\\/#webpage\",\"url\":\"https:\\\/\\\/candas365.es\\\/noticias\\\/laliga-aumenta-su-gasto-en-fichajes\\\/\",\"name\":\"LaLiga aumenta su gasto en fichajes | Cand\\u00e1s 365\",\"description\":\"LaLIga ha cerrado el mercado de fichajes de verano, de cara a la temporada 2026\\\/27 con una inversi\\u00f3n total de 755 millones de euros seg\\u00fan Transfermarkt\",\"inLanguage\":\"es-ES\",\"isPartOf\":{\"@id\":\"https:\\\/\\\/candas365.es\\\/noticias\\\/#website\"},\"breadcrumb\":{\"@id\":\"https:\\\/\\\/candas365.es\\\/noticias\\\/laliga-aumenta-su-gasto-en-fichajes\\\/#breadcrumblist\"},\"author\":{\"@id\":\"https:\\\/\\\/candas365.es\\\/noticias\\\/author\\\/admin\\\/#author\"},\"creator\":{\"@id\":\"https:\\\/\\\/candas365.es\\\/noticias\\\/author\\\/admin\\\/#author\"},\"image\":{\"@type\":\"ImageObject\",\"url\":\"https:\\\/\\\/candas365.es\\\/noticias\\\/wp-content\\\/uploads\\\/2026\\\/09\\\/LaLiga-aumenta-su-gasto-en-fichajes.jpg\",\"@id\":\"https:\\\/\\\/candas365.es\\\/noticias\\\/laliga-aumenta-su-gasto-en-fichajes\\\/#mainImage\",\"width\":1035,\"height\":723,\"caption\":\"Campo de juego | Foto del FC Barcelona\"},\"primaryImageOfPage\":{\"@id\":\"https:\\\/\\\/candas365.es\\\/noticias\\\/laliga-aumenta-su-gasto-en-fichajes\\\/#mainImage\"},\"datePublished\":\"2026-09-02T20:17:55+02:00\",\"dateModified\":\"2026-09-02T20:17:55+02:00\"},{\"@type\":\"WebSite\",\"@id\":\"https:\\\/\\\/candas365.es\\\/noticias\\\/#website\",\"url\":\"https:\\\/\\\/candas365.es\\\/noticias\\\/\",\"name\":\"Cand\\u00e1s 365\",\"alternateName\":\"Cand\\u00e1s 365 Noticias\",\"description\":\"Actualidad desde Carre\\u00f1o para el mundo\",\"inLanguage\":\"es-ES\",\"publisher\":{\"@id\":\"https:\\\/\\\/candas365.es\\\/noticias\\\/#organization\"}}]}\n\t\t<\/script>\n\t\t<!-- All in One SEO Pro -->\r\n\t\t<title>LaLiga aumenta su gasto en fichajes | Cand\u00e1s 365<\/title>\n\n","aioseo_head_json":{"title":"LaLiga aumenta su gasto en fichajes | Cand\u00e1s 365","description":"LaLIga ha cerrado el mercado de fichajes de verano, de cara a la temporada 2026\/27 con una inversi\u00f3n total de 755 millones de euros seg\u00fan Transfermarkt","canonical_url":"https:\/\/candas365.es\/noticias\/laliga-aumenta-su-gasto-en-fichajes\/","robots":"max-image-preview:large","keywords":"deporte","webmasterTools":{"google-site-verification":"UA-32230408-1","msvalidate.01":"354F3CDFB2DA171B47FBE9ABF1F88D5","miscellaneous":""},"schema":{"@context":"https:\/\/schema.org","@graph":[{"@type":"BreadcrumbList","@id":"https:\/\/candas365.es\/noticias\/laliga-aumenta-su-gasto-en-fichajes\/#breadcrumblist","itemListElement":[{"@type":"ListItem","@id":"https:\/\/candas365.es\/noticias#listItem","position":1,"name":"Home","item":"https:\/\/candas365.es\/noticias","nextItem":{"@type":"ListItem","@id":"https:\/\/candas365.es\/noticias\/category\/deporte\/#listItem","name":"Deporte"}},{"@type":"ListItem","@id":"https:\/\/candas365.es\/noticias\/category\/deporte\/#listItem","position":2,"name":"Deporte","item":"https:\/\/candas365.es\/noticias\/category\/deporte\/","nextItem":{"@type":"ListItem","@id":"https:\/\/candas365.es\/noticias\/laliga-aumenta-su-gasto-en-fichajes\/#listItem","name":"LaLiga aumenta su gasto en fichajes"},"previousItem":{"@type":"ListItem","@id":"https:\/\/candas365.es\/noticias#listItem","name":"Home"}},{"@type":"ListItem","@id":"https:\/\/candas365.es\/noticias\/laliga-aumenta-su-gasto-en-fichajes\/#listItem","position":3,"name":"LaLiga aumenta su gasto en fichajes","previousItem":{"@type":"ListItem","@id":"https:\/\/candas365.es\/noticias\/category\/deporte\/#listItem","name":"Deporte"}}]},{"@type":"NewsArticle","@id":"https:\/\/candas365.es\/noticias\/laliga-aumenta-su-gasto-en-fichajes\/#newsarticle","name":"LaLiga aumenta su gasto en fichajes | Cand\u00e1s 365","headline":"LaLiga aumenta su gasto en fichajes","author":{"@id":"https:\/\/candas365.es\/noticias\/author\/admin\/#author"},"publisher":{"@id":"https:\/\/candas365.es\/noticias\/#organization"},"image":{"@type":"ImageObject","url":"https:\/\/candas365.es\/noticias\/wp-content\/uploads\/2026\/09\/LaLiga-aumenta-su-gasto-en-fichajes.jpg","width":1035,"height":723,"caption":"Campo de juego | Foto del FC Barcelona"},"datePublished":"2026-09-02T20:17:55+02:00","dateModified":"2026-09-02T20:17:55+02:00","inLanguage":"es-ES","mainEntityOfPage":{"@id":"https:\/\/candas365.es\/noticias\/laliga-aumenta-su-gasto-en-fichajes\/#webpage"},"isPartOf":{"@id":"https:\/\/candas365.es\/noticias\/laliga-aumenta-su-gasto-en-fichajes\/#webpage"},"articleSection":"Deporte, deporte, f\u00fatbol","dateline":"Publicado el septiembre 2, 2026."},{"@type":"Organization","@id":"https:\/\/candas365.es\/noticias\/#organization","name":"Cand\u00e1s 365","description":"Cand\u00e1s 365 es un diario digital independiente, fundado en 2012, con base en Asturias. Informamos con rigor sobre actualidad, sociedad, cultura y ocio, con una mirada local y global.","url":"https:\/\/candas365.es\/noticias\/","email":"info@candas365.es","telephone":"+34652131393","foundingDate":"2012-06-10","logo":{"@type":"ImageObject","url":"https:\/\/candas365.es\/noticias\/wp-content\/uploads\/2024\/09\/Candas-365-Redes.jpg","@id":"https:\/\/candas365.es\/noticias\/laliga-aumenta-su-gasto-en-fichajes\/#organizationLogo","width":1152,"height":864,"caption":"Cand\u00e1s 365 Redes"},"image":{"@id":"https:\/\/candas365.es\/noticias\/laliga-aumenta-su-gasto-en-fichajes\/#organizationLogo"},"sameAs":["https:\/\/www.facebook.com\/Nachofdezber","https:\/\/x.com\/candas365","https:\/\/www.instagram.com\/nachofdezber\/","https:\/\/www.youtube.com\/channel\/UCZP-2wLEB9Rv6erhFmqVnvg"],"address":{"@id":"https:\/\/candas365.es\/noticias\/#postaladdress","@type":"PostalAddress","streetAddress":"san antonio 4, san antonio 4","postalCode":"33430","addressLocality":"Cand\u00e1s","addressRegion":"Asturias","addressCountry":"ES"}},{"@type":"Person","@id":"https:\/\/candas365.es\/noticias\/author\/admin\/#author","url":"https:\/\/candas365.es\/noticias\/author\/admin\/","name":"Cand\u00e1s 365","image":{"@type":"ImageObject","@id":"https:\/\/candas365.es\/noticias\/laliga-aumenta-su-gasto-en-fichajes\/#authorImage","url":"https:\/\/candas365.es\/noticias\/wp-content\/uploads\/2026\/07\/cropped-eyevuvEl_400x400-96x96.jpg","width":96,"height":96,"caption":"Cand\u00e1s 365"},"sameAs":["https:\/\/www.facebook.com\/Nachofdezber","https:\/\/x.com\/candas365","https:\/\/www.instagram.com\/nachofdezber\/","https:\/\/www.youtube.com\/channel\/UCZP-2wLEB9Rv6erhFmqVnvg"]},{"@type":"WebPage","@id":"https:\/\/candas365.es\/noticias\/laliga-aumenta-su-gasto-en-fichajes\/#webpage","url":"https:\/\/candas365.es\/noticias\/laliga-aumenta-su-gasto-en-fichajes\/","name":"LaLiga aumenta su gasto en fichajes | Cand\u00e1s 365","description":"LaLIga ha cerrado el mercado de fichajes de verano, de cara a la temporada 2026\/27 con una inversi\u00f3n total de 755 millones de euros seg\u00fan Transfermarkt","inLanguage":"es-ES","isPartOf":{"@id":"https:\/\/candas365.es\/noticias\/#website"},"breadcrumb":{"@id":"https:\/\/candas365.es\/noticias\/laliga-aumenta-su-gasto-en-fichajes\/#breadcrumblist"},"author":{"@id":"https:\/\/candas365.es\/noticias\/author\/admin\/#author"},"creator":{"@id":"https:\/\/candas365.es\/noticias\/author\/admin\/#author"},"image":{"@type":"ImageObject","url":"https:\/\/candas365.es\/noticias\/wp-content\/uploads\/2026\/09\/LaLiga-aumenta-su-gasto-en-fichajes.jpg","@id":"https:\/\/candas365.es\/noticias\/laliga-aumenta-su-gasto-en-fichajes\/#mainImage","width":1035,"height":723,"caption":"Campo de juego | Foto del FC Barcelona"},"primaryImageOfPage":{"@id":"https:\/\/candas365.es\/noticias\/laliga-aumenta-su-gasto-en-fichajes\/#mainImage"},"datePublished":"2026-09-02T20:17:55+02:00","dateModified":"2026-09-02T20:17:55+02:00"},{"@type":"WebSite","@id":"https:\/\/candas365.es\/noticias\/#website","url":"https:\/\/candas365.es\/noticias\/","name":"Cand\u00e1s 365","alternateName":"Cand\u00e1s 365 Noticias","description":"Actualidad desde Carre\u00f1o para el mundo","inLanguage":"es-ES","publisher":{"@id":"https:\/\/candas365.es\/noticias\/#organization"}}]},"og:locale":"es_ES","og:site_name":"Cand\u00e1s 365","og:type":"article","og:title":"LaLiga aumenta su gasto en fichajes \u2013 Cand\u00e1s 365","og:description":"LaLIga ha cerrado el mercado de fichajes de verano, de cara a la temporada 2026\/27 con una inversi\u00f3n total de 755 millones de euros seg\u00fan Transfermarkt","og:url":"https:\/\/candas365.es\/noticias\/laliga-aumenta-su-gasto-en-fichajes\/","og:image":"https:\/\/candas365.es\/noticias\/wp-content\/uploads\/2026\/09\/LaLiga-aumenta-su-gasto-en-fichajes.jpg","og:image:secure_url":"https:\/\/candas365.es\/noticias\/wp-content\/uploads\/2026\/09\/LaLiga-aumenta-su-gasto-en-fichajes.jpg","og:image:width":1035,"og:image:height":723,"article:published_time":"2026-09-02T18:17:55+00:00","article:modified_time":"2026-09-02T18:17:55+00:00","article:publisher":"https:\/\/www.facebook.com\/Nachofdezber","article:author":"https:\/\/www.facebook.com\/Nachofdezber","twitter:card":"summary_large_image","twitter:site":"@candas365","twitter:title":"LaLiga aumenta su gasto en fichajes \u2013 Cand\u00e1s 365","twitter:description":"LaLIga ha cerrado el mercado de fichajes de verano, de cara a la temporada 2026\/27 con una inversi\u00f3n total de 755 millones de euros seg\u00fan Transfermarkt","twitter:creator":"@candas365","twitter:image":"https:\/\/candas365.es\/noticias\/wp-content\/uploads\/2026\/09\/LaLiga-aumenta-su-gasto-en-fichajes.jpg","twitter:label1":"Escrito por","twitter:data1":"Cand\u00e1s 365","twitter:label2":"Tiempo de lectura estimado","twitter:data2":"4 minutos"},"aioseo_meta_data":{"post_id":"197960","title":null,"description":"LaLIga ha cerrado el mercado de fichajes de verano, de cara a la temporada 2026\/27 con una inversi\u00f3n total de 755 millones de euros seg\u00fan Transfermarkt","keywords":null,"keyphrases":{"focus":{"keyphrase":"LaLiga","score":0,"analysis":[]},"additional":[{"keyphrase":"LaLiga fichajes","score":0}]},"primary_term":null,"canonical_url":null,"og_title":"#post_title #separator_sa #site_title","og_description":"LaLIga ha cerrado el mercado de fichajes de verano, de cara a la temporada 2026\/27 con una inversi\u00f3n total de 755 millones de euros seg\u00fan Transfermarkt","og_object_type":"default","og_image_type":"default","og_image_url":null,"og_image_width":null,"og_image_height":null,"og_image_custom_url":null,"og_image_custom_fields":null,"og_video":"","og_custom_url":null,"og_article_section":null,"og_article_tags":null,"twitter_use_og":true,"twitter_card":"default","twitter_image_type":"default","twitter_image_url":null,"twitter_image_custom_url":null,"twitter_image_custom_fields":null,"twitter_title":null,"twitter_description":null,"schema":{"blockGraphs":[],"customGraphs":[],"default":{"data":{"Article":[],"Course":[],"Dataset":[],"FAQPage":[],"Movie":[],"Person":[],"Product":[],"ProductReview":[],"Car":[],"Recipe":[],"Service":[],"SoftwareApplication":[],"WebPage":[]},"graphName":"NewsArticle","isEnabled":true},"graphs":[]},"schema_type":"default","schema_type_options":null,"pillar_content":false,"robots_default":true,"robots_noindex":false,"robots_noarchive":false,"robots_nosnippet":false,"robots_nofollow":false,"robots_noimageindex":false,"robots_noodp":false,"robots_notranslate":false,"robots_max_snippet":"-1","robots_max_videopreview":"-1","robots_max_imagepreview":"large","priority":null,"frequency":"default","location":null,"local_seo":null,"seo_analyzer_scan_date":"2026-09-02 18:19:13","breadcrumb_settings":null,"limit_modified_date":false,"reviewed_by":"0","open_ai":null,"ai":{"faqs":[],"keyPoints":[],"schemas":[],"titles":[],"descriptions":[],"socialPosts":{"email":{"subject":"","preview":"","content":""},"linkedin":[],"twitter":[],"facebook":[],"instagram":[]}},"created":"2026-09-02 17:21:54","updated":"2026-09-02 19:02:19","focus_keyword":"LaLiga","additional_keywords":[{"word":"LaLiga fichajes","score":91,"items":{"introductionKeyword":{"score":9},"keyphraseLength":{"score":9},"keyphraseDensity":{"score":4},"functionWordsInKeyphrase":{"score":9},"textCompetingLinks":{"score":9},"imageKeyphrase":{"score":9}}}],"truseo_locale":null},"aioseo_breadcrumb":"<div class=\"aioseo-breadcrumbs\"><span class=\"aioseo-breadcrumb\">\n\t<a href=\"https:\/\/candas365.es\/noticias\" title=\"Home\">Home<\/a>\n<\/span><span class=\"aioseo-breadcrumb-separator\">&ndash;<\/span><span class=\"aioseo-breadcrumb\">\n\t<a href=\"https:\/\/candas365.es\/noticias\/category\/deporte\/\" title=\"Deporte\">Deporte<\/a>\n<\/span><span class=\"aioseo-breadcrumb-separator\">&ndash;<\/span><span class=\"aioseo-breadcrumb\">\n\tLaLiga aumenta su gasto en fichajes\n<\/span><\/div>","aioseo_breadcrumb_json":[{"label":"Home","link":"https:\/\/candas365.es\/noticias"},{"label":"Deporte","link":"https:\/\/candas365.es\/noticias\/category\/deporte\/"},{"label":"LaLiga aumenta su gasto en fichajes","link":"https:\/\/candas365.es\/noticias\/laliga-aumenta-su-gasto-en-fichajes\/"}],"_links":{"self":[{"href":"https:\/\/candas365.es\/noticias\/wp-json\/wp\/v2\/posts\/197960","targetHints":{"allow":["GET"]}}],"collection":[{"href":"https:\/\/candas365.es\/noticias\/wp-json\/wp\/v2\/posts"}],"about":[{"href":"https:\/\/candas365.es\/noticias\/wp-json\/wp\/v2\/types\/post"}],"author":[{"embeddable":true,"href":"https:\/\/candas365.es\/noticias\/wp-json\/wp\/v2\/users\/1"}],"replies":[{"embeddable":true,"href":"https:\/\/candas365.es\/noticias\/wp-json\/wp\/v2\/comments?post=197960"}],"version-history":[{"count":1,"href":"https:\/\/candas365.es\/noticias\/wp-json\/wp\/v2\/posts\/197960\/revisions"}],"predecessor-version":[{"id":197962,"href":"https:\/\/candas365.es\/noticias\/wp-json\/wp\/v2\/posts\/197960\/revisions\/197962"}],"wp:featuredmedia":[{"embeddable":true,"href":"https:\/\/candas365.es\/noticias\/wp-json\/wp\/v2\/media\/197961"}],"wp:attachment":[{"href":"https:\/\/candas365.es\/noticias\/wp-json\/wp\/v2\/media?parent=197960"}],"wp:term":[{"taxonomy":"category","embeddable":true,"href":"https:\/\/candas365.es\/noticias\/wp-json\/wp\/v2\/categories?post=197960"},{"taxonomy":"post_tag","embeddable":true,"href":"https:\/\/candas365.es\/noticias\/wp-json\/wp\/v2\/tags?post=197960"}],"curies":[{"name":"wp","href":"https:\/\/api.w.org\/{rel}","templated":true}]}}