{"id":197957,"date":"2026-09-02T14:38:42","date_gmt":"2026-09-02T12:38:42","guid":{"rendered":"https:\/\/candas365.es\/noticias\/?p=197957"},"modified":"2026-09-02T14:38:42","modified_gmt":"2026-09-02T12:38:42","slug":"gozon-reunira-a-sus-mayores-en-moniello","status":"publish","type":"post","link":"https:\/\/candas365.es\/noticias\/gozon-reunira-a-sus-mayores-en-moniello\/","title":{"rendered":"Goz\u00f3n reunir\u00e1 a sus mayores en Moniello"},"content":{"rendered":"<p>El<strong><span style=\"color: #ff6600;\"> <a style=\"color: #ff6600;\" title=\"Ayuntamiento de Goz\u00f3n\" href=\"https:\/\/www.ayto-gozon.org\/\" target=\"_blank\" rel=\"noopener\">Ayuntamiento de Goz\u00f3n<\/a><\/span><\/strong> celebrar\u00e1 el 19 de septiembre de 2026 en Moniello su tradicional Encuentro de Mayores, una jornada para la convivencia, reconocimiento y homenaje a las personas mayores del concejo.<\/p>\n<figure id=\"attachment_197958\" aria-describedby=\"caption-attachment-197958\" style=\"width: 650px\" class=\"wp-caption aligncenter\"><img fetchpriority=\"high\" decoding=\"async\" class=\"size-large wp-image-197958\" src=\"https:\/\/candas365.es\/noticias\/wp-content\/uploads\/2026\/09\/Gozon-reunira-a-sus-mayores-en-Moniello-650x423.jpg\" alt=\"Goz\u00f3n reunir\u00e1 a sus mayores en Moniello\" width=\"650\" height=\"423\" srcset=\"https:\/\/candas365.es\/noticias\/wp-content\/uploads\/2026\/09\/Gozon-reunira-a-sus-mayores-en-Moniello-650x423.jpg 650w, https:\/\/candas365.es\/noticias\/wp-content\/uploads\/2026\/09\/Gozon-reunira-a-sus-mayores-en-Moniello-360x234.jpg 360w, https:\/\/candas365.es\/noticias\/wp-content\/uploads\/2026\/09\/Gozon-reunira-a-sus-mayores-en-Moniello-768x500.jpg 768w, https:\/\/candas365.es\/noticias\/wp-content\/uploads\/2026\/09\/Gozon-reunira-a-sus-mayores-en-Moniello-150x98.jpg 150w, https:\/\/candas365.es\/noticias\/wp-content\/uploads\/2026\/09\/Gozon-reunira-a-sus-mayores-en-Moniello-450x293.jpg 450w, https:\/\/candas365.es\/noticias\/wp-content\/uploads\/2026\/09\/Gozon-reunira-a-sus-mayores-en-Moniello-1200x781.jpg 1200w, https:\/\/candas365.es\/noticias\/wp-content\/uploads\/2026\/09\/Gozon-reunira-a-sus-mayores-en-Moniello.jpg 1250w\" sizes=\"(max-width: 650px) 100vw, 650px\" \/><figcaption id=\"caption-attachment-197958\" class=\"wp-caption-text\">Foto: 123rf.com<\/figcaption><\/figure>\n<p><strong>La cita tendr\u00e1 lugar el pr\u00f3ximo s\u00e1bado 19 de septiembre en el \u00e1rea recreativa de Moniello, donde los participantes podr\u00e1n disfrutar de un d\u00eda de encuentro y celebraci\u00f3n.<\/strong><\/p>\n<p><strong>Las personas interesadas en asistir deber\u00e1n realizar inscripci\u00f3n previa hasta el 13 de septiembre.<\/strong> En el caso de los vecinos y vecinas de <span style=\"color: #ff6600;\"><a style=\"color: #ff6600;\" href=\"https:\/\/candas365.es\/noticias\/category\/asturias\/\"><strong>Luanco<\/strong><\/a><\/span>, las inscripciones se realizar\u00e1n en la Oficina de Turismo, ubicada en el<strong> Museo Mar\u00edtimo de Asturias<\/strong>. Por su parte, las personas residentes en las distintas parroquias del concejo deber\u00e1n inscribirse a trav\u00e9s de sus respectivas asociaciones de vecinos.<\/p>\n<p>Con el objetivo de facilitar la asistencia y garantizar que nadie se quede sin participar, el Ayuntamiento de Goz\u00f3n pondr\u00e1 a disposici\u00f3n de las personas mayores un servicio de autob\u00fas gratuito. En el momento de realizar la inscripci\u00f3n ser\u00e1 necesario indicar si se har\u00e1 uso de este servicio. En el caso de las personas residentes en las parroquias, deber\u00e1n se\u00f1alar tambi\u00e9n el lugar en el que desean ser recogidas. Los vecinos y vecinas de Luanco tendr\u00e1n como punto de salida la estaci\u00f3n de autobuses.<\/p>\n<p>El Ayuntamiento ha preparado para esta jornada una programaci\u00f3n especial pensada para disfrutar, compartir y celebrar, que incluir\u00e1, adem\u00e1s de la tradicional comida de confraternizaci\u00f3n, diferentes actividades de entretenimiento para hacer de este encuentro una jornada amena y divertida para todos los asistentes.<\/p>\n<p>Desde el consistorio gozoniego se anima a todas las personas mayores del concejo a participar en esta cita, que a\u00f1o tras a\u00f1o se consolida como una de las jornadas m\u00e1s especiales de convivencia y encuentro entre los mayores de Goz\u00f3n.<\/p>\n","protected":false},"excerpt":{"rendered":"<p>El Ayuntamiento de Goz\u00f3n celebrar\u00e1 el 19 de septiembre de 2026 en Moniello su tradicional Encuentro de Mayores, una jornada para la convivencia, reconocimiento y homenaje a las personas mayores del concejo. La cita tendr\u00e1 lugar el pr\u00f3ximo s\u00e1bado 19 de septiembre en el \u00e1rea recreativa de Moniello, donde los participantes podr\u00e1n disfrutar de un<\/p>\n","protected":false},"author":1,"featured_media":197958,"comment_status":"closed","ping_status":"closed","sticky":false,"template":"","format":"standard","meta":{"footnotes":""},"categories":[7],"tags":[436],"class_list":["post-197957","post","type-post","status-publish","format-standard","has-post-thumbnail","category-asturias","tag-gozon"],"aioseo_notices":[],"aioseo_head":"\n\t\t<!-- All in One SEO Pro 5.0.1.1 - aioseo.com -->\n\t<meta name=\"description\" content=\"El Ayuntamiento de Goz\u00f3n celebrar\u00e1 el 19 de septiembre de 2026 en Moniello su tradicional Encuentro de Mayores, una jornada para la convivencia\" \/>\n\t<meta name=\"robots\" content=\"max-image-preview:large\" \/>\n\t<meta name=\"author\" content=\"Cand\u00e1s 365\"\/>\n\t<meta name=\"google-site-verification\" content=\"UA-32230408-1\" \/>\n\t<meta name=\"msvalidate.01\" content=\"354F3CDFB2DA171B47FBE9ABF1F88D5\" \/>\n\t<meta name=\"keywords\" content=\"asturias\" \/>\n\t<link rel=\"canonical\" href=\"https:\/\/candas365.es\/noticias\/gozon-reunira-a-sus-mayores-en-moniello\/\" \/>\n\t<meta name=\"generator\" content=\"All in One SEO Pro (AIOSEO) 5.0.1.1\" \/>\n\t\t<meta property=\"og:locale\" content=\"es_ES\" \/>\n\t\t<meta property=\"og:site_name\" content=\"Cand\u00e1s 365\" \/>\n\t\t<meta property=\"og:type\" content=\"article\" \/>\n\t\t<meta property=\"og:title\" content=\"Goz\u00f3n reunir\u00e1 a sus mayores en Moniello \u2013 Cand\u00e1s 365\" \/>\n\t\t<meta property=\"og:description\" content=\"El Ayuntamiento de Goz\u00f3n celebrar\u00e1 el 19 de septiembre de 2026 en Moniello su tradicional Encuentro de Mayores, una jornada para la convivencia\" \/>\n\t\t<meta property=\"og:url\" content=\"https:\/\/candas365.es\/noticias\/gozon-reunira-a-sus-mayores-en-moniello\/\" \/>\n\t\t<meta property=\"og:image\" content=\"https:\/\/candas365.es\/noticias\/wp-content\/uploads\/2026\/09\/Gozon-reunira-a-sus-mayores-en-Moniello.jpg\" \/>\n\t\t<meta property=\"og:image:secure_url\" content=\"https:\/\/candas365.es\/noticias\/wp-content\/uploads\/2026\/09\/Gozon-reunira-a-sus-mayores-en-Moniello.jpg\" \/>\n\t\t<meta property=\"og:image:width\" content=\"1250\" \/>\n\t\t<meta property=\"og:image:height\" content=\"814\" \/>\n\t\t<meta property=\"article:published_time\" content=\"2026-09-02T12:38:42+00:00\" \/>\n\t\t<meta property=\"article:modified_time\" content=\"2026-09-02T12:38:42+00:00\" \/>\n\t\t<meta property=\"article:publisher\" content=\"https:\/\/www.facebook.com\/Nachofdezber\" \/>\n\t\t<meta property=\"article:author\" content=\"https:\/\/www.facebook.com\/Nachofdezber\" \/>\n\t\t<meta name=\"twitter:card\" content=\"summary_large_image\" \/>\n\t\t<meta name=\"twitter:site\" content=\"@candas365\" \/>\n\t\t<meta name=\"twitter:title\" content=\"Goz\u00f3n reunir\u00e1 a sus mayores en Moniello \u2013 Cand\u00e1s 365\" \/>\n\t\t<meta name=\"twitter:description\" content=\"El Ayuntamiento de Goz\u00f3n celebrar\u00e1 el 19 de septiembre de 2026 en Moniello su tradicional Encuentro de Mayores, una jornada para la convivencia\" \/>\n\t\t<meta name=\"twitter:creator\" content=\"@candas365\" \/>\n\t\t<meta name=\"twitter:image\" content=\"https:\/\/candas365.es\/noticias\/wp-content\/uploads\/2026\/09\/Gozon-reunira-a-sus-mayores-en-Moniello.jpg\" \/>\n\t\t<meta name=\"twitter:label1\" content=\"Escrito por\" \/>\n\t\t<meta name=\"twitter:data1\" content=\"Cand\u00e1s 365\" \/>\n\t\t<meta name=\"twitter:label2\" content=\"Tiempo de lectura estimado\" \/>\n\t\t<meta name=\"twitter:data2\" content=\"2 minutos\" \/>\n\t\t<script type=\"application\/ld+json\" class=\"aioseo-schema\">\n\t\t\t{\"@context\":\"https:\\\/\\\/schema.org\",\"@graph\":[{\"@type\":\"BreadcrumbList\",\"@id\":\"https:\\\/\\\/candas365.es\\\/noticias\\\/gozon-reunira-a-sus-mayores-en-moniello\\\/#breadcrumblist\",\"itemListElement\":[{\"@type\":\"ListItem\",\"@id\":\"https:\\\/\\\/candas365.es\\\/noticias#listItem\",\"position\":1,\"name\":\"Home\",\"item\":\"https:\\\/\\\/candas365.es\\\/noticias\",\"nextItem\":{\"@type\":\"ListItem\",\"@id\":\"https:\\\/\\\/candas365.es\\\/noticias\\\/category\\\/asturias\\\/#listItem\",\"name\":\"Asturias\"}},{\"@type\":\"ListItem\",\"@id\":\"https:\\\/\\\/candas365.es\\\/noticias\\\/category\\\/asturias\\\/#listItem\",\"position\":2,\"name\":\"Asturias\",\"item\":\"https:\\\/\\\/candas365.es\\\/noticias\\\/category\\\/asturias\\\/\",\"nextItem\":{\"@type\":\"ListItem\",\"@id\":\"https:\\\/\\\/candas365.es\\\/noticias\\\/gozon-reunira-a-sus-mayores-en-moniello\\\/#listItem\",\"name\":\"Goz\\u00f3n reunir\\u00e1 a sus mayores en Moniello\"},\"previousItem\":{\"@type\":\"ListItem\",\"@id\":\"https:\\\/\\\/candas365.es\\\/noticias#listItem\",\"name\":\"Home\"}},{\"@type\":\"ListItem\",\"@id\":\"https:\\\/\\\/candas365.es\\\/noticias\\\/gozon-reunira-a-sus-mayores-en-moniello\\\/#listItem\",\"position\":3,\"name\":\"Goz\\u00f3n reunir\\u00e1 a sus mayores en Moniello\",\"previousItem\":{\"@type\":\"ListItem\",\"@id\":\"https:\\\/\\\/candas365.es\\\/noticias\\\/category\\\/asturias\\\/#listItem\",\"name\":\"Asturias\"}}]},{\"@type\":\"NewsArticle\",\"@id\":\"https:\\\/\\\/candas365.es\\\/noticias\\\/gozon-reunira-a-sus-mayores-en-moniello\\\/#newsarticle\",\"name\":\"Goz\\u00f3n reunir\\u00e1 a sus mayores en Moniello | Cand\\u00e1s 365\",\"headline\":\"Goz\\u00f3n reunir\\u00e1 a sus mayores en Moniello\",\"author\":{\"@id\":\"https:\\\/\\\/candas365.es\\\/noticias\\\/author\\\/admin\\\/#author\"},\"publisher\":{\"@id\":\"https:\\\/\\\/candas365.es\\\/noticias\\\/#organization\"},\"image\":{\"@type\":\"ImageObject\",\"url\":\"https:\\\/\\\/candas365.es\\\/noticias\\\/wp-content\\\/uploads\\\/2026\\\/09\\\/Gozon-reunira-a-sus-mayores-en-Moniello.jpg\",\"width\":1250,\"height\":814,\"caption\":\"Foto: 123rf.com\"},\"datePublished\":\"2026-09-02T14:38:42+02:00\",\"dateModified\":\"2026-09-02T14:38:42+02:00\",\"inLanguage\":\"es-ES\",\"mainEntityOfPage\":{\"@id\":\"https:\\\/\\\/candas365.es\\\/noticias\\\/gozon-reunira-a-sus-mayores-en-moniello\\\/#webpage\"},\"isPartOf\":{\"@id\":\"https:\\\/\\\/candas365.es\\\/noticias\\\/gozon-reunira-a-sus-mayores-en-moniello\\\/#webpage\"},\"articleSection\":\"Asturias, Goz\\u00f3n\",\"dateline\":\"Publicado el septiembre 2, 2026.\"},{\"@type\":\"Organization\",\"@id\":\"https:\\\/\\\/candas365.es\\\/noticias\\\/#organization\",\"name\":\"Cand\\u00e1s 365\",\"description\":\"Cand\\u00e1s 365 es un diario digital independiente, fundado en 2012, con base en Asturias. Informamos con rigor sobre actualidad, sociedad, cultura y ocio, con una mirada local y global.\",\"url\":\"https:\\\/\\\/candas365.es\\\/noticias\\\/\",\"email\":\"info@candas365.es\",\"telephone\":\"+34652131393\",\"foundingDate\":\"2012-06-10\",\"logo\":{\"@type\":\"ImageObject\",\"url\":\"https:\\\/\\\/candas365.es\\\/noticias\\\/wp-content\\\/uploads\\\/2024\\\/09\\\/Candas-365-Redes.jpg\",\"@id\":\"https:\\\/\\\/candas365.es\\\/noticias\\\/gozon-reunira-a-sus-mayores-en-moniello\\\/#organizationLogo\",\"width\":1152,\"height\":864,\"caption\":\"Cand\\u00e1s 365 Redes\"},\"image\":{\"@id\":\"https:\\\/\\\/candas365.es\\\/noticias\\\/gozon-reunira-a-sus-mayores-en-moniello\\\/#organizationLogo\"},\"sameAs\":[\"https:\\\/\\\/www.facebook.com\\\/Nachofdezber\",\"https:\\\/\\\/x.com\\\/candas365\",\"https:\\\/\\\/www.instagram.com\\\/nachofdezber\\\/\",\"https:\\\/\\\/www.youtube.com\\\/channel\\\/UCZP-2wLEB9Rv6erhFmqVnvg\"],\"address\":{\"@id\":\"https:\\\/\\\/candas365.es\\\/noticias\\\/#postaladdress\",\"@type\":\"PostalAddress\",\"streetAddress\":\"san antonio 4, san antonio 4\",\"postalCode\":\"33430\",\"addressLocality\":\"Cand\\u00e1s\",\"addressRegion\":\"Asturias\",\"addressCountry\":\"ES\"}},{\"@type\":\"Person\",\"@id\":\"https:\\\/\\\/candas365.es\\\/noticias\\\/author\\\/admin\\\/#author\",\"url\":\"https:\\\/\\\/candas365.es\\\/noticias\\\/author\\\/admin\\\/\",\"name\":\"Cand\\u00e1s 365\",\"image\":{\"@type\":\"ImageObject\",\"@id\":\"https:\\\/\\\/candas365.es\\\/noticias\\\/gozon-reunira-a-sus-mayores-en-moniello\\\/#authorImage\",\"url\":\"https:\\\/\\\/candas365.es\\\/noticias\\\/wp-content\\\/uploads\\\/2026\\\/07\\\/cropped-eyevuvEl_400x400-96x96.jpg\",\"width\":96,\"height\":96,\"caption\":\"Cand\\u00e1s 365\"},\"sameAs\":[\"https:\\\/\\\/www.facebook.com\\\/Nachofdezber\",\"https:\\\/\\\/x.com\\\/candas365\",\"https:\\\/\\\/www.instagram.com\\\/nachofdezber\\\/\",\"https:\\\/\\\/www.youtube.com\\\/channel\\\/UCZP-2wLEB9Rv6erhFmqVnvg\"]},{\"@type\":\"WebPage\",\"@id\":\"https:\\\/\\\/candas365.es\\\/noticias\\\/gozon-reunira-a-sus-mayores-en-moniello\\\/#webpage\",\"url\":\"https:\\\/\\\/candas365.es\\\/noticias\\\/gozon-reunira-a-sus-mayores-en-moniello\\\/\",\"name\":\"Goz\\u00f3n reunir\\u00e1 a sus mayores en Moniello | Cand\\u00e1s 365\",\"description\":\"El Ayuntamiento de Goz\\u00f3n celebrar\\u00e1 el 19 de septiembre de 2026 en Moniello su tradicional Encuentro de Mayores, una jornada para la convivencia\",\"inLanguage\":\"es-ES\",\"isPartOf\":{\"@id\":\"https:\\\/\\\/candas365.es\\\/noticias\\\/#website\"},\"breadcrumb\":{\"@id\":\"https:\\\/\\\/candas365.es\\\/noticias\\\/gozon-reunira-a-sus-mayores-en-moniello\\\/#breadcrumblist\"},\"author\":{\"@id\":\"https:\\\/\\\/candas365.es\\\/noticias\\\/author\\\/admin\\\/#author\"},\"creator\":{\"@id\":\"https:\\\/\\\/candas365.es\\\/noticias\\\/author\\\/admin\\\/#author\"},\"image\":{\"@type\":\"ImageObject\",\"url\":\"https:\\\/\\\/candas365.es\\\/noticias\\\/wp-content\\\/uploads\\\/2026\\\/09\\\/Gozon-reunira-a-sus-mayores-en-Moniello.jpg\",\"@id\":\"https:\\\/\\\/candas365.es\\\/noticias\\\/gozon-reunira-a-sus-mayores-en-moniello\\\/#mainImage\",\"width\":1250,\"height\":814,\"caption\":\"Foto: 123rf.com\"},\"primaryImageOfPage\":{\"@id\":\"https:\\\/\\\/candas365.es\\\/noticias\\\/gozon-reunira-a-sus-mayores-en-moniello\\\/#mainImage\"},\"datePublished\":\"2026-09-02T14:38:42+02:00\",\"dateModified\":\"2026-09-02T14:38:42+02:00\"},{\"@type\":\"WebSite\",\"@id\":\"https:\\\/\\\/candas365.es\\\/noticias\\\/#website\",\"url\":\"https:\\\/\\\/candas365.es\\\/noticias\\\/\",\"name\":\"Cand\\u00e1s 365\",\"alternateName\":\"Cand\\u00e1s 365 Noticias\",\"description\":\"Actualidad desde Carre\\u00f1o para el mundo\",\"inLanguage\":\"es-ES\",\"publisher\":{\"@id\":\"https:\\\/\\\/candas365.es\\\/noticias\\\/#organization\"}}]}\n\t\t<\/script>\n\t\t<!-- All in One SEO Pro -->\r\n\t\t<title>Goz\u00f3n reunir\u00e1 a sus mayores en Moniello | Cand\u00e1s 365<\/title>\n\n","aioseo_head_json":{"title":"Goz\u00f3n reunir\u00e1 a sus mayores en Moniello | Cand\u00e1s 365","description":"El Ayuntamiento de Goz\u00f3n celebrar\u00e1 el 19 de septiembre de 2026 en Moniello su tradicional Encuentro de Mayores, una jornada para la convivencia","canonical_url":"https:\/\/candas365.es\/noticias\/gozon-reunira-a-sus-mayores-en-moniello\/","robots":"max-image-preview:large","keywords":"asturias","webmasterTools":{"google-site-verification":"UA-32230408-1","msvalidate.01":"354F3CDFB2DA171B47FBE9ABF1F88D5","miscellaneous":""},"schema":{"@context":"https:\/\/schema.org","@graph":[{"@type":"BreadcrumbList","@id":"https:\/\/candas365.es\/noticias\/gozon-reunira-a-sus-mayores-en-moniello\/#breadcrumblist","itemListElement":[{"@type":"ListItem","@id":"https:\/\/candas365.es\/noticias#listItem","position":1,"name":"Home","item":"https:\/\/candas365.es\/noticias","nextItem":{"@type":"ListItem","@id":"https:\/\/candas365.es\/noticias\/category\/asturias\/#listItem","name":"Asturias"}},{"@type":"ListItem","@id":"https:\/\/candas365.es\/noticias\/category\/asturias\/#listItem","position":2,"name":"Asturias","item":"https:\/\/candas365.es\/noticias\/category\/asturias\/","nextItem":{"@type":"ListItem","@id":"https:\/\/candas365.es\/noticias\/gozon-reunira-a-sus-mayores-en-moniello\/#listItem","name":"Goz\u00f3n reunir\u00e1 a sus mayores en Moniello"},"previousItem":{"@type":"ListItem","@id":"https:\/\/candas365.es\/noticias#listItem","name":"Home"}},{"@type":"ListItem","@id":"https:\/\/candas365.es\/noticias\/gozon-reunira-a-sus-mayores-en-moniello\/#listItem","position":3,"name":"Goz\u00f3n reunir\u00e1 a sus mayores en Moniello","previousItem":{"@type":"ListItem","@id":"https:\/\/candas365.es\/noticias\/category\/asturias\/#listItem","name":"Asturias"}}]},{"@type":"NewsArticle","@id":"https:\/\/candas365.es\/noticias\/gozon-reunira-a-sus-mayores-en-moniello\/#newsarticle","name":"Goz\u00f3n reunir\u00e1 a sus mayores en Moniello | Cand\u00e1s 365","headline":"Goz\u00f3n reunir\u00e1 a sus mayores en Moniello","author":{"@id":"https:\/\/candas365.es\/noticias\/author\/admin\/#author"},"publisher":{"@id":"https:\/\/candas365.es\/noticias\/#organization"},"image":{"@type":"ImageObject","url":"https:\/\/candas365.es\/noticias\/wp-content\/uploads\/2026\/09\/Gozon-reunira-a-sus-mayores-en-Moniello.jpg","width":1250,"height":814,"caption":"Foto: 123rf.com"},"datePublished":"2026-09-02T14:38:42+02:00","dateModified":"2026-09-02T14:38:42+02:00","inLanguage":"es-ES","mainEntityOfPage":{"@id":"https:\/\/candas365.es\/noticias\/gozon-reunira-a-sus-mayores-en-moniello\/#webpage"},"isPartOf":{"@id":"https:\/\/candas365.es\/noticias\/gozon-reunira-a-sus-mayores-en-moniello\/#webpage"},"articleSection":"Asturias, Goz\u00f3n","dateline":"Publicado el septiembre 2, 2026."},{"@type":"Organization","@id":"https:\/\/candas365.es\/noticias\/#organization","name":"Cand\u00e1s 365","description":"Cand\u00e1s 365 es un diario digital independiente, fundado en 2012, con base en Asturias. Informamos con rigor sobre actualidad, sociedad, cultura y ocio, con una mirada local y global.","url":"https:\/\/candas365.es\/noticias\/","email":"info@candas365.es","telephone":"+34652131393","foundingDate":"2012-06-10","logo":{"@type":"ImageObject","url":"https:\/\/candas365.es\/noticias\/wp-content\/uploads\/2024\/09\/Candas-365-Redes.jpg","@id":"https:\/\/candas365.es\/noticias\/gozon-reunira-a-sus-mayores-en-moniello\/#organizationLogo","width":1152,"height":864,"caption":"Cand\u00e1s 365 Redes"},"image":{"@id":"https:\/\/candas365.es\/noticias\/gozon-reunira-a-sus-mayores-en-moniello\/#organizationLogo"},"sameAs":["https:\/\/www.facebook.com\/Nachofdezber","https:\/\/x.com\/candas365","https:\/\/www.instagram.com\/nachofdezber\/","https:\/\/www.youtube.com\/channel\/UCZP-2wLEB9Rv6erhFmqVnvg"],"address":{"@id":"https:\/\/candas365.es\/noticias\/#postaladdress","@type":"PostalAddress","streetAddress":"san antonio 4, san antonio 4","postalCode":"33430","addressLocality":"Cand\u00e1s","addressRegion":"Asturias","addressCountry":"ES"}},{"@type":"Person","@id":"https:\/\/candas365.es\/noticias\/author\/admin\/#author","url":"https:\/\/candas365.es\/noticias\/author\/admin\/","name":"Cand\u00e1s 365","image":{"@type":"ImageObject","@id":"https:\/\/candas365.es\/noticias\/gozon-reunira-a-sus-mayores-en-moniello\/#authorImage","url":"https:\/\/candas365.es\/noticias\/wp-content\/uploads\/2026\/07\/cropped-eyevuvEl_400x400-96x96.jpg","width":96,"height":96,"caption":"Cand\u00e1s 365"},"sameAs":["https:\/\/www.facebook.com\/Nachofdezber","https:\/\/x.com\/candas365","https:\/\/www.instagram.com\/nachofdezber\/","https:\/\/www.youtube.com\/channel\/UCZP-2wLEB9Rv6erhFmqVnvg"]},{"@type":"WebPage","@id":"https:\/\/candas365.es\/noticias\/gozon-reunira-a-sus-mayores-en-moniello\/#webpage","url":"https:\/\/candas365.es\/noticias\/gozon-reunira-a-sus-mayores-en-moniello\/","name":"Goz\u00f3n reunir\u00e1 a sus mayores en Moniello | Cand\u00e1s 365","description":"El Ayuntamiento de Goz\u00f3n celebrar\u00e1 el 19 de septiembre de 2026 en Moniello su tradicional Encuentro de Mayores, una jornada para la convivencia","inLanguage":"es-ES","isPartOf":{"@id":"https:\/\/candas365.es\/noticias\/#website"},"breadcrumb":{"@id":"https:\/\/candas365.es\/noticias\/gozon-reunira-a-sus-mayores-en-moniello\/#breadcrumblist"},"author":{"@id":"https:\/\/candas365.es\/noticias\/author\/admin\/#author"},"creator":{"@id":"https:\/\/candas365.es\/noticias\/author\/admin\/#author"},"image":{"@type":"ImageObject","url":"https:\/\/candas365.es\/noticias\/wp-content\/uploads\/2026\/09\/Gozon-reunira-a-sus-mayores-en-Moniello.jpg","@id":"https:\/\/candas365.es\/noticias\/gozon-reunira-a-sus-mayores-en-moniello\/#mainImage","width":1250,"height":814,"caption":"Foto: 123rf.com"},"primaryImageOfPage":{"@id":"https:\/\/candas365.es\/noticias\/gozon-reunira-a-sus-mayores-en-moniello\/#mainImage"},"datePublished":"2026-09-02T14:38:42+02:00","dateModified":"2026-09-02T14:38:42+02:00"},{"@type":"WebSite","@id":"https:\/\/candas365.es\/noticias\/#website","url":"https:\/\/candas365.es\/noticias\/","name":"Cand\u00e1s 365","alternateName":"Cand\u00e1s 365 Noticias","description":"Actualidad desde Carre\u00f1o para el mundo","inLanguage":"es-ES","publisher":{"@id":"https:\/\/candas365.es\/noticias\/#organization"}}]},"og:locale":"es_ES","og:site_name":"Cand\u00e1s 365","og:type":"article","og:title":"Goz\u00f3n reunir\u00e1 a sus mayores en Moniello \u2013 Cand\u00e1s 365","og:description":"El Ayuntamiento de Goz\u00f3n celebrar\u00e1 el 19 de septiembre de 2026 en Moniello su tradicional Encuentro de Mayores, una jornada para la convivencia","og:url":"https:\/\/candas365.es\/noticias\/gozon-reunira-a-sus-mayores-en-moniello\/","og:image":"https:\/\/candas365.es\/noticias\/wp-content\/uploads\/2026\/09\/Gozon-reunira-a-sus-mayores-en-Moniello.jpg","og:image:secure_url":"https:\/\/candas365.es\/noticias\/wp-content\/uploads\/2026\/09\/Gozon-reunira-a-sus-mayores-en-Moniello.jpg","og:image:width":1250,"og:image:height":814,"article:published_time":"2026-09-02T12:38:42+00:00","article:modified_time":"2026-09-02T12:38:42+00:00","article:publisher":"https:\/\/www.facebook.com\/Nachofdezber","article:author":"https:\/\/www.facebook.com\/Nachofdezber","twitter:card":"summary_large_image","twitter:site":"@candas365","twitter:title":"Goz\u00f3n reunir\u00e1 a sus mayores en Moniello \u2013 Cand\u00e1s 365","twitter:description":"El Ayuntamiento de Goz\u00f3n celebrar\u00e1 el 19 de septiembre de 2026 en Moniello su tradicional Encuentro de Mayores, una jornada para la convivencia","twitter:creator":"@candas365","twitter:image":"https:\/\/candas365.es\/noticias\/wp-content\/uploads\/2026\/09\/Gozon-reunira-a-sus-mayores-en-Moniello.jpg","twitter:label1":"Escrito por","twitter:data1":"Cand\u00e1s 365","twitter:label2":"Tiempo de lectura estimado","twitter:data2":"2 minutos"},"aioseo_meta_data":{"post_id":"197957","title":null,"description":"El Ayuntamiento de Goz\u00f3n celebrar\u00e1 el 19 de septiembre de 2026 en Moniello su tradicional Encuentro de Mayores, una jornada para la convivencia","keywords":null,"keyphrases":{"focus":{"keyphrase":"Goz\u00f3n","score":0,"analysis":[]},"additional":[{"keyphrase":"mayores","score":0}]},"primary_term":null,"canonical_url":null,"og_title":"#post_title #separator_sa #site_title","og_description":"El Ayuntamiento de Goz\u00f3n celebrar\u00e1 el 19 de septiembre de 2026 en Moniello su tradicional Encuentro de Mayores, una jornada para la convivencia","og_object_type":"default","og_image_type":"default","og_image_url":null,"og_image_width":null,"og_image_height":null,"og_image_custom_url":null,"og_image_custom_fields":null,"og_video":"","og_custom_url":null,"og_article_section":null,"og_article_tags":null,"twitter_use_og":false,"twitter_card":"default","twitter_image_type":"default","twitter_image_url":null,"twitter_image_custom_url":null,"twitter_image_custom_fields":null,"twitter_title":"#post_title #separator_sa #site_title","twitter_description":null,"schema":{"blockGraphs":[],"customGraphs":[],"default":{"data":{"Article":[],"Course":[],"Dataset":[],"FAQPage":[],"Movie":[],"Person":[],"Product":[],"ProductReview":[],"Car":[],"Recipe":[],"Service":[],"SoftwareApplication":[],"WebPage":[]},"graphName":"NewsArticle","isEnabled":true},"graphs":[]},"schema_type":"default","schema_type_options":null,"pillar_content":false,"robots_default":true,"robots_noindex":false,"robots_noarchive":false,"robots_nosnippet":false,"robots_nofollow":false,"robots_noimageindex":false,"robots_noodp":false,"robots_notranslate":false,"robots_max_snippet":"-1","robots_max_videopreview":"-1","robots_max_imagepreview":"large","priority":null,"frequency":"default","location":null,"local_seo":null,"seo_analyzer_scan_date":"2026-09-02 12:39:04","breadcrumb_settings":null,"limit_modified_date":false,"reviewed_by":"0","open_ai":null,"ai":{"faqs":[],"keyPoints":[],"schemas":[],"titles":[],"descriptions":[],"socialPosts":{"email":{"subject":"","preview":"","content":""},"linkedin":[],"twitter":[],"facebook":[],"instagram":[]}},"created":"2026-09-02 11:14:46","updated":"2026-09-02 12:46:12","focus_keyword":"Goz\u00f3n","additional_keywords":[{"word":"mayores","score":83,"items":{"introductionKeyword":{"score":9},"keyphraseLength":{"score":9},"keyphraseDensity":{"score":9},"functionWordsInKeyphrase":{"score":0},"textCompetingLinks":{"score":9},"imageKeyphrase":{"score":9}}}],"truseo_locale":null},"aioseo_breadcrumb":"<div class=\"aioseo-breadcrumbs\"><span class=\"aioseo-breadcrumb\">\n\t<a href=\"https:\/\/candas365.es\/noticias\" title=\"Home\">Home<\/a>\n<\/span><span class=\"aioseo-breadcrumb-separator\">&ndash;<\/span><span class=\"aioseo-breadcrumb\">\n\t<a href=\"https:\/\/candas365.es\/noticias\/category\/asturias\/\" title=\"Asturias\">Asturias<\/a>\n<\/span><span class=\"aioseo-breadcrumb-separator\">&ndash;<\/span><span class=\"aioseo-breadcrumb\">\n\tGoz\u00f3n reunir\u00e1 a sus mayores en Moniello\n<\/span><\/div>","aioseo_breadcrumb_json":[{"label":"Home","link":"https:\/\/candas365.es\/noticias"},{"label":"Asturias","link":"https:\/\/candas365.es\/noticias\/category\/asturias\/"},{"label":"Goz\u00f3n reunir\u00e1 a sus mayores en Moniello","link":"https:\/\/candas365.es\/noticias\/gozon-reunira-a-sus-mayores-en-moniello\/"}],"_links":{"self":[{"href":"https:\/\/candas365.es\/noticias\/wp-json\/wp\/v2\/posts\/197957","targetHints":{"allow":["GET"]}}],"collection":[{"href":"https:\/\/candas365.es\/noticias\/wp-json\/wp\/v2\/posts"}],"about":[{"href":"https:\/\/candas365.es\/noticias\/wp-json\/wp\/v2\/types\/post"}],"author":[{"embeddable":true,"href":"https:\/\/candas365.es\/noticias\/wp-json\/wp\/v2\/users\/1"}],"replies":[{"embeddable":true,"href":"https:\/\/candas365.es\/noticias\/wp-json\/wp\/v2\/comments?post=197957"}],"version-history":[{"count":1,"href":"https:\/\/candas365.es\/noticias\/wp-json\/wp\/v2\/posts\/197957\/revisions"}],"predecessor-version":[{"id":197959,"href":"https:\/\/candas365.es\/noticias\/wp-json\/wp\/v2\/posts\/197957\/revisions\/197959"}],"wp:featuredmedia":[{"embeddable":true,"href":"https:\/\/candas365.es\/noticias\/wp-json\/wp\/v2\/media\/197958"}],"wp:attachment":[{"href":"https:\/\/candas365.es\/noticias\/wp-json\/wp\/v2\/media?parent=197957"}],"wp:term":[{"taxonomy":"category","embeddable":true,"href":"https:\/\/candas365.es\/noticias\/wp-json\/wp\/v2\/categories?post=197957"},{"taxonomy":"post_tag","embeddable":true,"href":"https:\/\/candas365.es\/noticias\/wp-json\/wp\/v2\/tags?post=197957"}],"curies":[{"name":"wp","href":"https:\/\/api.w.org\/{rel}","templated":true}]}}