{"id":197951,"date":"2026-09-02T10:21:06","date_gmt":"2026-09-02T08:21:06","guid":{"rendered":"https:\/\/candas365.es\/noticias\/?p=197951"},"modified":"2026-09-02T10:21:06","modified_gmt":"2026-09-02T08:21:06","slug":"sol-y-calor-para-comenzar-septiembre-de-2026","status":"publish","type":"post","link":"https:\/\/candas365.es\/noticias\/sol-y-calor-para-comenzar-septiembre-de-2026\/","title":{"rendered":"Sol y calor para comenzar septiembre de 2026"},"content":{"rendered":"<p>Sol y calor en buena parte de Espa\u00f1a en este arranque de mes de septiembre de 2026, y hoy mi\u00e9rcoles comienza un <a href=\"https:\/\/candas365.es\/noticias\/category\/el-tiempo\/\"><span style=\"color: #ff6600;\"><strong>nuevo episodio c\u00e1lido de pleno verano<\/strong><\/span><\/a> ya en el oto\u00f1o meteorol\u00f3gico, que abarca de septiembre a noviembre, con muchas horas de sol y 43 grados en el sur y 41 en el nordeste peninsular.<\/p>\n<figure id=\"attachment_197952\" aria-describedby=\"caption-attachment-197952\" style=\"width: 650px\" class=\"wp-caption aligncenter\"><img fetchpriority=\"high\" decoding=\"async\" class=\"size-large wp-image-197952\" src=\"https:\/\/candas365.es\/noticias\/wp-content\/uploads\/2026\/09\/Sol-y-calor-para-comenzar-septiembre-de-2026--650x433.jpg\" alt=\"Sol y calor para comenzar septiembre de 2026 \" width=\"650\" height=\"433\" srcset=\"https:\/\/candas365.es\/noticias\/wp-content\/uploads\/2026\/09\/Sol-y-calor-para-comenzar-septiembre-de-2026--650x433.jpg 650w, https:\/\/candas365.es\/noticias\/wp-content\/uploads\/2026\/09\/Sol-y-calor-para-comenzar-septiembre-de-2026--360x240.jpg 360w, https:\/\/candas365.es\/noticias\/wp-content\/uploads\/2026\/09\/Sol-y-calor-para-comenzar-septiembre-de-2026--768x512.jpg 768w, https:\/\/candas365.es\/noticias\/wp-content\/uploads\/2026\/09\/Sol-y-calor-para-comenzar-septiembre-de-2026--150x100.jpg 150w, https:\/\/candas365.es\/noticias\/wp-content\/uploads\/2026\/09\/Sol-y-calor-para-comenzar-septiembre-de-2026--450x300.jpg 450w, https:\/\/candas365.es\/noticias\/wp-content\/uploads\/2026\/09\/Sol-y-calor-para-comenzar-septiembre-de-2026--1200x800.jpg 1200w, https:\/\/candas365.es\/noticias\/wp-content\/uploads\/2026\/09\/Sol-y-calor-para-comenzar-septiembre-de-2026-.jpg 1245w\" sizes=\"(max-width: 650px) 100vw, 650px\" \/><figcaption id=\"caption-attachment-197952\" class=\"wp-caption-text\">Foto: 123rf.com<\/figcaption><\/figure>\n<div class=\"srvm-nw__body\">\n<p>Este episodio se producir\u00e1 tras dos semanas con \u201cunas temperaturas pr\u00f3ximas a los valores normales, incluso por debajo de las habituales en las vertientes atl\u00e1ntica y cant\u00e1brica\u201d de la pen\u00ednsula, seg\u00fan la Agencia Estatal de Meteorolog\u00eda (Aemet).<\/p>\n<p>Sin embargo, la Aemet subraya que a partir de este mi\u00e9rcoles entrar\u00e1 \u201cuna masa de aire c\u00e1lido, seco y con polvo en suspensi\u00f3n\u201d sobre buena parte de la pen\u00ednsula y Baleares, que convivir\u00e1 con una dana al suroeste peninsular.<\/p>\n<p>\u201cJunto con la elevada insolaci\u00f3n, dar\u00e1n lugar a un ascenso progresivo de las temperaturas, hasta alcanzar valores muy elevados para la \u00e9poca del a\u00f1o. As\u00ed, se espera un nivel de peligro importante durante las horas centrales, especialmente para las actividades al aire libre y para personas vulnerables (edad avanzada, enfermedades cardiovasculares, etc.), con noches que ser\u00e1n tambi\u00e9n muy c\u00e1lidas\u201d, apostilla.<\/p>\n<blockquote><p>Meteorolog\u00eda subraya que \u201cel nivel de peligro de incendio aumentar\u00e1 de nuevo hasta situarse en valores extremos, lo que ir\u00e1 acompa\u00f1ado de posibles tormentas vespertinas secas\u201d.<\/p><\/blockquote>\n<p>\u201cAunque existe una alta incertidumbre en la intensidad, extensi\u00f3n y duraci\u00f3n del fen\u00f3meno, debido sobre todo a la evoluci\u00f3n de la dana a partir del viernes 4, este episodio muy probablemente no conformar\u00e1 un aviso especial de ola de calor\u201d, aclara.<\/p>\n<p>La predicci\u00f3n de la Aemet, recogida por Servimedia, indica que los d\u00edas m\u00e1s calurosos ser\u00e1n este jueves y este viernes, puesto que a partir del s\u00e1bado se espera un descenso t\u00e9rmico en varias zonas.<\/p>\n<p>Entre las capitales de provincia, este jueves se esperan 43 grados en Badajoz, C\u00f3rdoba y Sevilla, y 40 en C\u00e1ceres, Ciudad Real, Granada, Ja\u00e9n y Toledo.<\/p>\n<p>Y el viernes podr\u00edan alcanzarse 43 grados en C\u00f3rdoba, 42 en Sevilla, 41 en Zaragoza y 40 en Badajoz, Ciudad Real, Ja\u00e9n, Lleida, Logro\u00f1o y Toledo. El s\u00e1bado ya habr\u00eda 41 grados en Lleida, Logro\u00f1o, Pamplona y Zaragoza, y el domingo, 40 en C\u00f3rdoba.<\/p>\n<p>En cambio, suavizar\u00e1 sobre todo en A Coru\u00f1a, San Sebasti\u00e1n y Santander, que rondar\u00e1n los 24 a 26 grados como mucho.<\/p>\n<h2>MI\u00c9RCOLES<\/h2>\n<p>Para este mi\u00e9rcoles, la dana del suroeste se alejar\u00e1 ligeramente hacia Canarias y en altura entrar\u00e1 desde el Atl\u00e1ntico \u201cuna dorsal c\u00e1lida que determinar\u00e1 el car\u00e1cter del tiempo en los dos d\u00edas siguientes\u201d, seg\u00fan el portavoz de la Aemet Jos\u00e9 Luis Camacho.<\/p>\n<p>En superficie se reforzar\u00e1 la cu\u00f1a de anticicl\u00f3n de las Azores en el norte y se mantendr\u00e1 una baja t\u00e9rmica, con lo que habr\u00e1 un reforzamiento del levante en el centro y sur de la zona mediterr\u00e1nea, con probables rachas muy fuertes en el Estrecho.<\/p>\n<p>\u201cEl mayor aporte de humedad en niveles bajos y las convergencias de viento har\u00e1n posibles las tormentas acompa\u00f1adas de rachas muy fuertes de viento en el Sistema Ib\u00e9rico y en las sierras del sureste\u201d, a\u00f1adi\u00f3 Camacho.<\/p>\n<p>Este mi\u00e9rcoles habr\u00e1 ascensos t\u00e9rmicos generalizados, con valores cercanos a los 36 grados en valles de la mitad sur peninsular y a 39 en el valle del Guadalquivir. En el valle del Ebro, depresiones del nordeste peninsular e interior de Mallorca se llegar\u00e1 a 35 grados.<\/p>\n<h2>JUEVES<\/h2>\n<p>Este jueves se espera, seg\u00fan Camacho, que la dana se sit\u00fae al norte de Madeira y conecte con \u201cun flujo subtropical\u201d, que arrastrar\u00e1 abundante nubosidad y humedad en niveles medios hacia Canarias.<\/p>\n<p>\u201cSe configura una dorsal muy c\u00e1lida sobre la pen\u00ednsula y Baleares, dando lugar a condiciones c\u00e1lidas y estables con temperaturas m\u00e1ximas muy por encima de lo normal en estas fechas\u201d, agreg\u00f3.<\/p>\n<p>El jueves se intensificar\u00e1 el flujo c\u00e1lido de componente sur, provocando ascensos adicionales en toda la pen\u00ednsula, sobre todo en el oeste y norte, y pudiendo ser notables en la mitad norte de Galicia y el interior del \u00e1rea cant\u00e1brica.<\/p>\n<p>Los term\u00f3metros marcar\u00e1n 40 grados en los valles de la mitad sur y 42 en el Guadalquivir. En zonas bajas del nordeste peninsular y valle del Ebro se alcanzar\u00e1n los 37, mientras que en amplias zonas de la Meseta Norte superar\u00e1n los 34.<\/p>\n<p>Las temperaturas m\u00ednimas tambi\u00e9n ser\u00e1n superiores a las normales, con noches tropicales en buena parte de la mitad sur peninsular y el litoral mediterr\u00e1neo.<\/p>\n<h2>VIERNES<\/h2>\n<p>A partir del viernes hay incertidumbre sobre la evoluci\u00f3n de la dana. Adem\u00e1s, es probable que ese d\u00eda aumente la nubosidad por el suroeste peninsular, con la probable formaci\u00f3n de tormentas y polvo en suspensi\u00f3n.<\/p>\n<p>Es probable que las temperaturas diurnas sigan subiendo en el \u00e1rea mediterr\u00e1nea y la fachada cant\u00e1brica, donde podr\u00edan superarse los 38 grados en su zona m\u00e1s oriental. Por el contrario, empezar\u00edan a descender por el oeste peninsular por un flujo atl\u00e1ntico m\u00e1s fresco, junto con la presencia de nubosidad.<\/p>\n<p>Los valores m\u00e1s altos se prev\u00e9n en el valle del Ebro y depresiones del nordeste, donde se podr\u00edan superar los 40 grados, as\u00ed como en los valles de la mitad sur. Las m\u00ednimas podr\u00edan rondar los 25 en zonas del cuadrante suroeste y los 23 en el nordeste.<\/p>\n<h2>S\u00c1BADO<\/h2>\n<p>A partir de este fin de semana, el primero de septiembre, es probable que las temperaturas desciendan, de forma m\u00e1s marcada en el oeste peninsular y el domingo en zonas del cant\u00e1brico y nordeste.<\/p>\n<p>Durante los d\u00edas siguientes son probables ligeros descensos, de forma que el episodio veraniego continuar\u00eda varios d\u00edas m\u00e1s, aunque con unos valores m\u00e1s suaves, seg\u00fan la Aemet.<\/p>\n<\/div>\n<div id=\"end-scroll\" class=\"srvm-nw__code\">\n<p>(<a href=\"https:\/\/www.servimedia.es\/noticia\" target=\"_blank\" rel=\"noopener\"><span style=\"color: #ff6600;\"><strong>SERVIMEDIA<\/strong><\/span><\/a>)<\/p>\n<\/div>\n","protected":false},"excerpt":{"rendered":"<p>Sol y calor en buena parte de Espa\u00f1a en este arranque de mes de septiembre de 2026, y hoy mi\u00e9rcoles comienza un nuevo episodio c\u00e1lido de pleno verano ya en el oto\u00f1o meteorol\u00f3gico, que abarca de septiembre a noviembre, con muchas horas de sol y 43 grados en el sur y 41 en el nordeste<\/p>\n","protected":false},"author":1,"featured_media":197952,"comment_status":"closed","ping_status":"closed","sticky":false,"template":"","format":"standard","meta":{"footnotes":""},"categories":[316,358],"tags":[429],"class_list":["post-197951","post","type-post","status-publish","format-standard","has-post-thumbnail","category-destacadas","category-el-tiempo","tag-el-tiempo"],"aioseo_notices":[],"aioseo_head":"\n\t\t<!-- All in One SEO Pro 5.0.1.1 - aioseo.com -->\n\t<meta name=\"description\" content=\"Sol y calor en buena parte de Espa\u00f1a en este arranque de mes de septiembre de 2026, y hoy mi\u00e9rcoles comienza un nuevo episodio c\u00e1lido de pleno verano\" \/>\n\t<meta name=\"robots\" content=\"max-image-preview:large\" \/>\n\t<meta name=\"author\" content=\"Cand\u00e1s 365\"\/>\n\t<meta name=\"google-site-verification\" content=\"UA-32230408-1\" \/>\n\t<meta name=\"msvalidate.01\" content=\"354F3CDFB2DA171B47FBE9ABF1F88D5\" \/>\n\t<meta name=\"keywords\" content=\"destacadas,el tiempo\" \/>\n\t<link rel=\"canonical\" href=\"https:\/\/candas365.es\/noticias\/sol-y-calor-para-comenzar-septiembre-de-2026\/\" \/>\n\t<meta name=\"generator\" content=\"All in One SEO Pro (AIOSEO) 5.0.1.1\" \/>\n\t\t<meta property=\"og:locale\" content=\"es_ES\" \/>\n\t\t<meta property=\"og:site_name\" content=\"Cand\u00e1s 365\" \/>\n\t\t<meta property=\"og:type\" content=\"article\" \/>\n\t\t<meta property=\"og:title\" content=\"Sol y calor para comenzar septiembre de 2026 \u2013 Cand\u00e1s 365\" \/>\n\t\t<meta property=\"og:description\" content=\"Sol y calor en buena parte de Espa\u00f1a en este arranque de mes de septiembre de 2026, y hoy mi\u00e9rcoles comienza un nuevo episodio c\u00e1lido de pleno verano\" \/>\n\t\t<meta property=\"og:url\" content=\"https:\/\/candas365.es\/noticias\/sol-y-calor-para-comenzar-septiembre-de-2026\/\" \/>\n\t\t<meta property=\"og:image\" content=\"https:\/\/candas365.es\/noticias\/wp-content\/uploads\/2026\/09\/Sol-y-calor-para-comenzar-septiembre-de-2026-.jpg\" \/>\n\t\t<meta property=\"og:image:secure_url\" content=\"https:\/\/candas365.es\/noticias\/wp-content\/uploads\/2026\/09\/Sol-y-calor-para-comenzar-septiembre-de-2026-.jpg\" \/>\n\t\t<meta property=\"og:image:width\" content=\"1245\" \/>\n\t\t<meta property=\"og:image:height\" content=\"830\" \/>\n\t\t<meta property=\"article:published_time\" content=\"2026-09-02T08:21:06+00:00\" \/>\n\t\t<meta property=\"article:modified_time\" content=\"2026-09-02T08:21:06+00:00\" \/>\n\t\t<meta property=\"article:publisher\" content=\"https:\/\/www.facebook.com\/Nachofdezber\" \/>\n\t\t<meta property=\"article:author\" content=\"https:\/\/www.facebook.com\/Nachofdezber\" \/>\n\t\t<meta name=\"twitter:card\" content=\"summary_large_image\" \/>\n\t\t<meta name=\"twitter:site\" content=\"@candas365\" \/>\n\t\t<meta name=\"twitter:title\" content=\"Sol y calor para comenzar septiembre de 2026 \u2013 Cand\u00e1s 365\" \/>\n\t\t<meta name=\"twitter:description\" content=\"Sol y calor en buena parte de Espa\u00f1a en este arranque de mes de septiembre de 2026, y hoy mi\u00e9rcoles comienza un nuevo episodio c\u00e1lido de pleno verano\" \/>\n\t\t<meta name=\"twitter:creator\" content=\"@candas365\" \/>\n\t\t<meta name=\"twitter:image\" content=\"https:\/\/candas365.es\/noticias\/wp-content\/uploads\/2026\/09\/Sol-y-calor-para-comenzar-septiembre-de-2026-.jpg\" \/>\n\t\t<meta name=\"twitter:label1\" content=\"Escrito por\" \/>\n\t\t<meta name=\"twitter:data1\" content=\"Cand\u00e1s 365\" \/>\n\t\t<meta name=\"twitter:label2\" content=\"Tiempo de lectura estimado\" \/>\n\t\t<meta name=\"twitter:data2\" content=\"5 minutos\" \/>\n\t\t<script type=\"application\/ld+json\" class=\"aioseo-schema\">\n\t\t\t{\"@context\":\"https:\\\/\\\/schema.org\",\"@graph\":[{\"@type\":\"BreadcrumbList\",\"@id\":\"https:\\\/\\\/candas365.es\\\/noticias\\\/sol-y-calor-para-comenzar-septiembre-de-2026\\\/#breadcrumblist\",\"itemListElement\":[{\"@type\":\"ListItem\",\"@id\":\"https:\\\/\\\/candas365.es\\\/noticias#listItem\",\"position\":1,\"name\":\"Home\",\"item\":\"https:\\\/\\\/candas365.es\\\/noticias\",\"nextItem\":{\"@type\":\"ListItem\",\"@id\":\"https:\\\/\\\/candas365.es\\\/noticias\\\/category\\\/destacadas\\\/#listItem\",\"name\":\"Destacadas\"}},{\"@type\":\"ListItem\",\"@id\":\"https:\\\/\\\/candas365.es\\\/noticias\\\/category\\\/destacadas\\\/#listItem\",\"position\":2,\"name\":\"Destacadas\",\"item\":\"https:\\\/\\\/candas365.es\\\/noticias\\\/category\\\/destacadas\\\/\",\"nextItem\":{\"@type\":\"ListItem\",\"@id\":\"https:\\\/\\\/candas365.es\\\/noticias\\\/sol-y-calor-para-comenzar-septiembre-de-2026\\\/#listItem\",\"name\":\"Sol y calor para comenzar septiembre de 2026\"},\"previousItem\":{\"@type\":\"ListItem\",\"@id\":\"https:\\\/\\\/candas365.es\\\/noticias#listItem\",\"name\":\"Home\"}},{\"@type\":\"ListItem\",\"@id\":\"https:\\\/\\\/candas365.es\\\/noticias\\\/sol-y-calor-para-comenzar-septiembre-de-2026\\\/#listItem\",\"position\":3,\"name\":\"Sol y calor para comenzar septiembre de 2026\",\"previousItem\":{\"@type\":\"ListItem\",\"@id\":\"https:\\\/\\\/candas365.es\\\/noticias\\\/category\\\/destacadas\\\/#listItem\",\"name\":\"Destacadas\"}}]},{\"@type\":\"NewsArticle\",\"@id\":\"https:\\\/\\\/candas365.es\\\/noticias\\\/sol-y-calor-para-comenzar-septiembre-de-2026\\\/#newsarticle\",\"name\":\"Sol y calor para comenzar septiembre de 2026 | Cand\\u00e1s 365\",\"headline\":\"Sol y calor para comenzar septiembre de 2026\",\"author\":{\"@id\":\"https:\\\/\\\/candas365.es\\\/noticias\\\/author\\\/admin\\\/#author\"},\"publisher\":{\"@id\":\"https:\\\/\\\/candas365.es\\\/noticias\\\/#organization\"},\"image\":{\"@type\":\"ImageObject\",\"url\":\"https:\\\/\\\/candas365.es\\\/noticias\\\/wp-content\\\/uploads\\\/2026\\\/09\\\/Sol-y-calor-para-comenzar-septiembre-de-2026-.jpg\",\"width\":1245,\"height\":830,\"caption\":\"Foto: 123rf.com\"},\"datePublished\":\"2026-09-02T10:21:06+02:00\",\"dateModified\":\"2026-09-02T10:21:06+02:00\",\"inLanguage\":\"es-ES\",\"mainEntityOfPage\":{\"@id\":\"https:\\\/\\\/candas365.es\\\/noticias\\\/sol-y-calor-para-comenzar-septiembre-de-2026\\\/#webpage\"},\"isPartOf\":{\"@id\":\"https:\\\/\\\/candas365.es\\\/noticias\\\/sol-y-calor-para-comenzar-septiembre-de-2026\\\/#webpage\"},\"articleSection\":\"Destacadas, El tiempo, El tiempo\",\"dateline\":\"Publicado el septiembre 2, 2026.\"},{\"@type\":\"Organization\",\"@id\":\"https:\\\/\\\/candas365.es\\\/noticias\\\/#organization\",\"name\":\"Cand\\u00e1s 365\",\"description\":\"Cand\\u00e1s 365 es un diario digital independiente, fundado en 2012, con base en Asturias. Informamos con rigor sobre actualidad, sociedad, cultura y ocio, con una mirada local y global.\",\"url\":\"https:\\\/\\\/candas365.es\\\/noticias\\\/\",\"email\":\"info@candas365.es\",\"telephone\":\"+34652131393\",\"foundingDate\":\"2012-06-10\",\"logo\":{\"@type\":\"ImageObject\",\"url\":\"https:\\\/\\\/candas365.es\\\/noticias\\\/wp-content\\\/uploads\\\/2024\\\/09\\\/Candas-365-Redes.jpg\",\"@id\":\"https:\\\/\\\/candas365.es\\\/noticias\\\/sol-y-calor-para-comenzar-septiembre-de-2026\\\/#organizationLogo\",\"width\":1152,\"height\":864,\"caption\":\"Cand\\u00e1s 365 Redes\"},\"image\":{\"@id\":\"https:\\\/\\\/candas365.es\\\/noticias\\\/sol-y-calor-para-comenzar-septiembre-de-2026\\\/#organizationLogo\"},\"sameAs\":[\"https:\\\/\\\/www.facebook.com\\\/Nachofdezber\",\"https:\\\/\\\/x.com\\\/candas365\",\"https:\\\/\\\/www.instagram.com\\\/nachofdezber\\\/\",\"https:\\\/\\\/www.youtube.com\\\/channel\\\/UCZP-2wLEB9Rv6erhFmqVnvg\"],\"address\":{\"@id\":\"https:\\\/\\\/candas365.es\\\/noticias\\\/#postaladdress\",\"@type\":\"PostalAddress\",\"streetAddress\":\"san antonio 4, san antonio 4\",\"postalCode\":\"33430\",\"addressLocality\":\"Cand\\u00e1s\",\"addressRegion\":\"Asturias\",\"addressCountry\":\"ES\"}},{\"@type\":\"Person\",\"@id\":\"https:\\\/\\\/candas365.es\\\/noticias\\\/author\\\/admin\\\/#author\",\"url\":\"https:\\\/\\\/candas365.es\\\/noticias\\\/author\\\/admin\\\/\",\"name\":\"Cand\\u00e1s 365\",\"image\":{\"@type\":\"ImageObject\",\"@id\":\"https:\\\/\\\/candas365.es\\\/noticias\\\/sol-y-calor-para-comenzar-septiembre-de-2026\\\/#authorImage\",\"url\":\"https:\\\/\\\/candas365.es\\\/noticias\\\/wp-content\\\/uploads\\\/2026\\\/07\\\/cropped-eyevuvEl_400x400-96x96.jpg\",\"width\":96,\"height\":96,\"caption\":\"Cand\\u00e1s 365\"},\"sameAs\":[\"https:\\\/\\\/www.facebook.com\\\/Nachofdezber\",\"https:\\\/\\\/x.com\\\/candas365\",\"https:\\\/\\\/www.instagram.com\\\/nachofdezber\\\/\",\"https:\\\/\\\/www.youtube.com\\\/channel\\\/UCZP-2wLEB9Rv6erhFmqVnvg\"]},{\"@type\":\"WebPage\",\"@id\":\"https:\\\/\\\/candas365.es\\\/noticias\\\/sol-y-calor-para-comenzar-septiembre-de-2026\\\/#webpage\",\"url\":\"https:\\\/\\\/candas365.es\\\/noticias\\\/sol-y-calor-para-comenzar-septiembre-de-2026\\\/\",\"name\":\"Sol y calor para comenzar septiembre de 2026 | Cand\\u00e1s 365\",\"description\":\"Sol y calor en buena parte de Espa\\u00f1a en este arranque de mes de septiembre de 2026, y hoy mi\\u00e9rcoles comienza un nuevo episodio c\\u00e1lido de pleno verano\",\"inLanguage\":\"es-ES\",\"isPartOf\":{\"@id\":\"https:\\\/\\\/candas365.es\\\/noticias\\\/#website\"},\"breadcrumb\":{\"@id\":\"https:\\\/\\\/candas365.es\\\/noticias\\\/sol-y-calor-para-comenzar-septiembre-de-2026\\\/#breadcrumblist\"},\"author\":{\"@id\":\"https:\\\/\\\/candas365.es\\\/noticias\\\/author\\\/admin\\\/#author\"},\"creator\":{\"@id\":\"https:\\\/\\\/candas365.es\\\/noticias\\\/author\\\/admin\\\/#author\"},\"image\":{\"@type\":\"ImageObject\",\"url\":\"https:\\\/\\\/candas365.es\\\/noticias\\\/wp-content\\\/uploads\\\/2026\\\/09\\\/Sol-y-calor-para-comenzar-septiembre-de-2026-.jpg\",\"@id\":\"https:\\\/\\\/candas365.es\\\/noticias\\\/sol-y-calor-para-comenzar-septiembre-de-2026\\\/#mainImage\",\"width\":1245,\"height\":830,\"caption\":\"Foto: 123rf.com\"},\"primaryImageOfPage\":{\"@id\":\"https:\\\/\\\/candas365.es\\\/noticias\\\/sol-y-calor-para-comenzar-septiembre-de-2026\\\/#mainImage\"},\"datePublished\":\"2026-09-02T10:21:06+02:00\",\"dateModified\":\"2026-09-02T10:21:06+02:00\"},{\"@type\":\"WebSite\",\"@id\":\"https:\\\/\\\/candas365.es\\\/noticias\\\/#website\",\"url\":\"https:\\\/\\\/candas365.es\\\/noticias\\\/\",\"name\":\"Cand\\u00e1s 365\",\"alternateName\":\"Cand\\u00e1s 365 Noticias\",\"description\":\"Actualidad desde Carre\\u00f1o para el mundo\",\"inLanguage\":\"es-ES\",\"publisher\":{\"@id\":\"https:\\\/\\\/candas365.es\\\/noticias\\\/#organization\"}}]}\n\t\t<\/script>\n\t\t<!-- All in One SEO Pro -->\r\n\t\t<title>Sol y calor para comenzar septiembre de 2026 | Cand\u00e1s 365<\/title>\n\n","aioseo_head_json":{"title":"Sol y calor para comenzar septiembre de 2026 | Cand\u00e1s 365","description":"Sol y calor en buena parte de Espa\u00f1a en este arranque de mes de septiembre de 2026, y hoy mi\u00e9rcoles comienza un nuevo episodio c\u00e1lido de pleno verano","canonical_url":"https:\/\/candas365.es\/noticias\/sol-y-calor-para-comenzar-septiembre-de-2026\/","robots":"max-image-preview:large","keywords":"destacadas,el tiempo","webmasterTools":{"google-site-verification":"UA-32230408-1","msvalidate.01":"354F3CDFB2DA171B47FBE9ABF1F88D5","miscellaneous":""},"schema":{"@context":"https:\/\/schema.org","@graph":[{"@type":"BreadcrumbList","@id":"https:\/\/candas365.es\/noticias\/sol-y-calor-para-comenzar-septiembre-de-2026\/#breadcrumblist","itemListElement":[{"@type":"ListItem","@id":"https:\/\/candas365.es\/noticias#listItem","position":1,"name":"Home","item":"https:\/\/candas365.es\/noticias","nextItem":{"@type":"ListItem","@id":"https:\/\/candas365.es\/noticias\/category\/destacadas\/#listItem","name":"Destacadas"}},{"@type":"ListItem","@id":"https:\/\/candas365.es\/noticias\/category\/destacadas\/#listItem","position":2,"name":"Destacadas","item":"https:\/\/candas365.es\/noticias\/category\/destacadas\/","nextItem":{"@type":"ListItem","@id":"https:\/\/candas365.es\/noticias\/sol-y-calor-para-comenzar-septiembre-de-2026\/#listItem","name":"Sol y calor para comenzar septiembre de 2026"},"previousItem":{"@type":"ListItem","@id":"https:\/\/candas365.es\/noticias#listItem","name":"Home"}},{"@type":"ListItem","@id":"https:\/\/candas365.es\/noticias\/sol-y-calor-para-comenzar-septiembre-de-2026\/#listItem","position":3,"name":"Sol y calor para comenzar septiembre de 2026","previousItem":{"@type":"ListItem","@id":"https:\/\/candas365.es\/noticias\/category\/destacadas\/#listItem","name":"Destacadas"}}]},{"@type":"NewsArticle","@id":"https:\/\/candas365.es\/noticias\/sol-y-calor-para-comenzar-septiembre-de-2026\/#newsarticle","name":"Sol y calor para comenzar septiembre de 2026 | Cand\u00e1s 365","headline":"Sol y calor para comenzar septiembre de 2026","author":{"@id":"https:\/\/candas365.es\/noticias\/author\/admin\/#author"},"publisher":{"@id":"https:\/\/candas365.es\/noticias\/#organization"},"image":{"@type":"ImageObject","url":"https:\/\/candas365.es\/noticias\/wp-content\/uploads\/2026\/09\/Sol-y-calor-para-comenzar-septiembre-de-2026-.jpg","width":1245,"height":830,"caption":"Foto: 123rf.com"},"datePublished":"2026-09-02T10:21:06+02:00","dateModified":"2026-09-02T10:21:06+02:00","inLanguage":"es-ES","mainEntityOfPage":{"@id":"https:\/\/candas365.es\/noticias\/sol-y-calor-para-comenzar-septiembre-de-2026\/#webpage"},"isPartOf":{"@id":"https:\/\/candas365.es\/noticias\/sol-y-calor-para-comenzar-septiembre-de-2026\/#webpage"},"articleSection":"Destacadas, El tiempo, El tiempo","dateline":"Publicado el septiembre 2, 2026."},{"@type":"Organization","@id":"https:\/\/candas365.es\/noticias\/#organization","name":"Cand\u00e1s 365","description":"Cand\u00e1s 365 es un diario digital independiente, fundado en 2012, con base en Asturias. Informamos con rigor sobre actualidad, sociedad, cultura y ocio, con una mirada local y global.","url":"https:\/\/candas365.es\/noticias\/","email":"info@candas365.es","telephone":"+34652131393","foundingDate":"2012-06-10","logo":{"@type":"ImageObject","url":"https:\/\/candas365.es\/noticias\/wp-content\/uploads\/2024\/09\/Candas-365-Redes.jpg","@id":"https:\/\/candas365.es\/noticias\/sol-y-calor-para-comenzar-septiembre-de-2026\/#organizationLogo","width":1152,"height":864,"caption":"Cand\u00e1s 365 Redes"},"image":{"@id":"https:\/\/candas365.es\/noticias\/sol-y-calor-para-comenzar-septiembre-de-2026\/#organizationLogo"},"sameAs":["https:\/\/www.facebook.com\/Nachofdezber","https:\/\/x.com\/candas365","https:\/\/www.instagram.com\/nachofdezber\/","https:\/\/www.youtube.com\/channel\/UCZP-2wLEB9Rv6erhFmqVnvg"],"address":{"@id":"https:\/\/candas365.es\/noticias\/#postaladdress","@type":"PostalAddress","streetAddress":"san antonio 4, san antonio 4","postalCode":"33430","addressLocality":"Cand\u00e1s","addressRegion":"Asturias","addressCountry":"ES"}},{"@type":"Person","@id":"https:\/\/candas365.es\/noticias\/author\/admin\/#author","url":"https:\/\/candas365.es\/noticias\/author\/admin\/","name":"Cand\u00e1s 365","image":{"@type":"ImageObject","@id":"https:\/\/candas365.es\/noticias\/sol-y-calor-para-comenzar-septiembre-de-2026\/#authorImage","url":"https:\/\/candas365.es\/noticias\/wp-content\/uploads\/2026\/07\/cropped-eyevuvEl_400x400-96x96.jpg","width":96,"height":96,"caption":"Cand\u00e1s 365"},"sameAs":["https:\/\/www.facebook.com\/Nachofdezber","https:\/\/x.com\/candas365","https:\/\/www.instagram.com\/nachofdezber\/","https:\/\/www.youtube.com\/channel\/UCZP-2wLEB9Rv6erhFmqVnvg"]},{"@type":"WebPage","@id":"https:\/\/candas365.es\/noticias\/sol-y-calor-para-comenzar-septiembre-de-2026\/#webpage","url":"https:\/\/candas365.es\/noticias\/sol-y-calor-para-comenzar-septiembre-de-2026\/","name":"Sol y calor para comenzar septiembre de 2026 | Cand\u00e1s 365","description":"Sol y calor en buena parte de Espa\u00f1a en este arranque de mes de septiembre de 2026, y hoy mi\u00e9rcoles comienza un nuevo episodio c\u00e1lido de pleno verano","inLanguage":"es-ES","isPartOf":{"@id":"https:\/\/candas365.es\/noticias\/#website"},"breadcrumb":{"@id":"https:\/\/candas365.es\/noticias\/sol-y-calor-para-comenzar-septiembre-de-2026\/#breadcrumblist"},"author":{"@id":"https:\/\/candas365.es\/noticias\/author\/admin\/#author"},"creator":{"@id":"https:\/\/candas365.es\/noticias\/author\/admin\/#author"},"image":{"@type":"ImageObject","url":"https:\/\/candas365.es\/noticias\/wp-content\/uploads\/2026\/09\/Sol-y-calor-para-comenzar-septiembre-de-2026-.jpg","@id":"https:\/\/candas365.es\/noticias\/sol-y-calor-para-comenzar-septiembre-de-2026\/#mainImage","width":1245,"height":830,"caption":"Foto: 123rf.com"},"primaryImageOfPage":{"@id":"https:\/\/candas365.es\/noticias\/sol-y-calor-para-comenzar-septiembre-de-2026\/#mainImage"},"datePublished":"2026-09-02T10:21:06+02:00","dateModified":"2026-09-02T10:21:06+02:00"},{"@type":"WebSite","@id":"https:\/\/candas365.es\/noticias\/#website","url":"https:\/\/candas365.es\/noticias\/","name":"Cand\u00e1s 365","alternateName":"Cand\u00e1s 365 Noticias","description":"Actualidad desde Carre\u00f1o para el mundo","inLanguage":"es-ES","publisher":{"@id":"https:\/\/candas365.es\/noticias\/#organization"}}]},"og:locale":"es_ES","og:site_name":"Cand\u00e1s 365","og:type":"article","og:title":"Sol y calor para comenzar septiembre de 2026 \u2013 Cand\u00e1s 365","og:description":"Sol y calor en buena parte de Espa\u00f1a en este arranque de mes de septiembre de 2026, y hoy mi\u00e9rcoles comienza un nuevo episodio c\u00e1lido de pleno verano","og:url":"https:\/\/candas365.es\/noticias\/sol-y-calor-para-comenzar-septiembre-de-2026\/","og:image":"https:\/\/candas365.es\/noticias\/wp-content\/uploads\/2026\/09\/Sol-y-calor-para-comenzar-septiembre-de-2026-.jpg","og:image:secure_url":"https:\/\/candas365.es\/noticias\/wp-content\/uploads\/2026\/09\/Sol-y-calor-para-comenzar-septiembre-de-2026-.jpg","og:image:width":1245,"og:image:height":830,"article:published_time":"2026-09-02T08:21:06+00:00","article:modified_time":"2026-09-02T08:21:06+00:00","article:publisher":"https:\/\/www.facebook.com\/Nachofdezber","article:author":"https:\/\/www.facebook.com\/Nachofdezber","twitter:card":"summary_large_image","twitter:site":"@candas365","twitter:title":"Sol y calor para comenzar septiembre de 2026 \u2013 Cand\u00e1s 365","twitter:description":"Sol y calor en buena parte de Espa\u00f1a en este arranque de mes de septiembre de 2026, y hoy mi\u00e9rcoles comienza un nuevo episodio c\u00e1lido de pleno verano","twitter:creator":"@candas365","twitter:image":"https:\/\/candas365.es\/noticias\/wp-content\/uploads\/2026\/09\/Sol-y-calor-para-comenzar-septiembre-de-2026-.jpg","twitter:label1":"Escrito por","twitter:data1":"Cand\u00e1s 365","twitter:label2":"Tiempo de lectura estimado","twitter:data2":"5 minutos"},"aioseo_meta_data":{"post_id":"197951","title":null,"description":"Sol y calor en buena parte de Espa\u00f1a en este arranque de mes de septiembre de 2026, y hoy mi\u00e9rcoles comienza un nuevo episodio c\u00e1lido de pleno verano","keywords":null,"keyphrases":{"focus":{"keyphrase":"","score":0,"analysis":{"keyphraseInTitle":{"score":0,"maxScore":9,"error":1}}},"additional":[]},"primary_term":null,"canonical_url":null,"og_title":"#post_title #separator_sa #site_title","og_description":"Sol y calor en buena parte de Espa\u00f1a en este arranque de mes de septiembre de 2026, y hoy mi\u00e9rcoles comienza un nuevo episodio c\u00e1lido de pleno verano","og_object_type":"default","og_image_type":"default","og_image_url":null,"og_image_width":null,"og_image_height":null,"og_image_custom_url":null,"og_image_custom_fields":null,"og_video":"","og_custom_url":null,"og_article_section":null,"og_article_tags":null,"twitter_use_og":true,"twitter_card":"default","twitter_image_type":"default","twitter_image_url":null,"twitter_image_custom_url":null,"twitter_image_custom_fields":null,"twitter_title":null,"twitter_description":null,"schema":{"blockGraphs":[],"customGraphs":[],"default":{"data":{"Article":[],"Course":[],"Dataset":[],"FAQPage":[],"Movie":[],"Person":[],"Product":[],"ProductReview":[],"Car":[],"Recipe":[],"Service":[],"SoftwareApplication":[],"WebPage":[]},"graphName":"NewsArticle","isEnabled":true},"graphs":[]},"schema_type":"default","schema_type_options":null,"pillar_content":false,"robots_default":true,"robots_noindex":false,"robots_noarchive":false,"robots_nosnippet":false,"robots_nofollow":false,"robots_noimageindex":false,"robots_noodp":false,"robots_notranslate":false,"robots_max_snippet":"-1","robots_max_videopreview":"-1","robots_max_imagepreview":"large","priority":null,"frequency":"default","location":null,"local_seo":null,"seo_analyzer_scan_date":"2026-09-02 08:21:13","breadcrumb_settings":null,"limit_modified_date":false,"reviewed_by":"0","open_ai":null,"ai":{"faqs":[],"keyPoints":[],"schemas":[],"titles":[],"descriptions":[],"socialPosts":{"email":{"subject":"","preview":"","content":""},"linkedin":[],"twitter":[],"facebook":[],"instagram":[]}},"created":"2026-09-02 08:14:47","updated":"2026-09-02 08:21:13","focus_keyword":null,"additional_keywords":null,"truseo_locale":null},"aioseo_breadcrumb":"<div class=\"aioseo-breadcrumbs\"><span class=\"aioseo-breadcrumb\">\n\t<a href=\"https:\/\/candas365.es\/noticias\" title=\"Home\">Home<\/a>\n<\/span><span class=\"aioseo-breadcrumb-separator\">&ndash;<\/span><span class=\"aioseo-breadcrumb\">\n\t<a href=\"https:\/\/candas365.es\/noticias\/category\/destacadas\/\" title=\"Destacadas\">Destacadas<\/a>\n<\/span><span class=\"aioseo-breadcrumb-separator\">&ndash;<\/span><span class=\"aioseo-breadcrumb\">\n\tSol y calor para comenzar septiembre de 2026\n<\/span><\/div>","aioseo_breadcrumb_json":[{"label":"Home","link":"https:\/\/candas365.es\/noticias"},{"label":"Destacadas","link":"https:\/\/candas365.es\/noticias\/category\/destacadas\/"},{"label":"Sol y calor para comenzar septiembre de 2026","link":"https:\/\/candas365.es\/noticias\/sol-y-calor-para-comenzar-septiembre-de-2026\/"}],"_links":{"self":[{"href":"https:\/\/candas365.es\/noticias\/wp-json\/wp\/v2\/posts\/197951","targetHints":{"allow":["GET"]}}],"collection":[{"href":"https:\/\/candas365.es\/noticias\/wp-json\/wp\/v2\/posts"}],"about":[{"href":"https:\/\/candas365.es\/noticias\/wp-json\/wp\/v2\/types\/post"}],"author":[{"embeddable":true,"href":"https:\/\/candas365.es\/noticias\/wp-json\/wp\/v2\/users\/1"}],"replies":[{"embeddable":true,"href":"https:\/\/candas365.es\/noticias\/wp-json\/wp\/v2\/comments?post=197951"}],"version-history":[{"count":1,"href":"https:\/\/candas365.es\/noticias\/wp-json\/wp\/v2\/posts\/197951\/revisions"}],"predecessor-version":[{"id":197953,"href":"https:\/\/candas365.es\/noticias\/wp-json\/wp\/v2\/posts\/197951\/revisions\/197953"}],"wp:featuredmedia":[{"embeddable":true,"href":"https:\/\/candas365.es\/noticias\/wp-json\/wp\/v2\/media\/197952"}],"wp:attachment":[{"href":"https:\/\/candas365.es\/noticias\/wp-json\/wp\/v2\/media?parent=197951"}],"wp:term":[{"taxonomy":"category","embeddable":true,"href":"https:\/\/candas365.es\/noticias\/wp-json\/wp\/v2\/categories?post=197951"},{"taxonomy":"post_tag","embeddable":true,"href":"https:\/\/candas365.es\/noticias\/wp-json\/wp\/v2\/tags?post=197951"}],"curies":[{"name":"wp","href":"https:\/\/api.w.org\/{rel}","templated":true}]}}