{"id":197948,"date":"2026-09-01T15:20:26","date_gmt":"2026-09-01T13:20:26","guid":{"rendered":"https:\/\/candas365.es\/noticias\/?p=197948"},"modified":"2026-09-01T15:20:26","modified_gmt":"2026-09-01T13:20:26","slug":"frenan-la-venta-del-hotel-adlon-de-berlin","status":"publish","type":"post","link":"https:\/\/candas365.es\/noticias\/frenan-la-venta-del-hotel-adlon-de-berlin\/","title":{"rendered":"Frenan la venta del Hotel Adlon de Berl\u00edn"},"content":{"rendered":"<p><span class=\"dateline\">Berl\u00edn, 1 sep\u00a0<span class=\"credit\">(<a href=\"https:\/\/www.dpa-news.de\/\" target=\"_blank\" rel=\"noopener\"><span style=\"color: #ff6600;\"><strong>dpa<\/strong><\/span><\/a>)<\/span>\u00a0\u2013\u00a0<\/span>El lujoso <strong>Hotel Adlon<\/strong>, situado en la Pariser Platz de Berl\u00edn, frente a la Puerta de Brandeburgo, no puede venderse por el momento debido a falta de acuerdo entre el accionariado del fondo propietario, inform\u00f3 hoy la inmobiliaria Jagdfeld.<\/p>\n<figure id=\"attachment_197949\" aria-describedby=\"caption-attachment-197949\" style=\"width: 650px\" class=\"wp-caption aligncenter\"><img fetchpriority=\"high\" decoding=\"async\" class=\"size-large wp-image-197949\" src=\"https:\/\/candas365.es\/noticias\/wp-content\/uploads\/2026\/09\/Frenan-la-venta-del-Hotel-Adlon-de-Berlin-650x428.jpg\" alt=\"Frenan la venta del Hotel Adlon de Berl\u00edn\" width=\"650\" height=\"428\" srcset=\"https:\/\/candas365.es\/noticias\/wp-content\/uploads\/2026\/09\/Frenan-la-venta-del-Hotel-Adlon-de-Berlin-650x428.jpg 650w, https:\/\/candas365.es\/noticias\/wp-content\/uploads\/2026\/09\/Frenan-la-venta-del-Hotel-Adlon-de-Berlin-360x237.jpg 360w, https:\/\/candas365.es\/noticias\/wp-content\/uploads\/2026\/09\/Frenan-la-venta-del-Hotel-Adlon-de-Berlin-768x506.jpg 768w, https:\/\/candas365.es\/noticias\/wp-content\/uploads\/2026\/09\/Frenan-la-venta-del-Hotel-Adlon-de-Berlin-150x99.jpg 150w, https:\/\/candas365.es\/noticias\/wp-content\/uploads\/2026\/09\/Frenan-la-venta-del-Hotel-Adlon-de-Berlin-450x296.jpg 450w, https:\/\/candas365.es\/noticias\/wp-content\/uploads\/2026\/09\/Frenan-la-venta-del-Hotel-Adlon-de-Berlin-1200x790.jpg 1200w, https:\/\/candas365.es\/noticias\/wp-content\/uploads\/2026\/09\/Frenan-la-venta-del-Hotel-Adlon-de-Berlin.jpg 1254w\" sizes=\"(max-width: 650px) 100vw, 650px\" \/><figcaption id=\"caption-attachment-197949\" class=\"wp-caption-text\">Foto: Jens Kalaene\/dpa<\/figcaption><\/figure>\n<p>No se alcanz\u00f3 la mayor\u00eda necesaria entre los accionistas para la venta del inmueble, ya que, si bien el 86 % de los accionistas del fondo votaron a favor de la venta, solo poseen el 71,04 % de las acciones. Se requer\u00eda una mayor\u00eda de capital del 75 %.<\/p>\n<p>El hotel de lujo forma parte del fondo Fundus-Fonds 31, gestionado por Jagdfeld. Seg\u00fan la empresa, el fondo \u2014y, por lo tanto, el Hotel Adlon\u2014 pertenece a aproximadamente 4.000 inversores, principalmente privados. Dado que ahora se encuentran en una edad en la que desean desprenderse de sus participaciones, Jagdfeld anunci\u00f3 hace varias semanas su intenci\u00f3n de vender el inmueble.<\/p>\n<h1><strong>La inmobiliaria quiere seguir adelante con la venta<\/strong><\/h1>\n<p>No obstante, la <a href=\"https:\/\/candas365.es\/noticias\/category\/canal-empresas\/\"><span style=\"color: #ff6600;\"><strong>inmobiliaria<\/strong><\/span><\/a> describi\u00f3 el resultado de la votaci\u00f3n como un \u00abmandato abrumador para retomar la venta\u00bb.<\/p>\n<p>\u00abAhora es el momento oportuno para que la empresa venda. Solo as\u00ed podr\u00e1n los peque\u00f1os inversores, muchos de ellos octogenarios, que invirtieron desde el principio y que se encuentran indefensos ante la falta de alternativas, obtener lo que les corresponde\u00bb, reza el comunicado de la inmobiliaria.<\/p>\n<h3><strong>Cr\u00edticas de los grandes accionistas<\/strong><\/h3>\n<p>Los grandes accionistas, en particular, se manifestaron con anterioridad en contra de la venta, al criticar en especial el sistema de reparto de beneficios escalonado de Jagdfeld.<\/p>\n<p>Seg\u00fan diversas fuentes, la empresa recibir\u00e1, entre otras cosas, el 20 % de los ingresos adicionales si el precio de compra supera los 310 millones de euros (360 millones de d\u00f3lares). Jagdfeld fij\u00f3 un precio m\u00ednimo de venta de 280 millones de euros. A\u00fan no est\u00e1 claro c\u00f3mo se desarrollar\u00e1 ni cu\u00e1ndo se espera que se complete la venta.<\/p>\n<p>El magn\u00edfico hotel situado en el antiguo sector oriental de Berl\u00edn fue fundado hace casi 120 a\u00f1os por Lorenz Adlon, se incendi\u00f3 en 1945, a excepci\u00f3n de un ala, y fue completamente demolido en 1984 por las autoridades de Alemania Oriental.<\/p>\n<p>En la d\u00e9cada de 1990, tras la reunificaci\u00f3n alemana, el hotel fue reconstruido seg\u00fan los planos originales y reabri\u00f3 sus puertas el 23 de agosto de 1997.<\/p>\n<p>Actualmente, el establecimiento es gestionado por el grupo hotelero de lujo Kempinski, que tiene un contrato de arrendamiento hasta finales de 2032, el cual no se ver\u00e1 afectado por la venta. No obstante, el futuro m\u00e1s all\u00e1 de esa fecha es incierto.<\/p>\n","protected":false},"excerpt":{"rendered":"<p>Berl\u00edn, 1 sep\u00a0(dpa)\u00a0\u2013\u00a0El lujoso Hotel Adlon, situado en la Pariser Platz de Berl\u00edn, frente a la Puerta de Brandeburgo, no puede venderse por el momento debido a falta de acuerdo entre el accionariado del fondo propietario, inform\u00f3 hoy la inmobiliaria Jagdfeld. No se alcanz\u00f3 la mayor\u00eda necesaria entre los accionistas para la venta del inmueble,<\/p>\n","protected":false},"author":1,"featured_media":197949,"comment_status":"closed","ping_status":"closed","sticky":false,"template":"","format":"standard","meta":{"footnotes":""},"categories":[485],"tags":[417,418],"class_list":["post-197948","post","type-post","status-publish","format-standard","has-post-thumbnail","category-internacional","tag-alemania","tag-internacional"],"aioseo_notices":[],"aioseo_head":"\n\t\t<!-- All in One SEO Pro 5.0.1.1 - aioseo.com -->\n\t<meta name=\"description\" content=\"Berl\u00edn, 1 sep (dpa) \u2013 El lujoso Hotel Adlon, situado en la Pariser Platz de Berl\u00edn, frente a la Puerta de Brandeburgo, no puede venderse por el momento\" \/>\n\t<meta name=\"robots\" content=\"max-image-preview:large\" \/>\n\t<meta name=\"author\" content=\"Cand\u00e1s 365\"\/>\n\t<meta name=\"google-site-verification\" content=\"UA-32230408-1\" \/>\n\t<meta name=\"msvalidate.01\" content=\"354F3CDFB2DA171B47FBE9ABF1F88D5\" \/>\n\t<meta name=\"keywords\" content=\"internacional\" \/>\n\t<link rel=\"canonical\" href=\"https:\/\/candas365.es\/noticias\/frenan-la-venta-del-hotel-adlon-de-berlin\/\" \/>\n\t<meta name=\"generator\" content=\"All in One SEO Pro (AIOSEO) 5.0.1.1\" \/>\n\t\t<meta property=\"og:locale\" content=\"es_ES\" \/>\n\t\t<meta property=\"og:site_name\" content=\"Cand\u00e1s 365\" \/>\n\t\t<meta property=\"og:type\" content=\"article\" \/>\n\t\t<meta property=\"og:title\" content=\"Frenan la venta del Hotel Adlon de Berl\u00edn \u2013 Cand\u00e1s 365\" \/>\n\t\t<meta property=\"og:description\" content=\"Berl\u00edn, 1 sep (dpa) \u2013 El lujoso Hotel Adlon, situado en la Pariser Platz de Berl\u00edn, frente a la Puerta de Brandeburgo, no puede venderse por el momento\" \/>\n\t\t<meta property=\"og:url\" content=\"https:\/\/candas365.es\/noticias\/frenan-la-venta-del-hotel-adlon-de-berlin\/\" \/>\n\t\t<meta property=\"og:image\" content=\"https:\/\/candas365.es\/noticias\/wp-content\/uploads\/2026\/09\/Frenan-la-venta-del-Hotel-Adlon-de-Berlin.jpg\" \/>\n\t\t<meta property=\"og:image:secure_url\" content=\"https:\/\/candas365.es\/noticias\/wp-content\/uploads\/2026\/09\/Frenan-la-venta-del-Hotel-Adlon-de-Berlin.jpg\" \/>\n\t\t<meta property=\"og:image:width\" content=\"1254\" \/>\n\t\t<meta property=\"og:image:height\" content=\"826\" \/>\n\t\t<meta property=\"article:published_time\" content=\"2026-09-01T13:20:26+00:00\" \/>\n\t\t<meta property=\"article:modified_time\" content=\"2026-09-01T13:20:26+00:00\" \/>\n\t\t<meta property=\"article:publisher\" content=\"https:\/\/www.facebook.com\/Nachofdezber\" \/>\n\t\t<meta property=\"article:author\" content=\"https:\/\/www.facebook.com\/Nachofdezber\" \/>\n\t\t<meta name=\"twitter:card\" content=\"summary_large_image\" \/>\n\t\t<meta name=\"twitter:site\" content=\"@candas365\" \/>\n\t\t<meta name=\"twitter:title\" content=\"Frenan la venta del Hotel Adlon de Berl\u00edn \u2013 Cand\u00e1s 365\" \/>\n\t\t<meta name=\"twitter:description\" content=\"Berl\u00edn, 1 sep (dpa) \u2013 El lujoso Hotel Adlon, situado en la Pariser Platz de Berl\u00edn, frente a la Puerta de Brandeburgo, no puede venderse por el momento\" \/>\n\t\t<meta name=\"twitter:creator\" content=\"@candas365\" \/>\n\t\t<meta name=\"twitter:image\" content=\"https:\/\/candas365.es\/noticias\/wp-content\/uploads\/2026\/09\/Frenan-la-venta-del-Hotel-Adlon-de-Berlin.jpg\" \/>\n\t\t<meta name=\"twitter:label1\" content=\"Escrito por\" \/>\n\t\t<meta name=\"twitter:data1\" content=\"Cand\u00e1s 365\" \/>\n\t\t<meta name=\"twitter:label2\" content=\"Tiempo de lectura estimado\" \/>\n\t\t<meta name=\"twitter:data2\" content=\"2 minutos\" \/>\n\t\t<script type=\"application\/ld+json\" class=\"aioseo-schema\">\n\t\t\t{\"@context\":\"https:\\\/\\\/schema.org\",\"@graph\":[{\"@type\":\"BreadcrumbList\",\"@id\":\"https:\\\/\\\/candas365.es\\\/noticias\\\/frenan-la-venta-del-hotel-adlon-de-berlin\\\/#breadcrumblist\",\"itemListElement\":[{\"@type\":\"ListItem\",\"@id\":\"https:\\\/\\\/candas365.es\\\/noticias#listItem\",\"position\":1,\"name\":\"Home\",\"item\":\"https:\\\/\\\/candas365.es\\\/noticias\",\"nextItem\":{\"@type\":\"ListItem\",\"@id\":\"https:\\\/\\\/candas365.es\\\/noticias\\\/category\\\/internacional\\\/#listItem\",\"name\":\"Internacional\"}},{\"@type\":\"ListItem\",\"@id\":\"https:\\\/\\\/candas365.es\\\/noticias\\\/category\\\/internacional\\\/#listItem\",\"position\":2,\"name\":\"Internacional\",\"item\":\"https:\\\/\\\/candas365.es\\\/noticias\\\/category\\\/internacional\\\/\",\"nextItem\":{\"@type\":\"ListItem\",\"@id\":\"https:\\\/\\\/candas365.es\\\/noticias\\\/frenan-la-venta-del-hotel-adlon-de-berlin\\\/#listItem\",\"name\":\"Frenan la venta del Hotel Adlon de Berl\\u00edn\"},\"previousItem\":{\"@type\":\"ListItem\",\"@id\":\"https:\\\/\\\/candas365.es\\\/noticias#listItem\",\"name\":\"Home\"}},{\"@type\":\"ListItem\",\"@id\":\"https:\\\/\\\/candas365.es\\\/noticias\\\/frenan-la-venta-del-hotel-adlon-de-berlin\\\/#listItem\",\"position\":3,\"name\":\"Frenan la venta del Hotel Adlon de Berl\\u00edn\",\"previousItem\":{\"@type\":\"ListItem\",\"@id\":\"https:\\\/\\\/candas365.es\\\/noticias\\\/category\\\/internacional\\\/#listItem\",\"name\":\"Internacional\"}}]},{\"@type\":\"NewsArticle\",\"@id\":\"https:\\\/\\\/candas365.es\\\/noticias\\\/frenan-la-venta-del-hotel-adlon-de-berlin\\\/#newsarticle\",\"name\":\"Frenan la venta del Hotel Adlon de Berl\\u00edn | Cand\\u00e1s 365\",\"headline\":\"Frenan la venta del Hotel Adlon de Berl\\u00edn\",\"author\":{\"@id\":\"https:\\\/\\\/candas365.es\\\/noticias\\\/author\\\/admin\\\/#author\"},\"publisher\":{\"@id\":\"https:\\\/\\\/candas365.es\\\/noticias\\\/#organization\"},\"image\":{\"@type\":\"ImageObject\",\"url\":\"https:\\\/\\\/candas365.es\\\/noticias\\\/wp-content\\\/uploads\\\/2026\\\/09\\\/Frenan-la-venta-del-Hotel-Adlon-de-Berlin.jpg\",\"width\":1254,\"height\":826,\"caption\":\"Foto: Jens Kalaene\\\/dpa\"},\"datePublished\":\"2026-09-01T15:20:26+02:00\",\"dateModified\":\"2026-09-01T15:20:26+02:00\",\"inLanguage\":\"es-ES\",\"mainEntityOfPage\":{\"@id\":\"https:\\\/\\\/candas365.es\\\/noticias\\\/frenan-la-venta-del-hotel-adlon-de-berlin\\\/#webpage\"},\"isPartOf\":{\"@id\":\"https:\\\/\\\/candas365.es\\\/noticias\\\/frenan-la-venta-del-hotel-adlon-de-berlin\\\/#webpage\"},\"articleSection\":\"Internacional, Alemania, Internacional\",\"dateline\":\"Publicado el septiembre 1, 2026.\"},{\"@type\":\"Organization\",\"@id\":\"https:\\\/\\\/candas365.es\\\/noticias\\\/#organization\",\"name\":\"Cand\\u00e1s 365\",\"description\":\"Cand\\u00e1s 365 es un diario digital independiente, fundado en 2012, con base en Asturias. Informamos con rigor sobre actualidad, sociedad, cultura y ocio, con una mirada local y global.\",\"url\":\"https:\\\/\\\/candas365.es\\\/noticias\\\/\",\"email\":\"info@candas365.es\",\"telephone\":\"+34652131393\",\"foundingDate\":\"2012-06-10\",\"logo\":{\"@type\":\"ImageObject\",\"url\":\"https:\\\/\\\/candas365.es\\\/noticias\\\/wp-content\\\/uploads\\\/2024\\\/09\\\/Candas-365-Redes.jpg\",\"@id\":\"https:\\\/\\\/candas365.es\\\/noticias\\\/frenan-la-venta-del-hotel-adlon-de-berlin\\\/#organizationLogo\",\"width\":1152,\"height\":864,\"caption\":\"Cand\\u00e1s 365 Redes\"},\"image\":{\"@id\":\"https:\\\/\\\/candas365.es\\\/noticias\\\/frenan-la-venta-del-hotel-adlon-de-berlin\\\/#organizationLogo\"},\"sameAs\":[\"https:\\\/\\\/www.facebook.com\\\/Nachofdezber\",\"https:\\\/\\\/x.com\\\/candas365\",\"https:\\\/\\\/www.instagram.com\\\/nachofdezber\\\/\",\"https:\\\/\\\/www.youtube.com\\\/channel\\\/UCZP-2wLEB9Rv6erhFmqVnvg\"],\"address\":{\"@id\":\"https:\\\/\\\/candas365.es\\\/noticias\\\/#postaladdress\",\"@type\":\"PostalAddress\",\"streetAddress\":\"san antonio 4, san antonio 4\",\"postalCode\":\"33430\",\"addressLocality\":\"Cand\\u00e1s\",\"addressRegion\":\"Asturias\",\"addressCountry\":\"ES\"}},{\"@type\":\"Person\",\"@id\":\"https:\\\/\\\/candas365.es\\\/noticias\\\/author\\\/admin\\\/#author\",\"url\":\"https:\\\/\\\/candas365.es\\\/noticias\\\/author\\\/admin\\\/\",\"name\":\"Cand\\u00e1s 365\",\"image\":{\"@type\":\"ImageObject\",\"@id\":\"https:\\\/\\\/candas365.es\\\/noticias\\\/frenan-la-venta-del-hotel-adlon-de-berlin\\\/#authorImage\",\"url\":\"https:\\\/\\\/candas365.es\\\/noticias\\\/wp-content\\\/uploads\\\/2026\\\/07\\\/cropped-eyevuvEl_400x400-96x96.jpg\",\"width\":96,\"height\":96,\"caption\":\"Cand\\u00e1s 365\"},\"sameAs\":[\"https:\\\/\\\/www.facebook.com\\\/Nachofdezber\",\"https:\\\/\\\/x.com\\\/candas365\",\"https:\\\/\\\/www.instagram.com\\\/nachofdezber\\\/\",\"https:\\\/\\\/www.youtube.com\\\/channel\\\/UCZP-2wLEB9Rv6erhFmqVnvg\"]},{\"@type\":\"WebPage\",\"@id\":\"https:\\\/\\\/candas365.es\\\/noticias\\\/frenan-la-venta-del-hotel-adlon-de-berlin\\\/#webpage\",\"url\":\"https:\\\/\\\/candas365.es\\\/noticias\\\/frenan-la-venta-del-hotel-adlon-de-berlin\\\/\",\"name\":\"Frenan la venta del Hotel Adlon de Berl\\u00edn | Cand\\u00e1s 365\",\"description\":\"Berl\\u00edn, 1 sep (dpa) \\u2013 El lujoso Hotel Adlon, situado en la Pariser Platz de Berl\\u00edn, frente a la Puerta de Brandeburgo, no puede venderse por el momento\",\"inLanguage\":\"es-ES\",\"isPartOf\":{\"@id\":\"https:\\\/\\\/candas365.es\\\/noticias\\\/#website\"},\"breadcrumb\":{\"@id\":\"https:\\\/\\\/candas365.es\\\/noticias\\\/frenan-la-venta-del-hotel-adlon-de-berlin\\\/#breadcrumblist\"},\"author\":{\"@id\":\"https:\\\/\\\/candas365.es\\\/noticias\\\/author\\\/admin\\\/#author\"},\"creator\":{\"@id\":\"https:\\\/\\\/candas365.es\\\/noticias\\\/author\\\/admin\\\/#author\"},\"image\":{\"@type\":\"ImageObject\",\"url\":\"https:\\\/\\\/candas365.es\\\/noticias\\\/wp-content\\\/uploads\\\/2026\\\/09\\\/Frenan-la-venta-del-Hotel-Adlon-de-Berlin.jpg\",\"@id\":\"https:\\\/\\\/candas365.es\\\/noticias\\\/frenan-la-venta-del-hotel-adlon-de-berlin\\\/#mainImage\",\"width\":1254,\"height\":826,\"caption\":\"Foto: Jens Kalaene\\\/dpa\"},\"primaryImageOfPage\":{\"@id\":\"https:\\\/\\\/candas365.es\\\/noticias\\\/frenan-la-venta-del-hotel-adlon-de-berlin\\\/#mainImage\"},\"datePublished\":\"2026-09-01T15:20:26+02:00\",\"dateModified\":\"2026-09-01T15:20:26+02:00\"},{\"@type\":\"WebSite\",\"@id\":\"https:\\\/\\\/candas365.es\\\/noticias\\\/#website\",\"url\":\"https:\\\/\\\/candas365.es\\\/noticias\\\/\",\"name\":\"Cand\\u00e1s 365\",\"alternateName\":\"Cand\\u00e1s 365 Noticias\",\"description\":\"Actualidad desde Carre\\u00f1o para el mundo\",\"inLanguage\":\"es-ES\",\"publisher\":{\"@id\":\"https:\\\/\\\/candas365.es\\\/noticias\\\/#organization\"}}]}\n\t\t<\/script>\n\t\t<!-- All in One SEO Pro -->\r\n\t\t<title>Frenan la venta del Hotel Adlon de Berl\u00edn | Cand\u00e1s 365<\/title>\n\n","aioseo_head_json":{"title":"Frenan la venta del Hotel Adlon de Berl\u00edn | Cand\u00e1s 365","description":"Berl\u00edn, 1 sep (dpa) \u2013 El lujoso Hotel Adlon, situado en la Pariser Platz de Berl\u00edn, frente a la Puerta de Brandeburgo, no puede venderse por el momento","canonical_url":"https:\/\/candas365.es\/noticias\/frenan-la-venta-del-hotel-adlon-de-berlin\/","robots":"max-image-preview:large","keywords":"internacional","webmasterTools":{"google-site-verification":"UA-32230408-1","msvalidate.01":"354F3CDFB2DA171B47FBE9ABF1F88D5","miscellaneous":""},"schema":{"@context":"https:\/\/schema.org","@graph":[{"@type":"BreadcrumbList","@id":"https:\/\/candas365.es\/noticias\/frenan-la-venta-del-hotel-adlon-de-berlin\/#breadcrumblist","itemListElement":[{"@type":"ListItem","@id":"https:\/\/candas365.es\/noticias#listItem","position":1,"name":"Home","item":"https:\/\/candas365.es\/noticias","nextItem":{"@type":"ListItem","@id":"https:\/\/candas365.es\/noticias\/category\/internacional\/#listItem","name":"Internacional"}},{"@type":"ListItem","@id":"https:\/\/candas365.es\/noticias\/category\/internacional\/#listItem","position":2,"name":"Internacional","item":"https:\/\/candas365.es\/noticias\/category\/internacional\/","nextItem":{"@type":"ListItem","@id":"https:\/\/candas365.es\/noticias\/frenan-la-venta-del-hotel-adlon-de-berlin\/#listItem","name":"Frenan la venta del Hotel Adlon de Berl\u00edn"},"previousItem":{"@type":"ListItem","@id":"https:\/\/candas365.es\/noticias#listItem","name":"Home"}},{"@type":"ListItem","@id":"https:\/\/candas365.es\/noticias\/frenan-la-venta-del-hotel-adlon-de-berlin\/#listItem","position":3,"name":"Frenan la venta del Hotel Adlon de Berl\u00edn","previousItem":{"@type":"ListItem","@id":"https:\/\/candas365.es\/noticias\/category\/internacional\/#listItem","name":"Internacional"}}]},{"@type":"NewsArticle","@id":"https:\/\/candas365.es\/noticias\/frenan-la-venta-del-hotel-adlon-de-berlin\/#newsarticle","name":"Frenan la venta del Hotel Adlon de Berl\u00edn | Cand\u00e1s 365","headline":"Frenan la venta del Hotel Adlon de Berl\u00edn","author":{"@id":"https:\/\/candas365.es\/noticias\/author\/admin\/#author"},"publisher":{"@id":"https:\/\/candas365.es\/noticias\/#organization"},"image":{"@type":"ImageObject","url":"https:\/\/candas365.es\/noticias\/wp-content\/uploads\/2026\/09\/Frenan-la-venta-del-Hotel-Adlon-de-Berlin.jpg","width":1254,"height":826,"caption":"Foto: Jens Kalaene\/dpa"},"datePublished":"2026-09-01T15:20:26+02:00","dateModified":"2026-09-01T15:20:26+02:00","inLanguage":"es-ES","mainEntityOfPage":{"@id":"https:\/\/candas365.es\/noticias\/frenan-la-venta-del-hotel-adlon-de-berlin\/#webpage"},"isPartOf":{"@id":"https:\/\/candas365.es\/noticias\/frenan-la-venta-del-hotel-adlon-de-berlin\/#webpage"},"articleSection":"Internacional, Alemania, Internacional","dateline":"Publicado el septiembre 1, 2026."},{"@type":"Organization","@id":"https:\/\/candas365.es\/noticias\/#organization","name":"Cand\u00e1s 365","description":"Cand\u00e1s 365 es un diario digital independiente, fundado en 2012, con base en Asturias. Informamos con rigor sobre actualidad, sociedad, cultura y ocio, con una mirada local y global.","url":"https:\/\/candas365.es\/noticias\/","email":"info@candas365.es","telephone":"+34652131393","foundingDate":"2012-06-10","logo":{"@type":"ImageObject","url":"https:\/\/candas365.es\/noticias\/wp-content\/uploads\/2024\/09\/Candas-365-Redes.jpg","@id":"https:\/\/candas365.es\/noticias\/frenan-la-venta-del-hotel-adlon-de-berlin\/#organizationLogo","width":1152,"height":864,"caption":"Cand\u00e1s 365 Redes"},"image":{"@id":"https:\/\/candas365.es\/noticias\/frenan-la-venta-del-hotel-adlon-de-berlin\/#organizationLogo"},"sameAs":["https:\/\/www.facebook.com\/Nachofdezber","https:\/\/x.com\/candas365","https:\/\/www.instagram.com\/nachofdezber\/","https:\/\/www.youtube.com\/channel\/UCZP-2wLEB9Rv6erhFmqVnvg"],"address":{"@id":"https:\/\/candas365.es\/noticias\/#postaladdress","@type":"PostalAddress","streetAddress":"san antonio 4, san antonio 4","postalCode":"33430","addressLocality":"Cand\u00e1s","addressRegion":"Asturias","addressCountry":"ES"}},{"@type":"Person","@id":"https:\/\/candas365.es\/noticias\/author\/admin\/#author","url":"https:\/\/candas365.es\/noticias\/author\/admin\/","name":"Cand\u00e1s 365","image":{"@type":"ImageObject","@id":"https:\/\/candas365.es\/noticias\/frenan-la-venta-del-hotel-adlon-de-berlin\/#authorImage","url":"https:\/\/candas365.es\/noticias\/wp-content\/uploads\/2026\/07\/cropped-eyevuvEl_400x400-96x96.jpg","width":96,"height":96,"caption":"Cand\u00e1s 365"},"sameAs":["https:\/\/www.facebook.com\/Nachofdezber","https:\/\/x.com\/candas365","https:\/\/www.instagram.com\/nachofdezber\/","https:\/\/www.youtube.com\/channel\/UCZP-2wLEB9Rv6erhFmqVnvg"]},{"@type":"WebPage","@id":"https:\/\/candas365.es\/noticias\/frenan-la-venta-del-hotel-adlon-de-berlin\/#webpage","url":"https:\/\/candas365.es\/noticias\/frenan-la-venta-del-hotel-adlon-de-berlin\/","name":"Frenan la venta del Hotel Adlon de Berl\u00edn | Cand\u00e1s 365","description":"Berl\u00edn, 1 sep (dpa) \u2013 El lujoso Hotel Adlon, situado en la Pariser Platz de Berl\u00edn, frente a la Puerta de Brandeburgo, no puede venderse por el momento","inLanguage":"es-ES","isPartOf":{"@id":"https:\/\/candas365.es\/noticias\/#website"},"breadcrumb":{"@id":"https:\/\/candas365.es\/noticias\/frenan-la-venta-del-hotel-adlon-de-berlin\/#breadcrumblist"},"author":{"@id":"https:\/\/candas365.es\/noticias\/author\/admin\/#author"},"creator":{"@id":"https:\/\/candas365.es\/noticias\/author\/admin\/#author"},"image":{"@type":"ImageObject","url":"https:\/\/candas365.es\/noticias\/wp-content\/uploads\/2026\/09\/Frenan-la-venta-del-Hotel-Adlon-de-Berlin.jpg","@id":"https:\/\/candas365.es\/noticias\/frenan-la-venta-del-hotel-adlon-de-berlin\/#mainImage","width":1254,"height":826,"caption":"Foto: Jens Kalaene\/dpa"},"primaryImageOfPage":{"@id":"https:\/\/candas365.es\/noticias\/frenan-la-venta-del-hotel-adlon-de-berlin\/#mainImage"},"datePublished":"2026-09-01T15:20:26+02:00","dateModified":"2026-09-01T15:20:26+02:00"},{"@type":"WebSite","@id":"https:\/\/candas365.es\/noticias\/#website","url":"https:\/\/candas365.es\/noticias\/","name":"Cand\u00e1s 365","alternateName":"Cand\u00e1s 365 Noticias","description":"Actualidad desde Carre\u00f1o para el mundo","inLanguage":"es-ES","publisher":{"@id":"https:\/\/candas365.es\/noticias\/#organization"}}]},"og:locale":"es_ES","og:site_name":"Cand\u00e1s 365","og:type":"article","og:title":"Frenan la venta del Hotel Adlon de Berl\u00edn \u2013 Cand\u00e1s 365","og:description":"Berl\u00edn, 1 sep (dpa) \u2013 El lujoso Hotel Adlon, situado en la Pariser Platz de Berl\u00edn, frente a la Puerta de Brandeburgo, no puede venderse por el momento","og:url":"https:\/\/candas365.es\/noticias\/frenan-la-venta-del-hotel-adlon-de-berlin\/","og:image":"https:\/\/candas365.es\/noticias\/wp-content\/uploads\/2026\/09\/Frenan-la-venta-del-Hotel-Adlon-de-Berlin.jpg","og:image:secure_url":"https:\/\/candas365.es\/noticias\/wp-content\/uploads\/2026\/09\/Frenan-la-venta-del-Hotel-Adlon-de-Berlin.jpg","og:image:width":1254,"og:image:height":826,"article:published_time":"2026-09-01T13:20:26+00:00","article:modified_time":"2026-09-01T13:20:26+00:00","article:publisher":"https:\/\/www.facebook.com\/Nachofdezber","article:author":"https:\/\/www.facebook.com\/Nachofdezber","twitter:card":"summary_large_image","twitter:site":"@candas365","twitter:title":"Frenan la venta del Hotel Adlon de Berl\u00edn \u2013 Cand\u00e1s 365","twitter:description":"Berl\u00edn, 1 sep (dpa) \u2013 El lujoso Hotel Adlon, situado en la Pariser Platz de Berl\u00edn, frente a la Puerta de Brandeburgo, no puede venderse por el momento","twitter:creator":"@candas365","twitter:image":"https:\/\/candas365.es\/noticias\/wp-content\/uploads\/2026\/09\/Frenan-la-venta-del-Hotel-Adlon-de-Berlin.jpg","twitter:label1":"Escrito por","twitter:data1":"Cand\u00e1s 365","twitter:label2":"Tiempo de lectura estimado","twitter:data2":"2 minutos"},"aioseo_meta_data":{"post_id":"197948","title":null,"description":"Berl\u00edn, 1 sep (dpa) \u2013 El lujoso Hotel Adlon, situado en la Pariser Platz de Berl\u00edn, frente a la Puerta de Brandeburgo, no puede venderse por el momento","keywords":null,"keyphrases":{"focus":{"keyphrase":"Hotel Adlon","score":0,"analysis":[]},"additional":[]},"primary_term":null,"canonical_url":null,"og_title":"#post_title #separator_sa #site_title","og_description":"Berl\u00edn, 1 sep (dpa) \u2013 El lujoso Hotel Adlon, situado en la Pariser Platz de Berl\u00edn, frente a la Puerta de Brandeburgo, no puede venderse por el momento","og_object_type":"default","og_image_type":"default","og_image_url":null,"og_image_width":null,"og_image_height":null,"og_image_custom_url":null,"og_image_custom_fields":null,"og_video":"","og_custom_url":null,"og_article_section":null,"og_article_tags":null,"twitter_use_og":true,"twitter_card":"default","twitter_image_type":"default","twitter_image_url":null,"twitter_image_custom_url":null,"twitter_image_custom_fields":null,"twitter_title":null,"twitter_description":null,"schema":{"blockGraphs":[],"customGraphs":[],"default":{"data":{"Article":[],"Course":[],"Dataset":[],"FAQPage":[],"Movie":[],"Person":[],"Product":[],"ProductReview":[],"Car":[],"Recipe":[],"Service":[],"SoftwareApplication":[],"WebPage":[]},"graphName":"NewsArticle","isEnabled":true},"graphs":[]},"schema_type":"default","schema_type_options":null,"pillar_content":false,"robots_default":true,"robots_noindex":false,"robots_noarchive":false,"robots_nosnippet":false,"robots_nofollow":false,"robots_noimageindex":false,"robots_noodp":false,"robots_notranslate":false,"robots_max_snippet":"-1","robots_max_videopreview":"-1","robots_max_imagepreview":"large","priority":null,"frequency":"default","location":null,"local_seo":null,"seo_analyzer_scan_date":"2026-09-01 13:21:18","breadcrumb_settings":null,"limit_modified_date":false,"reviewed_by":"0","open_ai":null,"ai":{"faqs":[],"keyPoints":[],"schemas":[],"titles":[],"descriptions":[],"socialPosts":{"email":{"subject":"","preview":"","content":""},"linkedin":[],"twitter":[],"facebook":[],"instagram":[]}},"created":"2026-09-01 13:14:59","updated":"2026-09-01 13:39:16","focus_keyword":"Hotel Adlon","additional_keywords":null,"truseo_locale":null},"aioseo_breadcrumb":"<div class=\"aioseo-breadcrumbs\"><span class=\"aioseo-breadcrumb\">\n\t<a href=\"https:\/\/candas365.es\/noticias\" title=\"Home\">Home<\/a>\n<\/span><span class=\"aioseo-breadcrumb-separator\">&ndash;<\/span><span class=\"aioseo-breadcrumb\">\n\t<a href=\"https:\/\/candas365.es\/noticias\/category\/internacional\/\" title=\"Internacional\">Internacional<\/a>\n<\/span><span class=\"aioseo-breadcrumb-separator\">&ndash;<\/span><span class=\"aioseo-breadcrumb\">\n\tFrenan la venta del Hotel Adlon de Berl\u00edn\n<\/span><\/div>","aioseo_breadcrumb_json":[{"label":"Home","link":"https:\/\/candas365.es\/noticias"},{"label":"Internacional","link":"https:\/\/candas365.es\/noticias\/category\/internacional\/"},{"label":"Frenan la venta del Hotel Adlon de Berl\u00edn","link":"https:\/\/candas365.es\/noticias\/frenan-la-venta-del-hotel-adlon-de-berlin\/"}],"_links":{"self":[{"href":"https:\/\/candas365.es\/noticias\/wp-json\/wp\/v2\/posts\/197948","targetHints":{"allow":["GET"]}}],"collection":[{"href":"https:\/\/candas365.es\/noticias\/wp-json\/wp\/v2\/posts"}],"about":[{"href":"https:\/\/candas365.es\/noticias\/wp-json\/wp\/v2\/types\/post"}],"author":[{"embeddable":true,"href":"https:\/\/candas365.es\/noticias\/wp-json\/wp\/v2\/users\/1"}],"replies":[{"embeddable":true,"href":"https:\/\/candas365.es\/noticias\/wp-json\/wp\/v2\/comments?post=197948"}],"version-history":[{"count":1,"href":"https:\/\/candas365.es\/noticias\/wp-json\/wp\/v2\/posts\/197948\/revisions"}],"predecessor-version":[{"id":197950,"href":"https:\/\/candas365.es\/noticias\/wp-json\/wp\/v2\/posts\/197948\/revisions\/197950"}],"wp:featuredmedia":[{"embeddable":true,"href":"https:\/\/candas365.es\/noticias\/wp-json\/wp\/v2\/media\/197949"}],"wp:attachment":[{"href":"https:\/\/candas365.es\/noticias\/wp-json\/wp\/v2\/media?parent=197948"}],"wp:term":[{"taxonomy":"category","embeddable":true,"href":"https:\/\/candas365.es\/noticias\/wp-json\/wp\/v2\/categories?post=197948"},{"taxonomy":"post_tag","embeddable":true,"href":"https:\/\/candas365.es\/noticias\/wp-json\/wp\/v2\/tags?post=197948"}],"curies":[{"name":"wp","href":"https:\/\/api.w.org\/{rel}","templated":true}]}}