{"id":197945,"date":"2026-09-01T14:33:45","date_gmt":"2026-09-01T12:33:45","guid":{"rendered":"https:\/\/candas365.es\/noticias\/?p=197945"},"modified":"2026-09-01T14:33:45","modified_gmt":"2026-09-01T12:33:45","slug":"ig-metall-ve-un-error-los-posibles-recortes-en-volkswagen","status":"publish","type":"post","link":"https:\/\/candas365.es\/noticias\/ig-metall-ve-un-error-los-posibles-recortes-en-volkswagen\/","title":{"rendered":"IG Metall ve un error los posibles recortes en Volkswagen"},"content":{"rendered":"<p>Berl\u00edn, 1 sep (<a href=\"https:\/\/www.dpa-news.de\/\" target=\"_blank\" rel=\"noopener\"><span style=\"color: #ff6600;\"><strong>dpa<\/strong><\/span><\/a>) &#8211; La direcci\u00f3n de <span style=\"color: #ff6600;\"><a style=\"color: #ff6600;\" href=\"https:\/\/candas365.es\/noticias\/category\/canal-empresas\/\"><strong>Volkswagen<\/strong><\/a><\/span> est\u00e1 cometiendo un \u00abgran error\u00bb al plantearse recortar a\u00fan m\u00e1s la plantilla y cerrar plantas, segh\u00fan la presidenta del sindicato industrial IG Metall, Christiane Benner.<\/p>\n<figure id=\"attachment_197946\" aria-describedby=\"caption-attachment-197946\" style=\"width: 650px\" class=\"wp-caption aligncenter\"><img fetchpriority=\"high\" decoding=\"async\" class=\"size-large wp-image-197946\" src=\"https:\/\/candas365.es\/noticias\/wp-content\/uploads\/2026\/09\/IG-Metall-ve-un-error-los-posibles-recortes-en-Volkswagen-650x435.jpg\" alt=\"IG Metall ve un error los posibles recortes en Volkswagen\" width=\"650\" height=\"435\" srcset=\"https:\/\/candas365.es\/noticias\/wp-content\/uploads\/2026\/09\/IG-Metall-ve-un-error-los-posibles-recortes-en-Volkswagen-650x435.jpg 650w, https:\/\/candas365.es\/noticias\/wp-content\/uploads\/2026\/09\/IG-Metall-ve-un-error-los-posibles-recortes-en-Volkswagen-360x241.jpg 360w, https:\/\/candas365.es\/noticias\/wp-content\/uploads\/2026\/09\/IG-Metall-ve-un-error-los-posibles-recortes-en-Volkswagen-768x514.jpg 768w, https:\/\/candas365.es\/noticias\/wp-content\/uploads\/2026\/09\/IG-Metall-ve-un-error-los-posibles-recortes-en-Volkswagen-150x100.jpg 150w, https:\/\/candas365.es\/noticias\/wp-content\/uploads\/2026\/09\/IG-Metall-ve-un-error-los-posibles-recortes-en-Volkswagen-450x301.jpg 450w, https:\/\/candas365.es\/noticias\/wp-content\/uploads\/2026\/09\/IG-Metall-ve-un-error-los-posibles-recortes-en-Volkswagen-1200x804.jpg 1200w, https:\/\/candas365.es\/noticias\/wp-content\/uploads\/2026\/09\/IG-Metall-ve-un-error-los-posibles-recortes-en-Volkswagen.jpg 1266w\" sizes=\"(max-width: 650px) 100vw, 650px\" \/><figcaption id=\"caption-attachment-197946\" class=\"wp-caption-text\">Foto: 123rf.com<\/figcaption><\/figure>\n<p>En declaraciones al diario \u00abAugsburger Allgemeine\u00bb, previas a una reuni\u00f3n del consejo de supervisi\u00f3n sobre los planes de recortes prevista para el viernes, Benner adelant\u00f3 que se opondr\u00e1 a cualquier cierre de plantas de la compa\u00f1\u00eda en Emden, Zwickau, Hannover o de la planta de la filial Audi en Neckarsulm.<\/p>\n<p>La l\u00edder sindicalista explic\u00f3 que el acuerdo alcanzado con la direcci\u00f3n de Volkswagen a finales de 2024 obligaba a la empresa a cumplir los compromisos adquiridos con los trabajadores. A\u00f1adi\u00f3 que los empleados aceptaron en ese momento hacer concesiones econ\u00f3micas a cambio de perspectivas de futuro.<\/p>\n<p>La compa\u00f1\u00eda germana tiene previsto recortar 50.000 puestos de trabajo para 2030, pero la direcci\u00f3n, encabezada por el CEO Oliver Blume, considera necesarios hacer todav\u00eda m\u00e1s recortes, que implicar\u00edan la p\u00e9rdida de otros miles de empleos adicionales.<\/p>\n<p>Blume insiste en que las plantas del mayor grupo automotor de Europa no tienen actualmente un nivel competitivo de utilizaci\u00f3n de la capacidad con vistas a la pr\u00f3xima d\u00e9cada.<\/p>\n<p>\u00abEs un gran error por parte de la direcci\u00f3n de Volkswagen poner en riesgo de cierre las plantas de Emden, Zwickau, Hannover y Neckarsulm, pretender recortar otros 50.000 puestos de trabajo y, al mismo tiempo, anunciar que el margen operativo debe subir del 3,8 % registrado recientemente a un 8 %-10 % para 2030\u00bb, opin\u00f3 Benner.<\/p>\n<p>Seg\u00fan ella, Volkswagen debe mantener las f\u00e1bricas funcionando a plena capacidad con nuevos modelos y encontrar nuevos modelos de negocio para las instalaciones.<\/p>\n<p>\u00abEl enfoque adoptado por la direcci\u00f3n de Volkswagen me indigna: \u00bfpor qu\u00e9 la direcci\u00f3n de Blume est\u00e1 inquietando ahora a los trabajadores de Emden y Zwickau cuando disponemos de tiempo de sobra para desarrollar perspectivas de futuro para ambas plantas?\u00bb, se pregunt\u00f3 la presidenta de IG Metall.<\/p>\n","protected":false},"excerpt":{"rendered":"<p>Berl\u00edn, 1 sep (dpa) &#8211; La direcci\u00f3n de Volkswagen est\u00e1 cometiendo un \u00abgran error\u00bb al plantearse recortar a\u00fan m\u00e1s la plantilla y cerrar plantas, segh\u00fan la presidenta del sindicato industrial IG Metall, Christiane Benner. En declaraciones al diario \u00abAugsburger Allgemeine\u00bb, previas a una reuni\u00f3n del consejo de supervisi\u00f3n sobre los planes de recortes prevista para<\/p>\n","protected":false},"author":1,"featured_media":197946,"comment_status":"closed","ping_status":"closed","sticky":false,"template":"","format":"standard","meta":{"footnotes":""},"categories":[151],"tags":[383,420],"class_list":["post-197945","post","type-post","status-publish","format-standard","has-post-thumbnail","category-canal-empresas","tag-empresas","tag-motor"],"aioseo_notices":[],"aioseo_head":"\n\t\t<!-- All in One SEO Pro 5.0.1.1 - aioseo.com -->\n\t<meta name=\"description\" content=\"Berl\u00edn, 1 sep (dpa) - La direcci\u00f3n de Volkswagen est\u00e1 cometiendo un &quot;gran error&quot; al plantearse recortar a\u00fan m\u00e1s la plantilla y cerrar plantas,\" \/>\n\t<meta name=\"robots\" content=\"max-image-preview:large\" \/>\n\t<meta name=\"author\" content=\"Cand\u00e1s 365\"\/>\n\t<meta name=\"google-site-verification\" content=\"UA-32230408-1\" \/>\n\t<meta name=\"msvalidate.01\" content=\"354F3CDFB2DA171B47FBE9ABF1F88D5\" \/>\n\t<meta name=\"keywords\" content=\"canal empresas\" \/>\n\t<link rel=\"canonical\" href=\"https:\/\/candas365.es\/noticias\/ig-metall-ve-un-error-los-posibles-recortes-en-volkswagen\/\" \/>\n\t<meta name=\"generator\" content=\"All in One SEO Pro (AIOSEO) 5.0.1.1\" \/>\n\t\t<meta property=\"og:locale\" content=\"es_ES\" \/>\n\t\t<meta property=\"og:site_name\" content=\"Cand\u00e1s 365\" \/>\n\t\t<meta property=\"og:type\" content=\"article\" \/>\n\t\t<meta property=\"og:title\" content=\"IG Metall ve un error los posibles recortes en Volkswagen \u2013 Cand\u00e1s 365\" \/>\n\t\t<meta property=\"og:description\" content=\"Berl\u00edn, 1 sep (dpa) - La direcci\u00f3n de Volkswagen est\u00e1 cometiendo un &quot;gran error&quot; al plantearse recortar a\u00fan m\u00e1s la plantilla y cerrar plantas,\" \/>\n\t\t<meta property=\"og:url\" content=\"https:\/\/candas365.es\/noticias\/ig-metall-ve-un-error-los-posibles-recortes-en-volkswagen\/\" \/>\n\t\t<meta property=\"og:image\" content=\"https:\/\/candas365.es\/noticias\/wp-content\/uploads\/2026\/09\/IG-Metall-ve-un-error-los-posibles-recortes-en-Volkswagen.jpg\" \/>\n\t\t<meta property=\"og:image:secure_url\" content=\"https:\/\/candas365.es\/noticias\/wp-content\/uploads\/2026\/09\/IG-Metall-ve-un-error-los-posibles-recortes-en-Volkswagen.jpg\" \/>\n\t\t<meta property=\"og:image:width\" content=\"1266\" \/>\n\t\t<meta property=\"og:image:height\" content=\"848\" \/>\n\t\t<meta property=\"article:published_time\" content=\"2026-09-01T12:33:45+00:00\" \/>\n\t\t<meta property=\"article:modified_time\" content=\"2026-09-01T12:33:45+00:00\" \/>\n\t\t<meta property=\"article:publisher\" content=\"https:\/\/www.facebook.com\/Nachofdezber\" \/>\n\t\t<meta property=\"article:author\" content=\"https:\/\/www.facebook.com\/Nachofdezber\" \/>\n\t\t<meta name=\"twitter:card\" content=\"summary_large_image\" \/>\n\t\t<meta name=\"twitter:site\" content=\"@candas365\" \/>\n\t\t<meta name=\"twitter:title\" content=\"IG Metall ve un error los posibles recortes en Volkswagen \u2013 Cand\u00e1s 365\" \/>\n\t\t<meta name=\"twitter:description\" content=\"Berl\u00edn, 1 sep (dpa) - La direcci\u00f3n de Volkswagen est\u00e1 cometiendo un &quot;gran error&quot; al plantearse recortar a\u00fan m\u00e1s la plantilla y cerrar plantas,\" \/>\n\t\t<meta name=\"twitter:creator\" content=\"@candas365\" \/>\n\t\t<meta name=\"twitter:image\" content=\"https:\/\/candas365.es\/noticias\/wp-content\/uploads\/2026\/09\/IG-Metall-ve-un-error-los-posibles-recortes-en-Volkswagen.jpg\" \/>\n\t\t<meta name=\"twitter:label1\" content=\"Escrito por\" \/>\n\t\t<meta name=\"twitter:data1\" content=\"Cand\u00e1s 365\" \/>\n\t\t<meta name=\"twitter:label2\" content=\"Tiempo de lectura estimado\" \/>\n\t\t<meta name=\"twitter:data2\" content=\"2 minutos\" \/>\n\t\t<script type=\"application\/ld+json\" class=\"aioseo-schema\">\n\t\t\t{\"@context\":\"https:\\\/\\\/schema.org\",\"@graph\":[{\"@type\":\"BreadcrumbList\",\"@id\":\"https:\\\/\\\/candas365.es\\\/noticias\\\/ig-metall-ve-un-error-los-posibles-recortes-en-volkswagen\\\/#breadcrumblist\",\"itemListElement\":[{\"@type\":\"ListItem\",\"@id\":\"https:\\\/\\\/candas365.es\\\/noticias#listItem\",\"position\":1,\"name\":\"Home\",\"item\":\"https:\\\/\\\/candas365.es\\\/noticias\",\"nextItem\":{\"@type\":\"ListItem\",\"@id\":\"https:\\\/\\\/candas365.es\\\/noticias\\\/category\\\/canal-empresas\\\/#listItem\",\"name\":\"Canal Empresas\"}},{\"@type\":\"ListItem\",\"@id\":\"https:\\\/\\\/candas365.es\\\/noticias\\\/category\\\/canal-empresas\\\/#listItem\",\"position\":2,\"name\":\"Canal Empresas\",\"item\":\"https:\\\/\\\/candas365.es\\\/noticias\\\/category\\\/canal-empresas\\\/\",\"nextItem\":{\"@type\":\"ListItem\",\"@id\":\"https:\\\/\\\/candas365.es\\\/noticias\\\/ig-metall-ve-un-error-los-posibles-recortes-en-volkswagen\\\/#listItem\",\"name\":\"IG Metall ve un error los posibles recortes en Volkswagen\"},\"previousItem\":{\"@type\":\"ListItem\",\"@id\":\"https:\\\/\\\/candas365.es\\\/noticias#listItem\",\"name\":\"Home\"}},{\"@type\":\"ListItem\",\"@id\":\"https:\\\/\\\/candas365.es\\\/noticias\\\/ig-metall-ve-un-error-los-posibles-recortes-en-volkswagen\\\/#listItem\",\"position\":3,\"name\":\"IG Metall ve un error los posibles recortes en Volkswagen\",\"previousItem\":{\"@type\":\"ListItem\",\"@id\":\"https:\\\/\\\/candas365.es\\\/noticias\\\/category\\\/canal-empresas\\\/#listItem\",\"name\":\"Canal Empresas\"}}]},{\"@type\":\"NewsArticle\",\"@id\":\"https:\\\/\\\/candas365.es\\\/noticias\\\/ig-metall-ve-un-error-los-posibles-recortes-en-volkswagen\\\/#newsarticle\",\"name\":\"IG Metall ve un error los posibles recortes en Volkswagen | Cand\\u00e1s 365\",\"headline\":\"IG Metall ve un error los posibles recortes en Volkswagen\",\"author\":{\"@id\":\"https:\\\/\\\/candas365.es\\\/noticias\\\/author\\\/admin\\\/#author\"},\"publisher\":{\"@id\":\"https:\\\/\\\/candas365.es\\\/noticias\\\/#organization\"},\"image\":{\"@type\":\"ImageObject\",\"url\":\"https:\\\/\\\/candas365.es\\\/noticias\\\/wp-content\\\/uploads\\\/2026\\\/09\\\/IG-Metall-ve-un-error-los-posibles-recortes-en-Volkswagen.jpg\",\"width\":1266,\"height\":848,\"caption\":\"Foto: 123rf.com\"},\"datePublished\":\"2026-09-01T14:33:45+02:00\",\"dateModified\":\"2026-09-01T14:33:45+02:00\",\"inLanguage\":\"es-ES\",\"mainEntityOfPage\":{\"@id\":\"https:\\\/\\\/candas365.es\\\/noticias\\\/ig-metall-ve-un-error-los-posibles-recortes-en-volkswagen\\\/#webpage\"},\"isPartOf\":{\"@id\":\"https:\\\/\\\/candas365.es\\\/noticias\\\/ig-metall-ve-un-error-los-posibles-recortes-en-volkswagen\\\/#webpage\"},\"articleSection\":\"Canal Empresas, empresas, Motor\",\"dateline\":\"Publicado el septiembre 1, 2026.\"},{\"@type\":\"Organization\",\"@id\":\"https:\\\/\\\/candas365.es\\\/noticias\\\/#organization\",\"name\":\"Cand\\u00e1s 365\",\"description\":\"Cand\\u00e1s 365 es un diario digital independiente, fundado en 2012, con base en Asturias. Informamos con rigor sobre actualidad, sociedad, cultura y ocio, con una mirada local y global.\",\"url\":\"https:\\\/\\\/candas365.es\\\/noticias\\\/\",\"email\":\"info@candas365.es\",\"telephone\":\"+34652131393\",\"foundingDate\":\"2012-06-10\",\"logo\":{\"@type\":\"ImageObject\",\"url\":\"https:\\\/\\\/candas365.es\\\/noticias\\\/wp-content\\\/uploads\\\/2024\\\/09\\\/Candas-365-Redes.jpg\",\"@id\":\"https:\\\/\\\/candas365.es\\\/noticias\\\/ig-metall-ve-un-error-los-posibles-recortes-en-volkswagen\\\/#organizationLogo\",\"width\":1152,\"height\":864,\"caption\":\"Cand\\u00e1s 365 Redes\"},\"image\":{\"@id\":\"https:\\\/\\\/candas365.es\\\/noticias\\\/ig-metall-ve-un-error-los-posibles-recortes-en-volkswagen\\\/#organizationLogo\"},\"sameAs\":[\"https:\\\/\\\/www.facebook.com\\\/Nachofdezber\",\"https:\\\/\\\/x.com\\\/candas365\",\"https:\\\/\\\/www.instagram.com\\\/nachofdezber\\\/\",\"https:\\\/\\\/www.youtube.com\\\/channel\\\/UCZP-2wLEB9Rv6erhFmqVnvg\"],\"address\":{\"@id\":\"https:\\\/\\\/candas365.es\\\/noticias\\\/#postaladdress\",\"@type\":\"PostalAddress\",\"streetAddress\":\"san antonio 4, san antonio 4\",\"postalCode\":\"33430\",\"addressLocality\":\"Cand\\u00e1s\",\"addressRegion\":\"Asturias\",\"addressCountry\":\"ES\"}},{\"@type\":\"Person\",\"@id\":\"https:\\\/\\\/candas365.es\\\/noticias\\\/author\\\/admin\\\/#author\",\"url\":\"https:\\\/\\\/candas365.es\\\/noticias\\\/author\\\/admin\\\/\",\"name\":\"Cand\\u00e1s 365\",\"image\":{\"@type\":\"ImageObject\",\"@id\":\"https:\\\/\\\/candas365.es\\\/noticias\\\/ig-metall-ve-un-error-los-posibles-recortes-en-volkswagen\\\/#authorImage\",\"url\":\"https:\\\/\\\/candas365.es\\\/noticias\\\/wp-content\\\/uploads\\\/2026\\\/07\\\/cropped-eyevuvEl_400x400-96x96.jpg\",\"width\":96,\"height\":96,\"caption\":\"Cand\\u00e1s 365\"},\"sameAs\":[\"https:\\\/\\\/www.facebook.com\\\/Nachofdezber\",\"https:\\\/\\\/x.com\\\/candas365\",\"https:\\\/\\\/www.instagram.com\\\/nachofdezber\\\/\",\"https:\\\/\\\/www.youtube.com\\\/channel\\\/UCZP-2wLEB9Rv6erhFmqVnvg\"]},{\"@type\":\"WebPage\",\"@id\":\"https:\\\/\\\/candas365.es\\\/noticias\\\/ig-metall-ve-un-error-los-posibles-recortes-en-volkswagen\\\/#webpage\",\"url\":\"https:\\\/\\\/candas365.es\\\/noticias\\\/ig-metall-ve-un-error-los-posibles-recortes-en-volkswagen\\\/\",\"name\":\"IG Metall ve un error los posibles recortes en Volkswagen | Cand\\u00e1s 365\",\"description\":\"Berl\\u00edn, 1 sep (dpa) - La direcci\\u00f3n de Volkswagen est\\u00e1 cometiendo un \\\"gran error\\\" al plantearse recortar a\\u00fan m\\u00e1s la plantilla y cerrar plantas,\",\"inLanguage\":\"es-ES\",\"isPartOf\":{\"@id\":\"https:\\\/\\\/candas365.es\\\/noticias\\\/#website\"},\"breadcrumb\":{\"@id\":\"https:\\\/\\\/candas365.es\\\/noticias\\\/ig-metall-ve-un-error-los-posibles-recortes-en-volkswagen\\\/#breadcrumblist\"},\"author\":{\"@id\":\"https:\\\/\\\/candas365.es\\\/noticias\\\/author\\\/admin\\\/#author\"},\"creator\":{\"@id\":\"https:\\\/\\\/candas365.es\\\/noticias\\\/author\\\/admin\\\/#author\"},\"image\":{\"@type\":\"ImageObject\",\"url\":\"https:\\\/\\\/candas365.es\\\/noticias\\\/wp-content\\\/uploads\\\/2026\\\/09\\\/IG-Metall-ve-un-error-los-posibles-recortes-en-Volkswagen.jpg\",\"@id\":\"https:\\\/\\\/candas365.es\\\/noticias\\\/ig-metall-ve-un-error-los-posibles-recortes-en-volkswagen\\\/#mainImage\",\"width\":1266,\"height\":848,\"caption\":\"Foto: 123rf.com\"},\"primaryImageOfPage\":{\"@id\":\"https:\\\/\\\/candas365.es\\\/noticias\\\/ig-metall-ve-un-error-los-posibles-recortes-en-volkswagen\\\/#mainImage\"},\"datePublished\":\"2026-09-01T14:33:45+02:00\",\"dateModified\":\"2026-09-01T14:33:45+02:00\"},{\"@type\":\"WebSite\",\"@id\":\"https:\\\/\\\/candas365.es\\\/noticias\\\/#website\",\"url\":\"https:\\\/\\\/candas365.es\\\/noticias\\\/\",\"name\":\"Cand\\u00e1s 365\",\"alternateName\":\"Cand\\u00e1s 365 Noticias\",\"description\":\"Actualidad desde Carre\\u00f1o para el mundo\",\"inLanguage\":\"es-ES\",\"publisher\":{\"@id\":\"https:\\\/\\\/candas365.es\\\/noticias\\\/#organization\"}}]}\n\t\t<\/script>\n\t\t<!-- All in One SEO Pro -->\r\n\t\t<title>IG Metall ve un error los posibles recortes en Volkswagen | Cand\u00e1s 365<\/title>\n\n","aioseo_head_json":{"title":"IG Metall ve un error los posibles recortes en Volkswagen | Cand\u00e1s 365","description":"Berl\u00edn, 1 sep (dpa) - La direcci\u00f3n de Volkswagen est\u00e1 cometiendo un \"gran error\" al plantearse recortar a\u00fan m\u00e1s la plantilla y cerrar plantas,","canonical_url":"https:\/\/candas365.es\/noticias\/ig-metall-ve-un-error-los-posibles-recortes-en-volkswagen\/","robots":"max-image-preview:large","keywords":"canal empresas","webmasterTools":{"google-site-verification":"UA-32230408-1","msvalidate.01":"354F3CDFB2DA171B47FBE9ABF1F88D5","miscellaneous":""},"schema":{"@context":"https:\/\/schema.org","@graph":[{"@type":"BreadcrumbList","@id":"https:\/\/candas365.es\/noticias\/ig-metall-ve-un-error-los-posibles-recortes-en-volkswagen\/#breadcrumblist","itemListElement":[{"@type":"ListItem","@id":"https:\/\/candas365.es\/noticias#listItem","position":1,"name":"Home","item":"https:\/\/candas365.es\/noticias","nextItem":{"@type":"ListItem","@id":"https:\/\/candas365.es\/noticias\/category\/canal-empresas\/#listItem","name":"Canal Empresas"}},{"@type":"ListItem","@id":"https:\/\/candas365.es\/noticias\/category\/canal-empresas\/#listItem","position":2,"name":"Canal Empresas","item":"https:\/\/candas365.es\/noticias\/category\/canal-empresas\/","nextItem":{"@type":"ListItem","@id":"https:\/\/candas365.es\/noticias\/ig-metall-ve-un-error-los-posibles-recortes-en-volkswagen\/#listItem","name":"IG Metall ve un error los posibles recortes en Volkswagen"},"previousItem":{"@type":"ListItem","@id":"https:\/\/candas365.es\/noticias#listItem","name":"Home"}},{"@type":"ListItem","@id":"https:\/\/candas365.es\/noticias\/ig-metall-ve-un-error-los-posibles-recortes-en-volkswagen\/#listItem","position":3,"name":"IG Metall ve un error los posibles recortes en Volkswagen","previousItem":{"@type":"ListItem","@id":"https:\/\/candas365.es\/noticias\/category\/canal-empresas\/#listItem","name":"Canal Empresas"}}]},{"@type":"NewsArticle","@id":"https:\/\/candas365.es\/noticias\/ig-metall-ve-un-error-los-posibles-recortes-en-volkswagen\/#newsarticle","name":"IG Metall ve un error los posibles recortes en Volkswagen | Cand\u00e1s 365","headline":"IG Metall ve un error los posibles recortes en Volkswagen","author":{"@id":"https:\/\/candas365.es\/noticias\/author\/admin\/#author"},"publisher":{"@id":"https:\/\/candas365.es\/noticias\/#organization"},"image":{"@type":"ImageObject","url":"https:\/\/candas365.es\/noticias\/wp-content\/uploads\/2026\/09\/IG-Metall-ve-un-error-los-posibles-recortes-en-Volkswagen.jpg","width":1266,"height":848,"caption":"Foto: 123rf.com"},"datePublished":"2026-09-01T14:33:45+02:00","dateModified":"2026-09-01T14:33:45+02:00","inLanguage":"es-ES","mainEntityOfPage":{"@id":"https:\/\/candas365.es\/noticias\/ig-metall-ve-un-error-los-posibles-recortes-en-volkswagen\/#webpage"},"isPartOf":{"@id":"https:\/\/candas365.es\/noticias\/ig-metall-ve-un-error-los-posibles-recortes-en-volkswagen\/#webpage"},"articleSection":"Canal Empresas, empresas, Motor","dateline":"Publicado el septiembre 1, 2026."},{"@type":"Organization","@id":"https:\/\/candas365.es\/noticias\/#organization","name":"Cand\u00e1s 365","description":"Cand\u00e1s 365 es un diario digital independiente, fundado en 2012, con base en Asturias. Informamos con rigor sobre actualidad, sociedad, cultura y ocio, con una mirada local y global.","url":"https:\/\/candas365.es\/noticias\/","email":"info@candas365.es","telephone":"+34652131393","foundingDate":"2012-06-10","logo":{"@type":"ImageObject","url":"https:\/\/candas365.es\/noticias\/wp-content\/uploads\/2024\/09\/Candas-365-Redes.jpg","@id":"https:\/\/candas365.es\/noticias\/ig-metall-ve-un-error-los-posibles-recortes-en-volkswagen\/#organizationLogo","width":1152,"height":864,"caption":"Cand\u00e1s 365 Redes"},"image":{"@id":"https:\/\/candas365.es\/noticias\/ig-metall-ve-un-error-los-posibles-recortes-en-volkswagen\/#organizationLogo"},"sameAs":["https:\/\/www.facebook.com\/Nachofdezber","https:\/\/x.com\/candas365","https:\/\/www.instagram.com\/nachofdezber\/","https:\/\/www.youtube.com\/channel\/UCZP-2wLEB9Rv6erhFmqVnvg"],"address":{"@id":"https:\/\/candas365.es\/noticias\/#postaladdress","@type":"PostalAddress","streetAddress":"san antonio 4, san antonio 4","postalCode":"33430","addressLocality":"Cand\u00e1s","addressRegion":"Asturias","addressCountry":"ES"}},{"@type":"Person","@id":"https:\/\/candas365.es\/noticias\/author\/admin\/#author","url":"https:\/\/candas365.es\/noticias\/author\/admin\/","name":"Cand\u00e1s 365","image":{"@type":"ImageObject","@id":"https:\/\/candas365.es\/noticias\/ig-metall-ve-un-error-los-posibles-recortes-en-volkswagen\/#authorImage","url":"https:\/\/candas365.es\/noticias\/wp-content\/uploads\/2026\/07\/cropped-eyevuvEl_400x400-96x96.jpg","width":96,"height":96,"caption":"Cand\u00e1s 365"},"sameAs":["https:\/\/www.facebook.com\/Nachofdezber","https:\/\/x.com\/candas365","https:\/\/www.instagram.com\/nachofdezber\/","https:\/\/www.youtube.com\/channel\/UCZP-2wLEB9Rv6erhFmqVnvg"]},{"@type":"WebPage","@id":"https:\/\/candas365.es\/noticias\/ig-metall-ve-un-error-los-posibles-recortes-en-volkswagen\/#webpage","url":"https:\/\/candas365.es\/noticias\/ig-metall-ve-un-error-los-posibles-recortes-en-volkswagen\/","name":"IG Metall ve un error los posibles recortes en Volkswagen | Cand\u00e1s 365","description":"Berl\u00edn, 1 sep (dpa) - La direcci\u00f3n de Volkswagen est\u00e1 cometiendo un \"gran error\" al plantearse recortar a\u00fan m\u00e1s la plantilla y cerrar plantas,","inLanguage":"es-ES","isPartOf":{"@id":"https:\/\/candas365.es\/noticias\/#website"},"breadcrumb":{"@id":"https:\/\/candas365.es\/noticias\/ig-metall-ve-un-error-los-posibles-recortes-en-volkswagen\/#breadcrumblist"},"author":{"@id":"https:\/\/candas365.es\/noticias\/author\/admin\/#author"},"creator":{"@id":"https:\/\/candas365.es\/noticias\/author\/admin\/#author"},"image":{"@type":"ImageObject","url":"https:\/\/candas365.es\/noticias\/wp-content\/uploads\/2026\/09\/IG-Metall-ve-un-error-los-posibles-recortes-en-Volkswagen.jpg","@id":"https:\/\/candas365.es\/noticias\/ig-metall-ve-un-error-los-posibles-recortes-en-volkswagen\/#mainImage","width":1266,"height":848,"caption":"Foto: 123rf.com"},"primaryImageOfPage":{"@id":"https:\/\/candas365.es\/noticias\/ig-metall-ve-un-error-los-posibles-recortes-en-volkswagen\/#mainImage"},"datePublished":"2026-09-01T14:33:45+02:00","dateModified":"2026-09-01T14:33:45+02:00"},{"@type":"WebSite","@id":"https:\/\/candas365.es\/noticias\/#website","url":"https:\/\/candas365.es\/noticias\/","name":"Cand\u00e1s 365","alternateName":"Cand\u00e1s 365 Noticias","description":"Actualidad desde Carre\u00f1o para el mundo","inLanguage":"es-ES","publisher":{"@id":"https:\/\/candas365.es\/noticias\/#organization"}}]},"og:locale":"es_ES","og:site_name":"Cand\u00e1s 365","og:type":"article","og:title":"IG Metall ve un error los posibles recortes en Volkswagen \u2013 Cand\u00e1s 365","og:description":"Berl\u00edn, 1 sep (dpa) - La direcci\u00f3n de Volkswagen est\u00e1 cometiendo un &quot;gran error&quot; al plantearse recortar a\u00fan m\u00e1s la plantilla y cerrar plantas,","og:url":"https:\/\/candas365.es\/noticias\/ig-metall-ve-un-error-los-posibles-recortes-en-volkswagen\/","og:image":"https:\/\/candas365.es\/noticias\/wp-content\/uploads\/2026\/09\/IG-Metall-ve-un-error-los-posibles-recortes-en-Volkswagen.jpg","og:image:secure_url":"https:\/\/candas365.es\/noticias\/wp-content\/uploads\/2026\/09\/IG-Metall-ve-un-error-los-posibles-recortes-en-Volkswagen.jpg","og:image:width":1266,"og:image:height":848,"article:published_time":"2026-09-01T12:33:45+00:00","article:modified_time":"2026-09-01T12:33:45+00:00","article:publisher":"https:\/\/www.facebook.com\/Nachofdezber","article:author":"https:\/\/www.facebook.com\/Nachofdezber","twitter:card":"summary_large_image","twitter:site":"@candas365","twitter:title":"IG Metall ve un error los posibles recortes en Volkswagen \u2013 Cand\u00e1s 365","twitter:description":"Berl\u00edn, 1 sep (dpa) - La direcci\u00f3n de Volkswagen est\u00e1 cometiendo un &quot;gran error&quot; al plantearse recortar a\u00fan m\u00e1s la plantilla y cerrar plantas,","twitter:creator":"@candas365","twitter:image":"https:\/\/candas365.es\/noticias\/wp-content\/uploads\/2026\/09\/IG-Metall-ve-un-error-los-posibles-recortes-en-Volkswagen.jpg","twitter:label1":"Escrito por","twitter:data1":"Cand\u00e1s 365","twitter:label2":"Tiempo de lectura estimado","twitter:data2":"2 minutos"},"aioseo_meta_data":{"post_id":"197945","title":null,"description":"Berl\u00edn, 1 sep (dpa) - La direcci\u00f3n de Volkswagen est\u00e1 cometiendo un \"gran error\" al plantearse recortar a\u00fan m\u00e1s la plantilla y cerrar plantas,","keywords":null,"keyphrases":{"focus":{"keyphrase":"Volkswagen","score":0,"analysis":[]},"additional":[]},"primary_term":null,"canonical_url":null,"og_title":"#post_title #separator_sa #site_title","og_description":"Berl\u00edn, 1 sep (dpa) - La direcci\u00f3n de Volkswagen est\u00e1 cometiendo un \"gran error\" al plantearse recortar a\u00fan m\u00e1s la plantilla y cerrar plantas,","og_object_type":"default","og_image_type":"default","og_image_url":null,"og_image_width":null,"og_image_height":null,"og_image_custom_url":null,"og_image_custom_fields":null,"og_video":"","og_custom_url":null,"og_article_section":null,"og_article_tags":null,"twitter_use_og":true,"twitter_card":"default","twitter_image_type":"default","twitter_image_url":null,"twitter_image_custom_url":null,"twitter_image_custom_fields":null,"twitter_title":null,"twitter_description":null,"schema":{"blockGraphs":[],"customGraphs":[],"default":{"data":{"Article":[],"Course":[],"Dataset":[],"FAQPage":[],"Movie":[],"Person":[],"Product":[],"ProductReview":[],"Car":[],"Recipe":[],"Service":[],"SoftwareApplication":[],"WebPage":[]},"graphName":"NewsArticle","isEnabled":true},"graphs":[]},"schema_type":"default","schema_type_options":null,"pillar_content":false,"robots_default":true,"robots_noindex":false,"robots_noarchive":false,"robots_nosnippet":false,"robots_nofollow":false,"robots_noimageindex":false,"robots_noodp":false,"robots_notranslate":false,"robots_max_snippet":"-1","robots_max_videopreview":"-1","robots_max_imagepreview":"large","priority":null,"frequency":"default","location":null,"local_seo":null,"seo_analyzer_scan_date":"2026-09-01 12:35:13","breadcrumb_settings":null,"limit_modified_date":false,"reviewed_by":"0","open_ai":null,"ai":{"faqs":[],"keyPoints":[],"schemas":[],"titles":[],"descriptions":[],"socialPosts":{"email":{"subject":"","preview":"","content":""},"linkedin":[],"twitter":[],"facebook":[],"instagram":[]}},"created":"2026-09-01 12:22:09","updated":"2026-09-01 12:36:10","focus_keyword":"Volkswagen","additional_keywords":null,"truseo_locale":null},"aioseo_breadcrumb":"<div class=\"aioseo-breadcrumbs\"><span class=\"aioseo-breadcrumb\">\n\t<a href=\"https:\/\/candas365.es\/noticias\" title=\"Home\">Home<\/a>\n<\/span><span class=\"aioseo-breadcrumb-separator\">&ndash;<\/span><span class=\"aioseo-breadcrumb\">\n\t<a href=\"https:\/\/candas365.es\/noticias\/category\/canal-empresas\/\" title=\"Canal Empresas\">Canal Empresas<\/a>\n<\/span><span class=\"aioseo-breadcrumb-separator\">&ndash;<\/span><span class=\"aioseo-breadcrumb\">\n\tIG Metall ve un error los posibles recortes en Volkswagen\n<\/span><\/div>","aioseo_breadcrumb_json":[{"label":"Home","link":"https:\/\/candas365.es\/noticias"},{"label":"Canal Empresas","link":"https:\/\/candas365.es\/noticias\/category\/canal-empresas\/"},{"label":"IG Metall ve un error los posibles recortes en Volkswagen","link":"https:\/\/candas365.es\/noticias\/ig-metall-ve-un-error-los-posibles-recortes-en-volkswagen\/"}],"_links":{"self":[{"href":"https:\/\/candas365.es\/noticias\/wp-json\/wp\/v2\/posts\/197945","targetHints":{"allow":["GET"]}}],"collection":[{"href":"https:\/\/candas365.es\/noticias\/wp-json\/wp\/v2\/posts"}],"about":[{"href":"https:\/\/candas365.es\/noticias\/wp-json\/wp\/v2\/types\/post"}],"author":[{"embeddable":true,"href":"https:\/\/candas365.es\/noticias\/wp-json\/wp\/v2\/users\/1"}],"replies":[{"embeddable":true,"href":"https:\/\/candas365.es\/noticias\/wp-json\/wp\/v2\/comments?post=197945"}],"version-history":[{"count":1,"href":"https:\/\/candas365.es\/noticias\/wp-json\/wp\/v2\/posts\/197945\/revisions"}],"predecessor-version":[{"id":197947,"href":"https:\/\/candas365.es\/noticias\/wp-json\/wp\/v2\/posts\/197945\/revisions\/197947"}],"wp:featuredmedia":[{"embeddable":true,"href":"https:\/\/candas365.es\/noticias\/wp-json\/wp\/v2\/media\/197946"}],"wp:attachment":[{"href":"https:\/\/candas365.es\/noticias\/wp-json\/wp\/v2\/media?parent=197945"}],"wp:term":[{"taxonomy":"category","embeddable":true,"href":"https:\/\/candas365.es\/noticias\/wp-json\/wp\/v2\/categories?post=197945"},{"taxonomy":"post_tag","embeddable":true,"href":"https:\/\/candas365.es\/noticias\/wp-json\/wp\/v2\/tags?post=197945"}],"curies":[{"name":"wp","href":"https:\/\/api.w.org\/{rel}","templated":true}]}}