{"id":197942,"date":"2026-09-01T13:39:54","date_gmt":"2026-09-01T11:39:54","guid":{"rendered":"https:\/\/candas365.es\/noticias\/?p=197942"},"modified":"2026-09-01T13:39:54","modified_gmt":"2026-09-01T11:39:54","slug":"espana-sigue-siendo-destino-turistico-de-referencia","status":"publish","type":"post","link":"https:\/\/candas365.es\/noticias\/espana-sigue-siendo-destino-turistico-de-referencia\/","title":{"rendered":"Espa\u00f1a sigue siendo destino tur\u00edstico de referencia"},"content":{"rendered":"<p>El INE ha confirmado que Espa\u00f1a sigue siendo un <a href=\"https:\/\/candas365.es\/noticias\/category\/turismo\/\"><span style=\"color: #ff6600;\"><strong>destino tur\u00edstico de referencia<\/strong><\/span><\/a>, ya que en julio de 2026 recibi\u00f3 cerca de 11,5 millones de turistas extranjeros, un 4,6 % m\u00e1s que en el mismo mes de 2025, que ya fue tambi\u00e9n un mes r\u00e9cord con 11 millones.<\/p>\n<figure id=\"attachment_197943\" aria-describedby=\"caption-attachment-197943\" style=\"width: 650px\" class=\"wp-caption aligncenter\"><img fetchpriority=\"high\" decoding=\"async\" class=\"size-large wp-image-197943\" src=\"https:\/\/candas365.es\/noticias\/wp-content\/uploads\/2026\/09\/Espana-sigue-siendo-destino-turistico-de-referencia-650x424.jpg\" alt=\"Espa\u00f1a sigue siendo destino tur\u00edstico de referencia\" width=\"650\" height=\"424\" srcset=\"https:\/\/candas365.es\/noticias\/wp-content\/uploads\/2026\/09\/Espana-sigue-siendo-destino-turistico-de-referencia-650x424.jpg 650w, https:\/\/candas365.es\/noticias\/wp-content\/uploads\/2026\/09\/Espana-sigue-siendo-destino-turistico-de-referencia-360x235.jpg 360w, https:\/\/candas365.es\/noticias\/wp-content\/uploads\/2026\/09\/Espana-sigue-siendo-destino-turistico-de-referencia-768x501.jpg 768w, https:\/\/candas365.es\/noticias\/wp-content\/uploads\/2026\/09\/Espana-sigue-siendo-destino-turistico-de-referencia-150x98.jpg 150w, https:\/\/candas365.es\/noticias\/wp-content\/uploads\/2026\/09\/Espana-sigue-siendo-destino-turistico-de-referencia-450x294.jpg 450w, https:\/\/candas365.es\/noticias\/wp-content\/uploads\/2026\/09\/Espana-sigue-siendo-destino-turistico-de-referencia-1200x783.jpg 1200w, https:\/\/candas365.es\/noticias\/wp-content\/uploads\/2026\/09\/Espana-sigue-siendo-destino-turistico-de-referencia.jpg 1247w\" sizes=\"(max-width: 650px) 100vw, 650px\" \/><figcaption id=\"caption-attachment-197943\" class=\"wp-caption-text\">Turistas en la Mezquita de C\u00f3rdoba | Foto de 123rf\/packshot<\/figcaption><\/figure>\n<p>Seg\u00fan inform\u00f3 este martes el Instituto Nacional de Estad\u00edstica, Espa\u00f1a recibi\u00f3 en julio 11,5 millones de turistas extranjeros, un 4,6% m\u00e1s que en el mismo mes de 2025, que ya fue tambi\u00e9n de r\u00e9cord de julio con 11 millones.<\/p>\n<p>En el acumulado de los siete primeros meses de 2026, el n\u00famero de turistas que visitaron Espa\u00f1a aument\u00f3 un 4,6% y super\u00f3 los 58,1 millones, marcando tambi\u00e9n m\u00e1ximos hist\u00f3ricos en esta suma de enero-julio, por encima de los 55,5 millones del mismo periodo de 2025.<\/p>\n<p>En julio, Reino Unido fue el principal pa\u00eds emisor de visitantes a Espa\u00f1a, con casi 2,2 millones de turistas y un aumento interanual del 5,6%. De Francia llegaron cerca de 1,6 millones (un 2,3% m\u00e1s) y de Alemania 1,2 millones (un 2,3% m\u00e1s).<\/p>\n<p>Los principales pa\u00edses emisores en los siete primeros meses fueron Reino Unido (con 11,5 millones y un aumento del 4,6%), Francia (con m\u00e1s de 7,2 millones y un incremento del 1,2%) y Alemania (con cerca de 6,9 millones, un 0,5% menos).<\/p>\n<p>La duraci\u00f3n de la estancia mayoritaria entre los turistas fue en julio de cuatro a siete noches, con m\u00e1s de 5,7 millones y un aumento anual del 8,7%. El n\u00famero de visitantes disminuy\u00f3 un 3,6% entre los que no pernoctan (excursionistas), mientras que se increment\u00f3 un 12,8% entre los turistas con mayor duraci\u00f3n (m\u00e1s de 15 noches).<\/p>\n<p>Las Islas Baleares fueron el primer destino de los turistas en julio, con el 22,3% del total. Le siguieron Catalu\u00f1a (20,6%) y Andaluc\u00eda (14,6%).<\/p>\n<p>A las Isalas Baleares llegaron un 0,1% m\u00e1s de turistas que en julio de 2025. El n\u00famero de turistas que visitaron Catalu\u00f1a aument\u00f3 un 0,8% y a Andaluc\u00eda vinieron un 9,5% m\u00e1s.<\/p>\n<p>En el agregado de los siete primeros meses de 2026, las comunidades que m\u00e1s turistas recibieron fueron Catalu\u00f1a (11,9 millones y un aumento del 2,9% respecto al mismo per\u00edodo de 2025), las Islas Baleares (casi 9,2 millones y un incremento del 1,8%) y Canarias (9,0 millones, un 0,6% menos).<\/p>\n<h1>GASTO R\u00c9CORD<\/h1>\n<p>En cuanto al gasto, los turistas internacionales que visitaron Espa\u00f1a en julio se dejaron 18.218 millones de euros, con un aumento del 10,9% respecto al mismo mes de 2025.<\/p>\n<p>El gasto medio por turista fue de 1.579 euros, con un incremento anual del 5,9%. Por su parte, el gasto medio diario creci\u00f3 un 3,7%, hasta los 218 euros.<\/p>\n<p>De enero a julio, el gasto total de los turistas internacionales aument\u00f3 un 7,8% y alcanz\u00f3 los 82.054 millones de euros (76.000 millones).<\/p>\n<p>Los principales pa\u00edses emisores en cuanto al nivel de gasto en julio fueron Reino Unido (con el 16,7% del total), Alemania (9,6%) y Francia (9,0%).<\/p>\n<p>El gasto de los turistas residentes en Reino Unido aument\u00f3 un 4,8% en tasa anual, el de los de Alemania un 11,5% y el de los de Francia un 12,6%.<\/p>\n<p>El gasto en alojamiento fue la principal partida en julio, con un 19,8% del total del gasto y un aumento del 6,7% respecto al mismo mes de 2025.<\/p>\n<p>Las siguientes partidas fueron el gasto en paquete tur\u00edstico y en transporte internacional (no incluido en paquete tur\u00edstico), con un 19,3% y un 19,2% del total, respectivamente. El primero aument\u00f3 un 19,0% y el segundo un 12,8%.<\/p>\n<p>El 62,5% del gasto total en julio lo realizaron turistas que pernoctaron en alojamientos hoteleros, con un aumento anual del 7,8%. Por su parte, el gasto en alojamientos de no mercado creci\u00f3 un 9,7%.<\/p>\n<blockquote><p>El gasto de los turistas que no viajaron con paquete tur\u00edstico subi\u00f3 un 8,6% en tasa anual. El de los que contrataron paquete tur\u00edstico aument\u00f3 un 17,4%.<\/p><\/blockquote>\n<p>En cuanto al motivo del viaje, los turistas que visitaron Espa\u00f1a por ocio generaron el 89,2% del gasto total, con un desembolso un 8,9% mayor que en julio de 2025.<\/p>\n<p>Las comunidades aut\u00f3nomas de destino principal con mayor peso en el gasto de los turistas en julio fueron las Islas Baleares (con el 22,8% del total), Catalu\u00f1a (20,4%) y Andaluc\u00eda (14,8%). El gasto de los turistas aument\u00f3 un 8,3% en tasa anual en las Islas Baleares, un 13,0% en Catalu\u00f1a y un 23,4% en Andaluc\u00eda.<\/p>\n<p>En los siete primeros meses de 2026, las comunidades con mayor gasto acumulado fueron Catalu\u00f1a (con el 18,9% del total), Canarias (17,1%) y Andaluc\u00eda (15,2%).<\/p>\n<p>(<a href=\"https:\/\/www.servimedia.es\/\" target=\"_blank\" rel=\"noopener\"><span style=\"color: #ff6600;\"><strong>SERVIMEDIA<\/strong><\/span><\/a>)<\/p>\n","protected":false},"excerpt":{"rendered":"<p>El INE ha confirmado que Espa\u00f1a sigue siendo un destino tur\u00edstico de referencia, ya que en julio de 2026 recibi\u00f3 cerca de 11,5 millones de turistas extranjeros, un 4,6 % m\u00e1s que en el mismo mes de 2025, que ya fue tambi\u00e9n un mes r\u00e9cord con 11 millones. Seg\u00fan inform\u00f3 este martes el Instituto Nacional<\/p>\n","protected":false},"author":1,"featured_media":197943,"comment_status":"closed","ping_status":"closed","sticky":false,"template":"","format":"standard","meta":{"footnotes":""},"categories":[316,359],"tags":[412],"class_list":["post-197942","post","type-post","status-publish","format-standard","has-post-thumbnail","category-destacadas","category-turismo","tag-turismo"],"aioseo_notices":[],"aioseo_head":"\n\t\t<!-- All in One SEO Pro 5.0.1.1 - aioseo.com -->\n\t<meta name=\"description\" content=\"El INE ha confirmado que Espa\u00f1a sigue siendo un destino tur\u00edstico de referencia, ya que en julio de 2026 recibi\u00f3 cerca de 11,5 millones de turistas extranjeros\" \/>\n\t<meta name=\"robots\" content=\"max-image-preview:large\" \/>\n\t<meta name=\"author\" content=\"Cand\u00e1s 365\"\/>\n\t<meta name=\"google-site-verification\" content=\"UA-32230408-1\" \/>\n\t<meta name=\"msvalidate.01\" content=\"354F3CDFB2DA171B47FBE9ABF1F88D5\" \/>\n\t<meta name=\"keywords\" content=\"destacadas,turismo\" \/>\n\t<link rel=\"canonical\" href=\"https:\/\/candas365.es\/noticias\/espana-sigue-siendo-destino-turistico-de-referencia\/\" \/>\n\t<meta name=\"generator\" content=\"All in One SEO Pro (AIOSEO) 5.0.1.1\" \/>\n\t\t<meta property=\"og:locale\" content=\"es_ES\" \/>\n\t\t<meta property=\"og:site_name\" content=\"Cand\u00e1s 365\" \/>\n\t\t<meta property=\"og:type\" content=\"article\" \/>\n\t\t<meta property=\"og:title\" content=\"Espa\u00f1a sigue siendo destino tur\u00edstico de referencia \u2013 Cand\u00e1s 365\" \/>\n\t\t<meta property=\"og:description\" content=\"El INE ha confirmado que Espa\u00f1a sigue siendo un destino tur\u00edstico de referencia, ya que en julio de 2026 recibi\u00f3 cerca de 11,5 millones de turistas extranjeros\" \/>\n\t\t<meta property=\"og:url\" content=\"https:\/\/candas365.es\/noticias\/espana-sigue-siendo-destino-turistico-de-referencia\/\" \/>\n\t\t<meta property=\"og:image\" content=\"https:\/\/candas365.es\/noticias\/wp-content\/uploads\/2026\/09\/Espana-sigue-siendo-destino-turistico-de-referencia.jpg\" \/>\n\t\t<meta property=\"og:image:secure_url\" content=\"https:\/\/candas365.es\/noticias\/wp-content\/uploads\/2026\/09\/Espana-sigue-siendo-destino-turistico-de-referencia.jpg\" \/>\n\t\t<meta property=\"og:image:width\" content=\"1247\" \/>\n\t\t<meta property=\"og:image:height\" content=\"814\" \/>\n\t\t<meta property=\"article:published_time\" content=\"2026-09-01T11:39:54+00:00\" \/>\n\t\t<meta property=\"article:modified_time\" content=\"2026-09-01T11:39:54+00:00\" \/>\n\t\t<meta property=\"article:publisher\" content=\"https:\/\/www.facebook.com\/Nachofdezber\" \/>\n\t\t<meta property=\"article:author\" content=\"https:\/\/www.facebook.com\/Nachofdezber\" \/>\n\t\t<meta name=\"twitter:card\" content=\"summary_large_image\" \/>\n\t\t<meta name=\"twitter:site\" content=\"@candas365\" \/>\n\t\t<meta name=\"twitter:title\" content=\"Espa\u00f1a sigue siendo destino tur\u00edstico de referencia \u2013 Cand\u00e1s 365\" \/>\n\t\t<meta name=\"twitter:description\" content=\"El INE ha confirmado que Espa\u00f1a sigue siendo un destino tur\u00edstico de referencia, ya que en julio de 2026 recibi\u00f3 cerca de 11,5 millones de turistas extranjeros\" \/>\n\t\t<meta name=\"twitter:creator\" content=\"@candas365\" \/>\n\t\t<meta name=\"twitter:image\" content=\"https:\/\/candas365.es\/noticias\/wp-content\/uploads\/2026\/09\/Espana-sigue-siendo-destino-turistico-de-referencia.jpg\" \/>\n\t\t<meta name=\"twitter:label1\" content=\"Escrito por\" \/>\n\t\t<meta name=\"twitter:data1\" content=\"Cand\u00e1s 365\" \/>\n\t\t<meta name=\"twitter:label2\" content=\"Tiempo de lectura estimado\" \/>\n\t\t<meta name=\"twitter:data2\" content=\"4 minutos\" \/>\n\t\t<script type=\"application\/ld+json\" class=\"aioseo-schema\">\n\t\t\t{\"@context\":\"https:\\\/\\\/schema.org\",\"@graph\":[{\"@type\":\"BreadcrumbList\",\"@id\":\"https:\\\/\\\/candas365.es\\\/noticias\\\/espana-sigue-siendo-destino-turistico-de-referencia\\\/#breadcrumblist\",\"itemListElement\":[{\"@type\":\"ListItem\",\"@id\":\"https:\\\/\\\/candas365.es\\\/noticias#listItem\",\"position\":1,\"name\":\"Home\",\"item\":\"https:\\\/\\\/candas365.es\\\/noticias\",\"nextItem\":{\"@type\":\"ListItem\",\"@id\":\"https:\\\/\\\/candas365.es\\\/noticias\\\/category\\\/destacadas\\\/#listItem\",\"name\":\"Destacadas\"}},{\"@type\":\"ListItem\",\"@id\":\"https:\\\/\\\/candas365.es\\\/noticias\\\/category\\\/destacadas\\\/#listItem\",\"position\":2,\"name\":\"Destacadas\",\"item\":\"https:\\\/\\\/candas365.es\\\/noticias\\\/category\\\/destacadas\\\/\",\"nextItem\":{\"@type\":\"ListItem\",\"@id\":\"https:\\\/\\\/candas365.es\\\/noticias\\\/espana-sigue-siendo-destino-turistico-de-referencia\\\/#listItem\",\"name\":\"Espa\\u00f1a sigue siendo destino tur\\u00edstico de referencia\"},\"previousItem\":{\"@type\":\"ListItem\",\"@id\":\"https:\\\/\\\/candas365.es\\\/noticias#listItem\",\"name\":\"Home\"}},{\"@type\":\"ListItem\",\"@id\":\"https:\\\/\\\/candas365.es\\\/noticias\\\/espana-sigue-siendo-destino-turistico-de-referencia\\\/#listItem\",\"position\":3,\"name\":\"Espa\\u00f1a sigue siendo destino tur\\u00edstico de referencia\",\"previousItem\":{\"@type\":\"ListItem\",\"@id\":\"https:\\\/\\\/candas365.es\\\/noticias\\\/category\\\/destacadas\\\/#listItem\",\"name\":\"Destacadas\"}}]},{\"@type\":\"NewsArticle\",\"@id\":\"https:\\\/\\\/candas365.es\\\/noticias\\\/espana-sigue-siendo-destino-turistico-de-referencia\\\/#newsarticle\",\"name\":\"Espa\\u00f1a sigue siendo destino tur\\u00edstico de referencia | Cand\\u00e1s 365\",\"headline\":\"Espa\\u00f1a sigue siendo destino tur\\u00edstico de referencia\",\"author\":{\"@id\":\"https:\\\/\\\/candas365.es\\\/noticias\\\/author\\\/admin\\\/#author\"},\"publisher\":{\"@id\":\"https:\\\/\\\/candas365.es\\\/noticias\\\/#organization\"},\"image\":{\"@type\":\"ImageObject\",\"url\":\"https:\\\/\\\/candas365.es\\\/noticias\\\/wp-content\\\/uploads\\\/2026\\\/09\\\/Espana-sigue-siendo-destino-turistico-de-referencia.jpg\",\"width\":1247,\"height\":814,\"caption\":\"Turistas en la Mezquita de C\\u00f3rdoba | Foto de 123rf\\\/packshot\"},\"datePublished\":\"2026-09-01T13:39:54+02:00\",\"dateModified\":\"2026-09-01T13:39:54+02:00\",\"inLanguage\":\"es-ES\",\"mainEntityOfPage\":{\"@id\":\"https:\\\/\\\/candas365.es\\\/noticias\\\/espana-sigue-siendo-destino-turistico-de-referencia\\\/#webpage\"},\"isPartOf\":{\"@id\":\"https:\\\/\\\/candas365.es\\\/noticias\\\/espana-sigue-siendo-destino-turistico-de-referencia\\\/#webpage\"},\"articleSection\":\"Destacadas, Turismo, turismo\",\"dateline\":\"Publicado el septiembre 1, 2026.\"},{\"@type\":\"Organization\",\"@id\":\"https:\\\/\\\/candas365.es\\\/noticias\\\/#organization\",\"name\":\"Cand\\u00e1s 365\",\"description\":\"Cand\\u00e1s 365 es un diario digital independiente, fundado en 2012, con base en Asturias. Informamos con rigor sobre actualidad, sociedad, cultura y ocio, con una mirada local y global.\",\"url\":\"https:\\\/\\\/candas365.es\\\/noticias\\\/\",\"email\":\"info@candas365.es\",\"telephone\":\"+34652131393\",\"foundingDate\":\"2012-06-10\",\"logo\":{\"@type\":\"ImageObject\",\"url\":\"https:\\\/\\\/candas365.es\\\/noticias\\\/wp-content\\\/uploads\\\/2024\\\/09\\\/Candas-365-Redes.jpg\",\"@id\":\"https:\\\/\\\/candas365.es\\\/noticias\\\/espana-sigue-siendo-destino-turistico-de-referencia\\\/#organizationLogo\",\"width\":1152,\"height\":864,\"caption\":\"Cand\\u00e1s 365 Redes\"},\"image\":{\"@id\":\"https:\\\/\\\/candas365.es\\\/noticias\\\/espana-sigue-siendo-destino-turistico-de-referencia\\\/#organizationLogo\"},\"sameAs\":[\"https:\\\/\\\/www.facebook.com\\\/Nachofdezber\",\"https:\\\/\\\/x.com\\\/candas365\",\"https:\\\/\\\/www.instagram.com\\\/nachofdezber\\\/\",\"https:\\\/\\\/www.youtube.com\\\/channel\\\/UCZP-2wLEB9Rv6erhFmqVnvg\"],\"address\":{\"@id\":\"https:\\\/\\\/candas365.es\\\/noticias\\\/#postaladdress\",\"@type\":\"PostalAddress\",\"streetAddress\":\"san antonio 4, san antonio 4\",\"postalCode\":\"33430\",\"addressLocality\":\"Cand\\u00e1s\",\"addressRegion\":\"Asturias\",\"addressCountry\":\"ES\"}},{\"@type\":\"Person\",\"@id\":\"https:\\\/\\\/candas365.es\\\/noticias\\\/author\\\/admin\\\/#author\",\"url\":\"https:\\\/\\\/candas365.es\\\/noticias\\\/author\\\/admin\\\/\",\"name\":\"Cand\\u00e1s 365\",\"image\":{\"@type\":\"ImageObject\",\"@id\":\"https:\\\/\\\/candas365.es\\\/noticias\\\/espana-sigue-siendo-destino-turistico-de-referencia\\\/#authorImage\",\"url\":\"https:\\\/\\\/candas365.es\\\/noticias\\\/wp-content\\\/uploads\\\/2026\\\/07\\\/cropped-eyevuvEl_400x400-96x96.jpg\",\"width\":96,\"height\":96,\"caption\":\"Cand\\u00e1s 365\"},\"sameAs\":[\"https:\\\/\\\/www.facebook.com\\\/Nachofdezber\",\"https:\\\/\\\/x.com\\\/candas365\",\"https:\\\/\\\/www.instagram.com\\\/nachofdezber\\\/\",\"https:\\\/\\\/www.youtube.com\\\/channel\\\/UCZP-2wLEB9Rv6erhFmqVnvg\"]},{\"@type\":\"WebPage\",\"@id\":\"https:\\\/\\\/candas365.es\\\/noticias\\\/espana-sigue-siendo-destino-turistico-de-referencia\\\/#webpage\",\"url\":\"https:\\\/\\\/candas365.es\\\/noticias\\\/espana-sigue-siendo-destino-turistico-de-referencia\\\/\",\"name\":\"Espa\\u00f1a sigue siendo destino tur\\u00edstico de referencia | Cand\\u00e1s 365\",\"description\":\"El INE ha confirmado que Espa\\u00f1a sigue siendo un destino tur\\u00edstico de referencia, ya que en julio de 2026 recibi\\u00f3 cerca de 11,5 millones de turistas extranjeros\",\"inLanguage\":\"es-ES\",\"isPartOf\":{\"@id\":\"https:\\\/\\\/candas365.es\\\/noticias\\\/#website\"},\"breadcrumb\":{\"@id\":\"https:\\\/\\\/candas365.es\\\/noticias\\\/espana-sigue-siendo-destino-turistico-de-referencia\\\/#breadcrumblist\"},\"author\":{\"@id\":\"https:\\\/\\\/candas365.es\\\/noticias\\\/author\\\/admin\\\/#author\"},\"creator\":{\"@id\":\"https:\\\/\\\/candas365.es\\\/noticias\\\/author\\\/admin\\\/#author\"},\"image\":{\"@type\":\"ImageObject\",\"url\":\"https:\\\/\\\/candas365.es\\\/noticias\\\/wp-content\\\/uploads\\\/2026\\\/09\\\/Espana-sigue-siendo-destino-turistico-de-referencia.jpg\",\"@id\":\"https:\\\/\\\/candas365.es\\\/noticias\\\/espana-sigue-siendo-destino-turistico-de-referencia\\\/#mainImage\",\"width\":1247,\"height\":814,\"caption\":\"Turistas en la Mezquita de C\\u00f3rdoba | Foto de 123rf\\\/packshot\"},\"primaryImageOfPage\":{\"@id\":\"https:\\\/\\\/candas365.es\\\/noticias\\\/espana-sigue-siendo-destino-turistico-de-referencia\\\/#mainImage\"},\"datePublished\":\"2026-09-01T13:39:54+02:00\",\"dateModified\":\"2026-09-01T13:39:54+02:00\"},{\"@type\":\"WebSite\",\"@id\":\"https:\\\/\\\/candas365.es\\\/noticias\\\/#website\",\"url\":\"https:\\\/\\\/candas365.es\\\/noticias\\\/\",\"name\":\"Cand\\u00e1s 365\",\"alternateName\":\"Cand\\u00e1s 365 Noticias\",\"description\":\"Actualidad desde Carre\\u00f1o para el mundo\",\"inLanguage\":\"es-ES\",\"publisher\":{\"@id\":\"https:\\\/\\\/candas365.es\\\/noticias\\\/#organization\"}}]}\n\t\t<\/script>\n\t\t<!-- All in One SEO Pro -->\r\n\t\t<title>Espa\u00f1a sigue siendo destino tur\u00edstico de referencia | Cand\u00e1s 365<\/title>\n\n","aioseo_head_json":{"title":"Espa\u00f1a sigue siendo destino tur\u00edstico de referencia | Cand\u00e1s 365","description":"El INE ha confirmado que Espa\u00f1a sigue siendo un destino tur\u00edstico de referencia, ya que en julio de 2026 recibi\u00f3 cerca de 11,5 millones de turistas extranjeros","canonical_url":"https:\/\/candas365.es\/noticias\/espana-sigue-siendo-destino-turistico-de-referencia\/","robots":"max-image-preview:large","keywords":"destacadas,turismo","webmasterTools":{"google-site-verification":"UA-32230408-1","msvalidate.01":"354F3CDFB2DA171B47FBE9ABF1F88D5","miscellaneous":""},"schema":{"@context":"https:\/\/schema.org","@graph":[{"@type":"BreadcrumbList","@id":"https:\/\/candas365.es\/noticias\/espana-sigue-siendo-destino-turistico-de-referencia\/#breadcrumblist","itemListElement":[{"@type":"ListItem","@id":"https:\/\/candas365.es\/noticias#listItem","position":1,"name":"Home","item":"https:\/\/candas365.es\/noticias","nextItem":{"@type":"ListItem","@id":"https:\/\/candas365.es\/noticias\/category\/destacadas\/#listItem","name":"Destacadas"}},{"@type":"ListItem","@id":"https:\/\/candas365.es\/noticias\/category\/destacadas\/#listItem","position":2,"name":"Destacadas","item":"https:\/\/candas365.es\/noticias\/category\/destacadas\/","nextItem":{"@type":"ListItem","@id":"https:\/\/candas365.es\/noticias\/espana-sigue-siendo-destino-turistico-de-referencia\/#listItem","name":"Espa\u00f1a sigue siendo destino tur\u00edstico de referencia"},"previousItem":{"@type":"ListItem","@id":"https:\/\/candas365.es\/noticias#listItem","name":"Home"}},{"@type":"ListItem","@id":"https:\/\/candas365.es\/noticias\/espana-sigue-siendo-destino-turistico-de-referencia\/#listItem","position":3,"name":"Espa\u00f1a sigue siendo destino tur\u00edstico de referencia","previousItem":{"@type":"ListItem","@id":"https:\/\/candas365.es\/noticias\/category\/destacadas\/#listItem","name":"Destacadas"}}]},{"@type":"NewsArticle","@id":"https:\/\/candas365.es\/noticias\/espana-sigue-siendo-destino-turistico-de-referencia\/#newsarticle","name":"Espa\u00f1a sigue siendo destino tur\u00edstico de referencia | Cand\u00e1s 365","headline":"Espa\u00f1a sigue siendo destino tur\u00edstico de referencia","author":{"@id":"https:\/\/candas365.es\/noticias\/author\/admin\/#author"},"publisher":{"@id":"https:\/\/candas365.es\/noticias\/#organization"},"image":{"@type":"ImageObject","url":"https:\/\/candas365.es\/noticias\/wp-content\/uploads\/2026\/09\/Espana-sigue-siendo-destino-turistico-de-referencia.jpg","width":1247,"height":814,"caption":"Turistas en la Mezquita de C\u00f3rdoba | Foto de 123rf\/packshot"},"datePublished":"2026-09-01T13:39:54+02:00","dateModified":"2026-09-01T13:39:54+02:00","inLanguage":"es-ES","mainEntityOfPage":{"@id":"https:\/\/candas365.es\/noticias\/espana-sigue-siendo-destino-turistico-de-referencia\/#webpage"},"isPartOf":{"@id":"https:\/\/candas365.es\/noticias\/espana-sigue-siendo-destino-turistico-de-referencia\/#webpage"},"articleSection":"Destacadas, Turismo, turismo","dateline":"Publicado el septiembre 1, 2026."},{"@type":"Organization","@id":"https:\/\/candas365.es\/noticias\/#organization","name":"Cand\u00e1s 365","description":"Cand\u00e1s 365 es un diario digital independiente, fundado en 2012, con base en Asturias. Informamos con rigor sobre actualidad, sociedad, cultura y ocio, con una mirada local y global.","url":"https:\/\/candas365.es\/noticias\/","email":"info@candas365.es","telephone":"+34652131393","foundingDate":"2012-06-10","logo":{"@type":"ImageObject","url":"https:\/\/candas365.es\/noticias\/wp-content\/uploads\/2024\/09\/Candas-365-Redes.jpg","@id":"https:\/\/candas365.es\/noticias\/espana-sigue-siendo-destino-turistico-de-referencia\/#organizationLogo","width":1152,"height":864,"caption":"Cand\u00e1s 365 Redes"},"image":{"@id":"https:\/\/candas365.es\/noticias\/espana-sigue-siendo-destino-turistico-de-referencia\/#organizationLogo"},"sameAs":["https:\/\/www.facebook.com\/Nachofdezber","https:\/\/x.com\/candas365","https:\/\/www.instagram.com\/nachofdezber\/","https:\/\/www.youtube.com\/channel\/UCZP-2wLEB9Rv6erhFmqVnvg"],"address":{"@id":"https:\/\/candas365.es\/noticias\/#postaladdress","@type":"PostalAddress","streetAddress":"san antonio 4, san antonio 4","postalCode":"33430","addressLocality":"Cand\u00e1s","addressRegion":"Asturias","addressCountry":"ES"}},{"@type":"Person","@id":"https:\/\/candas365.es\/noticias\/author\/admin\/#author","url":"https:\/\/candas365.es\/noticias\/author\/admin\/","name":"Cand\u00e1s 365","image":{"@type":"ImageObject","@id":"https:\/\/candas365.es\/noticias\/espana-sigue-siendo-destino-turistico-de-referencia\/#authorImage","url":"https:\/\/candas365.es\/noticias\/wp-content\/uploads\/2026\/07\/cropped-eyevuvEl_400x400-96x96.jpg","width":96,"height":96,"caption":"Cand\u00e1s 365"},"sameAs":["https:\/\/www.facebook.com\/Nachofdezber","https:\/\/x.com\/candas365","https:\/\/www.instagram.com\/nachofdezber\/","https:\/\/www.youtube.com\/channel\/UCZP-2wLEB9Rv6erhFmqVnvg"]},{"@type":"WebPage","@id":"https:\/\/candas365.es\/noticias\/espana-sigue-siendo-destino-turistico-de-referencia\/#webpage","url":"https:\/\/candas365.es\/noticias\/espana-sigue-siendo-destino-turistico-de-referencia\/","name":"Espa\u00f1a sigue siendo destino tur\u00edstico de referencia | Cand\u00e1s 365","description":"El INE ha confirmado que Espa\u00f1a sigue siendo un destino tur\u00edstico de referencia, ya que en julio de 2026 recibi\u00f3 cerca de 11,5 millones de turistas extranjeros","inLanguage":"es-ES","isPartOf":{"@id":"https:\/\/candas365.es\/noticias\/#website"},"breadcrumb":{"@id":"https:\/\/candas365.es\/noticias\/espana-sigue-siendo-destino-turistico-de-referencia\/#breadcrumblist"},"author":{"@id":"https:\/\/candas365.es\/noticias\/author\/admin\/#author"},"creator":{"@id":"https:\/\/candas365.es\/noticias\/author\/admin\/#author"},"image":{"@type":"ImageObject","url":"https:\/\/candas365.es\/noticias\/wp-content\/uploads\/2026\/09\/Espana-sigue-siendo-destino-turistico-de-referencia.jpg","@id":"https:\/\/candas365.es\/noticias\/espana-sigue-siendo-destino-turistico-de-referencia\/#mainImage","width":1247,"height":814,"caption":"Turistas en la Mezquita de C\u00f3rdoba | Foto de 123rf\/packshot"},"primaryImageOfPage":{"@id":"https:\/\/candas365.es\/noticias\/espana-sigue-siendo-destino-turistico-de-referencia\/#mainImage"},"datePublished":"2026-09-01T13:39:54+02:00","dateModified":"2026-09-01T13:39:54+02:00"},{"@type":"WebSite","@id":"https:\/\/candas365.es\/noticias\/#website","url":"https:\/\/candas365.es\/noticias\/","name":"Cand\u00e1s 365","alternateName":"Cand\u00e1s 365 Noticias","description":"Actualidad desde Carre\u00f1o para el mundo","inLanguage":"es-ES","publisher":{"@id":"https:\/\/candas365.es\/noticias\/#organization"}}]},"og:locale":"es_ES","og:site_name":"Cand\u00e1s 365","og:type":"article","og:title":"Espa\u00f1a sigue siendo destino tur\u00edstico de referencia \u2013 Cand\u00e1s 365","og:description":"El INE ha confirmado que Espa\u00f1a sigue siendo un destino tur\u00edstico de referencia, ya que en julio de 2026 recibi\u00f3 cerca de 11,5 millones de turistas extranjeros","og:url":"https:\/\/candas365.es\/noticias\/espana-sigue-siendo-destino-turistico-de-referencia\/","og:image":"https:\/\/candas365.es\/noticias\/wp-content\/uploads\/2026\/09\/Espana-sigue-siendo-destino-turistico-de-referencia.jpg","og:image:secure_url":"https:\/\/candas365.es\/noticias\/wp-content\/uploads\/2026\/09\/Espana-sigue-siendo-destino-turistico-de-referencia.jpg","og:image:width":1247,"og:image:height":814,"article:published_time":"2026-09-01T11:39:54+00:00","article:modified_time":"2026-09-01T11:39:54+00:00","article:publisher":"https:\/\/www.facebook.com\/Nachofdezber","article:author":"https:\/\/www.facebook.com\/Nachofdezber","twitter:card":"summary_large_image","twitter:site":"@candas365","twitter:title":"Espa\u00f1a sigue siendo destino tur\u00edstico de referencia \u2013 Cand\u00e1s 365","twitter:description":"El INE ha confirmado que Espa\u00f1a sigue siendo un destino tur\u00edstico de referencia, ya que en julio de 2026 recibi\u00f3 cerca de 11,5 millones de turistas extranjeros","twitter:creator":"@candas365","twitter:image":"https:\/\/candas365.es\/noticias\/wp-content\/uploads\/2026\/09\/Espana-sigue-siendo-destino-turistico-de-referencia.jpg","twitter:label1":"Escrito por","twitter:data1":"Cand\u00e1s 365","twitter:label2":"Tiempo de lectura estimado","twitter:data2":"4 minutos"},"aioseo_meta_data":{"post_id":"197942","title":null,"description":"El INE ha confirmado que Espa\u00f1a sigue siendo un destino tur\u00edstico de referencia, ya que en julio de 2026 recibi\u00f3 cerca de 11,5 millones de turistas extranjeros","keywords":null,"keyphrases":{"focus":{"keyphrase":"Espa\u00f1a","score":0,"analysis":[]},"additional":[{"keyphrase":"destino tur\u00edstico","score":0}]},"primary_term":null,"canonical_url":null,"og_title":"#post_title #separator_sa #site_title","og_description":"El INE ha confirmado que Espa\u00f1a sigue siendo un destino tur\u00edstico de referencia, ya que en julio de 2026 recibi\u00f3 cerca de 11,5 millones de turistas extranjeros","og_object_type":"default","og_image_type":"default","og_image_url":null,"og_image_width":null,"og_image_height":null,"og_image_custom_url":null,"og_image_custom_fields":null,"og_video":"","og_custom_url":null,"og_article_section":null,"og_article_tags":null,"twitter_use_og":true,"twitter_card":"default","twitter_image_type":"default","twitter_image_url":null,"twitter_image_custom_url":null,"twitter_image_custom_fields":null,"twitter_title":null,"twitter_description":null,"schema":{"blockGraphs":[],"customGraphs":[],"default":{"data":{"Article":[],"Course":[],"Dataset":[],"FAQPage":[],"Movie":[],"Person":[],"Product":[],"ProductReview":[],"Car":[],"Recipe":[],"Service":[],"SoftwareApplication":[],"WebPage":[]},"graphName":"NewsArticle","isEnabled":true},"graphs":[]},"schema_type":"default","schema_type_options":null,"pillar_content":false,"robots_default":true,"robots_noindex":false,"robots_noarchive":false,"robots_nosnippet":false,"robots_nofollow":false,"robots_noimageindex":false,"robots_noodp":false,"robots_notranslate":false,"robots_max_snippet":"-1","robots_max_videopreview":"-1","robots_max_imagepreview":"large","priority":null,"frequency":"default","location":null,"local_seo":null,"seo_analyzer_scan_date":"2026-09-01 11:40:16","breadcrumb_settings":null,"limit_modified_date":false,"reviewed_by":"0","open_ai":null,"ai":{"faqs":[],"keyPoints":[],"schemas":[],"titles":[],"descriptions":[],"socialPosts":{"email":{"subject":"","preview":"","content":""},"linkedin":[],"twitter":[],"facebook":[],"instagram":[]}},"created":"2026-09-01 08:47:56","updated":"2026-09-01 12:36:10","focus_keyword":"Espa\u00f1a","additional_keywords":[{"word":"destino tur\u00edstico","score":91,"items":{"introductionKeyword":{"score":9},"keyphraseLength":{"score":9},"keyphraseDensity":{"score":4},"functionWordsInKeyphrase":{"score":9},"textCompetingLinks":{"score":9},"imageKeyphrase":{"score":9}}}],"truseo_locale":null},"aioseo_breadcrumb":"<div class=\"aioseo-breadcrumbs\"><span class=\"aioseo-breadcrumb\">\n\t<a href=\"https:\/\/candas365.es\/noticias\" title=\"Home\">Home<\/a>\n<\/span><span class=\"aioseo-breadcrumb-separator\">&ndash;<\/span><span class=\"aioseo-breadcrumb\">\n\t<a href=\"https:\/\/candas365.es\/noticias\/category\/destacadas\/\" title=\"Destacadas\">Destacadas<\/a>\n<\/span><span class=\"aioseo-breadcrumb-separator\">&ndash;<\/span><span class=\"aioseo-breadcrumb\">\n\tEspa\u00f1a sigue siendo destino tur\u00edstico de referencia\n<\/span><\/div>","aioseo_breadcrumb_json":[{"label":"Home","link":"https:\/\/candas365.es\/noticias"},{"label":"Destacadas","link":"https:\/\/candas365.es\/noticias\/category\/destacadas\/"},{"label":"Espa\u00f1a sigue siendo destino tur\u00edstico de referencia","link":"https:\/\/candas365.es\/noticias\/espana-sigue-siendo-destino-turistico-de-referencia\/"}],"_links":{"self":[{"href":"https:\/\/candas365.es\/noticias\/wp-json\/wp\/v2\/posts\/197942","targetHints":{"allow":["GET"]}}],"collection":[{"href":"https:\/\/candas365.es\/noticias\/wp-json\/wp\/v2\/posts"}],"about":[{"href":"https:\/\/candas365.es\/noticias\/wp-json\/wp\/v2\/types\/post"}],"author":[{"embeddable":true,"href":"https:\/\/candas365.es\/noticias\/wp-json\/wp\/v2\/users\/1"}],"replies":[{"embeddable":true,"href":"https:\/\/candas365.es\/noticias\/wp-json\/wp\/v2\/comments?post=197942"}],"version-history":[{"count":1,"href":"https:\/\/candas365.es\/noticias\/wp-json\/wp\/v2\/posts\/197942\/revisions"}],"predecessor-version":[{"id":197944,"href":"https:\/\/candas365.es\/noticias\/wp-json\/wp\/v2\/posts\/197942\/revisions\/197944"}],"wp:featuredmedia":[{"embeddable":true,"href":"https:\/\/candas365.es\/noticias\/wp-json\/wp\/v2\/media\/197943"}],"wp:attachment":[{"href":"https:\/\/candas365.es\/noticias\/wp-json\/wp\/v2\/media?parent=197942"}],"wp:term":[{"taxonomy":"category","embeddable":true,"href":"https:\/\/candas365.es\/noticias\/wp-json\/wp\/v2\/categories?post=197942"},{"taxonomy":"post_tag","embeddable":true,"href":"https:\/\/candas365.es\/noticias\/wp-json\/wp\/v2\/tags?post=197942"}],"curies":[{"name":"wp","href":"https:\/\/api.w.org\/{rel}","templated":true}]}}