{"id":197939,"date":"2026-09-01T10:42:59","date_gmt":"2026-09-01T08:42:59","guid":{"rendered":"https:\/\/candas365.es\/noticias\/?p=197939"},"modified":"2026-09-01T10:42:59","modified_gmt":"2026-09-01T08:42:59","slug":"del-movil-a-todas-horas-al-modo-avion","status":"publish","type":"post","link":"https:\/\/candas365.es\/noticias\/del-movil-a-todas-horas-al-modo-avion\/","title":{"rendered":"Del m\u00f3vil a todas horas al modo avi\u00f3n"},"content":{"rendered":"<p>Cada vez m\u00e1s <strong>personas pasan del m\u00f3vil constante al modo avi\u00f3n<\/strong>, buscando calma, control y momentos sin interrupciones para disfrutar de su entorno y de quienes tienen cerca.<\/p>\n<figure id=\"attachment_197940\" aria-describedby=\"caption-attachment-197940\" style=\"width: 650px\" class=\"wp-caption aligncenter\"><img fetchpriority=\"high\" decoding=\"async\" class=\"size-large wp-image-197940\" src=\"https:\/\/candas365.es\/noticias\/wp-content\/uploads\/2026\/09\/Del-movil-a-todas-horas-al-modo-avion-650x424.jpg\" alt=\"Del m\u00f3vil a todas horas al modo avi\u00f3n\" width=\"650\" height=\"424\" srcset=\"https:\/\/candas365.es\/noticias\/wp-content\/uploads\/2026\/09\/Del-movil-a-todas-horas-al-modo-avion-650x424.jpg 650w, https:\/\/candas365.es\/noticias\/wp-content\/uploads\/2026\/09\/Del-movil-a-todas-horas-al-modo-avion-360x235.jpg 360w, https:\/\/candas365.es\/noticias\/wp-content\/uploads\/2026\/09\/Del-movil-a-todas-horas-al-modo-avion-768x501.jpg 768w, https:\/\/candas365.es\/noticias\/wp-content\/uploads\/2026\/09\/Del-movil-a-todas-horas-al-modo-avion-150x98.jpg 150w, https:\/\/candas365.es\/noticias\/wp-content\/uploads\/2026\/09\/Del-movil-a-todas-horas-al-modo-avion-450x294.jpg 450w, https:\/\/candas365.es\/noticias\/wp-content\/uploads\/2026\/09\/Del-movil-a-todas-horas-al-modo-avion-1200x783.jpg 1200w, https:\/\/candas365.es\/noticias\/wp-content\/uploads\/2026\/09\/Del-movil-a-todas-horas-al-modo-avion.jpg 1247w\" sizes=\"(max-width: 650px) 100vw, 650px\" \/><figcaption id=\"caption-attachment-197940\" class=\"wp-caption-text\">Foto: 123rf.com<\/figcaption><\/figure>\n<h1><strong>Un cambio que muchos est\u00e1n haciendo<\/strong><\/h1>\n<p>Durante a\u00f1os, el <span style=\"color: #ff6600;\"><a style=\"color: #ff6600;\" href=\"https:\/\/eldigitaldeasturias.com\/magazine365\/category\/internet\/\" target=\"_blank\" rel=\"noopener\"><strong>m\u00f3vil<\/strong><\/a><\/span> fue una extensi\u00f3n de la mano. Mensajes, llamadas, notificaciones y redes ocupaban cada minuto libre. Pero algo ha cambiado.<\/p>\n<p>Muchas personas han empezado a reducir su uso, no por rechazo a la tecnolog\u00eda, sino por necesidad de tranquilidad. El modo avi\u00f3n se ha convertido en una herramienta sencilla para desconectar sin desaparecer del mundo. No implica aislarse, solo marcar un l\u00edmite. Cuando uno est\u00e1 en casa, con su gente cerca, no hace falta estar pendiente de cada aviso. Esa pausa permite estar presente, hablar sin interrupciones y disfrutar de actividades que no requieren pantalla. Es un cambio natural, casi l\u00f3gico, en un momento en el que la saturaci\u00f3n digital es m\u00e1s evidente que nunca.<\/p>\n<h2><strong>Organizar la comunicaci\u00f3n sin perder contacto<\/strong><\/h2>\n<p>Activar el modo avi\u00f3n no significa cortar la comunicaci\u00f3n. De hecho, muchas personas han encontrado formas de mantener equilibrio. Una opci\u00f3n es tener dos l\u00edneas: una personal, reservada para<span style=\"color: #ff6600;\"><a style=\"color: #ff6600;\" href=\"https:\/\/candas365.es\/noticias\/category\/sociedad\/\"><strong> familia y personas mayores<\/strong><\/a><\/span>, y otra para trabajo. As\u00ed, cuando llega el momento de relajarse, basta con desconectar la l\u00ednea profesional y dejar activa la personal para emergencias. Este sistema evita la sensaci\u00f3n de estar siempre disponible y permite separar espacios. Tambi\u00e9n ayuda a que el m\u00f3vil deje de ser una fuente constante de interrupciones. No se trata de vivir sin \u00e9l, sino de usarlo de forma m\u00e1s consciente. <strong>Comprobarlo de vez en cuando, revisar lo importante y dejar el resto para m\u00e1s tarde es suficiente para recuperar control sin perder accesibilidad.<\/strong><\/p>\n<h2><strong>Lo que ganamos cuando bajamos el ritmo<\/strong><\/h2>\n<p>El modo avi\u00f3n tiene un efecto inmediato: silencio. Y ese silencio abre espacio para actividades que muchas veces dejamos de lado. Leer sin distracciones, pasear sin mirar la pantalla, ver una serie sin pausas o simplemente hablar con la familia sin el cl\u00e1sico \u201cespera, me llaman\u201d. Son momentos sencillos, pero aportan bienestar. Tambi\u00e9n ayudan a reducir la sensaci\u00f3n de prisa constante. Cuando el m\u00f3vil deja de marcar el ritmo, el d\u00eda se vuelve m\u00e1s manejable. Incluso actividades peque\u00f1as, como preparar la cena o ordenar la casa, se sienten m\u00e1s tranquilas. El modo avi\u00f3n no es una huida, es una forma de elegir cu\u00e1ndo queremos estar disponibles. Y esa elecci\u00f3n mejora la calidad del tiempo, tanto el personal como el familiar. No hace falta grandes cambios, solo peque\u00f1as decisiones que nos permitan respirar un poco m\u00e1s.<\/p>\n","protected":false},"excerpt":{"rendered":"<p>Cada vez m\u00e1s personas pasan del m\u00f3vil constante al modo avi\u00f3n, buscando calma, control y momentos sin interrupciones para disfrutar de su entorno y de quienes tienen cerca. Un cambio que muchos est\u00e1n haciendo Durante a\u00f1os, el m\u00f3vil fue una extensi\u00f3n de la mano. Mensajes, llamadas, notificaciones y redes ocupaban cada minuto libre. Pero algo<\/p>\n","protected":false},"author":1,"featured_media":197940,"comment_status":"closed","ping_status":"closed","sticky":false,"template":"","format":"standard","meta":{"footnotes":""},"categories":[143],"tags":[408,448],"class_list":["post-197939","post","type-post","status-publish","format-standard","has-post-thumbnail","category-sociedad","tag-sociedad","tag-tecnologia"],"aioseo_notices":[],"aioseo_head":"\n\t\t<!-- All in One SEO Pro 5.0.1.1 - aioseo.com -->\n\t<meta name=\"description\" content=\"Cada vez m\u00e1s personas pasan del m\u00f3vil constante al modo avi\u00f3n, buscando calma, control y momentos sin interrupciones para disfrutar de su entorno\" \/>\n\t<meta name=\"robots\" content=\"max-image-preview:large\" \/>\n\t<meta name=\"author\" content=\"Cand\u00e1s 365\"\/>\n\t<meta name=\"google-site-verification\" content=\"UA-32230408-1\" \/>\n\t<meta name=\"msvalidate.01\" content=\"354F3CDFB2DA171B47FBE9ABF1F88D5\" \/>\n\t<meta name=\"keywords\" content=\"sociedad\" \/>\n\t<link rel=\"canonical\" href=\"https:\/\/candas365.es\/noticias\/del-movil-a-todas-horas-al-modo-avion\/\" \/>\n\t<meta name=\"generator\" content=\"All in One SEO Pro (AIOSEO) 5.0.1.1\" \/>\n\t\t<meta property=\"og:locale\" content=\"es_ES\" \/>\n\t\t<meta property=\"og:site_name\" content=\"Cand\u00e1s 365\" \/>\n\t\t<meta property=\"og:type\" content=\"article\" \/>\n\t\t<meta property=\"og:title\" content=\"Del m\u00f3vil a todas horas al modo avi\u00f3n \u2013 Cand\u00e1s 365\" \/>\n\t\t<meta property=\"og:description\" content=\"Cada vez m\u00e1s personas pasan del m\u00f3vil constante al modo avi\u00f3n, buscando calma, control y momentos sin interrupciones para disfrutar de su entorno\" \/>\n\t\t<meta property=\"og:url\" content=\"https:\/\/candas365.es\/noticias\/del-movil-a-todas-horas-al-modo-avion\/\" \/>\n\t\t<meta property=\"og:image\" content=\"https:\/\/candas365.es\/noticias\/wp-content\/uploads\/2026\/09\/Del-movil-a-todas-horas-al-modo-avion.jpg\" \/>\n\t\t<meta property=\"og:image:secure_url\" content=\"https:\/\/candas365.es\/noticias\/wp-content\/uploads\/2026\/09\/Del-movil-a-todas-horas-al-modo-avion.jpg\" \/>\n\t\t<meta property=\"og:image:width\" content=\"1247\" \/>\n\t\t<meta property=\"og:image:height\" content=\"814\" \/>\n\t\t<meta property=\"article:published_time\" content=\"2026-09-01T08:42:59+00:00\" \/>\n\t\t<meta property=\"article:modified_time\" content=\"2026-09-01T08:42:59+00:00\" \/>\n\t\t<meta property=\"article:publisher\" content=\"https:\/\/www.facebook.com\/Nachofdezber\" \/>\n\t\t<meta property=\"article:author\" content=\"https:\/\/www.facebook.com\/Nachofdezber\" \/>\n\t\t<meta name=\"twitter:card\" content=\"summary_large_image\" \/>\n\t\t<meta name=\"twitter:site\" content=\"@candas365\" \/>\n\t\t<meta name=\"twitter:title\" content=\"Del m\u00f3vil a todas horas al modo avi\u00f3n \u2013 Cand\u00e1s 365\" \/>\n\t\t<meta name=\"twitter:description\" content=\"Cada vez m\u00e1s personas pasan del m\u00f3vil constante al modo avi\u00f3n, buscando calma, control y momentos sin interrupciones para disfrutar de su entorno\" \/>\n\t\t<meta name=\"twitter:creator\" content=\"@candas365\" \/>\n\t\t<meta name=\"twitter:image\" content=\"https:\/\/candas365.es\/noticias\/wp-content\/uploads\/2026\/09\/Del-movil-a-todas-horas-al-modo-avion.jpg\" \/>\n\t\t<meta name=\"twitter:label1\" content=\"Escrito por\" \/>\n\t\t<meta name=\"twitter:data1\" content=\"Cand\u00e1s 365\" \/>\n\t\t<meta name=\"twitter:label2\" content=\"Tiempo de lectura estimado\" \/>\n\t\t<meta name=\"twitter:data2\" content=\"2 minutos\" \/>\n\t\t<script type=\"application\/ld+json\" class=\"aioseo-schema\">\n\t\t\t{\"@context\":\"https:\\\/\\\/schema.org\",\"@graph\":[{\"@type\":\"BreadcrumbList\",\"@id\":\"https:\\\/\\\/candas365.es\\\/noticias\\\/del-movil-a-todas-horas-al-modo-avion\\\/#breadcrumblist\",\"itemListElement\":[{\"@type\":\"ListItem\",\"@id\":\"https:\\\/\\\/candas365.es\\\/noticias#listItem\",\"position\":1,\"name\":\"Home\",\"item\":\"https:\\\/\\\/candas365.es\\\/noticias\",\"nextItem\":{\"@type\":\"ListItem\",\"@id\":\"https:\\\/\\\/candas365.es\\\/noticias\\\/category\\\/sociedad\\\/#listItem\",\"name\":\"Sociedad\"}},{\"@type\":\"ListItem\",\"@id\":\"https:\\\/\\\/candas365.es\\\/noticias\\\/category\\\/sociedad\\\/#listItem\",\"position\":2,\"name\":\"Sociedad\",\"item\":\"https:\\\/\\\/candas365.es\\\/noticias\\\/category\\\/sociedad\\\/\",\"nextItem\":{\"@type\":\"ListItem\",\"@id\":\"https:\\\/\\\/candas365.es\\\/noticias\\\/del-movil-a-todas-horas-al-modo-avion\\\/#listItem\",\"name\":\"Del m\\u00f3vil a todas horas al modo avi\\u00f3n\"},\"previousItem\":{\"@type\":\"ListItem\",\"@id\":\"https:\\\/\\\/candas365.es\\\/noticias#listItem\",\"name\":\"Home\"}},{\"@type\":\"ListItem\",\"@id\":\"https:\\\/\\\/candas365.es\\\/noticias\\\/del-movil-a-todas-horas-al-modo-avion\\\/#listItem\",\"position\":3,\"name\":\"Del m\\u00f3vil a todas horas al modo avi\\u00f3n\",\"previousItem\":{\"@type\":\"ListItem\",\"@id\":\"https:\\\/\\\/candas365.es\\\/noticias\\\/category\\\/sociedad\\\/#listItem\",\"name\":\"Sociedad\"}}]},{\"@type\":\"NewsArticle\",\"@id\":\"https:\\\/\\\/candas365.es\\\/noticias\\\/del-movil-a-todas-horas-al-modo-avion\\\/#newsarticle\",\"name\":\"Del m\\u00f3vil a todas horas al modo avi\\u00f3n | Cand\\u00e1s 365\",\"headline\":\"Del m\\u00f3vil a todas horas al modo avi\\u00f3n\",\"author\":{\"@id\":\"https:\\\/\\\/candas365.es\\\/noticias\\\/author\\\/admin\\\/#author\"},\"publisher\":{\"@id\":\"https:\\\/\\\/candas365.es\\\/noticias\\\/#organization\"},\"image\":{\"@type\":\"ImageObject\",\"url\":\"https:\\\/\\\/candas365.es\\\/noticias\\\/wp-content\\\/uploads\\\/2026\\\/09\\\/Del-movil-a-todas-horas-al-modo-avion.jpg\",\"width\":1247,\"height\":814,\"caption\":\"Foto: 123rf.com\"},\"datePublished\":\"2026-09-01T10:42:59+02:00\",\"dateModified\":\"2026-09-01T10:42:59+02:00\",\"inLanguage\":\"es-ES\",\"mainEntityOfPage\":{\"@id\":\"https:\\\/\\\/candas365.es\\\/noticias\\\/del-movil-a-todas-horas-al-modo-avion\\\/#webpage\"},\"isPartOf\":{\"@id\":\"https:\\\/\\\/candas365.es\\\/noticias\\\/del-movil-a-todas-horas-al-modo-avion\\\/#webpage\"},\"articleSection\":\"Sociedad, sociedad, Tecnolog\\u00eda\",\"dateline\":\"Publicado el septiembre 1, 2026.\"},{\"@type\":\"Organization\",\"@id\":\"https:\\\/\\\/candas365.es\\\/noticias\\\/#organization\",\"name\":\"Cand\\u00e1s 365\",\"description\":\"Cand\\u00e1s 365 es un diario digital independiente, fundado en 2012, con base en Asturias. Informamos con rigor sobre actualidad, sociedad, cultura y ocio, con una mirada local y global.\",\"url\":\"https:\\\/\\\/candas365.es\\\/noticias\\\/\",\"email\":\"info@candas365.es\",\"telephone\":\"+34652131393\",\"foundingDate\":\"2012-06-10\",\"logo\":{\"@type\":\"ImageObject\",\"url\":\"https:\\\/\\\/candas365.es\\\/noticias\\\/wp-content\\\/uploads\\\/2024\\\/09\\\/Candas-365-Redes.jpg\",\"@id\":\"https:\\\/\\\/candas365.es\\\/noticias\\\/del-movil-a-todas-horas-al-modo-avion\\\/#organizationLogo\",\"width\":1152,\"height\":864,\"caption\":\"Cand\\u00e1s 365 Redes\"},\"image\":{\"@id\":\"https:\\\/\\\/candas365.es\\\/noticias\\\/del-movil-a-todas-horas-al-modo-avion\\\/#organizationLogo\"},\"sameAs\":[\"https:\\\/\\\/www.facebook.com\\\/Nachofdezber\",\"https:\\\/\\\/x.com\\\/candas365\",\"https:\\\/\\\/www.instagram.com\\\/nachofdezber\\\/\",\"https:\\\/\\\/www.youtube.com\\\/channel\\\/UCZP-2wLEB9Rv6erhFmqVnvg\"],\"address\":{\"@id\":\"https:\\\/\\\/candas365.es\\\/noticias\\\/#postaladdress\",\"@type\":\"PostalAddress\",\"streetAddress\":\"san antonio 4, san antonio 4\",\"postalCode\":\"33430\",\"addressLocality\":\"Cand\\u00e1s\",\"addressRegion\":\"Asturias\",\"addressCountry\":\"ES\"}},{\"@type\":\"Person\",\"@id\":\"https:\\\/\\\/candas365.es\\\/noticias\\\/author\\\/admin\\\/#author\",\"url\":\"https:\\\/\\\/candas365.es\\\/noticias\\\/author\\\/admin\\\/\",\"name\":\"Cand\\u00e1s 365\",\"image\":{\"@type\":\"ImageObject\",\"@id\":\"https:\\\/\\\/candas365.es\\\/noticias\\\/del-movil-a-todas-horas-al-modo-avion\\\/#authorImage\",\"url\":\"https:\\\/\\\/candas365.es\\\/noticias\\\/wp-content\\\/uploads\\\/2026\\\/07\\\/cropped-eyevuvEl_400x400-96x96.jpg\",\"width\":96,\"height\":96,\"caption\":\"Cand\\u00e1s 365\"},\"sameAs\":[\"https:\\\/\\\/www.facebook.com\\\/Nachofdezber\",\"https:\\\/\\\/x.com\\\/candas365\",\"https:\\\/\\\/www.instagram.com\\\/nachofdezber\\\/\",\"https:\\\/\\\/www.youtube.com\\\/channel\\\/UCZP-2wLEB9Rv6erhFmqVnvg\"]},{\"@type\":\"WebPage\",\"@id\":\"https:\\\/\\\/candas365.es\\\/noticias\\\/del-movil-a-todas-horas-al-modo-avion\\\/#webpage\",\"url\":\"https:\\\/\\\/candas365.es\\\/noticias\\\/del-movil-a-todas-horas-al-modo-avion\\\/\",\"name\":\"Del m\\u00f3vil a todas horas al modo avi\\u00f3n | Cand\\u00e1s 365\",\"description\":\"Cada vez m\\u00e1s personas pasan del m\\u00f3vil constante al modo avi\\u00f3n, buscando calma, control y momentos sin interrupciones para disfrutar de su entorno\",\"inLanguage\":\"es-ES\",\"isPartOf\":{\"@id\":\"https:\\\/\\\/candas365.es\\\/noticias\\\/#website\"},\"breadcrumb\":{\"@id\":\"https:\\\/\\\/candas365.es\\\/noticias\\\/del-movil-a-todas-horas-al-modo-avion\\\/#breadcrumblist\"},\"author\":{\"@id\":\"https:\\\/\\\/candas365.es\\\/noticias\\\/author\\\/admin\\\/#author\"},\"creator\":{\"@id\":\"https:\\\/\\\/candas365.es\\\/noticias\\\/author\\\/admin\\\/#author\"},\"image\":{\"@type\":\"ImageObject\",\"url\":\"https:\\\/\\\/candas365.es\\\/noticias\\\/wp-content\\\/uploads\\\/2026\\\/09\\\/Del-movil-a-todas-horas-al-modo-avion.jpg\",\"@id\":\"https:\\\/\\\/candas365.es\\\/noticias\\\/del-movil-a-todas-horas-al-modo-avion\\\/#mainImage\",\"width\":1247,\"height\":814,\"caption\":\"Foto: 123rf.com\"},\"primaryImageOfPage\":{\"@id\":\"https:\\\/\\\/candas365.es\\\/noticias\\\/del-movil-a-todas-horas-al-modo-avion\\\/#mainImage\"},\"datePublished\":\"2026-09-01T10:42:59+02:00\",\"dateModified\":\"2026-09-01T10:42:59+02:00\"},{\"@type\":\"WebSite\",\"@id\":\"https:\\\/\\\/candas365.es\\\/noticias\\\/#website\",\"url\":\"https:\\\/\\\/candas365.es\\\/noticias\\\/\",\"name\":\"Cand\\u00e1s 365\",\"alternateName\":\"Cand\\u00e1s 365 Noticias\",\"description\":\"Actualidad desde Carre\\u00f1o para el mundo\",\"inLanguage\":\"es-ES\",\"publisher\":{\"@id\":\"https:\\\/\\\/candas365.es\\\/noticias\\\/#organization\"}}]}\n\t\t<\/script>\n\t\t<!-- All in One SEO Pro -->\r\n\t\t<title>Del m\u00f3vil a todas horas al modo avi\u00f3n | Cand\u00e1s 365<\/title>\n\n","aioseo_head_json":{"title":"Del m\u00f3vil a todas horas al modo avi\u00f3n | Cand\u00e1s 365","description":"Cada vez m\u00e1s personas pasan del m\u00f3vil constante al modo avi\u00f3n, buscando calma, control y momentos sin interrupciones para disfrutar de su entorno","canonical_url":"https:\/\/candas365.es\/noticias\/del-movil-a-todas-horas-al-modo-avion\/","robots":"max-image-preview:large","keywords":"sociedad","webmasterTools":{"google-site-verification":"UA-32230408-1","msvalidate.01":"354F3CDFB2DA171B47FBE9ABF1F88D5","miscellaneous":""},"schema":{"@context":"https:\/\/schema.org","@graph":[{"@type":"BreadcrumbList","@id":"https:\/\/candas365.es\/noticias\/del-movil-a-todas-horas-al-modo-avion\/#breadcrumblist","itemListElement":[{"@type":"ListItem","@id":"https:\/\/candas365.es\/noticias#listItem","position":1,"name":"Home","item":"https:\/\/candas365.es\/noticias","nextItem":{"@type":"ListItem","@id":"https:\/\/candas365.es\/noticias\/category\/sociedad\/#listItem","name":"Sociedad"}},{"@type":"ListItem","@id":"https:\/\/candas365.es\/noticias\/category\/sociedad\/#listItem","position":2,"name":"Sociedad","item":"https:\/\/candas365.es\/noticias\/category\/sociedad\/","nextItem":{"@type":"ListItem","@id":"https:\/\/candas365.es\/noticias\/del-movil-a-todas-horas-al-modo-avion\/#listItem","name":"Del m\u00f3vil a todas horas al modo avi\u00f3n"},"previousItem":{"@type":"ListItem","@id":"https:\/\/candas365.es\/noticias#listItem","name":"Home"}},{"@type":"ListItem","@id":"https:\/\/candas365.es\/noticias\/del-movil-a-todas-horas-al-modo-avion\/#listItem","position":3,"name":"Del m\u00f3vil a todas horas al modo avi\u00f3n","previousItem":{"@type":"ListItem","@id":"https:\/\/candas365.es\/noticias\/category\/sociedad\/#listItem","name":"Sociedad"}}]},{"@type":"NewsArticle","@id":"https:\/\/candas365.es\/noticias\/del-movil-a-todas-horas-al-modo-avion\/#newsarticle","name":"Del m\u00f3vil a todas horas al modo avi\u00f3n | Cand\u00e1s 365","headline":"Del m\u00f3vil a todas horas al modo avi\u00f3n","author":{"@id":"https:\/\/candas365.es\/noticias\/author\/admin\/#author"},"publisher":{"@id":"https:\/\/candas365.es\/noticias\/#organization"},"image":{"@type":"ImageObject","url":"https:\/\/candas365.es\/noticias\/wp-content\/uploads\/2026\/09\/Del-movil-a-todas-horas-al-modo-avion.jpg","width":1247,"height":814,"caption":"Foto: 123rf.com"},"datePublished":"2026-09-01T10:42:59+02:00","dateModified":"2026-09-01T10:42:59+02:00","inLanguage":"es-ES","mainEntityOfPage":{"@id":"https:\/\/candas365.es\/noticias\/del-movil-a-todas-horas-al-modo-avion\/#webpage"},"isPartOf":{"@id":"https:\/\/candas365.es\/noticias\/del-movil-a-todas-horas-al-modo-avion\/#webpage"},"articleSection":"Sociedad, sociedad, Tecnolog\u00eda","dateline":"Publicado el septiembre 1, 2026."},{"@type":"Organization","@id":"https:\/\/candas365.es\/noticias\/#organization","name":"Cand\u00e1s 365","description":"Cand\u00e1s 365 es un diario digital independiente, fundado en 2012, con base en Asturias. Informamos con rigor sobre actualidad, sociedad, cultura y ocio, con una mirada local y global.","url":"https:\/\/candas365.es\/noticias\/","email":"info@candas365.es","telephone":"+34652131393","foundingDate":"2012-06-10","logo":{"@type":"ImageObject","url":"https:\/\/candas365.es\/noticias\/wp-content\/uploads\/2024\/09\/Candas-365-Redes.jpg","@id":"https:\/\/candas365.es\/noticias\/del-movil-a-todas-horas-al-modo-avion\/#organizationLogo","width":1152,"height":864,"caption":"Cand\u00e1s 365 Redes"},"image":{"@id":"https:\/\/candas365.es\/noticias\/del-movil-a-todas-horas-al-modo-avion\/#organizationLogo"},"sameAs":["https:\/\/www.facebook.com\/Nachofdezber","https:\/\/x.com\/candas365","https:\/\/www.instagram.com\/nachofdezber\/","https:\/\/www.youtube.com\/channel\/UCZP-2wLEB9Rv6erhFmqVnvg"],"address":{"@id":"https:\/\/candas365.es\/noticias\/#postaladdress","@type":"PostalAddress","streetAddress":"san antonio 4, san antonio 4","postalCode":"33430","addressLocality":"Cand\u00e1s","addressRegion":"Asturias","addressCountry":"ES"}},{"@type":"Person","@id":"https:\/\/candas365.es\/noticias\/author\/admin\/#author","url":"https:\/\/candas365.es\/noticias\/author\/admin\/","name":"Cand\u00e1s 365","image":{"@type":"ImageObject","@id":"https:\/\/candas365.es\/noticias\/del-movil-a-todas-horas-al-modo-avion\/#authorImage","url":"https:\/\/candas365.es\/noticias\/wp-content\/uploads\/2026\/07\/cropped-eyevuvEl_400x400-96x96.jpg","width":96,"height":96,"caption":"Cand\u00e1s 365"},"sameAs":["https:\/\/www.facebook.com\/Nachofdezber","https:\/\/x.com\/candas365","https:\/\/www.instagram.com\/nachofdezber\/","https:\/\/www.youtube.com\/channel\/UCZP-2wLEB9Rv6erhFmqVnvg"]},{"@type":"WebPage","@id":"https:\/\/candas365.es\/noticias\/del-movil-a-todas-horas-al-modo-avion\/#webpage","url":"https:\/\/candas365.es\/noticias\/del-movil-a-todas-horas-al-modo-avion\/","name":"Del m\u00f3vil a todas horas al modo avi\u00f3n | Cand\u00e1s 365","description":"Cada vez m\u00e1s personas pasan del m\u00f3vil constante al modo avi\u00f3n, buscando calma, control y momentos sin interrupciones para disfrutar de su entorno","inLanguage":"es-ES","isPartOf":{"@id":"https:\/\/candas365.es\/noticias\/#website"},"breadcrumb":{"@id":"https:\/\/candas365.es\/noticias\/del-movil-a-todas-horas-al-modo-avion\/#breadcrumblist"},"author":{"@id":"https:\/\/candas365.es\/noticias\/author\/admin\/#author"},"creator":{"@id":"https:\/\/candas365.es\/noticias\/author\/admin\/#author"},"image":{"@type":"ImageObject","url":"https:\/\/candas365.es\/noticias\/wp-content\/uploads\/2026\/09\/Del-movil-a-todas-horas-al-modo-avion.jpg","@id":"https:\/\/candas365.es\/noticias\/del-movil-a-todas-horas-al-modo-avion\/#mainImage","width":1247,"height":814,"caption":"Foto: 123rf.com"},"primaryImageOfPage":{"@id":"https:\/\/candas365.es\/noticias\/del-movil-a-todas-horas-al-modo-avion\/#mainImage"},"datePublished":"2026-09-01T10:42:59+02:00","dateModified":"2026-09-01T10:42:59+02:00"},{"@type":"WebSite","@id":"https:\/\/candas365.es\/noticias\/#website","url":"https:\/\/candas365.es\/noticias\/","name":"Cand\u00e1s 365","alternateName":"Cand\u00e1s 365 Noticias","description":"Actualidad desde Carre\u00f1o para el mundo","inLanguage":"es-ES","publisher":{"@id":"https:\/\/candas365.es\/noticias\/#organization"}}]},"og:locale":"es_ES","og:site_name":"Cand\u00e1s 365","og:type":"article","og:title":"Del m\u00f3vil a todas horas al modo avi\u00f3n \u2013 Cand\u00e1s 365","og:description":"Cada vez m\u00e1s personas pasan del m\u00f3vil constante al modo avi\u00f3n, buscando calma, control y momentos sin interrupciones para disfrutar de su entorno","og:url":"https:\/\/candas365.es\/noticias\/del-movil-a-todas-horas-al-modo-avion\/","og:image":"https:\/\/candas365.es\/noticias\/wp-content\/uploads\/2026\/09\/Del-movil-a-todas-horas-al-modo-avion.jpg","og:image:secure_url":"https:\/\/candas365.es\/noticias\/wp-content\/uploads\/2026\/09\/Del-movil-a-todas-horas-al-modo-avion.jpg","og:image:width":1247,"og:image:height":814,"article:published_time":"2026-09-01T08:42:59+00:00","article:modified_time":"2026-09-01T08:42:59+00:00","article:publisher":"https:\/\/www.facebook.com\/Nachofdezber","article:author":"https:\/\/www.facebook.com\/Nachofdezber","twitter:card":"summary_large_image","twitter:site":"@candas365","twitter:title":"Del m\u00f3vil a todas horas al modo avi\u00f3n \u2013 Cand\u00e1s 365","twitter:description":"Cada vez m\u00e1s personas pasan del m\u00f3vil constante al modo avi\u00f3n, buscando calma, control y momentos sin interrupciones para disfrutar de su entorno","twitter:creator":"@candas365","twitter:image":"https:\/\/candas365.es\/noticias\/wp-content\/uploads\/2026\/09\/Del-movil-a-todas-horas-al-modo-avion.jpg","twitter:label1":"Escrito por","twitter:data1":"Cand\u00e1s 365","twitter:label2":"Tiempo de lectura estimado","twitter:data2":"2 minutos"},"aioseo_meta_data":{"post_id":"197939","title":null,"description":"Cada vez m\u00e1s personas pasan del m\u00f3vil constante al modo avi\u00f3n, buscando calma, control y momentos sin interrupciones para disfrutar de su entorno","keywords":null,"keyphrases":{"focus":{"keyphrase":"m\u00f3vil","score":0,"analysis":[]},"additional":[]},"primary_term":null,"canonical_url":null,"og_title":"#post_title #separator_sa #site_title","og_description":"Cada vez m\u00e1s personas pasan del m\u00f3vil constante al modo avi\u00f3n, buscando calma, control y momentos sin interrupciones para disfrutar de su entorno","og_object_type":"default","og_image_type":"default","og_image_url":null,"og_image_width":null,"og_image_height":null,"og_image_custom_url":null,"og_image_custom_fields":null,"og_video":"","og_custom_url":null,"og_article_section":null,"og_article_tags":null,"twitter_use_og":true,"twitter_card":"default","twitter_image_type":"default","twitter_image_url":null,"twitter_image_custom_url":null,"twitter_image_custom_fields":null,"twitter_title":null,"twitter_description":null,"schema":{"blockGraphs":[],"customGraphs":[],"default":{"data":{"Article":[],"Course":[],"Dataset":[],"FAQPage":[],"Movie":[],"Person":[],"Product":[],"ProductReview":[],"Car":[],"Recipe":[],"Service":[],"SoftwareApplication":[],"WebPage":[]},"graphName":"NewsArticle","isEnabled":true},"graphs":[]},"schema_type":"default","schema_type_options":null,"pillar_content":false,"robots_default":true,"robots_noindex":false,"robots_noarchive":false,"robots_nosnippet":false,"robots_nofollow":false,"robots_noimageindex":false,"robots_noodp":false,"robots_notranslate":false,"robots_max_snippet":"-1","robots_max_videopreview":"-1","robots_max_imagepreview":"large","priority":null,"frequency":"default","location":null,"local_seo":null,"seo_analyzer_scan_date":"2026-09-01 08:43:08","breadcrumb_settings":null,"limit_modified_date":false,"reviewed_by":"0","open_ai":null,"ai":{"faqs":[],"keyPoints":[],"schemas":[],"titles":[],"descriptions":[],"socialPosts":{"email":{"subject":"","preview":"","content":""},"linkedin":[],"twitter":[],"facebook":[],"instagram":[]}},"created":"2026-09-01 08:19:21","updated":"2026-09-01 09:38:19","focus_keyword":"m\u00f3vil","additional_keywords":null,"truseo_locale":null},"aioseo_breadcrumb":"<div class=\"aioseo-breadcrumbs\"><span class=\"aioseo-breadcrumb\">\n\t<a href=\"https:\/\/candas365.es\/noticias\" title=\"Home\">Home<\/a>\n<\/span><span class=\"aioseo-breadcrumb-separator\">&ndash;<\/span><span class=\"aioseo-breadcrumb\">\n\t<a href=\"https:\/\/candas365.es\/noticias\/category\/sociedad\/\" title=\"Sociedad\">Sociedad<\/a>\n<\/span><span class=\"aioseo-breadcrumb-separator\">&ndash;<\/span><span class=\"aioseo-breadcrumb\">\n\tDel m\u00f3vil a todas horas al modo avi\u00f3n\n<\/span><\/div>","aioseo_breadcrumb_json":[{"label":"Home","link":"https:\/\/candas365.es\/noticias"},{"label":"Sociedad","link":"https:\/\/candas365.es\/noticias\/category\/sociedad\/"},{"label":"Del m\u00f3vil a todas horas al modo avi\u00f3n","link":"https:\/\/candas365.es\/noticias\/del-movil-a-todas-horas-al-modo-avion\/"}],"_links":{"self":[{"href":"https:\/\/candas365.es\/noticias\/wp-json\/wp\/v2\/posts\/197939","targetHints":{"allow":["GET"]}}],"collection":[{"href":"https:\/\/candas365.es\/noticias\/wp-json\/wp\/v2\/posts"}],"about":[{"href":"https:\/\/candas365.es\/noticias\/wp-json\/wp\/v2\/types\/post"}],"author":[{"embeddable":true,"href":"https:\/\/candas365.es\/noticias\/wp-json\/wp\/v2\/users\/1"}],"replies":[{"embeddable":true,"href":"https:\/\/candas365.es\/noticias\/wp-json\/wp\/v2\/comments?post=197939"}],"version-history":[{"count":1,"href":"https:\/\/candas365.es\/noticias\/wp-json\/wp\/v2\/posts\/197939\/revisions"}],"predecessor-version":[{"id":197941,"href":"https:\/\/candas365.es\/noticias\/wp-json\/wp\/v2\/posts\/197939\/revisions\/197941"}],"wp:featuredmedia":[{"embeddable":true,"href":"https:\/\/candas365.es\/noticias\/wp-json\/wp\/v2\/media\/197940"}],"wp:attachment":[{"href":"https:\/\/candas365.es\/noticias\/wp-json\/wp\/v2\/media?parent=197939"}],"wp:term":[{"taxonomy":"category","embeddable":true,"href":"https:\/\/candas365.es\/noticias\/wp-json\/wp\/v2\/categories?post=197939"},{"taxonomy":"post_tag","embeddable":true,"href":"https:\/\/candas365.es\/noticias\/wp-json\/wp\/v2\/tags?post=197939"}],"curies":[{"name":"wp","href":"https:\/\/api.w.org\/{rel}","templated":true}]}}