{"id":197933,"date":"2026-09-01T09:52:28","date_gmt":"2026-09-01T07:52:28","guid":{"rendered":"https:\/\/candas365.es\/noticias\/?p=197933"},"modified":"2026-09-01T09:52:28","modified_gmt":"2026-09-01T07:52:28","slug":"martes-culturales-de-la-once-en-cordoba","status":"publish","type":"post","link":"https:\/\/candas365.es\/noticias\/martes-culturales-de-la-once-en-cordoba\/","title":{"rendered":"Martes culturales de la ONCE en C\u00f3rdoba"},"content":{"rendered":"<p>La <strong>ONCE de C\u00f3rdoba<\/strong> recupera hoy la programaci\u00f3n de sus \u00ab<a href=\"https:\/\/candas365.es\/noticias\/category\/agenda\/\"><span style=\"color: #ff6600;\"><strong>Martes Culturales<\/strong><\/span><\/a>\u00bb con un concierto de la violinista Macarena Mart\u00ednez y el violonchelista Jorge Gresa, miembro de la Orquesta de C\u00f3rdoba, dedicado a Wolfgang Amadeus Mozart cuando se cumplen 270 a\u00f1os de su nacimiento.<\/p>\n<figure id=\"attachment_197934\" aria-describedby=\"caption-attachment-197934\" style=\"width: 650px\" class=\"wp-caption aligncenter\"><img fetchpriority=\"high\" decoding=\"async\" class=\"size-large wp-image-197934\" src=\"https:\/\/candas365.es\/noticias\/wp-content\/uploads\/2026\/09\/Martes-culturales-de-la-ONCE-en-Cordoba-650x431.jpg\" alt=\"Martes culturales de la ONCE en C\u00f3rdoba\" width=\"650\" height=\"431\" srcset=\"https:\/\/candas365.es\/noticias\/wp-content\/uploads\/2026\/09\/Martes-culturales-de-la-ONCE-en-Cordoba-650x431.jpg 650w, https:\/\/candas365.es\/noticias\/wp-content\/uploads\/2026\/09\/Martes-culturales-de-la-ONCE-en-Cordoba-360x239.jpg 360w, https:\/\/candas365.es\/noticias\/wp-content\/uploads\/2026\/09\/Martes-culturales-de-la-ONCE-en-Cordoba-768x510.jpg 768w, https:\/\/candas365.es\/noticias\/wp-content\/uploads\/2026\/09\/Martes-culturales-de-la-ONCE-en-Cordoba-150x100.jpg 150w, https:\/\/candas365.es\/noticias\/wp-content\/uploads\/2026\/09\/Martes-culturales-de-la-ONCE-en-Cordoba-450x299.jpg 450w, https:\/\/candas365.es\/noticias\/wp-content\/uploads\/2026\/09\/Martes-culturales-de-la-ONCE-en-Cordoba.jpg 1175w\" sizes=\"(max-width: 650px) 100vw, 650px\" \/><figcaption id=\"caption-attachment-197934\" class=\"wp-caption-text\">Macarena Mart\u00ednez y Jorge Gresa | Foto de la ONCE<\/figcaption><\/figure>\n<div class=\"srvm-nw__body\">\n<p>El concierto comenzar\u00e1 a las 19.00 horas en el sal\u00f3n de actos de la ONCE de C\u00f3rdoba, con entrada libre hasta completar aforo, y ofrecer\u00e1 un recorrido por el repertorio camer\u00edstico del siglo XVIII a trav\u00e9s del di\u00e1logo entre viol\u00edn y violonchelo.<\/p>\n<p>El programa arrancar\u00e1 con el \u2018D\u00fao en Sol mayor KV 423\u2019 de Mozart, una obra que combina virtuosismo y expresividad, y continuar\u00e1 con el \u2018D\u00fao op. 6 n.\u00ba 1\u2019 del compositor austr\u00edaco Franz Anton Hoffmeister, contempor\u00e1neo y amigo de Mozart.<\/p>\n<p>La actuaci\u00f3n concluir\u00e1 con el \u2018D\u00fao en Si bemol mayor KV 424\u2019, otra de las obras de Mozart para esta formaci\u00f3n, caracterizada por su combinaci\u00f3n de lirismo y brillantez.<\/p>\n<p>Macarena Mart\u00ednez desarroll\u00f3 buena parte de su trayectoria en el \u00e1mbito de la m\u00fasica cl\u00e1sica y recibi\u00f3 formaci\u00f3n de m\u00fasicos como Bretislav Novotny, Jorg Hoffmann, Sergei Fatkulin y Rainer Honeck. Cuenta adem\u00e1s con trabajos discogr\u00e1ficos dedicados a obras para viol\u00edn solo de Bach, Paganini, Ysaye y Prokofiev y a la obra completa para viol\u00edn y piano de Joaqu\u00edn Turina.<\/p>\n<p>Actualmente es profesora titular de viol\u00edn en el Conservatorio La Palmera de Sevilla y mantiene una actividad concert\u00edstica que la llev\u00f3 a actuar en distintos pa\u00edses europeos y en China.<\/p>\n<p>Por su parte, Jorge Gresa, premiado en la 96\u00aa convocatoria del Concurso de Juventudes Musicales de Espa\u00f1a, se form\u00f3 en Madrid, Utrecht y Lugano con profesores como Asier Polo, Mar\u00eda Casado, Fernando Arias y Enrico Dindo.<\/p>\n<p>El violonchelista actu\u00f3 en Espa\u00f1a y otros pa\u00edses europeos y en Costa Rica y trabaj\u00f3 con formaciones como la Orquesta Nacional de Espa\u00f1a, la Orquesta de Extremadura y la Orquesta Ciudad de Granada.<\/p>\n<p>Gresa forma actualmente parte de la plantilla de la Orquesta de C\u00f3rdoba y toca un violonchelo de D. Roy\u00e9, construido en \u00c1msterdam en 2019, y un arco B. Menze.<\/p>\n<p>Con este concierto, la ONCE de C\u00f3rdoba retoma tras el par\u00e9ntesis estival la programaci\u00f3n de \u2018Los Martes Culturales\u2019, una iniciativa destinada a acercar distintas manifestaciones art\u00edsticas y culturales al p\u00fablico cordob\u00e9s.<\/p>\n<\/div>\n<div id=\"end-scroll\" class=\"srvm-nw__code\">\n<p>(<a href=\"https:\/\/www.servimedia.es\/\" target=\"_blank\" rel=\"noopener\"><span style=\"color: #ff6600;\"><strong>SERVIMEDIA<\/strong><\/span><\/a>)<\/p>\n<\/div>\n","protected":false},"excerpt":{"rendered":"<p>La ONCE de C\u00f3rdoba recupera hoy la programaci\u00f3n de sus \u00abMartes Culturales\u00bb con un concierto de la violinista Macarena Mart\u00ednez y el violonchelista Jorge Gresa, miembro de la Orquesta de C\u00f3rdoba, dedicado a Wolfgang Amadeus Mozart cuando se cumplen 270 a\u00f1os de su nacimiento. El concierto comenzar\u00e1 a las 19.00 horas en el sal\u00f3n de<\/p>\n","protected":false},"author":1,"featured_media":197934,"comment_status":"closed","ping_status":"closed","sticky":false,"template":"","format":"standard","meta":{"footnotes":""},"categories":[1],"tags":[468,430],"class_list":["post-197933","post","type-post","status-publish","format-standard","has-post-thumbnail","category-agenda","tag-agenda","tag-cultura"],"aioseo_notices":[],"aioseo_head":"\n\t\t<!-- All in One SEO Pro 5.0.1.1 - aioseo.com -->\n\t<meta name=\"description\" content=\"La ONCE de C\u00f3rdoba recupera hoy la programaci\u00f3n de sus &quot;Martes Culturales&quot; con un concierto de la violinista Macarena Mart\u00ednez y el violonchelista Jorge Gresa\" \/>\n\t<meta name=\"robots\" content=\"max-image-preview:large\" \/>\n\t<meta name=\"author\" content=\"Cand\u00e1s 365\"\/>\n\t<meta name=\"google-site-verification\" content=\"UA-32230408-1\" \/>\n\t<meta name=\"msvalidate.01\" content=\"354F3CDFB2DA171B47FBE9ABF1F88D5\" \/>\n\t<meta name=\"keywords\" content=\"agenda\" \/>\n\t<link rel=\"canonical\" href=\"https:\/\/candas365.es\/noticias\/martes-culturales-de-la-once-en-cordoba\/\" \/>\n\t<meta name=\"generator\" content=\"All in One SEO Pro (AIOSEO) 5.0.1.1\" \/>\n\t\t<meta property=\"og:locale\" content=\"es_ES\" \/>\n\t\t<meta property=\"og:site_name\" content=\"Cand\u00e1s 365\" \/>\n\t\t<meta property=\"og:type\" content=\"article\" \/>\n\t\t<meta property=\"og:title\" content=\"Martes culturales de la ONCE en C\u00f3rdoba \u2013 Cand\u00e1s 365\" \/>\n\t\t<meta property=\"og:description\" content=\"La ONCE de C\u00f3rdoba recupera hoy la programaci\u00f3n de sus &quot;Martes Culturales&quot; con un concierto de la violinista Macarena Mart\u00ednez y el violonchelista Jorge Gresa\" \/>\n\t\t<meta property=\"og:url\" content=\"https:\/\/candas365.es\/noticias\/martes-culturales-de-la-once-en-cordoba\/\" \/>\n\t\t<meta property=\"og:image\" content=\"https:\/\/candas365.es\/noticias\/wp-content\/uploads\/2026\/09\/Martes-culturales-de-la-ONCE-en-Cordoba.jpg\" \/>\n\t\t<meta property=\"og:image:secure_url\" content=\"https:\/\/candas365.es\/noticias\/wp-content\/uploads\/2026\/09\/Martes-culturales-de-la-ONCE-en-Cordoba.jpg\" \/>\n\t\t<meta property=\"og:image:width\" content=\"1175\" \/>\n\t\t<meta property=\"og:image:height\" content=\"780\" \/>\n\t\t<meta property=\"article:published_time\" content=\"2026-09-01T07:52:28+00:00\" \/>\n\t\t<meta property=\"article:modified_time\" content=\"2026-09-01T07:52:28+00:00\" \/>\n\t\t<meta property=\"article:publisher\" content=\"https:\/\/www.facebook.com\/Nachofdezber\" \/>\n\t\t<meta property=\"article:author\" content=\"https:\/\/www.facebook.com\/Nachofdezber\" \/>\n\t\t<meta name=\"twitter:card\" content=\"summary_large_image\" \/>\n\t\t<meta name=\"twitter:site\" content=\"@candas365\" \/>\n\t\t<meta name=\"twitter:title\" content=\"Martes culturales de la ONCE en C\u00f3rdoba \u2013 Cand\u00e1s 365\" \/>\n\t\t<meta name=\"twitter:description\" content=\"La ONCE de C\u00f3rdoba recupera hoy la programaci\u00f3n de sus &quot;Martes Culturales&quot; con un concierto de la violinista Macarena Mart\u00ednez y el violonchelista Jorge Gresa\" \/>\n\t\t<meta name=\"twitter:creator\" content=\"@candas365\" \/>\n\t\t<meta name=\"twitter:image\" content=\"https:\/\/candas365.es\/noticias\/wp-content\/uploads\/2026\/09\/Martes-culturales-de-la-ONCE-en-Cordoba.jpg\" \/>\n\t\t<meta name=\"twitter:label1\" content=\"Escrito por\" \/>\n\t\t<meta name=\"twitter:data1\" content=\"Cand\u00e1s 365\" \/>\n\t\t<meta name=\"twitter:label2\" content=\"Tiempo de lectura estimado\" \/>\n\t\t<meta name=\"twitter:data2\" content=\"2 minutos\" \/>\n\t\t<script type=\"application\/ld+json\" class=\"aioseo-schema\">\n\t\t\t{\"@context\":\"https:\\\/\\\/schema.org\",\"@graph\":[{\"@type\":\"BreadcrumbList\",\"@id\":\"https:\\\/\\\/candas365.es\\\/noticias\\\/martes-culturales-de-la-once-en-cordoba\\\/#breadcrumblist\",\"itemListElement\":[{\"@type\":\"ListItem\",\"@id\":\"https:\\\/\\\/candas365.es\\\/noticias#listItem\",\"position\":1,\"name\":\"Home\",\"item\":\"https:\\\/\\\/candas365.es\\\/noticias\",\"nextItem\":{\"@type\":\"ListItem\",\"@id\":\"https:\\\/\\\/candas365.es\\\/noticias\\\/category\\\/agenda\\\/#listItem\",\"name\":\"Agenda\"}},{\"@type\":\"ListItem\",\"@id\":\"https:\\\/\\\/candas365.es\\\/noticias\\\/category\\\/agenda\\\/#listItem\",\"position\":2,\"name\":\"Agenda\",\"item\":\"https:\\\/\\\/candas365.es\\\/noticias\\\/category\\\/agenda\\\/\",\"nextItem\":{\"@type\":\"ListItem\",\"@id\":\"https:\\\/\\\/candas365.es\\\/noticias\\\/martes-culturales-de-la-once-en-cordoba\\\/#listItem\",\"name\":\"Martes culturales de la ONCE en C\\u00f3rdoba\"},\"previousItem\":{\"@type\":\"ListItem\",\"@id\":\"https:\\\/\\\/candas365.es\\\/noticias#listItem\",\"name\":\"Home\"}},{\"@type\":\"ListItem\",\"@id\":\"https:\\\/\\\/candas365.es\\\/noticias\\\/martes-culturales-de-la-once-en-cordoba\\\/#listItem\",\"position\":3,\"name\":\"Martes culturales de la ONCE en C\\u00f3rdoba\",\"previousItem\":{\"@type\":\"ListItem\",\"@id\":\"https:\\\/\\\/candas365.es\\\/noticias\\\/category\\\/agenda\\\/#listItem\",\"name\":\"Agenda\"}}]},{\"@type\":\"NewsArticle\",\"@id\":\"https:\\\/\\\/candas365.es\\\/noticias\\\/martes-culturales-de-la-once-en-cordoba\\\/#newsarticle\",\"name\":\"Martes culturales de la ONCE en C\\u00f3rdoba | Cand\\u00e1s 365\",\"headline\":\"Martes culturales de la ONCE en C\\u00f3rdoba\",\"author\":{\"@id\":\"https:\\\/\\\/candas365.es\\\/noticias\\\/author\\\/admin\\\/#author\"},\"publisher\":{\"@id\":\"https:\\\/\\\/candas365.es\\\/noticias\\\/#organization\"},\"image\":{\"@type\":\"ImageObject\",\"url\":\"https:\\\/\\\/candas365.es\\\/noticias\\\/wp-content\\\/uploads\\\/2026\\\/09\\\/Martes-culturales-de-la-ONCE-en-Cordoba.jpg\",\"width\":1175,\"height\":780,\"caption\":\"Macarena Mart\\u00ednez y Jorge Gresa | Foto de la ONCE\"},\"datePublished\":\"2026-09-01T09:52:28+02:00\",\"dateModified\":\"2026-09-01T09:52:28+02:00\",\"inLanguage\":\"es-ES\",\"mainEntityOfPage\":{\"@id\":\"https:\\\/\\\/candas365.es\\\/noticias\\\/martes-culturales-de-la-once-en-cordoba\\\/#webpage\"},\"isPartOf\":{\"@id\":\"https:\\\/\\\/candas365.es\\\/noticias\\\/martes-culturales-de-la-once-en-cordoba\\\/#webpage\"},\"articleSection\":\"Agenda, agenda, cultura\",\"dateline\":\"Publicado el septiembre 1, 2026.\"},{\"@type\":\"Organization\",\"@id\":\"https:\\\/\\\/candas365.es\\\/noticias\\\/#organization\",\"name\":\"Cand\\u00e1s 365\",\"description\":\"Cand\\u00e1s 365 es un diario digital independiente, fundado en 2012, con base en Asturias. Informamos con rigor sobre actualidad, sociedad, cultura y ocio, con una mirada local y global.\",\"url\":\"https:\\\/\\\/candas365.es\\\/noticias\\\/\",\"email\":\"info@candas365.es\",\"telephone\":\"+34652131393\",\"foundingDate\":\"2012-06-10\",\"logo\":{\"@type\":\"ImageObject\",\"url\":\"https:\\\/\\\/candas365.es\\\/noticias\\\/wp-content\\\/uploads\\\/2024\\\/09\\\/Candas-365-Redes.jpg\",\"@id\":\"https:\\\/\\\/candas365.es\\\/noticias\\\/martes-culturales-de-la-once-en-cordoba\\\/#organizationLogo\",\"width\":1152,\"height\":864,\"caption\":\"Cand\\u00e1s 365 Redes\"},\"image\":{\"@id\":\"https:\\\/\\\/candas365.es\\\/noticias\\\/martes-culturales-de-la-once-en-cordoba\\\/#organizationLogo\"},\"sameAs\":[\"https:\\\/\\\/www.facebook.com\\\/Nachofdezber\",\"https:\\\/\\\/x.com\\\/candas365\",\"https:\\\/\\\/www.instagram.com\\\/nachofdezber\\\/\",\"https:\\\/\\\/www.youtube.com\\\/channel\\\/UCZP-2wLEB9Rv6erhFmqVnvg\"],\"address\":{\"@id\":\"https:\\\/\\\/candas365.es\\\/noticias\\\/#postaladdress\",\"@type\":\"PostalAddress\",\"streetAddress\":\"san antonio 4, san antonio 4\",\"postalCode\":\"33430\",\"addressLocality\":\"Cand\\u00e1s\",\"addressRegion\":\"Asturias\",\"addressCountry\":\"ES\"}},{\"@type\":\"Person\",\"@id\":\"https:\\\/\\\/candas365.es\\\/noticias\\\/author\\\/admin\\\/#author\",\"url\":\"https:\\\/\\\/candas365.es\\\/noticias\\\/author\\\/admin\\\/\",\"name\":\"Cand\\u00e1s 365\",\"image\":{\"@type\":\"ImageObject\",\"@id\":\"https:\\\/\\\/candas365.es\\\/noticias\\\/martes-culturales-de-la-once-en-cordoba\\\/#authorImage\",\"url\":\"https:\\\/\\\/candas365.es\\\/noticias\\\/wp-content\\\/uploads\\\/2026\\\/07\\\/cropped-eyevuvEl_400x400-96x96.jpg\",\"width\":96,\"height\":96,\"caption\":\"Cand\\u00e1s 365\"},\"sameAs\":[\"https:\\\/\\\/www.facebook.com\\\/Nachofdezber\",\"https:\\\/\\\/x.com\\\/candas365\",\"https:\\\/\\\/www.instagram.com\\\/nachofdezber\\\/\",\"https:\\\/\\\/www.youtube.com\\\/channel\\\/UCZP-2wLEB9Rv6erhFmqVnvg\"]},{\"@type\":\"WebPage\",\"@id\":\"https:\\\/\\\/candas365.es\\\/noticias\\\/martes-culturales-de-la-once-en-cordoba\\\/#webpage\",\"url\":\"https:\\\/\\\/candas365.es\\\/noticias\\\/martes-culturales-de-la-once-en-cordoba\\\/\",\"name\":\"Martes culturales de la ONCE en C\\u00f3rdoba | Cand\\u00e1s 365\",\"description\":\"La ONCE de C\\u00f3rdoba recupera hoy la programaci\\u00f3n de sus \\\"Martes Culturales\\\" con un concierto de la violinista Macarena Mart\\u00ednez y el violonchelista Jorge Gresa\",\"inLanguage\":\"es-ES\",\"isPartOf\":{\"@id\":\"https:\\\/\\\/candas365.es\\\/noticias\\\/#website\"},\"breadcrumb\":{\"@id\":\"https:\\\/\\\/candas365.es\\\/noticias\\\/martes-culturales-de-la-once-en-cordoba\\\/#breadcrumblist\"},\"author\":{\"@id\":\"https:\\\/\\\/candas365.es\\\/noticias\\\/author\\\/admin\\\/#author\"},\"creator\":{\"@id\":\"https:\\\/\\\/candas365.es\\\/noticias\\\/author\\\/admin\\\/#author\"},\"image\":{\"@type\":\"ImageObject\",\"url\":\"https:\\\/\\\/candas365.es\\\/noticias\\\/wp-content\\\/uploads\\\/2026\\\/09\\\/Martes-culturales-de-la-ONCE-en-Cordoba.jpg\",\"@id\":\"https:\\\/\\\/candas365.es\\\/noticias\\\/martes-culturales-de-la-once-en-cordoba\\\/#mainImage\",\"width\":1175,\"height\":780,\"caption\":\"Macarena Mart\\u00ednez y Jorge Gresa | Foto de la ONCE\"},\"primaryImageOfPage\":{\"@id\":\"https:\\\/\\\/candas365.es\\\/noticias\\\/martes-culturales-de-la-once-en-cordoba\\\/#mainImage\"},\"datePublished\":\"2026-09-01T09:52:28+02:00\",\"dateModified\":\"2026-09-01T09:52:28+02:00\"},{\"@type\":\"WebSite\",\"@id\":\"https:\\\/\\\/candas365.es\\\/noticias\\\/#website\",\"url\":\"https:\\\/\\\/candas365.es\\\/noticias\\\/\",\"name\":\"Cand\\u00e1s 365\",\"alternateName\":\"Cand\\u00e1s 365 Noticias\",\"description\":\"Actualidad desde Carre\\u00f1o para el mundo\",\"inLanguage\":\"es-ES\",\"publisher\":{\"@id\":\"https:\\\/\\\/candas365.es\\\/noticias\\\/#organization\"}}]}\n\t\t<\/script>\n\t\t<!-- All in One SEO Pro -->\r\n\t\t<title>Martes culturales de la ONCE en C\u00f3rdoba | Cand\u00e1s 365<\/title>\n\n","aioseo_head_json":{"title":"Martes culturales de la ONCE en C\u00f3rdoba | Cand\u00e1s 365","description":"La ONCE de C\u00f3rdoba recupera hoy la programaci\u00f3n de sus \"Martes Culturales\" con un concierto de la violinista Macarena Mart\u00ednez y el violonchelista Jorge Gresa","canonical_url":"https:\/\/candas365.es\/noticias\/martes-culturales-de-la-once-en-cordoba\/","robots":"max-image-preview:large","keywords":"agenda","webmasterTools":{"google-site-verification":"UA-32230408-1","msvalidate.01":"354F3CDFB2DA171B47FBE9ABF1F88D5","miscellaneous":""},"schema":{"@context":"https:\/\/schema.org","@graph":[{"@type":"BreadcrumbList","@id":"https:\/\/candas365.es\/noticias\/martes-culturales-de-la-once-en-cordoba\/#breadcrumblist","itemListElement":[{"@type":"ListItem","@id":"https:\/\/candas365.es\/noticias#listItem","position":1,"name":"Home","item":"https:\/\/candas365.es\/noticias","nextItem":{"@type":"ListItem","@id":"https:\/\/candas365.es\/noticias\/category\/agenda\/#listItem","name":"Agenda"}},{"@type":"ListItem","@id":"https:\/\/candas365.es\/noticias\/category\/agenda\/#listItem","position":2,"name":"Agenda","item":"https:\/\/candas365.es\/noticias\/category\/agenda\/","nextItem":{"@type":"ListItem","@id":"https:\/\/candas365.es\/noticias\/martes-culturales-de-la-once-en-cordoba\/#listItem","name":"Martes culturales de la ONCE en C\u00f3rdoba"},"previousItem":{"@type":"ListItem","@id":"https:\/\/candas365.es\/noticias#listItem","name":"Home"}},{"@type":"ListItem","@id":"https:\/\/candas365.es\/noticias\/martes-culturales-de-la-once-en-cordoba\/#listItem","position":3,"name":"Martes culturales de la ONCE en C\u00f3rdoba","previousItem":{"@type":"ListItem","@id":"https:\/\/candas365.es\/noticias\/category\/agenda\/#listItem","name":"Agenda"}}]},{"@type":"NewsArticle","@id":"https:\/\/candas365.es\/noticias\/martes-culturales-de-la-once-en-cordoba\/#newsarticle","name":"Martes culturales de la ONCE en C\u00f3rdoba | Cand\u00e1s 365","headline":"Martes culturales de la ONCE en C\u00f3rdoba","author":{"@id":"https:\/\/candas365.es\/noticias\/author\/admin\/#author"},"publisher":{"@id":"https:\/\/candas365.es\/noticias\/#organization"},"image":{"@type":"ImageObject","url":"https:\/\/candas365.es\/noticias\/wp-content\/uploads\/2026\/09\/Martes-culturales-de-la-ONCE-en-Cordoba.jpg","width":1175,"height":780,"caption":"Macarena Mart\u00ednez y Jorge Gresa | Foto de la ONCE"},"datePublished":"2026-09-01T09:52:28+02:00","dateModified":"2026-09-01T09:52:28+02:00","inLanguage":"es-ES","mainEntityOfPage":{"@id":"https:\/\/candas365.es\/noticias\/martes-culturales-de-la-once-en-cordoba\/#webpage"},"isPartOf":{"@id":"https:\/\/candas365.es\/noticias\/martes-culturales-de-la-once-en-cordoba\/#webpage"},"articleSection":"Agenda, agenda, cultura","dateline":"Publicado el septiembre 1, 2026."},{"@type":"Organization","@id":"https:\/\/candas365.es\/noticias\/#organization","name":"Cand\u00e1s 365","description":"Cand\u00e1s 365 es un diario digital independiente, fundado en 2012, con base en Asturias. Informamos con rigor sobre actualidad, sociedad, cultura y ocio, con una mirada local y global.","url":"https:\/\/candas365.es\/noticias\/","email":"info@candas365.es","telephone":"+34652131393","foundingDate":"2012-06-10","logo":{"@type":"ImageObject","url":"https:\/\/candas365.es\/noticias\/wp-content\/uploads\/2024\/09\/Candas-365-Redes.jpg","@id":"https:\/\/candas365.es\/noticias\/martes-culturales-de-la-once-en-cordoba\/#organizationLogo","width":1152,"height":864,"caption":"Cand\u00e1s 365 Redes"},"image":{"@id":"https:\/\/candas365.es\/noticias\/martes-culturales-de-la-once-en-cordoba\/#organizationLogo"},"sameAs":["https:\/\/www.facebook.com\/Nachofdezber","https:\/\/x.com\/candas365","https:\/\/www.instagram.com\/nachofdezber\/","https:\/\/www.youtube.com\/channel\/UCZP-2wLEB9Rv6erhFmqVnvg"],"address":{"@id":"https:\/\/candas365.es\/noticias\/#postaladdress","@type":"PostalAddress","streetAddress":"san antonio 4, san antonio 4","postalCode":"33430","addressLocality":"Cand\u00e1s","addressRegion":"Asturias","addressCountry":"ES"}},{"@type":"Person","@id":"https:\/\/candas365.es\/noticias\/author\/admin\/#author","url":"https:\/\/candas365.es\/noticias\/author\/admin\/","name":"Cand\u00e1s 365","image":{"@type":"ImageObject","@id":"https:\/\/candas365.es\/noticias\/martes-culturales-de-la-once-en-cordoba\/#authorImage","url":"https:\/\/candas365.es\/noticias\/wp-content\/uploads\/2026\/07\/cropped-eyevuvEl_400x400-96x96.jpg","width":96,"height":96,"caption":"Cand\u00e1s 365"},"sameAs":["https:\/\/www.facebook.com\/Nachofdezber","https:\/\/x.com\/candas365","https:\/\/www.instagram.com\/nachofdezber\/","https:\/\/www.youtube.com\/channel\/UCZP-2wLEB9Rv6erhFmqVnvg"]},{"@type":"WebPage","@id":"https:\/\/candas365.es\/noticias\/martes-culturales-de-la-once-en-cordoba\/#webpage","url":"https:\/\/candas365.es\/noticias\/martes-culturales-de-la-once-en-cordoba\/","name":"Martes culturales de la ONCE en C\u00f3rdoba | Cand\u00e1s 365","description":"La ONCE de C\u00f3rdoba recupera hoy la programaci\u00f3n de sus \"Martes Culturales\" con un concierto de la violinista Macarena Mart\u00ednez y el violonchelista Jorge Gresa","inLanguage":"es-ES","isPartOf":{"@id":"https:\/\/candas365.es\/noticias\/#website"},"breadcrumb":{"@id":"https:\/\/candas365.es\/noticias\/martes-culturales-de-la-once-en-cordoba\/#breadcrumblist"},"author":{"@id":"https:\/\/candas365.es\/noticias\/author\/admin\/#author"},"creator":{"@id":"https:\/\/candas365.es\/noticias\/author\/admin\/#author"},"image":{"@type":"ImageObject","url":"https:\/\/candas365.es\/noticias\/wp-content\/uploads\/2026\/09\/Martes-culturales-de-la-ONCE-en-Cordoba.jpg","@id":"https:\/\/candas365.es\/noticias\/martes-culturales-de-la-once-en-cordoba\/#mainImage","width":1175,"height":780,"caption":"Macarena Mart\u00ednez y Jorge Gresa | Foto de la ONCE"},"primaryImageOfPage":{"@id":"https:\/\/candas365.es\/noticias\/martes-culturales-de-la-once-en-cordoba\/#mainImage"},"datePublished":"2026-09-01T09:52:28+02:00","dateModified":"2026-09-01T09:52:28+02:00"},{"@type":"WebSite","@id":"https:\/\/candas365.es\/noticias\/#website","url":"https:\/\/candas365.es\/noticias\/","name":"Cand\u00e1s 365","alternateName":"Cand\u00e1s 365 Noticias","description":"Actualidad desde Carre\u00f1o para el mundo","inLanguage":"es-ES","publisher":{"@id":"https:\/\/candas365.es\/noticias\/#organization"}}]},"og:locale":"es_ES","og:site_name":"Cand\u00e1s 365","og:type":"article","og:title":"Martes culturales de la ONCE en C\u00f3rdoba \u2013 Cand\u00e1s 365","og:description":"La ONCE de C\u00f3rdoba recupera hoy la programaci\u00f3n de sus &quot;Martes Culturales&quot; con un concierto de la violinista Macarena Mart\u00ednez y el violonchelista Jorge Gresa","og:url":"https:\/\/candas365.es\/noticias\/martes-culturales-de-la-once-en-cordoba\/","og:image":"https:\/\/candas365.es\/noticias\/wp-content\/uploads\/2026\/09\/Martes-culturales-de-la-ONCE-en-Cordoba.jpg","og:image:secure_url":"https:\/\/candas365.es\/noticias\/wp-content\/uploads\/2026\/09\/Martes-culturales-de-la-ONCE-en-Cordoba.jpg","og:image:width":1175,"og:image:height":780,"article:published_time":"2026-09-01T07:52:28+00:00","article:modified_time":"2026-09-01T07:52:28+00:00","article:publisher":"https:\/\/www.facebook.com\/Nachofdezber","article:author":"https:\/\/www.facebook.com\/Nachofdezber","twitter:card":"summary_large_image","twitter:site":"@candas365","twitter:title":"Martes culturales de la ONCE en C\u00f3rdoba \u2013 Cand\u00e1s 365","twitter:description":"La ONCE de C\u00f3rdoba recupera hoy la programaci\u00f3n de sus &quot;Martes Culturales&quot; con un concierto de la violinista Macarena Mart\u00ednez y el violonchelista Jorge Gresa","twitter:creator":"@candas365","twitter:image":"https:\/\/candas365.es\/noticias\/wp-content\/uploads\/2026\/09\/Martes-culturales-de-la-ONCE-en-Cordoba.jpg","twitter:label1":"Escrito por","twitter:data1":"Cand\u00e1s 365","twitter:label2":"Tiempo de lectura estimado","twitter:data2":"2 minutos"},"aioseo_meta_data":{"post_id":"197933","title":null,"description":"La ONCE de C\u00f3rdoba recupera hoy la programaci\u00f3n de sus \"Martes Culturales\" con un concierto de la violinista Macarena Mart\u00ednez y el violonchelista Jorge Gresa","keywords":null,"keyphrases":{"focus":{"keyphrase":"Martes culturales","score":0,"analysis":[]},"additional":[{"keyphrase":"ONCE","score":0}]},"primary_term":null,"canonical_url":null,"og_title":"#post_title #separator_sa #site_title","og_description":"La ONCE de C\u00f3rdoba recupera hoy la programaci\u00f3n de sus \"Martes Culturales\" con un concierto de la violinista Macarena Mart\u00ednez y el violonchelista Jorge Gresa","og_object_type":"default","og_image_type":"default","og_image_url":null,"og_image_width":null,"og_image_height":null,"og_image_custom_url":null,"og_image_custom_fields":null,"og_video":"","og_custom_url":null,"og_article_section":null,"og_article_tags":null,"twitter_use_og":false,"twitter_card":"default","twitter_image_type":"default","twitter_image_url":null,"twitter_image_custom_url":null,"twitter_image_custom_fields":null,"twitter_title":"#post_title #separator_sa #site_title","twitter_description":"La ONCE de C\u00f3rdoba recupera hoy la programaci\u00f3n de sus \"Martes Culturales\" con un concierto de la violinista Macarena Mart\u00ednez y el violonchelista Jorge Gresa","schema":{"blockGraphs":[],"customGraphs":[],"default":{"data":{"Article":[],"Course":[],"Dataset":[],"FAQPage":[],"Movie":[],"Person":[],"Product":[],"ProductReview":[],"Car":[],"Recipe":[],"Service":[],"SoftwareApplication":[],"WebPage":[]},"graphName":"NewsArticle","isEnabled":true},"graphs":[]},"schema_type":"default","schema_type_options":null,"pillar_content":false,"robots_default":true,"robots_noindex":false,"robots_noarchive":false,"robots_nosnippet":false,"robots_nofollow":false,"robots_noimageindex":false,"robots_noodp":false,"robots_notranslate":false,"robots_max_snippet":"-1","robots_max_videopreview":"-1","robots_max_imagepreview":"large","priority":null,"frequency":"default","location":null,"local_seo":null,"seo_analyzer_scan_date":"2026-09-01 07:52:39","breadcrumb_settings":null,"limit_modified_date":false,"reviewed_by":"0","open_ai":null,"ai":{"faqs":[],"keyPoints":[],"schemas":[],"titles":[],"descriptions":[],"socialPosts":{"email":{"subject":"","preview":"","content":""},"linkedin":[],"twitter":[],"facebook":[],"instagram":[]}},"created":"2026-09-01 07:42:30","updated":"2026-09-01 08:34:17","focus_keyword":"Martes culturales","additional_keywords":[{"word":"ONCE","score":83,"items":{"introductionKeyword":{"score":9},"keyphraseLength":{"score":9},"keyphraseDensity":{"score":9},"functionWordsInKeyphrase":{"score":0},"textCompetingLinks":{"score":9},"imageKeyphrase":{"score":9}}}],"truseo_locale":null},"aioseo_breadcrumb":"<div class=\"aioseo-breadcrumbs\"><span class=\"aioseo-breadcrumb\">\n\t<a href=\"https:\/\/candas365.es\/noticias\" title=\"Home\">Home<\/a>\n<\/span><span class=\"aioseo-breadcrumb-separator\">&ndash;<\/span><span class=\"aioseo-breadcrumb\">\n\t<a href=\"https:\/\/candas365.es\/noticias\/category\/agenda\/\" title=\"Agenda\">Agenda<\/a>\n<\/span><span class=\"aioseo-breadcrumb-separator\">&ndash;<\/span><span class=\"aioseo-breadcrumb\">\n\tMartes culturales de la ONCE en C\u00f3rdoba\n<\/span><\/div>","aioseo_breadcrumb_json":[{"label":"Home","link":"https:\/\/candas365.es\/noticias"},{"label":"Agenda","link":"https:\/\/candas365.es\/noticias\/category\/agenda\/"},{"label":"Martes culturales de la ONCE en C\u00f3rdoba","link":"https:\/\/candas365.es\/noticias\/martes-culturales-de-la-once-en-cordoba\/"}],"_links":{"self":[{"href":"https:\/\/candas365.es\/noticias\/wp-json\/wp\/v2\/posts\/197933","targetHints":{"allow":["GET"]}}],"collection":[{"href":"https:\/\/candas365.es\/noticias\/wp-json\/wp\/v2\/posts"}],"about":[{"href":"https:\/\/candas365.es\/noticias\/wp-json\/wp\/v2\/types\/post"}],"author":[{"embeddable":true,"href":"https:\/\/candas365.es\/noticias\/wp-json\/wp\/v2\/users\/1"}],"replies":[{"embeddable":true,"href":"https:\/\/candas365.es\/noticias\/wp-json\/wp\/v2\/comments?post=197933"}],"version-history":[{"count":1,"href":"https:\/\/candas365.es\/noticias\/wp-json\/wp\/v2\/posts\/197933\/revisions"}],"predecessor-version":[{"id":197935,"href":"https:\/\/candas365.es\/noticias\/wp-json\/wp\/v2\/posts\/197933\/revisions\/197935"}],"wp:featuredmedia":[{"embeddable":true,"href":"https:\/\/candas365.es\/noticias\/wp-json\/wp\/v2\/media\/197934"}],"wp:attachment":[{"href":"https:\/\/candas365.es\/noticias\/wp-json\/wp\/v2\/media?parent=197933"}],"wp:term":[{"taxonomy":"category","embeddable":true,"href":"https:\/\/candas365.es\/noticias\/wp-json\/wp\/v2\/categories?post=197933"},{"taxonomy":"post_tag","embeddable":true,"href":"https:\/\/candas365.es\/noticias\/wp-json\/wp\/v2\/tags?post=197933"}],"curies":[{"name":"wp","href":"https:\/\/api.w.org\/{rel}","templated":true}]}}