{"id":197926,"date":"2026-08-31T15:47:35","date_gmt":"2026-08-31T13:47:35","guid":{"rendered":"https:\/\/candas365.es\/noticias\/?p=197926"},"modified":"2026-08-31T15:47:35","modified_gmt":"2026-08-31T13:47:35","slug":"espana-controlara-a-los-viajeros-procedentes-de-italia","status":"publish","type":"post","link":"https:\/\/candas365.es\/noticias\/espana-controlara-a-los-viajeros-procedentes-de-italia\/","title":{"rendered":"Espa\u00f1a controlar\u00e1 a los viajeros procedentes de Italia"},"content":{"rendered":"<p>El <span style=\"color: #ff6600;\"><a style=\"color: #ff6600;\" href=\"https:\/\/www.lamoncloa.gob.es\/\" target=\"_blank\" rel=\"noopener\"><strong>Gobierno de Espa\u00f1a<\/strong><\/a><\/span> prorrogar\u00e1 15 d\u00edas los controles a los viajeros procedentes de Italia. Esta es la respuesta a la decisi\u00f3n adoptada por el Ejecutivo de <strong>Meloni<\/strong> de extender por el mismo tiempo sus controles a los <a title=\"viajeros procedentes de Espa\u00f1a\" href=\"https:\/\/candas365.es\/noticias\/category\/turismo\/\" target=\"_blank\" rel=\"noopener\"><span style=\"color: #ff6600;\"><strong>viajeros procedentes de Espa\u00f1a<\/strong><\/span><\/a>.<\/p>\n<figure id=\"attachment_197927\" aria-describedby=\"caption-attachment-197927\" style=\"width: 650px\" class=\"wp-caption aligncenter\"><img fetchpriority=\"high\" decoding=\"async\" class=\"size-large wp-image-197927\" src=\"https:\/\/candas365.es\/noticias\/wp-content\/uploads\/2026\/08\/Espana-controlara-a-los-viajeros-procedentes-de-Italia-650x435.jpg\" alt=\"Espa\u00f1a controlar\u00e1 a los viajeros procedentes de Italia\" width=\"650\" height=\"435\" srcset=\"https:\/\/candas365.es\/noticias\/wp-content\/uploads\/2026\/08\/Espana-controlara-a-los-viajeros-procedentes-de-Italia-650x435.jpg 650w, https:\/\/candas365.es\/noticias\/wp-content\/uploads\/2026\/08\/Espana-controlara-a-los-viajeros-procedentes-de-Italia-360x241.jpg 360w, https:\/\/candas365.es\/noticias\/wp-content\/uploads\/2026\/08\/Espana-controlara-a-los-viajeros-procedentes-de-Italia-768x514.jpg 768w, https:\/\/candas365.es\/noticias\/wp-content\/uploads\/2026\/08\/Espana-controlara-a-los-viajeros-procedentes-de-Italia-150x100.jpg 150w, https:\/\/candas365.es\/noticias\/wp-content\/uploads\/2026\/08\/Espana-controlara-a-los-viajeros-procedentes-de-Italia-450x301.jpg 450w, https:\/\/candas365.es\/noticias\/wp-content\/uploads\/2026\/08\/Espana-controlara-a-los-viajeros-procedentes-de-Italia-1200x803.jpg 1200w, https:\/\/candas365.es\/noticias\/wp-content\/uploads\/2026\/08\/Espana-controlara-a-los-viajeros-procedentes-de-Italia.jpg 1258w\" sizes=\"(max-width: 650px) 100vw, 650px\" \/><figcaption id=\"caption-attachment-197927\" class=\"wp-caption-text\">Controles a viajeros procedentes de Italia | Foto del Ministerio del Interior<\/figcaption><\/figure>\n<div class=\"srvm-nw__body\">\n<p>As\u00ed lo anunci\u00f3 el Ministerio del Interior que lidera Fernando Grande Marlaska, que subray\u00f3 que ha decidido prorrogar durante quince d\u00edas los controles fronterizos a los pasajeros que por mar o aire acceden al territorio nacional procedentes de Italia. Estos controles se instauraron el pasado 8 de agosto por un plazo inicial de un mes.<\/p>\n<p>La medida llega poco despu\u00e9s de que el Ejecutivo de la primera ministra Giorgia Meloni considerase necesario extender tambi\u00e9n los controles que impuso a los viajeros desde Espa\u00f1a a ra\u00edz de la entrada de m\u00e1s de 70.000 migrantes en Ceuta procedentes de Marruecos, los d\u00edas 30 y 31 de julio.<\/p>\n<p>Tras dar un ultim\u00e1tum a Italia para que levantase dicha medida, el Gobierno espa\u00f1ol respondi\u00f3 anunciando controles aleatorios a ciudadanos de vuelos llegados desde Italia desde el 8 de agosto.<\/p>\n<p>Oficialmente Espa\u00f1a, a trav\u00e9s del Misterio del Interior, aleg\u00f3 en la comunicaci\u00f3n de la medida a las autoridades de la Uni\u00f3n Europea que la decisi\u00f3n obedec\u00eda a la presi\u00f3n migratoria registrada en la ruta del Mediterr\u00e1neo central que afecta a la Rep\u00fablica Italiana y sus efectos sobre distintos Estados miembros, por la actividad de las redes de delincuencia transfronteriza vinculadas a la migraci\u00f3n irregular.<\/p>\n<p>Los controles, que se practican de manera aleatoria, iban a estar en vigor hasta el 7 de septiembre, un plazo que se alargar\u00e1 ahora con la \u00faltima decisi\u00f3n del Gobierno.<\/p>\n<p>El Ministerio del Interior espa\u00f1ol destac\u00f3 hoy tambi\u00e9n que, desde el 8 de agosto, se han realizado controles a 1.066 vuelos procedentes de Italia, en los que se verific\u00f3 la documentaci\u00f3n de 12.337 nacionales de terceros pa\u00edses, gracias al trabajo de 1.788 agentes espa\u00f1oles.<\/p>\n<\/div>\n<div id=\"end-scroll\" class=\"srvm-nw__code\">\n<p>(<a href=\"https:\/\/www.servimedia.es\/\" target=\"_blank\" rel=\"noopener\"><span style=\"color: #ff6600;\"><strong>SERVIMEDIA<\/strong><\/span><\/a>)<\/p>\n<\/div>\n","protected":false},"excerpt":{"rendered":"<p>El Gobierno de Espa\u00f1a prorrogar\u00e1 15 d\u00edas los controles a los viajeros procedentes de Italia. Esta es la respuesta a la decisi\u00f3n adoptada por el Ejecutivo de Meloni de extender por el mismo tiempo sus controles a los viajeros procedentes de Espa\u00f1a. As\u00ed lo anunci\u00f3 el Ministerio del Interior que lidera Fernando Grande Marlaska, que<\/p>\n","protected":false},"author":1,"featured_media":197927,"comment_status":"closed","ping_status":"closed","sticky":false,"template":"","format":"standard","meta":{"footnotes":""},"categories":[343,316],"tags":[466,418],"class_list":["post-197926","post","type-post","status-publish","format-standard","has-post-thumbnail","category-actualidad","category-destacadas","tag-espana","tag-internacional"],"aioseo_notices":[],"aioseo_head":"\n\t\t<!-- All in One SEO Pro 5.0.1.1 - aioseo.com -->\n\t<meta name=\"description\" content=\"El Gobierno de Espa\u00f1a prorrogar\u00e1 15 d\u00edas los controles a los viajeros procedentes de Italia. Esta es la respuesta a la decisi\u00f3n adoptada por el Ejecutivo de Meloni\" \/>\n\t<meta name=\"robots\" content=\"max-image-preview:large\" \/>\n\t<meta name=\"author\" content=\"Cand\u00e1s 365\"\/>\n\t<meta name=\"google-site-verification\" content=\"UA-32230408-1\" \/>\n\t<meta name=\"msvalidate.01\" content=\"354F3CDFB2DA171B47FBE9ABF1F88D5\" \/>\n\t<meta name=\"keywords\" content=\"actualidad,destacadas\" \/>\n\t<link rel=\"canonical\" href=\"https:\/\/candas365.es\/noticias\/espana-controlara-a-los-viajeros-procedentes-de-italia\/\" \/>\n\t<meta name=\"generator\" content=\"All in One SEO Pro (AIOSEO) 5.0.1.1\" \/>\n\t\t<meta property=\"og:locale\" content=\"es_ES\" \/>\n\t\t<meta property=\"og:site_name\" content=\"Cand\u00e1s 365\" \/>\n\t\t<meta property=\"og:type\" content=\"article\" \/>\n\t\t<meta property=\"og:title\" content=\"Espa\u00f1a controlar\u00e1 a los viajeros procedentes de Italia \u2013 Cand\u00e1s 365\" \/>\n\t\t<meta property=\"og:description\" content=\"El Gobierno de Espa\u00f1a prorrogar\u00e1 15 d\u00edas los controles a los viajeros procedentes de Italia. Esta es la respuesta a la decisi\u00f3n adoptada por el Ejecutivo de Meloni\" \/>\n\t\t<meta property=\"og:url\" content=\"https:\/\/candas365.es\/noticias\/espana-controlara-a-los-viajeros-procedentes-de-italia\/\" \/>\n\t\t<meta property=\"og:image\" content=\"https:\/\/candas365.es\/noticias\/wp-content\/uploads\/2026\/08\/Espana-controlara-a-los-viajeros-procedentes-de-Italia.jpg\" \/>\n\t\t<meta property=\"og:image:secure_url\" content=\"https:\/\/candas365.es\/noticias\/wp-content\/uploads\/2026\/08\/Espana-controlara-a-los-viajeros-procedentes-de-Italia.jpg\" \/>\n\t\t<meta property=\"og:image:width\" content=\"1258\" \/>\n\t\t<meta property=\"og:image:height\" content=\"842\" \/>\n\t\t<meta property=\"article:published_time\" content=\"2026-08-31T13:47:35+00:00\" \/>\n\t\t<meta property=\"article:modified_time\" content=\"2026-08-31T13:47:35+00:00\" \/>\n\t\t<meta property=\"article:publisher\" content=\"https:\/\/www.facebook.com\/Nachofdezber\" \/>\n\t\t<meta property=\"article:author\" content=\"https:\/\/www.facebook.com\/Nachofdezber\" \/>\n\t\t<meta name=\"twitter:card\" content=\"summary_large_image\" \/>\n\t\t<meta name=\"twitter:site\" content=\"@candas365\" \/>\n\t\t<meta name=\"twitter:title\" content=\"Espa\u00f1a controlar\u00e1 a los viajeros procedentes de Italia \u2013 Cand\u00e1s 365\" \/>\n\t\t<meta name=\"twitter:description\" content=\"El Gobierno de Espa\u00f1a prorrogar\u00e1 15 d\u00edas los controles a los viajeros procedentes de Italia. Esta es la respuesta a la decisi\u00f3n adoptada por el Ejecutivo de Meloni\" \/>\n\t\t<meta name=\"twitter:creator\" content=\"@candas365\" \/>\n\t\t<meta name=\"twitter:image\" content=\"https:\/\/candas365.es\/noticias\/wp-content\/uploads\/2026\/08\/Espana-controlara-a-los-viajeros-procedentes-de-Italia.jpg\" \/>\n\t\t<meta name=\"twitter:label1\" content=\"Escrito por\" \/>\n\t\t<meta name=\"twitter:data1\" content=\"Cand\u00e1s 365\" \/>\n\t\t<meta name=\"twitter:label2\" content=\"Tiempo de lectura estimado\" \/>\n\t\t<meta name=\"twitter:data2\" content=\"2 minutos\" \/>\n\t\t<script type=\"application\/ld+json\" class=\"aioseo-schema\">\n\t\t\t{\"@context\":\"https:\\\/\\\/schema.org\",\"@graph\":[{\"@type\":\"BreadcrumbList\",\"@id\":\"https:\\\/\\\/candas365.es\\\/noticias\\\/espana-controlara-a-los-viajeros-procedentes-de-italia\\\/#breadcrumblist\",\"itemListElement\":[{\"@type\":\"ListItem\",\"@id\":\"https:\\\/\\\/candas365.es\\\/noticias#listItem\",\"position\":1,\"name\":\"Home\",\"item\":\"https:\\\/\\\/candas365.es\\\/noticias\",\"nextItem\":{\"@type\":\"ListItem\",\"@id\":\"https:\\\/\\\/candas365.es\\\/noticias\\\/category\\\/destacadas\\\/#listItem\",\"name\":\"Destacadas\"}},{\"@type\":\"ListItem\",\"@id\":\"https:\\\/\\\/candas365.es\\\/noticias\\\/category\\\/destacadas\\\/#listItem\",\"position\":2,\"name\":\"Destacadas\",\"item\":\"https:\\\/\\\/candas365.es\\\/noticias\\\/category\\\/destacadas\\\/\",\"nextItem\":{\"@type\":\"ListItem\",\"@id\":\"https:\\\/\\\/candas365.es\\\/noticias\\\/espana-controlara-a-los-viajeros-procedentes-de-italia\\\/#listItem\",\"name\":\"Espa\\u00f1a controlar\\u00e1 a los viajeros procedentes de Italia\"},\"previousItem\":{\"@type\":\"ListItem\",\"@id\":\"https:\\\/\\\/candas365.es\\\/noticias#listItem\",\"name\":\"Home\"}},{\"@type\":\"ListItem\",\"@id\":\"https:\\\/\\\/candas365.es\\\/noticias\\\/espana-controlara-a-los-viajeros-procedentes-de-italia\\\/#listItem\",\"position\":3,\"name\":\"Espa\\u00f1a controlar\\u00e1 a los viajeros procedentes de Italia\",\"previousItem\":{\"@type\":\"ListItem\",\"@id\":\"https:\\\/\\\/candas365.es\\\/noticias\\\/category\\\/destacadas\\\/#listItem\",\"name\":\"Destacadas\"}}]},{\"@type\":\"NewsArticle\",\"@id\":\"https:\\\/\\\/candas365.es\\\/noticias\\\/espana-controlara-a-los-viajeros-procedentes-de-italia\\\/#newsarticle\",\"name\":\"Espa\\u00f1a controlar\\u00e1 a los viajeros procedentes de Italia | Cand\\u00e1s 365\",\"headline\":\"Espa\\u00f1a controlar\\u00e1 a los viajeros procedentes de Italia\",\"author\":{\"@id\":\"https:\\\/\\\/candas365.es\\\/noticias\\\/author\\\/admin\\\/#author\"},\"publisher\":{\"@id\":\"https:\\\/\\\/candas365.es\\\/noticias\\\/#organization\"},\"image\":{\"@type\":\"ImageObject\",\"url\":\"https:\\\/\\\/candas365.es\\\/noticias\\\/wp-content\\\/uploads\\\/2026\\\/08\\\/Espana-controlara-a-los-viajeros-procedentes-de-Italia.jpg\",\"width\":1258,\"height\":842,\"caption\":\"Controles a viajeros procedentes de Italia | Foto del Ministerio del Interior\"},\"datePublished\":\"2026-08-31T15:47:35+02:00\",\"dateModified\":\"2026-08-31T15:47:35+02:00\",\"inLanguage\":\"es-ES\",\"mainEntityOfPage\":{\"@id\":\"https:\\\/\\\/candas365.es\\\/noticias\\\/espana-controlara-a-los-viajeros-procedentes-de-italia\\\/#webpage\"},\"isPartOf\":{\"@id\":\"https:\\\/\\\/candas365.es\\\/noticias\\\/espana-controlara-a-los-viajeros-procedentes-de-italia\\\/#webpage\"},\"articleSection\":\"Actualidad, Destacadas, Espa\\u00f1a, Internacional\",\"dateline\":\"Publicado el agosto 31, 2026.\"},{\"@type\":\"Organization\",\"@id\":\"https:\\\/\\\/candas365.es\\\/noticias\\\/#organization\",\"name\":\"Cand\\u00e1s 365\",\"description\":\"Cand\\u00e1s 365 es un diario digital independiente, fundado en 2012, con base en Asturias. Informamos con rigor sobre actualidad, sociedad, cultura y ocio, con una mirada local y global.\",\"url\":\"https:\\\/\\\/candas365.es\\\/noticias\\\/\",\"email\":\"info@candas365.es\",\"telephone\":\"+34652131393\",\"foundingDate\":\"2012-06-10\",\"logo\":{\"@type\":\"ImageObject\",\"url\":\"https:\\\/\\\/candas365.es\\\/noticias\\\/wp-content\\\/uploads\\\/2024\\\/09\\\/Candas-365-Redes.jpg\",\"@id\":\"https:\\\/\\\/candas365.es\\\/noticias\\\/espana-controlara-a-los-viajeros-procedentes-de-italia\\\/#organizationLogo\",\"width\":1152,\"height\":864,\"caption\":\"Cand\\u00e1s 365 Redes\"},\"image\":{\"@id\":\"https:\\\/\\\/candas365.es\\\/noticias\\\/espana-controlara-a-los-viajeros-procedentes-de-italia\\\/#organizationLogo\"},\"sameAs\":[\"https:\\\/\\\/www.facebook.com\\\/Nachofdezber\",\"https:\\\/\\\/x.com\\\/candas365\",\"https:\\\/\\\/www.instagram.com\\\/nachofdezber\\\/\",\"https:\\\/\\\/www.youtube.com\\\/channel\\\/UCZP-2wLEB9Rv6erhFmqVnvg\"],\"address\":{\"@id\":\"https:\\\/\\\/candas365.es\\\/noticias\\\/#postaladdress\",\"@type\":\"PostalAddress\",\"streetAddress\":\"san antonio 4, san antonio 4\",\"postalCode\":\"33430\",\"addressLocality\":\"Cand\\u00e1s\",\"addressRegion\":\"Asturias\",\"addressCountry\":\"ES\"}},{\"@type\":\"Person\",\"@id\":\"https:\\\/\\\/candas365.es\\\/noticias\\\/author\\\/admin\\\/#author\",\"url\":\"https:\\\/\\\/candas365.es\\\/noticias\\\/author\\\/admin\\\/\",\"name\":\"Cand\\u00e1s 365\",\"image\":{\"@type\":\"ImageObject\",\"@id\":\"https:\\\/\\\/candas365.es\\\/noticias\\\/espana-controlara-a-los-viajeros-procedentes-de-italia\\\/#authorImage\",\"url\":\"https:\\\/\\\/candas365.es\\\/noticias\\\/wp-content\\\/uploads\\\/2026\\\/07\\\/cropped-eyevuvEl_400x400-96x96.jpg\",\"width\":96,\"height\":96,\"caption\":\"Cand\\u00e1s 365\"},\"sameAs\":[\"https:\\\/\\\/www.facebook.com\\\/Nachofdezber\",\"https:\\\/\\\/x.com\\\/candas365\",\"https:\\\/\\\/www.instagram.com\\\/nachofdezber\\\/\",\"https:\\\/\\\/www.youtube.com\\\/channel\\\/UCZP-2wLEB9Rv6erhFmqVnvg\"]},{\"@type\":\"WebPage\",\"@id\":\"https:\\\/\\\/candas365.es\\\/noticias\\\/espana-controlara-a-los-viajeros-procedentes-de-italia\\\/#webpage\",\"url\":\"https:\\\/\\\/candas365.es\\\/noticias\\\/espana-controlara-a-los-viajeros-procedentes-de-italia\\\/\",\"name\":\"Espa\\u00f1a controlar\\u00e1 a los viajeros procedentes de Italia | Cand\\u00e1s 365\",\"description\":\"El Gobierno de Espa\\u00f1a prorrogar\\u00e1 15 d\\u00edas los controles a los viajeros procedentes de Italia. Esta es la respuesta a la decisi\\u00f3n adoptada por el Ejecutivo de Meloni\",\"inLanguage\":\"es-ES\",\"isPartOf\":{\"@id\":\"https:\\\/\\\/candas365.es\\\/noticias\\\/#website\"},\"breadcrumb\":{\"@id\":\"https:\\\/\\\/candas365.es\\\/noticias\\\/espana-controlara-a-los-viajeros-procedentes-de-italia\\\/#breadcrumblist\"},\"author\":{\"@id\":\"https:\\\/\\\/candas365.es\\\/noticias\\\/author\\\/admin\\\/#author\"},\"creator\":{\"@id\":\"https:\\\/\\\/candas365.es\\\/noticias\\\/author\\\/admin\\\/#author\"},\"image\":{\"@type\":\"ImageObject\",\"url\":\"https:\\\/\\\/candas365.es\\\/noticias\\\/wp-content\\\/uploads\\\/2026\\\/08\\\/Espana-controlara-a-los-viajeros-procedentes-de-Italia.jpg\",\"@id\":\"https:\\\/\\\/candas365.es\\\/noticias\\\/espana-controlara-a-los-viajeros-procedentes-de-italia\\\/#mainImage\",\"width\":1258,\"height\":842,\"caption\":\"Controles a viajeros procedentes de Italia | Foto del Ministerio del Interior\"},\"primaryImageOfPage\":{\"@id\":\"https:\\\/\\\/candas365.es\\\/noticias\\\/espana-controlara-a-los-viajeros-procedentes-de-italia\\\/#mainImage\"},\"datePublished\":\"2026-08-31T15:47:35+02:00\",\"dateModified\":\"2026-08-31T15:47:35+02:00\"},{\"@type\":\"WebSite\",\"@id\":\"https:\\\/\\\/candas365.es\\\/noticias\\\/#website\",\"url\":\"https:\\\/\\\/candas365.es\\\/noticias\\\/\",\"name\":\"Cand\\u00e1s 365\",\"alternateName\":\"Cand\\u00e1s 365 Noticias\",\"description\":\"Actualidad desde Carre\\u00f1o para el mundo\",\"inLanguage\":\"es-ES\",\"publisher\":{\"@id\":\"https:\\\/\\\/candas365.es\\\/noticias\\\/#organization\"}}]}\n\t\t<\/script>\n\t\t<!-- All in One SEO Pro -->\r\n\t\t<title>Espa\u00f1a controlar\u00e1 a los viajeros procedentes de Italia | Cand\u00e1s 365<\/title>\n\n","aioseo_head_json":{"title":"Espa\u00f1a controlar\u00e1 a los viajeros procedentes de Italia | Cand\u00e1s 365","description":"El Gobierno de Espa\u00f1a prorrogar\u00e1 15 d\u00edas los controles a los viajeros procedentes de Italia. Esta es la respuesta a la decisi\u00f3n adoptada por el Ejecutivo de Meloni","canonical_url":"https:\/\/candas365.es\/noticias\/espana-controlara-a-los-viajeros-procedentes-de-italia\/","robots":"max-image-preview:large","keywords":"actualidad,destacadas","webmasterTools":{"google-site-verification":"UA-32230408-1","msvalidate.01":"354F3CDFB2DA171B47FBE9ABF1F88D5","miscellaneous":""},"schema":{"@context":"https:\/\/schema.org","@graph":[{"@type":"BreadcrumbList","@id":"https:\/\/candas365.es\/noticias\/espana-controlara-a-los-viajeros-procedentes-de-italia\/#breadcrumblist","itemListElement":[{"@type":"ListItem","@id":"https:\/\/candas365.es\/noticias#listItem","position":1,"name":"Home","item":"https:\/\/candas365.es\/noticias","nextItem":{"@type":"ListItem","@id":"https:\/\/candas365.es\/noticias\/category\/destacadas\/#listItem","name":"Destacadas"}},{"@type":"ListItem","@id":"https:\/\/candas365.es\/noticias\/category\/destacadas\/#listItem","position":2,"name":"Destacadas","item":"https:\/\/candas365.es\/noticias\/category\/destacadas\/","nextItem":{"@type":"ListItem","@id":"https:\/\/candas365.es\/noticias\/espana-controlara-a-los-viajeros-procedentes-de-italia\/#listItem","name":"Espa\u00f1a controlar\u00e1 a los viajeros procedentes de Italia"},"previousItem":{"@type":"ListItem","@id":"https:\/\/candas365.es\/noticias#listItem","name":"Home"}},{"@type":"ListItem","@id":"https:\/\/candas365.es\/noticias\/espana-controlara-a-los-viajeros-procedentes-de-italia\/#listItem","position":3,"name":"Espa\u00f1a controlar\u00e1 a los viajeros procedentes de Italia","previousItem":{"@type":"ListItem","@id":"https:\/\/candas365.es\/noticias\/category\/destacadas\/#listItem","name":"Destacadas"}}]},{"@type":"NewsArticle","@id":"https:\/\/candas365.es\/noticias\/espana-controlara-a-los-viajeros-procedentes-de-italia\/#newsarticle","name":"Espa\u00f1a controlar\u00e1 a los viajeros procedentes de Italia | Cand\u00e1s 365","headline":"Espa\u00f1a controlar\u00e1 a los viajeros procedentes de Italia","author":{"@id":"https:\/\/candas365.es\/noticias\/author\/admin\/#author"},"publisher":{"@id":"https:\/\/candas365.es\/noticias\/#organization"},"image":{"@type":"ImageObject","url":"https:\/\/candas365.es\/noticias\/wp-content\/uploads\/2026\/08\/Espana-controlara-a-los-viajeros-procedentes-de-Italia.jpg","width":1258,"height":842,"caption":"Controles a viajeros procedentes de Italia | Foto del Ministerio del Interior"},"datePublished":"2026-08-31T15:47:35+02:00","dateModified":"2026-08-31T15:47:35+02:00","inLanguage":"es-ES","mainEntityOfPage":{"@id":"https:\/\/candas365.es\/noticias\/espana-controlara-a-los-viajeros-procedentes-de-italia\/#webpage"},"isPartOf":{"@id":"https:\/\/candas365.es\/noticias\/espana-controlara-a-los-viajeros-procedentes-de-italia\/#webpage"},"articleSection":"Actualidad, Destacadas, Espa\u00f1a, Internacional","dateline":"Publicado el agosto 31, 2026."},{"@type":"Organization","@id":"https:\/\/candas365.es\/noticias\/#organization","name":"Cand\u00e1s 365","description":"Cand\u00e1s 365 es un diario digital independiente, fundado en 2012, con base en Asturias. Informamos con rigor sobre actualidad, sociedad, cultura y ocio, con una mirada local y global.","url":"https:\/\/candas365.es\/noticias\/","email":"info@candas365.es","telephone":"+34652131393","foundingDate":"2012-06-10","logo":{"@type":"ImageObject","url":"https:\/\/candas365.es\/noticias\/wp-content\/uploads\/2024\/09\/Candas-365-Redes.jpg","@id":"https:\/\/candas365.es\/noticias\/espana-controlara-a-los-viajeros-procedentes-de-italia\/#organizationLogo","width":1152,"height":864,"caption":"Cand\u00e1s 365 Redes"},"image":{"@id":"https:\/\/candas365.es\/noticias\/espana-controlara-a-los-viajeros-procedentes-de-italia\/#organizationLogo"},"sameAs":["https:\/\/www.facebook.com\/Nachofdezber","https:\/\/x.com\/candas365","https:\/\/www.instagram.com\/nachofdezber\/","https:\/\/www.youtube.com\/channel\/UCZP-2wLEB9Rv6erhFmqVnvg"],"address":{"@id":"https:\/\/candas365.es\/noticias\/#postaladdress","@type":"PostalAddress","streetAddress":"san antonio 4, san antonio 4","postalCode":"33430","addressLocality":"Cand\u00e1s","addressRegion":"Asturias","addressCountry":"ES"}},{"@type":"Person","@id":"https:\/\/candas365.es\/noticias\/author\/admin\/#author","url":"https:\/\/candas365.es\/noticias\/author\/admin\/","name":"Cand\u00e1s 365","image":{"@type":"ImageObject","@id":"https:\/\/candas365.es\/noticias\/espana-controlara-a-los-viajeros-procedentes-de-italia\/#authorImage","url":"https:\/\/candas365.es\/noticias\/wp-content\/uploads\/2026\/07\/cropped-eyevuvEl_400x400-96x96.jpg","width":96,"height":96,"caption":"Cand\u00e1s 365"},"sameAs":["https:\/\/www.facebook.com\/Nachofdezber","https:\/\/x.com\/candas365","https:\/\/www.instagram.com\/nachofdezber\/","https:\/\/www.youtube.com\/channel\/UCZP-2wLEB9Rv6erhFmqVnvg"]},{"@type":"WebPage","@id":"https:\/\/candas365.es\/noticias\/espana-controlara-a-los-viajeros-procedentes-de-italia\/#webpage","url":"https:\/\/candas365.es\/noticias\/espana-controlara-a-los-viajeros-procedentes-de-italia\/","name":"Espa\u00f1a controlar\u00e1 a los viajeros procedentes de Italia | Cand\u00e1s 365","description":"El Gobierno de Espa\u00f1a prorrogar\u00e1 15 d\u00edas los controles a los viajeros procedentes de Italia. Esta es la respuesta a la decisi\u00f3n adoptada por el Ejecutivo de Meloni","inLanguage":"es-ES","isPartOf":{"@id":"https:\/\/candas365.es\/noticias\/#website"},"breadcrumb":{"@id":"https:\/\/candas365.es\/noticias\/espana-controlara-a-los-viajeros-procedentes-de-italia\/#breadcrumblist"},"author":{"@id":"https:\/\/candas365.es\/noticias\/author\/admin\/#author"},"creator":{"@id":"https:\/\/candas365.es\/noticias\/author\/admin\/#author"},"image":{"@type":"ImageObject","url":"https:\/\/candas365.es\/noticias\/wp-content\/uploads\/2026\/08\/Espana-controlara-a-los-viajeros-procedentes-de-Italia.jpg","@id":"https:\/\/candas365.es\/noticias\/espana-controlara-a-los-viajeros-procedentes-de-italia\/#mainImage","width":1258,"height":842,"caption":"Controles a viajeros procedentes de Italia | Foto del Ministerio del Interior"},"primaryImageOfPage":{"@id":"https:\/\/candas365.es\/noticias\/espana-controlara-a-los-viajeros-procedentes-de-italia\/#mainImage"},"datePublished":"2026-08-31T15:47:35+02:00","dateModified":"2026-08-31T15:47:35+02:00"},{"@type":"WebSite","@id":"https:\/\/candas365.es\/noticias\/#website","url":"https:\/\/candas365.es\/noticias\/","name":"Cand\u00e1s 365","alternateName":"Cand\u00e1s 365 Noticias","description":"Actualidad desde Carre\u00f1o para el mundo","inLanguage":"es-ES","publisher":{"@id":"https:\/\/candas365.es\/noticias\/#organization"}}]},"og:locale":"es_ES","og:site_name":"Cand\u00e1s 365","og:type":"article","og:title":"Espa\u00f1a controlar\u00e1 a los viajeros procedentes de Italia \u2013 Cand\u00e1s 365","og:description":"El Gobierno de Espa\u00f1a prorrogar\u00e1 15 d\u00edas los controles a los viajeros procedentes de Italia. Esta es la respuesta a la decisi\u00f3n adoptada por el Ejecutivo de Meloni","og:url":"https:\/\/candas365.es\/noticias\/espana-controlara-a-los-viajeros-procedentes-de-italia\/","og:image":"https:\/\/candas365.es\/noticias\/wp-content\/uploads\/2026\/08\/Espana-controlara-a-los-viajeros-procedentes-de-Italia.jpg","og:image:secure_url":"https:\/\/candas365.es\/noticias\/wp-content\/uploads\/2026\/08\/Espana-controlara-a-los-viajeros-procedentes-de-Italia.jpg","og:image:width":1258,"og:image:height":842,"article:published_time":"2026-08-31T13:47:35+00:00","article:modified_time":"2026-08-31T13:47:35+00:00","article:publisher":"https:\/\/www.facebook.com\/Nachofdezber","article:author":"https:\/\/www.facebook.com\/Nachofdezber","twitter:card":"summary_large_image","twitter:site":"@candas365","twitter:title":"Espa\u00f1a controlar\u00e1 a los viajeros procedentes de Italia \u2013 Cand\u00e1s 365","twitter:description":"El Gobierno de Espa\u00f1a prorrogar\u00e1 15 d\u00edas los controles a los viajeros procedentes de Italia. Esta es la respuesta a la decisi\u00f3n adoptada por el Ejecutivo de Meloni","twitter:creator":"@candas365","twitter:image":"https:\/\/candas365.es\/noticias\/wp-content\/uploads\/2026\/08\/Espana-controlara-a-los-viajeros-procedentes-de-Italia.jpg","twitter:label1":"Escrito por","twitter:data1":"Cand\u00e1s 365","twitter:label2":"Tiempo de lectura estimado","twitter:data2":"2 minutos"},"aioseo_meta_data":{"post_id":"197926","title":null,"description":"El Gobierno de Espa\u00f1a prorrogar\u00e1 15 d\u00edas los controles a los viajeros procedentes de Italia. Esta es la respuesta a la decisi\u00f3n adoptada por el Ejecutivo de Meloni","keywords":null,"keyphrases":{"focus":{"keyphrase":"viajeros procedentes","score":0,"analysis":[]},"additional":[{"keyphrase":"Espa\u00f1a","score":0}]},"primary_term":null,"canonical_url":null,"og_title":"#post_title #separator_sa #site_title","og_description":"El Gobierno de Espa\u00f1a prorrogar\u00e1 15 d\u00edas los controles a los viajeros procedentes de Italia. Esta es la respuesta a la decisi\u00f3n adoptada por el Ejecutivo de Meloni","og_object_type":"default","og_image_type":"default","og_image_url":null,"og_image_width":null,"og_image_height":null,"og_image_custom_url":null,"og_image_custom_fields":null,"og_video":"","og_custom_url":null,"og_article_section":null,"og_article_tags":null,"twitter_use_og":false,"twitter_card":"default","twitter_image_type":"default","twitter_image_url":null,"twitter_image_custom_url":null,"twitter_image_custom_fields":null,"twitter_title":"#post_title #separator_sa #site_title","twitter_description":"El Gobierno de Espa\u00f1a prorrogar\u00e1 15 d\u00edas los controles a los viajeros procedentes de Italia. Esta es la respuesta a la decisi\u00f3n adoptada por el Ejecutivo de Meloni","schema":{"blockGraphs":[],"customGraphs":[],"default":{"data":{"Article":[],"Course":[],"Dataset":[],"FAQPage":[],"Movie":[],"Person":[],"Product":[],"ProductReview":[],"Car":[],"Recipe":[],"Service":[],"SoftwareApplication":[],"WebPage":[]},"graphName":"NewsArticle","isEnabled":true},"graphs":[]},"schema_type":"default","schema_type_options":null,"pillar_content":false,"robots_default":true,"robots_noindex":false,"robots_noarchive":false,"robots_nosnippet":false,"robots_nofollow":false,"robots_noimageindex":false,"robots_noodp":false,"robots_notranslate":false,"robots_max_snippet":"-1","robots_max_videopreview":"-1","robots_max_imagepreview":"large","priority":null,"frequency":"default","location":null,"local_seo":null,"seo_analyzer_scan_date":"2026-08-31 13:48:18","breadcrumb_settings":null,"limit_modified_date":false,"reviewed_by":"0","open_ai":null,"ai":{"faqs":[],"keyPoints":[],"schemas":[],"titles":[],"descriptions":[],"socialPosts":{"email":{"subject":"","preview":"","content":""},"linkedin":[],"twitter":[],"facebook":[],"instagram":[]}},"created":"2026-08-31 08:00:08","updated":"2026-08-31 13:48:18","focus_keyword":"viajeros procedentes","additional_keywords":[{"word":"Espa\u00f1a","score":100,"items":{"introductionKeyword":{"score":9},"keyphraseLength":{"score":9},"keyphraseDensity":{"score":9},"functionWordsInKeyphrase":{"score":9},"textCompetingLinks":{"score":9},"imageKeyphrase":{"score":9}}}],"truseo_locale":null},"aioseo_breadcrumb":"<div class=\"aioseo-breadcrumbs\"><span class=\"aioseo-breadcrumb\">\n\t<a href=\"https:\/\/candas365.es\/noticias\" title=\"Home\">Home<\/a>\n<\/span><span class=\"aioseo-breadcrumb-separator\">&ndash;<\/span><span class=\"aioseo-breadcrumb\">\n\t<a href=\"https:\/\/candas365.es\/noticias\/category\/destacadas\/\" title=\"Destacadas\">Destacadas<\/a>\n<\/span><span class=\"aioseo-breadcrumb-separator\">&ndash;<\/span><span class=\"aioseo-breadcrumb\">\n\tEspa\u00f1a controlar\u00e1 a los viajeros procedentes de Italia\n<\/span><\/div>","aioseo_breadcrumb_json":[{"label":"Home","link":"https:\/\/candas365.es\/noticias"},{"label":"Destacadas","link":"https:\/\/candas365.es\/noticias\/category\/destacadas\/"},{"label":"Espa\u00f1a controlar\u00e1 a los viajeros procedentes de Italia","link":"https:\/\/candas365.es\/noticias\/espana-controlara-a-los-viajeros-procedentes-de-italia\/"}],"_links":{"self":[{"href":"https:\/\/candas365.es\/noticias\/wp-json\/wp\/v2\/posts\/197926","targetHints":{"allow":["GET"]}}],"collection":[{"href":"https:\/\/candas365.es\/noticias\/wp-json\/wp\/v2\/posts"}],"about":[{"href":"https:\/\/candas365.es\/noticias\/wp-json\/wp\/v2\/types\/post"}],"author":[{"embeddable":true,"href":"https:\/\/candas365.es\/noticias\/wp-json\/wp\/v2\/users\/1"}],"replies":[{"embeddable":true,"href":"https:\/\/candas365.es\/noticias\/wp-json\/wp\/v2\/comments?post=197926"}],"version-history":[{"count":1,"href":"https:\/\/candas365.es\/noticias\/wp-json\/wp\/v2\/posts\/197926\/revisions"}],"predecessor-version":[{"id":197928,"href":"https:\/\/candas365.es\/noticias\/wp-json\/wp\/v2\/posts\/197926\/revisions\/197928"}],"wp:featuredmedia":[{"embeddable":true,"href":"https:\/\/candas365.es\/noticias\/wp-json\/wp\/v2\/media\/197927"}],"wp:attachment":[{"href":"https:\/\/candas365.es\/noticias\/wp-json\/wp\/v2\/media?parent=197926"}],"wp:term":[{"taxonomy":"category","embeddable":true,"href":"https:\/\/candas365.es\/noticias\/wp-json\/wp\/v2\/categories?post=197926"},{"taxonomy":"post_tag","embeddable":true,"href":"https:\/\/candas365.es\/noticias\/wp-json\/wp\/v2\/tags?post=197926"}],"curies":[{"name":"wp","href":"https:\/\/api.w.org\/{rel}","templated":true}]}}