{"id":194435,"date":"2026-05-02T23:29:42","date_gmt":"2026-05-02T21:29:42","guid":{"rendered":"https:\/\/candas365.es\/noticias\/?p=194435"},"modified":"2026-05-02T23:29:42","modified_gmt":"2026-05-02T21:29:42","slug":"solo-al-40-de-jovenes-alemanes-le-preocupa-el-cambio-climatico","status":"publish","type":"post","link":"https:\/\/candas365.es\/noticias\/solo-al-40-de-jovenes-alemanes-le-preocupa-el-cambio-climatico\/","title":{"rendered":"Solo al 40 % de j\u00f3venes alemanes le preocupa el cambio clim\u00e1tico"},"content":{"rendered":"<p>Berl\u00edn, 1 may (<a href=\"https:\/\/www.dpa-news.de\/\" target=\"_blank\" rel=\"noopener\"><span style=\"color: #ff6600;\"><strong>dpa<\/strong><\/span><\/a>) \u2013 Alrededor del 40 % de los j\u00f3venes alemanes considera el <a href=\"https:\/\/candas365.es\/noticias\/category\/sociedad\/\"><span style=\"color: #ff6600;\"><strong>cambio clim\u00e1tico<\/strong><\/span><\/a> un tema importante en sus vidas, seg\u00fan una encuesta representativa realizada por el Instituto Sinus para la aseguradora de salud Barmer, a la que tuvo acceso la agencia dpa.<\/p>\n<figure id=\"attachment_194436\" aria-describedby=\"caption-attachment-194436\" style=\"width: 650px\" class=\"wp-caption aligncenter\"><img fetchpriority=\"high\" decoding=\"async\" class=\"size-large wp-image-194436\" src=\"https:\/\/candas365.es\/noticias\/wp-content\/uploads\/2026\/05\/Solo-al-40-de-jovenes-alemanes-le-preocupa-el-cambio-climatico-650x365.jpg\" alt=\"Solo al 40 % de j\u00f3venes alemanes le preocupa el cambio clim\u00e1tico\" width=\"650\" height=\"365\" srcset=\"https:\/\/candas365.es\/noticias\/wp-content\/uploads\/2026\/05\/Solo-al-40-de-jovenes-alemanes-le-preocupa-el-cambio-climatico-650x365.jpg 650w, https:\/\/candas365.es\/noticias\/wp-content\/uploads\/2026\/05\/Solo-al-40-de-jovenes-alemanes-le-preocupa-el-cambio-climatico-360x202.jpg 360w, https:\/\/candas365.es\/noticias\/wp-content\/uploads\/2026\/05\/Solo-al-40-de-jovenes-alemanes-le-preocupa-el-cambio-climatico-768x432.jpg 768w, https:\/\/candas365.es\/noticias\/wp-content\/uploads\/2026\/05\/Solo-al-40-de-jovenes-alemanes-le-preocupa-el-cambio-climatico-150x84.jpg 150w, https:\/\/candas365.es\/noticias\/wp-content\/uploads\/2026\/05\/Solo-al-40-de-jovenes-alemanes-le-preocupa-el-cambio-climatico-450x253.jpg 450w, https:\/\/candas365.es\/noticias\/wp-content\/uploads\/2026\/05\/Solo-al-40-de-jovenes-alemanes-le-preocupa-el-cambio-climatico-1200x675.jpg 1200w, https:\/\/candas365.es\/noticias\/wp-content\/uploads\/2026\/05\/Solo-al-40-de-jovenes-alemanes-le-preocupa-el-cambio-climatico.jpg 1254w\" sizes=\"(max-width: 650px) 100vw, 650px\" \/><figcaption id=\"caption-attachment-194436\" class=\"wp-caption-text\">Foto: 123rf.com<\/figcaption><\/figure>\n<p>Los resultados de la consulta muestran que el cambio clim\u00e1tico preocupa menos a los j\u00f3venes alemanes que hace unos a\u00f1os, ya que en 2021 la preocupaci\u00f3n entre ellos rondaba el 60 %, seg\u00fan la encuesta realizada entonces.<\/p>\n<p>Al mismo tiempo, la proporci\u00f3n de quienes consideran el tema poco importante aument\u00f3 del 9 % en 2021 al 17 % en 2025.<\/p>\n<p>Para el estudio, se encuest\u00f3 en l\u00ednea a 2.000 j\u00f3venes de entre 14 y 17 a\u00f1os en todo el pa\u00eds entre el 16 de octubre y el 20 de noviembre del pasado a\u00f1o.<\/p>\n<p>El intenso temor al cambio clim\u00e1tico se ha vuelto menos com\u00fan entre los j\u00f3venes: en 2025, poco menos de un tercio de los j\u00f3venes (31 %) afirm\u00f3 tener mucho miedo al cambio clim\u00e1tico. En 2021, esta cifra ascendi\u00f3 al 39 %. Al mismo tiempo, el 22 % afirm\u00f3 ahora no tener miedo, frente al 14 % en 2021. Casi la mitad (47 %) expres\u00f3 sentimientos encontrados, sin cambios respecto a 2021.<\/p>\n<p>Aunque el tema parezca estar perdiendo importancia entre los j\u00f3venes, la situaci\u00f3n no ha mejorado en absoluto. Al contrario: el cambio clim\u00e1tico se hace cada vez m\u00e1s evidente en Europa.<\/p>\n<p>El Viejo Continente se ha estado calentando al doble de velocidad que el resto del mundo desde la d\u00e9cada de 1980, seg\u00fan declar\u00f3 la argentina Celeste Saulo, secretaria general de la Organizaci\u00f3n Meteorol\u00f3gica Mundial (OMMM), durante la presentaci\u00f3n de un informe sobre el estado del clima.<\/p>\n<p>En 2025, Europa experiment\u00f3, entre otros fen\u00f3menos, una dr\u00e1stica disminuci\u00f3n de la capa de nieve y hielo, sequ\u00edas, olas de calor, incendios forestales y calentamiento de los mares, muchos de ellos a niveles r\u00e9cord.<\/p>\n","protected":false},"excerpt":{"rendered":"<p>Berl\u00edn, 1 may (dpa) \u2013 Alrededor del 40 % de los j\u00f3venes alemanes considera el cambio clim\u00e1tico un tema importante en sus vidas, seg\u00fan una encuesta representativa realizada por el Instituto Sinus para la aseguradora de salud Barmer, a la que tuvo acceso la agencia dpa. Los resultados de la consulta muestran que el cambio<\/p>\n","protected":false},"author":1,"featured_media":194436,"comment_status":"closed","ping_status":"closed","sticky":false,"template":"","format":"standard","meta":{"footnotes":""},"categories":[485],"tags":[418],"class_list":{"0":"post-194435","1":"post","2":"type-post","3":"status-publish","4":"format-standard","5":"has-post-thumbnail","7":"category-internacional","8":"tag-internacional"},"aioseo_notices":[],"aioseo_head":"\n\t\t<!-- All in One SEO Pro 4.9.6.2 - aioseo.com -->\n\t<meta name=\"description\" content=\"Berl\u00edn, 1 may (dpa) \u2013 Alrededor del 40 % de los j\u00f3venes alemanes considera el cambio clim\u00e1tico un tema importante en sus vidas, seg\u00fan una encuesta\" \/>\n\t<meta name=\"robots\" content=\"max-image-preview:large\" \/>\n\t<meta name=\"author\" content=\"Cand\u00e1s 365\"\/>\n\t<meta name=\"google-site-verification\" content=\"UA-32230408-1\" \/>\n\t<meta name=\"msvalidate.01\" content=\"354F3CDFB2DA171B47FBE9ABF1F88D5\" \/>\n\t<meta name=\"keywords\" content=\"internacional\" \/>\n\t<link rel=\"canonical\" href=\"https:\/\/candas365.es\/noticias\/solo-al-40-de-jovenes-alemanes-le-preocupa-el-cambio-climatico\/\" \/>\n\t<meta name=\"generator\" content=\"All in One SEO Pro (AIOSEO) 4.9.6.2\" \/>\n\t\t<meta property=\"og:locale\" content=\"es_ES\" \/>\n\t\t<meta property=\"og:site_name\" content=\"Cand\u00e1s 365\" \/>\n\t\t<meta property=\"og:type\" content=\"article\" \/>\n\t\t<meta property=\"og:title\" content=\"Solo al 40 % de j\u00f3venes alemanes le preocupa el cambio clim\u00e1tico | Cand\u00e1s 365\" \/>\n\t\t<meta property=\"og:description\" content=\"Berl\u00edn, 1 may (dpa) \u2013 Alrededor del 40 % de los j\u00f3venes alemanes considera el cambio clim\u00e1tico un tema importante en sus vidas, seg\u00fan una encuesta\" \/>\n\t\t<meta property=\"og:url\" content=\"https:\/\/candas365.es\/noticias\/solo-al-40-de-jovenes-alemanes-le-preocupa-el-cambio-climatico\/\" \/>\n\t\t<meta property=\"og:image\" content=\"https:\/\/candas365.es\/noticias\/wp-content\/uploads\/2026\/05\/Solo-al-40-de-jovenes-alemanes-le-preocupa-el-cambio-climatico.jpg\" \/>\n\t\t<meta property=\"og:image:secure_url\" content=\"https:\/\/candas365.es\/noticias\/wp-content\/uploads\/2026\/05\/Solo-al-40-de-jovenes-alemanes-le-preocupa-el-cambio-climatico.jpg\" \/>\n\t\t<meta property=\"og:image:width\" content=\"1254\" \/>\n\t\t<meta property=\"og:image:height\" content=\"705\" \/>\n\t\t<meta property=\"article:published_time\" content=\"2026-05-02T21:29:42+00:00\" \/>\n\t\t<meta property=\"article:modified_time\" content=\"2026-05-02T21:29:42+00:00\" \/>\n\t\t<meta property=\"article:publisher\" content=\"https:\/\/www.facebook.com\/Nachofdezber\" \/>\n\t\t<meta property=\"article:author\" content=\"https:\/\/www.facebook.com\/carrenoactualidad\" \/>\n\t\t<meta name=\"twitter:card\" content=\"summary_large_image\" \/>\n\t\t<meta name=\"twitter:site\" content=\"@NabercoDigital\" \/>\n\t\t<meta name=\"twitter:title\" content=\"Solo al 40 % de j\u00f3venes alemanes le preocupa el cambio clim\u00e1tico | Cand\u00e1s 365\" \/>\n\t\t<meta name=\"twitter:description\" content=\"Berl\u00edn, 1 may (dpa) \u2013 Alrededor del 40 % de los j\u00f3venes alemanes considera el cambio clim\u00e1tico un tema importante en sus vidas, seg\u00fan una encuesta\" \/>\n\t\t<meta name=\"twitter:creator\" content=\"@nbasturias\" \/>\n\t\t<meta name=\"twitter:image\" content=\"https:\/\/candas365.es\/noticias\/wp-content\/uploads\/2026\/05\/Solo-al-40-de-jovenes-alemanes-le-preocupa-el-cambio-climatico.jpg\" \/>\n\t\t<meta name=\"twitter:label1\" content=\"Escrito por\" \/>\n\t\t<meta name=\"twitter:data1\" content=\"Cand\u00e1s 365\" \/>\n\t\t<meta name=\"twitter:label2\" content=\"Tiempo de lectura estimado\" \/>\n\t\t<meta name=\"twitter:data2\" content=\"2 minutos\" \/>\n\t\t<script type=\"application\/ld+json\" class=\"aioseo-schema\">\n\t\t\t{\"@context\":\"https:\\\/\\\/schema.org\",\"@graph\":[{\"@type\":\"BreadcrumbList\",\"@id\":\"https:\\\/\\\/candas365.es\\\/noticias\\\/solo-al-40-de-jovenes-alemanes-le-preocupa-el-cambio-climatico\\\/#breadcrumblist\",\"itemListElement\":[{\"@type\":\"ListItem\",\"@id\":\"https:\\\/\\\/candas365.es\\\/noticias#listItem\",\"position\":1,\"name\":\"Home\",\"item\":\"https:\\\/\\\/candas365.es\\\/noticias\",\"nextItem\":{\"@type\":\"ListItem\",\"@id\":\"https:\\\/\\\/candas365.es\\\/noticias\\\/category\\\/internacional\\\/#listItem\",\"name\":\"Internacional\"}},{\"@type\":\"ListItem\",\"@id\":\"https:\\\/\\\/candas365.es\\\/noticias\\\/category\\\/internacional\\\/#listItem\",\"position\":2,\"name\":\"Internacional\",\"item\":\"https:\\\/\\\/candas365.es\\\/noticias\\\/category\\\/internacional\\\/\",\"nextItem\":{\"@type\":\"ListItem\",\"@id\":\"https:\\\/\\\/candas365.es\\\/noticias\\\/solo-al-40-de-jovenes-alemanes-le-preocupa-el-cambio-climatico\\\/#listItem\",\"name\":\"Solo al 40 % de j\\u00f3venes alemanes le preocupa el cambio clim\\u00e1tico\"},\"previousItem\":{\"@type\":\"ListItem\",\"@id\":\"https:\\\/\\\/candas365.es\\\/noticias#listItem\",\"name\":\"Home\"}},{\"@type\":\"ListItem\",\"@id\":\"https:\\\/\\\/candas365.es\\\/noticias\\\/solo-al-40-de-jovenes-alemanes-le-preocupa-el-cambio-climatico\\\/#listItem\",\"position\":3,\"name\":\"Solo al 40 % de j\\u00f3venes alemanes le preocupa el cambio clim\\u00e1tico\",\"previousItem\":{\"@type\":\"ListItem\",\"@id\":\"https:\\\/\\\/candas365.es\\\/noticias\\\/category\\\/internacional\\\/#listItem\",\"name\":\"Internacional\"}}]},{\"@type\":\"NewsArticle\",\"@id\":\"https:\\\/\\\/candas365.es\\\/noticias\\\/solo-al-40-de-jovenes-alemanes-le-preocupa-el-cambio-climatico\\\/#newsarticle\",\"name\":\"Solo al 40 % de j\\u00f3venes alemanes le preocupa el cambio clim\\u00e1tico | Cand\\u00e1s 365\",\"headline\":\"Solo al 40 % de j\\u00f3venes alemanes le preocupa el cambio clim\\u00e1tico\",\"author\":{\"@id\":\"https:\\\/\\\/candas365.es\\\/noticias\\\/author\\\/admin\\\/#author\"},\"publisher\":{\"@id\":\"https:\\\/\\\/candas365.es\\\/noticias\\\/#organization\"},\"image\":{\"@type\":\"ImageObject\",\"url\":\"https:\\\/\\\/candas365.es\\\/noticias\\\/wp-content\\\/uploads\\\/2026\\\/05\\\/Solo-al-40-de-jovenes-alemanes-le-preocupa-el-cambio-climatico.jpg\",\"width\":1254,\"height\":705,\"caption\":\"Foto: 123rf.com\"},\"datePublished\":\"2026-05-02T23:29:42+02:00\",\"dateModified\":\"2026-05-02T23:29:42+02:00\",\"inLanguage\":\"es-ES\",\"mainEntityOfPage\":{\"@id\":\"https:\\\/\\\/candas365.es\\\/noticias\\\/solo-al-40-de-jovenes-alemanes-le-preocupa-el-cambio-climatico\\\/#webpage\"},\"isPartOf\":{\"@id\":\"https:\\\/\\\/candas365.es\\\/noticias\\\/solo-al-40-de-jovenes-alemanes-le-preocupa-el-cambio-climatico\\\/#webpage\"},\"articleSection\":\"Internacional, Internacional\",\"dateline\":\"Publicado el mayo 2, 2026.\"},{\"@type\":\"Organization\",\"@id\":\"https:\\\/\\\/candas365.es\\\/noticias\\\/#organization\",\"name\":\"Cand\\u00e1s 365\",\"description\":\"Cand\\u00e1s 365 es un diario digital independiente, fundado en 2012, con base en Asturias. Informamos con rigor sobre actualidad, sociedad, cultura y ocio, con una mirada local y global.\",\"url\":\"https:\\\/\\\/candas365.es\\\/noticias\\\/\",\"email\":\"info@candas365.es\",\"telephone\":\"+34652131393\",\"foundingDate\":\"2012-06-10\",\"logo\":{\"@type\":\"ImageObject\",\"url\":\"https:\\\/\\\/candas365.es\\\/noticias\\\/wp-content\\\/uploads\\\/2024\\\/09\\\/Candas-365-Redes.jpg\",\"@id\":\"https:\\\/\\\/candas365.es\\\/noticias\\\/solo-al-40-de-jovenes-alemanes-le-preocupa-el-cambio-climatico\\\/#organizationLogo\",\"width\":1152,\"height\":864,\"caption\":\"Cand\\u00e1s 365 Redes\"},\"image\":{\"@id\":\"https:\\\/\\\/candas365.es\\\/noticias\\\/solo-al-40-de-jovenes-alemanes-le-preocupa-el-cambio-climatico\\\/#organizationLogo\"},\"sameAs\":[\"https:\\\/\\\/www.facebook.com\\\/Nachofdezber\",\"https:\\\/\\\/x.com\\\/NabercoDigital\",\"https:\\\/\\\/www.instagram.com\\\/nachofdezber\\\/\",\"https:\\\/\\\/www.youtube.com\\\/channel\\\/UCZP-2wLEB9Rv6erhFmqVnvg\"],\"address\":{\"@id\":\"https:\\\/\\\/candas365.es\\\/noticias\\\/#postaladdress\",\"@type\":\"PostalAddress\",\"streetAddress\":\"san antonio 4, san antonio 4\",\"postalCode\":\"33430\",\"addressLocality\":\"Cand\\u00e1s\",\"addressRegion\":\"Asturias\",\"addressCountry\":\"ES\"}},{\"@type\":\"Person\",\"@id\":\"https:\\\/\\\/candas365.es\\\/noticias\\\/author\\\/admin\\\/#author\",\"url\":\"https:\\\/\\\/candas365.es\\\/noticias\\\/author\\\/admin\\\/\",\"name\":\"Cand\\u00e1s 365\",\"image\":{\"@type\":\"ImageObject\",\"@id\":\"https:\\\/\\\/candas365.es\\\/noticias\\\/solo-al-40-de-jovenes-alemanes-le-preocupa-el-cambio-climatico\\\/#authorImage\",\"url\":\"https:\\\/\\\/secure.gravatar.com\\\/avatar\\\/496a8e03d0c493ede1718b7934145dbdf8d89be1036b0eec9544e1094c9de390?s=96&d=mm&r=g\",\"width\":96,\"height\":96,\"caption\":\"Cand\\u00e1s 365\"},\"sameAs\":[\"https:\\\/\\\/www.facebook.com\\\/carrenoactualidad\",\"https:\\\/\\\/twitter.com\\\/nbasturias\",\"https:\\\/\\\/www.instagram.com\\\/nachofdezber\\\/\",\"https:\\\/\\\/www.youtube.com\\\/channel\\\/UCZP-2wLEB9Rv6erhFmqVnvg\"]},{\"@type\":\"WebPage\",\"@id\":\"https:\\\/\\\/candas365.es\\\/noticias\\\/solo-al-40-de-jovenes-alemanes-le-preocupa-el-cambio-climatico\\\/#webpage\",\"url\":\"https:\\\/\\\/candas365.es\\\/noticias\\\/solo-al-40-de-jovenes-alemanes-le-preocupa-el-cambio-climatico\\\/\",\"name\":\"Solo al 40 % de j\\u00f3venes alemanes le preocupa el cambio clim\\u00e1tico | Cand\\u00e1s 365\",\"description\":\"Berl\\u00edn, 1 may (dpa) \\u2013 Alrededor del 40 % de los j\\u00f3venes alemanes considera el cambio clim\\u00e1tico un tema importante en sus vidas, seg\\u00fan una encuesta\",\"inLanguage\":\"es-ES\",\"isPartOf\":{\"@id\":\"https:\\\/\\\/candas365.es\\\/noticias\\\/#website\"},\"breadcrumb\":{\"@id\":\"https:\\\/\\\/candas365.es\\\/noticias\\\/solo-al-40-de-jovenes-alemanes-le-preocupa-el-cambio-climatico\\\/#breadcrumblist\"},\"author\":{\"@id\":\"https:\\\/\\\/candas365.es\\\/noticias\\\/author\\\/admin\\\/#author\"},\"creator\":{\"@id\":\"https:\\\/\\\/candas365.es\\\/noticias\\\/author\\\/admin\\\/#author\"},\"image\":{\"@type\":\"ImageObject\",\"url\":\"https:\\\/\\\/candas365.es\\\/noticias\\\/wp-content\\\/uploads\\\/2026\\\/05\\\/Solo-al-40-de-jovenes-alemanes-le-preocupa-el-cambio-climatico.jpg\",\"@id\":\"https:\\\/\\\/candas365.es\\\/noticias\\\/solo-al-40-de-jovenes-alemanes-le-preocupa-el-cambio-climatico\\\/#mainImage\",\"width\":1254,\"height\":705,\"caption\":\"Foto: 123rf.com\"},\"primaryImageOfPage\":{\"@id\":\"https:\\\/\\\/candas365.es\\\/noticias\\\/solo-al-40-de-jovenes-alemanes-le-preocupa-el-cambio-climatico\\\/#mainImage\"},\"datePublished\":\"2026-05-02T23:29:42+02:00\",\"dateModified\":\"2026-05-02T23:29:42+02:00\"},{\"@type\":\"WebSite\",\"@id\":\"https:\\\/\\\/candas365.es\\\/noticias\\\/#website\",\"url\":\"https:\\\/\\\/candas365.es\\\/noticias\\\/\",\"name\":\"Cand\\u00e1s 365\",\"alternateName\":\"Cand\\u00e1s 365 Noticias\",\"description\":\"Actualidad desde Carre\\u00f1o para el mundo\",\"inLanguage\":\"es-ES\",\"publisher\":{\"@id\":\"https:\\\/\\\/candas365.es\\\/noticias\\\/#organization\"}}]}\n\t\t<\/script>\n\t\t<!-- All in One SEO Pro -->\r\n\t\t<title>Solo al 40 % de j\u00f3venes alemanes le preocupa el cambio clim\u00e1tico | Cand\u00e1s 365<\/title>\n\n","aioseo_head_json":{"title":"Solo al 40 % de j\u00f3venes alemanes le preocupa el cambio clim\u00e1tico | Cand\u00e1s 365","description":"Berl\u00edn, 1 may (dpa) \u2013 Alrededor del 40 % de los j\u00f3venes alemanes considera el cambio clim\u00e1tico un tema importante en sus vidas, seg\u00fan una encuesta","canonical_url":"https:\/\/candas365.es\/noticias\/solo-al-40-de-jovenes-alemanes-le-preocupa-el-cambio-climatico\/","robots":"max-image-preview:large","keywords":"internacional","webmasterTools":{"google-site-verification":"UA-32230408-1","msvalidate.01":"354F3CDFB2DA171B47FBE9ABF1F88D5","miscellaneous":""},"schema":{"@context":"https:\/\/schema.org","@graph":[{"@type":"BreadcrumbList","@id":"https:\/\/candas365.es\/noticias\/solo-al-40-de-jovenes-alemanes-le-preocupa-el-cambio-climatico\/#breadcrumblist","itemListElement":[{"@type":"ListItem","@id":"https:\/\/candas365.es\/noticias#listItem","position":1,"name":"Home","item":"https:\/\/candas365.es\/noticias","nextItem":{"@type":"ListItem","@id":"https:\/\/candas365.es\/noticias\/category\/internacional\/#listItem","name":"Internacional"}},{"@type":"ListItem","@id":"https:\/\/candas365.es\/noticias\/category\/internacional\/#listItem","position":2,"name":"Internacional","item":"https:\/\/candas365.es\/noticias\/category\/internacional\/","nextItem":{"@type":"ListItem","@id":"https:\/\/candas365.es\/noticias\/solo-al-40-de-jovenes-alemanes-le-preocupa-el-cambio-climatico\/#listItem","name":"Solo al 40 % de j\u00f3venes alemanes le preocupa el cambio clim\u00e1tico"},"previousItem":{"@type":"ListItem","@id":"https:\/\/candas365.es\/noticias#listItem","name":"Home"}},{"@type":"ListItem","@id":"https:\/\/candas365.es\/noticias\/solo-al-40-de-jovenes-alemanes-le-preocupa-el-cambio-climatico\/#listItem","position":3,"name":"Solo al 40 % de j\u00f3venes alemanes le preocupa el cambio clim\u00e1tico","previousItem":{"@type":"ListItem","@id":"https:\/\/candas365.es\/noticias\/category\/internacional\/#listItem","name":"Internacional"}}]},{"@type":"NewsArticle","@id":"https:\/\/candas365.es\/noticias\/solo-al-40-de-jovenes-alemanes-le-preocupa-el-cambio-climatico\/#newsarticle","name":"Solo al 40 % de j\u00f3venes alemanes le preocupa el cambio clim\u00e1tico | Cand\u00e1s 365","headline":"Solo al 40 % de j\u00f3venes alemanes le preocupa el cambio clim\u00e1tico","author":{"@id":"https:\/\/candas365.es\/noticias\/author\/admin\/#author"},"publisher":{"@id":"https:\/\/candas365.es\/noticias\/#organization"},"image":{"@type":"ImageObject","url":"https:\/\/candas365.es\/noticias\/wp-content\/uploads\/2026\/05\/Solo-al-40-de-jovenes-alemanes-le-preocupa-el-cambio-climatico.jpg","width":1254,"height":705,"caption":"Foto: 123rf.com"},"datePublished":"2026-05-02T23:29:42+02:00","dateModified":"2026-05-02T23:29:42+02:00","inLanguage":"es-ES","mainEntityOfPage":{"@id":"https:\/\/candas365.es\/noticias\/solo-al-40-de-jovenes-alemanes-le-preocupa-el-cambio-climatico\/#webpage"},"isPartOf":{"@id":"https:\/\/candas365.es\/noticias\/solo-al-40-de-jovenes-alemanes-le-preocupa-el-cambio-climatico\/#webpage"},"articleSection":"Internacional, Internacional","dateline":"Publicado el mayo 2, 2026."},{"@type":"Organization","@id":"https:\/\/candas365.es\/noticias\/#organization","name":"Cand\u00e1s 365","description":"Cand\u00e1s 365 es un diario digital independiente, fundado en 2012, con base en Asturias. Informamos con rigor sobre actualidad, sociedad, cultura y ocio, con una mirada local y global.","url":"https:\/\/candas365.es\/noticias\/","email":"info@candas365.es","telephone":"+34652131393","foundingDate":"2012-06-10","logo":{"@type":"ImageObject","url":"https:\/\/candas365.es\/noticias\/wp-content\/uploads\/2024\/09\/Candas-365-Redes.jpg","@id":"https:\/\/candas365.es\/noticias\/solo-al-40-de-jovenes-alemanes-le-preocupa-el-cambio-climatico\/#organizationLogo","width":1152,"height":864,"caption":"Cand\u00e1s 365 Redes"},"image":{"@id":"https:\/\/candas365.es\/noticias\/solo-al-40-de-jovenes-alemanes-le-preocupa-el-cambio-climatico\/#organizationLogo"},"sameAs":["https:\/\/www.facebook.com\/Nachofdezber","https:\/\/x.com\/NabercoDigital","https:\/\/www.instagram.com\/nachofdezber\/","https:\/\/www.youtube.com\/channel\/UCZP-2wLEB9Rv6erhFmqVnvg"],"address":{"@id":"https:\/\/candas365.es\/noticias\/#postaladdress","@type":"PostalAddress","streetAddress":"san antonio 4, san antonio 4","postalCode":"33430","addressLocality":"Cand\u00e1s","addressRegion":"Asturias","addressCountry":"ES"}},{"@type":"Person","@id":"https:\/\/candas365.es\/noticias\/author\/admin\/#author","url":"https:\/\/candas365.es\/noticias\/author\/admin\/","name":"Cand\u00e1s 365","image":{"@type":"ImageObject","@id":"https:\/\/candas365.es\/noticias\/solo-al-40-de-jovenes-alemanes-le-preocupa-el-cambio-climatico\/#authorImage","url":"https:\/\/secure.gravatar.com\/avatar\/496a8e03d0c493ede1718b7934145dbdf8d89be1036b0eec9544e1094c9de390?s=96&d=mm&r=g","width":96,"height":96,"caption":"Cand\u00e1s 365"},"sameAs":["https:\/\/www.facebook.com\/carrenoactualidad","https:\/\/twitter.com\/nbasturias","https:\/\/www.instagram.com\/nachofdezber\/","https:\/\/www.youtube.com\/channel\/UCZP-2wLEB9Rv6erhFmqVnvg"]},{"@type":"WebPage","@id":"https:\/\/candas365.es\/noticias\/solo-al-40-de-jovenes-alemanes-le-preocupa-el-cambio-climatico\/#webpage","url":"https:\/\/candas365.es\/noticias\/solo-al-40-de-jovenes-alemanes-le-preocupa-el-cambio-climatico\/","name":"Solo al 40 % de j\u00f3venes alemanes le preocupa el cambio clim\u00e1tico | Cand\u00e1s 365","description":"Berl\u00edn, 1 may (dpa) \u2013 Alrededor del 40 % de los j\u00f3venes alemanes considera el cambio clim\u00e1tico un tema importante en sus vidas, seg\u00fan una encuesta","inLanguage":"es-ES","isPartOf":{"@id":"https:\/\/candas365.es\/noticias\/#website"},"breadcrumb":{"@id":"https:\/\/candas365.es\/noticias\/solo-al-40-de-jovenes-alemanes-le-preocupa-el-cambio-climatico\/#breadcrumblist"},"author":{"@id":"https:\/\/candas365.es\/noticias\/author\/admin\/#author"},"creator":{"@id":"https:\/\/candas365.es\/noticias\/author\/admin\/#author"},"image":{"@type":"ImageObject","url":"https:\/\/candas365.es\/noticias\/wp-content\/uploads\/2026\/05\/Solo-al-40-de-jovenes-alemanes-le-preocupa-el-cambio-climatico.jpg","@id":"https:\/\/candas365.es\/noticias\/solo-al-40-de-jovenes-alemanes-le-preocupa-el-cambio-climatico\/#mainImage","width":1254,"height":705,"caption":"Foto: 123rf.com"},"primaryImageOfPage":{"@id":"https:\/\/candas365.es\/noticias\/solo-al-40-de-jovenes-alemanes-le-preocupa-el-cambio-climatico\/#mainImage"},"datePublished":"2026-05-02T23:29:42+02:00","dateModified":"2026-05-02T23:29:42+02:00"},{"@type":"WebSite","@id":"https:\/\/candas365.es\/noticias\/#website","url":"https:\/\/candas365.es\/noticias\/","name":"Cand\u00e1s 365","alternateName":"Cand\u00e1s 365 Noticias","description":"Actualidad desde Carre\u00f1o para el mundo","inLanguage":"es-ES","publisher":{"@id":"https:\/\/candas365.es\/noticias\/#organization"}}]},"og:locale":"es_ES","og:site_name":"Cand\u00e1s 365","og:type":"article","og:title":"Solo al 40 % de j\u00f3venes alemanes le preocupa el cambio clim\u00e1tico | Cand\u00e1s 365","og:description":"Berl\u00edn, 1 may (dpa) \u2013 Alrededor del 40 % de los j\u00f3venes alemanes considera el cambio clim\u00e1tico un tema importante en sus vidas, seg\u00fan una encuesta","og:url":"https:\/\/candas365.es\/noticias\/solo-al-40-de-jovenes-alemanes-le-preocupa-el-cambio-climatico\/","og:image":"https:\/\/candas365.es\/noticias\/wp-content\/uploads\/2026\/05\/Solo-al-40-de-jovenes-alemanes-le-preocupa-el-cambio-climatico.jpg","og:image:secure_url":"https:\/\/candas365.es\/noticias\/wp-content\/uploads\/2026\/05\/Solo-al-40-de-jovenes-alemanes-le-preocupa-el-cambio-climatico.jpg","og:image:width":1254,"og:image:height":705,"article:published_time":"2026-05-02T21:29:42+00:00","article:modified_time":"2026-05-02T21:29:42+00:00","article:publisher":"https:\/\/www.facebook.com\/Nachofdezber","article:author":"https:\/\/www.facebook.com\/carrenoactualidad","twitter:card":"summary_large_image","twitter:site":"@NabercoDigital","twitter:title":"Solo al 40 % de j\u00f3venes alemanes le preocupa el cambio clim\u00e1tico | Cand\u00e1s 365","twitter:description":"Berl\u00edn, 1 may (dpa) \u2013 Alrededor del 40 % de los j\u00f3venes alemanes considera el cambio clim\u00e1tico un tema importante en sus vidas, seg\u00fan una encuesta","twitter:creator":"@nbasturias","twitter:image":"https:\/\/candas365.es\/noticias\/wp-content\/uploads\/2026\/05\/Solo-al-40-de-jovenes-alemanes-le-preocupa-el-cambio-climatico.jpg","twitter:label1":"Escrito por","twitter:data1":"Cand\u00e1s 365","twitter:label2":"Tiempo de lectura estimado","twitter:data2":"2 minutos"},"aioseo_meta_data":{"post_id":"194435","title":null,"description":"Berl\u00edn, 1 may (dpa) \u2013 Alrededor del 40 % de los j\u00f3venes alemanes considera el cambio clim\u00e1tico un tema importante en sus vidas, seg\u00fan una encuesta","keywords":null,"keyphrases":{"focus":{"keyphrase":"cambio clim\u00e1tico","score":100,"analysis":{"keyphraseInTitle":{"score":9,"maxScore":9,"error":0},"keyphraseInDescription":{"score":9,"maxScore":9,"error":0},"keyphraseLength":{"score":9,"maxScore":9,"error":0,"length":3},"keyphraseInURL":{"score":5,"maxScore":5,"error":0},"keyphraseInIntroduction":{"score":9,"maxScore":9,"error":0},"keyphraseInSubHeadings":[],"keyphraseInImageAlt":{"score":9,"maxScore":9,"error":0},"keywordDensity":{"type":"best","score":9,"maxScore":9,"error":0}}},"additional":[{"keyphrase":"cambio clim\u00e1tico","score":100,"analysis":{"keyphraseInDescription":{"score":9,"maxScore":9,"error":0},"keyphraseLength":{"score":9,"maxScore":9,"error":0,"length":3},"keyphraseInIntroduction":{"score":9,"maxScore":9,"error":0},"keyphraseInImageAlt":{"score":9,"maxScore":9,"error":0},"keywordDensity":{"type":"best","score":9,"maxScore":9,"error":0}}}]},"primary_term":null,"canonical_url":null,"og_title":null,"og_description":null,"og_object_type":"default","og_image_type":"default","og_image_url":null,"og_image_width":null,"og_image_height":null,"og_image_custom_url":null,"og_image_custom_fields":null,"og_video":"","og_custom_url":null,"og_article_section":null,"og_article_tags":null,"twitter_use_og":false,"twitter_card":"default","twitter_image_type":"default","twitter_image_url":null,"twitter_image_custom_url":null,"twitter_image_custom_fields":null,"twitter_title":null,"twitter_description":null,"schema":{"blockGraphs":[],"customGraphs":[],"default":{"data":{"Article":[],"Course":[],"Dataset":[],"FAQPage":[],"Movie":[],"Person":[],"Product":[],"ProductReview":[],"Car":[],"Recipe":[],"Service":[],"SoftwareApplication":[],"WebPage":[]},"graphName":"NewsArticle","isEnabled":true},"graphs":[]},"schema_type":"default","schema_type_options":null,"pillar_content":false,"robots_default":true,"robots_noindex":false,"robots_noarchive":false,"robots_nosnippet":false,"robots_nofollow":false,"robots_noimageindex":false,"robots_noodp":false,"robots_notranslate":false,"robots_max_snippet":"-1","robots_max_videopreview":"-1","robots_max_imagepreview":"large","priority":null,"frequency":"default","location":null,"local_seo":null,"seo_analyzer_scan_date":"2026-05-02 21:51:05","breadcrumb_settings":null,"limit_modified_date":false,"reviewed_by":"0","open_ai":null,"ai":{"faqs":[],"keyPoints":[],"schemas":[],"titles":[],"descriptions":[],"socialPosts":{"email":[],"linkedin":[],"twitter":[],"facebook":[],"instagram":[]}},"created":"2026-05-02 21:23:43","updated":"2026-05-02 21:54:28"},"aioseo_breadcrumb":"<div class=\"aioseo-breadcrumbs\"><span class=\"aioseo-breadcrumb\">\n\t<a href=\"https:\/\/candas365.es\/noticias\" title=\"Home\">Home<\/a>\n<\/span><span class=\"aioseo-breadcrumb-separator\">&ndash;<\/span><span class=\"aioseo-breadcrumb\">\n\t<a href=\"https:\/\/candas365.es\/noticias\/category\/internacional\/\" title=\"Internacional\">Internacional<\/a>\n<\/span><span class=\"aioseo-breadcrumb-separator\">&ndash;<\/span><span class=\"aioseo-breadcrumb\">\n\tSolo al 40 % de j\u00f3venes alemanes le preocupa el cambio clim\u00e1tico\n<\/span><\/div>","aioseo_breadcrumb_json":[{"label":"Home","link":"https:\/\/candas365.es\/noticias"},{"label":"Internacional","link":"https:\/\/candas365.es\/noticias\/category\/internacional\/"},{"label":"Solo al 40 % de j\u00f3venes alemanes le preocupa el cambio clim\u00e1tico","link":"https:\/\/candas365.es\/noticias\/solo-al-40-de-jovenes-alemanes-le-preocupa-el-cambio-climatico\/"}],"_links":{"self":[{"href":"https:\/\/candas365.es\/noticias\/wp-json\/wp\/v2\/posts\/194435","targetHints":{"allow":["GET"]}}],"collection":[{"href":"https:\/\/candas365.es\/noticias\/wp-json\/wp\/v2\/posts"}],"about":[{"href":"https:\/\/candas365.es\/noticias\/wp-json\/wp\/v2\/types\/post"}],"author":[{"embeddable":true,"href":"https:\/\/candas365.es\/noticias\/wp-json\/wp\/v2\/users\/1"}],"replies":[{"embeddable":true,"href":"https:\/\/candas365.es\/noticias\/wp-json\/wp\/v2\/comments?post=194435"}],"version-history":[{"count":1,"href":"https:\/\/candas365.es\/noticias\/wp-json\/wp\/v2\/posts\/194435\/revisions"}],"predecessor-version":[{"id":194437,"href":"https:\/\/candas365.es\/noticias\/wp-json\/wp\/v2\/posts\/194435\/revisions\/194437"}],"wp:featuredmedia":[{"embeddable":true,"href":"https:\/\/candas365.es\/noticias\/wp-json\/wp\/v2\/media\/194436"}],"wp:attachment":[{"href":"https:\/\/candas365.es\/noticias\/wp-json\/wp\/v2\/media?parent=194435"}],"wp:term":[{"taxonomy":"category","embeddable":true,"href":"https:\/\/candas365.es\/noticias\/wp-json\/wp\/v2\/categories?post=194435"},{"taxonomy":"post_tag","embeddable":true,"href":"https:\/\/candas365.es\/noticias\/wp-json\/wp\/v2\/tags?post=194435"}],"curies":[{"name":"wp","href":"https:\/\/api.w.org\/{rel}","templated":true}]}}