{"id":194425,"date":"2026-05-02T05:46:27","date_gmt":"2026-05-02T03:46:27","guid":{"rendered":"https:\/\/candas365.es\/noticias\/?p=194425"},"modified":"2026-05-02T05:46:27","modified_gmt":"2026-05-02T03:46:27","slug":"malaga-ha-sido-el-epicentro-sindical-del-primero-de-mayo","status":"publish","type":"post","link":"https:\/\/candas365.es\/noticias\/malaga-ha-sido-el-epicentro-sindical-del-primero-de-mayo\/","title":{"rendered":"M\u00e1laga ha sido el epicentro sindical del Primero de Mayo"},"content":{"rendered":"<p>La manifestaci\u00f3n central del Primero de Mayo ha reunido en <a href=\"https:\/\/candas365.es\/noticias\/category\/actualidad\/\"><span style=\"color: #ff6600;\"><strong>M\u00e1laga<\/strong><\/span><\/a> a unas 20.000 personas para reclamar derechos laborales y soluciones a la vivienda.<\/p>\n<figure id=\"attachment_194426\" aria-describedby=\"caption-attachment-194426\" style=\"width: 647px\" class=\"wp-caption aligncenter\"><img fetchpriority=\"high\" decoding=\"async\" class=\"size-large wp-image-194426\" src=\"https:\/\/candas365.es\/noticias\/wp-content\/uploads\/2026\/05\/Malaga-ha-sido-el-epicentro-sindical-del-Primero-de-Mayo-647x480.jpg\" alt=\"M\u00e1laga ha sido el epicentro sindical del Primero de Mayo\" width=\"647\" height=\"480\" srcset=\"https:\/\/candas365.es\/noticias\/wp-content\/uploads\/2026\/05\/Malaga-ha-sido-el-epicentro-sindical-del-Primero-de-Mayo-647x480.jpg 647w, https:\/\/candas365.es\/noticias\/wp-content\/uploads\/2026\/05\/Malaga-ha-sido-el-epicentro-sindical-del-Primero-de-Mayo-360x267.jpg 360w, https:\/\/candas365.es\/noticias\/wp-content\/uploads\/2026\/05\/Malaga-ha-sido-el-epicentro-sindical-del-Primero-de-Mayo-768x570.jpg 768w, https:\/\/candas365.es\/noticias\/wp-content\/uploads\/2026\/05\/Malaga-ha-sido-el-epicentro-sindical-del-Primero-de-Mayo-150x111.jpg 150w, https:\/\/candas365.es\/noticias\/wp-content\/uploads\/2026\/05\/Malaga-ha-sido-el-epicentro-sindical-del-Primero-de-Mayo-450x334.jpg 450w, https:\/\/candas365.es\/noticias\/wp-content\/uploads\/2026\/05\/Malaga-ha-sido-el-epicentro-sindical-del-Primero-de-Mayo.jpg 1134w\" sizes=\"(max-width: 647px) 100vw, 647px\" \/><figcaption id=\"caption-attachment-194426\" class=\"wp-caption-text\">Los l\u00edderes sindicales en la cabecera de la manifestaci\u00f3n central en M\u00e1laga | Foto de UGT<\/figcaption><\/figure>\n<p>Unas 20.000 personas, seg\u00fan los sindicatos, participaron el viernes en la manifestaci\u00f3n central del Primero de Mayo, celebrada este a\u00f1o en M\u00e1laga, y que CCOO y UGT convirtieron en un \u201cgrito\u201d contra la guerra, el \u201cimperialismo\u201d de Donald Trump y en un clamor para exigir soluciones al problema de la vivienda y mejoras en las condiciones laborales. \u201cNo mendigamos, exigimos derechos\u201d, areng\u00f3 el secretario general de CCOO, Unai Sordo, junto a su hom\u00f3logo de UGT, Pepe \u00c1lvarez.<\/p>\n<p>Los sindicatos desvincularon la celebraci\u00f3n de la manifestaci\u00f3n central en la capital malacitana de las elecciones andaluzas del 17 de mayo, aunque este hito coincide con el inicio de la campa\u00f1a electoral en esa comunidad aut\u00f3noma, con el \u2018popular\u2019 Juanma Moreno en cabeza en todas las encuestas y a la que concurre por el PSOE la exvicepresidenta del Gobierno Mar\u00eda Jes\u00fas Montero.<\/p>\n<p>Esta marcha cont\u00f3 con la presencia de miembros del Gobierno como la vicepresidenta segunda y ministra de Trabajo y Econom\u00eda Social, Yolanda D\u00edaz, y la portavoz del Ejecutivo y titular de Inclusi\u00f3n, Seguridad Social y Migraciones, Elma Saiz.<\/p>\n<p>En ella, D\u00edaz reiter\u00f3 su compromiso de que saldr\u00e1n adelante medidas como el Estatuto del Becario y el endurecimiento del control horario para luchar contra las horas extra no remuneradas.<\/p>\n<p>La de M\u00e1laga no fue la \u00fanica manifestaci\u00f3n, ya que alrededor de 100 marchas se desarrollaron en toda Espa\u00f1a, con presencia de miembros del Gobierno en diferentes lugares, como Madrid, Valencia, Valladolid, Las Palmas de Gran Canaria y Barcelona. En la capital, seg\u00fan los sindicatos, la afluencia se situ\u00f3 en el entorno de los 50.000 manifestantes, en un a\u00f1o sin los l\u00edderes sindicales presentes.<\/p>\n<h1>\u201cNO ES UNA PEL\u00cdCULA\u201d<\/h1>\n<p>Al t\u00e9rmino de la manifestaci\u00f3n de M\u00e1laga, los l\u00edderes sindicales mostraron su preocupaci\u00f3n por las guerras que se est\u00e1n produciendo en el mundo, citando a Ucrania, Gaza, L\u00edbano e Ir\u00e1n, entre otras, y dejaron claro que el Primero de Mayo debe ser \u201cun grito\u201d contra estos conflictos que matan a miles de personas y que perjudican a los trabajadores en su conjunto.<\/p>\n<p>\u201cTenemos que ser conscientes de qu\u00e9 es lo que est\u00e1 ocurriendo en el mundo. No es una pel\u00edcula de televisi\u00f3n. Son personas, mujeres, hombres, ni\u00f1os, ni\u00f1as, que pierden la vida, que son asesinados, que son masacrados\u201d, se doli\u00f3 \u00c1lvarez, quien dijo que \u201cno lo podemos dejar pasar\u201d.<\/p>\n<p>Sordo tambi\u00e9n dio la voz de alarma y previno de que \u201cestamos viviendo en medio de un conflicto global, de una guerra global que est\u00e1n impulsando de una forma determinada los Estados Unidos de Trump y que nos puede llevar a una crisis mundial e incluso a un conflicto b\u00e9lico\u201d. Por ello, urgi\u00f3 a \u201cenarbolar otra vez la bandera del no a la guerra\u201d, porque Trump tambi\u00e9n est\u00e1 emprendiendo una guerra contra la Uni\u00f3n Europea, para dividirla y desmembrarla, seg\u00fan explic\u00f3.<\/p>\n<p>Al respecto, emplaz\u00f3 a avanzar \u201cde forma decidida\u201d en autonom\u00eda estrat\u00e9gica para no depender de \u201cestos s\u00e1trapas\u201d y denunci\u00f3 que el \u201ccaballo de Troya\u201d de Trump en la UE es la \u201cextrema derecha\u201d. Tras ello, apunt\u00f3 hacia el PP y advirti\u00f3: \u201cQuieren rompernos desde dentro y a esos no se les puede meter en gobiernos auton\u00f3micos y, mucho menos, en el Gobierno de Espa\u00f1a\u201d.<\/p>\n<h2>\u201cSE VEAN DESAHUCIADOS\u201d<\/h2>\n<p>En clave nacional, los m\u00e1ximos responsables de CCOO y UGT pusieron el foco en el problema de acceso a la vivienda, empezando por el rechazo de esta misma semana en el Parlamento al decreto que prorrogaba los contratos de alquiler y el l\u00edmite en la subida de los precios. \u00c1lvarez, molesto, carg\u00f3 contra los partidos que votaron en contra (Junts, PP y Vox, y el PNV se abstuvo). \u201cYo no le deseo ning\u00fan mal a nadie, pero algunos de estos diputados que han votado en contra, ojal\u00e1 que ma\u00f1ana se vean desahuciados de una casa para que sepan lo que es padecer la falta de viviendas\u201d, dispar\u00f3.<\/p>\n<p>De \u201cesc\u00e1ndalo\u201d tild\u00f3 la situaci\u00f3n de la vivienda en Espa\u00f1a el l\u00edder de CCOO, quien sostuvo que no se puede \u201cdemorar\u201d el momento de tener un proyecto propio de vida hasta los 40 a\u00f1os, pues, incluso personas de m\u00e1s de 30 a\u00f1os que tienen empleo, se ven forzadas a seguir residiendo en casa de sus padres o a compartir piso.<\/p>\n<p>\u201cEs un polvor\u00edn social lo que est\u00e1 pasando con la vivienda y los sindicatos de clase vamos a movilizarnos con todas las entidades sociales que se quieran movilizar en pro del derecho a la vivienda, sin descartar ning\u00fan escenario\u201d, asever\u00f3 Sordo. Adem\u00e1s, exigi\u00f3 el fin de la \u201cespeculaci\u00f3n\u201d con la vivienda y que no se utilicen para el turismo en zonas tensionadas.<\/p>\n<p>As\u00ed las cosas, exhort\u00f3 a las administraciones a adoptar medidas, incluidas las comunidades aut\u00f3nomas del PP, a las que acus\u00f3 de mirar \u201cpara otro lado ante sus competencias\u201d mientras piden \u201cfinanciaci\u00f3n exterior para privatizar los servicios p\u00fablicos\u201d.<\/p>\n<p>Precisamente, otra de las reivindicaciones del Primero de Mayo fue la mejora de los servicios p\u00fablicos. Ambos denunciaron que deteriorarlos provoca que muchos ciudadanos acudan a contrataciones privadas, lo que merma sus rentas.<\/p>\n<h3>BAJADAS DE IMPUESTOS<\/h3>\n<p>En este sentido, Pepe \u00c1lvarez anim\u00f3 a la ciudadan\u00eda a \u201cdecir no, alto y claro, a las bajadas de impuestos\u201d, porque \u201chay que pagar impuestos para tener derechos\u201d como la sanidad y la educaci\u00f3n. \u201cCuando ve\u00e1is un pol\u00edtico que os dice que os va a bajar los impuestos, echaros mano a la cartera, porque esos impuestos que se rebajen van a ser servicios p\u00fablicos que no se den y va a ser dinero que, antes o despu\u00e9s, las familias tendr\u00e1n que pagar\u201d, repuso el secretario general de CCOO.<\/p>\n<p>Por otra parte, tanto Sordo como \u00c1lvarez clamaron contra el \u201cracismo\u201d y el \u201cdiscurso de odio de la ultraderecha\u201d contra las personas migrantes, a las que dijeron que quieren utilizar como \u201cchivo expiatorio\u201d para que la clase trabajadora se enfrente entre s\u00ed. En su defecto, llamaron a que la ciudadan\u00eda se una y reclame mejoras en las condiciones laborales y de vida.<\/p>\n<p>Como ejemplos, ambos reclamaron la aprobaci\u00f3n inmediata de refuerzo del registro de jornada, el Estatuto del Becario y que pronto se retome la reducci\u00f3n del tiempo de trabajo a un m\u00e1ximo de 37,5 horas y media, que tumbaron en el Congreso PP, Junts y Vox el pasado septiembre.<\/p>\n<p>Finalmente, se dirigieron a la CEOE para emplazarla a que se avenga a alcanzar acuerdos que mejoren los salarios y el poder adquisitivo de los trabajadores en Espa\u00f1a. \u201cSi quieren trabajadores las empresas, que paguen, que est\u00e1n ganando dinero a espuertas, que no especulen con \u00e9l\u201d, lanz\u00f3 \u00c1lvarez.<\/p>\n<p>(<a href=\"https:\/\/www.servimedia.es\/\" target=\"_blank\" rel=\"noopener\"><span style=\"color: #ff6600;\"><strong>SERVIMEDIA<\/strong><\/span><\/a>)<\/p>\n","protected":false},"excerpt":{"rendered":"<p>La manifestaci\u00f3n central del Primero de Mayo ha reunido en M\u00e1laga a unas 20.000 personas para reclamar derechos laborales y soluciones a la vivienda. Unas 20.000 personas, seg\u00fan los sindicatos, participaron el viernes en la manifestaci\u00f3n central del Primero de Mayo, celebrada este a\u00f1o en M\u00e1laga, y que CCOO y UGT convirtieron en un \u201cgrito\u201d<\/p>\n","protected":false},"author":1,"featured_media":194426,"comment_status":"closed","ping_status":"closed","sticky":false,"template":"","format":"standard","meta":{"footnotes":""},"categories":[343,316],"tags":[466],"class_list":{"0":"post-194425","1":"post","2":"type-post","3":"status-publish","4":"format-standard","5":"has-post-thumbnail","7":"category-actualidad","8":"category-destacadas","9":"tag-espana"},"aioseo_notices":[],"aioseo_head":"\n\t\t<!-- All in One SEO Pro 4.9.6.2 - aioseo.com -->\n\t<meta name=\"description\" content=\"La manifestaci\u00f3n central del Primero de Mayo ha reunido en M\u00e1laga a unas 20.000 personas para reclamar derechos laborales y soluciones a la vivienda.\" \/>\n\t<meta name=\"robots\" content=\"max-image-preview:large\" \/>\n\t<meta name=\"author\" content=\"Cand\u00e1s 365\"\/>\n\t<meta name=\"google-site-verification\" content=\"UA-32230408-1\" \/>\n\t<meta name=\"msvalidate.01\" content=\"354F3CDFB2DA171B47FBE9ABF1F88D5\" \/>\n\t<meta name=\"keywords\" content=\"actualidad,destacadas\" \/>\n\t<link rel=\"canonical\" href=\"https:\/\/candas365.es\/noticias\/malaga-ha-sido-el-epicentro-sindical-del-primero-de-mayo\/\" \/>\n\t<meta name=\"generator\" content=\"All in One SEO Pro (AIOSEO) 4.9.6.2\" \/>\n\t\t<meta property=\"og:locale\" content=\"es_ES\" \/>\n\t\t<meta property=\"og:site_name\" content=\"Cand\u00e1s 365\" \/>\n\t\t<meta property=\"og:type\" content=\"article\" \/>\n\t\t<meta property=\"og:title\" content=\"M\u00e1laga ha sido el epicentro sindical del Primero de Mayo | Cand\u00e1s 365\" \/>\n\t\t<meta property=\"og:description\" content=\"La manifestaci\u00f3n central del Primero de Mayo ha reunido en M\u00e1laga a unas 20.000 personas para reclamar derechos laborales y soluciones a la vivienda.\" \/>\n\t\t<meta property=\"og:url\" content=\"https:\/\/candas365.es\/noticias\/malaga-ha-sido-el-epicentro-sindical-del-primero-de-mayo\/\" \/>\n\t\t<meta property=\"og:image\" content=\"https:\/\/candas365.es\/noticias\/wp-content\/uploads\/2026\/05\/Malaga-ha-sido-el-epicentro-sindical-del-Primero-de-Mayo.jpg\" \/>\n\t\t<meta property=\"og:image:secure_url\" content=\"https:\/\/candas365.es\/noticias\/wp-content\/uploads\/2026\/05\/Malaga-ha-sido-el-epicentro-sindical-del-Primero-de-Mayo.jpg\" \/>\n\t\t<meta property=\"og:image:width\" content=\"1134\" \/>\n\t\t<meta property=\"og:image:height\" content=\"841\" \/>\n\t\t<meta property=\"article:published_time\" content=\"2026-05-02T03:46:27+00:00\" \/>\n\t\t<meta property=\"article:modified_time\" content=\"2026-05-02T03:46:27+00:00\" \/>\n\t\t<meta property=\"article:publisher\" content=\"https:\/\/www.facebook.com\/Nachofdezber\" \/>\n\t\t<meta property=\"article:author\" content=\"https:\/\/www.facebook.com\/carrenoactualidad\" \/>\n\t\t<meta name=\"twitter:card\" content=\"summary_large_image\" \/>\n\t\t<meta name=\"twitter:site\" content=\"@NabercoDigital\" \/>\n\t\t<meta name=\"twitter:title\" content=\"M\u00e1laga ha sido el epicentro sindical del Primero de Mayo | Cand\u00e1s 365\" \/>\n\t\t<meta name=\"twitter:description\" content=\"La manifestaci\u00f3n central del Primero de Mayo ha reunido en M\u00e1laga a unas 20.000 personas para reclamar derechos laborales y soluciones a la vivienda.\" \/>\n\t\t<meta name=\"twitter:creator\" content=\"@nbasturias\" \/>\n\t\t<meta name=\"twitter:image\" content=\"https:\/\/candas365.es\/noticias\/wp-content\/uploads\/2026\/05\/Malaga-ha-sido-el-epicentro-sindical-del-Primero-de-Mayo.jpg\" \/>\n\t\t<meta name=\"twitter:label1\" content=\"Escrito por\" \/>\n\t\t<meta name=\"twitter:data1\" content=\"Cand\u00e1s 365\" \/>\n\t\t<meta name=\"twitter:label2\" content=\"Tiempo de lectura estimado\" \/>\n\t\t<meta name=\"twitter:data2\" content=\"6 minutos\" \/>\n\t\t<script type=\"application\/ld+json\" class=\"aioseo-schema\">\n\t\t\t{\"@context\":\"https:\\\/\\\/schema.org\",\"@graph\":[{\"@type\":\"BreadcrumbList\",\"@id\":\"https:\\\/\\\/candas365.es\\\/noticias\\\/malaga-ha-sido-el-epicentro-sindical-del-primero-de-mayo\\\/#breadcrumblist\",\"itemListElement\":[{\"@type\":\"ListItem\",\"@id\":\"https:\\\/\\\/candas365.es\\\/noticias#listItem\",\"position\":1,\"name\":\"Home\",\"item\":\"https:\\\/\\\/candas365.es\\\/noticias\",\"nextItem\":{\"@type\":\"ListItem\",\"@id\":\"https:\\\/\\\/candas365.es\\\/noticias\\\/category\\\/destacadas\\\/#listItem\",\"name\":\"Destacadas\"}},{\"@type\":\"ListItem\",\"@id\":\"https:\\\/\\\/candas365.es\\\/noticias\\\/category\\\/destacadas\\\/#listItem\",\"position\":2,\"name\":\"Destacadas\",\"item\":\"https:\\\/\\\/candas365.es\\\/noticias\\\/category\\\/destacadas\\\/\",\"nextItem\":{\"@type\":\"ListItem\",\"@id\":\"https:\\\/\\\/candas365.es\\\/noticias\\\/malaga-ha-sido-el-epicentro-sindical-del-primero-de-mayo\\\/#listItem\",\"name\":\"M\\u00e1laga ha sido el epicentro sindical del Primero de Mayo\"},\"previousItem\":{\"@type\":\"ListItem\",\"@id\":\"https:\\\/\\\/candas365.es\\\/noticias#listItem\",\"name\":\"Home\"}},{\"@type\":\"ListItem\",\"@id\":\"https:\\\/\\\/candas365.es\\\/noticias\\\/malaga-ha-sido-el-epicentro-sindical-del-primero-de-mayo\\\/#listItem\",\"position\":3,\"name\":\"M\\u00e1laga ha sido el epicentro sindical del Primero de Mayo\",\"previousItem\":{\"@type\":\"ListItem\",\"@id\":\"https:\\\/\\\/candas365.es\\\/noticias\\\/category\\\/destacadas\\\/#listItem\",\"name\":\"Destacadas\"}}]},{\"@type\":\"NewsArticle\",\"@id\":\"https:\\\/\\\/candas365.es\\\/noticias\\\/malaga-ha-sido-el-epicentro-sindical-del-primero-de-mayo\\\/#newsarticle\",\"name\":\"M\\u00e1laga ha sido el epicentro sindical del Primero de Mayo | Cand\\u00e1s 365\",\"headline\":\"M\\u00e1laga ha sido el epicentro sindical del Primero de Mayo\",\"author\":{\"@id\":\"https:\\\/\\\/candas365.es\\\/noticias\\\/author\\\/admin\\\/#author\"},\"publisher\":{\"@id\":\"https:\\\/\\\/candas365.es\\\/noticias\\\/#organization\"},\"image\":{\"@type\":\"ImageObject\",\"url\":\"https:\\\/\\\/candas365.es\\\/noticias\\\/wp-content\\\/uploads\\\/2026\\\/05\\\/Malaga-ha-sido-el-epicentro-sindical-del-Primero-de-Mayo.jpg\",\"width\":1134,\"height\":841,\"caption\":\"Los l\\u00edderes sindicales en la cabecera de la manifestaci\\u00f3n central en M\\u00e1laga | Foto de UGT\"},\"datePublished\":\"2026-05-02T05:46:27+02:00\",\"dateModified\":\"2026-05-02T05:46:27+02:00\",\"inLanguage\":\"es-ES\",\"mainEntityOfPage\":{\"@id\":\"https:\\\/\\\/candas365.es\\\/noticias\\\/malaga-ha-sido-el-epicentro-sindical-del-primero-de-mayo\\\/#webpage\"},\"isPartOf\":{\"@id\":\"https:\\\/\\\/candas365.es\\\/noticias\\\/malaga-ha-sido-el-epicentro-sindical-del-primero-de-mayo\\\/#webpage\"},\"articleSection\":\"Actualidad, Destacadas, Espa\\u00f1a\",\"dateline\":\"Publicado el mayo 2, 2026.\"},{\"@type\":\"Organization\",\"@id\":\"https:\\\/\\\/candas365.es\\\/noticias\\\/#organization\",\"name\":\"Cand\\u00e1s 365\",\"description\":\"Cand\\u00e1s 365 es un diario digital independiente, fundado en 2012, con base en Asturias. Informamos con rigor sobre actualidad, sociedad, cultura y ocio, con una mirada local y global.\",\"url\":\"https:\\\/\\\/candas365.es\\\/noticias\\\/\",\"email\":\"info@candas365.es\",\"telephone\":\"+34652131393\",\"foundingDate\":\"2012-06-10\",\"logo\":{\"@type\":\"ImageObject\",\"url\":\"https:\\\/\\\/candas365.es\\\/noticias\\\/wp-content\\\/uploads\\\/2024\\\/09\\\/Candas-365-Redes.jpg\",\"@id\":\"https:\\\/\\\/candas365.es\\\/noticias\\\/malaga-ha-sido-el-epicentro-sindical-del-primero-de-mayo\\\/#organizationLogo\",\"width\":1152,\"height\":864,\"caption\":\"Cand\\u00e1s 365 Redes\"},\"image\":{\"@id\":\"https:\\\/\\\/candas365.es\\\/noticias\\\/malaga-ha-sido-el-epicentro-sindical-del-primero-de-mayo\\\/#organizationLogo\"},\"sameAs\":[\"https:\\\/\\\/www.facebook.com\\\/Nachofdezber\",\"https:\\\/\\\/x.com\\\/NabercoDigital\",\"https:\\\/\\\/www.instagram.com\\\/nachofdezber\\\/\",\"https:\\\/\\\/www.youtube.com\\\/channel\\\/UCZP-2wLEB9Rv6erhFmqVnvg\"],\"address\":{\"@id\":\"https:\\\/\\\/candas365.es\\\/noticias\\\/#postaladdress\",\"@type\":\"PostalAddress\",\"streetAddress\":\"san antonio 4, san antonio 4\",\"postalCode\":\"33430\",\"addressLocality\":\"Cand\\u00e1s\",\"addressRegion\":\"Asturias\",\"addressCountry\":\"ES\"}},{\"@type\":\"Person\",\"@id\":\"https:\\\/\\\/candas365.es\\\/noticias\\\/author\\\/admin\\\/#author\",\"url\":\"https:\\\/\\\/candas365.es\\\/noticias\\\/author\\\/admin\\\/\",\"name\":\"Cand\\u00e1s 365\",\"image\":{\"@type\":\"ImageObject\",\"@id\":\"https:\\\/\\\/candas365.es\\\/noticias\\\/malaga-ha-sido-el-epicentro-sindical-del-primero-de-mayo\\\/#authorImage\",\"url\":\"https:\\\/\\\/secure.gravatar.com\\\/avatar\\\/496a8e03d0c493ede1718b7934145dbdf8d89be1036b0eec9544e1094c9de390?s=96&d=mm&r=g\",\"width\":96,\"height\":96,\"caption\":\"Cand\\u00e1s 365\"},\"sameAs\":[\"https:\\\/\\\/www.facebook.com\\\/carrenoactualidad\",\"https:\\\/\\\/twitter.com\\\/nbasturias\",\"https:\\\/\\\/www.instagram.com\\\/nachofdezber\\\/\",\"https:\\\/\\\/www.youtube.com\\\/channel\\\/UCZP-2wLEB9Rv6erhFmqVnvg\"]},{\"@type\":\"WebPage\",\"@id\":\"https:\\\/\\\/candas365.es\\\/noticias\\\/malaga-ha-sido-el-epicentro-sindical-del-primero-de-mayo\\\/#webpage\",\"url\":\"https:\\\/\\\/candas365.es\\\/noticias\\\/malaga-ha-sido-el-epicentro-sindical-del-primero-de-mayo\\\/\",\"name\":\"M\\u00e1laga ha sido el epicentro sindical del Primero de Mayo | Cand\\u00e1s 365\",\"description\":\"La manifestaci\\u00f3n central del Primero de Mayo ha reunido en M\\u00e1laga a unas 20.000 personas para reclamar derechos laborales y soluciones a la vivienda.\",\"inLanguage\":\"es-ES\",\"isPartOf\":{\"@id\":\"https:\\\/\\\/candas365.es\\\/noticias\\\/#website\"},\"breadcrumb\":{\"@id\":\"https:\\\/\\\/candas365.es\\\/noticias\\\/malaga-ha-sido-el-epicentro-sindical-del-primero-de-mayo\\\/#breadcrumblist\"},\"author\":{\"@id\":\"https:\\\/\\\/candas365.es\\\/noticias\\\/author\\\/admin\\\/#author\"},\"creator\":{\"@id\":\"https:\\\/\\\/candas365.es\\\/noticias\\\/author\\\/admin\\\/#author\"},\"image\":{\"@type\":\"ImageObject\",\"url\":\"https:\\\/\\\/candas365.es\\\/noticias\\\/wp-content\\\/uploads\\\/2026\\\/05\\\/Malaga-ha-sido-el-epicentro-sindical-del-Primero-de-Mayo.jpg\",\"@id\":\"https:\\\/\\\/candas365.es\\\/noticias\\\/malaga-ha-sido-el-epicentro-sindical-del-primero-de-mayo\\\/#mainImage\",\"width\":1134,\"height\":841,\"caption\":\"Los l\\u00edderes sindicales en la cabecera de la manifestaci\\u00f3n central en M\\u00e1laga | Foto de UGT\"},\"primaryImageOfPage\":{\"@id\":\"https:\\\/\\\/candas365.es\\\/noticias\\\/malaga-ha-sido-el-epicentro-sindical-del-primero-de-mayo\\\/#mainImage\"},\"datePublished\":\"2026-05-02T05:46:27+02:00\",\"dateModified\":\"2026-05-02T05:46:27+02:00\"},{\"@type\":\"WebSite\",\"@id\":\"https:\\\/\\\/candas365.es\\\/noticias\\\/#website\",\"url\":\"https:\\\/\\\/candas365.es\\\/noticias\\\/\",\"name\":\"Cand\\u00e1s 365\",\"alternateName\":\"Cand\\u00e1s 365 Noticias\",\"description\":\"Actualidad desde Carre\\u00f1o para el mundo\",\"inLanguage\":\"es-ES\",\"publisher\":{\"@id\":\"https:\\\/\\\/candas365.es\\\/noticias\\\/#organization\"}}]}\n\t\t<\/script>\n\t\t<!-- All in One SEO Pro -->\r\n\t\t<title>M\u00e1laga ha sido el epicentro sindical del Primero de Mayo | Cand\u00e1s 365<\/title>\n\n","aioseo_head_json":{"title":"M\u00e1laga ha sido el epicentro sindical del Primero de Mayo | Cand\u00e1s 365","description":"La manifestaci\u00f3n central del Primero de Mayo ha reunido en M\u00e1laga a unas 20.000 personas para reclamar derechos laborales y soluciones a la vivienda.","canonical_url":"https:\/\/candas365.es\/noticias\/malaga-ha-sido-el-epicentro-sindical-del-primero-de-mayo\/","robots":"max-image-preview:large","keywords":"actualidad,destacadas","webmasterTools":{"google-site-verification":"UA-32230408-1","msvalidate.01":"354F3CDFB2DA171B47FBE9ABF1F88D5","miscellaneous":""},"schema":{"@context":"https:\/\/schema.org","@graph":[{"@type":"BreadcrumbList","@id":"https:\/\/candas365.es\/noticias\/malaga-ha-sido-el-epicentro-sindical-del-primero-de-mayo\/#breadcrumblist","itemListElement":[{"@type":"ListItem","@id":"https:\/\/candas365.es\/noticias#listItem","position":1,"name":"Home","item":"https:\/\/candas365.es\/noticias","nextItem":{"@type":"ListItem","@id":"https:\/\/candas365.es\/noticias\/category\/destacadas\/#listItem","name":"Destacadas"}},{"@type":"ListItem","@id":"https:\/\/candas365.es\/noticias\/category\/destacadas\/#listItem","position":2,"name":"Destacadas","item":"https:\/\/candas365.es\/noticias\/category\/destacadas\/","nextItem":{"@type":"ListItem","@id":"https:\/\/candas365.es\/noticias\/malaga-ha-sido-el-epicentro-sindical-del-primero-de-mayo\/#listItem","name":"M\u00e1laga ha sido el epicentro sindical del Primero de Mayo"},"previousItem":{"@type":"ListItem","@id":"https:\/\/candas365.es\/noticias#listItem","name":"Home"}},{"@type":"ListItem","@id":"https:\/\/candas365.es\/noticias\/malaga-ha-sido-el-epicentro-sindical-del-primero-de-mayo\/#listItem","position":3,"name":"M\u00e1laga ha sido el epicentro sindical del Primero de Mayo","previousItem":{"@type":"ListItem","@id":"https:\/\/candas365.es\/noticias\/category\/destacadas\/#listItem","name":"Destacadas"}}]},{"@type":"NewsArticle","@id":"https:\/\/candas365.es\/noticias\/malaga-ha-sido-el-epicentro-sindical-del-primero-de-mayo\/#newsarticle","name":"M\u00e1laga ha sido el epicentro sindical del Primero de Mayo | Cand\u00e1s 365","headline":"M\u00e1laga ha sido el epicentro sindical del Primero de Mayo","author":{"@id":"https:\/\/candas365.es\/noticias\/author\/admin\/#author"},"publisher":{"@id":"https:\/\/candas365.es\/noticias\/#organization"},"image":{"@type":"ImageObject","url":"https:\/\/candas365.es\/noticias\/wp-content\/uploads\/2026\/05\/Malaga-ha-sido-el-epicentro-sindical-del-Primero-de-Mayo.jpg","width":1134,"height":841,"caption":"Los l\u00edderes sindicales en la cabecera de la manifestaci\u00f3n central en M\u00e1laga | Foto de UGT"},"datePublished":"2026-05-02T05:46:27+02:00","dateModified":"2026-05-02T05:46:27+02:00","inLanguage":"es-ES","mainEntityOfPage":{"@id":"https:\/\/candas365.es\/noticias\/malaga-ha-sido-el-epicentro-sindical-del-primero-de-mayo\/#webpage"},"isPartOf":{"@id":"https:\/\/candas365.es\/noticias\/malaga-ha-sido-el-epicentro-sindical-del-primero-de-mayo\/#webpage"},"articleSection":"Actualidad, Destacadas, Espa\u00f1a","dateline":"Publicado el mayo 2, 2026."},{"@type":"Organization","@id":"https:\/\/candas365.es\/noticias\/#organization","name":"Cand\u00e1s 365","description":"Cand\u00e1s 365 es un diario digital independiente, fundado en 2012, con base en Asturias. Informamos con rigor sobre actualidad, sociedad, cultura y ocio, con una mirada local y global.","url":"https:\/\/candas365.es\/noticias\/","email":"info@candas365.es","telephone":"+34652131393","foundingDate":"2012-06-10","logo":{"@type":"ImageObject","url":"https:\/\/candas365.es\/noticias\/wp-content\/uploads\/2024\/09\/Candas-365-Redes.jpg","@id":"https:\/\/candas365.es\/noticias\/malaga-ha-sido-el-epicentro-sindical-del-primero-de-mayo\/#organizationLogo","width":1152,"height":864,"caption":"Cand\u00e1s 365 Redes"},"image":{"@id":"https:\/\/candas365.es\/noticias\/malaga-ha-sido-el-epicentro-sindical-del-primero-de-mayo\/#organizationLogo"},"sameAs":["https:\/\/www.facebook.com\/Nachofdezber","https:\/\/x.com\/NabercoDigital","https:\/\/www.instagram.com\/nachofdezber\/","https:\/\/www.youtube.com\/channel\/UCZP-2wLEB9Rv6erhFmqVnvg"],"address":{"@id":"https:\/\/candas365.es\/noticias\/#postaladdress","@type":"PostalAddress","streetAddress":"san antonio 4, san antonio 4","postalCode":"33430","addressLocality":"Cand\u00e1s","addressRegion":"Asturias","addressCountry":"ES"}},{"@type":"Person","@id":"https:\/\/candas365.es\/noticias\/author\/admin\/#author","url":"https:\/\/candas365.es\/noticias\/author\/admin\/","name":"Cand\u00e1s 365","image":{"@type":"ImageObject","@id":"https:\/\/candas365.es\/noticias\/malaga-ha-sido-el-epicentro-sindical-del-primero-de-mayo\/#authorImage","url":"https:\/\/secure.gravatar.com\/avatar\/496a8e03d0c493ede1718b7934145dbdf8d89be1036b0eec9544e1094c9de390?s=96&d=mm&r=g","width":96,"height":96,"caption":"Cand\u00e1s 365"},"sameAs":["https:\/\/www.facebook.com\/carrenoactualidad","https:\/\/twitter.com\/nbasturias","https:\/\/www.instagram.com\/nachofdezber\/","https:\/\/www.youtube.com\/channel\/UCZP-2wLEB9Rv6erhFmqVnvg"]},{"@type":"WebPage","@id":"https:\/\/candas365.es\/noticias\/malaga-ha-sido-el-epicentro-sindical-del-primero-de-mayo\/#webpage","url":"https:\/\/candas365.es\/noticias\/malaga-ha-sido-el-epicentro-sindical-del-primero-de-mayo\/","name":"M\u00e1laga ha sido el epicentro sindical del Primero de Mayo | Cand\u00e1s 365","description":"La manifestaci\u00f3n central del Primero de Mayo ha reunido en M\u00e1laga a unas 20.000 personas para reclamar derechos laborales y soluciones a la vivienda.","inLanguage":"es-ES","isPartOf":{"@id":"https:\/\/candas365.es\/noticias\/#website"},"breadcrumb":{"@id":"https:\/\/candas365.es\/noticias\/malaga-ha-sido-el-epicentro-sindical-del-primero-de-mayo\/#breadcrumblist"},"author":{"@id":"https:\/\/candas365.es\/noticias\/author\/admin\/#author"},"creator":{"@id":"https:\/\/candas365.es\/noticias\/author\/admin\/#author"},"image":{"@type":"ImageObject","url":"https:\/\/candas365.es\/noticias\/wp-content\/uploads\/2026\/05\/Malaga-ha-sido-el-epicentro-sindical-del-Primero-de-Mayo.jpg","@id":"https:\/\/candas365.es\/noticias\/malaga-ha-sido-el-epicentro-sindical-del-primero-de-mayo\/#mainImage","width":1134,"height":841,"caption":"Los l\u00edderes sindicales en la cabecera de la manifestaci\u00f3n central en M\u00e1laga | Foto de UGT"},"primaryImageOfPage":{"@id":"https:\/\/candas365.es\/noticias\/malaga-ha-sido-el-epicentro-sindical-del-primero-de-mayo\/#mainImage"},"datePublished":"2026-05-02T05:46:27+02:00","dateModified":"2026-05-02T05:46:27+02:00"},{"@type":"WebSite","@id":"https:\/\/candas365.es\/noticias\/#website","url":"https:\/\/candas365.es\/noticias\/","name":"Cand\u00e1s 365","alternateName":"Cand\u00e1s 365 Noticias","description":"Actualidad desde Carre\u00f1o para el mundo","inLanguage":"es-ES","publisher":{"@id":"https:\/\/candas365.es\/noticias\/#organization"}}]},"og:locale":"es_ES","og:site_name":"Cand\u00e1s 365","og:type":"article","og:title":"M\u00e1laga ha sido el epicentro sindical del Primero de Mayo | Cand\u00e1s 365","og:description":"La manifestaci\u00f3n central del Primero de Mayo ha reunido en M\u00e1laga a unas 20.000 personas para reclamar derechos laborales y soluciones a la vivienda.","og:url":"https:\/\/candas365.es\/noticias\/malaga-ha-sido-el-epicentro-sindical-del-primero-de-mayo\/","og:image":"https:\/\/candas365.es\/noticias\/wp-content\/uploads\/2026\/05\/Malaga-ha-sido-el-epicentro-sindical-del-Primero-de-Mayo.jpg","og:image:secure_url":"https:\/\/candas365.es\/noticias\/wp-content\/uploads\/2026\/05\/Malaga-ha-sido-el-epicentro-sindical-del-Primero-de-Mayo.jpg","og:image:width":1134,"og:image:height":841,"article:published_time":"2026-05-02T03:46:27+00:00","article:modified_time":"2026-05-02T03:46:27+00:00","article:publisher":"https:\/\/www.facebook.com\/Nachofdezber","article:author":"https:\/\/www.facebook.com\/carrenoactualidad","twitter:card":"summary_large_image","twitter:site":"@NabercoDigital","twitter:title":"M\u00e1laga ha sido el epicentro sindical del Primero de Mayo | Cand\u00e1s 365","twitter:description":"La manifestaci\u00f3n central del Primero de Mayo ha reunido en M\u00e1laga a unas 20.000 personas para reclamar derechos laborales y soluciones a la vivienda.","twitter:creator":"@nbasturias","twitter:image":"https:\/\/candas365.es\/noticias\/wp-content\/uploads\/2026\/05\/Malaga-ha-sido-el-epicentro-sindical-del-Primero-de-Mayo.jpg","twitter:label1":"Escrito por","twitter:data1":"Cand\u00e1s 365","twitter:label2":"Tiempo de lectura estimado","twitter:data2":"6 minutos"},"aioseo_meta_data":{"post_id":"194425","title":null,"description":"La manifestaci\u00f3n central del Primero de Mayo ha reunido en M\u00e1laga a unas 20.000 personas para reclamar derechos laborales y soluciones a la vivienda.","keywords":null,"keyphrases":{"focus":{"keyphrase":"M\u00e1laga","score":78,"analysis":{"keyphraseInTitle":{"score":9,"maxScore":9,"error":0},"keyphraseInDescription":{"score":9,"maxScore":9,"error":0},"keyphraseLength":{"score":9,"maxScore":9,"error":0,"length":2},"keyphraseInURL":{"score":5,"maxScore":5,"error":0},"keyphraseInIntroduction":{"score":9,"maxScore":9,"error":0},"keyphraseInSubHeadings":{"score":3,"maxScore":9,"error":1},"keyphraseInImageAlt":{"score":9,"maxScore":9,"error":0},"keywordDensity":{"score":0,"type":"low","maxScore":9,"error":1}}},"additional":[{"keyphrase":"M\u00e1laga","score":80,"analysis":{"keyphraseInDescription":{"score":9,"maxScore":9,"error":0},"keyphraseLength":{"score":9,"maxScore":9,"error":0,"length":2},"keyphraseInIntroduction":{"score":9,"maxScore":9,"error":0},"keyphraseInImageAlt":{"score":9,"maxScore":9,"error":0},"keywordDensity":{"score":0,"type":"low","maxScore":9,"error":1}}},{"keyphrase":"Primero de Mayo","score":80,"analysis":{"keyphraseInDescription":{"score":9,"maxScore":9,"error":0},"keyphraseLength":{"score":9,"maxScore":9,"error":0,"length":3},"keyphraseInIntroduction":{"score":9,"maxScore":9,"error":0},"keyphraseInImageAlt":{"score":9,"maxScore":9,"error":0},"keywordDensity":{"score":0,"type":"low","maxScore":9,"error":1}}}]},"primary_term":null,"canonical_url":null,"og_title":null,"og_description":null,"og_object_type":"default","og_image_type":"default","og_image_url":null,"og_image_width":null,"og_image_height":null,"og_image_custom_url":null,"og_image_custom_fields":null,"og_video":"","og_custom_url":null,"og_article_section":null,"og_article_tags":null,"twitter_use_og":false,"twitter_card":"default","twitter_image_type":"default","twitter_image_url":null,"twitter_image_custom_url":null,"twitter_image_custom_fields":null,"twitter_title":null,"twitter_description":null,"schema":{"blockGraphs":[],"customGraphs":[],"default":{"data":{"Article":[],"Course":[],"Dataset":[],"FAQPage":[],"Movie":[],"Person":[],"Product":[],"ProductReview":[],"Car":[],"Recipe":[],"Service":[],"SoftwareApplication":[],"WebPage":[]},"graphName":"NewsArticle","isEnabled":true},"graphs":[]},"schema_type":"default","schema_type_options":null,"pillar_content":false,"robots_default":true,"robots_noindex":false,"robots_noarchive":false,"robots_nosnippet":false,"robots_nofollow":false,"robots_noimageindex":false,"robots_noodp":false,"robots_notranslate":false,"robots_max_snippet":"-1","robots_max_videopreview":"-1","robots_max_imagepreview":"large","priority":null,"frequency":"default","location":null,"local_seo":null,"seo_analyzer_scan_date":"2026-05-02 04:39:43","breadcrumb_settings":null,"limit_modified_date":false,"reviewed_by":"0","open_ai":null,"ai":{"faqs":[],"keyPoints":[],"schemas":[],"titles":[],"descriptions":[],"socialPosts":{"email":[],"linkedin":[],"twitter":[],"facebook":[],"instagram":[]}},"created":"2026-05-02 03:39:29","updated":"2026-05-02 04:44:36"},"aioseo_breadcrumb":"<div class=\"aioseo-breadcrumbs\"><span class=\"aioseo-breadcrumb\">\n\t<a href=\"https:\/\/candas365.es\/noticias\" title=\"Home\">Home<\/a>\n<\/span><span class=\"aioseo-breadcrumb-separator\">&ndash;<\/span><span class=\"aioseo-breadcrumb\">\n\t<a href=\"https:\/\/candas365.es\/noticias\/category\/destacadas\/\" title=\"Destacadas\">Destacadas<\/a>\n<\/span><span class=\"aioseo-breadcrumb-separator\">&ndash;<\/span><span class=\"aioseo-breadcrumb\">\n\tM\u00e1laga ha sido el epicentro sindical del Primero de Mayo\n<\/span><\/div>","aioseo_breadcrumb_json":[{"label":"Home","link":"https:\/\/candas365.es\/noticias"},{"label":"Destacadas","link":"https:\/\/candas365.es\/noticias\/category\/destacadas\/"},{"label":"M\u00e1laga ha sido el epicentro sindical del Primero de Mayo","link":"https:\/\/candas365.es\/noticias\/malaga-ha-sido-el-epicentro-sindical-del-primero-de-mayo\/"}],"_links":{"self":[{"href":"https:\/\/candas365.es\/noticias\/wp-json\/wp\/v2\/posts\/194425","targetHints":{"allow":["GET"]}}],"collection":[{"href":"https:\/\/candas365.es\/noticias\/wp-json\/wp\/v2\/posts"}],"about":[{"href":"https:\/\/candas365.es\/noticias\/wp-json\/wp\/v2\/types\/post"}],"author":[{"embeddable":true,"href":"https:\/\/candas365.es\/noticias\/wp-json\/wp\/v2\/users\/1"}],"replies":[{"embeddable":true,"href":"https:\/\/candas365.es\/noticias\/wp-json\/wp\/v2\/comments?post=194425"}],"version-history":[{"count":1,"href":"https:\/\/candas365.es\/noticias\/wp-json\/wp\/v2\/posts\/194425\/revisions"}],"predecessor-version":[{"id":194427,"href":"https:\/\/candas365.es\/noticias\/wp-json\/wp\/v2\/posts\/194425\/revisions\/194427"}],"wp:featuredmedia":[{"embeddable":true,"href":"https:\/\/candas365.es\/noticias\/wp-json\/wp\/v2\/media\/194426"}],"wp:attachment":[{"href":"https:\/\/candas365.es\/noticias\/wp-json\/wp\/v2\/media?parent=194425"}],"wp:term":[{"taxonomy":"category","embeddable":true,"href":"https:\/\/candas365.es\/noticias\/wp-json\/wp\/v2\/categories?post=194425"},{"taxonomy":"post_tag","embeddable":true,"href":"https:\/\/candas365.es\/noticias\/wp-json\/wp\/v2\/tags?post=194425"}],"curies":[{"name":"wp","href":"https:\/\/api.w.org\/{rel}","templated":true}]}}