{"id":194421,"date":"2026-05-01T20:43:08","date_gmt":"2026-05-01T18:43:08","guid":{"rendered":"https:\/\/candas365.es\/noticias\/?p=194421"},"modified":"2026-05-01T20:43:08","modified_gmt":"2026-05-01T18:43:08","slug":"la-norma-pesquera-de-la-ue-castiga-las-artes-sostenibles","status":"publish","type":"post","link":"https:\/\/candas365.es\/noticias\/la-norma-pesquera-de-la-ue-castiga-las-artes-sostenibles\/","title":{"rendered":"La norma pesquera de la UE castiga las artes sostenibles"},"content":{"rendered":"<p>Un equipo del IEO-CSIC ha advertido de un desajuste en la pol\u00edtica pesquera de la UE que ha trasladado m\u00e1s costes a las flotas con menor impacto ecol\u00f3gico por los cierres marinos.<\/p>\n<figure id=\"attachment_194422\" aria-describedby=\"caption-attachment-194422\" style=\"width: 650px\" class=\"wp-caption aligncenter\"><img fetchpriority=\"high\" decoding=\"async\" class=\"size-large wp-image-194422\" src=\"https:\/\/candas365.es\/noticias\/wp-content\/uploads\/2026\/05\/La-norma-pesquera-de-la-UE-castiga-las-artes-sostenibles-650x438.jpg\" alt=\"La norma pesquera de la UE castiga las artes sostenibles\" width=\"650\" height=\"438\" srcset=\"https:\/\/candas365.es\/noticias\/wp-content\/uploads\/2026\/05\/La-norma-pesquera-de-la-UE-castiga-las-artes-sostenibles-650x438.jpg 650w, https:\/\/candas365.es\/noticias\/wp-content\/uploads\/2026\/05\/La-norma-pesquera-de-la-UE-castiga-las-artes-sostenibles-360x243.jpg 360w, https:\/\/candas365.es\/noticias\/wp-content\/uploads\/2026\/05\/La-norma-pesquera-de-la-UE-castiga-las-artes-sostenibles-768x518.jpg 768w, https:\/\/candas365.es\/noticias\/wp-content\/uploads\/2026\/05\/La-norma-pesquera-de-la-UE-castiga-las-artes-sostenibles-150x101.jpg 150w, https:\/\/candas365.es\/noticias\/wp-content\/uploads\/2026\/05\/La-norma-pesquera-de-la-UE-castiga-las-artes-sostenibles-450x303.jpg 450w, https:\/\/candas365.es\/noticias\/wp-content\/uploads\/2026\/05\/La-norma-pesquera-de-la-UE-castiga-las-artes-sostenibles-1200x809.jpg 1200w, https:\/\/candas365.es\/noticias\/wp-content\/uploads\/2026\/05\/La-norma-pesquera-de-la-UE-castiga-las-artes-sostenibles.jpg 1251w\" sizes=\"(max-width: 650px) 100vw, 650px\" \/><figcaption id=\"caption-attachment-194422\" class=\"wp-caption-text\">Personal del IEO estudia el impacto de las artes est\u00e1ticas | Foto de J. Manuel G. Irusta \/ IEO-CSIC<\/figcaption><\/figure>\n<p>Un equipo del Centro Oceanogr\u00e1fico de Santander del Instituto Espa\u00f1ol de Oceanograf\u00eda del CSIC, con sede en <a href=\"https:\/\/candas365.es\/noticias\/category\/asturias\/\"><span style=\"color: #ff6600;\"><strong>Oviedo<\/strong><\/span><\/a>, advirti\u00f3 de un \u201cdesajuste\u201d en la pol\u00edtica pesquera europea, al constatar que las flotas con menor impacto ecol\u00f3gico est\u00e1n asumiendo un mayor coste econ\u00f3mico derivado de los cierres de \u00e1reas marinas decretados por la Uni\u00f3n Europea (UE).<\/p>\n<p>As\u00ed se desprende de dos estudios publicados en la revista &#8216;ICES Journal of Marine Science&#8217;, que analizan las consecuencias espaciales, ecol\u00f3gicas y econ\u00f3micas de estas restricciones sobre las distintas artes de pesca. Los trabajos concluyen que las artes fijas, como el palangre de fondo y las redes de enmalle, presentan una menor huella sobre el fondo marino, pero \u00abson las m\u00e1s perjudicadas por la normativa comunitaria\u00bb.<\/p>\n<p>El an\u00e1lisis eval\u00faa por primera vez las implicaciones por tipo de arte de los cierres establecidos por la Comisi\u00f3n Europea (CE) en aplicaci\u00f3n del Reglamento de Ejecuci\u00f3n (UE) 2022\/1614, que ved\u00f3 87 \u00e1reas a la pesca de fondo entre los 400 y 800 metros de profundidad en el Atl\u00e1ntico Nordeste para proteger los Ecosistemas Marinos Vulnerables.<\/p>\n<p>El estudio apunta adem\u00e1s a un posible sesgo en el dise\u00f1o de los cierres, ya que la metodolog\u00eda utilizada excluye de las \u00e1reas protegidas aquellas zonas con alta intensidad de arrastre, donde la UE asume equivocadamente que los ecosistemas vulnerables ya han desaparecido, mientras que incluye espacios donde operan artes como el palangre, capaces de coexistir con estos h\u00e1bitats.<\/p>\n<h1>SOSTENIBILIDAD Y VIABILIDAD ECOL\u00d3GICA<\/h1>\n<p>A partir de datos de posicionamiento de buques, diarios de pesca y registros de primera venta entre 2016 y 2021, el equipo cient\u00edfico del Consejo Superior de Investigaciones Cient\u00edficas (CSIC) cartografi\u00f3 el esfuerzo pesquero y los ingresos de las principales flotas. Los resultados evidenciaron que las restricciones se aplican de forma uniforme pese a que el impacto ambiental de las artes no lo es, lo que genera una \u201cparadoja\u201d entre sostenibilidad ecol\u00f3gica y viabilidad econ\u00f3mica.<\/p>\n<p>En t\u00e9rminos econ\u00f3micos, las flotas de artes fijas afrontan p\u00e9rdidas de ingresos de entre el 7% y el 9% en los escenarios m\u00e1s restrictivos, mientras que la pesca de arrastre presenta impactos mucho menores, de entre el 0,5% y el 4%. Adem\u00e1s, estas flotas podr\u00edan perder hasta el 10% de sus caladeros principales, donde se concentra la mayor parte de su rentabilidad.<\/p>\n<h2>EL TRIPLE DE CALADEROS CERRADOS<\/h2>\n<p>El impacto se intensifica en el mar Cant\u00e1brico y el noroeste peninsular, donde la ampliaci\u00f3n de las zonas cerradas podr\u00eda superar el 300%. As\u00ed, la flota de palangre de fondo podr\u00eda perder hasta el 19 % de sus ingresos totales, lo que equivale a entre 7 y 8 millones de euros anuales.<\/p>\n<p>Las consecuencias econ\u00f3micas se concentran especialmente en Galicia, donde m\u00e1s del 80% de las p\u00e9rdidas recaer\u00edan sobre puertos como Burela, Celeiro y Ribeira, que asumen m\u00e1s de la mitad de la ca\u00edda de ingresos de toda la flota espa\u00f1ola por su dependencia del palangre. En otros enclaves de la cornisa cant\u00e1brica, como Cudillero (Asturias), las reducciones podr\u00edan superar el 40%.<\/p>\n<p>Los investigadores abogan por avanzar hacia una gesti\u00f3n \u201cespec\u00edfica por arte\u201d que tenga en cuenta el impacto ecol\u00f3gico real de cada m\u00e9todo de pesca y por reforzar modelos de cogesti\u00f3n.<\/p>\n<p>La investigadora del Centro Oceanogr\u00e1fico de Santander Ulla Fern\u00e1ndez-Arcaya se\u00f1al\u00f3 que ser\u00e1 clave \u201cgarantizar que la protecci\u00f3n de los mares no solo sea eficaz ecol\u00f3gicamente, sino tambi\u00e9n viable econ\u00f3micamente y socialmente justa para las comunidades pesqueras\u201d.<\/p>\n<p>El segundo estudio, centrado en el Sistema de Ca\u00f1ones de Avil\u00e9s, refuerza esta tesis al constatar que \u00abel palangre de fondo presenta efectos m\u00ednimos sobre comunidades sensibles de corales y esponjas\u00bb, frente a los da\u00f1os m\u00e1s severos asociados a las redes de enmalle, lo que apunta a la necesidad de \u00abaplicar restricciones diferenciadas en funci\u00f3n del impacto real sobre los ecosistemas\u00bb.<\/p>\n<p>(<a href=\"https:\/\/www.servimedia.es\/\" target=\"_blank\" rel=\"noopener\"><span style=\"color: #ff6600;\"><strong>SERVIMEDIA<\/strong><\/span><\/a>)<\/p>\n","protected":false},"excerpt":{"rendered":"<p>Un equipo del IEO-CSIC ha advertido de un desajuste en la pol\u00edtica pesquera de la UE que ha trasladado m\u00e1s costes a las flotas con menor impacto ecol\u00f3gico por los cierres marinos. Un equipo del Centro Oceanogr\u00e1fico de Santander del Instituto Espa\u00f1ol de Oceanograf\u00eda del CSIC, con sede en Oviedo, advirti\u00f3 de un \u201cdesajuste\u201d en<\/p>\n","protected":false},"author":1,"featured_media":194422,"comment_status":"closed","ping_status":"closed","sticky":false,"template":"","format":"standard","meta":{"footnotes":""},"categories":[316,486],"tags":[437],"class_list":{"0":"post-194421","1":"post","2":"type-post","3":"status-publish","4":"format-standard","5":"has-post-thumbnail","7":"category-destacadas","8":"category-economia","9":"tag-economia"},"aioseo_notices":[],"aioseo_head":"\n\t\t<!-- All in One SEO Pro 4.9.6.2 - aioseo.com -->\n\t<meta name=\"description\" content=\"Un equipo del IEO-CSIC ha advertido de un desajuste en la pol\u00edtica pesquera de la UE que ha trasladado m\u00e1s costes a las flotas con menor impacto ecol\u00f3gic\" \/>\n\t<meta name=\"robots\" content=\"max-image-preview:large\" \/>\n\t<meta name=\"author\" content=\"Cand\u00e1s 365\"\/>\n\t<meta name=\"google-site-verification\" content=\"UA-32230408-1\" \/>\n\t<meta name=\"msvalidate.01\" content=\"354F3CDFB2DA171B47FBE9ABF1F88D5\" \/>\n\t<meta name=\"keywords\" content=\"destacadas,econom\u00eda\" \/>\n\t<link rel=\"canonical\" href=\"https:\/\/candas365.es\/noticias\/la-norma-pesquera-de-la-ue-castiga-las-artes-sostenibles\/\" \/>\n\t<meta name=\"generator\" content=\"All in One SEO Pro (AIOSEO) 4.9.6.2\" \/>\n\t\t<meta property=\"og:locale\" content=\"es_ES\" \/>\n\t\t<meta property=\"og:site_name\" content=\"Cand\u00e1s 365\" \/>\n\t\t<meta property=\"og:type\" content=\"article\" \/>\n\t\t<meta property=\"og:title\" content=\"La norma pesquera de la UE castiga las artes sostenibles | Cand\u00e1s 365\" \/>\n\t\t<meta property=\"og:description\" content=\"Un equipo del IEO-CSIC ha advertido de un desajuste en la pol\u00edtica pesquera de la UE que ha trasladado m\u00e1s costes a las flotas con menor impacto ecol\u00f3gic\" \/>\n\t\t<meta property=\"og:url\" content=\"https:\/\/candas365.es\/noticias\/la-norma-pesquera-de-la-ue-castiga-las-artes-sostenibles\/\" \/>\n\t\t<meta property=\"og:image\" content=\"https:\/\/candas365.es\/noticias\/wp-content\/uploads\/2026\/05\/La-norma-pesquera-de-la-UE-castiga-las-artes-sostenibles.jpg\" \/>\n\t\t<meta property=\"og:image:secure_url\" content=\"https:\/\/candas365.es\/noticias\/wp-content\/uploads\/2026\/05\/La-norma-pesquera-de-la-UE-castiga-las-artes-sostenibles.jpg\" \/>\n\t\t<meta property=\"og:image:width\" content=\"1251\" \/>\n\t\t<meta property=\"og:image:height\" content=\"843\" \/>\n\t\t<meta property=\"article:published_time\" content=\"2026-05-01T18:43:08+00:00\" \/>\n\t\t<meta property=\"article:modified_time\" content=\"2026-05-01T18:43:08+00:00\" \/>\n\t\t<meta property=\"article:publisher\" content=\"https:\/\/www.facebook.com\/Nachofdezber\" \/>\n\t\t<meta property=\"article:author\" content=\"https:\/\/www.facebook.com\/carrenoactualidad\" \/>\n\t\t<meta name=\"twitter:card\" content=\"summary_large_image\" \/>\n\t\t<meta name=\"twitter:site\" content=\"@NabercoDigital\" \/>\n\t\t<meta name=\"twitter:title\" content=\"La norma pesquera de la UE castiga las artes sostenibles | Cand\u00e1s 365\" \/>\n\t\t<meta name=\"twitter:description\" content=\"Un equipo del IEO-CSIC ha advertido de un desajuste en la pol\u00edtica pesquera de la UE que ha trasladado m\u00e1s costes a las flotas con menor impacto ecol\u00f3gic\" \/>\n\t\t<meta name=\"twitter:creator\" content=\"@nbasturias\" \/>\n\t\t<meta name=\"twitter:image\" content=\"https:\/\/candas365.es\/noticias\/wp-content\/uploads\/2026\/05\/La-norma-pesquera-de-la-UE-castiga-las-artes-sostenibles.jpg\" \/>\n\t\t<meta name=\"twitter:label1\" content=\"Escrito por\" \/>\n\t\t<meta name=\"twitter:data1\" content=\"Cand\u00e1s 365\" \/>\n\t\t<meta name=\"twitter:label2\" content=\"Tiempo de lectura estimado\" \/>\n\t\t<meta name=\"twitter:data2\" content=\"4 minutos\" \/>\n\t\t<script type=\"application\/ld+json\" class=\"aioseo-schema\">\n\t\t\t{\"@context\":\"https:\\\/\\\/schema.org\",\"@graph\":[{\"@type\":\"BreadcrumbList\",\"@id\":\"https:\\\/\\\/candas365.es\\\/noticias\\\/la-norma-pesquera-de-la-ue-castiga-las-artes-sostenibles\\\/#breadcrumblist\",\"itemListElement\":[{\"@type\":\"ListItem\",\"@id\":\"https:\\\/\\\/candas365.es\\\/noticias#listItem\",\"position\":1,\"name\":\"Home\",\"item\":\"https:\\\/\\\/candas365.es\\\/noticias\",\"nextItem\":{\"@type\":\"ListItem\",\"@id\":\"https:\\\/\\\/candas365.es\\\/noticias\\\/category\\\/destacadas\\\/#listItem\",\"name\":\"Destacadas\"}},{\"@type\":\"ListItem\",\"@id\":\"https:\\\/\\\/candas365.es\\\/noticias\\\/category\\\/destacadas\\\/#listItem\",\"position\":2,\"name\":\"Destacadas\",\"item\":\"https:\\\/\\\/candas365.es\\\/noticias\\\/category\\\/destacadas\\\/\",\"nextItem\":{\"@type\":\"ListItem\",\"@id\":\"https:\\\/\\\/candas365.es\\\/noticias\\\/la-norma-pesquera-de-la-ue-castiga-las-artes-sostenibles\\\/#listItem\",\"name\":\"La norma pesquera de la UE castiga las artes sostenibles\"},\"previousItem\":{\"@type\":\"ListItem\",\"@id\":\"https:\\\/\\\/candas365.es\\\/noticias#listItem\",\"name\":\"Home\"}},{\"@type\":\"ListItem\",\"@id\":\"https:\\\/\\\/candas365.es\\\/noticias\\\/la-norma-pesquera-de-la-ue-castiga-las-artes-sostenibles\\\/#listItem\",\"position\":3,\"name\":\"La norma pesquera de la UE castiga las artes sostenibles\",\"previousItem\":{\"@type\":\"ListItem\",\"@id\":\"https:\\\/\\\/candas365.es\\\/noticias\\\/category\\\/destacadas\\\/#listItem\",\"name\":\"Destacadas\"}}]},{\"@type\":\"NewsArticle\",\"@id\":\"https:\\\/\\\/candas365.es\\\/noticias\\\/la-norma-pesquera-de-la-ue-castiga-las-artes-sostenibles\\\/#newsarticle\",\"name\":\"La norma pesquera de la UE castiga las artes sostenibles | Cand\\u00e1s 365\",\"headline\":\"La norma pesquera de la UE castiga las artes sostenibles\",\"author\":{\"@id\":\"https:\\\/\\\/candas365.es\\\/noticias\\\/author\\\/admin\\\/#author\"},\"publisher\":{\"@id\":\"https:\\\/\\\/candas365.es\\\/noticias\\\/#organization\"},\"image\":{\"@type\":\"ImageObject\",\"url\":\"https:\\\/\\\/candas365.es\\\/noticias\\\/wp-content\\\/uploads\\\/2026\\\/05\\\/La-norma-pesquera-de-la-UE-castiga-las-artes-sostenibles.jpg\",\"width\":1251,\"height\":843,\"caption\":\"Personal del IEO estudia el impacto de las artes est\\u00e1ticas | Foto de J. Manuel G. Irusta \\\/ IEO-CSIC\"},\"datePublished\":\"2026-05-01T20:43:08+02:00\",\"dateModified\":\"2026-05-01T20:43:08+02:00\",\"inLanguage\":\"es-ES\",\"mainEntityOfPage\":{\"@id\":\"https:\\\/\\\/candas365.es\\\/noticias\\\/la-norma-pesquera-de-la-ue-castiga-las-artes-sostenibles\\\/#webpage\"},\"isPartOf\":{\"@id\":\"https:\\\/\\\/candas365.es\\\/noticias\\\/la-norma-pesquera-de-la-ue-castiga-las-artes-sostenibles\\\/#webpage\"},\"articleSection\":\"Destacadas, Econom\\u00eda, Econom\\u00eda\",\"dateline\":\"Publicado el mayo 1, 2026.\"},{\"@type\":\"Organization\",\"@id\":\"https:\\\/\\\/candas365.es\\\/noticias\\\/#organization\",\"name\":\"Cand\\u00e1s 365\",\"description\":\"Cand\\u00e1s 365 es un diario digital independiente, fundado en 2012, con base en Asturias. Informamos con rigor sobre actualidad, sociedad, cultura y ocio, con una mirada local y global.\",\"url\":\"https:\\\/\\\/candas365.es\\\/noticias\\\/\",\"email\":\"info@candas365.es\",\"telephone\":\"+34652131393\",\"foundingDate\":\"2012-06-10\",\"logo\":{\"@type\":\"ImageObject\",\"url\":\"https:\\\/\\\/candas365.es\\\/noticias\\\/wp-content\\\/uploads\\\/2024\\\/09\\\/Candas-365-Redes.jpg\",\"@id\":\"https:\\\/\\\/candas365.es\\\/noticias\\\/la-norma-pesquera-de-la-ue-castiga-las-artes-sostenibles\\\/#organizationLogo\",\"width\":1152,\"height\":864,\"caption\":\"Cand\\u00e1s 365 Redes\"},\"image\":{\"@id\":\"https:\\\/\\\/candas365.es\\\/noticias\\\/la-norma-pesquera-de-la-ue-castiga-las-artes-sostenibles\\\/#organizationLogo\"},\"sameAs\":[\"https:\\\/\\\/www.facebook.com\\\/Nachofdezber\",\"https:\\\/\\\/x.com\\\/NabercoDigital\",\"https:\\\/\\\/www.instagram.com\\\/nachofdezber\\\/\",\"https:\\\/\\\/www.youtube.com\\\/channel\\\/UCZP-2wLEB9Rv6erhFmqVnvg\"],\"address\":{\"@id\":\"https:\\\/\\\/candas365.es\\\/noticias\\\/#postaladdress\",\"@type\":\"PostalAddress\",\"streetAddress\":\"san antonio 4, san antonio 4\",\"postalCode\":\"33430\",\"addressLocality\":\"Cand\\u00e1s\",\"addressRegion\":\"Asturias\",\"addressCountry\":\"ES\"}},{\"@type\":\"Person\",\"@id\":\"https:\\\/\\\/candas365.es\\\/noticias\\\/author\\\/admin\\\/#author\",\"url\":\"https:\\\/\\\/candas365.es\\\/noticias\\\/author\\\/admin\\\/\",\"name\":\"Cand\\u00e1s 365\",\"image\":{\"@type\":\"ImageObject\",\"@id\":\"https:\\\/\\\/candas365.es\\\/noticias\\\/la-norma-pesquera-de-la-ue-castiga-las-artes-sostenibles\\\/#authorImage\",\"url\":\"https:\\\/\\\/secure.gravatar.com\\\/avatar\\\/496a8e03d0c493ede1718b7934145dbdf8d89be1036b0eec9544e1094c9de390?s=96&d=mm&r=g\",\"width\":96,\"height\":96,\"caption\":\"Cand\\u00e1s 365\"},\"sameAs\":[\"https:\\\/\\\/www.facebook.com\\\/carrenoactualidad\",\"https:\\\/\\\/twitter.com\\\/nbasturias\",\"https:\\\/\\\/www.instagram.com\\\/nachofdezber\\\/\",\"https:\\\/\\\/www.youtube.com\\\/channel\\\/UCZP-2wLEB9Rv6erhFmqVnvg\"]},{\"@type\":\"WebPage\",\"@id\":\"https:\\\/\\\/candas365.es\\\/noticias\\\/la-norma-pesquera-de-la-ue-castiga-las-artes-sostenibles\\\/#webpage\",\"url\":\"https:\\\/\\\/candas365.es\\\/noticias\\\/la-norma-pesquera-de-la-ue-castiga-las-artes-sostenibles\\\/\",\"name\":\"La norma pesquera de la UE castiga las artes sostenibles | Cand\\u00e1s 365\",\"description\":\"Un equipo del IEO-CSIC ha advertido de un desajuste en la pol\\u00edtica pesquera de la UE que ha trasladado m\\u00e1s costes a las flotas con menor impacto ecol\\u00f3gic\",\"inLanguage\":\"es-ES\",\"isPartOf\":{\"@id\":\"https:\\\/\\\/candas365.es\\\/noticias\\\/#website\"},\"breadcrumb\":{\"@id\":\"https:\\\/\\\/candas365.es\\\/noticias\\\/la-norma-pesquera-de-la-ue-castiga-las-artes-sostenibles\\\/#breadcrumblist\"},\"author\":{\"@id\":\"https:\\\/\\\/candas365.es\\\/noticias\\\/author\\\/admin\\\/#author\"},\"creator\":{\"@id\":\"https:\\\/\\\/candas365.es\\\/noticias\\\/author\\\/admin\\\/#author\"},\"image\":{\"@type\":\"ImageObject\",\"url\":\"https:\\\/\\\/candas365.es\\\/noticias\\\/wp-content\\\/uploads\\\/2026\\\/05\\\/La-norma-pesquera-de-la-UE-castiga-las-artes-sostenibles.jpg\",\"@id\":\"https:\\\/\\\/candas365.es\\\/noticias\\\/la-norma-pesquera-de-la-ue-castiga-las-artes-sostenibles\\\/#mainImage\",\"width\":1251,\"height\":843,\"caption\":\"Personal del IEO estudia el impacto de las artes est\\u00e1ticas | Foto de J. Manuel G. Irusta \\\/ IEO-CSIC\"},\"primaryImageOfPage\":{\"@id\":\"https:\\\/\\\/candas365.es\\\/noticias\\\/la-norma-pesquera-de-la-ue-castiga-las-artes-sostenibles\\\/#mainImage\"},\"datePublished\":\"2026-05-01T20:43:08+02:00\",\"dateModified\":\"2026-05-01T20:43:08+02:00\"},{\"@type\":\"WebSite\",\"@id\":\"https:\\\/\\\/candas365.es\\\/noticias\\\/#website\",\"url\":\"https:\\\/\\\/candas365.es\\\/noticias\\\/\",\"name\":\"Cand\\u00e1s 365\",\"alternateName\":\"Cand\\u00e1s 365 Noticias\",\"description\":\"Actualidad desde Carre\\u00f1o para el mundo\",\"inLanguage\":\"es-ES\",\"publisher\":{\"@id\":\"https:\\\/\\\/candas365.es\\\/noticias\\\/#organization\"}}]}\n\t\t<\/script>\n\t\t<!-- All in One SEO Pro -->\r\n\t\t<title>La norma pesquera de la UE castiga las artes sostenibles | Cand\u00e1s 365<\/title>\n\n","aioseo_head_json":{"title":"La norma pesquera de la UE castiga las artes sostenibles | Cand\u00e1s 365","description":"Un equipo del IEO-CSIC ha advertido de un desajuste en la pol\u00edtica pesquera de la UE que ha trasladado m\u00e1s costes a las flotas con menor impacto ecol\u00f3gic","canonical_url":"https:\/\/candas365.es\/noticias\/la-norma-pesquera-de-la-ue-castiga-las-artes-sostenibles\/","robots":"max-image-preview:large","keywords":"destacadas,econom\u00eda","webmasterTools":{"google-site-verification":"UA-32230408-1","msvalidate.01":"354F3CDFB2DA171B47FBE9ABF1F88D5","miscellaneous":""},"schema":{"@context":"https:\/\/schema.org","@graph":[{"@type":"BreadcrumbList","@id":"https:\/\/candas365.es\/noticias\/la-norma-pesquera-de-la-ue-castiga-las-artes-sostenibles\/#breadcrumblist","itemListElement":[{"@type":"ListItem","@id":"https:\/\/candas365.es\/noticias#listItem","position":1,"name":"Home","item":"https:\/\/candas365.es\/noticias","nextItem":{"@type":"ListItem","@id":"https:\/\/candas365.es\/noticias\/category\/destacadas\/#listItem","name":"Destacadas"}},{"@type":"ListItem","@id":"https:\/\/candas365.es\/noticias\/category\/destacadas\/#listItem","position":2,"name":"Destacadas","item":"https:\/\/candas365.es\/noticias\/category\/destacadas\/","nextItem":{"@type":"ListItem","@id":"https:\/\/candas365.es\/noticias\/la-norma-pesquera-de-la-ue-castiga-las-artes-sostenibles\/#listItem","name":"La norma pesquera de la UE castiga las artes sostenibles"},"previousItem":{"@type":"ListItem","@id":"https:\/\/candas365.es\/noticias#listItem","name":"Home"}},{"@type":"ListItem","@id":"https:\/\/candas365.es\/noticias\/la-norma-pesquera-de-la-ue-castiga-las-artes-sostenibles\/#listItem","position":3,"name":"La norma pesquera de la UE castiga las artes sostenibles","previousItem":{"@type":"ListItem","@id":"https:\/\/candas365.es\/noticias\/category\/destacadas\/#listItem","name":"Destacadas"}}]},{"@type":"NewsArticle","@id":"https:\/\/candas365.es\/noticias\/la-norma-pesquera-de-la-ue-castiga-las-artes-sostenibles\/#newsarticle","name":"La norma pesquera de la UE castiga las artes sostenibles | Cand\u00e1s 365","headline":"La norma pesquera de la UE castiga las artes sostenibles","author":{"@id":"https:\/\/candas365.es\/noticias\/author\/admin\/#author"},"publisher":{"@id":"https:\/\/candas365.es\/noticias\/#organization"},"image":{"@type":"ImageObject","url":"https:\/\/candas365.es\/noticias\/wp-content\/uploads\/2026\/05\/La-norma-pesquera-de-la-UE-castiga-las-artes-sostenibles.jpg","width":1251,"height":843,"caption":"Personal del IEO estudia el impacto de las artes est\u00e1ticas | Foto de J. Manuel G. Irusta \/ IEO-CSIC"},"datePublished":"2026-05-01T20:43:08+02:00","dateModified":"2026-05-01T20:43:08+02:00","inLanguage":"es-ES","mainEntityOfPage":{"@id":"https:\/\/candas365.es\/noticias\/la-norma-pesquera-de-la-ue-castiga-las-artes-sostenibles\/#webpage"},"isPartOf":{"@id":"https:\/\/candas365.es\/noticias\/la-norma-pesquera-de-la-ue-castiga-las-artes-sostenibles\/#webpage"},"articleSection":"Destacadas, Econom\u00eda, Econom\u00eda","dateline":"Publicado el mayo 1, 2026."},{"@type":"Organization","@id":"https:\/\/candas365.es\/noticias\/#organization","name":"Cand\u00e1s 365","description":"Cand\u00e1s 365 es un diario digital independiente, fundado en 2012, con base en Asturias. Informamos con rigor sobre actualidad, sociedad, cultura y ocio, con una mirada local y global.","url":"https:\/\/candas365.es\/noticias\/","email":"info@candas365.es","telephone":"+34652131393","foundingDate":"2012-06-10","logo":{"@type":"ImageObject","url":"https:\/\/candas365.es\/noticias\/wp-content\/uploads\/2024\/09\/Candas-365-Redes.jpg","@id":"https:\/\/candas365.es\/noticias\/la-norma-pesquera-de-la-ue-castiga-las-artes-sostenibles\/#organizationLogo","width":1152,"height":864,"caption":"Cand\u00e1s 365 Redes"},"image":{"@id":"https:\/\/candas365.es\/noticias\/la-norma-pesquera-de-la-ue-castiga-las-artes-sostenibles\/#organizationLogo"},"sameAs":["https:\/\/www.facebook.com\/Nachofdezber","https:\/\/x.com\/NabercoDigital","https:\/\/www.instagram.com\/nachofdezber\/","https:\/\/www.youtube.com\/channel\/UCZP-2wLEB9Rv6erhFmqVnvg"],"address":{"@id":"https:\/\/candas365.es\/noticias\/#postaladdress","@type":"PostalAddress","streetAddress":"san antonio 4, san antonio 4","postalCode":"33430","addressLocality":"Cand\u00e1s","addressRegion":"Asturias","addressCountry":"ES"}},{"@type":"Person","@id":"https:\/\/candas365.es\/noticias\/author\/admin\/#author","url":"https:\/\/candas365.es\/noticias\/author\/admin\/","name":"Cand\u00e1s 365","image":{"@type":"ImageObject","@id":"https:\/\/candas365.es\/noticias\/la-norma-pesquera-de-la-ue-castiga-las-artes-sostenibles\/#authorImage","url":"https:\/\/secure.gravatar.com\/avatar\/496a8e03d0c493ede1718b7934145dbdf8d89be1036b0eec9544e1094c9de390?s=96&d=mm&r=g","width":96,"height":96,"caption":"Cand\u00e1s 365"},"sameAs":["https:\/\/www.facebook.com\/carrenoactualidad","https:\/\/twitter.com\/nbasturias","https:\/\/www.instagram.com\/nachofdezber\/","https:\/\/www.youtube.com\/channel\/UCZP-2wLEB9Rv6erhFmqVnvg"]},{"@type":"WebPage","@id":"https:\/\/candas365.es\/noticias\/la-norma-pesquera-de-la-ue-castiga-las-artes-sostenibles\/#webpage","url":"https:\/\/candas365.es\/noticias\/la-norma-pesquera-de-la-ue-castiga-las-artes-sostenibles\/","name":"La norma pesquera de la UE castiga las artes sostenibles | Cand\u00e1s 365","description":"Un equipo del IEO-CSIC ha advertido de un desajuste en la pol\u00edtica pesquera de la UE que ha trasladado m\u00e1s costes a las flotas con menor impacto ecol\u00f3gic","inLanguage":"es-ES","isPartOf":{"@id":"https:\/\/candas365.es\/noticias\/#website"},"breadcrumb":{"@id":"https:\/\/candas365.es\/noticias\/la-norma-pesquera-de-la-ue-castiga-las-artes-sostenibles\/#breadcrumblist"},"author":{"@id":"https:\/\/candas365.es\/noticias\/author\/admin\/#author"},"creator":{"@id":"https:\/\/candas365.es\/noticias\/author\/admin\/#author"},"image":{"@type":"ImageObject","url":"https:\/\/candas365.es\/noticias\/wp-content\/uploads\/2026\/05\/La-norma-pesquera-de-la-UE-castiga-las-artes-sostenibles.jpg","@id":"https:\/\/candas365.es\/noticias\/la-norma-pesquera-de-la-ue-castiga-las-artes-sostenibles\/#mainImage","width":1251,"height":843,"caption":"Personal del IEO estudia el impacto de las artes est\u00e1ticas | Foto de J. Manuel G. Irusta \/ IEO-CSIC"},"primaryImageOfPage":{"@id":"https:\/\/candas365.es\/noticias\/la-norma-pesquera-de-la-ue-castiga-las-artes-sostenibles\/#mainImage"},"datePublished":"2026-05-01T20:43:08+02:00","dateModified":"2026-05-01T20:43:08+02:00"},{"@type":"WebSite","@id":"https:\/\/candas365.es\/noticias\/#website","url":"https:\/\/candas365.es\/noticias\/","name":"Cand\u00e1s 365","alternateName":"Cand\u00e1s 365 Noticias","description":"Actualidad desde Carre\u00f1o para el mundo","inLanguage":"es-ES","publisher":{"@id":"https:\/\/candas365.es\/noticias\/#organization"}}]},"og:locale":"es_ES","og:site_name":"Cand\u00e1s 365","og:type":"article","og:title":"La norma pesquera de la UE castiga las artes sostenibles | Cand\u00e1s 365","og:description":"Un equipo del IEO-CSIC ha advertido de un desajuste en la pol\u00edtica pesquera de la UE que ha trasladado m\u00e1s costes a las flotas con menor impacto ecol\u00f3gic","og:url":"https:\/\/candas365.es\/noticias\/la-norma-pesquera-de-la-ue-castiga-las-artes-sostenibles\/","og:image":"https:\/\/candas365.es\/noticias\/wp-content\/uploads\/2026\/05\/La-norma-pesquera-de-la-UE-castiga-las-artes-sostenibles.jpg","og:image:secure_url":"https:\/\/candas365.es\/noticias\/wp-content\/uploads\/2026\/05\/La-norma-pesquera-de-la-UE-castiga-las-artes-sostenibles.jpg","og:image:width":1251,"og:image:height":843,"article:published_time":"2026-05-01T18:43:08+00:00","article:modified_time":"2026-05-01T18:43:08+00:00","article:publisher":"https:\/\/www.facebook.com\/Nachofdezber","article:author":"https:\/\/www.facebook.com\/carrenoactualidad","twitter:card":"summary_large_image","twitter:site":"@NabercoDigital","twitter:title":"La norma pesquera de la UE castiga las artes sostenibles | Cand\u00e1s 365","twitter:description":"Un equipo del IEO-CSIC ha advertido de un desajuste en la pol\u00edtica pesquera de la UE que ha trasladado m\u00e1s costes a las flotas con menor impacto ecol\u00f3gic","twitter:creator":"@nbasturias","twitter:image":"https:\/\/candas365.es\/noticias\/wp-content\/uploads\/2026\/05\/La-norma-pesquera-de-la-UE-castiga-las-artes-sostenibles.jpg","twitter:label1":"Escrito por","twitter:data1":"Cand\u00e1s 365","twitter:label2":"Tiempo de lectura estimado","twitter:data2":"4 minutos"},"aioseo_meta_data":{"post_id":"194421","title":null,"description":"Un equipo del IEO-CSIC ha advertido de un desajuste en la pol\u00edtica pesquera de la UE que ha trasladado m\u00e1s costes a las flotas con menor impacto ecol\u00f3gic","keywords":null,"keyphrases":{"focus":{"keyphrase":"pesquera","score":78,"analysis":{"keyphraseInTitle":{"score":9,"maxScore":9,"error":0},"keyphraseInDescription":{"score":9,"maxScore":9,"error":0},"keyphraseLength":{"score":9,"maxScore":9,"error":0,"length":1},"keyphraseInURL":{"score":5,"maxScore":5,"error":0},"keyphraseInIntroduction":{"score":9,"maxScore":9,"error":0},"keyphraseInSubHeadings":{"score":3,"maxScore":9,"error":1},"keyphraseInImageAlt":{"score":9,"maxScore":9,"error":0},"keywordDensity":{"score":0,"type":"low","maxScore":9,"error":1}}},"additional":[{"keyphrase":"pesquera","score":80,"analysis":{"keyphraseInDescription":{"score":9,"maxScore":9,"error":0},"keyphraseLength":{"score":9,"maxScore":9,"error":0,"length":1},"keyphraseInIntroduction":{"score":9,"maxScore":9,"error":0},"keyphraseInImageAlt":{"score":9,"maxScore":9,"error":0},"keywordDensity":{"score":0,"type":"low","maxScore":9,"error":1}}}]},"primary_term":null,"canonical_url":null,"og_title":null,"og_description":null,"og_object_type":"default","og_image_type":"default","og_image_url":null,"og_image_width":null,"og_image_height":null,"og_image_custom_url":null,"og_image_custom_fields":null,"og_video":"","og_custom_url":null,"og_article_section":null,"og_article_tags":null,"twitter_use_og":false,"twitter_card":"default","twitter_image_type":"default","twitter_image_url":null,"twitter_image_custom_url":null,"twitter_image_custom_fields":null,"twitter_title":null,"twitter_description":null,"schema":{"blockGraphs":[],"customGraphs":[],"default":{"data":{"Article":[],"Course":[],"Dataset":[],"FAQPage":[],"Movie":[],"Person":[],"Product":[],"ProductReview":[],"Car":[],"Recipe":[],"Service":[],"SoftwareApplication":[],"WebPage":[]},"graphName":"NewsArticle","isEnabled":true},"graphs":[]},"schema_type":"default","schema_type_options":null,"pillar_content":false,"robots_default":true,"robots_noindex":false,"robots_noarchive":false,"robots_nosnippet":false,"robots_nofollow":false,"robots_noimageindex":false,"robots_noodp":false,"robots_notranslate":false,"robots_max_snippet":"-1","robots_max_videopreview":"-1","robots_max_imagepreview":"large","priority":null,"frequency":"default","location":null,"local_seo":null,"seo_analyzer_scan_date":"2026-05-01 19:17:49","breadcrumb_settings":null,"limit_modified_date":false,"reviewed_by":"0","open_ai":null,"ai":{"faqs":[],"keyPoints":[],"schemas":[],"titles":[],"descriptions":[],"socialPosts":{"email":[],"linkedin":[],"twitter":[],"facebook":[],"instagram":[]}},"created":"2026-05-01 16:12:50","updated":"2026-05-01 19:22:04"},"aioseo_breadcrumb":"<div class=\"aioseo-breadcrumbs\"><span class=\"aioseo-breadcrumb\">\n\t<a href=\"https:\/\/candas365.es\/noticias\" title=\"Home\">Home<\/a>\n<\/span><span class=\"aioseo-breadcrumb-separator\">&ndash;<\/span><span class=\"aioseo-breadcrumb\">\n\t<a href=\"https:\/\/candas365.es\/noticias\/category\/destacadas\/\" title=\"Destacadas\">Destacadas<\/a>\n<\/span><span class=\"aioseo-breadcrumb-separator\">&ndash;<\/span><span class=\"aioseo-breadcrumb\">\n\tLa norma pesquera de la UE castiga las artes sostenibles\n<\/span><\/div>","aioseo_breadcrumb_json":[{"label":"Home","link":"https:\/\/candas365.es\/noticias"},{"label":"Destacadas","link":"https:\/\/candas365.es\/noticias\/category\/destacadas\/"},{"label":"La norma pesquera de la UE castiga las artes sostenibles","link":"https:\/\/candas365.es\/noticias\/la-norma-pesquera-de-la-ue-castiga-las-artes-sostenibles\/"}],"_links":{"self":[{"href":"https:\/\/candas365.es\/noticias\/wp-json\/wp\/v2\/posts\/194421","targetHints":{"allow":["GET"]}}],"collection":[{"href":"https:\/\/candas365.es\/noticias\/wp-json\/wp\/v2\/posts"}],"about":[{"href":"https:\/\/candas365.es\/noticias\/wp-json\/wp\/v2\/types\/post"}],"author":[{"embeddable":true,"href":"https:\/\/candas365.es\/noticias\/wp-json\/wp\/v2\/users\/1"}],"replies":[{"embeddable":true,"href":"https:\/\/candas365.es\/noticias\/wp-json\/wp\/v2\/comments?post=194421"}],"version-history":[{"count":1,"href":"https:\/\/candas365.es\/noticias\/wp-json\/wp\/v2\/posts\/194421\/revisions"}],"predecessor-version":[{"id":194423,"href":"https:\/\/candas365.es\/noticias\/wp-json\/wp\/v2\/posts\/194421\/revisions\/194423"}],"wp:featuredmedia":[{"embeddable":true,"href":"https:\/\/candas365.es\/noticias\/wp-json\/wp\/v2\/media\/194422"}],"wp:attachment":[{"href":"https:\/\/candas365.es\/noticias\/wp-json\/wp\/v2\/media?parent=194421"}],"wp:term":[{"taxonomy":"category","embeddable":true,"href":"https:\/\/candas365.es\/noticias\/wp-json\/wp\/v2\/categories?post=194421"},{"taxonomy":"post_tag","embeddable":true,"href":"https:\/\/candas365.es\/noticias\/wp-json\/wp\/v2\/tags?post=194421"}],"curies":[{"name":"wp","href":"https:\/\/api.w.org\/{rel}","templated":true}]}}