{"id":194418,"date":"2026-04-30T18:05:32","date_gmt":"2026-04-30T16:05:32","guid":{"rendered":"https:\/\/candas365.es\/noticias\/?p=194418"},"modified":"2026-04-30T18:05:56","modified_gmt":"2026-04-30T16:05:56","slug":"entrevista-a-maria-lourdes-prendes-de-los-gorilas-de-candas","status":"publish","type":"post","link":"https:\/\/candas365.es\/noticias\/entrevista-a-maria-lourdes-prendes-de-los-gorilas-de-candas\/","title":{"rendered":"Entrevista a Mar\u00eda Lourdes Prendes de Los Gorilas de Cand\u00e1s"},"content":{"rendered":"<p>Entrevista\u00a0 realizada el 29 de abril 2026 a la presidenta del Club Los Gorilas de Cand\u00e1s <strong>Mar\u00eda Lourdes Prendes<\/strong> por Helio del Busto, una charla sobre <span style=\"color: #ff6600;\"><a style=\"color: #ff6600;\" href=\"https:\/\/candas365.es\/noticias\/category\/deporte\/\"><strong>deporte<\/strong><\/a><\/span>, el pirag\u00fcismo, la tradici\u00f3n y un recorrido por la historia de Los Gorilas<\/p>\n<p><iframe title=\"YouTube video player\" src=\"https:\/\/www.youtube.com\/embed\/aCIyYhmNfDM?si=JxdkGGN-hdW5aqgb\" width=\"560\" height=\"315\" frameborder=\"0\" allowfullscreen=\"allowfullscreen\"><\/iframe><\/p>\n<p>Puedes ver m\u00e1s videos y contenidos en nuestras diferentes redes sociales y tambi\u00e9n en nuestro <a href=\"https:\/\/www.youtube.com\/@candas365tv\/shorts\"><span style=\"color: #ff6600;\"><strong>canal de YouTube<\/strong><\/span><\/a>.<\/p>\n","protected":false},"excerpt":{"rendered":"<p>Entrevista\u00a0 realizada el 29 de abril 2026 a la presidenta del Club Los Gorilas de Cand\u00e1s Mar\u00eda Lourdes Prendes por Helio del Busto, una charla sobre deporte, el pirag\u00fcismo, la tradici\u00f3n y un recorrido por la historia de Los Gorilas Puedes ver m\u00e1s videos y contenidos en nuestras diferentes redes sociales y tambi\u00e9n en nuestro<\/p>\n","protected":false},"author":1,"featured_media":194419,"comment_status":"closed","ping_status":"closed","sticky":false,"template":"","format":"video","meta":{"footnotes":""},"categories":[316,531],"tags":[366,365,387,530],"class_list":{"0":"post-194418","1":"post","2":"type-post","3":"status-publish","4":"format-video","5":"has-post-thumbnail","7":"category-destacadas","8":"category-videos-carreno","9":"tag-candas","10":"tag-carreno","11":"tag-deporte","12":"tag-videos","13":"post_format-post-format-video"},"aioseo_notices":[],"aioseo_head":"\n\t\t<!-- All in One SEO Pro 4.9.6.2 - aioseo.com -->\n\t<meta name=\"description\" content=\"Entrevista realizada el 29 de abril 2026 en Cand\u00e1s, a Mar\u00eda Lourdes Prendes por Helio del Busto, una charla sobre deporte, el pirag\u00fcismo, la tradici\u00f3n\" \/>\n\t<meta name=\"robots\" content=\"max-image-preview:large\" \/>\n\t<meta name=\"author\" content=\"Cand\u00e1s 365\"\/>\n\t<meta name=\"google-site-verification\" content=\"UA-32230408-1\" \/>\n\t<meta name=\"msvalidate.01\" content=\"354F3CDFB2DA171B47FBE9ABF1F88D5\" \/>\n\t<meta name=\"keywords\" content=\"destacadas,videos\" \/>\n\t<link rel=\"canonical\" href=\"https:\/\/candas365.es\/noticias\/entrevista-a-maria-lourdes-prendes-de-los-gorilas-de-candas\/\" \/>\n\t<meta name=\"generator\" content=\"All in One SEO Pro (AIOSEO) 4.9.6.2\" \/>\n\t\t<meta property=\"og:locale\" content=\"es_ES\" \/>\n\t\t<meta property=\"og:site_name\" content=\"Cand\u00e1s 365\" \/>\n\t\t<meta property=\"og:type\" content=\"article\" \/>\n\t\t<meta property=\"og:title\" content=\"Entrevista a Mar\u00eda Lourdes Prendes de Los Gorilas de Cand\u00e1s | Cand\u00e1s 365\" \/>\n\t\t<meta property=\"og:description\" content=\"Entrevista realizada el 29 de abril 2026 en Cand\u00e1s, a Mar\u00eda Lourdes Prendes por Helio del Busto, una charla sobre deporte, el pirag\u00fcismo, la tradici\u00f3n\" \/>\n\t\t<meta property=\"og:url\" content=\"https:\/\/candas365.es\/noticias\/entrevista-a-maria-lourdes-prendes-de-los-gorilas-de-candas\/\" \/>\n\t\t<meta property=\"og:image\" content=\"https:\/\/candas365.es\/noticias\/wp-content\/uploads\/2026\/04\/Entrevista-a-Maria-Lourdes-Prendes-de-Los-Gorilas-de-Candas.jpg\" \/>\n\t\t<meta property=\"og:image:secure_url\" content=\"https:\/\/candas365.es\/noticias\/wp-content\/uploads\/2026\/04\/Entrevista-a-Maria-Lourdes-Prendes-de-Los-Gorilas-de-Candas.jpg\" \/>\n\t\t<meta property=\"og:image:width\" content=\"1247\" \/>\n\t\t<meta property=\"og:image:height\" content=\"705\" \/>\n\t\t<meta property=\"article:published_time\" content=\"2026-04-30T16:05:32+00:00\" \/>\n\t\t<meta property=\"article:modified_time\" content=\"2026-04-30T16:05:56+00:00\" \/>\n\t\t<meta property=\"article:publisher\" content=\"https:\/\/www.facebook.com\/Nachofdezber\" \/>\n\t\t<meta property=\"article:author\" content=\"https:\/\/www.facebook.com\/carrenoactualidad\" \/>\n\t\t<meta name=\"twitter:card\" content=\"summary_large_image\" \/>\n\t\t<meta name=\"twitter:site\" content=\"@NabercoDigital\" \/>\n\t\t<meta name=\"twitter:title\" content=\"Entrevista a Mar\u00eda Lourdes Prendes de Los Gorilas de Cand\u00e1s | Cand\u00e1s 365\" \/>\n\t\t<meta name=\"twitter:description\" content=\"Entrevista realizada el 29 de abril 2026 en Cand\u00e1s, a Mar\u00eda Lourdes Prendes por Helio del Busto, una charla sobre deporte, el pirag\u00fcismo, la tradici\u00f3n\" \/>\n\t\t<meta name=\"twitter:creator\" content=\"@nbasturias\" \/>\n\t\t<meta name=\"twitter:image\" content=\"https:\/\/candas365.es\/noticias\/wp-content\/uploads\/2026\/04\/Entrevista-a-Maria-Lourdes-Prendes-de-Los-Gorilas-de-Candas.jpg\" \/>\n\t\t<meta name=\"twitter:label1\" content=\"Escrito por\" \/>\n\t\t<meta name=\"twitter:data1\" content=\"Cand\u00e1s 365\" \/>\n\t\t<script type=\"application\/ld+json\" class=\"aioseo-schema\">\n\t\t\t{\"@context\":\"https:\\\/\\\/schema.org\",\"@graph\":[{\"@type\":\"BreadcrumbList\",\"@id\":\"https:\\\/\\\/candas365.es\\\/noticias\\\/entrevista-a-maria-lourdes-prendes-de-los-gorilas-de-candas\\\/#breadcrumblist\",\"itemListElement\":[{\"@type\":\"ListItem\",\"@id\":\"https:\\\/\\\/candas365.es\\\/noticias#listItem\",\"position\":1,\"name\":\"Home\",\"item\":\"https:\\\/\\\/candas365.es\\\/noticias\",\"nextItem\":{\"@type\":\"ListItem\",\"@id\":\"https:\\\/\\\/candas365.es\\\/noticias\\\/category\\\/destacadas\\\/#listItem\",\"name\":\"Destacadas\"}},{\"@type\":\"ListItem\",\"@id\":\"https:\\\/\\\/candas365.es\\\/noticias\\\/category\\\/destacadas\\\/#listItem\",\"position\":2,\"name\":\"Destacadas\",\"item\":\"https:\\\/\\\/candas365.es\\\/noticias\\\/category\\\/destacadas\\\/\",\"nextItem\":{\"@type\":\"ListItem\",\"@id\":\"https:\\\/\\\/candas365.es\\\/noticias\\\/entrevista-a-maria-lourdes-prendes-de-los-gorilas-de-candas\\\/#listItem\",\"name\":\"Entrevista a Mar\\u00eda Lourdes Prendes de Los Gorilas de Cand\\u00e1s\"},\"previousItem\":{\"@type\":\"ListItem\",\"@id\":\"https:\\\/\\\/candas365.es\\\/noticias#listItem\",\"name\":\"Home\"}},{\"@type\":\"ListItem\",\"@id\":\"https:\\\/\\\/candas365.es\\\/noticias\\\/entrevista-a-maria-lourdes-prendes-de-los-gorilas-de-candas\\\/#listItem\",\"position\":3,\"name\":\"Entrevista a Mar\\u00eda Lourdes Prendes de Los Gorilas de Cand\\u00e1s\",\"previousItem\":{\"@type\":\"ListItem\",\"@id\":\"https:\\\/\\\/candas365.es\\\/noticias\\\/category\\\/destacadas\\\/#listItem\",\"name\":\"Destacadas\"}}]},{\"@type\":\"NewsArticle\",\"@id\":\"https:\\\/\\\/candas365.es\\\/noticias\\\/entrevista-a-maria-lourdes-prendes-de-los-gorilas-de-candas\\\/#newsarticle\",\"name\":\"Entrevista a Mar\\u00eda Lourdes Prendes de Los Gorilas de Cand\\u00e1s | Cand\\u00e1s 365\",\"headline\":\"Entrevista a Mar\\u00eda Lourdes Prendes de Los Gorilas de Cand\\u00e1s\",\"author\":{\"@id\":\"https:\\\/\\\/candas365.es\\\/noticias\\\/author\\\/admin\\\/#author\"},\"publisher\":{\"@id\":\"https:\\\/\\\/candas365.es\\\/noticias\\\/#organization\"},\"image\":{\"@type\":\"ImageObject\",\"url\":\"https:\\\/\\\/candas365.es\\\/noticias\\\/wp-content\\\/uploads\\\/2026\\\/04\\\/Entrevista-a-Maria-Lourdes-Prendes-de-Los-Gorilas-de-Candas.jpg\",\"width\":1247,\"height\":705,\"caption\":\"Entrevista a Mar\\u00eda Lourdes Prendes de Los Gorilas de Cand\\u00e1s\"},\"datePublished\":\"2026-04-30T18:05:32+02:00\",\"dateModified\":\"2026-04-30T18:05:56+02:00\",\"inLanguage\":\"es-ES\",\"mainEntityOfPage\":{\"@id\":\"https:\\\/\\\/candas365.es\\\/noticias\\\/entrevista-a-maria-lourdes-prendes-de-los-gorilas-de-candas\\\/#webpage\"},\"isPartOf\":{\"@id\":\"https:\\\/\\\/candas365.es\\\/noticias\\\/entrevista-a-maria-lourdes-prendes-de-los-gorilas-de-candas\\\/#webpage\"},\"articleSection\":\"Destacadas, Videos, Cand\\u00e1s, Carre\\u00f1o, deporte, videos, V\\u00eddeo\",\"dateline\":\"Publicado el abril 30, 2026.\"},{\"@type\":\"Organization\",\"@id\":\"https:\\\/\\\/candas365.es\\\/noticias\\\/#organization\",\"name\":\"Cand\\u00e1s 365\",\"description\":\"Cand\\u00e1s 365 es un diario digital independiente, fundado en 2012, con base en Asturias. Informamos con rigor sobre actualidad, sociedad, cultura y ocio, con una mirada local y global.\",\"url\":\"https:\\\/\\\/candas365.es\\\/noticias\\\/\",\"email\":\"info@candas365.es\",\"telephone\":\"+34652131393\",\"foundingDate\":\"2012-06-10\",\"logo\":{\"@type\":\"ImageObject\",\"url\":\"https:\\\/\\\/candas365.es\\\/noticias\\\/wp-content\\\/uploads\\\/2024\\\/09\\\/Candas-365-Redes.jpg\",\"@id\":\"https:\\\/\\\/candas365.es\\\/noticias\\\/entrevista-a-maria-lourdes-prendes-de-los-gorilas-de-candas\\\/#organizationLogo\",\"width\":1152,\"height\":864,\"caption\":\"Cand\\u00e1s 365 Redes\"},\"image\":{\"@id\":\"https:\\\/\\\/candas365.es\\\/noticias\\\/entrevista-a-maria-lourdes-prendes-de-los-gorilas-de-candas\\\/#organizationLogo\"},\"sameAs\":[\"https:\\\/\\\/www.facebook.com\\\/Nachofdezber\",\"https:\\\/\\\/x.com\\\/NabercoDigital\",\"https:\\\/\\\/www.instagram.com\\\/nachofdezber\\\/\",\"https:\\\/\\\/www.youtube.com\\\/channel\\\/UCZP-2wLEB9Rv6erhFmqVnvg\"],\"address\":{\"@id\":\"https:\\\/\\\/candas365.es\\\/noticias\\\/#postaladdress\",\"@type\":\"PostalAddress\",\"streetAddress\":\"san antonio 4, san antonio 4\",\"postalCode\":\"33430\",\"addressLocality\":\"Cand\\u00e1s\",\"addressRegion\":\"Asturias\",\"addressCountry\":\"ES\"}},{\"@type\":\"Person\",\"@id\":\"https:\\\/\\\/candas365.es\\\/noticias\\\/author\\\/admin\\\/#author\",\"url\":\"https:\\\/\\\/candas365.es\\\/noticias\\\/author\\\/admin\\\/\",\"name\":\"Cand\\u00e1s 365\",\"image\":{\"@type\":\"ImageObject\",\"@id\":\"https:\\\/\\\/candas365.es\\\/noticias\\\/entrevista-a-maria-lourdes-prendes-de-los-gorilas-de-candas\\\/#authorImage\",\"url\":\"https:\\\/\\\/secure.gravatar.com\\\/avatar\\\/496a8e03d0c493ede1718b7934145dbdf8d89be1036b0eec9544e1094c9de390?s=96&d=mm&r=g\",\"width\":96,\"height\":96,\"caption\":\"Cand\\u00e1s 365\"},\"sameAs\":[\"https:\\\/\\\/www.facebook.com\\\/carrenoactualidad\",\"https:\\\/\\\/twitter.com\\\/nbasturias\",\"https:\\\/\\\/www.instagram.com\\\/nachofdezber\\\/\",\"https:\\\/\\\/www.youtube.com\\\/channel\\\/UCZP-2wLEB9Rv6erhFmqVnvg\"]},{\"@type\":\"WebPage\",\"@id\":\"https:\\\/\\\/candas365.es\\\/noticias\\\/entrevista-a-maria-lourdes-prendes-de-los-gorilas-de-candas\\\/#webpage\",\"url\":\"https:\\\/\\\/candas365.es\\\/noticias\\\/entrevista-a-maria-lourdes-prendes-de-los-gorilas-de-candas\\\/\",\"name\":\"Entrevista a Mar\\u00eda Lourdes Prendes de Los Gorilas de Cand\\u00e1s | Cand\\u00e1s 365\",\"description\":\"Entrevista realizada el 29 de abril 2026 en Cand\\u00e1s, a Mar\\u00eda Lourdes Prendes por Helio del Busto, una charla sobre deporte, el pirag\\u00fcismo, la tradici\\u00f3n\",\"inLanguage\":\"es-ES\",\"isPartOf\":{\"@id\":\"https:\\\/\\\/candas365.es\\\/noticias\\\/#website\"},\"breadcrumb\":{\"@id\":\"https:\\\/\\\/candas365.es\\\/noticias\\\/entrevista-a-maria-lourdes-prendes-de-los-gorilas-de-candas\\\/#breadcrumblist\"},\"author\":{\"@id\":\"https:\\\/\\\/candas365.es\\\/noticias\\\/author\\\/admin\\\/#author\"},\"creator\":{\"@id\":\"https:\\\/\\\/candas365.es\\\/noticias\\\/author\\\/admin\\\/#author\"},\"image\":{\"@type\":\"ImageObject\",\"url\":\"https:\\\/\\\/candas365.es\\\/noticias\\\/wp-content\\\/uploads\\\/2026\\\/04\\\/Entrevista-a-Maria-Lourdes-Prendes-de-Los-Gorilas-de-Candas.jpg\",\"@id\":\"https:\\\/\\\/candas365.es\\\/noticias\\\/entrevista-a-maria-lourdes-prendes-de-los-gorilas-de-candas\\\/#mainImage\",\"width\":1247,\"height\":705,\"caption\":\"Entrevista a Mar\\u00eda Lourdes Prendes de Los Gorilas de Cand\\u00e1s\"},\"primaryImageOfPage\":{\"@id\":\"https:\\\/\\\/candas365.es\\\/noticias\\\/entrevista-a-maria-lourdes-prendes-de-los-gorilas-de-candas\\\/#mainImage\"},\"datePublished\":\"2026-04-30T18:05:32+02:00\",\"dateModified\":\"2026-04-30T18:05:56+02:00\"},{\"@type\":\"WebSite\",\"@id\":\"https:\\\/\\\/candas365.es\\\/noticias\\\/#website\",\"url\":\"https:\\\/\\\/candas365.es\\\/noticias\\\/\",\"name\":\"Cand\\u00e1s 365\",\"alternateName\":\"Cand\\u00e1s 365 Noticias\",\"description\":\"Actualidad desde Carre\\u00f1o para el mundo\",\"inLanguage\":\"es-ES\",\"publisher\":{\"@id\":\"https:\\\/\\\/candas365.es\\\/noticias\\\/#organization\"}}]}\n\t\t<\/script>\n\t\t<!-- All in One SEO Pro -->\r\n\t\t<title>Entrevista a Mar\u00eda Lourdes Prendes de Los Gorilas de Cand\u00e1s | Cand\u00e1s 365<\/title>\n\n","aioseo_head_json":{"title":"Entrevista a Mar\u00eda Lourdes Prendes de Los Gorilas de Cand\u00e1s | Cand\u00e1s 365","description":"Entrevista realizada el 29 de abril 2026 en Cand\u00e1s, a Mar\u00eda Lourdes Prendes por Helio del Busto, una charla sobre deporte, el pirag\u00fcismo, la tradici\u00f3n","canonical_url":"https:\/\/candas365.es\/noticias\/entrevista-a-maria-lourdes-prendes-de-los-gorilas-de-candas\/","robots":"max-image-preview:large","keywords":"destacadas,videos","webmasterTools":{"google-site-verification":"UA-32230408-1","msvalidate.01":"354F3CDFB2DA171B47FBE9ABF1F88D5","miscellaneous":""},"schema":{"@context":"https:\/\/schema.org","@graph":[{"@type":"BreadcrumbList","@id":"https:\/\/candas365.es\/noticias\/entrevista-a-maria-lourdes-prendes-de-los-gorilas-de-candas\/#breadcrumblist","itemListElement":[{"@type":"ListItem","@id":"https:\/\/candas365.es\/noticias#listItem","position":1,"name":"Home","item":"https:\/\/candas365.es\/noticias","nextItem":{"@type":"ListItem","@id":"https:\/\/candas365.es\/noticias\/category\/destacadas\/#listItem","name":"Destacadas"}},{"@type":"ListItem","@id":"https:\/\/candas365.es\/noticias\/category\/destacadas\/#listItem","position":2,"name":"Destacadas","item":"https:\/\/candas365.es\/noticias\/category\/destacadas\/","nextItem":{"@type":"ListItem","@id":"https:\/\/candas365.es\/noticias\/entrevista-a-maria-lourdes-prendes-de-los-gorilas-de-candas\/#listItem","name":"Entrevista a Mar\u00eda Lourdes Prendes de Los Gorilas de Cand\u00e1s"},"previousItem":{"@type":"ListItem","@id":"https:\/\/candas365.es\/noticias#listItem","name":"Home"}},{"@type":"ListItem","@id":"https:\/\/candas365.es\/noticias\/entrevista-a-maria-lourdes-prendes-de-los-gorilas-de-candas\/#listItem","position":3,"name":"Entrevista a Mar\u00eda Lourdes Prendes de Los Gorilas de Cand\u00e1s","previousItem":{"@type":"ListItem","@id":"https:\/\/candas365.es\/noticias\/category\/destacadas\/#listItem","name":"Destacadas"}}]},{"@type":"NewsArticle","@id":"https:\/\/candas365.es\/noticias\/entrevista-a-maria-lourdes-prendes-de-los-gorilas-de-candas\/#newsarticle","name":"Entrevista a Mar\u00eda Lourdes Prendes de Los Gorilas de Cand\u00e1s | Cand\u00e1s 365","headline":"Entrevista a Mar\u00eda Lourdes Prendes de Los Gorilas de Cand\u00e1s","author":{"@id":"https:\/\/candas365.es\/noticias\/author\/admin\/#author"},"publisher":{"@id":"https:\/\/candas365.es\/noticias\/#organization"},"image":{"@type":"ImageObject","url":"https:\/\/candas365.es\/noticias\/wp-content\/uploads\/2026\/04\/Entrevista-a-Maria-Lourdes-Prendes-de-Los-Gorilas-de-Candas.jpg","width":1247,"height":705,"caption":"Entrevista a Mar\u00eda Lourdes Prendes de Los Gorilas de Cand\u00e1s"},"datePublished":"2026-04-30T18:05:32+02:00","dateModified":"2026-04-30T18:05:56+02:00","inLanguage":"es-ES","mainEntityOfPage":{"@id":"https:\/\/candas365.es\/noticias\/entrevista-a-maria-lourdes-prendes-de-los-gorilas-de-candas\/#webpage"},"isPartOf":{"@id":"https:\/\/candas365.es\/noticias\/entrevista-a-maria-lourdes-prendes-de-los-gorilas-de-candas\/#webpage"},"articleSection":"Destacadas, Videos, Cand\u00e1s, Carre\u00f1o, deporte, videos, V\u00eddeo","dateline":"Publicado el abril 30, 2026."},{"@type":"Organization","@id":"https:\/\/candas365.es\/noticias\/#organization","name":"Cand\u00e1s 365","description":"Cand\u00e1s 365 es un diario digital independiente, fundado en 2012, con base en Asturias. Informamos con rigor sobre actualidad, sociedad, cultura y ocio, con una mirada local y global.","url":"https:\/\/candas365.es\/noticias\/","email":"info@candas365.es","telephone":"+34652131393","foundingDate":"2012-06-10","logo":{"@type":"ImageObject","url":"https:\/\/candas365.es\/noticias\/wp-content\/uploads\/2024\/09\/Candas-365-Redes.jpg","@id":"https:\/\/candas365.es\/noticias\/entrevista-a-maria-lourdes-prendes-de-los-gorilas-de-candas\/#organizationLogo","width":1152,"height":864,"caption":"Cand\u00e1s 365 Redes"},"image":{"@id":"https:\/\/candas365.es\/noticias\/entrevista-a-maria-lourdes-prendes-de-los-gorilas-de-candas\/#organizationLogo"},"sameAs":["https:\/\/www.facebook.com\/Nachofdezber","https:\/\/x.com\/NabercoDigital","https:\/\/www.instagram.com\/nachofdezber\/","https:\/\/www.youtube.com\/channel\/UCZP-2wLEB9Rv6erhFmqVnvg"],"address":{"@id":"https:\/\/candas365.es\/noticias\/#postaladdress","@type":"PostalAddress","streetAddress":"san antonio 4, san antonio 4","postalCode":"33430","addressLocality":"Cand\u00e1s","addressRegion":"Asturias","addressCountry":"ES"}},{"@type":"Person","@id":"https:\/\/candas365.es\/noticias\/author\/admin\/#author","url":"https:\/\/candas365.es\/noticias\/author\/admin\/","name":"Cand\u00e1s 365","image":{"@type":"ImageObject","@id":"https:\/\/candas365.es\/noticias\/entrevista-a-maria-lourdes-prendes-de-los-gorilas-de-candas\/#authorImage","url":"https:\/\/secure.gravatar.com\/avatar\/496a8e03d0c493ede1718b7934145dbdf8d89be1036b0eec9544e1094c9de390?s=96&d=mm&r=g","width":96,"height":96,"caption":"Cand\u00e1s 365"},"sameAs":["https:\/\/www.facebook.com\/carrenoactualidad","https:\/\/twitter.com\/nbasturias","https:\/\/www.instagram.com\/nachofdezber\/","https:\/\/www.youtube.com\/channel\/UCZP-2wLEB9Rv6erhFmqVnvg"]},{"@type":"WebPage","@id":"https:\/\/candas365.es\/noticias\/entrevista-a-maria-lourdes-prendes-de-los-gorilas-de-candas\/#webpage","url":"https:\/\/candas365.es\/noticias\/entrevista-a-maria-lourdes-prendes-de-los-gorilas-de-candas\/","name":"Entrevista a Mar\u00eda Lourdes Prendes de Los Gorilas de Cand\u00e1s | Cand\u00e1s 365","description":"Entrevista realizada el 29 de abril 2026 en Cand\u00e1s, a Mar\u00eda Lourdes Prendes por Helio del Busto, una charla sobre deporte, el pirag\u00fcismo, la tradici\u00f3n","inLanguage":"es-ES","isPartOf":{"@id":"https:\/\/candas365.es\/noticias\/#website"},"breadcrumb":{"@id":"https:\/\/candas365.es\/noticias\/entrevista-a-maria-lourdes-prendes-de-los-gorilas-de-candas\/#breadcrumblist"},"author":{"@id":"https:\/\/candas365.es\/noticias\/author\/admin\/#author"},"creator":{"@id":"https:\/\/candas365.es\/noticias\/author\/admin\/#author"},"image":{"@type":"ImageObject","url":"https:\/\/candas365.es\/noticias\/wp-content\/uploads\/2026\/04\/Entrevista-a-Maria-Lourdes-Prendes-de-Los-Gorilas-de-Candas.jpg","@id":"https:\/\/candas365.es\/noticias\/entrevista-a-maria-lourdes-prendes-de-los-gorilas-de-candas\/#mainImage","width":1247,"height":705,"caption":"Entrevista a Mar\u00eda Lourdes Prendes de Los Gorilas de Cand\u00e1s"},"primaryImageOfPage":{"@id":"https:\/\/candas365.es\/noticias\/entrevista-a-maria-lourdes-prendes-de-los-gorilas-de-candas\/#mainImage"},"datePublished":"2026-04-30T18:05:32+02:00","dateModified":"2026-04-30T18:05:56+02:00"},{"@type":"WebSite","@id":"https:\/\/candas365.es\/noticias\/#website","url":"https:\/\/candas365.es\/noticias\/","name":"Cand\u00e1s 365","alternateName":"Cand\u00e1s 365 Noticias","description":"Actualidad desde Carre\u00f1o para el mundo","inLanguage":"es-ES","publisher":{"@id":"https:\/\/candas365.es\/noticias\/#organization"}}]},"og:locale":"es_ES","og:site_name":"Cand\u00e1s 365","og:type":"article","og:title":"Entrevista a Mar\u00eda Lourdes Prendes de Los Gorilas de Cand\u00e1s | Cand\u00e1s 365","og:description":"Entrevista realizada el 29 de abril 2026 en Cand\u00e1s, a Mar\u00eda Lourdes Prendes por Helio del Busto, una charla sobre deporte, el pirag\u00fcismo, la tradici\u00f3n","og:url":"https:\/\/candas365.es\/noticias\/entrevista-a-maria-lourdes-prendes-de-los-gorilas-de-candas\/","og:image":"https:\/\/candas365.es\/noticias\/wp-content\/uploads\/2026\/04\/Entrevista-a-Maria-Lourdes-Prendes-de-Los-Gorilas-de-Candas.jpg","og:image:secure_url":"https:\/\/candas365.es\/noticias\/wp-content\/uploads\/2026\/04\/Entrevista-a-Maria-Lourdes-Prendes-de-Los-Gorilas-de-Candas.jpg","og:image:width":1247,"og:image:height":705,"article:published_time":"2026-04-30T16:05:32+00:00","article:modified_time":"2026-04-30T16:05:56+00:00","article:publisher":"https:\/\/www.facebook.com\/Nachofdezber","article:author":"https:\/\/www.facebook.com\/carrenoactualidad","twitter:card":"summary_large_image","twitter:site":"@NabercoDigital","twitter:title":"Entrevista a Mar\u00eda Lourdes Prendes de Los Gorilas de Cand\u00e1s | Cand\u00e1s 365","twitter:description":"Entrevista realizada el 29 de abril 2026 en Cand\u00e1s, a Mar\u00eda Lourdes Prendes por Helio del Busto, una charla sobre deporte, el pirag\u00fcismo, la tradici\u00f3n","twitter:creator":"@nbasturias","twitter:image":"https:\/\/candas365.es\/noticias\/wp-content\/uploads\/2026\/04\/Entrevista-a-Maria-Lourdes-Prendes-de-Los-Gorilas-de-Candas.jpg","twitter:label1":"Escrito por","twitter:data1":"Cand\u00e1s 365"},"aioseo_meta_data":{"post_id":"194418","title":null,"description":"Entrevista realizada el 29 de abril 2026 en Cand\u00e1s, a Mar\u00eda Lourdes Prendes por Helio del Busto, una charla sobre deporte, el pirag\u00fcismo, la tradici\u00f3n","keywords":null,"keyphrases":{"focus":{"keyphrase":"Prendes","score":100,"analysis":{"keyphraseInTitle":{"score":9,"maxScore":9,"error":0},"keyphraseInDescription":{"score":9,"maxScore":9,"error":0},"keyphraseLength":{"score":9,"maxScore":9,"error":0,"length":1},"keyphraseInURL":{"score":5,"maxScore":5,"error":0},"keyphraseInIntroduction":{"score":9,"maxScore":9,"error":0},"keyphraseInSubHeadings":[],"keyphraseInImageAlt":[],"keywordDensity":{"type":"best","score":9,"maxScore":9,"error":0}}},"additional":[{"keyphrase":"Prendes","score":100,"analysis":{"keyphraseInDescription":{"score":9,"maxScore":9,"error":0},"keyphraseLength":{"score":9,"maxScore":9,"error":0,"length":1},"keyphraseInIntroduction":{"score":9,"maxScore":9,"error":0},"keyphraseInImageAlt":[],"keywordDensity":{"type":"best","score":9,"maxScore":9,"error":0}}},{"keyphrase":"Cand\u00e1s","score":100,"analysis":{"keyphraseInDescription":{"score":9,"maxScore":9,"error":0},"keyphraseLength":{"score":9,"maxScore":9,"error":0,"length":2},"keyphraseInIntroduction":{"score":9,"maxScore":9,"error":0},"keyphraseInImageAlt":[],"keywordDensity":{"type":"best","score":9,"maxScore":9,"error":0}}}]},"primary_term":null,"canonical_url":null,"og_title":null,"og_description":null,"og_object_type":"default","og_image_type":"default","og_image_url":null,"og_image_width":null,"og_image_height":null,"og_image_custom_url":null,"og_image_custom_fields":null,"og_video":"","og_custom_url":null,"og_article_section":null,"og_article_tags":null,"twitter_use_og":false,"twitter_card":"default","twitter_image_type":"default","twitter_image_url":null,"twitter_image_custom_url":null,"twitter_image_custom_fields":null,"twitter_title":null,"twitter_description":null,"schema":{"blockGraphs":[],"customGraphs":[],"default":{"data":{"Article":[],"Course":[],"Dataset":[],"FAQPage":[],"Movie":[],"Person":[],"Product":[],"ProductReview":[],"Car":[],"Recipe":[],"Service":[],"SoftwareApplication":[],"WebPage":[]},"graphName":"NewsArticle","isEnabled":true},"graphs":[]},"schema_type":"default","schema_type_options":null,"pillar_content":false,"robots_default":true,"robots_noindex":false,"robots_noarchive":false,"robots_nosnippet":false,"robots_nofollow":false,"robots_noimageindex":false,"robots_noodp":false,"robots_notranslate":false,"robots_max_snippet":"-1","robots_max_videopreview":"-1","robots_max_imagepreview":"large","priority":null,"frequency":"default","location":null,"local_seo":null,"seo_analyzer_scan_date":"2026-04-30 16:06:36","breadcrumb_settings":null,"limit_modified_date":false,"reviewed_by":"0","open_ai":null,"ai":{"faqs":[],"keyPoints":[],"schemas":[],"titles":[],"descriptions":[],"socialPosts":{"email":[],"linkedin":[],"twitter":[],"facebook":[],"instagram":[]}},"created":"2026-04-30 15:58:26","updated":"2026-04-30 16:08:33"},"aioseo_breadcrumb":"<div class=\"aioseo-breadcrumbs\"><span class=\"aioseo-breadcrumb\">\n\t<a href=\"https:\/\/candas365.es\/noticias\" title=\"Home\">Home<\/a>\n<\/span><span class=\"aioseo-breadcrumb-separator\">&ndash;<\/span><span class=\"aioseo-breadcrumb\">\n\t<a href=\"https:\/\/candas365.es\/noticias\/category\/destacadas\/\" title=\"Destacadas\">Destacadas<\/a>\n<\/span><span class=\"aioseo-breadcrumb-separator\">&ndash;<\/span><span class=\"aioseo-breadcrumb\">\n\tEntrevista a Mar\u00eda Lourdes Prendes de Los Gorilas de Cand\u00e1s\n<\/span><\/div>","aioseo_breadcrumb_json":[{"label":"Home","link":"https:\/\/candas365.es\/noticias"},{"label":"Destacadas","link":"https:\/\/candas365.es\/noticias\/category\/destacadas\/"},{"label":"Entrevista a Mar\u00eda Lourdes Prendes de Los Gorilas de Cand\u00e1s","link":"https:\/\/candas365.es\/noticias\/entrevista-a-maria-lourdes-prendes-de-los-gorilas-de-candas\/"}],"_links":{"self":[{"href":"https:\/\/candas365.es\/noticias\/wp-json\/wp\/v2\/posts\/194418","targetHints":{"allow":["GET"]}}],"collection":[{"href":"https:\/\/candas365.es\/noticias\/wp-json\/wp\/v2\/posts"}],"about":[{"href":"https:\/\/candas365.es\/noticias\/wp-json\/wp\/v2\/types\/post"}],"author":[{"embeddable":true,"href":"https:\/\/candas365.es\/noticias\/wp-json\/wp\/v2\/users\/1"}],"replies":[{"embeddable":true,"href":"https:\/\/candas365.es\/noticias\/wp-json\/wp\/v2\/comments?post=194418"}],"version-history":[{"count":1,"href":"https:\/\/candas365.es\/noticias\/wp-json\/wp\/v2\/posts\/194418\/revisions"}],"predecessor-version":[{"id":194420,"href":"https:\/\/candas365.es\/noticias\/wp-json\/wp\/v2\/posts\/194418\/revisions\/194420"}],"wp:featuredmedia":[{"embeddable":true,"href":"https:\/\/candas365.es\/noticias\/wp-json\/wp\/v2\/media\/194419"}],"wp:attachment":[{"href":"https:\/\/candas365.es\/noticias\/wp-json\/wp\/v2\/media?parent=194418"}],"wp:term":[{"taxonomy":"category","embeddable":true,"href":"https:\/\/candas365.es\/noticias\/wp-json\/wp\/v2\/categories?post=194418"},{"taxonomy":"post_tag","embeddable":true,"href":"https:\/\/candas365.es\/noticias\/wp-json\/wp\/v2\/tags?post=194418"}],"curies":[{"name":"wp","href":"https:\/\/api.w.org\/{rel}","templated":true}]}}