{"id":194415,"date":"2026-04-30T17:37:13","date_gmt":"2026-04-30T15:37:13","guid":{"rendered":"https:\/\/candas365.es\/noticias\/?p=194415"},"modified":"2026-04-30T17:37:13","modified_gmt":"2026-04-30T15:37:13","slug":"descuentos-en-carreno-con-el-bono-comercio-asturias","status":"publish","type":"post","link":"https:\/\/candas365.es\/noticias\/descuentos-en-carreno-con-el-bono-comercio-asturias\/","title":{"rendered":"Descuentos en Carre\u00f1o con el Bono Comercio Asturias"},"content":{"rendered":"<p>El Bono Comercio Asturias arrancar\u00e1 el 1 de mayo de 2026 en <a href=\"https:\/\/candas365.es\/noticias\/category\/noticias-carreno\/\"><span style=\"color: #ff6600;\"><strong>Carre\u00f1o<\/strong><\/span><\/a> y en el resto de la regi\u00f3n, permitiendo a los consumidores disfrutar de descuentos en m\u00e1s de 1.300 comercios adheridos<\/p>\n<figure id=\"attachment_194416\" aria-describedby=\"caption-attachment-194416\" style=\"width: 650px\" class=\"wp-caption aligncenter\"><img fetchpriority=\"high\" decoding=\"async\" class=\"size-large wp-image-194416\" src=\"https:\/\/candas365.es\/noticias\/wp-content\/uploads\/2026\/04\/Descuentos-en-Carreno-con-el-Bono-Comercio-Asturias-650x426.jpg\" alt=\"Descuentos en Carre\u00f1o con el Bono Comercio Asturias\" width=\"650\" height=\"426\" srcset=\"https:\/\/candas365.es\/noticias\/wp-content\/uploads\/2026\/04\/Descuentos-en-Carreno-con-el-Bono-Comercio-Asturias-650x426.jpg 650w, https:\/\/candas365.es\/noticias\/wp-content\/uploads\/2026\/04\/Descuentos-en-Carreno-con-el-Bono-Comercio-Asturias-360x236.jpg 360w, https:\/\/candas365.es\/noticias\/wp-content\/uploads\/2026\/04\/Descuentos-en-Carreno-con-el-Bono-Comercio-Asturias-768x503.jpg 768w, https:\/\/candas365.es\/noticias\/wp-content\/uploads\/2026\/04\/Descuentos-en-Carreno-con-el-Bono-Comercio-Asturias-150x98.jpg 150w, https:\/\/candas365.es\/noticias\/wp-content\/uploads\/2026\/04\/Descuentos-en-Carreno-con-el-Bono-Comercio-Asturias-450x295.jpg 450w, https:\/\/candas365.es\/noticias\/wp-content\/uploads\/2026\/04\/Descuentos-en-Carreno-con-el-Bono-Comercio-Asturias-1200x786.jpg 1200w, https:\/\/candas365.es\/noticias\/wp-content\/uploads\/2026\/04\/Descuentos-en-Carreno-con-el-Bono-Comercio-Asturias.jpg 1261w\" sizes=\"(max-width: 650px) 100vw, 650px\" \/><figcaption id=\"caption-attachment-194416\" class=\"wp-caption-text\">Foto: 123rf.com<\/figcaption><\/figure>\n<p data-start=\"386\" data-end=\"805\">El <a href=\"https:\/\/actualidad.asturias.es\/\" target=\"_blank\" rel=\"noopener\"><span style=\"color: #ff6600;\"><strong>Principado<\/strong><\/span><\/a> pondr\u00e1 en marcha el viernes, <strong>d\u00eda 1 de mayo<\/strong>, el programa Bono Comercio Asturias, que permitir\u00e1 a las personas consumidoras realizar compras en establecimientos minoristas con descuentos desde ese mismo d\u00eda.<strong> La tercera edici\u00f3n de esta iniciativa cuenta con un presupuesto de tres millones y alcanza un r\u00e9cord de 1.317 comercios adheridos, repartidos en 38 municipios.<\/strong><\/p>\n<p data-start=\"814\" data-end=\"1233\">En concreto, se han sumado 123 establecimientos m\u00e1s que en la edici\u00f3n anterior y se han incorporado tres nuevos concejos: Coa\u00f1a, Muros de Nal\u00f3n y Ribadedeva. Por municipios, lideran la participaci\u00f3n Gij\u00f3n (486 comercios), Oviedo (187), Avil\u00e9s (132), Langreo (60), Siero (56), Mieres (43) y Villaviciosa (34). El listado completo de tiendas puede consultarse en la p\u00e1gina web oficial: <span style=\"color: #ff6600;\"><strong><a class=\"decorated-link\" style=\"color: #ff6600;\" title=\"https:\/\/bonoscomercioasturias.com\/\" href=\"https:\/\/bonoscomercioasturias.com\/\" target=\"_blank\" rel=\"noopener\" data-start=\"1198\" data-end=\"1232\">https:\/\/bonoscomercioasturias.com\/<\/a><\/strong><\/span><\/p>\n<h1 data-section-id=\"1tjqxtr\" data-start=\"1237\" data-end=\"1267\">Descarga y uso de los bonos<\/h1>\n<p data-start=\"1276\" data-end=\"1648\">Una vez finalizado el proceso de adhesi\u00f3n de comercios, <strong>el viernes se abrir\u00e1 el plazo para que las personas interesadas puedan descargar los bonos<\/strong>, que consisten en cinco descuentos de 10 euros cada uno, hasta un m\u00e1ximo de 50 euros por usuario.<strong> Por cada 30 euros de compra se podr\u00e1 aplicar un bono, de modo que el consumidor abonar\u00e1 20 euros y el resto ser\u00e1 subvencionado.<\/strong><\/p>\n<p data-start=\"1657\" data-end=\"1797\">El plazo de descarga de los bonos se extender\u00e1 del 1 al 15 de mayo, mientras que podr\u00e1n canjearse desde este viernes y hasta el 30 de junio.<\/p>\n<h2 data-section-id=\"1sa0d3y\" data-start=\"1801\" data-end=\"1831\">Funcionamiento del programa<\/h2>\n<p data-start=\"1840\" data-end=\"2123\" data-is-last-node=\"\" data-is-only-node=\"\">El funcionamiento del programa ser\u00e1 id\u00e9ntico al de ediciones anteriores: tras registrarse en la web o en la aplicaci\u00f3n m\u00f3vil, los usuarios podr\u00e1n descargar los bonos y, en el momento del pago, solo tendr\u00e1n que mostrar su DNI y el c\u00f3digo QR correspondiente en los comercios adheridos.<\/p>\n","protected":false},"excerpt":{"rendered":"<p>El Bono Comercio Asturias arrancar\u00e1 el 1 de mayo de 2026 en Carre\u00f1o y en el resto de la regi\u00f3n, permitiendo a los consumidores disfrutar de descuentos en m\u00e1s de 1.300 comercios adheridos El Principado pondr\u00e1 en marcha el viernes, d\u00eda 1 de mayo, el programa Bono Comercio Asturias, que permitir\u00e1 a las personas consumidoras<\/p>\n","protected":false},"author":1,"featured_media":194416,"comment_status":"closed","ping_status":"closed","sticky":false,"template":"","format":"standard","meta":{"footnotes":""},"categories":[2],"tags":[366,365],"class_list":{"0":"post-194415","1":"post","2":"type-post","3":"status-publish","4":"format-standard","5":"has-post-thumbnail","7":"category-noticias-carreno","8":"tag-candas","9":"tag-carreno"},"aioseo_notices":[],"aioseo_head":"\n\t\t<!-- All in One SEO Pro 4.9.6.2 - aioseo.com -->\n\t<meta name=\"description\" content=\"El Bono Comercio Asturias arrancar\u00e1 el 1 de mayo de 2026 en Carre\u00f1o y en el resto de la regi\u00f3n, permitiendo a los consumidores disfrutar de descuentos\" \/>\n\t<meta name=\"robots\" content=\"max-image-preview:large\" \/>\n\t<meta name=\"author\" content=\"Cand\u00e1s 365\"\/>\n\t<meta name=\"google-site-verification\" content=\"UA-32230408-1\" \/>\n\t<meta name=\"msvalidate.01\" content=\"354F3CDFB2DA171B47FBE9ABF1F88D5\" \/>\n\t<meta name=\"keywords\" content=\"noticias carre\u00f1o\" \/>\n\t<link rel=\"canonical\" href=\"https:\/\/candas365.es\/noticias\/descuentos-en-carreno-con-el-bono-comercio-asturias\/\" \/>\n\t<meta name=\"generator\" content=\"All in One SEO Pro (AIOSEO) 4.9.6.2\" \/>\n\t\t<meta property=\"og:locale\" content=\"es_ES\" \/>\n\t\t<meta property=\"og:site_name\" content=\"Cand\u00e1s 365\" \/>\n\t\t<meta property=\"og:type\" content=\"article\" \/>\n\t\t<meta property=\"og:title\" content=\"Descuentos en Carre\u00f1o con el Bono Comercio Asturias | Cand\u00e1s 365\" \/>\n\t\t<meta property=\"og:description\" content=\"El Bono Comercio Asturias arrancar\u00e1 el 1 de mayo de 2026 en Carre\u00f1o y en el resto de la regi\u00f3n, permitiendo a los consumidores disfrutar de descuentos\" \/>\n\t\t<meta property=\"og:url\" content=\"https:\/\/candas365.es\/noticias\/descuentos-en-carreno-con-el-bono-comercio-asturias\/\" \/>\n\t\t<meta property=\"og:image\" content=\"https:\/\/candas365.es\/noticias\/wp-content\/uploads\/2026\/04\/Descuentos-en-Carreno-con-el-Bono-Comercio-Asturias.jpg\" \/>\n\t\t<meta property=\"og:image:secure_url\" content=\"https:\/\/candas365.es\/noticias\/wp-content\/uploads\/2026\/04\/Descuentos-en-Carreno-con-el-Bono-Comercio-Asturias.jpg\" \/>\n\t\t<meta property=\"og:image:width\" content=\"1261\" \/>\n\t\t<meta property=\"og:image:height\" content=\"826\" \/>\n\t\t<meta property=\"article:published_time\" content=\"2026-04-30T15:37:13+00:00\" \/>\n\t\t<meta property=\"article:modified_time\" content=\"2026-04-30T15:37:13+00:00\" \/>\n\t\t<meta property=\"article:publisher\" content=\"https:\/\/www.facebook.com\/Nachofdezber\" \/>\n\t\t<meta property=\"article:author\" content=\"https:\/\/www.facebook.com\/carrenoactualidad\" \/>\n\t\t<meta name=\"twitter:card\" content=\"summary_large_image\" \/>\n\t\t<meta name=\"twitter:site\" content=\"@NabercoDigital\" \/>\n\t\t<meta name=\"twitter:title\" content=\"Descuentos en Carre\u00f1o con el Bono Comercio Asturias | Cand\u00e1s 365\" \/>\n\t\t<meta name=\"twitter:description\" content=\"El Bono Comercio Asturias arrancar\u00e1 el 1 de mayo de 2026 en Carre\u00f1o y en el resto de la regi\u00f3n, permitiendo a los consumidores disfrutar de descuentos\" \/>\n\t\t<meta name=\"twitter:creator\" content=\"@nbasturias\" \/>\n\t\t<meta name=\"twitter:image\" content=\"https:\/\/candas365.es\/noticias\/wp-content\/uploads\/2026\/04\/Descuentos-en-Carreno-con-el-Bono-Comercio-Asturias.jpg\" \/>\n\t\t<meta name=\"twitter:label1\" content=\"Escrito por\" \/>\n\t\t<meta name=\"twitter:data1\" content=\"Cand\u00e1s 365\" \/>\n\t\t<meta name=\"twitter:label2\" content=\"Tiempo de lectura estimado\" \/>\n\t\t<meta name=\"twitter:data2\" content=\"2 minutos\" \/>\n\t\t<script type=\"application\/ld+json\" class=\"aioseo-schema\">\n\t\t\t{\"@context\":\"https:\\\/\\\/schema.org\",\"@graph\":[{\"@type\":\"BreadcrumbList\",\"@id\":\"https:\\\/\\\/candas365.es\\\/noticias\\\/descuentos-en-carreno-con-el-bono-comercio-asturias\\\/#breadcrumblist\",\"itemListElement\":[{\"@type\":\"ListItem\",\"@id\":\"https:\\\/\\\/candas365.es\\\/noticias#listItem\",\"position\":1,\"name\":\"Home\",\"item\":\"https:\\\/\\\/candas365.es\\\/noticias\",\"nextItem\":{\"@type\":\"ListItem\",\"@id\":\"https:\\\/\\\/candas365.es\\\/noticias\\\/category\\\/noticias-carreno\\\/#listItem\",\"name\":\"Noticias Carre\\u00f1o\"}},{\"@type\":\"ListItem\",\"@id\":\"https:\\\/\\\/candas365.es\\\/noticias\\\/category\\\/noticias-carreno\\\/#listItem\",\"position\":2,\"name\":\"Noticias Carre\\u00f1o\",\"item\":\"https:\\\/\\\/candas365.es\\\/noticias\\\/category\\\/noticias-carreno\\\/\",\"nextItem\":{\"@type\":\"ListItem\",\"@id\":\"https:\\\/\\\/candas365.es\\\/noticias\\\/descuentos-en-carreno-con-el-bono-comercio-asturias\\\/#listItem\",\"name\":\"Descuentos en Carre\\u00f1o con el Bono Comercio Asturias\"},\"previousItem\":{\"@type\":\"ListItem\",\"@id\":\"https:\\\/\\\/candas365.es\\\/noticias#listItem\",\"name\":\"Home\"}},{\"@type\":\"ListItem\",\"@id\":\"https:\\\/\\\/candas365.es\\\/noticias\\\/descuentos-en-carreno-con-el-bono-comercio-asturias\\\/#listItem\",\"position\":3,\"name\":\"Descuentos en Carre\\u00f1o con el Bono Comercio Asturias\",\"previousItem\":{\"@type\":\"ListItem\",\"@id\":\"https:\\\/\\\/candas365.es\\\/noticias\\\/category\\\/noticias-carreno\\\/#listItem\",\"name\":\"Noticias Carre\\u00f1o\"}}]},{\"@type\":\"NewsArticle\",\"@id\":\"https:\\\/\\\/candas365.es\\\/noticias\\\/descuentos-en-carreno-con-el-bono-comercio-asturias\\\/#newsarticle\",\"name\":\"Descuentos en Carre\\u00f1o con el Bono Comercio Asturias | Cand\\u00e1s 365\",\"headline\":\"Descuentos en Carre\\u00f1o con el Bono Comercio Asturias\",\"author\":{\"@id\":\"https:\\\/\\\/candas365.es\\\/noticias\\\/author\\\/admin\\\/#author\"},\"publisher\":{\"@id\":\"https:\\\/\\\/candas365.es\\\/noticias\\\/#organization\"},\"image\":{\"@type\":\"ImageObject\",\"url\":\"https:\\\/\\\/candas365.es\\\/noticias\\\/wp-content\\\/uploads\\\/2026\\\/04\\\/Descuentos-en-Carreno-con-el-Bono-Comercio-Asturias.jpg\",\"width\":1261,\"height\":826,\"caption\":\"Foto: 123rf.com\"},\"datePublished\":\"2026-04-30T17:37:13+02:00\",\"dateModified\":\"2026-04-30T17:37:13+02:00\",\"inLanguage\":\"es-ES\",\"mainEntityOfPage\":{\"@id\":\"https:\\\/\\\/candas365.es\\\/noticias\\\/descuentos-en-carreno-con-el-bono-comercio-asturias\\\/#webpage\"},\"isPartOf\":{\"@id\":\"https:\\\/\\\/candas365.es\\\/noticias\\\/descuentos-en-carreno-con-el-bono-comercio-asturias\\\/#webpage\"},\"articleSection\":\"Noticias Carre\\u00f1o, Cand\\u00e1s, Carre\\u00f1o\",\"dateline\":\"Publicado el abril 30, 2026.\"},{\"@type\":\"Organization\",\"@id\":\"https:\\\/\\\/candas365.es\\\/noticias\\\/#organization\",\"name\":\"Cand\\u00e1s 365\",\"description\":\"Cand\\u00e1s 365 es un diario digital independiente, fundado en 2012, con base en Asturias. Informamos con rigor sobre actualidad, sociedad, cultura y ocio, con una mirada local y global.\",\"url\":\"https:\\\/\\\/candas365.es\\\/noticias\\\/\",\"email\":\"info@candas365.es\",\"telephone\":\"+34652131393\",\"foundingDate\":\"2012-06-10\",\"logo\":{\"@type\":\"ImageObject\",\"url\":\"https:\\\/\\\/candas365.es\\\/noticias\\\/wp-content\\\/uploads\\\/2024\\\/09\\\/Candas-365-Redes.jpg\",\"@id\":\"https:\\\/\\\/candas365.es\\\/noticias\\\/descuentos-en-carreno-con-el-bono-comercio-asturias\\\/#organizationLogo\",\"width\":1152,\"height\":864,\"caption\":\"Cand\\u00e1s 365 Redes\"},\"image\":{\"@id\":\"https:\\\/\\\/candas365.es\\\/noticias\\\/descuentos-en-carreno-con-el-bono-comercio-asturias\\\/#organizationLogo\"},\"sameAs\":[\"https:\\\/\\\/www.facebook.com\\\/Nachofdezber\",\"https:\\\/\\\/x.com\\\/NabercoDigital\",\"https:\\\/\\\/www.instagram.com\\\/nachofdezber\\\/\",\"https:\\\/\\\/www.youtube.com\\\/channel\\\/UCZP-2wLEB9Rv6erhFmqVnvg\"],\"address\":{\"@id\":\"https:\\\/\\\/candas365.es\\\/noticias\\\/#postaladdress\",\"@type\":\"PostalAddress\",\"streetAddress\":\"san antonio 4, san antonio 4\",\"postalCode\":\"33430\",\"addressLocality\":\"Cand\\u00e1s\",\"addressRegion\":\"Asturias\",\"addressCountry\":\"ES\"}},{\"@type\":\"Person\",\"@id\":\"https:\\\/\\\/candas365.es\\\/noticias\\\/author\\\/admin\\\/#author\",\"url\":\"https:\\\/\\\/candas365.es\\\/noticias\\\/author\\\/admin\\\/\",\"name\":\"Cand\\u00e1s 365\",\"image\":{\"@type\":\"ImageObject\",\"@id\":\"https:\\\/\\\/candas365.es\\\/noticias\\\/descuentos-en-carreno-con-el-bono-comercio-asturias\\\/#authorImage\",\"url\":\"https:\\\/\\\/secure.gravatar.com\\\/avatar\\\/496a8e03d0c493ede1718b7934145dbdf8d89be1036b0eec9544e1094c9de390?s=96&d=mm&r=g\",\"width\":96,\"height\":96,\"caption\":\"Cand\\u00e1s 365\"},\"sameAs\":[\"https:\\\/\\\/www.facebook.com\\\/carrenoactualidad\",\"https:\\\/\\\/twitter.com\\\/nbasturias\",\"https:\\\/\\\/www.instagram.com\\\/nachofdezber\\\/\",\"https:\\\/\\\/www.youtube.com\\\/channel\\\/UCZP-2wLEB9Rv6erhFmqVnvg\"]},{\"@type\":\"WebPage\",\"@id\":\"https:\\\/\\\/candas365.es\\\/noticias\\\/descuentos-en-carreno-con-el-bono-comercio-asturias\\\/#webpage\",\"url\":\"https:\\\/\\\/candas365.es\\\/noticias\\\/descuentos-en-carreno-con-el-bono-comercio-asturias\\\/\",\"name\":\"Descuentos en Carre\\u00f1o con el Bono Comercio Asturias | Cand\\u00e1s 365\",\"description\":\"El Bono Comercio Asturias arrancar\\u00e1 el 1 de mayo de 2026 en Carre\\u00f1o y en el resto de la regi\\u00f3n, permitiendo a los consumidores disfrutar de descuentos\",\"inLanguage\":\"es-ES\",\"isPartOf\":{\"@id\":\"https:\\\/\\\/candas365.es\\\/noticias\\\/#website\"},\"breadcrumb\":{\"@id\":\"https:\\\/\\\/candas365.es\\\/noticias\\\/descuentos-en-carreno-con-el-bono-comercio-asturias\\\/#breadcrumblist\"},\"author\":{\"@id\":\"https:\\\/\\\/candas365.es\\\/noticias\\\/author\\\/admin\\\/#author\"},\"creator\":{\"@id\":\"https:\\\/\\\/candas365.es\\\/noticias\\\/author\\\/admin\\\/#author\"},\"image\":{\"@type\":\"ImageObject\",\"url\":\"https:\\\/\\\/candas365.es\\\/noticias\\\/wp-content\\\/uploads\\\/2026\\\/04\\\/Descuentos-en-Carreno-con-el-Bono-Comercio-Asturias.jpg\",\"@id\":\"https:\\\/\\\/candas365.es\\\/noticias\\\/descuentos-en-carreno-con-el-bono-comercio-asturias\\\/#mainImage\",\"width\":1261,\"height\":826,\"caption\":\"Foto: 123rf.com\"},\"primaryImageOfPage\":{\"@id\":\"https:\\\/\\\/candas365.es\\\/noticias\\\/descuentos-en-carreno-con-el-bono-comercio-asturias\\\/#mainImage\"},\"datePublished\":\"2026-04-30T17:37:13+02:00\",\"dateModified\":\"2026-04-30T17:37:13+02:00\"},{\"@type\":\"WebSite\",\"@id\":\"https:\\\/\\\/candas365.es\\\/noticias\\\/#website\",\"url\":\"https:\\\/\\\/candas365.es\\\/noticias\\\/\",\"name\":\"Cand\\u00e1s 365\",\"alternateName\":\"Cand\\u00e1s 365 Noticias\",\"description\":\"Actualidad desde Carre\\u00f1o para el mundo\",\"inLanguage\":\"es-ES\",\"publisher\":{\"@id\":\"https:\\\/\\\/candas365.es\\\/noticias\\\/#organization\"}}]}\n\t\t<\/script>\n\t\t<!-- All in One SEO Pro -->\r\n\t\t<title>Descuentos en Carre\u00f1o con el Bono Comercio Asturias | Cand\u00e1s 365<\/title>\n\n","aioseo_head_json":{"title":"Descuentos en Carre\u00f1o con el Bono Comercio Asturias | Cand\u00e1s 365","description":"El Bono Comercio Asturias arrancar\u00e1 el 1 de mayo de 2026 en Carre\u00f1o y en el resto de la regi\u00f3n, permitiendo a los consumidores disfrutar de descuentos","canonical_url":"https:\/\/candas365.es\/noticias\/descuentos-en-carreno-con-el-bono-comercio-asturias\/","robots":"max-image-preview:large","keywords":"noticias carre\u00f1o","webmasterTools":{"google-site-verification":"UA-32230408-1","msvalidate.01":"354F3CDFB2DA171B47FBE9ABF1F88D5","miscellaneous":""},"schema":{"@context":"https:\/\/schema.org","@graph":[{"@type":"BreadcrumbList","@id":"https:\/\/candas365.es\/noticias\/descuentos-en-carreno-con-el-bono-comercio-asturias\/#breadcrumblist","itemListElement":[{"@type":"ListItem","@id":"https:\/\/candas365.es\/noticias#listItem","position":1,"name":"Home","item":"https:\/\/candas365.es\/noticias","nextItem":{"@type":"ListItem","@id":"https:\/\/candas365.es\/noticias\/category\/noticias-carreno\/#listItem","name":"Noticias Carre\u00f1o"}},{"@type":"ListItem","@id":"https:\/\/candas365.es\/noticias\/category\/noticias-carreno\/#listItem","position":2,"name":"Noticias Carre\u00f1o","item":"https:\/\/candas365.es\/noticias\/category\/noticias-carreno\/","nextItem":{"@type":"ListItem","@id":"https:\/\/candas365.es\/noticias\/descuentos-en-carreno-con-el-bono-comercio-asturias\/#listItem","name":"Descuentos en Carre\u00f1o con el Bono Comercio Asturias"},"previousItem":{"@type":"ListItem","@id":"https:\/\/candas365.es\/noticias#listItem","name":"Home"}},{"@type":"ListItem","@id":"https:\/\/candas365.es\/noticias\/descuentos-en-carreno-con-el-bono-comercio-asturias\/#listItem","position":3,"name":"Descuentos en Carre\u00f1o con el Bono Comercio Asturias","previousItem":{"@type":"ListItem","@id":"https:\/\/candas365.es\/noticias\/category\/noticias-carreno\/#listItem","name":"Noticias Carre\u00f1o"}}]},{"@type":"NewsArticle","@id":"https:\/\/candas365.es\/noticias\/descuentos-en-carreno-con-el-bono-comercio-asturias\/#newsarticle","name":"Descuentos en Carre\u00f1o con el Bono Comercio Asturias | Cand\u00e1s 365","headline":"Descuentos en Carre\u00f1o con el Bono Comercio Asturias","author":{"@id":"https:\/\/candas365.es\/noticias\/author\/admin\/#author"},"publisher":{"@id":"https:\/\/candas365.es\/noticias\/#organization"},"image":{"@type":"ImageObject","url":"https:\/\/candas365.es\/noticias\/wp-content\/uploads\/2026\/04\/Descuentos-en-Carreno-con-el-Bono-Comercio-Asturias.jpg","width":1261,"height":826,"caption":"Foto: 123rf.com"},"datePublished":"2026-04-30T17:37:13+02:00","dateModified":"2026-04-30T17:37:13+02:00","inLanguage":"es-ES","mainEntityOfPage":{"@id":"https:\/\/candas365.es\/noticias\/descuentos-en-carreno-con-el-bono-comercio-asturias\/#webpage"},"isPartOf":{"@id":"https:\/\/candas365.es\/noticias\/descuentos-en-carreno-con-el-bono-comercio-asturias\/#webpage"},"articleSection":"Noticias Carre\u00f1o, Cand\u00e1s, Carre\u00f1o","dateline":"Publicado el abril 30, 2026."},{"@type":"Organization","@id":"https:\/\/candas365.es\/noticias\/#organization","name":"Cand\u00e1s 365","description":"Cand\u00e1s 365 es un diario digital independiente, fundado en 2012, con base en Asturias. Informamos con rigor sobre actualidad, sociedad, cultura y ocio, con una mirada local y global.","url":"https:\/\/candas365.es\/noticias\/","email":"info@candas365.es","telephone":"+34652131393","foundingDate":"2012-06-10","logo":{"@type":"ImageObject","url":"https:\/\/candas365.es\/noticias\/wp-content\/uploads\/2024\/09\/Candas-365-Redes.jpg","@id":"https:\/\/candas365.es\/noticias\/descuentos-en-carreno-con-el-bono-comercio-asturias\/#organizationLogo","width":1152,"height":864,"caption":"Cand\u00e1s 365 Redes"},"image":{"@id":"https:\/\/candas365.es\/noticias\/descuentos-en-carreno-con-el-bono-comercio-asturias\/#organizationLogo"},"sameAs":["https:\/\/www.facebook.com\/Nachofdezber","https:\/\/x.com\/NabercoDigital","https:\/\/www.instagram.com\/nachofdezber\/","https:\/\/www.youtube.com\/channel\/UCZP-2wLEB9Rv6erhFmqVnvg"],"address":{"@id":"https:\/\/candas365.es\/noticias\/#postaladdress","@type":"PostalAddress","streetAddress":"san antonio 4, san antonio 4","postalCode":"33430","addressLocality":"Cand\u00e1s","addressRegion":"Asturias","addressCountry":"ES"}},{"@type":"Person","@id":"https:\/\/candas365.es\/noticias\/author\/admin\/#author","url":"https:\/\/candas365.es\/noticias\/author\/admin\/","name":"Cand\u00e1s 365","image":{"@type":"ImageObject","@id":"https:\/\/candas365.es\/noticias\/descuentos-en-carreno-con-el-bono-comercio-asturias\/#authorImage","url":"https:\/\/secure.gravatar.com\/avatar\/496a8e03d0c493ede1718b7934145dbdf8d89be1036b0eec9544e1094c9de390?s=96&d=mm&r=g","width":96,"height":96,"caption":"Cand\u00e1s 365"},"sameAs":["https:\/\/www.facebook.com\/carrenoactualidad","https:\/\/twitter.com\/nbasturias","https:\/\/www.instagram.com\/nachofdezber\/","https:\/\/www.youtube.com\/channel\/UCZP-2wLEB9Rv6erhFmqVnvg"]},{"@type":"WebPage","@id":"https:\/\/candas365.es\/noticias\/descuentos-en-carreno-con-el-bono-comercio-asturias\/#webpage","url":"https:\/\/candas365.es\/noticias\/descuentos-en-carreno-con-el-bono-comercio-asturias\/","name":"Descuentos en Carre\u00f1o con el Bono Comercio Asturias | Cand\u00e1s 365","description":"El Bono Comercio Asturias arrancar\u00e1 el 1 de mayo de 2026 en Carre\u00f1o y en el resto de la regi\u00f3n, permitiendo a los consumidores disfrutar de descuentos","inLanguage":"es-ES","isPartOf":{"@id":"https:\/\/candas365.es\/noticias\/#website"},"breadcrumb":{"@id":"https:\/\/candas365.es\/noticias\/descuentos-en-carreno-con-el-bono-comercio-asturias\/#breadcrumblist"},"author":{"@id":"https:\/\/candas365.es\/noticias\/author\/admin\/#author"},"creator":{"@id":"https:\/\/candas365.es\/noticias\/author\/admin\/#author"},"image":{"@type":"ImageObject","url":"https:\/\/candas365.es\/noticias\/wp-content\/uploads\/2026\/04\/Descuentos-en-Carreno-con-el-Bono-Comercio-Asturias.jpg","@id":"https:\/\/candas365.es\/noticias\/descuentos-en-carreno-con-el-bono-comercio-asturias\/#mainImage","width":1261,"height":826,"caption":"Foto: 123rf.com"},"primaryImageOfPage":{"@id":"https:\/\/candas365.es\/noticias\/descuentos-en-carreno-con-el-bono-comercio-asturias\/#mainImage"},"datePublished":"2026-04-30T17:37:13+02:00","dateModified":"2026-04-30T17:37:13+02:00"},{"@type":"WebSite","@id":"https:\/\/candas365.es\/noticias\/#website","url":"https:\/\/candas365.es\/noticias\/","name":"Cand\u00e1s 365","alternateName":"Cand\u00e1s 365 Noticias","description":"Actualidad desde Carre\u00f1o para el mundo","inLanguage":"es-ES","publisher":{"@id":"https:\/\/candas365.es\/noticias\/#organization"}}]},"og:locale":"es_ES","og:site_name":"Cand\u00e1s 365","og:type":"article","og:title":"Descuentos en Carre\u00f1o con el Bono Comercio Asturias | Cand\u00e1s 365","og:description":"El Bono Comercio Asturias arrancar\u00e1 el 1 de mayo de 2026 en Carre\u00f1o y en el resto de la regi\u00f3n, permitiendo a los consumidores disfrutar de descuentos","og:url":"https:\/\/candas365.es\/noticias\/descuentos-en-carreno-con-el-bono-comercio-asturias\/","og:image":"https:\/\/candas365.es\/noticias\/wp-content\/uploads\/2026\/04\/Descuentos-en-Carreno-con-el-Bono-Comercio-Asturias.jpg","og:image:secure_url":"https:\/\/candas365.es\/noticias\/wp-content\/uploads\/2026\/04\/Descuentos-en-Carreno-con-el-Bono-Comercio-Asturias.jpg","og:image:width":1261,"og:image:height":826,"article:published_time":"2026-04-30T15:37:13+00:00","article:modified_time":"2026-04-30T15:37:13+00:00","article:publisher":"https:\/\/www.facebook.com\/Nachofdezber","article:author":"https:\/\/www.facebook.com\/carrenoactualidad","twitter:card":"summary_large_image","twitter:site":"@NabercoDigital","twitter:title":"Descuentos en Carre\u00f1o con el Bono Comercio Asturias | Cand\u00e1s 365","twitter:description":"El Bono Comercio Asturias arrancar\u00e1 el 1 de mayo de 2026 en Carre\u00f1o y en el resto de la regi\u00f3n, permitiendo a los consumidores disfrutar de descuentos","twitter:creator":"@nbasturias","twitter:image":"https:\/\/candas365.es\/noticias\/wp-content\/uploads\/2026\/04\/Descuentos-en-Carreno-con-el-Bono-Comercio-Asturias.jpg","twitter:label1":"Escrito por","twitter:data1":"Cand\u00e1s 365","twitter:label2":"Tiempo de lectura estimado","twitter:data2":"2 minutos"},"aioseo_meta_data":{"post_id":"194415","title":null,"description":"El Bono Comercio Asturias arrancar\u00e1 el 1 de mayo de 2026 en Carre\u00f1o y en el resto de la regi\u00f3n, permitiendo a los consumidores disfrutar de descuentos","keywords":null,"keyphrases":{"focus":{"keyphrase":"Carre\u00f1o","score":78,"analysis":{"keyphraseInTitle":{"score":9,"maxScore":9,"error":0},"keyphraseInDescription":{"score":9,"maxScore":9,"error":0},"keyphraseLength":{"score":9,"maxScore":9,"error":0,"length":2},"keyphraseInURL":{"score":5,"maxScore":5,"error":0},"keyphraseInIntroduction":{"score":9,"maxScore":9,"error":0},"keyphraseInSubHeadings":{"score":3,"maxScore":9,"error":1},"keyphraseInImageAlt":{"score":9,"maxScore":9,"error":0},"keywordDensity":{"score":0,"type":"low","maxScore":9,"error":1}}},"additional":[{"keyphrase":"Bono Comercio","score":100,"analysis":{"keyphraseInDescription":{"score":9,"maxScore":9,"error":0},"keyphraseLength":{"score":9,"maxScore":9,"error":0,"length":2},"keyphraseInIntroduction":{"score":9,"maxScore":9,"error":0},"keyphraseInImageAlt":{"score":9,"maxScore":9,"error":0},"keywordDensity":{"type":"best","score":9,"maxScore":9,"error":0}}}]},"primary_term":null,"canonical_url":null,"og_title":null,"og_description":null,"og_object_type":"default","og_image_type":"default","og_image_url":null,"og_image_width":null,"og_image_height":null,"og_image_custom_url":null,"og_image_custom_fields":null,"og_video":"","og_custom_url":null,"og_article_section":null,"og_article_tags":null,"twitter_use_og":false,"twitter_card":"default","twitter_image_type":"default","twitter_image_url":null,"twitter_image_custom_url":null,"twitter_image_custom_fields":null,"twitter_title":null,"twitter_description":null,"schema":{"blockGraphs":[],"customGraphs":[],"default":{"data":{"Article":[],"Course":[],"Dataset":[],"FAQPage":[],"Movie":[],"Person":[],"Product":[],"ProductReview":[],"Car":[],"Recipe":[],"Service":[],"SoftwareApplication":[],"WebPage":[]},"graphName":"NewsArticle","isEnabled":true},"graphs":[]},"schema_type":"default","schema_type_options":null,"pillar_content":false,"robots_default":true,"robots_noindex":false,"robots_noarchive":false,"robots_nosnippet":false,"robots_nofollow":false,"robots_noimageindex":false,"robots_noodp":false,"robots_notranslate":false,"robots_max_snippet":"-1","robots_max_videopreview":"-1","robots_max_imagepreview":"large","priority":null,"frequency":"default","location":null,"local_seo":null,"seo_analyzer_scan_date":"2026-04-30 16:06:26","breadcrumb_settings":null,"limit_modified_date":false,"reviewed_by":"0","open_ai":null,"ai":{"faqs":[],"keyPoints":[],"schemas":[],"titles":[],"descriptions":[],"socialPosts":{"email":[],"linkedin":[],"twitter":[],"facebook":[],"instagram":[]}},"created":"2026-04-30 15:27:30","updated":"2026-04-30 16:08:33"},"aioseo_breadcrumb":"<div class=\"aioseo-breadcrumbs\"><span class=\"aioseo-breadcrumb\">\n\t<a href=\"https:\/\/candas365.es\/noticias\" title=\"Home\">Home<\/a>\n<\/span><span class=\"aioseo-breadcrumb-separator\">&ndash;<\/span><span class=\"aioseo-breadcrumb\">\n\t<a href=\"https:\/\/candas365.es\/noticias\/category\/noticias-carreno\/\" title=\"Noticias Carre\u00f1o\">Noticias Carre\u00f1o<\/a>\n<\/span><span class=\"aioseo-breadcrumb-separator\">&ndash;<\/span><span class=\"aioseo-breadcrumb\">\n\tDescuentos en Carre\u00f1o con el Bono Comercio Asturias\n<\/span><\/div>","aioseo_breadcrumb_json":[{"label":"Home","link":"https:\/\/candas365.es\/noticias"},{"label":"Noticias Carre\u00f1o","link":"https:\/\/candas365.es\/noticias\/category\/noticias-carreno\/"},{"label":"Descuentos en Carre\u00f1o con el Bono Comercio Asturias","link":"https:\/\/candas365.es\/noticias\/descuentos-en-carreno-con-el-bono-comercio-asturias\/"}],"_links":{"self":[{"href":"https:\/\/candas365.es\/noticias\/wp-json\/wp\/v2\/posts\/194415","targetHints":{"allow":["GET"]}}],"collection":[{"href":"https:\/\/candas365.es\/noticias\/wp-json\/wp\/v2\/posts"}],"about":[{"href":"https:\/\/candas365.es\/noticias\/wp-json\/wp\/v2\/types\/post"}],"author":[{"embeddable":true,"href":"https:\/\/candas365.es\/noticias\/wp-json\/wp\/v2\/users\/1"}],"replies":[{"embeddable":true,"href":"https:\/\/candas365.es\/noticias\/wp-json\/wp\/v2\/comments?post=194415"}],"version-history":[{"count":1,"href":"https:\/\/candas365.es\/noticias\/wp-json\/wp\/v2\/posts\/194415\/revisions"}],"predecessor-version":[{"id":194417,"href":"https:\/\/candas365.es\/noticias\/wp-json\/wp\/v2\/posts\/194415\/revisions\/194417"}],"wp:featuredmedia":[{"embeddable":true,"href":"https:\/\/candas365.es\/noticias\/wp-json\/wp\/v2\/media\/194416"}],"wp:attachment":[{"href":"https:\/\/candas365.es\/noticias\/wp-json\/wp\/v2\/media?parent=194415"}],"wp:term":[{"taxonomy":"category","embeddable":true,"href":"https:\/\/candas365.es\/noticias\/wp-json\/wp\/v2\/categories?post=194415"},{"taxonomy":"post_tag","embeddable":true,"href":"https:\/\/candas365.es\/noticias\/wp-json\/wp\/v2\/tags?post=194415"}],"curies":[{"name":"wp","href":"https:\/\/api.w.org\/{rel}","templated":true}]}}