{"id":194405,"date":"2026-04-30T14:22:54","date_gmt":"2026-04-30T12:22:54","guid":{"rendered":"https:\/\/candas365.es\/noticias\/?p=194405"},"modified":"2026-04-30T14:22:54","modified_gmt":"2026-04-30T12:22:54","slug":"asturias-coordina-los-controles-en-los-campamentos-de-verano","status":"publish","type":"post","link":"https:\/\/candas365.es\/noticias\/asturias-coordina-los-controles-en-los-campamentos-de-verano\/","title":{"rendered":"Asturias coordina los controles en los campamentos de verano"},"content":{"rendered":"<p>El <span style=\"color: #ff6600;\"><a style=\"color: #ff6600;\" href=\"https:\/\/actualidad.asturias.es\/\" target=\"_blank\" rel=\"noopener\"><strong>Gobierno de Asturias<\/strong><\/a><\/span> reforzar\u00e1 la coordinaci\u00f3n para inspeccionar campamentos y colonias juveniles durante el verano 2026, con el objetivo de garantizar la seguridad de los menores y el cumplimiento de las normativas.<\/p>\n<figure id=\"attachment_194406\" aria-describedby=\"caption-attachment-194406\" style=\"width: 646px\" class=\"wp-caption aligncenter\"><img fetchpriority=\"high\" decoding=\"async\" class=\"size-large wp-image-194406\" src=\"https:\/\/candas365.es\/noticias\/wp-content\/uploads\/2026\/04\/Asturias-coordina-los-controles-en-los-campamentos-de-verano-646x480.jpg\" alt=\"Asturias coordina los controles en los campamentos de verano\" width=\"646\" height=\"480\" srcset=\"https:\/\/candas365.es\/noticias\/wp-content\/uploads\/2026\/04\/Asturias-coordina-los-controles-en-los-campamentos-de-verano-646x480.jpg 646w, https:\/\/candas365.es\/noticias\/wp-content\/uploads\/2026\/04\/Asturias-coordina-los-controles-en-los-campamentos-de-verano-360x267.jpg 360w, https:\/\/candas365.es\/noticias\/wp-content\/uploads\/2026\/04\/Asturias-coordina-los-controles-en-los-campamentos-de-verano-768x571.jpg 768w, https:\/\/candas365.es\/noticias\/wp-content\/uploads\/2026\/04\/Asturias-coordina-los-controles-en-los-campamentos-de-verano-150x111.jpg 150w, https:\/\/candas365.es\/noticias\/wp-content\/uploads\/2026\/04\/Asturias-coordina-los-controles-en-los-campamentos-de-verano-450x334.jpg 450w, https:\/\/candas365.es\/noticias\/wp-content\/uploads\/2026\/04\/Asturias-coordina-los-controles-en-los-campamentos-de-verano.jpg 1132w\" sizes=\"(max-width: 646px) 100vw, 646px\" \/><figcaption id=\"caption-attachment-194406\" class=\"wp-caption-text\">Foto: Prensa Principado de Asturias<\/figcaption><\/figure>\n<p data-start=\"398\" data-end=\"830\">La viceconsejera de Derechos Ciudadanos, Beatriz Gonz\u00e1lez Prieto, ha celebrado en el Instituto de la Juventud una reuni\u00f3n con representantes de las distintas administraciones del estado, as\u00ed como de Polic\u00eda Nacional y Guardia Civil de Monta\u00f1a, para reforzar la coordinaci\u00f3n en torno a las actividades juveniles de tiempo libre de cara al <a href=\"https:\/\/candas365.es\/noticias\/category\/revista\/\"><span style=\"color: #ff6600;\"><strong>verano<\/strong><\/span><\/a>, con especial atenci\u00f3n a la campa\u00f1a de inspecciones de campamentos y colonias.<\/p>\n<h1 data-section-id=\"1tjmlb3\" data-start=\"834\" data-end=\"878\">Coordinaci\u00f3n para garantizar la seguridad<\/h1>\n<p data-start=\"882\" data-end=\"1339\">El objetivo, ha explicado Gonz\u00e1lez Prieto \u201ces garantizar, en primer lugar, la seguridad de esos j\u00f3venes que vienen a nuestras tierras y tambi\u00e9n garantizar que las empresas que vienen van a prestar ese servicio con total garant\u00eda tambi\u00e9n, que cumplan toda la normativa\u201d. <strong>En este sentido, ha se\u00f1alado que el trabajo conjunto incluye, adem\u00e1s, c\u00f3mo coordinar las inspecciones sobre estos campamentos y sobre los alojamientos en los que desarrollan su actividad.<\/strong><\/p>\n<p data-start=\"1343\" data-end=\"1995\">La viceconsejera se ha referido a la importancia de la colaboraci\u00f3n con los ayuntamientos, al ser estos la administraci\u00f3n m\u00e1s cercana a la ciudadan\u00eda: \u201chay mucha preocupaci\u00f3n por parte de los ayuntamientos y nosotros, de alguna manera, queremos que est\u00e9n informados desde el minuto uno de qu\u00e9 es lo que va a pasar en su territorio y c\u00f3mo podemos coordinar en caso de que pase algo extraordinario\u201d. Asimismo, ha recordado que estas actividades se desarrollan principalmente en siete municipios asturianos, vinculados en su mayor\u00eda a entornos tur\u00edsticos y de naturaleza: Cangas del Narcea, Cangas de On\u00eds, Castropol, Gij\u00f3n, Llanes, Vald\u00e9s y Villaviciosa.<\/p>\n<h2 data-section-id=\"tihhml\" data-start=\"1999\" data-end=\"2049\">Plan de inspecci\u00f3n y colaboraci\u00f3n institucional<\/h2>\n<p data-start=\"2054\" data-end=\"3011\">\u201cHay una normativa bastante rigurosa porque se trata de personas menores\u201d, ha recordado la viceconsejera, que ha hecho especial \u00e9nfasis en la necesidad de la m\u00e1xima cooperaci\u00f3n y colaboraci\u00f3n de carta a asegurar la m\u00e1xima protecci\u00f3n de la infancia y la juventud, algo que a su juicio pasa tambi\u00e9n por un escrupuloso cumplimiento de la ley. En cualquier caso, Beatriz Gonz\u00e1lez ha destacado la importancia de una reuni\u00f3n en la que representantes de muy distintas entidades p\u00fablicas se coordinan: \u201cest\u00e1 la delegaci\u00f3n de gobierno, est\u00e1n parques naturales, est\u00e1 turismo, est\u00e1 la Federaci\u00f3n Asturiana de Concejos (Facc), el 112&#8230; Son un mont\u00f3n de organismos que act\u00faan de alguna manera para coordinar que todo salga bien y que Asturias sea un territorio seguro y que adem\u00e1s sea atractivo y que las empresas generen tambi\u00e9n una actividad econ\u00f3mica en nuestro territorio, que tambi\u00e9n es importante. No es lo m\u00e1s importante en este caso, pero tambi\u00e9n es relevante\u201d.<\/p>\n<p data-start=\"3015\" data-end=\"3499\" data-is-last-node=\"\" data-is-only-node=\"\">Por su parte, el director general de Juventud, <strong>Francisco de As\u00eds Fern\u00e1ndez Olanda, ha resumido que esta reuni\u00f3n \u201cmultinivel\u201d permite mejorar el seguimiento e inspecci\u00f3n de la campa\u00f1a de verano de 2026 en lo referido a las actividades juveniles<\/strong> toda vez que permite, ha a\u00f1adido, \u201cmejorar la comunicaci\u00f3n y ajustar los procedimientos en relaci\u00f3n a diversas incidencias que pudieran tener lugar, as\u00ed como la elaboraci\u00f3n ya del plan de inspecci\u00f3n de actividades juveniles de este verano\u201d.<\/p>\n","protected":false},"excerpt":{"rendered":"<p>El Gobierno de Asturias reforzar\u00e1 la coordinaci\u00f3n para inspeccionar campamentos y colonias juveniles durante el verano 2026, con el objetivo de garantizar la seguridad de los menores y el cumplimiento de las normativas. La viceconsejera de Derechos Ciudadanos, Beatriz Gonz\u00e1lez Prieto, ha celebrado en el Instituto de la Juventud una reuni\u00f3n con representantes de las<\/p>\n","protected":false},"author":1,"featured_media":194406,"comment_status":"closed","ping_status":"closed","sticky":false,"template":"","format":"standard","meta":{"footnotes":""},"categories":[7],"tags":[380],"class_list":{"0":"post-194405","1":"post","2":"type-post","3":"status-publish","4":"format-standard","5":"has-post-thumbnail","7":"category-asturias","8":"tag-asturias"},"aioseo_notices":[],"aioseo_head":"\n\t\t<!-- All in One SEO Pro 4.9.6.2 - aioseo.com -->\n\t<meta name=\"description\" content=\"El Gobierno de Asturias reforzar\u00e1 la coordinaci\u00f3n para inspeccionar campamentos y colonias juveniles durante el verano 2026, con el objetivo de garantizar\" \/>\n\t<meta name=\"robots\" content=\"max-image-preview:large\" \/>\n\t<meta name=\"author\" content=\"Cand\u00e1s 365\"\/>\n\t<meta name=\"google-site-verification\" content=\"UA-32230408-1\" \/>\n\t<meta name=\"msvalidate.01\" content=\"354F3CDFB2DA171B47FBE9ABF1F88D5\" \/>\n\t<meta name=\"keywords\" content=\"asturias\" \/>\n\t<link rel=\"canonical\" href=\"https:\/\/candas365.es\/noticias\/asturias-coordina-los-controles-en-los-campamentos-de-verano\/\" \/>\n\t<meta name=\"generator\" content=\"All in One SEO Pro (AIOSEO) 4.9.6.2\" \/>\n\t\t<meta property=\"og:locale\" content=\"es_ES\" \/>\n\t\t<meta property=\"og:site_name\" content=\"Cand\u00e1s 365\" \/>\n\t\t<meta property=\"og:type\" content=\"article\" \/>\n\t\t<meta property=\"og:title\" content=\"Asturias coordina los controles en los campamentos de verano | Cand\u00e1s 365\" \/>\n\t\t<meta property=\"og:description\" content=\"El Gobierno de Asturias reforzar\u00e1 la coordinaci\u00f3n para inspeccionar campamentos y colonias juveniles durante el verano 2026, con el objetivo de garantizar\" \/>\n\t\t<meta property=\"og:url\" content=\"https:\/\/candas365.es\/noticias\/asturias-coordina-los-controles-en-los-campamentos-de-verano\/\" \/>\n\t\t<meta property=\"og:image\" content=\"https:\/\/candas365.es\/noticias\/wp-content\/uploads\/2026\/04\/Asturias-coordina-los-controles-en-los-campamentos-de-verano.jpg\" \/>\n\t\t<meta property=\"og:image:secure_url\" content=\"https:\/\/candas365.es\/noticias\/wp-content\/uploads\/2026\/04\/Asturias-coordina-los-controles-en-los-campamentos-de-verano.jpg\" \/>\n\t\t<meta property=\"og:image:width\" content=\"1132\" \/>\n\t\t<meta property=\"og:image:height\" content=\"841\" \/>\n\t\t<meta property=\"article:published_time\" content=\"2026-04-30T12:22:54+00:00\" \/>\n\t\t<meta property=\"article:modified_time\" content=\"2026-04-30T12:22:54+00:00\" \/>\n\t\t<meta property=\"article:publisher\" content=\"https:\/\/www.facebook.com\/Nachofdezber\" \/>\n\t\t<meta property=\"article:author\" content=\"https:\/\/www.facebook.com\/carrenoactualidad\" \/>\n\t\t<meta name=\"twitter:card\" content=\"summary_large_image\" \/>\n\t\t<meta name=\"twitter:site\" content=\"@NabercoDigital\" \/>\n\t\t<meta name=\"twitter:title\" content=\"Asturias coordina los controles en los campamentos de verano | Cand\u00e1s 365\" \/>\n\t\t<meta name=\"twitter:description\" content=\"El Gobierno de Asturias reforzar\u00e1 la coordinaci\u00f3n para inspeccionar campamentos y colonias juveniles durante el verano 2026, con el objetivo de garantizar\" \/>\n\t\t<meta name=\"twitter:creator\" content=\"@nbasturias\" \/>\n\t\t<meta name=\"twitter:image\" content=\"https:\/\/candas365.es\/noticias\/wp-content\/uploads\/2026\/04\/Asturias-coordina-los-controles-en-los-campamentos-de-verano.jpg\" \/>\n\t\t<meta name=\"twitter:label1\" content=\"Escrito por\" \/>\n\t\t<meta name=\"twitter:data1\" content=\"Cand\u00e1s 365\" \/>\n\t\t<meta name=\"twitter:label2\" content=\"Tiempo de lectura estimado\" \/>\n\t\t<meta name=\"twitter:data2\" content=\"3 minutos\" \/>\n\t\t<script type=\"application\/ld+json\" class=\"aioseo-schema\">\n\t\t\t{\"@context\":\"https:\\\/\\\/schema.org\",\"@graph\":[{\"@type\":\"BreadcrumbList\",\"@id\":\"https:\\\/\\\/candas365.es\\\/noticias\\\/asturias-coordina-los-controles-en-los-campamentos-de-verano\\\/#breadcrumblist\",\"itemListElement\":[{\"@type\":\"ListItem\",\"@id\":\"https:\\\/\\\/candas365.es\\\/noticias#listItem\",\"position\":1,\"name\":\"Home\",\"item\":\"https:\\\/\\\/candas365.es\\\/noticias\",\"nextItem\":{\"@type\":\"ListItem\",\"@id\":\"https:\\\/\\\/candas365.es\\\/noticias\\\/category\\\/asturias\\\/#listItem\",\"name\":\"Asturias\"}},{\"@type\":\"ListItem\",\"@id\":\"https:\\\/\\\/candas365.es\\\/noticias\\\/category\\\/asturias\\\/#listItem\",\"position\":2,\"name\":\"Asturias\",\"item\":\"https:\\\/\\\/candas365.es\\\/noticias\\\/category\\\/asturias\\\/\",\"nextItem\":{\"@type\":\"ListItem\",\"@id\":\"https:\\\/\\\/candas365.es\\\/noticias\\\/asturias-coordina-los-controles-en-los-campamentos-de-verano\\\/#listItem\",\"name\":\"Asturias coordina los controles en los campamentos de verano\"},\"previousItem\":{\"@type\":\"ListItem\",\"@id\":\"https:\\\/\\\/candas365.es\\\/noticias#listItem\",\"name\":\"Home\"}},{\"@type\":\"ListItem\",\"@id\":\"https:\\\/\\\/candas365.es\\\/noticias\\\/asturias-coordina-los-controles-en-los-campamentos-de-verano\\\/#listItem\",\"position\":3,\"name\":\"Asturias coordina los controles en los campamentos de verano\",\"previousItem\":{\"@type\":\"ListItem\",\"@id\":\"https:\\\/\\\/candas365.es\\\/noticias\\\/category\\\/asturias\\\/#listItem\",\"name\":\"Asturias\"}}]},{\"@type\":\"NewsArticle\",\"@id\":\"https:\\\/\\\/candas365.es\\\/noticias\\\/asturias-coordina-los-controles-en-los-campamentos-de-verano\\\/#newsarticle\",\"name\":\"Asturias coordina los controles en los campamentos de verano | Cand\\u00e1s 365\",\"headline\":\"Asturias coordina los controles en los campamentos de verano\",\"author\":{\"@id\":\"https:\\\/\\\/candas365.es\\\/noticias\\\/author\\\/admin\\\/#author\"},\"publisher\":{\"@id\":\"https:\\\/\\\/candas365.es\\\/noticias\\\/#organization\"},\"image\":{\"@type\":\"ImageObject\",\"url\":\"https:\\\/\\\/candas365.es\\\/noticias\\\/wp-content\\\/uploads\\\/2026\\\/04\\\/Asturias-coordina-los-controles-en-los-campamentos-de-verano.jpg\",\"width\":1132,\"height\":841,\"caption\":\"Foto: Prensa Principado de Asturias\"},\"datePublished\":\"2026-04-30T14:22:54+02:00\",\"dateModified\":\"2026-04-30T14:22:54+02:00\",\"inLanguage\":\"es-ES\",\"mainEntityOfPage\":{\"@id\":\"https:\\\/\\\/candas365.es\\\/noticias\\\/asturias-coordina-los-controles-en-los-campamentos-de-verano\\\/#webpage\"},\"isPartOf\":{\"@id\":\"https:\\\/\\\/candas365.es\\\/noticias\\\/asturias-coordina-los-controles-en-los-campamentos-de-verano\\\/#webpage\"},\"articleSection\":\"Asturias, Asturias\",\"dateline\":\"Publicado el abril 30, 2026.\"},{\"@type\":\"Organization\",\"@id\":\"https:\\\/\\\/candas365.es\\\/noticias\\\/#organization\",\"name\":\"Cand\\u00e1s 365\",\"description\":\"Cand\\u00e1s 365 es un diario digital independiente, fundado en 2012, con base en Asturias. Informamos con rigor sobre actualidad, sociedad, cultura y ocio, con una mirada local y global.\",\"url\":\"https:\\\/\\\/candas365.es\\\/noticias\\\/\",\"email\":\"info@candas365.es\",\"telephone\":\"+34652131393\",\"foundingDate\":\"2012-06-10\",\"logo\":{\"@type\":\"ImageObject\",\"url\":\"https:\\\/\\\/candas365.es\\\/noticias\\\/wp-content\\\/uploads\\\/2024\\\/09\\\/Candas-365-Redes.jpg\",\"@id\":\"https:\\\/\\\/candas365.es\\\/noticias\\\/asturias-coordina-los-controles-en-los-campamentos-de-verano\\\/#organizationLogo\",\"width\":1152,\"height\":864,\"caption\":\"Cand\\u00e1s 365 Redes\"},\"image\":{\"@id\":\"https:\\\/\\\/candas365.es\\\/noticias\\\/asturias-coordina-los-controles-en-los-campamentos-de-verano\\\/#organizationLogo\"},\"sameAs\":[\"https:\\\/\\\/www.facebook.com\\\/Nachofdezber\",\"https:\\\/\\\/x.com\\\/NabercoDigital\",\"https:\\\/\\\/www.instagram.com\\\/nachofdezber\\\/\",\"https:\\\/\\\/www.youtube.com\\\/channel\\\/UCZP-2wLEB9Rv6erhFmqVnvg\"],\"address\":{\"@id\":\"https:\\\/\\\/candas365.es\\\/noticias\\\/#postaladdress\",\"@type\":\"PostalAddress\",\"streetAddress\":\"san antonio 4, san antonio 4\",\"postalCode\":\"33430\",\"addressLocality\":\"Cand\\u00e1s\",\"addressRegion\":\"Asturias\",\"addressCountry\":\"ES\"}},{\"@type\":\"Person\",\"@id\":\"https:\\\/\\\/candas365.es\\\/noticias\\\/author\\\/admin\\\/#author\",\"url\":\"https:\\\/\\\/candas365.es\\\/noticias\\\/author\\\/admin\\\/\",\"name\":\"Cand\\u00e1s 365\",\"image\":{\"@type\":\"ImageObject\",\"@id\":\"https:\\\/\\\/candas365.es\\\/noticias\\\/asturias-coordina-los-controles-en-los-campamentos-de-verano\\\/#authorImage\",\"url\":\"https:\\\/\\\/secure.gravatar.com\\\/avatar\\\/496a8e03d0c493ede1718b7934145dbdf8d89be1036b0eec9544e1094c9de390?s=96&d=mm&r=g\",\"width\":96,\"height\":96,\"caption\":\"Cand\\u00e1s 365\"},\"sameAs\":[\"https:\\\/\\\/www.facebook.com\\\/carrenoactualidad\",\"https:\\\/\\\/twitter.com\\\/nbasturias\",\"https:\\\/\\\/www.instagram.com\\\/nachofdezber\\\/\",\"https:\\\/\\\/www.youtube.com\\\/channel\\\/UCZP-2wLEB9Rv6erhFmqVnvg\"]},{\"@type\":\"WebPage\",\"@id\":\"https:\\\/\\\/candas365.es\\\/noticias\\\/asturias-coordina-los-controles-en-los-campamentos-de-verano\\\/#webpage\",\"url\":\"https:\\\/\\\/candas365.es\\\/noticias\\\/asturias-coordina-los-controles-en-los-campamentos-de-verano\\\/\",\"name\":\"Asturias coordina los controles en los campamentos de verano | Cand\\u00e1s 365\",\"description\":\"El Gobierno de Asturias reforzar\\u00e1 la coordinaci\\u00f3n para inspeccionar campamentos y colonias juveniles durante el verano 2026, con el objetivo de garantizar\",\"inLanguage\":\"es-ES\",\"isPartOf\":{\"@id\":\"https:\\\/\\\/candas365.es\\\/noticias\\\/#website\"},\"breadcrumb\":{\"@id\":\"https:\\\/\\\/candas365.es\\\/noticias\\\/asturias-coordina-los-controles-en-los-campamentos-de-verano\\\/#breadcrumblist\"},\"author\":{\"@id\":\"https:\\\/\\\/candas365.es\\\/noticias\\\/author\\\/admin\\\/#author\"},\"creator\":{\"@id\":\"https:\\\/\\\/candas365.es\\\/noticias\\\/author\\\/admin\\\/#author\"},\"image\":{\"@type\":\"ImageObject\",\"url\":\"https:\\\/\\\/candas365.es\\\/noticias\\\/wp-content\\\/uploads\\\/2026\\\/04\\\/Asturias-coordina-los-controles-en-los-campamentos-de-verano.jpg\",\"@id\":\"https:\\\/\\\/candas365.es\\\/noticias\\\/asturias-coordina-los-controles-en-los-campamentos-de-verano\\\/#mainImage\",\"width\":1132,\"height\":841,\"caption\":\"Foto: Prensa Principado de Asturias\"},\"primaryImageOfPage\":{\"@id\":\"https:\\\/\\\/candas365.es\\\/noticias\\\/asturias-coordina-los-controles-en-los-campamentos-de-verano\\\/#mainImage\"},\"datePublished\":\"2026-04-30T14:22:54+02:00\",\"dateModified\":\"2026-04-30T14:22:54+02:00\"},{\"@type\":\"WebSite\",\"@id\":\"https:\\\/\\\/candas365.es\\\/noticias\\\/#website\",\"url\":\"https:\\\/\\\/candas365.es\\\/noticias\\\/\",\"name\":\"Cand\\u00e1s 365\",\"alternateName\":\"Cand\\u00e1s 365 Noticias\",\"description\":\"Actualidad desde Carre\\u00f1o para el mundo\",\"inLanguage\":\"es-ES\",\"publisher\":{\"@id\":\"https:\\\/\\\/candas365.es\\\/noticias\\\/#organization\"}}]}\n\t\t<\/script>\n\t\t<!-- All in One SEO Pro -->\r\n\t\t<title>Asturias coordina los controles en los campamentos de verano | Cand\u00e1s 365<\/title>\n\n","aioseo_head_json":{"title":"Asturias coordina los controles en los campamentos de verano | Cand\u00e1s 365","description":"El Gobierno de Asturias reforzar\u00e1 la coordinaci\u00f3n para inspeccionar campamentos y colonias juveniles durante el verano 2026, con el objetivo de garantizar","canonical_url":"https:\/\/candas365.es\/noticias\/asturias-coordina-los-controles-en-los-campamentos-de-verano\/","robots":"max-image-preview:large","keywords":"asturias","webmasterTools":{"google-site-verification":"UA-32230408-1","msvalidate.01":"354F3CDFB2DA171B47FBE9ABF1F88D5","miscellaneous":""},"schema":{"@context":"https:\/\/schema.org","@graph":[{"@type":"BreadcrumbList","@id":"https:\/\/candas365.es\/noticias\/asturias-coordina-los-controles-en-los-campamentos-de-verano\/#breadcrumblist","itemListElement":[{"@type":"ListItem","@id":"https:\/\/candas365.es\/noticias#listItem","position":1,"name":"Home","item":"https:\/\/candas365.es\/noticias","nextItem":{"@type":"ListItem","@id":"https:\/\/candas365.es\/noticias\/category\/asturias\/#listItem","name":"Asturias"}},{"@type":"ListItem","@id":"https:\/\/candas365.es\/noticias\/category\/asturias\/#listItem","position":2,"name":"Asturias","item":"https:\/\/candas365.es\/noticias\/category\/asturias\/","nextItem":{"@type":"ListItem","@id":"https:\/\/candas365.es\/noticias\/asturias-coordina-los-controles-en-los-campamentos-de-verano\/#listItem","name":"Asturias coordina los controles en los campamentos de verano"},"previousItem":{"@type":"ListItem","@id":"https:\/\/candas365.es\/noticias#listItem","name":"Home"}},{"@type":"ListItem","@id":"https:\/\/candas365.es\/noticias\/asturias-coordina-los-controles-en-los-campamentos-de-verano\/#listItem","position":3,"name":"Asturias coordina los controles en los campamentos de verano","previousItem":{"@type":"ListItem","@id":"https:\/\/candas365.es\/noticias\/category\/asturias\/#listItem","name":"Asturias"}}]},{"@type":"NewsArticle","@id":"https:\/\/candas365.es\/noticias\/asturias-coordina-los-controles-en-los-campamentos-de-verano\/#newsarticle","name":"Asturias coordina los controles en los campamentos de verano | Cand\u00e1s 365","headline":"Asturias coordina los controles en los campamentos de verano","author":{"@id":"https:\/\/candas365.es\/noticias\/author\/admin\/#author"},"publisher":{"@id":"https:\/\/candas365.es\/noticias\/#organization"},"image":{"@type":"ImageObject","url":"https:\/\/candas365.es\/noticias\/wp-content\/uploads\/2026\/04\/Asturias-coordina-los-controles-en-los-campamentos-de-verano.jpg","width":1132,"height":841,"caption":"Foto: Prensa Principado de Asturias"},"datePublished":"2026-04-30T14:22:54+02:00","dateModified":"2026-04-30T14:22:54+02:00","inLanguage":"es-ES","mainEntityOfPage":{"@id":"https:\/\/candas365.es\/noticias\/asturias-coordina-los-controles-en-los-campamentos-de-verano\/#webpage"},"isPartOf":{"@id":"https:\/\/candas365.es\/noticias\/asturias-coordina-los-controles-en-los-campamentos-de-verano\/#webpage"},"articleSection":"Asturias, Asturias","dateline":"Publicado el abril 30, 2026."},{"@type":"Organization","@id":"https:\/\/candas365.es\/noticias\/#organization","name":"Cand\u00e1s 365","description":"Cand\u00e1s 365 es un diario digital independiente, fundado en 2012, con base en Asturias. Informamos con rigor sobre actualidad, sociedad, cultura y ocio, con una mirada local y global.","url":"https:\/\/candas365.es\/noticias\/","email":"info@candas365.es","telephone":"+34652131393","foundingDate":"2012-06-10","logo":{"@type":"ImageObject","url":"https:\/\/candas365.es\/noticias\/wp-content\/uploads\/2024\/09\/Candas-365-Redes.jpg","@id":"https:\/\/candas365.es\/noticias\/asturias-coordina-los-controles-en-los-campamentos-de-verano\/#organizationLogo","width":1152,"height":864,"caption":"Cand\u00e1s 365 Redes"},"image":{"@id":"https:\/\/candas365.es\/noticias\/asturias-coordina-los-controles-en-los-campamentos-de-verano\/#organizationLogo"},"sameAs":["https:\/\/www.facebook.com\/Nachofdezber","https:\/\/x.com\/NabercoDigital","https:\/\/www.instagram.com\/nachofdezber\/","https:\/\/www.youtube.com\/channel\/UCZP-2wLEB9Rv6erhFmqVnvg"],"address":{"@id":"https:\/\/candas365.es\/noticias\/#postaladdress","@type":"PostalAddress","streetAddress":"san antonio 4, san antonio 4","postalCode":"33430","addressLocality":"Cand\u00e1s","addressRegion":"Asturias","addressCountry":"ES"}},{"@type":"Person","@id":"https:\/\/candas365.es\/noticias\/author\/admin\/#author","url":"https:\/\/candas365.es\/noticias\/author\/admin\/","name":"Cand\u00e1s 365","image":{"@type":"ImageObject","@id":"https:\/\/candas365.es\/noticias\/asturias-coordina-los-controles-en-los-campamentos-de-verano\/#authorImage","url":"https:\/\/secure.gravatar.com\/avatar\/496a8e03d0c493ede1718b7934145dbdf8d89be1036b0eec9544e1094c9de390?s=96&d=mm&r=g","width":96,"height":96,"caption":"Cand\u00e1s 365"},"sameAs":["https:\/\/www.facebook.com\/carrenoactualidad","https:\/\/twitter.com\/nbasturias","https:\/\/www.instagram.com\/nachofdezber\/","https:\/\/www.youtube.com\/channel\/UCZP-2wLEB9Rv6erhFmqVnvg"]},{"@type":"WebPage","@id":"https:\/\/candas365.es\/noticias\/asturias-coordina-los-controles-en-los-campamentos-de-verano\/#webpage","url":"https:\/\/candas365.es\/noticias\/asturias-coordina-los-controles-en-los-campamentos-de-verano\/","name":"Asturias coordina los controles en los campamentos de verano | Cand\u00e1s 365","description":"El Gobierno de Asturias reforzar\u00e1 la coordinaci\u00f3n para inspeccionar campamentos y colonias juveniles durante el verano 2026, con el objetivo de garantizar","inLanguage":"es-ES","isPartOf":{"@id":"https:\/\/candas365.es\/noticias\/#website"},"breadcrumb":{"@id":"https:\/\/candas365.es\/noticias\/asturias-coordina-los-controles-en-los-campamentos-de-verano\/#breadcrumblist"},"author":{"@id":"https:\/\/candas365.es\/noticias\/author\/admin\/#author"},"creator":{"@id":"https:\/\/candas365.es\/noticias\/author\/admin\/#author"},"image":{"@type":"ImageObject","url":"https:\/\/candas365.es\/noticias\/wp-content\/uploads\/2026\/04\/Asturias-coordina-los-controles-en-los-campamentos-de-verano.jpg","@id":"https:\/\/candas365.es\/noticias\/asturias-coordina-los-controles-en-los-campamentos-de-verano\/#mainImage","width":1132,"height":841,"caption":"Foto: Prensa Principado de Asturias"},"primaryImageOfPage":{"@id":"https:\/\/candas365.es\/noticias\/asturias-coordina-los-controles-en-los-campamentos-de-verano\/#mainImage"},"datePublished":"2026-04-30T14:22:54+02:00","dateModified":"2026-04-30T14:22:54+02:00"},{"@type":"WebSite","@id":"https:\/\/candas365.es\/noticias\/#website","url":"https:\/\/candas365.es\/noticias\/","name":"Cand\u00e1s 365","alternateName":"Cand\u00e1s 365 Noticias","description":"Actualidad desde Carre\u00f1o para el mundo","inLanguage":"es-ES","publisher":{"@id":"https:\/\/candas365.es\/noticias\/#organization"}}]},"og:locale":"es_ES","og:site_name":"Cand\u00e1s 365","og:type":"article","og:title":"Asturias coordina los controles en los campamentos de verano | Cand\u00e1s 365","og:description":"El Gobierno de Asturias reforzar\u00e1 la coordinaci\u00f3n para inspeccionar campamentos y colonias juveniles durante el verano 2026, con el objetivo de garantizar","og:url":"https:\/\/candas365.es\/noticias\/asturias-coordina-los-controles-en-los-campamentos-de-verano\/","og:image":"https:\/\/candas365.es\/noticias\/wp-content\/uploads\/2026\/04\/Asturias-coordina-los-controles-en-los-campamentos-de-verano.jpg","og:image:secure_url":"https:\/\/candas365.es\/noticias\/wp-content\/uploads\/2026\/04\/Asturias-coordina-los-controles-en-los-campamentos-de-verano.jpg","og:image:width":1132,"og:image:height":841,"article:published_time":"2026-04-30T12:22:54+00:00","article:modified_time":"2026-04-30T12:22:54+00:00","article:publisher":"https:\/\/www.facebook.com\/Nachofdezber","article:author":"https:\/\/www.facebook.com\/carrenoactualidad","twitter:card":"summary_large_image","twitter:site":"@NabercoDigital","twitter:title":"Asturias coordina los controles en los campamentos de verano | Cand\u00e1s 365","twitter:description":"El Gobierno de Asturias reforzar\u00e1 la coordinaci\u00f3n para inspeccionar campamentos y colonias juveniles durante el verano 2026, con el objetivo de garantizar","twitter:creator":"@nbasturias","twitter:image":"https:\/\/candas365.es\/noticias\/wp-content\/uploads\/2026\/04\/Asturias-coordina-los-controles-en-los-campamentos-de-verano.jpg","twitter:label1":"Escrito por","twitter:data1":"Cand\u00e1s 365","twitter:label2":"Tiempo de lectura estimado","twitter:data2":"3 minutos"},"aioseo_meta_data":{"post_id":"194405","title":null,"description":"El Gobierno de Asturias reforzar\u00e1 la coordinaci\u00f3n para inspeccionar campamentos y colonias juveniles durante el verano 2026, con el objetivo de garantizar","keywords":null,"keyphrases":{"focus":{"keyphrase":"Asturias","score":91,"analysis":{"keyphraseInTitle":{"score":9,"maxScore":9,"error":0},"keyphraseInDescription":{"score":9,"maxScore":9,"error":0},"keyphraseLength":{"score":9,"maxScore":9,"error":0,"length":1},"keyphraseInURL":{"score":5,"maxScore":5,"error":0},"keyphraseInIntroduction":{"score":9,"maxScore":9,"error":0},"keyphraseInSubHeadings":{"score":3,"maxScore":9,"error":1},"keyphraseInImageAlt":{"score":9,"maxScore":9,"error":0},"keywordDensity":{"type":"best","score":9,"maxScore":9,"error":0}}},"additional":[{"keyphrase":"campamentos","score":100,"analysis":{"keyphraseInDescription":{"score":9,"maxScore":9,"error":0},"keyphraseLength":{"score":9,"maxScore":9,"error":0,"length":1},"keyphraseInIntroduction":{"score":9,"maxScore":9,"error":0},"keyphraseInImageAlt":{"score":9,"maxScore":9,"error":0},"keywordDensity":{"type":"best","score":9,"maxScore":9,"error":0}}},{"keyphrase":"verano","score":100,"analysis":{"keyphraseInDescription":{"score":9,"maxScore":9,"error":0},"keyphraseLength":{"score":9,"maxScore":9,"error":0,"length":1},"keyphraseInIntroduction":{"score":9,"maxScore":9,"error":0},"keyphraseInImageAlt":{"score":9,"maxScore":9,"error":0},"keywordDensity":{"type":"best","score":9,"maxScore":9,"error":0}}}]},"primary_term":null,"canonical_url":null,"og_title":null,"og_description":null,"og_object_type":"default","og_image_type":"default","og_image_url":null,"og_image_width":null,"og_image_height":null,"og_image_custom_url":null,"og_image_custom_fields":null,"og_video":"","og_custom_url":null,"og_article_section":null,"og_article_tags":null,"twitter_use_og":false,"twitter_card":"default","twitter_image_type":"default","twitter_image_url":null,"twitter_image_custom_url":null,"twitter_image_custom_fields":null,"twitter_title":null,"twitter_description":null,"schema":{"blockGraphs":[],"customGraphs":[],"default":{"data":{"Article":[],"Course":[],"Dataset":[],"FAQPage":[],"Movie":[],"Person":[],"Product":[],"ProductReview":[],"Car":[],"Recipe":[],"Service":[],"SoftwareApplication":[],"WebPage":[]},"graphName":"NewsArticle","isEnabled":true},"graphs":[]},"schema_type":"default","schema_type_options":null,"pillar_content":false,"robots_default":true,"robots_noindex":false,"robots_noarchive":false,"robots_nosnippet":false,"robots_nofollow":false,"robots_noimageindex":false,"robots_noodp":false,"robots_notranslate":false,"robots_max_snippet":"-1","robots_max_videopreview":"-1","robots_max_imagepreview":"large","priority":null,"frequency":"default","location":null,"local_seo":null,"seo_analyzer_scan_date":"2026-04-30 12:41:10","breadcrumb_settings":null,"limit_modified_date":false,"reviewed_by":"0","open_ai":null,"ai":{"faqs":[],"keyPoints":[],"schemas":[],"titles":[],"descriptions":[],"socialPosts":{"email":[],"linkedin":[],"twitter":[],"facebook":[],"instagram":[]}},"created":"2026-04-30 12:09:51","updated":"2026-04-30 12:41:26"},"aioseo_breadcrumb":"<div class=\"aioseo-breadcrumbs\"><span class=\"aioseo-breadcrumb\">\n\t<a href=\"https:\/\/candas365.es\/noticias\" title=\"Home\">Home<\/a>\n<\/span><span class=\"aioseo-breadcrumb-separator\">&ndash;<\/span><span class=\"aioseo-breadcrumb\">\n\t<a href=\"https:\/\/candas365.es\/noticias\/category\/asturias\/\" title=\"Asturias\">Asturias<\/a>\n<\/span><span class=\"aioseo-breadcrumb-separator\">&ndash;<\/span><span class=\"aioseo-breadcrumb\">\n\tAsturias coordina los controles en los campamentos de verano\n<\/span><\/div>","aioseo_breadcrumb_json":[{"label":"Home","link":"https:\/\/candas365.es\/noticias"},{"label":"Asturias","link":"https:\/\/candas365.es\/noticias\/category\/asturias\/"},{"label":"Asturias coordina los controles en los campamentos de verano","link":"https:\/\/candas365.es\/noticias\/asturias-coordina-los-controles-en-los-campamentos-de-verano\/"}],"_links":{"self":[{"href":"https:\/\/candas365.es\/noticias\/wp-json\/wp\/v2\/posts\/194405","targetHints":{"allow":["GET"]}}],"collection":[{"href":"https:\/\/candas365.es\/noticias\/wp-json\/wp\/v2\/posts"}],"about":[{"href":"https:\/\/candas365.es\/noticias\/wp-json\/wp\/v2\/types\/post"}],"author":[{"embeddable":true,"href":"https:\/\/candas365.es\/noticias\/wp-json\/wp\/v2\/users\/1"}],"replies":[{"embeddable":true,"href":"https:\/\/candas365.es\/noticias\/wp-json\/wp\/v2\/comments?post=194405"}],"version-history":[{"count":1,"href":"https:\/\/candas365.es\/noticias\/wp-json\/wp\/v2\/posts\/194405\/revisions"}],"predecessor-version":[{"id":194407,"href":"https:\/\/candas365.es\/noticias\/wp-json\/wp\/v2\/posts\/194405\/revisions\/194407"}],"wp:featuredmedia":[{"embeddable":true,"href":"https:\/\/candas365.es\/noticias\/wp-json\/wp\/v2\/media\/194406"}],"wp:attachment":[{"href":"https:\/\/candas365.es\/noticias\/wp-json\/wp\/v2\/media?parent=194405"}],"wp:term":[{"taxonomy":"category","embeddable":true,"href":"https:\/\/candas365.es\/noticias\/wp-json\/wp\/v2\/categories?post=194405"},{"taxonomy":"post_tag","embeddable":true,"href":"https:\/\/candas365.es\/noticias\/wp-json\/wp\/v2\/tags?post=194405"}],"curies":[{"name":"wp","href":"https:\/\/api.w.org\/{rel}","templated":true}]}}