{"id":194402,"date":"2026-04-30T14:08:15","date_gmt":"2026-04-30T12:08:15","guid":{"rendered":"https:\/\/candas365.es\/noticias\/?p=194402"},"modified":"2026-04-30T14:08:15","modified_gmt":"2026-04-30T12:08:15","slug":"proponen-sanciones-por-fallos-de-seguridad-en-mina-miura","status":"publish","type":"post","link":"https:\/\/candas365.es\/noticias\/proponen-sanciones-por-fallos-de-seguridad-en-mina-miura\/","title":{"rendered":"Proponen sanciones por fallos de seguridad en Mina Miura"},"content":{"rendered":"<p>El Servicio de Minas propone sancionar a la <span style=\"color: #ff6600;\"><a style=\"color: #ff6600;\" href=\"https:\/\/candas365.es\/noticias\/category\/canal-empresas\/\"><strong>empresa de Mina Miura<\/strong><\/a><\/span>, en Ibias, y a su director facultativo por incumplimientos en seguridad minera, tras detectar riesgos para trabajadores durante varias inspecciones.<\/p>\n<figure id=\"attachment_194403\" aria-describedby=\"caption-attachment-194403\" style=\"width: 650px\" class=\"wp-caption aligncenter\"><img fetchpriority=\"high\" decoding=\"async\" class=\"size-large wp-image-194403\" src=\"https:\/\/candas365.es\/noticias\/wp-content\/uploads\/2026\/04\/Proponen-sanciones-por-fallos-de-seguridad-en-Mina-Miura-650x356.jpg\" alt=\"Proponen sanciones por fallos de seguridad en Mina Miura\" width=\"650\" height=\"356\" srcset=\"https:\/\/candas365.es\/noticias\/wp-content\/uploads\/2026\/04\/Proponen-sanciones-por-fallos-de-seguridad-en-Mina-Miura-650x356.jpg 650w, https:\/\/candas365.es\/noticias\/wp-content\/uploads\/2026\/04\/Proponen-sanciones-por-fallos-de-seguridad-en-Mina-Miura-360x197.jpg 360w, https:\/\/candas365.es\/noticias\/wp-content\/uploads\/2026\/04\/Proponen-sanciones-por-fallos-de-seguridad-en-Mina-Miura-768x420.jpg 768w, https:\/\/candas365.es\/noticias\/wp-content\/uploads\/2026\/04\/Proponen-sanciones-por-fallos-de-seguridad-en-Mina-Miura-150x82.jpg 150w, https:\/\/candas365.es\/noticias\/wp-content\/uploads\/2026\/04\/Proponen-sanciones-por-fallos-de-seguridad-en-Mina-Miura-450x246.jpg 450w, https:\/\/candas365.es\/noticias\/wp-content\/uploads\/2026\/04\/Proponen-sanciones-por-fallos-de-seguridad-en-Mina-Miura.jpg 1188w\" sizes=\"(max-width: 650px) 100vw, 650px\" \/><figcaption id=\"caption-attachment-194403\" class=\"wp-caption-text\">Foto: Prensa Gobierno de Asturias<\/figcaption><\/figure>\n<p data-start=\"413\" data-end=\"902\">El Servicio de Minas de la Consejer\u00eda de Ciencia, Industria y Empleo ha propuesto sendas sanciones a Carbones La Vega S.L., propietaria de Mina Miura (Ibias), y al director facultativo de la explotaci\u00f3n por incumplimiento la Ley 1\/1997, de 4 de abril, de infracciones y sanciones en materia de seguridad minera. <strong>Las medidas se proponen tras la visita realizada a la explotaci\u00f3n por parte dos ingenieros del Servicio de Minas, acompa\u00f1ados de la Guardia Civil de Cangas del Narcea.<\/strong><\/p>\n<p data-start=\"906\" data-end=\"1224\">En el caso de la empresa, se plantea una sanci\u00f3n de 3.000 euros por infracci\u00f3n grave al no haber establecido las medidas que garanticen la seguridad de la explotaci\u00f3n y no existir tutela efectiva del director facultativo para su cumplimiento cuando varios trabajadores se encuentran en su interior de forma continuada.<\/p>\n<p data-start=\"1228\" data-end=\"1592\">El <a href=\"https:\/\/actualidad.asturias.es\/\" target=\"_blank\" rel=\"noopener\"><span style=\"color: #ff6600;\"><strong>Principado<\/strong><\/span><\/a> ha informado que en cuanto al director facultativo, se considera que ha incurrido en una infracci\u00f3n muy grave por incumplimiento de sus deberes profesionales al no velar por la seguridad de las instalaciones y de los trabajadores que desarrollen su actividad en todo el complejo. Por este motivo, se propone una sanci\u00f3n de 900 euros y la suspensi\u00f3n de funciones durante seis meses.<\/p>\n<p data-start=\"1596\" data-end=\"1794\">La Direcci\u00f3n General de Energ\u00eda y Miner\u00eda evaluar\u00e1 de acuerdo con la normativa en la materia la posibilidad de nuevas propuestas de sanci\u00f3n en caso de que la empresa no corrija la situaci\u00f3n actual.<\/p>\n<p data-start=\"1798\" data-end=\"2191\" data-is-last-node=\"\" data-is-only-node=\"\">Durante la visita realizada, los dos inspectores del Servicio de Minas instaron a los trabajadores a abandonar de manera voluntaria el encierro al no estar garantizada su seguridad y les advirtieron de los riesgos derivados de la falta de supervisi\u00f3n t\u00e9cnica de la explotaci\u00f3n por falta de direcci\u00f3n facultativa. Esta petici\u00f3n se ha reiterado durante una nueva visita de t\u00e9cnicos a Mina Miura.<\/p>\n","protected":false},"excerpt":{"rendered":"<p>El Servicio de Minas propone sancionar a la empresa de Mina Miura, en Ibias, y a su director facultativo por incumplimientos en seguridad minera, tras detectar riesgos para trabajadores durante varias inspecciones. El Servicio de Minas de la Consejer\u00eda de Ciencia, Industria y Empleo ha propuesto sendas sanciones a Carbones La Vega S.L., propietaria de<\/p>\n","protected":false},"author":1,"featured_media":194403,"comment_status":"closed","ping_status":"closed","sticky":false,"template":"","format":"standard","meta":{"footnotes":""},"categories":[7],"tags":[380],"class_list":{"0":"post-194402","1":"post","2":"type-post","3":"status-publish","4":"format-standard","5":"has-post-thumbnail","7":"category-asturias","8":"tag-asturias"},"aioseo_notices":[],"aioseo_head":"\n\t\t<!-- All in One SEO Pro 4.9.6.2 - aioseo.com -->\n\t<meta name=\"description\" content=\"El Servicio de Minas propone sancionar a la empresa de Mina Miura, en Ibias, y a su director facultativo por incumplimientos en seguridad minera, tras detectar\" \/>\n\t<meta name=\"robots\" content=\"max-image-preview:large\" \/>\n\t<meta name=\"author\" content=\"Cand\u00e1s 365\"\/>\n\t<meta name=\"google-site-verification\" content=\"UA-32230408-1\" \/>\n\t<meta name=\"msvalidate.01\" content=\"354F3CDFB2DA171B47FBE9ABF1F88D5\" \/>\n\t<meta name=\"keywords\" content=\"asturias\" \/>\n\t<link rel=\"canonical\" href=\"https:\/\/candas365.es\/noticias\/proponen-sanciones-por-fallos-de-seguridad-en-mina-miura\/\" \/>\n\t<meta name=\"generator\" content=\"All in One SEO Pro (AIOSEO) 4.9.6.2\" \/>\n\t\t<meta property=\"og:locale\" content=\"es_ES\" \/>\n\t\t<meta property=\"og:site_name\" content=\"Cand\u00e1s 365\" \/>\n\t\t<meta property=\"og:type\" content=\"article\" \/>\n\t\t<meta property=\"og:title\" content=\"Proponen sanciones por fallos de seguridad en Mina Miura | Cand\u00e1s 365\" \/>\n\t\t<meta property=\"og:description\" content=\"El Servicio de Minas propone sancionar a la empresa de Mina Miura, en Ibias, y a su director facultativo por incumplimientos en seguridad minera, tras detectar\" \/>\n\t\t<meta property=\"og:url\" content=\"https:\/\/candas365.es\/noticias\/proponen-sanciones-por-fallos-de-seguridad-en-mina-miura\/\" \/>\n\t\t<meta property=\"og:image\" content=\"https:\/\/candas365.es\/noticias\/wp-content\/uploads\/2026\/04\/Proponen-sanciones-por-fallos-de-seguridad-en-Mina-Miura.jpg\" \/>\n\t\t<meta property=\"og:image:secure_url\" content=\"https:\/\/candas365.es\/noticias\/wp-content\/uploads\/2026\/04\/Proponen-sanciones-por-fallos-de-seguridad-en-Mina-Miura.jpg\" \/>\n\t\t<meta property=\"og:image:width\" content=\"1188\" \/>\n\t\t<meta property=\"og:image:height\" content=\"650\" \/>\n\t\t<meta property=\"article:published_time\" content=\"2026-04-30T12:08:15+00:00\" \/>\n\t\t<meta property=\"article:modified_time\" content=\"2026-04-30T12:08:15+00:00\" \/>\n\t\t<meta property=\"article:publisher\" content=\"https:\/\/www.facebook.com\/Nachofdezber\" \/>\n\t\t<meta property=\"article:author\" content=\"https:\/\/www.facebook.com\/carrenoactualidad\" \/>\n\t\t<meta name=\"twitter:card\" content=\"summary_large_image\" \/>\n\t\t<meta name=\"twitter:site\" content=\"@NabercoDigital\" \/>\n\t\t<meta name=\"twitter:title\" content=\"Proponen sanciones por fallos de seguridad en Mina Miura | Cand\u00e1s 365\" \/>\n\t\t<meta name=\"twitter:description\" content=\"El Servicio de Minas propone sancionar a la empresa de Mina Miura, en Ibias, y a su director facultativo por incumplimientos en seguridad minera, tras detectar\" \/>\n\t\t<meta name=\"twitter:creator\" content=\"@nbasturias\" \/>\n\t\t<meta name=\"twitter:image\" content=\"https:\/\/candas365.es\/noticias\/wp-content\/uploads\/2026\/04\/Proponen-sanciones-por-fallos-de-seguridad-en-Mina-Miura.jpg\" \/>\n\t\t<meta name=\"twitter:label1\" content=\"Escrito por\" \/>\n\t\t<meta name=\"twitter:data1\" content=\"Cand\u00e1s 365\" \/>\n\t\t<meta name=\"twitter:label2\" content=\"Tiempo de lectura estimado\" \/>\n\t\t<meta name=\"twitter:data2\" content=\"2 minutos\" \/>\n\t\t<script type=\"application\/ld+json\" class=\"aioseo-schema\">\n\t\t\t{\"@context\":\"https:\\\/\\\/schema.org\",\"@graph\":[{\"@type\":\"BreadcrumbList\",\"@id\":\"https:\\\/\\\/candas365.es\\\/noticias\\\/proponen-sanciones-por-fallos-de-seguridad-en-mina-miura\\\/#breadcrumblist\",\"itemListElement\":[{\"@type\":\"ListItem\",\"@id\":\"https:\\\/\\\/candas365.es\\\/noticias#listItem\",\"position\":1,\"name\":\"Home\",\"item\":\"https:\\\/\\\/candas365.es\\\/noticias\",\"nextItem\":{\"@type\":\"ListItem\",\"@id\":\"https:\\\/\\\/candas365.es\\\/noticias\\\/category\\\/asturias\\\/#listItem\",\"name\":\"Asturias\"}},{\"@type\":\"ListItem\",\"@id\":\"https:\\\/\\\/candas365.es\\\/noticias\\\/category\\\/asturias\\\/#listItem\",\"position\":2,\"name\":\"Asturias\",\"item\":\"https:\\\/\\\/candas365.es\\\/noticias\\\/category\\\/asturias\\\/\",\"nextItem\":{\"@type\":\"ListItem\",\"@id\":\"https:\\\/\\\/candas365.es\\\/noticias\\\/proponen-sanciones-por-fallos-de-seguridad-en-mina-miura\\\/#listItem\",\"name\":\"Proponen sanciones por fallos de seguridad en Mina Miura\"},\"previousItem\":{\"@type\":\"ListItem\",\"@id\":\"https:\\\/\\\/candas365.es\\\/noticias#listItem\",\"name\":\"Home\"}},{\"@type\":\"ListItem\",\"@id\":\"https:\\\/\\\/candas365.es\\\/noticias\\\/proponen-sanciones-por-fallos-de-seguridad-en-mina-miura\\\/#listItem\",\"position\":3,\"name\":\"Proponen sanciones por fallos de seguridad en Mina Miura\",\"previousItem\":{\"@type\":\"ListItem\",\"@id\":\"https:\\\/\\\/candas365.es\\\/noticias\\\/category\\\/asturias\\\/#listItem\",\"name\":\"Asturias\"}}]},{\"@type\":\"NewsArticle\",\"@id\":\"https:\\\/\\\/candas365.es\\\/noticias\\\/proponen-sanciones-por-fallos-de-seguridad-en-mina-miura\\\/#newsarticle\",\"name\":\"Proponen sanciones por fallos de seguridad en Mina Miura | Cand\\u00e1s 365\",\"headline\":\"Proponen sanciones por fallos de seguridad en Mina Miura\",\"author\":{\"@id\":\"https:\\\/\\\/candas365.es\\\/noticias\\\/author\\\/admin\\\/#author\"},\"publisher\":{\"@id\":\"https:\\\/\\\/candas365.es\\\/noticias\\\/#organization\"},\"image\":{\"@type\":\"ImageObject\",\"url\":\"https:\\\/\\\/candas365.es\\\/noticias\\\/wp-content\\\/uploads\\\/2026\\\/04\\\/Proponen-sanciones-por-fallos-de-seguridad-en-Mina-Miura.jpg\",\"width\":1188,\"height\":650,\"caption\":\"Foto: Prensa Gobierno de Asturias\"},\"datePublished\":\"2026-04-30T14:08:15+02:00\",\"dateModified\":\"2026-04-30T14:08:15+02:00\",\"inLanguage\":\"es-ES\",\"mainEntityOfPage\":{\"@id\":\"https:\\\/\\\/candas365.es\\\/noticias\\\/proponen-sanciones-por-fallos-de-seguridad-en-mina-miura\\\/#webpage\"},\"isPartOf\":{\"@id\":\"https:\\\/\\\/candas365.es\\\/noticias\\\/proponen-sanciones-por-fallos-de-seguridad-en-mina-miura\\\/#webpage\"},\"articleSection\":\"Asturias, Asturias\",\"dateline\":\"Publicado el abril 30, 2026.\"},{\"@type\":\"Organization\",\"@id\":\"https:\\\/\\\/candas365.es\\\/noticias\\\/#organization\",\"name\":\"Cand\\u00e1s 365\",\"description\":\"Cand\\u00e1s 365 es un diario digital independiente, fundado en 2012, con base en Asturias. Informamos con rigor sobre actualidad, sociedad, cultura y ocio, con una mirada local y global.\",\"url\":\"https:\\\/\\\/candas365.es\\\/noticias\\\/\",\"email\":\"info@candas365.es\",\"telephone\":\"+34652131393\",\"foundingDate\":\"2012-06-10\",\"logo\":{\"@type\":\"ImageObject\",\"url\":\"https:\\\/\\\/candas365.es\\\/noticias\\\/wp-content\\\/uploads\\\/2024\\\/09\\\/Candas-365-Redes.jpg\",\"@id\":\"https:\\\/\\\/candas365.es\\\/noticias\\\/proponen-sanciones-por-fallos-de-seguridad-en-mina-miura\\\/#organizationLogo\",\"width\":1152,\"height\":864,\"caption\":\"Cand\\u00e1s 365 Redes\"},\"image\":{\"@id\":\"https:\\\/\\\/candas365.es\\\/noticias\\\/proponen-sanciones-por-fallos-de-seguridad-en-mina-miura\\\/#organizationLogo\"},\"sameAs\":[\"https:\\\/\\\/www.facebook.com\\\/Nachofdezber\",\"https:\\\/\\\/x.com\\\/NabercoDigital\",\"https:\\\/\\\/www.instagram.com\\\/nachofdezber\\\/\",\"https:\\\/\\\/www.youtube.com\\\/channel\\\/UCZP-2wLEB9Rv6erhFmqVnvg\"],\"address\":{\"@id\":\"https:\\\/\\\/candas365.es\\\/noticias\\\/#postaladdress\",\"@type\":\"PostalAddress\",\"streetAddress\":\"san antonio 4, san antonio 4\",\"postalCode\":\"33430\",\"addressLocality\":\"Cand\\u00e1s\",\"addressRegion\":\"Asturias\",\"addressCountry\":\"ES\"}},{\"@type\":\"Person\",\"@id\":\"https:\\\/\\\/candas365.es\\\/noticias\\\/author\\\/admin\\\/#author\",\"url\":\"https:\\\/\\\/candas365.es\\\/noticias\\\/author\\\/admin\\\/\",\"name\":\"Cand\\u00e1s 365\",\"image\":{\"@type\":\"ImageObject\",\"@id\":\"https:\\\/\\\/candas365.es\\\/noticias\\\/proponen-sanciones-por-fallos-de-seguridad-en-mina-miura\\\/#authorImage\",\"url\":\"https:\\\/\\\/secure.gravatar.com\\\/avatar\\\/496a8e03d0c493ede1718b7934145dbdf8d89be1036b0eec9544e1094c9de390?s=96&d=mm&r=g\",\"width\":96,\"height\":96,\"caption\":\"Cand\\u00e1s 365\"},\"sameAs\":[\"https:\\\/\\\/www.facebook.com\\\/carrenoactualidad\",\"https:\\\/\\\/twitter.com\\\/nbasturias\",\"https:\\\/\\\/www.instagram.com\\\/nachofdezber\\\/\",\"https:\\\/\\\/www.youtube.com\\\/channel\\\/UCZP-2wLEB9Rv6erhFmqVnvg\"]},{\"@type\":\"WebPage\",\"@id\":\"https:\\\/\\\/candas365.es\\\/noticias\\\/proponen-sanciones-por-fallos-de-seguridad-en-mina-miura\\\/#webpage\",\"url\":\"https:\\\/\\\/candas365.es\\\/noticias\\\/proponen-sanciones-por-fallos-de-seguridad-en-mina-miura\\\/\",\"name\":\"Proponen sanciones por fallos de seguridad en Mina Miura | Cand\\u00e1s 365\",\"description\":\"El Servicio de Minas propone sancionar a la empresa de Mina Miura, en Ibias, y a su director facultativo por incumplimientos en seguridad minera, tras detectar\",\"inLanguage\":\"es-ES\",\"isPartOf\":{\"@id\":\"https:\\\/\\\/candas365.es\\\/noticias\\\/#website\"},\"breadcrumb\":{\"@id\":\"https:\\\/\\\/candas365.es\\\/noticias\\\/proponen-sanciones-por-fallos-de-seguridad-en-mina-miura\\\/#breadcrumblist\"},\"author\":{\"@id\":\"https:\\\/\\\/candas365.es\\\/noticias\\\/author\\\/admin\\\/#author\"},\"creator\":{\"@id\":\"https:\\\/\\\/candas365.es\\\/noticias\\\/author\\\/admin\\\/#author\"},\"image\":{\"@type\":\"ImageObject\",\"url\":\"https:\\\/\\\/candas365.es\\\/noticias\\\/wp-content\\\/uploads\\\/2026\\\/04\\\/Proponen-sanciones-por-fallos-de-seguridad-en-Mina-Miura.jpg\",\"@id\":\"https:\\\/\\\/candas365.es\\\/noticias\\\/proponen-sanciones-por-fallos-de-seguridad-en-mina-miura\\\/#mainImage\",\"width\":1188,\"height\":650,\"caption\":\"Foto: Prensa Gobierno de Asturias\"},\"primaryImageOfPage\":{\"@id\":\"https:\\\/\\\/candas365.es\\\/noticias\\\/proponen-sanciones-por-fallos-de-seguridad-en-mina-miura\\\/#mainImage\"},\"datePublished\":\"2026-04-30T14:08:15+02:00\",\"dateModified\":\"2026-04-30T14:08:15+02:00\"},{\"@type\":\"WebSite\",\"@id\":\"https:\\\/\\\/candas365.es\\\/noticias\\\/#website\",\"url\":\"https:\\\/\\\/candas365.es\\\/noticias\\\/\",\"name\":\"Cand\\u00e1s 365\",\"alternateName\":\"Cand\\u00e1s 365 Noticias\",\"description\":\"Actualidad desde Carre\\u00f1o para el mundo\",\"inLanguage\":\"es-ES\",\"publisher\":{\"@id\":\"https:\\\/\\\/candas365.es\\\/noticias\\\/#organization\"}}]}\n\t\t<\/script>\n\t\t<!-- All in One SEO Pro -->\r\n\t\t<title>Proponen sanciones por fallos de seguridad en Mina Miura | Cand\u00e1s 365<\/title>\n\n","aioseo_head_json":{"title":"Proponen sanciones por fallos de seguridad en Mina Miura | Cand\u00e1s 365","description":"El Servicio de Minas propone sancionar a la empresa de Mina Miura, en Ibias, y a su director facultativo por incumplimientos en seguridad minera, tras detectar","canonical_url":"https:\/\/candas365.es\/noticias\/proponen-sanciones-por-fallos-de-seguridad-en-mina-miura\/","robots":"max-image-preview:large","keywords":"asturias","webmasterTools":{"google-site-verification":"UA-32230408-1","msvalidate.01":"354F3CDFB2DA171B47FBE9ABF1F88D5","miscellaneous":""},"schema":{"@context":"https:\/\/schema.org","@graph":[{"@type":"BreadcrumbList","@id":"https:\/\/candas365.es\/noticias\/proponen-sanciones-por-fallos-de-seguridad-en-mina-miura\/#breadcrumblist","itemListElement":[{"@type":"ListItem","@id":"https:\/\/candas365.es\/noticias#listItem","position":1,"name":"Home","item":"https:\/\/candas365.es\/noticias","nextItem":{"@type":"ListItem","@id":"https:\/\/candas365.es\/noticias\/category\/asturias\/#listItem","name":"Asturias"}},{"@type":"ListItem","@id":"https:\/\/candas365.es\/noticias\/category\/asturias\/#listItem","position":2,"name":"Asturias","item":"https:\/\/candas365.es\/noticias\/category\/asturias\/","nextItem":{"@type":"ListItem","@id":"https:\/\/candas365.es\/noticias\/proponen-sanciones-por-fallos-de-seguridad-en-mina-miura\/#listItem","name":"Proponen sanciones por fallos de seguridad en Mina Miura"},"previousItem":{"@type":"ListItem","@id":"https:\/\/candas365.es\/noticias#listItem","name":"Home"}},{"@type":"ListItem","@id":"https:\/\/candas365.es\/noticias\/proponen-sanciones-por-fallos-de-seguridad-en-mina-miura\/#listItem","position":3,"name":"Proponen sanciones por fallos de seguridad en Mina Miura","previousItem":{"@type":"ListItem","@id":"https:\/\/candas365.es\/noticias\/category\/asturias\/#listItem","name":"Asturias"}}]},{"@type":"NewsArticle","@id":"https:\/\/candas365.es\/noticias\/proponen-sanciones-por-fallos-de-seguridad-en-mina-miura\/#newsarticle","name":"Proponen sanciones por fallos de seguridad en Mina Miura | Cand\u00e1s 365","headline":"Proponen sanciones por fallos de seguridad en Mina Miura","author":{"@id":"https:\/\/candas365.es\/noticias\/author\/admin\/#author"},"publisher":{"@id":"https:\/\/candas365.es\/noticias\/#organization"},"image":{"@type":"ImageObject","url":"https:\/\/candas365.es\/noticias\/wp-content\/uploads\/2026\/04\/Proponen-sanciones-por-fallos-de-seguridad-en-Mina-Miura.jpg","width":1188,"height":650,"caption":"Foto: Prensa Gobierno de Asturias"},"datePublished":"2026-04-30T14:08:15+02:00","dateModified":"2026-04-30T14:08:15+02:00","inLanguage":"es-ES","mainEntityOfPage":{"@id":"https:\/\/candas365.es\/noticias\/proponen-sanciones-por-fallos-de-seguridad-en-mina-miura\/#webpage"},"isPartOf":{"@id":"https:\/\/candas365.es\/noticias\/proponen-sanciones-por-fallos-de-seguridad-en-mina-miura\/#webpage"},"articleSection":"Asturias, Asturias","dateline":"Publicado el abril 30, 2026."},{"@type":"Organization","@id":"https:\/\/candas365.es\/noticias\/#organization","name":"Cand\u00e1s 365","description":"Cand\u00e1s 365 es un diario digital independiente, fundado en 2012, con base en Asturias. Informamos con rigor sobre actualidad, sociedad, cultura y ocio, con una mirada local y global.","url":"https:\/\/candas365.es\/noticias\/","email":"info@candas365.es","telephone":"+34652131393","foundingDate":"2012-06-10","logo":{"@type":"ImageObject","url":"https:\/\/candas365.es\/noticias\/wp-content\/uploads\/2024\/09\/Candas-365-Redes.jpg","@id":"https:\/\/candas365.es\/noticias\/proponen-sanciones-por-fallos-de-seguridad-en-mina-miura\/#organizationLogo","width":1152,"height":864,"caption":"Cand\u00e1s 365 Redes"},"image":{"@id":"https:\/\/candas365.es\/noticias\/proponen-sanciones-por-fallos-de-seguridad-en-mina-miura\/#organizationLogo"},"sameAs":["https:\/\/www.facebook.com\/Nachofdezber","https:\/\/x.com\/NabercoDigital","https:\/\/www.instagram.com\/nachofdezber\/","https:\/\/www.youtube.com\/channel\/UCZP-2wLEB9Rv6erhFmqVnvg"],"address":{"@id":"https:\/\/candas365.es\/noticias\/#postaladdress","@type":"PostalAddress","streetAddress":"san antonio 4, san antonio 4","postalCode":"33430","addressLocality":"Cand\u00e1s","addressRegion":"Asturias","addressCountry":"ES"}},{"@type":"Person","@id":"https:\/\/candas365.es\/noticias\/author\/admin\/#author","url":"https:\/\/candas365.es\/noticias\/author\/admin\/","name":"Cand\u00e1s 365","image":{"@type":"ImageObject","@id":"https:\/\/candas365.es\/noticias\/proponen-sanciones-por-fallos-de-seguridad-en-mina-miura\/#authorImage","url":"https:\/\/secure.gravatar.com\/avatar\/496a8e03d0c493ede1718b7934145dbdf8d89be1036b0eec9544e1094c9de390?s=96&d=mm&r=g","width":96,"height":96,"caption":"Cand\u00e1s 365"},"sameAs":["https:\/\/www.facebook.com\/carrenoactualidad","https:\/\/twitter.com\/nbasturias","https:\/\/www.instagram.com\/nachofdezber\/","https:\/\/www.youtube.com\/channel\/UCZP-2wLEB9Rv6erhFmqVnvg"]},{"@type":"WebPage","@id":"https:\/\/candas365.es\/noticias\/proponen-sanciones-por-fallos-de-seguridad-en-mina-miura\/#webpage","url":"https:\/\/candas365.es\/noticias\/proponen-sanciones-por-fallos-de-seguridad-en-mina-miura\/","name":"Proponen sanciones por fallos de seguridad en Mina Miura | Cand\u00e1s 365","description":"El Servicio de Minas propone sancionar a la empresa de Mina Miura, en Ibias, y a su director facultativo por incumplimientos en seguridad minera, tras detectar","inLanguage":"es-ES","isPartOf":{"@id":"https:\/\/candas365.es\/noticias\/#website"},"breadcrumb":{"@id":"https:\/\/candas365.es\/noticias\/proponen-sanciones-por-fallos-de-seguridad-en-mina-miura\/#breadcrumblist"},"author":{"@id":"https:\/\/candas365.es\/noticias\/author\/admin\/#author"},"creator":{"@id":"https:\/\/candas365.es\/noticias\/author\/admin\/#author"},"image":{"@type":"ImageObject","url":"https:\/\/candas365.es\/noticias\/wp-content\/uploads\/2026\/04\/Proponen-sanciones-por-fallos-de-seguridad-en-Mina-Miura.jpg","@id":"https:\/\/candas365.es\/noticias\/proponen-sanciones-por-fallos-de-seguridad-en-mina-miura\/#mainImage","width":1188,"height":650,"caption":"Foto: Prensa Gobierno de Asturias"},"primaryImageOfPage":{"@id":"https:\/\/candas365.es\/noticias\/proponen-sanciones-por-fallos-de-seguridad-en-mina-miura\/#mainImage"},"datePublished":"2026-04-30T14:08:15+02:00","dateModified":"2026-04-30T14:08:15+02:00"},{"@type":"WebSite","@id":"https:\/\/candas365.es\/noticias\/#website","url":"https:\/\/candas365.es\/noticias\/","name":"Cand\u00e1s 365","alternateName":"Cand\u00e1s 365 Noticias","description":"Actualidad desde Carre\u00f1o para el mundo","inLanguage":"es-ES","publisher":{"@id":"https:\/\/candas365.es\/noticias\/#organization"}}]},"og:locale":"es_ES","og:site_name":"Cand\u00e1s 365","og:type":"article","og:title":"Proponen sanciones por fallos de seguridad en Mina Miura | Cand\u00e1s 365","og:description":"El Servicio de Minas propone sancionar a la empresa de Mina Miura, en Ibias, y a su director facultativo por incumplimientos en seguridad minera, tras detectar","og:url":"https:\/\/candas365.es\/noticias\/proponen-sanciones-por-fallos-de-seguridad-en-mina-miura\/","og:image":"https:\/\/candas365.es\/noticias\/wp-content\/uploads\/2026\/04\/Proponen-sanciones-por-fallos-de-seguridad-en-Mina-Miura.jpg","og:image:secure_url":"https:\/\/candas365.es\/noticias\/wp-content\/uploads\/2026\/04\/Proponen-sanciones-por-fallos-de-seguridad-en-Mina-Miura.jpg","og:image:width":1188,"og:image:height":650,"article:published_time":"2026-04-30T12:08:15+00:00","article:modified_time":"2026-04-30T12:08:15+00:00","article:publisher":"https:\/\/www.facebook.com\/Nachofdezber","article:author":"https:\/\/www.facebook.com\/carrenoactualidad","twitter:card":"summary_large_image","twitter:site":"@NabercoDigital","twitter:title":"Proponen sanciones por fallos de seguridad en Mina Miura | Cand\u00e1s 365","twitter:description":"El Servicio de Minas propone sancionar a la empresa de Mina Miura, en Ibias, y a su director facultativo por incumplimientos en seguridad minera, tras detectar","twitter:creator":"@nbasturias","twitter:image":"https:\/\/candas365.es\/noticias\/wp-content\/uploads\/2026\/04\/Proponen-sanciones-por-fallos-de-seguridad-en-Mina-Miura.jpg","twitter:label1":"Escrito por","twitter:data1":"Cand\u00e1s 365","twitter:label2":"Tiempo de lectura estimado","twitter:data2":"2 minutos"},"aioseo_meta_data":{"post_id":"194402","title":null,"description":"El Servicio de Minas propone sancionar a la empresa de Mina Miura, en Ibias, y a su director facultativo por incumplimientos en seguridad minera, tras detectar","keywords":null,"keyphrases":{"focus":{"keyphrase":"Mina Miura","score":100,"analysis":{"keyphraseInTitle":{"score":9,"maxScore":9,"error":0},"keyphraseInDescription":{"score":9,"maxScore":9,"error":0},"keyphraseLength":{"score":9,"maxScore":9,"error":0,"length":2},"keyphraseInURL":{"score":5,"maxScore":5,"error":0},"keyphraseInIntroduction":{"score":9,"maxScore":9,"error":0},"keyphraseInSubHeadings":[],"keyphraseInImageAlt":{"score":9,"maxScore":9,"error":0},"keywordDensity":{"type":"best","score":9,"maxScore":9,"error":0}}},"additional":[{"keyphrase":"Mina Miura","score":100,"analysis":{"keyphraseInDescription":{"score":9,"maxScore":9,"error":0},"keyphraseLength":{"score":9,"maxScore":9,"error":0,"length":2},"keyphraseInIntroduction":{"score":9,"maxScore":9,"error":0},"keyphraseInImageAlt":{"score":9,"maxScore":9,"error":0},"keywordDensity":{"type":"best","score":9,"maxScore":9,"error":0}}}]},"primary_term":null,"canonical_url":null,"og_title":null,"og_description":null,"og_object_type":"default","og_image_type":"default","og_image_url":null,"og_image_width":null,"og_image_height":null,"og_image_custom_url":null,"og_image_custom_fields":null,"og_video":"","og_custom_url":null,"og_article_section":null,"og_article_tags":null,"twitter_use_og":false,"twitter_card":"default","twitter_image_type":"default","twitter_image_url":null,"twitter_image_custom_url":null,"twitter_image_custom_fields":null,"twitter_title":null,"twitter_description":null,"schema":{"blockGraphs":[],"customGraphs":[],"default":{"data":{"Article":[],"Course":[],"Dataset":[],"FAQPage":[],"Movie":[],"Person":[],"Product":[],"ProductReview":[],"Car":[],"Recipe":[],"Service":[],"SoftwareApplication":[],"WebPage":[]},"graphName":"NewsArticle","isEnabled":true},"graphs":[]},"schema_type":"default","schema_type_options":null,"pillar_content":false,"robots_default":true,"robots_noindex":false,"robots_noarchive":false,"robots_nosnippet":false,"robots_nofollow":false,"robots_noimageindex":false,"robots_noodp":false,"robots_notranslate":false,"robots_max_snippet":"-1","robots_max_videopreview":"-1","robots_max_imagepreview":"large","priority":null,"frequency":"default","location":null,"local_seo":null,"seo_analyzer_scan_date":"2026-04-30 12:41:06","breadcrumb_settings":null,"limit_modified_date":false,"reviewed_by":"0","open_ai":null,"ai":{"faqs":[],"keyPoints":[],"schemas":[],"titles":[],"descriptions":[],"socialPosts":{"email":[],"linkedin":[],"twitter":[],"facebook":[],"instagram":[]}},"created":"2026-04-30 12:02:00","updated":"2026-04-30 12:41:26"},"aioseo_breadcrumb":"<div class=\"aioseo-breadcrumbs\"><span class=\"aioseo-breadcrumb\">\n\t<a href=\"https:\/\/candas365.es\/noticias\" title=\"Home\">Home<\/a>\n<\/span><span class=\"aioseo-breadcrumb-separator\">&ndash;<\/span><span class=\"aioseo-breadcrumb\">\n\t<a href=\"https:\/\/candas365.es\/noticias\/category\/asturias\/\" title=\"Asturias\">Asturias<\/a>\n<\/span><span class=\"aioseo-breadcrumb-separator\">&ndash;<\/span><span class=\"aioseo-breadcrumb\">\n\tProponen sanciones por fallos de seguridad en Mina Miura\n<\/span><\/div>","aioseo_breadcrumb_json":[{"label":"Home","link":"https:\/\/candas365.es\/noticias"},{"label":"Asturias","link":"https:\/\/candas365.es\/noticias\/category\/asturias\/"},{"label":"Proponen sanciones por fallos de seguridad en Mina Miura","link":"https:\/\/candas365.es\/noticias\/proponen-sanciones-por-fallos-de-seguridad-en-mina-miura\/"}],"_links":{"self":[{"href":"https:\/\/candas365.es\/noticias\/wp-json\/wp\/v2\/posts\/194402","targetHints":{"allow":["GET"]}}],"collection":[{"href":"https:\/\/candas365.es\/noticias\/wp-json\/wp\/v2\/posts"}],"about":[{"href":"https:\/\/candas365.es\/noticias\/wp-json\/wp\/v2\/types\/post"}],"author":[{"embeddable":true,"href":"https:\/\/candas365.es\/noticias\/wp-json\/wp\/v2\/users\/1"}],"replies":[{"embeddable":true,"href":"https:\/\/candas365.es\/noticias\/wp-json\/wp\/v2\/comments?post=194402"}],"version-history":[{"count":1,"href":"https:\/\/candas365.es\/noticias\/wp-json\/wp\/v2\/posts\/194402\/revisions"}],"predecessor-version":[{"id":194404,"href":"https:\/\/candas365.es\/noticias\/wp-json\/wp\/v2\/posts\/194402\/revisions\/194404"}],"wp:featuredmedia":[{"embeddable":true,"href":"https:\/\/candas365.es\/noticias\/wp-json\/wp\/v2\/media\/194403"}],"wp:attachment":[{"href":"https:\/\/candas365.es\/noticias\/wp-json\/wp\/v2\/media?parent=194402"}],"wp:term":[{"taxonomy":"category","embeddable":true,"href":"https:\/\/candas365.es\/noticias\/wp-json\/wp\/v2\/categories?post=194402"},{"taxonomy":"post_tag","embeddable":true,"href":"https:\/\/candas365.es\/noticias\/wp-json\/wp\/v2\/tags?post=194402"}],"curies":[{"name":"wp","href":"https:\/\/api.w.org\/{rel}","templated":true}]}}