{"id":194396,"date":"2026-04-30T13:53:30","date_gmt":"2026-04-30T11:53:30","guid":{"rendered":"https:\/\/candas365.es\/noticias\/?p=194396"},"modified":"2026-04-30T13:53:30","modified_gmt":"2026-04-30T11:53:30","slug":"el-festival-de-la-mascara-iberica-llega-a-asturias","status":"publish","type":"post","link":"https:\/\/candas365.es\/noticias\/el-festival-de-la-mascara-iberica-llega-a-asturias\/","title":{"rendered":"El Festival de la M\u00e1scara Ib\u00e9rica llega a Asturias"},"content":{"rendered":"<p>El Festival Internacional de la M\u00e1scara Ib\u00e9rica se celebrar\u00e1 por primera vez <a href=\"https:\/\/candas365.es\/noticias\/category\/agenda\/\"><span style=\"color: #ff6600;\"><strong>en Asturias del 12 al 20 de junio<\/strong><\/span><\/a>, con actividades en varios concejos y un gran desfile en Oviedo con cientos de participantes.<\/p>\n<figure id=\"attachment_194397\" aria-describedby=\"caption-attachment-194397\" style=\"width: 650px\" class=\"wp-caption aligncenter\"><img fetchpriority=\"high\" decoding=\"async\" class=\"size-large wp-image-194397\" src=\"https:\/\/candas365.es\/noticias\/wp-content\/uploads\/2026\/04\/El-Festival-de-la-Mascara-Iberica-llega-a-Asturias-650x362.jpg\" alt=\"El Festival de la M\u00e1scara Ib\u00e9rica llega a Asturias\" width=\"650\" height=\"362\" srcset=\"https:\/\/candas365.es\/noticias\/wp-content\/uploads\/2026\/04\/El-Festival-de-la-Mascara-Iberica-llega-a-Asturias-650x362.jpg 650w, https:\/\/candas365.es\/noticias\/wp-content\/uploads\/2026\/04\/El-Festival-de-la-Mascara-Iberica-llega-a-Asturias-360x201.jpg 360w, https:\/\/candas365.es\/noticias\/wp-content\/uploads\/2026\/04\/El-Festival-de-la-Mascara-Iberica-llega-a-Asturias-768x428.jpg 768w, https:\/\/candas365.es\/noticias\/wp-content\/uploads\/2026\/04\/El-Festival-de-la-Mascara-Iberica-llega-a-Asturias-150x84.jpg 150w, https:\/\/candas365.es\/noticias\/wp-content\/uploads\/2026\/04\/El-Festival-de-la-Mascara-Iberica-llega-a-Asturias-450x251.jpg 450w, https:\/\/candas365.es\/noticias\/wp-content\/uploads\/2026\/04\/El-Festival-de-la-Mascara-Iberica-llega-a-Asturias-1200x669.jpg 1200w, https:\/\/candas365.es\/noticias\/wp-content\/uploads\/2026\/04\/El-Festival-de-la-Mascara-Iberica-llega-a-Asturias.jpg 1251w\" sizes=\"(max-width: 650px) 100vw, 650px\" \/><figcaption id=\"caption-attachment-194397\" class=\"wp-caption-text\">Foto: Prensa Principado de Asturias<\/figcaption><\/figure>\n<p data-start=\"383\" data-end=\"876\">La consejera de Cultura, Pol\u00edtica Lling\u00fc\u00edstica y Deporte del <a href=\"https:\/\/actualidad.asturias.es\/\" target=\"_blank\" rel=\"noopener\"><span style=\"color: #ff6600;\"><strong>Principado<\/strong><\/span><\/a>, Vanessa Guti\u00e9rrez, ha presentado en el Museo Arqueol\u00f3gico de Asturias la programaci\u00f3n del <strong>XVIII Festival Internacional de la M\u00e1scara Ib\u00e9rica<\/strong> (FIMI), que se celebrar\u00e1 en Asturias del 12 al 20 de junio. En el acto ha estado acompa\u00f1ada por representantes de la organizaci\u00f3n portuguesa promotora del evento y colectivos de mazcaraes asturianas, protagonistas y depositarios de una tradici\u00f3n que sigue viva gracias a su compromiso.<\/p>\n<p data-start=\"880\" data-end=\"1276\">Esta edici\u00f3n tiene un valor especialmente significativo: por primera vez desde su creaci\u00f3n en 2006, el festival sale de Portugal para celebrarse en Asturias. Este hito reconoce un recorrido compartido durante a\u00f1os, en el que numerosos colectivos regionales han participado activamente para consolidar el FIMI como un espacio de encuentro, intercambio y promoci\u00f3n internacional de las tradiciones.<\/p>\n<p data-start=\"1280\" data-end=\"1902\">Cultura impulsa y financia esta edici\u00f3n con el objetivo de avanzar en la protecci\u00f3n y la difusi\u00f3n del patrimonio cultural inmaterial, al tiempo que refuerza la posici\u00f3n de Asturias como territorio de referencia en torno a las mascaradas tradicionales. El festival coincide, adem\u00e1s, con un momento especialmente relevante, el inicio del proceso para la declaraci\u00f3n del conjunto de las mascaradas de invierno de Asturias como bien de inter\u00e9s cultural (BIC) de car\u00e1cter inmaterial. Este paso se orienta a garantizar su protecci\u00f3n y transmisi\u00f3n, pero tambi\u00e9n a reconocer su valor como parte esencial de la identidad colectiva.<\/p>\n<p data-start=\"1906\" data-end=\"2170\">El FIMI tendr\u00e1 en esta ocasi\u00f3n un car\u00e1cter descentralizado y se desplegar\u00e1 por distintos concejos y espacios culturales, especialmente aquellos territorios en los que las mascaradas siguen vivas, conectando tradici\u00f3n, investigaci\u00f3n y creaci\u00f3n en un mismo programa.<\/p>\n<p data-start=\"2174\" data-end=\"2411\">El festival se abrir\u00e1 el 12 de junio con el concierto inaugural en el Auditorio Pr\u00edncipe Felipe de Oviedo\/Uvi\u00e9u, a cargo de Felpeyu, y el homenaje a Kepa Junkera, que contar\u00e1 con la participaci\u00f3n del m\u00fasico portugu\u00e9s Miguel Carvalhinho.<\/p>\n<p data-start=\"2415\" data-end=\"2725\">El programa general integra divulgaci\u00f3n, reflexi\u00f3n y creaci\u00f3n. Para ello, aborda el fen\u00f3meno de la mascarada desde m\u00faltiples perspectivas (antropol\u00f3gica, art\u00edstica y social), en di\u00e1logo constante con el contexto ib\u00e9rico y europeo, y que refuerza el v\u00ednculo entre las tradiciones y los espacios de conocimiento.<\/p>\n<h1 data-section-id=\"19o0fag\" data-start=\"2729\" data-end=\"2753\">Un desfile hist\u00f3rico<\/h1>\n<p data-start=\"2757\" data-end=\"2970\">El momento central del festival ser\u00e1 el gran desfile internacional del 20 de junio en <a href=\"https:\/\/eldigitaldeasturias.com\/radio\/category\/concejos-asturias\/\" target=\"_blank\" rel=\"noopener\"><span style=\"color: #ff6600;\"><strong>Oviedo\/Uvi\u00e9u<\/strong><\/span><\/a>, que reunir\u00e1 a cerca de 600 participantes y m\u00e1s de 30 grupos de toda la pen\u00ednsula Ib\u00e9rica y otros pa\u00edses europeos.<\/p>\n<p data-start=\"2974\" data-end=\"3350\">Por primera vez, el desfile contar\u00e1 con representaci\u00f3n de todos los pa\u00edses de la pen\u00ednsula Ib\u00e9rica, tras la incorporaci\u00f3n de un grupo de Andorra, que se suma a las delegaciones de Espa\u00f1a y Portugal. Junto con ellas, participar\u00e1n tambi\u00e9n grupos de Galicia, Castilla-La Mancha, Castilla y Le\u00f3n, Cantabria, Extremadura y representantes de Bulgaria, Grecia y Ruman\u00eda, entre otros.<\/p>\n<p data-start=\"3354\" data-end=\"3563\" data-is-last-node=\"\" data-is-only-node=\"\">La parada mostrar\u00e1 la diversidad y vitalidad de estas tradiciones y se configurar\u00e1 como espacio de encuentro en el que manifestaciones de fuerte arraigo local dialogan entre s\u00ed y conforman un patrimonio com\u00fan.<\/p>\n","protected":false},"excerpt":{"rendered":"<p>El Festival Internacional de la M\u00e1scara Ib\u00e9rica se celebrar\u00e1 por primera vez en Asturias del 12 al 20 de junio, con actividades en varios concejos y un gran desfile en Oviedo con cientos de participantes. La consejera de Cultura, Pol\u00edtica Lling\u00fc\u00edstica y Deporte del Principado, Vanessa Guti\u00e9rrez, ha presentado en el Museo Arqueol\u00f3gico de Asturias<\/p>\n","protected":false},"author":1,"featured_media":194397,"comment_status":"closed","ping_status":"closed","sticky":false,"template":"","format":"standard","meta":{"footnotes":""},"categories":[1],"tags":[380,430],"class_list":{"0":"post-194396","1":"post","2":"type-post","3":"status-publish","4":"format-standard","5":"has-post-thumbnail","7":"category-agenda","8":"tag-asturias","9":"tag-cultura"},"aioseo_notices":[],"aioseo_head":"\n\t\t<!-- All in One SEO Pro 4.9.6.2 - aioseo.com -->\n\t<meta name=\"description\" content=\"El Festival Internacional de la M\u00e1scara Ib\u00e9rica se celebrar\u00e1 por primera vez en Asturias del 12 al 20 de junio, con actividades en varios concejos\" \/>\n\t<meta name=\"robots\" content=\"max-image-preview:large\" \/>\n\t<meta name=\"author\" content=\"Cand\u00e1s 365\"\/>\n\t<meta name=\"google-site-verification\" content=\"UA-32230408-1\" \/>\n\t<meta name=\"msvalidate.01\" content=\"354F3CDFB2DA171B47FBE9ABF1F88D5\" \/>\n\t<meta name=\"keywords\" content=\"agenda\" \/>\n\t<link rel=\"canonical\" href=\"https:\/\/candas365.es\/noticias\/el-festival-de-la-mascara-iberica-llega-a-asturias\/\" \/>\n\t<meta name=\"generator\" content=\"All in One SEO Pro (AIOSEO) 4.9.6.2\" \/>\n\t\t<meta property=\"og:locale\" content=\"es_ES\" \/>\n\t\t<meta property=\"og:site_name\" content=\"Cand\u00e1s 365\" \/>\n\t\t<meta property=\"og:type\" content=\"article\" \/>\n\t\t<meta property=\"og:title\" content=\"El Festival de la M\u00e1scara Ib\u00e9rica llega a Asturias | Cand\u00e1s 365\" \/>\n\t\t<meta property=\"og:description\" content=\"El Festival Internacional de la M\u00e1scara Ib\u00e9rica se celebrar\u00e1 por primera vez en Asturias del 12 al 20 de junio, con actividades en varios concejos\" \/>\n\t\t<meta property=\"og:url\" content=\"https:\/\/candas365.es\/noticias\/el-festival-de-la-mascara-iberica-llega-a-asturias\/\" \/>\n\t\t<meta property=\"og:image\" content=\"https:\/\/candas365.es\/noticias\/wp-content\/uploads\/2026\/04\/El-Festival-de-la-Mascara-Iberica-llega-a-Asturias.jpg\" \/>\n\t\t<meta property=\"og:image:secure_url\" content=\"https:\/\/candas365.es\/noticias\/wp-content\/uploads\/2026\/04\/El-Festival-de-la-Mascara-Iberica-llega-a-Asturias.jpg\" \/>\n\t\t<meta property=\"og:image:width\" content=\"1251\" \/>\n\t\t<meta property=\"og:image:height\" content=\"697\" \/>\n\t\t<meta property=\"article:published_time\" content=\"2026-04-30T11:53:30+00:00\" \/>\n\t\t<meta property=\"article:modified_time\" content=\"2026-04-30T11:53:30+00:00\" \/>\n\t\t<meta property=\"article:publisher\" content=\"https:\/\/www.facebook.com\/Nachofdezber\" \/>\n\t\t<meta property=\"article:author\" content=\"https:\/\/www.facebook.com\/carrenoactualidad\" \/>\n\t\t<meta name=\"twitter:card\" content=\"summary_large_image\" \/>\n\t\t<meta name=\"twitter:site\" content=\"@NabercoDigital\" \/>\n\t\t<meta name=\"twitter:title\" content=\"El Festival de la M\u00e1scara Ib\u00e9rica llega a Asturias | Cand\u00e1s 365\" \/>\n\t\t<meta name=\"twitter:description\" content=\"El Festival Internacional de la M\u00e1scara Ib\u00e9rica se celebrar\u00e1 por primera vez en Asturias del 12 al 20 de junio, con actividades en varios concejos\" \/>\n\t\t<meta name=\"twitter:creator\" content=\"@nbasturias\" \/>\n\t\t<meta name=\"twitter:image\" content=\"https:\/\/candas365.es\/noticias\/wp-content\/uploads\/2026\/04\/El-Festival-de-la-Mascara-Iberica-llega-a-Asturias.jpg\" \/>\n\t\t<meta name=\"twitter:label1\" content=\"Escrito por\" \/>\n\t\t<meta name=\"twitter:data1\" content=\"Cand\u00e1s 365\" \/>\n\t\t<meta name=\"twitter:label2\" content=\"Tiempo de lectura estimado\" \/>\n\t\t<meta name=\"twitter:data2\" content=\"3 minutos\" \/>\n\t\t<script type=\"application\/ld+json\" class=\"aioseo-schema\">\n\t\t\t{\"@context\":\"https:\\\/\\\/schema.org\",\"@graph\":[{\"@type\":\"BreadcrumbList\",\"@id\":\"https:\\\/\\\/candas365.es\\\/noticias\\\/el-festival-de-la-mascara-iberica-llega-a-asturias\\\/#breadcrumblist\",\"itemListElement\":[{\"@type\":\"ListItem\",\"@id\":\"https:\\\/\\\/candas365.es\\\/noticias#listItem\",\"position\":1,\"name\":\"Home\",\"item\":\"https:\\\/\\\/candas365.es\\\/noticias\",\"nextItem\":{\"@type\":\"ListItem\",\"@id\":\"https:\\\/\\\/candas365.es\\\/noticias\\\/category\\\/agenda\\\/#listItem\",\"name\":\"Agenda\"}},{\"@type\":\"ListItem\",\"@id\":\"https:\\\/\\\/candas365.es\\\/noticias\\\/category\\\/agenda\\\/#listItem\",\"position\":2,\"name\":\"Agenda\",\"item\":\"https:\\\/\\\/candas365.es\\\/noticias\\\/category\\\/agenda\\\/\",\"nextItem\":{\"@type\":\"ListItem\",\"@id\":\"https:\\\/\\\/candas365.es\\\/noticias\\\/el-festival-de-la-mascara-iberica-llega-a-asturias\\\/#listItem\",\"name\":\"El Festival de la M\\u00e1scara Ib\\u00e9rica llega a Asturias\"},\"previousItem\":{\"@type\":\"ListItem\",\"@id\":\"https:\\\/\\\/candas365.es\\\/noticias#listItem\",\"name\":\"Home\"}},{\"@type\":\"ListItem\",\"@id\":\"https:\\\/\\\/candas365.es\\\/noticias\\\/el-festival-de-la-mascara-iberica-llega-a-asturias\\\/#listItem\",\"position\":3,\"name\":\"El Festival de la M\\u00e1scara Ib\\u00e9rica llega a Asturias\",\"previousItem\":{\"@type\":\"ListItem\",\"@id\":\"https:\\\/\\\/candas365.es\\\/noticias\\\/category\\\/agenda\\\/#listItem\",\"name\":\"Agenda\"}}]},{\"@type\":\"NewsArticle\",\"@id\":\"https:\\\/\\\/candas365.es\\\/noticias\\\/el-festival-de-la-mascara-iberica-llega-a-asturias\\\/#newsarticle\",\"name\":\"El Festival de la M\\u00e1scara Ib\\u00e9rica llega a Asturias | Cand\\u00e1s 365\",\"headline\":\"El Festival de la M\\u00e1scara Ib\\u00e9rica llega a Asturias\",\"author\":{\"@id\":\"https:\\\/\\\/candas365.es\\\/noticias\\\/author\\\/admin\\\/#author\"},\"publisher\":{\"@id\":\"https:\\\/\\\/candas365.es\\\/noticias\\\/#organization\"},\"image\":{\"@type\":\"ImageObject\",\"url\":\"https:\\\/\\\/candas365.es\\\/noticias\\\/wp-content\\\/uploads\\\/2026\\\/04\\\/El-Festival-de-la-Mascara-Iberica-llega-a-Asturias.jpg\",\"width\":1251,\"height\":697,\"caption\":\"Foto: Prensa Principado de Asturias\"},\"datePublished\":\"2026-04-30T13:53:30+02:00\",\"dateModified\":\"2026-04-30T13:53:30+02:00\",\"inLanguage\":\"es-ES\",\"mainEntityOfPage\":{\"@id\":\"https:\\\/\\\/candas365.es\\\/noticias\\\/el-festival-de-la-mascara-iberica-llega-a-asturias\\\/#webpage\"},\"isPartOf\":{\"@id\":\"https:\\\/\\\/candas365.es\\\/noticias\\\/el-festival-de-la-mascara-iberica-llega-a-asturias\\\/#webpage\"},\"articleSection\":\"Agenda, Asturias, cultura\",\"dateline\":\"Publicado el abril 30, 2026.\"},{\"@type\":\"Organization\",\"@id\":\"https:\\\/\\\/candas365.es\\\/noticias\\\/#organization\",\"name\":\"Cand\\u00e1s 365\",\"description\":\"Cand\\u00e1s 365 es un diario digital independiente, fundado en 2012, con base en Asturias. Informamos con rigor sobre actualidad, sociedad, cultura y ocio, con una mirada local y global.\",\"url\":\"https:\\\/\\\/candas365.es\\\/noticias\\\/\",\"email\":\"info@candas365.es\",\"telephone\":\"+34652131393\",\"foundingDate\":\"2012-06-10\",\"logo\":{\"@type\":\"ImageObject\",\"url\":\"https:\\\/\\\/candas365.es\\\/noticias\\\/wp-content\\\/uploads\\\/2024\\\/09\\\/Candas-365-Redes.jpg\",\"@id\":\"https:\\\/\\\/candas365.es\\\/noticias\\\/el-festival-de-la-mascara-iberica-llega-a-asturias\\\/#organizationLogo\",\"width\":1152,\"height\":864,\"caption\":\"Cand\\u00e1s 365 Redes\"},\"image\":{\"@id\":\"https:\\\/\\\/candas365.es\\\/noticias\\\/el-festival-de-la-mascara-iberica-llega-a-asturias\\\/#organizationLogo\"},\"sameAs\":[\"https:\\\/\\\/www.facebook.com\\\/Nachofdezber\",\"https:\\\/\\\/x.com\\\/NabercoDigital\",\"https:\\\/\\\/www.instagram.com\\\/nachofdezber\\\/\",\"https:\\\/\\\/www.youtube.com\\\/channel\\\/UCZP-2wLEB9Rv6erhFmqVnvg\"],\"address\":{\"@id\":\"https:\\\/\\\/candas365.es\\\/noticias\\\/#postaladdress\",\"@type\":\"PostalAddress\",\"streetAddress\":\"san antonio 4, san antonio 4\",\"postalCode\":\"33430\",\"addressLocality\":\"Cand\\u00e1s\",\"addressRegion\":\"Asturias\",\"addressCountry\":\"ES\"}},{\"@type\":\"Person\",\"@id\":\"https:\\\/\\\/candas365.es\\\/noticias\\\/author\\\/admin\\\/#author\",\"url\":\"https:\\\/\\\/candas365.es\\\/noticias\\\/author\\\/admin\\\/\",\"name\":\"Cand\\u00e1s 365\",\"image\":{\"@type\":\"ImageObject\",\"@id\":\"https:\\\/\\\/candas365.es\\\/noticias\\\/el-festival-de-la-mascara-iberica-llega-a-asturias\\\/#authorImage\",\"url\":\"https:\\\/\\\/secure.gravatar.com\\\/avatar\\\/496a8e03d0c493ede1718b7934145dbdf8d89be1036b0eec9544e1094c9de390?s=96&d=mm&r=g\",\"width\":96,\"height\":96,\"caption\":\"Cand\\u00e1s 365\"},\"sameAs\":[\"https:\\\/\\\/www.facebook.com\\\/carrenoactualidad\",\"https:\\\/\\\/twitter.com\\\/nbasturias\",\"https:\\\/\\\/www.instagram.com\\\/nachofdezber\\\/\",\"https:\\\/\\\/www.youtube.com\\\/channel\\\/UCZP-2wLEB9Rv6erhFmqVnvg\"]},{\"@type\":\"WebPage\",\"@id\":\"https:\\\/\\\/candas365.es\\\/noticias\\\/el-festival-de-la-mascara-iberica-llega-a-asturias\\\/#webpage\",\"url\":\"https:\\\/\\\/candas365.es\\\/noticias\\\/el-festival-de-la-mascara-iberica-llega-a-asturias\\\/\",\"name\":\"El Festival de la M\\u00e1scara Ib\\u00e9rica llega a Asturias | Cand\\u00e1s 365\",\"description\":\"El Festival Internacional de la M\\u00e1scara Ib\\u00e9rica se celebrar\\u00e1 por primera vez en Asturias del 12 al 20 de junio, con actividades en varios concejos\",\"inLanguage\":\"es-ES\",\"isPartOf\":{\"@id\":\"https:\\\/\\\/candas365.es\\\/noticias\\\/#website\"},\"breadcrumb\":{\"@id\":\"https:\\\/\\\/candas365.es\\\/noticias\\\/el-festival-de-la-mascara-iberica-llega-a-asturias\\\/#breadcrumblist\"},\"author\":{\"@id\":\"https:\\\/\\\/candas365.es\\\/noticias\\\/author\\\/admin\\\/#author\"},\"creator\":{\"@id\":\"https:\\\/\\\/candas365.es\\\/noticias\\\/author\\\/admin\\\/#author\"},\"image\":{\"@type\":\"ImageObject\",\"url\":\"https:\\\/\\\/candas365.es\\\/noticias\\\/wp-content\\\/uploads\\\/2026\\\/04\\\/El-Festival-de-la-Mascara-Iberica-llega-a-Asturias.jpg\",\"@id\":\"https:\\\/\\\/candas365.es\\\/noticias\\\/el-festival-de-la-mascara-iberica-llega-a-asturias\\\/#mainImage\",\"width\":1251,\"height\":697,\"caption\":\"Foto: Prensa Principado de Asturias\"},\"primaryImageOfPage\":{\"@id\":\"https:\\\/\\\/candas365.es\\\/noticias\\\/el-festival-de-la-mascara-iberica-llega-a-asturias\\\/#mainImage\"},\"datePublished\":\"2026-04-30T13:53:30+02:00\",\"dateModified\":\"2026-04-30T13:53:30+02:00\"},{\"@type\":\"WebSite\",\"@id\":\"https:\\\/\\\/candas365.es\\\/noticias\\\/#website\",\"url\":\"https:\\\/\\\/candas365.es\\\/noticias\\\/\",\"name\":\"Cand\\u00e1s 365\",\"alternateName\":\"Cand\\u00e1s 365 Noticias\",\"description\":\"Actualidad desde Carre\\u00f1o para el mundo\",\"inLanguage\":\"es-ES\",\"publisher\":{\"@id\":\"https:\\\/\\\/candas365.es\\\/noticias\\\/#organization\"}}]}\n\t\t<\/script>\n\t\t<!-- All in One SEO Pro -->\r\n\t\t<title>El Festival de la M\u00e1scara Ib\u00e9rica llega a Asturias | Cand\u00e1s 365<\/title>\n\n","aioseo_head_json":{"title":"El Festival de la M\u00e1scara Ib\u00e9rica llega a Asturias | Cand\u00e1s 365","description":"El Festival Internacional de la M\u00e1scara Ib\u00e9rica se celebrar\u00e1 por primera vez en Asturias del 12 al 20 de junio, con actividades en varios concejos","canonical_url":"https:\/\/candas365.es\/noticias\/el-festival-de-la-mascara-iberica-llega-a-asturias\/","robots":"max-image-preview:large","keywords":"agenda","webmasterTools":{"google-site-verification":"UA-32230408-1","msvalidate.01":"354F3CDFB2DA171B47FBE9ABF1F88D5","miscellaneous":""},"schema":{"@context":"https:\/\/schema.org","@graph":[{"@type":"BreadcrumbList","@id":"https:\/\/candas365.es\/noticias\/el-festival-de-la-mascara-iberica-llega-a-asturias\/#breadcrumblist","itemListElement":[{"@type":"ListItem","@id":"https:\/\/candas365.es\/noticias#listItem","position":1,"name":"Home","item":"https:\/\/candas365.es\/noticias","nextItem":{"@type":"ListItem","@id":"https:\/\/candas365.es\/noticias\/category\/agenda\/#listItem","name":"Agenda"}},{"@type":"ListItem","@id":"https:\/\/candas365.es\/noticias\/category\/agenda\/#listItem","position":2,"name":"Agenda","item":"https:\/\/candas365.es\/noticias\/category\/agenda\/","nextItem":{"@type":"ListItem","@id":"https:\/\/candas365.es\/noticias\/el-festival-de-la-mascara-iberica-llega-a-asturias\/#listItem","name":"El Festival de la M\u00e1scara Ib\u00e9rica llega a Asturias"},"previousItem":{"@type":"ListItem","@id":"https:\/\/candas365.es\/noticias#listItem","name":"Home"}},{"@type":"ListItem","@id":"https:\/\/candas365.es\/noticias\/el-festival-de-la-mascara-iberica-llega-a-asturias\/#listItem","position":3,"name":"El Festival de la M\u00e1scara Ib\u00e9rica llega a Asturias","previousItem":{"@type":"ListItem","@id":"https:\/\/candas365.es\/noticias\/category\/agenda\/#listItem","name":"Agenda"}}]},{"@type":"NewsArticle","@id":"https:\/\/candas365.es\/noticias\/el-festival-de-la-mascara-iberica-llega-a-asturias\/#newsarticle","name":"El Festival de la M\u00e1scara Ib\u00e9rica llega a Asturias | Cand\u00e1s 365","headline":"El Festival de la M\u00e1scara Ib\u00e9rica llega a Asturias","author":{"@id":"https:\/\/candas365.es\/noticias\/author\/admin\/#author"},"publisher":{"@id":"https:\/\/candas365.es\/noticias\/#organization"},"image":{"@type":"ImageObject","url":"https:\/\/candas365.es\/noticias\/wp-content\/uploads\/2026\/04\/El-Festival-de-la-Mascara-Iberica-llega-a-Asturias.jpg","width":1251,"height":697,"caption":"Foto: Prensa Principado de Asturias"},"datePublished":"2026-04-30T13:53:30+02:00","dateModified":"2026-04-30T13:53:30+02:00","inLanguage":"es-ES","mainEntityOfPage":{"@id":"https:\/\/candas365.es\/noticias\/el-festival-de-la-mascara-iberica-llega-a-asturias\/#webpage"},"isPartOf":{"@id":"https:\/\/candas365.es\/noticias\/el-festival-de-la-mascara-iberica-llega-a-asturias\/#webpage"},"articleSection":"Agenda, Asturias, cultura","dateline":"Publicado el abril 30, 2026."},{"@type":"Organization","@id":"https:\/\/candas365.es\/noticias\/#organization","name":"Cand\u00e1s 365","description":"Cand\u00e1s 365 es un diario digital independiente, fundado en 2012, con base en Asturias. Informamos con rigor sobre actualidad, sociedad, cultura y ocio, con una mirada local y global.","url":"https:\/\/candas365.es\/noticias\/","email":"info@candas365.es","telephone":"+34652131393","foundingDate":"2012-06-10","logo":{"@type":"ImageObject","url":"https:\/\/candas365.es\/noticias\/wp-content\/uploads\/2024\/09\/Candas-365-Redes.jpg","@id":"https:\/\/candas365.es\/noticias\/el-festival-de-la-mascara-iberica-llega-a-asturias\/#organizationLogo","width":1152,"height":864,"caption":"Cand\u00e1s 365 Redes"},"image":{"@id":"https:\/\/candas365.es\/noticias\/el-festival-de-la-mascara-iberica-llega-a-asturias\/#organizationLogo"},"sameAs":["https:\/\/www.facebook.com\/Nachofdezber","https:\/\/x.com\/NabercoDigital","https:\/\/www.instagram.com\/nachofdezber\/","https:\/\/www.youtube.com\/channel\/UCZP-2wLEB9Rv6erhFmqVnvg"],"address":{"@id":"https:\/\/candas365.es\/noticias\/#postaladdress","@type":"PostalAddress","streetAddress":"san antonio 4, san antonio 4","postalCode":"33430","addressLocality":"Cand\u00e1s","addressRegion":"Asturias","addressCountry":"ES"}},{"@type":"Person","@id":"https:\/\/candas365.es\/noticias\/author\/admin\/#author","url":"https:\/\/candas365.es\/noticias\/author\/admin\/","name":"Cand\u00e1s 365","image":{"@type":"ImageObject","@id":"https:\/\/candas365.es\/noticias\/el-festival-de-la-mascara-iberica-llega-a-asturias\/#authorImage","url":"https:\/\/secure.gravatar.com\/avatar\/496a8e03d0c493ede1718b7934145dbdf8d89be1036b0eec9544e1094c9de390?s=96&d=mm&r=g","width":96,"height":96,"caption":"Cand\u00e1s 365"},"sameAs":["https:\/\/www.facebook.com\/carrenoactualidad","https:\/\/twitter.com\/nbasturias","https:\/\/www.instagram.com\/nachofdezber\/","https:\/\/www.youtube.com\/channel\/UCZP-2wLEB9Rv6erhFmqVnvg"]},{"@type":"WebPage","@id":"https:\/\/candas365.es\/noticias\/el-festival-de-la-mascara-iberica-llega-a-asturias\/#webpage","url":"https:\/\/candas365.es\/noticias\/el-festival-de-la-mascara-iberica-llega-a-asturias\/","name":"El Festival de la M\u00e1scara Ib\u00e9rica llega a Asturias | Cand\u00e1s 365","description":"El Festival Internacional de la M\u00e1scara Ib\u00e9rica se celebrar\u00e1 por primera vez en Asturias del 12 al 20 de junio, con actividades en varios concejos","inLanguage":"es-ES","isPartOf":{"@id":"https:\/\/candas365.es\/noticias\/#website"},"breadcrumb":{"@id":"https:\/\/candas365.es\/noticias\/el-festival-de-la-mascara-iberica-llega-a-asturias\/#breadcrumblist"},"author":{"@id":"https:\/\/candas365.es\/noticias\/author\/admin\/#author"},"creator":{"@id":"https:\/\/candas365.es\/noticias\/author\/admin\/#author"},"image":{"@type":"ImageObject","url":"https:\/\/candas365.es\/noticias\/wp-content\/uploads\/2026\/04\/El-Festival-de-la-Mascara-Iberica-llega-a-Asturias.jpg","@id":"https:\/\/candas365.es\/noticias\/el-festival-de-la-mascara-iberica-llega-a-asturias\/#mainImage","width":1251,"height":697,"caption":"Foto: Prensa Principado de Asturias"},"primaryImageOfPage":{"@id":"https:\/\/candas365.es\/noticias\/el-festival-de-la-mascara-iberica-llega-a-asturias\/#mainImage"},"datePublished":"2026-04-30T13:53:30+02:00","dateModified":"2026-04-30T13:53:30+02:00"},{"@type":"WebSite","@id":"https:\/\/candas365.es\/noticias\/#website","url":"https:\/\/candas365.es\/noticias\/","name":"Cand\u00e1s 365","alternateName":"Cand\u00e1s 365 Noticias","description":"Actualidad desde Carre\u00f1o para el mundo","inLanguage":"es-ES","publisher":{"@id":"https:\/\/candas365.es\/noticias\/#organization"}}]},"og:locale":"es_ES","og:site_name":"Cand\u00e1s 365","og:type":"article","og:title":"El Festival de la M\u00e1scara Ib\u00e9rica llega a Asturias | Cand\u00e1s 365","og:description":"El Festival Internacional de la M\u00e1scara Ib\u00e9rica se celebrar\u00e1 por primera vez en Asturias del 12 al 20 de junio, con actividades en varios concejos","og:url":"https:\/\/candas365.es\/noticias\/el-festival-de-la-mascara-iberica-llega-a-asturias\/","og:image":"https:\/\/candas365.es\/noticias\/wp-content\/uploads\/2026\/04\/El-Festival-de-la-Mascara-Iberica-llega-a-Asturias.jpg","og:image:secure_url":"https:\/\/candas365.es\/noticias\/wp-content\/uploads\/2026\/04\/El-Festival-de-la-Mascara-Iberica-llega-a-Asturias.jpg","og:image:width":1251,"og:image:height":697,"article:published_time":"2026-04-30T11:53:30+00:00","article:modified_time":"2026-04-30T11:53:30+00:00","article:publisher":"https:\/\/www.facebook.com\/Nachofdezber","article:author":"https:\/\/www.facebook.com\/carrenoactualidad","twitter:card":"summary_large_image","twitter:site":"@NabercoDigital","twitter:title":"El Festival de la M\u00e1scara Ib\u00e9rica llega a Asturias | Cand\u00e1s 365","twitter:description":"El Festival Internacional de la M\u00e1scara Ib\u00e9rica se celebrar\u00e1 por primera vez en Asturias del 12 al 20 de junio, con actividades en varios concejos","twitter:creator":"@nbasturias","twitter:image":"https:\/\/candas365.es\/noticias\/wp-content\/uploads\/2026\/04\/El-Festival-de-la-Mascara-Iberica-llega-a-Asturias.jpg","twitter:label1":"Escrito por","twitter:data1":"Cand\u00e1s 365","twitter:label2":"Tiempo de lectura estimado","twitter:data2":"3 minutos"},"aioseo_meta_data":{"post_id":"194396","title":null,"description":"El Festival Internacional de la M\u00e1scara Ib\u00e9rica se celebrar\u00e1 por primera vez en Asturias del 12 al 20 de junio, con actividades en varios concejos","keywords":null,"keyphrases":{"focus":{"keyphrase":"Asturias","score":100,"analysis":{"keyphraseInTitle":{"score":9,"maxScore":9,"error":0},"keyphraseInDescription":{"score":9,"maxScore":9,"error":0},"keyphraseLength":{"score":9,"maxScore":9,"error":0,"length":1},"keyphraseInURL":{"score":5,"maxScore":5,"error":0},"keyphraseInIntroduction":{"score":9,"maxScore":9,"error":0},"keyphraseInSubHeadings":[],"keyphraseInImageAlt":{"score":9,"maxScore":9,"error":0},"keywordDensity":{"type":"best","score":9,"maxScore":9,"error":0}}},"additional":[{"keyphrase":"Festival","score":100,"analysis":{"keyphraseInDescription":{"score":9,"maxScore":9,"error":0},"keyphraseLength":{"score":9,"maxScore":9,"error":0,"length":1},"keyphraseInIntroduction":{"score":9,"maxScore":9,"error":0},"keyphraseInImageAlt":{"score":9,"maxScore":9,"error":0},"keywordDensity":{"type":"best","score":9,"maxScore":9,"error":0}}}]},"primary_term":null,"canonical_url":null,"og_title":null,"og_description":null,"og_object_type":"default","og_image_type":"default","og_image_url":null,"og_image_width":null,"og_image_height":null,"og_image_custom_url":null,"og_image_custom_fields":null,"og_video":"","og_custom_url":null,"og_article_section":null,"og_article_tags":null,"twitter_use_og":false,"twitter_card":"default","twitter_image_type":"default","twitter_image_url":null,"twitter_image_custom_url":null,"twitter_image_custom_fields":null,"twitter_title":null,"twitter_description":null,"schema":{"blockGraphs":[],"customGraphs":[],"default":{"data":{"Article":[],"Course":[],"Dataset":[],"FAQPage":[],"Movie":[],"Person":[],"Product":[],"ProductReview":[],"Car":[],"Recipe":[],"Service":[],"SoftwareApplication":[],"WebPage":[]},"graphName":"NewsArticle","isEnabled":true},"graphs":[]},"schema_type":"default","schema_type_options":null,"pillar_content":false,"robots_default":true,"robots_noindex":false,"robots_noarchive":false,"robots_nosnippet":false,"robots_nofollow":false,"robots_noimageindex":false,"robots_noodp":false,"robots_notranslate":false,"robots_max_snippet":"-1","robots_max_videopreview":"-1","robots_max_imagepreview":"large","priority":null,"frequency":"default","location":null,"local_seo":null,"seo_analyzer_scan_date":"2026-04-30 12:40:52","breadcrumb_settings":null,"limit_modified_date":false,"reviewed_by":"0","open_ai":null,"ai":{"faqs":[],"keyPoints":[],"schemas":[],"titles":[],"descriptions":[],"socialPosts":{"email":[],"linkedin":[],"twitter":[],"facebook":[],"instagram":[]}},"created":"2026-04-30 11:43:51","updated":"2026-04-30 12:41:25"},"aioseo_breadcrumb":"<div class=\"aioseo-breadcrumbs\"><span class=\"aioseo-breadcrumb\">\n\t<a href=\"https:\/\/candas365.es\/noticias\" title=\"Home\">Home<\/a>\n<\/span><span class=\"aioseo-breadcrumb-separator\">&ndash;<\/span><span class=\"aioseo-breadcrumb\">\n\t<a href=\"https:\/\/candas365.es\/noticias\/category\/agenda\/\" title=\"Agenda\">Agenda<\/a>\n<\/span><span class=\"aioseo-breadcrumb-separator\">&ndash;<\/span><span class=\"aioseo-breadcrumb\">\n\tEl Festival de la M\u00e1scara Ib\u00e9rica llega a Asturias\n<\/span><\/div>","aioseo_breadcrumb_json":[{"label":"Home","link":"https:\/\/candas365.es\/noticias"},{"label":"Agenda","link":"https:\/\/candas365.es\/noticias\/category\/agenda\/"},{"label":"El Festival de la M\u00e1scara Ib\u00e9rica llega a Asturias","link":"https:\/\/candas365.es\/noticias\/el-festival-de-la-mascara-iberica-llega-a-asturias\/"}],"_links":{"self":[{"href":"https:\/\/candas365.es\/noticias\/wp-json\/wp\/v2\/posts\/194396","targetHints":{"allow":["GET"]}}],"collection":[{"href":"https:\/\/candas365.es\/noticias\/wp-json\/wp\/v2\/posts"}],"about":[{"href":"https:\/\/candas365.es\/noticias\/wp-json\/wp\/v2\/types\/post"}],"author":[{"embeddable":true,"href":"https:\/\/candas365.es\/noticias\/wp-json\/wp\/v2\/users\/1"}],"replies":[{"embeddable":true,"href":"https:\/\/candas365.es\/noticias\/wp-json\/wp\/v2\/comments?post=194396"}],"version-history":[{"count":1,"href":"https:\/\/candas365.es\/noticias\/wp-json\/wp\/v2\/posts\/194396\/revisions"}],"predecessor-version":[{"id":194398,"href":"https:\/\/candas365.es\/noticias\/wp-json\/wp\/v2\/posts\/194396\/revisions\/194398"}],"wp:featuredmedia":[{"embeddable":true,"href":"https:\/\/candas365.es\/noticias\/wp-json\/wp\/v2\/media\/194397"}],"wp:attachment":[{"href":"https:\/\/candas365.es\/noticias\/wp-json\/wp\/v2\/media?parent=194396"}],"wp:term":[{"taxonomy":"category","embeddable":true,"href":"https:\/\/candas365.es\/noticias\/wp-json\/wp\/v2\/categories?post=194396"},{"taxonomy":"post_tag","embeddable":true,"href":"https:\/\/candas365.es\/noticias\/wp-json\/wp\/v2\/tags?post=194396"}],"curies":[{"name":"wp","href":"https:\/\/api.w.org\/{rel}","templated":true}]}}