{"id":194391,"date":"2026-04-29T20:15:19","date_gmt":"2026-04-29T18:15:19","guid":{"rendered":"https:\/\/candas365.es\/noticias\/?p=194391"},"modified":"2026-04-29T20:15:19","modified_gmt":"2026-04-29T18:15:19","slug":"erupciones-volcanicas-han-causado-el-enfriamiento-global","status":"publish","type":"post","link":"https:\/\/candas365.es\/noticias\/erupciones-volcanicas-han-causado-el-enfriamiento-global\/","title":{"rendered":"Erupciones volc\u00e1nicas han causado el enfriamiento global"},"content":{"rendered":"<p>Una serie de violentas erupciones volc\u00e1nicas, y no el impacto de un cuerpo extraterrestre, provoc\u00f3 el <a href=\"https:\/\/candas365.es\/noticias\/category\/sociedad\/\"><span style=\"color: #ff6600;\"><strong>enfriamiento global<\/strong><\/span><\/a> del Dryas Reciente hace entre 12.900 y 11.700 a\u00f1os.<\/p>\n<figure id=\"attachment_194392\" aria-describedby=\"caption-attachment-194392\" style=\"width: 650px\" class=\"wp-caption aligncenter\"><img fetchpriority=\"high\" decoding=\"async\" class=\"size-large wp-image-194392\" src=\"https:\/\/candas365.es\/noticias\/wp-content\/uploads\/2026\/04\/Erupciones-volcanicas-han-causado-el-enfriamiento-global-650x425.jpg\" alt=\"Erupciones volc\u00e1nicas han causado el enfriamiento global\" width=\"650\" height=\"425\" srcset=\"https:\/\/candas365.es\/noticias\/wp-content\/uploads\/2026\/04\/Erupciones-volcanicas-han-causado-el-enfriamiento-global-650x425.jpg 650w, https:\/\/candas365.es\/noticias\/wp-content\/uploads\/2026\/04\/Erupciones-volcanicas-han-causado-el-enfriamiento-global-360x236.jpg 360w, https:\/\/candas365.es\/noticias\/wp-content\/uploads\/2026\/04\/Erupciones-volcanicas-han-causado-el-enfriamiento-global-768x502.jpg 768w, https:\/\/candas365.es\/noticias\/wp-content\/uploads\/2026\/04\/Erupciones-volcanicas-han-causado-el-enfriamiento-global-150x98.jpg 150w, https:\/\/candas365.es\/noticias\/wp-content\/uploads\/2026\/04\/Erupciones-volcanicas-han-causado-el-enfriamiento-global-450x294.jpg 450w, https:\/\/candas365.es\/noticias\/wp-content\/uploads\/2026\/04\/Erupciones-volcanicas-han-causado-el-enfriamiento-global-1200x785.jpg 1200w, https:\/\/candas365.es\/noticias\/wp-content\/uploads\/2026\/04\/Erupciones-volcanicas-han-causado-el-enfriamiento-global.jpg 1238w\" sizes=\"(max-width: 650px) 100vw, 650px\" \/><figcaption id=\"caption-attachment-194392\" class=\"wp-caption-text\">Foto: 123rf.com<\/figcaption><\/figure>\n<p>As\u00ed se desprende de un estudio realizado por cinco investigadores de Estados Unidos y publicado este mi\u00e9rcoles en la revista \u2018Science Advances\u2019.<\/p>\n<p>El Dryas Reciente, casi glacial, fue provocado por un evento largamente debatido que perturb\u00f3 el sistema de la Circulaci\u00f3n Meridional de Vuelco del Atl\u00e1ntico (AMOC, por sus siglas en ingl\u00e9s), una enorme \u2018cinta transportadora\u2019 de circulaci\u00f3n oce\u00e1nica a\u00fan presente que transporta calor a escala planetaria.<\/p>\n<p>Lucien Nana Yobo, de la Universidad de Texas A&amp;M, y sus colegas indican que la actividad volc\u00e1nica desencaden\u00f3 este periodo m\u00e1s fr\u00edo vinculado a la AMOC.<\/p>\n<p>Sus an\u00e1lisis de tres sitios en Florida y Texas cuantificaron las proporciones isot\u00f3picas de osmio y de elementos altamente sider\u00f3filos de los sedimentos. Las composiciones fueron muy similares a las creadas por la deposici\u00f3n de aerosoles volc\u00e1nicos.<\/p>\n<p>Al comparar los datos con los n\u00facleos de hielo de la Ant\u00e1rtida y Groenlandia, Nana Yobo y colaboradores observaron que el inicio de los patrones isot\u00f3picos coincidi\u00f3 con una serie de grandes erupciones volc\u00e1nicas que ocurrieron hace entre 12.980 y 12.870 a\u00f1os.<\/p>\n<p>(<a href=\"https:\/\/www.servimedia.es\/\" target=\"_blank\" rel=\"noopener\"><span style=\"color: #ff6600;\"><strong>SERVIMEDIA<\/strong><\/span><\/a>)<\/p>\n","protected":false},"excerpt":{"rendered":"<p>Una serie de violentas erupciones volc\u00e1nicas, y no el impacto de un cuerpo extraterrestre, provoc\u00f3 el enfriamiento global del Dryas Reciente hace entre 12.900 y 11.700 a\u00f1os. As\u00ed se desprende de un estudio realizado por cinco investigadores de Estados Unidos y publicado este mi\u00e9rcoles en la revista \u2018Science Advances\u2019. El Dryas Reciente, casi glacial, fue<\/p>\n","protected":false},"author":1,"featured_media":194392,"comment_status":"closed","ping_status":"closed","sticky":false,"template":"","format":"standard","meta":{"footnotes":""},"categories":[316,143],"tags":[453],"class_list":{"0":"post-194391","1":"post","2":"type-post","3":"status-publish","4":"format-standard","5":"has-post-thumbnail","7":"category-destacadas","8":"category-sociedad","9":"tag-naturaleza"},"aioseo_notices":[],"aioseo_head":"\n\t\t<!-- All in One SEO Pro 4.9.6.2 - aioseo.com -->\n\t<meta name=\"description\" content=\"Una serie de violentas erupciones volc\u00e1nicas, y no el impacto de un cuerpo extraterrestre, provoc\u00f3 el enfriamiento global del Dryas Reciente hace entre 12.900\" \/>\n\t<meta name=\"robots\" content=\"max-image-preview:large\" \/>\n\t<meta name=\"author\" content=\"Cand\u00e1s 365\"\/>\n\t<meta name=\"google-site-verification\" content=\"UA-32230408-1\" \/>\n\t<meta name=\"msvalidate.01\" content=\"354F3CDFB2DA171B47FBE9ABF1F88D5\" \/>\n\t<meta name=\"keywords\" content=\"destacadas,sociedad\" \/>\n\t<link rel=\"canonical\" href=\"https:\/\/candas365.es\/noticias\/erupciones-volcanicas-han-causado-el-enfriamiento-global\/\" \/>\n\t<meta name=\"generator\" content=\"All in One SEO Pro (AIOSEO) 4.9.6.2\" \/>\n\t\t<meta property=\"og:locale\" content=\"es_ES\" \/>\n\t\t<meta property=\"og:site_name\" content=\"Cand\u00e1s 365\" \/>\n\t\t<meta property=\"og:type\" content=\"article\" \/>\n\t\t<meta property=\"og:title\" content=\"Erupciones volc\u00e1nicas han causado el enfriamiento global | Cand\u00e1s 365\" \/>\n\t\t<meta property=\"og:description\" content=\"Una serie de violentas erupciones volc\u00e1nicas, y no el impacto de un cuerpo extraterrestre, provoc\u00f3 el enfriamiento global del Dryas Reciente hace entre 12.900\" \/>\n\t\t<meta property=\"og:url\" content=\"https:\/\/candas365.es\/noticias\/erupciones-volcanicas-han-causado-el-enfriamiento-global\/\" \/>\n\t\t<meta property=\"og:image\" content=\"https:\/\/candas365.es\/noticias\/wp-content\/uploads\/2026\/04\/Erupciones-volcanicas-han-causado-el-enfriamiento-global.jpg\" \/>\n\t\t<meta property=\"og:image:secure_url\" content=\"https:\/\/candas365.es\/noticias\/wp-content\/uploads\/2026\/04\/Erupciones-volcanicas-han-causado-el-enfriamiento-global.jpg\" \/>\n\t\t<meta property=\"og:image:width\" content=\"1238\" \/>\n\t\t<meta property=\"og:image:height\" content=\"810\" \/>\n\t\t<meta property=\"article:published_time\" content=\"2026-04-29T18:15:19+00:00\" \/>\n\t\t<meta property=\"article:modified_time\" content=\"2026-04-29T18:15:19+00:00\" \/>\n\t\t<meta property=\"article:publisher\" content=\"https:\/\/www.facebook.com\/Nachofdezber\" \/>\n\t\t<meta property=\"article:author\" content=\"https:\/\/www.facebook.com\/carrenoactualidad\" \/>\n\t\t<meta name=\"twitter:card\" content=\"summary_large_image\" \/>\n\t\t<meta name=\"twitter:site\" content=\"@NabercoDigital\" \/>\n\t\t<meta name=\"twitter:title\" content=\"Erupciones volc\u00e1nicas han causado el enfriamiento global | Cand\u00e1s 365\" \/>\n\t\t<meta name=\"twitter:description\" content=\"Una serie de violentas erupciones volc\u00e1nicas, y no el impacto de un cuerpo extraterrestre, provoc\u00f3 el enfriamiento global del Dryas Reciente hace entre 12.900\" \/>\n\t\t<meta name=\"twitter:creator\" content=\"@nbasturias\" \/>\n\t\t<meta name=\"twitter:image\" content=\"https:\/\/candas365.es\/noticias\/wp-content\/uploads\/2026\/04\/Erupciones-volcanicas-han-causado-el-enfriamiento-global.jpg\" \/>\n\t\t<meta name=\"twitter:label1\" content=\"Escrito por\" \/>\n\t\t<meta name=\"twitter:data1\" content=\"Cand\u00e1s 365\" \/>\n\t\t<meta name=\"twitter:label2\" content=\"Tiempo de lectura estimado\" \/>\n\t\t<meta name=\"twitter:data2\" content=\"1 minuto\" \/>\n\t\t<script type=\"application\/ld+json\" class=\"aioseo-schema\">\n\t\t\t{\"@context\":\"https:\\\/\\\/schema.org\",\"@graph\":[{\"@type\":\"BreadcrumbList\",\"@id\":\"https:\\\/\\\/candas365.es\\\/noticias\\\/erupciones-volcanicas-han-causado-el-enfriamiento-global\\\/#breadcrumblist\",\"itemListElement\":[{\"@type\":\"ListItem\",\"@id\":\"https:\\\/\\\/candas365.es\\\/noticias#listItem\",\"position\":1,\"name\":\"Home\",\"item\":\"https:\\\/\\\/candas365.es\\\/noticias\",\"nextItem\":{\"@type\":\"ListItem\",\"@id\":\"https:\\\/\\\/candas365.es\\\/noticias\\\/category\\\/sociedad\\\/#listItem\",\"name\":\"Sociedad\"}},{\"@type\":\"ListItem\",\"@id\":\"https:\\\/\\\/candas365.es\\\/noticias\\\/category\\\/sociedad\\\/#listItem\",\"position\":2,\"name\":\"Sociedad\",\"item\":\"https:\\\/\\\/candas365.es\\\/noticias\\\/category\\\/sociedad\\\/\",\"nextItem\":{\"@type\":\"ListItem\",\"@id\":\"https:\\\/\\\/candas365.es\\\/noticias\\\/erupciones-volcanicas-han-causado-el-enfriamiento-global\\\/#listItem\",\"name\":\"Erupciones volc\\u00e1nicas han causado el enfriamiento global\"},\"previousItem\":{\"@type\":\"ListItem\",\"@id\":\"https:\\\/\\\/candas365.es\\\/noticias#listItem\",\"name\":\"Home\"}},{\"@type\":\"ListItem\",\"@id\":\"https:\\\/\\\/candas365.es\\\/noticias\\\/erupciones-volcanicas-han-causado-el-enfriamiento-global\\\/#listItem\",\"position\":3,\"name\":\"Erupciones volc\\u00e1nicas han causado el enfriamiento global\",\"previousItem\":{\"@type\":\"ListItem\",\"@id\":\"https:\\\/\\\/candas365.es\\\/noticias\\\/category\\\/sociedad\\\/#listItem\",\"name\":\"Sociedad\"}}]},{\"@type\":\"NewsArticle\",\"@id\":\"https:\\\/\\\/candas365.es\\\/noticias\\\/erupciones-volcanicas-han-causado-el-enfriamiento-global\\\/#newsarticle\",\"name\":\"Erupciones volc\\u00e1nicas han causado el enfriamiento global | Cand\\u00e1s 365\",\"headline\":\"Erupciones volc\\u00e1nicas han causado el enfriamiento global\",\"author\":{\"@id\":\"https:\\\/\\\/candas365.es\\\/noticias\\\/author\\\/admin\\\/#author\"},\"publisher\":{\"@id\":\"https:\\\/\\\/candas365.es\\\/noticias\\\/#organization\"},\"image\":{\"@type\":\"ImageObject\",\"url\":\"https:\\\/\\\/candas365.es\\\/noticias\\\/wp-content\\\/uploads\\\/2026\\\/04\\\/Erupciones-volcanicas-han-causado-el-enfriamiento-global.jpg\",\"width\":1238,\"height\":810,\"caption\":\"Foto: 123rf.com\"},\"datePublished\":\"2026-04-29T20:15:19+02:00\",\"dateModified\":\"2026-04-29T20:15:19+02:00\",\"inLanguage\":\"es-ES\",\"mainEntityOfPage\":{\"@id\":\"https:\\\/\\\/candas365.es\\\/noticias\\\/erupciones-volcanicas-han-causado-el-enfriamiento-global\\\/#webpage\"},\"isPartOf\":{\"@id\":\"https:\\\/\\\/candas365.es\\\/noticias\\\/erupciones-volcanicas-han-causado-el-enfriamiento-global\\\/#webpage\"},\"articleSection\":\"Destacadas, Sociedad, naturaleza\",\"dateline\":\"Publicado el abril 29, 2026.\"},{\"@type\":\"Organization\",\"@id\":\"https:\\\/\\\/candas365.es\\\/noticias\\\/#organization\",\"name\":\"Cand\\u00e1s 365\",\"description\":\"Cand\\u00e1s 365 es un diario digital independiente, fundado en 2012, con base en Asturias. Informamos con rigor sobre actualidad, sociedad, cultura y ocio, con una mirada local y global.\",\"url\":\"https:\\\/\\\/candas365.es\\\/noticias\\\/\",\"email\":\"info@candas365.es\",\"telephone\":\"+34652131393\",\"foundingDate\":\"2012-06-10\",\"logo\":{\"@type\":\"ImageObject\",\"url\":\"https:\\\/\\\/candas365.es\\\/noticias\\\/wp-content\\\/uploads\\\/2024\\\/09\\\/Candas-365-Redes.jpg\",\"@id\":\"https:\\\/\\\/candas365.es\\\/noticias\\\/erupciones-volcanicas-han-causado-el-enfriamiento-global\\\/#organizationLogo\",\"width\":1152,\"height\":864,\"caption\":\"Cand\\u00e1s 365 Redes\"},\"image\":{\"@id\":\"https:\\\/\\\/candas365.es\\\/noticias\\\/erupciones-volcanicas-han-causado-el-enfriamiento-global\\\/#organizationLogo\"},\"sameAs\":[\"https:\\\/\\\/www.facebook.com\\\/Nachofdezber\",\"https:\\\/\\\/x.com\\\/NabercoDigital\",\"https:\\\/\\\/www.instagram.com\\\/nachofdezber\\\/\",\"https:\\\/\\\/www.youtube.com\\\/channel\\\/UCZP-2wLEB9Rv6erhFmqVnvg\"],\"address\":{\"@id\":\"https:\\\/\\\/candas365.es\\\/noticias\\\/#postaladdress\",\"@type\":\"PostalAddress\",\"streetAddress\":\"san antonio 4, san antonio 4\",\"postalCode\":\"33430\",\"addressLocality\":\"Cand\\u00e1s\",\"addressRegion\":\"Asturias\",\"addressCountry\":\"ES\"}},{\"@type\":\"Person\",\"@id\":\"https:\\\/\\\/candas365.es\\\/noticias\\\/author\\\/admin\\\/#author\",\"url\":\"https:\\\/\\\/candas365.es\\\/noticias\\\/author\\\/admin\\\/\",\"name\":\"Cand\\u00e1s 365\",\"image\":{\"@type\":\"ImageObject\",\"@id\":\"https:\\\/\\\/candas365.es\\\/noticias\\\/erupciones-volcanicas-han-causado-el-enfriamiento-global\\\/#authorImage\",\"url\":\"https:\\\/\\\/secure.gravatar.com\\\/avatar\\\/496a8e03d0c493ede1718b7934145dbdf8d89be1036b0eec9544e1094c9de390?s=96&d=mm&r=g\",\"width\":96,\"height\":96,\"caption\":\"Cand\\u00e1s 365\"},\"sameAs\":[\"https:\\\/\\\/www.facebook.com\\\/carrenoactualidad\",\"https:\\\/\\\/twitter.com\\\/nbasturias\",\"https:\\\/\\\/www.instagram.com\\\/nachofdezber\\\/\",\"https:\\\/\\\/www.youtube.com\\\/channel\\\/UCZP-2wLEB9Rv6erhFmqVnvg\"]},{\"@type\":\"WebPage\",\"@id\":\"https:\\\/\\\/candas365.es\\\/noticias\\\/erupciones-volcanicas-han-causado-el-enfriamiento-global\\\/#webpage\",\"url\":\"https:\\\/\\\/candas365.es\\\/noticias\\\/erupciones-volcanicas-han-causado-el-enfriamiento-global\\\/\",\"name\":\"Erupciones volc\\u00e1nicas han causado el enfriamiento global | Cand\\u00e1s 365\",\"description\":\"Una serie de violentas erupciones volc\\u00e1nicas, y no el impacto de un cuerpo extraterrestre, provoc\\u00f3 el enfriamiento global del Dryas Reciente hace entre 12.900\",\"inLanguage\":\"es-ES\",\"isPartOf\":{\"@id\":\"https:\\\/\\\/candas365.es\\\/noticias\\\/#website\"},\"breadcrumb\":{\"@id\":\"https:\\\/\\\/candas365.es\\\/noticias\\\/erupciones-volcanicas-han-causado-el-enfriamiento-global\\\/#breadcrumblist\"},\"author\":{\"@id\":\"https:\\\/\\\/candas365.es\\\/noticias\\\/author\\\/admin\\\/#author\"},\"creator\":{\"@id\":\"https:\\\/\\\/candas365.es\\\/noticias\\\/author\\\/admin\\\/#author\"},\"image\":{\"@type\":\"ImageObject\",\"url\":\"https:\\\/\\\/candas365.es\\\/noticias\\\/wp-content\\\/uploads\\\/2026\\\/04\\\/Erupciones-volcanicas-han-causado-el-enfriamiento-global.jpg\",\"@id\":\"https:\\\/\\\/candas365.es\\\/noticias\\\/erupciones-volcanicas-han-causado-el-enfriamiento-global\\\/#mainImage\",\"width\":1238,\"height\":810,\"caption\":\"Foto: 123rf.com\"},\"primaryImageOfPage\":{\"@id\":\"https:\\\/\\\/candas365.es\\\/noticias\\\/erupciones-volcanicas-han-causado-el-enfriamiento-global\\\/#mainImage\"},\"datePublished\":\"2026-04-29T20:15:19+02:00\",\"dateModified\":\"2026-04-29T20:15:19+02:00\"},{\"@type\":\"WebSite\",\"@id\":\"https:\\\/\\\/candas365.es\\\/noticias\\\/#website\",\"url\":\"https:\\\/\\\/candas365.es\\\/noticias\\\/\",\"name\":\"Cand\\u00e1s 365\",\"alternateName\":\"Cand\\u00e1s 365 Noticias\",\"description\":\"Actualidad desde Carre\\u00f1o para el mundo\",\"inLanguage\":\"es-ES\",\"publisher\":{\"@id\":\"https:\\\/\\\/candas365.es\\\/noticias\\\/#organization\"}}]}\n\t\t<\/script>\n\t\t<!-- All in One SEO Pro -->\r\n\t\t<title>Erupciones volc\u00e1nicas han causado el enfriamiento global | Cand\u00e1s 365<\/title>\n\n","aioseo_head_json":{"title":"Erupciones volc\u00e1nicas han causado el enfriamiento global | Cand\u00e1s 365","description":"Una serie de violentas erupciones volc\u00e1nicas, y no el impacto de un cuerpo extraterrestre, provoc\u00f3 el enfriamiento global del Dryas Reciente hace entre 12.900","canonical_url":"https:\/\/candas365.es\/noticias\/erupciones-volcanicas-han-causado-el-enfriamiento-global\/","robots":"max-image-preview:large","keywords":"destacadas,sociedad","webmasterTools":{"google-site-verification":"UA-32230408-1","msvalidate.01":"354F3CDFB2DA171B47FBE9ABF1F88D5","miscellaneous":""},"schema":{"@context":"https:\/\/schema.org","@graph":[{"@type":"BreadcrumbList","@id":"https:\/\/candas365.es\/noticias\/erupciones-volcanicas-han-causado-el-enfriamiento-global\/#breadcrumblist","itemListElement":[{"@type":"ListItem","@id":"https:\/\/candas365.es\/noticias#listItem","position":1,"name":"Home","item":"https:\/\/candas365.es\/noticias","nextItem":{"@type":"ListItem","@id":"https:\/\/candas365.es\/noticias\/category\/sociedad\/#listItem","name":"Sociedad"}},{"@type":"ListItem","@id":"https:\/\/candas365.es\/noticias\/category\/sociedad\/#listItem","position":2,"name":"Sociedad","item":"https:\/\/candas365.es\/noticias\/category\/sociedad\/","nextItem":{"@type":"ListItem","@id":"https:\/\/candas365.es\/noticias\/erupciones-volcanicas-han-causado-el-enfriamiento-global\/#listItem","name":"Erupciones volc\u00e1nicas han causado el enfriamiento global"},"previousItem":{"@type":"ListItem","@id":"https:\/\/candas365.es\/noticias#listItem","name":"Home"}},{"@type":"ListItem","@id":"https:\/\/candas365.es\/noticias\/erupciones-volcanicas-han-causado-el-enfriamiento-global\/#listItem","position":3,"name":"Erupciones volc\u00e1nicas han causado el enfriamiento global","previousItem":{"@type":"ListItem","@id":"https:\/\/candas365.es\/noticias\/category\/sociedad\/#listItem","name":"Sociedad"}}]},{"@type":"NewsArticle","@id":"https:\/\/candas365.es\/noticias\/erupciones-volcanicas-han-causado-el-enfriamiento-global\/#newsarticle","name":"Erupciones volc\u00e1nicas han causado el enfriamiento global | Cand\u00e1s 365","headline":"Erupciones volc\u00e1nicas han causado el enfriamiento global","author":{"@id":"https:\/\/candas365.es\/noticias\/author\/admin\/#author"},"publisher":{"@id":"https:\/\/candas365.es\/noticias\/#organization"},"image":{"@type":"ImageObject","url":"https:\/\/candas365.es\/noticias\/wp-content\/uploads\/2026\/04\/Erupciones-volcanicas-han-causado-el-enfriamiento-global.jpg","width":1238,"height":810,"caption":"Foto: 123rf.com"},"datePublished":"2026-04-29T20:15:19+02:00","dateModified":"2026-04-29T20:15:19+02:00","inLanguage":"es-ES","mainEntityOfPage":{"@id":"https:\/\/candas365.es\/noticias\/erupciones-volcanicas-han-causado-el-enfriamiento-global\/#webpage"},"isPartOf":{"@id":"https:\/\/candas365.es\/noticias\/erupciones-volcanicas-han-causado-el-enfriamiento-global\/#webpage"},"articleSection":"Destacadas, Sociedad, naturaleza","dateline":"Publicado el abril 29, 2026."},{"@type":"Organization","@id":"https:\/\/candas365.es\/noticias\/#organization","name":"Cand\u00e1s 365","description":"Cand\u00e1s 365 es un diario digital independiente, fundado en 2012, con base en Asturias. Informamos con rigor sobre actualidad, sociedad, cultura y ocio, con una mirada local y global.","url":"https:\/\/candas365.es\/noticias\/","email":"info@candas365.es","telephone":"+34652131393","foundingDate":"2012-06-10","logo":{"@type":"ImageObject","url":"https:\/\/candas365.es\/noticias\/wp-content\/uploads\/2024\/09\/Candas-365-Redes.jpg","@id":"https:\/\/candas365.es\/noticias\/erupciones-volcanicas-han-causado-el-enfriamiento-global\/#organizationLogo","width":1152,"height":864,"caption":"Cand\u00e1s 365 Redes"},"image":{"@id":"https:\/\/candas365.es\/noticias\/erupciones-volcanicas-han-causado-el-enfriamiento-global\/#organizationLogo"},"sameAs":["https:\/\/www.facebook.com\/Nachofdezber","https:\/\/x.com\/NabercoDigital","https:\/\/www.instagram.com\/nachofdezber\/","https:\/\/www.youtube.com\/channel\/UCZP-2wLEB9Rv6erhFmqVnvg"],"address":{"@id":"https:\/\/candas365.es\/noticias\/#postaladdress","@type":"PostalAddress","streetAddress":"san antonio 4, san antonio 4","postalCode":"33430","addressLocality":"Cand\u00e1s","addressRegion":"Asturias","addressCountry":"ES"}},{"@type":"Person","@id":"https:\/\/candas365.es\/noticias\/author\/admin\/#author","url":"https:\/\/candas365.es\/noticias\/author\/admin\/","name":"Cand\u00e1s 365","image":{"@type":"ImageObject","@id":"https:\/\/candas365.es\/noticias\/erupciones-volcanicas-han-causado-el-enfriamiento-global\/#authorImage","url":"https:\/\/secure.gravatar.com\/avatar\/496a8e03d0c493ede1718b7934145dbdf8d89be1036b0eec9544e1094c9de390?s=96&d=mm&r=g","width":96,"height":96,"caption":"Cand\u00e1s 365"},"sameAs":["https:\/\/www.facebook.com\/carrenoactualidad","https:\/\/twitter.com\/nbasturias","https:\/\/www.instagram.com\/nachofdezber\/","https:\/\/www.youtube.com\/channel\/UCZP-2wLEB9Rv6erhFmqVnvg"]},{"@type":"WebPage","@id":"https:\/\/candas365.es\/noticias\/erupciones-volcanicas-han-causado-el-enfriamiento-global\/#webpage","url":"https:\/\/candas365.es\/noticias\/erupciones-volcanicas-han-causado-el-enfriamiento-global\/","name":"Erupciones volc\u00e1nicas han causado el enfriamiento global | Cand\u00e1s 365","description":"Una serie de violentas erupciones volc\u00e1nicas, y no el impacto de un cuerpo extraterrestre, provoc\u00f3 el enfriamiento global del Dryas Reciente hace entre 12.900","inLanguage":"es-ES","isPartOf":{"@id":"https:\/\/candas365.es\/noticias\/#website"},"breadcrumb":{"@id":"https:\/\/candas365.es\/noticias\/erupciones-volcanicas-han-causado-el-enfriamiento-global\/#breadcrumblist"},"author":{"@id":"https:\/\/candas365.es\/noticias\/author\/admin\/#author"},"creator":{"@id":"https:\/\/candas365.es\/noticias\/author\/admin\/#author"},"image":{"@type":"ImageObject","url":"https:\/\/candas365.es\/noticias\/wp-content\/uploads\/2026\/04\/Erupciones-volcanicas-han-causado-el-enfriamiento-global.jpg","@id":"https:\/\/candas365.es\/noticias\/erupciones-volcanicas-han-causado-el-enfriamiento-global\/#mainImage","width":1238,"height":810,"caption":"Foto: 123rf.com"},"primaryImageOfPage":{"@id":"https:\/\/candas365.es\/noticias\/erupciones-volcanicas-han-causado-el-enfriamiento-global\/#mainImage"},"datePublished":"2026-04-29T20:15:19+02:00","dateModified":"2026-04-29T20:15:19+02:00"},{"@type":"WebSite","@id":"https:\/\/candas365.es\/noticias\/#website","url":"https:\/\/candas365.es\/noticias\/","name":"Cand\u00e1s 365","alternateName":"Cand\u00e1s 365 Noticias","description":"Actualidad desde Carre\u00f1o para el mundo","inLanguage":"es-ES","publisher":{"@id":"https:\/\/candas365.es\/noticias\/#organization"}}]},"og:locale":"es_ES","og:site_name":"Cand\u00e1s 365","og:type":"article","og:title":"Erupciones volc\u00e1nicas han causado el enfriamiento global | Cand\u00e1s 365","og:description":"Una serie de violentas erupciones volc\u00e1nicas, y no el impacto de un cuerpo extraterrestre, provoc\u00f3 el enfriamiento global del Dryas Reciente hace entre 12.900","og:url":"https:\/\/candas365.es\/noticias\/erupciones-volcanicas-han-causado-el-enfriamiento-global\/","og:image":"https:\/\/candas365.es\/noticias\/wp-content\/uploads\/2026\/04\/Erupciones-volcanicas-han-causado-el-enfriamiento-global.jpg","og:image:secure_url":"https:\/\/candas365.es\/noticias\/wp-content\/uploads\/2026\/04\/Erupciones-volcanicas-han-causado-el-enfriamiento-global.jpg","og:image:width":1238,"og:image:height":810,"article:published_time":"2026-04-29T18:15:19+00:00","article:modified_time":"2026-04-29T18:15:19+00:00","article:publisher":"https:\/\/www.facebook.com\/Nachofdezber","article:author":"https:\/\/www.facebook.com\/carrenoactualidad","twitter:card":"summary_large_image","twitter:site":"@NabercoDigital","twitter:title":"Erupciones volc\u00e1nicas han causado el enfriamiento global | Cand\u00e1s 365","twitter:description":"Una serie de violentas erupciones volc\u00e1nicas, y no el impacto de un cuerpo extraterrestre, provoc\u00f3 el enfriamiento global del Dryas Reciente hace entre 12.900","twitter:creator":"@nbasturias","twitter:image":"https:\/\/candas365.es\/noticias\/wp-content\/uploads\/2026\/04\/Erupciones-volcanicas-han-causado-el-enfriamiento-global.jpg","twitter:label1":"Escrito por","twitter:data1":"Cand\u00e1s 365","twitter:label2":"Tiempo de lectura estimado","twitter:data2":"1 minuto"},"aioseo_meta_data":{"post_id":"194391","title":null,"description":"Una serie de violentas erupciones volc\u00e1nicas, y no el impacto de un cuerpo extraterrestre, provoc\u00f3 el enfriamiento global del Dryas Reciente hace entre 12.900","keywords":null,"keyphrases":{"focus":{"keyphrase":"enfriamiento","score":85,"analysis":{"keyphraseInTitle":{"score":9,"maxScore":9,"error":0},"keyphraseInDescription":{"score":9,"maxScore":9,"error":0},"keyphraseLength":{"score":9,"maxScore":9,"error":0,"length":1},"keyphraseInURL":{"score":5,"maxScore":5,"error":0},"keyphraseInIntroduction":{"score":9,"maxScore":9,"error":0},"keyphraseInSubHeadings":[],"keyphraseInImageAlt":{"score":9,"maxScore":9,"error":0},"keywordDensity":{"score":0,"type":"low","maxScore":9,"error":1}}},"additional":[{"keyphrase":"erupciones volc\u00e1nicas","score":100,"analysis":{"keyphraseInDescription":{"score":9,"maxScore":9,"error":0},"keyphraseLength":{"score":9,"maxScore":9,"error":0,"length":3},"keyphraseInIntroduction":{"score":9,"maxScore":9,"error":0},"keyphraseInImageAlt":{"score":9,"maxScore":9,"error":0},"keywordDensity":{"type":"best","score":9,"maxScore":9,"error":0}}}]},"primary_term":null,"canonical_url":null,"og_title":null,"og_description":null,"og_object_type":"default","og_image_type":"default","og_image_url":null,"og_image_width":null,"og_image_height":null,"og_image_custom_url":null,"og_image_custom_fields":null,"og_video":"","og_custom_url":null,"og_article_section":null,"og_article_tags":null,"twitter_use_og":false,"twitter_card":"default","twitter_image_type":"default","twitter_image_url":null,"twitter_image_custom_url":null,"twitter_image_custom_fields":null,"twitter_title":null,"twitter_description":null,"schema":{"blockGraphs":[],"customGraphs":[],"default":{"data":{"Article":[],"Course":[],"Dataset":[],"FAQPage":[],"Movie":[],"Person":[],"Product":[],"ProductReview":[],"Car":[],"Recipe":[],"Service":[],"SoftwareApplication":[],"WebPage":[]},"graphName":"NewsArticle","isEnabled":true},"graphs":[]},"schema_type":"default","schema_type_options":null,"pillar_content":false,"robots_default":true,"robots_noindex":false,"robots_noarchive":false,"robots_nosnippet":false,"robots_nofollow":false,"robots_noimageindex":false,"robots_noodp":false,"robots_notranslate":false,"robots_max_snippet":"-1","robots_max_videopreview":"-1","robots_max_imagepreview":"large","priority":null,"frequency":"default","location":null,"local_seo":null,"seo_analyzer_scan_date":"2026-04-29 18:35:52","breadcrumb_settings":null,"limit_modified_date":false,"reviewed_by":"0","open_ai":null,"ai":{"faqs":[],"keyPoints":[],"schemas":[],"titles":[],"descriptions":[],"socialPosts":{"email":[],"linkedin":[],"twitter":[],"facebook":[],"instagram":[]}},"created":"2026-04-29 18:08:26","updated":"2026-04-29 18:36:02"},"aioseo_breadcrumb":"<div class=\"aioseo-breadcrumbs\"><span class=\"aioseo-breadcrumb\">\n\t<a href=\"https:\/\/candas365.es\/noticias\" title=\"Home\">Home<\/a>\n<\/span><span class=\"aioseo-breadcrumb-separator\">&ndash;<\/span><span class=\"aioseo-breadcrumb\">\n\t<a href=\"https:\/\/candas365.es\/noticias\/category\/sociedad\/\" title=\"Sociedad\">Sociedad<\/a>\n<\/span><span class=\"aioseo-breadcrumb-separator\">&ndash;<\/span><span class=\"aioseo-breadcrumb\">\n\tErupciones volc\u00e1nicas han causado el enfriamiento global\n<\/span><\/div>","aioseo_breadcrumb_json":[{"label":"Home","link":"https:\/\/candas365.es\/noticias"},{"label":"Sociedad","link":"https:\/\/candas365.es\/noticias\/category\/sociedad\/"},{"label":"Erupciones volc\u00e1nicas han causado el enfriamiento global","link":"https:\/\/candas365.es\/noticias\/erupciones-volcanicas-han-causado-el-enfriamiento-global\/"}],"_links":{"self":[{"href":"https:\/\/candas365.es\/noticias\/wp-json\/wp\/v2\/posts\/194391","targetHints":{"allow":["GET"]}}],"collection":[{"href":"https:\/\/candas365.es\/noticias\/wp-json\/wp\/v2\/posts"}],"about":[{"href":"https:\/\/candas365.es\/noticias\/wp-json\/wp\/v2\/types\/post"}],"author":[{"embeddable":true,"href":"https:\/\/candas365.es\/noticias\/wp-json\/wp\/v2\/users\/1"}],"replies":[{"embeddable":true,"href":"https:\/\/candas365.es\/noticias\/wp-json\/wp\/v2\/comments?post=194391"}],"version-history":[{"count":1,"href":"https:\/\/candas365.es\/noticias\/wp-json\/wp\/v2\/posts\/194391\/revisions"}],"predecessor-version":[{"id":194393,"href":"https:\/\/candas365.es\/noticias\/wp-json\/wp\/v2\/posts\/194391\/revisions\/194393"}],"wp:featuredmedia":[{"embeddable":true,"href":"https:\/\/candas365.es\/noticias\/wp-json\/wp\/v2\/media\/194392"}],"wp:attachment":[{"href":"https:\/\/candas365.es\/noticias\/wp-json\/wp\/v2\/media?parent=194391"}],"wp:term":[{"taxonomy":"category","embeddable":true,"href":"https:\/\/candas365.es\/noticias\/wp-json\/wp\/v2\/categories?post=194391"},{"taxonomy":"post_tag","embeddable":true,"href":"https:\/\/candas365.es\/noticias\/wp-json\/wp\/v2\/tags?post=194391"}],"curies":[{"name":"wp","href":"https:\/\/api.w.org\/{rel}","templated":true}]}}