{"id":194388,"date":"2026-04-29T15:16:34","date_gmt":"2026-04-29T13:16:34","guid":{"rendered":"https:\/\/candas365.es\/noticias\/?p=194388"},"modified":"2026-04-29T15:16:34","modified_gmt":"2026-04-29T13:16:34","slug":"oda-al-futbol-el-bayern-y-el-psg-se-preparan-para-la-vuelta","status":"publish","type":"post","link":"https:\/\/candas365.es\/noticias\/oda-al-futbol-el-bayern-y-el-psg-se-preparan-para-la-vuelta\/","title":{"rendered":"\u00abOda al f\u00fatbol\u00bb: el Bayern y el PSG se preparan para la vuelta"},"content":{"rendered":"<p>Berl\u00edn, 29 abr (<a href=\"https:\/\/www.dpa-news.de\/\" target=\"_blank\" rel=\"noopener\"><span style=\"color: #ff6600;\"><strong>dpa<\/strong><\/span><\/a>) &#8211; El entrenador del Bayern M\u00fanich,<strong> Vincent Kompany, admiti\u00f3 sin tapujos que no disfrut\u00f3 viendo desde la grada el memorable enfrentamiento de la <a href=\"https:\/\/candas365.es\/noticias\/category\/deporte\/\"><span style=\"color: #ff6600;\">Liga de Campeones<\/span><\/a> contra el Paris Saint-Germain<\/strong>, que acab\u00f3 con un 5-4.<\/p>\n<figure id=\"attachment_194389\" aria-describedby=\"caption-attachment-194389\" style=\"width: 650px\" class=\"wp-caption aligncenter\"><img fetchpriority=\"high\" decoding=\"async\" class=\"size-large wp-image-194389\" src=\"https:\/\/candas365.es\/noticias\/wp-content\/uploads\/2026\/04\/el-Bayern-y-el-PSG-se-preparan-para-la-vuelta-650x356.jpg\" alt=\"&quot;Oda al f\u00fatbol&quot;: el Bayern y el PSG ya se preparan para la vuelta\" width=\"650\" height=\"356\" srcset=\"https:\/\/candas365.es\/noticias\/wp-content\/uploads\/2026\/04\/el-Bayern-y-el-PSG-se-preparan-para-la-vuelta-650x356.jpg 650w, https:\/\/candas365.es\/noticias\/wp-content\/uploads\/2026\/04\/el-Bayern-y-el-PSG-se-preparan-para-la-vuelta-360x197.jpg 360w, https:\/\/candas365.es\/noticias\/wp-content\/uploads\/2026\/04\/el-Bayern-y-el-PSG-se-preparan-para-la-vuelta-768x421.jpg 768w, https:\/\/candas365.es\/noticias\/wp-content\/uploads\/2026\/04\/el-Bayern-y-el-PSG-se-preparan-para-la-vuelta-150x82.jpg 150w, https:\/\/candas365.es\/noticias\/wp-content\/uploads\/2026\/04\/el-Bayern-y-el-PSG-se-preparan-para-la-vuelta-450x247.jpg 450w, https:\/\/candas365.es\/noticias\/wp-content\/uploads\/2026\/04\/el-Bayern-y-el-PSG-se-preparan-para-la-vuelta-1200x658.jpg 1200w, https:\/\/candas365.es\/noticias\/wp-content\/uploads\/2026\/04\/el-Bayern-y-el-PSG-se-preparan-para-la-vuelta.jpg 1272w\" sizes=\"(max-width: 650px) 100vw, 650px\" \/><figcaption id=\"caption-attachment-194389\" class=\"wp-caption-text\">Partido de ida de las semifinales entre el PSG y el Bayern M\u00fanich: el portero Manuel Neuer encaja el gol que puso en ventaja 2-1 al PSG. Foto: Federico Gambarini\/dpa<\/figcaption><\/figure>\n<p>\u00abNo, no lo disfrut\u00e9\u00bb, dijo Kompany -que estaba sancionado para el partido correspondiente a la ida de las semifinales disputado en Par\u00eds- al ser preguntado por su hom\u00f3logo en el PSG, Luis Enrique, en un breve intercambio entre ambos al finalizar el duelo.<\/p>\n<p>El p\u00fablico presente en el Parc des Princes hab\u00eda sido testigo poco antes de una semifinal extraordinaria en la que el Bayern comenz\u00f3 ganando 1-0, luego iba perdiendo 5-2, y logr\u00f3 enmendar a un 5-4 antes de la vuelta el mi\u00e9rcoles en M\u00fanich.<\/p>\n<p>Ya en rueda de prensa, el t\u00e9cnico belga de los muniqueses a\u00f1adi\u00f3: \u00abNo disfrut\u00e9 de esta experiencia. Las emociones en el campo son diferentes. Pero s\u00ed disfrut\u00e9 un poco desde la grada por c\u00f3mo remont\u00f3 mi equipo\u00bb.<\/p>\n<p>\u00abCuando dos equipos afrontan un partido como este con esta idea, eso es exactamente lo que puede pasar. Ya ten\u00eda la sensaci\u00f3n de que un partido as\u00ed era posible\u00bb, a\u00f1adi\u00f3.<\/p>\n<h1>Un partido para la historia<\/h1>\n<p>El PSG, vigente campe\u00f3n de la Champions, ganaba 3-2 al descanso, lo que la convirti\u00f3 en la primera semifinal de la competici\u00f3n con cinco goles anotados tan solo en la primera parte. Los nueve goles en total solo se han igualado una vez antes en una semifinal, en un pasado lejano, cuando el Eintracht Frankfurt gan\u00f3 6-3 al Rangers en 1960.<\/p>\n<p>\u00abHa sido incre\u00edble, no tengo palabras. Creo que ha sido el mejor partido que he vivido como entrenador. Ambos equipos quer\u00edan jugar, ambos tienen una calidad enorme. Creo que todo el mundo ha disfrutado viendo este partido\u00bb, dijo por su parte Luis Enrique.<\/p>\n<p>\u00abObviamente, estamos contentos por haber ganado, y no debemos olvidar que el Bayern solo ha perdido tres partidos esta temporada. Eso demuestra lo bien que lo hemos hecho hoy\u00bb, valor\u00f3 el t\u00e9cnico espa\u00f1ol.<\/p>\n<p>El mediapunta portugu\u00e9s Vitinha a\u00f1adi\u00f3: \u00abHa sido un partido de f\u00fatbol fant\u00e1stico. Nos ha encantado jugarlo y creo que todos los aficionados al f\u00fatbol han disfrutado vi\u00e9ndolo\u00bb.<\/p>\n<p>Las reacciones de los medios europeos se hicieron eco de ello: el diario deportivo espa\u00f1ol \u00abAS\u00bb calific\u00f3 el partido de \u00aboda al f\u00fatbol\u00bb, el \u00abDaily Mail\u00bb ingl\u00e9s dijo \u00abwow, just wow\u00bb (simplemente guau) y la Gazzetta dello Sport italiana declar\u00f3: \u00abPSG y Bayern, sois incre\u00edbles\u00bb.<\/p>\n<h2>L\u00edneas ofensivas de primera clase<\/h2>\n<p>El partido estuvo a la altura de las expectativas, ya que enfrent\u00f3 a los dos equipos posiblemente mejores y m\u00e1s ofensivos de Europa. El PSG elev\u00f3 su cuenta goleadora en la competici\u00f3n a 43 y el Bayern suma ahora 42, ambos cerca del r\u00e9cord del Barcelona de 45 goles en la temporada 1999-00.<\/p>\n<p>Ese r\u00e9cord podr\u00eda verse amenazado en M\u00fanich cuando se enfrenten de nuevo las formidables l\u00edneas de ataque del PSG, con D\u00e9sir\u00e9 Dou\u00e9, Khvicha Kvaratskhelia, Ousmane Demb\u00e9l\u00e9 (que marcaron dos goles) y el tridente del Bayern formado por Harry Kane, Michael Olise y Luis D\u00edaz (que marcaron todos esa noche).<\/p>\n<p>\u00abNo cambiaremos nuestra filosof\u00eda\u00bb, prometi\u00f3 Demb\u00e9l\u00e9 de cara a la vuelta, aunque el delantero tambi\u00e9n admiti\u00f3 que su equipo quiz\u00e1s \u00abpodr\u00eda haber tenido un mejor control con el 5-2\u00bb.<\/p>\n<p>Justo con ese marcador, seg\u00fan revel\u00f3, el centrocampista del Bayern Joshua Kimmich se preguntaba \u00ab\u00bfqu\u00e9 est\u00e1 pasando aqu\u00ed?\u00bb, al considerar que los jugadores del Bayern no eran desde luego \u00abtres goles peores\u00bb que los del PSG.<\/p>\n<h2>Las remontadas del Bayern<\/h2>\n<p>La remontada del Bayern podr\u00eda resultar decisiva de cara a la final del 30 de mayo en Budapest, donde quieren levantar el trofeo por s\u00e9ptima vez y posiblemente completar el tercer triplete de la historia del club.<\/p>\n<p>Aunque esta vez no ganaron, fue la cuarta remontada del Bayern solo en abril, tras haber ganado 3-2 ante el Freiburg tras ir perdiendo 2-0 en el minuto 81, y 4-3 contra el Mainz tras ir perdiendo 3-0 al descanso, y 4-3 tras ir perdiendo 3-2 hasta el minuto 88 en los cuartos de final contra el Real Madrid.<\/p>\n<p>\u00abHemos sabido gestionar bien los contratiempos porque no dejamos que cosas as\u00ed nos detengan; simplemente seguimos adelante\u00bb, coment\u00f3 el defensa Jonathan Tah.<\/p>\n<p>\u00abSe ha visto que podemos marcar muchos goles. Por supuesto, esta noche hemos encajado demasiados, pero al final solo es una diferencia de un gol. Afrontaremos el partido de vuelta con plena confianza, lo daremos todo y luego querremos estar en la final\u00bb, a\u00f1adi\u00f3 el internacional germano.<\/p>\n<p>\u00abAhora tenemos una semana para trabajar en lo que tenemos que mejorar. La confianza est\u00e1 al cien por cien, al igual que el sentimiento. Necesitamos a nuestra afici\u00f3n y su apoyo con la misma pasi\u00f3n que tuvimos contra el Madrid\u00bb, declar\u00f3 por su parte Kompany.<\/p>\n<p><i class=\"lang-es\"><span class=\" readonly\" title=\"\">Por John Bagratuni (dpa)<\/span><\/i><\/p>\n","protected":false},"excerpt":{"rendered":"<p>Berl\u00edn, 29 abr (dpa) &#8211; El entrenador del Bayern M\u00fanich, Vincent Kompany, admiti\u00f3 sin tapujos que no disfrut\u00f3 viendo desde la grada el memorable enfrentamiento de la Liga de Campeones contra el Paris Saint-Germain, que acab\u00f3 con un 5-4. \u00abNo, no lo disfrut\u00e9\u00bb, dijo Kompany -que estaba sancionado para el partido correspondiente a la ida<\/p>\n","protected":false},"author":1,"featured_media":194389,"comment_status":"closed","ping_status":"closed","sticky":false,"template":"","format":"standard","meta":{"footnotes":""},"categories":[319],"tags":[387],"class_list":{"0":"post-194388","1":"post","2":"type-post","3":"status-publish","4":"format-standard","5":"has-post-thumbnail","7":"category-deporte","8":"tag-deporte"},"aioseo_notices":[],"aioseo_head":"\n\t\t<!-- All in One SEO Pro 4.9.6.2 - aioseo.com -->\n\t<meta name=\"description\" content=\"Berl\u00edn, 29 abr (dpa) - El entrenador del Bayern M\u00fanich, Vincent Kompany, admiti\u00f3 sin tapujos que no disfrut\u00f3 viendo desde la grada el memorable enfrentamiento\" \/>\n\t<meta name=\"robots\" content=\"max-image-preview:large\" \/>\n\t<meta name=\"author\" content=\"Cand\u00e1s 365\"\/>\n\t<meta name=\"google-site-verification\" content=\"UA-32230408-1\" \/>\n\t<meta name=\"msvalidate.01\" content=\"354F3CDFB2DA171B47FBE9ABF1F88D5\" \/>\n\t<meta name=\"keywords\" content=\"deporte\" \/>\n\t<link rel=\"canonical\" href=\"https:\/\/candas365.es\/noticias\/oda-al-futbol-el-bayern-y-el-psg-se-preparan-para-la-vuelta\/\" \/>\n\t<meta name=\"generator\" content=\"All in One SEO Pro (AIOSEO) 4.9.6.2\" \/>\n\t\t<meta property=\"og:locale\" content=\"es_ES\" \/>\n\t\t<meta property=\"og:site_name\" content=\"Cand\u00e1s 365\" \/>\n\t\t<meta property=\"og:type\" content=\"article\" \/>\n\t\t<meta property=\"og:title\" content=\"\u00abOda al f\u00fatbol\u00bb: el Bayern y el PSG se preparan para la vuelta | Cand\u00e1s 365\" \/>\n\t\t<meta property=\"og:description\" content=\"Berl\u00edn, 29 abr (dpa) - El entrenador del Bayern M\u00fanich, Vincent Kompany, admiti\u00f3 sin tapujos que no disfrut\u00f3 viendo desde la grada el memorable enfrentamiento\" \/>\n\t\t<meta property=\"og:url\" content=\"https:\/\/candas365.es\/noticias\/oda-al-futbol-el-bayern-y-el-psg-se-preparan-para-la-vuelta\/\" \/>\n\t\t<meta property=\"og:image\" content=\"https:\/\/candas365.es\/noticias\/wp-content\/uploads\/2026\/04\/el-Bayern-y-el-PSG-se-preparan-para-la-vuelta.jpg\" \/>\n\t\t<meta property=\"og:image:secure_url\" content=\"https:\/\/candas365.es\/noticias\/wp-content\/uploads\/2026\/04\/el-Bayern-y-el-PSG-se-preparan-para-la-vuelta.jpg\" \/>\n\t\t<meta property=\"og:image:width\" content=\"1272\" \/>\n\t\t<meta property=\"og:image:height\" content=\"697\" \/>\n\t\t<meta property=\"article:published_time\" content=\"2026-04-29T13:16:34+00:00\" \/>\n\t\t<meta property=\"article:modified_time\" content=\"2026-04-29T13:16:34+00:00\" \/>\n\t\t<meta property=\"article:publisher\" content=\"https:\/\/www.facebook.com\/Nachofdezber\" \/>\n\t\t<meta property=\"article:author\" content=\"https:\/\/www.facebook.com\/carrenoactualidad\" \/>\n\t\t<meta name=\"twitter:card\" content=\"summary_large_image\" \/>\n\t\t<meta name=\"twitter:site\" content=\"@NabercoDigital\" \/>\n\t\t<meta name=\"twitter:title\" content=\"\u00abOda al f\u00fatbol\u00bb: el Bayern y el PSG se preparan para la vuelta | Cand\u00e1s 365\" \/>\n\t\t<meta name=\"twitter:description\" content=\"Berl\u00edn, 29 abr (dpa) - El entrenador del Bayern M\u00fanich, Vincent Kompany, admiti\u00f3 sin tapujos que no disfrut\u00f3 viendo desde la grada el memorable enfrentamiento\" \/>\n\t\t<meta name=\"twitter:creator\" content=\"@nbasturias\" \/>\n\t\t<meta name=\"twitter:image\" content=\"https:\/\/candas365.es\/noticias\/wp-content\/uploads\/2026\/04\/el-Bayern-y-el-PSG-se-preparan-para-la-vuelta.jpg\" \/>\n\t\t<meta name=\"twitter:label1\" content=\"Escrito por\" \/>\n\t\t<meta name=\"twitter:data1\" content=\"Cand\u00e1s 365\" \/>\n\t\t<meta name=\"twitter:label2\" content=\"Tiempo de lectura estimado\" \/>\n\t\t<meta name=\"twitter:data2\" content=\"4 minutos\" \/>\n\t\t<script type=\"application\/ld+json\" class=\"aioseo-schema\">\n\t\t\t{\"@context\":\"https:\\\/\\\/schema.org\",\"@graph\":[{\"@type\":\"BreadcrumbList\",\"@id\":\"https:\\\/\\\/candas365.es\\\/noticias\\\/oda-al-futbol-el-bayern-y-el-psg-se-preparan-para-la-vuelta\\\/#breadcrumblist\",\"itemListElement\":[{\"@type\":\"ListItem\",\"@id\":\"https:\\\/\\\/candas365.es\\\/noticias#listItem\",\"position\":1,\"name\":\"Home\",\"item\":\"https:\\\/\\\/candas365.es\\\/noticias\",\"nextItem\":{\"@type\":\"ListItem\",\"@id\":\"https:\\\/\\\/candas365.es\\\/noticias\\\/category\\\/deporte\\\/#listItem\",\"name\":\"Deporte\"}},{\"@type\":\"ListItem\",\"@id\":\"https:\\\/\\\/candas365.es\\\/noticias\\\/category\\\/deporte\\\/#listItem\",\"position\":2,\"name\":\"Deporte\",\"item\":\"https:\\\/\\\/candas365.es\\\/noticias\\\/category\\\/deporte\\\/\",\"nextItem\":{\"@type\":\"ListItem\",\"@id\":\"https:\\\/\\\/candas365.es\\\/noticias\\\/oda-al-futbol-el-bayern-y-el-psg-se-preparan-para-la-vuelta\\\/#listItem\",\"name\":\"\\u00abOda al f\\u00fatbol\\u00bb: el Bayern y el PSG se preparan para la vuelta\"},\"previousItem\":{\"@type\":\"ListItem\",\"@id\":\"https:\\\/\\\/candas365.es\\\/noticias#listItem\",\"name\":\"Home\"}},{\"@type\":\"ListItem\",\"@id\":\"https:\\\/\\\/candas365.es\\\/noticias\\\/oda-al-futbol-el-bayern-y-el-psg-se-preparan-para-la-vuelta\\\/#listItem\",\"position\":3,\"name\":\"\\u00abOda al f\\u00fatbol\\u00bb: el Bayern y el PSG se preparan para la vuelta\",\"previousItem\":{\"@type\":\"ListItem\",\"@id\":\"https:\\\/\\\/candas365.es\\\/noticias\\\/category\\\/deporte\\\/#listItem\",\"name\":\"Deporte\"}}]},{\"@type\":\"NewsArticle\",\"@id\":\"https:\\\/\\\/candas365.es\\\/noticias\\\/oda-al-futbol-el-bayern-y-el-psg-se-preparan-para-la-vuelta\\\/#newsarticle\",\"name\":\"\\u00abOda al f\\u00fatbol\\u00bb: el Bayern y el PSG se preparan para la vuelta | Cand\\u00e1s 365\",\"headline\":\"\\u00abOda al f\\u00fatbol\\u00bb: el Bayern y el PSG se preparan para la vuelta\",\"author\":{\"@id\":\"https:\\\/\\\/candas365.es\\\/noticias\\\/author\\\/admin\\\/#author\"},\"publisher\":{\"@id\":\"https:\\\/\\\/candas365.es\\\/noticias\\\/#organization\"},\"image\":{\"@type\":\"ImageObject\",\"url\":\"https:\\\/\\\/candas365.es\\\/noticias\\\/wp-content\\\/uploads\\\/2026\\\/04\\\/el-Bayern-y-el-PSG-se-preparan-para-la-vuelta.jpg\",\"width\":1272,\"height\":697,\"caption\":\"Partido de ida de las semifinales entre el PSG y el Bayern M\\u00fanich: el portero Manuel Neuer encaja el gol que puso en ventaja 2-1 al PSG. Foto: Federico Gambarini\\\/dpa\"},\"datePublished\":\"2026-04-29T15:16:34+02:00\",\"dateModified\":\"2026-04-29T15:16:34+02:00\",\"inLanguage\":\"es-ES\",\"mainEntityOfPage\":{\"@id\":\"https:\\\/\\\/candas365.es\\\/noticias\\\/oda-al-futbol-el-bayern-y-el-psg-se-preparan-para-la-vuelta\\\/#webpage\"},\"isPartOf\":{\"@id\":\"https:\\\/\\\/candas365.es\\\/noticias\\\/oda-al-futbol-el-bayern-y-el-psg-se-preparan-para-la-vuelta\\\/#webpage\"},\"articleSection\":\"Deporte, deporte\",\"dateline\":\"Publicado el abril 29, 2026.\"},{\"@type\":\"Organization\",\"@id\":\"https:\\\/\\\/candas365.es\\\/noticias\\\/#organization\",\"name\":\"Cand\\u00e1s 365\",\"description\":\"Cand\\u00e1s 365 es un diario digital independiente, fundado en 2012, con base en Asturias. Informamos con rigor sobre actualidad, sociedad, cultura y ocio, con una mirada local y global.\",\"url\":\"https:\\\/\\\/candas365.es\\\/noticias\\\/\",\"email\":\"info@candas365.es\",\"telephone\":\"+34652131393\",\"foundingDate\":\"2012-06-10\",\"logo\":{\"@type\":\"ImageObject\",\"url\":\"https:\\\/\\\/candas365.es\\\/noticias\\\/wp-content\\\/uploads\\\/2024\\\/09\\\/Candas-365-Redes.jpg\",\"@id\":\"https:\\\/\\\/candas365.es\\\/noticias\\\/oda-al-futbol-el-bayern-y-el-psg-se-preparan-para-la-vuelta\\\/#organizationLogo\",\"width\":1152,\"height\":864,\"caption\":\"Cand\\u00e1s 365 Redes\"},\"image\":{\"@id\":\"https:\\\/\\\/candas365.es\\\/noticias\\\/oda-al-futbol-el-bayern-y-el-psg-se-preparan-para-la-vuelta\\\/#organizationLogo\"},\"sameAs\":[\"https:\\\/\\\/www.facebook.com\\\/Nachofdezber\",\"https:\\\/\\\/x.com\\\/NabercoDigital\",\"https:\\\/\\\/www.instagram.com\\\/nachofdezber\\\/\",\"https:\\\/\\\/www.youtube.com\\\/channel\\\/UCZP-2wLEB9Rv6erhFmqVnvg\"],\"address\":{\"@id\":\"https:\\\/\\\/candas365.es\\\/noticias\\\/#postaladdress\",\"@type\":\"PostalAddress\",\"streetAddress\":\"san antonio 4, san antonio 4\",\"postalCode\":\"33430\",\"addressLocality\":\"Cand\\u00e1s\",\"addressRegion\":\"Asturias\",\"addressCountry\":\"ES\"}},{\"@type\":\"Person\",\"@id\":\"https:\\\/\\\/candas365.es\\\/noticias\\\/author\\\/admin\\\/#author\",\"url\":\"https:\\\/\\\/candas365.es\\\/noticias\\\/author\\\/admin\\\/\",\"name\":\"Cand\\u00e1s 365\",\"image\":{\"@type\":\"ImageObject\",\"@id\":\"https:\\\/\\\/candas365.es\\\/noticias\\\/oda-al-futbol-el-bayern-y-el-psg-se-preparan-para-la-vuelta\\\/#authorImage\",\"url\":\"https:\\\/\\\/secure.gravatar.com\\\/avatar\\\/496a8e03d0c493ede1718b7934145dbdf8d89be1036b0eec9544e1094c9de390?s=96&d=mm&r=g\",\"width\":96,\"height\":96,\"caption\":\"Cand\\u00e1s 365\"},\"sameAs\":[\"https:\\\/\\\/www.facebook.com\\\/carrenoactualidad\",\"https:\\\/\\\/twitter.com\\\/nbasturias\",\"https:\\\/\\\/www.instagram.com\\\/nachofdezber\\\/\",\"https:\\\/\\\/www.youtube.com\\\/channel\\\/UCZP-2wLEB9Rv6erhFmqVnvg\"]},{\"@type\":\"WebPage\",\"@id\":\"https:\\\/\\\/candas365.es\\\/noticias\\\/oda-al-futbol-el-bayern-y-el-psg-se-preparan-para-la-vuelta\\\/#webpage\",\"url\":\"https:\\\/\\\/candas365.es\\\/noticias\\\/oda-al-futbol-el-bayern-y-el-psg-se-preparan-para-la-vuelta\\\/\",\"name\":\"\\u00abOda al f\\u00fatbol\\u00bb: el Bayern y el PSG se preparan para la vuelta | Cand\\u00e1s 365\",\"description\":\"Berl\\u00edn, 29 abr (dpa) - El entrenador del Bayern M\\u00fanich, Vincent Kompany, admiti\\u00f3 sin tapujos que no disfrut\\u00f3 viendo desde la grada el memorable enfrentamiento\",\"inLanguage\":\"es-ES\",\"isPartOf\":{\"@id\":\"https:\\\/\\\/candas365.es\\\/noticias\\\/#website\"},\"breadcrumb\":{\"@id\":\"https:\\\/\\\/candas365.es\\\/noticias\\\/oda-al-futbol-el-bayern-y-el-psg-se-preparan-para-la-vuelta\\\/#breadcrumblist\"},\"author\":{\"@id\":\"https:\\\/\\\/candas365.es\\\/noticias\\\/author\\\/admin\\\/#author\"},\"creator\":{\"@id\":\"https:\\\/\\\/candas365.es\\\/noticias\\\/author\\\/admin\\\/#author\"},\"image\":{\"@type\":\"ImageObject\",\"url\":\"https:\\\/\\\/candas365.es\\\/noticias\\\/wp-content\\\/uploads\\\/2026\\\/04\\\/el-Bayern-y-el-PSG-se-preparan-para-la-vuelta.jpg\",\"@id\":\"https:\\\/\\\/candas365.es\\\/noticias\\\/oda-al-futbol-el-bayern-y-el-psg-se-preparan-para-la-vuelta\\\/#mainImage\",\"width\":1272,\"height\":697,\"caption\":\"Partido de ida de las semifinales entre el PSG y el Bayern M\\u00fanich: el portero Manuel Neuer encaja el gol que puso en ventaja 2-1 al PSG. Foto: Federico Gambarini\\\/dpa\"},\"primaryImageOfPage\":{\"@id\":\"https:\\\/\\\/candas365.es\\\/noticias\\\/oda-al-futbol-el-bayern-y-el-psg-se-preparan-para-la-vuelta\\\/#mainImage\"},\"datePublished\":\"2026-04-29T15:16:34+02:00\",\"dateModified\":\"2026-04-29T15:16:34+02:00\"},{\"@type\":\"WebSite\",\"@id\":\"https:\\\/\\\/candas365.es\\\/noticias\\\/#website\",\"url\":\"https:\\\/\\\/candas365.es\\\/noticias\\\/\",\"name\":\"Cand\\u00e1s 365\",\"alternateName\":\"Cand\\u00e1s 365 Noticias\",\"description\":\"Actualidad desde Carre\\u00f1o para el mundo\",\"inLanguage\":\"es-ES\",\"publisher\":{\"@id\":\"https:\\\/\\\/candas365.es\\\/noticias\\\/#organization\"}}]}\n\t\t<\/script>\n\t\t<!-- All in One SEO Pro -->\r\n\t\t<title>\u00abOda al f\u00fatbol\u00bb: el Bayern y el PSG se preparan para la vuelta | Cand\u00e1s 365<\/title>\n\n","aioseo_head_json":{"title":"\u00abOda al f\u00fatbol\u00bb: el Bayern y el PSG se preparan para la vuelta | Cand\u00e1s 365","description":"Berl\u00edn, 29 abr (dpa) - El entrenador del Bayern M\u00fanich, Vincent Kompany, admiti\u00f3 sin tapujos que no disfrut\u00f3 viendo desde la grada el memorable enfrentamiento","canonical_url":"https:\/\/candas365.es\/noticias\/oda-al-futbol-el-bayern-y-el-psg-se-preparan-para-la-vuelta\/","robots":"max-image-preview:large","keywords":"deporte","webmasterTools":{"google-site-verification":"UA-32230408-1","msvalidate.01":"354F3CDFB2DA171B47FBE9ABF1F88D5","miscellaneous":""},"schema":{"@context":"https:\/\/schema.org","@graph":[{"@type":"BreadcrumbList","@id":"https:\/\/candas365.es\/noticias\/oda-al-futbol-el-bayern-y-el-psg-se-preparan-para-la-vuelta\/#breadcrumblist","itemListElement":[{"@type":"ListItem","@id":"https:\/\/candas365.es\/noticias#listItem","position":1,"name":"Home","item":"https:\/\/candas365.es\/noticias","nextItem":{"@type":"ListItem","@id":"https:\/\/candas365.es\/noticias\/category\/deporte\/#listItem","name":"Deporte"}},{"@type":"ListItem","@id":"https:\/\/candas365.es\/noticias\/category\/deporte\/#listItem","position":2,"name":"Deporte","item":"https:\/\/candas365.es\/noticias\/category\/deporte\/","nextItem":{"@type":"ListItem","@id":"https:\/\/candas365.es\/noticias\/oda-al-futbol-el-bayern-y-el-psg-se-preparan-para-la-vuelta\/#listItem","name":"\u00abOda al f\u00fatbol\u00bb: el Bayern y el PSG se preparan para la vuelta"},"previousItem":{"@type":"ListItem","@id":"https:\/\/candas365.es\/noticias#listItem","name":"Home"}},{"@type":"ListItem","@id":"https:\/\/candas365.es\/noticias\/oda-al-futbol-el-bayern-y-el-psg-se-preparan-para-la-vuelta\/#listItem","position":3,"name":"\u00abOda al f\u00fatbol\u00bb: el Bayern y el PSG se preparan para la vuelta","previousItem":{"@type":"ListItem","@id":"https:\/\/candas365.es\/noticias\/category\/deporte\/#listItem","name":"Deporte"}}]},{"@type":"NewsArticle","@id":"https:\/\/candas365.es\/noticias\/oda-al-futbol-el-bayern-y-el-psg-se-preparan-para-la-vuelta\/#newsarticle","name":"\u00abOda al f\u00fatbol\u00bb: el Bayern y el PSG se preparan para la vuelta | Cand\u00e1s 365","headline":"\u00abOda al f\u00fatbol\u00bb: el Bayern y el PSG se preparan para la vuelta","author":{"@id":"https:\/\/candas365.es\/noticias\/author\/admin\/#author"},"publisher":{"@id":"https:\/\/candas365.es\/noticias\/#organization"},"image":{"@type":"ImageObject","url":"https:\/\/candas365.es\/noticias\/wp-content\/uploads\/2026\/04\/el-Bayern-y-el-PSG-se-preparan-para-la-vuelta.jpg","width":1272,"height":697,"caption":"Partido de ida de las semifinales entre el PSG y el Bayern M\u00fanich: el portero Manuel Neuer encaja el gol que puso en ventaja 2-1 al PSG. Foto: Federico Gambarini\/dpa"},"datePublished":"2026-04-29T15:16:34+02:00","dateModified":"2026-04-29T15:16:34+02:00","inLanguage":"es-ES","mainEntityOfPage":{"@id":"https:\/\/candas365.es\/noticias\/oda-al-futbol-el-bayern-y-el-psg-se-preparan-para-la-vuelta\/#webpage"},"isPartOf":{"@id":"https:\/\/candas365.es\/noticias\/oda-al-futbol-el-bayern-y-el-psg-se-preparan-para-la-vuelta\/#webpage"},"articleSection":"Deporte, deporte","dateline":"Publicado el abril 29, 2026."},{"@type":"Organization","@id":"https:\/\/candas365.es\/noticias\/#organization","name":"Cand\u00e1s 365","description":"Cand\u00e1s 365 es un diario digital independiente, fundado en 2012, con base en Asturias. Informamos con rigor sobre actualidad, sociedad, cultura y ocio, con una mirada local y global.","url":"https:\/\/candas365.es\/noticias\/","email":"info@candas365.es","telephone":"+34652131393","foundingDate":"2012-06-10","logo":{"@type":"ImageObject","url":"https:\/\/candas365.es\/noticias\/wp-content\/uploads\/2024\/09\/Candas-365-Redes.jpg","@id":"https:\/\/candas365.es\/noticias\/oda-al-futbol-el-bayern-y-el-psg-se-preparan-para-la-vuelta\/#organizationLogo","width":1152,"height":864,"caption":"Cand\u00e1s 365 Redes"},"image":{"@id":"https:\/\/candas365.es\/noticias\/oda-al-futbol-el-bayern-y-el-psg-se-preparan-para-la-vuelta\/#organizationLogo"},"sameAs":["https:\/\/www.facebook.com\/Nachofdezber","https:\/\/x.com\/NabercoDigital","https:\/\/www.instagram.com\/nachofdezber\/","https:\/\/www.youtube.com\/channel\/UCZP-2wLEB9Rv6erhFmqVnvg"],"address":{"@id":"https:\/\/candas365.es\/noticias\/#postaladdress","@type":"PostalAddress","streetAddress":"san antonio 4, san antonio 4","postalCode":"33430","addressLocality":"Cand\u00e1s","addressRegion":"Asturias","addressCountry":"ES"}},{"@type":"Person","@id":"https:\/\/candas365.es\/noticias\/author\/admin\/#author","url":"https:\/\/candas365.es\/noticias\/author\/admin\/","name":"Cand\u00e1s 365","image":{"@type":"ImageObject","@id":"https:\/\/candas365.es\/noticias\/oda-al-futbol-el-bayern-y-el-psg-se-preparan-para-la-vuelta\/#authorImage","url":"https:\/\/secure.gravatar.com\/avatar\/496a8e03d0c493ede1718b7934145dbdf8d89be1036b0eec9544e1094c9de390?s=96&d=mm&r=g","width":96,"height":96,"caption":"Cand\u00e1s 365"},"sameAs":["https:\/\/www.facebook.com\/carrenoactualidad","https:\/\/twitter.com\/nbasturias","https:\/\/www.instagram.com\/nachofdezber\/","https:\/\/www.youtube.com\/channel\/UCZP-2wLEB9Rv6erhFmqVnvg"]},{"@type":"WebPage","@id":"https:\/\/candas365.es\/noticias\/oda-al-futbol-el-bayern-y-el-psg-se-preparan-para-la-vuelta\/#webpage","url":"https:\/\/candas365.es\/noticias\/oda-al-futbol-el-bayern-y-el-psg-se-preparan-para-la-vuelta\/","name":"\u00abOda al f\u00fatbol\u00bb: el Bayern y el PSG se preparan para la vuelta | Cand\u00e1s 365","description":"Berl\u00edn, 29 abr (dpa) - El entrenador del Bayern M\u00fanich, Vincent Kompany, admiti\u00f3 sin tapujos que no disfrut\u00f3 viendo desde la grada el memorable enfrentamiento","inLanguage":"es-ES","isPartOf":{"@id":"https:\/\/candas365.es\/noticias\/#website"},"breadcrumb":{"@id":"https:\/\/candas365.es\/noticias\/oda-al-futbol-el-bayern-y-el-psg-se-preparan-para-la-vuelta\/#breadcrumblist"},"author":{"@id":"https:\/\/candas365.es\/noticias\/author\/admin\/#author"},"creator":{"@id":"https:\/\/candas365.es\/noticias\/author\/admin\/#author"},"image":{"@type":"ImageObject","url":"https:\/\/candas365.es\/noticias\/wp-content\/uploads\/2026\/04\/el-Bayern-y-el-PSG-se-preparan-para-la-vuelta.jpg","@id":"https:\/\/candas365.es\/noticias\/oda-al-futbol-el-bayern-y-el-psg-se-preparan-para-la-vuelta\/#mainImage","width":1272,"height":697,"caption":"Partido de ida de las semifinales entre el PSG y el Bayern M\u00fanich: el portero Manuel Neuer encaja el gol que puso en ventaja 2-1 al PSG. Foto: Federico Gambarini\/dpa"},"primaryImageOfPage":{"@id":"https:\/\/candas365.es\/noticias\/oda-al-futbol-el-bayern-y-el-psg-se-preparan-para-la-vuelta\/#mainImage"},"datePublished":"2026-04-29T15:16:34+02:00","dateModified":"2026-04-29T15:16:34+02:00"},{"@type":"WebSite","@id":"https:\/\/candas365.es\/noticias\/#website","url":"https:\/\/candas365.es\/noticias\/","name":"Cand\u00e1s 365","alternateName":"Cand\u00e1s 365 Noticias","description":"Actualidad desde Carre\u00f1o para el mundo","inLanguage":"es-ES","publisher":{"@id":"https:\/\/candas365.es\/noticias\/#organization"}}]},"og:locale":"es_ES","og:site_name":"Cand\u00e1s 365","og:type":"article","og:title":"\u00abOda al f\u00fatbol\u00bb: el Bayern y el PSG se preparan para la vuelta | Cand\u00e1s 365","og:description":"Berl\u00edn, 29 abr (dpa) - El entrenador del Bayern M\u00fanich, Vincent Kompany, admiti\u00f3 sin tapujos que no disfrut\u00f3 viendo desde la grada el memorable enfrentamiento","og:url":"https:\/\/candas365.es\/noticias\/oda-al-futbol-el-bayern-y-el-psg-se-preparan-para-la-vuelta\/","og:image":"https:\/\/candas365.es\/noticias\/wp-content\/uploads\/2026\/04\/el-Bayern-y-el-PSG-se-preparan-para-la-vuelta.jpg","og:image:secure_url":"https:\/\/candas365.es\/noticias\/wp-content\/uploads\/2026\/04\/el-Bayern-y-el-PSG-se-preparan-para-la-vuelta.jpg","og:image:width":1272,"og:image:height":697,"article:published_time":"2026-04-29T13:16:34+00:00","article:modified_time":"2026-04-29T13:16:34+00:00","article:publisher":"https:\/\/www.facebook.com\/Nachofdezber","article:author":"https:\/\/www.facebook.com\/carrenoactualidad","twitter:card":"summary_large_image","twitter:site":"@NabercoDigital","twitter:title":"\u00abOda al f\u00fatbol\u00bb: el Bayern y el PSG se preparan para la vuelta | Cand\u00e1s 365","twitter:description":"Berl\u00edn, 29 abr (dpa) - El entrenador del Bayern M\u00fanich, Vincent Kompany, admiti\u00f3 sin tapujos que no disfrut\u00f3 viendo desde la grada el memorable enfrentamiento","twitter:creator":"@nbasturias","twitter:image":"https:\/\/candas365.es\/noticias\/wp-content\/uploads\/2026\/04\/el-Bayern-y-el-PSG-se-preparan-para-la-vuelta.jpg","twitter:label1":"Escrito por","twitter:data1":"Cand\u00e1s 365","twitter:label2":"Tiempo de lectura estimado","twitter:data2":"4 minutos"},"aioseo_meta_data":{"post_id":"194388","title":null,"description":"Berl\u00edn, 29 abr (dpa) - El entrenador del Bayern M\u00fanich, Vincent Kompany, admiti\u00f3 sin tapujos que no disfrut\u00f3 viendo desde la grada el memorable enfrentamiento","keywords":null,"keyphrases":{"focus":{"keyphrase":"Bayern","score":91,"analysis":{"keyphraseInTitle":{"score":9,"maxScore":9,"error":0},"keyphraseInDescription":{"score":9,"maxScore":9,"error":0},"keyphraseLength":{"score":9,"maxScore":9,"error":0,"length":1},"keyphraseInURL":{"score":5,"maxScore":5,"error":0},"keyphraseInIntroduction":{"score":9,"maxScore":9,"error":0},"keyphraseInSubHeadings":{"score":9,"maxScore":9,"error":0},"keyphraseInImageAlt":{"score":3,"maxScore":9,"error":1},"keywordDensity":{"type":"best","score":9,"maxScore":9,"error":0}}},"additional":[{"keyphrase":"Bayern","score":87,"analysis":{"keyphraseInDescription":{"score":9,"maxScore":9,"error":0},"keyphraseLength":{"score":9,"maxScore":9,"error":0,"length":1},"keyphraseInIntroduction":{"score":9,"maxScore":9,"error":0},"keyphraseInImageAlt":{"score":3,"maxScore":9,"error":1},"keywordDensity":{"type":"best","score":9,"maxScore":9,"error":0}}}]},"primary_term":null,"canonical_url":null,"og_title":null,"og_description":null,"og_object_type":"default","og_image_type":"default","og_image_url":null,"og_image_width":null,"og_image_height":null,"og_image_custom_url":null,"og_image_custom_fields":null,"og_video":"","og_custom_url":null,"og_article_section":null,"og_article_tags":null,"twitter_use_og":false,"twitter_card":"default","twitter_image_type":"default","twitter_image_url":null,"twitter_image_custom_url":null,"twitter_image_custom_fields":null,"twitter_title":null,"twitter_description":null,"schema":{"blockGraphs":[],"customGraphs":[],"default":{"data":{"Article":[],"Course":[],"Dataset":[],"FAQPage":[],"Movie":[],"Person":[],"Product":[],"ProductReview":[],"Car":[],"Recipe":[],"Service":[],"SoftwareApplication":[],"WebPage":[]},"graphName":"NewsArticle","isEnabled":true},"graphs":[]},"schema_type":"default","schema_type_options":null,"pillar_content":false,"robots_default":true,"robots_noindex":false,"robots_noarchive":false,"robots_nosnippet":false,"robots_nofollow":false,"robots_noimageindex":false,"robots_noodp":false,"robots_notranslate":false,"robots_max_snippet":"-1","robots_max_videopreview":"-1","robots_max_imagepreview":"large","priority":null,"frequency":"default","location":null,"local_seo":null,"seo_analyzer_scan_date":"2026-04-29 13:25:05","breadcrumb_settings":null,"limit_modified_date":false,"reviewed_by":"0","open_ai":null,"ai":{"faqs":[],"keyPoints":[],"schemas":[],"titles":[],"descriptions":[],"socialPosts":{"email":[],"linkedin":[],"twitter":[],"facebook":[],"instagram":[]}},"created":"2026-04-29 13:08:35","updated":"2026-04-29 13:25:15"},"aioseo_breadcrumb":"<div class=\"aioseo-breadcrumbs\"><span class=\"aioseo-breadcrumb\">\n\t<a href=\"https:\/\/candas365.es\/noticias\" title=\"Home\">Home<\/a>\n<\/span><span class=\"aioseo-breadcrumb-separator\">&ndash;<\/span><span class=\"aioseo-breadcrumb\">\n\t<a href=\"https:\/\/candas365.es\/noticias\/category\/deporte\/\" title=\"Deporte\">Deporte<\/a>\n<\/span><span class=\"aioseo-breadcrumb-separator\">&ndash;<\/span><span class=\"aioseo-breadcrumb\">\n\t\u00abOda al f\u00fatbol\u00bb: el Bayern y el PSG se preparan para la vuelta\n<\/span><\/div>","aioseo_breadcrumb_json":[{"label":"Home","link":"https:\/\/candas365.es\/noticias"},{"label":"Deporte","link":"https:\/\/candas365.es\/noticias\/category\/deporte\/"},{"label":"\u00abOda al f\u00fatbol\u00bb: el Bayern y el PSG se preparan para la vuelta","link":"https:\/\/candas365.es\/noticias\/oda-al-futbol-el-bayern-y-el-psg-se-preparan-para-la-vuelta\/"}],"_links":{"self":[{"href":"https:\/\/candas365.es\/noticias\/wp-json\/wp\/v2\/posts\/194388","targetHints":{"allow":["GET"]}}],"collection":[{"href":"https:\/\/candas365.es\/noticias\/wp-json\/wp\/v2\/posts"}],"about":[{"href":"https:\/\/candas365.es\/noticias\/wp-json\/wp\/v2\/types\/post"}],"author":[{"embeddable":true,"href":"https:\/\/candas365.es\/noticias\/wp-json\/wp\/v2\/users\/1"}],"replies":[{"embeddable":true,"href":"https:\/\/candas365.es\/noticias\/wp-json\/wp\/v2\/comments?post=194388"}],"version-history":[{"count":1,"href":"https:\/\/candas365.es\/noticias\/wp-json\/wp\/v2\/posts\/194388\/revisions"}],"predecessor-version":[{"id":194390,"href":"https:\/\/candas365.es\/noticias\/wp-json\/wp\/v2\/posts\/194388\/revisions\/194390"}],"wp:featuredmedia":[{"embeddable":true,"href":"https:\/\/candas365.es\/noticias\/wp-json\/wp\/v2\/media\/194389"}],"wp:attachment":[{"href":"https:\/\/candas365.es\/noticias\/wp-json\/wp\/v2\/media?parent=194388"}],"wp:term":[{"taxonomy":"category","embeddable":true,"href":"https:\/\/candas365.es\/noticias\/wp-json\/wp\/v2\/categories?post=194388"},{"taxonomy":"post_tag","embeddable":true,"href":"https:\/\/candas365.es\/noticias\/wp-json\/wp\/v2\/tags?post=194388"}],"curies":[{"name":"wp","href":"https:\/\/api.w.org\/{rel}","templated":true}]}}