{"id":194385,"date":"2026-04-28T19:44:27","date_gmt":"2026-04-28T17:44:27","guid":{"rendered":"https:\/\/candas365.es\/noticias\/?p=194385"},"modified":"2026-04-28T19:44:27","modified_gmt":"2026-04-28T17:44:27","slug":"las-telecos-piden-aplazar-el-bloqueo-de-sms-sospechosos","status":"publish","type":"post","link":"https:\/\/candas365.es\/noticias\/las-telecos-piden-aplazar-el-bloqueo-de-sms-sospechosos\/","title":{"rendered":"Las telecos piden aplazar el bloqueo de SMS sospechosos"},"content":{"rendered":"<p>La<a href=\"https:\/\/candas365.es\/noticias\/category\/canal-empresas\/\"><span style=\"color: #ff6600;\"><strong> patronal<\/strong><\/span><\/a> DigitalES ha solicitado al Ministerio de Transformaci\u00f3n Digital que retrase la norma prevista para el 7 de junio que obligar\u00e1 a bloquear los SMS, MMS y RCS sin remitente identificado.<\/p>\n<figure id=\"attachment_194386\" aria-describedby=\"caption-attachment-194386\" style=\"width: 650px\" class=\"wp-caption aligncenter\"><img fetchpriority=\"high\" decoding=\"async\" class=\"size-large wp-image-194386\" src=\"https:\/\/candas365.es\/noticias\/wp-content\/uploads\/2026\/04\/Las-telecos-piden-aplazar-el-bloqueo-de-SMS-sospechosos-650x426.jpg\" alt=\"Las telecos piden aplazar el bloqueo de SMS sospechosos\" width=\"650\" height=\"426\" srcset=\"https:\/\/candas365.es\/noticias\/wp-content\/uploads\/2026\/04\/Las-telecos-piden-aplazar-el-bloqueo-de-SMS-sospechosos-650x426.jpg 650w, https:\/\/candas365.es\/noticias\/wp-content\/uploads\/2026\/04\/Las-telecos-piden-aplazar-el-bloqueo-de-SMS-sospechosos-360x236.jpg 360w, https:\/\/candas365.es\/noticias\/wp-content\/uploads\/2026\/04\/Las-telecos-piden-aplazar-el-bloqueo-de-SMS-sospechosos-768x504.jpg 768w, https:\/\/candas365.es\/noticias\/wp-content\/uploads\/2026\/04\/Las-telecos-piden-aplazar-el-bloqueo-de-SMS-sospechosos-150x98.jpg 150w, https:\/\/candas365.es\/noticias\/wp-content\/uploads\/2026\/04\/Las-telecos-piden-aplazar-el-bloqueo-de-SMS-sospechosos-450x295.jpg 450w, https:\/\/candas365.es\/noticias\/wp-content\/uploads\/2026\/04\/Las-telecos-piden-aplazar-el-bloqueo-de-SMS-sospechosos-1200x787.jpg 1200w, https:\/\/candas365.es\/noticias\/wp-content\/uploads\/2026\/04\/Las-telecos-piden-aplazar-el-bloqueo-de-SMS-sospechosos.jpg 1256w\" sizes=\"(max-width: 650px) 100vw, 650px\" \/><figcaption id=\"caption-attachment-194386\" class=\"wp-caption-text\">El ministro \u00d3scar L\u00f3pez con el presidente de DigitalES, Federico Linares | Foto de DigitalES<\/figcaption><\/figure>\n<p>DigitalES, la patronal que integra a los principales operadores de telecomunicaciones en Espa\u00f1a, ha pedido al Ministerio de Transformaci\u00f3n Digital una pr\u00f3rroga en la entrada en vigor prevista para el pr\u00f3ximo 7 de junio de la orden que obliga a las telecos a bloquear autom\u00e1ticamente cualquier mensaje SMS, MMS y RCS cuyo remitente no est\u00e9 correctamente identificado.<\/p>\n<p>La Orden Ministerial TDF\/149\/2025 afectar\u00e1 al conjunto del sistema de mensajer\u00eda empresarial y administrativa, y DigitalES sostiene que es necesario \u00abasegurar una aplicaci\u00f3n ordenada que evite impactos en comunicaciones leg\u00edtimas de empresas y administraciones durante la implantaci\u00f3n del nuevo sistema\u00bb, seg\u00fan se\u00f1al\u00f3 este martes en un comunicado.<\/p>\n<p>La norma, impulsada por el propio ministerio para combatir las estafas por suplantaci\u00f3n de identidad en llamadas y mensajes de texto, establece la obligaci\u00f3n de inscribir en un &#8216;Registro de Alias&#8217; a los remitentes que env\u00edan comunicaciones a trav\u00e9s de SMS. A partir de la fecha prevista, los operadores deber\u00e1n bloquear autom\u00e1ticamente cualquier mensaje que no cumpla estos requisitos.<\/p>\n<p>El &#8216;Registro de Alias&#8217;, cuyo funcionamiento ha sido desarrollado por la CNMC mediante una circular, es una herramienta que permite verificar de forma fiable los nombres (alias) que utilizan empresas y administraciones para enviar mensajes a los ciudadanos, con el objetivo de evitar fraudes y garantizar la autenticidad de las comunicaciones.<\/p>\n<h2>COMPLEJIDAD<\/h2>\n<p>DigitalES dice que comparte plenamente el objetivo antifraude de la normativa y valora positivamente tanto el impulso normativo del ministerio como el papel de la CNMC como autoridad independiente encargada de su desarrollo.<\/p>\n<p>No obstante, opina que la entrada en vigor de estos bloqueos supone un cambio estructural en el funcionamiento del canal SMS, que gestiona millones de comunicaciones diarias, muchas de ellas vinculadas a servicios esenciales, comunicaciones financieras o avisos administrativos. Por ello, considera clave que su puesta en marcha sea ordenada, segura y eficaz desde el primer d\u00eda.<\/p>\n<p>\u00abLa complejidad t\u00e9cnica y operativa del ecosistema \u2014con m\u00faltiples empresas, marcas, proveedores tecnol\u00f3gicos y flujos internacionales\u2014 hace que exista el riesgo de que algunas empresas o administraciones p\u00fablicas que no completen el proceso de registro a tiempo o sin incidencias t\u00e9cnicas, vean sus mensajes bloqueados\u00bb, se\u00f1ala la nota.<\/p>\n<p>Por ello, DigitalES considera necesario habilitar un periodo transitorio que permita asegurar una implantaci\u00f3n plenamente eficaz del sistema, evitando disrupciones en comunicaciones leg\u00edtimas desde el inicio de su aplicaci\u00f3n.<\/p>\n<p>Cree que este periodo adicional permitir\u00eda completar los procesos de verificaci\u00f3n de alias, realizar pruebas t\u00e9cnicas adicionales en coordinaci\u00f3n con la CNMC y reforzar la seguridad jur\u00eddica y operativa para todos los actores implicados.<\/p>\n<p>(<a href=\"https:\/\/www.servimedia.es\/\" target=\"_blank\" rel=\"noopener\"><span style=\"color: #ff6600;\"><strong>SERVIMEDIA<\/strong><\/span><\/a>)<\/p>\n","protected":false},"excerpt":{"rendered":"<p>La patronal DigitalES ha solicitado al Ministerio de Transformaci\u00f3n Digital que retrase la norma prevista para el 7 de junio que obligar\u00e1 a bloquear los SMS, MMS y RCS sin remitente identificado. DigitalES, la patronal que integra a los principales operadores de telecomunicaciones en Espa\u00f1a, ha pedido al Ministerio de Transformaci\u00f3n Digital una pr\u00f3rroga en<\/p>\n","protected":false},"author":1,"featured_media":194386,"comment_status":"closed","ping_status":"closed","sticky":false,"template":"","format":"standard","meta":{"footnotes":""},"categories":[151],"tags":[383],"class_list":{"0":"post-194385","1":"post","2":"type-post","3":"status-publish","4":"format-standard","5":"has-post-thumbnail","7":"category-canal-empresas","8":"tag-empresas"},"aioseo_notices":[],"aioseo_head":"\n\t\t<!-- All in One SEO Pro 4.9.6.2 - aioseo.com -->\n\t<meta name=\"description\" content=\"La patronal DigitalES ha solicitado al Ministerio de Transformaci\u00f3n Digital que retrase la norma prevista para el 7 de junio que obligar\u00e1 a bloquear los SMS\" \/>\n\t<meta name=\"robots\" content=\"max-image-preview:large\" \/>\n\t<meta name=\"author\" content=\"Cand\u00e1s 365\"\/>\n\t<meta name=\"google-site-verification\" content=\"UA-32230408-1\" \/>\n\t<meta name=\"msvalidate.01\" content=\"354F3CDFB2DA171B47FBE9ABF1F88D5\" \/>\n\t<meta name=\"keywords\" content=\"canal empresas\" \/>\n\t<link rel=\"canonical\" href=\"https:\/\/candas365.es\/noticias\/las-telecos-piden-aplazar-el-bloqueo-de-sms-sospechosos\/\" \/>\n\t<meta name=\"generator\" content=\"All in One SEO Pro (AIOSEO) 4.9.6.2\" \/>\n\t\t<meta property=\"og:locale\" content=\"es_ES\" \/>\n\t\t<meta property=\"og:site_name\" content=\"Cand\u00e1s 365\" \/>\n\t\t<meta property=\"og:type\" content=\"article\" \/>\n\t\t<meta property=\"og:title\" content=\"Las telecos piden aplazar el bloqueo de SMS sospechosos | Cand\u00e1s 365\" \/>\n\t\t<meta property=\"og:description\" content=\"La patronal DigitalES ha solicitado al Ministerio de Transformaci\u00f3n Digital que retrase la norma prevista para el 7 de junio que obligar\u00e1 a bloquear los SMS\" \/>\n\t\t<meta property=\"og:url\" content=\"https:\/\/candas365.es\/noticias\/las-telecos-piden-aplazar-el-bloqueo-de-sms-sospechosos\/\" \/>\n\t\t<meta property=\"og:image\" content=\"https:\/\/candas365.es\/noticias\/wp-content\/uploads\/2026\/04\/Las-telecos-piden-aplazar-el-bloqueo-de-SMS-sospechosos.jpg\" \/>\n\t\t<meta property=\"og:image:secure_url\" content=\"https:\/\/candas365.es\/noticias\/wp-content\/uploads\/2026\/04\/Las-telecos-piden-aplazar-el-bloqueo-de-SMS-sospechosos.jpg\" \/>\n\t\t<meta property=\"og:image:width\" content=\"1256\" \/>\n\t\t<meta property=\"og:image:height\" content=\"824\" \/>\n\t\t<meta property=\"article:published_time\" content=\"2026-04-28T17:44:27+00:00\" \/>\n\t\t<meta property=\"article:modified_time\" content=\"2026-04-28T17:44:27+00:00\" \/>\n\t\t<meta property=\"article:publisher\" content=\"https:\/\/www.facebook.com\/Nachofdezber\" \/>\n\t\t<meta property=\"article:author\" content=\"https:\/\/www.facebook.com\/carrenoactualidad\" \/>\n\t\t<meta name=\"twitter:card\" content=\"summary_large_image\" \/>\n\t\t<meta name=\"twitter:site\" content=\"@NabercoDigital\" \/>\n\t\t<meta name=\"twitter:title\" content=\"Las telecos piden aplazar el bloqueo de SMS sospechosos | Cand\u00e1s 365\" \/>\n\t\t<meta name=\"twitter:description\" content=\"La patronal DigitalES ha solicitado al Ministerio de Transformaci\u00f3n Digital que retrase la norma prevista para el 7 de junio que obligar\u00e1 a bloquear los SMS\" \/>\n\t\t<meta name=\"twitter:creator\" content=\"@nbasturias\" \/>\n\t\t<meta name=\"twitter:image\" content=\"https:\/\/candas365.es\/noticias\/wp-content\/uploads\/2026\/04\/Las-telecos-piden-aplazar-el-bloqueo-de-SMS-sospechosos.jpg\" \/>\n\t\t<meta name=\"twitter:label1\" content=\"Escrito por\" \/>\n\t\t<meta name=\"twitter:data1\" content=\"Cand\u00e1s 365\" \/>\n\t\t<meta name=\"twitter:label2\" content=\"Tiempo de lectura estimado\" \/>\n\t\t<meta name=\"twitter:data2\" content=\"3 minutos\" \/>\n\t\t<script type=\"application\/ld+json\" class=\"aioseo-schema\">\n\t\t\t{\"@context\":\"https:\\\/\\\/schema.org\",\"@graph\":[{\"@type\":\"BreadcrumbList\",\"@id\":\"https:\\\/\\\/candas365.es\\\/noticias\\\/las-telecos-piden-aplazar-el-bloqueo-de-sms-sospechosos\\\/#breadcrumblist\",\"itemListElement\":[{\"@type\":\"ListItem\",\"@id\":\"https:\\\/\\\/candas365.es\\\/noticias#listItem\",\"position\":1,\"name\":\"Home\",\"item\":\"https:\\\/\\\/candas365.es\\\/noticias\",\"nextItem\":{\"@type\":\"ListItem\",\"@id\":\"https:\\\/\\\/candas365.es\\\/noticias\\\/category\\\/canal-empresas\\\/#listItem\",\"name\":\"Canal Empresas\"}},{\"@type\":\"ListItem\",\"@id\":\"https:\\\/\\\/candas365.es\\\/noticias\\\/category\\\/canal-empresas\\\/#listItem\",\"position\":2,\"name\":\"Canal Empresas\",\"item\":\"https:\\\/\\\/candas365.es\\\/noticias\\\/category\\\/canal-empresas\\\/\",\"nextItem\":{\"@type\":\"ListItem\",\"@id\":\"https:\\\/\\\/candas365.es\\\/noticias\\\/las-telecos-piden-aplazar-el-bloqueo-de-sms-sospechosos\\\/#listItem\",\"name\":\"Las telecos piden aplazar el bloqueo de SMS sospechosos\"},\"previousItem\":{\"@type\":\"ListItem\",\"@id\":\"https:\\\/\\\/candas365.es\\\/noticias#listItem\",\"name\":\"Home\"}},{\"@type\":\"ListItem\",\"@id\":\"https:\\\/\\\/candas365.es\\\/noticias\\\/las-telecos-piden-aplazar-el-bloqueo-de-sms-sospechosos\\\/#listItem\",\"position\":3,\"name\":\"Las telecos piden aplazar el bloqueo de SMS sospechosos\",\"previousItem\":{\"@type\":\"ListItem\",\"@id\":\"https:\\\/\\\/candas365.es\\\/noticias\\\/category\\\/canal-empresas\\\/#listItem\",\"name\":\"Canal Empresas\"}}]},{\"@type\":\"NewsArticle\",\"@id\":\"https:\\\/\\\/candas365.es\\\/noticias\\\/las-telecos-piden-aplazar-el-bloqueo-de-sms-sospechosos\\\/#newsarticle\",\"name\":\"Las telecos piden aplazar el bloqueo de SMS sospechosos | Cand\\u00e1s 365\",\"headline\":\"Las telecos piden aplazar el bloqueo de SMS sospechosos\",\"author\":{\"@id\":\"https:\\\/\\\/candas365.es\\\/noticias\\\/author\\\/admin\\\/#author\"},\"publisher\":{\"@id\":\"https:\\\/\\\/candas365.es\\\/noticias\\\/#organization\"},\"image\":{\"@type\":\"ImageObject\",\"url\":\"https:\\\/\\\/candas365.es\\\/noticias\\\/wp-content\\\/uploads\\\/2026\\\/04\\\/Las-telecos-piden-aplazar-el-bloqueo-de-SMS-sospechosos.jpg\",\"width\":1256,\"height\":824,\"caption\":\"El ministro \\u00d3scar L\\u00f3pez con el presidente de DigitalES, Federico Linares | Foto de DigitalES\"},\"datePublished\":\"2026-04-28T19:44:27+02:00\",\"dateModified\":\"2026-04-28T19:44:27+02:00\",\"inLanguage\":\"es-ES\",\"mainEntityOfPage\":{\"@id\":\"https:\\\/\\\/candas365.es\\\/noticias\\\/las-telecos-piden-aplazar-el-bloqueo-de-sms-sospechosos\\\/#webpage\"},\"isPartOf\":{\"@id\":\"https:\\\/\\\/candas365.es\\\/noticias\\\/las-telecos-piden-aplazar-el-bloqueo-de-sms-sospechosos\\\/#webpage\"},\"articleSection\":\"Canal Empresas, empresas\",\"dateline\":\"Publicado el abril 28, 2026.\"},{\"@type\":\"Organization\",\"@id\":\"https:\\\/\\\/candas365.es\\\/noticias\\\/#organization\",\"name\":\"Cand\\u00e1s 365\",\"description\":\"Cand\\u00e1s 365 es un diario digital independiente, fundado en 2012, con base en Asturias. Informamos con rigor sobre actualidad, sociedad, cultura y ocio, con una mirada local y global.\",\"url\":\"https:\\\/\\\/candas365.es\\\/noticias\\\/\",\"email\":\"info@candas365.es\",\"telephone\":\"+34652131393\",\"foundingDate\":\"2012-06-10\",\"logo\":{\"@type\":\"ImageObject\",\"url\":\"https:\\\/\\\/candas365.es\\\/noticias\\\/wp-content\\\/uploads\\\/2024\\\/09\\\/Candas-365-Redes.jpg\",\"@id\":\"https:\\\/\\\/candas365.es\\\/noticias\\\/las-telecos-piden-aplazar-el-bloqueo-de-sms-sospechosos\\\/#organizationLogo\",\"width\":1152,\"height\":864,\"caption\":\"Cand\\u00e1s 365 Redes\"},\"image\":{\"@id\":\"https:\\\/\\\/candas365.es\\\/noticias\\\/las-telecos-piden-aplazar-el-bloqueo-de-sms-sospechosos\\\/#organizationLogo\"},\"sameAs\":[\"https:\\\/\\\/www.facebook.com\\\/Nachofdezber\",\"https:\\\/\\\/x.com\\\/NabercoDigital\",\"https:\\\/\\\/www.instagram.com\\\/nachofdezber\\\/\",\"https:\\\/\\\/www.youtube.com\\\/channel\\\/UCZP-2wLEB9Rv6erhFmqVnvg\"],\"address\":{\"@id\":\"https:\\\/\\\/candas365.es\\\/noticias\\\/#postaladdress\",\"@type\":\"PostalAddress\",\"streetAddress\":\"san antonio 4, san antonio 4\",\"postalCode\":\"33430\",\"addressLocality\":\"Cand\\u00e1s\",\"addressRegion\":\"Asturias\",\"addressCountry\":\"ES\"}},{\"@type\":\"Person\",\"@id\":\"https:\\\/\\\/candas365.es\\\/noticias\\\/author\\\/admin\\\/#author\",\"url\":\"https:\\\/\\\/candas365.es\\\/noticias\\\/author\\\/admin\\\/\",\"name\":\"Cand\\u00e1s 365\",\"image\":{\"@type\":\"ImageObject\",\"@id\":\"https:\\\/\\\/candas365.es\\\/noticias\\\/las-telecos-piden-aplazar-el-bloqueo-de-sms-sospechosos\\\/#authorImage\",\"url\":\"https:\\\/\\\/secure.gravatar.com\\\/avatar\\\/496a8e03d0c493ede1718b7934145dbdf8d89be1036b0eec9544e1094c9de390?s=96&d=mm&r=g\",\"width\":96,\"height\":96,\"caption\":\"Cand\\u00e1s 365\"},\"sameAs\":[\"https:\\\/\\\/www.facebook.com\\\/carrenoactualidad\",\"https:\\\/\\\/twitter.com\\\/nbasturias\",\"https:\\\/\\\/www.instagram.com\\\/nachofdezber\\\/\",\"https:\\\/\\\/www.youtube.com\\\/channel\\\/UCZP-2wLEB9Rv6erhFmqVnvg\"]},{\"@type\":\"WebPage\",\"@id\":\"https:\\\/\\\/candas365.es\\\/noticias\\\/las-telecos-piden-aplazar-el-bloqueo-de-sms-sospechosos\\\/#webpage\",\"url\":\"https:\\\/\\\/candas365.es\\\/noticias\\\/las-telecos-piden-aplazar-el-bloqueo-de-sms-sospechosos\\\/\",\"name\":\"Las telecos piden aplazar el bloqueo de SMS sospechosos | Cand\\u00e1s 365\",\"description\":\"La patronal DigitalES ha solicitado al Ministerio de Transformaci\\u00f3n Digital que retrase la norma prevista para el 7 de junio que obligar\\u00e1 a bloquear los SMS\",\"inLanguage\":\"es-ES\",\"isPartOf\":{\"@id\":\"https:\\\/\\\/candas365.es\\\/noticias\\\/#website\"},\"breadcrumb\":{\"@id\":\"https:\\\/\\\/candas365.es\\\/noticias\\\/las-telecos-piden-aplazar-el-bloqueo-de-sms-sospechosos\\\/#breadcrumblist\"},\"author\":{\"@id\":\"https:\\\/\\\/candas365.es\\\/noticias\\\/author\\\/admin\\\/#author\"},\"creator\":{\"@id\":\"https:\\\/\\\/candas365.es\\\/noticias\\\/author\\\/admin\\\/#author\"},\"image\":{\"@type\":\"ImageObject\",\"url\":\"https:\\\/\\\/candas365.es\\\/noticias\\\/wp-content\\\/uploads\\\/2026\\\/04\\\/Las-telecos-piden-aplazar-el-bloqueo-de-SMS-sospechosos.jpg\",\"@id\":\"https:\\\/\\\/candas365.es\\\/noticias\\\/las-telecos-piden-aplazar-el-bloqueo-de-sms-sospechosos\\\/#mainImage\",\"width\":1256,\"height\":824,\"caption\":\"El ministro \\u00d3scar L\\u00f3pez con el presidente de DigitalES, Federico Linares | Foto de DigitalES\"},\"primaryImageOfPage\":{\"@id\":\"https:\\\/\\\/candas365.es\\\/noticias\\\/las-telecos-piden-aplazar-el-bloqueo-de-sms-sospechosos\\\/#mainImage\"},\"datePublished\":\"2026-04-28T19:44:27+02:00\",\"dateModified\":\"2026-04-28T19:44:27+02:00\"},{\"@type\":\"WebSite\",\"@id\":\"https:\\\/\\\/candas365.es\\\/noticias\\\/#website\",\"url\":\"https:\\\/\\\/candas365.es\\\/noticias\\\/\",\"name\":\"Cand\\u00e1s 365\",\"alternateName\":\"Cand\\u00e1s 365 Noticias\",\"description\":\"Actualidad desde Carre\\u00f1o para el mundo\",\"inLanguage\":\"es-ES\",\"publisher\":{\"@id\":\"https:\\\/\\\/candas365.es\\\/noticias\\\/#organization\"}}]}\n\t\t<\/script>\n\t\t<!-- All in One SEO Pro -->\r\n\t\t<title>Las telecos piden aplazar el bloqueo de SMS sospechosos | Cand\u00e1s 365<\/title>\n\n","aioseo_head_json":{"title":"Las telecos piden aplazar el bloqueo de SMS sospechosos | Cand\u00e1s 365","description":"La patronal DigitalES ha solicitado al Ministerio de Transformaci\u00f3n Digital que retrase la norma prevista para el 7 de junio que obligar\u00e1 a bloquear los SMS","canonical_url":"https:\/\/candas365.es\/noticias\/las-telecos-piden-aplazar-el-bloqueo-de-sms-sospechosos\/","robots":"max-image-preview:large","keywords":"canal empresas","webmasterTools":{"google-site-verification":"UA-32230408-1","msvalidate.01":"354F3CDFB2DA171B47FBE9ABF1F88D5","miscellaneous":""},"schema":{"@context":"https:\/\/schema.org","@graph":[{"@type":"BreadcrumbList","@id":"https:\/\/candas365.es\/noticias\/las-telecos-piden-aplazar-el-bloqueo-de-sms-sospechosos\/#breadcrumblist","itemListElement":[{"@type":"ListItem","@id":"https:\/\/candas365.es\/noticias#listItem","position":1,"name":"Home","item":"https:\/\/candas365.es\/noticias","nextItem":{"@type":"ListItem","@id":"https:\/\/candas365.es\/noticias\/category\/canal-empresas\/#listItem","name":"Canal Empresas"}},{"@type":"ListItem","@id":"https:\/\/candas365.es\/noticias\/category\/canal-empresas\/#listItem","position":2,"name":"Canal Empresas","item":"https:\/\/candas365.es\/noticias\/category\/canal-empresas\/","nextItem":{"@type":"ListItem","@id":"https:\/\/candas365.es\/noticias\/las-telecos-piden-aplazar-el-bloqueo-de-sms-sospechosos\/#listItem","name":"Las telecos piden aplazar el bloqueo de SMS sospechosos"},"previousItem":{"@type":"ListItem","@id":"https:\/\/candas365.es\/noticias#listItem","name":"Home"}},{"@type":"ListItem","@id":"https:\/\/candas365.es\/noticias\/las-telecos-piden-aplazar-el-bloqueo-de-sms-sospechosos\/#listItem","position":3,"name":"Las telecos piden aplazar el bloqueo de SMS sospechosos","previousItem":{"@type":"ListItem","@id":"https:\/\/candas365.es\/noticias\/category\/canal-empresas\/#listItem","name":"Canal Empresas"}}]},{"@type":"NewsArticle","@id":"https:\/\/candas365.es\/noticias\/las-telecos-piden-aplazar-el-bloqueo-de-sms-sospechosos\/#newsarticle","name":"Las telecos piden aplazar el bloqueo de SMS sospechosos | Cand\u00e1s 365","headline":"Las telecos piden aplazar el bloqueo de SMS sospechosos","author":{"@id":"https:\/\/candas365.es\/noticias\/author\/admin\/#author"},"publisher":{"@id":"https:\/\/candas365.es\/noticias\/#organization"},"image":{"@type":"ImageObject","url":"https:\/\/candas365.es\/noticias\/wp-content\/uploads\/2026\/04\/Las-telecos-piden-aplazar-el-bloqueo-de-SMS-sospechosos.jpg","width":1256,"height":824,"caption":"El ministro \u00d3scar L\u00f3pez con el presidente de DigitalES, Federico Linares | Foto de DigitalES"},"datePublished":"2026-04-28T19:44:27+02:00","dateModified":"2026-04-28T19:44:27+02:00","inLanguage":"es-ES","mainEntityOfPage":{"@id":"https:\/\/candas365.es\/noticias\/las-telecos-piden-aplazar-el-bloqueo-de-sms-sospechosos\/#webpage"},"isPartOf":{"@id":"https:\/\/candas365.es\/noticias\/las-telecos-piden-aplazar-el-bloqueo-de-sms-sospechosos\/#webpage"},"articleSection":"Canal Empresas, empresas","dateline":"Publicado el abril 28, 2026."},{"@type":"Organization","@id":"https:\/\/candas365.es\/noticias\/#organization","name":"Cand\u00e1s 365","description":"Cand\u00e1s 365 es un diario digital independiente, fundado en 2012, con base en Asturias. Informamos con rigor sobre actualidad, sociedad, cultura y ocio, con una mirada local y global.","url":"https:\/\/candas365.es\/noticias\/","email":"info@candas365.es","telephone":"+34652131393","foundingDate":"2012-06-10","logo":{"@type":"ImageObject","url":"https:\/\/candas365.es\/noticias\/wp-content\/uploads\/2024\/09\/Candas-365-Redes.jpg","@id":"https:\/\/candas365.es\/noticias\/las-telecos-piden-aplazar-el-bloqueo-de-sms-sospechosos\/#organizationLogo","width":1152,"height":864,"caption":"Cand\u00e1s 365 Redes"},"image":{"@id":"https:\/\/candas365.es\/noticias\/las-telecos-piden-aplazar-el-bloqueo-de-sms-sospechosos\/#organizationLogo"},"sameAs":["https:\/\/www.facebook.com\/Nachofdezber","https:\/\/x.com\/NabercoDigital","https:\/\/www.instagram.com\/nachofdezber\/","https:\/\/www.youtube.com\/channel\/UCZP-2wLEB9Rv6erhFmqVnvg"],"address":{"@id":"https:\/\/candas365.es\/noticias\/#postaladdress","@type":"PostalAddress","streetAddress":"san antonio 4, san antonio 4","postalCode":"33430","addressLocality":"Cand\u00e1s","addressRegion":"Asturias","addressCountry":"ES"}},{"@type":"Person","@id":"https:\/\/candas365.es\/noticias\/author\/admin\/#author","url":"https:\/\/candas365.es\/noticias\/author\/admin\/","name":"Cand\u00e1s 365","image":{"@type":"ImageObject","@id":"https:\/\/candas365.es\/noticias\/las-telecos-piden-aplazar-el-bloqueo-de-sms-sospechosos\/#authorImage","url":"https:\/\/secure.gravatar.com\/avatar\/496a8e03d0c493ede1718b7934145dbdf8d89be1036b0eec9544e1094c9de390?s=96&d=mm&r=g","width":96,"height":96,"caption":"Cand\u00e1s 365"},"sameAs":["https:\/\/www.facebook.com\/carrenoactualidad","https:\/\/twitter.com\/nbasturias","https:\/\/www.instagram.com\/nachofdezber\/","https:\/\/www.youtube.com\/channel\/UCZP-2wLEB9Rv6erhFmqVnvg"]},{"@type":"WebPage","@id":"https:\/\/candas365.es\/noticias\/las-telecos-piden-aplazar-el-bloqueo-de-sms-sospechosos\/#webpage","url":"https:\/\/candas365.es\/noticias\/las-telecos-piden-aplazar-el-bloqueo-de-sms-sospechosos\/","name":"Las telecos piden aplazar el bloqueo de SMS sospechosos | Cand\u00e1s 365","description":"La patronal DigitalES ha solicitado al Ministerio de Transformaci\u00f3n Digital que retrase la norma prevista para el 7 de junio que obligar\u00e1 a bloquear los SMS","inLanguage":"es-ES","isPartOf":{"@id":"https:\/\/candas365.es\/noticias\/#website"},"breadcrumb":{"@id":"https:\/\/candas365.es\/noticias\/las-telecos-piden-aplazar-el-bloqueo-de-sms-sospechosos\/#breadcrumblist"},"author":{"@id":"https:\/\/candas365.es\/noticias\/author\/admin\/#author"},"creator":{"@id":"https:\/\/candas365.es\/noticias\/author\/admin\/#author"},"image":{"@type":"ImageObject","url":"https:\/\/candas365.es\/noticias\/wp-content\/uploads\/2026\/04\/Las-telecos-piden-aplazar-el-bloqueo-de-SMS-sospechosos.jpg","@id":"https:\/\/candas365.es\/noticias\/las-telecos-piden-aplazar-el-bloqueo-de-sms-sospechosos\/#mainImage","width":1256,"height":824,"caption":"El ministro \u00d3scar L\u00f3pez con el presidente de DigitalES, Federico Linares | Foto de DigitalES"},"primaryImageOfPage":{"@id":"https:\/\/candas365.es\/noticias\/las-telecos-piden-aplazar-el-bloqueo-de-sms-sospechosos\/#mainImage"},"datePublished":"2026-04-28T19:44:27+02:00","dateModified":"2026-04-28T19:44:27+02:00"},{"@type":"WebSite","@id":"https:\/\/candas365.es\/noticias\/#website","url":"https:\/\/candas365.es\/noticias\/","name":"Cand\u00e1s 365","alternateName":"Cand\u00e1s 365 Noticias","description":"Actualidad desde Carre\u00f1o para el mundo","inLanguage":"es-ES","publisher":{"@id":"https:\/\/candas365.es\/noticias\/#organization"}}]},"og:locale":"es_ES","og:site_name":"Cand\u00e1s 365","og:type":"article","og:title":"Las telecos piden aplazar el bloqueo de SMS sospechosos | Cand\u00e1s 365","og:description":"La patronal DigitalES ha solicitado al Ministerio de Transformaci\u00f3n Digital que retrase la norma prevista para el 7 de junio que obligar\u00e1 a bloquear los SMS","og:url":"https:\/\/candas365.es\/noticias\/las-telecos-piden-aplazar-el-bloqueo-de-sms-sospechosos\/","og:image":"https:\/\/candas365.es\/noticias\/wp-content\/uploads\/2026\/04\/Las-telecos-piden-aplazar-el-bloqueo-de-SMS-sospechosos.jpg","og:image:secure_url":"https:\/\/candas365.es\/noticias\/wp-content\/uploads\/2026\/04\/Las-telecos-piden-aplazar-el-bloqueo-de-SMS-sospechosos.jpg","og:image:width":1256,"og:image:height":824,"article:published_time":"2026-04-28T17:44:27+00:00","article:modified_time":"2026-04-28T17:44:27+00:00","article:publisher":"https:\/\/www.facebook.com\/Nachofdezber","article:author":"https:\/\/www.facebook.com\/carrenoactualidad","twitter:card":"summary_large_image","twitter:site":"@NabercoDigital","twitter:title":"Las telecos piden aplazar el bloqueo de SMS sospechosos | Cand\u00e1s 365","twitter:description":"La patronal DigitalES ha solicitado al Ministerio de Transformaci\u00f3n Digital que retrase la norma prevista para el 7 de junio que obligar\u00e1 a bloquear los SMS","twitter:creator":"@nbasturias","twitter:image":"https:\/\/candas365.es\/noticias\/wp-content\/uploads\/2026\/04\/Las-telecos-piden-aplazar-el-bloqueo-de-SMS-sospechosos.jpg","twitter:label1":"Escrito por","twitter:data1":"Cand\u00e1s 365","twitter:label2":"Tiempo de lectura estimado","twitter:data2":"3 minutos"},"aioseo_meta_data":{"post_id":"194385","title":null,"description":"La patronal DigitalES ha solicitado al Ministerio de Transformaci\u00f3n Digital que retrase la norma prevista para el 7 de junio que obligar\u00e1 a bloquear los SMS","keywords":null,"keyphrases":{"focus":{"keyphrase":"SMS","score":91,"analysis":{"keyphraseInTitle":{"score":9,"maxScore":9,"error":0},"keyphraseInDescription":{"score":9,"maxScore":9,"error":0},"keyphraseLength":{"score":9,"maxScore":9,"error":0,"length":1},"keyphraseInURL":{"score":5,"maxScore":5,"error":0},"keyphraseInIntroduction":{"score":9,"maxScore":9,"error":0},"keyphraseInSubHeadings":{"score":3,"maxScore":9,"error":1},"keyphraseInImageAlt":{"score":9,"maxScore":9,"error":0},"keywordDensity":{"type":"best","score":9,"maxScore":9,"error":0}}},"additional":[]},"primary_term":null,"canonical_url":null,"og_title":null,"og_description":null,"og_object_type":"default","og_image_type":"default","og_image_url":null,"og_image_width":null,"og_image_height":null,"og_image_custom_url":null,"og_image_custom_fields":null,"og_video":"","og_custom_url":null,"og_article_section":null,"og_article_tags":null,"twitter_use_og":false,"twitter_card":"default","twitter_image_type":"default","twitter_image_url":null,"twitter_image_custom_url":null,"twitter_image_custom_fields":null,"twitter_title":null,"twitter_description":null,"schema":{"blockGraphs":[],"customGraphs":[],"default":{"data":{"Article":[],"Course":[],"Dataset":[],"FAQPage":[],"Movie":[],"Person":[],"Product":[],"ProductReview":[],"Car":[],"Recipe":[],"Service":[],"SoftwareApplication":[],"WebPage":[]},"graphName":"NewsArticle","isEnabled":true},"graphs":[]},"schema_type":"default","schema_type_options":null,"pillar_content":false,"robots_default":true,"robots_noindex":false,"robots_noarchive":false,"robots_nosnippet":false,"robots_nofollow":false,"robots_noimageindex":false,"robots_noodp":false,"robots_notranslate":false,"robots_max_snippet":"-1","robots_max_videopreview":"-1","robots_max_imagepreview":"large","priority":null,"frequency":"default","location":null,"local_seo":null,"seo_analyzer_scan_date":"2026-04-28 17:55:29","breadcrumb_settings":null,"limit_modified_date":false,"reviewed_by":"0","open_ai":null,"ai":{"faqs":[],"keyPoints":[],"schemas":[],"titles":[],"descriptions":[],"socialPosts":{"email":[],"linkedin":[],"twitter":[],"facebook":[],"instagram":[]}},"created":"2026-04-28 17:38:50","updated":"2026-04-28 17:55:41"},"aioseo_breadcrumb":"<div class=\"aioseo-breadcrumbs\"><span class=\"aioseo-breadcrumb\">\n\t<a href=\"https:\/\/candas365.es\/noticias\" title=\"Home\">Home<\/a>\n<\/span><span class=\"aioseo-breadcrumb-separator\">&ndash;<\/span><span class=\"aioseo-breadcrumb\">\n\t<a href=\"https:\/\/candas365.es\/noticias\/category\/canal-empresas\/\" title=\"Canal Empresas\">Canal Empresas<\/a>\n<\/span><span class=\"aioseo-breadcrumb-separator\">&ndash;<\/span><span class=\"aioseo-breadcrumb\">\n\tLas telecos piden aplazar el bloqueo de SMS sospechosos\n<\/span><\/div>","aioseo_breadcrumb_json":[{"label":"Home","link":"https:\/\/candas365.es\/noticias"},{"label":"Canal Empresas","link":"https:\/\/candas365.es\/noticias\/category\/canal-empresas\/"},{"label":"Las telecos piden aplazar el bloqueo de SMS sospechosos","link":"https:\/\/candas365.es\/noticias\/las-telecos-piden-aplazar-el-bloqueo-de-sms-sospechosos\/"}],"_links":{"self":[{"href":"https:\/\/candas365.es\/noticias\/wp-json\/wp\/v2\/posts\/194385","targetHints":{"allow":["GET"]}}],"collection":[{"href":"https:\/\/candas365.es\/noticias\/wp-json\/wp\/v2\/posts"}],"about":[{"href":"https:\/\/candas365.es\/noticias\/wp-json\/wp\/v2\/types\/post"}],"author":[{"embeddable":true,"href":"https:\/\/candas365.es\/noticias\/wp-json\/wp\/v2\/users\/1"}],"replies":[{"embeddable":true,"href":"https:\/\/candas365.es\/noticias\/wp-json\/wp\/v2\/comments?post=194385"}],"version-history":[{"count":1,"href":"https:\/\/candas365.es\/noticias\/wp-json\/wp\/v2\/posts\/194385\/revisions"}],"predecessor-version":[{"id":194387,"href":"https:\/\/candas365.es\/noticias\/wp-json\/wp\/v2\/posts\/194385\/revisions\/194387"}],"wp:featuredmedia":[{"embeddable":true,"href":"https:\/\/candas365.es\/noticias\/wp-json\/wp\/v2\/media\/194386"}],"wp:attachment":[{"href":"https:\/\/candas365.es\/noticias\/wp-json\/wp\/v2\/media?parent=194385"}],"wp:term":[{"taxonomy":"category","embeddable":true,"href":"https:\/\/candas365.es\/noticias\/wp-json\/wp\/v2\/categories?post=194385"},{"taxonomy":"post_tag","embeddable":true,"href":"https:\/\/candas365.es\/noticias\/wp-json\/wp\/v2\/tags?post=194385"}],"curies":[{"name":"wp","href":"https:\/\/api.w.org\/{rel}","templated":true}]}}