{"id":194382,"date":"2026-04-28T18:46:30","date_gmt":"2026-04-28T16:46:30","guid":{"rendered":"https:\/\/candas365.es\/noticias\/?p=194382"},"modified":"2026-04-28T18:46:30","modified_gmt":"2026-04-28T16:46:30","slug":"selmana-de-les-lletres-asturianes-2026-en-candas","status":"publish","type":"post","link":"https:\/\/candas365.es\/noticias\/selmana-de-les-lletres-asturianes-2026-en-candas\/","title":{"rendered":"Selmana de les Lletres Asturianes 2026 en Cand\u00e1s"},"content":{"rendered":"<p><a href=\"https:\/\/candas365.es\/noticias\/category\/noticias-carreno\/\"><span style=\"color: #ff6600;\"><strong>Cand\u00e1s<\/strong><\/span><\/a> ser\u00e1 uno los lugares en los que se celebrar\u00e1 una nueva edici\u00f3n de la Selmana de les Lletres Asturianes, El <a href=\"https:\/\/actualidad.asturias.es\/\" target=\"_blank\" rel=\"noopener\"><span style=\"color: #ff6600;\"><strong>Principado<\/strong><\/span><\/a> ofrecer\u00e1 una programaci\u00f3n descentralizada que llegar\u00e1 a 14 concejos y que combina el rescate de una figura esencial en la literatura asturiana, la de Taresa C\u00f3nsul, con el teatro popular, la creaci\u00f3n contempor\u00e1nea, la memoria cultural y la participaci\u00f3n ciudadana.<\/p>\n<figure id=\"attachment_194383\" aria-describedby=\"caption-attachment-194383\" style=\"width: 645px\" class=\"wp-caption aligncenter\"><img fetchpriority=\"high\" decoding=\"async\" class=\"size-large wp-image-194383\" src=\"https:\/\/candas365.es\/noticias\/wp-content\/uploads\/2026\/04\/Selmana-de-les-Lletres-Asturianes-2026-en-Candas-645x480.jpg\" alt=\"Selmana de les Lletres Asturianes 2026 en Cand\u00e1s\" width=\"645\" height=\"480\" srcset=\"https:\/\/candas365.es\/noticias\/wp-content\/uploads\/2026\/04\/Selmana-de-les-Lletres-Asturianes-2026-en-Candas-645x480.jpg 645w, https:\/\/candas365.es\/noticias\/wp-content\/uploads\/2026\/04\/Selmana-de-les-Lletres-Asturianes-2026-en-Candas-360x268.jpg 360w, https:\/\/candas365.es\/noticias\/wp-content\/uploads\/2026\/04\/Selmana-de-les-Lletres-Asturianes-2026-en-Candas-768x571.jpg 768w, https:\/\/candas365.es\/noticias\/wp-content\/uploads\/2026\/04\/Selmana-de-les-Lletres-Asturianes-2026-en-Candas-150x112.jpg 150w, https:\/\/candas365.es\/noticias\/wp-content\/uploads\/2026\/04\/Selmana-de-les-Lletres-Asturianes-2026-en-Candas-450x335.jpg 450w, https:\/\/candas365.es\/noticias\/wp-content\/uploads\/2026\/04\/Selmana-de-les-Lletres-Asturianes-2026-en-Candas.jpg 1121w\" sizes=\"(max-width: 645px) 100vw, 645px\" \/><figcaption id=\"caption-attachment-194383\" class=\"wp-caption-text\">Foto: Cand\u00e1s 365<\/figcaption><\/figure>\n<p>La XLVII Selmana de les Lletres Asturianes que organiza la Consejer\u00eda de Cultura, Pol\u00edtica Lling\u00fc\u00edstica y Deporte, despliega un programa diverso que consolida la presencia del asturiano y del eonaviego en la vida p\u00fablica y cultural. La celebraci\u00f3n comenzar\u00e1 pasado ma\u00f1ana, d\u00eda 30 de abril, con el Conciertu de les Lletres Asturianes, de la Orquesta Sinf\u00f3nica del Principado (OSPA) y se desarrollar\u00e1 hasta el 10 de mayo, con m\u00e1s de una veintena de actividades destinadas a acercar la lengua asturiana a nuevos p\u00fablicos y reforzar su uso en distintos \u00e1mbitos.<\/p>\n<p>La edici\u00f3n de este a\u00f1o, dedicada a Taresa C\u00f3nsul y al teatro costumbrista asturiano, est\u00e1 coordinada por Dolfo Camilo D\u00edaz y Laura Iglesia. <strong>La propuesta combina actuaciones esc\u00e9nicas, musicales y divulgativas con un homenaje continuado al teatro popular, una tradici\u00f3n centenaria que llega viva y renovada a nuestros d\u00edas.<\/strong><\/p>\n<p>El D\u00eda de les Lletres Asturianes, que se celebrar\u00e1 el viernes 8 de mayo, constituye una de las jornadas centrales. Ese d\u00eda, librer\u00edas y establecimientos de toda Asturias aplicar\u00e1n un 10 % de descuento en la compra de libros o discos en asturiano y eonaviego. Tambi\u00e9n distribuir\u00e1n la obra colectiva De viva voz. Taresa C\u00f3nsul y el teatru asturianu, hasta agotar existencias. Se trata de un volumen que desvela aspectos in\u00e9ditos de esta autora que vivi\u00f3 entre los siglos XVIII y XIX, la primera mujer de nombre conocido que escribi\u00f3 teatro en asturiano. Asimismo, en librer\u00edas de la zona del Eo-Navia se distribuir\u00e1 tambi\u00e9n la obra C\u00e1sasenos a nena, un divertido entrem\u00e9s de Manuel Garc\u00eda Galano, con el que se rinde homenaje a un autor esencial de esta lengua.<\/p>\n<p>La consejer\u00eda sit\u00faa esta cita como pieza central de su acci\u00f3n cultural y normalizadora, orientada a fortalecer el asturiano y el eonaviego, apoyar al sector creativo, dar a conocer el teatro asturiano y acercar la cultura al conjunto del territorio en condiciones de igualdad.<\/p>\n<h1>Programa XLVII Selmana de les Lletres<\/h1>\n<h2>Jueves 30 de abril<\/h2>\n<p>20:00 horas. Auditorio Pr\u00edncipe Felipe (Oviedo\/Uvi\u00e9u). Conciertu de les Lletres Asturianes, a cargo de la OSPA y el Coro Le\u00f3n de Oro, bajo la direcci\u00f3n de Marco Garc\u00eda de Paz. Auditorio Pr\u00edncipe Felipe<\/p>\n<h2>Lunes 4 de mayo<\/h2>\n<ul>\n<li>Cand\u00e1s. Acto institucional de inauguraci\u00f3n que incluye la presentaci\u00f3n del libro De viva voz. Taresa C\u00f3nsul y el teatru asturianu y la proyecci\u00f3n del documental Taresa C\u00f3nsul: a la lluz de la solombra.<\/li>\n<li>19:00 horas. Llangr\u00e9u\/Langreo. Inicio del Proyectu C\u00f3nsul de Microteatro, con las piezas Comunicando, de Laura Camafreita, y Alcuerdu amistosu, de Pep\u00edn Garc\u00eda.<\/li>\n<\/ul>\n<h2>Martes 5 de mayo<\/h2>\n<ul>\n<li>Corvera. Estreno de A min nada m\u2019in-Theresa, de Dolfo Camilo D\u00edaz.<\/li>\n<li>Cand\u00e1s. Mesa redonda Pa \u00f3nde va\u2019l teatru asturianu, un espacio de reflexi\u00f3n sobre el presente y los retos del sector.<\/li>\n<\/ul>\n<h2>Mi\u00e9rcoles 6 de mayo<\/h2>\n<ul>\n<li>Gij\u00f3n\/Xix\u00f3n. Pases matinales de la visita dramatizada Taresa C\u00f3nsul y el c\u00edrculu de Xovellanos.<\/li>\n<li>Gij\u00f3n\/Xix\u00f3n. Duces sua\u00f1os: un musical pal sieglu XXI, dirigido por Mapi Quintana.<\/li>\n<li>Oviedo\/Uvi\u00e9u. Conferencia L\u2019escenariu familiar de Taresa C\u00f3nsul Requexo y Grau y nuevas representaciones del Proyectu C\u00f3nsul, con las piezas El Baile, de Jos\u00e9 Ram\u00f3n Oliva, y Hermanes, de Rosi Mart\u00ednez<\/li>\n<\/ul>\n<h2>Jueves 7 de mayo<\/h2>\n<ul>\n<li>Colunga. Mesa redonda Un teatru asturianu en femen\u00edn.<\/li>\n<li>L\u2019Entregu\/El Entrego. Espect\u00e1culo de voz y guitarra barroca Poesimachia, a cargo de Carlos D\u00e1vila y Pablo Zapico<\/li>\n<\/ul>\n<h2>Viernes 8 de mayo<\/h2>\n<ul>\n<li>Oviedo\/Uvi\u00e9u. El Museo Arqueol\u00f3gico de Asturias acoge la performance Cam\u00edn del conventu en dos pases (10:30 y 12:30 horas)<\/li>\n<li>Lugones\/Llugones. A las 11:00 horas, el centro polivalente integrado de la localidad acoge el acto de entrega de reconocimientos de los cert\u00e1menes escolares.<\/li>\n<\/ul>\n<h2>S\u00e1bado 9 de mayo<\/h2>\n<ul>\n<li>Tapia. Homenaje a las letras eonaviegas con la presentaci\u00f3n de C\u00e1sasenos a nena, de Manuel Garc\u00eda Galano, con lectura dramatizada del popular autor tapiego.<\/li>\n<li>L\u2019Infiestu. Nuevas piezas del Proyectu C\u00f3nsul: Caperucita y el llobu lig\u00f3n, de Carmen Campo, y La revoluci\u00f3n de los mandiles, de Chusa Juarros.<\/li>\n<li>Llanera. Representaci\u00f3n de la obra A min nada m\u2019in-Theresa.<\/li>\n<\/ul>\n<h2>Domingo 10 de mayo<\/h2>\n<ul>\n<li>Avil\u00e9s. Flashmob A toos nos\u2026 In-Thresa en El Parche.<\/li>\n<li>Cangas del Narcea. El Teatro Toreno acoge las \u00faltimas piezas del Proyectu C\u00f3nsul, con An\u00e9cdotes, de Fernando Valle y Dell\u2019Arte Letal, de Sergio Buelga.<\/li>\n<\/ul>\n","protected":false},"excerpt":{"rendered":"<p>Cand\u00e1s ser\u00e1 uno los lugares en los que se celebrar\u00e1 una nueva edici\u00f3n de la Selmana de les Lletres Asturianes, El Principado ofrecer\u00e1 una programaci\u00f3n descentralizada que llegar\u00e1 a 14 concejos y que combina el rescate de una figura esencial en la literatura asturiana, la de Taresa C\u00f3nsul, con el teatro popular, la creaci\u00f3n contempor\u00e1nea,<\/p>\n","protected":false},"author":1,"featured_media":194383,"comment_status":"closed","ping_status":"closed","sticky":false,"template":"","format":"standard","meta":{"footnotes":""},"categories":[2],"tags":[380,366,365,430],"class_list":{"0":"post-194382","1":"post","2":"type-post","3":"status-publish","4":"format-standard","5":"has-post-thumbnail","7":"category-noticias-carreno","8":"tag-asturias","9":"tag-candas","10":"tag-carreno","11":"tag-cultura"},"aioseo_notices":[],"aioseo_head":"\n\t\t<!-- All in One SEO Pro 4.9.6.2 - aioseo.com -->\n\t<meta name=\"description\" content=\"Cand\u00e1s ser\u00e1 uno los lugares en los que se celebrar\u00e1 una nueva edici\u00f3n de la Selmana de les Lletres Asturianes, El Principado ofrecer\u00e1 una programaci\u00f3n\" \/>\n\t<meta name=\"robots\" content=\"max-image-preview:large\" \/>\n\t<meta name=\"author\" content=\"Cand\u00e1s 365\"\/>\n\t<meta name=\"google-site-verification\" content=\"UA-32230408-1\" \/>\n\t<meta name=\"msvalidate.01\" content=\"354F3CDFB2DA171B47FBE9ABF1F88D5\" \/>\n\t<meta name=\"keywords\" content=\"noticias carre\u00f1o\" \/>\n\t<link rel=\"canonical\" href=\"https:\/\/candas365.es\/noticias\/selmana-de-les-lletres-asturianes-2026-en-candas\/\" \/>\n\t<meta name=\"generator\" content=\"All in One SEO Pro (AIOSEO) 4.9.6.2\" \/>\n\t\t<meta property=\"og:locale\" content=\"es_ES\" \/>\n\t\t<meta property=\"og:site_name\" content=\"Cand\u00e1s 365\" \/>\n\t\t<meta property=\"og:type\" content=\"article\" \/>\n\t\t<meta property=\"og:title\" content=\"Selmana de les Lletres Asturianes 2026 en Cand\u00e1s | Cand\u00e1s 365\" \/>\n\t\t<meta property=\"og:description\" content=\"Cand\u00e1s ser\u00e1 uno los lugares en los que se celebrar\u00e1 una nueva edici\u00f3n de la Selmana de les Lletres Asturianes, El Principado ofrecer\u00e1 una programaci\u00f3n\" \/>\n\t\t<meta property=\"og:url\" content=\"https:\/\/candas365.es\/noticias\/selmana-de-les-lletres-asturianes-2026-en-candas\/\" \/>\n\t\t<meta property=\"og:image\" content=\"https:\/\/candas365.es\/noticias\/wp-content\/uploads\/2026\/04\/Selmana-de-les-Lletres-Asturianes-2026-en-Candas.jpg\" \/>\n\t\t<meta property=\"og:image:secure_url\" content=\"https:\/\/candas365.es\/noticias\/wp-content\/uploads\/2026\/04\/Selmana-de-les-Lletres-Asturianes-2026-en-Candas.jpg\" \/>\n\t\t<meta property=\"og:image:width\" content=\"1121\" \/>\n\t\t<meta property=\"og:image:height\" content=\"834\" \/>\n\t\t<meta property=\"article:published_time\" content=\"2026-04-28T16:46:30+00:00\" \/>\n\t\t<meta property=\"article:modified_time\" content=\"2026-04-28T16:46:30+00:00\" \/>\n\t\t<meta property=\"article:publisher\" content=\"https:\/\/www.facebook.com\/Nachofdezber\" \/>\n\t\t<meta property=\"article:author\" content=\"https:\/\/www.facebook.com\/carrenoactualidad\" \/>\n\t\t<meta name=\"twitter:card\" content=\"summary_large_image\" \/>\n\t\t<meta name=\"twitter:site\" content=\"@NabercoDigital\" \/>\n\t\t<meta name=\"twitter:title\" content=\"Selmana de les Lletres Asturianes 2026 en Cand\u00e1s | Cand\u00e1s 365\" \/>\n\t\t<meta name=\"twitter:description\" content=\"Cand\u00e1s ser\u00e1 uno los lugares en los que se celebrar\u00e1 una nueva edici\u00f3n de la Selmana de les Lletres Asturianes, El Principado ofrecer\u00e1 una programaci\u00f3n\" \/>\n\t\t<meta name=\"twitter:creator\" content=\"@nbasturias\" \/>\n\t\t<meta name=\"twitter:image\" content=\"https:\/\/candas365.es\/noticias\/wp-content\/uploads\/2026\/04\/Selmana-de-les-Lletres-Asturianes-2026-en-Candas.jpg\" \/>\n\t\t<meta name=\"twitter:label1\" content=\"Escrito por\" \/>\n\t\t<meta name=\"twitter:data1\" content=\"Cand\u00e1s 365\" \/>\n\t\t<meta name=\"twitter:label2\" content=\"Tiempo de lectura estimado\" \/>\n\t\t<meta name=\"twitter:data2\" content=\"4 minutos\" \/>\n\t\t<script type=\"application\/ld+json\" class=\"aioseo-schema\">\n\t\t\t{\"@context\":\"https:\\\/\\\/schema.org\",\"@graph\":[{\"@type\":\"BreadcrumbList\",\"@id\":\"https:\\\/\\\/candas365.es\\\/noticias\\\/selmana-de-les-lletres-asturianes-2026-en-candas\\\/#breadcrumblist\",\"itemListElement\":[{\"@type\":\"ListItem\",\"@id\":\"https:\\\/\\\/candas365.es\\\/noticias#listItem\",\"position\":1,\"name\":\"Home\",\"item\":\"https:\\\/\\\/candas365.es\\\/noticias\",\"nextItem\":{\"@type\":\"ListItem\",\"@id\":\"https:\\\/\\\/candas365.es\\\/noticias\\\/category\\\/noticias-carreno\\\/#listItem\",\"name\":\"Noticias Carre\\u00f1o\"}},{\"@type\":\"ListItem\",\"@id\":\"https:\\\/\\\/candas365.es\\\/noticias\\\/category\\\/noticias-carreno\\\/#listItem\",\"position\":2,\"name\":\"Noticias Carre\\u00f1o\",\"item\":\"https:\\\/\\\/candas365.es\\\/noticias\\\/category\\\/noticias-carreno\\\/\",\"nextItem\":{\"@type\":\"ListItem\",\"@id\":\"https:\\\/\\\/candas365.es\\\/noticias\\\/selmana-de-les-lletres-asturianes-2026-en-candas\\\/#listItem\",\"name\":\"Selmana de les Lletres Asturianes 2026 en Cand\\u00e1s\"},\"previousItem\":{\"@type\":\"ListItem\",\"@id\":\"https:\\\/\\\/candas365.es\\\/noticias#listItem\",\"name\":\"Home\"}},{\"@type\":\"ListItem\",\"@id\":\"https:\\\/\\\/candas365.es\\\/noticias\\\/selmana-de-les-lletres-asturianes-2026-en-candas\\\/#listItem\",\"position\":3,\"name\":\"Selmana de les Lletres Asturianes 2026 en Cand\\u00e1s\",\"previousItem\":{\"@type\":\"ListItem\",\"@id\":\"https:\\\/\\\/candas365.es\\\/noticias\\\/category\\\/noticias-carreno\\\/#listItem\",\"name\":\"Noticias Carre\\u00f1o\"}}]},{\"@type\":\"NewsArticle\",\"@id\":\"https:\\\/\\\/candas365.es\\\/noticias\\\/selmana-de-les-lletres-asturianes-2026-en-candas\\\/#newsarticle\",\"name\":\"Selmana de les Lletres Asturianes 2026 en Cand\\u00e1s | Cand\\u00e1s 365\",\"headline\":\"Selmana de les Lletres Asturianes 2026 en Cand\\u00e1s\",\"author\":{\"@id\":\"https:\\\/\\\/candas365.es\\\/noticias\\\/author\\\/admin\\\/#author\"},\"publisher\":{\"@id\":\"https:\\\/\\\/candas365.es\\\/noticias\\\/#organization\"},\"image\":{\"@type\":\"ImageObject\",\"url\":\"https:\\\/\\\/candas365.es\\\/noticias\\\/wp-content\\\/uploads\\\/2026\\\/04\\\/Selmana-de-les-Lletres-Asturianes-2026-en-Candas.jpg\",\"width\":1121,\"height\":834,\"caption\":\"Foto: Cand\\u00e1s 365\"},\"datePublished\":\"2026-04-28T18:46:30+02:00\",\"dateModified\":\"2026-04-28T18:46:30+02:00\",\"inLanguage\":\"es-ES\",\"mainEntityOfPage\":{\"@id\":\"https:\\\/\\\/candas365.es\\\/noticias\\\/selmana-de-les-lletres-asturianes-2026-en-candas\\\/#webpage\"},\"isPartOf\":{\"@id\":\"https:\\\/\\\/candas365.es\\\/noticias\\\/selmana-de-les-lletres-asturianes-2026-en-candas\\\/#webpage\"},\"articleSection\":\"Noticias Carre\\u00f1o, Asturias, Cand\\u00e1s, Carre\\u00f1o, cultura\",\"dateline\":\"Publicado el abril 28, 2026.\"},{\"@type\":\"Organization\",\"@id\":\"https:\\\/\\\/candas365.es\\\/noticias\\\/#organization\",\"name\":\"Cand\\u00e1s 365\",\"description\":\"Cand\\u00e1s 365 es un diario digital independiente, fundado en 2012, con base en Asturias. Informamos con rigor sobre actualidad, sociedad, cultura y ocio, con una mirada local y global.\",\"url\":\"https:\\\/\\\/candas365.es\\\/noticias\\\/\",\"email\":\"info@candas365.es\",\"telephone\":\"+34652131393\",\"foundingDate\":\"2012-06-10\",\"logo\":{\"@type\":\"ImageObject\",\"url\":\"https:\\\/\\\/candas365.es\\\/noticias\\\/wp-content\\\/uploads\\\/2024\\\/09\\\/Candas-365-Redes.jpg\",\"@id\":\"https:\\\/\\\/candas365.es\\\/noticias\\\/selmana-de-les-lletres-asturianes-2026-en-candas\\\/#organizationLogo\",\"width\":1152,\"height\":864,\"caption\":\"Cand\\u00e1s 365 Redes\"},\"image\":{\"@id\":\"https:\\\/\\\/candas365.es\\\/noticias\\\/selmana-de-les-lletres-asturianes-2026-en-candas\\\/#organizationLogo\"},\"sameAs\":[\"https:\\\/\\\/www.facebook.com\\\/Nachofdezber\",\"https:\\\/\\\/x.com\\\/NabercoDigital\",\"https:\\\/\\\/www.instagram.com\\\/nachofdezber\\\/\",\"https:\\\/\\\/www.youtube.com\\\/channel\\\/UCZP-2wLEB9Rv6erhFmqVnvg\"],\"address\":{\"@id\":\"https:\\\/\\\/candas365.es\\\/noticias\\\/#postaladdress\",\"@type\":\"PostalAddress\",\"streetAddress\":\"san antonio 4, san antonio 4\",\"postalCode\":\"33430\",\"addressLocality\":\"Cand\\u00e1s\",\"addressRegion\":\"Asturias\",\"addressCountry\":\"ES\"}},{\"@type\":\"Person\",\"@id\":\"https:\\\/\\\/candas365.es\\\/noticias\\\/author\\\/admin\\\/#author\",\"url\":\"https:\\\/\\\/candas365.es\\\/noticias\\\/author\\\/admin\\\/\",\"name\":\"Cand\\u00e1s 365\",\"image\":{\"@type\":\"ImageObject\",\"@id\":\"https:\\\/\\\/candas365.es\\\/noticias\\\/selmana-de-les-lletres-asturianes-2026-en-candas\\\/#authorImage\",\"url\":\"https:\\\/\\\/secure.gravatar.com\\\/avatar\\\/496a8e03d0c493ede1718b7934145dbdf8d89be1036b0eec9544e1094c9de390?s=96&d=mm&r=g\",\"width\":96,\"height\":96,\"caption\":\"Cand\\u00e1s 365\"},\"sameAs\":[\"https:\\\/\\\/www.facebook.com\\\/carrenoactualidad\",\"https:\\\/\\\/twitter.com\\\/nbasturias\",\"https:\\\/\\\/www.instagram.com\\\/nachofdezber\\\/\",\"https:\\\/\\\/www.youtube.com\\\/channel\\\/UCZP-2wLEB9Rv6erhFmqVnvg\"]},{\"@type\":\"WebPage\",\"@id\":\"https:\\\/\\\/candas365.es\\\/noticias\\\/selmana-de-les-lletres-asturianes-2026-en-candas\\\/#webpage\",\"url\":\"https:\\\/\\\/candas365.es\\\/noticias\\\/selmana-de-les-lletres-asturianes-2026-en-candas\\\/\",\"name\":\"Selmana de les Lletres Asturianes 2026 en Cand\\u00e1s | Cand\\u00e1s 365\",\"description\":\"Cand\\u00e1s ser\\u00e1 uno los lugares en los que se celebrar\\u00e1 una nueva edici\\u00f3n de la Selmana de les Lletres Asturianes, El Principado ofrecer\\u00e1 una programaci\\u00f3n\",\"inLanguage\":\"es-ES\",\"isPartOf\":{\"@id\":\"https:\\\/\\\/candas365.es\\\/noticias\\\/#website\"},\"breadcrumb\":{\"@id\":\"https:\\\/\\\/candas365.es\\\/noticias\\\/selmana-de-les-lletres-asturianes-2026-en-candas\\\/#breadcrumblist\"},\"author\":{\"@id\":\"https:\\\/\\\/candas365.es\\\/noticias\\\/author\\\/admin\\\/#author\"},\"creator\":{\"@id\":\"https:\\\/\\\/candas365.es\\\/noticias\\\/author\\\/admin\\\/#author\"},\"image\":{\"@type\":\"ImageObject\",\"url\":\"https:\\\/\\\/candas365.es\\\/noticias\\\/wp-content\\\/uploads\\\/2026\\\/04\\\/Selmana-de-les-Lletres-Asturianes-2026-en-Candas.jpg\",\"@id\":\"https:\\\/\\\/candas365.es\\\/noticias\\\/selmana-de-les-lletres-asturianes-2026-en-candas\\\/#mainImage\",\"width\":1121,\"height\":834,\"caption\":\"Foto: Cand\\u00e1s 365\"},\"primaryImageOfPage\":{\"@id\":\"https:\\\/\\\/candas365.es\\\/noticias\\\/selmana-de-les-lletres-asturianes-2026-en-candas\\\/#mainImage\"},\"datePublished\":\"2026-04-28T18:46:30+02:00\",\"dateModified\":\"2026-04-28T18:46:30+02:00\"},{\"@type\":\"WebSite\",\"@id\":\"https:\\\/\\\/candas365.es\\\/noticias\\\/#website\",\"url\":\"https:\\\/\\\/candas365.es\\\/noticias\\\/\",\"name\":\"Cand\\u00e1s 365\",\"alternateName\":\"Cand\\u00e1s 365 Noticias\",\"description\":\"Actualidad desde Carre\\u00f1o para el mundo\",\"inLanguage\":\"es-ES\",\"publisher\":{\"@id\":\"https:\\\/\\\/candas365.es\\\/noticias\\\/#organization\"}}]}\n\t\t<\/script>\n\t\t<!-- All in One SEO Pro -->\r\n\t\t<title>Selmana de les Lletres Asturianes 2026 en Cand\u00e1s | Cand\u00e1s 365<\/title>\n\n","aioseo_head_json":{"title":"Selmana de les Lletres Asturianes 2026 en Cand\u00e1s | Cand\u00e1s 365","description":"Cand\u00e1s ser\u00e1 uno los lugares en los que se celebrar\u00e1 una nueva edici\u00f3n de la Selmana de les Lletres Asturianes, El Principado ofrecer\u00e1 una programaci\u00f3n","canonical_url":"https:\/\/candas365.es\/noticias\/selmana-de-les-lletres-asturianes-2026-en-candas\/","robots":"max-image-preview:large","keywords":"noticias carre\u00f1o","webmasterTools":{"google-site-verification":"UA-32230408-1","msvalidate.01":"354F3CDFB2DA171B47FBE9ABF1F88D5","miscellaneous":""},"schema":{"@context":"https:\/\/schema.org","@graph":[{"@type":"BreadcrumbList","@id":"https:\/\/candas365.es\/noticias\/selmana-de-les-lletres-asturianes-2026-en-candas\/#breadcrumblist","itemListElement":[{"@type":"ListItem","@id":"https:\/\/candas365.es\/noticias#listItem","position":1,"name":"Home","item":"https:\/\/candas365.es\/noticias","nextItem":{"@type":"ListItem","@id":"https:\/\/candas365.es\/noticias\/category\/noticias-carreno\/#listItem","name":"Noticias Carre\u00f1o"}},{"@type":"ListItem","@id":"https:\/\/candas365.es\/noticias\/category\/noticias-carreno\/#listItem","position":2,"name":"Noticias Carre\u00f1o","item":"https:\/\/candas365.es\/noticias\/category\/noticias-carreno\/","nextItem":{"@type":"ListItem","@id":"https:\/\/candas365.es\/noticias\/selmana-de-les-lletres-asturianes-2026-en-candas\/#listItem","name":"Selmana de les Lletres Asturianes 2026 en Cand\u00e1s"},"previousItem":{"@type":"ListItem","@id":"https:\/\/candas365.es\/noticias#listItem","name":"Home"}},{"@type":"ListItem","@id":"https:\/\/candas365.es\/noticias\/selmana-de-les-lletres-asturianes-2026-en-candas\/#listItem","position":3,"name":"Selmana de les Lletres Asturianes 2026 en Cand\u00e1s","previousItem":{"@type":"ListItem","@id":"https:\/\/candas365.es\/noticias\/category\/noticias-carreno\/#listItem","name":"Noticias Carre\u00f1o"}}]},{"@type":"NewsArticle","@id":"https:\/\/candas365.es\/noticias\/selmana-de-les-lletres-asturianes-2026-en-candas\/#newsarticle","name":"Selmana de les Lletres Asturianes 2026 en Cand\u00e1s | Cand\u00e1s 365","headline":"Selmana de les Lletres Asturianes 2026 en Cand\u00e1s","author":{"@id":"https:\/\/candas365.es\/noticias\/author\/admin\/#author"},"publisher":{"@id":"https:\/\/candas365.es\/noticias\/#organization"},"image":{"@type":"ImageObject","url":"https:\/\/candas365.es\/noticias\/wp-content\/uploads\/2026\/04\/Selmana-de-les-Lletres-Asturianes-2026-en-Candas.jpg","width":1121,"height":834,"caption":"Foto: Cand\u00e1s 365"},"datePublished":"2026-04-28T18:46:30+02:00","dateModified":"2026-04-28T18:46:30+02:00","inLanguage":"es-ES","mainEntityOfPage":{"@id":"https:\/\/candas365.es\/noticias\/selmana-de-les-lletres-asturianes-2026-en-candas\/#webpage"},"isPartOf":{"@id":"https:\/\/candas365.es\/noticias\/selmana-de-les-lletres-asturianes-2026-en-candas\/#webpage"},"articleSection":"Noticias Carre\u00f1o, Asturias, Cand\u00e1s, Carre\u00f1o, cultura","dateline":"Publicado el abril 28, 2026."},{"@type":"Organization","@id":"https:\/\/candas365.es\/noticias\/#organization","name":"Cand\u00e1s 365","description":"Cand\u00e1s 365 es un diario digital independiente, fundado en 2012, con base en Asturias. Informamos con rigor sobre actualidad, sociedad, cultura y ocio, con una mirada local y global.","url":"https:\/\/candas365.es\/noticias\/","email":"info@candas365.es","telephone":"+34652131393","foundingDate":"2012-06-10","logo":{"@type":"ImageObject","url":"https:\/\/candas365.es\/noticias\/wp-content\/uploads\/2024\/09\/Candas-365-Redes.jpg","@id":"https:\/\/candas365.es\/noticias\/selmana-de-les-lletres-asturianes-2026-en-candas\/#organizationLogo","width":1152,"height":864,"caption":"Cand\u00e1s 365 Redes"},"image":{"@id":"https:\/\/candas365.es\/noticias\/selmana-de-les-lletres-asturianes-2026-en-candas\/#organizationLogo"},"sameAs":["https:\/\/www.facebook.com\/Nachofdezber","https:\/\/x.com\/NabercoDigital","https:\/\/www.instagram.com\/nachofdezber\/","https:\/\/www.youtube.com\/channel\/UCZP-2wLEB9Rv6erhFmqVnvg"],"address":{"@id":"https:\/\/candas365.es\/noticias\/#postaladdress","@type":"PostalAddress","streetAddress":"san antonio 4, san antonio 4","postalCode":"33430","addressLocality":"Cand\u00e1s","addressRegion":"Asturias","addressCountry":"ES"}},{"@type":"Person","@id":"https:\/\/candas365.es\/noticias\/author\/admin\/#author","url":"https:\/\/candas365.es\/noticias\/author\/admin\/","name":"Cand\u00e1s 365","image":{"@type":"ImageObject","@id":"https:\/\/candas365.es\/noticias\/selmana-de-les-lletres-asturianes-2026-en-candas\/#authorImage","url":"https:\/\/secure.gravatar.com\/avatar\/496a8e03d0c493ede1718b7934145dbdf8d89be1036b0eec9544e1094c9de390?s=96&d=mm&r=g","width":96,"height":96,"caption":"Cand\u00e1s 365"},"sameAs":["https:\/\/www.facebook.com\/carrenoactualidad","https:\/\/twitter.com\/nbasturias","https:\/\/www.instagram.com\/nachofdezber\/","https:\/\/www.youtube.com\/channel\/UCZP-2wLEB9Rv6erhFmqVnvg"]},{"@type":"WebPage","@id":"https:\/\/candas365.es\/noticias\/selmana-de-les-lletres-asturianes-2026-en-candas\/#webpage","url":"https:\/\/candas365.es\/noticias\/selmana-de-les-lletres-asturianes-2026-en-candas\/","name":"Selmana de les Lletres Asturianes 2026 en Cand\u00e1s | Cand\u00e1s 365","description":"Cand\u00e1s ser\u00e1 uno los lugares en los que se celebrar\u00e1 una nueva edici\u00f3n de la Selmana de les Lletres Asturianes, El Principado ofrecer\u00e1 una programaci\u00f3n","inLanguage":"es-ES","isPartOf":{"@id":"https:\/\/candas365.es\/noticias\/#website"},"breadcrumb":{"@id":"https:\/\/candas365.es\/noticias\/selmana-de-les-lletres-asturianes-2026-en-candas\/#breadcrumblist"},"author":{"@id":"https:\/\/candas365.es\/noticias\/author\/admin\/#author"},"creator":{"@id":"https:\/\/candas365.es\/noticias\/author\/admin\/#author"},"image":{"@type":"ImageObject","url":"https:\/\/candas365.es\/noticias\/wp-content\/uploads\/2026\/04\/Selmana-de-les-Lletres-Asturianes-2026-en-Candas.jpg","@id":"https:\/\/candas365.es\/noticias\/selmana-de-les-lletres-asturianes-2026-en-candas\/#mainImage","width":1121,"height":834,"caption":"Foto: Cand\u00e1s 365"},"primaryImageOfPage":{"@id":"https:\/\/candas365.es\/noticias\/selmana-de-les-lletres-asturianes-2026-en-candas\/#mainImage"},"datePublished":"2026-04-28T18:46:30+02:00","dateModified":"2026-04-28T18:46:30+02:00"},{"@type":"WebSite","@id":"https:\/\/candas365.es\/noticias\/#website","url":"https:\/\/candas365.es\/noticias\/","name":"Cand\u00e1s 365","alternateName":"Cand\u00e1s 365 Noticias","description":"Actualidad desde Carre\u00f1o para el mundo","inLanguage":"es-ES","publisher":{"@id":"https:\/\/candas365.es\/noticias\/#organization"}}]},"og:locale":"es_ES","og:site_name":"Cand\u00e1s 365","og:type":"article","og:title":"Selmana de les Lletres Asturianes 2026 en Cand\u00e1s | Cand\u00e1s 365","og:description":"Cand\u00e1s ser\u00e1 uno los lugares en los que se celebrar\u00e1 una nueva edici\u00f3n de la Selmana de les Lletres Asturianes, El Principado ofrecer\u00e1 una programaci\u00f3n","og:url":"https:\/\/candas365.es\/noticias\/selmana-de-les-lletres-asturianes-2026-en-candas\/","og:image":"https:\/\/candas365.es\/noticias\/wp-content\/uploads\/2026\/04\/Selmana-de-les-Lletres-Asturianes-2026-en-Candas.jpg","og:image:secure_url":"https:\/\/candas365.es\/noticias\/wp-content\/uploads\/2026\/04\/Selmana-de-les-Lletres-Asturianes-2026-en-Candas.jpg","og:image:width":1121,"og:image:height":834,"article:published_time":"2026-04-28T16:46:30+00:00","article:modified_time":"2026-04-28T16:46:30+00:00","article:publisher":"https:\/\/www.facebook.com\/Nachofdezber","article:author":"https:\/\/www.facebook.com\/carrenoactualidad","twitter:card":"summary_large_image","twitter:site":"@NabercoDigital","twitter:title":"Selmana de les Lletres Asturianes 2026 en Cand\u00e1s | Cand\u00e1s 365","twitter:description":"Cand\u00e1s ser\u00e1 uno los lugares en los que se celebrar\u00e1 una nueva edici\u00f3n de la Selmana de les Lletres Asturianes, El Principado ofrecer\u00e1 una programaci\u00f3n","twitter:creator":"@nbasturias","twitter:image":"https:\/\/candas365.es\/noticias\/wp-content\/uploads\/2026\/04\/Selmana-de-les-Lletres-Asturianes-2026-en-Candas.jpg","twitter:label1":"Escrito por","twitter:data1":"Cand\u00e1s 365","twitter:label2":"Tiempo de lectura estimado","twitter:data2":"4 minutos"},"aioseo_meta_data":{"post_id":"194382","title":null,"description":"Cand\u00e1s ser\u00e1 uno los lugares en los que se celebrar\u00e1 una nueva edici\u00f3n de la Selmana de les Lletres Asturianes, El Principado ofrecer\u00e1 una programaci\u00f3n","keywords":null,"keyphrases":{"focus":{"keyphrase":"Cand\u00e1s","score":78,"analysis":{"keyphraseInTitle":{"score":9,"maxScore":9,"error":0},"keyphraseInDescription":{"score":9,"maxScore":9,"error":0},"keyphraseLength":{"score":9,"maxScore":9,"error":0,"length":2},"keyphraseInURL":{"score":5,"maxScore":5,"error":0},"keyphraseInIntroduction":{"score":9,"maxScore":9,"error":0},"keyphraseInSubHeadings":{"score":3,"maxScore":9,"error":1},"keyphraseInImageAlt":{"score":9,"maxScore":9,"error":0},"keywordDensity":{"score":0,"type":"low","maxScore":9,"error":1}}},"additional":[{"keyphrase":"Lletres Asturianes","score":100,"analysis":{"keyphraseInDescription":{"score":9,"maxScore":9,"error":0},"keyphraseLength":{"score":9,"maxScore":9,"error":0,"length":2},"keyphraseInIntroduction":{"score":9,"maxScore":9,"error":0},"keyphraseInImageAlt":{"score":9,"maxScore":9,"error":0},"keywordDensity":{"type":"best","score":9,"maxScore":9,"error":0}}}]},"primary_term":null,"canonical_url":null,"og_title":null,"og_description":null,"og_object_type":"default","og_image_type":"default","og_image_url":null,"og_image_width":null,"og_image_height":null,"og_image_custom_url":null,"og_image_custom_fields":null,"og_video":"","og_custom_url":null,"og_article_section":null,"og_article_tags":null,"twitter_use_og":false,"twitter_card":"default","twitter_image_type":"default","twitter_image_url":null,"twitter_image_custom_url":null,"twitter_image_custom_fields":null,"twitter_title":null,"twitter_description":null,"schema":{"blockGraphs":[],"customGraphs":[],"default":{"data":{"Article":[],"Course":[],"Dataset":[],"FAQPage":[],"Movie":[],"Person":[],"Product":[],"ProductReview":[],"Car":[],"Recipe":[],"Service":[],"SoftwareApplication":[],"WebPage":[]},"graphName":"NewsArticle","isEnabled":true},"graphs":[]},"schema_type":"default","schema_type_options":null,"pillar_content":false,"robots_default":true,"robots_noindex":false,"robots_noarchive":false,"robots_nosnippet":false,"robots_nofollow":false,"robots_noimageindex":false,"robots_noodp":false,"robots_notranslate":false,"robots_max_snippet":"-1","robots_max_videopreview":"-1","robots_max_imagepreview":"large","priority":null,"frequency":"default","location":null,"local_seo":null,"seo_analyzer_scan_date":"2026-04-28 16:53:03","breadcrumb_settings":null,"limit_modified_date":false,"reviewed_by":"0","open_ai":null,"ai":{"faqs":[],"keyPoints":[],"schemas":[],"titles":[],"descriptions":[],"socialPosts":{"email":[],"linkedin":[],"twitter":[],"facebook":[],"instagram":[]}},"created":"2026-04-28 16:38:44","updated":"2026-04-28 16:53:11"},"aioseo_breadcrumb":"<div class=\"aioseo-breadcrumbs\"><span class=\"aioseo-breadcrumb\">\n\t<a href=\"https:\/\/candas365.es\/noticias\" title=\"Home\">Home<\/a>\n<\/span><span class=\"aioseo-breadcrumb-separator\">&ndash;<\/span><span class=\"aioseo-breadcrumb\">\n\t<a href=\"https:\/\/candas365.es\/noticias\/category\/noticias-carreno\/\" title=\"Noticias Carre\u00f1o\">Noticias Carre\u00f1o<\/a>\n<\/span><span class=\"aioseo-breadcrumb-separator\">&ndash;<\/span><span class=\"aioseo-breadcrumb\">\n\tSelmana de les Lletres Asturianes 2026 en Cand\u00e1s\n<\/span><\/div>","aioseo_breadcrumb_json":[{"label":"Home","link":"https:\/\/candas365.es\/noticias"},{"label":"Noticias Carre\u00f1o","link":"https:\/\/candas365.es\/noticias\/category\/noticias-carreno\/"},{"label":"Selmana de les Lletres Asturianes 2026 en Cand\u00e1s","link":"https:\/\/candas365.es\/noticias\/selmana-de-les-lletres-asturianes-2026-en-candas\/"}],"_links":{"self":[{"href":"https:\/\/candas365.es\/noticias\/wp-json\/wp\/v2\/posts\/194382","targetHints":{"allow":["GET"]}}],"collection":[{"href":"https:\/\/candas365.es\/noticias\/wp-json\/wp\/v2\/posts"}],"about":[{"href":"https:\/\/candas365.es\/noticias\/wp-json\/wp\/v2\/types\/post"}],"author":[{"embeddable":true,"href":"https:\/\/candas365.es\/noticias\/wp-json\/wp\/v2\/users\/1"}],"replies":[{"embeddable":true,"href":"https:\/\/candas365.es\/noticias\/wp-json\/wp\/v2\/comments?post=194382"}],"version-history":[{"count":1,"href":"https:\/\/candas365.es\/noticias\/wp-json\/wp\/v2\/posts\/194382\/revisions"}],"predecessor-version":[{"id":194384,"href":"https:\/\/candas365.es\/noticias\/wp-json\/wp\/v2\/posts\/194382\/revisions\/194384"}],"wp:featuredmedia":[{"embeddable":true,"href":"https:\/\/candas365.es\/noticias\/wp-json\/wp\/v2\/media\/194383"}],"wp:attachment":[{"href":"https:\/\/candas365.es\/noticias\/wp-json\/wp\/v2\/media?parent=194382"}],"wp:term":[{"taxonomy":"category","embeddable":true,"href":"https:\/\/candas365.es\/noticias\/wp-json\/wp\/v2\/categories?post=194382"},{"taxonomy":"post_tag","embeddable":true,"href":"https:\/\/candas365.es\/noticias\/wp-json\/wp\/v2\/tags?post=194382"}],"curies":[{"name":"wp","href":"https:\/\/api.w.org\/{rel}","templated":true}]}}