{"id":194379,"date":"2026-04-28T18:21:40","date_gmt":"2026-04-28T16:21:40","guid":{"rendered":"https:\/\/candas365.es\/noticias\/?p=194379"},"modified":"2026-04-28T18:21:40","modified_gmt":"2026-04-28T16:21:40","slug":"el-bei-y-el-ico-invierten-en-eficiencia-energetica","status":"publish","type":"post","link":"https:\/\/candas365.es\/noticias\/el-bei-y-el-ico-invierten-en-eficiencia-energetica\/","title":{"rendered":"El BEI y el ICO invierten en eficiencia energ\u00e9tica"},"content":{"rendered":"<p>El grupo BEI, formado por el Banco Europeo de Inversiones (BEI) y el Fondo Europeo de Inversiones (FEI), y el Instituto de Cr\u00e9dito Oficial (ICO) han invertido en el fondo de titulizaci\u00f3n Prado XII de Uni\u00f3n de Cr\u00e9ditos Inmobiliarios (UCI), \u2018joint venture\u2019 entre Banco Santander y el Grupo BNP Paribas, para impulsar la <span style=\"color: #ff6600;\"><a style=\"color: #ff6600;\" href=\"https:\/\/candas365.es\/noticias\/category\/economia\/\"><strong>eficiencia energ\u00e9tica en viviendas en Espa\u00f1a<\/strong><\/a><\/span> y Portugal.<\/p>\n<figure id=\"attachment_194380\" aria-describedby=\"caption-attachment-194380\" style=\"width: 650px\" class=\"wp-caption aligncenter\"><img fetchpriority=\"high\" decoding=\"async\" class=\"size-large wp-image-194380\" src=\"https:\/\/candas365.es\/noticias\/wp-content\/uploads\/2026\/04\/El-BEI-y-el-ICO-invierten-en-eficiencia-energetica-650x429.jpg\" alt=\"El BEI y el ICO invierten en eficiencia energ\u00e9tica\" width=\"650\" height=\"429\" srcset=\"https:\/\/candas365.es\/noticias\/wp-content\/uploads\/2026\/04\/El-BEI-y-el-ICO-invierten-en-eficiencia-energetica-650x429.jpg 650w, https:\/\/candas365.es\/noticias\/wp-content\/uploads\/2026\/04\/El-BEI-y-el-ICO-invierten-en-eficiencia-energetica-360x238.jpg 360w, https:\/\/candas365.es\/noticias\/wp-content\/uploads\/2026\/04\/El-BEI-y-el-ICO-invierten-en-eficiencia-energetica-768x507.jpg 768w, https:\/\/candas365.es\/noticias\/wp-content\/uploads\/2026\/04\/El-BEI-y-el-ICO-invierten-en-eficiencia-energetica-150x99.jpg 150w, https:\/\/candas365.es\/noticias\/wp-content\/uploads\/2026\/04\/El-BEI-y-el-ICO-invierten-en-eficiencia-energetica-450x297.jpg 450w, https:\/\/candas365.es\/noticias\/wp-content\/uploads\/2026\/04\/El-BEI-y-el-ICO-invierten-en-eficiencia-energetica-1200x792.jpg 1200w, https:\/\/candas365.es\/noticias\/wp-content\/uploads\/2026\/04\/El-BEI-y-el-ICO-invierten-en-eficiencia-energetica.jpg 1249w\" sizes=\"(max-width: 650px) 100vw, 650px\" \/><figcaption id=\"caption-attachment-194380\" class=\"wp-caption-text\">Foto: 123rf.com\/<\/figcaption><\/figure>\n<p>En un comunicado, el BEI precis\u00f3 que a trav\u00e9s de esta operaci\u00f3n, las tres entidades impulsan nuevas soluciones de financiaci\u00f3n para acelerar la rehabilitaci\u00f3n energ\u00e9tica de viviendas y fomentar la inversi\u00f3n y la adquisici\u00f3n de vivienda con emisiones pr\u00f3ximas a cero.<\/p>\n<p>El grupo BEI aporta una inversi\u00f3n total de 225 millones de euros. De ese importe, el BEI contribuye 150 millones y el FEI aporta 75 millones de euros en el tramo m\u00e1s senior.<\/p>\n<p>Por su parte, el ICO invertir\u00e1 100 millones de euros en esta segunda transacci\u00f3n conjunta entre las tres partes, articulada mediante la titulizaci\u00f3n de una cartera de hipotecas residenciales originadas en Espa\u00f1a.<\/p>\n<p>En esta titulizaci\u00f3n de venta real, el BEI y el ICO adquieren parte del tramo senior de una cartera de pr\u00e9stamos de 650 millones de euros compuesta por pr\u00e9stamos hipotecarios al corriente.<\/p>\n<p>Los recursos movilizados a trav\u00e9s de esta operaci\u00f3n permitir\u00e1n a UCI originar nuevos pr\u00e9stamos sostenibles destinados a particulares y comunidades de propietarios que acometan inversiones en rehabilitaci\u00f3n de edificios. Aunque el foco principal estar\u00e1 en la renovaci\u00f3n del parque edificado, tambi\u00e9n podr\u00e1n financiarse pr\u00e9stamos hipotecarios para la adquisici\u00f3n de viviendas con altos est\u00e1ndares de eficiencia energ\u00e9tica.<\/p>\n<p>(<a href=\"https:\/\/www.servimedia.es\/\" target=\"_blank\" rel=\"noopener\"><span style=\"color: #ff6600;\"><strong>SERVIMEDIA<\/strong><\/span><\/a>)<\/p>\n","protected":false},"excerpt":{"rendered":"<p>El grupo BEI, formado por el Banco Europeo de Inversiones (BEI) y el Fondo Europeo de Inversiones (FEI), y el Instituto de Cr\u00e9dito Oficial (ICO) han invertido en el fondo de titulizaci\u00f3n Prado XII de Uni\u00f3n de Cr\u00e9ditos Inmobiliarios (UCI), \u2018joint venture\u2019 entre Banco Santander y el Grupo BNP Paribas, para impulsar la eficiencia energ\u00e9tica<\/p>\n","protected":false},"author":1,"featured_media":194380,"comment_status":"closed","ping_status":"closed","sticky":false,"template":"","format":"standard","meta":{"footnotes":""},"categories":[486],"tags":[437],"class_list":{"0":"post-194379","1":"post","2":"type-post","3":"status-publish","4":"format-standard","5":"has-post-thumbnail","7":"category-economia","8":"tag-economia"},"aioseo_notices":[],"aioseo_head":"\n\t\t<!-- All in One SEO Pro 4.9.6.2 - aioseo.com -->\n\t<meta name=\"description\" content=\"El grupo BEI, formado por el Banco Europeo de Inversiones (BEI) y el Fondo Europeo de Inversiones (FEI), y el Instituto de Cr\u00e9dito Oficial (ICO) han invertido\" \/>\n\t<meta name=\"robots\" content=\"max-image-preview:large\" \/>\n\t<meta name=\"author\" content=\"Cand\u00e1s 365\"\/>\n\t<meta name=\"google-site-verification\" content=\"UA-32230408-1\" \/>\n\t<meta name=\"msvalidate.01\" content=\"354F3CDFB2DA171B47FBE9ABF1F88D5\" \/>\n\t<meta name=\"keywords\" content=\"econom\u00eda\" \/>\n\t<link rel=\"canonical\" href=\"https:\/\/candas365.es\/noticias\/el-bei-y-el-ico-invierten-en-eficiencia-energetica\/\" \/>\n\t<meta name=\"generator\" content=\"All in One SEO Pro (AIOSEO) 4.9.6.2\" \/>\n\t\t<meta property=\"og:locale\" content=\"es_ES\" \/>\n\t\t<meta property=\"og:site_name\" content=\"Cand\u00e1s 365\" \/>\n\t\t<meta property=\"og:type\" content=\"article\" \/>\n\t\t<meta property=\"og:title\" content=\"El BEI y el ICO invierten en eficiencia energ\u00e9tica | Cand\u00e1s 365\" \/>\n\t\t<meta property=\"og:description\" content=\"El grupo BEI, formado por el Banco Europeo de Inversiones (BEI) y el Fondo Europeo de Inversiones (FEI), y el Instituto de Cr\u00e9dito Oficial (ICO) han invertido\" \/>\n\t\t<meta property=\"og:url\" content=\"https:\/\/candas365.es\/noticias\/el-bei-y-el-ico-invierten-en-eficiencia-energetica\/\" \/>\n\t\t<meta property=\"og:image\" content=\"https:\/\/candas365.es\/noticias\/wp-content\/uploads\/2026\/04\/El-BEI-y-el-ICO-invierten-en-eficiencia-energetica.jpg\" \/>\n\t\t<meta property=\"og:image:secure_url\" content=\"https:\/\/candas365.es\/noticias\/wp-content\/uploads\/2026\/04\/El-BEI-y-el-ICO-invierten-en-eficiencia-energetica.jpg\" \/>\n\t\t<meta property=\"og:image:width\" content=\"1249\" \/>\n\t\t<meta property=\"og:image:height\" content=\"824\" \/>\n\t\t<meta property=\"article:published_time\" content=\"2026-04-28T16:21:40+00:00\" \/>\n\t\t<meta property=\"article:modified_time\" content=\"2026-04-28T16:21:40+00:00\" \/>\n\t\t<meta property=\"article:publisher\" content=\"https:\/\/www.facebook.com\/Nachofdezber\" \/>\n\t\t<meta property=\"article:author\" content=\"https:\/\/www.facebook.com\/carrenoactualidad\" \/>\n\t\t<meta name=\"twitter:card\" content=\"summary_large_image\" \/>\n\t\t<meta name=\"twitter:site\" content=\"@NabercoDigital\" \/>\n\t\t<meta name=\"twitter:title\" content=\"El BEI y el ICO invierten en eficiencia energ\u00e9tica | Cand\u00e1s 365\" \/>\n\t\t<meta name=\"twitter:description\" content=\"El grupo BEI, formado por el Banco Europeo de Inversiones (BEI) y el Fondo Europeo de Inversiones (FEI), y el Instituto de Cr\u00e9dito Oficial (ICO) han invertido\" \/>\n\t\t<meta name=\"twitter:creator\" content=\"@nbasturias\" \/>\n\t\t<meta name=\"twitter:image\" content=\"https:\/\/candas365.es\/noticias\/wp-content\/uploads\/2026\/04\/El-BEI-y-el-ICO-invierten-en-eficiencia-energetica.jpg\" \/>\n\t\t<meta name=\"twitter:label1\" content=\"Escrito por\" \/>\n\t\t<meta name=\"twitter:data1\" content=\"Cand\u00e1s 365\" \/>\n\t\t<meta name=\"twitter:label2\" content=\"Tiempo de lectura estimado\" \/>\n\t\t<meta name=\"twitter:data2\" content=\"1 minuto\" \/>\n\t\t<script type=\"application\/ld+json\" class=\"aioseo-schema\">\n\t\t\t{\"@context\":\"https:\\\/\\\/schema.org\",\"@graph\":[{\"@type\":\"BreadcrumbList\",\"@id\":\"https:\\\/\\\/candas365.es\\\/noticias\\\/el-bei-y-el-ico-invierten-en-eficiencia-energetica\\\/#breadcrumblist\",\"itemListElement\":[{\"@type\":\"ListItem\",\"@id\":\"https:\\\/\\\/candas365.es\\\/noticias#listItem\",\"position\":1,\"name\":\"Home\",\"item\":\"https:\\\/\\\/candas365.es\\\/noticias\",\"nextItem\":{\"@type\":\"ListItem\",\"@id\":\"https:\\\/\\\/candas365.es\\\/noticias\\\/category\\\/economia\\\/#listItem\",\"name\":\"Econom\\u00eda\"}},{\"@type\":\"ListItem\",\"@id\":\"https:\\\/\\\/candas365.es\\\/noticias\\\/category\\\/economia\\\/#listItem\",\"position\":2,\"name\":\"Econom\\u00eda\",\"item\":\"https:\\\/\\\/candas365.es\\\/noticias\\\/category\\\/economia\\\/\",\"nextItem\":{\"@type\":\"ListItem\",\"@id\":\"https:\\\/\\\/candas365.es\\\/noticias\\\/el-bei-y-el-ico-invierten-en-eficiencia-energetica\\\/#listItem\",\"name\":\"El BEI y el ICO invierten en eficiencia energ\\u00e9tica\"},\"previousItem\":{\"@type\":\"ListItem\",\"@id\":\"https:\\\/\\\/candas365.es\\\/noticias#listItem\",\"name\":\"Home\"}},{\"@type\":\"ListItem\",\"@id\":\"https:\\\/\\\/candas365.es\\\/noticias\\\/el-bei-y-el-ico-invierten-en-eficiencia-energetica\\\/#listItem\",\"position\":3,\"name\":\"El BEI y el ICO invierten en eficiencia energ\\u00e9tica\",\"previousItem\":{\"@type\":\"ListItem\",\"@id\":\"https:\\\/\\\/candas365.es\\\/noticias\\\/category\\\/economia\\\/#listItem\",\"name\":\"Econom\\u00eda\"}}]},{\"@type\":\"NewsArticle\",\"@id\":\"https:\\\/\\\/candas365.es\\\/noticias\\\/el-bei-y-el-ico-invierten-en-eficiencia-energetica\\\/#newsarticle\",\"name\":\"El BEI y el ICO invierten en eficiencia energ\\u00e9tica | Cand\\u00e1s 365\",\"headline\":\"El BEI y el ICO invierten en eficiencia energ\\u00e9tica\",\"author\":{\"@id\":\"https:\\\/\\\/candas365.es\\\/noticias\\\/author\\\/admin\\\/#author\"},\"publisher\":{\"@id\":\"https:\\\/\\\/candas365.es\\\/noticias\\\/#organization\"},\"image\":{\"@type\":\"ImageObject\",\"url\":\"https:\\\/\\\/candas365.es\\\/noticias\\\/wp-content\\\/uploads\\\/2026\\\/04\\\/El-BEI-y-el-ICO-invierten-en-eficiencia-energetica.jpg\",\"width\":1249,\"height\":824,\"caption\":\"Foto: 123rf.com\\\/\"},\"datePublished\":\"2026-04-28T18:21:40+02:00\",\"dateModified\":\"2026-04-28T18:21:40+02:00\",\"inLanguage\":\"es-ES\",\"mainEntityOfPage\":{\"@id\":\"https:\\\/\\\/candas365.es\\\/noticias\\\/el-bei-y-el-ico-invierten-en-eficiencia-energetica\\\/#webpage\"},\"isPartOf\":{\"@id\":\"https:\\\/\\\/candas365.es\\\/noticias\\\/el-bei-y-el-ico-invierten-en-eficiencia-energetica\\\/#webpage\"},\"articleSection\":\"Econom\\u00eda, Econom\\u00eda\",\"dateline\":\"Publicado el abril 28, 2026.\"},{\"@type\":\"Organization\",\"@id\":\"https:\\\/\\\/candas365.es\\\/noticias\\\/#organization\",\"name\":\"Cand\\u00e1s 365\",\"description\":\"Cand\\u00e1s 365 es un diario digital independiente, fundado en 2012, con base en Asturias. Informamos con rigor sobre actualidad, sociedad, cultura y ocio, con una mirada local y global.\",\"url\":\"https:\\\/\\\/candas365.es\\\/noticias\\\/\",\"email\":\"info@candas365.es\",\"telephone\":\"+34652131393\",\"foundingDate\":\"2012-06-10\",\"logo\":{\"@type\":\"ImageObject\",\"url\":\"https:\\\/\\\/candas365.es\\\/noticias\\\/wp-content\\\/uploads\\\/2024\\\/09\\\/Candas-365-Redes.jpg\",\"@id\":\"https:\\\/\\\/candas365.es\\\/noticias\\\/el-bei-y-el-ico-invierten-en-eficiencia-energetica\\\/#organizationLogo\",\"width\":1152,\"height\":864,\"caption\":\"Cand\\u00e1s 365 Redes\"},\"image\":{\"@id\":\"https:\\\/\\\/candas365.es\\\/noticias\\\/el-bei-y-el-ico-invierten-en-eficiencia-energetica\\\/#organizationLogo\"},\"sameAs\":[\"https:\\\/\\\/www.facebook.com\\\/Nachofdezber\",\"https:\\\/\\\/x.com\\\/NabercoDigital\",\"https:\\\/\\\/www.instagram.com\\\/nachofdezber\\\/\",\"https:\\\/\\\/www.youtube.com\\\/channel\\\/UCZP-2wLEB9Rv6erhFmqVnvg\"],\"address\":{\"@id\":\"https:\\\/\\\/candas365.es\\\/noticias\\\/#postaladdress\",\"@type\":\"PostalAddress\",\"streetAddress\":\"san antonio 4, san antonio 4\",\"postalCode\":\"33430\",\"addressLocality\":\"Cand\\u00e1s\",\"addressRegion\":\"Asturias\",\"addressCountry\":\"ES\"}},{\"@type\":\"Person\",\"@id\":\"https:\\\/\\\/candas365.es\\\/noticias\\\/author\\\/admin\\\/#author\",\"url\":\"https:\\\/\\\/candas365.es\\\/noticias\\\/author\\\/admin\\\/\",\"name\":\"Cand\\u00e1s 365\",\"image\":{\"@type\":\"ImageObject\",\"@id\":\"https:\\\/\\\/candas365.es\\\/noticias\\\/el-bei-y-el-ico-invierten-en-eficiencia-energetica\\\/#authorImage\",\"url\":\"https:\\\/\\\/secure.gravatar.com\\\/avatar\\\/496a8e03d0c493ede1718b7934145dbdf8d89be1036b0eec9544e1094c9de390?s=96&d=mm&r=g\",\"width\":96,\"height\":96,\"caption\":\"Cand\\u00e1s 365\"},\"sameAs\":[\"https:\\\/\\\/www.facebook.com\\\/carrenoactualidad\",\"https:\\\/\\\/twitter.com\\\/nbasturias\",\"https:\\\/\\\/www.instagram.com\\\/nachofdezber\\\/\",\"https:\\\/\\\/www.youtube.com\\\/channel\\\/UCZP-2wLEB9Rv6erhFmqVnvg\"]},{\"@type\":\"WebPage\",\"@id\":\"https:\\\/\\\/candas365.es\\\/noticias\\\/el-bei-y-el-ico-invierten-en-eficiencia-energetica\\\/#webpage\",\"url\":\"https:\\\/\\\/candas365.es\\\/noticias\\\/el-bei-y-el-ico-invierten-en-eficiencia-energetica\\\/\",\"name\":\"El BEI y el ICO invierten en eficiencia energ\\u00e9tica | Cand\\u00e1s 365\",\"description\":\"El grupo BEI, formado por el Banco Europeo de Inversiones (BEI) y el Fondo Europeo de Inversiones (FEI), y el Instituto de Cr\\u00e9dito Oficial (ICO) han invertido\",\"inLanguage\":\"es-ES\",\"isPartOf\":{\"@id\":\"https:\\\/\\\/candas365.es\\\/noticias\\\/#website\"},\"breadcrumb\":{\"@id\":\"https:\\\/\\\/candas365.es\\\/noticias\\\/el-bei-y-el-ico-invierten-en-eficiencia-energetica\\\/#breadcrumblist\"},\"author\":{\"@id\":\"https:\\\/\\\/candas365.es\\\/noticias\\\/author\\\/admin\\\/#author\"},\"creator\":{\"@id\":\"https:\\\/\\\/candas365.es\\\/noticias\\\/author\\\/admin\\\/#author\"},\"image\":{\"@type\":\"ImageObject\",\"url\":\"https:\\\/\\\/candas365.es\\\/noticias\\\/wp-content\\\/uploads\\\/2026\\\/04\\\/El-BEI-y-el-ICO-invierten-en-eficiencia-energetica.jpg\",\"@id\":\"https:\\\/\\\/candas365.es\\\/noticias\\\/el-bei-y-el-ico-invierten-en-eficiencia-energetica\\\/#mainImage\",\"width\":1249,\"height\":824,\"caption\":\"Foto: 123rf.com\\\/\"},\"primaryImageOfPage\":{\"@id\":\"https:\\\/\\\/candas365.es\\\/noticias\\\/el-bei-y-el-ico-invierten-en-eficiencia-energetica\\\/#mainImage\"},\"datePublished\":\"2026-04-28T18:21:40+02:00\",\"dateModified\":\"2026-04-28T18:21:40+02:00\"},{\"@type\":\"WebSite\",\"@id\":\"https:\\\/\\\/candas365.es\\\/noticias\\\/#website\",\"url\":\"https:\\\/\\\/candas365.es\\\/noticias\\\/\",\"name\":\"Cand\\u00e1s 365\",\"alternateName\":\"Cand\\u00e1s 365 Noticias\",\"description\":\"Actualidad desde Carre\\u00f1o para el mundo\",\"inLanguage\":\"es-ES\",\"publisher\":{\"@id\":\"https:\\\/\\\/candas365.es\\\/noticias\\\/#organization\"}}]}\n\t\t<\/script>\n\t\t<!-- All in One SEO Pro -->\r\n\t\t<title>El BEI y el ICO invierten en eficiencia energ\u00e9tica | Cand\u00e1s 365<\/title>\n\n","aioseo_head_json":{"title":"El BEI y el ICO invierten en eficiencia energ\u00e9tica | Cand\u00e1s 365","description":"El grupo BEI, formado por el Banco Europeo de Inversiones (BEI) y el Fondo Europeo de Inversiones (FEI), y el Instituto de Cr\u00e9dito Oficial (ICO) han invertido","canonical_url":"https:\/\/candas365.es\/noticias\/el-bei-y-el-ico-invierten-en-eficiencia-energetica\/","robots":"max-image-preview:large","keywords":"econom\u00eda","webmasterTools":{"google-site-verification":"UA-32230408-1","msvalidate.01":"354F3CDFB2DA171B47FBE9ABF1F88D5","miscellaneous":""},"schema":{"@context":"https:\/\/schema.org","@graph":[{"@type":"BreadcrumbList","@id":"https:\/\/candas365.es\/noticias\/el-bei-y-el-ico-invierten-en-eficiencia-energetica\/#breadcrumblist","itemListElement":[{"@type":"ListItem","@id":"https:\/\/candas365.es\/noticias#listItem","position":1,"name":"Home","item":"https:\/\/candas365.es\/noticias","nextItem":{"@type":"ListItem","@id":"https:\/\/candas365.es\/noticias\/category\/economia\/#listItem","name":"Econom\u00eda"}},{"@type":"ListItem","@id":"https:\/\/candas365.es\/noticias\/category\/economia\/#listItem","position":2,"name":"Econom\u00eda","item":"https:\/\/candas365.es\/noticias\/category\/economia\/","nextItem":{"@type":"ListItem","@id":"https:\/\/candas365.es\/noticias\/el-bei-y-el-ico-invierten-en-eficiencia-energetica\/#listItem","name":"El BEI y el ICO invierten en eficiencia energ\u00e9tica"},"previousItem":{"@type":"ListItem","@id":"https:\/\/candas365.es\/noticias#listItem","name":"Home"}},{"@type":"ListItem","@id":"https:\/\/candas365.es\/noticias\/el-bei-y-el-ico-invierten-en-eficiencia-energetica\/#listItem","position":3,"name":"El BEI y el ICO invierten en eficiencia energ\u00e9tica","previousItem":{"@type":"ListItem","@id":"https:\/\/candas365.es\/noticias\/category\/economia\/#listItem","name":"Econom\u00eda"}}]},{"@type":"NewsArticle","@id":"https:\/\/candas365.es\/noticias\/el-bei-y-el-ico-invierten-en-eficiencia-energetica\/#newsarticle","name":"El BEI y el ICO invierten en eficiencia energ\u00e9tica | Cand\u00e1s 365","headline":"El BEI y el ICO invierten en eficiencia energ\u00e9tica","author":{"@id":"https:\/\/candas365.es\/noticias\/author\/admin\/#author"},"publisher":{"@id":"https:\/\/candas365.es\/noticias\/#organization"},"image":{"@type":"ImageObject","url":"https:\/\/candas365.es\/noticias\/wp-content\/uploads\/2026\/04\/El-BEI-y-el-ICO-invierten-en-eficiencia-energetica.jpg","width":1249,"height":824,"caption":"Foto: 123rf.com\/"},"datePublished":"2026-04-28T18:21:40+02:00","dateModified":"2026-04-28T18:21:40+02:00","inLanguage":"es-ES","mainEntityOfPage":{"@id":"https:\/\/candas365.es\/noticias\/el-bei-y-el-ico-invierten-en-eficiencia-energetica\/#webpage"},"isPartOf":{"@id":"https:\/\/candas365.es\/noticias\/el-bei-y-el-ico-invierten-en-eficiencia-energetica\/#webpage"},"articleSection":"Econom\u00eda, Econom\u00eda","dateline":"Publicado el abril 28, 2026."},{"@type":"Organization","@id":"https:\/\/candas365.es\/noticias\/#organization","name":"Cand\u00e1s 365","description":"Cand\u00e1s 365 es un diario digital independiente, fundado en 2012, con base en Asturias. Informamos con rigor sobre actualidad, sociedad, cultura y ocio, con una mirada local y global.","url":"https:\/\/candas365.es\/noticias\/","email":"info@candas365.es","telephone":"+34652131393","foundingDate":"2012-06-10","logo":{"@type":"ImageObject","url":"https:\/\/candas365.es\/noticias\/wp-content\/uploads\/2024\/09\/Candas-365-Redes.jpg","@id":"https:\/\/candas365.es\/noticias\/el-bei-y-el-ico-invierten-en-eficiencia-energetica\/#organizationLogo","width":1152,"height":864,"caption":"Cand\u00e1s 365 Redes"},"image":{"@id":"https:\/\/candas365.es\/noticias\/el-bei-y-el-ico-invierten-en-eficiencia-energetica\/#organizationLogo"},"sameAs":["https:\/\/www.facebook.com\/Nachofdezber","https:\/\/x.com\/NabercoDigital","https:\/\/www.instagram.com\/nachofdezber\/","https:\/\/www.youtube.com\/channel\/UCZP-2wLEB9Rv6erhFmqVnvg"],"address":{"@id":"https:\/\/candas365.es\/noticias\/#postaladdress","@type":"PostalAddress","streetAddress":"san antonio 4, san antonio 4","postalCode":"33430","addressLocality":"Cand\u00e1s","addressRegion":"Asturias","addressCountry":"ES"}},{"@type":"Person","@id":"https:\/\/candas365.es\/noticias\/author\/admin\/#author","url":"https:\/\/candas365.es\/noticias\/author\/admin\/","name":"Cand\u00e1s 365","image":{"@type":"ImageObject","@id":"https:\/\/candas365.es\/noticias\/el-bei-y-el-ico-invierten-en-eficiencia-energetica\/#authorImage","url":"https:\/\/secure.gravatar.com\/avatar\/496a8e03d0c493ede1718b7934145dbdf8d89be1036b0eec9544e1094c9de390?s=96&d=mm&r=g","width":96,"height":96,"caption":"Cand\u00e1s 365"},"sameAs":["https:\/\/www.facebook.com\/carrenoactualidad","https:\/\/twitter.com\/nbasturias","https:\/\/www.instagram.com\/nachofdezber\/","https:\/\/www.youtube.com\/channel\/UCZP-2wLEB9Rv6erhFmqVnvg"]},{"@type":"WebPage","@id":"https:\/\/candas365.es\/noticias\/el-bei-y-el-ico-invierten-en-eficiencia-energetica\/#webpage","url":"https:\/\/candas365.es\/noticias\/el-bei-y-el-ico-invierten-en-eficiencia-energetica\/","name":"El BEI y el ICO invierten en eficiencia energ\u00e9tica | Cand\u00e1s 365","description":"El grupo BEI, formado por el Banco Europeo de Inversiones (BEI) y el Fondo Europeo de Inversiones (FEI), y el Instituto de Cr\u00e9dito Oficial (ICO) han invertido","inLanguage":"es-ES","isPartOf":{"@id":"https:\/\/candas365.es\/noticias\/#website"},"breadcrumb":{"@id":"https:\/\/candas365.es\/noticias\/el-bei-y-el-ico-invierten-en-eficiencia-energetica\/#breadcrumblist"},"author":{"@id":"https:\/\/candas365.es\/noticias\/author\/admin\/#author"},"creator":{"@id":"https:\/\/candas365.es\/noticias\/author\/admin\/#author"},"image":{"@type":"ImageObject","url":"https:\/\/candas365.es\/noticias\/wp-content\/uploads\/2026\/04\/El-BEI-y-el-ICO-invierten-en-eficiencia-energetica.jpg","@id":"https:\/\/candas365.es\/noticias\/el-bei-y-el-ico-invierten-en-eficiencia-energetica\/#mainImage","width":1249,"height":824,"caption":"Foto: 123rf.com\/"},"primaryImageOfPage":{"@id":"https:\/\/candas365.es\/noticias\/el-bei-y-el-ico-invierten-en-eficiencia-energetica\/#mainImage"},"datePublished":"2026-04-28T18:21:40+02:00","dateModified":"2026-04-28T18:21:40+02:00"},{"@type":"WebSite","@id":"https:\/\/candas365.es\/noticias\/#website","url":"https:\/\/candas365.es\/noticias\/","name":"Cand\u00e1s 365","alternateName":"Cand\u00e1s 365 Noticias","description":"Actualidad desde Carre\u00f1o para el mundo","inLanguage":"es-ES","publisher":{"@id":"https:\/\/candas365.es\/noticias\/#organization"}}]},"og:locale":"es_ES","og:site_name":"Cand\u00e1s 365","og:type":"article","og:title":"El BEI y el ICO invierten en eficiencia energ\u00e9tica | Cand\u00e1s 365","og:description":"El grupo BEI, formado por el Banco Europeo de Inversiones (BEI) y el Fondo Europeo de Inversiones (FEI), y el Instituto de Cr\u00e9dito Oficial (ICO) han invertido","og:url":"https:\/\/candas365.es\/noticias\/el-bei-y-el-ico-invierten-en-eficiencia-energetica\/","og:image":"https:\/\/candas365.es\/noticias\/wp-content\/uploads\/2026\/04\/El-BEI-y-el-ICO-invierten-en-eficiencia-energetica.jpg","og:image:secure_url":"https:\/\/candas365.es\/noticias\/wp-content\/uploads\/2026\/04\/El-BEI-y-el-ICO-invierten-en-eficiencia-energetica.jpg","og:image:width":1249,"og:image:height":824,"article:published_time":"2026-04-28T16:21:40+00:00","article:modified_time":"2026-04-28T16:21:40+00:00","article:publisher":"https:\/\/www.facebook.com\/Nachofdezber","article:author":"https:\/\/www.facebook.com\/carrenoactualidad","twitter:card":"summary_large_image","twitter:site":"@NabercoDigital","twitter:title":"El BEI y el ICO invierten en eficiencia energ\u00e9tica | Cand\u00e1s 365","twitter:description":"El grupo BEI, formado por el Banco Europeo de Inversiones (BEI) y el Fondo Europeo de Inversiones (FEI), y el Instituto de Cr\u00e9dito Oficial (ICO) han invertido","twitter:creator":"@nbasturias","twitter:image":"https:\/\/candas365.es\/noticias\/wp-content\/uploads\/2026\/04\/El-BEI-y-el-ICO-invierten-en-eficiencia-energetica.jpg","twitter:label1":"Escrito por","twitter:data1":"Cand\u00e1s 365","twitter:label2":"Tiempo de lectura estimado","twitter:data2":"1 minuto"},"aioseo_meta_data":{"post_id":"194379","title":null,"description":"El grupo BEI, formado por el Banco Europeo de Inversiones (BEI) y el Fondo Europeo de Inversiones (FEI), y el Instituto de Cr\u00e9dito Oficial (ICO) han invertido","keywords":null,"keyphrases":{"focus":{"keyphrase":"BEI","score":100,"analysis":{"keyphraseInTitle":{"score":9,"maxScore":9,"error":0},"keyphraseInDescription":{"score":9,"maxScore":9,"error":0},"keyphraseLength":{"score":9,"maxScore":9,"error":0,"length":1},"keyphraseInURL":{"score":5,"maxScore":5,"error":0},"keyphraseInIntroduction":{"score":9,"maxScore":9,"error":0},"keyphraseInSubHeadings":[],"keyphraseInImageAlt":{"score":9,"maxScore":9,"error":0},"keywordDensity":{"type":"best","score":9,"maxScore":9,"error":0}}},"additional":[{"keyphrase":"ICO","score":100,"analysis":{"keyphraseInDescription":{"score":9,"maxScore":9,"error":0},"keyphraseLength":{"score":9,"maxScore":9,"error":0,"length":1},"keyphraseInIntroduction":{"score":9,"maxScore":9,"error":0},"keyphraseInImageAlt":{"score":9,"maxScore":9,"error":0},"keywordDensity":{"type":"best","score":9,"maxScore":9,"error":0}}}]},"primary_term":null,"canonical_url":null,"og_title":null,"og_description":null,"og_object_type":"default","og_image_type":"default","og_image_url":null,"og_image_width":null,"og_image_height":null,"og_image_custom_url":null,"og_image_custom_fields":null,"og_video":"","og_custom_url":null,"og_article_section":null,"og_article_tags":null,"twitter_use_og":false,"twitter_card":"default","twitter_image_type":"default","twitter_image_url":null,"twitter_image_custom_url":null,"twitter_image_custom_fields":null,"twitter_title":null,"twitter_description":null,"schema":{"blockGraphs":[],"customGraphs":[],"default":{"data":{"Article":[],"Course":[],"Dataset":[],"FAQPage":[],"Movie":[],"Person":[],"Product":[],"ProductReview":[],"Car":[],"Recipe":[],"Service":[],"SoftwareApplication":[],"WebPage":[]},"graphName":"NewsArticle","isEnabled":true},"graphs":[]},"schema_type":"default","schema_type_options":null,"pillar_content":false,"robots_default":true,"robots_noindex":false,"robots_noarchive":false,"robots_nosnippet":false,"robots_nofollow":false,"robots_noimageindex":false,"robots_noodp":false,"robots_notranslate":false,"robots_max_snippet":"-1","robots_max_videopreview":"-1","robots_max_imagepreview":"large","priority":null,"frequency":"default","location":null,"local_seo":null,"seo_analyzer_scan_date":"2026-04-28 16:53:01","breadcrumb_settings":null,"limit_modified_date":false,"reviewed_by":"0","open_ai":null,"ai":{"faqs":[],"keyPoints":[],"schemas":[],"titles":[],"descriptions":[],"socialPosts":{"email":[],"linkedin":[],"twitter":[],"facebook":[],"instagram":[]}},"created":"2026-04-28 16:12:39","updated":"2026-04-28 16:53:10"},"aioseo_breadcrumb":"<div class=\"aioseo-breadcrumbs\"><span class=\"aioseo-breadcrumb\">\n\t<a href=\"https:\/\/candas365.es\/noticias\" title=\"Home\">Home<\/a>\n<\/span><span class=\"aioseo-breadcrumb-separator\">&ndash;<\/span><span class=\"aioseo-breadcrumb\">\n\t<a href=\"https:\/\/candas365.es\/noticias\/category\/economia\/\" title=\"Econom\u00eda\">Econom\u00eda<\/a>\n<\/span><span class=\"aioseo-breadcrumb-separator\">&ndash;<\/span><span class=\"aioseo-breadcrumb\">\n\tEl BEI y el ICO invierten en eficiencia energ\u00e9tica\n<\/span><\/div>","aioseo_breadcrumb_json":[{"label":"Home","link":"https:\/\/candas365.es\/noticias"},{"label":"Econom\u00eda","link":"https:\/\/candas365.es\/noticias\/category\/economia\/"},{"label":"El BEI y el ICO invierten en eficiencia energ\u00e9tica","link":"https:\/\/candas365.es\/noticias\/el-bei-y-el-ico-invierten-en-eficiencia-energetica\/"}],"_links":{"self":[{"href":"https:\/\/candas365.es\/noticias\/wp-json\/wp\/v2\/posts\/194379","targetHints":{"allow":["GET"]}}],"collection":[{"href":"https:\/\/candas365.es\/noticias\/wp-json\/wp\/v2\/posts"}],"about":[{"href":"https:\/\/candas365.es\/noticias\/wp-json\/wp\/v2\/types\/post"}],"author":[{"embeddable":true,"href":"https:\/\/candas365.es\/noticias\/wp-json\/wp\/v2\/users\/1"}],"replies":[{"embeddable":true,"href":"https:\/\/candas365.es\/noticias\/wp-json\/wp\/v2\/comments?post=194379"}],"version-history":[{"count":1,"href":"https:\/\/candas365.es\/noticias\/wp-json\/wp\/v2\/posts\/194379\/revisions"}],"predecessor-version":[{"id":194381,"href":"https:\/\/candas365.es\/noticias\/wp-json\/wp\/v2\/posts\/194379\/revisions\/194381"}],"wp:featuredmedia":[{"embeddable":true,"href":"https:\/\/candas365.es\/noticias\/wp-json\/wp\/v2\/media\/194380"}],"wp:attachment":[{"href":"https:\/\/candas365.es\/noticias\/wp-json\/wp\/v2\/media?parent=194379"}],"wp:term":[{"taxonomy":"category","embeddable":true,"href":"https:\/\/candas365.es\/noticias\/wp-json\/wp\/v2\/categories?post=194379"},{"taxonomy":"post_tag","embeddable":true,"href":"https:\/\/candas365.es\/noticias\/wp-json\/wp\/v2\/tags?post=194379"}],"curies":[{"name":"wp","href":"https:\/\/api.w.org\/{rel}","templated":true}]}}