{"id":194376,"date":"2026-04-28T18:10:14","date_gmt":"2026-04-28T16:10:14","guid":{"rendered":"https:\/\/candas365.es\/noticias\/?p=194376"},"modified":"2026-04-28T18:10:14","modified_gmt":"2026-04-28T16:10:14","slug":"el-congreso-retoma-la-nacionalizacion-de-saharauis","status":"publish","type":"post","link":"https:\/\/candas365.es\/noticias\/el-congreso-retoma-la-nacionalizacion-de-saharauis\/","title":{"rendered":"El Congreso retoma la nacionalizaci\u00f3n de saharauis"},"content":{"rendered":"<p>El <a href=\"https:\/\/candas365.es\/noticias\/tag\/politica\/\"><span style=\"color: #ff6600;\"><strong>Congreso de los Diputados<\/strong><\/span><\/a> retomar\u00e1 la Proposici\u00f3n de Ley sobre concesi\u00f3n de nacionalidad espa\u00f1ola a los saharauis nacidos bajo la administraci\u00f3n espa\u00f1ola despu\u00e9s de un a\u00f1o paralizada tras su admisi\u00f3n a tr\u00e1mite.<\/p>\n<figure id=\"attachment_194377\" aria-describedby=\"caption-attachment-194377\" style=\"width: 650px\" class=\"wp-caption aligncenter\"><img fetchpriority=\"high\" decoding=\"async\" class=\"size-large wp-image-194377\" src=\"https:\/\/candas365.es\/noticias\/wp-content\/uploads\/2026\/04\/El-Congreso-retoma-la-nacionalizacion-de-saharauis-650x429.jpg\" alt=\"El Congreso retoma la nacionalizaci\u00f3n de saharauis\" width=\"650\" height=\"429\" srcset=\"https:\/\/candas365.es\/noticias\/wp-content\/uploads\/2026\/04\/El-Congreso-retoma-la-nacionalizacion-de-saharauis-650x429.jpg 650w, https:\/\/candas365.es\/noticias\/wp-content\/uploads\/2026\/04\/El-Congreso-retoma-la-nacionalizacion-de-saharauis-360x238.jpg 360w, https:\/\/candas365.es\/noticias\/wp-content\/uploads\/2026\/04\/El-Congreso-retoma-la-nacionalizacion-de-saharauis-768x507.jpg 768w, https:\/\/candas365.es\/noticias\/wp-content\/uploads\/2026\/04\/El-Congreso-retoma-la-nacionalizacion-de-saharauis-150x99.jpg 150w, https:\/\/candas365.es\/noticias\/wp-content\/uploads\/2026\/04\/El-Congreso-retoma-la-nacionalizacion-de-saharauis-450x297.jpg 450w, https:\/\/candas365.es\/noticias\/wp-content\/uploads\/2026\/04\/El-Congreso-retoma-la-nacionalizacion-de-saharauis-1200x792.jpg 1200w, https:\/\/candas365.es\/noticias\/wp-content\/uploads\/2026\/04\/El-Congreso-retoma-la-nacionalizacion-de-saharauis.jpg 1249w\" sizes=\"(max-width: 650px) 100vw, 650px\" \/><figcaption id=\"caption-attachment-194377\" class=\"wp-caption-text\">Tesh Sidi en una entrevista en Servimedia | Foto de Jorge Villa<\/figcaption><\/figure>\n<p>Despu\u00e9s de la toma en consideraci\u00f3n de la iniciativa de Sumar en marzo de 2025, se constituir\u00e1 la ponencia, al haber accedido el PSOE a la petici\u00f3n de su socio de Gobierno despu\u00e9s de que, a instancias del Consejo de Estado, los saharauis quedaran fuera de la regularizaci\u00f3n de inmigrantes por arraigo o asilo si no renunciaban a su condici\u00f3n de ap\u00e1tridas.<\/p>\n<p>La proposici\u00f3n de ley la registr\u00f3 Sumar en noviembre de 2023 (en febrero de ese a\u00f1o ya lo hab\u00eda hecho Unidas Podemos, pero caduc\u00f3 por la disoluci\u00f3n de las Cortes y la convocatoria de elecciones generales), y todo el Pleno del Congreso salvo el PSOE, condicionado por su relaci\u00f3n con Marruecos, aprob\u00f3 su toma en consideraci\u00f3n en marzo de 2025.<\/p>\n<p>La iniciativa preve\u00eda nacionalizar a los saharauis que hubieran sido ciudadanos espa\u00f1oles (los nacidos hasta 1976) y sus descendienes directos en un plazo de dos a\u00f1os desde que lo solicitaran. Sin embargo, esa misma relaci\u00f3n del Gobierno con Marruecos hab\u00eda postergado la tramitaci\u00f3n de la iniciativa durante un a\u00f1o.<\/p>\n<p>Seg\u00fan fuentes de Sumar, el cambio de los socialistas ahora se debe a la mejora de la relaci\u00f3n con Argelia y a la presi\u00f3n por haber quedado los saharauis fuera de la regularizaci\u00f3n de inmigrantes, al considerar el Consejo de Estado, y acatar el Gobierno, que el procedimiento de apatridia es de distinta \u00edndole que la regularizaci\u00f3n por arraigo o petici\u00f3n de asilo.<\/p>\n<h2>LA PROTESTA DE TESH SIDI<\/h2>\n<p>Esta excepci\u00f3n la denunci\u00f3 vehementemente la diputada saharaui de Sumar Tesh Sidi, que culp\u00f3 a ambos partidos del Gobierno por esta discriminaci\u00f3n. Sumar, que aseguraba que su inclusi\u00f3n en el decreto la realiz\u00f3 el PSOE en el \u00faltimo momento despu\u00e9s de haber recibido el informe del Consejo de Estado, quer\u00eda impulsar, al menos, la aceleraci\u00f3n de los permisos de residencia y trabajo a los saharauis ap\u00e1tridas, para equiparar su situaci\u00f3n a la de los inmigrantes regularizados.<\/p>\n<p>Fuentes de Sumar interpretan que el PSOE y el Consejo de Estado quer\u00edan evitar a toda costa que los inmigrantes saharauis, al tener que presentar sus antecedentes penales de acuerdo con el requisito impuesto por dicho \u00f3rgano consultivo, tuvieran que solicitarlos a la autoridad de una rep\u00fablica del Sahara Occidental que propiamente no existe, mucho m\u00e1s cuando el Gobierno socialista ha asumido el planteamiento de Rabat de limitarla a una regi\u00f3n aut\u00f3noma.<\/p>\n<p>La nacionalizaci\u00f3n de los saharauis se dirige a los miembros de esta etnia que no deseen conservar la condici\u00f3n de ap\u00e1tridas, pero abrir\u00e1 otra v\u00eda para la regularizaci\u00f3n de este colectivo, y acelerar un procedimiento que viene prolong\u00e1ndose durante unos 10 a\u00f1os.<\/p>\n<p>Sumar, con su portavoz de Interior y Justicia, Enrique Santiago, a la cabeza, ha condensado en cinco o seis enmiendas transaccionales las demandas que hab\u00edan planteado los grupos parlamentarios, con el objeto de incorporarlas a la proposici\u00f3n en un par de sesiones y enviar el texto a su tramitaci\u00f3n en la Comisi\u00f3n de Justicia.<\/p>\n<p>Sin embargo, las fuentes consultadas no tienen claro que el Partido Popular, por la \u00edndole et\u00e9rea de sus enmiendas, vaya a ser consecuente con su voto a favor de la toma en consideraci\u00f3n de la proposici\u00f3n de ley hace un a\u00f1o y dos meses. Si el PP y el PSOE a la vez se negaran a apoyarla, la iniciativa de Sumar estar\u00eda condenada. Las cartas comenzar\u00e1n a mostrarse en la ponencia que se constituye este martes.<\/p>\n<p>(<a href=\"https:\/\/www.servimedia.es\/\" target=\"_blank\" rel=\"noopener\"><span style=\"color: #ff6600;\"><strong>SERVIMEDIA<\/strong><\/span><\/a>)<\/p>\n","protected":false},"excerpt":{"rendered":"<p>El Congreso de los Diputados retomar\u00e1 la Proposici\u00f3n de Ley sobre concesi\u00f3n de nacionalidad espa\u00f1ola a los saharauis nacidos bajo la administraci\u00f3n espa\u00f1ola despu\u00e9s de un a\u00f1o paralizada tras su admisi\u00f3n a tr\u00e1mite. Despu\u00e9s de la toma en consideraci\u00f3n de la iniciativa de Sumar en marzo de 2025, se constituir\u00e1 la ponencia, al haber accedido<\/p>\n","protected":false},"author":1,"featured_media":194377,"comment_status":"closed","ping_status":"closed","sticky":false,"template":"","format":"standard","meta":{"footnotes":""},"categories":[343,316],"tags":[470],"class_list":{"0":"post-194376","1":"post","2":"type-post","3":"status-publish","4":"format-standard","5":"has-post-thumbnail","7":"category-actualidad","8":"category-destacadas","9":"tag-politica"},"aioseo_notices":[],"aioseo_head":"\n\t\t<!-- All in One SEO Pro 4.9.6.2 - aioseo.com -->\n\t<meta name=\"description\" content=\"El Congreso de los Diputados retomar\u00e1 la Proposici\u00f3n de Ley sobre concesi\u00f3n de nacionalidad espa\u00f1ola a los saharauis nacidos bajo la administraci\u00f3n espa\u00f1ola\" \/>\n\t<meta name=\"robots\" content=\"max-image-preview:large\" \/>\n\t<meta name=\"author\" content=\"Cand\u00e1s 365\"\/>\n\t<meta name=\"google-site-verification\" content=\"UA-32230408-1\" \/>\n\t<meta name=\"msvalidate.01\" content=\"354F3CDFB2DA171B47FBE9ABF1F88D5\" \/>\n\t<meta name=\"keywords\" content=\"actualidad,destacadas\" \/>\n\t<link rel=\"canonical\" href=\"https:\/\/candas365.es\/noticias\/el-congreso-retoma-la-nacionalizacion-de-saharauis\/\" \/>\n\t<meta name=\"generator\" content=\"All in One SEO Pro (AIOSEO) 4.9.6.2\" \/>\n\t\t<meta property=\"og:locale\" content=\"es_ES\" \/>\n\t\t<meta property=\"og:site_name\" content=\"Cand\u00e1s 365\" \/>\n\t\t<meta property=\"og:type\" content=\"article\" \/>\n\t\t<meta property=\"og:title\" content=\"El Congreso retoma la nacionalizaci\u00f3n de saharauis | Cand\u00e1s 365\" \/>\n\t\t<meta property=\"og:description\" content=\"El Congreso de los Diputados retomar\u00e1 la Proposici\u00f3n de Ley sobre concesi\u00f3n de nacionalidad espa\u00f1ola a los saharauis nacidos bajo la administraci\u00f3n espa\u00f1ola\" \/>\n\t\t<meta property=\"og:url\" content=\"https:\/\/candas365.es\/noticias\/el-congreso-retoma-la-nacionalizacion-de-saharauis\/\" \/>\n\t\t<meta property=\"og:image\" content=\"https:\/\/candas365.es\/noticias\/wp-content\/uploads\/2026\/04\/El-Congreso-retoma-la-nacionalizacion-de-saharauis.jpg\" \/>\n\t\t<meta property=\"og:image:secure_url\" content=\"https:\/\/candas365.es\/noticias\/wp-content\/uploads\/2026\/04\/El-Congreso-retoma-la-nacionalizacion-de-saharauis.jpg\" \/>\n\t\t<meta property=\"og:image:width\" content=\"1249\" \/>\n\t\t<meta property=\"og:image:height\" content=\"824\" \/>\n\t\t<meta property=\"article:published_time\" content=\"2026-04-28T16:10:14+00:00\" \/>\n\t\t<meta property=\"article:modified_time\" content=\"2026-04-28T16:10:14+00:00\" \/>\n\t\t<meta property=\"article:publisher\" content=\"https:\/\/www.facebook.com\/Nachofdezber\" \/>\n\t\t<meta property=\"article:author\" content=\"https:\/\/www.facebook.com\/carrenoactualidad\" \/>\n\t\t<meta name=\"twitter:card\" content=\"summary_large_image\" \/>\n\t\t<meta name=\"twitter:site\" content=\"@NabercoDigital\" \/>\n\t\t<meta name=\"twitter:title\" content=\"El Congreso retoma la nacionalizaci\u00f3n de saharauis | Cand\u00e1s 365\" \/>\n\t\t<meta name=\"twitter:description\" content=\"El Congreso de los Diputados retomar\u00e1 la Proposici\u00f3n de Ley sobre concesi\u00f3n de nacionalidad espa\u00f1ola a los saharauis nacidos bajo la administraci\u00f3n espa\u00f1ola\" \/>\n\t\t<meta name=\"twitter:creator\" content=\"@nbasturias\" \/>\n\t\t<meta name=\"twitter:image\" content=\"https:\/\/candas365.es\/noticias\/wp-content\/uploads\/2026\/04\/El-Congreso-retoma-la-nacionalizacion-de-saharauis.jpg\" \/>\n\t\t<meta name=\"twitter:label1\" content=\"Escrito por\" \/>\n\t\t<meta name=\"twitter:data1\" content=\"Cand\u00e1s 365\" \/>\n\t\t<meta name=\"twitter:label2\" content=\"Tiempo de lectura estimado\" \/>\n\t\t<meta name=\"twitter:data2\" content=\"3 minutos\" \/>\n\t\t<script type=\"application\/ld+json\" class=\"aioseo-schema\">\n\t\t\t{\"@context\":\"https:\\\/\\\/schema.org\",\"@graph\":[{\"@type\":\"BreadcrumbList\",\"@id\":\"https:\\\/\\\/candas365.es\\\/noticias\\\/el-congreso-retoma-la-nacionalizacion-de-saharauis\\\/#breadcrumblist\",\"itemListElement\":[{\"@type\":\"ListItem\",\"@id\":\"https:\\\/\\\/candas365.es\\\/noticias#listItem\",\"position\":1,\"name\":\"Home\",\"item\":\"https:\\\/\\\/candas365.es\\\/noticias\",\"nextItem\":{\"@type\":\"ListItem\",\"@id\":\"https:\\\/\\\/candas365.es\\\/noticias\\\/category\\\/destacadas\\\/#listItem\",\"name\":\"Destacadas\"}},{\"@type\":\"ListItem\",\"@id\":\"https:\\\/\\\/candas365.es\\\/noticias\\\/category\\\/destacadas\\\/#listItem\",\"position\":2,\"name\":\"Destacadas\",\"item\":\"https:\\\/\\\/candas365.es\\\/noticias\\\/category\\\/destacadas\\\/\",\"nextItem\":{\"@type\":\"ListItem\",\"@id\":\"https:\\\/\\\/candas365.es\\\/noticias\\\/el-congreso-retoma-la-nacionalizacion-de-saharauis\\\/#listItem\",\"name\":\"El Congreso retoma la nacionalizaci\\u00f3n de saharauis\"},\"previousItem\":{\"@type\":\"ListItem\",\"@id\":\"https:\\\/\\\/candas365.es\\\/noticias#listItem\",\"name\":\"Home\"}},{\"@type\":\"ListItem\",\"@id\":\"https:\\\/\\\/candas365.es\\\/noticias\\\/el-congreso-retoma-la-nacionalizacion-de-saharauis\\\/#listItem\",\"position\":3,\"name\":\"El Congreso retoma la nacionalizaci\\u00f3n de saharauis\",\"previousItem\":{\"@type\":\"ListItem\",\"@id\":\"https:\\\/\\\/candas365.es\\\/noticias\\\/category\\\/destacadas\\\/#listItem\",\"name\":\"Destacadas\"}}]},{\"@type\":\"NewsArticle\",\"@id\":\"https:\\\/\\\/candas365.es\\\/noticias\\\/el-congreso-retoma-la-nacionalizacion-de-saharauis\\\/#newsarticle\",\"name\":\"El Congreso retoma la nacionalizaci\\u00f3n de saharauis | Cand\\u00e1s 365\",\"headline\":\"El Congreso retoma la nacionalizaci\\u00f3n de saharauis\",\"author\":{\"@id\":\"https:\\\/\\\/candas365.es\\\/noticias\\\/author\\\/admin\\\/#author\"},\"publisher\":{\"@id\":\"https:\\\/\\\/candas365.es\\\/noticias\\\/#organization\"},\"image\":{\"@type\":\"ImageObject\",\"url\":\"https:\\\/\\\/candas365.es\\\/noticias\\\/wp-content\\\/uploads\\\/2026\\\/04\\\/El-Congreso-retoma-la-nacionalizacion-de-saharauis.jpg\",\"width\":1249,\"height\":824,\"caption\":\"Tesh Sidi en una entrevista en Servimedia | Foto de Jorge Villa\"},\"datePublished\":\"2026-04-28T18:10:14+02:00\",\"dateModified\":\"2026-04-28T18:10:14+02:00\",\"inLanguage\":\"es-ES\",\"mainEntityOfPage\":{\"@id\":\"https:\\\/\\\/candas365.es\\\/noticias\\\/el-congreso-retoma-la-nacionalizacion-de-saharauis\\\/#webpage\"},\"isPartOf\":{\"@id\":\"https:\\\/\\\/candas365.es\\\/noticias\\\/el-congreso-retoma-la-nacionalizacion-de-saharauis\\\/#webpage\"},\"articleSection\":\"Actualidad, Destacadas, pol\\u00edtica\",\"dateline\":\"Publicado el abril 28, 2026.\"},{\"@type\":\"Organization\",\"@id\":\"https:\\\/\\\/candas365.es\\\/noticias\\\/#organization\",\"name\":\"Cand\\u00e1s 365\",\"description\":\"Cand\\u00e1s 365 es un diario digital independiente, fundado en 2012, con base en Asturias. Informamos con rigor sobre actualidad, sociedad, cultura y ocio, con una mirada local y global.\",\"url\":\"https:\\\/\\\/candas365.es\\\/noticias\\\/\",\"email\":\"info@candas365.es\",\"telephone\":\"+34652131393\",\"foundingDate\":\"2012-06-10\",\"logo\":{\"@type\":\"ImageObject\",\"url\":\"https:\\\/\\\/candas365.es\\\/noticias\\\/wp-content\\\/uploads\\\/2024\\\/09\\\/Candas-365-Redes.jpg\",\"@id\":\"https:\\\/\\\/candas365.es\\\/noticias\\\/el-congreso-retoma-la-nacionalizacion-de-saharauis\\\/#organizationLogo\",\"width\":1152,\"height\":864,\"caption\":\"Cand\\u00e1s 365 Redes\"},\"image\":{\"@id\":\"https:\\\/\\\/candas365.es\\\/noticias\\\/el-congreso-retoma-la-nacionalizacion-de-saharauis\\\/#organizationLogo\"},\"sameAs\":[\"https:\\\/\\\/www.facebook.com\\\/Nachofdezber\",\"https:\\\/\\\/x.com\\\/NabercoDigital\",\"https:\\\/\\\/www.instagram.com\\\/nachofdezber\\\/\",\"https:\\\/\\\/www.youtube.com\\\/channel\\\/UCZP-2wLEB9Rv6erhFmqVnvg\"],\"address\":{\"@id\":\"https:\\\/\\\/candas365.es\\\/noticias\\\/#postaladdress\",\"@type\":\"PostalAddress\",\"streetAddress\":\"san antonio 4, san antonio 4\",\"postalCode\":\"33430\",\"addressLocality\":\"Cand\\u00e1s\",\"addressRegion\":\"Asturias\",\"addressCountry\":\"ES\"}},{\"@type\":\"Person\",\"@id\":\"https:\\\/\\\/candas365.es\\\/noticias\\\/author\\\/admin\\\/#author\",\"url\":\"https:\\\/\\\/candas365.es\\\/noticias\\\/author\\\/admin\\\/\",\"name\":\"Cand\\u00e1s 365\",\"image\":{\"@type\":\"ImageObject\",\"@id\":\"https:\\\/\\\/candas365.es\\\/noticias\\\/el-congreso-retoma-la-nacionalizacion-de-saharauis\\\/#authorImage\",\"url\":\"https:\\\/\\\/secure.gravatar.com\\\/avatar\\\/496a8e03d0c493ede1718b7934145dbdf8d89be1036b0eec9544e1094c9de390?s=96&d=mm&r=g\",\"width\":96,\"height\":96,\"caption\":\"Cand\\u00e1s 365\"},\"sameAs\":[\"https:\\\/\\\/www.facebook.com\\\/carrenoactualidad\",\"https:\\\/\\\/twitter.com\\\/nbasturias\",\"https:\\\/\\\/www.instagram.com\\\/nachofdezber\\\/\",\"https:\\\/\\\/www.youtube.com\\\/channel\\\/UCZP-2wLEB9Rv6erhFmqVnvg\"]},{\"@type\":\"WebPage\",\"@id\":\"https:\\\/\\\/candas365.es\\\/noticias\\\/el-congreso-retoma-la-nacionalizacion-de-saharauis\\\/#webpage\",\"url\":\"https:\\\/\\\/candas365.es\\\/noticias\\\/el-congreso-retoma-la-nacionalizacion-de-saharauis\\\/\",\"name\":\"El Congreso retoma la nacionalizaci\\u00f3n de saharauis | Cand\\u00e1s 365\",\"description\":\"El Congreso de los Diputados retomar\\u00e1 la Proposici\\u00f3n de Ley sobre concesi\\u00f3n de nacionalidad espa\\u00f1ola a los saharauis nacidos bajo la administraci\\u00f3n espa\\u00f1ola\",\"inLanguage\":\"es-ES\",\"isPartOf\":{\"@id\":\"https:\\\/\\\/candas365.es\\\/noticias\\\/#website\"},\"breadcrumb\":{\"@id\":\"https:\\\/\\\/candas365.es\\\/noticias\\\/el-congreso-retoma-la-nacionalizacion-de-saharauis\\\/#breadcrumblist\"},\"author\":{\"@id\":\"https:\\\/\\\/candas365.es\\\/noticias\\\/author\\\/admin\\\/#author\"},\"creator\":{\"@id\":\"https:\\\/\\\/candas365.es\\\/noticias\\\/author\\\/admin\\\/#author\"},\"image\":{\"@type\":\"ImageObject\",\"url\":\"https:\\\/\\\/candas365.es\\\/noticias\\\/wp-content\\\/uploads\\\/2026\\\/04\\\/El-Congreso-retoma-la-nacionalizacion-de-saharauis.jpg\",\"@id\":\"https:\\\/\\\/candas365.es\\\/noticias\\\/el-congreso-retoma-la-nacionalizacion-de-saharauis\\\/#mainImage\",\"width\":1249,\"height\":824,\"caption\":\"Tesh Sidi en una entrevista en Servimedia | Foto de Jorge Villa\"},\"primaryImageOfPage\":{\"@id\":\"https:\\\/\\\/candas365.es\\\/noticias\\\/el-congreso-retoma-la-nacionalizacion-de-saharauis\\\/#mainImage\"},\"datePublished\":\"2026-04-28T18:10:14+02:00\",\"dateModified\":\"2026-04-28T18:10:14+02:00\"},{\"@type\":\"WebSite\",\"@id\":\"https:\\\/\\\/candas365.es\\\/noticias\\\/#website\",\"url\":\"https:\\\/\\\/candas365.es\\\/noticias\\\/\",\"name\":\"Cand\\u00e1s 365\",\"alternateName\":\"Cand\\u00e1s 365 Noticias\",\"description\":\"Actualidad desde Carre\\u00f1o para el mundo\",\"inLanguage\":\"es-ES\",\"publisher\":{\"@id\":\"https:\\\/\\\/candas365.es\\\/noticias\\\/#organization\"}}]}\n\t\t<\/script>\n\t\t<!-- All in One SEO Pro -->\r\n\t\t<title>El Congreso retoma la nacionalizaci\u00f3n de saharauis | Cand\u00e1s 365<\/title>\n\n","aioseo_head_json":{"title":"El Congreso retoma la nacionalizaci\u00f3n de saharauis | Cand\u00e1s 365","description":"El Congreso de los Diputados retomar\u00e1 la Proposici\u00f3n de Ley sobre concesi\u00f3n de nacionalidad espa\u00f1ola a los saharauis nacidos bajo la administraci\u00f3n espa\u00f1ola","canonical_url":"https:\/\/candas365.es\/noticias\/el-congreso-retoma-la-nacionalizacion-de-saharauis\/","robots":"max-image-preview:large","keywords":"actualidad,destacadas","webmasterTools":{"google-site-verification":"UA-32230408-1","msvalidate.01":"354F3CDFB2DA171B47FBE9ABF1F88D5","miscellaneous":""},"schema":{"@context":"https:\/\/schema.org","@graph":[{"@type":"BreadcrumbList","@id":"https:\/\/candas365.es\/noticias\/el-congreso-retoma-la-nacionalizacion-de-saharauis\/#breadcrumblist","itemListElement":[{"@type":"ListItem","@id":"https:\/\/candas365.es\/noticias#listItem","position":1,"name":"Home","item":"https:\/\/candas365.es\/noticias","nextItem":{"@type":"ListItem","@id":"https:\/\/candas365.es\/noticias\/category\/destacadas\/#listItem","name":"Destacadas"}},{"@type":"ListItem","@id":"https:\/\/candas365.es\/noticias\/category\/destacadas\/#listItem","position":2,"name":"Destacadas","item":"https:\/\/candas365.es\/noticias\/category\/destacadas\/","nextItem":{"@type":"ListItem","@id":"https:\/\/candas365.es\/noticias\/el-congreso-retoma-la-nacionalizacion-de-saharauis\/#listItem","name":"El Congreso retoma la nacionalizaci\u00f3n de saharauis"},"previousItem":{"@type":"ListItem","@id":"https:\/\/candas365.es\/noticias#listItem","name":"Home"}},{"@type":"ListItem","@id":"https:\/\/candas365.es\/noticias\/el-congreso-retoma-la-nacionalizacion-de-saharauis\/#listItem","position":3,"name":"El Congreso retoma la nacionalizaci\u00f3n de saharauis","previousItem":{"@type":"ListItem","@id":"https:\/\/candas365.es\/noticias\/category\/destacadas\/#listItem","name":"Destacadas"}}]},{"@type":"NewsArticle","@id":"https:\/\/candas365.es\/noticias\/el-congreso-retoma-la-nacionalizacion-de-saharauis\/#newsarticle","name":"El Congreso retoma la nacionalizaci\u00f3n de saharauis | Cand\u00e1s 365","headline":"El Congreso retoma la nacionalizaci\u00f3n de saharauis","author":{"@id":"https:\/\/candas365.es\/noticias\/author\/admin\/#author"},"publisher":{"@id":"https:\/\/candas365.es\/noticias\/#organization"},"image":{"@type":"ImageObject","url":"https:\/\/candas365.es\/noticias\/wp-content\/uploads\/2026\/04\/El-Congreso-retoma-la-nacionalizacion-de-saharauis.jpg","width":1249,"height":824,"caption":"Tesh Sidi en una entrevista en Servimedia | Foto de Jorge Villa"},"datePublished":"2026-04-28T18:10:14+02:00","dateModified":"2026-04-28T18:10:14+02:00","inLanguage":"es-ES","mainEntityOfPage":{"@id":"https:\/\/candas365.es\/noticias\/el-congreso-retoma-la-nacionalizacion-de-saharauis\/#webpage"},"isPartOf":{"@id":"https:\/\/candas365.es\/noticias\/el-congreso-retoma-la-nacionalizacion-de-saharauis\/#webpage"},"articleSection":"Actualidad, Destacadas, pol\u00edtica","dateline":"Publicado el abril 28, 2026."},{"@type":"Organization","@id":"https:\/\/candas365.es\/noticias\/#organization","name":"Cand\u00e1s 365","description":"Cand\u00e1s 365 es un diario digital independiente, fundado en 2012, con base en Asturias. Informamos con rigor sobre actualidad, sociedad, cultura y ocio, con una mirada local y global.","url":"https:\/\/candas365.es\/noticias\/","email":"info@candas365.es","telephone":"+34652131393","foundingDate":"2012-06-10","logo":{"@type":"ImageObject","url":"https:\/\/candas365.es\/noticias\/wp-content\/uploads\/2024\/09\/Candas-365-Redes.jpg","@id":"https:\/\/candas365.es\/noticias\/el-congreso-retoma-la-nacionalizacion-de-saharauis\/#organizationLogo","width":1152,"height":864,"caption":"Cand\u00e1s 365 Redes"},"image":{"@id":"https:\/\/candas365.es\/noticias\/el-congreso-retoma-la-nacionalizacion-de-saharauis\/#organizationLogo"},"sameAs":["https:\/\/www.facebook.com\/Nachofdezber","https:\/\/x.com\/NabercoDigital","https:\/\/www.instagram.com\/nachofdezber\/","https:\/\/www.youtube.com\/channel\/UCZP-2wLEB9Rv6erhFmqVnvg"],"address":{"@id":"https:\/\/candas365.es\/noticias\/#postaladdress","@type":"PostalAddress","streetAddress":"san antonio 4, san antonio 4","postalCode":"33430","addressLocality":"Cand\u00e1s","addressRegion":"Asturias","addressCountry":"ES"}},{"@type":"Person","@id":"https:\/\/candas365.es\/noticias\/author\/admin\/#author","url":"https:\/\/candas365.es\/noticias\/author\/admin\/","name":"Cand\u00e1s 365","image":{"@type":"ImageObject","@id":"https:\/\/candas365.es\/noticias\/el-congreso-retoma-la-nacionalizacion-de-saharauis\/#authorImage","url":"https:\/\/secure.gravatar.com\/avatar\/496a8e03d0c493ede1718b7934145dbdf8d89be1036b0eec9544e1094c9de390?s=96&d=mm&r=g","width":96,"height":96,"caption":"Cand\u00e1s 365"},"sameAs":["https:\/\/www.facebook.com\/carrenoactualidad","https:\/\/twitter.com\/nbasturias","https:\/\/www.instagram.com\/nachofdezber\/","https:\/\/www.youtube.com\/channel\/UCZP-2wLEB9Rv6erhFmqVnvg"]},{"@type":"WebPage","@id":"https:\/\/candas365.es\/noticias\/el-congreso-retoma-la-nacionalizacion-de-saharauis\/#webpage","url":"https:\/\/candas365.es\/noticias\/el-congreso-retoma-la-nacionalizacion-de-saharauis\/","name":"El Congreso retoma la nacionalizaci\u00f3n de saharauis | Cand\u00e1s 365","description":"El Congreso de los Diputados retomar\u00e1 la Proposici\u00f3n de Ley sobre concesi\u00f3n de nacionalidad espa\u00f1ola a los saharauis nacidos bajo la administraci\u00f3n espa\u00f1ola","inLanguage":"es-ES","isPartOf":{"@id":"https:\/\/candas365.es\/noticias\/#website"},"breadcrumb":{"@id":"https:\/\/candas365.es\/noticias\/el-congreso-retoma-la-nacionalizacion-de-saharauis\/#breadcrumblist"},"author":{"@id":"https:\/\/candas365.es\/noticias\/author\/admin\/#author"},"creator":{"@id":"https:\/\/candas365.es\/noticias\/author\/admin\/#author"},"image":{"@type":"ImageObject","url":"https:\/\/candas365.es\/noticias\/wp-content\/uploads\/2026\/04\/El-Congreso-retoma-la-nacionalizacion-de-saharauis.jpg","@id":"https:\/\/candas365.es\/noticias\/el-congreso-retoma-la-nacionalizacion-de-saharauis\/#mainImage","width":1249,"height":824,"caption":"Tesh Sidi en una entrevista en Servimedia | Foto de Jorge Villa"},"primaryImageOfPage":{"@id":"https:\/\/candas365.es\/noticias\/el-congreso-retoma-la-nacionalizacion-de-saharauis\/#mainImage"},"datePublished":"2026-04-28T18:10:14+02:00","dateModified":"2026-04-28T18:10:14+02:00"},{"@type":"WebSite","@id":"https:\/\/candas365.es\/noticias\/#website","url":"https:\/\/candas365.es\/noticias\/","name":"Cand\u00e1s 365","alternateName":"Cand\u00e1s 365 Noticias","description":"Actualidad desde Carre\u00f1o para el mundo","inLanguage":"es-ES","publisher":{"@id":"https:\/\/candas365.es\/noticias\/#organization"}}]},"og:locale":"es_ES","og:site_name":"Cand\u00e1s 365","og:type":"article","og:title":"El Congreso retoma la nacionalizaci\u00f3n de saharauis | Cand\u00e1s 365","og:description":"El Congreso de los Diputados retomar\u00e1 la Proposici\u00f3n de Ley sobre concesi\u00f3n de nacionalidad espa\u00f1ola a los saharauis nacidos bajo la administraci\u00f3n espa\u00f1ola","og:url":"https:\/\/candas365.es\/noticias\/el-congreso-retoma-la-nacionalizacion-de-saharauis\/","og:image":"https:\/\/candas365.es\/noticias\/wp-content\/uploads\/2026\/04\/El-Congreso-retoma-la-nacionalizacion-de-saharauis.jpg","og:image:secure_url":"https:\/\/candas365.es\/noticias\/wp-content\/uploads\/2026\/04\/El-Congreso-retoma-la-nacionalizacion-de-saharauis.jpg","og:image:width":1249,"og:image:height":824,"article:published_time":"2026-04-28T16:10:14+00:00","article:modified_time":"2026-04-28T16:10:14+00:00","article:publisher":"https:\/\/www.facebook.com\/Nachofdezber","article:author":"https:\/\/www.facebook.com\/carrenoactualidad","twitter:card":"summary_large_image","twitter:site":"@NabercoDigital","twitter:title":"El Congreso retoma la nacionalizaci\u00f3n de saharauis | Cand\u00e1s 365","twitter:description":"El Congreso de los Diputados retomar\u00e1 la Proposici\u00f3n de Ley sobre concesi\u00f3n de nacionalidad espa\u00f1ola a los saharauis nacidos bajo la administraci\u00f3n espa\u00f1ola","twitter:creator":"@nbasturias","twitter:image":"https:\/\/candas365.es\/noticias\/wp-content\/uploads\/2026\/04\/El-Congreso-retoma-la-nacionalizacion-de-saharauis.jpg","twitter:label1":"Escrito por","twitter:data1":"Cand\u00e1s 365","twitter:label2":"Tiempo de lectura estimado","twitter:data2":"3 minutos"},"aioseo_meta_data":{"post_id":"194376","title":null,"description":"El Congreso de los Diputados retomar\u00e1 la Proposici\u00f3n de Ley sobre concesi\u00f3n de nacionalidad espa\u00f1ola a los saharauis nacidos bajo la administraci\u00f3n espa\u00f1ola","keywords":null,"keyphrases":{"focus":{"keyphrase":"saharauis","score":91,"analysis":{"keyphraseInTitle":{"score":9,"maxScore":9,"error":0},"keyphraseInDescription":{"score":9,"maxScore":9,"error":0},"keyphraseLength":{"score":9,"maxScore":9,"error":0,"length":1},"keyphraseInURL":{"score":5,"maxScore":5,"error":0},"keyphraseInIntroduction":{"score":9,"maxScore":9,"error":0},"keyphraseInSubHeadings":{"score":3,"maxScore":9,"error":1},"keyphraseInImageAlt":{"score":9,"maxScore":9,"error":0},"keywordDensity":{"type":"best","score":9,"maxScore":9,"error":0}}},"additional":[{"keyphrase":"Congreso","score":80,"analysis":{"keyphraseInDescription":{"score":9,"maxScore":9,"error":0},"keyphraseLength":{"score":9,"maxScore":9,"error":0,"length":1},"keyphraseInIntroduction":{"score":9,"maxScore":9,"error":0},"keyphraseInImageAlt":{"score":9,"maxScore":9,"error":0},"keywordDensity":{"score":0,"type":"low","maxScore":9,"error":1}}}]},"primary_term":null,"canonical_url":null,"og_title":null,"og_description":null,"og_object_type":"default","og_image_type":"default","og_image_url":null,"og_image_width":null,"og_image_height":null,"og_image_custom_url":null,"og_image_custom_fields":null,"og_video":"","og_custom_url":null,"og_article_section":null,"og_article_tags":null,"twitter_use_og":false,"twitter_card":"default","twitter_image_type":"default","twitter_image_url":null,"twitter_image_custom_url":null,"twitter_image_custom_fields":null,"twitter_title":null,"twitter_description":null,"schema":{"blockGraphs":[],"customGraphs":[],"default":{"data":{"Article":[],"Course":[],"Dataset":[],"FAQPage":[],"Movie":[],"Person":[],"Product":[],"ProductReview":[],"Car":[],"Recipe":[],"Service":[],"SoftwareApplication":[],"WebPage":[]},"graphName":"NewsArticle","isEnabled":true},"graphs":[]},"schema_type":"default","schema_type_options":null,"pillar_content":false,"robots_default":true,"robots_noindex":false,"robots_noarchive":false,"robots_nosnippet":false,"robots_nofollow":false,"robots_noimageindex":false,"robots_noodp":false,"robots_notranslate":false,"robots_max_snippet":"-1","robots_max_videopreview":"-1","robots_max_imagepreview":"large","priority":null,"frequency":"default","location":null,"local_seo":null,"seo_analyzer_scan_date":"2026-04-28 16:53:00","breadcrumb_settings":null,"limit_modified_date":false,"reviewed_by":"0","open_ai":null,"ai":{"faqs":[],"keyPoints":[],"schemas":[],"titles":[],"descriptions":[],"socialPosts":{"email":[],"linkedin":[],"twitter":[],"facebook":[],"instagram":[]}},"created":"2026-04-28 16:04:42","updated":"2026-04-28 16:53:10"},"aioseo_breadcrumb":"<div class=\"aioseo-breadcrumbs\"><span class=\"aioseo-breadcrumb\">\n\t<a href=\"https:\/\/candas365.es\/noticias\" title=\"Home\">Home<\/a>\n<\/span><span class=\"aioseo-breadcrumb-separator\">&ndash;<\/span><span class=\"aioseo-breadcrumb\">\n\t<a href=\"https:\/\/candas365.es\/noticias\/category\/destacadas\/\" title=\"Destacadas\">Destacadas<\/a>\n<\/span><span class=\"aioseo-breadcrumb-separator\">&ndash;<\/span><span class=\"aioseo-breadcrumb\">\n\tEl Congreso retoma la nacionalizaci\u00f3n de saharauis\n<\/span><\/div>","aioseo_breadcrumb_json":[{"label":"Home","link":"https:\/\/candas365.es\/noticias"},{"label":"Destacadas","link":"https:\/\/candas365.es\/noticias\/category\/destacadas\/"},{"label":"El Congreso retoma la nacionalizaci\u00f3n de saharauis","link":"https:\/\/candas365.es\/noticias\/el-congreso-retoma-la-nacionalizacion-de-saharauis\/"}],"_links":{"self":[{"href":"https:\/\/candas365.es\/noticias\/wp-json\/wp\/v2\/posts\/194376","targetHints":{"allow":["GET"]}}],"collection":[{"href":"https:\/\/candas365.es\/noticias\/wp-json\/wp\/v2\/posts"}],"about":[{"href":"https:\/\/candas365.es\/noticias\/wp-json\/wp\/v2\/types\/post"}],"author":[{"embeddable":true,"href":"https:\/\/candas365.es\/noticias\/wp-json\/wp\/v2\/users\/1"}],"replies":[{"embeddable":true,"href":"https:\/\/candas365.es\/noticias\/wp-json\/wp\/v2\/comments?post=194376"}],"version-history":[{"count":1,"href":"https:\/\/candas365.es\/noticias\/wp-json\/wp\/v2\/posts\/194376\/revisions"}],"predecessor-version":[{"id":194378,"href":"https:\/\/candas365.es\/noticias\/wp-json\/wp\/v2\/posts\/194376\/revisions\/194378"}],"wp:featuredmedia":[{"embeddable":true,"href":"https:\/\/candas365.es\/noticias\/wp-json\/wp\/v2\/media\/194377"}],"wp:attachment":[{"href":"https:\/\/candas365.es\/noticias\/wp-json\/wp\/v2\/media?parent=194376"}],"wp:term":[{"taxonomy":"category","embeddable":true,"href":"https:\/\/candas365.es\/noticias\/wp-json\/wp\/v2\/categories?post=194376"},{"taxonomy":"post_tag","embeddable":true,"href":"https:\/\/candas365.es\/noticias\/wp-json\/wp\/v2\/tags?post=194376"}],"curies":[{"name":"wp","href":"https:\/\/api.w.org\/{rel}","templated":true}]}}