{"id":194362,"date":"2026-04-27T18:25:57","date_gmt":"2026-04-27T16:25:57","guid":{"rendered":"https:\/\/candas365.es\/noticias\/?p=194362"},"modified":"2026-04-27T18:25:57","modified_gmt":"2026-04-27T16:25:57","slug":"nuevo-paso-en-asturias-para-la-normalizacion-linguistica","status":"publish","type":"post","link":"https:\/\/candas365.es\/noticias\/nuevo-paso-en-asturias-para-la-normalizacion-linguistica\/","title":{"rendered":"Nuevo paso en Asturias para la normalizaci\u00f3n ling\u00fc\u00edstica"},"content":{"rendered":"<p>El <a href=\"https:\/\/actualidad.asturias.es\/\" target=\"_blank\" rel=\"noopener\"><span style=\"color: #ff6600;\"><strong>Gobierno de Asturias<\/strong><\/span><\/a> est\u00e1 trabajando en una nueva gu\u00eda para promover el asturiano y el eonaviego en los municipios para reforzar los derechos ling\u00fc\u00edsticos con nuevas herramientas y apoyo local.<\/p>\n<figure id=\"attachment_194363\" aria-describedby=\"caption-attachment-194363\" style=\"width: 650px\" class=\"wp-caption aligncenter\"><img fetchpriority=\"high\" decoding=\"async\" class=\"size-large wp-image-194363\" src=\"https:\/\/candas365.es\/noticias\/wp-content\/uploads\/2026\/04\/Nuevo-paso-en-Asturias-para-la-normalizacion-linguistica-650x478.jpg\" alt=\"Nuevo paso en Asturias para la normalizaci\u00f3n ling\u00fc\u00edstica\" width=\"650\" height=\"478\" srcset=\"https:\/\/candas365.es\/noticias\/wp-content\/uploads\/2026\/04\/Nuevo-paso-en-Asturias-para-la-normalizacion-linguistica-650x478.jpg 650w, https:\/\/candas365.es\/noticias\/wp-content\/uploads\/2026\/04\/Nuevo-paso-en-Asturias-para-la-normalizacion-linguistica-360x265.jpg 360w, https:\/\/candas365.es\/noticias\/wp-content\/uploads\/2026\/04\/Nuevo-paso-en-Asturias-para-la-normalizacion-linguistica-768x565.jpg 768w, https:\/\/candas365.es\/noticias\/wp-content\/uploads\/2026\/04\/Nuevo-paso-en-Asturias-para-la-normalizacion-linguistica-150x110.jpg 150w, https:\/\/candas365.es\/noticias\/wp-content\/uploads\/2026\/04\/Nuevo-paso-en-Asturias-para-la-normalizacion-linguistica-450x331.jpg 450w, https:\/\/candas365.es\/noticias\/wp-content\/uploads\/2026\/04\/Nuevo-paso-en-Asturias-para-la-normalizacion-linguistica.jpg 1137w\" sizes=\"(max-width: 650px) 100vw, 650px\" \/><figcaption id=\"caption-attachment-194363\" class=\"wp-caption-text\">Foto: Prensa Principado de Asturias<\/figcaption><\/figure>\n<p>La consejera de Cultura, Pol\u00edtica Lling\u00fc\u00edstica y Deporte, Vanessa Guti\u00e9rrez, ha anunciado durante la reuni\u00f3n de la Rede de Normalizaci\u00f3n Lling\u00fc\u00edstica que su departamento prepara una gu\u00eda para impulsar en el \u00e1mbito municipal la normalizaci\u00f3n de las lenguas propias de Asturias y para garantizar los derechos ling\u00fc\u00edsticos de sus hablantes. Este documento, que pondr\u00e1 a disposici\u00f3n de los entes locales y de sus servicios de normalizaci\u00f3n, contar\u00e1 con informaci\u00f3n y documentaci\u00f3n actualizadas y propone acciones de promoci\u00f3n del asturiano y el eonaviego en \u00e1mbitos como la actividad municipal, el <strong><span style=\"color: #ff6600;\"><a style=\"color: #ff6600;\" title=\"comercio\" href=\"https:\/\/candas365.es\/noticias\/category\/canal-empresas\/\" target=\"_blank\" rel=\"noopener\">comercio<\/a><\/span>,<\/strong> la dinamizaci\u00f3n cultural o el ocio.<\/p>\n<p>En el encuentro, celebrado en Laboral Ciudad de la Cultura, Vanessa Guti\u00e9rrez ha hecho balance de la labor desarrollada por los servicios de Normalizaci\u00f3n Lling\u00fc\u00edstica en los \u00faltimos a\u00f1os, en los que destaca la apuesta de la consejer\u00eda por estas entidades, con un aumentado presupuestario del 66% desde 2019.<\/p>\n<p>Para este a\u00f1o, Cultura destina 415.320 euros a financiar estos organismos, que ofrecen apoyo en 36 concejos que abarcan al 60 % de la poblaci\u00f3n. Adem\u00e1s, la Rede, de la que forman parte alrededor de 40 ayuntamientos y otras entidades, cuenta por primera vez con un presupuesto propio de 50.000 euros para el desarrollo de actividades complementarias que contribuyan a normalizar las lenguas propias de la comunidad: el asturiano y el eonaviego.<\/p>\n<h2>Eslema, el traductor al servicio de la ciudadan\u00eda<\/h2>\n<p>Tambi\u00e9n se han presentado mejoras en recursos clave, como la actualizaci\u00f3n del Eslema, la versi\u00f3n mejorada del traductor al asturiano, que la pr\u00f3xima semana, coincidiendo con la celebraci\u00f3n de la Selmana de les Lletres Asturianes, incorporar\u00e1 tambi\u00e9n el eonaviego. As\u00ed, Cultura ampl\u00eda las capacidades tecnol\u00f3gicas disponibles para ambas lenguas.<\/p>\n<p>A este avance se suma la publicaci\u00f3n en la web institucional de Pol\u00edtica Lling\u00fc\u00edstica de los modelos de formularios administrativos descargables en asturiano, para facilitar su uso en las gestiones locales. Los documentos se pueden descargar <span style=\"color: #ff6600;\"><a style=\"color: #ff6600;\" href=\"https:\/\/politicallinguistica.asturias.es\/\" target=\"_blank\" rel=\"noopener\"><strong>pulsando aqu\u00ed<\/strong><\/a><\/span>.<\/p>\n<h1>Avances en las herramientas para la normalizaci\u00f3n de las lenguas propias<\/h1>\n<p>La consejera ha presentado a los representantes municipales la Estratexa de Normalizaci\u00f3n del Asturianu y del Eonaviegu 2026-2030, elaborada por su departamento. Este documento est\u00e1 concebido como una herramienta transversal con 245 acciones concretas para avanzar en la normalizaci\u00f3n social. En este sentido, en el marco de la reuni\u00f3n se han repasado algunos de los principales hitos de la legislatura en materia de pol\u00edtica ling\u00fc\u00edstica, entre los que destacan, adem\u00e1s de la citada Estratexa, la aprobaci\u00f3n de las primeras Instrucciones relativas a los criterios ling\u00fc\u00edsticos a emplear en el \u00e1mbito de la Administraci\u00f3n del Principado de Asturias y su sector p\u00fablico.<\/p>\n<p>Estas dos medidas son fundamentales para la normalizaci\u00f3n y la planificaci\u00f3n ling\u00fc\u00edstica, y pueden ser adaptadas y replicadas en el \u00e1mbito local, tarea para la que la consejer\u00eda ha ofrecido asesoramiento y apoyo.<\/p>\n<p>Asimismo, se ha destacado la aprobaci\u00f3n del Mandato Marco de la RTPA en 2025, que establece el uso normalizado del asturiano y el eonaviego en el ente p\u00fablico. En el campo educativo, se ha puesto en valor la introducci\u00f3n de ambas lenguas en la educaci\u00f3n infantil en el curso 2025-2026 como \u00e1rea de aprendizaje voluntaria, que las familias han acogido de forma positiva, con un incremento del alumnado total matriculado en todas las etapas del 34,2%. Tambi\u00e9n la incorporaci\u00f3n del asturiano a la oferta de la Escuela Oficial de Idiomas de Oviedo\/Uvi\u00e9u.<\/p>\n<h2>La Rede de Normalizaci\u00f3n Lling\u00fc\u00edstica<\/h2>\n<p>La Rede de Normalizaci\u00f3n Lling\u00fc\u00edstica se cre\u00f3 en 2022 como un \u00f3rgano colegiado de adhesi\u00f3n voluntaria, concebido como espacio de participaci\u00f3n institucional y de impulso de las lenguas propias. Entre sus funciones figura coordinar las actividades de los servicios de normalizaci\u00f3n de los concejos e impulsar acciones para dinamizar el uso social del asturiano y el eonaviego.<\/p>\n<p>Con este conjunto de medidas, el Gobierno de Asturias consolida una pol\u00edtica ling\u00fc\u00edstica basada en la planificaci\u00f3n, la cooperaci\u00f3n institucional y el desarrollo de herramientas \u00fatiles, con el objetivo de garantizar los derechos ling\u00fc\u00edsticos y la transmisi\u00f3n generacional.<\/p>\n","protected":false},"excerpt":{"rendered":"<p>El Gobierno de Asturias est\u00e1 trabajando en una nueva gu\u00eda para promover el asturiano y el eonaviego en los municipios para reforzar los derechos ling\u00fc\u00edsticos con nuevas herramientas y apoyo local. La consejera de Cultura, Pol\u00edtica Lling\u00fc\u00edstica y Deporte, Vanessa Guti\u00e9rrez, ha anunciado durante la reuni\u00f3n de la Rede de Normalizaci\u00f3n Lling\u00fc\u00edstica que su departamento<\/p>\n","protected":false},"author":1,"featured_media":194363,"comment_status":"closed","ping_status":"closed","sticky":false,"template":"","format":"standard","meta":{"footnotes":""},"categories":[7],"tags":[380],"class_list":{"0":"post-194362","1":"post","2":"type-post","3":"status-publish","4":"format-standard","5":"has-post-thumbnail","7":"category-asturias","8":"tag-asturias"},"aioseo_notices":[],"aioseo_head":"\n\t\t<!-- All in One SEO Pro 4.9.6.2 - aioseo.com -->\n\t<meta name=\"description\" content=\"El Gobierno de Asturias est\u00e1 trabajando en una nueva gu\u00eda para promover el asturiano y el eonaviego en los municipios para reforzar los derechos ling\u00fc\u00edsticos\" \/>\n\t<meta name=\"robots\" content=\"max-image-preview:large\" \/>\n\t<meta name=\"author\" content=\"Cand\u00e1s 365\"\/>\n\t<meta name=\"google-site-verification\" content=\"UA-32230408-1\" \/>\n\t<meta name=\"msvalidate.01\" content=\"354F3CDFB2DA171B47FBE9ABF1F88D5\" \/>\n\t<meta name=\"keywords\" content=\"asturias\" \/>\n\t<link rel=\"canonical\" href=\"https:\/\/candas365.es\/noticias\/nuevo-paso-en-asturias-para-la-normalizacion-linguistica\/\" \/>\n\t<meta name=\"generator\" content=\"All in One SEO Pro (AIOSEO) 4.9.6.2\" \/>\n\t\t<meta property=\"og:locale\" content=\"es_ES\" \/>\n\t\t<meta property=\"og:site_name\" content=\"Cand\u00e1s 365\" \/>\n\t\t<meta property=\"og:type\" content=\"article\" \/>\n\t\t<meta property=\"og:title\" content=\"Nuevo paso en Asturias para la normalizaci\u00f3n ling\u00fc\u00edstica | Cand\u00e1s 365\" \/>\n\t\t<meta property=\"og:description\" content=\"El Gobierno de Asturias est\u00e1 trabajando en una nueva gu\u00eda para promover el asturiano y el eonaviego en los municipios para reforzar los derechos ling\u00fc\u00edsticos\" \/>\n\t\t<meta property=\"og:url\" content=\"https:\/\/candas365.es\/noticias\/nuevo-paso-en-asturias-para-la-normalizacion-linguistica\/\" \/>\n\t\t<meta property=\"og:image\" content=\"https:\/\/candas365.es\/noticias\/wp-content\/uploads\/2026\/04\/Nuevo-paso-en-Asturias-para-la-normalizacion-linguistica.jpg\" \/>\n\t\t<meta property=\"og:image:secure_url\" content=\"https:\/\/candas365.es\/noticias\/wp-content\/uploads\/2026\/04\/Nuevo-paso-en-Asturias-para-la-normalizacion-linguistica.jpg\" \/>\n\t\t<meta property=\"og:image:width\" content=\"1137\" \/>\n\t\t<meta property=\"og:image:height\" content=\"837\" \/>\n\t\t<meta property=\"article:published_time\" content=\"2026-04-27T16:25:57+00:00\" \/>\n\t\t<meta property=\"article:modified_time\" content=\"2026-04-27T16:25:57+00:00\" \/>\n\t\t<meta property=\"article:publisher\" content=\"https:\/\/www.facebook.com\/Nachofdezber\" \/>\n\t\t<meta property=\"article:author\" content=\"https:\/\/www.facebook.com\/carrenoactualidad\" \/>\n\t\t<meta name=\"twitter:card\" content=\"summary_large_image\" \/>\n\t\t<meta name=\"twitter:site\" content=\"@NabercoDigital\" \/>\n\t\t<meta name=\"twitter:title\" content=\"Nuevo paso en Asturias para la normalizaci\u00f3n ling\u00fc\u00edstica | Cand\u00e1s 365\" \/>\n\t\t<meta name=\"twitter:description\" content=\"El Gobierno de Asturias est\u00e1 trabajando en una nueva gu\u00eda para promover el asturiano y el eonaviego en los municipios para reforzar los derechos ling\u00fc\u00edsticos\" \/>\n\t\t<meta name=\"twitter:creator\" content=\"@nbasturias\" \/>\n\t\t<meta name=\"twitter:image\" content=\"https:\/\/candas365.es\/noticias\/wp-content\/uploads\/2026\/04\/Nuevo-paso-en-Asturias-para-la-normalizacion-linguistica.jpg\" \/>\n\t\t<meta name=\"twitter:label1\" content=\"Escrito por\" \/>\n\t\t<meta name=\"twitter:data1\" content=\"Cand\u00e1s 365\" \/>\n\t\t<meta name=\"twitter:label2\" content=\"Tiempo de lectura estimado\" \/>\n\t\t<meta name=\"twitter:data2\" content=\"4 minutos\" \/>\n\t\t<script type=\"application\/ld+json\" class=\"aioseo-schema\">\n\t\t\t{\"@context\":\"https:\\\/\\\/schema.org\",\"@graph\":[{\"@type\":\"BreadcrumbList\",\"@id\":\"https:\\\/\\\/candas365.es\\\/noticias\\\/nuevo-paso-en-asturias-para-la-normalizacion-linguistica\\\/#breadcrumblist\",\"itemListElement\":[{\"@type\":\"ListItem\",\"@id\":\"https:\\\/\\\/candas365.es\\\/noticias#listItem\",\"position\":1,\"name\":\"Home\",\"item\":\"https:\\\/\\\/candas365.es\\\/noticias\",\"nextItem\":{\"@type\":\"ListItem\",\"@id\":\"https:\\\/\\\/candas365.es\\\/noticias\\\/category\\\/asturias\\\/#listItem\",\"name\":\"Asturias\"}},{\"@type\":\"ListItem\",\"@id\":\"https:\\\/\\\/candas365.es\\\/noticias\\\/category\\\/asturias\\\/#listItem\",\"position\":2,\"name\":\"Asturias\",\"item\":\"https:\\\/\\\/candas365.es\\\/noticias\\\/category\\\/asturias\\\/\",\"nextItem\":{\"@type\":\"ListItem\",\"@id\":\"https:\\\/\\\/candas365.es\\\/noticias\\\/nuevo-paso-en-asturias-para-la-normalizacion-linguistica\\\/#listItem\",\"name\":\"Nuevo paso en Asturias para la normalizaci\\u00f3n ling\\u00fc\\u00edstica\"},\"previousItem\":{\"@type\":\"ListItem\",\"@id\":\"https:\\\/\\\/candas365.es\\\/noticias#listItem\",\"name\":\"Home\"}},{\"@type\":\"ListItem\",\"@id\":\"https:\\\/\\\/candas365.es\\\/noticias\\\/nuevo-paso-en-asturias-para-la-normalizacion-linguistica\\\/#listItem\",\"position\":3,\"name\":\"Nuevo paso en Asturias para la normalizaci\\u00f3n ling\\u00fc\\u00edstica\",\"previousItem\":{\"@type\":\"ListItem\",\"@id\":\"https:\\\/\\\/candas365.es\\\/noticias\\\/category\\\/asturias\\\/#listItem\",\"name\":\"Asturias\"}}]},{\"@type\":\"NewsArticle\",\"@id\":\"https:\\\/\\\/candas365.es\\\/noticias\\\/nuevo-paso-en-asturias-para-la-normalizacion-linguistica\\\/#newsarticle\",\"name\":\"Nuevo paso en Asturias para la normalizaci\\u00f3n ling\\u00fc\\u00edstica | Cand\\u00e1s 365\",\"headline\":\"Nuevo paso en Asturias para la normalizaci\\u00f3n ling\\u00fc\\u00edstica\",\"author\":{\"@id\":\"https:\\\/\\\/candas365.es\\\/noticias\\\/author\\\/admin\\\/#author\"},\"publisher\":{\"@id\":\"https:\\\/\\\/candas365.es\\\/noticias\\\/#organization\"},\"image\":{\"@type\":\"ImageObject\",\"url\":\"https:\\\/\\\/candas365.es\\\/noticias\\\/wp-content\\\/uploads\\\/2026\\\/04\\\/Nuevo-paso-en-Asturias-para-la-normalizacion-linguistica.jpg\",\"width\":1137,\"height\":837,\"caption\":\"Foto: Prensa Principado de Asturias\"},\"datePublished\":\"2026-04-27T18:25:57+02:00\",\"dateModified\":\"2026-04-27T18:25:57+02:00\",\"inLanguage\":\"es-ES\",\"mainEntityOfPage\":{\"@id\":\"https:\\\/\\\/candas365.es\\\/noticias\\\/nuevo-paso-en-asturias-para-la-normalizacion-linguistica\\\/#webpage\"},\"isPartOf\":{\"@id\":\"https:\\\/\\\/candas365.es\\\/noticias\\\/nuevo-paso-en-asturias-para-la-normalizacion-linguistica\\\/#webpage\"},\"articleSection\":\"Asturias, Asturias\",\"dateline\":\"Publicado el abril 27, 2026.\"},{\"@type\":\"Organization\",\"@id\":\"https:\\\/\\\/candas365.es\\\/noticias\\\/#organization\",\"name\":\"Cand\\u00e1s 365\",\"description\":\"Cand\\u00e1s 365 es un diario digital independiente, fundado en 2012, con base en Asturias. Informamos con rigor sobre actualidad, sociedad, cultura y ocio, con una mirada local y global.\",\"url\":\"https:\\\/\\\/candas365.es\\\/noticias\\\/\",\"email\":\"info@candas365.es\",\"telephone\":\"+34652131393\",\"foundingDate\":\"2012-06-10\",\"logo\":{\"@type\":\"ImageObject\",\"url\":\"https:\\\/\\\/candas365.es\\\/noticias\\\/wp-content\\\/uploads\\\/2024\\\/09\\\/Candas-365-Redes.jpg\",\"@id\":\"https:\\\/\\\/candas365.es\\\/noticias\\\/nuevo-paso-en-asturias-para-la-normalizacion-linguistica\\\/#organizationLogo\",\"width\":1152,\"height\":864,\"caption\":\"Cand\\u00e1s 365 Redes\"},\"image\":{\"@id\":\"https:\\\/\\\/candas365.es\\\/noticias\\\/nuevo-paso-en-asturias-para-la-normalizacion-linguistica\\\/#organizationLogo\"},\"sameAs\":[\"https:\\\/\\\/www.facebook.com\\\/Nachofdezber\",\"https:\\\/\\\/x.com\\\/NabercoDigital\",\"https:\\\/\\\/www.instagram.com\\\/nachofdezber\\\/\",\"https:\\\/\\\/www.youtube.com\\\/channel\\\/UCZP-2wLEB9Rv6erhFmqVnvg\"],\"address\":{\"@id\":\"https:\\\/\\\/candas365.es\\\/noticias\\\/#postaladdress\",\"@type\":\"PostalAddress\",\"streetAddress\":\"san antonio 4, san antonio 4\",\"postalCode\":\"33430\",\"addressLocality\":\"Cand\\u00e1s\",\"addressRegion\":\"Asturias\",\"addressCountry\":\"ES\"}},{\"@type\":\"Person\",\"@id\":\"https:\\\/\\\/candas365.es\\\/noticias\\\/author\\\/admin\\\/#author\",\"url\":\"https:\\\/\\\/candas365.es\\\/noticias\\\/author\\\/admin\\\/\",\"name\":\"Cand\\u00e1s 365\",\"image\":{\"@type\":\"ImageObject\",\"@id\":\"https:\\\/\\\/candas365.es\\\/noticias\\\/nuevo-paso-en-asturias-para-la-normalizacion-linguistica\\\/#authorImage\",\"url\":\"https:\\\/\\\/secure.gravatar.com\\\/avatar\\\/496a8e03d0c493ede1718b7934145dbdf8d89be1036b0eec9544e1094c9de390?s=96&d=mm&r=g\",\"width\":96,\"height\":96,\"caption\":\"Cand\\u00e1s 365\"},\"sameAs\":[\"https:\\\/\\\/www.facebook.com\\\/carrenoactualidad\",\"https:\\\/\\\/twitter.com\\\/nbasturias\",\"https:\\\/\\\/www.instagram.com\\\/nachofdezber\\\/\",\"https:\\\/\\\/www.youtube.com\\\/channel\\\/UCZP-2wLEB9Rv6erhFmqVnvg\"]},{\"@type\":\"WebPage\",\"@id\":\"https:\\\/\\\/candas365.es\\\/noticias\\\/nuevo-paso-en-asturias-para-la-normalizacion-linguistica\\\/#webpage\",\"url\":\"https:\\\/\\\/candas365.es\\\/noticias\\\/nuevo-paso-en-asturias-para-la-normalizacion-linguistica\\\/\",\"name\":\"Nuevo paso en Asturias para la normalizaci\\u00f3n ling\\u00fc\\u00edstica | Cand\\u00e1s 365\",\"description\":\"El Gobierno de Asturias est\\u00e1 trabajando en una nueva gu\\u00eda para promover el asturiano y el eonaviego en los municipios para reforzar los derechos ling\\u00fc\\u00edsticos\",\"inLanguage\":\"es-ES\",\"isPartOf\":{\"@id\":\"https:\\\/\\\/candas365.es\\\/noticias\\\/#website\"},\"breadcrumb\":{\"@id\":\"https:\\\/\\\/candas365.es\\\/noticias\\\/nuevo-paso-en-asturias-para-la-normalizacion-linguistica\\\/#breadcrumblist\"},\"author\":{\"@id\":\"https:\\\/\\\/candas365.es\\\/noticias\\\/author\\\/admin\\\/#author\"},\"creator\":{\"@id\":\"https:\\\/\\\/candas365.es\\\/noticias\\\/author\\\/admin\\\/#author\"},\"image\":{\"@type\":\"ImageObject\",\"url\":\"https:\\\/\\\/candas365.es\\\/noticias\\\/wp-content\\\/uploads\\\/2026\\\/04\\\/Nuevo-paso-en-Asturias-para-la-normalizacion-linguistica.jpg\",\"@id\":\"https:\\\/\\\/candas365.es\\\/noticias\\\/nuevo-paso-en-asturias-para-la-normalizacion-linguistica\\\/#mainImage\",\"width\":1137,\"height\":837,\"caption\":\"Foto: Prensa Principado de Asturias\"},\"primaryImageOfPage\":{\"@id\":\"https:\\\/\\\/candas365.es\\\/noticias\\\/nuevo-paso-en-asturias-para-la-normalizacion-linguistica\\\/#mainImage\"},\"datePublished\":\"2026-04-27T18:25:57+02:00\",\"dateModified\":\"2026-04-27T18:25:57+02:00\"},{\"@type\":\"WebSite\",\"@id\":\"https:\\\/\\\/candas365.es\\\/noticias\\\/#website\",\"url\":\"https:\\\/\\\/candas365.es\\\/noticias\\\/\",\"name\":\"Cand\\u00e1s 365\",\"alternateName\":\"Cand\\u00e1s 365 Noticias\",\"description\":\"Actualidad desde Carre\\u00f1o para el mundo\",\"inLanguage\":\"es-ES\",\"publisher\":{\"@id\":\"https:\\\/\\\/candas365.es\\\/noticias\\\/#organization\"}}]}\n\t\t<\/script>\n\t\t<!-- All in One SEO Pro -->\r\n\t\t<title>Nuevo paso en Asturias para la normalizaci\u00f3n ling\u00fc\u00edstica | Cand\u00e1s 365<\/title>\n\n","aioseo_head_json":{"title":"Nuevo paso en Asturias para la normalizaci\u00f3n ling\u00fc\u00edstica | Cand\u00e1s 365","description":"El Gobierno de Asturias est\u00e1 trabajando en una nueva gu\u00eda para promover el asturiano y el eonaviego en los municipios para reforzar los derechos ling\u00fc\u00edsticos","canonical_url":"https:\/\/candas365.es\/noticias\/nuevo-paso-en-asturias-para-la-normalizacion-linguistica\/","robots":"max-image-preview:large","keywords":"asturias","webmasterTools":{"google-site-verification":"UA-32230408-1","msvalidate.01":"354F3CDFB2DA171B47FBE9ABF1F88D5","miscellaneous":""},"schema":{"@context":"https:\/\/schema.org","@graph":[{"@type":"BreadcrumbList","@id":"https:\/\/candas365.es\/noticias\/nuevo-paso-en-asturias-para-la-normalizacion-linguistica\/#breadcrumblist","itemListElement":[{"@type":"ListItem","@id":"https:\/\/candas365.es\/noticias#listItem","position":1,"name":"Home","item":"https:\/\/candas365.es\/noticias","nextItem":{"@type":"ListItem","@id":"https:\/\/candas365.es\/noticias\/category\/asturias\/#listItem","name":"Asturias"}},{"@type":"ListItem","@id":"https:\/\/candas365.es\/noticias\/category\/asturias\/#listItem","position":2,"name":"Asturias","item":"https:\/\/candas365.es\/noticias\/category\/asturias\/","nextItem":{"@type":"ListItem","@id":"https:\/\/candas365.es\/noticias\/nuevo-paso-en-asturias-para-la-normalizacion-linguistica\/#listItem","name":"Nuevo paso en Asturias para la normalizaci\u00f3n ling\u00fc\u00edstica"},"previousItem":{"@type":"ListItem","@id":"https:\/\/candas365.es\/noticias#listItem","name":"Home"}},{"@type":"ListItem","@id":"https:\/\/candas365.es\/noticias\/nuevo-paso-en-asturias-para-la-normalizacion-linguistica\/#listItem","position":3,"name":"Nuevo paso en Asturias para la normalizaci\u00f3n ling\u00fc\u00edstica","previousItem":{"@type":"ListItem","@id":"https:\/\/candas365.es\/noticias\/category\/asturias\/#listItem","name":"Asturias"}}]},{"@type":"NewsArticle","@id":"https:\/\/candas365.es\/noticias\/nuevo-paso-en-asturias-para-la-normalizacion-linguistica\/#newsarticle","name":"Nuevo paso en Asturias para la normalizaci\u00f3n ling\u00fc\u00edstica | Cand\u00e1s 365","headline":"Nuevo paso en Asturias para la normalizaci\u00f3n ling\u00fc\u00edstica","author":{"@id":"https:\/\/candas365.es\/noticias\/author\/admin\/#author"},"publisher":{"@id":"https:\/\/candas365.es\/noticias\/#organization"},"image":{"@type":"ImageObject","url":"https:\/\/candas365.es\/noticias\/wp-content\/uploads\/2026\/04\/Nuevo-paso-en-Asturias-para-la-normalizacion-linguistica.jpg","width":1137,"height":837,"caption":"Foto: Prensa Principado de Asturias"},"datePublished":"2026-04-27T18:25:57+02:00","dateModified":"2026-04-27T18:25:57+02:00","inLanguage":"es-ES","mainEntityOfPage":{"@id":"https:\/\/candas365.es\/noticias\/nuevo-paso-en-asturias-para-la-normalizacion-linguistica\/#webpage"},"isPartOf":{"@id":"https:\/\/candas365.es\/noticias\/nuevo-paso-en-asturias-para-la-normalizacion-linguistica\/#webpage"},"articleSection":"Asturias, Asturias","dateline":"Publicado el abril 27, 2026."},{"@type":"Organization","@id":"https:\/\/candas365.es\/noticias\/#organization","name":"Cand\u00e1s 365","description":"Cand\u00e1s 365 es un diario digital independiente, fundado en 2012, con base en Asturias. Informamos con rigor sobre actualidad, sociedad, cultura y ocio, con una mirada local y global.","url":"https:\/\/candas365.es\/noticias\/","email":"info@candas365.es","telephone":"+34652131393","foundingDate":"2012-06-10","logo":{"@type":"ImageObject","url":"https:\/\/candas365.es\/noticias\/wp-content\/uploads\/2024\/09\/Candas-365-Redes.jpg","@id":"https:\/\/candas365.es\/noticias\/nuevo-paso-en-asturias-para-la-normalizacion-linguistica\/#organizationLogo","width":1152,"height":864,"caption":"Cand\u00e1s 365 Redes"},"image":{"@id":"https:\/\/candas365.es\/noticias\/nuevo-paso-en-asturias-para-la-normalizacion-linguistica\/#organizationLogo"},"sameAs":["https:\/\/www.facebook.com\/Nachofdezber","https:\/\/x.com\/NabercoDigital","https:\/\/www.instagram.com\/nachofdezber\/","https:\/\/www.youtube.com\/channel\/UCZP-2wLEB9Rv6erhFmqVnvg"],"address":{"@id":"https:\/\/candas365.es\/noticias\/#postaladdress","@type":"PostalAddress","streetAddress":"san antonio 4, san antonio 4","postalCode":"33430","addressLocality":"Cand\u00e1s","addressRegion":"Asturias","addressCountry":"ES"}},{"@type":"Person","@id":"https:\/\/candas365.es\/noticias\/author\/admin\/#author","url":"https:\/\/candas365.es\/noticias\/author\/admin\/","name":"Cand\u00e1s 365","image":{"@type":"ImageObject","@id":"https:\/\/candas365.es\/noticias\/nuevo-paso-en-asturias-para-la-normalizacion-linguistica\/#authorImage","url":"https:\/\/secure.gravatar.com\/avatar\/496a8e03d0c493ede1718b7934145dbdf8d89be1036b0eec9544e1094c9de390?s=96&d=mm&r=g","width":96,"height":96,"caption":"Cand\u00e1s 365"},"sameAs":["https:\/\/www.facebook.com\/carrenoactualidad","https:\/\/twitter.com\/nbasturias","https:\/\/www.instagram.com\/nachofdezber\/","https:\/\/www.youtube.com\/channel\/UCZP-2wLEB9Rv6erhFmqVnvg"]},{"@type":"WebPage","@id":"https:\/\/candas365.es\/noticias\/nuevo-paso-en-asturias-para-la-normalizacion-linguistica\/#webpage","url":"https:\/\/candas365.es\/noticias\/nuevo-paso-en-asturias-para-la-normalizacion-linguistica\/","name":"Nuevo paso en Asturias para la normalizaci\u00f3n ling\u00fc\u00edstica | Cand\u00e1s 365","description":"El Gobierno de Asturias est\u00e1 trabajando en una nueva gu\u00eda para promover el asturiano y el eonaviego en los municipios para reforzar los derechos ling\u00fc\u00edsticos","inLanguage":"es-ES","isPartOf":{"@id":"https:\/\/candas365.es\/noticias\/#website"},"breadcrumb":{"@id":"https:\/\/candas365.es\/noticias\/nuevo-paso-en-asturias-para-la-normalizacion-linguistica\/#breadcrumblist"},"author":{"@id":"https:\/\/candas365.es\/noticias\/author\/admin\/#author"},"creator":{"@id":"https:\/\/candas365.es\/noticias\/author\/admin\/#author"},"image":{"@type":"ImageObject","url":"https:\/\/candas365.es\/noticias\/wp-content\/uploads\/2026\/04\/Nuevo-paso-en-Asturias-para-la-normalizacion-linguistica.jpg","@id":"https:\/\/candas365.es\/noticias\/nuevo-paso-en-asturias-para-la-normalizacion-linguistica\/#mainImage","width":1137,"height":837,"caption":"Foto: Prensa Principado de Asturias"},"primaryImageOfPage":{"@id":"https:\/\/candas365.es\/noticias\/nuevo-paso-en-asturias-para-la-normalizacion-linguistica\/#mainImage"},"datePublished":"2026-04-27T18:25:57+02:00","dateModified":"2026-04-27T18:25:57+02:00"},{"@type":"WebSite","@id":"https:\/\/candas365.es\/noticias\/#website","url":"https:\/\/candas365.es\/noticias\/","name":"Cand\u00e1s 365","alternateName":"Cand\u00e1s 365 Noticias","description":"Actualidad desde Carre\u00f1o para el mundo","inLanguage":"es-ES","publisher":{"@id":"https:\/\/candas365.es\/noticias\/#organization"}}]},"og:locale":"es_ES","og:site_name":"Cand\u00e1s 365","og:type":"article","og:title":"Nuevo paso en Asturias para la normalizaci\u00f3n ling\u00fc\u00edstica | Cand\u00e1s 365","og:description":"El Gobierno de Asturias est\u00e1 trabajando en una nueva gu\u00eda para promover el asturiano y el eonaviego en los municipios para reforzar los derechos ling\u00fc\u00edsticos","og:url":"https:\/\/candas365.es\/noticias\/nuevo-paso-en-asturias-para-la-normalizacion-linguistica\/","og:image":"https:\/\/candas365.es\/noticias\/wp-content\/uploads\/2026\/04\/Nuevo-paso-en-Asturias-para-la-normalizacion-linguistica.jpg","og:image:secure_url":"https:\/\/candas365.es\/noticias\/wp-content\/uploads\/2026\/04\/Nuevo-paso-en-Asturias-para-la-normalizacion-linguistica.jpg","og:image:width":1137,"og:image:height":837,"article:published_time":"2026-04-27T16:25:57+00:00","article:modified_time":"2026-04-27T16:25:57+00:00","article:publisher":"https:\/\/www.facebook.com\/Nachofdezber","article:author":"https:\/\/www.facebook.com\/carrenoactualidad","twitter:card":"summary_large_image","twitter:site":"@NabercoDigital","twitter:title":"Nuevo paso en Asturias para la normalizaci\u00f3n ling\u00fc\u00edstica | Cand\u00e1s 365","twitter:description":"El Gobierno de Asturias est\u00e1 trabajando en una nueva gu\u00eda para promover el asturiano y el eonaviego en los municipios para reforzar los derechos ling\u00fc\u00edsticos","twitter:creator":"@nbasturias","twitter:image":"https:\/\/candas365.es\/noticias\/wp-content\/uploads\/2026\/04\/Nuevo-paso-en-Asturias-para-la-normalizacion-linguistica.jpg","twitter:label1":"Escrito por","twitter:data1":"Cand\u00e1s 365","twitter:label2":"Tiempo de lectura estimado","twitter:data2":"4 minutos"},"aioseo_meta_data":{"post_id":"194362","title":null,"description":"El Gobierno de Asturias est\u00e1 trabajando en una nueva gu\u00eda para promover el asturiano y el eonaviego en los municipios para reforzar los derechos ling\u00fc\u00edsticos","keywords":null,"keyphrases":{"focus":{"keyphrase":"Asturias","score":91,"analysis":{"keyphraseInTitle":{"score":9,"maxScore":9,"error":0},"keyphraseInDescription":{"score":9,"maxScore":9,"error":0},"keyphraseLength":{"score":9,"maxScore":9,"error":0,"length":1},"keyphraseInURL":{"score":5,"maxScore":5,"error":0},"keyphraseInIntroduction":{"score":9,"maxScore":9,"error":0},"keyphraseInSubHeadings":{"score":3,"maxScore":9,"error":1},"keyphraseInImageAlt":{"score":9,"maxScore":9,"error":0},"keywordDensity":{"type":"best","score":9,"maxScore":9,"error":0}}},"additional":[{"keyphrase":"Asturias","score":100,"analysis":{"keyphraseInDescription":{"score":9,"maxScore":9,"error":0},"keyphraseLength":{"score":9,"maxScore":9,"error":0,"length":1},"keyphraseInIntroduction":{"score":9,"maxScore":9,"error":0},"keyphraseInImageAlt":{"score":9,"maxScore":9,"error":0},"keywordDensity":{"type":"best","score":9,"maxScore":9,"error":0}}}]},"primary_term":null,"canonical_url":null,"og_title":null,"og_description":null,"og_object_type":"default","og_image_type":"default","og_image_url":null,"og_image_width":null,"og_image_height":null,"og_image_custom_url":null,"og_image_custom_fields":null,"og_video":"","og_custom_url":null,"og_article_section":null,"og_article_tags":null,"twitter_use_og":false,"twitter_card":"default","twitter_image_type":"default","twitter_image_url":null,"twitter_image_custom_url":null,"twitter_image_custom_fields":null,"twitter_title":null,"twitter_description":null,"schema":{"blockGraphs":[],"customGraphs":[],"default":{"data":{"Article":[],"Course":[],"Dataset":[],"FAQPage":[],"Movie":[],"Person":[],"Product":[],"ProductReview":[],"Car":[],"Recipe":[],"Service":[],"SoftwareApplication":[],"WebPage":[]},"graphName":"NewsArticle","isEnabled":true},"graphs":[]},"schema_type":"default","schema_type_options":null,"pillar_content":false,"robots_default":true,"robots_noindex":false,"robots_noarchive":false,"robots_nosnippet":false,"robots_nofollow":false,"robots_noimageindex":false,"robots_noodp":false,"robots_notranslate":false,"robots_max_snippet":"-1","robots_max_videopreview":"-1","robots_max_imagepreview":"large","priority":null,"frequency":"default","location":null,"local_seo":null,"seo_analyzer_scan_date":"2026-04-27 17:24:34","breadcrumb_settings":null,"limit_modified_date":false,"reviewed_by":"0","open_ai":null,"ai":{"faqs":[],"keyPoints":[],"schemas":[],"titles":[],"descriptions":[],"socialPosts":{"email":[],"linkedin":[],"twitter":[],"facebook":[],"instagram":[]}},"created":"2026-04-27 16:17:40","updated":"2026-04-27 17:24:58"},"aioseo_breadcrumb":"<div class=\"aioseo-breadcrumbs\"><span class=\"aioseo-breadcrumb\">\n\t<a href=\"https:\/\/candas365.es\/noticias\" title=\"Home\">Home<\/a>\n<\/span><span class=\"aioseo-breadcrumb-separator\">&ndash;<\/span><span class=\"aioseo-breadcrumb\">\n\t<a href=\"https:\/\/candas365.es\/noticias\/category\/asturias\/\" title=\"Asturias\">Asturias<\/a>\n<\/span><span class=\"aioseo-breadcrumb-separator\">&ndash;<\/span><span class=\"aioseo-breadcrumb\">\n\tNuevo paso en Asturias para la normalizaci\u00f3n ling\u00fc\u00edstica\n<\/span><\/div>","aioseo_breadcrumb_json":[{"label":"Home","link":"https:\/\/candas365.es\/noticias"},{"label":"Asturias","link":"https:\/\/candas365.es\/noticias\/category\/asturias\/"},{"label":"Nuevo paso en Asturias para la normalizaci\u00f3n ling\u00fc\u00edstica","link":"https:\/\/candas365.es\/noticias\/nuevo-paso-en-asturias-para-la-normalizacion-linguistica\/"}],"_links":{"self":[{"href":"https:\/\/candas365.es\/noticias\/wp-json\/wp\/v2\/posts\/194362","targetHints":{"allow":["GET"]}}],"collection":[{"href":"https:\/\/candas365.es\/noticias\/wp-json\/wp\/v2\/posts"}],"about":[{"href":"https:\/\/candas365.es\/noticias\/wp-json\/wp\/v2\/types\/post"}],"author":[{"embeddable":true,"href":"https:\/\/candas365.es\/noticias\/wp-json\/wp\/v2\/users\/1"}],"replies":[{"embeddable":true,"href":"https:\/\/candas365.es\/noticias\/wp-json\/wp\/v2\/comments?post=194362"}],"version-history":[{"count":1,"href":"https:\/\/candas365.es\/noticias\/wp-json\/wp\/v2\/posts\/194362\/revisions"}],"predecessor-version":[{"id":194364,"href":"https:\/\/candas365.es\/noticias\/wp-json\/wp\/v2\/posts\/194362\/revisions\/194364"}],"wp:featuredmedia":[{"embeddable":true,"href":"https:\/\/candas365.es\/noticias\/wp-json\/wp\/v2\/media\/194363"}],"wp:attachment":[{"href":"https:\/\/candas365.es\/noticias\/wp-json\/wp\/v2\/media?parent=194362"}],"wp:term":[{"taxonomy":"category","embeddable":true,"href":"https:\/\/candas365.es\/noticias\/wp-json\/wp\/v2\/categories?post=194362"},{"taxonomy":"post_tag","embeddable":true,"href":"https:\/\/candas365.es\/noticias\/wp-json\/wp\/v2\/tags?post=194362"}],"curies":[{"name":"wp","href":"https:\/\/api.w.org\/{rel}","templated":true}]}}