{"id":194356,"date":"2026-04-27T17:59:32","date_gmt":"2026-04-27T15:59:32","guid":{"rendered":"https:\/\/candas365.es\/noticias\/?p=194356"},"modified":"2026-04-27T17:59:32","modified_gmt":"2026-04-27T15:59:32","slug":"repoblacion-de-montes-en-cangas-del-narcea","status":"publish","type":"post","link":"https:\/\/candas365.es\/noticias\/repoblacion-de-montes-en-cangas-del-narcea\/","title":{"rendered":"Repoblaci\u00f3n de montes en Cangas del Narcea"},"content":{"rendered":"<p>El Principado ha informado de que restaurar\u00e1 62 hect\u00e1reas forestales en los montes de <a href=\"https:\/\/candas365.es\/noticias\/category\/asturias\/\" target=\"_blank\" rel=\"noopener\"><span style=\"color: #ff6600;\"><strong>Cangas del Narcea<\/strong><\/span><\/a>, todo ello con una <strong>inversi\u00f3n de 204.646 euros para sustituir las masas afectadas por plagas, mejorar el suelo y reducir el riesgo de incendios.<\/strong><\/p>\n<figure id=\"attachment_194357\" aria-describedby=\"caption-attachment-194357\" style=\"width: 650px\" class=\"wp-caption aligncenter\"><img fetchpriority=\"high\" decoding=\"async\" class=\"size-large wp-image-194357\" src=\"https:\/\/candas365.es\/noticias\/wp-content\/uploads\/2026\/04\/Repoblacion-de-montes-en-Cangas-del-Narcea-650x431.jpg\" alt=\"Repoblaci\u00f3n de montes en Cangas del Narcea\" width=\"650\" height=\"431\" srcset=\"https:\/\/candas365.es\/noticias\/wp-content\/uploads\/2026\/04\/Repoblacion-de-montes-en-Cangas-del-Narcea-650x431.jpg 650w, https:\/\/candas365.es\/noticias\/wp-content\/uploads\/2026\/04\/Repoblacion-de-montes-en-Cangas-del-Narcea-360x238.jpg 360w, https:\/\/candas365.es\/noticias\/wp-content\/uploads\/2026\/04\/Repoblacion-de-montes-en-Cangas-del-Narcea-768x509.jpg 768w, https:\/\/candas365.es\/noticias\/wp-content\/uploads\/2026\/04\/Repoblacion-de-montes-en-Cangas-del-Narcea-150x99.jpg 150w, https:\/\/candas365.es\/noticias\/wp-content\/uploads\/2026\/04\/Repoblacion-de-montes-en-Cangas-del-Narcea-450x298.jpg 450w, https:\/\/candas365.es\/noticias\/wp-content\/uploads\/2026\/04\/Repoblacion-de-montes-en-Cangas-del-Narcea-1200x795.jpg 1200w, https:\/\/candas365.es\/noticias\/wp-content\/uploads\/2026\/04\/Repoblacion-de-montes-en-Cangas-del-Narcea.jpg 1247w\" sizes=\"(max-width: 650px) 100vw, 650px\" \/><figcaption id=\"caption-attachment-194357\" class=\"wp-caption-text\">Foto: 123rf.com<\/figcaption><\/figure>\n<p data-start=\"364\" data-end=\"771\">La Consejer\u00eda de Medio Rural y Pol\u00edtica Agraria del <a href=\"https:\/\/actualidad.asturias.es\/\" target=\"_blank\" rel=\"noopener\"><strong><span style=\"color: #ff6600;\">Principad<\/span>o<\/strong> <\/a>ha adjudicado en 204.646 euros la repoblaci\u00f3n de los montes de Tabladiel.lu, Mieldes y L.lamas del Mouru, en el concejo de Cangas del Narcea. El proyecto contempla la restauraci\u00f3n forestal de 62 hect\u00e1reas con la plantaci\u00f3n de Pinus pinaster y la sustituci\u00f3n del pino radiata en casi 14 hect\u00e1reas, adem\u00e1s de mejorar una pista forestal y limpiar un cortafuegos.<\/p>\n<h1 data-section-id=\"14pmbou\" data-start=\"775\" data-end=\"812\">Actuaciones tras plagas e incendio<\/h1>\n<p data-start=\"816\" data-end=\"1200\">Las obras, que cuentan con un plazo de ejecuci\u00f3n de diez meses, se llevan a cabo ante las recientes talas por plagas y enfermedades, la presencia de masas de pino radiata afectadas por banda roja y banda marr\u00f3n, y los da\u00f1os ocasionados por un incendio forestal en 2017. El objetivo es restaurar el terreno, proteger el suelo, mejorar su productividad y reducir el riesgo de incendios.<\/p>\n<p data-start=\"1204\" data-end=\"1550\">En cada monte se realizar\u00e1n trabajos espec\u00edficos: en Tabladiel.lu y parte de L.lamas del Mouru se repoblar\u00e1n zonas recientemente taladas; en Mieldes se renovar\u00e1 un \u00e1rea quemada, se mejorar\u00e1 una pista forestal y se limpiar\u00e1 un cortafuegos. En L.lamas del Mouru tambi\u00e9n se sustituir\u00e1n por Pinus pinaster masas y regenerados de pino radiata enfermo.<\/p>\n<h2 data-section-id=\"18yy887\" data-start=\"1554\" data-end=\"1599\">Trabajos forestales y financiaci\u00f3n europea<\/h2>\n<p data-start=\"1603\" data-end=\"1922\">Las repoblaciones se realizar\u00e1n, sobre todo, con una densidad de 1.100 pies\/hect\u00e1rea y marco de tres por tres metros, con maquinaria para desbroce y preparaci\u00f3n del terreno, junto con trabajos manuales en zonas puntuales. Los restos vegetales se gestionar\u00e1n mediante trituraci\u00f3n o retirada para facilitar la plantaci\u00f3n.<\/p>\n<p data-start=\"1926\" data-end=\"2171\">Este proyecto, que ejecutar\u00e1 la empresa Idinat Obras y Servicios S.L, sigue criterios ambientales, econ\u00f3micos y sociales, alineados con directrices europeas, y se desarrollar\u00e1 en montes que disponen de instrumentos de gesti\u00f3n forestal aprobados.<\/p>\n<p data-start=\"2175\" data-end=\"2353\" data-is-last-node=\"\" data-is-only-node=\"\">Esta actuaci\u00f3n cuenta con financiaci\u00f3n del Fondo Europeo Agr\u00edcola de Desarrollo Rural (Feader), para inversiones no productivas en repoblaci\u00f3n forestal y sistemas agroforestales.<\/p>\n","protected":false},"excerpt":{"rendered":"<p>El Principado ha informado de que restaurar\u00e1 62 hect\u00e1reas forestales en los montes de Cangas del Narcea, todo ello con una inversi\u00f3n de 204.646 euros para sustituir las masas afectadas por plagas, mejorar el suelo y reducir el riesgo de incendios. La Consejer\u00eda de Medio Rural y Pol\u00edtica Agraria del Principado ha adjudicado en 204.646<\/p>\n","protected":false},"author":1,"featured_media":194357,"comment_status":"closed","ping_status":"closed","sticky":false,"template":"","format":"standard","meta":{"footnotes":""},"categories":[7],"tags":[380,453],"class_list":{"0":"post-194356","1":"post","2":"type-post","3":"status-publish","4":"format-standard","5":"has-post-thumbnail","7":"category-asturias","8":"tag-asturias","9":"tag-naturaleza"},"aioseo_notices":[],"aioseo_head":"\n\t\t<!-- All in One SEO Pro 4.9.6.2 - aioseo.com -->\n\t<meta name=\"description\" content=\"El Principado ha informado de que restaurar\u00e1 62 hect\u00e1reas forestales en los montes de Cangas del Narcea, todo ello con una inversi\u00f3n de 204.646 euros\" \/>\n\t<meta name=\"robots\" content=\"max-image-preview:large\" \/>\n\t<meta name=\"author\" content=\"Cand\u00e1s 365\"\/>\n\t<meta name=\"google-site-verification\" content=\"UA-32230408-1\" \/>\n\t<meta name=\"msvalidate.01\" content=\"354F3CDFB2DA171B47FBE9ABF1F88D5\" \/>\n\t<meta name=\"keywords\" content=\"asturias\" \/>\n\t<link rel=\"canonical\" href=\"https:\/\/candas365.es\/noticias\/repoblacion-de-montes-en-cangas-del-narcea\/\" \/>\n\t<meta name=\"generator\" content=\"All in One SEO Pro (AIOSEO) 4.9.6.2\" \/>\n\t\t<meta property=\"og:locale\" content=\"es_ES\" \/>\n\t\t<meta property=\"og:site_name\" content=\"Cand\u00e1s 365\" \/>\n\t\t<meta property=\"og:type\" content=\"article\" \/>\n\t\t<meta property=\"og:title\" content=\"Repoblaci\u00f3n de montes en Cangas del Narcea | Cand\u00e1s 365\" \/>\n\t\t<meta property=\"og:description\" content=\"El Principado ha informado de que restaurar\u00e1 62 hect\u00e1reas forestales en los montes de Cangas del Narcea, todo ello con una inversi\u00f3n de 204.646 euros\" \/>\n\t\t<meta property=\"og:url\" content=\"https:\/\/candas365.es\/noticias\/repoblacion-de-montes-en-cangas-del-narcea\/\" \/>\n\t\t<meta property=\"og:image\" content=\"https:\/\/candas365.es\/noticias\/wp-content\/uploads\/2026\/04\/Repoblacion-de-montes-en-Cangas-del-Narcea.jpg\" \/>\n\t\t<meta property=\"og:image:secure_url\" content=\"https:\/\/candas365.es\/noticias\/wp-content\/uploads\/2026\/04\/Repoblacion-de-montes-en-Cangas-del-Narcea.jpg\" \/>\n\t\t<meta property=\"og:image:width\" content=\"1247\" \/>\n\t\t<meta property=\"og:image:height\" content=\"826\" \/>\n\t\t<meta property=\"article:published_time\" content=\"2026-04-27T15:59:32+00:00\" \/>\n\t\t<meta property=\"article:modified_time\" content=\"2026-04-27T15:59:32+00:00\" \/>\n\t\t<meta property=\"article:publisher\" content=\"https:\/\/www.facebook.com\/Nachofdezber\" \/>\n\t\t<meta property=\"article:author\" content=\"https:\/\/www.facebook.com\/carrenoactualidad\" \/>\n\t\t<meta name=\"twitter:card\" content=\"summary_large_image\" \/>\n\t\t<meta name=\"twitter:site\" content=\"@NabercoDigital\" \/>\n\t\t<meta name=\"twitter:title\" content=\"Repoblaci\u00f3n de montes en Cangas del Narcea | Cand\u00e1s 365\" \/>\n\t\t<meta name=\"twitter:description\" content=\"El Principado ha informado de que restaurar\u00e1 62 hect\u00e1reas forestales en los montes de Cangas del Narcea, todo ello con una inversi\u00f3n de 204.646 euros\" \/>\n\t\t<meta name=\"twitter:creator\" content=\"@nbasturias\" \/>\n\t\t<meta name=\"twitter:image\" content=\"https:\/\/candas365.es\/noticias\/wp-content\/uploads\/2026\/04\/Repoblacion-de-montes-en-Cangas-del-Narcea.jpg\" \/>\n\t\t<meta name=\"twitter:label1\" content=\"Escrito por\" \/>\n\t\t<meta name=\"twitter:data1\" content=\"Cand\u00e1s 365\" \/>\n\t\t<meta name=\"twitter:label2\" content=\"Tiempo de lectura estimado\" \/>\n\t\t<meta name=\"twitter:data2\" content=\"2 minutos\" \/>\n\t\t<script type=\"application\/ld+json\" class=\"aioseo-schema\">\n\t\t\t{\"@context\":\"https:\\\/\\\/schema.org\",\"@graph\":[{\"@type\":\"BreadcrumbList\",\"@id\":\"https:\\\/\\\/candas365.es\\\/noticias\\\/repoblacion-de-montes-en-cangas-del-narcea\\\/#breadcrumblist\",\"itemListElement\":[{\"@type\":\"ListItem\",\"@id\":\"https:\\\/\\\/candas365.es\\\/noticias#listItem\",\"position\":1,\"name\":\"Home\",\"item\":\"https:\\\/\\\/candas365.es\\\/noticias\",\"nextItem\":{\"@type\":\"ListItem\",\"@id\":\"https:\\\/\\\/candas365.es\\\/noticias\\\/category\\\/asturias\\\/#listItem\",\"name\":\"Asturias\"}},{\"@type\":\"ListItem\",\"@id\":\"https:\\\/\\\/candas365.es\\\/noticias\\\/category\\\/asturias\\\/#listItem\",\"position\":2,\"name\":\"Asturias\",\"item\":\"https:\\\/\\\/candas365.es\\\/noticias\\\/category\\\/asturias\\\/\",\"nextItem\":{\"@type\":\"ListItem\",\"@id\":\"https:\\\/\\\/candas365.es\\\/noticias\\\/repoblacion-de-montes-en-cangas-del-narcea\\\/#listItem\",\"name\":\"Repoblaci\\u00f3n de montes en Cangas del Narcea\"},\"previousItem\":{\"@type\":\"ListItem\",\"@id\":\"https:\\\/\\\/candas365.es\\\/noticias#listItem\",\"name\":\"Home\"}},{\"@type\":\"ListItem\",\"@id\":\"https:\\\/\\\/candas365.es\\\/noticias\\\/repoblacion-de-montes-en-cangas-del-narcea\\\/#listItem\",\"position\":3,\"name\":\"Repoblaci\\u00f3n de montes en Cangas del Narcea\",\"previousItem\":{\"@type\":\"ListItem\",\"@id\":\"https:\\\/\\\/candas365.es\\\/noticias\\\/category\\\/asturias\\\/#listItem\",\"name\":\"Asturias\"}}]},{\"@type\":\"NewsArticle\",\"@id\":\"https:\\\/\\\/candas365.es\\\/noticias\\\/repoblacion-de-montes-en-cangas-del-narcea\\\/#newsarticle\",\"name\":\"Repoblaci\\u00f3n de montes en Cangas del Narcea | Cand\\u00e1s 365\",\"headline\":\"Repoblaci\\u00f3n de montes en Cangas del Narcea\",\"author\":{\"@id\":\"https:\\\/\\\/candas365.es\\\/noticias\\\/author\\\/admin\\\/#author\"},\"publisher\":{\"@id\":\"https:\\\/\\\/candas365.es\\\/noticias\\\/#organization\"},\"image\":{\"@type\":\"ImageObject\",\"url\":\"https:\\\/\\\/candas365.es\\\/noticias\\\/wp-content\\\/uploads\\\/2026\\\/04\\\/Repoblacion-de-montes-en-Cangas-del-Narcea.jpg\",\"width\":1247,\"height\":826,\"caption\":\"Foto: 123rf.com\"},\"datePublished\":\"2026-04-27T17:59:32+02:00\",\"dateModified\":\"2026-04-27T17:59:32+02:00\",\"inLanguage\":\"es-ES\",\"mainEntityOfPage\":{\"@id\":\"https:\\\/\\\/candas365.es\\\/noticias\\\/repoblacion-de-montes-en-cangas-del-narcea\\\/#webpage\"},\"isPartOf\":{\"@id\":\"https:\\\/\\\/candas365.es\\\/noticias\\\/repoblacion-de-montes-en-cangas-del-narcea\\\/#webpage\"},\"articleSection\":\"Asturias, Asturias, naturaleza\",\"dateline\":\"Publicado el abril 27, 2026.\"},{\"@type\":\"Organization\",\"@id\":\"https:\\\/\\\/candas365.es\\\/noticias\\\/#organization\",\"name\":\"Cand\\u00e1s 365\",\"description\":\"Cand\\u00e1s 365 es un diario digital independiente, fundado en 2012, con base en Asturias. Informamos con rigor sobre actualidad, sociedad, cultura y ocio, con una mirada local y global.\",\"url\":\"https:\\\/\\\/candas365.es\\\/noticias\\\/\",\"email\":\"info@candas365.es\",\"telephone\":\"+34652131393\",\"foundingDate\":\"2012-06-10\",\"logo\":{\"@type\":\"ImageObject\",\"url\":\"https:\\\/\\\/candas365.es\\\/noticias\\\/wp-content\\\/uploads\\\/2024\\\/09\\\/Candas-365-Redes.jpg\",\"@id\":\"https:\\\/\\\/candas365.es\\\/noticias\\\/repoblacion-de-montes-en-cangas-del-narcea\\\/#organizationLogo\",\"width\":1152,\"height\":864,\"caption\":\"Cand\\u00e1s 365 Redes\"},\"image\":{\"@id\":\"https:\\\/\\\/candas365.es\\\/noticias\\\/repoblacion-de-montes-en-cangas-del-narcea\\\/#organizationLogo\"},\"sameAs\":[\"https:\\\/\\\/www.facebook.com\\\/Nachofdezber\",\"https:\\\/\\\/x.com\\\/NabercoDigital\",\"https:\\\/\\\/www.instagram.com\\\/nachofdezber\\\/\",\"https:\\\/\\\/www.youtube.com\\\/channel\\\/UCZP-2wLEB9Rv6erhFmqVnvg\"],\"address\":{\"@id\":\"https:\\\/\\\/candas365.es\\\/noticias\\\/#postaladdress\",\"@type\":\"PostalAddress\",\"streetAddress\":\"san antonio 4, san antonio 4\",\"postalCode\":\"33430\",\"addressLocality\":\"Cand\\u00e1s\",\"addressRegion\":\"Asturias\",\"addressCountry\":\"ES\"}},{\"@type\":\"Person\",\"@id\":\"https:\\\/\\\/candas365.es\\\/noticias\\\/author\\\/admin\\\/#author\",\"url\":\"https:\\\/\\\/candas365.es\\\/noticias\\\/author\\\/admin\\\/\",\"name\":\"Cand\\u00e1s 365\",\"image\":{\"@type\":\"ImageObject\",\"@id\":\"https:\\\/\\\/candas365.es\\\/noticias\\\/repoblacion-de-montes-en-cangas-del-narcea\\\/#authorImage\",\"url\":\"https:\\\/\\\/secure.gravatar.com\\\/avatar\\\/496a8e03d0c493ede1718b7934145dbdf8d89be1036b0eec9544e1094c9de390?s=96&d=mm&r=g\",\"width\":96,\"height\":96,\"caption\":\"Cand\\u00e1s 365\"},\"sameAs\":[\"https:\\\/\\\/www.facebook.com\\\/carrenoactualidad\",\"https:\\\/\\\/twitter.com\\\/nbasturias\",\"https:\\\/\\\/www.instagram.com\\\/nachofdezber\\\/\",\"https:\\\/\\\/www.youtube.com\\\/channel\\\/UCZP-2wLEB9Rv6erhFmqVnvg\"]},{\"@type\":\"WebPage\",\"@id\":\"https:\\\/\\\/candas365.es\\\/noticias\\\/repoblacion-de-montes-en-cangas-del-narcea\\\/#webpage\",\"url\":\"https:\\\/\\\/candas365.es\\\/noticias\\\/repoblacion-de-montes-en-cangas-del-narcea\\\/\",\"name\":\"Repoblaci\\u00f3n de montes en Cangas del Narcea | Cand\\u00e1s 365\",\"description\":\"El Principado ha informado de que restaurar\\u00e1 62 hect\\u00e1reas forestales en los montes de Cangas del Narcea, todo ello con una inversi\\u00f3n de 204.646 euros\",\"inLanguage\":\"es-ES\",\"isPartOf\":{\"@id\":\"https:\\\/\\\/candas365.es\\\/noticias\\\/#website\"},\"breadcrumb\":{\"@id\":\"https:\\\/\\\/candas365.es\\\/noticias\\\/repoblacion-de-montes-en-cangas-del-narcea\\\/#breadcrumblist\"},\"author\":{\"@id\":\"https:\\\/\\\/candas365.es\\\/noticias\\\/author\\\/admin\\\/#author\"},\"creator\":{\"@id\":\"https:\\\/\\\/candas365.es\\\/noticias\\\/author\\\/admin\\\/#author\"},\"image\":{\"@type\":\"ImageObject\",\"url\":\"https:\\\/\\\/candas365.es\\\/noticias\\\/wp-content\\\/uploads\\\/2026\\\/04\\\/Repoblacion-de-montes-en-Cangas-del-Narcea.jpg\",\"@id\":\"https:\\\/\\\/candas365.es\\\/noticias\\\/repoblacion-de-montes-en-cangas-del-narcea\\\/#mainImage\",\"width\":1247,\"height\":826,\"caption\":\"Foto: 123rf.com\"},\"primaryImageOfPage\":{\"@id\":\"https:\\\/\\\/candas365.es\\\/noticias\\\/repoblacion-de-montes-en-cangas-del-narcea\\\/#mainImage\"},\"datePublished\":\"2026-04-27T17:59:32+02:00\",\"dateModified\":\"2026-04-27T17:59:32+02:00\"},{\"@type\":\"WebSite\",\"@id\":\"https:\\\/\\\/candas365.es\\\/noticias\\\/#website\",\"url\":\"https:\\\/\\\/candas365.es\\\/noticias\\\/\",\"name\":\"Cand\\u00e1s 365\",\"alternateName\":\"Cand\\u00e1s 365 Noticias\",\"description\":\"Actualidad desde Carre\\u00f1o para el mundo\",\"inLanguage\":\"es-ES\",\"publisher\":{\"@id\":\"https:\\\/\\\/candas365.es\\\/noticias\\\/#organization\"}}]}\n\t\t<\/script>\n\t\t<!-- All in One SEO Pro -->\r\n\t\t<title>Repoblaci\u00f3n de montes en Cangas del Narcea | Cand\u00e1s 365<\/title>\n\n","aioseo_head_json":{"title":"Repoblaci\u00f3n de montes en Cangas del Narcea | Cand\u00e1s 365","description":"El Principado ha informado de que restaurar\u00e1 62 hect\u00e1reas forestales en los montes de Cangas del Narcea, todo ello con una inversi\u00f3n de 204.646 euros","canonical_url":"https:\/\/candas365.es\/noticias\/repoblacion-de-montes-en-cangas-del-narcea\/","robots":"max-image-preview:large","keywords":"asturias","webmasterTools":{"google-site-verification":"UA-32230408-1","msvalidate.01":"354F3CDFB2DA171B47FBE9ABF1F88D5","miscellaneous":""},"schema":{"@context":"https:\/\/schema.org","@graph":[{"@type":"BreadcrumbList","@id":"https:\/\/candas365.es\/noticias\/repoblacion-de-montes-en-cangas-del-narcea\/#breadcrumblist","itemListElement":[{"@type":"ListItem","@id":"https:\/\/candas365.es\/noticias#listItem","position":1,"name":"Home","item":"https:\/\/candas365.es\/noticias","nextItem":{"@type":"ListItem","@id":"https:\/\/candas365.es\/noticias\/category\/asturias\/#listItem","name":"Asturias"}},{"@type":"ListItem","@id":"https:\/\/candas365.es\/noticias\/category\/asturias\/#listItem","position":2,"name":"Asturias","item":"https:\/\/candas365.es\/noticias\/category\/asturias\/","nextItem":{"@type":"ListItem","@id":"https:\/\/candas365.es\/noticias\/repoblacion-de-montes-en-cangas-del-narcea\/#listItem","name":"Repoblaci\u00f3n de montes en Cangas del Narcea"},"previousItem":{"@type":"ListItem","@id":"https:\/\/candas365.es\/noticias#listItem","name":"Home"}},{"@type":"ListItem","@id":"https:\/\/candas365.es\/noticias\/repoblacion-de-montes-en-cangas-del-narcea\/#listItem","position":3,"name":"Repoblaci\u00f3n de montes en Cangas del Narcea","previousItem":{"@type":"ListItem","@id":"https:\/\/candas365.es\/noticias\/category\/asturias\/#listItem","name":"Asturias"}}]},{"@type":"NewsArticle","@id":"https:\/\/candas365.es\/noticias\/repoblacion-de-montes-en-cangas-del-narcea\/#newsarticle","name":"Repoblaci\u00f3n de montes en Cangas del Narcea | Cand\u00e1s 365","headline":"Repoblaci\u00f3n de montes en Cangas del Narcea","author":{"@id":"https:\/\/candas365.es\/noticias\/author\/admin\/#author"},"publisher":{"@id":"https:\/\/candas365.es\/noticias\/#organization"},"image":{"@type":"ImageObject","url":"https:\/\/candas365.es\/noticias\/wp-content\/uploads\/2026\/04\/Repoblacion-de-montes-en-Cangas-del-Narcea.jpg","width":1247,"height":826,"caption":"Foto: 123rf.com"},"datePublished":"2026-04-27T17:59:32+02:00","dateModified":"2026-04-27T17:59:32+02:00","inLanguage":"es-ES","mainEntityOfPage":{"@id":"https:\/\/candas365.es\/noticias\/repoblacion-de-montes-en-cangas-del-narcea\/#webpage"},"isPartOf":{"@id":"https:\/\/candas365.es\/noticias\/repoblacion-de-montes-en-cangas-del-narcea\/#webpage"},"articleSection":"Asturias, Asturias, naturaleza","dateline":"Publicado el abril 27, 2026."},{"@type":"Organization","@id":"https:\/\/candas365.es\/noticias\/#organization","name":"Cand\u00e1s 365","description":"Cand\u00e1s 365 es un diario digital independiente, fundado en 2012, con base en Asturias. Informamos con rigor sobre actualidad, sociedad, cultura y ocio, con una mirada local y global.","url":"https:\/\/candas365.es\/noticias\/","email":"info@candas365.es","telephone":"+34652131393","foundingDate":"2012-06-10","logo":{"@type":"ImageObject","url":"https:\/\/candas365.es\/noticias\/wp-content\/uploads\/2024\/09\/Candas-365-Redes.jpg","@id":"https:\/\/candas365.es\/noticias\/repoblacion-de-montes-en-cangas-del-narcea\/#organizationLogo","width":1152,"height":864,"caption":"Cand\u00e1s 365 Redes"},"image":{"@id":"https:\/\/candas365.es\/noticias\/repoblacion-de-montes-en-cangas-del-narcea\/#organizationLogo"},"sameAs":["https:\/\/www.facebook.com\/Nachofdezber","https:\/\/x.com\/NabercoDigital","https:\/\/www.instagram.com\/nachofdezber\/","https:\/\/www.youtube.com\/channel\/UCZP-2wLEB9Rv6erhFmqVnvg"],"address":{"@id":"https:\/\/candas365.es\/noticias\/#postaladdress","@type":"PostalAddress","streetAddress":"san antonio 4, san antonio 4","postalCode":"33430","addressLocality":"Cand\u00e1s","addressRegion":"Asturias","addressCountry":"ES"}},{"@type":"Person","@id":"https:\/\/candas365.es\/noticias\/author\/admin\/#author","url":"https:\/\/candas365.es\/noticias\/author\/admin\/","name":"Cand\u00e1s 365","image":{"@type":"ImageObject","@id":"https:\/\/candas365.es\/noticias\/repoblacion-de-montes-en-cangas-del-narcea\/#authorImage","url":"https:\/\/secure.gravatar.com\/avatar\/496a8e03d0c493ede1718b7934145dbdf8d89be1036b0eec9544e1094c9de390?s=96&d=mm&r=g","width":96,"height":96,"caption":"Cand\u00e1s 365"},"sameAs":["https:\/\/www.facebook.com\/carrenoactualidad","https:\/\/twitter.com\/nbasturias","https:\/\/www.instagram.com\/nachofdezber\/","https:\/\/www.youtube.com\/channel\/UCZP-2wLEB9Rv6erhFmqVnvg"]},{"@type":"WebPage","@id":"https:\/\/candas365.es\/noticias\/repoblacion-de-montes-en-cangas-del-narcea\/#webpage","url":"https:\/\/candas365.es\/noticias\/repoblacion-de-montes-en-cangas-del-narcea\/","name":"Repoblaci\u00f3n de montes en Cangas del Narcea | Cand\u00e1s 365","description":"El Principado ha informado de que restaurar\u00e1 62 hect\u00e1reas forestales en los montes de Cangas del Narcea, todo ello con una inversi\u00f3n de 204.646 euros","inLanguage":"es-ES","isPartOf":{"@id":"https:\/\/candas365.es\/noticias\/#website"},"breadcrumb":{"@id":"https:\/\/candas365.es\/noticias\/repoblacion-de-montes-en-cangas-del-narcea\/#breadcrumblist"},"author":{"@id":"https:\/\/candas365.es\/noticias\/author\/admin\/#author"},"creator":{"@id":"https:\/\/candas365.es\/noticias\/author\/admin\/#author"},"image":{"@type":"ImageObject","url":"https:\/\/candas365.es\/noticias\/wp-content\/uploads\/2026\/04\/Repoblacion-de-montes-en-Cangas-del-Narcea.jpg","@id":"https:\/\/candas365.es\/noticias\/repoblacion-de-montes-en-cangas-del-narcea\/#mainImage","width":1247,"height":826,"caption":"Foto: 123rf.com"},"primaryImageOfPage":{"@id":"https:\/\/candas365.es\/noticias\/repoblacion-de-montes-en-cangas-del-narcea\/#mainImage"},"datePublished":"2026-04-27T17:59:32+02:00","dateModified":"2026-04-27T17:59:32+02:00"},{"@type":"WebSite","@id":"https:\/\/candas365.es\/noticias\/#website","url":"https:\/\/candas365.es\/noticias\/","name":"Cand\u00e1s 365","alternateName":"Cand\u00e1s 365 Noticias","description":"Actualidad desde Carre\u00f1o para el mundo","inLanguage":"es-ES","publisher":{"@id":"https:\/\/candas365.es\/noticias\/#organization"}}]},"og:locale":"es_ES","og:site_name":"Cand\u00e1s 365","og:type":"article","og:title":"Repoblaci\u00f3n de montes en Cangas del Narcea | Cand\u00e1s 365","og:description":"El Principado ha informado de que restaurar\u00e1 62 hect\u00e1reas forestales en los montes de Cangas del Narcea, todo ello con una inversi\u00f3n de 204.646 euros","og:url":"https:\/\/candas365.es\/noticias\/repoblacion-de-montes-en-cangas-del-narcea\/","og:image":"https:\/\/candas365.es\/noticias\/wp-content\/uploads\/2026\/04\/Repoblacion-de-montes-en-Cangas-del-Narcea.jpg","og:image:secure_url":"https:\/\/candas365.es\/noticias\/wp-content\/uploads\/2026\/04\/Repoblacion-de-montes-en-Cangas-del-Narcea.jpg","og:image:width":1247,"og:image:height":826,"article:published_time":"2026-04-27T15:59:32+00:00","article:modified_time":"2026-04-27T15:59:32+00:00","article:publisher":"https:\/\/www.facebook.com\/Nachofdezber","article:author":"https:\/\/www.facebook.com\/carrenoactualidad","twitter:card":"summary_large_image","twitter:site":"@NabercoDigital","twitter:title":"Repoblaci\u00f3n de montes en Cangas del Narcea | Cand\u00e1s 365","twitter:description":"El Principado ha informado de que restaurar\u00e1 62 hect\u00e1reas forestales en los montes de Cangas del Narcea, todo ello con una inversi\u00f3n de 204.646 euros","twitter:creator":"@nbasturias","twitter:image":"https:\/\/candas365.es\/noticias\/wp-content\/uploads\/2026\/04\/Repoblacion-de-montes-en-Cangas-del-Narcea.jpg","twitter:label1":"Escrito por","twitter:data1":"Cand\u00e1s 365","twitter:label2":"Tiempo de lectura estimado","twitter:data2":"2 minutos"},"aioseo_meta_data":{"post_id":"194356","title":null,"description":"El Principado ha informado de que restaurar\u00e1 62 hect\u00e1reas forestales en los montes de Cangas del Narcea, todo ello con una inversi\u00f3n de 204.646 euros","keywords":null,"keyphrases":{"focus":{"keyphrase":"Cangas del Narcea","score":91,"analysis":{"keyphraseInTitle":{"score":9,"maxScore":9,"error":0},"keyphraseInDescription":{"score":9,"maxScore":9,"error":0},"keyphraseLength":{"score":9,"maxScore":9,"error":0,"length":3},"keyphraseInURL":{"score":5,"maxScore":5,"error":0},"keyphraseInIntroduction":{"score":9,"maxScore":9,"error":0},"keyphraseInSubHeadings":{"score":3,"maxScore":9,"error":1},"keyphraseInImageAlt":{"score":9,"maxScore":9,"error":0},"keywordDensity":{"type":"best","score":9,"maxScore":9,"error":0}}},"additional":[{"keyphrase":"Cangas del Narcea","score":100,"analysis":{"keyphraseInDescription":{"score":9,"maxScore":9,"error":0},"keyphraseLength":{"score":9,"maxScore":9,"error":0,"length":3},"keyphraseInIntroduction":{"score":9,"maxScore":9,"error":0},"keyphraseInImageAlt":{"score":9,"maxScore":9,"error":0},"keywordDensity":{"type":"best","score":9,"maxScore":9,"error":0}}},{"keyphrase":"montes","score":100,"analysis":{"keyphraseInDescription":{"score":9,"maxScore":9,"error":0},"keyphraseLength":{"score":9,"maxScore":9,"error":0,"length":1},"keyphraseInIntroduction":{"score":9,"maxScore":9,"error":0},"keyphraseInImageAlt":{"score":9,"maxScore":9,"error":0},"keywordDensity":{"type":"best","score":9,"maxScore":9,"error":0}}}]},"primary_term":null,"canonical_url":null,"og_title":null,"og_description":null,"og_object_type":"default","og_image_type":"default","og_image_url":null,"og_image_width":null,"og_image_height":null,"og_image_custom_url":null,"og_image_custom_fields":null,"og_video":"","og_custom_url":null,"og_article_section":null,"og_article_tags":null,"twitter_use_og":false,"twitter_card":"default","twitter_image_type":"default","twitter_image_url":null,"twitter_image_custom_url":null,"twitter_image_custom_fields":null,"twitter_title":null,"twitter_description":null,"schema":{"blockGraphs":[],"customGraphs":[],"default":{"data":{"Article":[],"Course":[],"Dataset":[],"FAQPage":[],"Movie":[],"Person":[],"Product":[],"ProductReview":[],"Car":[],"Recipe":[],"Service":[],"SoftwareApplication":[],"WebPage":[]},"graphName":"NewsArticle","isEnabled":true},"graphs":[]},"schema_type":"default","schema_type_options":null,"pillar_content":false,"robots_default":true,"robots_noindex":false,"robots_noarchive":false,"robots_nosnippet":false,"robots_nofollow":false,"robots_noimageindex":false,"robots_noodp":false,"robots_notranslate":false,"robots_max_snippet":"-1","robots_max_videopreview":"-1","robots_max_imagepreview":"large","priority":null,"frequency":"default","location":null,"local_seo":null,"seo_analyzer_scan_date":"2026-04-27 16:15:01","breadcrumb_settings":null,"limit_modified_date":false,"reviewed_by":"0","open_ai":null,"ai":{"faqs":[],"keyPoints":[],"schemas":[],"titles":[],"descriptions":[],"socialPosts":{"email":[],"linkedin":[],"twitter":[],"facebook":[],"instagram":[]}},"created":"2026-04-27 15:51:30","updated":"2026-04-27 16:21:33"},"aioseo_breadcrumb":"<div class=\"aioseo-breadcrumbs\"><span class=\"aioseo-breadcrumb\">\n\t<a href=\"https:\/\/candas365.es\/noticias\" title=\"Home\">Home<\/a>\n<\/span><span class=\"aioseo-breadcrumb-separator\">&ndash;<\/span><span class=\"aioseo-breadcrumb\">\n\t<a href=\"https:\/\/candas365.es\/noticias\/category\/asturias\/\" title=\"Asturias\">Asturias<\/a>\n<\/span><span class=\"aioseo-breadcrumb-separator\">&ndash;<\/span><span class=\"aioseo-breadcrumb\">\n\tRepoblaci\u00f3n de montes en Cangas del Narcea\n<\/span><\/div>","aioseo_breadcrumb_json":[{"label":"Home","link":"https:\/\/candas365.es\/noticias"},{"label":"Asturias","link":"https:\/\/candas365.es\/noticias\/category\/asturias\/"},{"label":"Repoblaci\u00f3n de montes en Cangas del Narcea","link":"https:\/\/candas365.es\/noticias\/repoblacion-de-montes-en-cangas-del-narcea\/"}],"_links":{"self":[{"href":"https:\/\/candas365.es\/noticias\/wp-json\/wp\/v2\/posts\/194356","targetHints":{"allow":["GET"]}}],"collection":[{"href":"https:\/\/candas365.es\/noticias\/wp-json\/wp\/v2\/posts"}],"about":[{"href":"https:\/\/candas365.es\/noticias\/wp-json\/wp\/v2\/types\/post"}],"author":[{"embeddable":true,"href":"https:\/\/candas365.es\/noticias\/wp-json\/wp\/v2\/users\/1"}],"replies":[{"embeddable":true,"href":"https:\/\/candas365.es\/noticias\/wp-json\/wp\/v2\/comments?post=194356"}],"version-history":[{"count":1,"href":"https:\/\/candas365.es\/noticias\/wp-json\/wp\/v2\/posts\/194356\/revisions"}],"predecessor-version":[{"id":194358,"href":"https:\/\/candas365.es\/noticias\/wp-json\/wp\/v2\/posts\/194356\/revisions\/194358"}],"wp:featuredmedia":[{"embeddable":true,"href":"https:\/\/candas365.es\/noticias\/wp-json\/wp\/v2\/media\/194357"}],"wp:attachment":[{"href":"https:\/\/candas365.es\/noticias\/wp-json\/wp\/v2\/media?parent=194356"}],"wp:term":[{"taxonomy":"category","embeddable":true,"href":"https:\/\/candas365.es\/noticias\/wp-json\/wp\/v2\/categories?post=194356"},{"taxonomy":"post_tag","embeddable":true,"href":"https:\/\/candas365.es\/noticias\/wp-json\/wp\/v2\/tags?post=194356"}],"curies":[{"name":"wp","href":"https:\/\/api.w.org\/{rel}","templated":true}]}}