{"id":194353,"date":"2026-04-27T17:47:56","date_gmt":"2026-04-27T15:47:56","guid":{"rendered":"https:\/\/candas365.es\/noticias\/?p=194353"},"modified":"2026-04-27T17:47:56","modified_gmt":"2026-04-27T15:47:56","slug":"eclipse-2026-exito-de-las-jornadas-cientificas-en-gijon","status":"publish","type":"post","link":"https:\/\/candas365.es\/noticias\/eclipse-2026-exito-de-las-jornadas-cientificas-en-gijon\/","title":{"rendered":"Eclipse 2026: \u00c9xito de las Jornadas cient\u00edficas en Gij\u00f3n"},"content":{"rendered":"<p>M\u00e1s de 2.000 personas participaron en <a href=\"https:\/\/www.gijon.es\/es\" target=\"_blank\" rel=\"noopener\"><span style=\"color: #ff6600;\"><strong>Gij\u00f3n<\/strong><\/span><\/a> en las jornadas sobre el <strong>eclipse solar del 12 de agosto de 2026<\/strong>, que combinaron divulgaci\u00f3n cient\u00edfica, observaci\u00f3n y alta demanda en el planetario.<\/p>\n<figure id=\"attachment_194354\" aria-describedby=\"caption-attachment-194354\" style=\"width: 650px\" class=\"wp-caption aligncenter\"><img fetchpriority=\"high\" decoding=\"async\" class=\"size-large wp-image-194354\" src=\"https:\/\/candas365.es\/noticias\/wp-content\/uploads\/2026\/04\/Eclipse-2026-Exito-de-las-Jornadas-cientificas-en-Gijon-650x453.jpg\" alt=\"Eclipse 2026 \u00c9xito de las Jornadas cient\u00edficas en Gij\u00f3n\" width=\"650\" height=\"453\" srcset=\"https:\/\/candas365.es\/noticias\/wp-content\/uploads\/2026\/04\/Eclipse-2026-Exito-de-las-Jornadas-cientificas-en-Gijon-650x453.jpg 650w, https:\/\/candas365.es\/noticias\/wp-content\/uploads\/2026\/04\/Eclipse-2026-Exito-de-las-Jornadas-cientificas-en-Gijon-360x251.jpg 360w, https:\/\/candas365.es\/noticias\/wp-content\/uploads\/2026\/04\/Eclipse-2026-Exito-de-las-Jornadas-cientificas-en-Gijon-768x535.jpg 768w, https:\/\/candas365.es\/noticias\/wp-content\/uploads\/2026\/04\/Eclipse-2026-Exito-de-las-Jornadas-cientificas-en-Gijon-150x104.jpg 150w, https:\/\/candas365.es\/noticias\/wp-content\/uploads\/2026\/04\/Eclipse-2026-Exito-de-las-Jornadas-cientificas-en-Gijon-450x313.jpg 450w, https:\/\/candas365.es\/noticias\/wp-content\/uploads\/2026\/04\/Eclipse-2026-Exito-de-las-Jornadas-cientificas-en-Gijon.jpg 1195w\" sizes=\"(max-width: 650px) 100vw, 650px\" \/><figcaption id=\"caption-attachment-194354\" class=\"wp-caption-text\">Foto: 123rf.com<\/figcaption><\/figure>\n<p data-start=\"366\" data-end=\"751\"><strong>Las II jornadas \u2018Gij\u00f3n: sol y eclipses\u2019 reunieron a m\u00e1s de 2.000 personas a trav\u00e9s de charlas, conferencias, visitas al Planetario, exposiciones y observaciones solares.<\/strong> El evento, que obtuvo un gran reconocimiento por parte de los principales ponentes, fue fruto de la colaboraci\u00f3n entre el Ayuntamiento de Gij\u00f3n\/Xix\u00f3n, ICTEA, OMEGA y el Colegio de \u00d3pticos Optometristas de Asturias.<\/p>\n<p data-start=\"755\" data-end=\"1402\">\u201cEstamos muy satisfechos con el resultado de las jornadas\u201d, asegur\u00f3 el concejal de Relaciones Institucionales y Juventud, Jorge Gonz\u00e1lez-Palacios. \u201cM\u00e1s de 700 personas han visitado el Planetario, hemos disfrutado de sesiones de observaci\u00f3n solar y las conferencias de los expertos han sido fant\u00e1sticas y nos han acercado al fen\u00f3meno del <a href=\"https:\/\/candas365.es\/noticias\/gijon-ofrecera-jornadas-cientificas-por-el-eclipse-2026\/\"><span style=\"color: #ff6600;\"><strong>eclipse<\/strong><\/span><\/a>\u201d, enumer\u00f3. \u201cNuestro objetivo es la divulgaci\u00f3n y gracias al trabajo de estos d\u00edas, coordinado con otras instituciones, hemos logrado una gran difusi\u00f3n medi\u00e1tica, tambi\u00e9n a nivel nacional, y con ello lanzar nuestros mensajes sobre salud ocular y sobre el conocimiento del sol\u201d, afirm\u00f3 Gonz\u00e1lez-Palacios.<\/p>\n<p data-start=\"1406\" data-end=\"1937\">A lo largo de esta semana, el Ayuntamiento de Gij\u00f3n\/Xix\u00f3n continuar\u00e1 divulgando informaci\u00f3n sobre el fen\u00f3meno del 12 de agosto. \u201cSeguiremos insistiendo para que los d\u00edas 29 y 30 la ciudadan\u00eda, sobre todo en la zona rural, compruebe si ve el sol desde el punto en el que quiera ver el eclipse, en su casa, en su barrio&#8230; Son los d\u00edas de eclipse gemelo y es importante que los aprovechemos. A partir de ah\u00ed seguiremos incidiendo en la divulgaci\u00f3n del eclipse tanto en las aulas como a la ciudadan\u00eda en general\u201d, detall\u00f3 el concejal.<\/p>\n<h2 data-section-id=\"y9rssw\" data-start=\"1941\" data-end=\"1994\">Acercar el conocimiento cient\u00edfico a la ciudadan\u00eda<\/h2>\n<p data-start=\"1998\" data-end=\"2274\">Los ponentes participantes en las jornadas, de referencia nacional e internacional, pusieron en valor la organizaci\u00f3n de las mismas, as\u00ed como la labor desarrollada por el Ayuntamiento de Gij\u00f3n\/Xix\u00f3n a la hora de organizar y divulgar la informaci\u00f3n importante sobre el eclipse.<\/p>\n<ul data-start=\"2278\" data-end=\"4371\">\n<li data-section-id=\"1x9cpqh\" data-start=\"2278\" data-end=\"2870\">Rafael Bachiller, director del Observatorio Nacional y Presidente de la Comisi\u00f3n Nacional del Eclipse: \u201cFue un placer el poder participar en estas espl\u00e9ndidas jornadas organizadas por el Ayuntamiento de Gij\u00f3n. Y fue impresionante ver el inter\u00e9s que despertaron en todos los gijoneses, y no era para menos porque el programa era muy variado y atractivo. Las ponencias se vieron acompa\u00f1adas por las sesiones de planetario que eran de gran calidad. Todo ello es de gran utilidad con vistas a los preparativos que, tanto a nivel individual como colectivo, se est\u00e1n emprendiendo ya en la ciudad.<\/li>\n<li data-section-id=\"ew7g63\" data-start=\"2874\" data-end=\"3396\">Valent\u00edn Mart\u00ednez Pillet, director del Instituto Astrof\u00edsica de Canarias: \u201cLas II Jornadas \u201cGij\u00f3n y el Eclipse\u201d constituyeron uno de los esfuerzos m\u00e1s s\u00f3lidos e inspiradores que he observado por parte de una administraci\u00f3n local para preparar a la ciudadan\u00eda ante el eclipse total de Sol del 12 de agosto. Las jornadas no solo acercaron a la poblaci\u00f3n la base cient\u00edfica de este fen\u00f3meno extraordinario, sino que tambi\u00e9n ofrecieron a los gijoneses las claves pr\u00e1cticas necesarias para su observaci\u00f3n segura y provechos\u201d.<\/li>\n<li data-section-id=\"1ftqis3\" data-start=\"3400\" data-end=\"4371\">Javier de Cos, director del ICTEA: \u201cDesde la Universidad de Oviedo y el ICTEA, la valoraci\u00f3n de estas jornadas no puede ser m\u00e1s positiva. Hemos sido testigos de una respuesta ciudadana excepcional que refuerza la importancia de abrir nuestros centros de investigaci\u00f3n a la sociedad. El \u00e9xito rotundo del nuevo Planetario de la Escuela de Marina, que oper\u00f3 a m\u00e1xima capacidad oblig\u00e1ndonos incluso a ampliar las sesiones previstas para atender la demanda, demuestra el enorme inter\u00e9s que despierta la ciencia de vanguardia cuando se hace accesible. M\u00e1s all\u00e1 del rigor acad\u00e9mico de las ponencias, la posibilidad de que cientos de gijoneses observaran directamente la actividad solar a trav\u00e9s de los telescopios \u2014identificando manchas y protuberancias en tiempo real\u2014 constituye la mejor preparaci\u00f3n posible para el hito hist\u00f3rico que viviremos en agosto. Estas jornadas han logrado convertir un fen\u00f3meno astron\u00f3mico en una experiencia compartida de aprendizaje y asombro\u201d.<\/li>\n<\/ul>\n<p data-start=\"4375\" data-end=\"4995\" data-is-last-node=\"\" data-is-only-node=\"\">Santiago Izquierdo, presidente de la Asociaci\u00f3n Astron\u00f3mica OMEGA: \u201cAhora que apenas falta un cuatrimestre para el evento astron\u00f3mico del a\u00f1o, la iniciativa del Ayuntamiento de Gij\u00f3n de unas II Jornadas \u00abSol y eclipses\u00bb ha supuesto una nueva vuelta de tuerca que complementa a las de marzo del pasado a\u00f1o. Hay que agradecer adem\u00e1s la colaboraci\u00f3n de la Universidad de Oviedo y a la implicaci\u00f3n de los voluntarios de la SAA OMEGA y del Colegio de \u00d3pticos, etc. La diversidad de actividades ha convertido las Jornadas en un \u00e9xito de p\u00fablico y contenidos. Creo que la misi\u00f3n y el objetivo de la divulgaci\u00f3n se ha cumplido\u201d.<\/p>\n","protected":false},"excerpt":{"rendered":"<p>M\u00e1s de 2.000 personas participaron en Gij\u00f3n en las jornadas sobre el eclipse solar del 12 de agosto de 2026, que combinaron divulgaci\u00f3n cient\u00edfica, observaci\u00f3n y alta demanda en el planetario. Las II jornadas \u2018Gij\u00f3n: sol y eclipses\u2019 reunieron a m\u00e1s de 2.000 personas a trav\u00e9s de charlas, conferencias, visitas al Planetario, exposiciones y observaciones<\/p>\n","protected":false},"author":1,"featured_media":194354,"comment_status":"closed","ping_status":"closed","sticky":false,"template":"","format":"standard","meta":{"footnotes":""},"categories":[7,316],"tags":[512,453],"class_list":{"0":"post-194353","1":"post","2":"type-post","3":"status-publish","4":"format-standard","5":"has-post-thumbnail","7":"category-asturias","8":"category-destacadas","9":"tag-gijon","10":"tag-naturaleza"},"aioseo_notices":[],"aioseo_head":"\n\t\t<!-- All in One SEO Pro 4.9.6.2 - aioseo.com -->\n\t<meta name=\"description\" content=\"M\u00e1s de 2.000 personas participaron en Gij\u00f3n en las jornadas sobre el eclipse solar del 12 de agosto de 2026, que combinaron divulgaci\u00f3n cient\u00edfica, observaci\u00f3n\" \/>\n\t<meta name=\"robots\" content=\"max-image-preview:large\" \/>\n\t<meta name=\"author\" content=\"Cand\u00e1s 365\"\/>\n\t<meta name=\"google-site-verification\" content=\"UA-32230408-1\" \/>\n\t<meta name=\"msvalidate.01\" content=\"354F3CDFB2DA171B47FBE9ABF1F88D5\" \/>\n\t<meta name=\"keywords\" content=\"asturias,destacadas\" \/>\n\t<link rel=\"canonical\" href=\"https:\/\/candas365.es\/noticias\/eclipse-2026-exito-de-las-jornadas-cientificas-en-gijon\/\" \/>\n\t<meta name=\"generator\" content=\"All in One SEO Pro (AIOSEO) 4.9.6.2\" \/>\n\t\t<meta property=\"og:locale\" content=\"es_ES\" \/>\n\t\t<meta property=\"og:site_name\" content=\"Cand\u00e1s 365\" \/>\n\t\t<meta property=\"og:type\" content=\"article\" \/>\n\t\t<meta property=\"og:title\" content=\"Eclipse 2026: \u00c9xito de las Jornadas cient\u00edficas en Gij\u00f3n | Cand\u00e1s 365\" \/>\n\t\t<meta property=\"og:description\" content=\"M\u00e1s de 2.000 personas participaron en Gij\u00f3n en las jornadas sobre el eclipse solar del 12 de agosto de 2026, que combinaron divulgaci\u00f3n cient\u00edfica, observaci\u00f3n\" \/>\n\t\t<meta property=\"og:url\" content=\"https:\/\/candas365.es\/noticias\/eclipse-2026-exito-de-las-jornadas-cientificas-en-gijon\/\" \/>\n\t\t<meta property=\"og:image\" content=\"https:\/\/candas365.es\/noticias\/wp-content\/uploads\/2026\/04\/Eclipse-2026-Exito-de-las-Jornadas-cientificas-en-Gijon.jpg\" \/>\n\t\t<meta property=\"og:image:secure_url\" content=\"https:\/\/candas365.es\/noticias\/wp-content\/uploads\/2026\/04\/Eclipse-2026-Exito-de-las-Jornadas-cientificas-en-Gijon.jpg\" \/>\n\t\t<meta property=\"og:image:width\" content=\"1195\" \/>\n\t\t<meta property=\"og:image:height\" content=\"832\" \/>\n\t\t<meta property=\"article:published_time\" content=\"2026-04-27T15:47:56+00:00\" \/>\n\t\t<meta property=\"article:modified_time\" content=\"2026-04-27T15:47:56+00:00\" \/>\n\t\t<meta property=\"article:publisher\" content=\"https:\/\/www.facebook.com\/Nachofdezber\" \/>\n\t\t<meta property=\"article:author\" content=\"https:\/\/www.facebook.com\/carrenoactualidad\" \/>\n\t\t<meta name=\"twitter:card\" content=\"summary_large_image\" \/>\n\t\t<meta name=\"twitter:site\" content=\"@NabercoDigital\" \/>\n\t\t<meta name=\"twitter:title\" content=\"Eclipse 2026: \u00c9xito de las Jornadas cient\u00edficas en Gij\u00f3n | Cand\u00e1s 365\" \/>\n\t\t<meta name=\"twitter:description\" content=\"M\u00e1s de 2.000 personas participaron en Gij\u00f3n en las jornadas sobre el eclipse solar del 12 de agosto de 2026, que combinaron divulgaci\u00f3n cient\u00edfica, observaci\u00f3n\" \/>\n\t\t<meta name=\"twitter:creator\" content=\"@nbasturias\" \/>\n\t\t<meta name=\"twitter:image\" content=\"https:\/\/candas365.es\/noticias\/wp-content\/uploads\/2026\/04\/Eclipse-2026-Exito-de-las-Jornadas-cientificas-en-Gijon.jpg\" \/>\n\t\t<meta name=\"twitter:label1\" content=\"Escrito por\" \/>\n\t\t<meta name=\"twitter:data1\" content=\"Cand\u00e1s 365\" \/>\n\t\t<meta name=\"twitter:label2\" content=\"Tiempo de lectura estimado\" \/>\n\t\t<meta name=\"twitter:data2\" content=\"4 minutos\" \/>\n\t\t<script type=\"application\/ld+json\" class=\"aioseo-schema\">\n\t\t\t{\"@context\":\"https:\\\/\\\/schema.org\",\"@graph\":[{\"@type\":\"BreadcrumbList\",\"@id\":\"https:\\\/\\\/candas365.es\\\/noticias\\\/eclipse-2026-exito-de-las-jornadas-cientificas-en-gijon\\\/#breadcrumblist\",\"itemListElement\":[{\"@type\":\"ListItem\",\"@id\":\"https:\\\/\\\/candas365.es\\\/noticias#listItem\",\"position\":1,\"name\":\"Home\",\"item\":\"https:\\\/\\\/candas365.es\\\/noticias\",\"nextItem\":{\"@type\":\"ListItem\",\"@id\":\"https:\\\/\\\/candas365.es\\\/noticias\\\/category\\\/asturias\\\/#listItem\",\"name\":\"Asturias\"}},{\"@type\":\"ListItem\",\"@id\":\"https:\\\/\\\/candas365.es\\\/noticias\\\/category\\\/asturias\\\/#listItem\",\"position\":2,\"name\":\"Asturias\",\"item\":\"https:\\\/\\\/candas365.es\\\/noticias\\\/category\\\/asturias\\\/\",\"nextItem\":{\"@type\":\"ListItem\",\"@id\":\"https:\\\/\\\/candas365.es\\\/noticias\\\/eclipse-2026-exito-de-las-jornadas-cientificas-en-gijon\\\/#listItem\",\"name\":\"Eclipse 2026: \\u00c9xito de las Jornadas cient\\u00edficas en Gij\\u00f3n\"},\"previousItem\":{\"@type\":\"ListItem\",\"@id\":\"https:\\\/\\\/candas365.es\\\/noticias#listItem\",\"name\":\"Home\"}},{\"@type\":\"ListItem\",\"@id\":\"https:\\\/\\\/candas365.es\\\/noticias\\\/eclipse-2026-exito-de-las-jornadas-cientificas-en-gijon\\\/#listItem\",\"position\":3,\"name\":\"Eclipse 2026: \\u00c9xito de las Jornadas cient\\u00edficas en Gij\\u00f3n\",\"previousItem\":{\"@type\":\"ListItem\",\"@id\":\"https:\\\/\\\/candas365.es\\\/noticias\\\/category\\\/asturias\\\/#listItem\",\"name\":\"Asturias\"}}]},{\"@type\":\"NewsArticle\",\"@id\":\"https:\\\/\\\/candas365.es\\\/noticias\\\/eclipse-2026-exito-de-las-jornadas-cientificas-en-gijon\\\/#newsarticle\",\"name\":\"Eclipse 2026: \\u00c9xito de las Jornadas cient\\u00edficas en Gij\\u00f3n | Cand\\u00e1s 365\",\"headline\":\"Eclipse 2026: \\u00c9xito de las Jornadas cient\\u00edficas en Gij\\u00f3n\",\"author\":{\"@id\":\"https:\\\/\\\/candas365.es\\\/noticias\\\/author\\\/admin\\\/#author\"},\"publisher\":{\"@id\":\"https:\\\/\\\/candas365.es\\\/noticias\\\/#organization\"},\"image\":{\"@type\":\"ImageObject\",\"url\":\"https:\\\/\\\/candas365.es\\\/noticias\\\/wp-content\\\/uploads\\\/2026\\\/04\\\/Eclipse-2026-Exito-de-las-Jornadas-cientificas-en-Gijon.jpg\",\"width\":1195,\"height\":832,\"caption\":\"Foto: 123rf.com\"},\"datePublished\":\"2026-04-27T17:47:56+02:00\",\"dateModified\":\"2026-04-27T17:47:56+02:00\",\"inLanguage\":\"es-ES\",\"mainEntityOfPage\":{\"@id\":\"https:\\\/\\\/candas365.es\\\/noticias\\\/eclipse-2026-exito-de-las-jornadas-cientificas-en-gijon\\\/#webpage\"},\"isPartOf\":{\"@id\":\"https:\\\/\\\/candas365.es\\\/noticias\\\/eclipse-2026-exito-de-las-jornadas-cientificas-en-gijon\\\/#webpage\"},\"articleSection\":\"Asturias, Destacadas, Gij\\u00f3n, naturaleza\",\"dateline\":\"Publicado el abril 27, 2026.\"},{\"@type\":\"Organization\",\"@id\":\"https:\\\/\\\/candas365.es\\\/noticias\\\/#organization\",\"name\":\"Cand\\u00e1s 365\",\"description\":\"Cand\\u00e1s 365 es un diario digital independiente, fundado en 2012, con base en Asturias. Informamos con rigor sobre actualidad, sociedad, cultura y ocio, con una mirada local y global.\",\"url\":\"https:\\\/\\\/candas365.es\\\/noticias\\\/\",\"email\":\"info@candas365.es\",\"telephone\":\"+34652131393\",\"foundingDate\":\"2012-06-10\",\"logo\":{\"@type\":\"ImageObject\",\"url\":\"https:\\\/\\\/candas365.es\\\/noticias\\\/wp-content\\\/uploads\\\/2024\\\/09\\\/Candas-365-Redes.jpg\",\"@id\":\"https:\\\/\\\/candas365.es\\\/noticias\\\/eclipse-2026-exito-de-las-jornadas-cientificas-en-gijon\\\/#organizationLogo\",\"width\":1152,\"height\":864,\"caption\":\"Cand\\u00e1s 365 Redes\"},\"image\":{\"@id\":\"https:\\\/\\\/candas365.es\\\/noticias\\\/eclipse-2026-exito-de-las-jornadas-cientificas-en-gijon\\\/#organizationLogo\"},\"sameAs\":[\"https:\\\/\\\/www.facebook.com\\\/Nachofdezber\",\"https:\\\/\\\/x.com\\\/NabercoDigital\",\"https:\\\/\\\/www.instagram.com\\\/nachofdezber\\\/\",\"https:\\\/\\\/www.youtube.com\\\/channel\\\/UCZP-2wLEB9Rv6erhFmqVnvg\"],\"address\":{\"@id\":\"https:\\\/\\\/candas365.es\\\/noticias\\\/#postaladdress\",\"@type\":\"PostalAddress\",\"streetAddress\":\"san antonio 4, san antonio 4\",\"postalCode\":\"33430\",\"addressLocality\":\"Cand\\u00e1s\",\"addressRegion\":\"Asturias\",\"addressCountry\":\"ES\"}},{\"@type\":\"Person\",\"@id\":\"https:\\\/\\\/candas365.es\\\/noticias\\\/author\\\/admin\\\/#author\",\"url\":\"https:\\\/\\\/candas365.es\\\/noticias\\\/author\\\/admin\\\/\",\"name\":\"Cand\\u00e1s 365\",\"image\":{\"@type\":\"ImageObject\",\"@id\":\"https:\\\/\\\/candas365.es\\\/noticias\\\/eclipse-2026-exito-de-las-jornadas-cientificas-en-gijon\\\/#authorImage\",\"url\":\"https:\\\/\\\/secure.gravatar.com\\\/avatar\\\/496a8e03d0c493ede1718b7934145dbdf8d89be1036b0eec9544e1094c9de390?s=96&d=mm&r=g\",\"width\":96,\"height\":96,\"caption\":\"Cand\\u00e1s 365\"},\"sameAs\":[\"https:\\\/\\\/www.facebook.com\\\/carrenoactualidad\",\"https:\\\/\\\/twitter.com\\\/nbasturias\",\"https:\\\/\\\/www.instagram.com\\\/nachofdezber\\\/\",\"https:\\\/\\\/www.youtube.com\\\/channel\\\/UCZP-2wLEB9Rv6erhFmqVnvg\"]},{\"@type\":\"WebPage\",\"@id\":\"https:\\\/\\\/candas365.es\\\/noticias\\\/eclipse-2026-exito-de-las-jornadas-cientificas-en-gijon\\\/#webpage\",\"url\":\"https:\\\/\\\/candas365.es\\\/noticias\\\/eclipse-2026-exito-de-las-jornadas-cientificas-en-gijon\\\/\",\"name\":\"Eclipse 2026: \\u00c9xito de las Jornadas cient\\u00edficas en Gij\\u00f3n | Cand\\u00e1s 365\",\"description\":\"M\\u00e1s de 2.000 personas participaron en Gij\\u00f3n en las jornadas sobre el eclipse solar del 12 de agosto de 2026, que combinaron divulgaci\\u00f3n cient\\u00edfica, observaci\\u00f3n\",\"inLanguage\":\"es-ES\",\"isPartOf\":{\"@id\":\"https:\\\/\\\/candas365.es\\\/noticias\\\/#website\"},\"breadcrumb\":{\"@id\":\"https:\\\/\\\/candas365.es\\\/noticias\\\/eclipse-2026-exito-de-las-jornadas-cientificas-en-gijon\\\/#breadcrumblist\"},\"author\":{\"@id\":\"https:\\\/\\\/candas365.es\\\/noticias\\\/author\\\/admin\\\/#author\"},\"creator\":{\"@id\":\"https:\\\/\\\/candas365.es\\\/noticias\\\/author\\\/admin\\\/#author\"},\"image\":{\"@type\":\"ImageObject\",\"url\":\"https:\\\/\\\/candas365.es\\\/noticias\\\/wp-content\\\/uploads\\\/2026\\\/04\\\/Eclipse-2026-Exito-de-las-Jornadas-cientificas-en-Gijon.jpg\",\"@id\":\"https:\\\/\\\/candas365.es\\\/noticias\\\/eclipse-2026-exito-de-las-jornadas-cientificas-en-gijon\\\/#mainImage\",\"width\":1195,\"height\":832,\"caption\":\"Foto: 123rf.com\"},\"primaryImageOfPage\":{\"@id\":\"https:\\\/\\\/candas365.es\\\/noticias\\\/eclipse-2026-exito-de-las-jornadas-cientificas-en-gijon\\\/#mainImage\"},\"datePublished\":\"2026-04-27T17:47:56+02:00\",\"dateModified\":\"2026-04-27T17:47:56+02:00\"},{\"@type\":\"WebSite\",\"@id\":\"https:\\\/\\\/candas365.es\\\/noticias\\\/#website\",\"url\":\"https:\\\/\\\/candas365.es\\\/noticias\\\/\",\"name\":\"Cand\\u00e1s 365\",\"alternateName\":\"Cand\\u00e1s 365 Noticias\",\"description\":\"Actualidad desde Carre\\u00f1o para el mundo\",\"inLanguage\":\"es-ES\",\"publisher\":{\"@id\":\"https:\\\/\\\/candas365.es\\\/noticias\\\/#organization\"}}]}\n\t\t<\/script>\n\t\t<!-- All in One SEO Pro -->\r\n\t\t<title>Eclipse 2026: \u00c9xito de las Jornadas cient\u00edficas en Gij\u00f3n | Cand\u00e1s 365<\/title>\n\n","aioseo_head_json":{"title":"Eclipse 2026: \u00c9xito de las Jornadas cient\u00edficas en Gij\u00f3n | Cand\u00e1s 365","description":"M\u00e1s de 2.000 personas participaron en Gij\u00f3n en las jornadas sobre el eclipse solar del 12 de agosto de 2026, que combinaron divulgaci\u00f3n cient\u00edfica, observaci\u00f3n","canonical_url":"https:\/\/candas365.es\/noticias\/eclipse-2026-exito-de-las-jornadas-cientificas-en-gijon\/","robots":"max-image-preview:large","keywords":"asturias,destacadas","webmasterTools":{"google-site-verification":"UA-32230408-1","msvalidate.01":"354F3CDFB2DA171B47FBE9ABF1F88D5","miscellaneous":""},"schema":{"@context":"https:\/\/schema.org","@graph":[{"@type":"BreadcrumbList","@id":"https:\/\/candas365.es\/noticias\/eclipse-2026-exito-de-las-jornadas-cientificas-en-gijon\/#breadcrumblist","itemListElement":[{"@type":"ListItem","@id":"https:\/\/candas365.es\/noticias#listItem","position":1,"name":"Home","item":"https:\/\/candas365.es\/noticias","nextItem":{"@type":"ListItem","@id":"https:\/\/candas365.es\/noticias\/category\/asturias\/#listItem","name":"Asturias"}},{"@type":"ListItem","@id":"https:\/\/candas365.es\/noticias\/category\/asturias\/#listItem","position":2,"name":"Asturias","item":"https:\/\/candas365.es\/noticias\/category\/asturias\/","nextItem":{"@type":"ListItem","@id":"https:\/\/candas365.es\/noticias\/eclipse-2026-exito-de-las-jornadas-cientificas-en-gijon\/#listItem","name":"Eclipse 2026: \u00c9xito de las Jornadas cient\u00edficas en Gij\u00f3n"},"previousItem":{"@type":"ListItem","@id":"https:\/\/candas365.es\/noticias#listItem","name":"Home"}},{"@type":"ListItem","@id":"https:\/\/candas365.es\/noticias\/eclipse-2026-exito-de-las-jornadas-cientificas-en-gijon\/#listItem","position":3,"name":"Eclipse 2026: \u00c9xito de las Jornadas cient\u00edficas en Gij\u00f3n","previousItem":{"@type":"ListItem","@id":"https:\/\/candas365.es\/noticias\/category\/asturias\/#listItem","name":"Asturias"}}]},{"@type":"NewsArticle","@id":"https:\/\/candas365.es\/noticias\/eclipse-2026-exito-de-las-jornadas-cientificas-en-gijon\/#newsarticle","name":"Eclipse 2026: \u00c9xito de las Jornadas cient\u00edficas en Gij\u00f3n | Cand\u00e1s 365","headline":"Eclipse 2026: \u00c9xito de las Jornadas cient\u00edficas en Gij\u00f3n","author":{"@id":"https:\/\/candas365.es\/noticias\/author\/admin\/#author"},"publisher":{"@id":"https:\/\/candas365.es\/noticias\/#organization"},"image":{"@type":"ImageObject","url":"https:\/\/candas365.es\/noticias\/wp-content\/uploads\/2026\/04\/Eclipse-2026-Exito-de-las-Jornadas-cientificas-en-Gijon.jpg","width":1195,"height":832,"caption":"Foto: 123rf.com"},"datePublished":"2026-04-27T17:47:56+02:00","dateModified":"2026-04-27T17:47:56+02:00","inLanguage":"es-ES","mainEntityOfPage":{"@id":"https:\/\/candas365.es\/noticias\/eclipse-2026-exito-de-las-jornadas-cientificas-en-gijon\/#webpage"},"isPartOf":{"@id":"https:\/\/candas365.es\/noticias\/eclipse-2026-exito-de-las-jornadas-cientificas-en-gijon\/#webpage"},"articleSection":"Asturias, Destacadas, Gij\u00f3n, naturaleza","dateline":"Publicado el abril 27, 2026."},{"@type":"Organization","@id":"https:\/\/candas365.es\/noticias\/#organization","name":"Cand\u00e1s 365","description":"Cand\u00e1s 365 es un diario digital independiente, fundado en 2012, con base en Asturias. Informamos con rigor sobre actualidad, sociedad, cultura y ocio, con una mirada local y global.","url":"https:\/\/candas365.es\/noticias\/","email":"info@candas365.es","telephone":"+34652131393","foundingDate":"2012-06-10","logo":{"@type":"ImageObject","url":"https:\/\/candas365.es\/noticias\/wp-content\/uploads\/2024\/09\/Candas-365-Redes.jpg","@id":"https:\/\/candas365.es\/noticias\/eclipse-2026-exito-de-las-jornadas-cientificas-en-gijon\/#organizationLogo","width":1152,"height":864,"caption":"Cand\u00e1s 365 Redes"},"image":{"@id":"https:\/\/candas365.es\/noticias\/eclipse-2026-exito-de-las-jornadas-cientificas-en-gijon\/#organizationLogo"},"sameAs":["https:\/\/www.facebook.com\/Nachofdezber","https:\/\/x.com\/NabercoDigital","https:\/\/www.instagram.com\/nachofdezber\/","https:\/\/www.youtube.com\/channel\/UCZP-2wLEB9Rv6erhFmqVnvg"],"address":{"@id":"https:\/\/candas365.es\/noticias\/#postaladdress","@type":"PostalAddress","streetAddress":"san antonio 4, san antonio 4","postalCode":"33430","addressLocality":"Cand\u00e1s","addressRegion":"Asturias","addressCountry":"ES"}},{"@type":"Person","@id":"https:\/\/candas365.es\/noticias\/author\/admin\/#author","url":"https:\/\/candas365.es\/noticias\/author\/admin\/","name":"Cand\u00e1s 365","image":{"@type":"ImageObject","@id":"https:\/\/candas365.es\/noticias\/eclipse-2026-exito-de-las-jornadas-cientificas-en-gijon\/#authorImage","url":"https:\/\/secure.gravatar.com\/avatar\/496a8e03d0c493ede1718b7934145dbdf8d89be1036b0eec9544e1094c9de390?s=96&d=mm&r=g","width":96,"height":96,"caption":"Cand\u00e1s 365"},"sameAs":["https:\/\/www.facebook.com\/carrenoactualidad","https:\/\/twitter.com\/nbasturias","https:\/\/www.instagram.com\/nachofdezber\/","https:\/\/www.youtube.com\/channel\/UCZP-2wLEB9Rv6erhFmqVnvg"]},{"@type":"WebPage","@id":"https:\/\/candas365.es\/noticias\/eclipse-2026-exito-de-las-jornadas-cientificas-en-gijon\/#webpage","url":"https:\/\/candas365.es\/noticias\/eclipse-2026-exito-de-las-jornadas-cientificas-en-gijon\/","name":"Eclipse 2026: \u00c9xito de las Jornadas cient\u00edficas en Gij\u00f3n | Cand\u00e1s 365","description":"M\u00e1s de 2.000 personas participaron en Gij\u00f3n en las jornadas sobre el eclipse solar del 12 de agosto de 2026, que combinaron divulgaci\u00f3n cient\u00edfica, observaci\u00f3n","inLanguage":"es-ES","isPartOf":{"@id":"https:\/\/candas365.es\/noticias\/#website"},"breadcrumb":{"@id":"https:\/\/candas365.es\/noticias\/eclipse-2026-exito-de-las-jornadas-cientificas-en-gijon\/#breadcrumblist"},"author":{"@id":"https:\/\/candas365.es\/noticias\/author\/admin\/#author"},"creator":{"@id":"https:\/\/candas365.es\/noticias\/author\/admin\/#author"},"image":{"@type":"ImageObject","url":"https:\/\/candas365.es\/noticias\/wp-content\/uploads\/2026\/04\/Eclipse-2026-Exito-de-las-Jornadas-cientificas-en-Gijon.jpg","@id":"https:\/\/candas365.es\/noticias\/eclipse-2026-exito-de-las-jornadas-cientificas-en-gijon\/#mainImage","width":1195,"height":832,"caption":"Foto: 123rf.com"},"primaryImageOfPage":{"@id":"https:\/\/candas365.es\/noticias\/eclipse-2026-exito-de-las-jornadas-cientificas-en-gijon\/#mainImage"},"datePublished":"2026-04-27T17:47:56+02:00","dateModified":"2026-04-27T17:47:56+02:00"},{"@type":"WebSite","@id":"https:\/\/candas365.es\/noticias\/#website","url":"https:\/\/candas365.es\/noticias\/","name":"Cand\u00e1s 365","alternateName":"Cand\u00e1s 365 Noticias","description":"Actualidad desde Carre\u00f1o para el mundo","inLanguage":"es-ES","publisher":{"@id":"https:\/\/candas365.es\/noticias\/#organization"}}]},"og:locale":"es_ES","og:site_name":"Cand\u00e1s 365","og:type":"article","og:title":"Eclipse 2026: \u00c9xito de las Jornadas cient\u00edficas en Gij\u00f3n | Cand\u00e1s 365","og:description":"M\u00e1s de 2.000 personas participaron en Gij\u00f3n en las jornadas sobre el eclipse solar del 12 de agosto de 2026, que combinaron divulgaci\u00f3n cient\u00edfica, observaci\u00f3n","og:url":"https:\/\/candas365.es\/noticias\/eclipse-2026-exito-de-las-jornadas-cientificas-en-gijon\/","og:image":"https:\/\/candas365.es\/noticias\/wp-content\/uploads\/2026\/04\/Eclipse-2026-Exito-de-las-Jornadas-cientificas-en-Gijon.jpg","og:image:secure_url":"https:\/\/candas365.es\/noticias\/wp-content\/uploads\/2026\/04\/Eclipse-2026-Exito-de-las-Jornadas-cientificas-en-Gijon.jpg","og:image:width":1195,"og:image:height":832,"article:published_time":"2026-04-27T15:47:56+00:00","article:modified_time":"2026-04-27T15:47:56+00:00","article:publisher":"https:\/\/www.facebook.com\/Nachofdezber","article:author":"https:\/\/www.facebook.com\/carrenoactualidad","twitter:card":"summary_large_image","twitter:site":"@NabercoDigital","twitter:title":"Eclipse 2026: \u00c9xito de las Jornadas cient\u00edficas en Gij\u00f3n | Cand\u00e1s 365","twitter:description":"M\u00e1s de 2.000 personas participaron en Gij\u00f3n en las jornadas sobre el eclipse solar del 12 de agosto de 2026, que combinaron divulgaci\u00f3n cient\u00edfica, observaci\u00f3n","twitter:creator":"@nbasturias","twitter:image":"https:\/\/candas365.es\/noticias\/wp-content\/uploads\/2026\/04\/Eclipse-2026-Exito-de-las-Jornadas-cientificas-en-Gijon.jpg","twitter:label1":"Escrito por","twitter:data1":"Cand\u00e1s 365","twitter:label2":"Tiempo de lectura estimado","twitter:data2":"4 minutos"},"aioseo_meta_data":{"post_id":"194353","title":null,"description":"M\u00e1s de 2.000 personas participaron en Gij\u00f3n en las jornadas sobre el eclipse solar del 12 de agosto de 2026, que combinaron divulgaci\u00f3n cient\u00edfica, observaci\u00f3n","keywords":null,"keyphrases":{"focus":{"keyphrase":"eclipse","score":91,"analysis":{"keyphraseInTitle":{"score":9,"maxScore":9,"error":0},"keyphraseInDescription":{"score":9,"maxScore":9,"error":0},"keyphraseLength":{"score":9,"maxScore":9,"error":0,"length":1},"keyphraseInURL":{"score":5,"maxScore":5,"error":0},"keyphraseInIntroduction":{"score":9,"maxScore":9,"error":0},"keyphraseInSubHeadings":{"score":3,"maxScore":9,"error":1},"keyphraseInImageAlt":{"score":9,"maxScore":9,"error":0},"keywordDensity":{"type":"best","score":9,"maxScore":9,"error":0}}},"additional":[{"keyphrase":"eclipse","score":100,"analysis":{"keyphraseInDescription":{"score":9,"maxScore":9,"error":0},"keyphraseLength":{"score":9,"maxScore":9,"error":0,"length":1},"keyphraseInIntroduction":{"score":9,"maxScore":9,"error":0},"keyphraseInImageAlt":{"score":9,"maxScore":9,"error":0},"keywordDensity":{"type":"best","score":9,"maxScore":9,"error":0}}},{"keyphrase":"Gij\u00f3n","score":100,"analysis":{"keyphraseInDescription":{"score":9,"maxScore":9,"error":0},"keyphraseLength":{"score":9,"maxScore":9,"error":0,"length":2},"keyphraseInIntroduction":{"score":9,"maxScore":9,"error":0},"keyphraseInImageAlt":{"score":9,"maxScore":9,"error":0},"keywordDensity":{"type":"best","score":9,"maxScore":9,"error":0}}}]},"primary_term":null,"canonical_url":null,"og_title":null,"og_description":null,"og_object_type":"default","og_image_type":"default","og_image_url":null,"og_image_width":null,"og_image_height":null,"og_image_custom_url":null,"og_image_custom_fields":null,"og_video":"","og_custom_url":null,"og_article_section":null,"og_article_tags":null,"twitter_use_og":false,"twitter_card":"default","twitter_image_type":"default","twitter_image_url":null,"twitter_image_custom_url":null,"twitter_image_custom_fields":null,"twitter_title":null,"twitter_description":null,"schema":{"blockGraphs":[],"customGraphs":[],"default":{"data":{"Article":[],"Course":[],"Dataset":[],"FAQPage":[],"Movie":[],"Person":[],"Product":[],"ProductReview":[],"Car":[],"Recipe":[],"Service":[],"SoftwareApplication":[],"WebPage":[]},"graphName":"NewsArticle","isEnabled":true},"graphs":[]},"schema_type":"default","schema_type_options":null,"pillar_content":false,"robots_default":true,"robots_noindex":false,"robots_noarchive":false,"robots_nosnippet":false,"robots_nofollow":false,"robots_noimageindex":false,"robots_noodp":false,"robots_notranslate":false,"robots_max_snippet":"-1","robots_max_videopreview":"-1","robots_max_imagepreview":"large","priority":null,"frequency":"default","location":null,"local_seo":null,"seo_analyzer_scan_date":"2026-04-27 16:14:59","breadcrumb_settings":null,"limit_modified_date":false,"reviewed_by":"0","open_ai":null,"ai":{"faqs":[],"keyPoints":[],"schemas":[],"titles":[],"descriptions":[],"socialPosts":{"email":[],"linkedin":[],"twitter":[],"facebook":[],"instagram":[]}},"created":"2026-04-27 15:36:09","updated":"2026-04-27 16:21:33"},"aioseo_breadcrumb":"<div class=\"aioseo-breadcrumbs\"><span class=\"aioseo-breadcrumb\">\n\t<a href=\"https:\/\/candas365.es\/noticias\" title=\"Home\">Home<\/a>\n<\/span><span class=\"aioseo-breadcrumb-separator\">&ndash;<\/span><span class=\"aioseo-breadcrumb\">\n\t<a href=\"https:\/\/candas365.es\/noticias\/category\/asturias\/\" title=\"Asturias\">Asturias<\/a>\n<\/span><span class=\"aioseo-breadcrumb-separator\">&ndash;<\/span><span class=\"aioseo-breadcrumb\">\n\tEclipse 2026: \u00c9xito de las Jornadas cient\u00edficas en Gij\u00f3n\n<\/span><\/div>","aioseo_breadcrumb_json":[{"label":"Home","link":"https:\/\/candas365.es\/noticias"},{"label":"Asturias","link":"https:\/\/candas365.es\/noticias\/category\/asturias\/"},{"label":"Eclipse 2026: \u00c9xito de las Jornadas cient\u00edficas en Gij\u00f3n","link":"https:\/\/candas365.es\/noticias\/eclipse-2026-exito-de-las-jornadas-cientificas-en-gijon\/"}],"_links":{"self":[{"href":"https:\/\/candas365.es\/noticias\/wp-json\/wp\/v2\/posts\/194353","targetHints":{"allow":["GET"]}}],"collection":[{"href":"https:\/\/candas365.es\/noticias\/wp-json\/wp\/v2\/posts"}],"about":[{"href":"https:\/\/candas365.es\/noticias\/wp-json\/wp\/v2\/types\/post"}],"author":[{"embeddable":true,"href":"https:\/\/candas365.es\/noticias\/wp-json\/wp\/v2\/users\/1"}],"replies":[{"embeddable":true,"href":"https:\/\/candas365.es\/noticias\/wp-json\/wp\/v2\/comments?post=194353"}],"version-history":[{"count":1,"href":"https:\/\/candas365.es\/noticias\/wp-json\/wp\/v2\/posts\/194353\/revisions"}],"predecessor-version":[{"id":194355,"href":"https:\/\/candas365.es\/noticias\/wp-json\/wp\/v2\/posts\/194353\/revisions\/194355"}],"wp:featuredmedia":[{"embeddable":true,"href":"https:\/\/candas365.es\/noticias\/wp-json\/wp\/v2\/media\/194354"}],"wp:attachment":[{"href":"https:\/\/candas365.es\/noticias\/wp-json\/wp\/v2\/media?parent=194353"}],"wp:term":[{"taxonomy":"category","embeddable":true,"href":"https:\/\/candas365.es\/noticias\/wp-json\/wp\/v2\/categories?post=194353"},{"taxonomy":"post_tag","embeddable":true,"href":"https:\/\/candas365.es\/noticias\/wp-json\/wp\/v2\/tags?post=194353"}],"curies":[{"name":"wp","href":"https:\/\/api.w.org\/{rel}","templated":true}]}}