{"id":194350,"date":"2026-04-27T17:34:36","date_gmt":"2026-04-27T15:34:36","guid":{"rendered":"https:\/\/candas365.es\/noticias\/?p=194350"},"modified":"2026-04-27T17:34:36","modified_gmt":"2026-04-27T15:34:36","slug":"asturias-abrira-siete-escuelinas-publicas-en-mayo-de-2026","status":"publish","type":"post","link":"https:\/\/candas365.es\/noticias\/asturias-abrira-siete-escuelinas-publicas-en-mayo-de-2026\/","title":{"rendered":"Asturias abrir\u00e1 siete escuelinas p\u00fablicas en mayo de 2026"},"content":{"rendered":"<p>El <span style=\"color: #ff6600;\"><a style=\"color: #ff6600;\" href=\"https:\/\/actualidad.asturias.es\/\" target=\"_blank\" rel=\"noopener\"><strong>Principado de Asturias<\/strong><\/a><\/span> pondr\u00e1 en marcha siete nuevas escuelinas p\u00fablicas en varios concejos a partir de mayo de 2026, <strong>ampliando la red gratuita de 0 a 3 a\u00f1os y avanzando en su despliegue territorial.<\/strong><\/p>\n<figure id=\"attachment_194351\" aria-describedby=\"caption-attachment-194351\" style=\"width: 644px\" class=\"wp-caption aligncenter\"><img fetchpriority=\"high\" decoding=\"async\" class=\"size-large wp-image-194351\" src=\"https:\/\/candas365.es\/noticias\/wp-content\/uploads\/2026\/04\/Asturias-abrira-siete-escuelinas-publicas-en-mayo-de-2026-644x480.jpg\" alt=\"Asturias abrir\u00e1 siete escuelinas p\u00fablicas en mayo de 2026\" width=\"644\" height=\"480\" srcset=\"https:\/\/candas365.es\/noticias\/wp-content\/uploads\/2026\/04\/Asturias-abrira-siete-escuelinas-publicas-en-mayo-de-2026-644x480.jpg 644w, https:\/\/candas365.es\/noticias\/wp-content\/uploads\/2026\/04\/Asturias-abrira-siete-escuelinas-publicas-en-mayo-de-2026-360x268.jpg 360w, https:\/\/candas365.es\/noticias\/wp-content\/uploads\/2026\/04\/Asturias-abrira-siete-escuelinas-publicas-en-mayo-de-2026-768x573.jpg 768w, https:\/\/candas365.es\/noticias\/wp-content\/uploads\/2026\/04\/Asturias-abrira-siete-escuelinas-publicas-en-mayo-de-2026-150x112.jpg 150w, https:\/\/candas365.es\/noticias\/wp-content\/uploads\/2026\/04\/Asturias-abrira-siete-escuelinas-publicas-en-mayo-de-2026-450x335.jpg 450w, https:\/\/candas365.es\/noticias\/wp-content\/uploads\/2026\/04\/Asturias-abrira-siete-escuelinas-publicas-en-mayo-de-2026.jpg 1116w\" sizes=\"(max-width: 644px) 100vw, 644px\" \/><figcaption id=\"caption-attachment-194351\" class=\"wp-caption-text\">Foto: Prensa Principado de Asturias<\/figcaption><\/figure>\n<p data-start=\"371\" data-end=\"746\">El Gobierno de Asturias abrir\u00e1 en las pr\u00f3ximas semanas otras siete escuelinas de la red p\u00fablica, auton\u00f3mica y gratuita, seg\u00fan ha informado la consejera Eva Ledo a la mesa de di\u00e1logo de 0 a 3 a\u00f1os. <strong>En su duod\u00e9cima reuni\u00f3n se ha repasado tambi\u00e9n el borrador del reglamento de organizaci\u00f3n y funcionamiento, tras haber recibido las aportaciones de las organizaciones sindicales.<\/strong><\/p>\n<h2 data-section-id=\"1bhahox\" data-start=\"750\" data-end=\"788\">Nuevas aperturas en varios concejos<\/h2>\n<p data-start=\"792\" data-end=\"1101\">De las escuelas de primer ciclo de Infantil que se inaugurar\u00e1n a partir de mayo, tres las han construido los ayuntamientos con fondos del Mecanismo de Recuperaci\u00f3n y Resiliencia (MRR) y forman parte de la fase 1 del proyecto: Les xanines, de Caravia; La piedriquina, de Las Regueras, y El reblincu, de Quir\u00f3s.<\/p>\n<p data-start=\"1105\" data-end=\"1339\">Otra apertura correspondiente a la primera fase, pero construida directamente por el Principado, ser\u00e1 El Escondelerite, en el Colegio P\u00fablico Ller\u00f3n Clar\u00edn, de <a href=\"https:\/\/candas365.es\/noticias\/category\/asturias\/\"><span style=\"color: #ff6600;\"><strong>Mieres<\/strong><\/span><\/a>, que comenzar\u00e1 parcialmente con una de las tres unidades previstas.<\/p>\n<p data-start=\"1343\" data-end=\"1617\">Completan este lote de aperturas las escuelinas La cerezal, de Salinas (Castrill\u00f3n); Cucurrabucu, en el C.P. Teodoro Cuesta de Mieres, y La foquina, en el C.P. Marcos del Torniello, de Avil\u00e9s, todas ellas pertenecientes a la fase 2 y construidas por el Ejecutivo auton\u00f3mico.<\/p>\n<h2 data-section-id=\"aerezj\" data-start=\"1621\" data-end=\"1654\">D\u00edas no lectivos y direcciones<\/h2>\n<p data-start=\"1658\" data-end=\"2095\">Por otro lado, la mesa de di\u00e1logo de 0 a 3 a\u00f1os \u2013encabezada por la consejera de Educaci\u00f3n, Eva Ledo, junto con los directores generales de Empleo P\u00fablico, Miguel \u00c1ngel Rodr\u00edguez, y de Centros y Red 0-3 A\u00f1os, Paula Fern\u00e1ndez\u2013 ha repasado el borrador del reglamento de organizaci\u00f3n y funcionamiento, tras recibir las sugerencias de los sindicatos, y se ha centrado en dos aspectos fundamentales: las jornadas no lectivas y las direcciones.<\/p>\n<p data-start=\"2099\" data-end=\"2596\">La Administraci\u00f3n auton\u00f3mica ha planteado que las educadoras puedan realizar determinadas tareas no presenciales en sus d\u00edas no lectivos, pero siempre que est\u00e9 garantizada la calidad en la prestaci\u00f3n del servicio. Para ello, ha solicitado a los sindicatos que env\u00eden hasta este jueves una propuesta con los criterios que, a su modo de ver, deben definir los d\u00edas de libre disposici\u00f3n (los denominados moscosos), pero condicionada, igualmente, a que no influya en la calidad de esta red educativa.<\/p>\n<p data-start=\"2600\" data-end=\"2938\">Respecto a las direcciones de las escuelinas, las plazas se cubrir\u00e1n con docentes a trav\u00e9s del procedimiento establecido en la Ley educativa vigente, as\u00ed como en el decreto 76\/2007 que regula la participaci\u00f3n de los \u00f3rganos de gobierno. El Principado considera que este proceso es el \u00fanico posible para garantizar la autonom\u00eda de gesti\u00f3n.<\/p>\n<p data-start=\"2942\" data-end=\"3179\" data-is-last-node=\"\" data-is-only-node=\"\">El Gobierno de Asturias consolidar\u00e1 el complemento de direcci\u00f3n a aquellas educadoras que hayan venido ejerciendo las funciones de direcci\u00f3n, en cumplimiento de la Ley Auton\u00f3mica de las Escuelas Infantiles, aprobada en noviembre de 2024.<\/p>\n","protected":false},"excerpt":{"rendered":"<p>El Principado de Asturias pondr\u00e1 en marcha siete nuevas escuelinas p\u00fablicas en varios concejos a partir de mayo de 2026, ampliando la red gratuita de 0 a 3 a\u00f1os y avanzando en su despliegue territorial. El Gobierno de Asturias abrir\u00e1 en las pr\u00f3ximas semanas otras siete escuelinas de la red p\u00fablica, auton\u00f3mica y gratuita, seg\u00fan<\/p>\n","protected":false},"author":1,"featured_media":194351,"comment_status":"closed","ping_status":"closed","sticky":false,"template":"","format":"standard","meta":{"footnotes":""},"categories":[7],"tags":[380,419],"class_list":{"0":"post-194350","1":"post","2":"type-post","3":"status-publish","4":"format-standard","5":"has-post-thumbnail","7":"category-asturias","8":"tag-asturias","9":"tag-educacion"},"aioseo_notices":[],"aioseo_head":"\n\t\t<!-- All in One SEO Pro 4.9.6.2 - aioseo.com -->\n\t<meta name=\"description\" content=\"El Principado de Asturias pondr\u00e1 en marcha siete nuevas escuelinas p\u00fablicas en varios concejos a partir de mayo de 2026, ampliando la red gratuita de 0 a 3 a\u00f1os\" \/>\n\t<meta name=\"robots\" content=\"max-image-preview:large\" \/>\n\t<meta name=\"author\" content=\"Cand\u00e1s 365\"\/>\n\t<meta name=\"google-site-verification\" content=\"UA-32230408-1\" \/>\n\t<meta name=\"msvalidate.01\" content=\"354F3CDFB2DA171B47FBE9ABF1F88D5\" \/>\n\t<meta name=\"keywords\" content=\"asturias\" \/>\n\t<link rel=\"canonical\" href=\"https:\/\/candas365.es\/noticias\/asturias-abrira-siete-escuelinas-publicas-en-mayo-de-2026\/\" \/>\n\t<meta name=\"generator\" content=\"All in One SEO Pro (AIOSEO) 4.9.6.2\" \/>\n\t\t<meta property=\"og:locale\" content=\"es_ES\" \/>\n\t\t<meta property=\"og:site_name\" content=\"Cand\u00e1s 365\" \/>\n\t\t<meta property=\"og:type\" content=\"article\" \/>\n\t\t<meta property=\"og:title\" content=\"Asturias abrir\u00e1 siete escuelinas p\u00fablicas en mayo de 2026 | Cand\u00e1s 365\" \/>\n\t\t<meta property=\"og:description\" content=\"El Principado de Asturias pondr\u00e1 en marcha siete nuevas escuelinas p\u00fablicas en varios concejos a partir de mayo de 2026, ampliando la red gratuita de 0 a 3 a\u00f1os\" \/>\n\t\t<meta property=\"og:url\" content=\"https:\/\/candas365.es\/noticias\/asturias-abrira-siete-escuelinas-publicas-en-mayo-de-2026\/\" \/>\n\t\t<meta property=\"og:image\" content=\"https:\/\/candas365.es\/noticias\/wp-content\/uploads\/2026\/04\/Asturias-abrira-siete-escuelinas-publicas-en-mayo-de-2026.jpg\" \/>\n\t\t<meta property=\"og:image:secure_url\" content=\"https:\/\/candas365.es\/noticias\/wp-content\/uploads\/2026\/04\/Asturias-abrira-siete-escuelinas-publicas-en-mayo-de-2026.jpg\" \/>\n\t\t<meta property=\"og:image:width\" content=\"1116\" \/>\n\t\t<meta property=\"og:image:height\" content=\"832\" \/>\n\t\t<meta property=\"article:published_time\" content=\"2026-04-27T15:34:36+00:00\" \/>\n\t\t<meta property=\"article:modified_time\" content=\"2026-04-27T15:34:36+00:00\" \/>\n\t\t<meta property=\"article:publisher\" content=\"https:\/\/www.facebook.com\/Nachofdezber\" \/>\n\t\t<meta property=\"article:author\" content=\"https:\/\/www.facebook.com\/carrenoactualidad\" \/>\n\t\t<meta name=\"twitter:card\" content=\"summary_large_image\" \/>\n\t\t<meta name=\"twitter:site\" content=\"@NabercoDigital\" \/>\n\t\t<meta name=\"twitter:title\" content=\"Asturias abrir\u00e1 siete escuelinas p\u00fablicas en mayo de 2026 | Cand\u00e1s 365\" \/>\n\t\t<meta name=\"twitter:description\" content=\"El Principado de Asturias pondr\u00e1 en marcha siete nuevas escuelinas p\u00fablicas en varios concejos a partir de mayo de 2026, ampliando la red gratuita de 0 a 3 a\u00f1os\" \/>\n\t\t<meta name=\"twitter:creator\" content=\"@nbasturias\" \/>\n\t\t<meta name=\"twitter:image\" content=\"https:\/\/candas365.es\/noticias\/wp-content\/uploads\/2026\/04\/Asturias-abrira-siete-escuelinas-publicas-en-mayo-de-2026.jpg\" \/>\n\t\t<meta name=\"twitter:label1\" content=\"Escrito por\" \/>\n\t\t<meta name=\"twitter:data1\" content=\"Cand\u00e1s 365\" \/>\n\t\t<meta name=\"twitter:label2\" content=\"Tiempo de lectura estimado\" \/>\n\t\t<meta name=\"twitter:data2\" content=\"3 minutos\" \/>\n\t\t<script type=\"application\/ld+json\" class=\"aioseo-schema\">\n\t\t\t{\"@context\":\"https:\\\/\\\/schema.org\",\"@graph\":[{\"@type\":\"BreadcrumbList\",\"@id\":\"https:\\\/\\\/candas365.es\\\/noticias\\\/asturias-abrira-siete-escuelinas-publicas-en-mayo-de-2026\\\/#breadcrumblist\",\"itemListElement\":[{\"@type\":\"ListItem\",\"@id\":\"https:\\\/\\\/candas365.es\\\/noticias#listItem\",\"position\":1,\"name\":\"Home\",\"item\":\"https:\\\/\\\/candas365.es\\\/noticias\",\"nextItem\":{\"@type\":\"ListItem\",\"@id\":\"https:\\\/\\\/candas365.es\\\/noticias\\\/category\\\/asturias\\\/#listItem\",\"name\":\"Asturias\"}},{\"@type\":\"ListItem\",\"@id\":\"https:\\\/\\\/candas365.es\\\/noticias\\\/category\\\/asturias\\\/#listItem\",\"position\":2,\"name\":\"Asturias\",\"item\":\"https:\\\/\\\/candas365.es\\\/noticias\\\/category\\\/asturias\\\/\",\"nextItem\":{\"@type\":\"ListItem\",\"@id\":\"https:\\\/\\\/candas365.es\\\/noticias\\\/asturias-abrira-siete-escuelinas-publicas-en-mayo-de-2026\\\/#listItem\",\"name\":\"Asturias abrir\\u00e1 siete escuelinas p\\u00fablicas en mayo de 2026\"},\"previousItem\":{\"@type\":\"ListItem\",\"@id\":\"https:\\\/\\\/candas365.es\\\/noticias#listItem\",\"name\":\"Home\"}},{\"@type\":\"ListItem\",\"@id\":\"https:\\\/\\\/candas365.es\\\/noticias\\\/asturias-abrira-siete-escuelinas-publicas-en-mayo-de-2026\\\/#listItem\",\"position\":3,\"name\":\"Asturias abrir\\u00e1 siete escuelinas p\\u00fablicas en mayo de 2026\",\"previousItem\":{\"@type\":\"ListItem\",\"@id\":\"https:\\\/\\\/candas365.es\\\/noticias\\\/category\\\/asturias\\\/#listItem\",\"name\":\"Asturias\"}}]},{\"@type\":\"NewsArticle\",\"@id\":\"https:\\\/\\\/candas365.es\\\/noticias\\\/asturias-abrira-siete-escuelinas-publicas-en-mayo-de-2026\\\/#newsarticle\",\"name\":\"Asturias abrir\\u00e1 siete escuelinas p\\u00fablicas en mayo de 2026 | Cand\\u00e1s 365\",\"headline\":\"Asturias abrir\\u00e1 siete escuelinas p\\u00fablicas en mayo de 2026\",\"author\":{\"@id\":\"https:\\\/\\\/candas365.es\\\/noticias\\\/author\\\/admin\\\/#author\"},\"publisher\":{\"@id\":\"https:\\\/\\\/candas365.es\\\/noticias\\\/#organization\"},\"image\":{\"@type\":\"ImageObject\",\"url\":\"https:\\\/\\\/candas365.es\\\/noticias\\\/wp-content\\\/uploads\\\/2026\\\/04\\\/Asturias-abrira-siete-escuelinas-publicas-en-mayo-de-2026.jpg\",\"width\":1116,\"height\":832,\"caption\":\"Foto: Prensa Principado de Asturias\"},\"datePublished\":\"2026-04-27T17:34:36+02:00\",\"dateModified\":\"2026-04-27T17:34:36+02:00\",\"inLanguage\":\"es-ES\",\"mainEntityOfPage\":{\"@id\":\"https:\\\/\\\/candas365.es\\\/noticias\\\/asturias-abrira-siete-escuelinas-publicas-en-mayo-de-2026\\\/#webpage\"},\"isPartOf\":{\"@id\":\"https:\\\/\\\/candas365.es\\\/noticias\\\/asturias-abrira-siete-escuelinas-publicas-en-mayo-de-2026\\\/#webpage\"},\"articleSection\":\"Asturias, Asturias, educaci\\u00f3n\",\"dateline\":\"Publicado el abril 27, 2026.\"},{\"@type\":\"Organization\",\"@id\":\"https:\\\/\\\/candas365.es\\\/noticias\\\/#organization\",\"name\":\"Cand\\u00e1s 365\",\"description\":\"Cand\\u00e1s 365 es un diario digital independiente, fundado en 2012, con base en Asturias. Informamos con rigor sobre actualidad, sociedad, cultura y ocio, con una mirada local y global.\",\"url\":\"https:\\\/\\\/candas365.es\\\/noticias\\\/\",\"email\":\"info@candas365.es\",\"telephone\":\"+34652131393\",\"foundingDate\":\"2012-06-10\",\"logo\":{\"@type\":\"ImageObject\",\"url\":\"https:\\\/\\\/candas365.es\\\/noticias\\\/wp-content\\\/uploads\\\/2024\\\/09\\\/Candas-365-Redes.jpg\",\"@id\":\"https:\\\/\\\/candas365.es\\\/noticias\\\/asturias-abrira-siete-escuelinas-publicas-en-mayo-de-2026\\\/#organizationLogo\",\"width\":1152,\"height\":864,\"caption\":\"Cand\\u00e1s 365 Redes\"},\"image\":{\"@id\":\"https:\\\/\\\/candas365.es\\\/noticias\\\/asturias-abrira-siete-escuelinas-publicas-en-mayo-de-2026\\\/#organizationLogo\"},\"sameAs\":[\"https:\\\/\\\/www.facebook.com\\\/Nachofdezber\",\"https:\\\/\\\/x.com\\\/NabercoDigital\",\"https:\\\/\\\/www.instagram.com\\\/nachofdezber\\\/\",\"https:\\\/\\\/www.youtube.com\\\/channel\\\/UCZP-2wLEB9Rv6erhFmqVnvg\"],\"address\":{\"@id\":\"https:\\\/\\\/candas365.es\\\/noticias\\\/#postaladdress\",\"@type\":\"PostalAddress\",\"streetAddress\":\"san antonio 4, san antonio 4\",\"postalCode\":\"33430\",\"addressLocality\":\"Cand\\u00e1s\",\"addressRegion\":\"Asturias\",\"addressCountry\":\"ES\"}},{\"@type\":\"Person\",\"@id\":\"https:\\\/\\\/candas365.es\\\/noticias\\\/author\\\/admin\\\/#author\",\"url\":\"https:\\\/\\\/candas365.es\\\/noticias\\\/author\\\/admin\\\/\",\"name\":\"Cand\\u00e1s 365\",\"image\":{\"@type\":\"ImageObject\",\"@id\":\"https:\\\/\\\/candas365.es\\\/noticias\\\/asturias-abrira-siete-escuelinas-publicas-en-mayo-de-2026\\\/#authorImage\",\"url\":\"https:\\\/\\\/secure.gravatar.com\\\/avatar\\\/496a8e03d0c493ede1718b7934145dbdf8d89be1036b0eec9544e1094c9de390?s=96&d=mm&r=g\",\"width\":96,\"height\":96,\"caption\":\"Cand\\u00e1s 365\"},\"sameAs\":[\"https:\\\/\\\/www.facebook.com\\\/carrenoactualidad\",\"https:\\\/\\\/twitter.com\\\/nbasturias\",\"https:\\\/\\\/www.instagram.com\\\/nachofdezber\\\/\",\"https:\\\/\\\/www.youtube.com\\\/channel\\\/UCZP-2wLEB9Rv6erhFmqVnvg\"]},{\"@type\":\"WebPage\",\"@id\":\"https:\\\/\\\/candas365.es\\\/noticias\\\/asturias-abrira-siete-escuelinas-publicas-en-mayo-de-2026\\\/#webpage\",\"url\":\"https:\\\/\\\/candas365.es\\\/noticias\\\/asturias-abrira-siete-escuelinas-publicas-en-mayo-de-2026\\\/\",\"name\":\"Asturias abrir\\u00e1 siete escuelinas p\\u00fablicas en mayo de 2026 | Cand\\u00e1s 365\",\"description\":\"El Principado de Asturias pondr\\u00e1 en marcha siete nuevas escuelinas p\\u00fablicas en varios concejos a partir de mayo de 2026, ampliando la red gratuita de 0 a 3 a\\u00f1os\",\"inLanguage\":\"es-ES\",\"isPartOf\":{\"@id\":\"https:\\\/\\\/candas365.es\\\/noticias\\\/#website\"},\"breadcrumb\":{\"@id\":\"https:\\\/\\\/candas365.es\\\/noticias\\\/asturias-abrira-siete-escuelinas-publicas-en-mayo-de-2026\\\/#breadcrumblist\"},\"author\":{\"@id\":\"https:\\\/\\\/candas365.es\\\/noticias\\\/author\\\/admin\\\/#author\"},\"creator\":{\"@id\":\"https:\\\/\\\/candas365.es\\\/noticias\\\/author\\\/admin\\\/#author\"},\"image\":{\"@type\":\"ImageObject\",\"url\":\"https:\\\/\\\/candas365.es\\\/noticias\\\/wp-content\\\/uploads\\\/2026\\\/04\\\/Asturias-abrira-siete-escuelinas-publicas-en-mayo-de-2026.jpg\",\"@id\":\"https:\\\/\\\/candas365.es\\\/noticias\\\/asturias-abrira-siete-escuelinas-publicas-en-mayo-de-2026\\\/#mainImage\",\"width\":1116,\"height\":832,\"caption\":\"Foto: Prensa Principado de Asturias\"},\"primaryImageOfPage\":{\"@id\":\"https:\\\/\\\/candas365.es\\\/noticias\\\/asturias-abrira-siete-escuelinas-publicas-en-mayo-de-2026\\\/#mainImage\"},\"datePublished\":\"2026-04-27T17:34:36+02:00\",\"dateModified\":\"2026-04-27T17:34:36+02:00\"},{\"@type\":\"WebSite\",\"@id\":\"https:\\\/\\\/candas365.es\\\/noticias\\\/#website\",\"url\":\"https:\\\/\\\/candas365.es\\\/noticias\\\/\",\"name\":\"Cand\\u00e1s 365\",\"alternateName\":\"Cand\\u00e1s 365 Noticias\",\"description\":\"Actualidad desde Carre\\u00f1o para el mundo\",\"inLanguage\":\"es-ES\",\"publisher\":{\"@id\":\"https:\\\/\\\/candas365.es\\\/noticias\\\/#organization\"}}]}\n\t\t<\/script>\n\t\t<!-- All in One SEO Pro -->\r\n\t\t<title>Asturias abrir\u00e1 siete escuelinas p\u00fablicas en mayo de 2026 | Cand\u00e1s 365<\/title>\n\n","aioseo_head_json":{"title":"Asturias abrir\u00e1 siete escuelinas p\u00fablicas en mayo de 2026 | Cand\u00e1s 365","description":"El Principado de Asturias pondr\u00e1 en marcha siete nuevas escuelinas p\u00fablicas en varios concejos a partir de mayo de 2026, ampliando la red gratuita de 0 a 3 a\u00f1os","canonical_url":"https:\/\/candas365.es\/noticias\/asturias-abrira-siete-escuelinas-publicas-en-mayo-de-2026\/","robots":"max-image-preview:large","keywords":"asturias","webmasterTools":{"google-site-verification":"UA-32230408-1","msvalidate.01":"354F3CDFB2DA171B47FBE9ABF1F88D5","miscellaneous":""},"schema":{"@context":"https:\/\/schema.org","@graph":[{"@type":"BreadcrumbList","@id":"https:\/\/candas365.es\/noticias\/asturias-abrira-siete-escuelinas-publicas-en-mayo-de-2026\/#breadcrumblist","itemListElement":[{"@type":"ListItem","@id":"https:\/\/candas365.es\/noticias#listItem","position":1,"name":"Home","item":"https:\/\/candas365.es\/noticias","nextItem":{"@type":"ListItem","@id":"https:\/\/candas365.es\/noticias\/category\/asturias\/#listItem","name":"Asturias"}},{"@type":"ListItem","@id":"https:\/\/candas365.es\/noticias\/category\/asturias\/#listItem","position":2,"name":"Asturias","item":"https:\/\/candas365.es\/noticias\/category\/asturias\/","nextItem":{"@type":"ListItem","@id":"https:\/\/candas365.es\/noticias\/asturias-abrira-siete-escuelinas-publicas-en-mayo-de-2026\/#listItem","name":"Asturias abrir\u00e1 siete escuelinas p\u00fablicas en mayo de 2026"},"previousItem":{"@type":"ListItem","@id":"https:\/\/candas365.es\/noticias#listItem","name":"Home"}},{"@type":"ListItem","@id":"https:\/\/candas365.es\/noticias\/asturias-abrira-siete-escuelinas-publicas-en-mayo-de-2026\/#listItem","position":3,"name":"Asturias abrir\u00e1 siete escuelinas p\u00fablicas en mayo de 2026","previousItem":{"@type":"ListItem","@id":"https:\/\/candas365.es\/noticias\/category\/asturias\/#listItem","name":"Asturias"}}]},{"@type":"NewsArticle","@id":"https:\/\/candas365.es\/noticias\/asturias-abrira-siete-escuelinas-publicas-en-mayo-de-2026\/#newsarticle","name":"Asturias abrir\u00e1 siete escuelinas p\u00fablicas en mayo de 2026 | Cand\u00e1s 365","headline":"Asturias abrir\u00e1 siete escuelinas p\u00fablicas en mayo de 2026","author":{"@id":"https:\/\/candas365.es\/noticias\/author\/admin\/#author"},"publisher":{"@id":"https:\/\/candas365.es\/noticias\/#organization"},"image":{"@type":"ImageObject","url":"https:\/\/candas365.es\/noticias\/wp-content\/uploads\/2026\/04\/Asturias-abrira-siete-escuelinas-publicas-en-mayo-de-2026.jpg","width":1116,"height":832,"caption":"Foto: Prensa Principado de Asturias"},"datePublished":"2026-04-27T17:34:36+02:00","dateModified":"2026-04-27T17:34:36+02:00","inLanguage":"es-ES","mainEntityOfPage":{"@id":"https:\/\/candas365.es\/noticias\/asturias-abrira-siete-escuelinas-publicas-en-mayo-de-2026\/#webpage"},"isPartOf":{"@id":"https:\/\/candas365.es\/noticias\/asturias-abrira-siete-escuelinas-publicas-en-mayo-de-2026\/#webpage"},"articleSection":"Asturias, Asturias, educaci\u00f3n","dateline":"Publicado el abril 27, 2026."},{"@type":"Organization","@id":"https:\/\/candas365.es\/noticias\/#organization","name":"Cand\u00e1s 365","description":"Cand\u00e1s 365 es un diario digital independiente, fundado en 2012, con base en Asturias. Informamos con rigor sobre actualidad, sociedad, cultura y ocio, con una mirada local y global.","url":"https:\/\/candas365.es\/noticias\/","email":"info@candas365.es","telephone":"+34652131393","foundingDate":"2012-06-10","logo":{"@type":"ImageObject","url":"https:\/\/candas365.es\/noticias\/wp-content\/uploads\/2024\/09\/Candas-365-Redes.jpg","@id":"https:\/\/candas365.es\/noticias\/asturias-abrira-siete-escuelinas-publicas-en-mayo-de-2026\/#organizationLogo","width":1152,"height":864,"caption":"Cand\u00e1s 365 Redes"},"image":{"@id":"https:\/\/candas365.es\/noticias\/asturias-abrira-siete-escuelinas-publicas-en-mayo-de-2026\/#organizationLogo"},"sameAs":["https:\/\/www.facebook.com\/Nachofdezber","https:\/\/x.com\/NabercoDigital","https:\/\/www.instagram.com\/nachofdezber\/","https:\/\/www.youtube.com\/channel\/UCZP-2wLEB9Rv6erhFmqVnvg"],"address":{"@id":"https:\/\/candas365.es\/noticias\/#postaladdress","@type":"PostalAddress","streetAddress":"san antonio 4, san antonio 4","postalCode":"33430","addressLocality":"Cand\u00e1s","addressRegion":"Asturias","addressCountry":"ES"}},{"@type":"Person","@id":"https:\/\/candas365.es\/noticias\/author\/admin\/#author","url":"https:\/\/candas365.es\/noticias\/author\/admin\/","name":"Cand\u00e1s 365","image":{"@type":"ImageObject","@id":"https:\/\/candas365.es\/noticias\/asturias-abrira-siete-escuelinas-publicas-en-mayo-de-2026\/#authorImage","url":"https:\/\/secure.gravatar.com\/avatar\/496a8e03d0c493ede1718b7934145dbdf8d89be1036b0eec9544e1094c9de390?s=96&d=mm&r=g","width":96,"height":96,"caption":"Cand\u00e1s 365"},"sameAs":["https:\/\/www.facebook.com\/carrenoactualidad","https:\/\/twitter.com\/nbasturias","https:\/\/www.instagram.com\/nachofdezber\/","https:\/\/www.youtube.com\/channel\/UCZP-2wLEB9Rv6erhFmqVnvg"]},{"@type":"WebPage","@id":"https:\/\/candas365.es\/noticias\/asturias-abrira-siete-escuelinas-publicas-en-mayo-de-2026\/#webpage","url":"https:\/\/candas365.es\/noticias\/asturias-abrira-siete-escuelinas-publicas-en-mayo-de-2026\/","name":"Asturias abrir\u00e1 siete escuelinas p\u00fablicas en mayo de 2026 | Cand\u00e1s 365","description":"El Principado de Asturias pondr\u00e1 en marcha siete nuevas escuelinas p\u00fablicas en varios concejos a partir de mayo de 2026, ampliando la red gratuita de 0 a 3 a\u00f1os","inLanguage":"es-ES","isPartOf":{"@id":"https:\/\/candas365.es\/noticias\/#website"},"breadcrumb":{"@id":"https:\/\/candas365.es\/noticias\/asturias-abrira-siete-escuelinas-publicas-en-mayo-de-2026\/#breadcrumblist"},"author":{"@id":"https:\/\/candas365.es\/noticias\/author\/admin\/#author"},"creator":{"@id":"https:\/\/candas365.es\/noticias\/author\/admin\/#author"},"image":{"@type":"ImageObject","url":"https:\/\/candas365.es\/noticias\/wp-content\/uploads\/2026\/04\/Asturias-abrira-siete-escuelinas-publicas-en-mayo-de-2026.jpg","@id":"https:\/\/candas365.es\/noticias\/asturias-abrira-siete-escuelinas-publicas-en-mayo-de-2026\/#mainImage","width":1116,"height":832,"caption":"Foto: Prensa Principado de Asturias"},"primaryImageOfPage":{"@id":"https:\/\/candas365.es\/noticias\/asturias-abrira-siete-escuelinas-publicas-en-mayo-de-2026\/#mainImage"},"datePublished":"2026-04-27T17:34:36+02:00","dateModified":"2026-04-27T17:34:36+02:00"},{"@type":"WebSite","@id":"https:\/\/candas365.es\/noticias\/#website","url":"https:\/\/candas365.es\/noticias\/","name":"Cand\u00e1s 365","alternateName":"Cand\u00e1s 365 Noticias","description":"Actualidad desde Carre\u00f1o para el mundo","inLanguage":"es-ES","publisher":{"@id":"https:\/\/candas365.es\/noticias\/#organization"}}]},"og:locale":"es_ES","og:site_name":"Cand\u00e1s 365","og:type":"article","og:title":"Asturias abrir\u00e1 siete escuelinas p\u00fablicas en mayo de 2026 | Cand\u00e1s 365","og:description":"El Principado de Asturias pondr\u00e1 en marcha siete nuevas escuelinas p\u00fablicas en varios concejos a partir de mayo de 2026, ampliando la red gratuita de 0 a 3 a\u00f1os","og:url":"https:\/\/candas365.es\/noticias\/asturias-abrira-siete-escuelinas-publicas-en-mayo-de-2026\/","og:image":"https:\/\/candas365.es\/noticias\/wp-content\/uploads\/2026\/04\/Asturias-abrira-siete-escuelinas-publicas-en-mayo-de-2026.jpg","og:image:secure_url":"https:\/\/candas365.es\/noticias\/wp-content\/uploads\/2026\/04\/Asturias-abrira-siete-escuelinas-publicas-en-mayo-de-2026.jpg","og:image:width":1116,"og:image:height":832,"article:published_time":"2026-04-27T15:34:36+00:00","article:modified_time":"2026-04-27T15:34:36+00:00","article:publisher":"https:\/\/www.facebook.com\/Nachofdezber","article:author":"https:\/\/www.facebook.com\/carrenoactualidad","twitter:card":"summary_large_image","twitter:site":"@NabercoDigital","twitter:title":"Asturias abrir\u00e1 siete escuelinas p\u00fablicas en mayo de 2026 | Cand\u00e1s 365","twitter:description":"El Principado de Asturias pondr\u00e1 en marcha siete nuevas escuelinas p\u00fablicas en varios concejos a partir de mayo de 2026, ampliando la red gratuita de 0 a 3 a\u00f1os","twitter:creator":"@nbasturias","twitter:image":"https:\/\/candas365.es\/noticias\/wp-content\/uploads\/2026\/04\/Asturias-abrira-siete-escuelinas-publicas-en-mayo-de-2026.jpg","twitter:label1":"Escrito por","twitter:data1":"Cand\u00e1s 365","twitter:label2":"Tiempo de lectura estimado","twitter:data2":"3 minutos"},"aioseo_meta_data":{"post_id":"194350","title":null,"description":"El Principado de Asturias pondr\u00e1 en marcha siete nuevas escuelinas p\u00fablicas en varios concejos a partir de mayo de 2026, ampliando la red gratuita de 0 a 3 a\u00f1os","keywords":null,"keyphrases":{"focus":{"keyphrase":"Asturias","score":91,"analysis":{"keyphraseInTitle":{"score":9,"maxScore":9,"error":0},"keyphraseInDescription":{"score":9,"maxScore":9,"error":0},"keyphraseLength":{"score":9,"maxScore":9,"error":0,"length":1},"keyphraseInURL":{"score":5,"maxScore":5,"error":0},"keyphraseInIntroduction":{"score":9,"maxScore":9,"error":0},"keyphraseInSubHeadings":{"score":3,"maxScore":9,"error":1},"keyphraseInImageAlt":{"score":9,"maxScore":9,"error":0},"keywordDensity":{"type":"best","score":9,"maxScore":9,"error":0}}},"additional":[{"keyphrase":"escuelinas","score":100,"analysis":{"keyphraseInDescription":{"score":9,"maxScore":9,"error":0},"keyphraseLength":{"score":9,"maxScore":9,"error":0,"length":1},"keyphraseInIntroduction":{"score":9,"maxScore":9,"error":0},"keyphraseInImageAlt":{"score":9,"maxScore":9,"error":0},"keywordDensity":{"type":"best","score":9,"maxScore":9,"error":0}}}]},"primary_term":null,"canonical_url":null,"og_title":null,"og_description":null,"og_object_type":"default","og_image_type":"default","og_image_url":null,"og_image_width":null,"og_image_height":null,"og_image_custom_url":null,"og_image_custom_fields":null,"og_video":"","og_custom_url":null,"og_article_section":null,"og_article_tags":null,"twitter_use_og":false,"twitter_card":"default","twitter_image_type":"default","twitter_image_url":null,"twitter_image_custom_url":null,"twitter_image_custom_fields":null,"twitter_title":null,"twitter_description":null,"schema":{"blockGraphs":[],"customGraphs":[],"default":{"data":{"Article":[],"Course":[],"Dataset":[],"FAQPage":[],"Movie":[],"Person":[],"Product":[],"ProductReview":[],"Car":[],"Recipe":[],"Service":[],"SoftwareApplication":[],"WebPage":[]},"graphName":"NewsArticle","isEnabled":true},"graphs":[]},"schema_type":"default","schema_type_options":null,"pillar_content":false,"robots_default":true,"robots_noindex":false,"robots_noarchive":false,"robots_nosnippet":false,"robots_nofollow":false,"robots_noimageindex":false,"robots_noodp":false,"robots_notranslate":false,"robots_max_snippet":"-1","robots_max_videopreview":"-1","robots_max_imagepreview":"large","priority":null,"frequency":"default","location":null,"local_seo":null,"seo_analyzer_scan_date":"2026-04-27 16:14:57","breadcrumb_settings":null,"limit_modified_date":false,"reviewed_by":"0","open_ai":null,"ai":{"faqs":[],"keyPoints":[],"schemas":[],"titles":[],"descriptions":[],"socialPosts":{"email":[],"linkedin":[],"twitter":[],"facebook":[],"instagram":[]}},"created":"2026-04-27 15:26:29","updated":"2026-04-27 16:21:33"},"aioseo_breadcrumb":"<div class=\"aioseo-breadcrumbs\"><span class=\"aioseo-breadcrumb\">\n\t<a href=\"https:\/\/candas365.es\/noticias\" title=\"Home\">Home<\/a>\n<\/span><span class=\"aioseo-breadcrumb-separator\">&ndash;<\/span><span class=\"aioseo-breadcrumb\">\n\t<a href=\"https:\/\/candas365.es\/noticias\/category\/asturias\/\" title=\"Asturias\">Asturias<\/a>\n<\/span><span class=\"aioseo-breadcrumb-separator\">&ndash;<\/span><span class=\"aioseo-breadcrumb\">\n\tAsturias abrir\u00e1 siete escuelinas p\u00fablicas en mayo de 2026\n<\/span><\/div>","aioseo_breadcrumb_json":[{"label":"Home","link":"https:\/\/candas365.es\/noticias"},{"label":"Asturias","link":"https:\/\/candas365.es\/noticias\/category\/asturias\/"},{"label":"Asturias abrir\u00e1 siete escuelinas p\u00fablicas en mayo de 2026","link":"https:\/\/candas365.es\/noticias\/asturias-abrira-siete-escuelinas-publicas-en-mayo-de-2026\/"}],"_links":{"self":[{"href":"https:\/\/candas365.es\/noticias\/wp-json\/wp\/v2\/posts\/194350","targetHints":{"allow":["GET"]}}],"collection":[{"href":"https:\/\/candas365.es\/noticias\/wp-json\/wp\/v2\/posts"}],"about":[{"href":"https:\/\/candas365.es\/noticias\/wp-json\/wp\/v2\/types\/post"}],"author":[{"embeddable":true,"href":"https:\/\/candas365.es\/noticias\/wp-json\/wp\/v2\/users\/1"}],"replies":[{"embeddable":true,"href":"https:\/\/candas365.es\/noticias\/wp-json\/wp\/v2\/comments?post=194350"}],"version-history":[{"count":1,"href":"https:\/\/candas365.es\/noticias\/wp-json\/wp\/v2\/posts\/194350\/revisions"}],"predecessor-version":[{"id":194352,"href":"https:\/\/candas365.es\/noticias\/wp-json\/wp\/v2\/posts\/194350\/revisions\/194352"}],"wp:featuredmedia":[{"embeddable":true,"href":"https:\/\/candas365.es\/noticias\/wp-json\/wp\/v2\/media\/194351"}],"wp:attachment":[{"href":"https:\/\/candas365.es\/noticias\/wp-json\/wp\/v2\/media?parent=194350"}],"wp:term":[{"taxonomy":"category","embeddable":true,"href":"https:\/\/candas365.es\/noticias\/wp-json\/wp\/v2\/categories?post=194350"},{"taxonomy":"post_tag","embeddable":true,"href":"https:\/\/candas365.es\/noticias\/wp-json\/wp\/v2\/tags?post=194350"}],"curies":[{"name":"wp","href":"https:\/\/api.w.org\/{rel}","templated":true}]}}