{"id":194341,"date":"2026-04-27T17:09:41","date_gmt":"2026-04-27T15:09:41","guid":{"rendered":"https:\/\/candas365.es\/noticias\/?p=194341"},"modified":"2026-04-27T17:09:41","modified_gmt":"2026-04-27T15:09:41","slug":"musiala-preparado-para-jugar-con-el-psg-en-champions","status":"publish","type":"post","link":"https:\/\/candas365.es\/noticias\/musiala-preparado-para-jugar-con-el-psg-en-champions\/","title":{"rendered":"Musiala preparado para jugar con el PSG en Champions"},"content":{"rendered":"<p>Par\u00eds, 27 abr (<a href=\"https:\/\/www.dpa-news.de\/\" target=\"_blank\" rel=\"noopener\"><span style=\"color: #ff6600;\"><strong>dpa<\/strong><\/span><\/a>) &#8211; A horas de la semifinal ma\u00f1ana entre el <strong>Bayern M\u00fanich<\/strong> y el <strong>PSG<\/strong> por la <a href=\"https:\/\/candas365.es\/noticias\/category\/deporte\/\"><span style=\"color: #ff6600;\"><strong>Champions<\/strong><\/span><\/a>, la estrella del campe\u00f3n alem\u00e1n Jamal Musiala no puede borrar el recuerdo de la grave lesi\u00f3n que sufri\u00f3 frente a los franceses en el Mundial de Clubes.<\/p>\n<figure id=\"attachment_194342\" aria-describedby=\"caption-attachment-194342\" style=\"width: 650px\" class=\"wp-caption aligncenter\"><img fetchpriority=\"high\" decoding=\"async\" class=\"size-large wp-image-194342\" src=\"https:\/\/candas365.es\/noticias\/wp-content\/uploads\/2026\/04\/Musiala-preparado-para-jugar-con-el-PSG-en-Champions-650x480.jpg\" alt=\"Musiala preparado para jugar con el PSG en Champions\" width=\"650\" height=\"480\" srcset=\"https:\/\/candas365.es\/noticias\/wp-content\/uploads\/2026\/04\/Musiala-preparado-para-jugar-con-el-PSG-en-Champions-650x480.jpg 650w, https:\/\/candas365.es\/noticias\/wp-content\/uploads\/2026\/04\/Musiala-preparado-para-jugar-con-el-PSG-en-Champions-360x266.jpg 360w, https:\/\/candas365.es\/noticias\/wp-content\/uploads\/2026\/04\/Musiala-preparado-para-jugar-con-el-PSG-en-Champions-768x568.jpg 768w, https:\/\/candas365.es\/noticias\/wp-content\/uploads\/2026\/04\/Musiala-preparado-para-jugar-con-el-PSG-en-Champions-150x111.jpg 150w, https:\/\/candas365.es\/noticias\/wp-content\/uploads\/2026\/04\/Musiala-preparado-para-jugar-con-el-PSG-en-Champions-450x333.jpg 450w, https:\/\/candas365.es\/noticias\/wp-content\/uploads\/2026\/04\/Musiala-preparado-para-jugar-con-el-PSG-en-Champions.jpg 1153w\" sizes=\"(max-width: 650px) 100vw, 650px\" \/><figcaption id=\"caption-attachment-194342\" class=\"wp-caption-text\">El delantero del Bayern M\u00fanich Jamal Musiala, en el entrenamiento previo a la semifinal de la Champions League contra el Paris Saint Germain. Foto: Sven Hoppe\/dpa<\/figcaption><\/figure>\n<p>Musiala deber\u00eda limitar su consumo de medios antes de su emotivo reencuentro con el Par\u00eds Saint-Germain. Porque hay algo que el fubolista alem\u00e1n ya no quiere volver a ver: las im\u00e1genes de su grave lesi\u00f3n en la pierna.<\/p>\n<p>\u00abNo las voy a volver a ver bajo ning\u00fan concepto\u00bb, asegur\u00f3 el jugador, de 23 a\u00f1os, durante el largo proceso para recuperar su antigua forma f\u00edsica.<\/p>\n<p>Por supuesto, en v\u00edsperas de la gran semifinal, se vuelve a recordar con detalle aquel drama que tuvo lugar el 5 de julio de 2025 en el Mundial de Clubes en Atlanta.<\/p>\n<p>Musiala se lesion\u00f3 gravemente en la derrota por 0-2 del Bayern en cuartos de final contra el PSG, tras un fuerte choque con el portero Gianluigi Donnarumma, que sali\u00f3 precipitadamente de su porter\u00eda. Quien haya visto las im\u00e1genes televisivas de su pierna izquierda, nunca las olvidar\u00e1.<\/p>\n<h2>Las im\u00e1genes inolvidables de Atlanta<\/h2>\n<p>Musiala gritaba de dolor tumbado en el c\u00e9sped, mientras sus compa\u00f1eros de equipo y tambi\u00e9n sus rivales se arremolinaban a su alrededor horrorizados.<\/p>\n<p>Al d\u00eda siguiente, el jugador del Bayern tuvo que ser trasladado a Alemania en un avi\u00f3n m\u00e9dico. Se someti\u00f3 a una cirug\u00eda por la fractura del peron\u00e9 y el tobillo gravemente da\u00f1ado. A esto le siguieron una rehabilitaci\u00f3n de varios meses y algunos peque\u00f1os contratiempos.<\/p>\n<p>El c\u00edrculo se cerrar\u00e1 ma\u00f1ana en el partido de ida de las semifinales en Par\u00eds. 297 d\u00edas despu\u00e9s de Atlanta, Musiala se enfrenta de nuevo al PSG en el Parque de los Pr\u00edncipes, aunque sin Donnarumma, que ahora juega en el Manchester City.<\/p>\n<h1>El pie aguanta, la \u00absonrisa\u00bb est\u00e1 de regreso<\/h1>\n<p>Musiala parece estar listo para esta prueba mental y para protagonizar nuevos momentos m\u00e1gicos.<\/p>\n<p>En el alocado triunfo por 4-3 del Bayern sobre el Mainz el s\u00e1bado por la Bundesliga volvi\u00f3 a brillar como revulsivo con un gol y una asistencia.<\/p>\n<p>\u00abEsa celebraci\u00f3n, esa sonrisa: cuando un jugador ofensivo tiene eso, todo est\u00e1 resuelto, todo est\u00e1 bien\u00bb, dijo el entrenador Vincent Kompany despu\u00e9s.<\/p>\n<p>Musiala vuelve a sentir \u00abesa libertad\u00bb en su juego, explic\u00f3 el belga. Y eso en el mejor momento, en la recta final por el triplete con el Bayern, y a pocas semanas del Mundial de f\u00fatbol 2026.<\/p>\n<p>Musiala vuelve a parecer intr\u00e9pido sobre el terreno de juego y gan\u00f3 fuerza f\u00edsica en los \u00faltimos diez meses.<\/p>\n<p>\u00abHago muchos ejercicios extra para que mi pie se sienta fresco\u00bb, cont\u00f3. \u00bfMiedo? \u00abIntento no pensar en ello en absoluto. Partido a partido tengo m\u00e1s confianza en mi pie\u00bb.<\/p>\n<p>Kompany fue incorporando con cautela al creativo, cuya presencia es a\u00fan m\u00e1s necesaria tras la baja de Serge Gnabry.<\/p>\n<p>\u00abNo se sale de estas lesiones largas y graves sin necesitar este proceso de adaptaci\u00f3n. No todo va siempre cuesta arriba\u00bb, dijo el entrenador. \u00abDisfrutamos de lo que nos est\u00e1 dando ahora\u00bb, sostuvo, con fe en que Musiala gu\u00ede al Bayern a la final de la Liga de Campeones.<\/p>\n","protected":false},"excerpt":{"rendered":"<p>Par\u00eds, 27 abr (dpa) &#8211; A horas de la semifinal ma\u00f1ana entre el Bayern M\u00fanich y el PSG por la Champions, la estrella del campe\u00f3n alem\u00e1n Jamal Musiala no puede borrar el recuerdo de la grave lesi\u00f3n que sufri\u00f3 frente a los franceses en el Mundial de Clubes. Musiala deber\u00eda limitar su consumo de medios<\/p>\n","protected":false},"author":1,"featured_media":194342,"comment_status":"closed","ping_status":"closed","sticky":false,"template":"","format":"standard","meta":{"footnotes":""},"categories":[319],"tags":[387],"class_list":{"0":"post-194341","1":"post","2":"type-post","3":"status-publish","4":"format-standard","5":"has-post-thumbnail","7":"category-deporte","8":"tag-deporte"},"aioseo_notices":[],"aioseo_head":"\n\t\t<!-- All in One SEO Pro 4.9.6.2 - aioseo.com -->\n\t<meta name=\"description\" content=\"Par\u00eds, 27 abr (dpa) - A horas de la semifinal ma\u00f1ana entre el Bayern M\u00fanich y el PSG por la Champions, la estrella del campe\u00f3n alem\u00e1n Jamal Musiala\" \/>\n\t<meta name=\"robots\" content=\"max-image-preview:large\" \/>\n\t<meta name=\"author\" content=\"Cand\u00e1s 365\"\/>\n\t<meta name=\"google-site-verification\" content=\"UA-32230408-1\" \/>\n\t<meta name=\"msvalidate.01\" content=\"354F3CDFB2DA171B47FBE9ABF1F88D5\" \/>\n\t<meta name=\"keywords\" content=\"deporte\" \/>\n\t<link rel=\"canonical\" href=\"https:\/\/candas365.es\/noticias\/musiala-preparado-para-jugar-con-el-psg-en-champions\/\" \/>\n\t<meta name=\"generator\" content=\"All in One SEO Pro (AIOSEO) 4.9.6.2\" \/>\n\t\t<meta property=\"og:locale\" content=\"es_ES\" \/>\n\t\t<meta property=\"og:site_name\" content=\"Cand\u00e1s 365\" \/>\n\t\t<meta property=\"og:type\" content=\"article\" \/>\n\t\t<meta property=\"og:title\" content=\"Musiala preparado para jugar con el PSG en Champions | Cand\u00e1s 365\" \/>\n\t\t<meta property=\"og:description\" content=\"Par\u00eds, 27 abr (dpa) - A horas de la semifinal ma\u00f1ana entre el Bayern M\u00fanich y el PSG por la Champions, la estrella del campe\u00f3n alem\u00e1n Jamal Musiala\" \/>\n\t\t<meta property=\"og:url\" content=\"https:\/\/candas365.es\/noticias\/musiala-preparado-para-jugar-con-el-psg-en-champions\/\" \/>\n\t\t<meta property=\"og:image\" content=\"https:\/\/candas365.es\/noticias\/wp-content\/uploads\/2026\/04\/Musiala-preparado-para-jugar-con-el-PSG-en-Champions.jpg\" \/>\n\t\t<meta property=\"og:image:secure_url\" content=\"https:\/\/candas365.es\/noticias\/wp-content\/uploads\/2026\/04\/Musiala-preparado-para-jugar-con-el-PSG-en-Champions.jpg\" \/>\n\t\t<meta property=\"og:image:width\" content=\"1153\" \/>\n\t\t<meta property=\"og:image:height\" content=\"852\" \/>\n\t\t<meta property=\"article:published_time\" content=\"2026-04-27T15:09:41+00:00\" \/>\n\t\t<meta property=\"article:modified_time\" content=\"2026-04-27T15:09:41+00:00\" \/>\n\t\t<meta property=\"article:publisher\" content=\"https:\/\/www.facebook.com\/Nachofdezber\" \/>\n\t\t<meta property=\"article:author\" content=\"https:\/\/www.facebook.com\/carrenoactualidad\" \/>\n\t\t<meta name=\"twitter:card\" content=\"summary_large_image\" \/>\n\t\t<meta name=\"twitter:site\" content=\"@NabercoDigital\" \/>\n\t\t<meta name=\"twitter:title\" content=\"Musiala preparado para jugar con el PSG en Champions | Cand\u00e1s 365\" \/>\n\t\t<meta name=\"twitter:description\" content=\"Par\u00eds, 27 abr (dpa) - A horas de la semifinal ma\u00f1ana entre el Bayern M\u00fanich y el PSG por la Champions, la estrella del campe\u00f3n alem\u00e1n Jamal Musiala\" \/>\n\t\t<meta name=\"twitter:creator\" content=\"@nbasturias\" \/>\n\t\t<meta name=\"twitter:image\" content=\"https:\/\/candas365.es\/noticias\/wp-content\/uploads\/2026\/04\/Musiala-preparado-para-jugar-con-el-PSG-en-Champions.jpg\" \/>\n\t\t<meta name=\"twitter:label1\" content=\"Escrito por\" \/>\n\t\t<meta name=\"twitter:data1\" content=\"Cand\u00e1s 365\" \/>\n\t\t<meta name=\"twitter:label2\" content=\"Tiempo de lectura estimado\" \/>\n\t\t<meta name=\"twitter:data2\" content=\"3 minutos\" \/>\n\t\t<script type=\"application\/ld+json\" class=\"aioseo-schema\">\n\t\t\t{\"@context\":\"https:\\\/\\\/schema.org\",\"@graph\":[{\"@type\":\"BreadcrumbList\",\"@id\":\"https:\\\/\\\/candas365.es\\\/noticias\\\/musiala-preparado-para-jugar-con-el-psg-en-champions\\\/#breadcrumblist\",\"itemListElement\":[{\"@type\":\"ListItem\",\"@id\":\"https:\\\/\\\/candas365.es\\\/noticias#listItem\",\"position\":1,\"name\":\"Home\",\"item\":\"https:\\\/\\\/candas365.es\\\/noticias\",\"nextItem\":{\"@type\":\"ListItem\",\"@id\":\"https:\\\/\\\/candas365.es\\\/noticias\\\/category\\\/deporte\\\/#listItem\",\"name\":\"Deporte\"}},{\"@type\":\"ListItem\",\"@id\":\"https:\\\/\\\/candas365.es\\\/noticias\\\/category\\\/deporte\\\/#listItem\",\"position\":2,\"name\":\"Deporte\",\"item\":\"https:\\\/\\\/candas365.es\\\/noticias\\\/category\\\/deporte\\\/\",\"nextItem\":{\"@type\":\"ListItem\",\"@id\":\"https:\\\/\\\/candas365.es\\\/noticias\\\/musiala-preparado-para-jugar-con-el-psg-en-champions\\\/#listItem\",\"name\":\"Musiala preparado para jugar con el PSG en Champions\"},\"previousItem\":{\"@type\":\"ListItem\",\"@id\":\"https:\\\/\\\/candas365.es\\\/noticias#listItem\",\"name\":\"Home\"}},{\"@type\":\"ListItem\",\"@id\":\"https:\\\/\\\/candas365.es\\\/noticias\\\/musiala-preparado-para-jugar-con-el-psg-en-champions\\\/#listItem\",\"position\":3,\"name\":\"Musiala preparado para jugar con el PSG en Champions\",\"previousItem\":{\"@type\":\"ListItem\",\"@id\":\"https:\\\/\\\/candas365.es\\\/noticias\\\/category\\\/deporte\\\/#listItem\",\"name\":\"Deporte\"}}]},{\"@type\":\"NewsArticle\",\"@id\":\"https:\\\/\\\/candas365.es\\\/noticias\\\/musiala-preparado-para-jugar-con-el-psg-en-champions\\\/#newsarticle\",\"name\":\"Musiala preparado para jugar con el PSG en Champions | Cand\\u00e1s 365\",\"headline\":\"Musiala preparado para jugar con el PSG en Champions\",\"author\":{\"@id\":\"https:\\\/\\\/candas365.es\\\/noticias\\\/author\\\/admin\\\/#author\"},\"publisher\":{\"@id\":\"https:\\\/\\\/candas365.es\\\/noticias\\\/#organization\"},\"image\":{\"@type\":\"ImageObject\",\"url\":\"https:\\\/\\\/candas365.es\\\/noticias\\\/wp-content\\\/uploads\\\/2026\\\/04\\\/Musiala-preparado-para-jugar-con-el-PSG-en-Champions.jpg\",\"width\":1153,\"height\":852,\"caption\":\"El delantero del Bayern M\\u00fanich Jamal Musiala, en el entrenamiento previo a la semifinal de la Champions League contra el Paris Saint Germain. Foto: Sven Hoppe\\\/dpa\"},\"datePublished\":\"2026-04-27T17:09:41+02:00\",\"dateModified\":\"2026-04-27T17:09:41+02:00\",\"inLanguage\":\"es-ES\",\"mainEntityOfPage\":{\"@id\":\"https:\\\/\\\/candas365.es\\\/noticias\\\/musiala-preparado-para-jugar-con-el-psg-en-champions\\\/#webpage\"},\"isPartOf\":{\"@id\":\"https:\\\/\\\/candas365.es\\\/noticias\\\/musiala-preparado-para-jugar-con-el-psg-en-champions\\\/#webpage\"},\"articleSection\":\"Deporte, deporte\",\"dateline\":\"Publicado el abril 27, 2026.\"},{\"@type\":\"Organization\",\"@id\":\"https:\\\/\\\/candas365.es\\\/noticias\\\/#organization\",\"name\":\"Cand\\u00e1s 365\",\"description\":\"Cand\\u00e1s 365 es un diario digital independiente, fundado en 2012, con base en Asturias. Informamos con rigor sobre actualidad, sociedad, cultura y ocio, con una mirada local y global.\",\"url\":\"https:\\\/\\\/candas365.es\\\/noticias\\\/\",\"email\":\"info@candas365.es\",\"telephone\":\"+34652131393\",\"foundingDate\":\"2012-06-10\",\"logo\":{\"@type\":\"ImageObject\",\"url\":\"https:\\\/\\\/candas365.es\\\/noticias\\\/wp-content\\\/uploads\\\/2024\\\/09\\\/Candas-365-Redes.jpg\",\"@id\":\"https:\\\/\\\/candas365.es\\\/noticias\\\/musiala-preparado-para-jugar-con-el-psg-en-champions\\\/#organizationLogo\",\"width\":1152,\"height\":864,\"caption\":\"Cand\\u00e1s 365 Redes\"},\"image\":{\"@id\":\"https:\\\/\\\/candas365.es\\\/noticias\\\/musiala-preparado-para-jugar-con-el-psg-en-champions\\\/#organizationLogo\"},\"sameAs\":[\"https:\\\/\\\/www.facebook.com\\\/Nachofdezber\",\"https:\\\/\\\/x.com\\\/NabercoDigital\",\"https:\\\/\\\/www.instagram.com\\\/nachofdezber\\\/\",\"https:\\\/\\\/www.youtube.com\\\/channel\\\/UCZP-2wLEB9Rv6erhFmqVnvg\"],\"address\":{\"@id\":\"https:\\\/\\\/candas365.es\\\/noticias\\\/#postaladdress\",\"@type\":\"PostalAddress\",\"streetAddress\":\"san antonio 4, san antonio 4\",\"postalCode\":\"33430\",\"addressLocality\":\"Cand\\u00e1s\",\"addressRegion\":\"Asturias\",\"addressCountry\":\"ES\"}},{\"@type\":\"Person\",\"@id\":\"https:\\\/\\\/candas365.es\\\/noticias\\\/author\\\/admin\\\/#author\",\"url\":\"https:\\\/\\\/candas365.es\\\/noticias\\\/author\\\/admin\\\/\",\"name\":\"Cand\\u00e1s 365\",\"image\":{\"@type\":\"ImageObject\",\"@id\":\"https:\\\/\\\/candas365.es\\\/noticias\\\/musiala-preparado-para-jugar-con-el-psg-en-champions\\\/#authorImage\",\"url\":\"https:\\\/\\\/secure.gravatar.com\\\/avatar\\\/496a8e03d0c493ede1718b7934145dbdf8d89be1036b0eec9544e1094c9de390?s=96&d=mm&r=g\",\"width\":96,\"height\":96,\"caption\":\"Cand\\u00e1s 365\"},\"sameAs\":[\"https:\\\/\\\/www.facebook.com\\\/carrenoactualidad\",\"https:\\\/\\\/twitter.com\\\/nbasturias\",\"https:\\\/\\\/www.instagram.com\\\/nachofdezber\\\/\",\"https:\\\/\\\/www.youtube.com\\\/channel\\\/UCZP-2wLEB9Rv6erhFmqVnvg\"]},{\"@type\":\"WebPage\",\"@id\":\"https:\\\/\\\/candas365.es\\\/noticias\\\/musiala-preparado-para-jugar-con-el-psg-en-champions\\\/#webpage\",\"url\":\"https:\\\/\\\/candas365.es\\\/noticias\\\/musiala-preparado-para-jugar-con-el-psg-en-champions\\\/\",\"name\":\"Musiala preparado para jugar con el PSG en Champions | Cand\\u00e1s 365\",\"description\":\"Par\\u00eds, 27 abr (dpa) - A horas de la semifinal ma\\u00f1ana entre el Bayern M\\u00fanich y el PSG por la Champions, la estrella del campe\\u00f3n alem\\u00e1n Jamal Musiala\",\"inLanguage\":\"es-ES\",\"isPartOf\":{\"@id\":\"https:\\\/\\\/candas365.es\\\/noticias\\\/#website\"},\"breadcrumb\":{\"@id\":\"https:\\\/\\\/candas365.es\\\/noticias\\\/musiala-preparado-para-jugar-con-el-psg-en-champions\\\/#breadcrumblist\"},\"author\":{\"@id\":\"https:\\\/\\\/candas365.es\\\/noticias\\\/author\\\/admin\\\/#author\"},\"creator\":{\"@id\":\"https:\\\/\\\/candas365.es\\\/noticias\\\/author\\\/admin\\\/#author\"},\"image\":{\"@type\":\"ImageObject\",\"url\":\"https:\\\/\\\/candas365.es\\\/noticias\\\/wp-content\\\/uploads\\\/2026\\\/04\\\/Musiala-preparado-para-jugar-con-el-PSG-en-Champions.jpg\",\"@id\":\"https:\\\/\\\/candas365.es\\\/noticias\\\/musiala-preparado-para-jugar-con-el-psg-en-champions\\\/#mainImage\",\"width\":1153,\"height\":852,\"caption\":\"El delantero del Bayern M\\u00fanich Jamal Musiala, en el entrenamiento previo a la semifinal de la Champions League contra el Paris Saint Germain. Foto: Sven Hoppe\\\/dpa\"},\"primaryImageOfPage\":{\"@id\":\"https:\\\/\\\/candas365.es\\\/noticias\\\/musiala-preparado-para-jugar-con-el-psg-en-champions\\\/#mainImage\"},\"datePublished\":\"2026-04-27T17:09:41+02:00\",\"dateModified\":\"2026-04-27T17:09:41+02:00\"},{\"@type\":\"WebSite\",\"@id\":\"https:\\\/\\\/candas365.es\\\/noticias\\\/#website\",\"url\":\"https:\\\/\\\/candas365.es\\\/noticias\\\/\",\"name\":\"Cand\\u00e1s 365\",\"alternateName\":\"Cand\\u00e1s 365 Noticias\",\"description\":\"Actualidad desde Carre\\u00f1o para el mundo\",\"inLanguage\":\"es-ES\",\"publisher\":{\"@id\":\"https:\\\/\\\/candas365.es\\\/noticias\\\/#organization\"}}]}\n\t\t<\/script>\n\t\t<!-- All in One SEO Pro -->\r\n\t\t<title>Musiala preparado para jugar con el PSG en Champions | Cand\u00e1s 365<\/title>\n\n","aioseo_head_json":{"title":"Musiala preparado para jugar con el PSG en Champions | Cand\u00e1s 365","description":"Par\u00eds, 27 abr (dpa) - A horas de la semifinal ma\u00f1ana entre el Bayern M\u00fanich y el PSG por la Champions, la estrella del campe\u00f3n alem\u00e1n Jamal Musiala","canonical_url":"https:\/\/candas365.es\/noticias\/musiala-preparado-para-jugar-con-el-psg-en-champions\/","robots":"max-image-preview:large","keywords":"deporte","webmasterTools":{"google-site-verification":"UA-32230408-1","msvalidate.01":"354F3CDFB2DA171B47FBE9ABF1F88D5","miscellaneous":""},"schema":{"@context":"https:\/\/schema.org","@graph":[{"@type":"BreadcrumbList","@id":"https:\/\/candas365.es\/noticias\/musiala-preparado-para-jugar-con-el-psg-en-champions\/#breadcrumblist","itemListElement":[{"@type":"ListItem","@id":"https:\/\/candas365.es\/noticias#listItem","position":1,"name":"Home","item":"https:\/\/candas365.es\/noticias","nextItem":{"@type":"ListItem","@id":"https:\/\/candas365.es\/noticias\/category\/deporte\/#listItem","name":"Deporte"}},{"@type":"ListItem","@id":"https:\/\/candas365.es\/noticias\/category\/deporte\/#listItem","position":2,"name":"Deporte","item":"https:\/\/candas365.es\/noticias\/category\/deporte\/","nextItem":{"@type":"ListItem","@id":"https:\/\/candas365.es\/noticias\/musiala-preparado-para-jugar-con-el-psg-en-champions\/#listItem","name":"Musiala preparado para jugar con el PSG en Champions"},"previousItem":{"@type":"ListItem","@id":"https:\/\/candas365.es\/noticias#listItem","name":"Home"}},{"@type":"ListItem","@id":"https:\/\/candas365.es\/noticias\/musiala-preparado-para-jugar-con-el-psg-en-champions\/#listItem","position":3,"name":"Musiala preparado para jugar con el PSG en Champions","previousItem":{"@type":"ListItem","@id":"https:\/\/candas365.es\/noticias\/category\/deporte\/#listItem","name":"Deporte"}}]},{"@type":"NewsArticle","@id":"https:\/\/candas365.es\/noticias\/musiala-preparado-para-jugar-con-el-psg-en-champions\/#newsarticle","name":"Musiala preparado para jugar con el PSG en Champions | Cand\u00e1s 365","headline":"Musiala preparado para jugar con el PSG en Champions","author":{"@id":"https:\/\/candas365.es\/noticias\/author\/admin\/#author"},"publisher":{"@id":"https:\/\/candas365.es\/noticias\/#organization"},"image":{"@type":"ImageObject","url":"https:\/\/candas365.es\/noticias\/wp-content\/uploads\/2026\/04\/Musiala-preparado-para-jugar-con-el-PSG-en-Champions.jpg","width":1153,"height":852,"caption":"El delantero del Bayern M\u00fanich Jamal Musiala, en el entrenamiento previo a la semifinal de la Champions League contra el Paris Saint Germain. Foto: Sven Hoppe\/dpa"},"datePublished":"2026-04-27T17:09:41+02:00","dateModified":"2026-04-27T17:09:41+02:00","inLanguage":"es-ES","mainEntityOfPage":{"@id":"https:\/\/candas365.es\/noticias\/musiala-preparado-para-jugar-con-el-psg-en-champions\/#webpage"},"isPartOf":{"@id":"https:\/\/candas365.es\/noticias\/musiala-preparado-para-jugar-con-el-psg-en-champions\/#webpage"},"articleSection":"Deporte, deporte","dateline":"Publicado el abril 27, 2026."},{"@type":"Organization","@id":"https:\/\/candas365.es\/noticias\/#organization","name":"Cand\u00e1s 365","description":"Cand\u00e1s 365 es un diario digital independiente, fundado en 2012, con base en Asturias. Informamos con rigor sobre actualidad, sociedad, cultura y ocio, con una mirada local y global.","url":"https:\/\/candas365.es\/noticias\/","email":"info@candas365.es","telephone":"+34652131393","foundingDate":"2012-06-10","logo":{"@type":"ImageObject","url":"https:\/\/candas365.es\/noticias\/wp-content\/uploads\/2024\/09\/Candas-365-Redes.jpg","@id":"https:\/\/candas365.es\/noticias\/musiala-preparado-para-jugar-con-el-psg-en-champions\/#organizationLogo","width":1152,"height":864,"caption":"Cand\u00e1s 365 Redes"},"image":{"@id":"https:\/\/candas365.es\/noticias\/musiala-preparado-para-jugar-con-el-psg-en-champions\/#organizationLogo"},"sameAs":["https:\/\/www.facebook.com\/Nachofdezber","https:\/\/x.com\/NabercoDigital","https:\/\/www.instagram.com\/nachofdezber\/","https:\/\/www.youtube.com\/channel\/UCZP-2wLEB9Rv6erhFmqVnvg"],"address":{"@id":"https:\/\/candas365.es\/noticias\/#postaladdress","@type":"PostalAddress","streetAddress":"san antonio 4, san antonio 4","postalCode":"33430","addressLocality":"Cand\u00e1s","addressRegion":"Asturias","addressCountry":"ES"}},{"@type":"Person","@id":"https:\/\/candas365.es\/noticias\/author\/admin\/#author","url":"https:\/\/candas365.es\/noticias\/author\/admin\/","name":"Cand\u00e1s 365","image":{"@type":"ImageObject","@id":"https:\/\/candas365.es\/noticias\/musiala-preparado-para-jugar-con-el-psg-en-champions\/#authorImage","url":"https:\/\/secure.gravatar.com\/avatar\/496a8e03d0c493ede1718b7934145dbdf8d89be1036b0eec9544e1094c9de390?s=96&d=mm&r=g","width":96,"height":96,"caption":"Cand\u00e1s 365"},"sameAs":["https:\/\/www.facebook.com\/carrenoactualidad","https:\/\/twitter.com\/nbasturias","https:\/\/www.instagram.com\/nachofdezber\/","https:\/\/www.youtube.com\/channel\/UCZP-2wLEB9Rv6erhFmqVnvg"]},{"@type":"WebPage","@id":"https:\/\/candas365.es\/noticias\/musiala-preparado-para-jugar-con-el-psg-en-champions\/#webpage","url":"https:\/\/candas365.es\/noticias\/musiala-preparado-para-jugar-con-el-psg-en-champions\/","name":"Musiala preparado para jugar con el PSG en Champions | Cand\u00e1s 365","description":"Par\u00eds, 27 abr (dpa) - A horas de la semifinal ma\u00f1ana entre el Bayern M\u00fanich y el PSG por la Champions, la estrella del campe\u00f3n alem\u00e1n Jamal Musiala","inLanguage":"es-ES","isPartOf":{"@id":"https:\/\/candas365.es\/noticias\/#website"},"breadcrumb":{"@id":"https:\/\/candas365.es\/noticias\/musiala-preparado-para-jugar-con-el-psg-en-champions\/#breadcrumblist"},"author":{"@id":"https:\/\/candas365.es\/noticias\/author\/admin\/#author"},"creator":{"@id":"https:\/\/candas365.es\/noticias\/author\/admin\/#author"},"image":{"@type":"ImageObject","url":"https:\/\/candas365.es\/noticias\/wp-content\/uploads\/2026\/04\/Musiala-preparado-para-jugar-con-el-PSG-en-Champions.jpg","@id":"https:\/\/candas365.es\/noticias\/musiala-preparado-para-jugar-con-el-psg-en-champions\/#mainImage","width":1153,"height":852,"caption":"El delantero del Bayern M\u00fanich Jamal Musiala, en el entrenamiento previo a la semifinal de la Champions League contra el Paris Saint Germain. Foto: Sven Hoppe\/dpa"},"primaryImageOfPage":{"@id":"https:\/\/candas365.es\/noticias\/musiala-preparado-para-jugar-con-el-psg-en-champions\/#mainImage"},"datePublished":"2026-04-27T17:09:41+02:00","dateModified":"2026-04-27T17:09:41+02:00"},{"@type":"WebSite","@id":"https:\/\/candas365.es\/noticias\/#website","url":"https:\/\/candas365.es\/noticias\/","name":"Cand\u00e1s 365","alternateName":"Cand\u00e1s 365 Noticias","description":"Actualidad desde Carre\u00f1o para el mundo","inLanguage":"es-ES","publisher":{"@id":"https:\/\/candas365.es\/noticias\/#organization"}}]},"og:locale":"es_ES","og:site_name":"Cand\u00e1s 365","og:type":"article","og:title":"Musiala preparado para jugar con el PSG en Champions | Cand\u00e1s 365","og:description":"Par\u00eds, 27 abr (dpa) - A horas de la semifinal ma\u00f1ana entre el Bayern M\u00fanich y el PSG por la Champions, la estrella del campe\u00f3n alem\u00e1n Jamal Musiala","og:url":"https:\/\/candas365.es\/noticias\/musiala-preparado-para-jugar-con-el-psg-en-champions\/","og:image":"https:\/\/candas365.es\/noticias\/wp-content\/uploads\/2026\/04\/Musiala-preparado-para-jugar-con-el-PSG-en-Champions.jpg","og:image:secure_url":"https:\/\/candas365.es\/noticias\/wp-content\/uploads\/2026\/04\/Musiala-preparado-para-jugar-con-el-PSG-en-Champions.jpg","og:image:width":1153,"og:image:height":852,"article:published_time":"2026-04-27T15:09:41+00:00","article:modified_time":"2026-04-27T15:09:41+00:00","article:publisher":"https:\/\/www.facebook.com\/Nachofdezber","article:author":"https:\/\/www.facebook.com\/carrenoactualidad","twitter:card":"summary_large_image","twitter:site":"@NabercoDigital","twitter:title":"Musiala preparado para jugar con el PSG en Champions | Cand\u00e1s 365","twitter:description":"Par\u00eds, 27 abr (dpa) - A horas de la semifinal ma\u00f1ana entre el Bayern M\u00fanich y el PSG por la Champions, la estrella del campe\u00f3n alem\u00e1n Jamal Musiala","twitter:creator":"@nbasturias","twitter:image":"https:\/\/candas365.es\/noticias\/wp-content\/uploads\/2026\/04\/Musiala-preparado-para-jugar-con-el-PSG-en-Champions.jpg","twitter:label1":"Escrito por","twitter:data1":"Cand\u00e1s 365","twitter:label2":"Tiempo de lectura estimado","twitter:data2":"3 minutos"},"aioseo_meta_data":{"post_id":"194341","title":null,"description":"Par\u00eds, 27 abr (dpa) - A horas de la semifinal ma\u00f1ana entre el Bayern M\u00fanich y el PSG por la Champions, la estrella del campe\u00f3n alem\u00e1n Jamal Musiala","keywords":null,"keyphrases":{"focus":{"keyphrase":"Musiala","score":91,"analysis":{"keyphraseInTitle":{"score":9,"maxScore":9,"error":0},"keyphraseInDescription":{"score":9,"maxScore":9,"error":0},"keyphraseLength":{"score":9,"maxScore":9,"error":0,"length":1},"keyphraseInURL":{"score":5,"maxScore":5,"error":0},"keyphraseInIntroduction":{"score":9,"maxScore":9,"error":0},"keyphraseInSubHeadings":{"score":3,"maxScore":9,"error":1},"keyphraseInImageAlt":{"score":9,"maxScore":9,"error":0},"keywordDensity":{"type":"best","score":9,"maxScore":9,"error":0}}},"additional":[{"keyphrase":"Champions","score":80,"analysis":{"keyphraseInDescription":{"score":9,"maxScore":9,"error":0},"keyphraseLength":{"score":9,"maxScore":9,"error":0,"length":1},"keyphraseInIntroduction":{"score":9,"maxScore":9,"error":0},"keyphraseInImageAlt":{"score":9,"maxScore":9,"error":0},"keywordDensity":{"score":0,"type":"low","maxScore":9,"error":1}}}]},"primary_term":null,"canonical_url":null,"og_title":null,"og_description":null,"og_object_type":"default","og_image_type":"default","og_image_url":null,"og_image_width":null,"og_image_height":null,"og_image_custom_url":null,"og_image_custom_fields":null,"og_video":"","og_custom_url":null,"og_article_section":null,"og_article_tags":null,"twitter_use_og":false,"twitter_card":"default","twitter_image_type":"default","twitter_image_url":null,"twitter_image_custom_url":null,"twitter_image_custom_fields":null,"twitter_title":null,"twitter_description":null,"schema":{"blockGraphs":[],"customGraphs":[],"default":{"data":{"Article":[],"Course":[],"Dataset":[],"FAQPage":[],"Movie":[],"Person":[],"Product":[],"ProductReview":[],"Car":[],"Recipe":[],"Service":[],"SoftwareApplication":[],"WebPage":[]},"graphName":"NewsArticle","isEnabled":true},"graphs":[]},"schema_type":"default","schema_type_options":null,"pillar_content":false,"robots_default":true,"robots_noindex":false,"robots_noarchive":false,"robots_nosnippet":false,"robots_nofollow":false,"robots_noimageindex":false,"robots_noodp":false,"robots_notranslate":false,"robots_max_snippet":"-1","robots_max_videopreview":"-1","robots_max_imagepreview":"large","priority":null,"frequency":"default","location":null,"local_seo":null,"seo_analyzer_scan_date":"2026-04-27 15:12:08","breadcrumb_settings":null,"limit_modified_date":false,"reviewed_by":"0","open_ai":null,"ai":{"faqs":[],"keyPoints":[],"schemas":[],"titles":[],"descriptions":[],"socialPosts":{"email":[],"linkedin":[],"twitter":[],"facebook":[],"instagram":[]}},"created":"2026-04-27 15:01:37","updated":"2026-04-27 15:16:16"},"aioseo_breadcrumb":"<div class=\"aioseo-breadcrumbs\"><span class=\"aioseo-breadcrumb\">\n\t<a href=\"https:\/\/candas365.es\/noticias\" title=\"Home\">Home<\/a>\n<\/span><span class=\"aioseo-breadcrumb-separator\">&ndash;<\/span><span class=\"aioseo-breadcrumb\">\n\t<a href=\"https:\/\/candas365.es\/noticias\/category\/deporte\/\" title=\"Deporte\">Deporte<\/a>\n<\/span><span class=\"aioseo-breadcrumb-separator\">&ndash;<\/span><span class=\"aioseo-breadcrumb\">\n\tMusiala preparado para jugar con el PSG en Champions\n<\/span><\/div>","aioseo_breadcrumb_json":[{"label":"Home","link":"https:\/\/candas365.es\/noticias"},{"label":"Deporte","link":"https:\/\/candas365.es\/noticias\/category\/deporte\/"},{"label":"Musiala preparado para jugar con el PSG en Champions","link":"https:\/\/candas365.es\/noticias\/musiala-preparado-para-jugar-con-el-psg-en-champions\/"}],"_links":{"self":[{"href":"https:\/\/candas365.es\/noticias\/wp-json\/wp\/v2\/posts\/194341","targetHints":{"allow":["GET"]}}],"collection":[{"href":"https:\/\/candas365.es\/noticias\/wp-json\/wp\/v2\/posts"}],"about":[{"href":"https:\/\/candas365.es\/noticias\/wp-json\/wp\/v2\/types\/post"}],"author":[{"embeddable":true,"href":"https:\/\/candas365.es\/noticias\/wp-json\/wp\/v2\/users\/1"}],"replies":[{"embeddable":true,"href":"https:\/\/candas365.es\/noticias\/wp-json\/wp\/v2\/comments?post=194341"}],"version-history":[{"count":1,"href":"https:\/\/candas365.es\/noticias\/wp-json\/wp\/v2\/posts\/194341\/revisions"}],"predecessor-version":[{"id":194343,"href":"https:\/\/candas365.es\/noticias\/wp-json\/wp\/v2\/posts\/194341\/revisions\/194343"}],"wp:featuredmedia":[{"embeddable":true,"href":"https:\/\/candas365.es\/noticias\/wp-json\/wp\/v2\/media\/194342"}],"wp:attachment":[{"href":"https:\/\/candas365.es\/noticias\/wp-json\/wp\/v2\/media?parent=194341"}],"wp:term":[{"taxonomy":"category","embeddable":true,"href":"https:\/\/candas365.es\/noticias\/wp-json\/wp\/v2\/categories?post=194341"},{"taxonomy":"post_tag","embeddable":true,"href":"https:\/\/candas365.es\/noticias\/wp-json\/wp\/v2\/tags?post=194341"}],"curies":[{"name":"wp","href":"https:\/\/api.w.org\/{rel}","templated":true}]}}