{"id":194338,"date":"2026-04-27T16:37:54","date_gmt":"2026-04-27T14:37:54","guid":{"rendered":"https:\/\/candas365.es\/noticias\/?p=194338"},"modified":"2026-04-27T16:37:54","modified_gmt":"2026-04-27T14:37:54","slug":"helio-del-busto-ultima-jornada-grupo-1-segunda-rfef","status":"publish","type":"post","link":"https:\/\/candas365.es\/noticias\/helio-del-busto-ultima-jornada-grupo-1-segunda-rfef\/","title":{"rendered":"Helio del Busto: \u00daltima jornada Grupo 1 Segunda RFEF"},"content":{"rendered":"<p>El Grupo 1 de la <strong><span style=\"color: #ff6600;\"><a style=\"color: #ff6600;\" title=\"Segunda RFEF\" href=\"https:\/\/rfef.es\/es\/competiciones\/segunda-federacion\" target=\"_blank\" rel=\"noopener\">Segunda RFEF<\/a><\/span><\/strong>, categor\u00eda donde est\u00e1n los <a href=\"https:\/\/candas365.es\/noticias\/category\/deporte\/\"><span style=\"color: #ff6600;\"><strong>equipos asturianos<\/strong><\/span><\/a>, y en la cual ha bajado de categor\u00eda el Lealtad de Villaviciosa. El Vetusta jugar\u00e1 la promoci\u00f3n de ascenso y el Marino se ha salvado matem\u00e1ticamente. <strong>El Langreo se la juega en la \u00faltima jornada. Solo queda un partido, la \u00faltima jornada que se juega el domingo.<\/strong><\/p>\n<p><img fetchpriority=\"high\" decoding=\"async\" class=\"aligncenter size-large wp-image-194339\" src=\"https:\/\/candas365.es\/noticias\/wp-content\/uploads\/2026\/04\/Helio-del-Busto-Ultima-jornada-Grupo-1-Segunda-RFEF-650x359.jpg\" alt=\"Helio del Busto \u00daltima jornada Grupo 1 Segunda RFEF\" width=\"650\" height=\"359\" srcset=\"https:\/\/candas365.es\/noticias\/wp-content\/uploads\/2026\/04\/Helio-del-Busto-Ultima-jornada-Grupo-1-Segunda-RFEF-650x359.jpg 650w, https:\/\/candas365.es\/noticias\/wp-content\/uploads\/2026\/04\/Helio-del-Busto-Ultima-jornada-Grupo-1-Segunda-RFEF-360x199.jpg 360w, https:\/\/candas365.es\/noticias\/wp-content\/uploads\/2026\/04\/Helio-del-Busto-Ultima-jornada-Grupo-1-Segunda-RFEF-768x424.jpg 768w, https:\/\/candas365.es\/noticias\/wp-content\/uploads\/2026\/04\/Helio-del-Busto-Ultima-jornada-Grupo-1-Segunda-RFEF-150x83.jpg 150w, https:\/\/candas365.es\/noticias\/wp-content\/uploads\/2026\/04\/Helio-del-Busto-Ultima-jornada-Grupo-1-Segunda-RFEF-450x248.jpg 450w, https:\/\/candas365.es\/noticias\/wp-content\/uploads\/2026\/04\/Helio-del-Busto-Ultima-jornada-Grupo-1-Segunda-RFEF.jpg 832w\" sizes=\"(max-width: 650px) 100vw, 650px\" \/><\/p>\n<h1 data-section-id=\"11qdf8a\" data-start=\"339\" data-end=\"390\">Situaci\u00f3n de los equipos en la pen\u00faltima jornada<\/h1>\n<p data-start=\"392\" data-end=\"464\">En la pen\u00faltima jornada se destacan los siguientes equipos y resultados:<\/p>\n<p data-start=\"466\" data-end=\"575\">El Rayo Cantabria est\u00e1 con 45 puntos al ganar por cuatro a uno al Real \u00c1vila y el domingo visita al Sarriana.<\/p>\n<p data-start=\"577\" data-end=\"751\">El Marino de Luanco logra 45 puntos al ganar cuatro a uno al S\u00e1mano y el domingo viaja a Soria para enfrentarse al Numancia. El Marino de Luanco est\u00e1 salvado matem\u00e1ticamente.<\/p>\n<p data-start=\"753\" data-end=\"862\">El Berganti\u00f1os logra 45 puntos. Qui\u00e9n lo iba a decir. Berganti\u00f1os 1 Ourense 3. El domingo visitar\u00e1 al S\u00e1mano.<\/p>\n<p data-start=\"864\" data-end=\"966\">At Astorga, 44 puntos, que gan\u00f3 uno a cero al Sarriana, el domingo juega frente al Ourense en Ourense.<\/p>\n<p data-start=\"968\" data-end=\"1286\">Langreo, en zona de promoci\u00f3n de descenso, tiene 43 puntos. Solo pudo empatar con el Numancia a uno en Ganz\u00e1bal y el domingo juega nada m\u00e1s y nada menos frente al Vetusta, en El Requex\u00f3n. Vaya final para los langreanos. En el partido de ida, el Vetusta gan\u00f3 claramente en Ganz\u00e1bal cero a dos. Ahora todo puede suceder.<\/p>\n<h2 data-section-id=\"wozpcx\" data-start=\"1288\" data-end=\"1322\">Escenarios en la \u00faltima jornada<\/h2>\n<p data-start=\"1324\" data-end=\"1573\">Si el Langreo empata, el Astorga pierde y el Valladolid empata o pierde. El Langreo empata a 44 puntos con el Astorga. Entonces el Langreo promociona porque empata a puntos con el Astorga, pero pierde en el gol average general y el Astorga se salva.<\/p>\n<p data-start=\"1575\" data-end=\"1787\">Si el Langreo y el Valladolid pierden y gana el Sarriana, empatan a 43 puntos el Langreo y el Sarriana. Entonces baja el Langreo porque pierde en gol average con el Sarriana y en este caso promociona el Sarriana.<\/p>\n<p data-start=\"1789\" data-end=\"1965\">Si el Langreo pierde, el Valladolid empata y el Sarriana gana, quedan los tres equipos empatados a puntos y promociona el Valladolid, con lo que bajan el Langreo y el Sarriana.<\/p>\n<p data-start=\"1967\" data-end=\"2056\">Si el Langreo gana, el Valladolid gana y el Astorga pierde, promociona el Astorga con 44.<\/p>\n<p data-start=\"2058\" data-end=\"2474\">Si el Langreo gana, el Astorga empata y pierden Rayo Cantabria, Marino y Berganti\u00f1os, quedan estos cuatro equipos empatados a 45 y decide el gol average particular entre los cuatro. En este caso se salva el Langreo con 46 y el Marino por gol average. Quiere esto decir que los equipos que tienen 45 puntos deben sumar, salvo el Marino, que est\u00e1 salvado, por si los resultados de los dem\u00e1s equipos les son favorables.<\/p>\n<h3 data-start=\"2476\" data-end=\"2528\">El Marino de Luanco en todos los casos est\u00e1 salvado.<\/h3>\n<p data-start=\"2530\" data-end=\"2833\">Si el Langreo gana, el Valladolid gana y el Astorga gana. Los equipos que tienen 45 puntos, Berganti\u00f1os, Marino de Luanco y Rayo Cantabria, con el Valladolid que queda tambi\u00e9n con 45, hay que aplicar el gol average entre los equipos que quedan empatados a 45. El Marino siempre se salva por gol average.<\/p>\n<p data-start=\"2835\" data-end=\"3200\">El Valladolid Promesas, 42, dio la campanada de la jornada, ganando al l\u00edder Fabril, filial del Coru\u00f1a, en La Coru\u00f1a, que asciende directamente a Primera Federaci\u00f3n. El domingo recibe al Burgos, ya descendido. Si gana el Valladolid, el Langreo est\u00e1 obligado a ganar en Oviedo. El Langreo pierde con el Astorga en caso de empate a puntos, por el gol average general.<\/p>\n<p data-start=\"3202\" data-end=\"3472\">Sarriana, 40, que todo lo m\u00e1s que puede hacer es conseguir jugar la promoci\u00f3n de descenso. No ganando el Valladolid, perdiendo el Langreo y ganando el Sarriana, con lo cual el Langreo y el Sarriana empatan a 43 y pierde y desciende el Langreo por gol average particular.<\/p>\n<p data-start=\"3474\" data-end=\"3520\" data-is-last-node=\"\" data-is-only-node=\"\"><a href=\"https:\/\/www.youtube.com\/@HeliodelBusto\" target=\"_blank\" rel=\"noopener\"><span style=\"color: #ff6600;\"><strong>Helio del Busto<\/strong><\/span><\/a>&#8211; Entrenador Nacional de F\u00fatbol<\/p>\n","protected":false},"excerpt":{"rendered":"<p>El Grupo 1 de la Segunda RFEF, categor\u00eda donde est\u00e1n los equipos asturianos, y en la cual ha bajado de categor\u00eda el Lealtad de Villaviciosa. El Vetusta jugar\u00e1 la promoci\u00f3n de ascenso y el Marino se ha salvado matem\u00e1ticamente. El Langreo se la juega en la \u00faltima jornada. Solo queda un partido, la \u00faltima jornada<\/p>\n","protected":false},"author":1,"featured_media":194339,"comment_status":"closed","ping_status":"closed","sticky":false,"template":"","format":"standard","meta":{"footnotes":""},"categories":[319],"tags":[387,389],"class_list":{"0":"post-194338","1":"post","2":"type-post","3":"status-publish","4":"format-standard","5":"has-post-thumbnail","7":"category-deporte","8":"tag-deporte","9":"tag-futbol"},"aioseo_notices":[],"aioseo_head":"\n\t\t<!-- All in One SEO Pro 4.9.6.2 - aioseo.com -->\n\t<meta name=\"description\" content=\"El Grupo 1 de la Segunda RFEF, categor\u00eda donde est\u00e1n los equipos asturianos, y en la cual ha bajado de categor\u00eda el Lealtad de Villaviciosa. El Vetusta jugar\u00e1\" \/>\n\t<meta name=\"robots\" content=\"max-image-preview:large\" \/>\n\t<meta name=\"author\" content=\"Cand\u00e1s 365\"\/>\n\t<meta name=\"google-site-verification\" content=\"UA-32230408-1\" \/>\n\t<meta name=\"msvalidate.01\" content=\"354F3CDFB2DA171B47FBE9ABF1F88D5\" \/>\n\t<meta name=\"keywords\" content=\"deporte\" \/>\n\t<link rel=\"canonical\" href=\"https:\/\/candas365.es\/noticias\/helio-del-busto-ultima-jornada-grupo-1-segunda-rfef\/\" \/>\n\t<meta name=\"generator\" content=\"All in One SEO Pro (AIOSEO) 4.9.6.2\" \/>\n\t\t<meta property=\"og:locale\" content=\"es_ES\" \/>\n\t\t<meta property=\"og:site_name\" content=\"Cand\u00e1s 365\" \/>\n\t\t<meta property=\"og:type\" content=\"article\" \/>\n\t\t<meta property=\"og:title\" content=\"Helio del Busto: \u00daltima jornada Grupo 1 Segunda RFEF | Cand\u00e1s 365\" \/>\n\t\t<meta property=\"og:description\" content=\"El Grupo 1 de la Segunda RFEF, categor\u00eda donde est\u00e1n los equipos asturianos, y en la cual ha bajado de categor\u00eda el Lealtad de Villaviciosa. El Vetusta jugar\u00e1\" \/>\n\t\t<meta property=\"og:url\" content=\"https:\/\/candas365.es\/noticias\/helio-del-busto-ultima-jornada-grupo-1-segunda-rfef\/\" \/>\n\t\t<meta property=\"og:image\" content=\"https:\/\/candas365.es\/noticias\/wp-content\/uploads\/2026\/04\/Helio-del-Busto-Ultima-jornada-Grupo-1-Segunda-RFEF.jpg\" \/>\n\t\t<meta property=\"og:image:secure_url\" content=\"https:\/\/candas365.es\/noticias\/wp-content\/uploads\/2026\/04\/Helio-del-Busto-Ultima-jornada-Grupo-1-Segunda-RFEF.jpg\" \/>\n\t\t<meta property=\"og:image:width\" content=\"832\" \/>\n\t\t<meta property=\"og:image:height\" content=\"459\" \/>\n\t\t<meta property=\"article:published_time\" content=\"2026-04-27T14:37:54+00:00\" \/>\n\t\t<meta property=\"article:modified_time\" content=\"2026-04-27T14:37:54+00:00\" \/>\n\t\t<meta property=\"article:publisher\" content=\"https:\/\/www.facebook.com\/Nachofdezber\" \/>\n\t\t<meta property=\"article:author\" content=\"https:\/\/www.facebook.com\/carrenoactualidad\" \/>\n\t\t<meta name=\"twitter:card\" content=\"summary_large_image\" \/>\n\t\t<meta name=\"twitter:site\" content=\"@NabercoDigital\" \/>\n\t\t<meta name=\"twitter:title\" content=\"Helio del Busto: \u00daltima jornada Grupo 1 Segunda RFEF | Cand\u00e1s 365\" \/>\n\t\t<meta name=\"twitter:description\" content=\"El Grupo 1 de la Segunda RFEF, categor\u00eda donde est\u00e1n los equipos asturianos, y en la cual ha bajado de categor\u00eda el Lealtad de Villaviciosa. El Vetusta jugar\u00e1\" \/>\n\t\t<meta name=\"twitter:creator\" content=\"@nbasturias\" \/>\n\t\t<meta name=\"twitter:image\" content=\"https:\/\/candas365.es\/noticias\/wp-content\/uploads\/2026\/04\/Helio-del-Busto-Ultima-jornada-Grupo-1-Segunda-RFEF.jpg\" \/>\n\t\t<meta name=\"twitter:label1\" content=\"Escrito por\" \/>\n\t\t<meta name=\"twitter:data1\" content=\"Cand\u00e1s 365\" \/>\n\t\t<meta name=\"twitter:label2\" content=\"Tiempo de lectura estimado\" \/>\n\t\t<meta name=\"twitter:data2\" content=\"3 minutos\" \/>\n\t\t<script type=\"application\/ld+json\" class=\"aioseo-schema\">\n\t\t\t{\"@context\":\"https:\\\/\\\/schema.org\",\"@graph\":[{\"@type\":\"BreadcrumbList\",\"@id\":\"https:\\\/\\\/candas365.es\\\/noticias\\\/helio-del-busto-ultima-jornada-grupo-1-segunda-rfef\\\/#breadcrumblist\",\"itemListElement\":[{\"@type\":\"ListItem\",\"@id\":\"https:\\\/\\\/candas365.es\\\/noticias#listItem\",\"position\":1,\"name\":\"Home\",\"item\":\"https:\\\/\\\/candas365.es\\\/noticias\",\"nextItem\":{\"@type\":\"ListItem\",\"@id\":\"https:\\\/\\\/candas365.es\\\/noticias\\\/category\\\/deporte\\\/#listItem\",\"name\":\"Deporte\"}},{\"@type\":\"ListItem\",\"@id\":\"https:\\\/\\\/candas365.es\\\/noticias\\\/category\\\/deporte\\\/#listItem\",\"position\":2,\"name\":\"Deporte\",\"item\":\"https:\\\/\\\/candas365.es\\\/noticias\\\/category\\\/deporte\\\/\",\"nextItem\":{\"@type\":\"ListItem\",\"@id\":\"https:\\\/\\\/candas365.es\\\/noticias\\\/helio-del-busto-ultima-jornada-grupo-1-segunda-rfef\\\/#listItem\",\"name\":\"Helio del Busto: \\u00daltima jornada Grupo 1 Segunda RFEF\"},\"previousItem\":{\"@type\":\"ListItem\",\"@id\":\"https:\\\/\\\/candas365.es\\\/noticias#listItem\",\"name\":\"Home\"}},{\"@type\":\"ListItem\",\"@id\":\"https:\\\/\\\/candas365.es\\\/noticias\\\/helio-del-busto-ultima-jornada-grupo-1-segunda-rfef\\\/#listItem\",\"position\":3,\"name\":\"Helio del Busto: \\u00daltima jornada Grupo 1 Segunda RFEF\",\"previousItem\":{\"@type\":\"ListItem\",\"@id\":\"https:\\\/\\\/candas365.es\\\/noticias\\\/category\\\/deporte\\\/#listItem\",\"name\":\"Deporte\"}}]},{\"@type\":\"NewsArticle\",\"@id\":\"https:\\\/\\\/candas365.es\\\/noticias\\\/helio-del-busto-ultima-jornada-grupo-1-segunda-rfef\\\/#newsarticle\",\"name\":\"Helio del Busto: \\u00daltima jornada Grupo 1 Segunda RFEF | Cand\\u00e1s 365\",\"headline\":\"Helio del Busto: \\u00daltima jornada Grupo 1 Segunda RFEF\",\"author\":{\"@id\":\"https:\\\/\\\/candas365.es\\\/noticias\\\/author\\\/admin\\\/#author\"},\"publisher\":{\"@id\":\"https:\\\/\\\/candas365.es\\\/noticias\\\/#organization\"},\"image\":{\"@type\":\"ImageObject\",\"url\":\"https:\\\/\\\/candas365.es\\\/noticias\\\/wp-content\\\/uploads\\\/2026\\\/04\\\/Helio-del-Busto-Ultima-jornada-Grupo-1-Segunda-RFEF.jpg\",\"width\":832,\"height\":459,\"caption\":\"Helio del Busto \\u00daltima jornada Grupo 1 Segunda RFEF\"},\"datePublished\":\"2026-04-27T16:37:54+02:00\",\"dateModified\":\"2026-04-27T16:37:54+02:00\",\"inLanguage\":\"es-ES\",\"mainEntityOfPage\":{\"@id\":\"https:\\\/\\\/candas365.es\\\/noticias\\\/helio-del-busto-ultima-jornada-grupo-1-segunda-rfef\\\/#webpage\"},\"isPartOf\":{\"@id\":\"https:\\\/\\\/candas365.es\\\/noticias\\\/helio-del-busto-ultima-jornada-grupo-1-segunda-rfef\\\/#webpage\"},\"articleSection\":\"Deporte, deporte, f\\u00fatbol\",\"dateline\":\"Publicado el abril 27, 2026.\"},{\"@type\":\"Organization\",\"@id\":\"https:\\\/\\\/candas365.es\\\/noticias\\\/#organization\",\"name\":\"Cand\\u00e1s 365\",\"description\":\"Cand\\u00e1s 365 es un diario digital independiente, fundado en 2012, con base en Asturias. Informamos con rigor sobre actualidad, sociedad, cultura y ocio, con una mirada local y global.\",\"url\":\"https:\\\/\\\/candas365.es\\\/noticias\\\/\",\"email\":\"info@candas365.es\",\"telephone\":\"+34652131393\",\"foundingDate\":\"2012-06-10\",\"logo\":{\"@type\":\"ImageObject\",\"url\":\"https:\\\/\\\/candas365.es\\\/noticias\\\/wp-content\\\/uploads\\\/2024\\\/09\\\/Candas-365-Redes.jpg\",\"@id\":\"https:\\\/\\\/candas365.es\\\/noticias\\\/helio-del-busto-ultima-jornada-grupo-1-segunda-rfef\\\/#organizationLogo\",\"width\":1152,\"height\":864,\"caption\":\"Cand\\u00e1s 365 Redes\"},\"image\":{\"@id\":\"https:\\\/\\\/candas365.es\\\/noticias\\\/helio-del-busto-ultima-jornada-grupo-1-segunda-rfef\\\/#organizationLogo\"},\"sameAs\":[\"https:\\\/\\\/www.facebook.com\\\/Nachofdezber\",\"https:\\\/\\\/x.com\\\/NabercoDigital\",\"https:\\\/\\\/www.instagram.com\\\/nachofdezber\\\/\",\"https:\\\/\\\/www.youtube.com\\\/channel\\\/UCZP-2wLEB9Rv6erhFmqVnvg\"],\"address\":{\"@id\":\"https:\\\/\\\/candas365.es\\\/noticias\\\/#postaladdress\",\"@type\":\"PostalAddress\",\"streetAddress\":\"san antonio 4, san antonio 4\",\"postalCode\":\"33430\",\"addressLocality\":\"Cand\\u00e1s\",\"addressRegion\":\"Asturias\",\"addressCountry\":\"ES\"}},{\"@type\":\"Person\",\"@id\":\"https:\\\/\\\/candas365.es\\\/noticias\\\/author\\\/admin\\\/#author\",\"url\":\"https:\\\/\\\/candas365.es\\\/noticias\\\/author\\\/admin\\\/\",\"name\":\"Cand\\u00e1s 365\",\"image\":{\"@type\":\"ImageObject\",\"@id\":\"https:\\\/\\\/candas365.es\\\/noticias\\\/helio-del-busto-ultima-jornada-grupo-1-segunda-rfef\\\/#authorImage\",\"url\":\"https:\\\/\\\/secure.gravatar.com\\\/avatar\\\/496a8e03d0c493ede1718b7934145dbdf8d89be1036b0eec9544e1094c9de390?s=96&d=mm&r=g\",\"width\":96,\"height\":96,\"caption\":\"Cand\\u00e1s 365\"},\"sameAs\":[\"https:\\\/\\\/www.facebook.com\\\/carrenoactualidad\",\"https:\\\/\\\/twitter.com\\\/nbasturias\",\"https:\\\/\\\/www.instagram.com\\\/nachofdezber\\\/\",\"https:\\\/\\\/www.youtube.com\\\/channel\\\/UCZP-2wLEB9Rv6erhFmqVnvg\"]},{\"@type\":\"WebPage\",\"@id\":\"https:\\\/\\\/candas365.es\\\/noticias\\\/helio-del-busto-ultima-jornada-grupo-1-segunda-rfef\\\/#webpage\",\"url\":\"https:\\\/\\\/candas365.es\\\/noticias\\\/helio-del-busto-ultima-jornada-grupo-1-segunda-rfef\\\/\",\"name\":\"Helio del Busto: \\u00daltima jornada Grupo 1 Segunda RFEF | Cand\\u00e1s 365\",\"description\":\"El Grupo 1 de la Segunda RFEF, categor\\u00eda donde est\\u00e1n los equipos asturianos, y en la cual ha bajado de categor\\u00eda el Lealtad de Villaviciosa. El Vetusta jugar\\u00e1\",\"inLanguage\":\"es-ES\",\"isPartOf\":{\"@id\":\"https:\\\/\\\/candas365.es\\\/noticias\\\/#website\"},\"breadcrumb\":{\"@id\":\"https:\\\/\\\/candas365.es\\\/noticias\\\/helio-del-busto-ultima-jornada-grupo-1-segunda-rfef\\\/#breadcrumblist\"},\"author\":{\"@id\":\"https:\\\/\\\/candas365.es\\\/noticias\\\/author\\\/admin\\\/#author\"},\"creator\":{\"@id\":\"https:\\\/\\\/candas365.es\\\/noticias\\\/author\\\/admin\\\/#author\"},\"image\":{\"@type\":\"ImageObject\",\"url\":\"https:\\\/\\\/candas365.es\\\/noticias\\\/wp-content\\\/uploads\\\/2026\\\/04\\\/Helio-del-Busto-Ultima-jornada-Grupo-1-Segunda-RFEF.jpg\",\"@id\":\"https:\\\/\\\/candas365.es\\\/noticias\\\/helio-del-busto-ultima-jornada-grupo-1-segunda-rfef\\\/#mainImage\",\"width\":832,\"height\":459,\"caption\":\"Helio del Busto \\u00daltima jornada Grupo 1 Segunda RFEF\"},\"primaryImageOfPage\":{\"@id\":\"https:\\\/\\\/candas365.es\\\/noticias\\\/helio-del-busto-ultima-jornada-grupo-1-segunda-rfef\\\/#mainImage\"},\"datePublished\":\"2026-04-27T16:37:54+02:00\",\"dateModified\":\"2026-04-27T16:37:54+02:00\"},{\"@type\":\"WebSite\",\"@id\":\"https:\\\/\\\/candas365.es\\\/noticias\\\/#website\",\"url\":\"https:\\\/\\\/candas365.es\\\/noticias\\\/\",\"name\":\"Cand\\u00e1s 365\",\"alternateName\":\"Cand\\u00e1s 365 Noticias\",\"description\":\"Actualidad desde Carre\\u00f1o para el mundo\",\"inLanguage\":\"es-ES\",\"publisher\":{\"@id\":\"https:\\\/\\\/candas365.es\\\/noticias\\\/#organization\"}}]}\n\t\t<\/script>\n\t\t<!-- All in One SEO Pro -->\r\n\t\t<title>Helio del Busto: \u00daltima jornada Grupo 1 Segunda RFEF | Cand\u00e1s 365<\/title>\n\n","aioseo_head_json":{"title":"Helio del Busto: \u00daltima jornada Grupo 1 Segunda RFEF | Cand\u00e1s 365","description":"El Grupo 1 de la Segunda RFEF, categor\u00eda donde est\u00e1n los equipos asturianos, y en la cual ha bajado de categor\u00eda el Lealtad de Villaviciosa. El Vetusta jugar\u00e1","canonical_url":"https:\/\/candas365.es\/noticias\/helio-del-busto-ultima-jornada-grupo-1-segunda-rfef\/","robots":"max-image-preview:large","keywords":"deporte","webmasterTools":{"google-site-verification":"UA-32230408-1","msvalidate.01":"354F3CDFB2DA171B47FBE9ABF1F88D5","miscellaneous":""},"schema":{"@context":"https:\/\/schema.org","@graph":[{"@type":"BreadcrumbList","@id":"https:\/\/candas365.es\/noticias\/helio-del-busto-ultima-jornada-grupo-1-segunda-rfef\/#breadcrumblist","itemListElement":[{"@type":"ListItem","@id":"https:\/\/candas365.es\/noticias#listItem","position":1,"name":"Home","item":"https:\/\/candas365.es\/noticias","nextItem":{"@type":"ListItem","@id":"https:\/\/candas365.es\/noticias\/category\/deporte\/#listItem","name":"Deporte"}},{"@type":"ListItem","@id":"https:\/\/candas365.es\/noticias\/category\/deporte\/#listItem","position":2,"name":"Deporte","item":"https:\/\/candas365.es\/noticias\/category\/deporte\/","nextItem":{"@type":"ListItem","@id":"https:\/\/candas365.es\/noticias\/helio-del-busto-ultima-jornada-grupo-1-segunda-rfef\/#listItem","name":"Helio del Busto: \u00daltima jornada Grupo 1 Segunda RFEF"},"previousItem":{"@type":"ListItem","@id":"https:\/\/candas365.es\/noticias#listItem","name":"Home"}},{"@type":"ListItem","@id":"https:\/\/candas365.es\/noticias\/helio-del-busto-ultima-jornada-grupo-1-segunda-rfef\/#listItem","position":3,"name":"Helio del Busto: \u00daltima jornada Grupo 1 Segunda RFEF","previousItem":{"@type":"ListItem","@id":"https:\/\/candas365.es\/noticias\/category\/deporte\/#listItem","name":"Deporte"}}]},{"@type":"NewsArticle","@id":"https:\/\/candas365.es\/noticias\/helio-del-busto-ultima-jornada-grupo-1-segunda-rfef\/#newsarticle","name":"Helio del Busto: \u00daltima jornada Grupo 1 Segunda RFEF | Cand\u00e1s 365","headline":"Helio del Busto: \u00daltima jornada Grupo 1 Segunda RFEF","author":{"@id":"https:\/\/candas365.es\/noticias\/author\/admin\/#author"},"publisher":{"@id":"https:\/\/candas365.es\/noticias\/#organization"},"image":{"@type":"ImageObject","url":"https:\/\/candas365.es\/noticias\/wp-content\/uploads\/2026\/04\/Helio-del-Busto-Ultima-jornada-Grupo-1-Segunda-RFEF.jpg","width":832,"height":459,"caption":"Helio del Busto \u00daltima jornada Grupo 1 Segunda RFEF"},"datePublished":"2026-04-27T16:37:54+02:00","dateModified":"2026-04-27T16:37:54+02:00","inLanguage":"es-ES","mainEntityOfPage":{"@id":"https:\/\/candas365.es\/noticias\/helio-del-busto-ultima-jornada-grupo-1-segunda-rfef\/#webpage"},"isPartOf":{"@id":"https:\/\/candas365.es\/noticias\/helio-del-busto-ultima-jornada-grupo-1-segunda-rfef\/#webpage"},"articleSection":"Deporte, deporte, f\u00fatbol","dateline":"Publicado el abril 27, 2026."},{"@type":"Organization","@id":"https:\/\/candas365.es\/noticias\/#organization","name":"Cand\u00e1s 365","description":"Cand\u00e1s 365 es un diario digital independiente, fundado en 2012, con base en Asturias. Informamos con rigor sobre actualidad, sociedad, cultura y ocio, con una mirada local y global.","url":"https:\/\/candas365.es\/noticias\/","email":"info@candas365.es","telephone":"+34652131393","foundingDate":"2012-06-10","logo":{"@type":"ImageObject","url":"https:\/\/candas365.es\/noticias\/wp-content\/uploads\/2024\/09\/Candas-365-Redes.jpg","@id":"https:\/\/candas365.es\/noticias\/helio-del-busto-ultima-jornada-grupo-1-segunda-rfef\/#organizationLogo","width":1152,"height":864,"caption":"Cand\u00e1s 365 Redes"},"image":{"@id":"https:\/\/candas365.es\/noticias\/helio-del-busto-ultima-jornada-grupo-1-segunda-rfef\/#organizationLogo"},"sameAs":["https:\/\/www.facebook.com\/Nachofdezber","https:\/\/x.com\/NabercoDigital","https:\/\/www.instagram.com\/nachofdezber\/","https:\/\/www.youtube.com\/channel\/UCZP-2wLEB9Rv6erhFmqVnvg"],"address":{"@id":"https:\/\/candas365.es\/noticias\/#postaladdress","@type":"PostalAddress","streetAddress":"san antonio 4, san antonio 4","postalCode":"33430","addressLocality":"Cand\u00e1s","addressRegion":"Asturias","addressCountry":"ES"}},{"@type":"Person","@id":"https:\/\/candas365.es\/noticias\/author\/admin\/#author","url":"https:\/\/candas365.es\/noticias\/author\/admin\/","name":"Cand\u00e1s 365","image":{"@type":"ImageObject","@id":"https:\/\/candas365.es\/noticias\/helio-del-busto-ultima-jornada-grupo-1-segunda-rfef\/#authorImage","url":"https:\/\/secure.gravatar.com\/avatar\/496a8e03d0c493ede1718b7934145dbdf8d89be1036b0eec9544e1094c9de390?s=96&d=mm&r=g","width":96,"height":96,"caption":"Cand\u00e1s 365"},"sameAs":["https:\/\/www.facebook.com\/carrenoactualidad","https:\/\/twitter.com\/nbasturias","https:\/\/www.instagram.com\/nachofdezber\/","https:\/\/www.youtube.com\/channel\/UCZP-2wLEB9Rv6erhFmqVnvg"]},{"@type":"WebPage","@id":"https:\/\/candas365.es\/noticias\/helio-del-busto-ultima-jornada-grupo-1-segunda-rfef\/#webpage","url":"https:\/\/candas365.es\/noticias\/helio-del-busto-ultima-jornada-grupo-1-segunda-rfef\/","name":"Helio del Busto: \u00daltima jornada Grupo 1 Segunda RFEF | Cand\u00e1s 365","description":"El Grupo 1 de la Segunda RFEF, categor\u00eda donde est\u00e1n los equipos asturianos, y en la cual ha bajado de categor\u00eda el Lealtad de Villaviciosa. El Vetusta jugar\u00e1","inLanguage":"es-ES","isPartOf":{"@id":"https:\/\/candas365.es\/noticias\/#website"},"breadcrumb":{"@id":"https:\/\/candas365.es\/noticias\/helio-del-busto-ultima-jornada-grupo-1-segunda-rfef\/#breadcrumblist"},"author":{"@id":"https:\/\/candas365.es\/noticias\/author\/admin\/#author"},"creator":{"@id":"https:\/\/candas365.es\/noticias\/author\/admin\/#author"},"image":{"@type":"ImageObject","url":"https:\/\/candas365.es\/noticias\/wp-content\/uploads\/2026\/04\/Helio-del-Busto-Ultima-jornada-Grupo-1-Segunda-RFEF.jpg","@id":"https:\/\/candas365.es\/noticias\/helio-del-busto-ultima-jornada-grupo-1-segunda-rfef\/#mainImage","width":832,"height":459,"caption":"Helio del Busto \u00daltima jornada Grupo 1 Segunda RFEF"},"primaryImageOfPage":{"@id":"https:\/\/candas365.es\/noticias\/helio-del-busto-ultima-jornada-grupo-1-segunda-rfef\/#mainImage"},"datePublished":"2026-04-27T16:37:54+02:00","dateModified":"2026-04-27T16:37:54+02:00"},{"@type":"WebSite","@id":"https:\/\/candas365.es\/noticias\/#website","url":"https:\/\/candas365.es\/noticias\/","name":"Cand\u00e1s 365","alternateName":"Cand\u00e1s 365 Noticias","description":"Actualidad desde Carre\u00f1o para el mundo","inLanguage":"es-ES","publisher":{"@id":"https:\/\/candas365.es\/noticias\/#organization"}}]},"og:locale":"es_ES","og:site_name":"Cand\u00e1s 365","og:type":"article","og:title":"Helio del Busto: \u00daltima jornada Grupo 1 Segunda RFEF | Cand\u00e1s 365","og:description":"El Grupo 1 de la Segunda RFEF, categor\u00eda donde est\u00e1n los equipos asturianos, y en la cual ha bajado de categor\u00eda el Lealtad de Villaviciosa. El Vetusta jugar\u00e1","og:url":"https:\/\/candas365.es\/noticias\/helio-del-busto-ultima-jornada-grupo-1-segunda-rfef\/","og:image":"https:\/\/candas365.es\/noticias\/wp-content\/uploads\/2026\/04\/Helio-del-Busto-Ultima-jornada-Grupo-1-Segunda-RFEF.jpg","og:image:secure_url":"https:\/\/candas365.es\/noticias\/wp-content\/uploads\/2026\/04\/Helio-del-Busto-Ultima-jornada-Grupo-1-Segunda-RFEF.jpg","og:image:width":832,"og:image:height":459,"article:published_time":"2026-04-27T14:37:54+00:00","article:modified_time":"2026-04-27T14:37:54+00:00","article:publisher":"https:\/\/www.facebook.com\/Nachofdezber","article:author":"https:\/\/www.facebook.com\/carrenoactualidad","twitter:card":"summary_large_image","twitter:site":"@NabercoDigital","twitter:title":"Helio del Busto: \u00daltima jornada Grupo 1 Segunda RFEF | Cand\u00e1s 365","twitter:description":"El Grupo 1 de la Segunda RFEF, categor\u00eda donde est\u00e1n los equipos asturianos, y en la cual ha bajado de categor\u00eda el Lealtad de Villaviciosa. El Vetusta jugar\u00e1","twitter:creator":"@nbasturias","twitter:image":"https:\/\/candas365.es\/noticias\/wp-content\/uploads\/2026\/04\/Helio-del-Busto-Ultima-jornada-Grupo-1-Segunda-RFEF.jpg","twitter:label1":"Escrito por","twitter:data1":"Cand\u00e1s 365","twitter:label2":"Tiempo de lectura estimado","twitter:data2":"3 minutos"},"aioseo_meta_data":{"post_id":"194338","title":null,"description":"El Grupo 1 de la Segunda RFEF, categor\u00eda donde est\u00e1n los equipos asturianos, y en la cual ha bajado de categor\u00eda el Lealtad de Villaviciosa. El Vetusta jugar\u00e1","keywords":null,"keyphrases":{"focus":{"keyphrase":"Segunda RFEF","score":78,"analysis":{"keyphraseInTitle":{"score":9,"maxScore":9,"error":0},"keyphraseInDescription":{"score":9,"maxScore":9,"error":0},"keyphraseLength":{"score":9,"maxScore":9,"error":0,"length":2},"keyphraseInURL":{"score":5,"maxScore":5,"error":0},"keyphraseInIntroduction":{"score":9,"maxScore":9,"error":0},"keyphraseInSubHeadings":{"score":3,"maxScore":9,"error":1},"keyphraseInImageAlt":{"score":9,"maxScore":9,"error":0},"keywordDensity":{"score":0,"type":"low","maxScore":9,"error":1}}},"additional":[{"keyphrase":"Segunda RFEF","score":80,"analysis":{"keyphraseInDescription":{"score":9,"maxScore":9,"error":0},"keyphraseLength":{"score":9,"maxScore":9,"error":0,"length":2},"keyphraseInIntroduction":{"score":9,"maxScore":9,"error":0},"keyphraseInImageAlt":{"score":9,"maxScore":9,"error":0},"keywordDensity":{"score":0,"type":"low","maxScore":9,"error":1}}}]},"primary_term":null,"canonical_url":null,"og_title":null,"og_description":null,"og_object_type":"default","og_image_type":"default","og_image_url":null,"og_image_width":null,"og_image_height":null,"og_image_custom_url":null,"og_image_custom_fields":null,"og_video":"","og_custom_url":null,"og_article_section":null,"og_article_tags":null,"twitter_use_og":false,"twitter_card":"default","twitter_image_type":"default","twitter_image_url":null,"twitter_image_custom_url":null,"twitter_image_custom_fields":null,"twitter_title":null,"twitter_description":null,"schema":{"blockGraphs":[],"customGraphs":[],"default":{"data":{"Article":[],"Course":[],"Dataset":[],"FAQPage":[],"Movie":[],"Person":[],"Product":[],"ProductReview":[],"Car":[],"Recipe":[],"Service":[],"SoftwareApplication":[],"WebPage":[]},"graphName":"NewsArticle","isEnabled":true},"graphs":[]},"schema_type":"default","schema_type_options":null,"pillar_content":false,"robots_default":true,"robots_noindex":false,"robots_noarchive":false,"robots_nosnippet":false,"robots_nofollow":false,"robots_noimageindex":false,"robots_noodp":false,"robots_notranslate":false,"robots_max_snippet":"-1","robots_max_videopreview":"-1","robots_max_imagepreview":"large","priority":null,"frequency":"default","location":null,"local_seo":null,"seo_analyzer_scan_date":"2026-04-27 15:12:05","breadcrumb_settings":null,"limit_modified_date":false,"reviewed_by":"0","open_ai":null,"ai":{"faqs":[],"keyPoints":[],"schemas":[],"titles":[],"descriptions":[],"socialPosts":{"email":[],"linkedin":[],"twitter":[],"facebook":[],"instagram":[]}},"created":"2026-04-27 14:33:05","updated":"2026-04-27 15:16:16"},"aioseo_breadcrumb":"<div class=\"aioseo-breadcrumbs\"><span class=\"aioseo-breadcrumb\">\n\t<a href=\"https:\/\/candas365.es\/noticias\" title=\"Home\">Home<\/a>\n<\/span><span class=\"aioseo-breadcrumb-separator\">&ndash;<\/span><span class=\"aioseo-breadcrumb\">\n\t<a href=\"https:\/\/candas365.es\/noticias\/category\/deporte\/\" title=\"Deporte\">Deporte<\/a>\n<\/span><span class=\"aioseo-breadcrumb-separator\">&ndash;<\/span><span class=\"aioseo-breadcrumb\">\n\tHelio del Busto: \u00daltima jornada Grupo 1 Segunda RFEF\n<\/span><\/div>","aioseo_breadcrumb_json":[{"label":"Home","link":"https:\/\/candas365.es\/noticias"},{"label":"Deporte","link":"https:\/\/candas365.es\/noticias\/category\/deporte\/"},{"label":"Helio del Busto: \u00daltima jornada Grupo 1 Segunda RFEF","link":"https:\/\/candas365.es\/noticias\/helio-del-busto-ultima-jornada-grupo-1-segunda-rfef\/"}],"_links":{"self":[{"href":"https:\/\/candas365.es\/noticias\/wp-json\/wp\/v2\/posts\/194338","targetHints":{"allow":["GET"]}}],"collection":[{"href":"https:\/\/candas365.es\/noticias\/wp-json\/wp\/v2\/posts"}],"about":[{"href":"https:\/\/candas365.es\/noticias\/wp-json\/wp\/v2\/types\/post"}],"author":[{"embeddable":true,"href":"https:\/\/candas365.es\/noticias\/wp-json\/wp\/v2\/users\/1"}],"replies":[{"embeddable":true,"href":"https:\/\/candas365.es\/noticias\/wp-json\/wp\/v2\/comments?post=194338"}],"version-history":[{"count":1,"href":"https:\/\/candas365.es\/noticias\/wp-json\/wp\/v2\/posts\/194338\/revisions"}],"predecessor-version":[{"id":194340,"href":"https:\/\/candas365.es\/noticias\/wp-json\/wp\/v2\/posts\/194338\/revisions\/194340"}],"wp:featuredmedia":[{"embeddable":true,"href":"https:\/\/candas365.es\/noticias\/wp-json\/wp\/v2\/media\/194339"}],"wp:attachment":[{"href":"https:\/\/candas365.es\/noticias\/wp-json\/wp\/v2\/media?parent=194338"}],"wp:term":[{"taxonomy":"category","embeddable":true,"href":"https:\/\/candas365.es\/noticias\/wp-json\/wp\/v2\/categories?post=194338"},{"taxonomy":"post_tag","embeddable":true,"href":"https:\/\/candas365.es\/noticias\/wp-json\/wp\/v2\/tags?post=194338"}],"curies":[{"name":"wp","href":"https:\/\/api.w.org\/{rel}","templated":true}]}}