{"id":194335,"date":"2026-04-27T16:27:42","date_gmt":"2026-04-27T14:27:42","guid":{"rendered":"https:\/\/candas365.es\/noticias\/?p=194335"},"modified":"2026-04-27T16:27:42","modified_gmt":"2026-04-27T14:27:42","slug":"helio-del-busto-el-entrenador-del-real-aviles-es-la-clave","status":"publish","type":"post","link":"https:\/\/candas365.es\/noticias\/helio-del-busto-el-entrenador-del-real-aviles-es-la-clave\/","title":{"rendered":"Helio del Busto: El entrenador del Real Avil\u00e9s es la clave"},"content":{"rendered":"<p>Han marcado Santamar\u00eda y Javi Cueto, dos jugadores que han dado mucho f\u00fatbol y muchos goles al <a href=\"https:\/\/candas365.es\/noticias\/category\/deporte\/\"><span style=\"color: #ff6600;\"><strong>Real Avil\u00e9s<\/strong><\/span><\/a>. Mi opini\u00f3n personal es que son dos jugadores que est\u00e1n muy conjuntados y ofrecen mucho peligro para el equipo. El a\u00f1o pasado, entre los dos, consiguieron 21 goles. Fueron dos piezas muy importantes para conseguir que el equipo ascendiese de categor\u00eda.<\/p>\n<figure id=\"attachment_194336\" aria-describedby=\"caption-attachment-194336\" style=\"width: 650px\" class=\"wp-caption aligncenter\"><img fetchpriority=\"high\" decoding=\"async\" class=\"size-large wp-image-194336\" src=\"https:\/\/candas365.es\/noticias\/wp-content\/uploads\/2026\/04\/Helio-del-Busto-El-entrenador-del-Real-Aviles-es-la-clave-650x359.jpg\" alt=\"Helio del Busto El entrenador del Real Avil\u00e9s es la clave\" width=\"650\" height=\"359\" srcset=\"https:\/\/candas365.es\/noticias\/wp-content\/uploads\/2026\/04\/Helio-del-Busto-El-entrenador-del-Real-Aviles-es-la-clave-650x359.jpg 650w, https:\/\/candas365.es\/noticias\/wp-content\/uploads\/2026\/04\/Helio-del-Busto-El-entrenador-del-Real-Aviles-es-la-clave-360x199.jpg 360w, https:\/\/candas365.es\/noticias\/wp-content\/uploads\/2026\/04\/Helio-del-Busto-El-entrenador-del-Real-Aviles-es-la-clave-768x424.jpg 768w, https:\/\/candas365.es\/noticias\/wp-content\/uploads\/2026\/04\/Helio-del-Busto-El-entrenador-del-Real-Aviles-es-la-clave-150x83.jpg 150w, https:\/\/candas365.es\/noticias\/wp-content\/uploads\/2026\/04\/Helio-del-Busto-El-entrenador-del-Real-Aviles-es-la-clave-450x248.jpg 450w, https:\/\/candas365.es\/noticias\/wp-content\/uploads\/2026\/04\/Helio-del-Busto-El-entrenador-del-Real-Aviles-es-la-clave.jpg 832w\" sizes=\"(max-width: 650px) 100vw, 650px\" \/><figcaption id=\"caption-attachment-194336\" class=\"wp-caption-text\">Helio del Busto &#8211; Foto: Cand\u00e1s 365<\/figcaption><\/figure>\n<h1>El rendimiento de Javi Cueto<\/h1>\n<p>Javi Cueto, el hombre gol del equipo. Miren y lean lo que escribo: el jugador que m\u00e1s goles lleva, sin minutos para demostrar el talento que tiene, con un peligro demoledor para el equipo contrario. En la temporada ha estado muchos partidos de suplente y ha salido al final de muchos partidos para jugar solo cinco o diez minutos. Es el m\u00e1ximo goleador del equipo con 9 goles, sin apenas jugar. Su entrenador actual, Lolo Escobar, se ha dado cuenta de que Javi Cueto es muy v\u00e1lido para el equipo y le ha sacado en esos dos \u00faltimos partidos, y ha marcado un gol en Ferrol en solo 20 minutos que ha jugado.<\/p>\n<h2>Balance de la temporada<\/h2>\n<p>Haciendo un peque\u00f1o balance de la temporada. Empieza la temporada con el primer partido del Real Avil\u00e9s frente a la Ponferradina, en casa, en el Su\u00e1rez Puerta, con una expectaci\u00f3n m\u00e1xima, campo lleno de aficionados, con nuevo entrenador, y se pierde cero a tres con dos nuevos fichajes: Ra\u00fal Hern\u00e1ndez, de extremo derecho, que ha marcado cero goles en 21 partidos, trece de ellos de titular, y Ra\u00fal Rubio, delantero centro, titular indiscutible, que juega 29 partidos, 18 de titular, y marca solo tres goles. Llega un nuevo entrenador y Ra\u00fal Rubio juega de titular en Getxo y se pierde tres a dos y, a partir de ah\u00ed, pierde la titularidad. Entonces la cuesti\u00f3n est\u00e1 en las cifras y en el rendimiento goleador de dos delanteros que se han fichado, que han jugado desde el inicio de temporada y no salen los n\u00fameros goleadores.<\/p>\n<p>El entrenador Lolo Escobar, que ha llegado hace cinco partidos, ha triunfado y pienso que su mejor labor ha sido demostrar que sabe en qu\u00e9 puesto tiene que jugar un jugador de su plantilla, para sacar el m\u00e1ximo rendimiento de cada uno. Ha visto a jugadores que han jugado toda la temporada y se ha dado cuenta de que no ten\u00edan gol. Tiene la virtud de haber le\u00eddo las cualidades de cada jugador para saber si un jugador tiene gol o no.<\/p>\n<p>Los equipos de f\u00fatbol ganan cuando tienes jugadores que marcan goles. Tambi\u00e9n es muy necesario crear f\u00fatbol y saber trabajar el equipo defensivo. Todo ayuda a conseguir que el equipo ascienda, porque lo he escrito m\u00e1s de una vez, que el equipo tiene una de las mejores plantillas de la categor\u00eda. Hab\u00eda muy buenos futbolistas en el banquillo y yo escrib\u00eda que el equipo ten\u00eda un banquillo con jugadores de lujo. El mejor entrenador es el que ve lo que tienes y saca lo mejor de cada uno. El equipo ha empatado a dos, con dos goles de Santamar\u00eda y de Javi Cueto, contra el Ferrol y ha demostrado que hay mucho equipo. Con la llegada del nuevo entrenador solo ha perdido el primer partido en Getxo por tres a dos.<\/p>\n<p>El entrenador es clave en la marcha deportiva de un equipo.<\/p>\n<p><em><a href=\"https:\/\/www.youtube.com\/@HeliodelBusto\" target=\"_blank\" rel=\"noopener\"><span style=\"color: #ff6600;\"><strong>Helio del Busto<\/strong><\/span><\/a>&#8211; Entrenador Nacional de F\u00fatbol<\/em><\/p>\n","protected":false},"excerpt":{"rendered":"<p>Han marcado Santamar\u00eda y Javi Cueto, dos jugadores que han dado mucho f\u00fatbol y muchos goles al Real Avil\u00e9s. Mi opini\u00f3n personal es que son dos jugadores que est\u00e1n muy conjuntados y ofrecen mucho peligro para el equipo. El a\u00f1o pasado, entre los dos, consiguieron 21 goles. Fueron dos piezas muy importantes para conseguir que<\/p>\n","protected":false},"author":1,"featured_media":194336,"comment_status":"closed","ping_status":"closed","sticky":false,"template":"","format":"standard","meta":{"footnotes":""},"categories":[319],"tags":[387],"class_list":{"0":"post-194335","1":"post","2":"type-post","3":"status-publish","4":"format-standard","5":"has-post-thumbnail","7":"category-deporte","8":"tag-deporte"},"aioseo_notices":[],"aioseo_head":"\n\t\t<!-- All in One SEO Pro 4.9.6.2 - aioseo.com -->\n\t<meta name=\"description\" content=\"Han marcado Santamar\u00eda y Javi Cueto, dos jugadores que han dado mucho f\u00fatbol y muchos goles al Real Avil\u00e9s. Mi opini\u00f3n personal es que son dos jugadores\" \/>\n\t<meta name=\"robots\" content=\"max-image-preview:large\" \/>\n\t<meta name=\"author\" content=\"Cand\u00e1s 365\"\/>\n\t<meta name=\"google-site-verification\" content=\"UA-32230408-1\" \/>\n\t<meta name=\"msvalidate.01\" content=\"354F3CDFB2DA171B47FBE9ABF1F88D5\" \/>\n\t<meta name=\"keywords\" content=\"deporte\" \/>\n\t<link rel=\"canonical\" href=\"https:\/\/candas365.es\/noticias\/helio-del-busto-el-entrenador-del-real-aviles-es-la-clave\/\" \/>\n\t<meta name=\"generator\" content=\"All in One SEO Pro (AIOSEO) 4.9.6.2\" \/>\n\t\t<meta property=\"og:locale\" content=\"es_ES\" \/>\n\t\t<meta property=\"og:site_name\" content=\"Cand\u00e1s 365\" \/>\n\t\t<meta property=\"og:type\" content=\"article\" \/>\n\t\t<meta property=\"og:title\" content=\"Helio del Busto: El entrenador del Real Avil\u00e9s es la clave | Cand\u00e1s 365\" \/>\n\t\t<meta property=\"og:description\" content=\"Han marcado Santamar\u00eda y Javi Cueto, dos jugadores que han dado mucho f\u00fatbol y muchos goles al Real Avil\u00e9s. Mi opini\u00f3n personal es que son dos jugadores\" \/>\n\t\t<meta property=\"og:url\" content=\"https:\/\/candas365.es\/noticias\/helio-del-busto-el-entrenador-del-real-aviles-es-la-clave\/\" \/>\n\t\t<meta property=\"og:image\" content=\"https:\/\/candas365.es\/noticias\/wp-content\/uploads\/2026\/04\/Helio-del-Busto-El-entrenador-del-Real-Aviles-es-la-clave.jpg\" \/>\n\t\t<meta property=\"og:image:secure_url\" content=\"https:\/\/candas365.es\/noticias\/wp-content\/uploads\/2026\/04\/Helio-del-Busto-El-entrenador-del-Real-Aviles-es-la-clave.jpg\" \/>\n\t\t<meta property=\"og:image:width\" content=\"832\" \/>\n\t\t<meta property=\"og:image:height\" content=\"459\" \/>\n\t\t<meta property=\"article:published_time\" content=\"2026-04-27T14:27:42+00:00\" \/>\n\t\t<meta property=\"article:modified_time\" content=\"2026-04-27T14:27:42+00:00\" \/>\n\t\t<meta property=\"article:publisher\" content=\"https:\/\/www.facebook.com\/Nachofdezber\" \/>\n\t\t<meta property=\"article:author\" content=\"https:\/\/www.facebook.com\/carrenoactualidad\" \/>\n\t\t<meta name=\"twitter:card\" content=\"summary_large_image\" \/>\n\t\t<meta name=\"twitter:site\" content=\"@NabercoDigital\" \/>\n\t\t<meta name=\"twitter:title\" content=\"Helio del Busto: El entrenador del Real Avil\u00e9s es la clave | Cand\u00e1s 365\" \/>\n\t\t<meta name=\"twitter:description\" content=\"Han marcado Santamar\u00eda y Javi Cueto, dos jugadores que han dado mucho f\u00fatbol y muchos goles al Real Avil\u00e9s. Mi opini\u00f3n personal es que son dos jugadores\" \/>\n\t\t<meta name=\"twitter:creator\" content=\"@nbasturias\" \/>\n\t\t<meta name=\"twitter:image\" content=\"https:\/\/candas365.es\/noticias\/wp-content\/uploads\/2026\/04\/Helio-del-Busto-El-entrenador-del-Real-Aviles-es-la-clave.jpg\" \/>\n\t\t<meta name=\"twitter:label1\" content=\"Escrito por\" \/>\n\t\t<meta name=\"twitter:data1\" content=\"Cand\u00e1s 365\" \/>\n\t\t<meta name=\"twitter:label2\" content=\"Tiempo de lectura estimado\" \/>\n\t\t<meta name=\"twitter:data2\" content=\"3 minutos\" \/>\n\t\t<script type=\"application\/ld+json\" class=\"aioseo-schema\">\n\t\t\t{\"@context\":\"https:\\\/\\\/schema.org\",\"@graph\":[{\"@type\":\"BreadcrumbList\",\"@id\":\"https:\\\/\\\/candas365.es\\\/noticias\\\/helio-del-busto-el-entrenador-del-real-aviles-es-la-clave\\\/#breadcrumblist\",\"itemListElement\":[{\"@type\":\"ListItem\",\"@id\":\"https:\\\/\\\/candas365.es\\\/noticias#listItem\",\"position\":1,\"name\":\"Home\",\"item\":\"https:\\\/\\\/candas365.es\\\/noticias\",\"nextItem\":{\"@type\":\"ListItem\",\"@id\":\"https:\\\/\\\/candas365.es\\\/noticias\\\/category\\\/deporte\\\/#listItem\",\"name\":\"Deporte\"}},{\"@type\":\"ListItem\",\"@id\":\"https:\\\/\\\/candas365.es\\\/noticias\\\/category\\\/deporte\\\/#listItem\",\"position\":2,\"name\":\"Deporte\",\"item\":\"https:\\\/\\\/candas365.es\\\/noticias\\\/category\\\/deporte\\\/\",\"nextItem\":{\"@type\":\"ListItem\",\"@id\":\"https:\\\/\\\/candas365.es\\\/noticias\\\/helio-del-busto-el-entrenador-del-real-aviles-es-la-clave\\\/#listItem\",\"name\":\"Helio del Busto: El entrenador del Real Avil\\u00e9s es la clave\"},\"previousItem\":{\"@type\":\"ListItem\",\"@id\":\"https:\\\/\\\/candas365.es\\\/noticias#listItem\",\"name\":\"Home\"}},{\"@type\":\"ListItem\",\"@id\":\"https:\\\/\\\/candas365.es\\\/noticias\\\/helio-del-busto-el-entrenador-del-real-aviles-es-la-clave\\\/#listItem\",\"position\":3,\"name\":\"Helio del Busto: El entrenador del Real Avil\\u00e9s es la clave\",\"previousItem\":{\"@type\":\"ListItem\",\"@id\":\"https:\\\/\\\/candas365.es\\\/noticias\\\/category\\\/deporte\\\/#listItem\",\"name\":\"Deporte\"}}]},{\"@type\":\"NewsArticle\",\"@id\":\"https:\\\/\\\/candas365.es\\\/noticias\\\/helio-del-busto-el-entrenador-del-real-aviles-es-la-clave\\\/#newsarticle\",\"name\":\"Helio del Busto: El entrenador del Real Avil\\u00e9s es la clave | Cand\\u00e1s 365\",\"headline\":\"Helio del Busto: El entrenador del Real Avil\\u00e9s es la clave\",\"author\":{\"@id\":\"https:\\\/\\\/candas365.es\\\/noticias\\\/author\\\/admin\\\/#author\"},\"publisher\":{\"@id\":\"https:\\\/\\\/candas365.es\\\/noticias\\\/#organization\"},\"image\":{\"@type\":\"ImageObject\",\"url\":\"https:\\\/\\\/candas365.es\\\/noticias\\\/wp-content\\\/uploads\\\/2026\\\/04\\\/Helio-del-Busto-El-entrenador-del-Real-Aviles-es-la-clave.jpg\",\"width\":832,\"height\":459,\"caption\":\"Helio del Busto - Foto: Cand\\u00e1s 365\"},\"datePublished\":\"2026-04-27T16:27:42+02:00\",\"dateModified\":\"2026-04-27T16:27:42+02:00\",\"inLanguage\":\"es-ES\",\"mainEntityOfPage\":{\"@id\":\"https:\\\/\\\/candas365.es\\\/noticias\\\/helio-del-busto-el-entrenador-del-real-aviles-es-la-clave\\\/#webpage\"},\"isPartOf\":{\"@id\":\"https:\\\/\\\/candas365.es\\\/noticias\\\/helio-del-busto-el-entrenador-del-real-aviles-es-la-clave\\\/#webpage\"},\"articleSection\":\"Deporte, deporte\",\"dateline\":\"Publicado el abril 27, 2026.\"},{\"@type\":\"Organization\",\"@id\":\"https:\\\/\\\/candas365.es\\\/noticias\\\/#organization\",\"name\":\"Cand\\u00e1s 365\",\"description\":\"Cand\\u00e1s 365 es un diario digital independiente, fundado en 2012, con base en Asturias. Informamos con rigor sobre actualidad, sociedad, cultura y ocio, con una mirada local y global.\",\"url\":\"https:\\\/\\\/candas365.es\\\/noticias\\\/\",\"email\":\"info@candas365.es\",\"telephone\":\"+34652131393\",\"foundingDate\":\"2012-06-10\",\"logo\":{\"@type\":\"ImageObject\",\"url\":\"https:\\\/\\\/candas365.es\\\/noticias\\\/wp-content\\\/uploads\\\/2024\\\/09\\\/Candas-365-Redes.jpg\",\"@id\":\"https:\\\/\\\/candas365.es\\\/noticias\\\/helio-del-busto-el-entrenador-del-real-aviles-es-la-clave\\\/#organizationLogo\",\"width\":1152,\"height\":864,\"caption\":\"Cand\\u00e1s 365 Redes\"},\"image\":{\"@id\":\"https:\\\/\\\/candas365.es\\\/noticias\\\/helio-del-busto-el-entrenador-del-real-aviles-es-la-clave\\\/#organizationLogo\"},\"sameAs\":[\"https:\\\/\\\/www.facebook.com\\\/Nachofdezber\",\"https:\\\/\\\/x.com\\\/NabercoDigital\",\"https:\\\/\\\/www.instagram.com\\\/nachofdezber\\\/\",\"https:\\\/\\\/www.youtube.com\\\/channel\\\/UCZP-2wLEB9Rv6erhFmqVnvg\"],\"address\":{\"@id\":\"https:\\\/\\\/candas365.es\\\/noticias\\\/#postaladdress\",\"@type\":\"PostalAddress\",\"streetAddress\":\"san antonio 4, san antonio 4\",\"postalCode\":\"33430\",\"addressLocality\":\"Cand\\u00e1s\",\"addressRegion\":\"Asturias\",\"addressCountry\":\"ES\"}},{\"@type\":\"Person\",\"@id\":\"https:\\\/\\\/candas365.es\\\/noticias\\\/author\\\/admin\\\/#author\",\"url\":\"https:\\\/\\\/candas365.es\\\/noticias\\\/author\\\/admin\\\/\",\"name\":\"Cand\\u00e1s 365\",\"image\":{\"@type\":\"ImageObject\",\"@id\":\"https:\\\/\\\/candas365.es\\\/noticias\\\/helio-del-busto-el-entrenador-del-real-aviles-es-la-clave\\\/#authorImage\",\"url\":\"https:\\\/\\\/secure.gravatar.com\\\/avatar\\\/496a8e03d0c493ede1718b7934145dbdf8d89be1036b0eec9544e1094c9de390?s=96&d=mm&r=g\",\"width\":96,\"height\":96,\"caption\":\"Cand\\u00e1s 365\"},\"sameAs\":[\"https:\\\/\\\/www.facebook.com\\\/carrenoactualidad\",\"https:\\\/\\\/twitter.com\\\/nbasturias\",\"https:\\\/\\\/www.instagram.com\\\/nachofdezber\\\/\",\"https:\\\/\\\/www.youtube.com\\\/channel\\\/UCZP-2wLEB9Rv6erhFmqVnvg\"]},{\"@type\":\"WebPage\",\"@id\":\"https:\\\/\\\/candas365.es\\\/noticias\\\/helio-del-busto-el-entrenador-del-real-aviles-es-la-clave\\\/#webpage\",\"url\":\"https:\\\/\\\/candas365.es\\\/noticias\\\/helio-del-busto-el-entrenador-del-real-aviles-es-la-clave\\\/\",\"name\":\"Helio del Busto: El entrenador del Real Avil\\u00e9s es la clave | Cand\\u00e1s 365\",\"description\":\"Han marcado Santamar\\u00eda y Javi Cueto, dos jugadores que han dado mucho f\\u00fatbol y muchos goles al Real Avil\\u00e9s. Mi opini\\u00f3n personal es que son dos jugadores\",\"inLanguage\":\"es-ES\",\"isPartOf\":{\"@id\":\"https:\\\/\\\/candas365.es\\\/noticias\\\/#website\"},\"breadcrumb\":{\"@id\":\"https:\\\/\\\/candas365.es\\\/noticias\\\/helio-del-busto-el-entrenador-del-real-aviles-es-la-clave\\\/#breadcrumblist\"},\"author\":{\"@id\":\"https:\\\/\\\/candas365.es\\\/noticias\\\/author\\\/admin\\\/#author\"},\"creator\":{\"@id\":\"https:\\\/\\\/candas365.es\\\/noticias\\\/author\\\/admin\\\/#author\"},\"image\":{\"@type\":\"ImageObject\",\"url\":\"https:\\\/\\\/candas365.es\\\/noticias\\\/wp-content\\\/uploads\\\/2026\\\/04\\\/Helio-del-Busto-El-entrenador-del-Real-Aviles-es-la-clave.jpg\",\"@id\":\"https:\\\/\\\/candas365.es\\\/noticias\\\/helio-del-busto-el-entrenador-del-real-aviles-es-la-clave\\\/#mainImage\",\"width\":832,\"height\":459,\"caption\":\"Helio del Busto - Foto: Cand\\u00e1s 365\"},\"primaryImageOfPage\":{\"@id\":\"https:\\\/\\\/candas365.es\\\/noticias\\\/helio-del-busto-el-entrenador-del-real-aviles-es-la-clave\\\/#mainImage\"},\"datePublished\":\"2026-04-27T16:27:42+02:00\",\"dateModified\":\"2026-04-27T16:27:42+02:00\"},{\"@type\":\"WebSite\",\"@id\":\"https:\\\/\\\/candas365.es\\\/noticias\\\/#website\",\"url\":\"https:\\\/\\\/candas365.es\\\/noticias\\\/\",\"name\":\"Cand\\u00e1s 365\",\"alternateName\":\"Cand\\u00e1s 365 Noticias\",\"description\":\"Actualidad desde Carre\\u00f1o para el mundo\",\"inLanguage\":\"es-ES\",\"publisher\":{\"@id\":\"https:\\\/\\\/candas365.es\\\/noticias\\\/#organization\"}}]}\n\t\t<\/script>\n\t\t<!-- All in One SEO Pro -->\r\n\t\t<title>Helio del Busto: El entrenador del Real Avil\u00e9s es la clave | Cand\u00e1s 365<\/title>\n\n","aioseo_head_json":{"title":"Helio del Busto: El entrenador del Real Avil\u00e9s es la clave | Cand\u00e1s 365","description":"Han marcado Santamar\u00eda y Javi Cueto, dos jugadores que han dado mucho f\u00fatbol y muchos goles al Real Avil\u00e9s. Mi opini\u00f3n personal es que son dos jugadores","canonical_url":"https:\/\/candas365.es\/noticias\/helio-del-busto-el-entrenador-del-real-aviles-es-la-clave\/","robots":"max-image-preview:large","keywords":"deporte","webmasterTools":{"google-site-verification":"UA-32230408-1","msvalidate.01":"354F3CDFB2DA171B47FBE9ABF1F88D5","miscellaneous":""},"schema":{"@context":"https:\/\/schema.org","@graph":[{"@type":"BreadcrumbList","@id":"https:\/\/candas365.es\/noticias\/helio-del-busto-el-entrenador-del-real-aviles-es-la-clave\/#breadcrumblist","itemListElement":[{"@type":"ListItem","@id":"https:\/\/candas365.es\/noticias#listItem","position":1,"name":"Home","item":"https:\/\/candas365.es\/noticias","nextItem":{"@type":"ListItem","@id":"https:\/\/candas365.es\/noticias\/category\/deporte\/#listItem","name":"Deporte"}},{"@type":"ListItem","@id":"https:\/\/candas365.es\/noticias\/category\/deporte\/#listItem","position":2,"name":"Deporte","item":"https:\/\/candas365.es\/noticias\/category\/deporte\/","nextItem":{"@type":"ListItem","@id":"https:\/\/candas365.es\/noticias\/helio-del-busto-el-entrenador-del-real-aviles-es-la-clave\/#listItem","name":"Helio del Busto: El entrenador del Real Avil\u00e9s es la clave"},"previousItem":{"@type":"ListItem","@id":"https:\/\/candas365.es\/noticias#listItem","name":"Home"}},{"@type":"ListItem","@id":"https:\/\/candas365.es\/noticias\/helio-del-busto-el-entrenador-del-real-aviles-es-la-clave\/#listItem","position":3,"name":"Helio del Busto: El entrenador del Real Avil\u00e9s es la clave","previousItem":{"@type":"ListItem","@id":"https:\/\/candas365.es\/noticias\/category\/deporte\/#listItem","name":"Deporte"}}]},{"@type":"NewsArticle","@id":"https:\/\/candas365.es\/noticias\/helio-del-busto-el-entrenador-del-real-aviles-es-la-clave\/#newsarticle","name":"Helio del Busto: El entrenador del Real Avil\u00e9s es la clave | Cand\u00e1s 365","headline":"Helio del Busto: El entrenador del Real Avil\u00e9s es la clave","author":{"@id":"https:\/\/candas365.es\/noticias\/author\/admin\/#author"},"publisher":{"@id":"https:\/\/candas365.es\/noticias\/#organization"},"image":{"@type":"ImageObject","url":"https:\/\/candas365.es\/noticias\/wp-content\/uploads\/2026\/04\/Helio-del-Busto-El-entrenador-del-Real-Aviles-es-la-clave.jpg","width":832,"height":459,"caption":"Helio del Busto - Foto: Cand\u00e1s 365"},"datePublished":"2026-04-27T16:27:42+02:00","dateModified":"2026-04-27T16:27:42+02:00","inLanguage":"es-ES","mainEntityOfPage":{"@id":"https:\/\/candas365.es\/noticias\/helio-del-busto-el-entrenador-del-real-aviles-es-la-clave\/#webpage"},"isPartOf":{"@id":"https:\/\/candas365.es\/noticias\/helio-del-busto-el-entrenador-del-real-aviles-es-la-clave\/#webpage"},"articleSection":"Deporte, deporte","dateline":"Publicado el abril 27, 2026."},{"@type":"Organization","@id":"https:\/\/candas365.es\/noticias\/#organization","name":"Cand\u00e1s 365","description":"Cand\u00e1s 365 es un diario digital independiente, fundado en 2012, con base en Asturias. Informamos con rigor sobre actualidad, sociedad, cultura y ocio, con una mirada local y global.","url":"https:\/\/candas365.es\/noticias\/","email":"info@candas365.es","telephone":"+34652131393","foundingDate":"2012-06-10","logo":{"@type":"ImageObject","url":"https:\/\/candas365.es\/noticias\/wp-content\/uploads\/2024\/09\/Candas-365-Redes.jpg","@id":"https:\/\/candas365.es\/noticias\/helio-del-busto-el-entrenador-del-real-aviles-es-la-clave\/#organizationLogo","width":1152,"height":864,"caption":"Cand\u00e1s 365 Redes"},"image":{"@id":"https:\/\/candas365.es\/noticias\/helio-del-busto-el-entrenador-del-real-aviles-es-la-clave\/#organizationLogo"},"sameAs":["https:\/\/www.facebook.com\/Nachofdezber","https:\/\/x.com\/NabercoDigital","https:\/\/www.instagram.com\/nachofdezber\/","https:\/\/www.youtube.com\/channel\/UCZP-2wLEB9Rv6erhFmqVnvg"],"address":{"@id":"https:\/\/candas365.es\/noticias\/#postaladdress","@type":"PostalAddress","streetAddress":"san antonio 4, san antonio 4","postalCode":"33430","addressLocality":"Cand\u00e1s","addressRegion":"Asturias","addressCountry":"ES"}},{"@type":"Person","@id":"https:\/\/candas365.es\/noticias\/author\/admin\/#author","url":"https:\/\/candas365.es\/noticias\/author\/admin\/","name":"Cand\u00e1s 365","image":{"@type":"ImageObject","@id":"https:\/\/candas365.es\/noticias\/helio-del-busto-el-entrenador-del-real-aviles-es-la-clave\/#authorImage","url":"https:\/\/secure.gravatar.com\/avatar\/496a8e03d0c493ede1718b7934145dbdf8d89be1036b0eec9544e1094c9de390?s=96&d=mm&r=g","width":96,"height":96,"caption":"Cand\u00e1s 365"},"sameAs":["https:\/\/www.facebook.com\/carrenoactualidad","https:\/\/twitter.com\/nbasturias","https:\/\/www.instagram.com\/nachofdezber\/","https:\/\/www.youtube.com\/channel\/UCZP-2wLEB9Rv6erhFmqVnvg"]},{"@type":"WebPage","@id":"https:\/\/candas365.es\/noticias\/helio-del-busto-el-entrenador-del-real-aviles-es-la-clave\/#webpage","url":"https:\/\/candas365.es\/noticias\/helio-del-busto-el-entrenador-del-real-aviles-es-la-clave\/","name":"Helio del Busto: El entrenador del Real Avil\u00e9s es la clave | Cand\u00e1s 365","description":"Han marcado Santamar\u00eda y Javi Cueto, dos jugadores que han dado mucho f\u00fatbol y muchos goles al Real Avil\u00e9s. Mi opini\u00f3n personal es que son dos jugadores","inLanguage":"es-ES","isPartOf":{"@id":"https:\/\/candas365.es\/noticias\/#website"},"breadcrumb":{"@id":"https:\/\/candas365.es\/noticias\/helio-del-busto-el-entrenador-del-real-aviles-es-la-clave\/#breadcrumblist"},"author":{"@id":"https:\/\/candas365.es\/noticias\/author\/admin\/#author"},"creator":{"@id":"https:\/\/candas365.es\/noticias\/author\/admin\/#author"},"image":{"@type":"ImageObject","url":"https:\/\/candas365.es\/noticias\/wp-content\/uploads\/2026\/04\/Helio-del-Busto-El-entrenador-del-Real-Aviles-es-la-clave.jpg","@id":"https:\/\/candas365.es\/noticias\/helio-del-busto-el-entrenador-del-real-aviles-es-la-clave\/#mainImage","width":832,"height":459,"caption":"Helio del Busto - Foto: Cand\u00e1s 365"},"primaryImageOfPage":{"@id":"https:\/\/candas365.es\/noticias\/helio-del-busto-el-entrenador-del-real-aviles-es-la-clave\/#mainImage"},"datePublished":"2026-04-27T16:27:42+02:00","dateModified":"2026-04-27T16:27:42+02:00"},{"@type":"WebSite","@id":"https:\/\/candas365.es\/noticias\/#website","url":"https:\/\/candas365.es\/noticias\/","name":"Cand\u00e1s 365","alternateName":"Cand\u00e1s 365 Noticias","description":"Actualidad desde Carre\u00f1o para el mundo","inLanguage":"es-ES","publisher":{"@id":"https:\/\/candas365.es\/noticias\/#organization"}}]},"og:locale":"es_ES","og:site_name":"Cand\u00e1s 365","og:type":"article","og:title":"Helio del Busto: El entrenador del Real Avil\u00e9s es la clave | Cand\u00e1s 365","og:description":"Han marcado Santamar\u00eda y Javi Cueto, dos jugadores que han dado mucho f\u00fatbol y muchos goles al Real Avil\u00e9s. Mi opini\u00f3n personal es que son dos jugadores","og:url":"https:\/\/candas365.es\/noticias\/helio-del-busto-el-entrenador-del-real-aviles-es-la-clave\/","og:image":"https:\/\/candas365.es\/noticias\/wp-content\/uploads\/2026\/04\/Helio-del-Busto-El-entrenador-del-Real-Aviles-es-la-clave.jpg","og:image:secure_url":"https:\/\/candas365.es\/noticias\/wp-content\/uploads\/2026\/04\/Helio-del-Busto-El-entrenador-del-Real-Aviles-es-la-clave.jpg","og:image:width":832,"og:image:height":459,"article:published_time":"2026-04-27T14:27:42+00:00","article:modified_time":"2026-04-27T14:27:42+00:00","article:publisher":"https:\/\/www.facebook.com\/Nachofdezber","article:author":"https:\/\/www.facebook.com\/carrenoactualidad","twitter:card":"summary_large_image","twitter:site":"@NabercoDigital","twitter:title":"Helio del Busto: El entrenador del Real Avil\u00e9s es la clave | Cand\u00e1s 365","twitter:description":"Han marcado Santamar\u00eda y Javi Cueto, dos jugadores que han dado mucho f\u00fatbol y muchos goles al Real Avil\u00e9s. Mi opini\u00f3n personal es que son dos jugadores","twitter:creator":"@nbasturias","twitter:image":"https:\/\/candas365.es\/noticias\/wp-content\/uploads\/2026\/04\/Helio-del-Busto-El-entrenador-del-Real-Aviles-es-la-clave.jpg","twitter:label1":"Escrito por","twitter:data1":"Cand\u00e1s 365","twitter:label2":"Tiempo de lectura estimado","twitter:data2":"3 minutos"},"aioseo_meta_data":{"post_id":"194335","title":null,"description":"Han marcado Santamar\u00eda y Javi Cueto, dos jugadores que han dado mucho f\u00fatbol y muchos goles al Real Avil\u00e9s. Mi opini\u00f3n personal es que son dos jugadores","keywords":null,"keyphrases":{"focus":{"keyphrase":"Avil\u00e9s","score":78,"analysis":{"keyphraseInTitle":{"score":9,"maxScore":9,"error":0},"keyphraseInDescription":{"score":9,"maxScore":9,"error":0},"keyphraseLength":{"score":9,"maxScore":9,"error":0,"length":2},"keyphraseInURL":{"score":5,"maxScore":5,"error":0},"keyphraseInIntroduction":{"score":9,"maxScore":9,"error":0},"keyphraseInSubHeadings":{"score":3,"maxScore":9,"error":1},"keyphraseInImageAlt":{"score":9,"maxScore":9,"error":0},"keywordDensity":{"score":0,"type":"low","maxScore":9,"error":1}}},"additional":[{"keyphrase":"Real Avil\u00e9s","score":80,"analysis":{"keyphraseInDescription":{"score":9,"maxScore":9,"error":0},"keyphraseLength":{"score":9,"maxScore":9,"error":0,"length":3},"keyphraseInIntroduction":{"score":9,"maxScore":9,"error":0},"keyphraseInImageAlt":{"score":9,"maxScore":9,"error":0},"keywordDensity":{"score":0,"type":"low","maxScore":9,"error":1}}}]},"primary_term":null,"canonical_url":null,"og_title":null,"og_description":null,"og_object_type":"default","og_image_type":"default","og_image_url":null,"og_image_width":null,"og_image_height":null,"og_image_custom_url":null,"og_image_custom_fields":null,"og_video":"","og_custom_url":null,"og_article_section":null,"og_article_tags":null,"twitter_use_og":false,"twitter_card":"default","twitter_image_type":"default","twitter_image_url":null,"twitter_image_custom_url":null,"twitter_image_custom_fields":null,"twitter_title":null,"twitter_description":null,"schema":{"blockGraphs":[],"customGraphs":[],"default":{"data":{"Article":[],"Course":[],"Dataset":[],"FAQPage":[],"Movie":[],"Person":[],"Product":[],"ProductReview":[],"Car":[],"Recipe":[],"Service":[],"SoftwareApplication":[],"WebPage":[]},"graphName":"NewsArticle","isEnabled":true},"graphs":[]},"schema_type":"default","schema_type_options":null,"pillar_content":false,"robots_default":true,"robots_noindex":false,"robots_noarchive":false,"robots_nosnippet":false,"robots_nofollow":false,"robots_noimageindex":false,"robots_noodp":false,"robots_notranslate":false,"robots_max_snippet":"-1","robots_max_videopreview":"-1","robots_max_imagepreview":"large","priority":null,"frequency":"default","location":null,"local_seo":null,"seo_analyzer_scan_date":"2026-04-27 15:12:03","breadcrumb_settings":null,"limit_modified_date":false,"reviewed_by":"0","open_ai":null,"ai":{"faqs":[],"keyPoints":[],"schemas":[],"titles":[],"descriptions":[],"socialPosts":{"email":[],"linkedin":[],"twitter":[],"facebook":[],"instagram":[]}},"created":"2026-04-27 14:17:51","updated":"2026-04-27 15:16:16"},"aioseo_breadcrumb":"<div class=\"aioseo-breadcrumbs\"><span class=\"aioseo-breadcrumb\">\n\t<a href=\"https:\/\/candas365.es\/noticias\" title=\"Home\">Home<\/a>\n<\/span><span class=\"aioseo-breadcrumb-separator\">&ndash;<\/span><span class=\"aioseo-breadcrumb\">\n\t<a href=\"https:\/\/candas365.es\/noticias\/category\/deporte\/\" title=\"Deporte\">Deporte<\/a>\n<\/span><span class=\"aioseo-breadcrumb-separator\">&ndash;<\/span><span class=\"aioseo-breadcrumb\">\n\tHelio del Busto: El entrenador del Real Avil\u00e9s es la clave\n<\/span><\/div>","aioseo_breadcrumb_json":[{"label":"Home","link":"https:\/\/candas365.es\/noticias"},{"label":"Deporte","link":"https:\/\/candas365.es\/noticias\/category\/deporte\/"},{"label":"Helio del Busto: El entrenador del Real Avil\u00e9s es la clave","link":"https:\/\/candas365.es\/noticias\/helio-del-busto-el-entrenador-del-real-aviles-es-la-clave\/"}],"_links":{"self":[{"href":"https:\/\/candas365.es\/noticias\/wp-json\/wp\/v2\/posts\/194335","targetHints":{"allow":["GET"]}}],"collection":[{"href":"https:\/\/candas365.es\/noticias\/wp-json\/wp\/v2\/posts"}],"about":[{"href":"https:\/\/candas365.es\/noticias\/wp-json\/wp\/v2\/types\/post"}],"author":[{"embeddable":true,"href":"https:\/\/candas365.es\/noticias\/wp-json\/wp\/v2\/users\/1"}],"replies":[{"embeddable":true,"href":"https:\/\/candas365.es\/noticias\/wp-json\/wp\/v2\/comments?post=194335"}],"version-history":[{"count":1,"href":"https:\/\/candas365.es\/noticias\/wp-json\/wp\/v2\/posts\/194335\/revisions"}],"predecessor-version":[{"id":194337,"href":"https:\/\/candas365.es\/noticias\/wp-json\/wp\/v2\/posts\/194335\/revisions\/194337"}],"wp:featuredmedia":[{"embeddable":true,"href":"https:\/\/candas365.es\/noticias\/wp-json\/wp\/v2\/media\/194336"}],"wp:attachment":[{"href":"https:\/\/candas365.es\/noticias\/wp-json\/wp\/v2\/media?parent=194335"}],"wp:term":[{"taxonomy":"category","embeddable":true,"href":"https:\/\/candas365.es\/noticias\/wp-json\/wp\/v2\/categories?post=194335"},{"taxonomy":"post_tag","embeddable":true,"href":"https:\/\/candas365.es\/noticias\/wp-json\/wp\/v2\/tags?post=194335"}],"curies":[{"name":"wp","href":"https:\/\/api.w.org\/{rel}","templated":true}]}}