{"id":194331,"date":"2026-04-26T18:06:33","date_gmt":"2026-04-26T16:06:33","guid":{"rendered":"https:\/\/candas365.es\/noticias\/?p=194331"},"modified":"2026-04-26T18:07:12","modified_gmt":"2026-04-26T16:07:12","slug":"pleno-ordinario-en-carreno-el-30-de-abril-de-2026","status":"publish","type":"post","link":"https:\/\/candas365.es\/noticias\/pleno-ordinario-en-carreno-el-30-de-abril-de-2026\/","title":{"rendered":"Pleno ordinario en Carre\u00f1o el 30 de abril de 2026"},"content":{"rendered":"<p>El <a href=\"https:\/\/www.ayto-carreno.es\/\" target=\"_blank\" rel=\"noopener\"><span style=\"color: #ff6600;\"><strong>Ayuntamiento de Carre\u00f1o<\/strong><\/span><\/a> celebrar\u00e1 en Cand\u00e1s el pleno ordinario del jueves 30 de abril de 2026 a las 18:30 horas, en el que se debatir\u00e1n asuntos de gesti\u00f3n municipal, econom\u00eda y medio ambiente.<\/p>\n<figure id=\"attachment_194332\" aria-describedby=\"caption-attachment-194332\" style=\"width: 650px\" class=\"wp-caption aligncenter\"><img fetchpriority=\"high\" decoding=\"async\" class=\"size-large wp-image-194332\" src=\"https:\/\/candas365.es\/noticias\/wp-content\/uploads\/2026\/04\/Pleno-ordinario-en-Carreno-el-30-de-abril-de-2026-650x471.jpg\" alt=\"Pleno ordinario en Carre\u00f1o el 30 de abril de 2026\" width=\"650\" height=\"471\" srcset=\"https:\/\/candas365.es\/noticias\/wp-content\/uploads\/2026\/04\/Pleno-ordinario-en-Carreno-el-30-de-abril-de-2026-650x471.jpg 650w, https:\/\/candas365.es\/noticias\/wp-content\/uploads\/2026\/04\/Pleno-ordinario-en-Carreno-el-30-de-abril-de-2026-360x261.jpg 360w, https:\/\/candas365.es\/noticias\/wp-content\/uploads\/2026\/04\/Pleno-ordinario-en-Carreno-el-30-de-abril-de-2026-768x557.jpg 768w, https:\/\/candas365.es\/noticias\/wp-content\/uploads\/2026\/04\/Pleno-ordinario-en-Carreno-el-30-de-abril-de-2026-150x109.jpg 150w, https:\/\/candas365.es\/noticias\/wp-content\/uploads\/2026\/04\/Pleno-ordinario-en-Carreno-el-30-de-abril-de-2026-450x326.jpg 450w, https:\/\/candas365.es\/noticias\/wp-content\/uploads\/2026\/04\/Pleno-ordinario-en-Carreno-el-30-de-abril-de-2026.jpg 1116w\" sizes=\"(max-width: 650px) 100vw, 650px\" \/><figcaption id=\"caption-attachment-194332\" class=\"wp-caption-text\">Foto: Nacho Berm\u00fadez \/ Cand\u00e1s 365<\/figcaption><\/figure>\n<p>El orden del d\u00eda se abrir\u00e1 con la lectura y aprobaci\u00f3n del acta de la sesi\u00f3n anterior, celebrada el 26 de marzo de 2026.<\/p>\n<h2>En el apartado de Actas y \u00d3rganos de Gobierno, se dar\u00e1 cuenta de tres resoluciones de la Alcald\u00eda:<\/h2>\n<ul>\n<li>La delegaci\u00f3n temporal de funciones en el Primer Teniente de Alcalde por ausencia del Concejo entre el 21 y el 30 de abril.<\/li>\n<li>La modificaci\u00f3n de competencias delegadas en la Junta de Gobierno Local.<\/li>\n<li>La aprobaci\u00f3n del plan <a href=\"https:\/\/candas365.es\/noticias\/category\/salud\/\"><span style=\"color: #ff6600;\"><strong>Carre\u00f1o Cuida<\/strong><\/span><\/a>. Plan Vivo de Salud 2026.<\/li>\n<\/ul>\n<p>En el bloque de Contrataci\u00f3n, Bienes y Asuntos Generales, se abordar\u00e1 el nombramiento del Juez de Paz sustituto del concejo.<\/p>\n<p>En materia de Hacienda y Transparencia, el pleno tratar\u00e1 una modificaci\u00f3n de cr\u00e9dito (7\/2026) mediante bajas en otras aplicaciones, as\u00ed como el reconocimiento extrajudicial de facturas del ejercicio 2025.<\/p>\n<p>El \u00e1rea de Urbanismo y Medio Ambiente incluir\u00e1 la propuesta de adhesi\u00f3n del Ayuntamiento de Carre\u00f1o a la comunidad energ\u00e9tica \u201c<strong>Carre\u00f1o Renovables<\/strong>\u201d.<\/p>\n<p>El pleno continuar\u00e1 con la presentaci\u00f3n de resoluciones de la Alcald\u00eda correspondientes a marzo de 2026, y con la exposici\u00f3n de diversas resoluciones judiciales emitidas por \u00f3rganos contencioso-administrativos, el Tribunal Superior de Justicia de Asturias y el Juzgado de lo Social.<\/p>\n<p>La sesi\u00f3n concluir\u00e1 con el turno de Ruegos y Preguntas.<\/p>\n","protected":false},"excerpt":{"rendered":"<p>El Ayuntamiento de Carre\u00f1o celebrar\u00e1 en Cand\u00e1s el pleno ordinario del jueves 30 de abril de 2026 a las 18:30 horas, en el que se debatir\u00e1n asuntos de gesti\u00f3n municipal, econom\u00eda y medio ambiente. El orden del d\u00eda se abrir\u00e1 con la lectura y aprobaci\u00f3n del acta de la sesi\u00f3n anterior, celebrada el 26 de<\/p>\n","protected":false},"author":5,"featured_media":194332,"comment_status":"closed","ping_status":"closed","sticky":false,"template":"","format":"standard","meta":{"footnotes":""},"categories":[2],"tags":[365],"class_list":{"0":"post-194331","1":"post","2":"type-post","3":"status-publish","4":"format-standard","5":"has-post-thumbnail","7":"category-noticias-carreno","8":"tag-carreno"},"aioseo_notices":[],"aioseo_head":"\n\t\t<!-- All in One SEO Pro 4.9.6.2 - aioseo.com -->\n\t<meta name=\"description\" content=\"El Ayuntamiento de Carre\u00f1o celebrar\u00e1 en Cand\u00e1s el pleno ordinario del jueves 30 de abril de 2026 a las 18:30 horas, en el que se debatir\u00e1n asuntos de gesti\u00f3n\" \/>\n\t<meta name=\"robots\" content=\"max-image-preview:large\" \/>\n\t<meta name=\"author\" content=\"Nacho Berm\u00fadez\"\/>\n\t<meta name=\"google-site-verification\" content=\"UA-32230408-1\" \/>\n\t<meta name=\"msvalidate.01\" content=\"354F3CDFB2DA171B47FBE9ABF1F88D5\" \/>\n\t<meta name=\"keywords\" content=\"noticias carre\u00f1o\" \/>\n\t<link rel=\"canonical\" href=\"https:\/\/candas365.es\/noticias\/pleno-ordinario-en-carreno-el-30-de-abril-de-2026\/\" \/>\n\t<meta name=\"generator\" content=\"All in One SEO Pro (AIOSEO) 4.9.6.2\" \/>\n\t\t<meta property=\"og:locale\" content=\"es_ES\" \/>\n\t\t<meta property=\"og:site_name\" content=\"Cand\u00e1s 365\" \/>\n\t\t<meta property=\"og:type\" content=\"article\" \/>\n\t\t<meta property=\"og:title\" content=\"Pleno ordinario en Carre\u00f1o el 30 de abril de 2026 | Cand\u00e1s 365\" \/>\n\t\t<meta property=\"og:description\" content=\"El Ayuntamiento de Carre\u00f1o celebrar\u00e1 en Cand\u00e1s el pleno ordinario del jueves 30 de abril de 2026 a las 18:30 horas, en el que se debatir\u00e1n asuntos de gesti\u00f3n\" \/>\n\t\t<meta property=\"og:url\" content=\"https:\/\/candas365.es\/noticias\/pleno-ordinario-en-carreno-el-30-de-abril-de-2026\/\" \/>\n\t\t<meta property=\"og:image\" content=\"https:\/\/candas365.es\/noticias\/wp-content\/uploads\/2026\/04\/Pleno-ordinario-en-Carreno-el-30-de-abril-de-2026.jpg\" \/>\n\t\t<meta property=\"og:image:secure_url\" content=\"https:\/\/candas365.es\/noticias\/wp-content\/uploads\/2026\/04\/Pleno-ordinario-en-Carreno-el-30-de-abril-de-2026.jpg\" \/>\n\t\t<meta property=\"og:image:width\" content=\"1116\" \/>\n\t\t<meta property=\"og:image:height\" content=\"809\" \/>\n\t\t<meta property=\"article:published_time\" content=\"2026-04-26T16:06:33+00:00\" \/>\n\t\t<meta property=\"article:modified_time\" content=\"2026-04-26T16:07:12+00:00\" \/>\n\t\t<meta property=\"article:publisher\" content=\"https:\/\/www.facebook.com\/Nachofdezber\" \/>\n\t\t<meta name=\"twitter:card\" content=\"summary_large_image\" \/>\n\t\t<meta name=\"twitter:site\" content=\"@NabercoDigital\" \/>\n\t\t<meta name=\"twitter:title\" content=\"Pleno ordinario en Carre\u00f1o el 30 de abril de 2026 | Cand\u00e1s 365\" \/>\n\t\t<meta name=\"twitter:description\" content=\"El Ayuntamiento de Carre\u00f1o celebrar\u00e1 en Cand\u00e1s el pleno ordinario del jueves 30 de abril de 2026 a las 18:30 horas, en el que se debatir\u00e1n asuntos de gesti\u00f3n\" \/>\n\t\t<meta name=\"twitter:creator\" content=\"@NabercoDigital\" \/>\n\t\t<meta name=\"twitter:image\" content=\"https:\/\/candas365.es\/noticias\/wp-content\/uploads\/2026\/04\/Pleno-ordinario-en-Carreno-el-30-de-abril-de-2026.jpg\" \/>\n\t\t<meta name=\"twitter:label1\" content=\"Escrito por\" \/>\n\t\t<meta name=\"twitter:data1\" content=\"Nacho Berm\u00fadez\" \/>\n\t\t<meta name=\"twitter:label2\" content=\"Tiempo de lectura estimado\" \/>\n\t\t<meta name=\"twitter:data2\" content=\"1 minuto\" \/>\n\t\t<script type=\"application\/ld+json\" class=\"aioseo-schema\">\n\t\t\t{\"@context\":\"https:\\\/\\\/schema.org\",\"@graph\":[{\"@type\":\"BreadcrumbList\",\"@id\":\"https:\\\/\\\/candas365.es\\\/noticias\\\/pleno-ordinario-en-carreno-el-30-de-abril-de-2026\\\/#breadcrumblist\",\"itemListElement\":[{\"@type\":\"ListItem\",\"@id\":\"https:\\\/\\\/candas365.es\\\/noticias#listItem\",\"position\":1,\"name\":\"Home\",\"item\":\"https:\\\/\\\/candas365.es\\\/noticias\",\"nextItem\":{\"@type\":\"ListItem\",\"@id\":\"https:\\\/\\\/candas365.es\\\/noticias\\\/category\\\/noticias-carreno\\\/#listItem\",\"name\":\"Noticias Carre\\u00f1o\"}},{\"@type\":\"ListItem\",\"@id\":\"https:\\\/\\\/candas365.es\\\/noticias\\\/category\\\/noticias-carreno\\\/#listItem\",\"position\":2,\"name\":\"Noticias Carre\\u00f1o\",\"item\":\"https:\\\/\\\/candas365.es\\\/noticias\\\/category\\\/noticias-carreno\\\/\",\"nextItem\":{\"@type\":\"ListItem\",\"@id\":\"https:\\\/\\\/candas365.es\\\/noticias\\\/pleno-ordinario-en-carreno-el-30-de-abril-de-2026\\\/#listItem\",\"name\":\"Pleno ordinario en Carre\\u00f1o el 30 de abril de 2026\"},\"previousItem\":{\"@type\":\"ListItem\",\"@id\":\"https:\\\/\\\/candas365.es\\\/noticias#listItem\",\"name\":\"Home\"}},{\"@type\":\"ListItem\",\"@id\":\"https:\\\/\\\/candas365.es\\\/noticias\\\/pleno-ordinario-en-carreno-el-30-de-abril-de-2026\\\/#listItem\",\"position\":3,\"name\":\"Pleno ordinario en Carre\\u00f1o el 30 de abril de 2026\",\"previousItem\":{\"@type\":\"ListItem\",\"@id\":\"https:\\\/\\\/candas365.es\\\/noticias\\\/category\\\/noticias-carreno\\\/#listItem\",\"name\":\"Noticias Carre\\u00f1o\"}}]},{\"@type\":\"NewsArticle\",\"@id\":\"https:\\\/\\\/candas365.es\\\/noticias\\\/pleno-ordinario-en-carreno-el-30-de-abril-de-2026\\\/#newsarticle\",\"name\":\"Pleno ordinario en Carre\\u00f1o el 30 de abril de 2026 | Cand\\u00e1s 365\",\"headline\":\"Pleno ordinario en Carre\\u00f1o el 30 de abril de 2026\",\"author\":{\"@id\":\"https:\\\/\\\/candas365.es\\\/noticias\\\/author\\\/nacho-bermudez\\\/#author\"},\"publisher\":{\"@id\":\"https:\\\/\\\/candas365.es\\\/noticias\\\/#organization\"},\"image\":{\"@type\":\"ImageObject\",\"url\":\"https:\\\/\\\/candas365.es\\\/noticias\\\/wp-content\\\/uploads\\\/2026\\\/04\\\/Pleno-ordinario-en-Carreno-el-30-de-abril-de-2026.jpg\",\"width\":1116,\"height\":809,\"caption\":\"Foto: Nacho Berm\\u00fadez \\\/ Cand\\u00e1s 365\"},\"datePublished\":\"2026-04-26T18:06:33+02:00\",\"dateModified\":\"2026-04-26T18:07:12+02:00\",\"inLanguage\":\"es-ES\",\"mainEntityOfPage\":{\"@id\":\"https:\\\/\\\/candas365.es\\\/noticias\\\/pleno-ordinario-en-carreno-el-30-de-abril-de-2026\\\/#webpage\"},\"isPartOf\":{\"@id\":\"https:\\\/\\\/candas365.es\\\/noticias\\\/pleno-ordinario-en-carreno-el-30-de-abril-de-2026\\\/#webpage\"},\"articleSection\":\"Noticias Carre\\u00f1o, Carre\\u00f1o\",\"dateline\":\"Publicado el abril 26, 2026.\"},{\"@type\":\"Organization\",\"@id\":\"https:\\\/\\\/candas365.es\\\/noticias\\\/#organization\",\"name\":\"Cand\\u00e1s 365\",\"description\":\"Cand\\u00e1s 365 es un diario digital independiente, fundado en 2012, con base en Asturias. Informamos con rigor sobre actualidad, sociedad, cultura y ocio, con una mirada local y global.\",\"url\":\"https:\\\/\\\/candas365.es\\\/noticias\\\/\",\"email\":\"info@candas365.es\",\"telephone\":\"+34652131393\",\"foundingDate\":\"2012-06-10\",\"logo\":{\"@type\":\"ImageObject\",\"url\":\"https:\\\/\\\/candas365.es\\\/noticias\\\/wp-content\\\/uploads\\\/2024\\\/09\\\/Candas-365-Redes.jpg\",\"@id\":\"https:\\\/\\\/candas365.es\\\/noticias\\\/pleno-ordinario-en-carreno-el-30-de-abril-de-2026\\\/#organizationLogo\",\"width\":1152,\"height\":864,\"caption\":\"Cand\\u00e1s 365 Redes\"},\"image\":{\"@id\":\"https:\\\/\\\/candas365.es\\\/noticias\\\/pleno-ordinario-en-carreno-el-30-de-abril-de-2026\\\/#organizationLogo\"},\"sameAs\":[\"https:\\\/\\\/www.facebook.com\\\/Nachofdezber\",\"https:\\\/\\\/x.com\\\/NabercoDigital\",\"https:\\\/\\\/www.instagram.com\\\/nachofdezber\\\/\",\"https:\\\/\\\/www.youtube.com\\\/channel\\\/UCZP-2wLEB9Rv6erhFmqVnvg\"],\"address\":{\"@id\":\"https:\\\/\\\/candas365.es\\\/noticias\\\/#postaladdress\",\"@type\":\"PostalAddress\",\"streetAddress\":\"san antonio 4, san antonio 4\",\"postalCode\":\"33430\",\"addressLocality\":\"Cand\\u00e1s\",\"addressRegion\":\"Asturias\",\"addressCountry\":\"ES\"}},{\"@type\":\"Person\",\"@id\":\"https:\\\/\\\/candas365.es\\\/noticias\\\/author\\\/nacho-bermudez\\\/#author\",\"url\":\"https:\\\/\\\/candas365.es\\\/noticias\\\/author\\\/nacho-bermudez\\\/\",\"name\":\"Nacho Berm\\u00fadez\",\"image\":{\"@type\":\"ImageObject\",\"@id\":\"https:\\\/\\\/candas365.es\\\/noticias\\\/pleno-ordinario-en-carreno-el-30-de-abril-de-2026\\\/#authorImage\",\"url\":\"https:\\\/\\\/candas365.es\\\/noticias\\\/wp-content\\\/uploads\\\/2026\\\/04\\\/Nacho-Bermudez-96x96.jpg\",\"width\":96,\"height\":96,\"caption\":\"Nacho Berm\\u00fadez\"}},{\"@type\":\"WebPage\",\"@id\":\"https:\\\/\\\/candas365.es\\\/noticias\\\/pleno-ordinario-en-carreno-el-30-de-abril-de-2026\\\/#webpage\",\"url\":\"https:\\\/\\\/candas365.es\\\/noticias\\\/pleno-ordinario-en-carreno-el-30-de-abril-de-2026\\\/\",\"name\":\"Pleno ordinario en Carre\\u00f1o el 30 de abril de 2026 | Cand\\u00e1s 365\",\"description\":\"El Ayuntamiento de Carre\\u00f1o celebrar\\u00e1 en Cand\\u00e1s el pleno ordinario del jueves 30 de abril de 2026 a las 18:30 horas, en el que se debatir\\u00e1n asuntos de gesti\\u00f3n\",\"inLanguage\":\"es-ES\",\"isPartOf\":{\"@id\":\"https:\\\/\\\/candas365.es\\\/noticias\\\/#website\"},\"breadcrumb\":{\"@id\":\"https:\\\/\\\/candas365.es\\\/noticias\\\/pleno-ordinario-en-carreno-el-30-de-abril-de-2026\\\/#breadcrumblist\"},\"author\":{\"@id\":\"https:\\\/\\\/candas365.es\\\/noticias\\\/author\\\/nacho-bermudez\\\/#author\"},\"creator\":{\"@id\":\"https:\\\/\\\/candas365.es\\\/noticias\\\/author\\\/nacho-bermudez\\\/#author\"},\"image\":{\"@type\":\"ImageObject\",\"url\":\"https:\\\/\\\/candas365.es\\\/noticias\\\/wp-content\\\/uploads\\\/2026\\\/04\\\/Pleno-ordinario-en-Carreno-el-30-de-abril-de-2026.jpg\",\"@id\":\"https:\\\/\\\/candas365.es\\\/noticias\\\/pleno-ordinario-en-carreno-el-30-de-abril-de-2026\\\/#mainImage\",\"width\":1116,\"height\":809,\"caption\":\"Foto: Nacho Berm\\u00fadez \\\/ Cand\\u00e1s 365\"},\"primaryImageOfPage\":{\"@id\":\"https:\\\/\\\/candas365.es\\\/noticias\\\/pleno-ordinario-en-carreno-el-30-de-abril-de-2026\\\/#mainImage\"},\"datePublished\":\"2026-04-26T18:06:33+02:00\",\"dateModified\":\"2026-04-26T18:07:12+02:00\"},{\"@type\":\"WebSite\",\"@id\":\"https:\\\/\\\/candas365.es\\\/noticias\\\/#website\",\"url\":\"https:\\\/\\\/candas365.es\\\/noticias\\\/\",\"name\":\"Cand\\u00e1s 365\",\"alternateName\":\"Cand\\u00e1s 365 Noticias\",\"description\":\"Actualidad desde Carre\\u00f1o para el mundo\",\"inLanguage\":\"es-ES\",\"publisher\":{\"@id\":\"https:\\\/\\\/candas365.es\\\/noticias\\\/#organization\"}}]}\n\t\t<\/script>\n\t\t<!-- All in One SEO Pro -->\r\n\t\t<title>Pleno ordinario en Carre\u00f1o el 30 de abril de 2026 | Cand\u00e1s 365<\/title>\n\n","aioseo_head_json":{"title":"Pleno ordinario en Carre\u00f1o el 30 de abril de 2026 | Cand\u00e1s 365","description":"El Ayuntamiento de Carre\u00f1o celebrar\u00e1 en Cand\u00e1s el pleno ordinario del jueves 30 de abril de 2026 a las 18:30 horas, en el que se debatir\u00e1n asuntos de gesti\u00f3n","canonical_url":"https:\/\/candas365.es\/noticias\/pleno-ordinario-en-carreno-el-30-de-abril-de-2026\/","robots":"max-image-preview:large","keywords":"noticias carre\u00f1o","webmasterTools":{"google-site-verification":"UA-32230408-1","msvalidate.01":"354F3CDFB2DA171B47FBE9ABF1F88D5","miscellaneous":""},"schema":{"@context":"https:\/\/schema.org","@graph":[{"@type":"BreadcrumbList","@id":"https:\/\/candas365.es\/noticias\/pleno-ordinario-en-carreno-el-30-de-abril-de-2026\/#breadcrumblist","itemListElement":[{"@type":"ListItem","@id":"https:\/\/candas365.es\/noticias#listItem","position":1,"name":"Home","item":"https:\/\/candas365.es\/noticias","nextItem":{"@type":"ListItem","@id":"https:\/\/candas365.es\/noticias\/category\/noticias-carreno\/#listItem","name":"Noticias Carre\u00f1o"}},{"@type":"ListItem","@id":"https:\/\/candas365.es\/noticias\/category\/noticias-carreno\/#listItem","position":2,"name":"Noticias Carre\u00f1o","item":"https:\/\/candas365.es\/noticias\/category\/noticias-carreno\/","nextItem":{"@type":"ListItem","@id":"https:\/\/candas365.es\/noticias\/pleno-ordinario-en-carreno-el-30-de-abril-de-2026\/#listItem","name":"Pleno ordinario en Carre\u00f1o el 30 de abril de 2026"},"previousItem":{"@type":"ListItem","@id":"https:\/\/candas365.es\/noticias#listItem","name":"Home"}},{"@type":"ListItem","@id":"https:\/\/candas365.es\/noticias\/pleno-ordinario-en-carreno-el-30-de-abril-de-2026\/#listItem","position":3,"name":"Pleno ordinario en Carre\u00f1o el 30 de abril de 2026","previousItem":{"@type":"ListItem","@id":"https:\/\/candas365.es\/noticias\/category\/noticias-carreno\/#listItem","name":"Noticias Carre\u00f1o"}}]},{"@type":"NewsArticle","@id":"https:\/\/candas365.es\/noticias\/pleno-ordinario-en-carreno-el-30-de-abril-de-2026\/#newsarticle","name":"Pleno ordinario en Carre\u00f1o el 30 de abril de 2026 | Cand\u00e1s 365","headline":"Pleno ordinario en Carre\u00f1o el 30 de abril de 2026","author":{"@id":"https:\/\/candas365.es\/noticias\/author\/nacho-bermudez\/#author"},"publisher":{"@id":"https:\/\/candas365.es\/noticias\/#organization"},"image":{"@type":"ImageObject","url":"https:\/\/candas365.es\/noticias\/wp-content\/uploads\/2026\/04\/Pleno-ordinario-en-Carreno-el-30-de-abril-de-2026.jpg","width":1116,"height":809,"caption":"Foto: Nacho Berm\u00fadez \/ Cand\u00e1s 365"},"datePublished":"2026-04-26T18:06:33+02:00","dateModified":"2026-04-26T18:07:12+02:00","inLanguage":"es-ES","mainEntityOfPage":{"@id":"https:\/\/candas365.es\/noticias\/pleno-ordinario-en-carreno-el-30-de-abril-de-2026\/#webpage"},"isPartOf":{"@id":"https:\/\/candas365.es\/noticias\/pleno-ordinario-en-carreno-el-30-de-abril-de-2026\/#webpage"},"articleSection":"Noticias Carre\u00f1o, Carre\u00f1o","dateline":"Publicado el abril 26, 2026."},{"@type":"Organization","@id":"https:\/\/candas365.es\/noticias\/#organization","name":"Cand\u00e1s 365","description":"Cand\u00e1s 365 es un diario digital independiente, fundado en 2012, con base en Asturias. Informamos con rigor sobre actualidad, sociedad, cultura y ocio, con una mirada local y global.","url":"https:\/\/candas365.es\/noticias\/","email":"info@candas365.es","telephone":"+34652131393","foundingDate":"2012-06-10","logo":{"@type":"ImageObject","url":"https:\/\/candas365.es\/noticias\/wp-content\/uploads\/2024\/09\/Candas-365-Redes.jpg","@id":"https:\/\/candas365.es\/noticias\/pleno-ordinario-en-carreno-el-30-de-abril-de-2026\/#organizationLogo","width":1152,"height":864,"caption":"Cand\u00e1s 365 Redes"},"image":{"@id":"https:\/\/candas365.es\/noticias\/pleno-ordinario-en-carreno-el-30-de-abril-de-2026\/#organizationLogo"},"sameAs":["https:\/\/www.facebook.com\/Nachofdezber","https:\/\/x.com\/NabercoDigital","https:\/\/www.instagram.com\/nachofdezber\/","https:\/\/www.youtube.com\/channel\/UCZP-2wLEB9Rv6erhFmqVnvg"],"address":{"@id":"https:\/\/candas365.es\/noticias\/#postaladdress","@type":"PostalAddress","streetAddress":"san antonio 4, san antonio 4","postalCode":"33430","addressLocality":"Cand\u00e1s","addressRegion":"Asturias","addressCountry":"ES"}},{"@type":"Person","@id":"https:\/\/candas365.es\/noticias\/author\/nacho-bermudez\/#author","url":"https:\/\/candas365.es\/noticias\/author\/nacho-bermudez\/","name":"Nacho Berm\u00fadez","image":{"@type":"ImageObject","@id":"https:\/\/candas365.es\/noticias\/pleno-ordinario-en-carreno-el-30-de-abril-de-2026\/#authorImage","url":"https:\/\/candas365.es\/noticias\/wp-content\/uploads\/2026\/04\/Nacho-Bermudez-96x96.jpg","width":96,"height":96,"caption":"Nacho Berm\u00fadez"}},{"@type":"WebPage","@id":"https:\/\/candas365.es\/noticias\/pleno-ordinario-en-carreno-el-30-de-abril-de-2026\/#webpage","url":"https:\/\/candas365.es\/noticias\/pleno-ordinario-en-carreno-el-30-de-abril-de-2026\/","name":"Pleno ordinario en Carre\u00f1o el 30 de abril de 2026 | Cand\u00e1s 365","description":"El Ayuntamiento de Carre\u00f1o celebrar\u00e1 en Cand\u00e1s el pleno ordinario del jueves 30 de abril de 2026 a las 18:30 horas, en el que se debatir\u00e1n asuntos de gesti\u00f3n","inLanguage":"es-ES","isPartOf":{"@id":"https:\/\/candas365.es\/noticias\/#website"},"breadcrumb":{"@id":"https:\/\/candas365.es\/noticias\/pleno-ordinario-en-carreno-el-30-de-abril-de-2026\/#breadcrumblist"},"author":{"@id":"https:\/\/candas365.es\/noticias\/author\/nacho-bermudez\/#author"},"creator":{"@id":"https:\/\/candas365.es\/noticias\/author\/nacho-bermudez\/#author"},"image":{"@type":"ImageObject","url":"https:\/\/candas365.es\/noticias\/wp-content\/uploads\/2026\/04\/Pleno-ordinario-en-Carreno-el-30-de-abril-de-2026.jpg","@id":"https:\/\/candas365.es\/noticias\/pleno-ordinario-en-carreno-el-30-de-abril-de-2026\/#mainImage","width":1116,"height":809,"caption":"Foto: Nacho Berm\u00fadez \/ Cand\u00e1s 365"},"primaryImageOfPage":{"@id":"https:\/\/candas365.es\/noticias\/pleno-ordinario-en-carreno-el-30-de-abril-de-2026\/#mainImage"},"datePublished":"2026-04-26T18:06:33+02:00","dateModified":"2026-04-26T18:07:12+02:00"},{"@type":"WebSite","@id":"https:\/\/candas365.es\/noticias\/#website","url":"https:\/\/candas365.es\/noticias\/","name":"Cand\u00e1s 365","alternateName":"Cand\u00e1s 365 Noticias","description":"Actualidad desde Carre\u00f1o para el mundo","inLanguage":"es-ES","publisher":{"@id":"https:\/\/candas365.es\/noticias\/#organization"}}]},"og:locale":"es_ES","og:site_name":"Cand\u00e1s 365","og:type":"article","og:title":"Pleno ordinario en Carre\u00f1o el 30 de abril de 2026 | Cand\u00e1s 365","og:description":"El Ayuntamiento de Carre\u00f1o celebrar\u00e1 en Cand\u00e1s el pleno ordinario del jueves 30 de abril de 2026 a las 18:30 horas, en el que se debatir\u00e1n asuntos de gesti\u00f3n","og:url":"https:\/\/candas365.es\/noticias\/pleno-ordinario-en-carreno-el-30-de-abril-de-2026\/","og:image":"https:\/\/candas365.es\/noticias\/wp-content\/uploads\/2026\/04\/Pleno-ordinario-en-Carreno-el-30-de-abril-de-2026.jpg","og:image:secure_url":"https:\/\/candas365.es\/noticias\/wp-content\/uploads\/2026\/04\/Pleno-ordinario-en-Carreno-el-30-de-abril-de-2026.jpg","og:image:width":1116,"og:image:height":809,"article:published_time":"2026-04-26T16:06:33+00:00","article:modified_time":"2026-04-26T16:07:12+00:00","article:publisher":"https:\/\/www.facebook.com\/Nachofdezber","twitter:card":"summary_large_image","twitter:site":"@NabercoDigital","twitter:title":"Pleno ordinario en Carre\u00f1o el 30 de abril de 2026 | Cand\u00e1s 365","twitter:description":"El Ayuntamiento de Carre\u00f1o celebrar\u00e1 en Cand\u00e1s el pleno ordinario del jueves 30 de abril de 2026 a las 18:30 horas, en el que se debatir\u00e1n asuntos de gesti\u00f3n","twitter:creator":"@NabercoDigital","twitter:image":"https:\/\/candas365.es\/noticias\/wp-content\/uploads\/2026\/04\/Pleno-ordinario-en-Carreno-el-30-de-abril-de-2026.jpg","twitter:label1":"Escrito por","twitter:data1":"Nacho Berm\u00fadez","twitter:label2":"Tiempo de lectura estimado","twitter:data2":"1 minuto"},"aioseo_meta_data":{"post_id":"194331","title":null,"description":"El Ayuntamiento de Carre\u00f1o celebrar\u00e1 en Cand\u00e1s el pleno ordinario del jueves 30 de abril de 2026 a las 18:30 horas, en el que se debatir\u00e1n asuntos de gesti\u00f3n","keywords":null,"keyphrases":{"focus":{"keyphrase":"Carre\u00f1o","score":91,"analysis":{"keyphraseInTitle":{"score":9,"maxScore":9,"error":0},"keyphraseInDescription":{"score":9,"maxScore":9,"error":0},"keyphraseLength":{"score":9,"maxScore":9,"error":0,"length":2},"keyphraseInURL":{"score":5,"maxScore":5,"error":0},"keyphraseInIntroduction":{"score":9,"maxScore":9,"error":0},"keyphraseInSubHeadings":{"score":3,"maxScore":9,"error":1},"keyphraseInImageAlt":{"score":9,"maxScore":9,"error":0},"keywordDensity":{"type":"best","score":9,"maxScore":9,"error":0}}},"additional":[{"keyphrase":"pleno ordinario","score":80,"analysis":{"keyphraseInDescription":{"score":9,"maxScore":9,"error":0},"keyphraseLength":{"score":9,"maxScore":9,"error":0,"length":2},"keyphraseInIntroduction":{"score":9,"maxScore":9,"error":0},"keyphraseInImageAlt":{"score":9,"maxScore":9,"error":0},"keywordDensity":{"score":0,"type":"low","maxScore":9,"error":1}}}]},"primary_term":null,"canonical_url":null,"og_title":null,"og_description":null,"og_object_type":"default","og_image_type":"default","og_image_url":null,"og_image_width":null,"og_image_height":null,"og_image_custom_url":null,"og_image_custom_fields":null,"og_video":"","og_custom_url":null,"og_article_section":null,"og_article_tags":null,"twitter_use_og":false,"twitter_card":"default","twitter_image_type":"default","twitter_image_url":null,"twitter_image_custom_url":null,"twitter_image_custom_fields":null,"twitter_title":null,"twitter_description":null,"schema":{"blockGraphs":[],"customGraphs":[],"default":{"data":{"Article":[],"Course":[],"Dataset":[],"FAQPage":[],"Movie":[],"Person":[],"Product":[],"ProductReview":[],"Car":[],"Recipe":[],"Service":[],"SoftwareApplication":[],"WebPage":[]},"graphName":"NewsArticle","isEnabled":true},"graphs":[]},"schema_type":"default","schema_type_options":null,"pillar_content":false,"robots_default":true,"robots_noindex":false,"robots_noarchive":false,"robots_nosnippet":false,"robots_nofollow":false,"robots_noimageindex":false,"robots_noodp":false,"robots_notranslate":false,"robots_max_snippet":"-1","robots_max_videopreview":"-1","robots_max_imagepreview":"large","priority":null,"frequency":"default","location":null,"local_seo":null,"seo_analyzer_scan_date":"2026-04-26 16:24:11","breadcrumb_settings":null,"limit_modified_date":false,"reviewed_by":"0","open_ai":null,"ai":{"faqs":[],"keyPoints":[],"schemas":[],"titles":[],"descriptions":[],"socialPosts":{"email":[],"linkedin":[],"twitter":[],"facebook":[],"instagram":[]}},"created":"2026-04-26 15:52:56","updated":"2026-04-26 16:24:11"},"aioseo_breadcrumb":"<div class=\"aioseo-breadcrumbs\"><span class=\"aioseo-breadcrumb\">\n\t<a href=\"https:\/\/candas365.es\/noticias\" title=\"Home\">Home<\/a>\n<\/span><span class=\"aioseo-breadcrumb-separator\">&ndash;<\/span><span class=\"aioseo-breadcrumb\">\n\t<a href=\"https:\/\/candas365.es\/noticias\/category\/noticias-carreno\/\" title=\"Noticias Carre\u00f1o\">Noticias Carre\u00f1o<\/a>\n<\/span><span class=\"aioseo-breadcrumb-separator\">&ndash;<\/span><span class=\"aioseo-breadcrumb\">\n\tPleno ordinario en Carre\u00f1o el 30 de abril de 2026\n<\/span><\/div>","aioseo_breadcrumb_json":[{"label":"Home","link":"https:\/\/candas365.es\/noticias"},{"label":"Noticias Carre\u00f1o","link":"https:\/\/candas365.es\/noticias\/category\/noticias-carreno\/"},{"label":"Pleno ordinario en Carre\u00f1o el 30 de abril de 2026","link":"https:\/\/candas365.es\/noticias\/pleno-ordinario-en-carreno-el-30-de-abril-de-2026\/"}],"_links":{"self":[{"href":"https:\/\/candas365.es\/noticias\/wp-json\/wp\/v2\/posts\/194331","targetHints":{"allow":["GET"]}}],"collection":[{"href":"https:\/\/candas365.es\/noticias\/wp-json\/wp\/v2\/posts"}],"about":[{"href":"https:\/\/candas365.es\/noticias\/wp-json\/wp\/v2\/types\/post"}],"author":[{"embeddable":true,"href":"https:\/\/candas365.es\/noticias\/wp-json\/wp\/v2\/users\/5"}],"replies":[{"embeddable":true,"href":"https:\/\/candas365.es\/noticias\/wp-json\/wp\/v2\/comments?post=194331"}],"version-history":[{"count":1,"href":"https:\/\/candas365.es\/noticias\/wp-json\/wp\/v2\/posts\/194331\/revisions"}],"predecessor-version":[{"id":194333,"href":"https:\/\/candas365.es\/noticias\/wp-json\/wp\/v2\/posts\/194331\/revisions\/194333"}],"wp:featuredmedia":[{"embeddable":true,"href":"https:\/\/candas365.es\/noticias\/wp-json\/wp\/v2\/media\/194332"}],"wp:attachment":[{"href":"https:\/\/candas365.es\/noticias\/wp-json\/wp\/v2\/media?parent=194331"}],"wp:term":[{"taxonomy":"category","embeddable":true,"href":"https:\/\/candas365.es\/noticias\/wp-json\/wp\/v2\/categories?post=194331"},{"taxonomy":"post_tag","embeddable":true,"href":"https:\/\/candas365.es\/noticias\/wp-json\/wp\/v2\/tags?post=194331"}],"curies":[{"name":"wp","href":"https:\/\/api.w.org\/{rel}","templated":true}]}}