{"id":194319,"date":"2026-04-26T16:07:27","date_gmt":"2026-04-26T14:07:27","guid":{"rendered":"https:\/\/candas365.es\/noticias\/?p=194319"},"modified":"2026-04-26T16:07:27","modified_gmt":"2026-04-26T14:07:27","slug":"los-efectos-de-la-nina-en-los-corales-de-galapagos","status":"publish","type":"post","link":"https:\/\/candas365.es\/noticias\/los-efectos-de-la-nina-en-los-corales-de-galapagos\/","title":{"rendered":"Los efectos de La Ni\u00f1a en los corales de Gal\u00e1pagos"},"content":{"rendered":"<p>Un equipo cient\u00edfico ha descubierto que los <a href=\"https:\/\/candas365.es\/noticias\/tag\/naturaleza\/\"><span style=\"color: #ff6600;\"><strong>corales profundos de Gal\u00e1pagos<\/strong><\/span><\/a> desaparecieron m\u00e1s de 1.000 a\u00f1os por La Ni\u00f1a, lo que evidencia su vulnerabilidad al cambio clim\u00e1tico.<\/p>\n<figure id=\"attachment_194320\" aria-describedby=\"caption-attachment-194320\" style=\"width: 650px\" class=\"wp-caption aligncenter\"><img fetchpriority=\"high\" decoding=\"async\" class=\"size-large wp-image-194320\" src=\"https:\/\/candas365.es\/noticias\/wp-content\/uploads\/2026\/04\/Los-efectos-de-La-Nina-en-los-corales-de-Galapagos-650x361.jpg\" alt=\"Los efectos de La Ni\u00f1a en los corales de Gal\u00e1pagos\" width=\"650\" height=\"361\" srcset=\"https:\/\/candas365.es\/noticias\/wp-content\/uploads\/2026\/04\/Los-efectos-de-La-Nina-en-los-corales-de-Galapagos-650x361.jpg 650w, https:\/\/candas365.es\/noticias\/wp-content\/uploads\/2026\/04\/Los-efectos-de-La-Nina-en-los-corales-de-Galapagos-360x200.jpg 360w, https:\/\/candas365.es\/noticias\/wp-content\/uploads\/2026\/04\/Los-efectos-de-La-Nina-en-los-corales-de-Galapagos-768x427.jpg 768w, https:\/\/candas365.es\/noticias\/wp-content\/uploads\/2026\/04\/Los-efectos-de-La-Nina-en-los-corales-de-Galapagos-150x83.jpg 150w, https:\/\/candas365.es\/noticias\/wp-content\/uploads\/2026\/04\/Los-efectos-de-La-Nina-en-los-corales-de-Galapagos-450x250.jpg 450w, https:\/\/candas365.es\/noticias\/wp-content\/uploads\/2026\/04\/Los-efectos-de-La-Nina-en-los-corales-de-Galapagos.jpg 1195w\" sizes=\"(max-width: 650px) 100vw, 650px\" \/><figcaption id=\"caption-attachment-194320\" class=\"wp-caption-text\">Arrecife de coral en la Reserva Marina de Gal\u00e1pagos | Foto de WHOI\/NSF<\/figcaption><\/figure>\n<p>Un equipo de cient\u00edficos ha descubierto que los corales de aguas profundas en la regi\u00f3n de Gal\u00e1pagos desaparecieron durante m\u00e1s de 1.000 a\u00f1os por un episodio de La Ni\u00f1a antes de volver a recuperarse, lo que revela que esos ecosistemas podr\u00edan ser m\u00e1s vulnerables al cambio clim\u00e1tico de lo que se cre\u00eda.<\/p>\n<p>La investigaci\u00f3n, liderada por la Universidad de Bristol (Reino Unido) en colaboraci\u00f3n con cient\u00edficos internacionales y publicada en la revista \u2018Proceedings of the National Academy of Sciences\u2019, se basa en el an\u00e1lisis de m\u00e1s de 900 corales p\u00e9treos f\u00f3siles de aguas profundas recogidos a profundidades de hasta 1.000 metros.<\/p>\n<p>Mediante la dataci\u00f3n uranio-torio, los investigadores reconstruyeron una historia de 117.000 a\u00f1os de los ecosistemas de corales de aguas profundas en la regi\u00f3n de Gal\u00e1pagos, uno de los registros m\u00e1s detallados de este tipo.<\/p>\n<p>Debido a que crecen en las partes m\u00e1s profundas y oscuras del oc\u00e9ano, los arrecifes de coral de aguas profundas han sido significativamente menos estudiados en comparaci\u00f3n con sus hom\u00f3logos tropicales, pero siguen siendo puntos clave de biodiversidad que albergan una rica variedad de peces y vida invertebrada.<\/p>\n<p>Sorprendentemente, el estudio descubri\u00f3 que estos ecosistemas de corales profundos, que persistieron a trav\u00e9s de importantes eventos clim\u00e1ticos globales durante decenas de miles de a\u00f1os, incluyendo la \u00faltima Edad de Hielo y el calentamiento posterior, experimentaron una interrupci\u00f3n notable hace unos 5.000 a\u00f1os, cuando los corales desaparecieron de los registros durante m\u00e1s de un milenio.<\/p>\n<h2>EL NI\u00d1O Y LA NI\u00d1A<\/h2>\n<p>An\u00e1lisis posteriores sugieren que esta sorprendente desaparici\u00f3n estuvo relacionada con el fen\u00f3meno clim\u00e1tico global de El Ni\u00f1o-Oscilaci\u00f3n del Sur, que surge de la variaci\u00f3n en los vientos y las temperaturas de la superficie del mar en el oc\u00e9ano Pac\u00edfico tropical.<\/p>\n<p>\u201cLa desaparici\u00f3n de los corales coincidi\u00f3 con una fase prolongada de La Ni\u00f1a. Durante ese periodo, una circulaci\u00f3n oce\u00e1nica m\u00e1s intensa llev\u00f3 aguas profundas ricas en nutrientes a la superficie, lo que probablemente provoc\u00f3 una disminuci\u00f3n de los niveles de ox\u00edgeno en las profundidades, dificultando la supervivencia de los corales de aguas profundas\u201d, explica Joseh Stewart, de la Facultad de Ciencias de la Tierra de la Universidad de Bristol.<\/p>\n<p>Con vistas al futuro, se prev\u00e9 que patrones clim\u00e1ticos como El Ni\u00f1o-Oscilaci\u00f3n del Sur cambien a medida que el planeta se calienta, pero, al estudiar c\u00f3mo estos patrones clim\u00e1ticos afectaron a los corales en el pasado, los cient\u00edficos pueden predecir y comprender mejor c\u00f3mo los ecosistemas de aguas profundas podr\u00edan verse afectados por el cambio clim\u00e1tico.<\/p>\n<p>\u201cLos hallazgos desaf\u00edan el pensamiento convencional. Si bien est\u00e1 bien documentado que los eventos de El Ni\u00f1o, que provocan calor extremo en las aguas superficiales tropicales del Pac\u00edfico, causan estr\u00e9s en los corales de aguas someras, nuestro estudio demuestra que la duraci\u00f3n prolongada de condiciones similares a La Ni\u00f1a tambi\u00e9n puede ser perjudicial, especialmente en las profundidades oce\u00e1nicas\u201d, apunta Stewart.<\/p>\n<p>Este investigador agrega: \u201cDado que se prev\u00e9 que el cambio clim\u00e1tico altere el comportamiento de El Ni\u00f1o-Oscilaci\u00f3n del Sur, los arrecifes de coral de aguas profundas, puntos cr\u00edticos de biodiversidad, podr\u00edan estar en mayor riesgo de lo que se pensaba\u201d.<\/p>\n<p>El hecho de que estos ecosistemas coralinos se recuperaran finalmente demuestra que la resiliencia es posible. El reto para la conservaci\u00f3n consiste en salvaguardar las condiciones que permitan esa recuperaci\u00f3n.<\/p>\n<p>En el Pac\u00edfico tropical oriental, esto implica la creaci\u00f3n de redes de \u00c1reas Marinas Protegidas que protejan el lecho marino profundo, fomentando la conectividad natural entre h\u00e1bitats y la resistencia al cambio clim\u00e1tico.<\/p>\n<p>(<a href=\"https:\/\/www.servimedia.es\/\" target=\"_blank\" rel=\"noopener\"><span style=\"color: #ff6600;\"><strong>SERVIMEDIA<\/strong><\/span><\/a>)<\/p>\n","protected":false},"excerpt":{"rendered":"<p>Un equipo cient\u00edfico ha descubierto que los corales profundos de Gal\u00e1pagos desaparecieron m\u00e1s de 1.000 a\u00f1os por La Ni\u00f1a, lo que evidencia su vulnerabilidad al cambio clim\u00e1tico. Un equipo de cient\u00edficos ha descubierto que los corales de aguas profundas en la regi\u00f3n de Gal\u00e1pagos desaparecieron durante m\u00e1s de 1.000 a\u00f1os por un episodio de La<\/p>\n","protected":false},"author":1,"featured_media":194320,"comment_status":"closed","ping_status":"closed","sticky":false,"template":"","format":"standard","meta":{"footnotes":""},"categories":[143],"tags":[408],"class_list":{"0":"post-194319","1":"post","2":"type-post","3":"status-publish","4":"format-standard","5":"has-post-thumbnail","7":"category-sociedad","8":"tag-sociedad"},"aioseo_notices":[],"aioseo_head":"\n\t\t<!-- All in One SEO Pro 4.9.6.2 - aioseo.com -->\n\t<meta name=\"description\" content=\"Un equipo cient\u00edfico ha descubierto que los corales profundos de Gal\u00e1pagos desaparecieron m\u00e1s de 1.000 a\u00f1os por La Ni\u00f1a, lo que evidencia su vulnerabilidad\" \/>\n\t<meta name=\"robots\" content=\"max-image-preview:large\" \/>\n\t<meta name=\"author\" content=\"Cand\u00e1s 365\"\/>\n\t<meta name=\"google-site-verification\" content=\"UA-32230408-1\" \/>\n\t<meta name=\"msvalidate.01\" content=\"354F3CDFB2DA171B47FBE9ABF1F88D5\" \/>\n\t<meta name=\"keywords\" content=\"sociedad\" \/>\n\t<link rel=\"canonical\" href=\"https:\/\/candas365.es\/noticias\/los-efectos-de-la-nina-en-los-corales-de-galapagos\/\" \/>\n\t<meta name=\"generator\" content=\"All in One SEO Pro (AIOSEO) 4.9.6.2\" \/>\n\t\t<meta property=\"og:locale\" content=\"es_ES\" \/>\n\t\t<meta property=\"og:site_name\" content=\"Cand\u00e1s 365\" \/>\n\t\t<meta property=\"og:type\" content=\"article\" \/>\n\t\t<meta property=\"og:title\" content=\"Los efectos de La Ni\u00f1a en los corales de Gal\u00e1pagos | Cand\u00e1s 365\" \/>\n\t\t<meta property=\"og:description\" content=\"Un equipo cient\u00edfico ha descubierto que los corales profundos de Gal\u00e1pagos desaparecieron m\u00e1s de 1.000 a\u00f1os por La Ni\u00f1a, lo que evidencia su vulnerabilidad\" \/>\n\t\t<meta property=\"og:url\" content=\"https:\/\/candas365.es\/noticias\/los-efectos-de-la-nina-en-los-corales-de-galapagos\/\" \/>\n\t\t<meta property=\"og:image\" content=\"https:\/\/candas365.es\/noticias\/wp-content\/uploads\/2026\/04\/Los-efectos-de-La-Nina-en-los-corales-de-Galapagos.jpg\" \/>\n\t\t<meta property=\"og:image:secure_url\" content=\"https:\/\/candas365.es\/noticias\/wp-content\/uploads\/2026\/04\/Los-efectos-de-La-Nina-en-los-corales-de-Galapagos.jpg\" \/>\n\t\t<meta property=\"og:image:width\" content=\"1195\" \/>\n\t\t<meta property=\"og:image:height\" content=\"664\" \/>\n\t\t<meta property=\"article:published_time\" content=\"2026-04-26T14:07:27+00:00\" \/>\n\t\t<meta property=\"article:modified_time\" content=\"2026-04-26T14:07:27+00:00\" \/>\n\t\t<meta property=\"article:publisher\" content=\"https:\/\/www.facebook.com\/Nachofdezber\" \/>\n\t\t<meta property=\"article:author\" content=\"https:\/\/www.facebook.com\/carrenoactualidad\" \/>\n\t\t<meta name=\"twitter:card\" content=\"summary_large_image\" \/>\n\t\t<meta name=\"twitter:site\" content=\"@NabercoDigital\" \/>\n\t\t<meta name=\"twitter:title\" content=\"Los efectos de La Ni\u00f1a en los corales de Gal\u00e1pagos | Cand\u00e1s 365\" \/>\n\t\t<meta name=\"twitter:description\" content=\"Un equipo cient\u00edfico ha descubierto que los corales profundos de Gal\u00e1pagos desaparecieron m\u00e1s de 1.000 a\u00f1os por La Ni\u00f1a, lo que evidencia su vulnerabilidad\" \/>\n\t\t<meta name=\"twitter:creator\" content=\"@nbasturias\" \/>\n\t\t<meta name=\"twitter:image\" content=\"https:\/\/candas365.es\/noticias\/wp-content\/uploads\/2026\/04\/Los-efectos-de-La-Nina-en-los-corales-de-Galapagos.jpg\" \/>\n\t\t<meta name=\"twitter:label1\" content=\"Escrito por\" \/>\n\t\t<meta name=\"twitter:data1\" content=\"Cand\u00e1s 365\" \/>\n\t\t<meta name=\"twitter:label2\" content=\"Tiempo de lectura estimado\" \/>\n\t\t<meta name=\"twitter:data2\" content=\"3 minutos\" \/>\n\t\t<script type=\"application\/ld+json\" class=\"aioseo-schema\">\n\t\t\t{\"@context\":\"https:\\\/\\\/schema.org\",\"@graph\":[{\"@type\":\"BreadcrumbList\",\"@id\":\"https:\\\/\\\/candas365.es\\\/noticias\\\/los-efectos-de-la-nina-en-los-corales-de-galapagos\\\/#breadcrumblist\",\"itemListElement\":[{\"@type\":\"ListItem\",\"@id\":\"https:\\\/\\\/candas365.es\\\/noticias#listItem\",\"position\":1,\"name\":\"Home\",\"item\":\"https:\\\/\\\/candas365.es\\\/noticias\",\"nextItem\":{\"@type\":\"ListItem\",\"@id\":\"https:\\\/\\\/candas365.es\\\/noticias\\\/category\\\/sociedad\\\/#listItem\",\"name\":\"Sociedad\"}},{\"@type\":\"ListItem\",\"@id\":\"https:\\\/\\\/candas365.es\\\/noticias\\\/category\\\/sociedad\\\/#listItem\",\"position\":2,\"name\":\"Sociedad\",\"item\":\"https:\\\/\\\/candas365.es\\\/noticias\\\/category\\\/sociedad\\\/\",\"nextItem\":{\"@type\":\"ListItem\",\"@id\":\"https:\\\/\\\/candas365.es\\\/noticias\\\/los-efectos-de-la-nina-en-los-corales-de-galapagos\\\/#listItem\",\"name\":\"Los efectos de La Ni\\u00f1a en los corales de Gal\\u00e1pagos\"},\"previousItem\":{\"@type\":\"ListItem\",\"@id\":\"https:\\\/\\\/candas365.es\\\/noticias#listItem\",\"name\":\"Home\"}},{\"@type\":\"ListItem\",\"@id\":\"https:\\\/\\\/candas365.es\\\/noticias\\\/los-efectos-de-la-nina-en-los-corales-de-galapagos\\\/#listItem\",\"position\":3,\"name\":\"Los efectos de La Ni\\u00f1a en los corales de Gal\\u00e1pagos\",\"previousItem\":{\"@type\":\"ListItem\",\"@id\":\"https:\\\/\\\/candas365.es\\\/noticias\\\/category\\\/sociedad\\\/#listItem\",\"name\":\"Sociedad\"}}]},{\"@type\":\"NewsArticle\",\"@id\":\"https:\\\/\\\/candas365.es\\\/noticias\\\/los-efectos-de-la-nina-en-los-corales-de-galapagos\\\/#newsarticle\",\"name\":\"Los efectos de La Ni\\u00f1a en los corales de Gal\\u00e1pagos | Cand\\u00e1s 365\",\"headline\":\"Los efectos de La Ni\\u00f1a en los corales de Gal\\u00e1pagos\",\"author\":{\"@id\":\"https:\\\/\\\/candas365.es\\\/noticias\\\/author\\\/admin\\\/#author\"},\"publisher\":{\"@id\":\"https:\\\/\\\/candas365.es\\\/noticias\\\/#organization\"},\"image\":{\"@type\":\"ImageObject\",\"url\":\"https:\\\/\\\/candas365.es\\\/noticias\\\/wp-content\\\/uploads\\\/2026\\\/04\\\/Los-efectos-de-La-Nina-en-los-corales-de-Galapagos.jpg\",\"width\":1195,\"height\":664,\"caption\":\"Arrecife de coral en la Reserva Marina de Gal\\u00e1pagos | Foto de WHOI\\\/NSF\"},\"datePublished\":\"2026-04-26T16:07:27+02:00\",\"dateModified\":\"2026-04-26T16:07:27+02:00\",\"inLanguage\":\"es-ES\",\"mainEntityOfPage\":{\"@id\":\"https:\\\/\\\/candas365.es\\\/noticias\\\/los-efectos-de-la-nina-en-los-corales-de-galapagos\\\/#webpage\"},\"isPartOf\":{\"@id\":\"https:\\\/\\\/candas365.es\\\/noticias\\\/los-efectos-de-la-nina-en-los-corales-de-galapagos\\\/#webpage\"},\"articleSection\":\"Sociedad, sociedad\",\"dateline\":\"Publicado el abril 26, 2026.\"},{\"@type\":\"Organization\",\"@id\":\"https:\\\/\\\/candas365.es\\\/noticias\\\/#organization\",\"name\":\"Cand\\u00e1s 365\",\"description\":\"Cand\\u00e1s 365 es un diario digital independiente, fundado en 2012, con base en Asturias. Informamos con rigor sobre actualidad, sociedad, cultura y ocio, con una mirada local y global.\",\"url\":\"https:\\\/\\\/candas365.es\\\/noticias\\\/\",\"email\":\"info@candas365.es\",\"telephone\":\"+34652131393\",\"foundingDate\":\"2012-06-10\",\"logo\":{\"@type\":\"ImageObject\",\"url\":\"https:\\\/\\\/candas365.es\\\/noticias\\\/wp-content\\\/uploads\\\/2024\\\/09\\\/Candas-365-Redes.jpg\",\"@id\":\"https:\\\/\\\/candas365.es\\\/noticias\\\/los-efectos-de-la-nina-en-los-corales-de-galapagos\\\/#organizationLogo\",\"width\":1152,\"height\":864,\"caption\":\"Cand\\u00e1s 365 Redes\"},\"image\":{\"@id\":\"https:\\\/\\\/candas365.es\\\/noticias\\\/los-efectos-de-la-nina-en-los-corales-de-galapagos\\\/#organizationLogo\"},\"sameAs\":[\"https:\\\/\\\/www.facebook.com\\\/Nachofdezber\",\"https:\\\/\\\/x.com\\\/NabercoDigital\",\"https:\\\/\\\/www.instagram.com\\\/nachofdezber\\\/\",\"https:\\\/\\\/www.youtube.com\\\/channel\\\/UCZP-2wLEB9Rv6erhFmqVnvg\"],\"address\":{\"@id\":\"https:\\\/\\\/candas365.es\\\/noticias\\\/#postaladdress\",\"@type\":\"PostalAddress\",\"streetAddress\":\"san antonio 4, san antonio 4\",\"postalCode\":\"33430\",\"addressLocality\":\"Cand\\u00e1s\",\"addressRegion\":\"Asturias\",\"addressCountry\":\"ES\"}},{\"@type\":\"Person\",\"@id\":\"https:\\\/\\\/candas365.es\\\/noticias\\\/author\\\/admin\\\/#author\",\"url\":\"https:\\\/\\\/candas365.es\\\/noticias\\\/author\\\/admin\\\/\",\"name\":\"Cand\\u00e1s 365\",\"image\":{\"@type\":\"ImageObject\",\"@id\":\"https:\\\/\\\/candas365.es\\\/noticias\\\/los-efectos-de-la-nina-en-los-corales-de-galapagos\\\/#authorImage\",\"url\":\"https:\\\/\\\/secure.gravatar.com\\\/avatar\\\/496a8e03d0c493ede1718b7934145dbdf8d89be1036b0eec9544e1094c9de390?s=96&d=mm&r=g\",\"width\":96,\"height\":96,\"caption\":\"Cand\\u00e1s 365\"},\"sameAs\":[\"https:\\\/\\\/www.facebook.com\\\/carrenoactualidad\",\"https:\\\/\\\/twitter.com\\\/nbasturias\",\"https:\\\/\\\/www.instagram.com\\\/nachofdezber\\\/\",\"https:\\\/\\\/www.youtube.com\\\/channel\\\/UCZP-2wLEB9Rv6erhFmqVnvg\"]},{\"@type\":\"WebPage\",\"@id\":\"https:\\\/\\\/candas365.es\\\/noticias\\\/los-efectos-de-la-nina-en-los-corales-de-galapagos\\\/#webpage\",\"url\":\"https:\\\/\\\/candas365.es\\\/noticias\\\/los-efectos-de-la-nina-en-los-corales-de-galapagos\\\/\",\"name\":\"Los efectos de La Ni\\u00f1a en los corales de Gal\\u00e1pagos | Cand\\u00e1s 365\",\"description\":\"Un equipo cient\\u00edfico ha descubierto que los corales profundos de Gal\\u00e1pagos desaparecieron m\\u00e1s de 1.000 a\\u00f1os por La Ni\\u00f1a, lo que evidencia su vulnerabilidad\",\"inLanguage\":\"es-ES\",\"isPartOf\":{\"@id\":\"https:\\\/\\\/candas365.es\\\/noticias\\\/#website\"},\"breadcrumb\":{\"@id\":\"https:\\\/\\\/candas365.es\\\/noticias\\\/los-efectos-de-la-nina-en-los-corales-de-galapagos\\\/#breadcrumblist\"},\"author\":{\"@id\":\"https:\\\/\\\/candas365.es\\\/noticias\\\/author\\\/admin\\\/#author\"},\"creator\":{\"@id\":\"https:\\\/\\\/candas365.es\\\/noticias\\\/author\\\/admin\\\/#author\"},\"image\":{\"@type\":\"ImageObject\",\"url\":\"https:\\\/\\\/candas365.es\\\/noticias\\\/wp-content\\\/uploads\\\/2026\\\/04\\\/Los-efectos-de-La-Nina-en-los-corales-de-Galapagos.jpg\",\"@id\":\"https:\\\/\\\/candas365.es\\\/noticias\\\/los-efectos-de-la-nina-en-los-corales-de-galapagos\\\/#mainImage\",\"width\":1195,\"height\":664,\"caption\":\"Arrecife de coral en la Reserva Marina de Gal\\u00e1pagos | Foto de WHOI\\\/NSF\"},\"primaryImageOfPage\":{\"@id\":\"https:\\\/\\\/candas365.es\\\/noticias\\\/los-efectos-de-la-nina-en-los-corales-de-galapagos\\\/#mainImage\"},\"datePublished\":\"2026-04-26T16:07:27+02:00\",\"dateModified\":\"2026-04-26T16:07:27+02:00\"},{\"@type\":\"WebSite\",\"@id\":\"https:\\\/\\\/candas365.es\\\/noticias\\\/#website\",\"url\":\"https:\\\/\\\/candas365.es\\\/noticias\\\/\",\"name\":\"Cand\\u00e1s 365\",\"alternateName\":\"Cand\\u00e1s 365 Noticias\",\"description\":\"Actualidad desde Carre\\u00f1o para el mundo\",\"inLanguage\":\"es-ES\",\"publisher\":{\"@id\":\"https:\\\/\\\/candas365.es\\\/noticias\\\/#organization\"}}]}\n\t\t<\/script>\n\t\t<!-- All in One SEO Pro -->\r\n\t\t<title>Los efectos de La Ni\u00f1a en los corales de Gal\u00e1pagos | Cand\u00e1s 365<\/title>\n\n","aioseo_head_json":{"title":"Los efectos de La Ni\u00f1a en los corales de Gal\u00e1pagos | Cand\u00e1s 365","description":"Un equipo cient\u00edfico ha descubierto que los corales profundos de Gal\u00e1pagos desaparecieron m\u00e1s de 1.000 a\u00f1os por La Ni\u00f1a, lo que evidencia su vulnerabilidad","canonical_url":"https:\/\/candas365.es\/noticias\/los-efectos-de-la-nina-en-los-corales-de-galapagos\/","robots":"max-image-preview:large","keywords":"sociedad","webmasterTools":{"google-site-verification":"UA-32230408-1","msvalidate.01":"354F3CDFB2DA171B47FBE9ABF1F88D5","miscellaneous":""},"schema":{"@context":"https:\/\/schema.org","@graph":[{"@type":"BreadcrumbList","@id":"https:\/\/candas365.es\/noticias\/los-efectos-de-la-nina-en-los-corales-de-galapagos\/#breadcrumblist","itemListElement":[{"@type":"ListItem","@id":"https:\/\/candas365.es\/noticias#listItem","position":1,"name":"Home","item":"https:\/\/candas365.es\/noticias","nextItem":{"@type":"ListItem","@id":"https:\/\/candas365.es\/noticias\/category\/sociedad\/#listItem","name":"Sociedad"}},{"@type":"ListItem","@id":"https:\/\/candas365.es\/noticias\/category\/sociedad\/#listItem","position":2,"name":"Sociedad","item":"https:\/\/candas365.es\/noticias\/category\/sociedad\/","nextItem":{"@type":"ListItem","@id":"https:\/\/candas365.es\/noticias\/los-efectos-de-la-nina-en-los-corales-de-galapagos\/#listItem","name":"Los efectos de La Ni\u00f1a en los corales de Gal\u00e1pagos"},"previousItem":{"@type":"ListItem","@id":"https:\/\/candas365.es\/noticias#listItem","name":"Home"}},{"@type":"ListItem","@id":"https:\/\/candas365.es\/noticias\/los-efectos-de-la-nina-en-los-corales-de-galapagos\/#listItem","position":3,"name":"Los efectos de La Ni\u00f1a en los corales de Gal\u00e1pagos","previousItem":{"@type":"ListItem","@id":"https:\/\/candas365.es\/noticias\/category\/sociedad\/#listItem","name":"Sociedad"}}]},{"@type":"NewsArticle","@id":"https:\/\/candas365.es\/noticias\/los-efectos-de-la-nina-en-los-corales-de-galapagos\/#newsarticle","name":"Los efectos de La Ni\u00f1a en los corales de Gal\u00e1pagos | Cand\u00e1s 365","headline":"Los efectos de La Ni\u00f1a en los corales de Gal\u00e1pagos","author":{"@id":"https:\/\/candas365.es\/noticias\/author\/admin\/#author"},"publisher":{"@id":"https:\/\/candas365.es\/noticias\/#organization"},"image":{"@type":"ImageObject","url":"https:\/\/candas365.es\/noticias\/wp-content\/uploads\/2026\/04\/Los-efectos-de-La-Nina-en-los-corales-de-Galapagos.jpg","width":1195,"height":664,"caption":"Arrecife de coral en la Reserva Marina de Gal\u00e1pagos | Foto de WHOI\/NSF"},"datePublished":"2026-04-26T16:07:27+02:00","dateModified":"2026-04-26T16:07:27+02:00","inLanguage":"es-ES","mainEntityOfPage":{"@id":"https:\/\/candas365.es\/noticias\/los-efectos-de-la-nina-en-los-corales-de-galapagos\/#webpage"},"isPartOf":{"@id":"https:\/\/candas365.es\/noticias\/los-efectos-de-la-nina-en-los-corales-de-galapagos\/#webpage"},"articleSection":"Sociedad, sociedad","dateline":"Publicado el abril 26, 2026."},{"@type":"Organization","@id":"https:\/\/candas365.es\/noticias\/#organization","name":"Cand\u00e1s 365","description":"Cand\u00e1s 365 es un diario digital independiente, fundado en 2012, con base en Asturias. Informamos con rigor sobre actualidad, sociedad, cultura y ocio, con una mirada local y global.","url":"https:\/\/candas365.es\/noticias\/","email":"info@candas365.es","telephone":"+34652131393","foundingDate":"2012-06-10","logo":{"@type":"ImageObject","url":"https:\/\/candas365.es\/noticias\/wp-content\/uploads\/2024\/09\/Candas-365-Redes.jpg","@id":"https:\/\/candas365.es\/noticias\/los-efectos-de-la-nina-en-los-corales-de-galapagos\/#organizationLogo","width":1152,"height":864,"caption":"Cand\u00e1s 365 Redes"},"image":{"@id":"https:\/\/candas365.es\/noticias\/los-efectos-de-la-nina-en-los-corales-de-galapagos\/#organizationLogo"},"sameAs":["https:\/\/www.facebook.com\/Nachofdezber","https:\/\/x.com\/NabercoDigital","https:\/\/www.instagram.com\/nachofdezber\/","https:\/\/www.youtube.com\/channel\/UCZP-2wLEB9Rv6erhFmqVnvg"],"address":{"@id":"https:\/\/candas365.es\/noticias\/#postaladdress","@type":"PostalAddress","streetAddress":"san antonio 4, san antonio 4","postalCode":"33430","addressLocality":"Cand\u00e1s","addressRegion":"Asturias","addressCountry":"ES"}},{"@type":"Person","@id":"https:\/\/candas365.es\/noticias\/author\/admin\/#author","url":"https:\/\/candas365.es\/noticias\/author\/admin\/","name":"Cand\u00e1s 365","image":{"@type":"ImageObject","@id":"https:\/\/candas365.es\/noticias\/los-efectos-de-la-nina-en-los-corales-de-galapagos\/#authorImage","url":"https:\/\/secure.gravatar.com\/avatar\/496a8e03d0c493ede1718b7934145dbdf8d89be1036b0eec9544e1094c9de390?s=96&d=mm&r=g","width":96,"height":96,"caption":"Cand\u00e1s 365"},"sameAs":["https:\/\/www.facebook.com\/carrenoactualidad","https:\/\/twitter.com\/nbasturias","https:\/\/www.instagram.com\/nachofdezber\/","https:\/\/www.youtube.com\/channel\/UCZP-2wLEB9Rv6erhFmqVnvg"]},{"@type":"WebPage","@id":"https:\/\/candas365.es\/noticias\/los-efectos-de-la-nina-en-los-corales-de-galapagos\/#webpage","url":"https:\/\/candas365.es\/noticias\/los-efectos-de-la-nina-en-los-corales-de-galapagos\/","name":"Los efectos de La Ni\u00f1a en los corales de Gal\u00e1pagos | Cand\u00e1s 365","description":"Un equipo cient\u00edfico ha descubierto que los corales profundos de Gal\u00e1pagos desaparecieron m\u00e1s de 1.000 a\u00f1os por La Ni\u00f1a, lo que evidencia su vulnerabilidad","inLanguage":"es-ES","isPartOf":{"@id":"https:\/\/candas365.es\/noticias\/#website"},"breadcrumb":{"@id":"https:\/\/candas365.es\/noticias\/los-efectos-de-la-nina-en-los-corales-de-galapagos\/#breadcrumblist"},"author":{"@id":"https:\/\/candas365.es\/noticias\/author\/admin\/#author"},"creator":{"@id":"https:\/\/candas365.es\/noticias\/author\/admin\/#author"},"image":{"@type":"ImageObject","url":"https:\/\/candas365.es\/noticias\/wp-content\/uploads\/2026\/04\/Los-efectos-de-La-Nina-en-los-corales-de-Galapagos.jpg","@id":"https:\/\/candas365.es\/noticias\/los-efectos-de-la-nina-en-los-corales-de-galapagos\/#mainImage","width":1195,"height":664,"caption":"Arrecife de coral en la Reserva Marina de Gal\u00e1pagos | Foto de WHOI\/NSF"},"primaryImageOfPage":{"@id":"https:\/\/candas365.es\/noticias\/los-efectos-de-la-nina-en-los-corales-de-galapagos\/#mainImage"},"datePublished":"2026-04-26T16:07:27+02:00","dateModified":"2026-04-26T16:07:27+02:00"},{"@type":"WebSite","@id":"https:\/\/candas365.es\/noticias\/#website","url":"https:\/\/candas365.es\/noticias\/","name":"Cand\u00e1s 365","alternateName":"Cand\u00e1s 365 Noticias","description":"Actualidad desde Carre\u00f1o para el mundo","inLanguage":"es-ES","publisher":{"@id":"https:\/\/candas365.es\/noticias\/#organization"}}]},"og:locale":"es_ES","og:site_name":"Cand\u00e1s 365","og:type":"article","og:title":"Los efectos de La Ni\u00f1a en los corales de Gal\u00e1pagos | Cand\u00e1s 365","og:description":"Un equipo cient\u00edfico ha descubierto que los corales profundos de Gal\u00e1pagos desaparecieron m\u00e1s de 1.000 a\u00f1os por La Ni\u00f1a, lo que evidencia su vulnerabilidad","og:url":"https:\/\/candas365.es\/noticias\/los-efectos-de-la-nina-en-los-corales-de-galapagos\/","og:image":"https:\/\/candas365.es\/noticias\/wp-content\/uploads\/2026\/04\/Los-efectos-de-La-Nina-en-los-corales-de-Galapagos.jpg","og:image:secure_url":"https:\/\/candas365.es\/noticias\/wp-content\/uploads\/2026\/04\/Los-efectos-de-La-Nina-en-los-corales-de-Galapagos.jpg","og:image:width":1195,"og:image:height":664,"article:published_time":"2026-04-26T14:07:27+00:00","article:modified_time":"2026-04-26T14:07:27+00:00","article:publisher":"https:\/\/www.facebook.com\/Nachofdezber","article:author":"https:\/\/www.facebook.com\/carrenoactualidad","twitter:card":"summary_large_image","twitter:site":"@NabercoDigital","twitter:title":"Los efectos de La Ni\u00f1a en los corales de Gal\u00e1pagos | Cand\u00e1s 365","twitter:description":"Un equipo cient\u00edfico ha descubierto que los corales profundos de Gal\u00e1pagos desaparecieron m\u00e1s de 1.000 a\u00f1os por La Ni\u00f1a, lo que evidencia su vulnerabilidad","twitter:creator":"@nbasturias","twitter:image":"https:\/\/candas365.es\/noticias\/wp-content\/uploads\/2026\/04\/Los-efectos-de-La-Nina-en-los-corales-de-Galapagos.jpg","twitter:label1":"Escrito por","twitter:data1":"Cand\u00e1s 365","twitter:label2":"Tiempo de lectura estimado","twitter:data2":"3 minutos"},"aioseo_meta_data":{"post_id":"194319","title":null,"description":"Un equipo cient\u00edfico ha descubierto que los corales profundos de Gal\u00e1pagos desaparecieron m\u00e1s de 1.000 a\u00f1os por La Ni\u00f1a, lo que evidencia su vulnerabilidad","keywords":null,"keyphrases":{"focus":{"keyphrase":"Gal\u00e1pagos","score":91,"analysis":{"keyphraseInTitle":{"score":9,"maxScore":9,"error":0},"keyphraseInDescription":{"score":9,"maxScore":9,"error":0},"keyphraseLength":{"score":9,"maxScore":9,"error":0,"length":2},"keyphraseInURL":{"score":5,"maxScore":5,"error":0},"keyphraseInIntroduction":{"score":9,"maxScore":9,"error":0},"keyphraseInSubHeadings":{"score":3,"maxScore":9,"error":1},"keyphraseInImageAlt":{"score":9,"maxScore":9,"error":0},"keywordDensity":{"type":"best","score":9,"maxScore":9,"error":0}}},"additional":[{"keyphrase":"corales","score":100,"analysis":{"keyphraseInDescription":{"score":9,"maxScore":9,"error":0},"keyphraseLength":{"score":9,"maxScore":9,"error":0,"length":1},"keyphraseInIntroduction":{"score":9,"maxScore":9,"error":0},"keyphraseInImageAlt":{"score":9,"maxScore":9,"error":0},"keywordDensity":{"type":"best","score":9,"maxScore":9,"error":0}}}]},"primary_term":null,"canonical_url":null,"og_title":null,"og_description":null,"og_object_type":"default","og_image_type":"default","og_image_url":null,"og_image_width":null,"og_image_height":null,"og_image_custom_url":null,"og_image_custom_fields":null,"og_video":"","og_custom_url":null,"og_article_section":null,"og_article_tags":null,"twitter_use_og":false,"twitter_card":"default","twitter_image_type":"default","twitter_image_url":null,"twitter_image_custom_url":null,"twitter_image_custom_fields":null,"twitter_title":null,"twitter_description":null,"schema":{"blockGraphs":[],"customGraphs":[],"default":{"data":{"Article":[],"Course":[],"Dataset":[],"FAQPage":[],"Movie":[],"Person":[],"Product":[],"ProductReview":[],"Car":[],"Recipe":[],"Service":[],"SoftwareApplication":[],"WebPage":[]},"graphName":"NewsArticle","isEnabled":true},"graphs":[]},"schema_type":"default","schema_type_options":null,"pillar_content":false,"robots_default":true,"robots_noindex":false,"robots_noarchive":false,"robots_nosnippet":false,"robots_nofollow":false,"robots_noimageindex":false,"robots_noodp":false,"robots_notranslate":false,"robots_max_snippet":"-1","robots_max_videopreview":"-1","robots_max_imagepreview":"large","priority":null,"frequency":"default","location":null,"local_seo":null,"seo_analyzer_scan_date":"2026-04-26 14:17:56","breadcrumb_settings":null,"limit_modified_date":false,"reviewed_by":"0","open_ai":null,"ai":{"faqs":[],"keyPoints":[],"schemas":[],"titles":[],"descriptions":[],"socialPosts":{"email":[],"linkedin":[],"twitter":[],"facebook":[],"instagram":[]}},"created":"2026-04-26 14:01:48","updated":"2026-04-26 14:17:56"},"aioseo_breadcrumb":"<div class=\"aioseo-breadcrumbs\"><span class=\"aioseo-breadcrumb\">\n\t<a href=\"https:\/\/candas365.es\/noticias\" title=\"Home\">Home<\/a>\n<\/span><span class=\"aioseo-breadcrumb-separator\">&ndash;<\/span><span class=\"aioseo-breadcrumb\">\n\t<a href=\"https:\/\/candas365.es\/noticias\/category\/sociedad\/\" title=\"Sociedad\">Sociedad<\/a>\n<\/span><span class=\"aioseo-breadcrumb-separator\">&ndash;<\/span><span class=\"aioseo-breadcrumb\">\n\tLos efectos de La Ni\u00f1a en los corales de Gal\u00e1pagos\n<\/span><\/div>","aioseo_breadcrumb_json":[{"label":"Home","link":"https:\/\/candas365.es\/noticias"},{"label":"Sociedad","link":"https:\/\/candas365.es\/noticias\/category\/sociedad\/"},{"label":"Los efectos de La Ni\u00f1a en los corales de Gal\u00e1pagos","link":"https:\/\/candas365.es\/noticias\/los-efectos-de-la-nina-en-los-corales-de-galapagos\/"}],"_links":{"self":[{"href":"https:\/\/candas365.es\/noticias\/wp-json\/wp\/v2\/posts\/194319","targetHints":{"allow":["GET"]}}],"collection":[{"href":"https:\/\/candas365.es\/noticias\/wp-json\/wp\/v2\/posts"}],"about":[{"href":"https:\/\/candas365.es\/noticias\/wp-json\/wp\/v2\/types\/post"}],"author":[{"embeddable":true,"href":"https:\/\/candas365.es\/noticias\/wp-json\/wp\/v2\/users\/1"}],"replies":[{"embeddable":true,"href":"https:\/\/candas365.es\/noticias\/wp-json\/wp\/v2\/comments?post=194319"}],"version-history":[{"count":1,"href":"https:\/\/candas365.es\/noticias\/wp-json\/wp\/v2\/posts\/194319\/revisions"}],"predecessor-version":[{"id":194321,"href":"https:\/\/candas365.es\/noticias\/wp-json\/wp\/v2\/posts\/194319\/revisions\/194321"}],"wp:featuredmedia":[{"embeddable":true,"href":"https:\/\/candas365.es\/noticias\/wp-json\/wp\/v2\/media\/194320"}],"wp:attachment":[{"href":"https:\/\/candas365.es\/noticias\/wp-json\/wp\/v2\/media?parent=194319"}],"wp:term":[{"taxonomy":"category","embeddable":true,"href":"https:\/\/candas365.es\/noticias\/wp-json\/wp\/v2\/categories?post=194319"},{"taxonomy":"post_tag","embeddable":true,"href":"https:\/\/candas365.es\/noticias\/wp-json\/wp\/v2\/tags?post=194319"}],"curies":[{"name":"wp","href":"https:\/\/api.w.org\/{rel}","templated":true}]}}