{"id":194316,"date":"2026-04-26T16:00:29","date_gmt":"2026-04-26T14:00:29","guid":{"rendered":"https:\/\/candas365.es\/noticias\/?p=194316"},"modified":"2026-04-26T16:00:29","modified_gmt":"2026-04-26T14:00:29","slug":"burundi-estrena-la-capilla-de-la-universidad-de-ngozi","status":"publish","type":"post","link":"https:\/\/candas365.es\/noticias\/burundi-estrena-la-capilla-de-la-universidad-de-ngozi\/","title":{"rendered":"Burundi estrena la capilla de la Universidad de Ngozi"},"content":{"rendered":"<p>El obispo Georges Bizimana ha consagrado el altar de la capilla de la Universidad de Ngozi, en el norte de <a href=\"https:\/\/candas365.es\/noticias\/category\/internacional\/\"><span style=\"color: #ff6600;\"><strong>Burundi<\/strong><\/span><\/a>, un proyecto impulsado en 2025 por la Fundaci\u00f3n Hakuna.<\/p>\n<figure id=\"attachment_194317\" aria-describedby=\"caption-attachment-194317\" style=\"width: 647px\" class=\"wp-caption aligncenter\"><img fetchpriority=\"high\" decoding=\"async\" class=\"size-large wp-image-194317\" src=\"https:\/\/candas365.es\/noticias\/wp-content\/uploads\/2026\/04\/Burundi-estrena-la-capilla-de-la-Universidad-de-Ngozi-647x480.jpg\" alt=\"Burundi estrena la capilla de la Universidad de Ngozi\" width=\"647\" height=\"480\" srcset=\"https:\/\/candas365.es\/noticias\/wp-content\/uploads\/2026\/04\/Burundi-estrena-la-capilla-de-la-Universidad-de-Ngozi-647x480.jpg 647w, https:\/\/candas365.es\/noticias\/wp-content\/uploads\/2026\/04\/Burundi-estrena-la-capilla-de-la-Universidad-de-Ngozi-360x267.jpg 360w, https:\/\/candas365.es\/noticias\/wp-content\/uploads\/2026\/04\/Burundi-estrena-la-capilla-de-la-Universidad-de-Ngozi-768x570.jpg 768w, https:\/\/candas365.es\/noticias\/wp-content\/uploads\/2026\/04\/Burundi-estrena-la-capilla-de-la-Universidad-de-Ngozi-150x111.jpg 150w, https:\/\/candas365.es\/noticias\/wp-content\/uploads\/2026\/04\/Burundi-estrena-la-capilla-de-la-Universidad-de-Ngozi-450x334.jpg 450w, https:\/\/candas365.es\/noticias\/wp-content\/uploads\/2026\/04\/Burundi-estrena-la-capilla-de-la-Universidad-de-Ngozi.jpg 1130w\" sizes=\"(max-width: 647px) 100vw, 647px\" \/><figcaption id=\"caption-attachment-194317\" class=\"wp-caption-text\">Capilla de la Universidad de Ngozi | Foto de Fundaci\u00f3n Hakuna<\/figcaption><\/figure>\n<p>El obispo de Ngozi, Georges Bizimana, ha consagrado recientemente el altar de la capilla de la Universidad de esta ciudad del norte de Burundi. El proyecto naci\u00f3 en 2025 de la mano de la Fundaci\u00f3n Hakuna y de la Universidad de Ngozi.<\/p>\n<p>La capilla tiene capacidad para 100 personas, y el dise\u00f1o ha sido elaborado en Espa\u00f1a por un equipo de arquitectos y creadores, seg\u00fan indicaron los promotores.<\/p>\n<p>El proyecto de la capilla cuenta con el apoyo del obispo local y del rector de la universidad, el padre Apollinaire Bangayimbaga, con quien los impulsores del recinto tienen relaci\u00f3n desde hace tiempo.<\/p>\n<p>Adem\u00e1s de la construcci\u00f3n de la capilla, el proyecto contempla la organizaci\u00f3n de diversas actividades \u00abque le den vida\u00bb, como \u00abformaci\u00f3n, adoraci\u00f3n y talleres de creaci\u00f3n musical\u00bb. Para ello, dos voluntarias de Komera &amp; Hakuna se han desplazado durante un a\u00f1o a Ngozi.<\/p>\n<p>Seg\u00fan relataron las voluntarias, en la experiencia han tomado cari\u00f1o a personas como Marcos, pintor de la capilla que tuvo un accidente, y Samu, un misionero con el que celebraron su cumplea\u00f1os.<\/p>\n<p>\u00abAdem\u00e1s hemos conocido a Gilbert, un ni\u00f1o que fue operado en Espa\u00f1a hace unos a\u00f1os. Ha sido muy especial conocer a su familia, tan agradecida, y sentir tan de cerca todo el bien que se est\u00e1 haciendo aqu\u00ed\u00bb, explicaron.<\/p>\n<p>Tambi\u00e9n han conocido proyectos de la Fundaci\u00f3n Komera en Burundi: un colegio de primaria, un centro materno-infantil, un molino de trigo y la iglesia de Santa Teresa de Calcuta, que se inaugurar\u00e1 en julio y en cuyo equipamiento ambas est\u00e1n trabajando.<\/p>\n<p>(<a href=\"https:\/\/www.servimedia.es\/\" target=\"_blank\" rel=\"noopener\"><span style=\"color: #ff6600;\"><strong>SERVIMEDIA<\/strong><\/span><\/a>)<\/p>\n","protected":false},"excerpt":{"rendered":"<p>El obispo Georges Bizimana ha consagrado el altar de la capilla de la Universidad de Ngozi, en el norte de Burundi, un proyecto impulsado en 2025 por la Fundaci\u00f3n Hakuna. El obispo de Ngozi, Georges Bizimana, ha consagrado recientemente el altar de la capilla de la Universidad de esta ciudad del norte de Burundi. El<\/p>\n","protected":false},"author":1,"featured_media":194317,"comment_status":"closed","ping_status":"closed","sticky":false,"template":"","format":"standard","meta":{"footnotes":""},"categories":[485],"tags":[418,439],"class_list":{"0":"post-194316","1":"post","2":"type-post","3":"status-publish","4":"format-standard","5":"has-post-thumbnail","7":"category-internacional","8":"tag-internacional","9":"tag-religion"},"aioseo_notices":[],"aioseo_head":"\n\t\t<!-- All in One SEO Pro 4.9.6.2 - aioseo.com -->\n\t<meta name=\"description\" content=\"El obispo Georges Bizimana ha consagrado el altar de la capilla de la Universidad de Ngozi, en el norte de Burundi, un proyecto impulsado en 2025\" \/>\n\t<meta name=\"robots\" content=\"max-image-preview:large\" \/>\n\t<meta name=\"author\" content=\"Cand\u00e1s 365\"\/>\n\t<meta name=\"google-site-verification\" content=\"UA-32230408-1\" \/>\n\t<meta name=\"msvalidate.01\" content=\"354F3CDFB2DA171B47FBE9ABF1F88D5\" \/>\n\t<meta name=\"keywords\" content=\"internacional\" \/>\n\t<link rel=\"canonical\" href=\"https:\/\/candas365.es\/noticias\/burundi-estrena-la-capilla-de-la-universidad-de-ngozi\/\" \/>\n\t<meta name=\"generator\" content=\"All in One SEO Pro (AIOSEO) 4.9.6.2\" \/>\n\t\t<meta property=\"og:locale\" content=\"es_ES\" \/>\n\t\t<meta property=\"og:site_name\" content=\"Cand\u00e1s 365\" \/>\n\t\t<meta property=\"og:type\" content=\"article\" \/>\n\t\t<meta property=\"og:title\" content=\"Burundi estrena la capilla de la Universidad de Ngozi | Cand\u00e1s 365\" \/>\n\t\t<meta property=\"og:description\" content=\"El obispo Georges Bizimana ha consagrado el altar de la capilla de la Universidad de Ngozi, en el norte de Burundi, un proyecto impulsado en 2025\" \/>\n\t\t<meta property=\"og:url\" content=\"https:\/\/candas365.es\/noticias\/burundi-estrena-la-capilla-de-la-universidad-de-ngozi\/\" \/>\n\t\t<meta property=\"og:image\" content=\"https:\/\/candas365.es\/noticias\/wp-content\/uploads\/2026\/04\/Burundi-estrena-la-capilla-de-la-Universidad-de-Ngozi.jpg\" \/>\n\t\t<meta property=\"og:image:secure_url\" content=\"https:\/\/candas365.es\/noticias\/wp-content\/uploads\/2026\/04\/Burundi-estrena-la-capilla-de-la-Universidad-de-Ngozi.jpg\" \/>\n\t\t<meta property=\"og:image:width\" content=\"1130\" \/>\n\t\t<meta property=\"og:image:height\" content=\"838\" \/>\n\t\t<meta property=\"article:published_time\" content=\"2026-04-26T14:00:29+00:00\" \/>\n\t\t<meta property=\"article:modified_time\" content=\"2026-04-26T14:00:29+00:00\" \/>\n\t\t<meta property=\"article:publisher\" content=\"https:\/\/www.facebook.com\/Nachofdezber\" \/>\n\t\t<meta property=\"article:author\" content=\"https:\/\/www.facebook.com\/carrenoactualidad\" \/>\n\t\t<meta name=\"twitter:card\" content=\"summary_large_image\" \/>\n\t\t<meta name=\"twitter:site\" content=\"@NabercoDigital\" \/>\n\t\t<meta name=\"twitter:title\" content=\"Burundi estrena la capilla de la Universidad de Ngozi | Cand\u00e1s 365\" \/>\n\t\t<meta name=\"twitter:description\" content=\"El obispo Georges Bizimana ha consagrado el altar de la capilla de la Universidad de Ngozi, en el norte de Burundi, un proyecto impulsado en 2025\" \/>\n\t\t<meta name=\"twitter:creator\" content=\"@nbasturias\" \/>\n\t\t<meta name=\"twitter:image\" content=\"https:\/\/candas365.es\/noticias\/wp-content\/uploads\/2026\/04\/Burundi-estrena-la-capilla-de-la-Universidad-de-Ngozi.jpg\" \/>\n\t\t<meta name=\"twitter:label1\" content=\"Escrito por\" \/>\n\t\t<meta name=\"twitter:data1\" content=\"Cand\u00e1s 365\" \/>\n\t\t<meta name=\"twitter:label2\" content=\"Tiempo de lectura estimado\" \/>\n\t\t<meta name=\"twitter:data2\" content=\"2 minutos\" \/>\n\t\t<script type=\"application\/ld+json\" class=\"aioseo-schema\">\n\t\t\t{\"@context\":\"https:\\\/\\\/schema.org\",\"@graph\":[{\"@type\":\"BreadcrumbList\",\"@id\":\"https:\\\/\\\/candas365.es\\\/noticias\\\/burundi-estrena-la-capilla-de-la-universidad-de-ngozi\\\/#breadcrumblist\",\"itemListElement\":[{\"@type\":\"ListItem\",\"@id\":\"https:\\\/\\\/candas365.es\\\/noticias#listItem\",\"position\":1,\"name\":\"Home\",\"item\":\"https:\\\/\\\/candas365.es\\\/noticias\",\"nextItem\":{\"@type\":\"ListItem\",\"@id\":\"https:\\\/\\\/candas365.es\\\/noticias\\\/category\\\/internacional\\\/#listItem\",\"name\":\"Internacional\"}},{\"@type\":\"ListItem\",\"@id\":\"https:\\\/\\\/candas365.es\\\/noticias\\\/category\\\/internacional\\\/#listItem\",\"position\":2,\"name\":\"Internacional\",\"item\":\"https:\\\/\\\/candas365.es\\\/noticias\\\/category\\\/internacional\\\/\",\"nextItem\":{\"@type\":\"ListItem\",\"@id\":\"https:\\\/\\\/candas365.es\\\/noticias\\\/burundi-estrena-la-capilla-de-la-universidad-de-ngozi\\\/#listItem\",\"name\":\"Burundi estrena la capilla de la Universidad de Ngozi\"},\"previousItem\":{\"@type\":\"ListItem\",\"@id\":\"https:\\\/\\\/candas365.es\\\/noticias#listItem\",\"name\":\"Home\"}},{\"@type\":\"ListItem\",\"@id\":\"https:\\\/\\\/candas365.es\\\/noticias\\\/burundi-estrena-la-capilla-de-la-universidad-de-ngozi\\\/#listItem\",\"position\":3,\"name\":\"Burundi estrena la capilla de la Universidad de Ngozi\",\"previousItem\":{\"@type\":\"ListItem\",\"@id\":\"https:\\\/\\\/candas365.es\\\/noticias\\\/category\\\/internacional\\\/#listItem\",\"name\":\"Internacional\"}}]},{\"@type\":\"NewsArticle\",\"@id\":\"https:\\\/\\\/candas365.es\\\/noticias\\\/burundi-estrena-la-capilla-de-la-universidad-de-ngozi\\\/#newsarticle\",\"name\":\"Burundi estrena la capilla de la Universidad de Ngozi | Cand\\u00e1s 365\",\"headline\":\"Burundi estrena la capilla de la Universidad de Ngozi\",\"author\":{\"@id\":\"https:\\\/\\\/candas365.es\\\/noticias\\\/author\\\/admin\\\/#author\"},\"publisher\":{\"@id\":\"https:\\\/\\\/candas365.es\\\/noticias\\\/#organization\"},\"image\":{\"@type\":\"ImageObject\",\"url\":\"https:\\\/\\\/candas365.es\\\/noticias\\\/wp-content\\\/uploads\\\/2026\\\/04\\\/Burundi-estrena-la-capilla-de-la-Universidad-de-Ngozi.jpg\",\"width\":1130,\"height\":838,\"caption\":\"Capilla de la Universidad de Ngozi | Foto de Fundaci\\u00f3n Hakuna\"},\"datePublished\":\"2026-04-26T16:00:29+02:00\",\"dateModified\":\"2026-04-26T16:00:29+02:00\",\"inLanguage\":\"es-ES\",\"mainEntityOfPage\":{\"@id\":\"https:\\\/\\\/candas365.es\\\/noticias\\\/burundi-estrena-la-capilla-de-la-universidad-de-ngozi\\\/#webpage\"},\"isPartOf\":{\"@id\":\"https:\\\/\\\/candas365.es\\\/noticias\\\/burundi-estrena-la-capilla-de-la-universidad-de-ngozi\\\/#webpage\"},\"articleSection\":\"Internacional, Internacional, Religi\\u00f3n\",\"dateline\":\"Publicado el abril 26, 2026.\"},{\"@type\":\"Organization\",\"@id\":\"https:\\\/\\\/candas365.es\\\/noticias\\\/#organization\",\"name\":\"Cand\\u00e1s 365\",\"description\":\"Cand\\u00e1s 365 es un diario digital independiente, fundado en 2012, con base en Asturias. Informamos con rigor sobre actualidad, sociedad, cultura y ocio, con una mirada local y global.\",\"url\":\"https:\\\/\\\/candas365.es\\\/noticias\\\/\",\"email\":\"info@candas365.es\",\"telephone\":\"+34652131393\",\"foundingDate\":\"2012-06-10\",\"logo\":{\"@type\":\"ImageObject\",\"url\":\"https:\\\/\\\/candas365.es\\\/noticias\\\/wp-content\\\/uploads\\\/2024\\\/09\\\/Candas-365-Redes.jpg\",\"@id\":\"https:\\\/\\\/candas365.es\\\/noticias\\\/burundi-estrena-la-capilla-de-la-universidad-de-ngozi\\\/#organizationLogo\",\"width\":1152,\"height\":864,\"caption\":\"Cand\\u00e1s 365 Redes\"},\"image\":{\"@id\":\"https:\\\/\\\/candas365.es\\\/noticias\\\/burundi-estrena-la-capilla-de-la-universidad-de-ngozi\\\/#organizationLogo\"},\"sameAs\":[\"https:\\\/\\\/www.facebook.com\\\/Nachofdezber\",\"https:\\\/\\\/x.com\\\/NabercoDigital\",\"https:\\\/\\\/www.instagram.com\\\/nachofdezber\\\/\",\"https:\\\/\\\/www.youtube.com\\\/channel\\\/UCZP-2wLEB9Rv6erhFmqVnvg\"],\"address\":{\"@id\":\"https:\\\/\\\/candas365.es\\\/noticias\\\/#postaladdress\",\"@type\":\"PostalAddress\",\"streetAddress\":\"san antonio 4, san antonio 4\",\"postalCode\":\"33430\",\"addressLocality\":\"Cand\\u00e1s\",\"addressRegion\":\"Asturias\",\"addressCountry\":\"ES\"}},{\"@type\":\"Person\",\"@id\":\"https:\\\/\\\/candas365.es\\\/noticias\\\/author\\\/admin\\\/#author\",\"url\":\"https:\\\/\\\/candas365.es\\\/noticias\\\/author\\\/admin\\\/\",\"name\":\"Cand\\u00e1s 365\",\"image\":{\"@type\":\"ImageObject\",\"@id\":\"https:\\\/\\\/candas365.es\\\/noticias\\\/burundi-estrena-la-capilla-de-la-universidad-de-ngozi\\\/#authorImage\",\"url\":\"https:\\\/\\\/secure.gravatar.com\\\/avatar\\\/496a8e03d0c493ede1718b7934145dbdf8d89be1036b0eec9544e1094c9de390?s=96&d=mm&r=g\",\"width\":96,\"height\":96,\"caption\":\"Cand\\u00e1s 365\"},\"sameAs\":[\"https:\\\/\\\/www.facebook.com\\\/carrenoactualidad\",\"https:\\\/\\\/twitter.com\\\/nbasturias\",\"https:\\\/\\\/www.instagram.com\\\/nachofdezber\\\/\",\"https:\\\/\\\/www.youtube.com\\\/channel\\\/UCZP-2wLEB9Rv6erhFmqVnvg\"]},{\"@type\":\"WebPage\",\"@id\":\"https:\\\/\\\/candas365.es\\\/noticias\\\/burundi-estrena-la-capilla-de-la-universidad-de-ngozi\\\/#webpage\",\"url\":\"https:\\\/\\\/candas365.es\\\/noticias\\\/burundi-estrena-la-capilla-de-la-universidad-de-ngozi\\\/\",\"name\":\"Burundi estrena la capilla de la Universidad de Ngozi | Cand\\u00e1s 365\",\"description\":\"El obispo Georges Bizimana ha consagrado el altar de la capilla de la Universidad de Ngozi, en el norte de Burundi, un proyecto impulsado en 2025\",\"inLanguage\":\"es-ES\",\"isPartOf\":{\"@id\":\"https:\\\/\\\/candas365.es\\\/noticias\\\/#website\"},\"breadcrumb\":{\"@id\":\"https:\\\/\\\/candas365.es\\\/noticias\\\/burundi-estrena-la-capilla-de-la-universidad-de-ngozi\\\/#breadcrumblist\"},\"author\":{\"@id\":\"https:\\\/\\\/candas365.es\\\/noticias\\\/author\\\/admin\\\/#author\"},\"creator\":{\"@id\":\"https:\\\/\\\/candas365.es\\\/noticias\\\/author\\\/admin\\\/#author\"},\"image\":{\"@type\":\"ImageObject\",\"url\":\"https:\\\/\\\/candas365.es\\\/noticias\\\/wp-content\\\/uploads\\\/2026\\\/04\\\/Burundi-estrena-la-capilla-de-la-Universidad-de-Ngozi.jpg\",\"@id\":\"https:\\\/\\\/candas365.es\\\/noticias\\\/burundi-estrena-la-capilla-de-la-universidad-de-ngozi\\\/#mainImage\",\"width\":1130,\"height\":838,\"caption\":\"Capilla de la Universidad de Ngozi | Foto de Fundaci\\u00f3n Hakuna\"},\"primaryImageOfPage\":{\"@id\":\"https:\\\/\\\/candas365.es\\\/noticias\\\/burundi-estrena-la-capilla-de-la-universidad-de-ngozi\\\/#mainImage\"},\"datePublished\":\"2026-04-26T16:00:29+02:00\",\"dateModified\":\"2026-04-26T16:00:29+02:00\"},{\"@type\":\"WebSite\",\"@id\":\"https:\\\/\\\/candas365.es\\\/noticias\\\/#website\",\"url\":\"https:\\\/\\\/candas365.es\\\/noticias\\\/\",\"name\":\"Cand\\u00e1s 365\",\"alternateName\":\"Cand\\u00e1s 365 Noticias\",\"description\":\"Actualidad desde Carre\\u00f1o para el mundo\",\"inLanguage\":\"es-ES\",\"publisher\":{\"@id\":\"https:\\\/\\\/candas365.es\\\/noticias\\\/#organization\"}}]}\n\t\t<\/script>\n\t\t<!-- All in One SEO Pro -->\r\n\t\t<title>Burundi estrena la capilla de la Universidad de Ngozi | Cand\u00e1s 365<\/title>\n\n","aioseo_head_json":{"title":"Burundi estrena la capilla de la Universidad de Ngozi | Cand\u00e1s 365","description":"El obispo Georges Bizimana ha consagrado el altar de la capilla de la Universidad de Ngozi, en el norte de Burundi, un proyecto impulsado en 2025","canonical_url":"https:\/\/candas365.es\/noticias\/burundi-estrena-la-capilla-de-la-universidad-de-ngozi\/","robots":"max-image-preview:large","keywords":"internacional","webmasterTools":{"google-site-verification":"UA-32230408-1","msvalidate.01":"354F3CDFB2DA171B47FBE9ABF1F88D5","miscellaneous":""},"schema":{"@context":"https:\/\/schema.org","@graph":[{"@type":"BreadcrumbList","@id":"https:\/\/candas365.es\/noticias\/burundi-estrena-la-capilla-de-la-universidad-de-ngozi\/#breadcrumblist","itemListElement":[{"@type":"ListItem","@id":"https:\/\/candas365.es\/noticias#listItem","position":1,"name":"Home","item":"https:\/\/candas365.es\/noticias","nextItem":{"@type":"ListItem","@id":"https:\/\/candas365.es\/noticias\/category\/internacional\/#listItem","name":"Internacional"}},{"@type":"ListItem","@id":"https:\/\/candas365.es\/noticias\/category\/internacional\/#listItem","position":2,"name":"Internacional","item":"https:\/\/candas365.es\/noticias\/category\/internacional\/","nextItem":{"@type":"ListItem","@id":"https:\/\/candas365.es\/noticias\/burundi-estrena-la-capilla-de-la-universidad-de-ngozi\/#listItem","name":"Burundi estrena la capilla de la Universidad de Ngozi"},"previousItem":{"@type":"ListItem","@id":"https:\/\/candas365.es\/noticias#listItem","name":"Home"}},{"@type":"ListItem","@id":"https:\/\/candas365.es\/noticias\/burundi-estrena-la-capilla-de-la-universidad-de-ngozi\/#listItem","position":3,"name":"Burundi estrena la capilla de la Universidad de Ngozi","previousItem":{"@type":"ListItem","@id":"https:\/\/candas365.es\/noticias\/category\/internacional\/#listItem","name":"Internacional"}}]},{"@type":"NewsArticle","@id":"https:\/\/candas365.es\/noticias\/burundi-estrena-la-capilla-de-la-universidad-de-ngozi\/#newsarticle","name":"Burundi estrena la capilla de la Universidad de Ngozi | Cand\u00e1s 365","headline":"Burundi estrena la capilla de la Universidad de Ngozi","author":{"@id":"https:\/\/candas365.es\/noticias\/author\/admin\/#author"},"publisher":{"@id":"https:\/\/candas365.es\/noticias\/#organization"},"image":{"@type":"ImageObject","url":"https:\/\/candas365.es\/noticias\/wp-content\/uploads\/2026\/04\/Burundi-estrena-la-capilla-de-la-Universidad-de-Ngozi.jpg","width":1130,"height":838,"caption":"Capilla de la Universidad de Ngozi | Foto de Fundaci\u00f3n Hakuna"},"datePublished":"2026-04-26T16:00:29+02:00","dateModified":"2026-04-26T16:00:29+02:00","inLanguage":"es-ES","mainEntityOfPage":{"@id":"https:\/\/candas365.es\/noticias\/burundi-estrena-la-capilla-de-la-universidad-de-ngozi\/#webpage"},"isPartOf":{"@id":"https:\/\/candas365.es\/noticias\/burundi-estrena-la-capilla-de-la-universidad-de-ngozi\/#webpage"},"articleSection":"Internacional, Internacional, Religi\u00f3n","dateline":"Publicado el abril 26, 2026."},{"@type":"Organization","@id":"https:\/\/candas365.es\/noticias\/#organization","name":"Cand\u00e1s 365","description":"Cand\u00e1s 365 es un diario digital independiente, fundado en 2012, con base en Asturias. Informamos con rigor sobre actualidad, sociedad, cultura y ocio, con una mirada local y global.","url":"https:\/\/candas365.es\/noticias\/","email":"info@candas365.es","telephone":"+34652131393","foundingDate":"2012-06-10","logo":{"@type":"ImageObject","url":"https:\/\/candas365.es\/noticias\/wp-content\/uploads\/2024\/09\/Candas-365-Redes.jpg","@id":"https:\/\/candas365.es\/noticias\/burundi-estrena-la-capilla-de-la-universidad-de-ngozi\/#organizationLogo","width":1152,"height":864,"caption":"Cand\u00e1s 365 Redes"},"image":{"@id":"https:\/\/candas365.es\/noticias\/burundi-estrena-la-capilla-de-la-universidad-de-ngozi\/#organizationLogo"},"sameAs":["https:\/\/www.facebook.com\/Nachofdezber","https:\/\/x.com\/NabercoDigital","https:\/\/www.instagram.com\/nachofdezber\/","https:\/\/www.youtube.com\/channel\/UCZP-2wLEB9Rv6erhFmqVnvg"],"address":{"@id":"https:\/\/candas365.es\/noticias\/#postaladdress","@type":"PostalAddress","streetAddress":"san antonio 4, san antonio 4","postalCode":"33430","addressLocality":"Cand\u00e1s","addressRegion":"Asturias","addressCountry":"ES"}},{"@type":"Person","@id":"https:\/\/candas365.es\/noticias\/author\/admin\/#author","url":"https:\/\/candas365.es\/noticias\/author\/admin\/","name":"Cand\u00e1s 365","image":{"@type":"ImageObject","@id":"https:\/\/candas365.es\/noticias\/burundi-estrena-la-capilla-de-la-universidad-de-ngozi\/#authorImage","url":"https:\/\/secure.gravatar.com\/avatar\/496a8e03d0c493ede1718b7934145dbdf8d89be1036b0eec9544e1094c9de390?s=96&d=mm&r=g","width":96,"height":96,"caption":"Cand\u00e1s 365"},"sameAs":["https:\/\/www.facebook.com\/carrenoactualidad","https:\/\/twitter.com\/nbasturias","https:\/\/www.instagram.com\/nachofdezber\/","https:\/\/www.youtube.com\/channel\/UCZP-2wLEB9Rv6erhFmqVnvg"]},{"@type":"WebPage","@id":"https:\/\/candas365.es\/noticias\/burundi-estrena-la-capilla-de-la-universidad-de-ngozi\/#webpage","url":"https:\/\/candas365.es\/noticias\/burundi-estrena-la-capilla-de-la-universidad-de-ngozi\/","name":"Burundi estrena la capilla de la Universidad de Ngozi | Cand\u00e1s 365","description":"El obispo Georges Bizimana ha consagrado el altar de la capilla de la Universidad de Ngozi, en el norte de Burundi, un proyecto impulsado en 2025","inLanguage":"es-ES","isPartOf":{"@id":"https:\/\/candas365.es\/noticias\/#website"},"breadcrumb":{"@id":"https:\/\/candas365.es\/noticias\/burundi-estrena-la-capilla-de-la-universidad-de-ngozi\/#breadcrumblist"},"author":{"@id":"https:\/\/candas365.es\/noticias\/author\/admin\/#author"},"creator":{"@id":"https:\/\/candas365.es\/noticias\/author\/admin\/#author"},"image":{"@type":"ImageObject","url":"https:\/\/candas365.es\/noticias\/wp-content\/uploads\/2026\/04\/Burundi-estrena-la-capilla-de-la-Universidad-de-Ngozi.jpg","@id":"https:\/\/candas365.es\/noticias\/burundi-estrena-la-capilla-de-la-universidad-de-ngozi\/#mainImage","width":1130,"height":838,"caption":"Capilla de la Universidad de Ngozi | Foto de Fundaci\u00f3n Hakuna"},"primaryImageOfPage":{"@id":"https:\/\/candas365.es\/noticias\/burundi-estrena-la-capilla-de-la-universidad-de-ngozi\/#mainImage"},"datePublished":"2026-04-26T16:00:29+02:00","dateModified":"2026-04-26T16:00:29+02:00"},{"@type":"WebSite","@id":"https:\/\/candas365.es\/noticias\/#website","url":"https:\/\/candas365.es\/noticias\/","name":"Cand\u00e1s 365","alternateName":"Cand\u00e1s 365 Noticias","description":"Actualidad desde Carre\u00f1o para el mundo","inLanguage":"es-ES","publisher":{"@id":"https:\/\/candas365.es\/noticias\/#organization"}}]},"og:locale":"es_ES","og:site_name":"Cand\u00e1s 365","og:type":"article","og:title":"Burundi estrena la capilla de la Universidad de Ngozi | Cand\u00e1s 365","og:description":"El obispo Georges Bizimana ha consagrado el altar de la capilla de la Universidad de Ngozi, en el norte de Burundi, un proyecto impulsado en 2025","og:url":"https:\/\/candas365.es\/noticias\/burundi-estrena-la-capilla-de-la-universidad-de-ngozi\/","og:image":"https:\/\/candas365.es\/noticias\/wp-content\/uploads\/2026\/04\/Burundi-estrena-la-capilla-de-la-Universidad-de-Ngozi.jpg","og:image:secure_url":"https:\/\/candas365.es\/noticias\/wp-content\/uploads\/2026\/04\/Burundi-estrena-la-capilla-de-la-Universidad-de-Ngozi.jpg","og:image:width":1130,"og:image:height":838,"article:published_time":"2026-04-26T14:00:29+00:00","article:modified_time":"2026-04-26T14:00:29+00:00","article:publisher":"https:\/\/www.facebook.com\/Nachofdezber","article:author":"https:\/\/www.facebook.com\/carrenoactualidad","twitter:card":"summary_large_image","twitter:site":"@NabercoDigital","twitter:title":"Burundi estrena la capilla de la Universidad de Ngozi | Cand\u00e1s 365","twitter:description":"El obispo Georges Bizimana ha consagrado el altar de la capilla de la Universidad de Ngozi, en el norte de Burundi, un proyecto impulsado en 2025","twitter:creator":"@nbasturias","twitter:image":"https:\/\/candas365.es\/noticias\/wp-content\/uploads\/2026\/04\/Burundi-estrena-la-capilla-de-la-Universidad-de-Ngozi.jpg","twitter:label1":"Escrito por","twitter:data1":"Cand\u00e1s 365","twitter:label2":"Tiempo de lectura estimado","twitter:data2":"2 minutos"},"aioseo_meta_data":{"post_id":"194316","title":null,"description":"El obispo Georges Bizimana ha consagrado el altar de la capilla de la Universidad de Ngozi, en el norte de Burundi, un proyecto impulsado en 2025","keywords":null,"keyphrases":{"focus":{"keyphrase":"Burundi","score":100,"analysis":{"keyphraseInTitle":{"score":9,"maxScore":9,"error":0},"keyphraseInDescription":{"score":9,"maxScore":9,"error":0},"keyphraseLength":{"score":9,"maxScore":9,"error":0,"length":1},"keyphraseInURL":{"score":5,"maxScore":5,"error":0},"keyphraseInIntroduction":{"score":9,"maxScore":9,"error":0},"keyphraseInSubHeadings":[],"keyphraseInImageAlt":{"score":9,"maxScore":9,"error":0},"keywordDensity":{"type":"best","score":9,"maxScore":9,"error":0}}},"additional":[{"keyphrase":"Ngozi","score":100,"analysis":{"keyphraseInDescription":{"score":9,"maxScore":9,"error":0},"keyphraseLength":{"score":9,"maxScore":9,"error":0,"length":1},"keyphraseInIntroduction":{"score":9,"maxScore":9,"error":0},"keyphraseInImageAlt":{"score":9,"maxScore":9,"error":0},"keywordDensity":{"type":"best","score":9,"maxScore":9,"error":0}}}]},"primary_term":null,"canonical_url":null,"og_title":null,"og_description":null,"og_object_type":"default","og_image_type":"default","og_image_url":null,"og_image_width":null,"og_image_height":null,"og_image_custom_url":null,"og_image_custom_fields":null,"og_video":"","og_custom_url":null,"og_article_section":null,"og_article_tags":null,"twitter_use_og":false,"twitter_card":"default","twitter_image_type":"default","twitter_image_url":null,"twitter_image_custom_url":null,"twitter_image_custom_fields":null,"twitter_title":null,"twitter_description":null,"schema":{"blockGraphs":[],"customGraphs":[],"default":{"data":{"Article":[],"Course":[],"Dataset":[],"FAQPage":[],"Movie":[],"Person":[],"Product":[],"ProductReview":[],"Car":[],"Recipe":[],"Service":[],"SoftwareApplication":[],"WebPage":[]},"graphName":"NewsArticle","isEnabled":true},"graphs":[]},"schema_type":"default","schema_type_options":null,"pillar_content":false,"robots_default":true,"robots_noindex":false,"robots_noarchive":false,"robots_nosnippet":false,"robots_nofollow":false,"robots_noimageindex":false,"robots_noodp":false,"robots_notranslate":false,"robots_max_snippet":"-1","robots_max_videopreview":"-1","robots_max_imagepreview":"large","priority":null,"frequency":"default","location":null,"local_seo":null,"seo_analyzer_scan_date":"2026-04-26 14:17:54","breadcrumb_settings":null,"limit_modified_date":false,"reviewed_by":"0","open_ai":null,"ai":{"faqs":[],"keyPoints":[],"schemas":[],"titles":[],"descriptions":[],"socialPosts":{"email":[],"linkedin":[],"twitter":[],"facebook":[],"instagram":[]}},"created":"2026-04-26 13:55:44","updated":"2026-04-26 14:17:54"},"aioseo_breadcrumb":"<div class=\"aioseo-breadcrumbs\"><span class=\"aioseo-breadcrumb\">\n\t<a href=\"https:\/\/candas365.es\/noticias\" title=\"Home\">Home<\/a>\n<\/span><span class=\"aioseo-breadcrumb-separator\">&ndash;<\/span><span class=\"aioseo-breadcrumb\">\n\t<a href=\"https:\/\/candas365.es\/noticias\/category\/internacional\/\" title=\"Internacional\">Internacional<\/a>\n<\/span><span class=\"aioseo-breadcrumb-separator\">&ndash;<\/span><span class=\"aioseo-breadcrumb\">\n\tBurundi estrena la capilla de la Universidad de Ngozi\n<\/span><\/div>","aioseo_breadcrumb_json":[{"label":"Home","link":"https:\/\/candas365.es\/noticias"},{"label":"Internacional","link":"https:\/\/candas365.es\/noticias\/category\/internacional\/"},{"label":"Burundi estrena la capilla de la Universidad de Ngozi","link":"https:\/\/candas365.es\/noticias\/burundi-estrena-la-capilla-de-la-universidad-de-ngozi\/"}],"_links":{"self":[{"href":"https:\/\/candas365.es\/noticias\/wp-json\/wp\/v2\/posts\/194316","targetHints":{"allow":["GET"]}}],"collection":[{"href":"https:\/\/candas365.es\/noticias\/wp-json\/wp\/v2\/posts"}],"about":[{"href":"https:\/\/candas365.es\/noticias\/wp-json\/wp\/v2\/types\/post"}],"author":[{"embeddable":true,"href":"https:\/\/candas365.es\/noticias\/wp-json\/wp\/v2\/users\/1"}],"replies":[{"embeddable":true,"href":"https:\/\/candas365.es\/noticias\/wp-json\/wp\/v2\/comments?post=194316"}],"version-history":[{"count":1,"href":"https:\/\/candas365.es\/noticias\/wp-json\/wp\/v2\/posts\/194316\/revisions"}],"predecessor-version":[{"id":194318,"href":"https:\/\/candas365.es\/noticias\/wp-json\/wp\/v2\/posts\/194316\/revisions\/194318"}],"wp:featuredmedia":[{"embeddable":true,"href":"https:\/\/candas365.es\/noticias\/wp-json\/wp\/v2\/media\/194317"}],"wp:attachment":[{"href":"https:\/\/candas365.es\/noticias\/wp-json\/wp\/v2\/media?parent=194316"}],"wp:term":[{"taxonomy":"category","embeddable":true,"href":"https:\/\/candas365.es\/noticias\/wp-json\/wp\/v2\/categories?post=194316"},{"taxonomy":"post_tag","embeddable":true,"href":"https:\/\/candas365.es\/noticias\/wp-json\/wp\/v2\/tags?post=194316"}],"curies":[{"name":"wp","href":"https:\/\/api.w.org\/{rel}","templated":true}]}}