{"id":193565,"date":"2026-04-02T07:34:53","date_gmt":"2026-04-02T05:34:53","guid":{"rendered":"https:\/\/candas365.es\/noticias\/?p=193565"},"modified":"2026-04-02T07:34:53","modified_gmt":"2026-04-02T05:34:53","slug":"carreno-recupera-la-cria-de-aves-en-libertad","status":"publish","type":"post","link":"https:\/\/candas365.es\/noticias\/carreno-recupera-la-cria-de-aves-en-libertad\/","title":{"rendered":"Carre\u00f1o recupera la cr\u00eda de aves en libertad"},"content":{"rendered":"<p>El Ministerio de Agricultura levanta las restricciones por gripe aviar en <a href=\"https:\/\/candas365.es\/noticias\/category\/noticias-carreno\/\"><span style=\"color: #ff6600;\"><strong>Carre\u00f1o<\/strong><\/span><\/a>. El concejo recupera la cr\u00eda al aire libre y podr\u00e1 celebrar cert\u00e1menes con aves.<\/p>\n<figure id=\"attachment_193566\" aria-describedby=\"caption-attachment-193566\" style=\"width: 650px\" class=\"wp-caption aligncenter\"><img fetchpriority=\"high\" decoding=\"async\" class=\"size-large wp-image-193566\" src=\"https:\/\/candas365.es\/noticias\/wp-content\/uploads\/2026\/04\/Carreno-recupera-la-cria-de-aves-en-libertad--650x422.jpg\" alt=\"Carre\u00f1o recupera la cr\u00eda de aves en libertad \" width=\"650\" height=\"422\" srcset=\"https:\/\/candas365.es\/noticias\/wp-content\/uploads\/2026\/04\/Carreno-recupera-la-cria-de-aves-en-libertad--650x422.jpg 650w, https:\/\/candas365.es\/noticias\/wp-content\/uploads\/2026\/04\/Carreno-recupera-la-cria-de-aves-en-libertad--360x234.jpg 360w, https:\/\/candas365.es\/noticias\/wp-content\/uploads\/2026\/04\/Carreno-recupera-la-cria-de-aves-en-libertad--768x499.jpg 768w, https:\/\/candas365.es\/noticias\/wp-content\/uploads\/2026\/04\/Carreno-recupera-la-cria-de-aves-en-libertad--150x97.jpg 150w, https:\/\/candas365.es\/noticias\/wp-content\/uploads\/2026\/04\/Carreno-recupera-la-cria-de-aves-en-libertad--450x292.jpg 450w, https:\/\/candas365.es\/noticias\/wp-content\/uploads\/2026\/04\/Carreno-recupera-la-cria-de-aves-en-libertad--1200x780.jpg 1200w, https:\/\/candas365.es\/noticias\/wp-content\/uploads\/2026\/04\/Carreno-recupera-la-cria-de-aves-en-libertad-.jpg 1234w\" sizes=\"(max-width: 650px) 100vw, 650px\" \/><figcaption id=\"caption-attachment-193566\" class=\"wp-caption-text\">Foto: Prensa Principado de Asturias<\/figcaption><\/figure>\n<p class=\"font-claude-response-body break-words whitespace-normal leading-[1.7]\">Los vecinos de Carre\u00f1o pueden volver a criar aves de corral en libertad. El <a href=\"https:\/\/www.mapa.gob.es\/es\/\" target=\"_blank\" rel=\"noopener\"><span style=\"color: #ff6600;\"><strong>Ministerio de Agricultura, Pesca y Alimentaci\u00f3n<\/strong><\/span><\/a> ha publicado en el BOE una disposici\u00f3n que levanta parcialmente las restricciones aprobadas el 11 de noviembre para frenar la expansi\u00f3n de la gripe aviar, una enfermedad altamente infecciosa.<\/p>\n<h2 class=\"text-text-100 mt-3 -mb-1 text-[1.125rem] font-bold\">Los ocho concejos que mantienen la restricci\u00f3n<\/h2>\n<p class=\"font-claude-response-body break-words whitespace-normal leading-[1.7]\">La medida no alcanza a todo el <span style=\"color: #ff6600;\"><a style=\"color: #ff6600;\" title=\"Principado\" href=\"https:\/\/actualidad.asturias.es\/\" target=\"_blank\" rel=\"noopener\">Principado<\/a><\/span>. Castropol, Corvera de Asturias, Gij\u00f3n, Goz\u00f3n, Ribadesella, Tapia de Casariego, Vegadeo y Villaviciosa siguen declarados zonas de especial vigilancia y mantienen las limitaciones en vigor.<\/p>\n<h2 class=\"text-text-100 mt-3 -mb-1 text-[1.125rem] font-bold\">Qu\u00e9 se puede hacer en Carre\u00f1o<\/h2>\n<p class=\"font-claude-response-body break-words whitespace-normal leading-[1.7]\">El levantamiento de las restricciones permite reanudar la cr\u00eda al aire libre y celebrar cert\u00e1menes, muestras o exhibiciones con aves cautivas, actividades que hab\u00edan quedado suspendidas desde noviembre.<\/p>\n<h2 class=\"text-text-100 mt-3 -mb-1 text-[1.125rem] font-bold\">Recomendaciones de la Consejer\u00eda<\/h2>\n<p class=\"font-claude-response-body break-words whitespace-normal leading-[1.7]\">A pesar del levantamiento, la Consejer\u00eda de Medio Rural y Pol\u00edtica Agraria pide precauci\u00f3n. Recomienda reducir el contacto con aves silvestres y sus excrementos, evitar manipular animales muertos o enfermos y reforzar las medidas de bioseguridad en los gallineros.<\/p>\n<p>La disposici\u00f3n del BOE puede consultarse <a href=\"https:\/\/www.boe.es\/boe\/dias\/2026\/04\/01\/pdfs\/BOE-A-2026-7344.pdf\" target=\"_blank\" rel=\"noopener\"><span style=\"color: #ff6600;\"><strong>pulsando aqu\u00ed<\/strong><\/span><\/a>.<\/p>\n","protected":false},"excerpt":{"rendered":"<p>El Ministerio de Agricultura levanta las restricciones por gripe aviar en Carre\u00f1o. El concejo recupera la cr\u00eda al aire libre y podr\u00e1 celebrar cert\u00e1menes con aves. Los vecinos de Carre\u00f1o pueden volver a criar aves de corral en libertad. El Ministerio de Agricultura, Pesca y Alimentaci\u00f3n ha publicado en el BOE una disposici\u00f3n que levanta<\/p>\n","protected":false},"author":1,"featured_media":193566,"comment_status":"closed","ping_status":"closed","sticky":false,"template":"","format":"standard","meta":{"footnotes":""},"categories":[2],"tags":[366,365],"class_list":{"0":"post-193565","1":"post","2":"type-post","3":"status-publish","4":"format-standard","5":"has-post-thumbnail","7":"category-noticias-carreno","8":"tag-candas","9":"tag-carreno"},"aioseo_notices":[],"aioseo_head":"\n\t\t<!-- All in One SEO Pro 4.9.6.2 - aioseo.com -->\n\t<meta name=\"description\" content=\"El Ministerio de Agricultura levanta las restricciones por gripe aviar en Carre\u00f1o. El concejo recupera la cr\u00eda al aire libre y podr\u00e1 celebrar cert\u00e1menes\" \/>\n\t<meta name=\"robots\" content=\"max-image-preview:large\" \/>\n\t<meta name=\"author\" content=\"Cand\u00e1s 365\"\/>\n\t<meta name=\"google-site-verification\" content=\"UA-32230408-1\" \/>\n\t<meta name=\"msvalidate.01\" content=\"354F3CDFB2DA171B47FBE9ABF1F88D5\" \/>\n\t<meta name=\"keywords\" content=\"noticias carre\u00f1o\" \/>\n\t<link rel=\"canonical\" href=\"https:\/\/candas365.es\/noticias\/carreno-recupera-la-cria-de-aves-en-libertad\/\" \/>\n\t<meta name=\"generator\" content=\"All in One SEO Pro (AIOSEO) 4.9.6.2\" \/>\n\t\t<meta property=\"og:locale\" content=\"es_ES\" \/>\n\t\t<meta property=\"og:site_name\" content=\"Cand\u00e1s 365\" \/>\n\t\t<meta property=\"og:type\" content=\"article\" \/>\n\t\t<meta property=\"og:title\" content=\"Carre\u00f1o recupera la cr\u00eda de aves en libertad | Cand\u00e1s 365\" \/>\n\t\t<meta property=\"og:description\" content=\"El Ministerio de Agricultura levanta las restricciones por gripe aviar en Carre\u00f1o. El concejo recupera la cr\u00eda al aire libre y podr\u00e1 celebrar cert\u00e1menes\" \/>\n\t\t<meta property=\"og:url\" content=\"https:\/\/candas365.es\/noticias\/carreno-recupera-la-cria-de-aves-en-libertad\/\" \/>\n\t\t<meta property=\"og:image\" content=\"https:\/\/candas365.es\/noticias\/wp-content\/uploads\/2026\/04\/Carreno-recupera-la-cria-de-aves-en-libertad-.jpg\" \/>\n\t\t<meta property=\"og:image:secure_url\" content=\"https:\/\/candas365.es\/noticias\/wp-content\/uploads\/2026\/04\/Carreno-recupera-la-cria-de-aves-en-libertad-.jpg\" \/>\n\t\t<meta property=\"og:image:width\" content=\"1234\" \/>\n\t\t<meta property=\"og:image:height\" content=\"802\" \/>\n\t\t<meta property=\"article:published_time\" content=\"2026-04-02T05:34:53+00:00\" \/>\n\t\t<meta property=\"article:modified_time\" content=\"2026-04-02T05:34:53+00:00\" \/>\n\t\t<meta property=\"article:publisher\" content=\"https:\/\/www.facebook.com\/Nachofdezber\" \/>\n\t\t<meta property=\"article:author\" content=\"https:\/\/www.facebook.com\/carrenoactualidad\" \/>\n\t\t<meta name=\"twitter:card\" content=\"summary_large_image\" \/>\n\t\t<meta name=\"twitter:site\" content=\"@NabercoDigital\" \/>\n\t\t<meta name=\"twitter:title\" content=\"Carre\u00f1o recupera la cr\u00eda de aves en libertad | Cand\u00e1s 365\" \/>\n\t\t<meta name=\"twitter:description\" content=\"El Ministerio de Agricultura levanta las restricciones por gripe aviar en Carre\u00f1o. El concejo recupera la cr\u00eda al aire libre y podr\u00e1 celebrar cert\u00e1menes\" \/>\n\t\t<meta name=\"twitter:creator\" content=\"@nbasturias\" \/>\n\t\t<meta name=\"twitter:image\" content=\"https:\/\/candas365.es\/noticias\/wp-content\/uploads\/2026\/04\/Carreno-recupera-la-cria-de-aves-en-libertad-.jpg\" \/>\n\t\t<meta name=\"twitter:label1\" content=\"Escrito por\" \/>\n\t\t<meta name=\"twitter:data1\" content=\"Cand\u00e1s 365\" \/>\n\t\t<meta name=\"twitter:label2\" content=\"Tiempo de lectura estimado\" \/>\n\t\t<meta name=\"twitter:data2\" content=\"1 minuto\" \/>\n\t\t<script type=\"application\/ld+json\" class=\"aioseo-schema\">\n\t\t\t{\"@context\":\"https:\\\/\\\/schema.org\",\"@graph\":[{\"@type\":\"BreadcrumbList\",\"@id\":\"https:\\\/\\\/candas365.es\\\/noticias\\\/carreno-recupera-la-cria-de-aves-en-libertad\\\/#breadcrumblist\",\"itemListElement\":[{\"@type\":\"ListItem\",\"@id\":\"https:\\\/\\\/candas365.es\\\/noticias#listItem\",\"position\":1,\"name\":\"Home\",\"item\":\"https:\\\/\\\/candas365.es\\\/noticias\",\"nextItem\":{\"@type\":\"ListItem\",\"@id\":\"https:\\\/\\\/candas365.es\\\/noticias\\\/category\\\/noticias-carreno\\\/#listItem\",\"name\":\"Noticias Carre\\u00f1o\"}},{\"@type\":\"ListItem\",\"@id\":\"https:\\\/\\\/candas365.es\\\/noticias\\\/category\\\/noticias-carreno\\\/#listItem\",\"position\":2,\"name\":\"Noticias Carre\\u00f1o\",\"item\":\"https:\\\/\\\/candas365.es\\\/noticias\\\/category\\\/noticias-carreno\\\/\",\"nextItem\":{\"@type\":\"ListItem\",\"@id\":\"https:\\\/\\\/candas365.es\\\/noticias\\\/carreno-recupera-la-cria-de-aves-en-libertad\\\/#listItem\",\"name\":\"Carre\\u00f1o recupera la cr\\u00eda de aves en libertad\"},\"previousItem\":{\"@type\":\"ListItem\",\"@id\":\"https:\\\/\\\/candas365.es\\\/noticias#listItem\",\"name\":\"Home\"}},{\"@type\":\"ListItem\",\"@id\":\"https:\\\/\\\/candas365.es\\\/noticias\\\/carreno-recupera-la-cria-de-aves-en-libertad\\\/#listItem\",\"position\":3,\"name\":\"Carre\\u00f1o recupera la cr\\u00eda de aves en libertad\",\"previousItem\":{\"@type\":\"ListItem\",\"@id\":\"https:\\\/\\\/candas365.es\\\/noticias\\\/category\\\/noticias-carreno\\\/#listItem\",\"name\":\"Noticias Carre\\u00f1o\"}}]},{\"@type\":\"NewsArticle\",\"@id\":\"https:\\\/\\\/candas365.es\\\/noticias\\\/carreno-recupera-la-cria-de-aves-en-libertad\\\/#newsarticle\",\"name\":\"Carre\\u00f1o recupera la cr\\u00eda de aves en libertad | Cand\\u00e1s 365\",\"headline\":\"Carre\\u00f1o recupera la cr\\u00eda de aves en libertad\",\"author\":{\"@id\":\"https:\\\/\\\/candas365.es\\\/noticias\\\/author\\\/admin\\\/#author\"},\"publisher\":{\"@id\":\"https:\\\/\\\/candas365.es\\\/noticias\\\/#organization\"},\"image\":{\"@type\":\"ImageObject\",\"url\":\"https:\\\/\\\/candas365.es\\\/noticias\\\/wp-content\\\/uploads\\\/2026\\\/04\\\/Carreno-recupera-la-cria-de-aves-en-libertad-.jpg\",\"width\":1234,\"height\":802,\"caption\":\"Foto: Prensa Principado de Asturias\"},\"datePublished\":\"2026-04-02T07:34:53+02:00\",\"dateModified\":\"2026-04-02T07:34:53+02:00\",\"inLanguage\":\"es-ES\",\"mainEntityOfPage\":{\"@id\":\"https:\\\/\\\/candas365.es\\\/noticias\\\/carreno-recupera-la-cria-de-aves-en-libertad\\\/#webpage\"},\"isPartOf\":{\"@id\":\"https:\\\/\\\/candas365.es\\\/noticias\\\/carreno-recupera-la-cria-de-aves-en-libertad\\\/#webpage\"},\"articleSection\":\"Noticias Carre\\u00f1o, Cand\\u00e1s, Carre\\u00f1o\",\"dateline\":\"Publicado el abril 2, 2026.\"},{\"@type\":\"Organization\",\"@id\":\"https:\\\/\\\/candas365.es\\\/noticias\\\/#organization\",\"name\":\"Cand\\u00e1s 365\",\"description\":\"Cand\\u00e1s 365 es un diario digital independiente, fundado en 2012, con base en Asturias. Informamos con rigor sobre actualidad, sociedad, cultura y ocio, con una mirada local y global.\",\"url\":\"https:\\\/\\\/candas365.es\\\/noticias\\\/\",\"email\":\"info@candas365.es\",\"telephone\":\"+34652131393\",\"foundingDate\":\"2012-06-10\",\"logo\":{\"@type\":\"ImageObject\",\"url\":\"https:\\\/\\\/candas365.es\\\/noticias\\\/wp-content\\\/uploads\\\/2024\\\/09\\\/Candas-365-Redes.jpg\",\"@id\":\"https:\\\/\\\/candas365.es\\\/noticias\\\/carreno-recupera-la-cria-de-aves-en-libertad\\\/#organizationLogo\",\"width\":1152,\"height\":864,\"caption\":\"Cand\\u00e1s 365 Redes\"},\"image\":{\"@id\":\"https:\\\/\\\/candas365.es\\\/noticias\\\/carreno-recupera-la-cria-de-aves-en-libertad\\\/#organizationLogo\"},\"sameAs\":[\"https:\\\/\\\/www.facebook.com\\\/Nachofdezber\",\"https:\\\/\\\/x.com\\\/NabercoDigital\",\"https:\\\/\\\/www.instagram.com\\\/nachofdezber\\\/\",\"https:\\\/\\\/www.youtube.com\\\/channel\\\/UCZP-2wLEB9Rv6erhFmqVnvg\"],\"address\":{\"@id\":\"https:\\\/\\\/candas365.es\\\/noticias\\\/#postaladdress\",\"@type\":\"PostalAddress\",\"streetAddress\":\"san antonio 4, san antonio 4\",\"postalCode\":\"33430\",\"addressLocality\":\"Cand\\u00e1s\",\"addressRegion\":\"Asturias\",\"addressCountry\":\"ES\"}},{\"@type\":\"Person\",\"@id\":\"https:\\\/\\\/candas365.es\\\/noticias\\\/author\\\/admin\\\/#author\",\"url\":\"https:\\\/\\\/candas365.es\\\/noticias\\\/author\\\/admin\\\/\",\"name\":\"Cand\\u00e1s 365\",\"image\":{\"@type\":\"ImageObject\",\"@id\":\"https:\\\/\\\/candas365.es\\\/noticias\\\/carreno-recupera-la-cria-de-aves-en-libertad\\\/#authorImage\",\"url\":\"https:\\\/\\\/secure.gravatar.com\\\/avatar\\\/496a8e03d0c493ede1718b7934145dbdf8d89be1036b0eec9544e1094c9de390?s=96&d=mm&r=g\",\"width\":96,\"height\":96,\"caption\":\"Cand\\u00e1s 365\"},\"sameAs\":[\"https:\\\/\\\/www.facebook.com\\\/carrenoactualidad\",\"https:\\\/\\\/twitter.com\\\/nbasturias\",\"https:\\\/\\\/www.instagram.com\\\/nachofdezber\\\/\",\"https:\\\/\\\/www.youtube.com\\\/channel\\\/UCZP-2wLEB9Rv6erhFmqVnvg\"]},{\"@type\":\"WebPage\",\"@id\":\"https:\\\/\\\/candas365.es\\\/noticias\\\/carreno-recupera-la-cria-de-aves-en-libertad\\\/#webpage\",\"url\":\"https:\\\/\\\/candas365.es\\\/noticias\\\/carreno-recupera-la-cria-de-aves-en-libertad\\\/\",\"name\":\"Carre\\u00f1o recupera la cr\\u00eda de aves en libertad | Cand\\u00e1s 365\",\"description\":\"El Ministerio de Agricultura levanta las restricciones por gripe aviar en Carre\\u00f1o. El concejo recupera la cr\\u00eda al aire libre y podr\\u00e1 celebrar cert\\u00e1menes\",\"inLanguage\":\"es-ES\",\"isPartOf\":{\"@id\":\"https:\\\/\\\/candas365.es\\\/noticias\\\/#website\"},\"breadcrumb\":{\"@id\":\"https:\\\/\\\/candas365.es\\\/noticias\\\/carreno-recupera-la-cria-de-aves-en-libertad\\\/#breadcrumblist\"},\"author\":{\"@id\":\"https:\\\/\\\/candas365.es\\\/noticias\\\/author\\\/admin\\\/#author\"},\"creator\":{\"@id\":\"https:\\\/\\\/candas365.es\\\/noticias\\\/author\\\/admin\\\/#author\"},\"image\":{\"@type\":\"ImageObject\",\"url\":\"https:\\\/\\\/candas365.es\\\/noticias\\\/wp-content\\\/uploads\\\/2026\\\/04\\\/Carreno-recupera-la-cria-de-aves-en-libertad-.jpg\",\"@id\":\"https:\\\/\\\/candas365.es\\\/noticias\\\/carreno-recupera-la-cria-de-aves-en-libertad\\\/#mainImage\",\"width\":1234,\"height\":802,\"caption\":\"Foto: Prensa Principado de Asturias\"},\"primaryImageOfPage\":{\"@id\":\"https:\\\/\\\/candas365.es\\\/noticias\\\/carreno-recupera-la-cria-de-aves-en-libertad\\\/#mainImage\"},\"datePublished\":\"2026-04-02T07:34:53+02:00\",\"dateModified\":\"2026-04-02T07:34:53+02:00\"},{\"@type\":\"WebSite\",\"@id\":\"https:\\\/\\\/candas365.es\\\/noticias\\\/#website\",\"url\":\"https:\\\/\\\/candas365.es\\\/noticias\\\/\",\"name\":\"Cand\\u00e1s 365\",\"alternateName\":\"Cand\\u00e1s 365 Noticias\",\"description\":\"Actualidad desde Carre\\u00f1o para el mundo\",\"inLanguage\":\"es-ES\",\"publisher\":{\"@id\":\"https:\\\/\\\/candas365.es\\\/noticias\\\/#organization\"}}]}\n\t\t<\/script>\n\t\t<!-- All in One SEO Pro -->\r\n\t\t<title>Carre\u00f1o recupera la cr\u00eda de aves en libertad | Cand\u00e1s 365<\/title>\n\n","aioseo_head_json":{"title":"Carre\u00f1o recupera la cr\u00eda de aves en libertad | Cand\u00e1s 365","description":"El Ministerio de Agricultura levanta las restricciones por gripe aviar en Carre\u00f1o. El concejo recupera la cr\u00eda al aire libre y podr\u00e1 celebrar cert\u00e1menes","canonical_url":"https:\/\/candas365.es\/noticias\/carreno-recupera-la-cria-de-aves-en-libertad\/","robots":"max-image-preview:large","keywords":"noticias carre\u00f1o","webmasterTools":{"google-site-verification":"UA-32230408-1","msvalidate.01":"354F3CDFB2DA171B47FBE9ABF1F88D5","miscellaneous":""},"schema":{"@context":"https:\/\/schema.org","@graph":[{"@type":"BreadcrumbList","@id":"https:\/\/candas365.es\/noticias\/carreno-recupera-la-cria-de-aves-en-libertad\/#breadcrumblist","itemListElement":[{"@type":"ListItem","@id":"https:\/\/candas365.es\/noticias#listItem","position":1,"name":"Home","item":"https:\/\/candas365.es\/noticias","nextItem":{"@type":"ListItem","@id":"https:\/\/candas365.es\/noticias\/category\/noticias-carreno\/#listItem","name":"Noticias Carre\u00f1o"}},{"@type":"ListItem","@id":"https:\/\/candas365.es\/noticias\/category\/noticias-carreno\/#listItem","position":2,"name":"Noticias Carre\u00f1o","item":"https:\/\/candas365.es\/noticias\/category\/noticias-carreno\/","nextItem":{"@type":"ListItem","@id":"https:\/\/candas365.es\/noticias\/carreno-recupera-la-cria-de-aves-en-libertad\/#listItem","name":"Carre\u00f1o recupera la cr\u00eda de aves en libertad"},"previousItem":{"@type":"ListItem","@id":"https:\/\/candas365.es\/noticias#listItem","name":"Home"}},{"@type":"ListItem","@id":"https:\/\/candas365.es\/noticias\/carreno-recupera-la-cria-de-aves-en-libertad\/#listItem","position":3,"name":"Carre\u00f1o recupera la cr\u00eda de aves en libertad","previousItem":{"@type":"ListItem","@id":"https:\/\/candas365.es\/noticias\/category\/noticias-carreno\/#listItem","name":"Noticias Carre\u00f1o"}}]},{"@type":"NewsArticle","@id":"https:\/\/candas365.es\/noticias\/carreno-recupera-la-cria-de-aves-en-libertad\/#newsarticle","name":"Carre\u00f1o recupera la cr\u00eda de aves en libertad | Cand\u00e1s 365","headline":"Carre\u00f1o recupera la cr\u00eda de aves en libertad","author":{"@id":"https:\/\/candas365.es\/noticias\/author\/admin\/#author"},"publisher":{"@id":"https:\/\/candas365.es\/noticias\/#organization"},"image":{"@type":"ImageObject","url":"https:\/\/candas365.es\/noticias\/wp-content\/uploads\/2026\/04\/Carreno-recupera-la-cria-de-aves-en-libertad-.jpg","width":1234,"height":802,"caption":"Foto: Prensa Principado de Asturias"},"datePublished":"2026-04-02T07:34:53+02:00","dateModified":"2026-04-02T07:34:53+02:00","inLanguage":"es-ES","mainEntityOfPage":{"@id":"https:\/\/candas365.es\/noticias\/carreno-recupera-la-cria-de-aves-en-libertad\/#webpage"},"isPartOf":{"@id":"https:\/\/candas365.es\/noticias\/carreno-recupera-la-cria-de-aves-en-libertad\/#webpage"},"articleSection":"Noticias Carre\u00f1o, Cand\u00e1s, Carre\u00f1o","dateline":"Publicado el abril 2, 2026."},{"@type":"Organization","@id":"https:\/\/candas365.es\/noticias\/#organization","name":"Cand\u00e1s 365","description":"Cand\u00e1s 365 es un diario digital independiente, fundado en 2012, con base en Asturias. Informamos con rigor sobre actualidad, sociedad, cultura y ocio, con una mirada local y global.","url":"https:\/\/candas365.es\/noticias\/","email":"info@candas365.es","telephone":"+34652131393","foundingDate":"2012-06-10","logo":{"@type":"ImageObject","url":"https:\/\/candas365.es\/noticias\/wp-content\/uploads\/2024\/09\/Candas-365-Redes.jpg","@id":"https:\/\/candas365.es\/noticias\/carreno-recupera-la-cria-de-aves-en-libertad\/#organizationLogo","width":1152,"height":864,"caption":"Cand\u00e1s 365 Redes"},"image":{"@id":"https:\/\/candas365.es\/noticias\/carreno-recupera-la-cria-de-aves-en-libertad\/#organizationLogo"},"sameAs":["https:\/\/www.facebook.com\/Nachofdezber","https:\/\/x.com\/NabercoDigital","https:\/\/www.instagram.com\/nachofdezber\/","https:\/\/www.youtube.com\/channel\/UCZP-2wLEB9Rv6erhFmqVnvg"],"address":{"@id":"https:\/\/candas365.es\/noticias\/#postaladdress","@type":"PostalAddress","streetAddress":"san antonio 4, san antonio 4","postalCode":"33430","addressLocality":"Cand\u00e1s","addressRegion":"Asturias","addressCountry":"ES"}},{"@type":"Person","@id":"https:\/\/candas365.es\/noticias\/author\/admin\/#author","url":"https:\/\/candas365.es\/noticias\/author\/admin\/","name":"Cand\u00e1s 365","image":{"@type":"ImageObject","@id":"https:\/\/candas365.es\/noticias\/carreno-recupera-la-cria-de-aves-en-libertad\/#authorImage","url":"https:\/\/secure.gravatar.com\/avatar\/496a8e03d0c493ede1718b7934145dbdf8d89be1036b0eec9544e1094c9de390?s=96&d=mm&r=g","width":96,"height":96,"caption":"Cand\u00e1s 365"},"sameAs":["https:\/\/www.facebook.com\/carrenoactualidad","https:\/\/twitter.com\/nbasturias","https:\/\/www.instagram.com\/nachofdezber\/","https:\/\/www.youtube.com\/channel\/UCZP-2wLEB9Rv6erhFmqVnvg"]},{"@type":"WebPage","@id":"https:\/\/candas365.es\/noticias\/carreno-recupera-la-cria-de-aves-en-libertad\/#webpage","url":"https:\/\/candas365.es\/noticias\/carreno-recupera-la-cria-de-aves-en-libertad\/","name":"Carre\u00f1o recupera la cr\u00eda de aves en libertad | Cand\u00e1s 365","description":"El Ministerio de Agricultura levanta las restricciones por gripe aviar en Carre\u00f1o. El concejo recupera la cr\u00eda al aire libre y podr\u00e1 celebrar cert\u00e1menes","inLanguage":"es-ES","isPartOf":{"@id":"https:\/\/candas365.es\/noticias\/#website"},"breadcrumb":{"@id":"https:\/\/candas365.es\/noticias\/carreno-recupera-la-cria-de-aves-en-libertad\/#breadcrumblist"},"author":{"@id":"https:\/\/candas365.es\/noticias\/author\/admin\/#author"},"creator":{"@id":"https:\/\/candas365.es\/noticias\/author\/admin\/#author"},"image":{"@type":"ImageObject","url":"https:\/\/candas365.es\/noticias\/wp-content\/uploads\/2026\/04\/Carreno-recupera-la-cria-de-aves-en-libertad-.jpg","@id":"https:\/\/candas365.es\/noticias\/carreno-recupera-la-cria-de-aves-en-libertad\/#mainImage","width":1234,"height":802,"caption":"Foto: Prensa Principado de Asturias"},"primaryImageOfPage":{"@id":"https:\/\/candas365.es\/noticias\/carreno-recupera-la-cria-de-aves-en-libertad\/#mainImage"},"datePublished":"2026-04-02T07:34:53+02:00","dateModified":"2026-04-02T07:34:53+02:00"},{"@type":"WebSite","@id":"https:\/\/candas365.es\/noticias\/#website","url":"https:\/\/candas365.es\/noticias\/","name":"Cand\u00e1s 365","alternateName":"Cand\u00e1s 365 Noticias","description":"Actualidad desde Carre\u00f1o para el mundo","inLanguage":"es-ES","publisher":{"@id":"https:\/\/candas365.es\/noticias\/#organization"}}]},"og:locale":"es_ES","og:site_name":"Cand\u00e1s 365","og:type":"article","og:title":"Carre\u00f1o recupera la cr\u00eda de aves en libertad | Cand\u00e1s 365","og:description":"El Ministerio de Agricultura levanta las restricciones por gripe aviar en Carre\u00f1o. El concejo recupera la cr\u00eda al aire libre y podr\u00e1 celebrar cert\u00e1menes","og:url":"https:\/\/candas365.es\/noticias\/carreno-recupera-la-cria-de-aves-en-libertad\/","og:image":"https:\/\/candas365.es\/noticias\/wp-content\/uploads\/2026\/04\/Carreno-recupera-la-cria-de-aves-en-libertad-.jpg","og:image:secure_url":"https:\/\/candas365.es\/noticias\/wp-content\/uploads\/2026\/04\/Carreno-recupera-la-cria-de-aves-en-libertad-.jpg","og:image:width":1234,"og:image:height":802,"article:published_time":"2026-04-02T05:34:53+00:00","article:modified_time":"2026-04-02T05:34:53+00:00","article:publisher":"https:\/\/www.facebook.com\/Nachofdezber","article:author":"https:\/\/www.facebook.com\/carrenoactualidad","twitter:card":"summary_large_image","twitter:site":"@NabercoDigital","twitter:title":"Carre\u00f1o recupera la cr\u00eda de aves en libertad | Cand\u00e1s 365","twitter:description":"El Ministerio de Agricultura levanta las restricciones por gripe aviar en Carre\u00f1o. El concejo recupera la cr\u00eda al aire libre y podr\u00e1 celebrar cert\u00e1menes","twitter:creator":"@nbasturias","twitter:image":"https:\/\/candas365.es\/noticias\/wp-content\/uploads\/2026\/04\/Carreno-recupera-la-cria-de-aves-en-libertad-.jpg","twitter:label1":"Escrito por","twitter:data1":"Cand\u00e1s 365","twitter:label2":"Tiempo de lectura estimado","twitter:data2":"1 minuto"},"aioseo_meta_data":{"post_id":"193565","title":null,"description":"El Ministerio de Agricultura levanta las restricciones por gripe aviar en Carre\u00f1o. El concejo recupera la cr\u00eda al aire libre y podr\u00e1 celebrar cert\u00e1menes","keywords":null,"keyphrases":{"focus":{"keyphrase":"Carre\u00f1o","score":100,"analysis":{"keyphraseInTitle":{"score":9,"maxScore":9,"error":0},"keyphraseInDescription":{"score":9,"maxScore":9,"error":0},"keyphraseLength":{"score":9,"maxScore":9,"error":0,"length":2},"keyphraseInURL":{"score":5,"maxScore":5,"error":0},"keyphraseInIntroduction":{"score":9,"maxScore":9,"error":0},"keyphraseInSubHeadings":{"score":9,"maxScore":9,"error":0},"keyphraseInImageAlt":{"score":9,"maxScore":9,"error":0},"keywordDensity":{"type":"best","score":9,"maxScore":9,"error":0}}},"additional":[{"keyphrase":"cr\u00eda","score":100,"analysis":{"keyphraseInDescription":{"score":9,"maxScore":9,"error":0},"keyphraseLength":{"score":9,"maxScore":9,"error":0,"length":2},"keyphraseInIntroduction":{"score":9,"maxScore":9,"error":0},"keyphraseInImageAlt":{"score":9,"maxScore":9,"error":0},"keywordDensity":{"type":"best","score":9,"maxScore":9,"error":0}}}]},"primary_term":null,"canonical_url":null,"og_title":null,"og_description":null,"og_object_type":"default","og_image_type":"default","og_image_url":null,"og_image_width":null,"og_image_height":null,"og_image_custom_url":null,"og_image_custom_fields":null,"og_video":"","og_custom_url":null,"og_article_section":null,"og_article_tags":null,"twitter_use_og":false,"twitter_card":"default","twitter_image_type":"default","twitter_image_url":null,"twitter_image_custom_url":null,"twitter_image_custom_fields":null,"twitter_title":null,"twitter_description":null,"schema":{"blockGraphs":[],"customGraphs":[],"default":{"data":{"Article":[],"Course":[],"Dataset":[],"FAQPage":[],"Movie":[],"Person":[],"Product":[],"ProductReview":[],"Car":[],"Recipe":[],"Service":[],"SoftwareApplication":[],"WebPage":[]},"graphName":"NewsArticle","isEnabled":true},"graphs":[]},"schema_type":"default","schema_type_options":null,"pillar_content":false,"robots_default":true,"robots_noindex":false,"robots_noarchive":false,"robots_nosnippet":false,"robots_nofollow":false,"robots_noimageindex":false,"robots_noodp":false,"robots_notranslate":false,"robots_max_snippet":"-1","robots_max_videopreview":"-1","robots_max_imagepreview":"large","priority":null,"frequency":"default","location":null,"local_seo":null,"seo_analyzer_scan_date":"2026-04-02 05:38:19","breadcrumb_settings":null,"limit_modified_date":false,"reviewed_by":null,"open_ai":null,"ai":{"faqs":[],"keyPoints":[],"titles":[],"descriptions":[],"socialPosts":{"email":[],"linkedin":[],"twitter":[],"facebook":[],"instagram":[]}},"created":"2026-04-02 05:24:20","updated":"2026-04-02 05:38:27"},"aioseo_breadcrumb":"<div class=\"aioseo-breadcrumbs\"><span class=\"aioseo-breadcrumb\">\n\t<a href=\"https:\/\/candas365.es\/noticias\" title=\"Home\">Home<\/a>\n<\/span><span class=\"aioseo-breadcrumb-separator\">&ndash;<\/span><span class=\"aioseo-breadcrumb\">\n\t<a href=\"https:\/\/candas365.es\/noticias\/category\/noticias-carreno\/\" title=\"Noticias Carre\u00f1o\">Noticias Carre\u00f1o<\/a>\n<\/span><span class=\"aioseo-breadcrumb-separator\">&ndash;<\/span><span class=\"aioseo-breadcrumb\">\n\tCarre\u00f1o recupera la cr\u00eda de aves en libertad\n<\/span><\/div>","aioseo_breadcrumb_json":[{"label":"Home","link":"https:\/\/candas365.es\/noticias"},{"label":"Noticias Carre\u00f1o","link":"https:\/\/candas365.es\/noticias\/category\/noticias-carreno\/"},{"label":"Carre\u00f1o recupera la cr\u00eda de aves en libertad","link":"https:\/\/candas365.es\/noticias\/carreno-recupera-la-cria-de-aves-en-libertad\/"}],"_links":{"self":[{"href":"https:\/\/candas365.es\/noticias\/wp-json\/wp\/v2\/posts\/193565","targetHints":{"allow":["GET"]}}],"collection":[{"href":"https:\/\/candas365.es\/noticias\/wp-json\/wp\/v2\/posts"}],"about":[{"href":"https:\/\/candas365.es\/noticias\/wp-json\/wp\/v2\/types\/post"}],"author":[{"embeddable":true,"href":"https:\/\/candas365.es\/noticias\/wp-json\/wp\/v2\/users\/1"}],"replies":[{"embeddable":true,"href":"https:\/\/candas365.es\/noticias\/wp-json\/wp\/v2\/comments?post=193565"}],"version-history":[{"count":0,"href":"https:\/\/candas365.es\/noticias\/wp-json\/wp\/v2\/posts\/193565\/revisions"}],"wp:featuredmedia":[{"embeddable":true,"href":"https:\/\/candas365.es\/noticias\/wp-json\/wp\/v2\/media\/193566"}],"wp:attachment":[{"href":"https:\/\/candas365.es\/noticias\/wp-json\/wp\/v2\/media?parent=193565"}],"wp:term":[{"taxonomy":"category","embeddable":true,"href":"https:\/\/candas365.es\/noticias\/wp-json\/wp\/v2\/categories?post=193565"},{"taxonomy":"post_tag","embeddable":true,"href":"https:\/\/candas365.es\/noticias\/wp-json\/wp\/v2\/tags?post=193565"}],"curies":[{"name":"wp","href":"https:\/\/api.w.org\/{rel}","templated":true}]}}