{"id":193559,"date":"2026-04-02T06:41:11","date_gmt":"2026-04-02T04:41:11","guid":{"rendered":"https:\/\/candas365.es\/noticias\/?p=193559"},"modified":"2026-04-02T06:41:11","modified_gmt":"2026-04-02T04:41:11","slug":"asturias-tercera-comunidad-con-menos-deuda-de-espana","status":"publish","type":"post","link":"https:\/\/candas365.es\/noticias\/asturias-tercera-comunidad-con-menos-deuda-de-espana\/","title":{"rendered":"Asturias, tercera comunidad con menos deuda de Espa\u00f1a"},"content":{"rendered":"<p>Asturias cerr\u00f3 2025 con una deuda del 12,3% de su PIB, la tercera m\u00e1s baja entre las comunidades de r\u00e9gimen com\u00fan, seg\u00fan el Banco de Espa\u00f1a. Es el quinto a\u00f1o seguido de reducci\u00f3n.<\/p>\n<figure id=\"attachment_193560\" aria-describedby=\"caption-attachment-193560\" style=\"width: 650px\" class=\"wp-caption aligncenter\"><img fetchpriority=\"high\" decoding=\"async\" class=\"size-large wp-image-193560\" src=\"https:\/\/candas365.es\/noticias\/wp-content\/uploads\/2026\/04\/Asturias-tercera-comunidad-con-menos-deuda-de-Espana-650x384.jpg\" alt=\"Asturias, tercera comunidad con menos deuda de Espa\u00f1a\" width=\"650\" height=\"384\" srcset=\"https:\/\/candas365.es\/noticias\/wp-content\/uploads\/2026\/04\/Asturias-tercera-comunidad-con-menos-deuda-de-Espana-650x384.jpg 650w, https:\/\/candas365.es\/noticias\/wp-content\/uploads\/2026\/04\/Asturias-tercera-comunidad-con-menos-deuda-de-Espana-360x212.jpg 360w, https:\/\/candas365.es\/noticias\/wp-content\/uploads\/2026\/04\/Asturias-tercera-comunidad-con-menos-deuda-de-Espana-768x453.jpg 768w, https:\/\/candas365.es\/noticias\/wp-content\/uploads\/2026\/04\/Asturias-tercera-comunidad-con-menos-deuda-de-Espana-150x89.jpg 150w, https:\/\/candas365.es\/noticias\/wp-content\/uploads\/2026\/04\/Asturias-tercera-comunidad-con-menos-deuda-de-Espana-450x266.jpg 450w, https:\/\/candas365.es\/noticias\/wp-content\/uploads\/2026\/04\/Asturias-tercera-comunidad-con-menos-deuda-de-Espana.jpg 1100w\" sizes=\"(max-width: 650px) 100vw, 650px\" \/><figcaption id=\"caption-attachment-193560\" class=\"wp-caption-text\">Foto: 123rf.com<\/figcaption><\/figure>\n<p><a href=\"https:\/\/candas365.es\/noticias\/category\/asturias\/\"><strong><span style=\"color: #ff6600;\">Asturias<\/span><\/strong><\/a> se mantiene como una de las comunidades m\u00e1s solventes del pa\u00eds, seg\u00fan el balance sobre la evoluci\u00f3n de la deuda publicado por el Banco de Espa\u00f1a. El <span style=\"color: #ff6600;\"><strong><a style=\"color: #ff6600;\" title=\"Principado\" href=\"https:\/\/actualidad.asturias.es\/\" target=\"_blank\" rel=\"noopener\">Principado<\/a><\/strong><\/span> cerr\u00f3 2025 con una deuda equivalente al 12,3% de su Producto Interior Bruto (PIB), lo que le sit\u00faa como la tercera autonom\u00eda con menor endeudamiento del r\u00e9gimen com\u00fan de financiaci\u00f3n, solo por detr\u00e1s de Canarias (10,8%) y Madrid (11,3%).<\/p>\n<p>Se trata adem\u00e1s del quinto ejercicio consecutivo en el que Asturias logra reducir su ratio de deuda, una tendencia a la baja que \u00fanicamente se vio interrumpida durante la pandemia de covid de 2020.<\/p>\n<h1>Por debajo del umbral del 13% que marca la ley<\/h1>\n<p>El dato de cierre de 2025 confirma que Asturias forma parte del grupo de cinco comunidades que mantienen su endeudamiento por debajo del umbral del 13% fijado como referencia en la Ley de Estabilidad. Junto a Canarias y Madrid, tambi\u00e9n integran este grupo los territorios forales de Navarra y el Pa\u00eds Vasco.<\/p>\n<h2>Casi ocho puntos por debajo de la media nacional<\/h2>\n<p>Asturias ha mantenido hist\u00f3ricamente una pol\u00edtica de contenci\u00f3n de la deuda, limit\u00e1ndola a los niveles estrictamente necesarios y siempre dentro de los m\u00e1rgenes autorizados. El porcentaje registrado por el Principado se sit\u00faa 7,9 puntos por debajo de la media nacional.<\/p>\n","protected":false},"excerpt":{"rendered":"<p>Asturias cerr\u00f3 2025 con una deuda del 12,3% de su PIB, la tercera m\u00e1s baja entre las comunidades de r\u00e9gimen com\u00fan, seg\u00fan el Banco de Espa\u00f1a. Es el quinto a\u00f1o seguido de reducci\u00f3n. Asturias se mantiene como una de las comunidades m\u00e1s solventes del pa\u00eds, seg\u00fan el balance sobre la evoluci\u00f3n de la deuda publicado<\/p>\n","protected":false},"author":1,"featured_media":193560,"comment_status":"closed","ping_status":"closed","sticky":false,"template":"","format":"standard","meta":{"footnotes":""},"categories":[7],"tags":[380,437],"class_list":{"0":"post-193559","1":"post","2":"type-post","3":"status-publish","4":"format-standard","5":"has-post-thumbnail","7":"category-asturias","8":"tag-asturias","9":"tag-economia"},"aioseo_notices":[],"aioseo_head":"\n\t\t<!-- All in One SEO Pro 4.9.6.2 - aioseo.com -->\n\t<meta name=\"description\" content=\"Asturias cerr\u00f3 2025 con una deuda del 12,3% de su PIB, la tercera m\u00e1s baja entre las comunidades de r\u00e9gimen com\u00fan, seg\u00fan el Banco de Espa\u00f1a\" \/>\n\t<meta name=\"robots\" content=\"max-image-preview:large\" \/>\n\t<meta name=\"author\" content=\"Cand\u00e1s 365\"\/>\n\t<meta name=\"google-site-verification\" content=\"UA-32230408-1\" \/>\n\t<meta name=\"msvalidate.01\" content=\"354F3CDFB2DA171B47FBE9ABF1F88D5\" \/>\n\t<meta name=\"keywords\" content=\"asturias\" \/>\n\t<link rel=\"canonical\" href=\"https:\/\/candas365.es\/noticias\/asturias-tercera-comunidad-con-menos-deuda-de-espana\/\" \/>\n\t<meta name=\"generator\" content=\"All in One SEO Pro (AIOSEO) 4.9.6.2\" \/>\n\t\t<meta property=\"og:locale\" content=\"es_ES\" \/>\n\t\t<meta property=\"og:site_name\" content=\"Cand\u00e1s 365\" \/>\n\t\t<meta property=\"og:type\" content=\"article\" \/>\n\t\t<meta property=\"og:title\" content=\"Asturias, tercera comunidad con menos deuda de Espa\u00f1a | Cand\u00e1s 365\" \/>\n\t\t<meta property=\"og:description\" content=\"Asturias cerr\u00f3 2025 con una deuda del 12,3% de su PIB, la tercera m\u00e1s baja entre las comunidades de r\u00e9gimen com\u00fan, seg\u00fan el Banco de Espa\u00f1a\" \/>\n\t\t<meta property=\"og:url\" content=\"https:\/\/candas365.es\/noticias\/asturias-tercera-comunidad-con-menos-deuda-de-espana\/\" \/>\n\t\t<meta property=\"og:image\" content=\"https:\/\/candas365.es\/noticias\/wp-content\/uploads\/2026\/04\/Asturias-tercera-comunidad-con-menos-deuda-de-Espana.jpg\" \/>\n\t\t<meta property=\"og:image:secure_url\" content=\"https:\/\/candas365.es\/noticias\/wp-content\/uploads\/2026\/04\/Asturias-tercera-comunidad-con-menos-deuda-de-Espana.jpg\" \/>\n\t\t<meta property=\"og:image:width\" content=\"1100\" \/>\n\t\t<meta property=\"og:image:height\" content=\"649\" \/>\n\t\t<meta property=\"article:published_time\" content=\"2026-04-02T04:41:11+00:00\" \/>\n\t\t<meta property=\"article:modified_time\" content=\"2026-04-02T04:41:11+00:00\" \/>\n\t\t<meta property=\"article:publisher\" content=\"https:\/\/www.facebook.com\/Nachofdezber\" \/>\n\t\t<meta property=\"article:author\" content=\"https:\/\/www.facebook.com\/carrenoactualidad\" \/>\n\t\t<meta name=\"twitter:card\" content=\"summary_large_image\" \/>\n\t\t<meta name=\"twitter:site\" content=\"@NabercoDigital\" \/>\n\t\t<meta name=\"twitter:title\" content=\"Asturias, tercera comunidad con menos deuda de Espa\u00f1a | Cand\u00e1s 365\" \/>\n\t\t<meta name=\"twitter:description\" content=\"Asturias cerr\u00f3 2025 con una deuda del 12,3% de su PIB, la tercera m\u00e1s baja entre las comunidades de r\u00e9gimen com\u00fan, seg\u00fan el Banco de Espa\u00f1a\" \/>\n\t\t<meta name=\"twitter:creator\" content=\"@nbasturias\" \/>\n\t\t<meta name=\"twitter:image\" content=\"https:\/\/candas365.es\/noticias\/wp-content\/uploads\/2026\/04\/Asturias-tercera-comunidad-con-menos-deuda-de-Espana.jpg\" \/>\n\t\t<meta name=\"twitter:label1\" content=\"Escrito por\" \/>\n\t\t<meta name=\"twitter:data1\" content=\"Cand\u00e1s 365\" \/>\n\t\t<meta name=\"twitter:label2\" content=\"Tiempo de lectura estimado\" \/>\n\t\t<meta name=\"twitter:data2\" content=\"1 minuto\" \/>\n\t\t<script type=\"application\/ld+json\" class=\"aioseo-schema\">\n\t\t\t{\"@context\":\"https:\\\/\\\/schema.org\",\"@graph\":[{\"@type\":\"BreadcrumbList\",\"@id\":\"https:\\\/\\\/candas365.es\\\/noticias\\\/asturias-tercera-comunidad-con-menos-deuda-de-espana\\\/#breadcrumblist\",\"itemListElement\":[{\"@type\":\"ListItem\",\"@id\":\"https:\\\/\\\/candas365.es\\\/noticias#listItem\",\"position\":1,\"name\":\"Home\",\"item\":\"https:\\\/\\\/candas365.es\\\/noticias\",\"nextItem\":{\"@type\":\"ListItem\",\"@id\":\"https:\\\/\\\/candas365.es\\\/noticias\\\/category\\\/asturias\\\/#listItem\",\"name\":\"Asturias\"}},{\"@type\":\"ListItem\",\"@id\":\"https:\\\/\\\/candas365.es\\\/noticias\\\/category\\\/asturias\\\/#listItem\",\"position\":2,\"name\":\"Asturias\",\"item\":\"https:\\\/\\\/candas365.es\\\/noticias\\\/category\\\/asturias\\\/\",\"nextItem\":{\"@type\":\"ListItem\",\"@id\":\"https:\\\/\\\/candas365.es\\\/noticias\\\/asturias-tercera-comunidad-con-menos-deuda-de-espana\\\/#listItem\",\"name\":\"Asturias, tercera comunidad con menos deuda de Espa\\u00f1a\"},\"previousItem\":{\"@type\":\"ListItem\",\"@id\":\"https:\\\/\\\/candas365.es\\\/noticias#listItem\",\"name\":\"Home\"}},{\"@type\":\"ListItem\",\"@id\":\"https:\\\/\\\/candas365.es\\\/noticias\\\/asturias-tercera-comunidad-con-menos-deuda-de-espana\\\/#listItem\",\"position\":3,\"name\":\"Asturias, tercera comunidad con menos deuda de Espa\\u00f1a\",\"previousItem\":{\"@type\":\"ListItem\",\"@id\":\"https:\\\/\\\/candas365.es\\\/noticias\\\/category\\\/asturias\\\/#listItem\",\"name\":\"Asturias\"}}]},{\"@type\":\"NewsArticle\",\"@id\":\"https:\\\/\\\/candas365.es\\\/noticias\\\/asturias-tercera-comunidad-con-menos-deuda-de-espana\\\/#newsarticle\",\"name\":\"Asturias, tercera comunidad con menos deuda de Espa\\u00f1a | Cand\\u00e1s 365\",\"headline\":\"Asturias, tercera comunidad con menos deuda de Espa\\u00f1a\",\"author\":{\"@id\":\"https:\\\/\\\/candas365.es\\\/noticias\\\/author\\\/admin\\\/#author\"},\"publisher\":{\"@id\":\"https:\\\/\\\/candas365.es\\\/noticias\\\/#organization\"},\"image\":{\"@type\":\"ImageObject\",\"url\":\"https:\\\/\\\/candas365.es\\\/noticias\\\/wp-content\\\/uploads\\\/2026\\\/04\\\/Asturias-tercera-comunidad-con-menos-deuda-de-Espana.jpg\",\"width\":1100,\"height\":649,\"caption\":\"Foto: 123rf.com\"},\"datePublished\":\"2026-04-02T06:41:11+02:00\",\"dateModified\":\"2026-04-02T06:41:11+02:00\",\"inLanguage\":\"es-ES\",\"mainEntityOfPage\":{\"@id\":\"https:\\\/\\\/candas365.es\\\/noticias\\\/asturias-tercera-comunidad-con-menos-deuda-de-espana\\\/#webpage\"},\"isPartOf\":{\"@id\":\"https:\\\/\\\/candas365.es\\\/noticias\\\/asturias-tercera-comunidad-con-menos-deuda-de-espana\\\/#webpage\"},\"articleSection\":\"Asturias, Asturias, Econom\\u00eda\",\"dateline\":\"Publicado el abril 2, 2026.\"},{\"@type\":\"Organization\",\"@id\":\"https:\\\/\\\/candas365.es\\\/noticias\\\/#organization\",\"name\":\"Cand\\u00e1s 365\",\"description\":\"Cand\\u00e1s 365 es un diario digital independiente, fundado en 2012, con base en Asturias. Informamos con rigor sobre actualidad, sociedad, cultura y ocio, con una mirada local y global.\",\"url\":\"https:\\\/\\\/candas365.es\\\/noticias\\\/\",\"email\":\"info@candas365.es\",\"telephone\":\"+34652131393\",\"foundingDate\":\"2012-06-10\",\"logo\":{\"@type\":\"ImageObject\",\"url\":\"https:\\\/\\\/candas365.es\\\/noticias\\\/wp-content\\\/uploads\\\/2024\\\/09\\\/Candas-365-Redes.jpg\",\"@id\":\"https:\\\/\\\/candas365.es\\\/noticias\\\/asturias-tercera-comunidad-con-menos-deuda-de-espana\\\/#organizationLogo\",\"width\":1152,\"height\":864,\"caption\":\"Cand\\u00e1s 365 Redes\"},\"image\":{\"@id\":\"https:\\\/\\\/candas365.es\\\/noticias\\\/asturias-tercera-comunidad-con-menos-deuda-de-espana\\\/#organizationLogo\"},\"sameAs\":[\"https:\\\/\\\/www.facebook.com\\\/Nachofdezber\",\"https:\\\/\\\/x.com\\\/NabercoDigital\",\"https:\\\/\\\/www.instagram.com\\\/nachofdezber\\\/\",\"https:\\\/\\\/www.youtube.com\\\/channel\\\/UCZP-2wLEB9Rv6erhFmqVnvg\"],\"address\":{\"@id\":\"https:\\\/\\\/candas365.es\\\/noticias\\\/#postaladdress\",\"@type\":\"PostalAddress\",\"streetAddress\":\"san antonio 4, san antonio 4\",\"postalCode\":\"33430\",\"addressLocality\":\"Cand\\u00e1s\",\"addressRegion\":\"Asturias\",\"addressCountry\":\"ES\"}},{\"@type\":\"Person\",\"@id\":\"https:\\\/\\\/candas365.es\\\/noticias\\\/author\\\/admin\\\/#author\",\"url\":\"https:\\\/\\\/candas365.es\\\/noticias\\\/author\\\/admin\\\/\",\"name\":\"Cand\\u00e1s 365\",\"image\":{\"@type\":\"ImageObject\",\"@id\":\"https:\\\/\\\/candas365.es\\\/noticias\\\/asturias-tercera-comunidad-con-menos-deuda-de-espana\\\/#authorImage\",\"url\":\"https:\\\/\\\/secure.gravatar.com\\\/avatar\\\/496a8e03d0c493ede1718b7934145dbdf8d89be1036b0eec9544e1094c9de390?s=96&d=mm&r=g\",\"width\":96,\"height\":96,\"caption\":\"Cand\\u00e1s 365\"},\"sameAs\":[\"https:\\\/\\\/www.facebook.com\\\/carrenoactualidad\",\"https:\\\/\\\/twitter.com\\\/nbasturias\",\"https:\\\/\\\/www.instagram.com\\\/nachofdezber\\\/\",\"https:\\\/\\\/www.youtube.com\\\/channel\\\/UCZP-2wLEB9Rv6erhFmqVnvg\"]},{\"@type\":\"WebPage\",\"@id\":\"https:\\\/\\\/candas365.es\\\/noticias\\\/asturias-tercera-comunidad-con-menos-deuda-de-espana\\\/#webpage\",\"url\":\"https:\\\/\\\/candas365.es\\\/noticias\\\/asturias-tercera-comunidad-con-menos-deuda-de-espana\\\/\",\"name\":\"Asturias, tercera comunidad con menos deuda de Espa\\u00f1a | Cand\\u00e1s 365\",\"description\":\"Asturias cerr\\u00f3 2025 con una deuda del 12,3% de su PIB, la tercera m\\u00e1s baja entre las comunidades de r\\u00e9gimen com\\u00fan, seg\\u00fan el Banco de Espa\\u00f1a\",\"inLanguage\":\"es-ES\",\"isPartOf\":{\"@id\":\"https:\\\/\\\/candas365.es\\\/noticias\\\/#website\"},\"breadcrumb\":{\"@id\":\"https:\\\/\\\/candas365.es\\\/noticias\\\/asturias-tercera-comunidad-con-menos-deuda-de-espana\\\/#breadcrumblist\"},\"author\":{\"@id\":\"https:\\\/\\\/candas365.es\\\/noticias\\\/author\\\/admin\\\/#author\"},\"creator\":{\"@id\":\"https:\\\/\\\/candas365.es\\\/noticias\\\/author\\\/admin\\\/#author\"},\"image\":{\"@type\":\"ImageObject\",\"url\":\"https:\\\/\\\/candas365.es\\\/noticias\\\/wp-content\\\/uploads\\\/2026\\\/04\\\/Asturias-tercera-comunidad-con-menos-deuda-de-Espana.jpg\",\"@id\":\"https:\\\/\\\/candas365.es\\\/noticias\\\/asturias-tercera-comunidad-con-menos-deuda-de-espana\\\/#mainImage\",\"width\":1100,\"height\":649,\"caption\":\"Foto: 123rf.com\"},\"primaryImageOfPage\":{\"@id\":\"https:\\\/\\\/candas365.es\\\/noticias\\\/asturias-tercera-comunidad-con-menos-deuda-de-espana\\\/#mainImage\"},\"datePublished\":\"2026-04-02T06:41:11+02:00\",\"dateModified\":\"2026-04-02T06:41:11+02:00\"},{\"@type\":\"WebSite\",\"@id\":\"https:\\\/\\\/candas365.es\\\/noticias\\\/#website\",\"url\":\"https:\\\/\\\/candas365.es\\\/noticias\\\/\",\"name\":\"Cand\\u00e1s 365\",\"alternateName\":\"Cand\\u00e1s 365 Noticias\",\"description\":\"Actualidad desde Carre\\u00f1o para el mundo\",\"inLanguage\":\"es-ES\",\"publisher\":{\"@id\":\"https:\\\/\\\/candas365.es\\\/noticias\\\/#organization\"}}]}\n\t\t<\/script>\n\t\t<!-- All in One SEO Pro -->\r\n\t\t<title>Asturias, tercera comunidad con menos deuda de Espa\u00f1a | Cand\u00e1s 365<\/title>\n\n","aioseo_head_json":{"title":"Asturias, tercera comunidad con menos deuda de Espa\u00f1a | Cand\u00e1s 365","description":"Asturias cerr\u00f3 2025 con una deuda del 12,3% de su PIB, la tercera m\u00e1s baja entre las comunidades de r\u00e9gimen com\u00fan, seg\u00fan el Banco de Espa\u00f1a","canonical_url":"https:\/\/candas365.es\/noticias\/asturias-tercera-comunidad-con-menos-deuda-de-espana\/","robots":"max-image-preview:large","keywords":"asturias","webmasterTools":{"google-site-verification":"UA-32230408-1","msvalidate.01":"354F3CDFB2DA171B47FBE9ABF1F88D5","miscellaneous":""},"schema":{"@context":"https:\/\/schema.org","@graph":[{"@type":"BreadcrumbList","@id":"https:\/\/candas365.es\/noticias\/asturias-tercera-comunidad-con-menos-deuda-de-espana\/#breadcrumblist","itemListElement":[{"@type":"ListItem","@id":"https:\/\/candas365.es\/noticias#listItem","position":1,"name":"Home","item":"https:\/\/candas365.es\/noticias","nextItem":{"@type":"ListItem","@id":"https:\/\/candas365.es\/noticias\/category\/asturias\/#listItem","name":"Asturias"}},{"@type":"ListItem","@id":"https:\/\/candas365.es\/noticias\/category\/asturias\/#listItem","position":2,"name":"Asturias","item":"https:\/\/candas365.es\/noticias\/category\/asturias\/","nextItem":{"@type":"ListItem","@id":"https:\/\/candas365.es\/noticias\/asturias-tercera-comunidad-con-menos-deuda-de-espana\/#listItem","name":"Asturias, tercera comunidad con menos deuda de Espa\u00f1a"},"previousItem":{"@type":"ListItem","@id":"https:\/\/candas365.es\/noticias#listItem","name":"Home"}},{"@type":"ListItem","@id":"https:\/\/candas365.es\/noticias\/asturias-tercera-comunidad-con-menos-deuda-de-espana\/#listItem","position":3,"name":"Asturias, tercera comunidad con menos deuda de Espa\u00f1a","previousItem":{"@type":"ListItem","@id":"https:\/\/candas365.es\/noticias\/category\/asturias\/#listItem","name":"Asturias"}}]},{"@type":"NewsArticle","@id":"https:\/\/candas365.es\/noticias\/asturias-tercera-comunidad-con-menos-deuda-de-espana\/#newsarticle","name":"Asturias, tercera comunidad con menos deuda de Espa\u00f1a | Cand\u00e1s 365","headline":"Asturias, tercera comunidad con menos deuda de Espa\u00f1a","author":{"@id":"https:\/\/candas365.es\/noticias\/author\/admin\/#author"},"publisher":{"@id":"https:\/\/candas365.es\/noticias\/#organization"},"image":{"@type":"ImageObject","url":"https:\/\/candas365.es\/noticias\/wp-content\/uploads\/2026\/04\/Asturias-tercera-comunidad-con-menos-deuda-de-Espana.jpg","width":1100,"height":649,"caption":"Foto: 123rf.com"},"datePublished":"2026-04-02T06:41:11+02:00","dateModified":"2026-04-02T06:41:11+02:00","inLanguage":"es-ES","mainEntityOfPage":{"@id":"https:\/\/candas365.es\/noticias\/asturias-tercera-comunidad-con-menos-deuda-de-espana\/#webpage"},"isPartOf":{"@id":"https:\/\/candas365.es\/noticias\/asturias-tercera-comunidad-con-menos-deuda-de-espana\/#webpage"},"articleSection":"Asturias, Asturias, Econom\u00eda","dateline":"Publicado el abril 2, 2026."},{"@type":"Organization","@id":"https:\/\/candas365.es\/noticias\/#organization","name":"Cand\u00e1s 365","description":"Cand\u00e1s 365 es un diario digital independiente, fundado en 2012, con base en Asturias. Informamos con rigor sobre actualidad, sociedad, cultura y ocio, con una mirada local y global.","url":"https:\/\/candas365.es\/noticias\/","email":"info@candas365.es","telephone":"+34652131393","foundingDate":"2012-06-10","logo":{"@type":"ImageObject","url":"https:\/\/candas365.es\/noticias\/wp-content\/uploads\/2024\/09\/Candas-365-Redes.jpg","@id":"https:\/\/candas365.es\/noticias\/asturias-tercera-comunidad-con-menos-deuda-de-espana\/#organizationLogo","width":1152,"height":864,"caption":"Cand\u00e1s 365 Redes"},"image":{"@id":"https:\/\/candas365.es\/noticias\/asturias-tercera-comunidad-con-menos-deuda-de-espana\/#organizationLogo"},"sameAs":["https:\/\/www.facebook.com\/Nachofdezber","https:\/\/x.com\/NabercoDigital","https:\/\/www.instagram.com\/nachofdezber\/","https:\/\/www.youtube.com\/channel\/UCZP-2wLEB9Rv6erhFmqVnvg"],"address":{"@id":"https:\/\/candas365.es\/noticias\/#postaladdress","@type":"PostalAddress","streetAddress":"san antonio 4, san antonio 4","postalCode":"33430","addressLocality":"Cand\u00e1s","addressRegion":"Asturias","addressCountry":"ES"}},{"@type":"Person","@id":"https:\/\/candas365.es\/noticias\/author\/admin\/#author","url":"https:\/\/candas365.es\/noticias\/author\/admin\/","name":"Cand\u00e1s 365","image":{"@type":"ImageObject","@id":"https:\/\/candas365.es\/noticias\/asturias-tercera-comunidad-con-menos-deuda-de-espana\/#authorImage","url":"https:\/\/secure.gravatar.com\/avatar\/496a8e03d0c493ede1718b7934145dbdf8d89be1036b0eec9544e1094c9de390?s=96&d=mm&r=g","width":96,"height":96,"caption":"Cand\u00e1s 365"},"sameAs":["https:\/\/www.facebook.com\/carrenoactualidad","https:\/\/twitter.com\/nbasturias","https:\/\/www.instagram.com\/nachofdezber\/","https:\/\/www.youtube.com\/channel\/UCZP-2wLEB9Rv6erhFmqVnvg"]},{"@type":"WebPage","@id":"https:\/\/candas365.es\/noticias\/asturias-tercera-comunidad-con-menos-deuda-de-espana\/#webpage","url":"https:\/\/candas365.es\/noticias\/asturias-tercera-comunidad-con-menos-deuda-de-espana\/","name":"Asturias, tercera comunidad con menos deuda de Espa\u00f1a | Cand\u00e1s 365","description":"Asturias cerr\u00f3 2025 con una deuda del 12,3% de su PIB, la tercera m\u00e1s baja entre las comunidades de r\u00e9gimen com\u00fan, seg\u00fan el Banco de Espa\u00f1a","inLanguage":"es-ES","isPartOf":{"@id":"https:\/\/candas365.es\/noticias\/#website"},"breadcrumb":{"@id":"https:\/\/candas365.es\/noticias\/asturias-tercera-comunidad-con-menos-deuda-de-espana\/#breadcrumblist"},"author":{"@id":"https:\/\/candas365.es\/noticias\/author\/admin\/#author"},"creator":{"@id":"https:\/\/candas365.es\/noticias\/author\/admin\/#author"},"image":{"@type":"ImageObject","url":"https:\/\/candas365.es\/noticias\/wp-content\/uploads\/2026\/04\/Asturias-tercera-comunidad-con-menos-deuda-de-Espana.jpg","@id":"https:\/\/candas365.es\/noticias\/asturias-tercera-comunidad-con-menos-deuda-de-espana\/#mainImage","width":1100,"height":649,"caption":"Foto: 123rf.com"},"primaryImageOfPage":{"@id":"https:\/\/candas365.es\/noticias\/asturias-tercera-comunidad-con-menos-deuda-de-espana\/#mainImage"},"datePublished":"2026-04-02T06:41:11+02:00","dateModified":"2026-04-02T06:41:11+02:00"},{"@type":"WebSite","@id":"https:\/\/candas365.es\/noticias\/#website","url":"https:\/\/candas365.es\/noticias\/","name":"Cand\u00e1s 365","alternateName":"Cand\u00e1s 365 Noticias","description":"Actualidad desde Carre\u00f1o para el mundo","inLanguage":"es-ES","publisher":{"@id":"https:\/\/candas365.es\/noticias\/#organization"}}]},"og:locale":"es_ES","og:site_name":"Cand\u00e1s 365","og:type":"article","og:title":"Asturias, tercera comunidad con menos deuda de Espa\u00f1a | Cand\u00e1s 365","og:description":"Asturias cerr\u00f3 2025 con una deuda del 12,3% de su PIB, la tercera m\u00e1s baja entre las comunidades de r\u00e9gimen com\u00fan, seg\u00fan el Banco de Espa\u00f1a","og:url":"https:\/\/candas365.es\/noticias\/asturias-tercera-comunidad-con-menos-deuda-de-espana\/","og:image":"https:\/\/candas365.es\/noticias\/wp-content\/uploads\/2026\/04\/Asturias-tercera-comunidad-con-menos-deuda-de-Espana.jpg","og:image:secure_url":"https:\/\/candas365.es\/noticias\/wp-content\/uploads\/2026\/04\/Asturias-tercera-comunidad-con-menos-deuda-de-Espana.jpg","og:image:width":1100,"og:image:height":649,"article:published_time":"2026-04-02T04:41:11+00:00","article:modified_time":"2026-04-02T04:41:11+00:00","article:publisher":"https:\/\/www.facebook.com\/Nachofdezber","article:author":"https:\/\/www.facebook.com\/carrenoactualidad","twitter:card":"summary_large_image","twitter:site":"@NabercoDigital","twitter:title":"Asturias, tercera comunidad con menos deuda de Espa\u00f1a | Cand\u00e1s 365","twitter:description":"Asturias cerr\u00f3 2025 con una deuda del 12,3% de su PIB, la tercera m\u00e1s baja entre las comunidades de r\u00e9gimen com\u00fan, seg\u00fan el Banco de Espa\u00f1a","twitter:creator":"@nbasturias","twitter:image":"https:\/\/candas365.es\/noticias\/wp-content\/uploads\/2026\/04\/Asturias-tercera-comunidad-con-menos-deuda-de-Espana.jpg","twitter:label1":"Escrito por","twitter:data1":"Cand\u00e1s 365","twitter:label2":"Tiempo de lectura estimado","twitter:data2":"1 minuto"},"aioseo_meta_data":{"post_id":"193559","title":null,"description":"Asturias cerr\u00f3 2025 con una deuda del 12,3% de su PIB, la tercera m\u00e1s baja entre las comunidades de r\u00e9gimen com\u00fan, seg\u00fan el Banco de Espa\u00f1a","keywords":null,"keyphrases":{"focus":{"keyphrase":"Asturias","score":91,"analysis":{"keyphraseInTitle":{"score":9,"maxScore":9,"error":0},"keyphraseInDescription":{"score":9,"maxScore":9,"error":0},"keyphraseLength":{"score":9,"maxScore":9,"error":0,"length":1},"keyphraseInURL":{"score":5,"maxScore":5,"error":0},"keyphraseInIntroduction":{"score":9,"maxScore":9,"error":0},"keyphraseInSubHeadings":{"score":3,"maxScore":9,"error":1},"keyphraseInImageAlt":{"score":9,"maxScore":9,"error":0},"keywordDensity":{"type":"best","score":9,"maxScore":9,"error":0}}},"additional":[{"keyphrase":"Espa\u00f1a","score":100,"analysis":{"keyphraseInDescription":{"score":9,"maxScore":9,"error":0},"keyphraseLength":{"score":9,"maxScore":9,"error":0,"length":2},"keyphraseInIntroduction":{"score":9,"maxScore":9,"error":0},"keyphraseInImageAlt":{"score":9,"maxScore":9,"error":0},"keywordDensity":{"type":"best","score":9,"maxScore":9,"error":0}}}]},"primary_term":null,"canonical_url":null,"og_title":null,"og_description":null,"og_object_type":"default","og_image_type":"default","og_image_url":null,"og_image_width":null,"og_image_height":null,"og_image_custom_url":null,"og_image_custom_fields":null,"og_video":"","og_custom_url":null,"og_article_section":null,"og_article_tags":null,"twitter_use_og":false,"twitter_card":"default","twitter_image_type":"default","twitter_image_url":null,"twitter_image_custom_url":null,"twitter_image_custom_fields":null,"twitter_title":null,"twitter_description":null,"schema":{"blockGraphs":[],"customGraphs":[],"default":{"data":{"Article":[],"Course":[],"Dataset":[],"FAQPage":[],"Movie":[],"Person":[],"Product":[],"ProductReview":[],"Car":[],"Recipe":[],"Service":[],"SoftwareApplication":[],"WebPage":[]},"graphName":"NewsArticle","isEnabled":true},"graphs":[]},"schema_type":"default","schema_type_options":null,"pillar_content":false,"robots_default":true,"robots_noindex":false,"robots_noarchive":false,"robots_nosnippet":false,"robots_nofollow":false,"robots_noimageindex":false,"robots_noodp":false,"robots_notranslate":false,"robots_max_snippet":"-1","robots_max_videopreview":"-1","robots_max_imagepreview":"large","priority":null,"frequency":"default","location":null,"local_seo":null,"seo_analyzer_scan_date":"2026-04-02 05:38:16","breadcrumb_settings":null,"limit_modified_date":false,"reviewed_by":null,"open_ai":null,"ai":{"faqs":[],"keyPoints":[],"titles":[],"descriptions":[],"socialPosts":{"email":[],"linkedin":[],"twitter":[],"facebook":[],"instagram":[]}},"created":"2026-04-02 04:34:55","updated":"2026-04-02 05:38:26"},"aioseo_breadcrumb":"<div class=\"aioseo-breadcrumbs\"><span class=\"aioseo-breadcrumb\">\n\t<a href=\"https:\/\/candas365.es\/noticias\" title=\"Home\">Home<\/a>\n<\/span><span class=\"aioseo-breadcrumb-separator\">&ndash;<\/span><span class=\"aioseo-breadcrumb\">\n\t<a href=\"https:\/\/candas365.es\/noticias\/category\/asturias\/\" title=\"Asturias\">Asturias<\/a>\n<\/span><span class=\"aioseo-breadcrumb-separator\">&ndash;<\/span><span class=\"aioseo-breadcrumb\">\n\tAsturias, tercera comunidad con menos deuda de Espa\u00f1a\n<\/span><\/div>","aioseo_breadcrumb_json":[{"label":"Home","link":"https:\/\/candas365.es\/noticias"},{"label":"Asturias","link":"https:\/\/candas365.es\/noticias\/category\/asturias\/"},{"label":"Asturias, tercera comunidad con menos deuda de Espa\u00f1a","link":"https:\/\/candas365.es\/noticias\/asturias-tercera-comunidad-con-menos-deuda-de-espana\/"}],"_links":{"self":[{"href":"https:\/\/candas365.es\/noticias\/wp-json\/wp\/v2\/posts\/193559","targetHints":{"allow":["GET"]}}],"collection":[{"href":"https:\/\/candas365.es\/noticias\/wp-json\/wp\/v2\/posts"}],"about":[{"href":"https:\/\/candas365.es\/noticias\/wp-json\/wp\/v2\/types\/post"}],"author":[{"embeddable":true,"href":"https:\/\/candas365.es\/noticias\/wp-json\/wp\/v2\/users\/1"}],"replies":[{"embeddable":true,"href":"https:\/\/candas365.es\/noticias\/wp-json\/wp\/v2\/comments?post=193559"}],"version-history":[{"count":0,"href":"https:\/\/candas365.es\/noticias\/wp-json\/wp\/v2\/posts\/193559\/revisions"}],"wp:featuredmedia":[{"embeddable":true,"href":"https:\/\/candas365.es\/noticias\/wp-json\/wp\/v2\/media\/193560"}],"wp:attachment":[{"href":"https:\/\/candas365.es\/noticias\/wp-json\/wp\/v2\/media?parent=193559"}],"wp:term":[{"taxonomy":"category","embeddable":true,"href":"https:\/\/candas365.es\/noticias\/wp-json\/wp\/v2\/categories?post=193559"},{"taxonomy":"post_tag","embeddable":true,"href":"https:\/\/candas365.es\/noticias\/wp-json\/wp\/v2\/tags?post=193559"}],"curies":[{"name":"wp","href":"https:\/\/api.w.org\/{rel}","templated":true}]}}