{"id":193553,"date":"2026-04-02T06:22:25","date_gmt":"2026-04-02T04:22:25","guid":{"rendered":"https:\/\/candas365.es\/noticias\/?p=193553"},"modified":"2026-04-02T06:22:25","modified_gmt":"2026-04-02T04:22:25","slug":"el-nuevo-decreto-de-playas-no-se-aplicara-en-asturias-hasta-2027","status":"publish","type":"post","link":"https:\/\/candas365.es\/noticias\/el-nuevo-decreto-de-playas-no-se-aplicara-en-asturias-hasta-2027\/","title":{"rendered":"El nuevo decreto de playas no se aplicar\u00e1 en Asturias hasta 2027"},"content":{"rendered":"<p>La Direcci\u00f3n General de Urbanismo iniciar\u00e1 tras la <a href=\"https:\/\/candas365.es\/noticias\/category\/revista\/\"><span style=\"color: #ff6600;\"><strong>Semana Santa en Asturias<\/strong><\/span><\/a> reuniones con los 36 colectivos y administraciones que presentaron alegaciones al nuevo decreto de servicios en el litoral asturiano.<\/p>\n<figure id=\"attachment_193554\" aria-describedby=\"caption-attachment-193554\" style=\"width: 622px\" class=\"wp-caption aligncenter\"><img fetchpriority=\"high\" decoding=\"async\" class=\"size-large wp-image-193554\" src=\"https:\/\/candas365.es\/noticias\/wp-content\/uploads\/2026\/04\/El-nuevo-decreto-de-playas-no-se-aplicara-en-Asturias-hasta-2027-622x480.jpg\" alt=\"El nuevo decreto de playas no se aplicar\u00e1 en Asturias hasta 2027\" width=\"622\" height=\"480\" srcset=\"https:\/\/candas365.es\/noticias\/wp-content\/uploads\/2026\/04\/El-nuevo-decreto-de-playas-no-se-aplicara-en-Asturias-hasta-2027-622x480.jpg 622w, https:\/\/candas365.es\/noticias\/wp-content\/uploads\/2026\/04\/El-nuevo-decreto-de-playas-no-se-aplicara-en-Asturias-hasta-2027-360x278.jpg 360w, https:\/\/candas365.es\/noticias\/wp-content\/uploads\/2026\/04\/El-nuevo-decreto-de-playas-no-se-aplicara-en-Asturias-hasta-2027-768x592.jpg 768w, https:\/\/candas365.es\/noticias\/wp-content\/uploads\/2026\/04\/El-nuevo-decreto-de-playas-no-se-aplicara-en-Asturias-hasta-2027-150x116.jpg 150w, https:\/\/candas365.es\/noticias\/wp-content\/uploads\/2026\/04\/El-nuevo-decreto-de-playas-no-se-aplicara-en-Asturias-hasta-2027-450x347.jpg 450w, https:\/\/candas365.es\/noticias\/wp-content\/uploads\/2026\/04\/El-nuevo-decreto-de-playas-no-se-aplicara-en-Asturias-hasta-2027.jpg 1102w\" sizes=\"(max-width: 622px) 100vw, 622px\" \/><figcaption id=\"caption-attachment-193554\" class=\"wp-caption-text\">Foto: Prensa Principado de Asturias<\/figcaption><\/figure>\n<p>La Direcci\u00f3n General de Urbanismo, dependiente de la Consejer\u00eda de Ordenaci\u00f3n de Territorio, Urbanismo, Vivienda y Derechos Ciudadanos del <a href=\"https:\/\/actualidad.asturias.es\/\" target=\"_blank\" rel=\"noopener\"><span style=\"color: #ff6600;\"><strong>Principado<\/strong><\/span><\/a>, iniciar\u00e1 tras la Semana Santa una ronda de contactos con los distintos sectores y entidades que presentaron alegaciones al proyecto de decreto sobre la autorizaci\u00f3n de servicios en el litoral de Asturias. El periodo de informaci\u00f3n p\u00fablica finaliz\u00f3 el pasado lunes con 36 alegaciones recibidas.<\/p>\n<p>Entre quienes han presentado propuestas figuran representantes del sector hostelero, negocios vinculados al surf y organizaciones empresariales como Fade, Otea, la Asociaci\u00f3n de Empresarios de Navia o la Asociaci\u00f3n de Chiringuitos de Playa. Tambi\u00e9n han enviado sus aportaciones los ayuntamientos de Caravia, Castrill\u00f3n, Coa\u00f1a, Llanes y Navia, junto a entidades ecologistas, asociaciones vecinales como Avall y organizaciones sociales como Aspaym.<\/p>\n<h2>Reuniones para lograr una propuesta equilibrada<\/h2>\n<p>El objetivo de la ronda de reuniones con todos estos organismos es analizar en detalle sus aportaciones y avanzar hacia una propuesta equilibrada en un \u00e1mbito especialmente delicado como el litoral, que cuenta con un r\u00e9gimen de especial protecci\u00f3n. La consejer\u00eda considera que existe margen para el acuerdo y que el di\u00e1logo con los sectores implicados permitir\u00e1 mejorar el texto normativo.<\/p>\n<p>El decreto en tramitaci\u00f3n establece un marco integral para la ordenaci\u00f3n de los servicios en el litoral, tanto de temporada como permanentes, y adapta la normativa vigente desde 2013 a un contexto de creciente presi\u00f3n tur\u00edstica y nuevos usos.<\/p>\n<h2>Novedades del decreto: criterios objetivos y nuevos usos regulados<\/h2>\n<p>Entre las principales novedades, el texto distingue por primera vez entre servicios de temporada en playas y servicios permanentes del litoral, fija condiciones homog\u00e9neas para su autorizaci\u00f3n y establece criterios objetivos de adjudicaci\u00f3n, entre ellos el menor impacto ambiental, la accesibilidad o la ausencia de sanciones previas. El decreto tambi\u00e9n incorpora l\u00edmites a la capacidad de los aparcamientos en las playas de mayor afluencia y regula usos hasta ahora sin ordenaci\u00f3n espec\u00edfica, como las \u00e1reas de autocaravanas.<\/p>\n<p>El nuevo texto ampl\u00eda adem\u00e1s el periodo de actividad de los servicios de temporada para adaptarlo a la realidad tur\u00edstica, y adelanta los plazos de solicitud para facilitar la planificaci\u00f3n. Todo ello con el fin de compatibilizar el uso y disfrute de la costa con la protecci\u00f3n de sus valores naturales, paisaj\u00edsticos e identitarios.<\/p>\n<h1>El desmontaje de instalaciones, una obligaci\u00f3n que ya exist\u00eda<\/h1>\n<p>Sobre uno de los aspectos que ha generado mayor atenci\u00f3n medi\u00e1tica, la consejer\u00eda aclara que la obligaci\u00f3n de desmontar las instalaciones de temporada no es una novedad: est\u00e1 recogida tanto en la normativa auton\u00f3mica vigente como en la legislaci\u00f3n estatal de costas. El nuevo texto refuerza este principio al eliminar la excepcionalidad que permit\u00eda, previa justificaci\u00f3n, mantener determinados servicios fuera de temporada, una figura que en algunos casos se hab\u00eda aplicado de forma arbitraria e inadecuada.<\/p>\n<h1>La norma no llegar\u00e1 hasta la temporada de 2027<\/h1>\n<p>El proyecto continuar\u00e1 su tramitaci\u00f3n administrativa, que incluye el an\u00e1lisis de las alegaciones, la solicitud de informes a otras consejer\u00edas y al Consejo Consultivo, y su posterior aprobaci\u00f3n por parte del Consejo de Gobierno. La previsi\u00f3n es que la norma se publique en el Bopa en el tercer trimestre del a\u00f1o, por lo que su aplicaci\u00f3n efectiva se producir\u00e1 la pr\u00f3xima primavera, de cara a la temporada de 2027, y no este verano.<\/p>\n","protected":false},"excerpt":{"rendered":"<p>La Direcci\u00f3n General de Urbanismo iniciar\u00e1 tras la Semana Santa en Asturias reuniones con los 36 colectivos y administraciones que presentaron alegaciones al nuevo decreto de servicios en el litoral asturiano. La Direcci\u00f3n General de Urbanismo, dependiente de la Consejer\u00eda de Ordenaci\u00f3n de Territorio, Urbanismo, Vivienda y Derechos Ciudadanos del Principado, iniciar\u00e1 tras la Semana<\/p>\n","protected":false},"author":1,"featured_media":193554,"comment_status":"closed","ping_status":"closed","sticky":false,"template":"","format":"standard","meta":{"footnotes":""},"categories":[7],"tags":[380],"class_list":{"0":"post-193553","1":"post","2":"type-post","3":"status-publish","4":"format-standard","5":"has-post-thumbnail","7":"category-asturias","8":"tag-asturias"},"aioseo_notices":[],"aioseo_head":"\n\t\t<!-- All in One SEO Pro 4.9.6.2 - aioseo.com -->\n\t<meta name=\"description\" content=\"La Direcci\u00f3n General de Urbanismo iniciar\u00e1 tras la Semana Santa en Asturias reuniones con los 36 colectivos y administraciones que presentaron alegaciones\" \/>\n\t<meta name=\"robots\" content=\"max-image-preview:large\" \/>\n\t<meta name=\"author\" content=\"Cand\u00e1s 365\"\/>\n\t<meta name=\"google-site-verification\" content=\"UA-32230408-1\" \/>\n\t<meta name=\"msvalidate.01\" content=\"354F3CDFB2DA171B47FBE9ABF1F88D5\" \/>\n\t<meta name=\"keywords\" content=\"asturias\" \/>\n\t<link rel=\"canonical\" href=\"https:\/\/candas365.es\/noticias\/el-nuevo-decreto-de-playas-no-se-aplicara-en-asturias-hasta-2027\/\" \/>\n\t<meta name=\"generator\" content=\"All in One SEO Pro (AIOSEO) 4.9.6.2\" \/>\n\t\t<meta property=\"og:locale\" content=\"es_ES\" \/>\n\t\t<meta property=\"og:site_name\" content=\"Cand\u00e1s 365\" \/>\n\t\t<meta property=\"og:type\" content=\"article\" \/>\n\t\t<meta property=\"og:title\" content=\"El nuevo decreto de playas no se aplicar\u00e1 en Asturias hasta 2027 | Cand\u00e1s 365\" \/>\n\t\t<meta property=\"og:description\" content=\"La Direcci\u00f3n General de Urbanismo iniciar\u00e1 tras la Semana Santa en Asturias reuniones con los 36 colectivos y administraciones que presentaron alegaciones\" \/>\n\t\t<meta property=\"og:url\" content=\"https:\/\/candas365.es\/noticias\/el-nuevo-decreto-de-playas-no-se-aplicara-en-asturias-hasta-2027\/\" \/>\n\t\t<meta property=\"og:image\" content=\"https:\/\/candas365.es\/noticias\/wp-content\/uploads\/2026\/04\/El-nuevo-decreto-de-playas-no-se-aplicara-en-Asturias-hasta-2027.jpg\" \/>\n\t\t<meta property=\"og:image:secure_url\" content=\"https:\/\/candas365.es\/noticias\/wp-content\/uploads\/2026\/04\/El-nuevo-decreto-de-playas-no-se-aplicara-en-Asturias-hasta-2027.jpg\" \/>\n\t\t<meta property=\"og:image:width\" content=\"1102\" \/>\n\t\t<meta property=\"og:image:height\" content=\"850\" \/>\n\t\t<meta property=\"article:published_time\" content=\"2026-04-02T04:22:25+00:00\" \/>\n\t\t<meta property=\"article:modified_time\" content=\"2026-04-02T04:22:25+00:00\" \/>\n\t\t<meta property=\"article:publisher\" content=\"https:\/\/www.facebook.com\/Nachofdezber\" \/>\n\t\t<meta property=\"article:author\" content=\"https:\/\/www.facebook.com\/carrenoactualidad\" \/>\n\t\t<meta name=\"twitter:card\" content=\"summary_large_image\" \/>\n\t\t<meta name=\"twitter:site\" content=\"@NabercoDigital\" \/>\n\t\t<meta name=\"twitter:title\" content=\"El nuevo decreto de playas no se aplicar\u00e1 en Asturias hasta 2027 | Cand\u00e1s 365\" \/>\n\t\t<meta name=\"twitter:description\" content=\"La Direcci\u00f3n General de Urbanismo iniciar\u00e1 tras la Semana Santa en Asturias reuniones con los 36 colectivos y administraciones que presentaron alegaciones\" \/>\n\t\t<meta name=\"twitter:creator\" content=\"@nbasturias\" \/>\n\t\t<meta name=\"twitter:image\" content=\"https:\/\/candas365.es\/noticias\/wp-content\/uploads\/2026\/04\/El-nuevo-decreto-de-playas-no-se-aplicara-en-Asturias-hasta-2027.jpg\" \/>\n\t\t<meta name=\"twitter:label1\" content=\"Escrito por\" \/>\n\t\t<meta name=\"twitter:data1\" content=\"Cand\u00e1s 365\" \/>\n\t\t<meta name=\"twitter:label2\" content=\"Tiempo de lectura estimado\" \/>\n\t\t<meta name=\"twitter:data2\" content=\"3 minutos\" \/>\n\t\t<script type=\"application\/ld+json\" class=\"aioseo-schema\">\n\t\t\t{\"@context\":\"https:\\\/\\\/schema.org\",\"@graph\":[{\"@type\":\"BreadcrumbList\",\"@id\":\"https:\\\/\\\/candas365.es\\\/noticias\\\/el-nuevo-decreto-de-playas-no-se-aplicara-en-asturias-hasta-2027\\\/#breadcrumblist\",\"itemListElement\":[{\"@type\":\"ListItem\",\"@id\":\"https:\\\/\\\/candas365.es\\\/noticias#listItem\",\"position\":1,\"name\":\"Home\",\"item\":\"https:\\\/\\\/candas365.es\\\/noticias\",\"nextItem\":{\"@type\":\"ListItem\",\"@id\":\"https:\\\/\\\/candas365.es\\\/noticias\\\/category\\\/asturias\\\/#listItem\",\"name\":\"Asturias\"}},{\"@type\":\"ListItem\",\"@id\":\"https:\\\/\\\/candas365.es\\\/noticias\\\/category\\\/asturias\\\/#listItem\",\"position\":2,\"name\":\"Asturias\",\"item\":\"https:\\\/\\\/candas365.es\\\/noticias\\\/category\\\/asturias\\\/\",\"nextItem\":{\"@type\":\"ListItem\",\"@id\":\"https:\\\/\\\/candas365.es\\\/noticias\\\/el-nuevo-decreto-de-playas-no-se-aplicara-en-asturias-hasta-2027\\\/#listItem\",\"name\":\"El nuevo decreto de playas no se aplicar\\u00e1 en Asturias hasta 2027\"},\"previousItem\":{\"@type\":\"ListItem\",\"@id\":\"https:\\\/\\\/candas365.es\\\/noticias#listItem\",\"name\":\"Home\"}},{\"@type\":\"ListItem\",\"@id\":\"https:\\\/\\\/candas365.es\\\/noticias\\\/el-nuevo-decreto-de-playas-no-se-aplicara-en-asturias-hasta-2027\\\/#listItem\",\"position\":3,\"name\":\"El nuevo decreto de playas no se aplicar\\u00e1 en Asturias hasta 2027\",\"previousItem\":{\"@type\":\"ListItem\",\"@id\":\"https:\\\/\\\/candas365.es\\\/noticias\\\/category\\\/asturias\\\/#listItem\",\"name\":\"Asturias\"}}]},{\"@type\":\"NewsArticle\",\"@id\":\"https:\\\/\\\/candas365.es\\\/noticias\\\/el-nuevo-decreto-de-playas-no-se-aplicara-en-asturias-hasta-2027\\\/#newsarticle\",\"name\":\"El nuevo decreto de playas no se aplicar\\u00e1 en Asturias hasta 2027 | Cand\\u00e1s 365\",\"headline\":\"El nuevo decreto de playas no se aplicar\\u00e1 en Asturias hasta 2027\",\"author\":{\"@id\":\"https:\\\/\\\/candas365.es\\\/noticias\\\/author\\\/admin\\\/#author\"},\"publisher\":{\"@id\":\"https:\\\/\\\/candas365.es\\\/noticias\\\/#organization\"},\"image\":{\"@type\":\"ImageObject\",\"url\":\"https:\\\/\\\/candas365.es\\\/noticias\\\/wp-content\\\/uploads\\\/2026\\\/04\\\/El-nuevo-decreto-de-playas-no-se-aplicara-en-Asturias-hasta-2027.jpg\",\"width\":1102,\"height\":850,\"caption\":\"Foto: Prensa Principado de Asturias\"},\"datePublished\":\"2026-04-02T06:22:25+02:00\",\"dateModified\":\"2026-04-02T06:22:25+02:00\",\"inLanguage\":\"es-ES\",\"mainEntityOfPage\":{\"@id\":\"https:\\\/\\\/candas365.es\\\/noticias\\\/el-nuevo-decreto-de-playas-no-se-aplicara-en-asturias-hasta-2027\\\/#webpage\"},\"isPartOf\":{\"@id\":\"https:\\\/\\\/candas365.es\\\/noticias\\\/el-nuevo-decreto-de-playas-no-se-aplicara-en-asturias-hasta-2027\\\/#webpage\"},\"articleSection\":\"Asturias, Asturias\",\"dateline\":\"Publicado el abril 2, 2026.\"},{\"@type\":\"Organization\",\"@id\":\"https:\\\/\\\/candas365.es\\\/noticias\\\/#organization\",\"name\":\"Cand\\u00e1s 365\",\"description\":\"Cand\\u00e1s 365 es un diario digital independiente, fundado en 2012, con base en Asturias. Informamos con rigor sobre actualidad, sociedad, cultura y ocio, con una mirada local y global.\",\"url\":\"https:\\\/\\\/candas365.es\\\/noticias\\\/\",\"email\":\"info@candas365.es\",\"telephone\":\"+34652131393\",\"foundingDate\":\"2012-06-10\",\"logo\":{\"@type\":\"ImageObject\",\"url\":\"https:\\\/\\\/candas365.es\\\/noticias\\\/wp-content\\\/uploads\\\/2024\\\/09\\\/Candas-365-Redes.jpg\",\"@id\":\"https:\\\/\\\/candas365.es\\\/noticias\\\/el-nuevo-decreto-de-playas-no-se-aplicara-en-asturias-hasta-2027\\\/#organizationLogo\",\"width\":1152,\"height\":864,\"caption\":\"Cand\\u00e1s 365 Redes\"},\"image\":{\"@id\":\"https:\\\/\\\/candas365.es\\\/noticias\\\/el-nuevo-decreto-de-playas-no-se-aplicara-en-asturias-hasta-2027\\\/#organizationLogo\"},\"sameAs\":[\"https:\\\/\\\/www.facebook.com\\\/Nachofdezber\",\"https:\\\/\\\/x.com\\\/NabercoDigital\",\"https:\\\/\\\/www.instagram.com\\\/nachofdezber\\\/\",\"https:\\\/\\\/www.youtube.com\\\/channel\\\/UCZP-2wLEB9Rv6erhFmqVnvg\"],\"address\":{\"@id\":\"https:\\\/\\\/candas365.es\\\/noticias\\\/#postaladdress\",\"@type\":\"PostalAddress\",\"streetAddress\":\"san antonio 4, san antonio 4\",\"postalCode\":\"33430\",\"addressLocality\":\"Cand\\u00e1s\",\"addressRegion\":\"Asturias\",\"addressCountry\":\"ES\"}},{\"@type\":\"Person\",\"@id\":\"https:\\\/\\\/candas365.es\\\/noticias\\\/author\\\/admin\\\/#author\",\"url\":\"https:\\\/\\\/candas365.es\\\/noticias\\\/author\\\/admin\\\/\",\"name\":\"Cand\\u00e1s 365\",\"image\":{\"@type\":\"ImageObject\",\"@id\":\"https:\\\/\\\/candas365.es\\\/noticias\\\/el-nuevo-decreto-de-playas-no-se-aplicara-en-asturias-hasta-2027\\\/#authorImage\",\"url\":\"https:\\\/\\\/secure.gravatar.com\\\/avatar\\\/496a8e03d0c493ede1718b7934145dbdf8d89be1036b0eec9544e1094c9de390?s=96&d=mm&r=g\",\"width\":96,\"height\":96,\"caption\":\"Cand\\u00e1s 365\"},\"sameAs\":[\"https:\\\/\\\/www.facebook.com\\\/carrenoactualidad\",\"https:\\\/\\\/twitter.com\\\/nbasturias\",\"https:\\\/\\\/www.instagram.com\\\/nachofdezber\\\/\",\"https:\\\/\\\/www.youtube.com\\\/channel\\\/UCZP-2wLEB9Rv6erhFmqVnvg\"]},{\"@type\":\"WebPage\",\"@id\":\"https:\\\/\\\/candas365.es\\\/noticias\\\/el-nuevo-decreto-de-playas-no-se-aplicara-en-asturias-hasta-2027\\\/#webpage\",\"url\":\"https:\\\/\\\/candas365.es\\\/noticias\\\/el-nuevo-decreto-de-playas-no-se-aplicara-en-asturias-hasta-2027\\\/\",\"name\":\"El nuevo decreto de playas no se aplicar\\u00e1 en Asturias hasta 2027 | Cand\\u00e1s 365\",\"description\":\"La Direcci\\u00f3n General de Urbanismo iniciar\\u00e1 tras la Semana Santa en Asturias reuniones con los 36 colectivos y administraciones que presentaron alegaciones\",\"inLanguage\":\"es-ES\",\"isPartOf\":{\"@id\":\"https:\\\/\\\/candas365.es\\\/noticias\\\/#website\"},\"breadcrumb\":{\"@id\":\"https:\\\/\\\/candas365.es\\\/noticias\\\/el-nuevo-decreto-de-playas-no-se-aplicara-en-asturias-hasta-2027\\\/#breadcrumblist\"},\"author\":{\"@id\":\"https:\\\/\\\/candas365.es\\\/noticias\\\/author\\\/admin\\\/#author\"},\"creator\":{\"@id\":\"https:\\\/\\\/candas365.es\\\/noticias\\\/author\\\/admin\\\/#author\"},\"image\":{\"@type\":\"ImageObject\",\"url\":\"https:\\\/\\\/candas365.es\\\/noticias\\\/wp-content\\\/uploads\\\/2026\\\/04\\\/El-nuevo-decreto-de-playas-no-se-aplicara-en-Asturias-hasta-2027.jpg\",\"@id\":\"https:\\\/\\\/candas365.es\\\/noticias\\\/el-nuevo-decreto-de-playas-no-se-aplicara-en-asturias-hasta-2027\\\/#mainImage\",\"width\":1102,\"height\":850,\"caption\":\"Foto: Prensa Principado de Asturias\"},\"primaryImageOfPage\":{\"@id\":\"https:\\\/\\\/candas365.es\\\/noticias\\\/el-nuevo-decreto-de-playas-no-se-aplicara-en-asturias-hasta-2027\\\/#mainImage\"},\"datePublished\":\"2026-04-02T06:22:25+02:00\",\"dateModified\":\"2026-04-02T06:22:25+02:00\"},{\"@type\":\"WebSite\",\"@id\":\"https:\\\/\\\/candas365.es\\\/noticias\\\/#website\",\"url\":\"https:\\\/\\\/candas365.es\\\/noticias\\\/\",\"name\":\"Cand\\u00e1s 365\",\"alternateName\":\"Cand\\u00e1s 365 Noticias\",\"description\":\"Actualidad desde Carre\\u00f1o para el mundo\",\"inLanguage\":\"es-ES\",\"publisher\":{\"@id\":\"https:\\\/\\\/candas365.es\\\/noticias\\\/#organization\"}}]}\n\t\t<\/script>\n\t\t<!-- All in One SEO Pro -->\r\n\t\t<title>El nuevo decreto de playas no se aplicar\u00e1 en Asturias hasta 2027 | Cand\u00e1s 365<\/title>\n\n","aioseo_head_json":{"title":"El nuevo decreto de playas no se aplicar\u00e1 en Asturias hasta 2027 | Cand\u00e1s 365","description":"La Direcci\u00f3n General de Urbanismo iniciar\u00e1 tras la Semana Santa en Asturias reuniones con los 36 colectivos y administraciones que presentaron alegaciones","canonical_url":"https:\/\/candas365.es\/noticias\/el-nuevo-decreto-de-playas-no-se-aplicara-en-asturias-hasta-2027\/","robots":"max-image-preview:large","keywords":"asturias","webmasterTools":{"google-site-verification":"UA-32230408-1","msvalidate.01":"354F3CDFB2DA171B47FBE9ABF1F88D5","miscellaneous":""},"schema":{"@context":"https:\/\/schema.org","@graph":[{"@type":"BreadcrumbList","@id":"https:\/\/candas365.es\/noticias\/el-nuevo-decreto-de-playas-no-se-aplicara-en-asturias-hasta-2027\/#breadcrumblist","itemListElement":[{"@type":"ListItem","@id":"https:\/\/candas365.es\/noticias#listItem","position":1,"name":"Home","item":"https:\/\/candas365.es\/noticias","nextItem":{"@type":"ListItem","@id":"https:\/\/candas365.es\/noticias\/category\/asturias\/#listItem","name":"Asturias"}},{"@type":"ListItem","@id":"https:\/\/candas365.es\/noticias\/category\/asturias\/#listItem","position":2,"name":"Asturias","item":"https:\/\/candas365.es\/noticias\/category\/asturias\/","nextItem":{"@type":"ListItem","@id":"https:\/\/candas365.es\/noticias\/el-nuevo-decreto-de-playas-no-se-aplicara-en-asturias-hasta-2027\/#listItem","name":"El nuevo decreto de playas no se aplicar\u00e1 en Asturias hasta 2027"},"previousItem":{"@type":"ListItem","@id":"https:\/\/candas365.es\/noticias#listItem","name":"Home"}},{"@type":"ListItem","@id":"https:\/\/candas365.es\/noticias\/el-nuevo-decreto-de-playas-no-se-aplicara-en-asturias-hasta-2027\/#listItem","position":3,"name":"El nuevo decreto de playas no se aplicar\u00e1 en Asturias hasta 2027","previousItem":{"@type":"ListItem","@id":"https:\/\/candas365.es\/noticias\/category\/asturias\/#listItem","name":"Asturias"}}]},{"@type":"NewsArticle","@id":"https:\/\/candas365.es\/noticias\/el-nuevo-decreto-de-playas-no-se-aplicara-en-asturias-hasta-2027\/#newsarticle","name":"El nuevo decreto de playas no se aplicar\u00e1 en Asturias hasta 2027 | Cand\u00e1s 365","headline":"El nuevo decreto de playas no se aplicar\u00e1 en Asturias hasta 2027","author":{"@id":"https:\/\/candas365.es\/noticias\/author\/admin\/#author"},"publisher":{"@id":"https:\/\/candas365.es\/noticias\/#organization"},"image":{"@type":"ImageObject","url":"https:\/\/candas365.es\/noticias\/wp-content\/uploads\/2026\/04\/El-nuevo-decreto-de-playas-no-se-aplicara-en-Asturias-hasta-2027.jpg","width":1102,"height":850,"caption":"Foto: Prensa Principado de Asturias"},"datePublished":"2026-04-02T06:22:25+02:00","dateModified":"2026-04-02T06:22:25+02:00","inLanguage":"es-ES","mainEntityOfPage":{"@id":"https:\/\/candas365.es\/noticias\/el-nuevo-decreto-de-playas-no-se-aplicara-en-asturias-hasta-2027\/#webpage"},"isPartOf":{"@id":"https:\/\/candas365.es\/noticias\/el-nuevo-decreto-de-playas-no-se-aplicara-en-asturias-hasta-2027\/#webpage"},"articleSection":"Asturias, Asturias","dateline":"Publicado el abril 2, 2026."},{"@type":"Organization","@id":"https:\/\/candas365.es\/noticias\/#organization","name":"Cand\u00e1s 365","description":"Cand\u00e1s 365 es un diario digital independiente, fundado en 2012, con base en Asturias. Informamos con rigor sobre actualidad, sociedad, cultura y ocio, con una mirada local y global.","url":"https:\/\/candas365.es\/noticias\/","email":"info@candas365.es","telephone":"+34652131393","foundingDate":"2012-06-10","logo":{"@type":"ImageObject","url":"https:\/\/candas365.es\/noticias\/wp-content\/uploads\/2024\/09\/Candas-365-Redes.jpg","@id":"https:\/\/candas365.es\/noticias\/el-nuevo-decreto-de-playas-no-se-aplicara-en-asturias-hasta-2027\/#organizationLogo","width":1152,"height":864,"caption":"Cand\u00e1s 365 Redes"},"image":{"@id":"https:\/\/candas365.es\/noticias\/el-nuevo-decreto-de-playas-no-se-aplicara-en-asturias-hasta-2027\/#organizationLogo"},"sameAs":["https:\/\/www.facebook.com\/Nachofdezber","https:\/\/x.com\/NabercoDigital","https:\/\/www.instagram.com\/nachofdezber\/","https:\/\/www.youtube.com\/channel\/UCZP-2wLEB9Rv6erhFmqVnvg"],"address":{"@id":"https:\/\/candas365.es\/noticias\/#postaladdress","@type":"PostalAddress","streetAddress":"san antonio 4, san antonio 4","postalCode":"33430","addressLocality":"Cand\u00e1s","addressRegion":"Asturias","addressCountry":"ES"}},{"@type":"Person","@id":"https:\/\/candas365.es\/noticias\/author\/admin\/#author","url":"https:\/\/candas365.es\/noticias\/author\/admin\/","name":"Cand\u00e1s 365","image":{"@type":"ImageObject","@id":"https:\/\/candas365.es\/noticias\/el-nuevo-decreto-de-playas-no-se-aplicara-en-asturias-hasta-2027\/#authorImage","url":"https:\/\/secure.gravatar.com\/avatar\/496a8e03d0c493ede1718b7934145dbdf8d89be1036b0eec9544e1094c9de390?s=96&d=mm&r=g","width":96,"height":96,"caption":"Cand\u00e1s 365"},"sameAs":["https:\/\/www.facebook.com\/carrenoactualidad","https:\/\/twitter.com\/nbasturias","https:\/\/www.instagram.com\/nachofdezber\/","https:\/\/www.youtube.com\/channel\/UCZP-2wLEB9Rv6erhFmqVnvg"]},{"@type":"WebPage","@id":"https:\/\/candas365.es\/noticias\/el-nuevo-decreto-de-playas-no-se-aplicara-en-asturias-hasta-2027\/#webpage","url":"https:\/\/candas365.es\/noticias\/el-nuevo-decreto-de-playas-no-se-aplicara-en-asturias-hasta-2027\/","name":"El nuevo decreto de playas no se aplicar\u00e1 en Asturias hasta 2027 | Cand\u00e1s 365","description":"La Direcci\u00f3n General de Urbanismo iniciar\u00e1 tras la Semana Santa en Asturias reuniones con los 36 colectivos y administraciones que presentaron alegaciones","inLanguage":"es-ES","isPartOf":{"@id":"https:\/\/candas365.es\/noticias\/#website"},"breadcrumb":{"@id":"https:\/\/candas365.es\/noticias\/el-nuevo-decreto-de-playas-no-se-aplicara-en-asturias-hasta-2027\/#breadcrumblist"},"author":{"@id":"https:\/\/candas365.es\/noticias\/author\/admin\/#author"},"creator":{"@id":"https:\/\/candas365.es\/noticias\/author\/admin\/#author"},"image":{"@type":"ImageObject","url":"https:\/\/candas365.es\/noticias\/wp-content\/uploads\/2026\/04\/El-nuevo-decreto-de-playas-no-se-aplicara-en-Asturias-hasta-2027.jpg","@id":"https:\/\/candas365.es\/noticias\/el-nuevo-decreto-de-playas-no-se-aplicara-en-asturias-hasta-2027\/#mainImage","width":1102,"height":850,"caption":"Foto: Prensa Principado de Asturias"},"primaryImageOfPage":{"@id":"https:\/\/candas365.es\/noticias\/el-nuevo-decreto-de-playas-no-se-aplicara-en-asturias-hasta-2027\/#mainImage"},"datePublished":"2026-04-02T06:22:25+02:00","dateModified":"2026-04-02T06:22:25+02:00"},{"@type":"WebSite","@id":"https:\/\/candas365.es\/noticias\/#website","url":"https:\/\/candas365.es\/noticias\/","name":"Cand\u00e1s 365","alternateName":"Cand\u00e1s 365 Noticias","description":"Actualidad desde Carre\u00f1o para el mundo","inLanguage":"es-ES","publisher":{"@id":"https:\/\/candas365.es\/noticias\/#organization"}}]},"og:locale":"es_ES","og:site_name":"Cand\u00e1s 365","og:type":"article","og:title":"El nuevo decreto de playas no se aplicar\u00e1 en Asturias hasta 2027 | Cand\u00e1s 365","og:description":"La Direcci\u00f3n General de Urbanismo iniciar\u00e1 tras la Semana Santa en Asturias reuniones con los 36 colectivos y administraciones que presentaron alegaciones","og:url":"https:\/\/candas365.es\/noticias\/el-nuevo-decreto-de-playas-no-se-aplicara-en-asturias-hasta-2027\/","og:image":"https:\/\/candas365.es\/noticias\/wp-content\/uploads\/2026\/04\/El-nuevo-decreto-de-playas-no-se-aplicara-en-Asturias-hasta-2027.jpg","og:image:secure_url":"https:\/\/candas365.es\/noticias\/wp-content\/uploads\/2026\/04\/El-nuevo-decreto-de-playas-no-se-aplicara-en-Asturias-hasta-2027.jpg","og:image:width":1102,"og:image:height":850,"article:published_time":"2026-04-02T04:22:25+00:00","article:modified_time":"2026-04-02T04:22:25+00:00","article:publisher":"https:\/\/www.facebook.com\/Nachofdezber","article:author":"https:\/\/www.facebook.com\/carrenoactualidad","twitter:card":"summary_large_image","twitter:site":"@NabercoDigital","twitter:title":"El nuevo decreto de playas no se aplicar\u00e1 en Asturias hasta 2027 | Cand\u00e1s 365","twitter:description":"La Direcci\u00f3n General de Urbanismo iniciar\u00e1 tras la Semana Santa en Asturias reuniones con los 36 colectivos y administraciones que presentaron alegaciones","twitter:creator":"@nbasturias","twitter:image":"https:\/\/candas365.es\/noticias\/wp-content\/uploads\/2026\/04\/El-nuevo-decreto-de-playas-no-se-aplicara-en-Asturias-hasta-2027.jpg","twitter:label1":"Escrito por","twitter:data1":"Cand\u00e1s 365","twitter:label2":"Tiempo de lectura estimado","twitter:data2":"3 minutos"},"aioseo_meta_data":{"post_id":"193553","title":null,"description":"La Direcci\u00f3n General de Urbanismo iniciar\u00e1 tras la Semana Santa en Asturias reuniones con los 36 colectivos y administraciones que presentaron alegaciones","keywords":null,"keyphrases":{"focus":{"keyphrase":"Asturias","score":78,"analysis":{"keyphraseInTitle":{"score":9,"maxScore":9,"error":0},"keyphraseInDescription":{"score":9,"maxScore":9,"error":0},"keyphraseLength":{"score":9,"maxScore":9,"error":0,"length":1},"keyphraseInURL":{"score":5,"maxScore":5,"error":0},"keyphraseInIntroduction":{"score":9,"maxScore":9,"error":0},"keyphraseInSubHeadings":{"score":3,"maxScore":9,"error":1},"keyphraseInImageAlt":{"score":9,"maxScore":9,"error":0},"keywordDensity":{"score":0,"type":"low","maxScore":9,"error":1}}},"additional":[{"keyphrase":"Asturias","score":80,"analysis":{"keyphraseInDescription":{"score":9,"maxScore":9,"error":0},"keyphraseLength":{"score":9,"maxScore":9,"error":0,"length":1},"keyphraseInIntroduction":{"score":9,"maxScore":9,"error":0},"keyphraseInImageAlt":{"score":9,"maxScore":9,"error":0},"keywordDensity":{"score":0,"type":"low","maxScore":9,"error":1}}}]},"primary_term":null,"canonical_url":null,"og_title":null,"og_description":null,"og_object_type":"default","og_image_type":"default","og_image_url":null,"og_image_width":null,"og_image_height":null,"og_image_custom_url":null,"og_image_custom_fields":null,"og_video":"","og_custom_url":null,"og_article_section":null,"og_article_tags":null,"twitter_use_og":false,"twitter_card":"default","twitter_image_type":"default","twitter_image_url":null,"twitter_image_custom_url":null,"twitter_image_custom_fields":null,"twitter_title":null,"twitter_description":null,"schema":{"blockGraphs":[],"customGraphs":[],"default":{"data":{"Article":[],"Course":[],"Dataset":[],"FAQPage":[],"Movie":[],"Person":[],"Product":[],"ProductReview":[],"Car":[],"Recipe":[],"Service":[],"SoftwareApplication":[],"WebPage":[]},"graphName":"NewsArticle","isEnabled":true},"graphs":[]},"schema_type":"default","schema_type_options":null,"pillar_content":false,"robots_default":true,"robots_noindex":false,"robots_noarchive":false,"robots_nosnippet":false,"robots_nofollow":false,"robots_noimageindex":false,"robots_noodp":false,"robots_notranslate":false,"robots_max_snippet":"-1","robots_max_videopreview":"-1","robots_max_imagepreview":"large","priority":null,"frequency":"default","location":null,"local_seo":null,"seo_analyzer_scan_date":"2026-04-02 04:35:20","breadcrumb_settings":null,"limit_modified_date":false,"reviewed_by":null,"open_ai":null,"ai":{"faqs":[],"keyPoints":[],"titles":[],"descriptions":[],"socialPosts":{"email":[],"linkedin":[],"twitter":[],"facebook":[],"instagram":[]}},"created":"2026-04-02 04:14:25","updated":"2026-04-02 04:36:06"},"aioseo_breadcrumb":"<div class=\"aioseo-breadcrumbs\"><span class=\"aioseo-breadcrumb\">\n\t<a href=\"https:\/\/candas365.es\/noticias\" title=\"Home\">Home<\/a>\n<\/span><span class=\"aioseo-breadcrumb-separator\">&ndash;<\/span><span class=\"aioseo-breadcrumb\">\n\t<a href=\"https:\/\/candas365.es\/noticias\/category\/asturias\/\" title=\"Asturias\">Asturias<\/a>\n<\/span><span class=\"aioseo-breadcrumb-separator\">&ndash;<\/span><span class=\"aioseo-breadcrumb\">\n\tEl nuevo decreto de playas no se aplicar\u00e1 en Asturias hasta 2027\n<\/span><\/div>","aioseo_breadcrumb_json":[{"label":"Home","link":"https:\/\/candas365.es\/noticias"},{"label":"Asturias","link":"https:\/\/candas365.es\/noticias\/category\/asturias\/"},{"label":"El nuevo decreto de playas no se aplicar\u00e1 en Asturias hasta 2027","link":"https:\/\/candas365.es\/noticias\/el-nuevo-decreto-de-playas-no-se-aplicara-en-asturias-hasta-2027\/"}],"_links":{"self":[{"href":"https:\/\/candas365.es\/noticias\/wp-json\/wp\/v2\/posts\/193553","targetHints":{"allow":["GET"]}}],"collection":[{"href":"https:\/\/candas365.es\/noticias\/wp-json\/wp\/v2\/posts"}],"about":[{"href":"https:\/\/candas365.es\/noticias\/wp-json\/wp\/v2\/types\/post"}],"author":[{"embeddable":true,"href":"https:\/\/candas365.es\/noticias\/wp-json\/wp\/v2\/users\/1"}],"replies":[{"embeddable":true,"href":"https:\/\/candas365.es\/noticias\/wp-json\/wp\/v2\/comments?post=193553"}],"version-history":[{"count":0,"href":"https:\/\/candas365.es\/noticias\/wp-json\/wp\/v2\/posts\/193553\/revisions"}],"wp:featuredmedia":[{"embeddable":true,"href":"https:\/\/candas365.es\/noticias\/wp-json\/wp\/v2\/media\/193554"}],"wp:attachment":[{"href":"https:\/\/candas365.es\/noticias\/wp-json\/wp\/v2\/media?parent=193553"}],"wp:term":[{"taxonomy":"category","embeddable":true,"href":"https:\/\/candas365.es\/noticias\/wp-json\/wp\/v2\/categories?post=193553"},{"taxonomy":"post_tag","embeddable":true,"href":"https:\/\/candas365.es\/noticias\/wp-json\/wp\/v2\/tags?post=193553"}],"curies":[{"name":"wp","href":"https:\/\/api.w.org\/{rel}","templated":true}]}}