{"id":193549,"date":"2026-04-02T04:56:36","date_gmt":"2026-04-02T02:56:36","guid":{"rendered":"https:\/\/candas365.es\/noticias\/?p=193549"},"modified":"2026-04-08T13:13:22","modified_gmt":"2026-04-08T11:13:22","slug":"candas-salta-durante-la-semana-santa-2026","status":"publish","type":"post","link":"https:\/\/candas365.es\/noticias\/candas-salta-durante-la-semana-santa-2026\/","title":{"rendered":"Cand\u00e1s salta durante la Semana Santa 2026"},"content":{"rendered":"<p>La <strong>Semana Santa 2026<\/strong> llega a <a href=\"https:\/\/candas365.es\/noticias\/\"><span style=\"color: #ff6600;\"><strong>Cand\u00e1s<\/strong><\/span><\/a> con planes para todos. Tambi\u00e9n para los m\u00e1s peque\u00f1os de la casa. En el parque de Les Conserveres, una atracci\u00f3n hinchable ha montado su campamento durante estos d\u00edas festivos, con camas el\u00e1sticas y zonas de juego que ya tienen lista de espera entre los ni\u00f1os de la villa y los que llegan de fuera.<strong> Una opci\u00f3n m\u00e1s para una Semana Santa que en Cand\u00e1s combina gastronom\u00eda, paseos y ahora tambi\u00e9n saltos.<\/strong><\/p>\n<figure id=\"attachment_193550\" aria-describedby=\"caption-attachment-193550\" style=\"width: 647px\" class=\"wp-caption aligncenter\"><img fetchpriority=\"high\" decoding=\"async\" class=\"size-large wp-image-193550\" src=\"https:\/\/candas365.es\/noticias\/wp-content\/uploads\/2026\/04\/Candas-salta-durante-la-Semana-Santa-2026-647x480.jpg\" alt=\"Cand\u00e1s salta durante la Semana Santa 2026\" width=\"647\" height=\"480\" srcset=\"https:\/\/candas365.es\/noticias\/wp-content\/uploads\/2026\/04\/Candas-salta-durante-la-Semana-Santa-2026-647x480.jpg 647w, https:\/\/candas365.es\/noticias\/wp-content\/uploads\/2026\/04\/Candas-salta-durante-la-Semana-Santa-2026-360x267.jpg 360w, https:\/\/candas365.es\/noticias\/wp-content\/uploads\/2026\/04\/Candas-salta-durante-la-Semana-Santa-2026-768x570.jpg 768w, https:\/\/candas365.es\/noticias\/wp-content\/uploads\/2026\/04\/Candas-salta-durante-la-Semana-Santa-2026-150x111.jpg 150w, https:\/\/candas365.es\/noticias\/wp-content\/uploads\/2026\/04\/Candas-salta-durante-la-Semana-Santa-2026-450x334.jpg 450w, https:\/\/candas365.es\/noticias\/wp-content\/uploads\/2026\/04\/Candas-salta-durante-la-Semana-Santa-2026.jpg 1111w\" sizes=\"(max-width: 647px) 100vw, 647px\" \/><figcaption id=\"caption-attachment-193550\" class=\"wp-caption-text\">Foto: Cand\u00e1s 365<\/figcaption><\/figure>\n<h2>Un parque que se activa<\/h2>\n<p>Les Conserveres tiene estos d\u00edas una energ\u00eda diferente. <strong>La atracci\u00f3n ocupa el espacio con colores, redes y esa mezcla de personajes cl\u00e1sicos que los ni\u00f1os reconocen al instante.<\/strong> El hinchable, las camas el\u00e1sticas y el tiempo agradable que momento acompa\u00f1a estos d\u00edas han hecho el resto. <strong>Los padres esperan fuera, los ni\u00f1os saltan dentro y el parque cumple exactamente la funci\u00f3n para la que existe.<\/strong><\/p>\n<h3>Cand\u00e1s, plan completo para Semana Santa<\/h3>\n<p>M\u00e1s all\u00e1 del hinchable, Cand\u00e1s ofrece durante estos d\u00edas lo que siempre ha ofrecido pero con el pueblo en su mejor momento. El Paseo Mar\u00edtimo renovado, la oferta gastron\u00f3mica de la villa marinera, los helados que no necesitan presentaci\u00f3n y las calles que invitan a caminar sin itinerario fijo<strong>. Para los que llegan de fuera y para los que est\u00e1n de casa, la combinaci\u00f3n funciona sola.<\/strong><\/p>\n","protected":false},"excerpt":{"rendered":"<p>La Semana Santa 2026 llega a Cand\u00e1s con planes para todos. Tambi\u00e9n para los m\u00e1s peque\u00f1os de la casa. En el parque de Les Conserveres, una atracci\u00f3n hinchable ha montado su campamento durante estos d\u00edas festivos, con camas el\u00e1sticas y zonas de juego que ya tienen lista de espera entre los ni\u00f1os de la villa<\/p>\n","protected":false},"author":5,"featured_media":193550,"comment_status":"closed","ping_status":"closed","sticky":false,"template":"","format":"standard","meta":{"footnotes":""},"categories":[2],"tags":[366],"class_list":{"0":"post-193549","1":"post","2":"type-post","3":"status-publish","4":"format-standard","5":"has-post-thumbnail","7":"category-noticias-carreno","8":"tag-candas"},"aioseo_notices":[],"aioseo_head":"\n\t\t<!-- All in One SEO Pro 4.9.6.2 - aioseo.com -->\n\t<meta name=\"description\" content=\"La Semana Santa 2026 llega a Cand\u00e1s con planes para todos. Tambi\u00e9n para los m\u00e1s peque\u00f1os de la casa. En el parque de Les Conserveres, una atracci\u00f3n\" \/>\n\t<meta name=\"robots\" content=\"max-image-preview:large\" \/>\n\t<meta name=\"author\" content=\"Nacho Berm\u00fadez\"\/>\n\t<meta name=\"google-site-verification\" content=\"UA-32230408-1\" \/>\n\t<meta name=\"msvalidate.01\" content=\"354F3CDFB2DA171B47FBE9ABF1F88D5\" \/>\n\t<meta name=\"keywords\" content=\"noticias carre\u00f1o\" \/>\n\t<link rel=\"canonical\" href=\"https:\/\/candas365.es\/noticias\/candas-salta-durante-la-semana-santa-2026\/\" \/>\n\t<meta name=\"generator\" content=\"All in One SEO Pro (AIOSEO) 4.9.6.2\" \/>\n\t\t<meta property=\"og:locale\" content=\"es_ES\" \/>\n\t\t<meta property=\"og:site_name\" content=\"Cand\u00e1s 365\" \/>\n\t\t<meta property=\"og:type\" content=\"article\" \/>\n\t\t<meta property=\"og:title\" content=\"Cand\u00e1s salta durante la Semana Santa 2026 | Cand\u00e1s 365\" \/>\n\t\t<meta property=\"og:description\" content=\"La Semana Santa 2026 llega a Cand\u00e1s con planes para todos. Tambi\u00e9n para los m\u00e1s peque\u00f1os de la casa. En el parque de Les Conserveres, una atracci\u00f3n\" \/>\n\t\t<meta property=\"og:url\" content=\"https:\/\/candas365.es\/noticias\/candas-salta-durante-la-semana-santa-2026\/\" \/>\n\t\t<meta property=\"og:image\" content=\"https:\/\/candas365.es\/noticias\/wp-content\/uploads\/2026\/04\/Candas-salta-durante-la-Semana-Santa-2026.jpg\" \/>\n\t\t<meta property=\"og:image:secure_url\" content=\"https:\/\/candas365.es\/noticias\/wp-content\/uploads\/2026\/04\/Candas-salta-durante-la-Semana-Santa-2026.jpg\" \/>\n\t\t<meta property=\"og:image:width\" content=\"1111\" \/>\n\t\t<meta property=\"og:image:height\" content=\"824\" \/>\n\t\t<meta property=\"article:published_time\" content=\"2026-04-02T02:56:36+00:00\" \/>\n\t\t<meta property=\"article:modified_time\" content=\"2026-04-08T11:13:22+00:00\" \/>\n\t\t<meta property=\"article:publisher\" content=\"https:\/\/www.facebook.com\/Nachofdezber\" \/>\n\t\t<meta name=\"twitter:card\" content=\"summary_large_image\" \/>\n\t\t<meta name=\"twitter:site\" content=\"@NabercoDigital\" \/>\n\t\t<meta name=\"twitter:title\" content=\"Cand\u00e1s salta durante la Semana Santa 2026 | Cand\u00e1s 365\" \/>\n\t\t<meta name=\"twitter:description\" content=\"La Semana Santa 2026 llega a Cand\u00e1s con planes para todos. Tambi\u00e9n para los m\u00e1s peque\u00f1os de la casa. En el parque de Les Conserveres, una atracci\u00f3n\" \/>\n\t\t<meta name=\"twitter:creator\" content=\"@NabercoDigital\" \/>\n\t\t<meta name=\"twitter:image\" content=\"https:\/\/candas365.es\/noticias\/wp-content\/uploads\/2026\/04\/Candas-salta-durante-la-Semana-Santa-2026.jpg\" \/>\n\t\t<meta name=\"twitter:label1\" content=\"Escrito por\" \/>\n\t\t<meta name=\"twitter:data1\" content=\"Nacho Berm\u00fadez\" \/>\n\t\t<meta name=\"twitter:label2\" content=\"Tiempo de lectura estimado\" \/>\n\t\t<meta name=\"twitter:data2\" content=\"1 minuto\" \/>\n\t\t<script type=\"application\/ld+json\" class=\"aioseo-schema\">\n\t\t\t{\"@context\":\"https:\\\/\\\/schema.org\",\"@graph\":[{\"@type\":\"BreadcrumbList\",\"@id\":\"https:\\\/\\\/candas365.es\\\/noticias\\\/candas-salta-durante-la-semana-santa-2026\\\/#breadcrumblist\",\"itemListElement\":[{\"@type\":\"ListItem\",\"@id\":\"https:\\\/\\\/candas365.es\\\/noticias#listItem\",\"position\":1,\"name\":\"Home\",\"item\":\"https:\\\/\\\/candas365.es\\\/noticias\",\"nextItem\":{\"@type\":\"ListItem\",\"@id\":\"https:\\\/\\\/candas365.es\\\/noticias\\\/category\\\/noticias-carreno\\\/#listItem\",\"name\":\"Noticias Carre\\u00f1o\"}},{\"@type\":\"ListItem\",\"@id\":\"https:\\\/\\\/candas365.es\\\/noticias\\\/category\\\/noticias-carreno\\\/#listItem\",\"position\":2,\"name\":\"Noticias Carre\\u00f1o\",\"item\":\"https:\\\/\\\/candas365.es\\\/noticias\\\/category\\\/noticias-carreno\\\/\",\"nextItem\":{\"@type\":\"ListItem\",\"@id\":\"https:\\\/\\\/candas365.es\\\/noticias\\\/candas-salta-durante-la-semana-santa-2026\\\/#listItem\",\"name\":\"Cand\\u00e1s salta durante la Semana Santa 2026\"},\"previousItem\":{\"@type\":\"ListItem\",\"@id\":\"https:\\\/\\\/candas365.es\\\/noticias#listItem\",\"name\":\"Home\"}},{\"@type\":\"ListItem\",\"@id\":\"https:\\\/\\\/candas365.es\\\/noticias\\\/candas-salta-durante-la-semana-santa-2026\\\/#listItem\",\"position\":3,\"name\":\"Cand\\u00e1s salta durante la Semana Santa 2026\",\"previousItem\":{\"@type\":\"ListItem\",\"@id\":\"https:\\\/\\\/candas365.es\\\/noticias\\\/category\\\/noticias-carreno\\\/#listItem\",\"name\":\"Noticias Carre\\u00f1o\"}}]},{\"@type\":\"NewsArticle\",\"@id\":\"https:\\\/\\\/candas365.es\\\/noticias\\\/candas-salta-durante-la-semana-santa-2026\\\/#newsarticle\",\"name\":\"Cand\\u00e1s salta durante la Semana Santa 2026 | Cand\\u00e1s 365\",\"headline\":\"Cand\\u00e1s salta durante la Semana Santa 2026\",\"author\":{\"@id\":\"https:\\\/\\\/candas365.es\\\/noticias\\\/author\\\/nacho-bermudez\\\/#author\"},\"publisher\":{\"@id\":\"https:\\\/\\\/candas365.es\\\/noticias\\\/#organization\"},\"image\":{\"@type\":\"ImageObject\",\"url\":\"https:\\\/\\\/candas365.es\\\/noticias\\\/wp-content\\\/uploads\\\/2026\\\/04\\\/Candas-salta-durante-la-Semana-Santa-2026.jpg\",\"width\":1111,\"height\":824,\"caption\":\"Foto: Cand\\u00e1s 365\"},\"datePublished\":\"2026-04-02T04:56:36+02:00\",\"dateModified\":\"2026-04-08T13:13:22+02:00\",\"inLanguage\":\"es-ES\",\"mainEntityOfPage\":{\"@id\":\"https:\\\/\\\/candas365.es\\\/noticias\\\/candas-salta-durante-la-semana-santa-2026\\\/#webpage\"},\"isPartOf\":{\"@id\":\"https:\\\/\\\/candas365.es\\\/noticias\\\/candas-salta-durante-la-semana-santa-2026\\\/#webpage\"},\"articleSection\":\"Noticias Carre\\u00f1o, Cand\\u00e1s\",\"dateline\":\"Publicado el abril 2, 2026.\"},{\"@type\":\"Organization\",\"@id\":\"https:\\\/\\\/candas365.es\\\/noticias\\\/#organization\",\"name\":\"Cand\\u00e1s 365\",\"description\":\"Cand\\u00e1s 365 es un diario digital independiente, fundado en 2012, con base en Asturias. Informamos con rigor sobre actualidad, sociedad, cultura y ocio, con una mirada local y global.\",\"url\":\"https:\\\/\\\/candas365.es\\\/noticias\\\/\",\"email\":\"info@candas365.es\",\"telephone\":\"+34652131393\",\"foundingDate\":\"2012-06-10\",\"logo\":{\"@type\":\"ImageObject\",\"url\":\"https:\\\/\\\/candas365.es\\\/noticias\\\/wp-content\\\/uploads\\\/2024\\\/09\\\/Candas-365-Redes.jpg\",\"@id\":\"https:\\\/\\\/candas365.es\\\/noticias\\\/candas-salta-durante-la-semana-santa-2026\\\/#organizationLogo\",\"width\":1152,\"height\":864,\"caption\":\"Cand\\u00e1s 365 Redes\"},\"image\":{\"@id\":\"https:\\\/\\\/candas365.es\\\/noticias\\\/candas-salta-durante-la-semana-santa-2026\\\/#organizationLogo\"},\"sameAs\":[\"https:\\\/\\\/www.facebook.com\\\/Nachofdezber\",\"https:\\\/\\\/x.com\\\/NabercoDigital\",\"https:\\\/\\\/www.instagram.com\\\/nachofdezber\\\/\",\"https:\\\/\\\/www.youtube.com\\\/channel\\\/UCZP-2wLEB9Rv6erhFmqVnvg\"],\"address\":{\"@id\":\"https:\\\/\\\/candas365.es\\\/noticias\\\/#postaladdress\",\"@type\":\"PostalAddress\",\"streetAddress\":\"san antonio 4, san antonio 4\",\"postalCode\":\"33430\",\"addressLocality\":\"Cand\\u00e1s\",\"addressRegion\":\"Asturias\",\"addressCountry\":\"ES\"}},{\"@type\":\"Person\",\"@id\":\"https:\\\/\\\/candas365.es\\\/noticias\\\/author\\\/nacho-bermudez\\\/#author\",\"url\":\"https:\\\/\\\/candas365.es\\\/noticias\\\/author\\\/nacho-bermudez\\\/\",\"name\":\"Nacho Berm\\u00fadez\",\"image\":{\"@type\":\"ImageObject\",\"@id\":\"https:\\\/\\\/candas365.es\\\/noticias\\\/candas-salta-durante-la-semana-santa-2026\\\/#authorImage\",\"url\":\"https:\\\/\\\/candas365.es\\\/noticias\\\/wp-content\\\/uploads\\\/2026\\\/04\\\/Nacho-Bermudez-96x96.jpg\",\"width\":96,\"height\":96,\"caption\":\"Nacho Berm\\u00fadez\"}},{\"@type\":\"WebPage\",\"@id\":\"https:\\\/\\\/candas365.es\\\/noticias\\\/candas-salta-durante-la-semana-santa-2026\\\/#webpage\",\"url\":\"https:\\\/\\\/candas365.es\\\/noticias\\\/candas-salta-durante-la-semana-santa-2026\\\/\",\"name\":\"Cand\\u00e1s salta durante la Semana Santa 2026 | Cand\\u00e1s 365\",\"description\":\"La Semana Santa 2026 llega a Cand\\u00e1s con planes para todos. Tambi\\u00e9n para los m\\u00e1s peque\\u00f1os de la casa. En el parque de Les Conserveres, una atracci\\u00f3n\",\"inLanguage\":\"es-ES\",\"isPartOf\":{\"@id\":\"https:\\\/\\\/candas365.es\\\/noticias\\\/#website\"},\"breadcrumb\":{\"@id\":\"https:\\\/\\\/candas365.es\\\/noticias\\\/candas-salta-durante-la-semana-santa-2026\\\/#breadcrumblist\"},\"author\":{\"@id\":\"https:\\\/\\\/candas365.es\\\/noticias\\\/author\\\/nacho-bermudez\\\/#author\"},\"creator\":{\"@id\":\"https:\\\/\\\/candas365.es\\\/noticias\\\/author\\\/nacho-bermudez\\\/#author\"},\"image\":{\"@type\":\"ImageObject\",\"url\":\"https:\\\/\\\/candas365.es\\\/noticias\\\/wp-content\\\/uploads\\\/2026\\\/04\\\/Candas-salta-durante-la-Semana-Santa-2026.jpg\",\"@id\":\"https:\\\/\\\/candas365.es\\\/noticias\\\/candas-salta-durante-la-semana-santa-2026\\\/#mainImage\",\"width\":1111,\"height\":824,\"caption\":\"Foto: Cand\\u00e1s 365\"},\"primaryImageOfPage\":{\"@id\":\"https:\\\/\\\/candas365.es\\\/noticias\\\/candas-salta-durante-la-semana-santa-2026\\\/#mainImage\"},\"datePublished\":\"2026-04-02T04:56:36+02:00\",\"dateModified\":\"2026-04-08T13:13:22+02:00\"},{\"@type\":\"WebSite\",\"@id\":\"https:\\\/\\\/candas365.es\\\/noticias\\\/#website\",\"url\":\"https:\\\/\\\/candas365.es\\\/noticias\\\/\",\"name\":\"Cand\\u00e1s 365\",\"alternateName\":\"Cand\\u00e1s 365 Noticias\",\"description\":\"Actualidad desde Carre\\u00f1o para el mundo\",\"inLanguage\":\"es-ES\",\"publisher\":{\"@id\":\"https:\\\/\\\/candas365.es\\\/noticias\\\/#organization\"}}]}\n\t\t<\/script>\n\t\t<!-- All in One SEO Pro -->\r\n\t\t<title>Cand\u00e1s salta durante la Semana Santa 2026 | Cand\u00e1s 365<\/title>\n\n","aioseo_head_json":{"title":"Cand\u00e1s salta durante la Semana Santa 2026 | Cand\u00e1s 365","description":"La Semana Santa 2026 llega a Cand\u00e1s con planes para todos. Tambi\u00e9n para los m\u00e1s peque\u00f1os de la casa. En el parque de Les Conserveres, una atracci\u00f3n","canonical_url":"https:\/\/candas365.es\/noticias\/candas-salta-durante-la-semana-santa-2026\/","robots":"max-image-preview:large","keywords":"noticias carre\u00f1o","webmasterTools":{"google-site-verification":"UA-32230408-1","msvalidate.01":"354F3CDFB2DA171B47FBE9ABF1F88D5","miscellaneous":""},"schema":{"@context":"https:\/\/schema.org","@graph":[{"@type":"BreadcrumbList","@id":"https:\/\/candas365.es\/noticias\/candas-salta-durante-la-semana-santa-2026\/#breadcrumblist","itemListElement":[{"@type":"ListItem","@id":"https:\/\/candas365.es\/noticias#listItem","position":1,"name":"Home","item":"https:\/\/candas365.es\/noticias","nextItem":{"@type":"ListItem","@id":"https:\/\/candas365.es\/noticias\/category\/noticias-carreno\/#listItem","name":"Noticias Carre\u00f1o"}},{"@type":"ListItem","@id":"https:\/\/candas365.es\/noticias\/category\/noticias-carreno\/#listItem","position":2,"name":"Noticias Carre\u00f1o","item":"https:\/\/candas365.es\/noticias\/category\/noticias-carreno\/","nextItem":{"@type":"ListItem","@id":"https:\/\/candas365.es\/noticias\/candas-salta-durante-la-semana-santa-2026\/#listItem","name":"Cand\u00e1s salta durante la Semana Santa 2026"},"previousItem":{"@type":"ListItem","@id":"https:\/\/candas365.es\/noticias#listItem","name":"Home"}},{"@type":"ListItem","@id":"https:\/\/candas365.es\/noticias\/candas-salta-durante-la-semana-santa-2026\/#listItem","position":3,"name":"Cand\u00e1s salta durante la Semana Santa 2026","previousItem":{"@type":"ListItem","@id":"https:\/\/candas365.es\/noticias\/category\/noticias-carreno\/#listItem","name":"Noticias Carre\u00f1o"}}]},{"@type":"NewsArticle","@id":"https:\/\/candas365.es\/noticias\/candas-salta-durante-la-semana-santa-2026\/#newsarticle","name":"Cand\u00e1s salta durante la Semana Santa 2026 | Cand\u00e1s 365","headline":"Cand\u00e1s salta durante la Semana Santa 2026","author":{"@id":"https:\/\/candas365.es\/noticias\/author\/nacho-bermudez\/#author"},"publisher":{"@id":"https:\/\/candas365.es\/noticias\/#organization"},"image":{"@type":"ImageObject","url":"https:\/\/candas365.es\/noticias\/wp-content\/uploads\/2026\/04\/Candas-salta-durante-la-Semana-Santa-2026.jpg","width":1111,"height":824,"caption":"Foto: Cand\u00e1s 365"},"datePublished":"2026-04-02T04:56:36+02:00","dateModified":"2026-04-08T13:13:22+02:00","inLanguage":"es-ES","mainEntityOfPage":{"@id":"https:\/\/candas365.es\/noticias\/candas-salta-durante-la-semana-santa-2026\/#webpage"},"isPartOf":{"@id":"https:\/\/candas365.es\/noticias\/candas-salta-durante-la-semana-santa-2026\/#webpage"},"articleSection":"Noticias Carre\u00f1o, Cand\u00e1s","dateline":"Publicado el abril 2, 2026."},{"@type":"Organization","@id":"https:\/\/candas365.es\/noticias\/#organization","name":"Cand\u00e1s 365","description":"Cand\u00e1s 365 es un diario digital independiente, fundado en 2012, con base en Asturias. Informamos con rigor sobre actualidad, sociedad, cultura y ocio, con una mirada local y global.","url":"https:\/\/candas365.es\/noticias\/","email":"info@candas365.es","telephone":"+34652131393","foundingDate":"2012-06-10","logo":{"@type":"ImageObject","url":"https:\/\/candas365.es\/noticias\/wp-content\/uploads\/2024\/09\/Candas-365-Redes.jpg","@id":"https:\/\/candas365.es\/noticias\/candas-salta-durante-la-semana-santa-2026\/#organizationLogo","width":1152,"height":864,"caption":"Cand\u00e1s 365 Redes"},"image":{"@id":"https:\/\/candas365.es\/noticias\/candas-salta-durante-la-semana-santa-2026\/#organizationLogo"},"sameAs":["https:\/\/www.facebook.com\/Nachofdezber","https:\/\/x.com\/NabercoDigital","https:\/\/www.instagram.com\/nachofdezber\/","https:\/\/www.youtube.com\/channel\/UCZP-2wLEB9Rv6erhFmqVnvg"],"address":{"@id":"https:\/\/candas365.es\/noticias\/#postaladdress","@type":"PostalAddress","streetAddress":"san antonio 4, san antonio 4","postalCode":"33430","addressLocality":"Cand\u00e1s","addressRegion":"Asturias","addressCountry":"ES"}},{"@type":"Person","@id":"https:\/\/candas365.es\/noticias\/author\/nacho-bermudez\/#author","url":"https:\/\/candas365.es\/noticias\/author\/nacho-bermudez\/","name":"Nacho Berm\u00fadez","image":{"@type":"ImageObject","@id":"https:\/\/candas365.es\/noticias\/candas-salta-durante-la-semana-santa-2026\/#authorImage","url":"https:\/\/candas365.es\/noticias\/wp-content\/uploads\/2026\/04\/Nacho-Bermudez-96x96.jpg","width":96,"height":96,"caption":"Nacho Berm\u00fadez"}},{"@type":"WebPage","@id":"https:\/\/candas365.es\/noticias\/candas-salta-durante-la-semana-santa-2026\/#webpage","url":"https:\/\/candas365.es\/noticias\/candas-salta-durante-la-semana-santa-2026\/","name":"Cand\u00e1s salta durante la Semana Santa 2026 | Cand\u00e1s 365","description":"La Semana Santa 2026 llega a Cand\u00e1s con planes para todos. Tambi\u00e9n para los m\u00e1s peque\u00f1os de la casa. En el parque de Les Conserveres, una atracci\u00f3n","inLanguage":"es-ES","isPartOf":{"@id":"https:\/\/candas365.es\/noticias\/#website"},"breadcrumb":{"@id":"https:\/\/candas365.es\/noticias\/candas-salta-durante-la-semana-santa-2026\/#breadcrumblist"},"author":{"@id":"https:\/\/candas365.es\/noticias\/author\/nacho-bermudez\/#author"},"creator":{"@id":"https:\/\/candas365.es\/noticias\/author\/nacho-bermudez\/#author"},"image":{"@type":"ImageObject","url":"https:\/\/candas365.es\/noticias\/wp-content\/uploads\/2026\/04\/Candas-salta-durante-la-Semana-Santa-2026.jpg","@id":"https:\/\/candas365.es\/noticias\/candas-salta-durante-la-semana-santa-2026\/#mainImage","width":1111,"height":824,"caption":"Foto: Cand\u00e1s 365"},"primaryImageOfPage":{"@id":"https:\/\/candas365.es\/noticias\/candas-salta-durante-la-semana-santa-2026\/#mainImage"},"datePublished":"2026-04-02T04:56:36+02:00","dateModified":"2026-04-08T13:13:22+02:00"},{"@type":"WebSite","@id":"https:\/\/candas365.es\/noticias\/#website","url":"https:\/\/candas365.es\/noticias\/","name":"Cand\u00e1s 365","alternateName":"Cand\u00e1s 365 Noticias","description":"Actualidad desde Carre\u00f1o para el mundo","inLanguage":"es-ES","publisher":{"@id":"https:\/\/candas365.es\/noticias\/#organization"}}]},"og:locale":"es_ES","og:site_name":"Cand\u00e1s 365","og:type":"article","og:title":"Cand\u00e1s salta durante la Semana Santa 2026 | Cand\u00e1s 365","og:description":"La Semana Santa 2026 llega a Cand\u00e1s con planes para todos. Tambi\u00e9n para los m\u00e1s peque\u00f1os de la casa. En el parque de Les Conserveres, una atracci\u00f3n","og:url":"https:\/\/candas365.es\/noticias\/candas-salta-durante-la-semana-santa-2026\/","og:image":"https:\/\/candas365.es\/noticias\/wp-content\/uploads\/2026\/04\/Candas-salta-durante-la-Semana-Santa-2026.jpg","og:image:secure_url":"https:\/\/candas365.es\/noticias\/wp-content\/uploads\/2026\/04\/Candas-salta-durante-la-Semana-Santa-2026.jpg","og:image:width":1111,"og:image:height":824,"article:published_time":"2026-04-02T02:56:36+00:00","article:modified_time":"2026-04-08T11:13:22+00:00","article:publisher":"https:\/\/www.facebook.com\/Nachofdezber","twitter:card":"summary_large_image","twitter:site":"@NabercoDigital","twitter:title":"Cand\u00e1s salta durante la Semana Santa 2026 | Cand\u00e1s 365","twitter:description":"La Semana Santa 2026 llega a Cand\u00e1s con planes para todos. Tambi\u00e9n para los m\u00e1s peque\u00f1os de la casa. En el parque de Les Conserveres, una atracci\u00f3n","twitter:creator":"@NabercoDigital","twitter:image":"https:\/\/candas365.es\/noticias\/wp-content\/uploads\/2026\/04\/Candas-salta-durante-la-Semana-Santa-2026.jpg","twitter:label1":"Escrito por","twitter:data1":"Nacho Berm\u00fadez","twitter:label2":"Tiempo de lectura estimado","twitter:data2":"1 minuto"},"aioseo_meta_data":{"post_id":"193549","title":"#post_title | #site_title","description":"La Semana Santa 2026 llega a Cand\u00e1s con planes para todos. Tambi\u00e9n para los m\u00e1s peque\u00f1os de la casa. En el parque de Les Conserveres, una atracci\u00f3n","keywords":null,"keyphrases":{"focus":{"keyphrase":"Cand\u00e1s","score":100,"analysis":{"keyphraseInTitle":{"score":9,"maxScore":9,"error":0},"keyphraseInDescription":{"score":9,"maxScore":9,"error":0},"keyphraseLength":{"score":9,"maxScore":9,"error":0,"length":2},"keyphraseInURL":{"score":5,"maxScore":5,"error":0},"keyphraseInIntroduction":{"score":9,"maxScore":9,"error":0},"keyphraseInSubHeadings":{"score":9,"maxScore":9,"error":0},"keyphraseInImageAlt":{"score":9,"maxScore":9,"error":0},"keywordDensity":{"type":"best","score":9,"maxScore":9,"error":0}}},"additional":[{"keyphrase":"Semana Santa","score":100,"analysis":{"keyphraseInDescription":{"score":9,"maxScore":9,"error":0},"keyphraseLength":{"score":9,"maxScore":9,"error":0,"length":2},"keyphraseInIntroduction":{"score":9,"maxScore":9,"error":0},"keyphraseInImageAlt":{"score":9,"maxScore":9,"error":0},"keywordDensity":{"type":"best","score":9,"maxScore":9,"error":0}}}]},"primary_term":null,"canonical_url":null,"og_title":null,"og_description":null,"og_object_type":"default","og_image_type":"default","og_image_url":null,"og_image_width":null,"og_image_height":null,"og_image_custom_url":null,"og_image_custom_fields":null,"og_video":"","og_custom_url":null,"og_article_section":null,"og_article_tags":null,"twitter_use_og":false,"twitter_card":"default","twitter_image_type":"default","twitter_image_url":null,"twitter_image_custom_url":null,"twitter_image_custom_fields":null,"twitter_title":null,"twitter_description":null,"schema":{"blockGraphs":[],"customGraphs":[],"default":{"data":{"Article":[],"Course":[],"Dataset":[],"FAQPage":[],"Movie":[],"Person":[],"Product":[],"ProductReview":[],"Car":[],"Recipe":[],"Service":[],"SoftwareApplication":[],"WebPage":[]},"graphName":"NewsArticle","isEnabled":true},"graphs":[]},"schema_type":"default","schema_type_options":null,"pillar_content":false,"robots_default":true,"robots_noindex":false,"robots_noarchive":false,"robots_nosnippet":false,"robots_nofollow":false,"robots_noimageindex":false,"robots_noodp":false,"robots_notranslate":false,"robots_max_snippet":"-1","robots_max_videopreview":"-1","robots_max_imagepreview":"large","priority":null,"frequency":"default","location":null,"local_seo":null,"seo_analyzer_scan_date":"2026-04-08 11:44:53","breadcrumb_settings":null,"limit_modified_date":false,"reviewed_by":null,"open_ai":null,"ai":{"faqs":[],"keyPoints":[],"titles":[],"descriptions":[],"socialPosts":{"email":[],"linkedin":[],"twitter":[],"facebook":[],"instagram":[]}},"created":"2026-04-02 02:47:27","updated":"2026-04-08 11:49:13"},"aioseo_breadcrumb":"<div class=\"aioseo-breadcrumbs\"><span class=\"aioseo-breadcrumb\">\n\t<a href=\"https:\/\/candas365.es\/noticias\" title=\"Home\">Home<\/a>\n<\/span><span class=\"aioseo-breadcrumb-separator\">&ndash;<\/span><span class=\"aioseo-breadcrumb\">\n\t<a href=\"https:\/\/candas365.es\/noticias\/category\/noticias-carreno\/\" title=\"Noticias Carre\u00f1o\">Noticias Carre\u00f1o<\/a>\n<\/span><span class=\"aioseo-breadcrumb-separator\">&ndash;<\/span><span class=\"aioseo-breadcrumb\">\n\tCand\u00e1s salta durante la Semana Santa 2026\n<\/span><\/div>","aioseo_breadcrumb_json":[{"label":"Home","link":"https:\/\/candas365.es\/noticias"},{"label":"Noticias Carre\u00f1o","link":"https:\/\/candas365.es\/noticias\/category\/noticias-carreno\/"},{"label":"Cand\u00e1s salta durante la Semana Santa 2026","link":"https:\/\/candas365.es\/noticias\/candas-salta-durante-la-semana-santa-2026\/"}],"_links":{"self":[{"href":"https:\/\/candas365.es\/noticias\/wp-json\/wp\/v2\/posts\/193549","targetHints":{"allow":["GET"]}}],"collection":[{"href":"https:\/\/candas365.es\/noticias\/wp-json\/wp\/v2\/posts"}],"about":[{"href":"https:\/\/candas365.es\/noticias\/wp-json\/wp\/v2\/types\/post"}],"author":[{"embeddable":true,"href":"https:\/\/candas365.es\/noticias\/wp-json\/wp\/v2\/users\/5"}],"replies":[{"embeddable":true,"href":"https:\/\/candas365.es\/noticias\/wp-json\/wp\/v2\/comments?post=193549"}],"version-history":[{"count":0,"href":"https:\/\/candas365.es\/noticias\/wp-json\/wp\/v2\/posts\/193549\/revisions"}],"wp:featuredmedia":[{"embeddable":true,"href":"https:\/\/candas365.es\/noticias\/wp-json\/wp\/v2\/media\/193550"}],"wp:attachment":[{"href":"https:\/\/candas365.es\/noticias\/wp-json\/wp\/v2\/media?parent=193549"}],"wp:term":[{"taxonomy":"category","embeddable":true,"href":"https:\/\/candas365.es\/noticias\/wp-json\/wp\/v2\/categories?post=193549"},{"taxonomy":"post_tag","embeddable":true,"href":"https:\/\/candas365.es\/noticias\/wp-json\/wp\/v2\/tags?post=193549"}],"curies":[{"name":"wp","href":"https:\/\/api.w.org\/{rel}","templated":true}]}}