{"id":193537,"date":"2026-04-02T02:28:38","date_gmt":"2026-04-02T00:28:38","guid":{"rendered":"https:\/\/candas365.es\/noticias\/?p=193537"},"modified":"2026-04-02T12:19:21","modified_gmt":"2026-04-02T10:19:21","slug":"fin-de-pizza-y-primavera-party-2026-en-candas","status":"publish","type":"post","link":"https:\/\/candas365.es\/noticias\/fin-de-pizza-y-primavera-party-2026-en-candas\/","title":{"rendered":"Fin de Pizza y Primavera Party 2026 en Cand\u00e1s"},"content":{"rendered":"<p>La Semana Santa 2026 tendr\u00e1 <span style=\"color: #ff6600;\"><a style=\"color: #ff6600;\" href=\"https:\/\/candas365.es\/noticias\/category\/revista\/\" target=\"_blank\" rel=\"noopener\"><strong>sabor y buena m\u00fasica en Cand\u00e1s<\/strong><\/a><\/span>. Una de las propuestas de ocio que ofrecer\u00e1 la villa marinera durante el fin de semana ser\u00e1 la Primavera Party, en <span style=\"color: #ff6600;\"><strong>El Canalla de Queipo<\/strong><\/span>, local que lleva ya varios a\u00f1os siendo tendencia en las noches de Carre\u00f1o.<\/p>\n<figure id=\"attachment_193538\" aria-describedby=\"caption-attachment-193538\" style=\"width: 650px\" class=\"wp-caption aligncenter\"><img fetchpriority=\"high\" decoding=\"async\" class=\"size-large wp-image-193538\" src=\"https:\/\/candas365.es\/noticias\/wp-content\/uploads\/2026\/04\/Fin-de-Pizza-y-Primavera-Party-2026-en-Candas-650x426.jpg\" alt=\"Fin de Pizza y Primavera Party 2026 en Cand\u00e1s\" width=\"650\" height=\"426\" srcset=\"https:\/\/candas365.es\/noticias\/wp-content\/uploads\/2026\/04\/Fin-de-Pizza-y-Primavera-Party-2026-en-Candas-650x426.jpg 650w, https:\/\/candas365.es\/noticias\/wp-content\/uploads\/2026\/04\/Fin-de-Pizza-y-Primavera-Party-2026-en-Candas-360x236.jpg 360w, https:\/\/candas365.es\/noticias\/wp-content\/uploads\/2026\/04\/Fin-de-Pizza-y-Primavera-Party-2026-en-Candas-768x503.jpg 768w, https:\/\/candas365.es\/noticias\/wp-content\/uploads\/2026\/04\/Fin-de-Pizza-y-Primavera-Party-2026-en-Candas-150x98.jpg 150w, https:\/\/candas365.es\/noticias\/wp-content\/uploads\/2026\/04\/Fin-de-Pizza-y-Primavera-Party-2026-en-Candas-450x295.jpg 450w, https:\/\/candas365.es\/noticias\/wp-content\/uploads\/2026\/04\/Fin-de-Pizza-y-Primavera-Party-2026-en-Candas-1200x786.jpg 1200w, https:\/\/candas365.es\/noticias\/wp-content\/uploads\/2026\/04\/Fin-de-Pizza-y-Primavera-Party-2026-en-Candas.jpg 1258w\" sizes=\"(max-width: 650px) 100vw, 650px\" \/><figcaption id=\"caption-attachment-193538\" class=\"wp-caption-text\">Foto: 123rf.com<\/figcaption><\/figure>\n<p>La previa a la fiesta musical ser\u00e1 el viernes y s\u00e1bado con \u201cFinde de Pizza\u201d, entre las 21:00 y las 23:00 horas, o hasta fin de existencias. \u00bfQu\u00e9 llevar\u00e1n las pizzas? Por un lado, \u201cLa Cholina\u201d, con gambas al ajillo, mejillones y pimientos. El resto de propuestas ser\u00e1n \u201cLa Do\u00f1a\u201d, \u201cLucane\u201d y \u201cCanalla\u201d. Toda la informaci\u00f3n y precios est\u00e1n disponibles en las redes sociales del local, que se pueden ver <a href=\"https:\/\/www.instagram.com\/elcanalla_dequeipo\/\" target=\"_blank\" rel=\"noopener\"><span style=\"color: #ff6600;\"><strong>pulsando aqu\u00ed<\/strong><\/span><\/a>.<\/p>\n<h1>Primavera Party con DJ Guille Laiz<\/h1>\n<p><strong>Un fin de semana sin buena m\u00fasica no es una opci\u00f3n en Cand\u00e1s<\/strong>, y mucho menos en El Canalla. Tanto para residentes como para visitantes, los ritmos latinos, afro, urban y house ser\u00e1n los que mover\u00e1n la noche del s\u00e1bado 4 de abril con <span style=\"color: #ff6600;\"><strong><a style=\"color: #ff6600;\" title=\"DJ Guille Laiz\" href=\"https:\/\/www.facebook.com\/profile.php?id=100000097166755\" target=\"_blank\" rel=\"noopener\">DJ Guille Laiz<\/a><\/strong><\/span><\/p>\n<p>Ocio y sabor en la calle Vald\u00e9s Pumarino durante la Semana Santa 2026.<\/p>\n","protected":false},"excerpt":{"rendered":"<p>La Semana Santa 2026 tendr\u00e1 sabor y buena m\u00fasica en Cand\u00e1s. Una de las propuestas de ocio que ofrecer\u00e1 la villa marinera durante el fin de semana ser\u00e1 la Primavera Party, en El Canalla de Queipo, local que lleva ya varios a\u00f1os siendo tendencia en las noches de Carre\u00f1o. La previa a la fiesta musical<\/p>\n","protected":false},"author":1,"featured_media":193538,"comment_status":"closed","ping_status":"closed","sticky":false,"template":"","format":"standard","meta":{"footnotes":""},"categories":[142],"tags":[465],"class_list":{"0":"post-193537","1":"post","2":"type-post","3":"status-publish","4":"format-standard","5":"has-post-thumbnail","7":"category-revista","8":"tag-ocio"},"aioseo_notices":[],"aioseo_head":"\n\t\t<!-- All in One SEO Pro 4.9.6.2 - aioseo.com -->\n\t<meta name=\"description\" content=\"La Semana Santa 2026 tendr\u00e1 sabor y buena m\u00fasica en Cand\u00e1s. Una de las propuestas de ocio que ofrecer\u00e1 la villa marinera durante el fin de semana ser\u00e1 la\" \/>\n\t<meta name=\"robots\" content=\"max-image-preview:large\" \/>\n\t<meta name=\"author\" content=\"Cand\u00e1s 365\"\/>\n\t<meta name=\"google-site-verification\" content=\"UA-32230408-1\" \/>\n\t<meta name=\"msvalidate.01\" content=\"354F3CDFB2DA171B47FBE9ABF1F88D5\" \/>\n\t<meta name=\"keywords\" content=\"revista\" \/>\n\t<link rel=\"canonical\" href=\"https:\/\/candas365.es\/noticias\/fin-de-pizza-y-primavera-party-2026-en-candas\/\" \/>\n\t<meta name=\"generator\" content=\"All in One SEO Pro (AIOSEO) 4.9.6.2\" \/>\n\t\t<meta property=\"og:locale\" content=\"es_ES\" \/>\n\t\t<meta property=\"og:site_name\" content=\"Cand\u00e1s 365\" \/>\n\t\t<meta property=\"og:type\" content=\"article\" \/>\n\t\t<meta property=\"og:title\" content=\"Fin de Pizza y Primavera Party 2026 en Cand\u00e1s | Cand\u00e1s 365\" \/>\n\t\t<meta property=\"og:description\" content=\"La Semana Santa 2026 tendr\u00e1 sabor y buena m\u00fasica en Cand\u00e1s. Una de las propuestas de ocio que ofrecer\u00e1 la villa marinera durante el fin de semana ser\u00e1 la\" \/>\n\t\t<meta property=\"og:url\" content=\"https:\/\/candas365.es\/noticias\/fin-de-pizza-y-primavera-party-2026-en-candas\/\" \/>\n\t\t<meta property=\"og:image\" content=\"https:\/\/candas365.es\/noticias\/wp-content\/uploads\/2026\/04\/Fin-de-Pizza-y-Primavera-Party-2026-en-Candas.jpg\" \/>\n\t\t<meta property=\"og:image:secure_url\" content=\"https:\/\/candas365.es\/noticias\/wp-content\/uploads\/2026\/04\/Fin-de-Pizza-y-Primavera-Party-2026-en-Candas.jpg\" \/>\n\t\t<meta property=\"og:image:width\" content=\"1258\" \/>\n\t\t<meta property=\"og:image:height\" content=\"824\" \/>\n\t\t<meta property=\"article:published_time\" content=\"2026-04-02T00:28:38+00:00\" \/>\n\t\t<meta property=\"article:modified_time\" content=\"2026-04-02T10:19:21+00:00\" \/>\n\t\t<meta property=\"article:publisher\" content=\"https:\/\/www.facebook.com\/Nachofdezber\" \/>\n\t\t<meta property=\"article:author\" content=\"https:\/\/www.facebook.com\/carrenoactualidad\" \/>\n\t\t<meta name=\"twitter:card\" content=\"summary_large_image\" \/>\n\t\t<meta name=\"twitter:site\" content=\"@NabercoDigital\" \/>\n\t\t<meta name=\"twitter:title\" content=\"Fin de Pizza y Primavera Party 2026 en Cand\u00e1s | Cand\u00e1s 365\" \/>\n\t\t<meta name=\"twitter:description\" content=\"La Semana Santa 2026 tendr\u00e1 sabor y buena m\u00fasica en Cand\u00e1s. Una de las propuestas de ocio que ofrecer\u00e1 la villa marinera durante el fin de semana ser\u00e1 la\" \/>\n\t\t<meta name=\"twitter:creator\" content=\"@nbasturias\" \/>\n\t\t<meta name=\"twitter:image\" content=\"https:\/\/candas365.es\/noticias\/wp-content\/uploads\/2026\/04\/Fin-de-Pizza-y-Primavera-Party-2026-en-Candas.jpg\" \/>\n\t\t<meta name=\"twitter:label1\" content=\"Escrito por\" \/>\n\t\t<meta name=\"twitter:data1\" content=\"Cand\u00e1s 365\" \/>\n\t\t<meta name=\"twitter:label2\" content=\"Tiempo de lectura estimado\" \/>\n\t\t<meta name=\"twitter:data2\" content=\"1 minuto\" \/>\n\t\t<script type=\"application\/ld+json\" class=\"aioseo-schema\">\n\t\t\t{\"@context\":\"https:\\\/\\\/schema.org\",\"@graph\":[{\"@type\":\"BreadcrumbList\",\"@id\":\"https:\\\/\\\/candas365.es\\\/noticias\\\/fin-de-pizza-y-primavera-party-2026-en-candas\\\/#breadcrumblist\",\"itemListElement\":[{\"@type\":\"ListItem\",\"@id\":\"https:\\\/\\\/candas365.es\\\/noticias#listItem\",\"position\":1,\"name\":\"Home\",\"item\":\"https:\\\/\\\/candas365.es\\\/noticias\",\"nextItem\":{\"@type\":\"ListItem\",\"@id\":\"https:\\\/\\\/candas365.es\\\/noticias\\\/category\\\/revista\\\/#listItem\",\"name\":\"Revista\"}},{\"@type\":\"ListItem\",\"@id\":\"https:\\\/\\\/candas365.es\\\/noticias\\\/category\\\/revista\\\/#listItem\",\"position\":2,\"name\":\"Revista\",\"item\":\"https:\\\/\\\/candas365.es\\\/noticias\\\/category\\\/revista\\\/\",\"nextItem\":{\"@type\":\"ListItem\",\"@id\":\"https:\\\/\\\/candas365.es\\\/noticias\\\/fin-de-pizza-y-primavera-party-2026-en-candas\\\/#listItem\",\"name\":\"Fin de Pizza y Primavera Party 2026 en Cand\\u00e1s\"},\"previousItem\":{\"@type\":\"ListItem\",\"@id\":\"https:\\\/\\\/candas365.es\\\/noticias#listItem\",\"name\":\"Home\"}},{\"@type\":\"ListItem\",\"@id\":\"https:\\\/\\\/candas365.es\\\/noticias\\\/fin-de-pizza-y-primavera-party-2026-en-candas\\\/#listItem\",\"position\":3,\"name\":\"Fin de Pizza y Primavera Party 2026 en Cand\\u00e1s\",\"previousItem\":{\"@type\":\"ListItem\",\"@id\":\"https:\\\/\\\/candas365.es\\\/noticias\\\/category\\\/revista\\\/#listItem\",\"name\":\"Revista\"}}]},{\"@type\":\"NewsArticle\",\"@id\":\"https:\\\/\\\/candas365.es\\\/noticias\\\/fin-de-pizza-y-primavera-party-2026-en-candas\\\/#newsarticle\",\"name\":\"Fin de Pizza y Primavera Party 2026 en Cand\\u00e1s | Cand\\u00e1s 365\",\"headline\":\"Fin de Pizza y Primavera Party 2026 en Cand\\u00e1s\",\"author\":{\"@id\":\"https:\\\/\\\/candas365.es\\\/noticias\\\/author\\\/admin\\\/#author\"},\"publisher\":{\"@id\":\"https:\\\/\\\/candas365.es\\\/noticias\\\/#organization\"},\"image\":{\"@type\":\"ImageObject\",\"url\":\"https:\\\/\\\/candas365.es\\\/noticias\\\/wp-content\\\/uploads\\\/2026\\\/04\\\/Fin-de-Pizza-y-Primavera-Party-2026-en-Candas.jpg\",\"width\":1258,\"height\":824,\"caption\":\"Foto: 123rf.com\"},\"datePublished\":\"2026-04-02T02:28:38+02:00\",\"dateModified\":\"2026-04-02T12:19:21+02:00\",\"inLanguage\":\"es-ES\",\"mainEntityOfPage\":{\"@id\":\"https:\\\/\\\/candas365.es\\\/noticias\\\/fin-de-pizza-y-primavera-party-2026-en-candas\\\/#webpage\"},\"isPartOf\":{\"@id\":\"https:\\\/\\\/candas365.es\\\/noticias\\\/fin-de-pizza-y-primavera-party-2026-en-candas\\\/#webpage\"},\"articleSection\":\"Revista, Ocio\",\"dateline\":\"Publicado el abril 2, 2026.\"},{\"@type\":\"Organization\",\"@id\":\"https:\\\/\\\/candas365.es\\\/noticias\\\/#organization\",\"name\":\"Cand\\u00e1s 365\",\"description\":\"Cand\\u00e1s 365 es un diario digital independiente, fundado en 2012, con base en Asturias. Informamos con rigor sobre actualidad, sociedad, cultura y ocio, con una mirada local y global.\",\"url\":\"https:\\\/\\\/candas365.es\\\/noticias\\\/\",\"email\":\"info@candas365.es\",\"telephone\":\"+34652131393\",\"foundingDate\":\"2012-06-10\",\"logo\":{\"@type\":\"ImageObject\",\"url\":\"https:\\\/\\\/candas365.es\\\/noticias\\\/wp-content\\\/uploads\\\/2024\\\/09\\\/Candas-365-Redes.jpg\",\"@id\":\"https:\\\/\\\/candas365.es\\\/noticias\\\/fin-de-pizza-y-primavera-party-2026-en-candas\\\/#organizationLogo\",\"width\":1152,\"height\":864,\"caption\":\"Cand\\u00e1s 365 Redes\"},\"image\":{\"@id\":\"https:\\\/\\\/candas365.es\\\/noticias\\\/fin-de-pizza-y-primavera-party-2026-en-candas\\\/#organizationLogo\"},\"sameAs\":[\"https:\\\/\\\/www.facebook.com\\\/Nachofdezber\",\"https:\\\/\\\/x.com\\\/NabercoDigital\",\"https:\\\/\\\/www.instagram.com\\\/nachofdezber\\\/\",\"https:\\\/\\\/www.youtube.com\\\/channel\\\/UCZP-2wLEB9Rv6erhFmqVnvg\"],\"address\":{\"@id\":\"https:\\\/\\\/candas365.es\\\/noticias\\\/#postaladdress\",\"@type\":\"PostalAddress\",\"streetAddress\":\"san antonio 4, san antonio 4\",\"postalCode\":\"33430\",\"addressLocality\":\"Cand\\u00e1s\",\"addressRegion\":\"Asturias\",\"addressCountry\":\"ES\"}},{\"@type\":\"Person\",\"@id\":\"https:\\\/\\\/candas365.es\\\/noticias\\\/author\\\/admin\\\/#author\",\"url\":\"https:\\\/\\\/candas365.es\\\/noticias\\\/author\\\/admin\\\/\",\"name\":\"Cand\\u00e1s 365\",\"image\":{\"@type\":\"ImageObject\",\"@id\":\"https:\\\/\\\/candas365.es\\\/noticias\\\/fin-de-pizza-y-primavera-party-2026-en-candas\\\/#authorImage\",\"url\":\"https:\\\/\\\/secure.gravatar.com\\\/avatar\\\/496a8e03d0c493ede1718b7934145dbdf8d89be1036b0eec9544e1094c9de390?s=96&d=mm&r=g\",\"width\":96,\"height\":96,\"caption\":\"Cand\\u00e1s 365\"},\"sameAs\":[\"https:\\\/\\\/www.facebook.com\\\/carrenoactualidad\",\"https:\\\/\\\/twitter.com\\\/nbasturias\",\"https:\\\/\\\/www.instagram.com\\\/nachofdezber\\\/\",\"https:\\\/\\\/www.youtube.com\\\/channel\\\/UCZP-2wLEB9Rv6erhFmqVnvg\"]},{\"@type\":\"WebPage\",\"@id\":\"https:\\\/\\\/candas365.es\\\/noticias\\\/fin-de-pizza-y-primavera-party-2026-en-candas\\\/#webpage\",\"url\":\"https:\\\/\\\/candas365.es\\\/noticias\\\/fin-de-pizza-y-primavera-party-2026-en-candas\\\/\",\"name\":\"Fin de Pizza y Primavera Party 2026 en Cand\\u00e1s | Cand\\u00e1s 365\",\"description\":\"La Semana Santa 2026 tendr\\u00e1 sabor y buena m\\u00fasica en Cand\\u00e1s. Una de las propuestas de ocio que ofrecer\\u00e1 la villa marinera durante el fin de semana ser\\u00e1 la\",\"inLanguage\":\"es-ES\",\"isPartOf\":{\"@id\":\"https:\\\/\\\/candas365.es\\\/noticias\\\/#website\"},\"breadcrumb\":{\"@id\":\"https:\\\/\\\/candas365.es\\\/noticias\\\/fin-de-pizza-y-primavera-party-2026-en-candas\\\/#breadcrumblist\"},\"author\":{\"@id\":\"https:\\\/\\\/candas365.es\\\/noticias\\\/author\\\/admin\\\/#author\"},\"creator\":{\"@id\":\"https:\\\/\\\/candas365.es\\\/noticias\\\/author\\\/admin\\\/#author\"},\"image\":{\"@type\":\"ImageObject\",\"url\":\"https:\\\/\\\/candas365.es\\\/noticias\\\/wp-content\\\/uploads\\\/2026\\\/04\\\/Fin-de-Pizza-y-Primavera-Party-2026-en-Candas.jpg\",\"@id\":\"https:\\\/\\\/candas365.es\\\/noticias\\\/fin-de-pizza-y-primavera-party-2026-en-candas\\\/#mainImage\",\"width\":1258,\"height\":824,\"caption\":\"Foto: 123rf.com\"},\"primaryImageOfPage\":{\"@id\":\"https:\\\/\\\/candas365.es\\\/noticias\\\/fin-de-pizza-y-primavera-party-2026-en-candas\\\/#mainImage\"},\"datePublished\":\"2026-04-02T02:28:38+02:00\",\"dateModified\":\"2026-04-02T12:19:21+02:00\"},{\"@type\":\"WebSite\",\"@id\":\"https:\\\/\\\/candas365.es\\\/noticias\\\/#website\",\"url\":\"https:\\\/\\\/candas365.es\\\/noticias\\\/\",\"name\":\"Cand\\u00e1s 365\",\"alternateName\":\"Cand\\u00e1s 365 Noticias\",\"description\":\"Actualidad desde Carre\\u00f1o para el mundo\",\"inLanguage\":\"es-ES\",\"publisher\":{\"@id\":\"https:\\\/\\\/candas365.es\\\/noticias\\\/#organization\"}}]}\n\t\t<\/script>\n\t\t<!-- All in One SEO Pro -->\r\n\t\t<title>Fin de Pizza y Primavera Party 2026 en Cand\u00e1s | Cand\u00e1s 365<\/title>\n\n","aioseo_head_json":{"title":"Fin de Pizza y Primavera Party 2026 en Cand\u00e1s | Cand\u00e1s 365","description":"La Semana Santa 2026 tendr\u00e1 sabor y buena m\u00fasica en Cand\u00e1s. Una de las propuestas de ocio que ofrecer\u00e1 la villa marinera durante el fin de semana ser\u00e1 la","canonical_url":"https:\/\/candas365.es\/noticias\/fin-de-pizza-y-primavera-party-2026-en-candas\/","robots":"max-image-preview:large","keywords":"revista","webmasterTools":{"google-site-verification":"UA-32230408-1","msvalidate.01":"354F3CDFB2DA171B47FBE9ABF1F88D5","miscellaneous":""},"schema":{"@context":"https:\/\/schema.org","@graph":[{"@type":"BreadcrumbList","@id":"https:\/\/candas365.es\/noticias\/fin-de-pizza-y-primavera-party-2026-en-candas\/#breadcrumblist","itemListElement":[{"@type":"ListItem","@id":"https:\/\/candas365.es\/noticias#listItem","position":1,"name":"Home","item":"https:\/\/candas365.es\/noticias","nextItem":{"@type":"ListItem","@id":"https:\/\/candas365.es\/noticias\/category\/revista\/#listItem","name":"Revista"}},{"@type":"ListItem","@id":"https:\/\/candas365.es\/noticias\/category\/revista\/#listItem","position":2,"name":"Revista","item":"https:\/\/candas365.es\/noticias\/category\/revista\/","nextItem":{"@type":"ListItem","@id":"https:\/\/candas365.es\/noticias\/fin-de-pizza-y-primavera-party-2026-en-candas\/#listItem","name":"Fin de Pizza y Primavera Party 2026 en Cand\u00e1s"},"previousItem":{"@type":"ListItem","@id":"https:\/\/candas365.es\/noticias#listItem","name":"Home"}},{"@type":"ListItem","@id":"https:\/\/candas365.es\/noticias\/fin-de-pizza-y-primavera-party-2026-en-candas\/#listItem","position":3,"name":"Fin de Pizza y Primavera Party 2026 en Cand\u00e1s","previousItem":{"@type":"ListItem","@id":"https:\/\/candas365.es\/noticias\/category\/revista\/#listItem","name":"Revista"}}]},{"@type":"NewsArticle","@id":"https:\/\/candas365.es\/noticias\/fin-de-pizza-y-primavera-party-2026-en-candas\/#newsarticle","name":"Fin de Pizza y Primavera Party 2026 en Cand\u00e1s | Cand\u00e1s 365","headline":"Fin de Pizza y Primavera Party 2026 en Cand\u00e1s","author":{"@id":"https:\/\/candas365.es\/noticias\/author\/admin\/#author"},"publisher":{"@id":"https:\/\/candas365.es\/noticias\/#organization"},"image":{"@type":"ImageObject","url":"https:\/\/candas365.es\/noticias\/wp-content\/uploads\/2026\/04\/Fin-de-Pizza-y-Primavera-Party-2026-en-Candas.jpg","width":1258,"height":824,"caption":"Foto: 123rf.com"},"datePublished":"2026-04-02T02:28:38+02:00","dateModified":"2026-04-02T12:19:21+02:00","inLanguage":"es-ES","mainEntityOfPage":{"@id":"https:\/\/candas365.es\/noticias\/fin-de-pizza-y-primavera-party-2026-en-candas\/#webpage"},"isPartOf":{"@id":"https:\/\/candas365.es\/noticias\/fin-de-pizza-y-primavera-party-2026-en-candas\/#webpage"},"articleSection":"Revista, Ocio","dateline":"Publicado el abril 2, 2026."},{"@type":"Organization","@id":"https:\/\/candas365.es\/noticias\/#organization","name":"Cand\u00e1s 365","description":"Cand\u00e1s 365 es un diario digital independiente, fundado en 2012, con base en Asturias. Informamos con rigor sobre actualidad, sociedad, cultura y ocio, con una mirada local y global.","url":"https:\/\/candas365.es\/noticias\/","email":"info@candas365.es","telephone":"+34652131393","foundingDate":"2012-06-10","logo":{"@type":"ImageObject","url":"https:\/\/candas365.es\/noticias\/wp-content\/uploads\/2024\/09\/Candas-365-Redes.jpg","@id":"https:\/\/candas365.es\/noticias\/fin-de-pizza-y-primavera-party-2026-en-candas\/#organizationLogo","width":1152,"height":864,"caption":"Cand\u00e1s 365 Redes"},"image":{"@id":"https:\/\/candas365.es\/noticias\/fin-de-pizza-y-primavera-party-2026-en-candas\/#organizationLogo"},"sameAs":["https:\/\/www.facebook.com\/Nachofdezber","https:\/\/x.com\/NabercoDigital","https:\/\/www.instagram.com\/nachofdezber\/","https:\/\/www.youtube.com\/channel\/UCZP-2wLEB9Rv6erhFmqVnvg"],"address":{"@id":"https:\/\/candas365.es\/noticias\/#postaladdress","@type":"PostalAddress","streetAddress":"san antonio 4, san antonio 4","postalCode":"33430","addressLocality":"Cand\u00e1s","addressRegion":"Asturias","addressCountry":"ES"}},{"@type":"Person","@id":"https:\/\/candas365.es\/noticias\/author\/admin\/#author","url":"https:\/\/candas365.es\/noticias\/author\/admin\/","name":"Cand\u00e1s 365","image":{"@type":"ImageObject","@id":"https:\/\/candas365.es\/noticias\/fin-de-pizza-y-primavera-party-2026-en-candas\/#authorImage","url":"https:\/\/secure.gravatar.com\/avatar\/496a8e03d0c493ede1718b7934145dbdf8d89be1036b0eec9544e1094c9de390?s=96&d=mm&r=g","width":96,"height":96,"caption":"Cand\u00e1s 365"},"sameAs":["https:\/\/www.facebook.com\/carrenoactualidad","https:\/\/twitter.com\/nbasturias","https:\/\/www.instagram.com\/nachofdezber\/","https:\/\/www.youtube.com\/channel\/UCZP-2wLEB9Rv6erhFmqVnvg"]},{"@type":"WebPage","@id":"https:\/\/candas365.es\/noticias\/fin-de-pizza-y-primavera-party-2026-en-candas\/#webpage","url":"https:\/\/candas365.es\/noticias\/fin-de-pizza-y-primavera-party-2026-en-candas\/","name":"Fin de Pizza y Primavera Party 2026 en Cand\u00e1s | Cand\u00e1s 365","description":"La Semana Santa 2026 tendr\u00e1 sabor y buena m\u00fasica en Cand\u00e1s. Una de las propuestas de ocio que ofrecer\u00e1 la villa marinera durante el fin de semana ser\u00e1 la","inLanguage":"es-ES","isPartOf":{"@id":"https:\/\/candas365.es\/noticias\/#website"},"breadcrumb":{"@id":"https:\/\/candas365.es\/noticias\/fin-de-pizza-y-primavera-party-2026-en-candas\/#breadcrumblist"},"author":{"@id":"https:\/\/candas365.es\/noticias\/author\/admin\/#author"},"creator":{"@id":"https:\/\/candas365.es\/noticias\/author\/admin\/#author"},"image":{"@type":"ImageObject","url":"https:\/\/candas365.es\/noticias\/wp-content\/uploads\/2026\/04\/Fin-de-Pizza-y-Primavera-Party-2026-en-Candas.jpg","@id":"https:\/\/candas365.es\/noticias\/fin-de-pizza-y-primavera-party-2026-en-candas\/#mainImage","width":1258,"height":824,"caption":"Foto: 123rf.com"},"primaryImageOfPage":{"@id":"https:\/\/candas365.es\/noticias\/fin-de-pizza-y-primavera-party-2026-en-candas\/#mainImage"},"datePublished":"2026-04-02T02:28:38+02:00","dateModified":"2026-04-02T12:19:21+02:00"},{"@type":"WebSite","@id":"https:\/\/candas365.es\/noticias\/#website","url":"https:\/\/candas365.es\/noticias\/","name":"Cand\u00e1s 365","alternateName":"Cand\u00e1s 365 Noticias","description":"Actualidad desde Carre\u00f1o para el mundo","inLanguage":"es-ES","publisher":{"@id":"https:\/\/candas365.es\/noticias\/#organization"}}]},"og:locale":"es_ES","og:site_name":"Cand\u00e1s 365","og:type":"article","og:title":"Fin de Pizza y Primavera Party 2026 en Cand\u00e1s | Cand\u00e1s 365","og:description":"La Semana Santa 2026 tendr\u00e1 sabor y buena m\u00fasica en Cand\u00e1s. Una de las propuestas de ocio que ofrecer\u00e1 la villa marinera durante el fin de semana ser\u00e1 la","og:url":"https:\/\/candas365.es\/noticias\/fin-de-pizza-y-primavera-party-2026-en-candas\/","og:image":"https:\/\/candas365.es\/noticias\/wp-content\/uploads\/2026\/04\/Fin-de-Pizza-y-Primavera-Party-2026-en-Candas.jpg","og:image:secure_url":"https:\/\/candas365.es\/noticias\/wp-content\/uploads\/2026\/04\/Fin-de-Pizza-y-Primavera-Party-2026-en-Candas.jpg","og:image:width":1258,"og:image:height":824,"article:published_time":"2026-04-02T00:28:38+00:00","article:modified_time":"2026-04-02T10:19:21+00:00","article:publisher":"https:\/\/www.facebook.com\/Nachofdezber","article:author":"https:\/\/www.facebook.com\/carrenoactualidad","twitter:card":"summary_large_image","twitter:site":"@NabercoDigital","twitter:title":"Fin de Pizza y Primavera Party 2026 en Cand\u00e1s | Cand\u00e1s 365","twitter:description":"La Semana Santa 2026 tendr\u00e1 sabor y buena m\u00fasica en Cand\u00e1s. Una de las propuestas de ocio que ofrecer\u00e1 la villa marinera durante el fin de semana ser\u00e1 la","twitter:creator":"@nbasturias","twitter:image":"https:\/\/candas365.es\/noticias\/wp-content\/uploads\/2026\/04\/Fin-de-Pizza-y-Primavera-Party-2026-en-Candas.jpg","twitter:label1":"Escrito por","twitter:data1":"Cand\u00e1s 365","twitter:label2":"Tiempo de lectura estimado","twitter:data2":"1 minuto"},"aioseo_meta_data":{"post_id":"193537","title":null,"description":"La Semana Santa 2026 tendr\u00e1 sabor y buena m\u00fasica en Cand\u00e1s. Una de las propuestas de ocio que ofrecer\u00e1 la villa marinera durante el fin de semana ser\u00e1 la","keywords":null,"keyphrases":{"focus":{"keyphrase":"Cand\u00e1s","score":100,"analysis":{"keyphraseInTitle":{"score":9,"maxScore":9,"error":0},"keyphraseInDescription":{"score":9,"maxScore":9,"error":0},"keyphraseLength":{"score":9,"maxScore":9,"error":0,"length":2},"keyphraseInURL":{"score":5,"maxScore":5,"error":0},"keyphraseInIntroduction":{"score":9,"maxScore":9,"error":0},"keyphraseInSubHeadings":[],"keyphraseInImageAlt":{"score":9,"maxScore":9,"error":0},"keywordDensity":{"type":"best","score":9,"maxScore":9,"error":0}}},"additional":[{"keyphrase":"Cand\u00e1s","score":100,"analysis":{"keyphraseInDescription":{"score":9,"maxScore":9,"error":0},"keyphraseLength":{"score":9,"maxScore":9,"error":0,"length":2},"keyphraseInIntroduction":{"score":9,"maxScore":9,"error":0},"keyphraseInImageAlt":{"score":9,"maxScore":9,"error":0},"keywordDensity":{"type":"best","score":9,"maxScore":9,"error":0}}}]},"primary_term":null,"canonical_url":null,"og_title":null,"og_description":null,"og_object_type":"default","og_image_type":"default","og_image_url":null,"og_image_width":null,"og_image_height":null,"og_image_custom_url":null,"og_image_custom_fields":null,"og_video":"","og_custom_url":null,"og_article_section":null,"og_article_tags":null,"twitter_use_og":false,"twitter_card":"default","twitter_image_type":"default","twitter_image_url":null,"twitter_image_custom_url":null,"twitter_image_custom_fields":null,"twitter_title":null,"twitter_description":null,"schema":{"blockGraphs":[],"customGraphs":[],"default":{"data":{"Article":[],"Course":[],"Dataset":[],"FAQPage":[],"Movie":[],"Person":[],"Product":[],"ProductReview":[],"Car":[],"Recipe":[],"Service":[],"SoftwareApplication":[],"WebPage":[]},"graphName":"NewsArticle","isEnabled":true},"graphs":[]},"schema_type":"default","schema_type_options":null,"pillar_content":false,"robots_default":true,"robots_noindex":false,"robots_noarchive":false,"robots_nosnippet":false,"robots_nofollow":false,"robots_noimageindex":false,"robots_noodp":false,"robots_notranslate":false,"robots_max_snippet":"-1","robots_max_videopreview":"-1","robots_max_imagepreview":"large","priority":null,"frequency":"default","location":null,"local_seo":null,"seo_analyzer_scan_date":"2026-04-02 10:50:00","breadcrumb_settings":null,"limit_modified_date":false,"reviewed_by":null,"open_ai":null,"ai":{"faqs":[],"keyPoints":[],"titles":[],"descriptions":[],"socialPosts":{"email":[],"linkedin":[],"twitter":[],"facebook":[],"instagram":[]}},"created":"2026-04-02 00:17:53","updated":"2026-04-02 10:50:09"},"aioseo_breadcrumb":"<div class=\"aioseo-breadcrumbs\"><span class=\"aioseo-breadcrumb\">\n\t<a href=\"https:\/\/candas365.es\/noticias\" title=\"Home\">Home<\/a>\n<\/span><span class=\"aioseo-breadcrumb-separator\">&ndash;<\/span><span class=\"aioseo-breadcrumb\">\n\t<a href=\"https:\/\/candas365.es\/noticias\/category\/revista\/\" title=\"Revista\">Revista<\/a>\n<\/span><span class=\"aioseo-breadcrumb-separator\">&ndash;<\/span><span class=\"aioseo-breadcrumb\">\n\tFin de Pizza y Primavera Party 2026 en Cand\u00e1s\n<\/span><\/div>","aioseo_breadcrumb_json":[{"label":"Home","link":"https:\/\/candas365.es\/noticias"},{"label":"Revista","link":"https:\/\/candas365.es\/noticias\/category\/revista\/"},{"label":"Fin de Pizza y Primavera Party 2026 en Cand\u00e1s","link":"https:\/\/candas365.es\/noticias\/fin-de-pizza-y-primavera-party-2026-en-candas\/"}],"_links":{"self":[{"href":"https:\/\/candas365.es\/noticias\/wp-json\/wp\/v2\/posts\/193537","targetHints":{"allow":["GET"]}}],"collection":[{"href":"https:\/\/candas365.es\/noticias\/wp-json\/wp\/v2\/posts"}],"about":[{"href":"https:\/\/candas365.es\/noticias\/wp-json\/wp\/v2\/types\/post"}],"author":[{"embeddable":true,"href":"https:\/\/candas365.es\/noticias\/wp-json\/wp\/v2\/users\/1"}],"replies":[{"embeddable":true,"href":"https:\/\/candas365.es\/noticias\/wp-json\/wp\/v2\/comments?post=193537"}],"version-history":[{"count":0,"href":"https:\/\/candas365.es\/noticias\/wp-json\/wp\/v2\/posts\/193537\/revisions"}],"wp:featuredmedia":[{"embeddable":true,"href":"https:\/\/candas365.es\/noticias\/wp-json\/wp\/v2\/media\/193538"}],"wp:attachment":[{"href":"https:\/\/candas365.es\/noticias\/wp-json\/wp\/v2\/media?parent=193537"}],"wp:term":[{"taxonomy":"category","embeddable":true,"href":"https:\/\/candas365.es\/noticias\/wp-json\/wp\/v2\/categories?post=193537"},{"taxonomy":"post_tag","embeddable":true,"href":"https:\/\/candas365.es\/noticias\/wp-json\/wp\/v2\/tags?post=193537"}],"curies":[{"name":"wp","href":"https:\/\/api.w.org\/{rel}","templated":true}]}}