{"id":193534,"date":"2026-04-02T02:02:49","date_gmt":"2026-04-02T00:02:49","guid":{"rendered":"https:\/\/candas365.es\/noticias\/?p=193534"},"modified":"2026-04-02T02:02:49","modified_gmt":"2026-04-02T00:02:49","slug":"langreo-zapico-se-reune-con-los-vecinos-de-el-puente","status":"publish","type":"post","link":"https:\/\/candas365.es\/noticias\/langreo-zapico-se-reune-con-los-vecinos-de-el-puente\/","title":{"rendered":"Langreo: Zapico se re\u00fane con los vecinos de El Puente"},"content":{"rendered":"<p>Ovidio Zapico se ha reunido con vecinos de El Puente, en <a href=\"https:\/\/eldigitaldeasturias.com\/radio\/category\/concejos-asturias\/\" target=\"_blank\" rel=\"noopener\"><span style=\"color: #ff6600;\"><strong>Langreo<\/strong><\/span><\/a>, que rechazan la expropiaci\u00f3n de sus casas para construir pisos protegidos con una inversi\u00f3n de m\u00e1s de 20 millones.<\/p>\n<figure id=\"attachment_193535\" aria-describedby=\"caption-attachment-193535\" style=\"width: 650px\" class=\"wp-caption aligncenter\"><img fetchpriority=\"high\" decoding=\"async\" class=\"size-large wp-image-193535\" src=\"https:\/\/candas365.es\/noticias\/wp-content\/uploads\/2026\/04\/Langreo-Zapico-se-reune-con-los-vecinos-de-El-Puente-650x461.jpg\" alt=\"Langreo Zapico se re\u00fane con los vecinos de El Puente\" width=\"650\" height=\"461\" srcset=\"https:\/\/candas365.es\/noticias\/wp-content\/uploads\/2026\/04\/Langreo-Zapico-se-reune-con-los-vecinos-de-El-Puente-650x461.jpg 650w, https:\/\/candas365.es\/noticias\/wp-content\/uploads\/2026\/04\/Langreo-Zapico-se-reune-con-los-vecinos-de-El-Puente-360x255.jpg 360w, https:\/\/candas365.es\/noticias\/wp-content\/uploads\/2026\/04\/Langreo-Zapico-se-reune-con-los-vecinos-de-El-Puente-768x545.jpg 768w, https:\/\/candas365.es\/noticias\/wp-content\/uploads\/2026\/04\/Langreo-Zapico-se-reune-con-los-vecinos-de-El-Puente-150x106.jpg 150w, https:\/\/candas365.es\/noticias\/wp-content\/uploads\/2026\/04\/Langreo-Zapico-se-reune-con-los-vecinos-de-El-Puente-450x319.jpg 450w, https:\/\/candas365.es\/noticias\/wp-content\/uploads\/2026\/04\/Langreo-Zapico-se-reune-con-los-vecinos-de-El-Puente.jpg 1184w\" sizes=\"(max-width: 650px) 100vw, 650px\" \/><figcaption id=\"caption-attachment-193535\" class=\"wp-caption-text\">Foto: Prensa Principado de Asturias<\/figcaption><\/figure>\n<p>El <span style=\"color: #ff6600;\"><a style=\"color: #ff6600;\" href=\"https:\/\/actualidad.asturias.es\/\" target=\"_blank\" rel=\"noopener\"><strong>Gobierno de Asturias<\/strong><\/a><\/span> tiene previsto movilizar m\u00e1s de 20 millones de euros en los pr\u00f3ximos a\u00f1os para transformar el barrio de El Puente, en <a href=\"https:\/\/candas365.es\/noticias\/category\/asturias\/\"><span style=\"color: #ff6600;\"><strong>Langreo<\/strong><\/span><\/a>, donde se desarrollar\u00e1 una nueva zona residencial con pisos protegidos. El consejero de Ordenaci\u00f3n de Territorio, Urbanismo, Vivienda y Derechos Ciudadanos, Ovidio Zapico, y el director general de Ordenaci\u00f3n del Territorio, Ignacio Ruiz Latierro, se reunieron con los vecinos del barrio que mantienen una protesta en dependencias municipales contra el proceso de expropiaci\u00f3n de sus viviendas, vinculado a ese desarrollo urban\u00edstico.<\/p>\n<p>En el encuentro tambi\u00e9n participaron el alcalde de Langreo, Roberto Garc\u00eda, y el concejal de Urbanismo, Jos\u00e9 Antonio Cases, en el marco de la colaboraci\u00f3n entre el Principado y el Ayuntamiento para sacar adelante la actuaci\u00f3n.<\/p>\n<h1>Zapico pide no perder \u00abeste tren\u00bb de inversi\u00f3n<\/h1>\n<p>Zapico, que opt\u00f3 por mantener un contacto directo con los residentes para escuchar sus planteamientos, subray\u00f3 la relevancia de la inversi\u00f3n prevista y la necesidad de aprovechar la oportunidad para el concejo. \u00abNosotros no queremos imponer nada a nadie, queremos superar una situaci\u00f3n que lleva enquistada desde hace much\u00edsimos a\u00f1os\u00bb, afirm\u00f3, en referencia al estado de abandono y degradaci\u00f3n del barrio.<\/p>\n<p><strong>El consejero tambi\u00e9n advirti\u00f3 sobre la importancia estrat\u00e9gica del proyecto: \u00abEstamos en disposici\u00f3n de movilizar durante los pr\u00f3ximos a\u00f1os m\u00e1s de 20 millones<\/strong>, ser\u00eda una pena que Langreo perdiese este tren, que no sabemos si va a volver a pasar\u00bb. Al mismo tiempo, reiter\u00f3 la disposici\u00f3n del Gobierno de Asturias a mantener el di\u00e1logo abierto y a seguir trabajando para alcanzar acuerdos que compatibilicen el inter\u00e9s general con las demandas vecinales.<\/p>\n<h2>Mesas t\u00e9cnicas con vecinos, Principado y Ayuntamiento<\/h2>\n<p>El titular de Vivienda traslad\u00f3 a los residentes la voluntad del Ejecutivo auton\u00f3mico de no imponer soluciones, sino de avanzar mediante el acuerdo. Para ello, plante\u00f3 la posibilidad de constituir mesas t\u00e9cnicas de trabajo con representantes del Principado, el Ayuntamiento y los propios vecinos, con el fin de analizar en detalle el desarrollo del proyecto, estudiar alternativas y encontrar puntos de encuentro.<\/p>\n<p>Zapico se\u00f1al\u00f3 adem\u00e1s que los vecinos que sostienen la protesta representan a una parte de la poblaci\u00f3n de El Puente, mientras que otros residentes ya han expresado su conformidad con los planes del Gobierno de Asturias, lo que refleja distintas posiciones respecto a la actuaci\u00f3n.<\/p>\n<h2>Un barrio con d\u00e9cadas de reivindicaciones vecinales<\/h2>\n<p>La intervenci\u00f3n prevista en El Puente se inscribe en la estrategia del Principado para ampliar la oferta de vivienda p\u00fablica y regenerar \u00e1reas urbanas degradadas. El proyecto contempla la construcci\u00f3n de nuevos pisos protegidos y la transformaci\u00f3n integral del espacio para atender la demanda de vivienda asequible. El barrio arrastra d\u00e9cadas de deterioro y ha sido escenario recurrente de movilizaciones vecinales que reclaman su dignificaci\u00f3n.<\/p>\n","protected":false},"excerpt":{"rendered":"<p>Ovidio Zapico se ha reunido con vecinos de El Puente, en Langreo, que rechazan la expropiaci\u00f3n de sus casas para construir pisos protegidos con una inversi\u00f3n de m\u00e1s de 20 millones. El Gobierno de Asturias tiene previsto movilizar m\u00e1s de 20 millones de euros en los pr\u00f3ximos a\u00f1os para transformar el barrio de El Puente,<\/p>\n","protected":false},"author":1,"featured_media":193535,"comment_status":"closed","ping_status":"closed","sticky":false,"template":"","format":"standard","meta":{"footnotes":""},"categories":[7],"tags":[380],"class_list":{"0":"post-193534","1":"post","2":"type-post","3":"status-publish","4":"format-standard","5":"has-post-thumbnail","7":"category-asturias","8":"tag-asturias"},"aioseo_notices":[],"aioseo_head":"\n\t\t<!-- All in One SEO Pro 4.9.6.2 - aioseo.com -->\n\t<meta name=\"description\" content=\"Ovidio Zapico se ha reunido con vecinos de El Puente, en Langreo, que rechazan la expropiaci\u00f3n de sus casas para construir pisos protegidos\" \/>\n\t<meta name=\"robots\" content=\"max-image-preview:large\" \/>\n\t<meta name=\"author\" content=\"Cand\u00e1s 365\"\/>\n\t<meta name=\"google-site-verification\" content=\"UA-32230408-1\" \/>\n\t<meta name=\"msvalidate.01\" content=\"354F3CDFB2DA171B47FBE9ABF1F88D5\" \/>\n\t<meta name=\"keywords\" content=\"asturias\" \/>\n\t<link rel=\"canonical\" href=\"https:\/\/candas365.es\/noticias\/langreo-zapico-se-reune-con-los-vecinos-de-el-puente\/\" \/>\n\t<meta name=\"generator\" content=\"All in One SEO Pro (AIOSEO) 4.9.6.2\" \/>\n\t\t<meta property=\"og:locale\" content=\"es_ES\" \/>\n\t\t<meta property=\"og:site_name\" content=\"Cand\u00e1s 365\" \/>\n\t\t<meta property=\"og:type\" content=\"article\" \/>\n\t\t<meta property=\"og:title\" content=\"Langreo: Zapico se re\u00fane con los vecinos de El Puente | Cand\u00e1s 365\" \/>\n\t\t<meta property=\"og:description\" content=\"Ovidio Zapico se ha reunido con vecinos de El Puente, en Langreo, que rechazan la expropiaci\u00f3n de sus casas para construir pisos protegidos\" \/>\n\t\t<meta property=\"og:url\" content=\"https:\/\/candas365.es\/noticias\/langreo-zapico-se-reune-con-los-vecinos-de-el-puente\/\" \/>\n\t\t<meta property=\"og:image\" content=\"https:\/\/candas365.es\/noticias\/wp-content\/uploads\/2026\/04\/Langreo-Zapico-se-reune-con-los-vecinos-de-El-Puente.jpg\" \/>\n\t\t<meta property=\"og:image:secure_url\" content=\"https:\/\/candas365.es\/noticias\/wp-content\/uploads\/2026\/04\/Langreo-Zapico-se-reune-con-los-vecinos-de-El-Puente.jpg\" \/>\n\t\t<meta property=\"og:image:width\" content=\"1184\" \/>\n\t\t<meta property=\"og:image:height\" content=\"840\" \/>\n\t\t<meta property=\"article:published_time\" content=\"2026-04-02T00:02:49+00:00\" \/>\n\t\t<meta property=\"article:modified_time\" content=\"2026-04-02T00:02:49+00:00\" \/>\n\t\t<meta property=\"article:publisher\" content=\"https:\/\/www.facebook.com\/Nachofdezber\" \/>\n\t\t<meta property=\"article:author\" content=\"https:\/\/www.facebook.com\/carrenoactualidad\" \/>\n\t\t<meta name=\"twitter:card\" content=\"summary_large_image\" \/>\n\t\t<meta name=\"twitter:site\" content=\"@NabercoDigital\" \/>\n\t\t<meta name=\"twitter:title\" content=\"Langreo: Zapico se re\u00fane con los vecinos de El Puente | Cand\u00e1s 365\" \/>\n\t\t<meta name=\"twitter:description\" content=\"Ovidio Zapico se ha reunido con vecinos de El Puente, en Langreo, que rechazan la expropiaci\u00f3n de sus casas para construir pisos protegidos\" \/>\n\t\t<meta name=\"twitter:creator\" content=\"@nbasturias\" \/>\n\t\t<meta name=\"twitter:image\" content=\"https:\/\/candas365.es\/noticias\/wp-content\/uploads\/2026\/04\/Langreo-Zapico-se-reune-con-los-vecinos-de-El-Puente.jpg\" \/>\n\t\t<meta name=\"twitter:label1\" content=\"Escrito por\" \/>\n\t\t<meta name=\"twitter:data1\" content=\"Cand\u00e1s 365\" \/>\n\t\t<meta name=\"twitter:label2\" content=\"Tiempo de lectura estimado\" \/>\n\t\t<meta name=\"twitter:data2\" content=\"3 minutos\" \/>\n\t\t<script type=\"application\/ld+json\" class=\"aioseo-schema\">\n\t\t\t{\"@context\":\"https:\\\/\\\/schema.org\",\"@graph\":[{\"@type\":\"BreadcrumbList\",\"@id\":\"https:\\\/\\\/candas365.es\\\/noticias\\\/langreo-zapico-se-reune-con-los-vecinos-de-el-puente\\\/#breadcrumblist\",\"itemListElement\":[{\"@type\":\"ListItem\",\"@id\":\"https:\\\/\\\/candas365.es\\\/noticias#listItem\",\"position\":1,\"name\":\"Home\",\"item\":\"https:\\\/\\\/candas365.es\\\/noticias\",\"nextItem\":{\"@type\":\"ListItem\",\"@id\":\"https:\\\/\\\/candas365.es\\\/noticias\\\/category\\\/asturias\\\/#listItem\",\"name\":\"Asturias\"}},{\"@type\":\"ListItem\",\"@id\":\"https:\\\/\\\/candas365.es\\\/noticias\\\/category\\\/asturias\\\/#listItem\",\"position\":2,\"name\":\"Asturias\",\"item\":\"https:\\\/\\\/candas365.es\\\/noticias\\\/category\\\/asturias\\\/\",\"nextItem\":{\"@type\":\"ListItem\",\"@id\":\"https:\\\/\\\/candas365.es\\\/noticias\\\/langreo-zapico-se-reune-con-los-vecinos-de-el-puente\\\/#listItem\",\"name\":\"Langreo: Zapico se re\\u00fane con los vecinos de El Puente\"},\"previousItem\":{\"@type\":\"ListItem\",\"@id\":\"https:\\\/\\\/candas365.es\\\/noticias#listItem\",\"name\":\"Home\"}},{\"@type\":\"ListItem\",\"@id\":\"https:\\\/\\\/candas365.es\\\/noticias\\\/langreo-zapico-se-reune-con-los-vecinos-de-el-puente\\\/#listItem\",\"position\":3,\"name\":\"Langreo: Zapico se re\\u00fane con los vecinos de El Puente\",\"previousItem\":{\"@type\":\"ListItem\",\"@id\":\"https:\\\/\\\/candas365.es\\\/noticias\\\/category\\\/asturias\\\/#listItem\",\"name\":\"Asturias\"}}]},{\"@type\":\"NewsArticle\",\"@id\":\"https:\\\/\\\/candas365.es\\\/noticias\\\/langreo-zapico-se-reune-con-los-vecinos-de-el-puente\\\/#newsarticle\",\"name\":\"Langreo: Zapico se re\\u00fane con los vecinos de El Puente | Cand\\u00e1s 365\",\"headline\":\"Langreo: Zapico se re\\u00fane con los vecinos de El Puente\",\"author\":{\"@id\":\"https:\\\/\\\/candas365.es\\\/noticias\\\/author\\\/admin\\\/#author\"},\"publisher\":{\"@id\":\"https:\\\/\\\/candas365.es\\\/noticias\\\/#organization\"},\"image\":{\"@type\":\"ImageObject\",\"url\":\"https:\\\/\\\/candas365.es\\\/noticias\\\/wp-content\\\/uploads\\\/2026\\\/04\\\/Langreo-Zapico-se-reune-con-los-vecinos-de-El-Puente.jpg\",\"width\":1184,\"height\":840,\"caption\":\"Foto: Prensa Principado de Asturias\"},\"datePublished\":\"2026-04-02T02:02:49+02:00\",\"dateModified\":\"2026-04-02T02:02:49+02:00\",\"inLanguage\":\"es-ES\",\"mainEntityOfPage\":{\"@id\":\"https:\\\/\\\/candas365.es\\\/noticias\\\/langreo-zapico-se-reune-con-los-vecinos-de-el-puente\\\/#webpage\"},\"isPartOf\":{\"@id\":\"https:\\\/\\\/candas365.es\\\/noticias\\\/langreo-zapico-se-reune-con-los-vecinos-de-el-puente\\\/#webpage\"},\"articleSection\":\"Asturias, Asturias\",\"dateline\":\"Publicado el abril 2, 2026.\"},{\"@type\":\"Organization\",\"@id\":\"https:\\\/\\\/candas365.es\\\/noticias\\\/#organization\",\"name\":\"Cand\\u00e1s 365\",\"description\":\"Cand\\u00e1s 365 es un diario digital independiente, fundado en 2012, con base en Asturias. Informamos con rigor sobre actualidad, sociedad, cultura y ocio, con una mirada local y global.\",\"url\":\"https:\\\/\\\/candas365.es\\\/noticias\\\/\",\"email\":\"info@candas365.es\",\"telephone\":\"+34652131393\",\"foundingDate\":\"2012-06-10\",\"logo\":{\"@type\":\"ImageObject\",\"url\":\"https:\\\/\\\/candas365.es\\\/noticias\\\/wp-content\\\/uploads\\\/2024\\\/09\\\/Candas-365-Redes.jpg\",\"@id\":\"https:\\\/\\\/candas365.es\\\/noticias\\\/langreo-zapico-se-reune-con-los-vecinos-de-el-puente\\\/#organizationLogo\",\"width\":1152,\"height\":864,\"caption\":\"Cand\\u00e1s 365 Redes\"},\"image\":{\"@id\":\"https:\\\/\\\/candas365.es\\\/noticias\\\/langreo-zapico-se-reune-con-los-vecinos-de-el-puente\\\/#organizationLogo\"},\"sameAs\":[\"https:\\\/\\\/www.facebook.com\\\/Nachofdezber\",\"https:\\\/\\\/x.com\\\/NabercoDigital\",\"https:\\\/\\\/www.instagram.com\\\/nachofdezber\\\/\",\"https:\\\/\\\/www.youtube.com\\\/channel\\\/UCZP-2wLEB9Rv6erhFmqVnvg\"],\"address\":{\"@id\":\"https:\\\/\\\/candas365.es\\\/noticias\\\/#postaladdress\",\"@type\":\"PostalAddress\",\"streetAddress\":\"san antonio 4, san antonio 4\",\"postalCode\":\"33430\",\"addressLocality\":\"Cand\\u00e1s\",\"addressRegion\":\"Asturias\",\"addressCountry\":\"ES\"}},{\"@type\":\"Person\",\"@id\":\"https:\\\/\\\/candas365.es\\\/noticias\\\/author\\\/admin\\\/#author\",\"url\":\"https:\\\/\\\/candas365.es\\\/noticias\\\/author\\\/admin\\\/\",\"name\":\"Cand\\u00e1s 365\",\"image\":{\"@type\":\"ImageObject\",\"@id\":\"https:\\\/\\\/candas365.es\\\/noticias\\\/langreo-zapico-se-reune-con-los-vecinos-de-el-puente\\\/#authorImage\",\"url\":\"https:\\\/\\\/secure.gravatar.com\\\/avatar\\\/496a8e03d0c493ede1718b7934145dbdf8d89be1036b0eec9544e1094c9de390?s=96&d=mm&r=g\",\"width\":96,\"height\":96,\"caption\":\"Cand\\u00e1s 365\"},\"sameAs\":[\"https:\\\/\\\/www.facebook.com\\\/carrenoactualidad\",\"https:\\\/\\\/twitter.com\\\/nbasturias\",\"https:\\\/\\\/www.instagram.com\\\/nachofdezber\\\/\",\"https:\\\/\\\/www.youtube.com\\\/channel\\\/UCZP-2wLEB9Rv6erhFmqVnvg\"]},{\"@type\":\"WebPage\",\"@id\":\"https:\\\/\\\/candas365.es\\\/noticias\\\/langreo-zapico-se-reune-con-los-vecinos-de-el-puente\\\/#webpage\",\"url\":\"https:\\\/\\\/candas365.es\\\/noticias\\\/langreo-zapico-se-reune-con-los-vecinos-de-el-puente\\\/\",\"name\":\"Langreo: Zapico se re\\u00fane con los vecinos de El Puente | Cand\\u00e1s 365\",\"description\":\"Ovidio Zapico se ha reunido con vecinos de El Puente, en Langreo, que rechazan la expropiaci\\u00f3n de sus casas para construir pisos protegidos\",\"inLanguage\":\"es-ES\",\"isPartOf\":{\"@id\":\"https:\\\/\\\/candas365.es\\\/noticias\\\/#website\"},\"breadcrumb\":{\"@id\":\"https:\\\/\\\/candas365.es\\\/noticias\\\/langreo-zapico-se-reune-con-los-vecinos-de-el-puente\\\/#breadcrumblist\"},\"author\":{\"@id\":\"https:\\\/\\\/candas365.es\\\/noticias\\\/author\\\/admin\\\/#author\"},\"creator\":{\"@id\":\"https:\\\/\\\/candas365.es\\\/noticias\\\/author\\\/admin\\\/#author\"},\"image\":{\"@type\":\"ImageObject\",\"url\":\"https:\\\/\\\/candas365.es\\\/noticias\\\/wp-content\\\/uploads\\\/2026\\\/04\\\/Langreo-Zapico-se-reune-con-los-vecinos-de-El-Puente.jpg\",\"@id\":\"https:\\\/\\\/candas365.es\\\/noticias\\\/langreo-zapico-se-reune-con-los-vecinos-de-el-puente\\\/#mainImage\",\"width\":1184,\"height\":840,\"caption\":\"Foto: Prensa Principado de Asturias\"},\"primaryImageOfPage\":{\"@id\":\"https:\\\/\\\/candas365.es\\\/noticias\\\/langreo-zapico-se-reune-con-los-vecinos-de-el-puente\\\/#mainImage\"},\"datePublished\":\"2026-04-02T02:02:49+02:00\",\"dateModified\":\"2026-04-02T02:02:49+02:00\"},{\"@type\":\"WebSite\",\"@id\":\"https:\\\/\\\/candas365.es\\\/noticias\\\/#website\",\"url\":\"https:\\\/\\\/candas365.es\\\/noticias\\\/\",\"name\":\"Cand\\u00e1s 365\",\"alternateName\":\"Cand\\u00e1s 365 Noticias\",\"description\":\"Actualidad desde Carre\\u00f1o para el mundo\",\"inLanguage\":\"es-ES\",\"publisher\":{\"@id\":\"https:\\\/\\\/candas365.es\\\/noticias\\\/#organization\"}}]}\n\t\t<\/script>\n\t\t<!-- All in One SEO Pro -->\r\n\t\t<title>Langreo: Zapico se re\u00fane con los vecinos de El Puente | Cand\u00e1s 365<\/title>\n\n","aioseo_head_json":{"title":"Langreo: Zapico se re\u00fane con los vecinos de El Puente | Cand\u00e1s 365","description":"Ovidio Zapico se ha reunido con vecinos de El Puente, en Langreo, que rechazan la expropiaci\u00f3n de sus casas para construir pisos protegidos","canonical_url":"https:\/\/candas365.es\/noticias\/langreo-zapico-se-reune-con-los-vecinos-de-el-puente\/","robots":"max-image-preview:large","keywords":"asturias","webmasterTools":{"google-site-verification":"UA-32230408-1","msvalidate.01":"354F3CDFB2DA171B47FBE9ABF1F88D5","miscellaneous":""},"schema":{"@context":"https:\/\/schema.org","@graph":[{"@type":"BreadcrumbList","@id":"https:\/\/candas365.es\/noticias\/langreo-zapico-se-reune-con-los-vecinos-de-el-puente\/#breadcrumblist","itemListElement":[{"@type":"ListItem","@id":"https:\/\/candas365.es\/noticias#listItem","position":1,"name":"Home","item":"https:\/\/candas365.es\/noticias","nextItem":{"@type":"ListItem","@id":"https:\/\/candas365.es\/noticias\/category\/asturias\/#listItem","name":"Asturias"}},{"@type":"ListItem","@id":"https:\/\/candas365.es\/noticias\/category\/asturias\/#listItem","position":2,"name":"Asturias","item":"https:\/\/candas365.es\/noticias\/category\/asturias\/","nextItem":{"@type":"ListItem","@id":"https:\/\/candas365.es\/noticias\/langreo-zapico-se-reune-con-los-vecinos-de-el-puente\/#listItem","name":"Langreo: Zapico se re\u00fane con los vecinos de El Puente"},"previousItem":{"@type":"ListItem","@id":"https:\/\/candas365.es\/noticias#listItem","name":"Home"}},{"@type":"ListItem","@id":"https:\/\/candas365.es\/noticias\/langreo-zapico-se-reune-con-los-vecinos-de-el-puente\/#listItem","position":3,"name":"Langreo: Zapico se re\u00fane con los vecinos de El Puente","previousItem":{"@type":"ListItem","@id":"https:\/\/candas365.es\/noticias\/category\/asturias\/#listItem","name":"Asturias"}}]},{"@type":"NewsArticle","@id":"https:\/\/candas365.es\/noticias\/langreo-zapico-se-reune-con-los-vecinos-de-el-puente\/#newsarticle","name":"Langreo: Zapico se re\u00fane con los vecinos de El Puente | Cand\u00e1s 365","headline":"Langreo: Zapico se re\u00fane con los vecinos de El Puente","author":{"@id":"https:\/\/candas365.es\/noticias\/author\/admin\/#author"},"publisher":{"@id":"https:\/\/candas365.es\/noticias\/#organization"},"image":{"@type":"ImageObject","url":"https:\/\/candas365.es\/noticias\/wp-content\/uploads\/2026\/04\/Langreo-Zapico-se-reune-con-los-vecinos-de-El-Puente.jpg","width":1184,"height":840,"caption":"Foto: Prensa Principado de Asturias"},"datePublished":"2026-04-02T02:02:49+02:00","dateModified":"2026-04-02T02:02:49+02:00","inLanguage":"es-ES","mainEntityOfPage":{"@id":"https:\/\/candas365.es\/noticias\/langreo-zapico-se-reune-con-los-vecinos-de-el-puente\/#webpage"},"isPartOf":{"@id":"https:\/\/candas365.es\/noticias\/langreo-zapico-se-reune-con-los-vecinos-de-el-puente\/#webpage"},"articleSection":"Asturias, Asturias","dateline":"Publicado el abril 2, 2026."},{"@type":"Organization","@id":"https:\/\/candas365.es\/noticias\/#organization","name":"Cand\u00e1s 365","description":"Cand\u00e1s 365 es un diario digital independiente, fundado en 2012, con base en Asturias. Informamos con rigor sobre actualidad, sociedad, cultura y ocio, con una mirada local y global.","url":"https:\/\/candas365.es\/noticias\/","email":"info@candas365.es","telephone":"+34652131393","foundingDate":"2012-06-10","logo":{"@type":"ImageObject","url":"https:\/\/candas365.es\/noticias\/wp-content\/uploads\/2024\/09\/Candas-365-Redes.jpg","@id":"https:\/\/candas365.es\/noticias\/langreo-zapico-se-reune-con-los-vecinos-de-el-puente\/#organizationLogo","width":1152,"height":864,"caption":"Cand\u00e1s 365 Redes"},"image":{"@id":"https:\/\/candas365.es\/noticias\/langreo-zapico-se-reune-con-los-vecinos-de-el-puente\/#organizationLogo"},"sameAs":["https:\/\/www.facebook.com\/Nachofdezber","https:\/\/x.com\/NabercoDigital","https:\/\/www.instagram.com\/nachofdezber\/","https:\/\/www.youtube.com\/channel\/UCZP-2wLEB9Rv6erhFmqVnvg"],"address":{"@id":"https:\/\/candas365.es\/noticias\/#postaladdress","@type":"PostalAddress","streetAddress":"san antonio 4, san antonio 4","postalCode":"33430","addressLocality":"Cand\u00e1s","addressRegion":"Asturias","addressCountry":"ES"}},{"@type":"Person","@id":"https:\/\/candas365.es\/noticias\/author\/admin\/#author","url":"https:\/\/candas365.es\/noticias\/author\/admin\/","name":"Cand\u00e1s 365","image":{"@type":"ImageObject","@id":"https:\/\/candas365.es\/noticias\/langreo-zapico-se-reune-con-los-vecinos-de-el-puente\/#authorImage","url":"https:\/\/secure.gravatar.com\/avatar\/496a8e03d0c493ede1718b7934145dbdf8d89be1036b0eec9544e1094c9de390?s=96&d=mm&r=g","width":96,"height":96,"caption":"Cand\u00e1s 365"},"sameAs":["https:\/\/www.facebook.com\/carrenoactualidad","https:\/\/twitter.com\/nbasturias","https:\/\/www.instagram.com\/nachofdezber\/","https:\/\/www.youtube.com\/channel\/UCZP-2wLEB9Rv6erhFmqVnvg"]},{"@type":"WebPage","@id":"https:\/\/candas365.es\/noticias\/langreo-zapico-se-reune-con-los-vecinos-de-el-puente\/#webpage","url":"https:\/\/candas365.es\/noticias\/langreo-zapico-se-reune-con-los-vecinos-de-el-puente\/","name":"Langreo: Zapico se re\u00fane con los vecinos de El Puente | Cand\u00e1s 365","description":"Ovidio Zapico se ha reunido con vecinos de El Puente, en Langreo, que rechazan la expropiaci\u00f3n de sus casas para construir pisos protegidos","inLanguage":"es-ES","isPartOf":{"@id":"https:\/\/candas365.es\/noticias\/#website"},"breadcrumb":{"@id":"https:\/\/candas365.es\/noticias\/langreo-zapico-se-reune-con-los-vecinos-de-el-puente\/#breadcrumblist"},"author":{"@id":"https:\/\/candas365.es\/noticias\/author\/admin\/#author"},"creator":{"@id":"https:\/\/candas365.es\/noticias\/author\/admin\/#author"},"image":{"@type":"ImageObject","url":"https:\/\/candas365.es\/noticias\/wp-content\/uploads\/2026\/04\/Langreo-Zapico-se-reune-con-los-vecinos-de-El-Puente.jpg","@id":"https:\/\/candas365.es\/noticias\/langreo-zapico-se-reune-con-los-vecinos-de-el-puente\/#mainImage","width":1184,"height":840,"caption":"Foto: Prensa Principado de Asturias"},"primaryImageOfPage":{"@id":"https:\/\/candas365.es\/noticias\/langreo-zapico-se-reune-con-los-vecinos-de-el-puente\/#mainImage"},"datePublished":"2026-04-02T02:02:49+02:00","dateModified":"2026-04-02T02:02:49+02:00"},{"@type":"WebSite","@id":"https:\/\/candas365.es\/noticias\/#website","url":"https:\/\/candas365.es\/noticias\/","name":"Cand\u00e1s 365","alternateName":"Cand\u00e1s 365 Noticias","description":"Actualidad desde Carre\u00f1o para el mundo","inLanguage":"es-ES","publisher":{"@id":"https:\/\/candas365.es\/noticias\/#organization"}}]},"og:locale":"es_ES","og:site_name":"Cand\u00e1s 365","og:type":"article","og:title":"Langreo: Zapico se re\u00fane con los vecinos de El Puente | Cand\u00e1s 365","og:description":"Ovidio Zapico se ha reunido con vecinos de El Puente, en Langreo, que rechazan la expropiaci\u00f3n de sus casas para construir pisos protegidos","og:url":"https:\/\/candas365.es\/noticias\/langreo-zapico-se-reune-con-los-vecinos-de-el-puente\/","og:image":"https:\/\/candas365.es\/noticias\/wp-content\/uploads\/2026\/04\/Langreo-Zapico-se-reune-con-los-vecinos-de-El-Puente.jpg","og:image:secure_url":"https:\/\/candas365.es\/noticias\/wp-content\/uploads\/2026\/04\/Langreo-Zapico-se-reune-con-los-vecinos-de-El-Puente.jpg","og:image:width":1184,"og:image:height":840,"article:published_time":"2026-04-02T00:02:49+00:00","article:modified_time":"2026-04-02T00:02:49+00:00","article:publisher":"https:\/\/www.facebook.com\/Nachofdezber","article:author":"https:\/\/www.facebook.com\/carrenoactualidad","twitter:card":"summary_large_image","twitter:site":"@NabercoDigital","twitter:title":"Langreo: Zapico se re\u00fane con los vecinos de El Puente | Cand\u00e1s 365","twitter:description":"Ovidio Zapico se ha reunido con vecinos de El Puente, en Langreo, que rechazan la expropiaci\u00f3n de sus casas para construir pisos protegidos","twitter:creator":"@nbasturias","twitter:image":"https:\/\/candas365.es\/noticias\/wp-content\/uploads\/2026\/04\/Langreo-Zapico-se-reune-con-los-vecinos-de-El-Puente.jpg","twitter:label1":"Escrito por","twitter:data1":"Cand\u00e1s 365","twitter:label2":"Tiempo de lectura estimado","twitter:data2":"3 minutos"},"aioseo_meta_data":{"post_id":"193534","title":null,"description":"Ovidio Zapico se ha reunido con vecinos de El Puente, en Langreo, que rechazan la expropiaci\u00f3n de sus casas para construir pisos protegidos","keywords":null,"keyphrases":{"focus":{"keyphrase":"Langreo","score":91,"analysis":{"keyphraseInTitle":{"score":9,"maxScore":9,"error":0},"keyphraseInDescription":{"score":9,"maxScore":9,"error":0},"keyphraseLength":{"score":9,"maxScore":9,"error":0,"length":1},"keyphraseInURL":{"score":5,"maxScore":5,"error":0},"keyphraseInIntroduction":{"score":9,"maxScore":9,"error":0},"keyphraseInSubHeadings":{"score":3,"maxScore":9,"error":1},"keyphraseInImageAlt":{"score":9,"maxScore":9,"error":0},"keywordDensity":{"type":"best","score":9,"maxScore":9,"error":0}}},"additional":[{"keyphrase":"Zapico","score":100,"analysis":{"keyphraseInDescription":{"score":9,"maxScore":9,"error":0},"keyphraseLength":{"score":9,"maxScore":9,"error":0,"length":1},"keyphraseInIntroduction":{"score":9,"maxScore":9,"error":0},"keyphraseInImageAlt":{"score":9,"maxScore":9,"error":0},"keywordDensity":{"type":"best","score":9,"maxScore":9,"error":0}}},{"keyphrase":"Langreo","score":100,"analysis":{"keyphraseInDescription":{"score":9,"maxScore":9,"error":0},"keyphraseLength":{"score":9,"maxScore":9,"error":0,"length":1},"keyphraseInIntroduction":{"score":9,"maxScore":9,"error":0},"keyphraseInImageAlt":{"score":9,"maxScore":9,"error":0},"keywordDensity":{"type":"best","score":9,"maxScore":9,"error":0}}},{"keyphrase":"El Puente","score":100,"analysis":{"keyphraseInDescription":{"score":9,"maxScore":9,"error":0},"keyphraseLength":{"score":9,"maxScore":9,"error":0,"length":2},"keyphraseInIntroduction":{"score":9,"maxScore":9,"error":0},"keyphraseInImageAlt":{"score":9,"maxScore":9,"error":0},"keywordDensity":{"type":"best","score":9,"maxScore":9,"error":0}}}]},"primary_term":null,"canonical_url":null,"og_title":null,"og_description":null,"og_object_type":"default","og_image_type":"default","og_image_url":null,"og_image_width":null,"og_image_height":null,"og_image_custom_url":null,"og_image_custom_fields":null,"og_video":"","og_custom_url":null,"og_article_section":null,"og_article_tags":null,"twitter_use_og":false,"twitter_card":"default","twitter_image_type":"default","twitter_image_url":null,"twitter_image_custom_url":null,"twitter_image_custom_fields":null,"twitter_title":null,"twitter_description":null,"schema":{"blockGraphs":[],"customGraphs":[],"default":{"data":{"Article":[],"Course":[],"Dataset":[],"FAQPage":[],"Movie":[],"Person":[],"Product":[],"ProductReview":[],"Car":[],"Recipe":[],"Service":[],"SoftwareApplication":[],"WebPage":[]},"graphName":"NewsArticle","isEnabled":true},"graphs":[]},"schema_type":"default","schema_type_options":null,"pillar_content":false,"robots_default":true,"robots_noindex":false,"robots_noarchive":false,"robots_nosnippet":false,"robots_nofollow":false,"robots_noimageindex":false,"robots_noodp":false,"robots_notranslate":false,"robots_max_snippet":"-1","robots_max_videopreview":"-1","robots_max_imagepreview":"large","priority":null,"frequency":"default","location":null,"local_seo":null,"seo_analyzer_scan_date":"2026-04-02 00:18:04","breadcrumb_settings":null,"limit_modified_date":false,"reviewed_by":null,"open_ai":null,"ai":{"faqs":[],"keyPoints":[],"titles":[],"descriptions":[],"socialPosts":{"email":[],"linkedin":[],"twitter":[],"facebook":[],"instagram":[]}},"created":"2026-04-01 23:52:50","updated":"2026-04-02 00:18:05"},"aioseo_breadcrumb":"<div class=\"aioseo-breadcrumbs\"><span class=\"aioseo-breadcrumb\">\n\t<a href=\"https:\/\/candas365.es\/noticias\" title=\"Home\">Home<\/a>\n<\/span><span class=\"aioseo-breadcrumb-separator\">&ndash;<\/span><span class=\"aioseo-breadcrumb\">\n\t<a href=\"https:\/\/candas365.es\/noticias\/category\/asturias\/\" title=\"Asturias\">Asturias<\/a>\n<\/span><span class=\"aioseo-breadcrumb-separator\">&ndash;<\/span><span class=\"aioseo-breadcrumb\">\n\tLangreo: Zapico se re\u00fane con los vecinos de El Puente\n<\/span><\/div>","aioseo_breadcrumb_json":[{"label":"Home","link":"https:\/\/candas365.es\/noticias"},{"label":"Asturias","link":"https:\/\/candas365.es\/noticias\/category\/asturias\/"},{"label":"Langreo: Zapico se re\u00fane con los vecinos de El Puente","link":"https:\/\/candas365.es\/noticias\/langreo-zapico-se-reune-con-los-vecinos-de-el-puente\/"}],"_links":{"self":[{"href":"https:\/\/candas365.es\/noticias\/wp-json\/wp\/v2\/posts\/193534","targetHints":{"allow":["GET"]}}],"collection":[{"href":"https:\/\/candas365.es\/noticias\/wp-json\/wp\/v2\/posts"}],"about":[{"href":"https:\/\/candas365.es\/noticias\/wp-json\/wp\/v2\/types\/post"}],"author":[{"embeddable":true,"href":"https:\/\/candas365.es\/noticias\/wp-json\/wp\/v2\/users\/1"}],"replies":[{"embeddable":true,"href":"https:\/\/candas365.es\/noticias\/wp-json\/wp\/v2\/comments?post=193534"}],"version-history":[{"count":0,"href":"https:\/\/candas365.es\/noticias\/wp-json\/wp\/v2\/posts\/193534\/revisions"}],"wp:featuredmedia":[{"embeddable":true,"href":"https:\/\/candas365.es\/noticias\/wp-json\/wp\/v2\/media\/193535"}],"wp:attachment":[{"href":"https:\/\/candas365.es\/noticias\/wp-json\/wp\/v2\/media?parent=193534"}],"wp:term":[{"taxonomy":"category","embeddable":true,"href":"https:\/\/candas365.es\/noticias\/wp-json\/wp\/v2\/categories?post=193534"},{"taxonomy":"post_tag","embeddable":true,"href":"https:\/\/candas365.es\/noticias\/wp-json\/wp\/v2\/tags?post=193534"}],"curies":[{"name":"wp","href":"https:\/\/api.w.org\/{rel}","templated":true}]}}