{"id":193530,"date":"2026-04-01T08:10:16","date_gmt":"2026-04-01T06:10:16","guid":{"rendered":"https:\/\/candas365.es\/noticias\/?p=193530"},"modified":"2026-04-01T08:10:16","modified_gmt":"2026-04-01T06:10:16","slug":"el-tiempo-en-candas-hoy-miercoles-1-de-abril-2026","status":"publish","type":"post","link":"https:\/\/candas365.es\/noticias\/el-tiempo-en-candas-hoy-miercoles-1-de-abril-2026\/","title":{"rendered":"El tiempo en Cand\u00e1s hoy mi\u00e9rcoles 1 de abril 2026"},"content":{"rendered":"<p>Estrenamos el mes de abril de 2026 en Cand\u00e1s y resto de Asturias con una jornada en la que seg\u00fan informa <a href=\"https:\/\/www.aemet.es\/\" target=\"_blank\" rel=\"noopener\"><span style=\"color: #ff6600;\"><strong>AEMET<\/strong><\/span><\/a> en su <a href=\"https:\/\/candas365.es\/noticias\/category\/el-tiempo\/\"><span style=\"color: #ff6600;\"><strong>previsi\u00f3n del tiempo<\/strong><\/span><\/a> para hoy mi\u00e9rcoles d\u00eda 1, tendremos una gran probabilidad de cielo nuboso, n<strong>o se descarta alg\u00fan claro, en Carre\u00f1o, y temperaturas que oscilar\u00e1n entre los 9 y 16 grados.<\/strong><\/p>\n<figure id=\"attachment_193531\" aria-describedby=\"caption-attachment-193531\" style=\"width: 650px\" class=\"wp-caption aligncenter\"><img fetchpriority=\"high\" decoding=\"async\" class=\"size-large wp-image-193531\" src=\"https:\/\/candas365.es\/noticias\/wp-content\/uploads\/2026\/04\/El-tiempo-en-Candas-hoy-miercoles-1-de-abril-2026-650x438.jpg\" alt=\"El tiempo en Cand\u00e1s hoy mi\u00e9rcoles 1 de abril 2026\" width=\"650\" height=\"438\" srcset=\"https:\/\/candas365.es\/noticias\/wp-content\/uploads\/2026\/04\/El-tiempo-en-Candas-hoy-miercoles-1-de-abril-2026-650x438.jpg 650w, https:\/\/candas365.es\/noticias\/wp-content\/uploads\/2026\/04\/El-tiempo-en-Candas-hoy-miercoles-1-de-abril-2026-360x243.jpg 360w, https:\/\/candas365.es\/noticias\/wp-content\/uploads\/2026\/04\/El-tiempo-en-Candas-hoy-miercoles-1-de-abril-2026-768x518.jpg 768w, https:\/\/candas365.es\/noticias\/wp-content\/uploads\/2026\/04\/El-tiempo-en-Candas-hoy-miercoles-1-de-abril-2026-150x101.jpg 150w, https:\/\/candas365.es\/noticias\/wp-content\/uploads\/2026\/04\/El-tiempo-en-Candas-hoy-miercoles-1-de-abril-2026-450x303.jpg 450w, https:\/\/candas365.es\/noticias\/wp-content\/uploads\/2026\/04\/El-tiempo-en-Candas-hoy-miercoles-1-de-abril-2026-1200x809.jpg 1200w, https:\/\/candas365.es\/noticias\/wp-content\/uploads\/2026\/04\/El-tiempo-en-Candas-hoy-miercoles-1-de-abril-2026.jpg 1231w\" sizes=\"(max-width: 650px) 100vw, 650px\" \/><figcaption id=\"caption-attachment-193531\" class=\"wp-caption-text\">Foto: Cand\u00e1s 365<\/figcaption><\/figure>\n<p>En el resto de Asturias hoy cielo nuboso o cubierto de nubes bajas, abri\u00e9ndose grandes claros durante las horas centrales del jueves en la Cordillera. Probables brumas o nieblas matinales y vespertinas en zonas monta\u00f1osas.<\/p>\n<p>Probabilidad de lluvias d\u00e9biles dispersas durante la segunda mitad del d\u00eda en el interior del tercio oriental. Cota de nieve sobre 1500-1700 metros.<\/p>\n<p>Temperaturas m\u00ednimas en ligero descenso en la mitad oeste y con pocos cambios en el resto. Temperaturas m\u00e1ximas con pocos cambios en el litoral y en ligero ascenso en el resto. Heladas d\u00e9biles en cumbres.<\/p>\n<p>Viento flojo de componente este durante la primera mitad del d\u00eda y de componente norte en la segunda mitad del d\u00eda.<\/p>\n","protected":false},"excerpt":{"rendered":"<p>Estrenamos el mes de abril de 2026 en Cand\u00e1s y resto de Asturias con una jornada en la que seg\u00fan informa AEMET en su previsi\u00f3n del tiempo para hoy mi\u00e9rcoles d\u00eda 1, tendremos una gran probabilidad de cielo nuboso, no se descarta alg\u00fan claro, en Carre\u00f1o, y temperaturas que oscilar\u00e1n entre los 9 y 16<\/p>\n","protected":false},"author":1,"featured_media":193531,"comment_status":"closed","ping_status":"closed","sticky":false,"template":"","format":"standard","meta":{"footnotes":""},"categories":[358],"tags":[366,429],"class_list":{"0":"post-193530","1":"post","2":"type-post","3":"status-publish","4":"format-standard","5":"has-post-thumbnail","7":"category-el-tiempo","8":"tag-candas","9":"tag-el-tiempo"},"aioseo_notices":[],"aioseo_head":"\n\t\t<!-- All in One SEO Pro 4.9.6.2 - aioseo.com -->\n\t<meta name=\"description\" content=\"Estrenamos el mes de abril de 2026 en Cand\u00e1s y resto de Asturias con una jornada en la que seg\u00fan informa AEMET en su previsi\u00f3n del tiempo para hoy mi\u00e9rcoles\" \/>\n\t<meta name=\"robots\" content=\"max-image-preview:large\" \/>\n\t<meta name=\"author\" content=\"Cand\u00e1s 365\"\/>\n\t<meta name=\"google-site-verification\" content=\"UA-32230408-1\" \/>\n\t<meta name=\"msvalidate.01\" content=\"354F3CDFB2DA171B47FBE9ABF1F88D5\" \/>\n\t<meta name=\"keywords\" content=\"el tiempo\" \/>\n\t<link rel=\"canonical\" href=\"https:\/\/candas365.es\/noticias\/el-tiempo-en-candas-hoy-miercoles-1-de-abril-2026\/\" \/>\n\t<meta name=\"generator\" content=\"All in One SEO Pro (AIOSEO) 4.9.6.2\" \/>\n\t\t<meta property=\"og:locale\" content=\"es_ES\" \/>\n\t\t<meta property=\"og:site_name\" content=\"Cand\u00e1s 365\" \/>\n\t\t<meta property=\"og:type\" content=\"article\" \/>\n\t\t<meta property=\"og:title\" content=\"El tiempo en Cand\u00e1s hoy mi\u00e9rcoles 1 de abril 2026 | Cand\u00e1s 365\" \/>\n\t\t<meta property=\"og:description\" content=\"Estrenamos el mes de abril de 2026 en Cand\u00e1s y resto de Asturias con una jornada en la que seg\u00fan informa AEMET en su previsi\u00f3n del tiempo para hoy mi\u00e9rcoles\" \/>\n\t\t<meta property=\"og:url\" content=\"https:\/\/candas365.es\/noticias\/el-tiempo-en-candas-hoy-miercoles-1-de-abril-2026\/\" \/>\n\t\t<meta property=\"og:image\" content=\"https:\/\/candas365.es\/noticias\/wp-content\/uploads\/2026\/04\/El-tiempo-en-Candas-hoy-miercoles-1-de-abril-2026.jpg\" \/>\n\t\t<meta property=\"og:image:secure_url\" content=\"https:\/\/candas365.es\/noticias\/wp-content\/uploads\/2026\/04\/El-tiempo-en-Candas-hoy-miercoles-1-de-abril-2026.jpg\" \/>\n\t\t<meta property=\"og:image:width\" content=\"1231\" \/>\n\t\t<meta property=\"og:image:height\" content=\"830\" \/>\n\t\t<meta property=\"article:published_time\" content=\"2026-04-01T06:10:16+00:00\" \/>\n\t\t<meta property=\"article:modified_time\" content=\"2026-04-01T06:10:16+00:00\" \/>\n\t\t<meta property=\"article:publisher\" content=\"https:\/\/www.facebook.com\/Nachofdezber\" \/>\n\t\t<meta property=\"article:author\" content=\"https:\/\/www.facebook.com\/carrenoactualidad\" \/>\n\t\t<meta name=\"twitter:card\" content=\"summary_large_image\" \/>\n\t\t<meta name=\"twitter:site\" content=\"@NabercoDigital\" \/>\n\t\t<meta name=\"twitter:title\" content=\"El tiempo en Cand\u00e1s hoy mi\u00e9rcoles 1 de abril 2026 | Cand\u00e1s 365\" \/>\n\t\t<meta name=\"twitter:description\" content=\"Estrenamos el mes de abril de 2026 en Cand\u00e1s y resto de Asturias con una jornada en la que seg\u00fan informa AEMET en su previsi\u00f3n del tiempo para hoy mi\u00e9rcoles\" \/>\n\t\t<meta name=\"twitter:creator\" content=\"@nbasturias\" \/>\n\t\t<meta name=\"twitter:image\" content=\"https:\/\/candas365.es\/noticias\/wp-content\/uploads\/2026\/04\/El-tiempo-en-Candas-hoy-miercoles-1-de-abril-2026.jpg\" \/>\n\t\t<meta name=\"twitter:label1\" content=\"Escrito por\" \/>\n\t\t<meta name=\"twitter:data1\" content=\"Cand\u00e1s 365\" \/>\n\t\t<meta name=\"twitter:label2\" content=\"Tiempo de lectura estimado\" \/>\n\t\t<meta name=\"twitter:data2\" content=\"1 minuto\" \/>\n\t\t<script type=\"application\/ld+json\" class=\"aioseo-schema\">\n\t\t\t{\"@context\":\"https:\\\/\\\/schema.org\",\"@graph\":[{\"@type\":\"BreadcrumbList\",\"@id\":\"https:\\\/\\\/candas365.es\\\/noticias\\\/el-tiempo-en-candas-hoy-miercoles-1-de-abril-2026\\\/#breadcrumblist\",\"itemListElement\":[{\"@type\":\"ListItem\",\"@id\":\"https:\\\/\\\/candas365.es\\\/noticias#listItem\",\"position\":1,\"name\":\"Home\",\"item\":\"https:\\\/\\\/candas365.es\\\/noticias\",\"nextItem\":{\"@type\":\"ListItem\",\"@id\":\"https:\\\/\\\/candas365.es\\\/noticias\\\/category\\\/el-tiempo\\\/#listItem\",\"name\":\"El tiempo\"}},{\"@type\":\"ListItem\",\"@id\":\"https:\\\/\\\/candas365.es\\\/noticias\\\/category\\\/el-tiempo\\\/#listItem\",\"position\":2,\"name\":\"El tiempo\",\"item\":\"https:\\\/\\\/candas365.es\\\/noticias\\\/category\\\/el-tiempo\\\/\",\"nextItem\":{\"@type\":\"ListItem\",\"@id\":\"https:\\\/\\\/candas365.es\\\/noticias\\\/el-tiempo-en-candas-hoy-miercoles-1-de-abril-2026\\\/#listItem\",\"name\":\"El tiempo en Cand\\u00e1s hoy mi\\u00e9rcoles 1 de abril 2026\"},\"previousItem\":{\"@type\":\"ListItem\",\"@id\":\"https:\\\/\\\/candas365.es\\\/noticias#listItem\",\"name\":\"Home\"}},{\"@type\":\"ListItem\",\"@id\":\"https:\\\/\\\/candas365.es\\\/noticias\\\/el-tiempo-en-candas-hoy-miercoles-1-de-abril-2026\\\/#listItem\",\"position\":3,\"name\":\"El tiempo en Cand\\u00e1s hoy mi\\u00e9rcoles 1 de abril 2026\",\"previousItem\":{\"@type\":\"ListItem\",\"@id\":\"https:\\\/\\\/candas365.es\\\/noticias\\\/category\\\/el-tiempo\\\/#listItem\",\"name\":\"El tiempo\"}}]},{\"@type\":\"NewsArticle\",\"@id\":\"https:\\\/\\\/candas365.es\\\/noticias\\\/el-tiempo-en-candas-hoy-miercoles-1-de-abril-2026\\\/#newsarticle\",\"name\":\"El tiempo en Cand\\u00e1s hoy mi\\u00e9rcoles 1 de abril 2026 | Cand\\u00e1s 365\",\"headline\":\"El tiempo en Cand\\u00e1s hoy mi\\u00e9rcoles 1 de abril 2026\",\"author\":{\"@id\":\"https:\\\/\\\/candas365.es\\\/noticias\\\/author\\\/admin\\\/#author\"},\"publisher\":{\"@id\":\"https:\\\/\\\/candas365.es\\\/noticias\\\/#organization\"},\"image\":{\"@type\":\"ImageObject\",\"url\":\"https:\\\/\\\/candas365.es\\\/noticias\\\/wp-content\\\/uploads\\\/2026\\\/04\\\/El-tiempo-en-Candas-hoy-miercoles-1-de-abril-2026.jpg\",\"width\":1231,\"height\":830,\"caption\":\"Foto: Cand\\u00e1s 365\"},\"datePublished\":\"2026-04-01T08:10:16+02:00\",\"dateModified\":\"2026-04-01T08:10:16+02:00\",\"inLanguage\":\"es-ES\",\"mainEntityOfPage\":{\"@id\":\"https:\\\/\\\/candas365.es\\\/noticias\\\/el-tiempo-en-candas-hoy-miercoles-1-de-abril-2026\\\/#webpage\"},\"isPartOf\":{\"@id\":\"https:\\\/\\\/candas365.es\\\/noticias\\\/el-tiempo-en-candas-hoy-miercoles-1-de-abril-2026\\\/#webpage\"},\"articleSection\":\"El tiempo, Cand\\u00e1s, El tiempo\",\"dateline\":\"Publicado el abril 1, 2026.\"},{\"@type\":\"Organization\",\"@id\":\"https:\\\/\\\/candas365.es\\\/noticias\\\/#organization\",\"name\":\"Cand\\u00e1s 365\",\"description\":\"Cand\\u00e1s 365 es un diario digital independiente, fundado en 2012, con base en Asturias. Informamos con rigor sobre actualidad, sociedad, cultura y ocio, con una mirada local y global.\",\"url\":\"https:\\\/\\\/candas365.es\\\/noticias\\\/\",\"email\":\"info@candas365.es\",\"telephone\":\"+34652131393\",\"foundingDate\":\"2012-06-10\",\"logo\":{\"@type\":\"ImageObject\",\"url\":\"https:\\\/\\\/candas365.es\\\/noticias\\\/wp-content\\\/uploads\\\/2024\\\/09\\\/Candas-365-Redes.jpg\",\"@id\":\"https:\\\/\\\/candas365.es\\\/noticias\\\/el-tiempo-en-candas-hoy-miercoles-1-de-abril-2026\\\/#organizationLogo\",\"width\":1152,\"height\":864,\"caption\":\"Cand\\u00e1s 365 Redes\"},\"image\":{\"@id\":\"https:\\\/\\\/candas365.es\\\/noticias\\\/el-tiempo-en-candas-hoy-miercoles-1-de-abril-2026\\\/#organizationLogo\"},\"sameAs\":[\"https:\\\/\\\/www.facebook.com\\\/Nachofdezber\",\"https:\\\/\\\/x.com\\\/NabercoDigital\",\"https:\\\/\\\/www.instagram.com\\\/nachofdezber\\\/\",\"https:\\\/\\\/www.youtube.com\\\/channel\\\/UCZP-2wLEB9Rv6erhFmqVnvg\"],\"address\":{\"@id\":\"https:\\\/\\\/candas365.es\\\/noticias\\\/#postaladdress\",\"@type\":\"PostalAddress\",\"streetAddress\":\"san antonio 4, san antonio 4\",\"postalCode\":\"33430\",\"addressLocality\":\"Cand\\u00e1s\",\"addressRegion\":\"Asturias\",\"addressCountry\":\"ES\"}},{\"@type\":\"Person\",\"@id\":\"https:\\\/\\\/candas365.es\\\/noticias\\\/author\\\/admin\\\/#author\",\"url\":\"https:\\\/\\\/candas365.es\\\/noticias\\\/author\\\/admin\\\/\",\"name\":\"Cand\\u00e1s 365\",\"image\":{\"@type\":\"ImageObject\",\"@id\":\"https:\\\/\\\/candas365.es\\\/noticias\\\/el-tiempo-en-candas-hoy-miercoles-1-de-abril-2026\\\/#authorImage\",\"url\":\"https:\\\/\\\/secure.gravatar.com\\\/avatar\\\/496a8e03d0c493ede1718b7934145dbdf8d89be1036b0eec9544e1094c9de390?s=96&d=mm&r=g\",\"width\":96,\"height\":96,\"caption\":\"Cand\\u00e1s 365\"},\"sameAs\":[\"https:\\\/\\\/www.facebook.com\\\/carrenoactualidad\",\"https:\\\/\\\/twitter.com\\\/nbasturias\",\"https:\\\/\\\/www.instagram.com\\\/nachofdezber\\\/\",\"https:\\\/\\\/www.youtube.com\\\/channel\\\/UCZP-2wLEB9Rv6erhFmqVnvg\"]},{\"@type\":\"WebPage\",\"@id\":\"https:\\\/\\\/candas365.es\\\/noticias\\\/el-tiempo-en-candas-hoy-miercoles-1-de-abril-2026\\\/#webpage\",\"url\":\"https:\\\/\\\/candas365.es\\\/noticias\\\/el-tiempo-en-candas-hoy-miercoles-1-de-abril-2026\\\/\",\"name\":\"El tiempo en Cand\\u00e1s hoy mi\\u00e9rcoles 1 de abril 2026 | Cand\\u00e1s 365\",\"description\":\"Estrenamos el mes de abril de 2026 en Cand\\u00e1s y resto de Asturias con una jornada en la que seg\\u00fan informa AEMET en su previsi\\u00f3n del tiempo para hoy mi\\u00e9rcoles\",\"inLanguage\":\"es-ES\",\"isPartOf\":{\"@id\":\"https:\\\/\\\/candas365.es\\\/noticias\\\/#website\"},\"breadcrumb\":{\"@id\":\"https:\\\/\\\/candas365.es\\\/noticias\\\/el-tiempo-en-candas-hoy-miercoles-1-de-abril-2026\\\/#breadcrumblist\"},\"author\":{\"@id\":\"https:\\\/\\\/candas365.es\\\/noticias\\\/author\\\/admin\\\/#author\"},\"creator\":{\"@id\":\"https:\\\/\\\/candas365.es\\\/noticias\\\/author\\\/admin\\\/#author\"},\"image\":{\"@type\":\"ImageObject\",\"url\":\"https:\\\/\\\/candas365.es\\\/noticias\\\/wp-content\\\/uploads\\\/2026\\\/04\\\/El-tiempo-en-Candas-hoy-miercoles-1-de-abril-2026.jpg\",\"@id\":\"https:\\\/\\\/candas365.es\\\/noticias\\\/el-tiempo-en-candas-hoy-miercoles-1-de-abril-2026\\\/#mainImage\",\"width\":1231,\"height\":830,\"caption\":\"Foto: Cand\\u00e1s 365\"},\"primaryImageOfPage\":{\"@id\":\"https:\\\/\\\/candas365.es\\\/noticias\\\/el-tiempo-en-candas-hoy-miercoles-1-de-abril-2026\\\/#mainImage\"},\"datePublished\":\"2026-04-01T08:10:16+02:00\",\"dateModified\":\"2026-04-01T08:10:16+02:00\"},{\"@type\":\"WebSite\",\"@id\":\"https:\\\/\\\/candas365.es\\\/noticias\\\/#website\",\"url\":\"https:\\\/\\\/candas365.es\\\/noticias\\\/\",\"name\":\"Cand\\u00e1s 365\",\"alternateName\":\"Cand\\u00e1s 365 Noticias\",\"description\":\"Actualidad desde Carre\\u00f1o para el mundo\",\"inLanguage\":\"es-ES\",\"publisher\":{\"@id\":\"https:\\\/\\\/candas365.es\\\/noticias\\\/#organization\"}}]}\n\t\t<\/script>\n\t\t<!-- All in One SEO Pro -->\r\n\t\t<title>El tiempo en Cand\u00e1s hoy mi\u00e9rcoles 1 de abril 2026 | Cand\u00e1s 365<\/title>\n\n","aioseo_head_json":{"title":"El tiempo en Cand\u00e1s hoy mi\u00e9rcoles 1 de abril 2026 | Cand\u00e1s 365","description":"Estrenamos el mes de abril de 2026 en Cand\u00e1s y resto de Asturias con una jornada en la que seg\u00fan informa AEMET en su previsi\u00f3n del tiempo para hoy mi\u00e9rcoles","canonical_url":"https:\/\/candas365.es\/noticias\/el-tiempo-en-candas-hoy-miercoles-1-de-abril-2026\/","robots":"max-image-preview:large","keywords":"el tiempo","webmasterTools":{"google-site-verification":"UA-32230408-1","msvalidate.01":"354F3CDFB2DA171B47FBE9ABF1F88D5","miscellaneous":""},"schema":{"@context":"https:\/\/schema.org","@graph":[{"@type":"BreadcrumbList","@id":"https:\/\/candas365.es\/noticias\/el-tiempo-en-candas-hoy-miercoles-1-de-abril-2026\/#breadcrumblist","itemListElement":[{"@type":"ListItem","@id":"https:\/\/candas365.es\/noticias#listItem","position":1,"name":"Home","item":"https:\/\/candas365.es\/noticias","nextItem":{"@type":"ListItem","@id":"https:\/\/candas365.es\/noticias\/category\/el-tiempo\/#listItem","name":"El tiempo"}},{"@type":"ListItem","@id":"https:\/\/candas365.es\/noticias\/category\/el-tiempo\/#listItem","position":2,"name":"El tiempo","item":"https:\/\/candas365.es\/noticias\/category\/el-tiempo\/","nextItem":{"@type":"ListItem","@id":"https:\/\/candas365.es\/noticias\/el-tiempo-en-candas-hoy-miercoles-1-de-abril-2026\/#listItem","name":"El tiempo en Cand\u00e1s hoy mi\u00e9rcoles 1 de abril 2026"},"previousItem":{"@type":"ListItem","@id":"https:\/\/candas365.es\/noticias#listItem","name":"Home"}},{"@type":"ListItem","@id":"https:\/\/candas365.es\/noticias\/el-tiempo-en-candas-hoy-miercoles-1-de-abril-2026\/#listItem","position":3,"name":"El tiempo en Cand\u00e1s hoy mi\u00e9rcoles 1 de abril 2026","previousItem":{"@type":"ListItem","@id":"https:\/\/candas365.es\/noticias\/category\/el-tiempo\/#listItem","name":"El tiempo"}}]},{"@type":"NewsArticle","@id":"https:\/\/candas365.es\/noticias\/el-tiempo-en-candas-hoy-miercoles-1-de-abril-2026\/#newsarticle","name":"El tiempo en Cand\u00e1s hoy mi\u00e9rcoles 1 de abril 2026 | Cand\u00e1s 365","headline":"El tiempo en Cand\u00e1s hoy mi\u00e9rcoles 1 de abril 2026","author":{"@id":"https:\/\/candas365.es\/noticias\/author\/admin\/#author"},"publisher":{"@id":"https:\/\/candas365.es\/noticias\/#organization"},"image":{"@type":"ImageObject","url":"https:\/\/candas365.es\/noticias\/wp-content\/uploads\/2026\/04\/El-tiempo-en-Candas-hoy-miercoles-1-de-abril-2026.jpg","width":1231,"height":830,"caption":"Foto: Cand\u00e1s 365"},"datePublished":"2026-04-01T08:10:16+02:00","dateModified":"2026-04-01T08:10:16+02:00","inLanguage":"es-ES","mainEntityOfPage":{"@id":"https:\/\/candas365.es\/noticias\/el-tiempo-en-candas-hoy-miercoles-1-de-abril-2026\/#webpage"},"isPartOf":{"@id":"https:\/\/candas365.es\/noticias\/el-tiempo-en-candas-hoy-miercoles-1-de-abril-2026\/#webpage"},"articleSection":"El tiempo, Cand\u00e1s, El tiempo","dateline":"Publicado el abril 1, 2026."},{"@type":"Organization","@id":"https:\/\/candas365.es\/noticias\/#organization","name":"Cand\u00e1s 365","description":"Cand\u00e1s 365 es un diario digital independiente, fundado en 2012, con base en Asturias. Informamos con rigor sobre actualidad, sociedad, cultura y ocio, con una mirada local y global.","url":"https:\/\/candas365.es\/noticias\/","email":"info@candas365.es","telephone":"+34652131393","foundingDate":"2012-06-10","logo":{"@type":"ImageObject","url":"https:\/\/candas365.es\/noticias\/wp-content\/uploads\/2024\/09\/Candas-365-Redes.jpg","@id":"https:\/\/candas365.es\/noticias\/el-tiempo-en-candas-hoy-miercoles-1-de-abril-2026\/#organizationLogo","width":1152,"height":864,"caption":"Cand\u00e1s 365 Redes"},"image":{"@id":"https:\/\/candas365.es\/noticias\/el-tiempo-en-candas-hoy-miercoles-1-de-abril-2026\/#organizationLogo"},"sameAs":["https:\/\/www.facebook.com\/Nachofdezber","https:\/\/x.com\/NabercoDigital","https:\/\/www.instagram.com\/nachofdezber\/","https:\/\/www.youtube.com\/channel\/UCZP-2wLEB9Rv6erhFmqVnvg"],"address":{"@id":"https:\/\/candas365.es\/noticias\/#postaladdress","@type":"PostalAddress","streetAddress":"san antonio 4, san antonio 4","postalCode":"33430","addressLocality":"Cand\u00e1s","addressRegion":"Asturias","addressCountry":"ES"}},{"@type":"Person","@id":"https:\/\/candas365.es\/noticias\/author\/admin\/#author","url":"https:\/\/candas365.es\/noticias\/author\/admin\/","name":"Cand\u00e1s 365","image":{"@type":"ImageObject","@id":"https:\/\/candas365.es\/noticias\/el-tiempo-en-candas-hoy-miercoles-1-de-abril-2026\/#authorImage","url":"https:\/\/secure.gravatar.com\/avatar\/496a8e03d0c493ede1718b7934145dbdf8d89be1036b0eec9544e1094c9de390?s=96&d=mm&r=g","width":96,"height":96,"caption":"Cand\u00e1s 365"},"sameAs":["https:\/\/www.facebook.com\/carrenoactualidad","https:\/\/twitter.com\/nbasturias","https:\/\/www.instagram.com\/nachofdezber\/","https:\/\/www.youtube.com\/channel\/UCZP-2wLEB9Rv6erhFmqVnvg"]},{"@type":"WebPage","@id":"https:\/\/candas365.es\/noticias\/el-tiempo-en-candas-hoy-miercoles-1-de-abril-2026\/#webpage","url":"https:\/\/candas365.es\/noticias\/el-tiempo-en-candas-hoy-miercoles-1-de-abril-2026\/","name":"El tiempo en Cand\u00e1s hoy mi\u00e9rcoles 1 de abril 2026 | Cand\u00e1s 365","description":"Estrenamos el mes de abril de 2026 en Cand\u00e1s y resto de Asturias con una jornada en la que seg\u00fan informa AEMET en su previsi\u00f3n del tiempo para hoy mi\u00e9rcoles","inLanguage":"es-ES","isPartOf":{"@id":"https:\/\/candas365.es\/noticias\/#website"},"breadcrumb":{"@id":"https:\/\/candas365.es\/noticias\/el-tiempo-en-candas-hoy-miercoles-1-de-abril-2026\/#breadcrumblist"},"author":{"@id":"https:\/\/candas365.es\/noticias\/author\/admin\/#author"},"creator":{"@id":"https:\/\/candas365.es\/noticias\/author\/admin\/#author"},"image":{"@type":"ImageObject","url":"https:\/\/candas365.es\/noticias\/wp-content\/uploads\/2026\/04\/El-tiempo-en-Candas-hoy-miercoles-1-de-abril-2026.jpg","@id":"https:\/\/candas365.es\/noticias\/el-tiempo-en-candas-hoy-miercoles-1-de-abril-2026\/#mainImage","width":1231,"height":830,"caption":"Foto: Cand\u00e1s 365"},"primaryImageOfPage":{"@id":"https:\/\/candas365.es\/noticias\/el-tiempo-en-candas-hoy-miercoles-1-de-abril-2026\/#mainImage"},"datePublished":"2026-04-01T08:10:16+02:00","dateModified":"2026-04-01T08:10:16+02:00"},{"@type":"WebSite","@id":"https:\/\/candas365.es\/noticias\/#website","url":"https:\/\/candas365.es\/noticias\/","name":"Cand\u00e1s 365","alternateName":"Cand\u00e1s 365 Noticias","description":"Actualidad desde Carre\u00f1o para el mundo","inLanguage":"es-ES","publisher":{"@id":"https:\/\/candas365.es\/noticias\/#organization"}}]},"og:locale":"es_ES","og:site_name":"Cand\u00e1s 365","og:type":"article","og:title":"El tiempo en Cand\u00e1s hoy mi\u00e9rcoles 1 de abril 2026 | Cand\u00e1s 365","og:description":"Estrenamos el mes de abril de 2026 en Cand\u00e1s y resto de Asturias con una jornada en la que seg\u00fan informa AEMET en su previsi\u00f3n del tiempo para hoy mi\u00e9rcoles","og:url":"https:\/\/candas365.es\/noticias\/el-tiempo-en-candas-hoy-miercoles-1-de-abril-2026\/","og:image":"https:\/\/candas365.es\/noticias\/wp-content\/uploads\/2026\/04\/El-tiempo-en-Candas-hoy-miercoles-1-de-abril-2026.jpg","og:image:secure_url":"https:\/\/candas365.es\/noticias\/wp-content\/uploads\/2026\/04\/El-tiempo-en-Candas-hoy-miercoles-1-de-abril-2026.jpg","og:image:width":1231,"og:image:height":830,"article:published_time":"2026-04-01T06:10:16+00:00","article:modified_time":"2026-04-01T06:10:16+00:00","article:publisher":"https:\/\/www.facebook.com\/Nachofdezber","article:author":"https:\/\/www.facebook.com\/carrenoactualidad","twitter:card":"summary_large_image","twitter:site":"@NabercoDigital","twitter:title":"El tiempo en Cand\u00e1s hoy mi\u00e9rcoles 1 de abril 2026 | Cand\u00e1s 365","twitter:description":"Estrenamos el mes de abril de 2026 en Cand\u00e1s y resto de Asturias con una jornada en la que seg\u00fan informa AEMET en su previsi\u00f3n del tiempo para hoy mi\u00e9rcoles","twitter:creator":"@nbasturias","twitter:image":"https:\/\/candas365.es\/noticias\/wp-content\/uploads\/2026\/04\/El-tiempo-en-Candas-hoy-miercoles-1-de-abril-2026.jpg","twitter:label1":"Escrito por","twitter:data1":"Cand\u00e1s 365","twitter:label2":"Tiempo de lectura estimado","twitter:data2":"1 minuto"},"aioseo_meta_data":{"post_id":"193530","title":null,"description":"Estrenamos el mes de abril de 2026 en Cand\u00e1s y resto de Asturias con una jornada en la que seg\u00fan informa AEMET en su previsi\u00f3n del tiempo para hoy mi\u00e9rcoles","keywords":null,"keyphrases":{"focus":{"keyphrase":"Cand\u00e1s","score":100,"analysis":{"keyphraseInTitle":{"score":9,"maxScore":9,"error":0},"keyphraseInDescription":{"score":9,"maxScore":9,"error":0},"keyphraseLength":{"score":9,"maxScore":9,"error":0,"length":2},"keyphraseInURL":{"score":5,"maxScore":5,"error":0},"keyphraseInIntroduction":{"score":9,"maxScore":9,"error":0},"keyphraseInSubHeadings":[],"keyphraseInImageAlt":{"score":9,"maxScore":9,"error":0},"keywordDensity":{"type":"best","score":9,"maxScore":9,"error":0}}},"additional":[{"keyphrase":"tiempo","score":100,"analysis":{"keyphraseInDescription":{"score":9,"maxScore":9,"error":0},"keyphraseLength":{"score":9,"maxScore":9,"error":0,"length":1},"keyphraseInIntroduction":{"score":9,"maxScore":9,"error":0},"keyphraseInImageAlt":{"score":9,"maxScore":9,"error":0},"keywordDensity":{"type":"best","score":9,"maxScore":9,"error":0}}}]},"primary_term":null,"canonical_url":null,"og_title":null,"og_description":null,"og_object_type":"default","og_image_type":"default","og_image_url":null,"og_image_width":null,"og_image_height":null,"og_image_custom_url":null,"og_image_custom_fields":null,"og_video":"","og_custom_url":null,"og_article_section":null,"og_article_tags":null,"twitter_use_og":false,"twitter_card":"default","twitter_image_type":"default","twitter_image_url":null,"twitter_image_custom_url":null,"twitter_image_custom_fields":null,"twitter_title":null,"twitter_description":null,"schema":{"blockGraphs":[],"customGraphs":[],"default":{"data":{"Article":[],"Course":[],"Dataset":[],"FAQPage":[],"Movie":[],"Person":[],"Product":[],"ProductReview":[],"Car":[],"Recipe":[],"Service":[],"SoftwareApplication":[],"WebPage":[]},"graphName":"NewsArticle","isEnabled":true},"graphs":[]},"schema_type":"default","schema_type_options":null,"pillar_content":false,"robots_default":true,"robots_noindex":false,"robots_noarchive":false,"robots_nosnippet":false,"robots_nofollow":false,"robots_noimageindex":false,"robots_noodp":false,"robots_notranslate":false,"robots_max_snippet":"-1","robots_max_videopreview":"-1","robots_max_imagepreview":"large","priority":null,"frequency":"default","location":null,"local_seo":null,"seo_analyzer_scan_date":"2026-04-01 06:50:54","breadcrumb_settings":null,"limit_modified_date":false,"reviewed_by":null,"open_ai":null,"ai":{"faqs":[],"keyPoints":[],"titles":[],"descriptions":[],"socialPosts":{"email":[],"linkedin":[],"twitter":[],"facebook":[],"instagram":[]}},"created":"2026-04-01 06:02:12","updated":"2026-04-01 06:50:54"},"aioseo_breadcrumb":"<div class=\"aioseo-breadcrumbs\"><span class=\"aioseo-breadcrumb\">\n\t<a href=\"https:\/\/candas365.es\/noticias\" title=\"Home\">Home<\/a>\n<\/span><span class=\"aioseo-breadcrumb-separator\">&ndash;<\/span><span class=\"aioseo-breadcrumb\">\n\t<a href=\"https:\/\/candas365.es\/noticias\/category\/el-tiempo\/\" title=\"El tiempo\">El tiempo<\/a>\n<\/span><span class=\"aioseo-breadcrumb-separator\">&ndash;<\/span><span class=\"aioseo-breadcrumb\">\n\tEl tiempo en Cand\u00e1s hoy mi\u00e9rcoles 1 de abril 2026\n<\/span><\/div>","aioseo_breadcrumb_json":[{"label":"Home","link":"https:\/\/candas365.es\/noticias"},{"label":"El tiempo","link":"https:\/\/candas365.es\/noticias\/category\/el-tiempo\/"},{"label":"El tiempo en Cand\u00e1s hoy mi\u00e9rcoles 1 de abril 2026","link":"https:\/\/candas365.es\/noticias\/el-tiempo-en-candas-hoy-miercoles-1-de-abril-2026\/"}],"_links":{"self":[{"href":"https:\/\/candas365.es\/noticias\/wp-json\/wp\/v2\/posts\/193530","targetHints":{"allow":["GET"]}}],"collection":[{"href":"https:\/\/candas365.es\/noticias\/wp-json\/wp\/v2\/posts"}],"about":[{"href":"https:\/\/candas365.es\/noticias\/wp-json\/wp\/v2\/types\/post"}],"author":[{"embeddable":true,"href":"https:\/\/candas365.es\/noticias\/wp-json\/wp\/v2\/users\/1"}],"replies":[{"embeddable":true,"href":"https:\/\/candas365.es\/noticias\/wp-json\/wp\/v2\/comments?post=193530"}],"version-history":[{"count":0,"href":"https:\/\/candas365.es\/noticias\/wp-json\/wp\/v2\/posts\/193530\/revisions"}],"wp:featuredmedia":[{"embeddable":true,"href":"https:\/\/candas365.es\/noticias\/wp-json\/wp\/v2\/media\/193531"}],"wp:attachment":[{"href":"https:\/\/candas365.es\/noticias\/wp-json\/wp\/v2\/media?parent=193530"}],"wp:term":[{"taxonomy":"category","embeddable":true,"href":"https:\/\/candas365.es\/noticias\/wp-json\/wp\/v2\/categories?post=193530"},{"taxonomy":"post_tag","embeddable":true,"href":"https:\/\/candas365.es\/noticias\/wp-json\/wp\/v2\/tags?post=193530"}],"curies":[{"name":"wp","href":"https:\/\/api.w.org\/{rel}","templated":true}]}}