{"id":193521,"date":"2026-04-01T06:59:58","date_gmt":"2026-04-01T04:59:58","guid":{"rendered":"https:\/\/candas365.es\/noticias\/?p=193521"},"modified":"2026-04-01T06:59:58","modified_gmt":"2026-04-01T04:59:58","slug":"corvera-forma-a-once-jovenes-en-jardineria","status":"publish","type":"post","link":"https:\/\/candas365.es\/noticias\/corvera-forma-a-once-jovenes-en-jardineria\/","title":{"rendered":"Corvera forma a once j\u00f3venes en jardiner\u00eda"},"content":{"rendered":"<p class=\"font-claude-response-body break-words whitespace-normal leading-[1.7]\">La Escuela Taller Corverde del <a href=\"https:\/\/www.corvera.es\/\" target=\"_blank\" rel=\"noopener\"><span style=\"color: #ff6600;\"><strong>Ayuntamiento de Corvera<\/strong><\/span><\/a> ha concluido tras doce meses de formaci\u00f3n y trabajo. De los 12 alumnos participantes, <strong>11 finalizaron el programa con \u00e9xito<\/strong>, un 91,7% de finalizaci\u00f3n, y 10 obtuvieron certificados de profesionalidad de nivel 1 y 2 en jardiner\u00eda, lo que representa el 83,3% del total del alumnado.<\/p>\n<figure id=\"attachment_193522\" aria-describedby=\"caption-attachment-193522\" style=\"width: 650px\" class=\"wp-caption aligncenter\"><img fetchpriority=\"high\" decoding=\"async\" class=\"size-large wp-image-193522\" src=\"https:\/\/candas365.es\/noticias\/wp-content\/uploads\/2026\/04\/Corvera-forma-a-once-jovenes-en-jardineria-650x358.jpg\" alt=\"Corvera forma a once j\u00f3venes en jardiner\u00eda\" width=\"650\" height=\"358\" srcset=\"https:\/\/candas365.es\/noticias\/wp-content\/uploads\/2026\/04\/Corvera-forma-a-once-jovenes-en-jardineria-650x358.jpg 650w, https:\/\/candas365.es\/noticias\/wp-content\/uploads\/2026\/04\/Corvera-forma-a-once-jovenes-en-jardineria-360x198.jpg 360w, https:\/\/candas365.es\/noticias\/wp-content\/uploads\/2026\/04\/Corvera-forma-a-once-jovenes-en-jardineria-768x423.jpg 768w, https:\/\/candas365.es\/noticias\/wp-content\/uploads\/2026\/04\/Corvera-forma-a-once-jovenes-en-jardineria-150x83.jpg 150w, https:\/\/candas365.es\/noticias\/wp-content\/uploads\/2026\/04\/Corvera-forma-a-once-jovenes-en-jardineria-450x248.jpg 450w, https:\/\/candas365.es\/noticias\/wp-content\/uploads\/2026\/04\/Corvera-forma-a-once-jovenes-en-jardineria.jpg 1195w\" sizes=\"(max-width: 650px) 100vw, 650px\" \/><figcaption id=\"caption-attachment-193522\" class=\"wp-caption-text\">Foto: Prensa Ayuntamiento de Corvera<\/figcaption><\/figure>\n<p class=\"font-claude-response-body break-words whitespace-normal leading-[1.7]\">El programa, dirigido a j\u00f3venes menores de 30 a\u00f1os, combin\u00f3 tres meses de formaci\u00f3n te\u00f3rica con nueve meses de contrato de formaci\u00f3n en alternancia con el Ayuntamiento. Durante ese periodo, los alumnos trabajaron en la mejora de zonas verdes del concejo: el entorno del Centro de Salud, La Marzaniella, El Poblad\u00edn, la pista finlandesa y el entorno de <a href=\"https:\/\/candas365.es\/noticias\/category\/asturias\/\"><span style=\"color: #ff6600;\"><strong>Los Campos<\/strong><\/span><\/a>, entre otros espacios.<\/p>\n<p class=\"font-claude-response-body break-words whitespace-normal leading-[1.7]\">La concejala de Desarrollo Econ\u00f3mico, Roc\u00edo Mart\u00ednez, acudi\u00f3 esta ma\u00f1ana al Centro de Formaci\u00f3n de Los Campos para despedir a los alumnos. Mart\u00ednez destac\u00f3 que \u00abla finalizaci\u00f3n de esta Escuela Taller confirma que invertir en formaci\u00f3n es invertir en oportunidades reales para nuestros j\u00f3venes\u00bb y subray\u00f3 que \u00ablos resultados hablan por s\u00ed solos: alta participaci\u00f3n, formaci\u00f3n cualificada y ya los primeros pasos hacia el empleo\u00bb. La concejala incidi\u00f3 tambi\u00e9n en el impacto sobre el municipio: \u00abestos programas tienen un efecto directo en las personas que participan, pero tambi\u00e9n en el conjunto del municipio, porque permiten mejorar espacios que son de todos\u00bb.<\/p>\n<h2 class=\"text-text-100 mt-3 -mb-1 text-[1.125rem] font-bold\">Una subvenci\u00f3n de 248.398 euros del Principado<\/h2>\n<p class=\"font-claude-response-body break-words whitespace-normal leading-[1.7]\">El proyecto Corverde se puso en marcha tras la aprobaci\u00f3n del <a href=\"https:\/\/actualidad.asturias.es\/\" target=\"_blank\" rel=\"noopener\"><span style=\"color: #ff6600;\"><strong>Principado de Asturias<\/strong><\/span><\/a> y la concesi\u00f3n de una subvenci\u00f3n de 248.398,92 euros. Adem\u00e1s del alumnado, el programa cont\u00f3 con un equipo formado por direcci\u00f3n, monitor y apoyo administrativo.<\/p>\n<p class=\"font-claude-response-body break-words whitespace-normal leading-[1.7]\">El Ayuntamiento de Corvera cuenta tambi\u00e9n con los Talleres de Empleo, programas experienciales de car\u00e1cter temporal dirigidos a mayores de 30 a\u00f1os en situaci\u00f3n de desempleo, que combinan igualmente cualificaci\u00f3n y pr\u00e1ctica profesional para mejorar su inserci\u00f3n laboral.<\/p>\n","protected":false},"excerpt":{"rendered":"<p>La Escuela Taller Corverde del Ayuntamiento de Corvera ha concluido tras doce meses de formaci\u00f3n y trabajo. De los 12 alumnos participantes, 11 finalizaron el programa con \u00e9xito, un 91,7% de finalizaci\u00f3n, y 10 obtuvieron certificados de profesionalidad de nivel 1 y 2 en jardiner\u00eda, lo que representa el 83,3% del total del alumnado. El<\/p>\n","protected":false},"author":1,"featured_media":193522,"comment_status":"closed","ping_status":"closed","sticky":false,"template":"","format":"standard","meta":{"footnotes":""},"categories":[7],"tags":[380,540],"class_list":{"0":"post-193521","1":"post","2":"type-post","3":"status-publish","4":"format-standard","5":"has-post-thumbnail","7":"category-asturias","8":"tag-asturias","9":"tag-corvera"},"aioseo_notices":[],"aioseo_head":"\n\t\t<!-- All in One SEO Pro 4.9.6.2 - aioseo.com -->\n\t<meta name=\"description\" content=\"La Escuela Taller Corverde del Ayuntamiento de Corvera ha concluido tras doce meses de formaci\u00f3n y trabajo. De los 12 alumnos participantes, 11 finalizaron\" \/>\n\t<meta name=\"robots\" content=\"max-image-preview:large\" \/>\n\t<meta name=\"author\" content=\"Cand\u00e1s 365\"\/>\n\t<meta name=\"google-site-verification\" content=\"UA-32230408-1\" \/>\n\t<meta name=\"msvalidate.01\" content=\"354F3CDFB2DA171B47FBE9ABF1F88D5\" \/>\n\t<meta name=\"keywords\" content=\"asturias\" \/>\n\t<link rel=\"canonical\" href=\"https:\/\/candas365.es\/noticias\/corvera-forma-a-once-jovenes-en-jardineria\/\" \/>\n\t<meta name=\"generator\" content=\"All in One SEO Pro (AIOSEO) 4.9.6.2\" \/>\n\t\t<meta property=\"og:locale\" content=\"es_ES\" \/>\n\t\t<meta property=\"og:site_name\" content=\"Cand\u00e1s 365\" \/>\n\t\t<meta property=\"og:type\" content=\"article\" \/>\n\t\t<meta property=\"og:title\" content=\"Corvera forma a once j\u00f3venes en jardiner\u00eda | Cand\u00e1s 365\" \/>\n\t\t<meta property=\"og:description\" content=\"La Escuela Taller Corverde del Ayuntamiento de Corvera ha concluido tras doce meses de formaci\u00f3n y trabajo. De los 12 alumnos participantes, 11 finalizaron\" \/>\n\t\t<meta property=\"og:url\" content=\"https:\/\/candas365.es\/noticias\/corvera-forma-a-once-jovenes-en-jardineria\/\" \/>\n\t\t<meta property=\"og:image\" content=\"https:\/\/candas365.es\/noticias\/wp-content\/uploads\/2026\/04\/Corvera-forma-a-once-jovenes-en-jardineria.jpg\" \/>\n\t\t<meta property=\"og:image:secure_url\" content=\"https:\/\/candas365.es\/noticias\/wp-content\/uploads\/2026\/04\/Corvera-forma-a-once-jovenes-en-jardineria.jpg\" \/>\n\t\t<meta property=\"og:image:width\" content=\"1195\" \/>\n\t\t<meta property=\"og:image:height\" content=\"658\" \/>\n\t\t<meta property=\"article:published_time\" content=\"2026-04-01T04:59:58+00:00\" \/>\n\t\t<meta property=\"article:modified_time\" content=\"2026-04-01T04:59:58+00:00\" \/>\n\t\t<meta property=\"article:publisher\" content=\"https:\/\/www.facebook.com\/Nachofdezber\" \/>\n\t\t<meta property=\"article:author\" content=\"https:\/\/www.facebook.com\/carrenoactualidad\" \/>\n\t\t<meta name=\"twitter:card\" content=\"summary_large_image\" \/>\n\t\t<meta name=\"twitter:site\" content=\"@NabercoDigital\" \/>\n\t\t<meta name=\"twitter:title\" content=\"Corvera forma a once j\u00f3venes en jardiner\u00eda | Cand\u00e1s 365\" \/>\n\t\t<meta name=\"twitter:description\" content=\"La Escuela Taller Corverde del Ayuntamiento de Corvera ha concluido tras doce meses de formaci\u00f3n y trabajo. De los 12 alumnos participantes, 11 finalizaron\" \/>\n\t\t<meta name=\"twitter:creator\" content=\"@nbasturias\" \/>\n\t\t<meta name=\"twitter:image\" content=\"https:\/\/candas365.es\/noticias\/wp-content\/uploads\/2026\/04\/Corvera-forma-a-once-jovenes-en-jardineria.jpg\" \/>\n\t\t<meta name=\"twitter:label1\" content=\"Escrito por\" \/>\n\t\t<meta name=\"twitter:data1\" content=\"Cand\u00e1s 365\" \/>\n\t\t<meta name=\"twitter:label2\" content=\"Tiempo de lectura estimado\" \/>\n\t\t<meta name=\"twitter:data2\" content=\"2 minutos\" \/>\n\t\t<script type=\"application\/ld+json\" class=\"aioseo-schema\">\n\t\t\t{\"@context\":\"https:\\\/\\\/schema.org\",\"@graph\":[{\"@type\":\"BreadcrumbList\",\"@id\":\"https:\\\/\\\/candas365.es\\\/noticias\\\/corvera-forma-a-once-jovenes-en-jardineria\\\/#breadcrumblist\",\"itemListElement\":[{\"@type\":\"ListItem\",\"@id\":\"https:\\\/\\\/candas365.es\\\/noticias#listItem\",\"position\":1,\"name\":\"Home\",\"item\":\"https:\\\/\\\/candas365.es\\\/noticias\",\"nextItem\":{\"@type\":\"ListItem\",\"@id\":\"https:\\\/\\\/candas365.es\\\/noticias\\\/category\\\/asturias\\\/#listItem\",\"name\":\"Asturias\"}},{\"@type\":\"ListItem\",\"@id\":\"https:\\\/\\\/candas365.es\\\/noticias\\\/category\\\/asturias\\\/#listItem\",\"position\":2,\"name\":\"Asturias\",\"item\":\"https:\\\/\\\/candas365.es\\\/noticias\\\/category\\\/asturias\\\/\",\"nextItem\":{\"@type\":\"ListItem\",\"@id\":\"https:\\\/\\\/candas365.es\\\/noticias\\\/corvera-forma-a-once-jovenes-en-jardineria\\\/#listItem\",\"name\":\"Corvera forma a once j\\u00f3venes en jardiner\\u00eda\"},\"previousItem\":{\"@type\":\"ListItem\",\"@id\":\"https:\\\/\\\/candas365.es\\\/noticias#listItem\",\"name\":\"Home\"}},{\"@type\":\"ListItem\",\"@id\":\"https:\\\/\\\/candas365.es\\\/noticias\\\/corvera-forma-a-once-jovenes-en-jardineria\\\/#listItem\",\"position\":3,\"name\":\"Corvera forma a once j\\u00f3venes en jardiner\\u00eda\",\"previousItem\":{\"@type\":\"ListItem\",\"@id\":\"https:\\\/\\\/candas365.es\\\/noticias\\\/category\\\/asturias\\\/#listItem\",\"name\":\"Asturias\"}}]},{\"@type\":\"NewsArticle\",\"@id\":\"https:\\\/\\\/candas365.es\\\/noticias\\\/corvera-forma-a-once-jovenes-en-jardineria\\\/#newsarticle\",\"name\":\"Corvera forma a once j\\u00f3venes en jardiner\\u00eda | Cand\\u00e1s 365\",\"headline\":\"Corvera forma a once j\\u00f3venes en jardiner\\u00eda\",\"author\":{\"@id\":\"https:\\\/\\\/candas365.es\\\/noticias\\\/author\\\/admin\\\/#author\"},\"publisher\":{\"@id\":\"https:\\\/\\\/candas365.es\\\/noticias\\\/#organization\"},\"image\":{\"@type\":\"ImageObject\",\"url\":\"https:\\\/\\\/candas365.es\\\/noticias\\\/wp-content\\\/uploads\\\/2026\\\/04\\\/Corvera-forma-a-once-jovenes-en-jardineria.jpg\",\"width\":1195,\"height\":658,\"caption\":\"Foto: Prensa Ayuntamiento de Corvera\"},\"datePublished\":\"2026-04-01T06:59:58+02:00\",\"dateModified\":\"2026-04-01T06:59:58+02:00\",\"inLanguage\":\"es-ES\",\"mainEntityOfPage\":{\"@id\":\"https:\\\/\\\/candas365.es\\\/noticias\\\/corvera-forma-a-once-jovenes-en-jardineria\\\/#webpage\"},\"isPartOf\":{\"@id\":\"https:\\\/\\\/candas365.es\\\/noticias\\\/corvera-forma-a-once-jovenes-en-jardineria\\\/#webpage\"},\"articleSection\":\"Asturias, Asturias, Corvera\",\"dateline\":\"Publicado el abril 1, 2026.\"},{\"@type\":\"Organization\",\"@id\":\"https:\\\/\\\/candas365.es\\\/noticias\\\/#organization\",\"name\":\"Cand\\u00e1s 365\",\"description\":\"Cand\\u00e1s 365 es un diario digital independiente, fundado en 2012, con base en Asturias. Informamos con rigor sobre actualidad, sociedad, cultura y ocio, con una mirada local y global.\",\"url\":\"https:\\\/\\\/candas365.es\\\/noticias\\\/\",\"email\":\"info@candas365.es\",\"telephone\":\"+34652131393\",\"foundingDate\":\"2012-06-10\",\"logo\":{\"@type\":\"ImageObject\",\"url\":\"https:\\\/\\\/candas365.es\\\/noticias\\\/wp-content\\\/uploads\\\/2024\\\/09\\\/Candas-365-Redes.jpg\",\"@id\":\"https:\\\/\\\/candas365.es\\\/noticias\\\/corvera-forma-a-once-jovenes-en-jardineria\\\/#organizationLogo\",\"width\":1152,\"height\":864,\"caption\":\"Cand\\u00e1s 365 Redes\"},\"image\":{\"@id\":\"https:\\\/\\\/candas365.es\\\/noticias\\\/corvera-forma-a-once-jovenes-en-jardineria\\\/#organizationLogo\"},\"sameAs\":[\"https:\\\/\\\/www.facebook.com\\\/Nachofdezber\",\"https:\\\/\\\/x.com\\\/NabercoDigital\",\"https:\\\/\\\/www.instagram.com\\\/nachofdezber\\\/\",\"https:\\\/\\\/www.youtube.com\\\/channel\\\/UCZP-2wLEB9Rv6erhFmqVnvg\"],\"address\":{\"@id\":\"https:\\\/\\\/candas365.es\\\/noticias\\\/#postaladdress\",\"@type\":\"PostalAddress\",\"streetAddress\":\"san antonio 4, san antonio 4\",\"postalCode\":\"33430\",\"addressLocality\":\"Cand\\u00e1s\",\"addressRegion\":\"Asturias\",\"addressCountry\":\"ES\"}},{\"@type\":\"Person\",\"@id\":\"https:\\\/\\\/candas365.es\\\/noticias\\\/author\\\/admin\\\/#author\",\"url\":\"https:\\\/\\\/candas365.es\\\/noticias\\\/author\\\/admin\\\/\",\"name\":\"Cand\\u00e1s 365\",\"image\":{\"@type\":\"ImageObject\",\"@id\":\"https:\\\/\\\/candas365.es\\\/noticias\\\/corvera-forma-a-once-jovenes-en-jardineria\\\/#authorImage\",\"url\":\"https:\\\/\\\/secure.gravatar.com\\\/avatar\\\/496a8e03d0c493ede1718b7934145dbdf8d89be1036b0eec9544e1094c9de390?s=96&d=mm&r=g\",\"width\":96,\"height\":96,\"caption\":\"Cand\\u00e1s 365\"},\"sameAs\":[\"https:\\\/\\\/www.facebook.com\\\/carrenoactualidad\",\"https:\\\/\\\/twitter.com\\\/nbasturias\",\"https:\\\/\\\/www.instagram.com\\\/nachofdezber\\\/\",\"https:\\\/\\\/www.youtube.com\\\/channel\\\/UCZP-2wLEB9Rv6erhFmqVnvg\"]},{\"@type\":\"WebPage\",\"@id\":\"https:\\\/\\\/candas365.es\\\/noticias\\\/corvera-forma-a-once-jovenes-en-jardineria\\\/#webpage\",\"url\":\"https:\\\/\\\/candas365.es\\\/noticias\\\/corvera-forma-a-once-jovenes-en-jardineria\\\/\",\"name\":\"Corvera forma a once j\\u00f3venes en jardiner\\u00eda | Cand\\u00e1s 365\",\"description\":\"La Escuela Taller Corverde del Ayuntamiento de Corvera ha concluido tras doce meses de formaci\\u00f3n y trabajo. De los 12 alumnos participantes, 11 finalizaron\",\"inLanguage\":\"es-ES\",\"isPartOf\":{\"@id\":\"https:\\\/\\\/candas365.es\\\/noticias\\\/#website\"},\"breadcrumb\":{\"@id\":\"https:\\\/\\\/candas365.es\\\/noticias\\\/corvera-forma-a-once-jovenes-en-jardineria\\\/#breadcrumblist\"},\"author\":{\"@id\":\"https:\\\/\\\/candas365.es\\\/noticias\\\/author\\\/admin\\\/#author\"},\"creator\":{\"@id\":\"https:\\\/\\\/candas365.es\\\/noticias\\\/author\\\/admin\\\/#author\"},\"image\":{\"@type\":\"ImageObject\",\"url\":\"https:\\\/\\\/candas365.es\\\/noticias\\\/wp-content\\\/uploads\\\/2026\\\/04\\\/Corvera-forma-a-once-jovenes-en-jardineria.jpg\",\"@id\":\"https:\\\/\\\/candas365.es\\\/noticias\\\/corvera-forma-a-once-jovenes-en-jardineria\\\/#mainImage\",\"width\":1195,\"height\":658,\"caption\":\"Foto: Prensa Ayuntamiento de Corvera\"},\"primaryImageOfPage\":{\"@id\":\"https:\\\/\\\/candas365.es\\\/noticias\\\/corvera-forma-a-once-jovenes-en-jardineria\\\/#mainImage\"},\"datePublished\":\"2026-04-01T06:59:58+02:00\",\"dateModified\":\"2026-04-01T06:59:58+02:00\"},{\"@type\":\"WebSite\",\"@id\":\"https:\\\/\\\/candas365.es\\\/noticias\\\/#website\",\"url\":\"https:\\\/\\\/candas365.es\\\/noticias\\\/\",\"name\":\"Cand\\u00e1s 365\",\"alternateName\":\"Cand\\u00e1s 365 Noticias\",\"description\":\"Actualidad desde Carre\\u00f1o para el mundo\",\"inLanguage\":\"es-ES\",\"publisher\":{\"@id\":\"https:\\\/\\\/candas365.es\\\/noticias\\\/#organization\"}}]}\n\t\t<\/script>\n\t\t<!-- All in One SEO Pro -->\r\n\t\t<title>Corvera forma a once j\u00f3venes en jardiner\u00eda | Cand\u00e1s 365<\/title>\n\n","aioseo_head_json":{"title":"Corvera forma a once j\u00f3venes en jardiner\u00eda | Cand\u00e1s 365","description":"La Escuela Taller Corverde del Ayuntamiento de Corvera ha concluido tras doce meses de formaci\u00f3n y trabajo. De los 12 alumnos participantes, 11 finalizaron","canonical_url":"https:\/\/candas365.es\/noticias\/corvera-forma-a-once-jovenes-en-jardineria\/","robots":"max-image-preview:large","keywords":"asturias","webmasterTools":{"google-site-verification":"UA-32230408-1","msvalidate.01":"354F3CDFB2DA171B47FBE9ABF1F88D5","miscellaneous":""},"schema":{"@context":"https:\/\/schema.org","@graph":[{"@type":"BreadcrumbList","@id":"https:\/\/candas365.es\/noticias\/corvera-forma-a-once-jovenes-en-jardineria\/#breadcrumblist","itemListElement":[{"@type":"ListItem","@id":"https:\/\/candas365.es\/noticias#listItem","position":1,"name":"Home","item":"https:\/\/candas365.es\/noticias","nextItem":{"@type":"ListItem","@id":"https:\/\/candas365.es\/noticias\/category\/asturias\/#listItem","name":"Asturias"}},{"@type":"ListItem","@id":"https:\/\/candas365.es\/noticias\/category\/asturias\/#listItem","position":2,"name":"Asturias","item":"https:\/\/candas365.es\/noticias\/category\/asturias\/","nextItem":{"@type":"ListItem","@id":"https:\/\/candas365.es\/noticias\/corvera-forma-a-once-jovenes-en-jardineria\/#listItem","name":"Corvera forma a once j\u00f3venes en jardiner\u00eda"},"previousItem":{"@type":"ListItem","@id":"https:\/\/candas365.es\/noticias#listItem","name":"Home"}},{"@type":"ListItem","@id":"https:\/\/candas365.es\/noticias\/corvera-forma-a-once-jovenes-en-jardineria\/#listItem","position":3,"name":"Corvera forma a once j\u00f3venes en jardiner\u00eda","previousItem":{"@type":"ListItem","@id":"https:\/\/candas365.es\/noticias\/category\/asturias\/#listItem","name":"Asturias"}}]},{"@type":"NewsArticle","@id":"https:\/\/candas365.es\/noticias\/corvera-forma-a-once-jovenes-en-jardineria\/#newsarticle","name":"Corvera forma a once j\u00f3venes en jardiner\u00eda | Cand\u00e1s 365","headline":"Corvera forma a once j\u00f3venes en jardiner\u00eda","author":{"@id":"https:\/\/candas365.es\/noticias\/author\/admin\/#author"},"publisher":{"@id":"https:\/\/candas365.es\/noticias\/#organization"},"image":{"@type":"ImageObject","url":"https:\/\/candas365.es\/noticias\/wp-content\/uploads\/2026\/04\/Corvera-forma-a-once-jovenes-en-jardineria.jpg","width":1195,"height":658,"caption":"Foto: Prensa Ayuntamiento de Corvera"},"datePublished":"2026-04-01T06:59:58+02:00","dateModified":"2026-04-01T06:59:58+02:00","inLanguage":"es-ES","mainEntityOfPage":{"@id":"https:\/\/candas365.es\/noticias\/corvera-forma-a-once-jovenes-en-jardineria\/#webpage"},"isPartOf":{"@id":"https:\/\/candas365.es\/noticias\/corvera-forma-a-once-jovenes-en-jardineria\/#webpage"},"articleSection":"Asturias, Asturias, Corvera","dateline":"Publicado el abril 1, 2026."},{"@type":"Organization","@id":"https:\/\/candas365.es\/noticias\/#organization","name":"Cand\u00e1s 365","description":"Cand\u00e1s 365 es un diario digital independiente, fundado en 2012, con base en Asturias. Informamos con rigor sobre actualidad, sociedad, cultura y ocio, con una mirada local y global.","url":"https:\/\/candas365.es\/noticias\/","email":"info@candas365.es","telephone":"+34652131393","foundingDate":"2012-06-10","logo":{"@type":"ImageObject","url":"https:\/\/candas365.es\/noticias\/wp-content\/uploads\/2024\/09\/Candas-365-Redes.jpg","@id":"https:\/\/candas365.es\/noticias\/corvera-forma-a-once-jovenes-en-jardineria\/#organizationLogo","width":1152,"height":864,"caption":"Cand\u00e1s 365 Redes"},"image":{"@id":"https:\/\/candas365.es\/noticias\/corvera-forma-a-once-jovenes-en-jardineria\/#organizationLogo"},"sameAs":["https:\/\/www.facebook.com\/Nachofdezber","https:\/\/x.com\/NabercoDigital","https:\/\/www.instagram.com\/nachofdezber\/","https:\/\/www.youtube.com\/channel\/UCZP-2wLEB9Rv6erhFmqVnvg"],"address":{"@id":"https:\/\/candas365.es\/noticias\/#postaladdress","@type":"PostalAddress","streetAddress":"san antonio 4, san antonio 4","postalCode":"33430","addressLocality":"Cand\u00e1s","addressRegion":"Asturias","addressCountry":"ES"}},{"@type":"Person","@id":"https:\/\/candas365.es\/noticias\/author\/admin\/#author","url":"https:\/\/candas365.es\/noticias\/author\/admin\/","name":"Cand\u00e1s 365","image":{"@type":"ImageObject","@id":"https:\/\/candas365.es\/noticias\/corvera-forma-a-once-jovenes-en-jardineria\/#authorImage","url":"https:\/\/secure.gravatar.com\/avatar\/496a8e03d0c493ede1718b7934145dbdf8d89be1036b0eec9544e1094c9de390?s=96&d=mm&r=g","width":96,"height":96,"caption":"Cand\u00e1s 365"},"sameAs":["https:\/\/www.facebook.com\/carrenoactualidad","https:\/\/twitter.com\/nbasturias","https:\/\/www.instagram.com\/nachofdezber\/","https:\/\/www.youtube.com\/channel\/UCZP-2wLEB9Rv6erhFmqVnvg"]},{"@type":"WebPage","@id":"https:\/\/candas365.es\/noticias\/corvera-forma-a-once-jovenes-en-jardineria\/#webpage","url":"https:\/\/candas365.es\/noticias\/corvera-forma-a-once-jovenes-en-jardineria\/","name":"Corvera forma a once j\u00f3venes en jardiner\u00eda | Cand\u00e1s 365","description":"La Escuela Taller Corverde del Ayuntamiento de Corvera ha concluido tras doce meses de formaci\u00f3n y trabajo. De los 12 alumnos participantes, 11 finalizaron","inLanguage":"es-ES","isPartOf":{"@id":"https:\/\/candas365.es\/noticias\/#website"},"breadcrumb":{"@id":"https:\/\/candas365.es\/noticias\/corvera-forma-a-once-jovenes-en-jardineria\/#breadcrumblist"},"author":{"@id":"https:\/\/candas365.es\/noticias\/author\/admin\/#author"},"creator":{"@id":"https:\/\/candas365.es\/noticias\/author\/admin\/#author"},"image":{"@type":"ImageObject","url":"https:\/\/candas365.es\/noticias\/wp-content\/uploads\/2026\/04\/Corvera-forma-a-once-jovenes-en-jardineria.jpg","@id":"https:\/\/candas365.es\/noticias\/corvera-forma-a-once-jovenes-en-jardineria\/#mainImage","width":1195,"height":658,"caption":"Foto: Prensa Ayuntamiento de Corvera"},"primaryImageOfPage":{"@id":"https:\/\/candas365.es\/noticias\/corvera-forma-a-once-jovenes-en-jardineria\/#mainImage"},"datePublished":"2026-04-01T06:59:58+02:00","dateModified":"2026-04-01T06:59:58+02:00"},{"@type":"WebSite","@id":"https:\/\/candas365.es\/noticias\/#website","url":"https:\/\/candas365.es\/noticias\/","name":"Cand\u00e1s 365","alternateName":"Cand\u00e1s 365 Noticias","description":"Actualidad desde Carre\u00f1o para el mundo","inLanguage":"es-ES","publisher":{"@id":"https:\/\/candas365.es\/noticias\/#organization"}}]},"og:locale":"es_ES","og:site_name":"Cand\u00e1s 365","og:type":"article","og:title":"Corvera forma a once j\u00f3venes en jardiner\u00eda | Cand\u00e1s 365","og:description":"La Escuela Taller Corverde del Ayuntamiento de Corvera ha concluido tras doce meses de formaci\u00f3n y trabajo. De los 12 alumnos participantes, 11 finalizaron","og:url":"https:\/\/candas365.es\/noticias\/corvera-forma-a-once-jovenes-en-jardineria\/","og:image":"https:\/\/candas365.es\/noticias\/wp-content\/uploads\/2026\/04\/Corvera-forma-a-once-jovenes-en-jardineria.jpg","og:image:secure_url":"https:\/\/candas365.es\/noticias\/wp-content\/uploads\/2026\/04\/Corvera-forma-a-once-jovenes-en-jardineria.jpg","og:image:width":1195,"og:image:height":658,"article:published_time":"2026-04-01T04:59:58+00:00","article:modified_time":"2026-04-01T04:59:58+00:00","article:publisher":"https:\/\/www.facebook.com\/Nachofdezber","article:author":"https:\/\/www.facebook.com\/carrenoactualidad","twitter:card":"summary_large_image","twitter:site":"@NabercoDigital","twitter:title":"Corvera forma a once j\u00f3venes en jardiner\u00eda | Cand\u00e1s 365","twitter:description":"La Escuela Taller Corverde del Ayuntamiento de Corvera ha concluido tras doce meses de formaci\u00f3n y trabajo. De los 12 alumnos participantes, 11 finalizaron","twitter:creator":"@nbasturias","twitter:image":"https:\/\/candas365.es\/noticias\/wp-content\/uploads\/2026\/04\/Corvera-forma-a-once-jovenes-en-jardineria.jpg","twitter:label1":"Escrito por","twitter:data1":"Cand\u00e1s 365","twitter:label2":"Tiempo de lectura estimado","twitter:data2":"2 minutos"},"aioseo_meta_data":{"post_id":"193521","title":null,"description":"La Escuela Taller Corverde del Ayuntamiento de Corvera ha concluido tras doce meses de formaci\u00f3n y trabajo. De los 12 alumnos participantes, 11 finalizaron","keywords":null,"keyphrases":{"focus":{"keyphrase":"Corvera","score":91,"analysis":{"keyphraseInTitle":{"score":9,"maxScore":9,"error":0},"keyphraseInDescription":{"score":9,"maxScore":9,"error":0},"keyphraseLength":{"score":9,"maxScore":9,"error":0,"length":1},"keyphraseInURL":{"score":5,"maxScore":5,"error":0},"keyphraseInIntroduction":{"score":9,"maxScore":9,"error":0},"keyphraseInSubHeadings":{"score":3,"maxScore":9,"error":1},"keyphraseInImageAlt":{"score":9,"maxScore":9,"error":0},"keywordDensity":{"type":"best","score":9,"maxScore":9,"error":0}}},"additional":[]},"primary_term":null,"canonical_url":null,"og_title":null,"og_description":null,"og_object_type":"default","og_image_type":"default","og_image_url":null,"og_image_width":null,"og_image_height":null,"og_image_custom_url":null,"og_image_custom_fields":null,"og_video":"","og_custom_url":null,"og_article_section":null,"og_article_tags":null,"twitter_use_og":false,"twitter_card":"default","twitter_image_type":"default","twitter_image_url":null,"twitter_image_custom_url":null,"twitter_image_custom_fields":null,"twitter_title":null,"twitter_description":null,"schema":{"blockGraphs":[],"customGraphs":[],"default":{"data":{"Article":[],"Course":[],"Dataset":[],"FAQPage":[],"Movie":[],"Person":[],"Product":[],"ProductReview":[],"Car":[],"Recipe":[],"Service":[],"SoftwareApplication":[],"WebPage":[]},"graphName":"NewsArticle","isEnabled":true},"graphs":[]},"schema_type":"default","schema_type_options":null,"pillar_content":false,"robots_default":true,"robots_noindex":false,"robots_noarchive":false,"robots_nosnippet":false,"robots_nofollow":false,"robots_noimageindex":false,"robots_noodp":false,"robots_notranslate":false,"robots_max_snippet":"-1","robots_max_videopreview":"-1","robots_max_imagepreview":"large","priority":null,"frequency":"default","location":null,"local_seo":null,"seo_analyzer_scan_date":"2026-04-01 05:45:18","breadcrumb_settings":null,"limit_modified_date":false,"reviewed_by":null,"open_ai":null,"ai":{"faqs":[],"keyPoints":[],"titles":[],"descriptions":[],"socialPosts":{"email":[],"linkedin":[],"twitter":[],"facebook":[],"instagram":[]}},"created":"2026-04-01 04:36:39","updated":"2026-04-01 05:45:29"},"aioseo_breadcrumb":"<div class=\"aioseo-breadcrumbs\"><span class=\"aioseo-breadcrumb\">\n\t<a href=\"https:\/\/candas365.es\/noticias\" title=\"Home\">Home<\/a>\n<\/span><span class=\"aioseo-breadcrumb-separator\">&ndash;<\/span><span class=\"aioseo-breadcrumb\">\n\t<a href=\"https:\/\/candas365.es\/noticias\/category\/asturias\/\" title=\"Asturias\">Asturias<\/a>\n<\/span><span class=\"aioseo-breadcrumb-separator\">&ndash;<\/span><span class=\"aioseo-breadcrumb\">\n\tCorvera forma a once j\u00f3venes en jardiner\u00eda\n<\/span><\/div>","aioseo_breadcrumb_json":[{"label":"Home","link":"https:\/\/candas365.es\/noticias"},{"label":"Asturias","link":"https:\/\/candas365.es\/noticias\/category\/asturias\/"},{"label":"Corvera forma a once j\u00f3venes en jardiner\u00eda","link":"https:\/\/candas365.es\/noticias\/corvera-forma-a-once-jovenes-en-jardineria\/"}],"_links":{"self":[{"href":"https:\/\/candas365.es\/noticias\/wp-json\/wp\/v2\/posts\/193521","targetHints":{"allow":["GET"]}}],"collection":[{"href":"https:\/\/candas365.es\/noticias\/wp-json\/wp\/v2\/posts"}],"about":[{"href":"https:\/\/candas365.es\/noticias\/wp-json\/wp\/v2\/types\/post"}],"author":[{"embeddable":true,"href":"https:\/\/candas365.es\/noticias\/wp-json\/wp\/v2\/users\/1"}],"replies":[{"embeddable":true,"href":"https:\/\/candas365.es\/noticias\/wp-json\/wp\/v2\/comments?post=193521"}],"version-history":[{"count":0,"href":"https:\/\/candas365.es\/noticias\/wp-json\/wp\/v2\/posts\/193521\/revisions"}],"wp:featuredmedia":[{"embeddable":true,"href":"https:\/\/candas365.es\/noticias\/wp-json\/wp\/v2\/media\/193522"}],"wp:attachment":[{"href":"https:\/\/candas365.es\/noticias\/wp-json\/wp\/v2\/media?parent=193521"}],"wp:term":[{"taxonomy":"category","embeddable":true,"href":"https:\/\/candas365.es\/noticias\/wp-json\/wp\/v2\/categories?post=193521"},{"taxonomy":"post_tag","embeddable":true,"href":"https:\/\/candas365.es\/noticias\/wp-json\/wp\/v2\/tags?post=193521"}],"curies":[{"name":"wp","href":"https:\/\/api.w.org\/{rel}","templated":true}]}}