{"id":193518,"date":"2026-04-01T06:27:54","date_gmt":"2026-04-01T04:27:54","guid":{"rendered":"https:\/\/candas365.es\/noticias\/?p=193518"},"modified":"2026-04-01T06:27:54","modified_gmt":"2026-04-01T04:27:54","slug":"sunwafe-reserva-suelo-en-asturias-para-una-planta-solar","status":"publish","type":"post","link":"https:\/\/candas365.es\/noticias\/sunwafe-reserva-suelo-en-asturias-para-una-planta-solar\/","title":{"rendered":"Sunwafe reserva suelo en Asturias para una planta solar"},"content":{"rendered":"<p class=\"font-claude-response-body break-words whitespace-normal leading-[1.7]\">Sunwafe ha reservado m\u00e1s de 300.000 metros cuadrados en Zalia para instalar una <a href=\"https:\/\/candas365.es\/noticias\/category\/canal-empresas\/\"><span style=\"color: #ff6600;\"><strong>planta de obleas fotovoltaicas<\/strong><\/span><\/a> en Asturias con capacidad para 20 GW anuales, en la mayor operaci\u00f3n de suelo de la zona log\u00edstica asturiana.<\/p>\n<figure id=\"attachment_193519\" aria-describedby=\"caption-attachment-193519\" style=\"width: 650px\" class=\"wp-caption aligncenter\"><img fetchpriority=\"high\" decoding=\"async\" class=\"size-large wp-image-193519\" src=\"https:\/\/candas365.es\/noticias\/wp-content\/uploads\/2026\/04\/Sunwafe-reserva-suelo-en-Asturias-para-una-planta-solar-650x349.jpg\" alt=\"Sunwafe reserva suelo en Asturias para una planta solar\" width=\"650\" height=\"349\" srcset=\"https:\/\/candas365.es\/noticias\/wp-content\/uploads\/2026\/04\/Sunwafe-reserva-suelo-en-Asturias-para-una-planta-solar-650x349.jpg 650w, https:\/\/candas365.es\/noticias\/wp-content\/uploads\/2026\/04\/Sunwafe-reserva-suelo-en-Asturias-para-una-planta-solar-360x193.jpg 360w, https:\/\/candas365.es\/noticias\/wp-content\/uploads\/2026\/04\/Sunwafe-reserva-suelo-en-Asturias-para-una-planta-solar-768x412.jpg 768w, https:\/\/candas365.es\/noticias\/wp-content\/uploads\/2026\/04\/Sunwafe-reserva-suelo-en-Asturias-para-una-planta-solar-150x81.jpg 150w, https:\/\/candas365.es\/noticias\/wp-content\/uploads\/2026\/04\/Sunwafe-reserva-suelo-en-Asturias-para-una-planta-solar-450x242.jpg 450w, https:\/\/candas365.es\/noticias\/wp-content\/uploads\/2026\/04\/Sunwafe-reserva-suelo-en-Asturias-para-una-planta-solar-1200x644.jpg 1200w, https:\/\/candas365.es\/noticias\/wp-content\/uploads\/2026\/04\/Sunwafe-reserva-suelo-en-Asturias-para-una-planta-solar.jpg 1267w\" sizes=\"(max-width: 650px) 100vw, 650px\" \/><figcaption id=\"caption-attachment-193519\" class=\"wp-caption-text\">Foto: Prensa Principado de Asturias<\/figcaption><\/figure>\n<p class=\"font-claude-response-body break-words whitespace-normal leading-[1.7]\">Sunwafe, empresa impulsada por InnoEnergy especializada en la fabricaci\u00f3n de lingotes y obleas fotovoltaicas, ha formalizado una reserva de suelo de m\u00e1s de 300.000 metros cuadrados en la Zona de Actividades Log\u00edsticas e Industriales de Asturias (Zalia). La futura planta prev\u00e9 alcanzar en 2030 una capacidad de producci\u00f3n de hasta 2.500 millones de obleas anuales, equivalentes a unos 20 GW de capacidad fotovoltaica, lo que la convertir\u00eda en una de las iniciativas industriales de mayor envergadura para reforzar la cadena de valor europea en energ\u00eda solar, reducir la dependencia de importaciones y avanzar en autonom\u00eda estrat\u00e9gica.<\/p>\n<p class=\"font-claude-response-body break-words whitespace-normal leading-[1.7]\">La reserva de suelo figura como uno de los ejes del plan estrat\u00e9gico de actuaci\u00f3n que Zalia ultima en estos momentos. El documento, que orientar\u00e1 la actividad de la sociedad en los pr\u00f3ximos a\u00f1os, pone el foco en la captaci\u00f3n de proyectos de inversi\u00f3n y en el desarrollo de las condiciones necesarias para su implantaci\u00f3n en <a href=\"https:\/\/candas365.es\/noticias\/category\/asturias\/\"><span style=\"color: #ff6600;\"><strong>Asturias<\/strong><\/span><\/a>.<\/p>\n<h2 class=\"text-text-100 mt-3 -mb-1 text-[1.125rem] font-bold\">Nueva subestaci\u00f3n el\u00e9ctrica para garantizar el suministro industrial<\/h2>\n<p class=\"font-claude-response-body break-words whitespace-normal leading-[1.7]\">El consejo de administraci\u00f3n de Zalia ha abordado tambi\u00e9n los avances en las infraestructuras complementarias que requiere el desarrollo de la zona. En el \u00e1mbito energ\u00e9tico, se ha iniciado la tramitaci\u00f3n de la subestaci\u00f3n Entrev\u00edas 132\/22 kV en el propio \u00e1mbito de Zalia, una actuaci\u00f3n que reforzar\u00e1 la capacidad y la fiabilidad del suministro el\u00e9ctrico, elemento clave para la implantaci\u00f3n de proyectos industriales de gran escala.<\/p>\n<h2 class=\"text-text-100 mt-3 -mb-1 text-[1.125rem] font-bold\">Primer aparcamiento seguro de camiones en el norte de Espa\u00f1a<\/h2>\n<p class=\"font-claude-response-body break-words whitespace-normal leading-[1.7]\">El consejo ha aprobado tambi\u00e9n la contrataci\u00f3n del proyecto t\u00e9cnico para desarrollar un \u00e1rea de aparcamiento seguro de camiones (SSTPA), una infraestructura alineada con los est\u00e1ndares europeos que mejorar\u00e1 la seguridad del transporte, optimizar\u00e1 la operativa log\u00edstica y ofrecer\u00e1 mejores condiciones a los profesionales del sector. Este tipo de instalaciones no existe actualmente en el norte de Espa\u00f1a, forman parte de las prioridades de la Red Transeuropea de Transporte (TEN-T) y sit\u00faan a Zalia en posici\u00f3n favorable para captar financiaci\u00f3n europea.<\/p>\n<p class=\"font-claude-response-body break-words whitespace-normal leading-[1.7]\">Estos avances se producen en un contexto de mejora del posicionamiento log\u00edstico de Asturias en el Corredor Atl\u00e1ntico, en el que Zalia tendr\u00e1 una funci\u00f3n esencial como plataforma de conexi\u00f3n entre el sistema portuario, el transporte ferroviario y la red viaria. La combinaci\u00f3n de proyectos industriales, mejora de infraestructuras y planificaci\u00f3n estrat\u00e9gica abre para la zona una nueva fase orientada a traducir ese posicionamiento en actividad econ\u00f3mica, inversi\u00f3n y empleo.<\/p>\n","protected":false},"excerpt":{"rendered":"<p>Sunwafe ha reservado m\u00e1s de 300.000 metros cuadrados en Zalia para instalar una planta de obleas fotovoltaicas en Asturias con capacidad para 20 GW anuales, en la mayor operaci\u00f3n de suelo de la zona log\u00edstica asturiana. Sunwafe, empresa impulsada por InnoEnergy especializada en la fabricaci\u00f3n de lingotes y obleas fotovoltaicas, ha formalizado una reserva de<\/p>\n","protected":false},"author":1,"featured_media":193519,"comment_status":"closed","ping_status":"closed","sticky":false,"template":"","format":"standard","meta":{"footnotes":""},"categories":[7],"tags":[380],"class_list":{"0":"post-193518","1":"post","2":"type-post","3":"status-publish","4":"format-standard","5":"has-post-thumbnail","7":"category-asturias","8":"tag-asturias"},"aioseo_notices":[],"aioseo_head":"\n\t\t<!-- All in One SEO Pro 4.9.6.2 - aioseo.com -->\n\t<meta name=\"description\" content=\"Sunwafe ha reservado m\u00e1s de 300.000 metros cuadrados en Zalia para instalar una planta de obleas fotovoltaicas en Asturias con capacidad para 20 GW anuales\" \/>\n\t<meta name=\"robots\" content=\"max-image-preview:large\" \/>\n\t<meta name=\"author\" content=\"Cand\u00e1s 365\"\/>\n\t<meta name=\"google-site-verification\" content=\"UA-32230408-1\" \/>\n\t<meta name=\"msvalidate.01\" content=\"354F3CDFB2DA171B47FBE9ABF1F88D5\" \/>\n\t<meta name=\"keywords\" content=\"asturias\" \/>\n\t<link rel=\"canonical\" href=\"https:\/\/candas365.es\/noticias\/sunwafe-reserva-suelo-en-asturias-para-una-planta-solar\/\" \/>\n\t<meta name=\"generator\" content=\"All in One SEO Pro (AIOSEO) 4.9.6.2\" \/>\n\t\t<meta property=\"og:locale\" content=\"es_ES\" \/>\n\t\t<meta property=\"og:site_name\" content=\"Cand\u00e1s 365\" \/>\n\t\t<meta property=\"og:type\" content=\"article\" \/>\n\t\t<meta property=\"og:title\" content=\"Sunwafe reserva suelo en Asturias para una planta solar | Cand\u00e1s 365\" \/>\n\t\t<meta property=\"og:description\" content=\"Sunwafe ha reservado m\u00e1s de 300.000 metros cuadrados en Zalia para instalar una planta de obleas fotovoltaicas en Asturias con capacidad para 20 GW anuales\" \/>\n\t\t<meta property=\"og:url\" content=\"https:\/\/candas365.es\/noticias\/sunwafe-reserva-suelo-en-asturias-para-una-planta-solar\/\" \/>\n\t\t<meta property=\"og:image\" content=\"https:\/\/candas365.es\/noticias\/wp-content\/uploads\/2026\/04\/Sunwafe-reserva-suelo-en-Asturias-para-una-planta-solar.jpg\" \/>\n\t\t<meta property=\"og:image:secure_url\" content=\"https:\/\/candas365.es\/noticias\/wp-content\/uploads\/2026\/04\/Sunwafe-reserva-suelo-en-Asturias-para-una-planta-solar.jpg\" \/>\n\t\t<meta property=\"og:image:width\" content=\"1267\" \/>\n\t\t<meta property=\"og:image:height\" content=\"680\" \/>\n\t\t<meta property=\"article:published_time\" content=\"2026-04-01T04:27:54+00:00\" \/>\n\t\t<meta property=\"article:modified_time\" content=\"2026-04-01T04:27:54+00:00\" \/>\n\t\t<meta property=\"article:publisher\" content=\"https:\/\/www.facebook.com\/Nachofdezber\" \/>\n\t\t<meta property=\"article:author\" content=\"https:\/\/www.facebook.com\/carrenoactualidad\" \/>\n\t\t<meta name=\"twitter:card\" content=\"summary_large_image\" \/>\n\t\t<meta name=\"twitter:site\" content=\"@NabercoDigital\" \/>\n\t\t<meta name=\"twitter:title\" content=\"Sunwafe reserva suelo en Asturias para una planta solar | Cand\u00e1s 365\" \/>\n\t\t<meta name=\"twitter:description\" content=\"Sunwafe ha reservado m\u00e1s de 300.000 metros cuadrados en Zalia para instalar una planta de obleas fotovoltaicas en Asturias con capacidad para 20 GW anuales\" \/>\n\t\t<meta name=\"twitter:creator\" content=\"@nbasturias\" \/>\n\t\t<meta name=\"twitter:image\" content=\"https:\/\/candas365.es\/noticias\/wp-content\/uploads\/2026\/04\/Sunwafe-reserva-suelo-en-Asturias-para-una-planta-solar.jpg\" \/>\n\t\t<meta name=\"twitter:label1\" content=\"Escrito por\" \/>\n\t\t<meta name=\"twitter:data1\" content=\"Cand\u00e1s 365\" \/>\n\t\t<meta name=\"twitter:label2\" content=\"Tiempo de lectura estimado\" \/>\n\t\t<meta name=\"twitter:data2\" content=\"2 minutos\" \/>\n\t\t<script type=\"application\/ld+json\" class=\"aioseo-schema\">\n\t\t\t{\"@context\":\"https:\\\/\\\/schema.org\",\"@graph\":[{\"@type\":\"BreadcrumbList\",\"@id\":\"https:\\\/\\\/candas365.es\\\/noticias\\\/sunwafe-reserva-suelo-en-asturias-para-una-planta-solar\\\/#breadcrumblist\",\"itemListElement\":[{\"@type\":\"ListItem\",\"@id\":\"https:\\\/\\\/candas365.es\\\/noticias#listItem\",\"position\":1,\"name\":\"Home\",\"item\":\"https:\\\/\\\/candas365.es\\\/noticias\",\"nextItem\":{\"@type\":\"ListItem\",\"@id\":\"https:\\\/\\\/candas365.es\\\/noticias\\\/category\\\/asturias\\\/#listItem\",\"name\":\"Asturias\"}},{\"@type\":\"ListItem\",\"@id\":\"https:\\\/\\\/candas365.es\\\/noticias\\\/category\\\/asturias\\\/#listItem\",\"position\":2,\"name\":\"Asturias\",\"item\":\"https:\\\/\\\/candas365.es\\\/noticias\\\/category\\\/asturias\\\/\",\"nextItem\":{\"@type\":\"ListItem\",\"@id\":\"https:\\\/\\\/candas365.es\\\/noticias\\\/sunwafe-reserva-suelo-en-asturias-para-una-planta-solar\\\/#listItem\",\"name\":\"Sunwafe reserva suelo en Asturias para una planta solar\"},\"previousItem\":{\"@type\":\"ListItem\",\"@id\":\"https:\\\/\\\/candas365.es\\\/noticias#listItem\",\"name\":\"Home\"}},{\"@type\":\"ListItem\",\"@id\":\"https:\\\/\\\/candas365.es\\\/noticias\\\/sunwafe-reserva-suelo-en-asturias-para-una-planta-solar\\\/#listItem\",\"position\":3,\"name\":\"Sunwafe reserva suelo en Asturias para una planta solar\",\"previousItem\":{\"@type\":\"ListItem\",\"@id\":\"https:\\\/\\\/candas365.es\\\/noticias\\\/category\\\/asturias\\\/#listItem\",\"name\":\"Asturias\"}}]},{\"@type\":\"NewsArticle\",\"@id\":\"https:\\\/\\\/candas365.es\\\/noticias\\\/sunwafe-reserva-suelo-en-asturias-para-una-planta-solar\\\/#newsarticle\",\"name\":\"Sunwafe reserva suelo en Asturias para una planta solar | Cand\\u00e1s 365\",\"headline\":\"Sunwafe reserva suelo en Asturias para una planta solar\",\"author\":{\"@id\":\"https:\\\/\\\/candas365.es\\\/noticias\\\/author\\\/admin\\\/#author\"},\"publisher\":{\"@id\":\"https:\\\/\\\/candas365.es\\\/noticias\\\/#organization\"},\"image\":{\"@type\":\"ImageObject\",\"url\":\"https:\\\/\\\/candas365.es\\\/noticias\\\/wp-content\\\/uploads\\\/2026\\\/04\\\/Sunwafe-reserva-suelo-en-Asturias-para-una-planta-solar.jpg\",\"width\":1267,\"height\":680,\"caption\":\"Foto: Prensa Principado de Asturias\"},\"datePublished\":\"2026-04-01T06:27:54+02:00\",\"dateModified\":\"2026-04-01T06:27:54+02:00\",\"inLanguage\":\"es-ES\",\"mainEntityOfPage\":{\"@id\":\"https:\\\/\\\/candas365.es\\\/noticias\\\/sunwafe-reserva-suelo-en-asturias-para-una-planta-solar\\\/#webpage\"},\"isPartOf\":{\"@id\":\"https:\\\/\\\/candas365.es\\\/noticias\\\/sunwafe-reserva-suelo-en-asturias-para-una-planta-solar\\\/#webpage\"},\"articleSection\":\"Asturias, Asturias\",\"dateline\":\"Publicado el abril 1, 2026.\"},{\"@type\":\"Organization\",\"@id\":\"https:\\\/\\\/candas365.es\\\/noticias\\\/#organization\",\"name\":\"Cand\\u00e1s 365\",\"description\":\"Cand\\u00e1s 365 es un diario digital independiente, fundado en 2012, con base en Asturias. Informamos con rigor sobre actualidad, sociedad, cultura y ocio, con una mirada local y global.\",\"url\":\"https:\\\/\\\/candas365.es\\\/noticias\\\/\",\"email\":\"info@candas365.es\",\"telephone\":\"+34652131393\",\"foundingDate\":\"2012-06-10\",\"logo\":{\"@type\":\"ImageObject\",\"url\":\"https:\\\/\\\/candas365.es\\\/noticias\\\/wp-content\\\/uploads\\\/2024\\\/09\\\/Candas-365-Redes.jpg\",\"@id\":\"https:\\\/\\\/candas365.es\\\/noticias\\\/sunwafe-reserva-suelo-en-asturias-para-una-planta-solar\\\/#organizationLogo\",\"width\":1152,\"height\":864,\"caption\":\"Cand\\u00e1s 365 Redes\"},\"image\":{\"@id\":\"https:\\\/\\\/candas365.es\\\/noticias\\\/sunwafe-reserva-suelo-en-asturias-para-una-planta-solar\\\/#organizationLogo\"},\"sameAs\":[\"https:\\\/\\\/www.facebook.com\\\/Nachofdezber\",\"https:\\\/\\\/x.com\\\/NabercoDigital\",\"https:\\\/\\\/www.instagram.com\\\/nachofdezber\\\/\",\"https:\\\/\\\/www.youtube.com\\\/channel\\\/UCZP-2wLEB9Rv6erhFmqVnvg\"],\"address\":{\"@id\":\"https:\\\/\\\/candas365.es\\\/noticias\\\/#postaladdress\",\"@type\":\"PostalAddress\",\"streetAddress\":\"san antonio 4, san antonio 4\",\"postalCode\":\"33430\",\"addressLocality\":\"Cand\\u00e1s\",\"addressRegion\":\"Asturias\",\"addressCountry\":\"ES\"}},{\"@type\":\"Person\",\"@id\":\"https:\\\/\\\/candas365.es\\\/noticias\\\/author\\\/admin\\\/#author\",\"url\":\"https:\\\/\\\/candas365.es\\\/noticias\\\/author\\\/admin\\\/\",\"name\":\"Cand\\u00e1s 365\",\"image\":{\"@type\":\"ImageObject\",\"@id\":\"https:\\\/\\\/candas365.es\\\/noticias\\\/sunwafe-reserva-suelo-en-asturias-para-una-planta-solar\\\/#authorImage\",\"url\":\"https:\\\/\\\/secure.gravatar.com\\\/avatar\\\/496a8e03d0c493ede1718b7934145dbdf8d89be1036b0eec9544e1094c9de390?s=96&d=mm&r=g\",\"width\":96,\"height\":96,\"caption\":\"Cand\\u00e1s 365\"},\"sameAs\":[\"https:\\\/\\\/www.facebook.com\\\/carrenoactualidad\",\"https:\\\/\\\/twitter.com\\\/nbasturias\",\"https:\\\/\\\/www.instagram.com\\\/nachofdezber\\\/\",\"https:\\\/\\\/www.youtube.com\\\/channel\\\/UCZP-2wLEB9Rv6erhFmqVnvg\"]},{\"@type\":\"WebPage\",\"@id\":\"https:\\\/\\\/candas365.es\\\/noticias\\\/sunwafe-reserva-suelo-en-asturias-para-una-planta-solar\\\/#webpage\",\"url\":\"https:\\\/\\\/candas365.es\\\/noticias\\\/sunwafe-reserva-suelo-en-asturias-para-una-planta-solar\\\/\",\"name\":\"Sunwafe reserva suelo en Asturias para una planta solar | Cand\\u00e1s 365\",\"description\":\"Sunwafe ha reservado m\\u00e1s de 300.000 metros cuadrados en Zalia para instalar una planta de obleas fotovoltaicas en Asturias con capacidad para 20 GW anuales\",\"inLanguage\":\"es-ES\",\"isPartOf\":{\"@id\":\"https:\\\/\\\/candas365.es\\\/noticias\\\/#website\"},\"breadcrumb\":{\"@id\":\"https:\\\/\\\/candas365.es\\\/noticias\\\/sunwafe-reserva-suelo-en-asturias-para-una-planta-solar\\\/#breadcrumblist\"},\"author\":{\"@id\":\"https:\\\/\\\/candas365.es\\\/noticias\\\/author\\\/admin\\\/#author\"},\"creator\":{\"@id\":\"https:\\\/\\\/candas365.es\\\/noticias\\\/author\\\/admin\\\/#author\"},\"image\":{\"@type\":\"ImageObject\",\"url\":\"https:\\\/\\\/candas365.es\\\/noticias\\\/wp-content\\\/uploads\\\/2026\\\/04\\\/Sunwafe-reserva-suelo-en-Asturias-para-una-planta-solar.jpg\",\"@id\":\"https:\\\/\\\/candas365.es\\\/noticias\\\/sunwafe-reserva-suelo-en-asturias-para-una-planta-solar\\\/#mainImage\",\"width\":1267,\"height\":680,\"caption\":\"Foto: Prensa Principado de Asturias\"},\"primaryImageOfPage\":{\"@id\":\"https:\\\/\\\/candas365.es\\\/noticias\\\/sunwafe-reserva-suelo-en-asturias-para-una-planta-solar\\\/#mainImage\"},\"datePublished\":\"2026-04-01T06:27:54+02:00\",\"dateModified\":\"2026-04-01T06:27:54+02:00\"},{\"@type\":\"WebSite\",\"@id\":\"https:\\\/\\\/candas365.es\\\/noticias\\\/#website\",\"url\":\"https:\\\/\\\/candas365.es\\\/noticias\\\/\",\"name\":\"Cand\\u00e1s 365\",\"alternateName\":\"Cand\\u00e1s 365 Noticias\",\"description\":\"Actualidad desde Carre\\u00f1o para el mundo\",\"inLanguage\":\"es-ES\",\"publisher\":{\"@id\":\"https:\\\/\\\/candas365.es\\\/noticias\\\/#organization\"}}]}\n\t\t<\/script>\n\t\t<!-- All in One SEO Pro -->\r\n\t\t<title>Sunwafe reserva suelo en Asturias para una planta solar | Cand\u00e1s 365<\/title>\n\n","aioseo_head_json":{"title":"Sunwafe reserva suelo en Asturias para una planta solar | Cand\u00e1s 365","description":"Sunwafe ha reservado m\u00e1s de 300.000 metros cuadrados en Zalia para instalar una planta de obleas fotovoltaicas en Asturias con capacidad para 20 GW anuales","canonical_url":"https:\/\/candas365.es\/noticias\/sunwafe-reserva-suelo-en-asturias-para-una-planta-solar\/","robots":"max-image-preview:large","keywords":"asturias","webmasterTools":{"google-site-verification":"UA-32230408-1","msvalidate.01":"354F3CDFB2DA171B47FBE9ABF1F88D5","miscellaneous":""},"schema":{"@context":"https:\/\/schema.org","@graph":[{"@type":"BreadcrumbList","@id":"https:\/\/candas365.es\/noticias\/sunwafe-reserva-suelo-en-asturias-para-una-planta-solar\/#breadcrumblist","itemListElement":[{"@type":"ListItem","@id":"https:\/\/candas365.es\/noticias#listItem","position":1,"name":"Home","item":"https:\/\/candas365.es\/noticias","nextItem":{"@type":"ListItem","@id":"https:\/\/candas365.es\/noticias\/category\/asturias\/#listItem","name":"Asturias"}},{"@type":"ListItem","@id":"https:\/\/candas365.es\/noticias\/category\/asturias\/#listItem","position":2,"name":"Asturias","item":"https:\/\/candas365.es\/noticias\/category\/asturias\/","nextItem":{"@type":"ListItem","@id":"https:\/\/candas365.es\/noticias\/sunwafe-reserva-suelo-en-asturias-para-una-planta-solar\/#listItem","name":"Sunwafe reserva suelo en Asturias para una planta solar"},"previousItem":{"@type":"ListItem","@id":"https:\/\/candas365.es\/noticias#listItem","name":"Home"}},{"@type":"ListItem","@id":"https:\/\/candas365.es\/noticias\/sunwafe-reserva-suelo-en-asturias-para-una-planta-solar\/#listItem","position":3,"name":"Sunwafe reserva suelo en Asturias para una planta solar","previousItem":{"@type":"ListItem","@id":"https:\/\/candas365.es\/noticias\/category\/asturias\/#listItem","name":"Asturias"}}]},{"@type":"NewsArticle","@id":"https:\/\/candas365.es\/noticias\/sunwafe-reserva-suelo-en-asturias-para-una-planta-solar\/#newsarticle","name":"Sunwafe reserva suelo en Asturias para una planta solar | Cand\u00e1s 365","headline":"Sunwafe reserva suelo en Asturias para una planta solar","author":{"@id":"https:\/\/candas365.es\/noticias\/author\/admin\/#author"},"publisher":{"@id":"https:\/\/candas365.es\/noticias\/#organization"},"image":{"@type":"ImageObject","url":"https:\/\/candas365.es\/noticias\/wp-content\/uploads\/2026\/04\/Sunwafe-reserva-suelo-en-Asturias-para-una-planta-solar.jpg","width":1267,"height":680,"caption":"Foto: Prensa Principado de Asturias"},"datePublished":"2026-04-01T06:27:54+02:00","dateModified":"2026-04-01T06:27:54+02:00","inLanguage":"es-ES","mainEntityOfPage":{"@id":"https:\/\/candas365.es\/noticias\/sunwafe-reserva-suelo-en-asturias-para-una-planta-solar\/#webpage"},"isPartOf":{"@id":"https:\/\/candas365.es\/noticias\/sunwafe-reserva-suelo-en-asturias-para-una-planta-solar\/#webpage"},"articleSection":"Asturias, Asturias","dateline":"Publicado el abril 1, 2026."},{"@type":"Organization","@id":"https:\/\/candas365.es\/noticias\/#organization","name":"Cand\u00e1s 365","description":"Cand\u00e1s 365 es un diario digital independiente, fundado en 2012, con base en Asturias. Informamos con rigor sobre actualidad, sociedad, cultura y ocio, con una mirada local y global.","url":"https:\/\/candas365.es\/noticias\/","email":"info@candas365.es","telephone":"+34652131393","foundingDate":"2012-06-10","logo":{"@type":"ImageObject","url":"https:\/\/candas365.es\/noticias\/wp-content\/uploads\/2024\/09\/Candas-365-Redes.jpg","@id":"https:\/\/candas365.es\/noticias\/sunwafe-reserva-suelo-en-asturias-para-una-planta-solar\/#organizationLogo","width":1152,"height":864,"caption":"Cand\u00e1s 365 Redes"},"image":{"@id":"https:\/\/candas365.es\/noticias\/sunwafe-reserva-suelo-en-asturias-para-una-planta-solar\/#organizationLogo"},"sameAs":["https:\/\/www.facebook.com\/Nachofdezber","https:\/\/x.com\/NabercoDigital","https:\/\/www.instagram.com\/nachofdezber\/","https:\/\/www.youtube.com\/channel\/UCZP-2wLEB9Rv6erhFmqVnvg"],"address":{"@id":"https:\/\/candas365.es\/noticias\/#postaladdress","@type":"PostalAddress","streetAddress":"san antonio 4, san antonio 4","postalCode":"33430","addressLocality":"Cand\u00e1s","addressRegion":"Asturias","addressCountry":"ES"}},{"@type":"Person","@id":"https:\/\/candas365.es\/noticias\/author\/admin\/#author","url":"https:\/\/candas365.es\/noticias\/author\/admin\/","name":"Cand\u00e1s 365","image":{"@type":"ImageObject","@id":"https:\/\/candas365.es\/noticias\/sunwafe-reserva-suelo-en-asturias-para-una-planta-solar\/#authorImage","url":"https:\/\/secure.gravatar.com\/avatar\/496a8e03d0c493ede1718b7934145dbdf8d89be1036b0eec9544e1094c9de390?s=96&d=mm&r=g","width":96,"height":96,"caption":"Cand\u00e1s 365"},"sameAs":["https:\/\/www.facebook.com\/carrenoactualidad","https:\/\/twitter.com\/nbasturias","https:\/\/www.instagram.com\/nachofdezber\/","https:\/\/www.youtube.com\/channel\/UCZP-2wLEB9Rv6erhFmqVnvg"]},{"@type":"WebPage","@id":"https:\/\/candas365.es\/noticias\/sunwafe-reserva-suelo-en-asturias-para-una-planta-solar\/#webpage","url":"https:\/\/candas365.es\/noticias\/sunwafe-reserva-suelo-en-asturias-para-una-planta-solar\/","name":"Sunwafe reserva suelo en Asturias para una planta solar | Cand\u00e1s 365","description":"Sunwafe ha reservado m\u00e1s de 300.000 metros cuadrados en Zalia para instalar una planta de obleas fotovoltaicas en Asturias con capacidad para 20 GW anuales","inLanguage":"es-ES","isPartOf":{"@id":"https:\/\/candas365.es\/noticias\/#website"},"breadcrumb":{"@id":"https:\/\/candas365.es\/noticias\/sunwafe-reserva-suelo-en-asturias-para-una-planta-solar\/#breadcrumblist"},"author":{"@id":"https:\/\/candas365.es\/noticias\/author\/admin\/#author"},"creator":{"@id":"https:\/\/candas365.es\/noticias\/author\/admin\/#author"},"image":{"@type":"ImageObject","url":"https:\/\/candas365.es\/noticias\/wp-content\/uploads\/2026\/04\/Sunwafe-reserva-suelo-en-Asturias-para-una-planta-solar.jpg","@id":"https:\/\/candas365.es\/noticias\/sunwafe-reserva-suelo-en-asturias-para-una-planta-solar\/#mainImage","width":1267,"height":680,"caption":"Foto: Prensa Principado de Asturias"},"primaryImageOfPage":{"@id":"https:\/\/candas365.es\/noticias\/sunwafe-reserva-suelo-en-asturias-para-una-planta-solar\/#mainImage"},"datePublished":"2026-04-01T06:27:54+02:00","dateModified":"2026-04-01T06:27:54+02:00"},{"@type":"WebSite","@id":"https:\/\/candas365.es\/noticias\/#website","url":"https:\/\/candas365.es\/noticias\/","name":"Cand\u00e1s 365","alternateName":"Cand\u00e1s 365 Noticias","description":"Actualidad desde Carre\u00f1o para el mundo","inLanguage":"es-ES","publisher":{"@id":"https:\/\/candas365.es\/noticias\/#organization"}}]},"og:locale":"es_ES","og:site_name":"Cand\u00e1s 365","og:type":"article","og:title":"Sunwafe reserva suelo en Asturias para una planta solar | Cand\u00e1s 365","og:description":"Sunwafe ha reservado m\u00e1s de 300.000 metros cuadrados en Zalia para instalar una planta de obleas fotovoltaicas en Asturias con capacidad para 20 GW anuales","og:url":"https:\/\/candas365.es\/noticias\/sunwafe-reserva-suelo-en-asturias-para-una-planta-solar\/","og:image":"https:\/\/candas365.es\/noticias\/wp-content\/uploads\/2026\/04\/Sunwafe-reserva-suelo-en-Asturias-para-una-planta-solar.jpg","og:image:secure_url":"https:\/\/candas365.es\/noticias\/wp-content\/uploads\/2026\/04\/Sunwafe-reserva-suelo-en-Asturias-para-una-planta-solar.jpg","og:image:width":1267,"og:image:height":680,"article:published_time":"2026-04-01T04:27:54+00:00","article:modified_time":"2026-04-01T04:27:54+00:00","article:publisher":"https:\/\/www.facebook.com\/Nachofdezber","article:author":"https:\/\/www.facebook.com\/carrenoactualidad","twitter:card":"summary_large_image","twitter:site":"@NabercoDigital","twitter:title":"Sunwafe reserva suelo en Asturias para una planta solar | Cand\u00e1s 365","twitter:description":"Sunwafe ha reservado m\u00e1s de 300.000 metros cuadrados en Zalia para instalar una planta de obleas fotovoltaicas en Asturias con capacidad para 20 GW anuales","twitter:creator":"@nbasturias","twitter:image":"https:\/\/candas365.es\/noticias\/wp-content\/uploads\/2026\/04\/Sunwafe-reserva-suelo-en-Asturias-para-una-planta-solar.jpg","twitter:label1":"Escrito por","twitter:data1":"Cand\u00e1s 365","twitter:label2":"Tiempo de lectura estimado","twitter:data2":"2 minutos"},"aioseo_meta_data":{"post_id":"193518","title":null,"description":"Sunwafe ha reservado m\u00e1s de 300.000 metros cuadrados en Zalia para instalar una planta de obleas fotovoltaicas en Asturias con capacidad para 20 GW anuales","keywords":null,"keyphrases":{"focus":{"keyphrase":"Sunwafe","score":78,"analysis":{"keyphraseInTitle":{"score":9,"maxScore":9,"error":0},"keyphraseInDescription":{"score":9,"maxScore":9,"error":0},"keyphraseLength":{"score":9,"maxScore":9,"error":0,"length":1},"keyphraseInURL":{"score":5,"maxScore":5,"error":0},"keyphraseInIntroduction":{"score":9,"maxScore":9,"error":0},"keyphraseInSubHeadings":{"score":3,"maxScore":9,"error":1},"keyphraseInImageAlt":{"score":9,"maxScore":9,"error":0},"keywordDensity":{"score":0,"type":"low","maxScore":9,"error":1}}},"additional":[{"keyphrase":"Asturias","score":100,"analysis":{"keyphraseInDescription":{"score":9,"maxScore":9,"error":0},"keyphraseLength":{"score":9,"maxScore":9,"error":0,"length":1},"keyphraseInIntroduction":{"score":9,"maxScore":9,"error":0},"keyphraseInImageAlt":{"score":9,"maxScore":9,"error":0},"keywordDensity":{"type":"best","score":9,"maxScore":9,"error":0}}}]},"primary_term":null,"canonical_url":null,"og_title":null,"og_description":null,"og_object_type":"default","og_image_type":"default","og_image_url":null,"og_image_width":null,"og_image_height":null,"og_image_custom_url":null,"og_image_custom_fields":null,"og_video":"","og_custom_url":null,"og_article_section":null,"og_article_tags":null,"twitter_use_og":false,"twitter_card":"default","twitter_image_type":"default","twitter_image_url":null,"twitter_image_custom_url":null,"twitter_image_custom_fields":null,"twitter_title":null,"twitter_description":null,"schema":{"blockGraphs":[],"customGraphs":[],"default":{"data":{"Article":[],"Course":[],"Dataset":[],"FAQPage":[],"Movie":[],"Person":[],"Product":[],"ProductReview":[],"Car":[],"Recipe":[],"Service":[],"SoftwareApplication":[],"WebPage":[]},"graphName":"NewsArticle","isEnabled":true},"graphs":[]},"schema_type":"default","schema_type_options":null,"pillar_content":false,"robots_default":true,"robots_noindex":false,"robots_noarchive":false,"robots_nosnippet":false,"robots_nofollow":false,"robots_noimageindex":false,"robots_noodp":false,"robots_notranslate":false,"robots_max_snippet":"-1","robots_max_videopreview":"-1","robots_max_imagepreview":"large","priority":null,"frequency":"default","location":null,"local_seo":null,"seo_analyzer_scan_date":"2026-04-01 04:41:54","breadcrumb_settings":null,"limit_modified_date":false,"reviewed_by":null,"open_ai":null,"ai":{"faqs":[],"keyPoints":[],"titles":[],"descriptions":[],"socialPosts":{"email":[],"linkedin":[],"twitter":[],"facebook":[],"instagram":[]}},"created":"2026-04-01 04:10:07","updated":"2026-04-01 04:42:02"},"aioseo_breadcrumb":"<div class=\"aioseo-breadcrumbs\"><span class=\"aioseo-breadcrumb\">\n\t<a href=\"https:\/\/candas365.es\/noticias\" title=\"Home\">Home<\/a>\n<\/span><span class=\"aioseo-breadcrumb-separator\">&ndash;<\/span><span class=\"aioseo-breadcrumb\">\n\t<a href=\"https:\/\/candas365.es\/noticias\/category\/asturias\/\" title=\"Asturias\">Asturias<\/a>\n<\/span><span class=\"aioseo-breadcrumb-separator\">&ndash;<\/span><span class=\"aioseo-breadcrumb\">\n\tSunwafe reserva suelo en Asturias para una planta solar\n<\/span><\/div>","aioseo_breadcrumb_json":[{"label":"Home","link":"https:\/\/candas365.es\/noticias"},{"label":"Asturias","link":"https:\/\/candas365.es\/noticias\/category\/asturias\/"},{"label":"Sunwafe reserva suelo en Asturias para una planta solar","link":"https:\/\/candas365.es\/noticias\/sunwafe-reserva-suelo-en-asturias-para-una-planta-solar\/"}],"_links":{"self":[{"href":"https:\/\/candas365.es\/noticias\/wp-json\/wp\/v2\/posts\/193518","targetHints":{"allow":["GET"]}}],"collection":[{"href":"https:\/\/candas365.es\/noticias\/wp-json\/wp\/v2\/posts"}],"about":[{"href":"https:\/\/candas365.es\/noticias\/wp-json\/wp\/v2\/types\/post"}],"author":[{"embeddable":true,"href":"https:\/\/candas365.es\/noticias\/wp-json\/wp\/v2\/users\/1"}],"replies":[{"embeddable":true,"href":"https:\/\/candas365.es\/noticias\/wp-json\/wp\/v2\/comments?post=193518"}],"version-history":[{"count":0,"href":"https:\/\/candas365.es\/noticias\/wp-json\/wp\/v2\/posts\/193518\/revisions"}],"wp:featuredmedia":[{"embeddable":true,"href":"https:\/\/candas365.es\/noticias\/wp-json\/wp\/v2\/media\/193519"}],"wp:attachment":[{"href":"https:\/\/candas365.es\/noticias\/wp-json\/wp\/v2\/media?parent=193518"}],"wp:term":[{"taxonomy":"category","embeddable":true,"href":"https:\/\/candas365.es\/noticias\/wp-json\/wp\/v2\/categories?post=193518"},{"taxonomy":"post_tag","embeddable":true,"href":"https:\/\/candas365.es\/noticias\/wp-json\/wp\/v2\/tags?post=193518"}],"curies":[{"name":"wp","href":"https:\/\/api.w.org\/{rel}","templated":true}]}}