{"id":193515,"date":"2026-04-01T06:02:20","date_gmt":"2026-04-01T04:02:20","guid":{"rendered":"https:\/\/candas365.es\/noticias\/?p=193515"},"modified":"2026-04-01T06:02:20","modified_gmt":"2026-04-01T04:02:20","slug":"artemis-ii-lleva-humanos-a-la-luna-por-primera-vez-en-50-anos","status":"publish","type":"post","link":"https:\/\/candas365.es\/noticias\/artemis-ii-lleva-humanos-a-la-luna-por-primera-vez-en-50-anos\/","title":{"rendered":"Artemis II lleva humanos a la Luna por primera vez en 50 a\u00f1os"},"content":{"rendered":"<p class=\"font-claude-response-body break-words whitespace-pre-wrap leading-[1.7]\">La NASA lanza Artemis II el 1 de abril, la primera misi\u00f3n tripulada en rodear la Luna en m\u00e1s de 50 a\u00f1os, con una fase cr\u00edtica de 50 minutos sin comunicaci\u00f3n con la Tierra.<\/p>\n<figure id=\"attachment_193516\" aria-describedby=\"caption-attachment-193516\" style=\"width: 650px\" class=\"wp-caption aligncenter\"><img fetchpriority=\"high\" decoding=\"async\" class=\"size-large wp-image-193516\" src=\"https:\/\/candas365.es\/noticias\/wp-content\/uploads\/2026\/04\/Artemis-II-lleva-humanos-a-la-Luna-por-primera-vez-en-50-anos-650x428.jpg\" alt=\"Artemis II lleva humanos a la Luna por primera vez en 50 a\u00f1os\" width=\"650\" height=\"428\" srcset=\"https:\/\/candas365.es\/noticias\/wp-content\/uploads\/2026\/04\/Artemis-II-lleva-humanos-a-la-Luna-por-primera-vez-en-50-anos-650x428.jpg 650w, https:\/\/candas365.es\/noticias\/wp-content\/uploads\/2026\/04\/Artemis-II-lleva-humanos-a-la-Luna-por-primera-vez-en-50-anos-360x237.jpg 360w, https:\/\/candas365.es\/noticias\/wp-content\/uploads\/2026\/04\/Artemis-II-lleva-humanos-a-la-Luna-por-primera-vez-en-50-anos-768x505.jpg 768w, https:\/\/candas365.es\/noticias\/wp-content\/uploads\/2026\/04\/Artemis-II-lleva-humanos-a-la-Luna-por-primera-vez-en-50-anos-150x99.jpg 150w, https:\/\/candas365.es\/noticias\/wp-content\/uploads\/2026\/04\/Artemis-II-lleva-humanos-a-la-Luna-por-primera-vez-en-50-anos-450x296.jpg 450w, https:\/\/candas365.es\/noticias\/wp-content\/uploads\/2026\/04\/Artemis-II-lleva-humanos-a-la-Luna-por-primera-vez-en-50-anos-1200x790.jpg 1200w, https:\/\/candas365.es\/noticias\/wp-content\/uploads\/2026\/04\/Artemis-II-lleva-humanos-a-la-Luna-por-primera-vez-en-50-anos.jpg 1255w\" sizes=\"(max-width: 650px) 100vw, 650px\" \/><figcaption id=\"caption-attachment-193516\" class=\"wp-caption-text\">Foto: 123rf.com<\/figcaption><\/figure>\n<p class=\"font-claude-response-body break-words whitespace-normal leading-[1.7]\">La <span style=\"color: #ff6600;\"><a style=\"color: #ff6600;\" href=\"https:\/\/www.nasa.gov\/es\/\" target=\"_blank\" rel=\"noopener\"><strong>NASA<\/strong><\/a><\/span> prepara el lanzamiento de la misi\u00f3n Artemis II, que llevar\u00e1 a cuatro astronautas al entorno de la Luna en el primer vuelo tripulado de este tipo desde el programa Apolo, hace m\u00e1s de medio siglo. Una de sus fases m\u00e1s cr\u00edticas ocurrir\u00e1 cuando la c\u00e1psula pase por el lado oculto del sat\u00e9lite y los tripulantes queden incomunicados con la Tierra durante aproximadamente 50 minutos.<\/p>\n<h2 class=\"text-text-100 mt-3 -mb-1 text-[1.125rem] font-bold\">El lanzamiento y la ventana de despegue<\/h2>\n<p class=\"font-claude-response-body break-words whitespace-normal leading-[1.7]\">El cohete SLS con la c\u00e1psula Orion tiene previsto su despegue a partir del 1 de abril de 2026, dentro de una ventana de dos horas que abre a las 6:24 p.m., hora del este de <a href=\"https:\/\/candas365.es\/noticias\/category\/internacional\/\"><span style=\"color: #ff6600;\"><strong>Estados Unidos<\/strong><\/span><\/a> (4:24 p.m. en M\u00e9xico). Antes de autorizar el lanzamiento, la agencia evaluar\u00e1 condiciones t\u00e9cnicas, meteorol\u00f3gicas y de tr\u00e1fico espacial. La cobertura en vivo estar\u00e1 disponible en los canales oficiales de la NASA desde las primeras horas del d\u00eda, con el inicio de las operaciones de carga de combustible.<\/p>\n<h1 class=\"text-text-100 mt-3 -mb-1 text-[1.125rem] font-bold\">Una tripulaci\u00f3n hist\u00f3rica<\/h1>\n<p class=\"font-claude-response-body break-words whitespace-normal leading-[1.7]\">La misi\u00f3n est\u00e1 integrada por cuatro astronautas e incluye por primera vez a una mujer y a una persona afroamericana en una expedici\u00f3n de este tipo alrededor de la Luna. El vuelo no contempla un alunizaje: la nave sobrevolar\u00e1 entre 6.000 y 9.000 kil\u00f3metros sobre la superficie lunar, rodear\u00e1 el sat\u00e9lite y emprender\u00e1 el regreso a la Tierra. El objetivo principal es validar que la NASA puede transportar humanos de forma segura en misiones lunares de larga distancia.<\/p>\n<h2 class=\"text-text-100 mt-3 -mb-1 text-[1.125rem] font-bold\">Las fases del viaje<\/h2>\n<p class=\"font-claude-response-body break-words whitespace-normal leading-[1.7]\">Durante los primeros d\u00edas de vuelo, la tripulaci\u00f3n orbitar\u00e1 la Tierra para verificar sistemas y equipos. Despu\u00e9s, la nave iniciar\u00e1 su trayectoria hacia la Luna hasta entrar en su esfera de influencia gravitatoria, donde comenzar\u00e1 la maniobra orbital alrededor del sat\u00e9lite.<\/p>\n<p class=\"font-claude-response-body break-words whitespace-normal leading-[1.7]\">El momento m\u00e1s delicado llegar\u00e1 cuando la c\u00e1psula pase por detr\u00e1s de la Luna. La interferencia del propio sat\u00e9lite cortar\u00e1 la comunicaci\u00f3n con la Tierra durante cerca de 50 minutos, per\u00edodo en el que los astronautas deber\u00e1n operar de forma aut\u00f3noma y registrar datos e im\u00e1genes con tecnolog\u00eda m\u00e1s avanzada que la empleada en misiones anteriores.<\/p>\n<p class=\"font-claude-response-body break-words whitespace-normal leading-[1.7]\">Tras completar el sobrevuelo, la nave aprovechar\u00e1 la interacci\u00f3n gravitatoria entre la Tierra y la Luna para optimizar el consumo de combustible en el regreso. La duraci\u00f3n total del viaje se estima en aproximadamente diez d\u00edas.<\/p>\n<h2 class=\"text-text-100 mt-3 -mb-1 text-[1.125rem] font-bold\">El objetivo de largo plazo<\/h2>\n<p class=\"font-claude-response-body break-words whitespace-normal leading-[1.7]\">Artemis II tiene como prioridad garantizar la seguridad de la tripulaci\u00f3n y validar sistemas cr\u00edticos para futuras expediciones. Los datos recopilados durante el vuelo servir\u00e1n para planificar nuevas fases del programa, incluidas misiones de alunizaje y la posible construcci\u00f3n de bases en la superficie lunar.<\/p>\n<p class=\"font-claude-response-body break-words whitespace-normal leading-[1.7]\">La misi\u00f3n se desarrolla en un contexto de creciente competencia espacial, con otras potencias avanzando en sus propios programas para llegar a la Luna. La NASA, por su parte, mantiene planes para establecer una presencia sostenida en el sat\u00e9lite en los pr\u00f3ximos a\u00f1os.<\/p>\n<p class=\"font-claude-response-body break-words whitespace-normal leading-[1.7]\">Con informaci\u00f3n de NotiPress.<\/p>\n","protected":false},"excerpt":{"rendered":"<p>La NASA lanza Artemis II el 1 de abril, la primera misi\u00f3n tripulada en rodear la Luna en m\u00e1s de 50 a\u00f1os, con una fase cr\u00edtica de 50 minutos sin comunicaci\u00f3n con la Tierra. La NASA prepara el lanzamiento de la misi\u00f3n Artemis II, que llevar\u00e1 a cuatro astronautas al entorno de la Luna en<\/p>\n","protected":false},"author":1,"featured_media":193516,"comment_status":"closed","ping_status":"closed","sticky":false,"template":"","format":"standard","meta":{"footnotes":""},"categories":[316,143],"tags":[454],"class_list":{"0":"post-193515","1":"post","2":"type-post","3":"status-publish","4":"format-standard","5":"has-post-thumbnail","7":"category-destacadas","8":"category-sociedad","9":"tag-ciencia"},"aioseo_notices":[],"aioseo_head":"\n\t\t<!-- All in One SEO Pro 4.9.6.2 - aioseo.com -->\n\t<meta name=\"description\" content=\"La NASA lanza Artemis II el 1 de abril, la primera misi\u00f3n tripulada en rodear la Luna en m\u00e1s de 50 a\u00f1os, con una fase cr\u00edtica de 50 minutos sin comunicaci\u00f3n\" \/>\n\t<meta name=\"robots\" content=\"max-image-preview:large\" \/>\n\t<meta name=\"author\" content=\"Cand\u00e1s 365\"\/>\n\t<meta name=\"google-site-verification\" content=\"UA-32230408-1\" \/>\n\t<meta name=\"msvalidate.01\" content=\"354F3CDFB2DA171B47FBE9ABF1F88D5\" \/>\n\t<meta name=\"keywords\" content=\"destacadas,sociedad\" \/>\n\t<link rel=\"canonical\" href=\"https:\/\/candas365.es\/noticias\/artemis-ii-lleva-humanos-a-la-luna-por-primera-vez-en-50-anos\/\" \/>\n\t<meta name=\"generator\" content=\"All in One SEO Pro (AIOSEO) 4.9.6.2\" \/>\n\t\t<meta property=\"og:locale\" content=\"es_ES\" \/>\n\t\t<meta property=\"og:site_name\" content=\"Cand\u00e1s 365\" \/>\n\t\t<meta property=\"og:type\" content=\"article\" \/>\n\t\t<meta property=\"og:title\" content=\"Artemis II lleva humanos a la Luna por primera vez en 50 a\u00f1os | Cand\u00e1s 365\" \/>\n\t\t<meta property=\"og:description\" content=\"La NASA lanza Artemis II el 1 de abril, la primera misi\u00f3n tripulada en rodear la Luna en m\u00e1s de 50 a\u00f1os, con una fase cr\u00edtica de 50 minutos sin comunicaci\u00f3n\" \/>\n\t\t<meta property=\"og:url\" content=\"https:\/\/candas365.es\/noticias\/artemis-ii-lleva-humanos-a-la-luna-por-primera-vez-en-50-anos\/\" \/>\n\t\t<meta property=\"og:image\" content=\"https:\/\/candas365.es\/noticias\/wp-content\/uploads\/2026\/04\/Artemis-II-lleva-humanos-a-la-Luna-por-primera-vez-en-50-anos.jpg\" \/>\n\t\t<meta property=\"og:image:secure_url\" content=\"https:\/\/candas365.es\/noticias\/wp-content\/uploads\/2026\/04\/Artemis-II-lleva-humanos-a-la-Luna-por-primera-vez-en-50-anos.jpg\" \/>\n\t\t<meta property=\"og:image:width\" content=\"1255\" \/>\n\t\t<meta property=\"og:image:height\" content=\"826\" \/>\n\t\t<meta property=\"article:published_time\" content=\"2026-04-01T04:02:20+00:00\" \/>\n\t\t<meta property=\"article:modified_time\" content=\"2026-04-01T04:02:20+00:00\" \/>\n\t\t<meta property=\"article:publisher\" content=\"https:\/\/www.facebook.com\/Nachofdezber\" \/>\n\t\t<meta property=\"article:author\" content=\"https:\/\/www.facebook.com\/carrenoactualidad\" \/>\n\t\t<meta name=\"twitter:card\" content=\"summary_large_image\" \/>\n\t\t<meta name=\"twitter:site\" content=\"@NabercoDigital\" \/>\n\t\t<meta name=\"twitter:title\" content=\"Artemis II lleva humanos a la Luna por primera vez en 50 a\u00f1os | Cand\u00e1s 365\" \/>\n\t\t<meta name=\"twitter:description\" content=\"La NASA lanza Artemis II el 1 de abril, la primera misi\u00f3n tripulada en rodear la Luna en m\u00e1s de 50 a\u00f1os, con una fase cr\u00edtica de 50 minutos sin comunicaci\u00f3n\" \/>\n\t\t<meta name=\"twitter:creator\" content=\"@nbasturias\" \/>\n\t\t<meta name=\"twitter:image\" content=\"https:\/\/candas365.es\/noticias\/wp-content\/uploads\/2026\/04\/Artemis-II-lleva-humanos-a-la-Luna-por-primera-vez-en-50-anos.jpg\" \/>\n\t\t<meta name=\"twitter:label1\" content=\"Escrito por\" \/>\n\t\t<meta name=\"twitter:data1\" content=\"Cand\u00e1s 365\" \/>\n\t\t<meta name=\"twitter:label2\" content=\"Tiempo de lectura estimado\" \/>\n\t\t<meta name=\"twitter:data2\" content=\"3 minutos\" \/>\n\t\t<script type=\"application\/ld+json\" class=\"aioseo-schema\">\n\t\t\t{\"@context\":\"https:\\\/\\\/schema.org\",\"@graph\":[{\"@type\":\"BreadcrumbList\",\"@id\":\"https:\\\/\\\/candas365.es\\\/noticias\\\/artemis-ii-lleva-humanos-a-la-luna-por-primera-vez-en-50-anos\\\/#breadcrumblist\",\"itemListElement\":[{\"@type\":\"ListItem\",\"@id\":\"https:\\\/\\\/candas365.es\\\/noticias#listItem\",\"position\":1,\"name\":\"Home\",\"item\":\"https:\\\/\\\/candas365.es\\\/noticias\",\"nextItem\":{\"@type\":\"ListItem\",\"@id\":\"https:\\\/\\\/candas365.es\\\/noticias\\\/category\\\/sociedad\\\/#listItem\",\"name\":\"Sociedad\"}},{\"@type\":\"ListItem\",\"@id\":\"https:\\\/\\\/candas365.es\\\/noticias\\\/category\\\/sociedad\\\/#listItem\",\"position\":2,\"name\":\"Sociedad\",\"item\":\"https:\\\/\\\/candas365.es\\\/noticias\\\/category\\\/sociedad\\\/\",\"nextItem\":{\"@type\":\"ListItem\",\"@id\":\"https:\\\/\\\/candas365.es\\\/noticias\\\/artemis-ii-lleva-humanos-a-la-luna-por-primera-vez-en-50-anos\\\/#listItem\",\"name\":\"Artemis II lleva humanos a la Luna por primera vez en 50 a\\u00f1os\"},\"previousItem\":{\"@type\":\"ListItem\",\"@id\":\"https:\\\/\\\/candas365.es\\\/noticias#listItem\",\"name\":\"Home\"}},{\"@type\":\"ListItem\",\"@id\":\"https:\\\/\\\/candas365.es\\\/noticias\\\/artemis-ii-lleva-humanos-a-la-luna-por-primera-vez-en-50-anos\\\/#listItem\",\"position\":3,\"name\":\"Artemis II lleva humanos a la Luna por primera vez en 50 a\\u00f1os\",\"previousItem\":{\"@type\":\"ListItem\",\"@id\":\"https:\\\/\\\/candas365.es\\\/noticias\\\/category\\\/sociedad\\\/#listItem\",\"name\":\"Sociedad\"}}]},{\"@type\":\"NewsArticle\",\"@id\":\"https:\\\/\\\/candas365.es\\\/noticias\\\/artemis-ii-lleva-humanos-a-la-luna-por-primera-vez-en-50-anos\\\/#newsarticle\",\"name\":\"Artemis II lleva humanos a la Luna por primera vez en 50 a\\u00f1os | Cand\\u00e1s 365\",\"headline\":\"Artemis II lleva humanos a la Luna por primera vez en 50 a\\u00f1os\",\"author\":{\"@id\":\"https:\\\/\\\/candas365.es\\\/noticias\\\/author\\\/admin\\\/#author\"},\"publisher\":{\"@id\":\"https:\\\/\\\/candas365.es\\\/noticias\\\/#organization\"},\"image\":{\"@type\":\"ImageObject\",\"url\":\"https:\\\/\\\/candas365.es\\\/noticias\\\/wp-content\\\/uploads\\\/2026\\\/04\\\/Artemis-II-lleva-humanos-a-la-Luna-por-primera-vez-en-50-anos.jpg\",\"width\":1255,\"height\":826,\"caption\":\"Foto: 123rf.com\"},\"datePublished\":\"2026-04-01T06:02:20+02:00\",\"dateModified\":\"2026-04-01T06:02:20+02:00\",\"inLanguage\":\"es-ES\",\"mainEntityOfPage\":{\"@id\":\"https:\\\/\\\/candas365.es\\\/noticias\\\/artemis-ii-lleva-humanos-a-la-luna-por-primera-vez-en-50-anos\\\/#webpage\"},\"isPartOf\":{\"@id\":\"https:\\\/\\\/candas365.es\\\/noticias\\\/artemis-ii-lleva-humanos-a-la-luna-por-primera-vez-en-50-anos\\\/#webpage\"},\"articleSection\":\"Destacadas, Sociedad, Ciencia\",\"dateline\":\"Publicado el abril 1, 2026.\"},{\"@type\":\"Organization\",\"@id\":\"https:\\\/\\\/candas365.es\\\/noticias\\\/#organization\",\"name\":\"Cand\\u00e1s 365\",\"description\":\"Cand\\u00e1s 365 es un diario digital independiente, fundado en 2012, con base en Asturias. Informamos con rigor sobre actualidad, sociedad, cultura y ocio, con una mirada local y global.\",\"url\":\"https:\\\/\\\/candas365.es\\\/noticias\\\/\",\"email\":\"info@candas365.es\",\"telephone\":\"+34652131393\",\"foundingDate\":\"2012-06-10\",\"logo\":{\"@type\":\"ImageObject\",\"url\":\"https:\\\/\\\/candas365.es\\\/noticias\\\/wp-content\\\/uploads\\\/2024\\\/09\\\/Candas-365-Redes.jpg\",\"@id\":\"https:\\\/\\\/candas365.es\\\/noticias\\\/artemis-ii-lleva-humanos-a-la-luna-por-primera-vez-en-50-anos\\\/#organizationLogo\",\"width\":1152,\"height\":864,\"caption\":\"Cand\\u00e1s 365 Redes\"},\"image\":{\"@id\":\"https:\\\/\\\/candas365.es\\\/noticias\\\/artemis-ii-lleva-humanos-a-la-luna-por-primera-vez-en-50-anos\\\/#organizationLogo\"},\"sameAs\":[\"https:\\\/\\\/www.facebook.com\\\/Nachofdezber\",\"https:\\\/\\\/x.com\\\/NabercoDigital\",\"https:\\\/\\\/www.instagram.com\\\/nachofdezber\\\/\",\"https:\\\/\\\/www.youtube.com\\\/channel\\\/UCZP-2wLEB9Rv6erhFmqVnvg\"],\"address\":{\"@id\":\"https:\\\/\\\/candas365.es\\\/noticias\\\/#postaladdress\",\"@type\":\"PostalAddress\",\"streetAddress\":\"san antonio 4, san antonio 4\",\"postalCode\":\"33430\",\"addressLocality\":\"Cand\\u00e1s\",\"addressRegion\":\"Asturias\",\"addressCountry\":\"ES\"}},{\"@type\":\"Person\",\"@id\":\"https:\\\/\\\/candas365.es\\\/noticias\\\/author\\\/admin\\\/#author\",\"url\":\"https:\\\/\\\/candas365.es\\\/noticias\\\/author\\\/admin\\\/\",\"name\":\"Cand\\u00e1s 365\",\"image\":{\"@type\":\"ImageObject\",\"@id\":\"https:\\\/\\\/candas365.es\\\/noticias\\\/artemis-ii-lleva-humanos-a-la-luna-por-primera-vez-en-50-anos\\\/#authorImage\",\"url\":\"https:\\\/\\\/secure.gravatar.com\\\/avatar\\\/496a8e03d0c493ede1718b7934145dbdf8d89be1036b0eec9544e1094c9de390?s=96&d=mm&r=g\",\"width\":96,\"height\":96,\"caption\":\"Cand\\u00e1s 365\"},\"sameAs\":[\"https:\\\/\\\/www.facebook.com\\\/carrenoactualidad\",\"https:\\\/\\\/twitter.com\\\/nbasturias\",\"https:\\\/\\\/www.instagram.com\\\/nachofdezber\\\/\",\"https:\\\/\\\/www.youtube.com\\\/channel\\\/UCZP-2wLEB9Rv6erhFmqVnvg\"]},{\"@type\":\"WebPage\",\"@id\":\"https:\\\/\\\/candas365.es\\\/noticias\\\/artemis-ii-lleva-humanos-a-la-luna-por-primera-vez-en-50-anos\\\/#webpage\",\"url\":\"https:\\\/\\\/candas365.es\\\/noticias\\\/artemis-ii-lleva-humanos-a-la-luna-por-primera-vez-en-50-anos\\\/\",\"name\":\"Artemis II lleva humanos a la Luna por primera vez en 50 a\\u00f1os | Cand\\u00e1s 365\",\"description\":\"La NASA lanza Artemis II el 1 de abril, la primera misi\\u00f3n tripulada en rodear la Luna en m\\u00e1s de 50 a\\u00f1os, con una fase cr\\u00edtica de 50 minutos sin comunicaci\\u00f3n\",\"inLanguage\":\"es-ES\",\"isPartOf\":{\"@id\":\"https:\\\/\\\/candas365.es\\\/noticias\\\/#website\"},\"breadcrumb\":{\"@id\":\"https:\\\/\\\/candas365.es\\\/noticias\\\/artemis-ii-lleva-humanos-a-la-luna-por-primera-vez-en-50-anos\\\/#breadcrumblist\"},\"author\":{\"@id\":\"https:\\\/\\\/candas365.es\\\/noticias\\\/author\\\/admin\\\/#author\"},\"creator\":{\"@id\":\"https:\\\/\\\/candas365.es\\\/noticias\\\/author\\\/admin\\\/#author\"},\"image\":{\"@type\":\"ImageObject\",\"url\":\"https:\\\/\\\/candas365.es\\\/noticias\\\/wp-content\\\/uploads\\\/2026\\\/04\\\/Artemis-II-lleva-humanos-a-la-Luna-por-primera-vez-en-50-anos.jpg\",\"@id\":\"https:\\\/\\\/candas365.es\\\/noticias\\\/artemis-ii-lleva-humanos-a-la-luna-por-primera-vez-en-50-anos\\\/#mainImage\",\"width\":1255,\"height\":826,\"caption\":\"Foto: 123rf.com\"},\"primaryImageOfPage\":{\"@id\":\"https:\\\/\\\/candas365.es\\\/noticias\\\/artemis-ii-lleva-humanos-a-la-luna-por-primera-vez-en-50-anos\\\/#mainImage\"},\"datePublished\":\"2026-04-01T06:02:20+02:00\",\"dateModified\":\"2026-04-01T06:02:20+02:00\"},{\"@type\":\"WebSite\",\"@id\":\"https:\\\/\\\/candas365.es\\\/noticias\\\/#website\",\"url\":\"https:\\\/\\\/candas365.es\\\/noticias\\\/\",\"name\":\"Cand\\u00e1s 365\",\"alternateName\":\"Cand\\u00e1s 365 Noticias\",\"description\":\"Actualidad desde Carre\\u00f1o para el mundo\",\"inLanguage\":\"es-ES\",\"publisher\":{\"@id\":\"https:\\\/\\\/candas365.es\\\/noticias\\\/#organization\"}}]}\n\t\t<\/script>\n\t\t<!-- All in One SEO Pro -->\r\n\t\t<title>Artemis II lleva humanos a la Luna por primera vez en 50 a\u00f1os | Cand\u00e1s 365<\/title>\n\n","aioseo_head_json":{"title":"Artemis II lleva humanos a la Luna por primera vez en 50 a\u00f1os | Cand\u00e1s 365","description":"La NASA lanza Artemis II el 1 de abril, la primera misi\u00f3n tripulada en rodear la Luna en m\u00e1s de 50 a\u00f1os, con una fase cr\u00edtica de 50 minutos sin comunicaci\u00f3n","canonical_url":"https:\/\/candas365.es\/noticias\/artemis-ii-lleva-humanos-a-la-luna-por-primera-vez-en-50-anos\/","robots":"max-image-preview:large","keywords":"destacadas,sociedad","webmasterTools":{"google-site-verification":"UA-32230408-1","msvalidate.01":"354F3CDFB2DA171B47FBE9ABF1F88D5","miscellaneous":""},"schema":{"@context":"https:\/\/schema.org","@graph":[{"@type":"BreadcrumbList","@id":"https:\/\/candas365.es\/noticias\/artemis-ii-lleva-humanos-a-la-luna-por-primera-vez-en-50-anos\/#breadcrumblist","itemListElement":[{"@type":"ListItem","@id":"https:\/\/candas365.es\/noticias#listItem","position":1,"name":"Home","item":"https:\/\/candas365.es\/noticias","nextItem":{"@type":"ListItem","@id":"https:\/\/candas365.es\/noticias\/category\/sociedad\/#listItem","name":"Sociedad"}},{"@type":"ListItem","@id":"https:\/\/candas365.es\/noticias\/category\/sociedad\/#listItem","position":2,"name":"Sociedad","item":"https:\/\/candas365.es\/noticias\/category\/sociedad\/","nextItem":{"@type":"ListItem","@id":"https:\/\/candas365.es\/noticias\/artemis-ii-lleva-humanos-a-la-luna-por-primera-vez-en-50-anos\/#listItem","name":"Artemis II lleva humanos a la Luna por primera vez en 50 a\u00f1os"},"previousItem":{"@type":"ListItem","@id":"https:\/\/candas365.es\/noticias#listItem","name":"Home"}},{"@type":"ListItem","@id":"https:\/\/candas365.es\/noticias\/artemis-ii-lleva-humanos-a-la-luna-por-primera-vez-en-50-anos\/#listItem","position":3,"name":"Artemis II lleva humanos a la Luna por primera vez en 50 a\u00f1os","previousItem":{"@type":"ListItem","@id":"https:\/\/candas365.es\/noticias\/category\/sociedad\/#listItem","name":"Sociedad"}}]},{"@type":"NewsArticle","@id":"https:\/\/candas365.es\/noticias\/artemis-ii-lleva-humanos-a-la-luna-por-primera-vez-en-50-anos\/#newsarticle","name":"Artemis II lleva humanos a la Luna por primera vez en 50 a\u00f1os | Cand\u00e1s 365","headline":"Artemis II lleva humanos a la Luna por primera vez en 50 a\u00f1os","author":{"@id":"https:\/\/candas365.es\/noticias\/author\/admin\/#author"},"publisher":{"@id":"https:\/\/candas365.es\/noticias\/#organization"},"image":{"@type":"ImageObject","url":"https:\/\/candas365.es\/noticias\/wp-content\/uploads\/2026\/04\/Artemis-II-lleva-humanos-a-la-Luna-por-primera-vez-en-50-anos.jpg","width":1255,"height":826,"caption":"Foto: 123rf.com"},"datePublished":"2026-04-01T06:02:20+02:00","dateModified":"2026-04-01T06:02:20+02:00","inLanguage":"es-ES","mainEntityOfPage":{"@id":"https:\/\/candas365.es\/noticias\/artemis-ii-lleva-humanos-a-la-luna-por-primera-vez-en-50-anos\/#webpage"},"isPartOf":{"@id":"https:\/\/candas365.es\/noticias\/artemis-ii-lleva-humanos-a-la-luna-por-primera-vez-en-50-anos\/#webpage"},"articleSection":"Destacadas, Sociedad, Ciencia","dateline":"Publicado el abril 1, 2026."},{"@type":"Organization","@id":"https:\/\/candas365.es\/noticias\/#organization","name":"Cand\u00e1s 365","description":"Cand\u00e1s 365 es un diario digital independiente, fundado en 2012, con base en Asturias. Informamos con rigor sobre actualidad, sociedad, cultura y ocio, con una mirada local y global.","url":"https:\/\/candas365.es\/noticias\/","email":"info@candas365.es","telephone":"+34652131393","foundingDate":"2012-06-10","logo":{"@type":"ImageObject","url":"https:\/\/candas365.es\/noticias\/wp-content\/uploads\/2024\/09\/Candas-365-Redes.jpg","@id":"https:\/\/candas365.es\/noticias\/artemis-ii-lleva-humanos-a-la-luna-por-primera-vez-en-50-anos\/#organizationLogo","width":1152,"height":864,"caption":"Cand\u00e1s 365 Redes"},"image":{"@id":"https:\/\/candas365.es\/noticias\/artemis-ii-lleva-humanos-a-la-luna-por-primera-vez-en-50-anos\/#organizationLogo"},"sameAs":["https:\/\/www.facebook.com\/Nachofdezber","https:\/\/x.com\/NabercoDigital","https:\/\/www.instagram.com\/nachofdezber\/","https:\/\/www.youtube.com\/channel\/UCZP-2wLEB9Rv6erhFmqVnvg"],"address":{"@id":"https:\/\/candas365.es\/noticias\/#postaladdress","@type":"PostalAddress","streetAddress":"san antonio 4, san antonio 4","postalCode":"33430","addressLocality":"Cand\u00e1s","addressRegion":"Asturias","addressCountry":"ES"}},{"@type":"Person","@id":"https:\/\/candas365.es\/noticias\/author\/admin\/#author","url":"https:\/\/candas365.es\/noticias\/author\/admin\/","name":"Cand\u00e1s 365","image":{"@type":"ImageObject","@id":"https:\/\/candas365.es\/noticias\/artemis-ii-lleva-humanos-a-la-luna-por-primera-vez-en-50-anos\/#authorImage","url":"https:\/\/secure.gravatar.com\/avatar\/496a8e03d0c493ede1718b7934145dbdf8d89be1036b0eec9544e1094c9de390?s=96&d=mm&r=g","width":96,"height":96,"caption":"Cand\u00e1s 365"},"sameAs":["https:\/\/www.facebook.com\/carrenoactualidad","https:\/\/twitter.com\/nbasturias","https:\/\/www.instagram.com\/nachofdezber\/","https:\/\/www.youtube.com\/channel\/UCZP-2wLEB9Rv6erhFmqVnvg"]},{"@type":"WebPage","@id":"https:\/\/candas365.es\/noticias\/artemis-ii-lleva-humanos-a-la-luna-por-primera-vez-en-50-anos\/#webpage","url":"https:\/\/candas365.es\/noticias\/artemis-ii-lleva-humanos-a-la-luna-por-primera-vez-en-50-anos\/","name":"Artemis II lleva humanos a la Luna por primera vez en 50 a\u00f1os | Cand\u00e1s 365","description":"La NASA lanza Artemis II el 1 de abril, la primera misi\u00f3n tripulada en rodear la Luna en m\u00e1s de 50 a\u00f1os, con una fase cr\u00edtica de 50 minutos sin comunicaci\u00f3n","inLanguage":"es-ES","isPartOf":{"@id":"https:\/\/candas365.es\/noticias\/#website"},"breadcrumb":{"@id":"https:\/\/candas365.es\/noticias\/artemis-ii-lleva-humanos-a-la-luna-por-primera-vez-en-50-anos\/#breadcrumblist"},"author":{"@id":"https:\/\/candas365.es\/noticias\/author\/admin\/#author"},"creator":{"@id":"https:\/\/candas365.es\/noticias\/author\/admin\/#author"},"image":{"@type":"ImageObject","url":"https:\/\/candas365.es\/noticias\/wp-content\/uploads\/2026\/04\/Artemis-II-lleva-humanos-a-la-Luna-por-primera-vez-en-50-anos.jpg","@id":"https:\/\/candas365.es\/noticias\/artemis-ii-lleva-humanos-a-la-luna-por-primera-vez-en-50-anos\/#mainImage","width":1255,"height":826,"caption":"Foto: 123rf.com"},"primaryImageOfPage":{"@id":"https:\/\/candas365.es\/noticias\/artemis-ii-lleva-humanos-a-la-luna-por-primera-vez-en-50-anos\/#mainImage"},"datePublished":"2026-04-01T06:02:20+02:00","dateModified":"2026-04-01T06:02:20+02:00"},{"@type":"WebSite","@id":"https:\/\/candas365.es\/noticias\/#website","url":"https:\/\/candas365.es\/noticias\/","name":"Cand\u00e1s 365","alternateName":"Cand\u00e1s 365 Noticias","description":"Actualidad desde Carre\u00f1o para el mundo","inLanguage":"es-ES","publisher":{"@id":"https:\/\/candas365.es\/noticias\/#organization"}}]},"og:locale":"es_ES","og:site_name":"Cand\u00e1s 365","og:type":"article","og:title":"Artemis II lleva humanos a la Luna por primera vez en 50 a\u00f1os | Cand\u00e1s 365","og:description":"La NASA lanza Artemis II el 1 de abril, la primera misi\u00f3n tripulada en rodear la Luna en m\u00e1s de 50 a\u00f1os, con una fase cr\u00edtica de 50 minutos sin comunicaci\u00f3n","og:url":"https:\/\/candas365.es\/noticias\/artemis-ii-lleva-humanos-a-la-luna-por-primera-vez-en-50-anos\/","og:image":"https:\/\/candas365.es\/noticias\/wp-content\/uploads\/2026\/04\/Artemis-II-lleva-humanos-a-la-Luna-por-primera-vez-en-50-anos.jpg","og:image:secure_url":"https:\/\/candas365.es\/noticias\/wp-content\/uploads\/2026\/04\/Artemis-II-lleva-humanos-a-la-Luna-por-primera-vez-en-50-anos.jpg","og:image:width":1255,"og:image:height":826,"article:published_time":"2026-04-01T04:02:20+00:00","article:modified_time":"2026-04-01T04:02:20+00:00","article:publisher":"https:\/\/www.facebook.com\/Nachofdezber","article:author":"https:\/\/www.facebook.com\/carrenoactualidad","twitter:card":"summary_large_image","twitter:site":"@NabercoDigital","twitter:title":"Artemis II lleva humanos a la Luna por primera vez en 50 a\u00f1os | Cand\u00e1s 365","twitter:description":"La NASA lanza Artemis II el 1 de abril, la primera misi\u00f3n tripulada en rodear la Luna en m\u00e1s de 50 a\u00f1os, con una fase cr\u00edtica de 50 minutos sin comunicaci\u00f3n","twitter:creator":"@nbasturias","twitter:image":"https:\/\/candas365.es\/noticias\/wp-content\/uploads\/2026\/04\/Artemis-II-lleva-humanos-a-la-Luna-por-primera-vez-en-50-anos.jpg","twitter:label1":"Escrito por","twitter:data1":"Cand\u00e1s 365","twitter:label2":"Tiempo de lectura estimado","twitter:data2":"3 minutos"},"aioseo_meta_data":{"post_id":"193515","title":null,"description":"La NASA lanza Artemis II el 1 de abril, la primera misi\u00f3n tripulada en rodear la Luna en m\u00e1s de 50 a\u00f1os, con una fase cr\u00edtica de 50 minutos sin comunicaci\u00f3n","keywords":null,"keyphrases":{"focus":{"keyphrase":"Luna","score":91,"analysis":{"keyphraseInTitle":{"score":9,"maxScore":9,"error":0},"keyphraseInDescription":{"score":9,"maxScore":9,"error":0},"keyphraseLength":{"score":9,"maxScore":9,"error":0,"length":1},"keyphraseInURL":{"score":5,"maxScore":5,"error":0},"keyphraseInIntroduction":{"score":9,"maxScore":9,"error":0},"keyphraseInSubHeadings":{"score":3,"maxScore":9,"error":1},"keyphraseInImageAlt":{"score":9,"maxScore":9,"error":0},"keywordDensity":{"type":"best","score":9,"maxScore":9,"error":0}}},"additional":[{"keyphrase":"Artemis II","score":100,"analysis":{"keyphraseInDescription":{"score":9,"maxScore":9,"error":0},"keyphraseLength":{"score":9,"maxScore":9,"error":0,"length":2},"keyphraseInIntroduction":{"score":9,"maxScore":9,"error":0},"keyphraseInImageAlt":{"score":9,"maxScore":9,"error":0},"keywordDensity":{"type":"best","score":9,"maxScore":9,"error":0}}}]},"primary_term":null,"canonical_url":null,"og_title":null,"og_description":null,"og_object_type":"default","og_image_type":"default","og_image_url":null,"og_image_width":null,"og_image_height":null,"og_image_custom_url":null,"og_image_custom_fields":null,"og_video":"","og_custom_url":null,"og_article_section":null,"og_article_tags":null,"twitter_use_og":false,"twitter_card":"default","twitter_image_type":"default","twitter_image_url":null,"twitter_image_custom_url":null,"twitter_image_custom_fields":null,"twitter_title":null,"twitter_description":null,"schema":{"blockGraphs":[],"customGraphs":[],"default":{"data":{"Article":[],"Course":[],"Dataset":[],"FAQPage":[],"Movie":[],"Person":[],"Product":[],"ProductReview":[],"Car":[],"Recipe":[],"Service":[],"SoftwareApplication":[],"WebPage":[]},"graphName":"NewsArticle","isEnabled":true},"graphs":[]},"schema_type":"default","schema_type_options":null,"pillar_content":false,"robots_default":true,"robots_noindex":false,"robots_noarchive":false,"robots_nosnippet":false,"robots_nofollow":false,"robots_noimageindex":false,"robots_noodp":false,"robots_notranslate":false,"robots_max_snippet":"-1","robots_max_videopreview":"-1","robots_max_imagepreview":"large","priority":null,"frequency":"default","location":null,"local_seo":null,"seo_analyzer_scan_date":"2026-04-01 04:41:53","breadcrumb_settings":null,"limit_modified_date":false,"reviewed_by":null,"open_ai":null,"ai":{"faqs":[],"keyPoints":[],"titles":[],"descriptions":[],"socialPosts":{"email":[],"linkedin":[],"twitter":[],"facebook":[],"instagram":[]}},"created":"2026-04-01 03:54:21","updated":"2026-04-01 04:42:01"},"aioseo_breadcrumb":"<div class=\"aioseo-breadcrumbs\"><span class=\"aioseo-breadcrumb\">\n\t<a href=\"https:\/\/candas365.es\/noticias\" title=\"Home\">Home<\/a>\n<\/span><span class=\"aioseo-breadcrumb-separator\">&ndash;<\/span><span class=\"aioseo-breadcrumb\">\n\t<a href=\"https:\/\/candas365.es\/noticias\/category\/sociedad\/\" title=\"Sociedad\">Sociedad<\/a>\n<\/span><span class=\"aioseo-breadcrumb-separator\">&ndash;<\/span><span class=\"aioseo-breadcrumb\">\n\tArtemis II lleva humanos a la Luna por primera vez en 50 a\u00f1os\n<\/span><\/div>","aioseo_breadcrumb_json":[{"label":"Home","link":"https:\/\/candas365.es\/noticias"},{"label":"Sociedad","link":"https:\/\/candas365.es\/noticias\/category\/sociedad\/"},{"label":"Artemis II lleva humanos a la Luna por primera vez en 50 a\u00f1os","link":"https:\/\/candas365.es\/noticias\/artemis-ii-lleva-humanos-a-la-luna-por-primera-vez-en-50-anos\/"}],"_links":{"self":[{"href":"https:\/\/candas365.es\/noticias\/wp-json\/wp\/v2\/posts\/193515","targetHints":{"allow":["GET"]}}],"collection":[{"href":"https:\/\/candas365.es\/noticias\/wp-json\/wp\/v2\/posts"}],"about":[{"href":"https:\/\/candas365.es\/noticias\/wp-json\/wp\/v2\/types\/post"}],"author":[{"embeddable":true,"href":"https:\/\/candas365.es\/noticias\/wp-json\/wp\/v2\/users\/1"}],"replies":[{"embeddable":true,"href":"https:\/\/candas365.es\/noticias\/wp-json\/wp\/v2\/comments?post=193515"}],"version-history":[{"count":0,"href":"https:\/\/candas365.es\/noticias\/wp-json\/wp\/v2\/posts\/193515\/revisions"}],"wp:featuredmedia":[{"embeddable":true,"href":"https:\/\/candas365.es\/noticias\/wp-json\/wp\/v2\/media\/193516"}],"wp:attachment":[{"href":"https:\/\/candas365.es\/noticias\/wp-json\/wp\/v2\/media?parent=193515"}],"wp:term":[{"taxonomy":"category","embeddable":true,"href":"https:\/\/candas365.es\/noticias\/wp-json\/wp\/v2\/categories?post=193515"},{"taxonomy":"post_tag","embeddable":true,"href":"https:\/\/candas365.es\/noticias\/wp-json\/wp\/v2\/tags?post=193515"}],"curies":[{"name":"wp","href":"https:\/\/api.w.org\/{rel}","templated":true}]}}