{"id":193505,"date":"2026-04-01T03:52:17","date_gmt":"2026-04-01T01:52:17","guid":{"rendered":"https:\/\/candas365.es\/noticias\/?p=193505"},"modified":"2026-04-01T03:52:17","modified_gmt":"2026-04-01T01:52:17","slug":"poner-frutas-en-la-entrada-del-super-impulsa-su-consumo","status":"publish","type":"post","link":"https:\/\/candas365.es\/noticias\/poner-frutas-en-la-entrada-del-super-impulsa-su-consumo\/","title":{"rendered":"Poner frutas en la entrada del s\u00faper impulsa su consumo"},"content":{"rendered":"<p class=\"font-claude-response-body break-words whitespace-pre-wrap leading-[1.7]\">Investigadores brit\u00e1nicos demuestran que reubicar <a href=\"https:\/\/eldigitaldeasturias.com\/radio\/category\/gastronomia\/\" target=\"_blank\" rel=\"noopener\"><span style=\"color: #ff6600;\"><strong>frutas y verduras<\/strong><\/span><\/a> en la entrada de supermercados eleva significativamente su compra semanal.<\/p>\n<figure id=\"attachment_193506\" aria-describedby=\"caption-attachment-193506\" style=\"width: 650px\" class=\"wp-caption aligncenter\"><img fetchpriority=\"high\" decoding=\"async\" class=\"size-large wp-image-193506\" src=\"https:\/\/candas365.es\/noticias\/wp-content\/uploads\/2026\/04\/Poner-frutas-en-la-entrada-del-super-impulsa-su-consumo-650x435.jpg\" alt=\"Poner frutas en la entrada del s\u00faper impulsa su consumo\" width=\"650\" height=\"435\" srcset=\"https:\/\/candas365.es\/noticias\/wp-content\/uploads\/2026\/04\/Poner-frutas-en-la-entrada-del-super-impulsa-su-consumo-650x435.jpg 650w, https:\/\/candas365.es\/noticias\/wp-content\/uploads\/2026\/04\/Poner-frutas-en-la-entrada-del-super-impulsa-su-consumo-360x241.jpg 360w, https:\/\/candas365.es\/noticias\/wp-content\/uploads\/2026\/04\/Poner-frutas-en-la-entrada-del-super-impulsa-su-consumo-768x514.jpg 768w, https:\/\/candas365.es\/noticias\/wp-content\/uploads\/2026\/04\/Poner-frutas-en-la-entrada-del-super-impulsa-su-consumo-150x100.jpg 150w, https:\/\/candas365.es\/noticias\/wp-content\/uploads\/2026\/04\/Poner-frutas-en-la-entrada-del-super-impulsa-su-consumo-450x301.jpg 450w, https:\/\/candas365.es\/noticias\/wp-content\/uploads\/2026\/04\/Poner-frutas-en-la-entrada-del-super-impulsa-su-consumo-1200x803.jpg 1200w, https:\/\/candas365.es\/noticias\/wp-content\/uploads\/2026\/04\/Poner-frutas-en-la-entrada-del-super-impulsa-su-consumo.jpg 1230w\" sizes=\"(max-width: 650px) 100vw, 650px\" \/><figcaption id=\"caption-attachment-193506\" class=\"wp-caption-text\">Foto: 123rf.com<\/figcaption><\/figure>\n<p class=\"font-claude-response-body break-words whitespace-normal leading-[1.7]\">Colocar frutas y verduras en la entrada de los supermercados incrementa su venta en m\u00e1s de 2.500 raciones semanales por tienda. As\u00ed lo concluye un estudio publicado en la revista PLOS Medicine, que analiz\u00f3 cambios en el comportamiento de consumo y abre la puerta a nuevas pol\u00edticas p\u00fablicas en alimentaci\u00f3n.<\/p>\n<h2 class=\"text-text-100 mt-3 -mb-1 text-[1.125rem] font-bold\">El estudio y su metodolog\u00eda<\/h2>\n<p class=\"font-claude-response-body break-words whitespace-normal leading-[1.7]\">La investigaci\u00f3n fue financiada por el Instituto Nacional de Investigaci\u00f3n en Salud y Atenci\u00f3n del Reino Unido (NIHR) y se desarroll\u00f3 en Inglaterra entre marzo de 2018 y mayo de 2022, en 36 tiendas de descuento. El an\u00e1lisis incluy\u00f3 a 580 mujeres de entre 18 y 60 a\u00f1os, responsables habituales de las <a href=\"https:\/\/candas365.es\/noticias\/category\/economia\/\"><span style=\"color: #ff6600;\"><strong>compras en sus hogares<\/strong><\/span><\/a>.<\/p>\n<p class=\"font-claude-response-body break-words whitespace-normal leading-[1.7]\">Los resultados mostraron que, en las tiendas donde se aplic\u00f3 el cambio de ubicaci\u00f3n, las ventas adicionales equivalieron a 2.525 raciones m\u00e1s por semana. Esto contrasta con la ca\u00edda general del consumo de estos alimentos registrada durante el mismo periodo en el resto de establecimientos.<\/p>\n<h1 class=\"text-text-100 mt-3 -mb-1 text-[1.125rem] font-bold\">Por qu\u00e9 funciona el cambio de ubicaci\u00f3n<\/h1>\n<p class=\"font-claude-response-body break-words whitespace-normal leading-[1.7]\">Los investigadores identificaron que la colocaci\u00f3n estrat\u00e9gica de los productos influye directamente en las decisiones de compra. Menos del 1% de las promociones en tiendas corresponden a frutas y verduras, lo que limita su visibilidad frente a los productos ultraprocesados, habitualmente situados en zonas de alto tr\u00e1nsito como cajas y pasillos principales.<\/p>\n<p class=\"font-claude-response-body break-words whitespace-normal leading-[1.7]\">La profesora Christina Vogel, autora principal del estudio, explic\u00f3: \u00abLa industria alimentaria y el p\u00fablico est\u00e1n atrapados en un c\u00edrculo vicioso de comida basura, donde los alimentos poco saludables son baratos de producir, rentables de comercializar, apetecibles y asequibles. Para contrarrestar esto, nuestro estudio demuestra que colocar frutas y verduras en las entradas de los supermercados de descuento aument\u00f3 las ventas de frutas y verduras frescas.\u00bb<\/p>\n<h2 class=\"text-text-100 mt-3 -mb-1 text-[1.125rem] font-bold\">Impacto en la dieta y la salud p\u00fablica<\/h2>\n<p class=\"font-claude-response-body break-words whitespace-normal leading-[1.7]\">Los resultados tambi\u00e9n evidenciaron mejoras en la calidad de la dieta tras seis meses de exposici\u00f3n a esta medida, especialmente en hogares donde las compras se concentran en una sola tienda. El incremento en el consumo podr\u00eda tener efectos relevantes en salud p\u00fablica: una ingesta adicional de 50 gramos diarios se asocia con una reducci\u00f3n del 20% en la mortalidad por diversas causas.<\/p>\n<p class=\"font-claude-response-body break-words whitespace-normal leading-[1.7]\">El contexto del estudio es significativo. Durante el periodo analizado, el consumo de frutas y verduras en el Reino Unido disminuy\u00f3: la compra de fruta cay\u00f3 un 7,2% y la de verduras un 5,3%, en un escenario marcado por la pandemia de COVID-19 y el aumento del costo de vida.<\/p>\n<p class=\"font-claude-response-body break-words whitespace-normal leading-[1.7]\">El profesor Adam Briggs, del programa de investigaci\u00f3n en salud p\u00fablica del NIHR, subray\u00f3 que \u00abuna mala alimentaci\u00f3n sigue siendo una de las principales causas de enfermedades y desigualdades en el Reino Unido\u00bb. Briggs destac\u00f3 que los resultados del estudio, denominado WRAPPED, demuestran c\u00f3mo peque\u00f1os cambios en la distribuci\u00f3n de los supermercados pueden modificar los h\u00e1bitos de compra y fomentar dietas m\u00e1s saludables, contribuyendo a prevenir la obesidad y las enfermedades relacionadas con la alimentaci\u00f3n.<\/p>\n<h2 class=\"text-text-100 mt-3 -mb-1 text-[1.125rem] font-bold\">Una herramienta para las pol\u00edticas p\u00fablicas<\/h2>\n<p class=\"font-claude-response-body break-words whitespace-normal leading-[1.7]\">El estudio plantea que los gobiernos podr\u00edan incorporar este tipo de intervenciones en la regulaci\u00f3n del comercio minorista, promoviendo la ubicaci\u00f3n de productos frescos en zonas visibles y limitando la exposici\u00f3n de alimentos poco saludables en espacios de alta afluencia. Modificar la distribuci\u00f3n f\u00edsica de las tiendas se perfila as\u00ed como una herramienta accesible y de bajo costo para mejorar los indicadores de salud alimentaria a escala poblacional.<\/p>\n<p class=\"font-claude-response-body break-words whitespace-normal leading-[1.7]\">Con informaci\u00f3n de NotiPress.<\/p>\n","protected":false},"excerpt":{"rendered":"<p>Investigadores brit\u00e1nicos demuestran que reubicar frutas y verduras en la entrada de supermercados eleva significativamente su compra semanal. Colocar frutas y verduras en la entrada de los supermercados incrementa su venta en m\u00e1s de 2.500 raciones semanales por tienda. As\u00ed lo concluye un estudio publicado en la revista PLOS Medicine, que analiz\u00f3 cambios en el<\/p>\n","protected":false},"author":1,"featured_media":193506,"comment_status":"closed","ping_status":"closed","sticky":false,"template":"","format":"standard","meta":{"footnotes":""},"categories":[486],"tags":[437],"class_list":{"0":"post-193505","1":"post","2":"type-post","3":"status-publish","4":"format-standard","5":"has-post-thumbnail","7":"category-economia","8":"tag-economia"},"aioseo_notices":[],"aioseo_head":"\n\t\t<!-- All in One SEO Pro 4.9.6.2 - aioseo.com -->\n\t<meta name=\"description\" content=\"Investigadores brit\u00e1nicos demuestran que reubicar frutas y verduras en la entrada de supermercados eleva significativamente su compra semanal.\" \/>\n\t<meta name=\"robots\" content=\"max-image-preview:large\" \/>\n\t<meta name=\"author\" content=\"Cand\u00e1s 365\"\/>\n\t<meta name=\"google-site-verification\" content=\"UA-32230408-1\" \/>\n\t<meta name=\"msvalidate.01\" content=\"354F3CDFB2DA171B47FBE9ABF1F88D5\" \/>\n\t<meta name=\"keywords\" content=\"econom\u00eda\" \/>\n\t<link rel=\"canonical\" href=\"https:\/\/candas365.es\/noticias\/poner-frutas-en-la-entrada-del-super-impulsa-su-consumo\/\" \/>\n\t<meta name=\"generator\" content=\"All in One SEO Pro (AIOSEO) 4.9.6.2\" \/>\n\t\t<meta property=\"og:locale\" content=\"es_ES\" \/>\n\t\t<meta property=\"og:site_name\" content=\"Cand\u00e1s 365\" \/>\n\t\t<meta property=\"og:type\" content=\"article\" \/>\n\t\t<meta property=\"og:title\" content=\"Poner frutas en la entrada del s\u00faper impulsa su consumo | Cand\u00e1s 365\" \/>\n\t\t<meta property=\"og:description\" content=\"Investigadores brit\u00e1nicos demuestran que reubicar frutas y verduras en la entrada de supermercados eleva significativamente su compra semanal.\" \/>\n\t\t<meta property=\"og:url\" content=\"https:\/\/candas365.es\/noticias\/poner-frutas-en-la-entrada-del-super-impulsa-su-consumo\/\" \/>\n\t\t<meta property=\"og:image\" content=\"https:\/\/candas365.es\/noticias\/wp-content\/uploads\/2026\/04\/Poner-frutas-en-la-entrada-del-super-impulsa-su-consumo.jpg\" \/>\n\t\t<meta property=\"og:image:secure_url\" content=\"https:\/\/candas365.es\/noticias\/wp-content\/uploads\/2026\/04\/Poner-frutas-en-la-entrada-del-super-impulsa-su-consumo.jpg\" \/>\n\t\t<meta property=\"og:image:width\" content=\"1230\" \/>\n\t\t<meta property=\"og:image:height\" content=\"823\" \/>\n\t\t<meta property=\"article:published_time\" content=\"2026-04-01T01:52:17+00:00\" \/>\n\t\t<meta property=\"article:modified_time\" content=\"2026-04-01T01:52:17+00:00\" \/>\n\t\t<meta property=\"article:publisher\" content=\"https:\/\/www.facebook.com\/Nachofdezber\" \/>\n\t\t<meta property=\"article:author\" content=\"https:\/\/www.facebook.com\/carrenoactualidad\" \/>\n\t\t<meta name=\"twitter:card\" content=\"summary_large_image\" \/>\n\t\t<meta name=\"twitter:site\" content=\"@NabercoDigital\" \/>\n\t\t<meta name=\"twitter:title\" content=\"Poner frutas en la entrada del s\u00faper impulsa su consumo | Cand\u00e1s 365\" \/>\n\t\t<meta name=\"twitter:description\" content=\"Investigadores brit\u00e1nicos demuestran que reubicar frutas y verduras en la entrada de supermercados eleva significativamente su compra semanal.\" \/>\n\t\t<meta name=\"twitter:creator\" content=\"@nbasturias\" \/>\n\t\t<meta name=\"twitter:image\" content=\"https:\/\/candas365.es\/noticias\/wp-content\/uploads\/2026\/04\/Poner-frutas-en-la-entrada-del-super-impulsa-su-consumo.jpg\" \/>\n\t\t<meta name=\"twitter:label1\" content=\"Escrito por\" \/>\n\t\t<meta name=\"twitter:data1\" content=\"Cand\u00e1s 365\" \/>\n\t\t<meta name=\"twitter:label2\" content=\"Tiempo de lectura estimado\" \/>\n\t\t<meta name=\"twitter:data2\" content=\"3 minutos\" \/>\n\t\t<script type=\"application\/ld+json\" class=\"aioseo-schema\">\n\t\t\t{\"@context\":\"https:\\\/\\\/schema.org\",\"@graph\":[{\"@type\":\"BreadcrumbList\",\"@id\":\"https:\\\/\\\/candas365.es\\\/noticias\\\/poner-frutas-en-la-entrada-del-super-impulsa-su-consumo\\\/#breadcrumblist\",\"itemListElement\":[{\"@type\":\"ListItem\",\"@id\":\"https:\\\/\\\/candas365.es\\\/noticias#listItem\",\"position\":1,\"name\":\"Home\",\"item\":\"https:\\\/\\\/candas365.es\\\/noticias\",\"nextItem\":{\"@type\":\"ListItem\",\"@id\":\"https:\\\/\\\/candas365.es\\\/noticias\\\/category\\\/economia\\\/#listItem\",\"name\":\"Econom\\u00eda\"}},{\"@type\":\"ListItem\",\"@id\":\"https:\\\/\\\/candas365.es\\\/noticias\\\/category\\\/economia\\\/#listItem\",\"position\":2,\"name\":\"Econom\\u00eda\",\"item\":\"https:\\\/\\\/candas365.es\\\/noticias\\\/category\\\/economia\\\/\",\"nextItem\":{\"@type\":\"ListItem\",\"@id\":\"https:\\\/\\\/candas365.es\\\/noticias\\\/poner-frutas-en-la-entrada-del-super-impulsa-su-consumo\\\/#listItem\",\"name\":\"Poner frutas en la entrada del s\\u00faper impulsa su consumo\"},\"previousItem\":{\"@type\":\"ListItem\",\"@id\":\"https:\\\/\\\/candas365.es\\\/noticias#listItem\",\"name\":\"Home\"}},{\"@type\":\"ListItem\",\"@id\":\"https:\\\/\\\/candas365.es\\\/noticias\\\/poner-frutas-en-la-entrada-del-super-impulsa-su-consumo\\\/#listItem\",\"position\":3,\"name\":\"Poner frutas en la entrada del s\\u00faper impulsa su consumo\",\"previousItem\":{\"@type\":\"ListItem\",\"@id\":\"https:\\\/\\\/candas365.es\\\/noticias\\\/category\\\/economia\\\/#listItem\",\"name\":\"Econom\\u00eda\"}}]},{\"@type\":\"NewsArticle\",\"@id\":\"https:\\\/\\\/candas365.es\\\/noticias\\\/poner-frutas-en-la-entrada-del-super-impulsa-su-consumo\\\/#newsarticle\",\"name\":\"Poner frutas en la entrada del s\\u00faper impulsa su consumo | Cand\\u00e1s 365\",\"headline\":\"Poner frutas en la entrada del s\\u00faper impulsa su consumo\",\"author\":{\"@id\":\"https:\\\/\\\/candas365.es\\\/noticias\\\/author\\\/admin\\\/#author\"},\"publisher\":{\"@id\":\"https:\\\/\\\/candas365.es\\\/noticias\\\/#organization\"},\"image\":{\"@type\":\"ImageObject\",\"url\":\"https:\\\/\\\/candas365.es\\\/noticias\\\/wp-content\\\/uploads\\\/2026\\\/04\\\/Poner-frutas-en-la-entrada-del-super-impulsa-su-consumo.jpg\",\"width\":1230,\"height\":823,\"caption\":\"Foto: 123rf.com\"},\"datePublished\":\"2026-04-01T03:52:17+02:00\",\"dateModified\":\"2026-04-01T03:52:17+02:00\",\"inLanguage\":\"es-ES\",\"mainEntityOfPage\":{\"@id\":\"https:\\\/\\\/candas365.es\\\/noticias\\\/poner-frutas-en-la-entrada-del-super-impulsa-su-consumo\\\/#webpage\"},\"isPartOf\":{\"@id\":\"https:\\\/\\\/candas365.es\\\/noticias\\\/poner-frutas-en-la-entrada-del-super-impulsa-su-consumo\\\/#webpage\"},\"articleSection\":\"Econom\\u00eda, Econom\\u00eda\",\"dateline\":\"Publicado el abril 1, 2026.\"},{\"@type\":\"Organization\",\"@id\":\"https:\\\/\\\/candas365.es\\\/noticias\\\/#organization\",\"name\":\"Cand\\u00e1s 365\",\"description\":\"Cand\\u00e1s 365 es un diario digital independiente, fundado en 2012, con base en Asturias. Informamos con rigor sobre actualidad, sociedad, cultura y ocio, con una mirada local y global.\",\"url\":\"https:\\\/\\\/candas365.es\\\/noticias\\\/\",\"email\":\"info@candas365.es\",\"telephone\":\"+34652131393\",\"foundingDate\":\"2012-06-10\",\"logo\":{\"@type\":\"ImageObject\",\"url\":\"https:\\\/\\\/candas365.es\\\/noticias\\\/wp-content\\\/uploads\\\/2024\\\/09\\\/Candas-365-Redes.jpg\",\"@id\":\"https:\\\/\\\/candas365.es\\\/noticias\\\/poner-frutas-en-la-entrada-del-super-impulsa-su-consumo\\\/#organizationLogo\",\"width\":1152,\"height\":864,\"caption\":\"Cand\\u00e1s 365 Redes\"},\"image\":{\"@id\":\"https:\\\/\\\/candas365.es\\\/noticias\\\/poner-frutas-en-la-entrada-del-super-impulsa-su-consumo\\\/#organizationLogo\"},\"sameAs\":[\"https:\\\/\\\/www.facebook.com\\\/Nachofdezber\",\"https:\\\/\\\/x.com\\\/NabercoDigital\",\"https:\\\/\\\/www.instagram.com\\\/nachofdezber\\\/\",\"https:\\\/\\\/www.youtube.com\\\/channel\\\/UCZP-2wLEB9Rv6erhFmqVnvg\"],\"address\":{\"@id\":\"https:\\\/\\\/candas365.es\\\/noticias\\\/#postaladdress\",\"@type\":\"PostalAddress\",\"streetAddress\":\"san antonio 4, san antonio 4\",\"postalCode\":\"33430\",\"addressLocality\":\"Cand\\u00e1s\",\"addressRegion\":\"Asturias\",\"addressCountry\":\"ES\"}},{\"@type\":\"Person\",\"@id\":\"https:\\\/\\\/candas365.es\\\/noticias\\\/author\\\/admin\\\/#author\",\"url\":\"https:\\\/\\\/candas365.es\\\/noticias\\\/author\\\/admin\\\/\",\"name\":\"Cand\\u00e1s 365\",\"image\":{\"@type\":\"ImageObject\",\"@id\":\"https:\\\/\\\/candas365.es\\\/noticias\\\/poner-frutas-en-la-entrada-del-super-impulsa-su-consumo\\\/#authorImage\",\"url\":\"https:\\\/\\\/secure.gravatar.com\\\/avatar\\\/496a8e03d0c493ede1718b7934145dbdf8d89be1036b0eec9544e1094c9de390?s=96&d=mm&r=g\",\"width\":96,\"height\":96,\"caption\":\"Cand\\u00e1s 365\"},\"sameAs\":[\"https:\\\/\\\/www.facebook.com\\\/carrenoactualidad\",\"https:\\\/\\\/twitter.com\\\/nbasturias\",\"https:\\\/\\\/www.instagram.com\\\/nachofdezber\\\/\",\"https:\\\/\\\/www.youtube.com\\\/channel\\\/UCZP-2wLEB9Rv6erhFmqVnvg\"]},{\"@type\":\"WebPage\",\"@id\":\"https:\\\/\\\/candas365.es\\\/noticias\\\/poner-frutas-en-la-entrada-del-super-impulsa-su-consumo\\\/#webpage\",\"url\":\"https:\\\/\\\/candas365.es\\\/noticias\\\/poner-frutas-en-la-entrada-del-super-impulsa-su-consumo\\\/\",\"name\":\"Poner frutas en la entrada del s\\u00faper impulsa su consumo | Cand\\u00e1s 365\",\"description\":\"Investigadores brit\\u00e1nicos demuestran que reubicar frutas y verduras en la entrada de supermercados eleva significativamente su compra semanal.\",\"inLanguage\":\"es-ES\",\"isPartOf\":{\"@id\":\"https:\\\/\\\/candas365.es\\\/noticias\\\/#website\"},\"breadcrumb\":{\"@id\":\"https:\\\/\\\/candas365.es\\\/noticias\\\/poner-frutas-en-la-entrada-del-super-impulsa-su-consumo\\\/#breadcrumblist\"},\"author\":{\"@id\":\"https:\\\/\\\/candas365.es\\\/noticias\\\/author\\\/admin\\\/#author\"},\"creator\":{\"@id\":\"https:\\\/\\\/candas365.es\\\/noticias\\\/author\\\/admin\\\/#author\"},\"image\":{\"@type\":\"ImageObject\",\"url\":\"https:\\\/\\\/candas365.es\\\/noticias\\\/wp-content\\\/uploads\\\/2026\\\/04\\\/Poner-frutas-en-la-entrada-del-super-impulsa-su-consumo.jpg\",\"@id\":\"https:\\\/\\\/candas365.es\\\/noticias\\\/poner-frutas-en-la-entrada-del-super-impulsa-su-consumo\\\/#mainImage\",\"width\":1230,\"height\":823,\"caption\":\"Foto: 123rf.com\"},\"primaryImageOfPage\":{\"@id\":\"https:\\\/\\\/candas365.es\\\/noticias\\\/poner-frutas-en-la-entrada-del-super-impulsa-su-consumo\\\/#mainImage\"},\"datePublished\":\"2026-04-01T03:52:17+02:00\",\"dateModified\":\"2026-04-01T03:52:17+02:00\"},{\"@type\":\"WebSite\",\"@id\":\"https:\\\/\\\/candas365.es\\\/noticias\\\/#website\",\"url\":\"https:\\\/\\\/candas365.es\\\/noticias\\\/\",\"name\":\"Cand\\u00e1s 365\",\"alternateName\":\"Cand\\u00e1s 365 Noticias\",\"description\":\"Actualidad desde Carre\\u00f1o para el mundo\",\"inLanguage\":\"es-ES\",\"publisher\":{\"@id\":\"https:\\\/\\\/candas365.es\\\/noticias\\\/#organization\"}}]}\n\t\t<\/script>\n\t\t<!-- All in One SEO Pro -->\r\n\t\t<title>Poner frutas en la entrada del s\u00faper impulsa su consumo | Cand\u00e1s 365<\/title>\n\n","aioseo_head_json":{"title":"Poner frutas en la entrada del s\u00faper impulsa su consumo | Cand\u00e1s 365","description":"Investigadores brit\u00e1nicos demuestran que reubicar frutas y verduras en la entrada de supermercados eleva significativamente su compra semanal.","canonical_url":"https:\/\/candas365.es\/noticias\/poner-frutas-en-la-entrada-del-super-impulsa-su-consumo\/","robots":"max-image-preview:large","keywords":"econom\u00eda","webmasterTools":{"google-site-verification":"UA-32230408-1","msvalidate.01":"354F3CDFB2DA171B47FBE9ABF1F88D5","miscellaneous":""},"schema":{"@context":"https:\/\/schema.org","@graph":[{"@type":"BreadcrumbList","@id":"https:\/\/candas365.es\/noticias\/poner-frutas-en-la-entrada-del-super-impulsa-su-consumo\/#breadcrumblist","itemListElement":[{"@type":"ListItem","@id":"https:\/\/candas365.es\/noticias#listItem","position":1,"name":"Home","item":"https:\/\/candas365.es\/noticias","nextItem":{"@type":"ListItem","@id":"https:\/\/candas365.es\/noticias\/category\/economia\/#listItem","name":"Econom\u00eda"}},{"@type":"ListItem","@id":"https:\/\/candas365.es\/noticias\/category\/economia\/#listItem","position":2,"name":"Econom\u00eda","item":"https:\/\/candas365.es\/noticias\/category\/economia\/","nextItem":{"@type":"ListItem","@id":"https:\/\/candas365.es\/noticias\/poner-frutas-en-la-entrada-del-super-impulsa-su-consumo\/#listItem","name":"Poner frutas en la entrada del s\u00faper impulsa su consumo"},"previousItem":{"@type":"ListItem","@id":"https:\/\/candas365.es\/noticias#listItem","name":"Home"}},{"@type":"ListItem","@id":"https:\/\/candas365.es\/noticias\/poner-frutas-en-la-entrada-del-super-impulsa-su-consumo\/#listItem","position":3,"name":"Poner frutas en la entrada del s\u00faper impulsa su consumo","previousItem":{"@type":"ListItem","@id":"https:\/\/candas365.es\/noticias\/category\/economia\/#listItem","name":"Econom\u00eda"}}]},{"@type":"NewsArticle","@id":"https:\/\/candas365.es\/noticias\/poner-frutas-en-la-entrada-del-super-impulsa-su-consumo\/#newsarticle","name":"Poner frutas en la entrada del s\u00faper impulsa su consumo | Cand\u00e1s 365","headline":"Poner frutas en la entrada del s\u00faper impulsa su consumo","author":{"@id":"https:\/\/candas365.es\/noticias\/author\/admin\/#author"},"publisher":{"@id":"https:\/\/candas365.es\/noticias\/#organization"},"image":{"@type":"ImageObject","url":"https:\/\/candas365.es\/noticias\/wp-content\/uploads\/2026\/04\/Poner-frutas-en-la-entrada-del-super-impulsa-su-consumo.jpg","width":1230,"height":823,"caption":"Foto: 123rf.com"},"datePublished":"2026-04-01T03:52:17+02:00","dateModified":"2026-04-01T03:52:17+02:00","inLanguage":"es-ES","mainEntityOfPage":{"@id":"https:\/\/candas365.es\/noticias\/poner-frutas-en-la-entrada-del-super-impulsa-su-consumo\/#webpage"},"isPartOf":{"@id":"https:\/\/candas365.es\/noticias\/poner-frutas-en-la-entrada-del-super-impulsa-su-consumo\/#webpage"},"articleSection":"Econom\u00eda, Econom\u00eda","dateline":"Publicado el abril 1, 2026."},{"@type":"Organization","@id":"https:\/\/candas365.es\/noticias\/#organization","name":"Cand\u00e1s 365","description":"Cand\u00e1s 365 es un diario digital independiente, fundado en 2012, con base en Asturias. Informamos con rigor sobre actualidad, sociedad, cultura y ocio, con una mirada local y global.","url":"https:\/\/candas365.es\/noticias\/","email":"info@candas365.es","telephone":"+34652131393","foundingDate":"2012-06-10","logo":{"@type":"ImageObject","url":"https:\/\/candas365.es\/noticias\/wp-content\/uploads\/2024\/09\/Candas-365-Redes.jpg","@id":"https:\/\/candas365.es\/noticias\/poner-frutas-en-la-entrada-del-super-impulsa-su-consumo\/#organizationLogo","width":1152,"height":864,"caption":"Cand\u00e1s 365 Redes"},"image":{"@id":"https:\/\/candas365.es\/noticias\/poner-frutas-en-la-entrada-del-super-impulsa-su-consumo\/#organizationLogo"},"sameAs":["https:\/\/www.facebook.com\/Nachofdezber","https:\/\/x.com\/NabercoDigital","https:\/\/www.instagram.com\/nachofdezber\/","https:\/\/www.youtube.com\/channel\/UCZP-2wLEB9Rv6erhFmqVnvg"],"address":{"@id":"https:\/\/candas365.es\/noticias\/#postaladdress","@type":"PostalAddress","streetAddress":"san antonio 4, san antonio 4","postalCode":"33430","addressLocality":"Cand\u00e1s","addressRegion":"Asturias","addressCountry":"ES"}},{"@type":"Person","@id":"https:\/\/candas365.es\/noticias\/author\/admin\/#author","url":"https:\/\/candas365.es\/noticias\/author\/admin\/","name":"Cand\u00e1s 365","image":{"@type":"ImageObject","@id":"https:\/\/candas365.es\/noticias\/poner-frutas-en-la-entrada-del-super-impulsa-su-consumo\/#authorImage","url":"https:\/\/secure.gravatar.com\/avatar\/496a8e03d0c493ede1718b7934145dbdf8d89be1036b0eec9544e1094c9de390?s=96&d=mm&r=g","width":96,"height":96,"caption":"Cand\u00e1s 365"},"sameAs":["https:\/\/www.facebook.com\/carrenoactualidad","https:\/\/twitter.com\/nbasturias","https:\/\/www.instagram.com\/nachofdezber\/","https:\/\/www.youtube.com\/channel\/UCZP-2wLEB9Rv6erhFmqVnvg"]},{"@type":"WebPage","@id":"https:\/\/candas365.es\/noticias\/poner-frutas-en-la-entrada-del-super-impulsa-su-consumo\/#webpage","url":"https:\/\/candas365.es\/noticias\/poner-frutas-en-la-entrada-del-super-impulsa-su-consumo\/","name":"Poner frutas en la entrada del s\u00faper impulsa su consumo | Cand\u00e1s 365","description":"Investigadores brit\u00e1nicos demuestran que reubicar frutas y verduras en la entrada de supermercados eleva significativamente su compra semanal.","inLanguage":"es-ES","isPartOf":{"@id":"https:\/\/candas365.es\/noticias\/#website"},"breadcrumb":{"@id":"https:\/\/candas365.es\/noticias\/poner-frutas-en-la-entrada-del-super-impulsa-su-consumo\/#breadcrumblist"},"author":{"@id":"https:\/\/candas365.es\/noticias\/author\/admin\/#author"},"creator":{"@id":"https:\/\/candas365.es\/noticias\/author\/admin\/#author"},"image":{"@type":"ImageObject","url":"https:\/\/candas365.es\/noticias\/wp-content\/uploads\/2026\/04\/Poner-frutas-en-la-entrada-del-super-impulsa-su-consumo.jpg","@id":"https:\/\/candas365.es\/noticias\/poner-frutas-en-la-entrada-del-super-impulsa-su-consumo\/#mainImage","width":1230,"height":823,"caption":"Foto: 123rf.com"},"primaryImageOfPage":{"@id":"https:\/\/candas365.es\/noticias\/poner-frutas-en-la-entrada-del-super-impulsa-su-consumo\/#mainImage"},"datePublished":"2026-04-01T03:52:17+02:00","dateModified":"2026-04-01T03:52:17+02:00"},{"@type":"WebSite","@id":"https:\/\/candas365.es\/noticias\/#website","url":"https:\/\/candas365.es\/noticias\/","name":"Cand\u00e1s 365","alternateName":"Cand\u00e1s 365 Noticias","description":"Actualidad desde Carre\u00f1o para el mundo","inLanguage":"es-ES","publisher":{"@id":"https:\/\/candas365.es\/noticias\/#organization"}}]},"og:locale":"es_ES","og:site_name":"Cand\u00e1s 365","og:type":"article","og:title":"Poner frutas en la entrada del s\u00faper impulsa su consumo | Cand\u00e1s 365","og:description":"Investigadores brit\u00e1nicos demuestran que reubicar frutas y verduras en la entrada de supermercados eleva significativamente su compra semanal.","og:url":"https:\/\/candas365.es\/noticias\/poner-frutas-en-la-entrada-del-super-impulsa-su-consumo\/","og:image":"https:\/\/candas365.es\/noticias\/wp-content\/uploads\/2026\/04\/Poner-frutas-en-la-entrada-del-super-impulsa-su-consumo.jpg","og:image:secure_url":"https:\/\/candas365.es\/noticias\/wp-content\/uploads\/2026\/04\/Poner-frutas-en-la-entrada-del-super-impulsa-su-consumo.jpg","og:image:width":1230,"og:image:height":823,"article:published_time":"2026-04-01T01:52:17+00:00","article:modified_time":"2026-04-01T01:52:17+00:00","article:publisher":"https:\/\/www.facebook.com\/Nachofdezber","article:author":"https:\/\/www.facebook.com\/carrenoactualidad","twitter:card":"summary_large_image","twitter:site":"@NabercoDigital","twitter:title":"Poner frutas en la entrada del s\u00faper impulsa su consumo | Cand\u00e1s 365","twitter:description":"Investigadores brit\u00e1nicos demuestran que reubicar frutas y verduras en la entrada de supermercados eleva significativamente su compra semanal.","twitter:creator":"@nbasturias","twitter:image":"https:\/\/candas365.es\/noticias\/wp-content\/uploads\/2026\/04\/Poner-frutas-en-la-entrada-del-super-impulsa-su-consumo.jpg","twitter:label1":"Escrito por","twitter:data1":"Cand\u00e1s 365","twitter:label2":"Tiempo de lectura estimado","twitter:data2":"3 minutos"},"aioseo_meta_data":{"post_id":"193505","title":null,"description":"Investigadores brit\u00e1nicos demuestran que reubicar frutas y verduras en la entrada de supermercados eleva significativamente su compra semanal.","keywords":null,"keyphrases":{"focus":{"keyphrase":"frutas","score":91,"analysis":{"keyphraseInTitle":{"score":9,"maxScore":9,"error":0},"keyphraseInDescription":{"score":9,"maxScore":9,"error":0},"keyphraseLength":{"score":9,"maxScore":9,"error":0,"length":1},"keyphraseInURL":{"score":5,"maxScore":5,"error":0},"keyphraseInIntroduction":{"score":9,"maxScore":9,"error":0},"keyphraseInSubHeadings":{"score":3,"maxScore":9,"error":1},"keyphraseInImageAlt":{"score":9,"maxScore":9,"error":0},"keywordDensity":{"type":"best","score":9,"maxScore":9,"error":0}}},"additional":[{"keyphrase":"frutas","score":100,"analysis":{"keyphraseInDescription":{"score":9,"maxScore":9,"error":0},"keyphraseLength":{"score":9,"maxScore":9,"error":0,"length":1},"keyphraseInIntroduction":{"score":9,"maxScore":9,"error":0},"keyphraseInImageAlt":{"score":9,"maxScore":9,"error":0},"keywordDensity":{"type":"best","score":9,"maxScore":9,"error":0}}}]},"primary_term":null,"canonical_url":null,"og_title":null,"og_description":null,"og_object_type":"default","og_image_type":"default","og_image_url":null,"og_image_width":null,"og_image_height":null,"og_image_custom_url":null,"og_image_custom_fields":null,"og_video":"","og_custom_url":null,"og_article_section":null,"og_article_tags":null,"twitter_use_og":false,"twitter_card":"default","twitter_image_type":"default","twitter_image_url":null,"twitter_image_custom_url":null,"twitter_image_custom_fields":null,"twitter_title":null,"twitter_description":null,"schema":{"blockGraphs":[],"customGraphs":[],"default":{"data":{"Article":[],"Course":[],"Dataset":[],"FAQPage":[],"Movie":[],"Person":[],"Product":[],"ProductReview":[],"Car":[],"Recipe":[],"Service":[],"SoftwareApplication":[],"WebPage":[]},"graphName":"NewsArticle","isEnabled":true},"graphs":[]},"schema_type":"default","schema_type_options":null,"pillar_content":false,"robots_default":true,"robots_noindex":false,"robots_noarchive":false,"robots_nosnippet":false,"robots_nofollow":false,"robots_noimageindex":false,"robots_noodp":false,"robots_notranslate":false,"robots_max_snippet":"-1","robots_max_videopreview":"-1","robots_max_imagepreview":"large","priority":null,"frequency":"default","location":null,"local_seo":null,"seo_analyzer_scan_date":"2026-04-01 01:53:34","breadcrumb_settings":null,"limit_modified_date":false,"reviewed_by":null,"open_ai":null,"ai":{"faqs":[],"keyPoints":[],"titles":[],"descriptions":[],"socialPosts":{"email":[],"linkedin":[],"twitter":[],"facebook":[],"instagram":[]}},"created":"2026-04-01 01:45:55","updated":"2026-04-01 01:56:11"},"aioseo_breadcrumb":"<div class=\"aioseo-breadcrumbs\"><span class=\"aioseo-breadcrumb\">\n\t<a href=\"https:\/\/candas365.es\/noticias\" title=\"Home\">Home<\/a>\n<\/span><span class=\"aioseo-breadcrumb-separator\">&ndash;<\/span><span class=\"aioseo-breadcrumb\">\n\t<a href=\"https:\/\/candas365.es\/noticias\/category\/economia\/\" title=\"Econom\u00eda\">Econom\u00eda<\/a>\n<\/span><span class=\"aioseo-breadcrumb-separator\">&ndash;<\/span><span class=\"aioseo-breadcrumb\">\n\tPoner frutas en la entrada del s\u00faper impulsa su consumo\n<\/span><\/div>","aioseo_breadcrumb_json":[{"label":"Home","link":"https:\/\/candas365.es\/noticias"},{"label":"Econom\u00eda","link":"https:\/\/candas365.es\/noticias\/category\/economia\/"},{"label":"Poner frutas en la entrada del s\u00faper impulsa su consumo","link":"https:\/\/candas365.es\/noticias\/poner-frutas-en-la-entrada-del-super-impulsa-su-consumo\/"}],"_links":{"self":[{"href":"https:\/\/candas365.es\/noticias\/wp-json\/wp\/v2\/posts\/193505","targetHints":{"allow":["GET"]}}],"collection":[{"href":"https:\/\/candas365.es\/noticias\/wp-json\/wp\/v2\/posts"}],"about":[{"href":"https:\/\/candas365.es\/noticias\/wp-json\/wp\/v2\/types\/post"}],"author":[{"embeddable":true,"href":"https:\/\/candas365.es\/noticias\/wp-json\/wp\/v2\/users\/1"}],"replies":[{"embeddable":true,"href":"https:\/\/candas365.es\/noticias\/wp-json\/wp\/v2\/comments?post=193505"}],"version-history":[{"count":0,"href":"https:\/\/candas365.es\/noticias\/wp-json\/wp\/v2\/posts\/193505\/revisions"}],"wp:featuredmedia":[{"embeddable":true,"href":"https:\/\/candas365.es\/noticias\/wp-json\/wp\/v2\/media\/193506"}],"wp:attachment":[{"href":"https:\/\/candas365.es\/noticias\/wp-json\/wp\/v2\/media?parent=193505"}],"wp:term":[{"taxonomy":"category","embeddable":true,"href":"https:\/\/candas365.es\/noticias\/wp-json\/wp\/v2\/categories?post=193505"},{"taxonomy":"post_tag","embeddable":true,"href":"https:\/\/candas365.es\/noticias\/wp-json\/wp\/v2\/tags?post=193505"}],"curies":[{"name":"wp","href":"https:\/\/api.w.org\/{rel}","templated":true}]}}