{"id":193493,"date":"2026-04-01T02:16:12","date_gmt":"2026-04-01T00:16:12","guid":{"rendered":"https:\/\/candas365.es\/noticias\/?p=193493"},"modified":"2026-04-01T02:16:12","modified_gmt":"2026-04-01T00:16:12","slug":"los-horreos-seran-patrimonio-cultural-inmaterial","status":"publish","type":"post","link":"https:\/\/candas365.es\/noticias\/los-horreos-seran-patrimonio-cultural-inmaterial\/","title":{"rendered":"Los h\u00f3rreos ser\u00e1n Patrimonio Cultural Inmaterial"},"content":{"rendered":"<p>El Consejo de Ministros declarar\u00e1 la pr\u00f3xima semana los h\u00f3rreos del norte peninsular como Patrimonio Cultural Inmaterial, respaldando as\u00ed el <a href=\"https:\/\/candas365.es\/noticias\/category\/asturias\/\"><span style=\"color: #ff6600;\"><strong>Plan del H\u00f3rreo asturiano<\/strong><\/span><\/a> aprobado en 2023.<\/p>\n<figure id=\"attachment_193494\" aria-describedby=\"caption-attachment-193494\" style=\"width: 650px\" class=\"wp-caption aligncenter\"><img fetchpriority=\"high\" decoding=\"async\" class=\"size-large wp-image-193494\" src=\"https:\/\/candas365.es\/noticias\/wp-content\/uploads\/2026\/04\/Los-horreos-seran-Patrimonio-Cultural-Inmaterial-650x480.jpg\" alt=\"Los h\u00f3rreos ser\u00e1n Patrimonio Cultural Inmaterial\" width=\"650\" height=\"480\" srcset=\"https:\/\/candas365.es\/noticias\/wp-content\/uploads\/2026\/04\/Los-horreos-seran-Patrimonio-Cultural-Inmaterial-650x480.jpg 650w, https:\/\/candas365.es\/noticias\/wp-content\/uploads\/2026\/04\/Los-horreos-seran-Patrimonio-Cultural-Inmaterial-360x266.jpg 360w, https:\/\/candas365.es\/noticias\/wp-content\/uploads\/2026\/04\/Los-horreos-seran-Patrimonio-Cultural-Inmaterial-768x568.jpg 768w, https:\/\/candas365.es\/noticias\/wp-content\/uploads\/2026\/04\/Los-horreos-seran-Patrimonio-Cultural-Inmaterial-150x111.jpg 150w, https:\/\/candas365.es\/noticias\/wp-content\/uploads\/2026\/04\/Los-horreos-seran-Patrimonio-Cultural-Inmaterial-450x333.jpg 450w, https:\/\/candas365.es\/noticias\/wp-content\/uploads\/2026\/04\/Los-horreos-seran-Patrimonio-Cultural-Inmaterial.jpg 1139w\" sizes=\"(max-width: 650px) 100vw, 650px\" \/><figcaption id=\"caption-attachment-193494\" class=\"wp-caption-text\">Foto: Prensa Principado de Asturias<\/figcaption><\/figure>\n<p class=\"font-claude-response-body break-words whitespace-normal leading-[1.7]\">El Consejo de Ministros reconocer\u00e1 la pr\u00f3xima semana los h\u00f3rreos del norte de la pen\u00ednsula Ib\u00e9rica como Manifestaci\u00f3n Representativa del Patrimonio Cultural Inmaterial. El <span style=\"color: #ff6600;\"><a style=\"color: #ff6600;\" href=\"https:\/\/actualidad.asturias.es\/\" target=\"_blank\" rel=\"noopener\"><strong>Gobierno de Asturias<\/strong> <\/a><\/span>valora la decisi\u00f3n y la considera un hito en la puesta en valor de uno de los elementos m\u00e1s representativos de la identidad asturiana, adem\u00e1s de un respaldo directo a sus esfuerzos de preservaci\u00f3n.<\/p>\n<p class=\"font-claude-response-body break-words whitespace-normal leading-[1.7]\">La consejera de Cultura, Vanessa Guti\u00e9rrez, se\u00f1al\u00f3 que \u00abesta reconocencia estatal va reforzar y lexitimar l&#8217;intensu trabayu impuls\u00e1u n&#8217;Asturies p&#8217;asegurar la pervivencia d&#8217;horros, paneres y cabazos\u00bb. La consejera a\u00f1adi\u00f3 que se trata de \u00abun elementu que forma parte de la identid\u00e1 asturiana, un iconu patrimonial que nos representa como comunid\u00e1\u00bb.<\/p>\n<p class=\"font-claude-response-body break-words whitespace-normal leading-[1.7]\">Guti\u00e9rrez destac\u00f3 que la declaraci\u00f3n \u00abva dar cumplimientu a una de les mid\u00edes del Plan del Horru aprob\u00e1u nel 2023 pola Conseyer\u00eda de Cultura\u00bb y, en concreto, al objetivo de lograr el reconocimiento de la cultura del h\u00f3rreo como manifestaci\u00f3n de inter\u00e9s cultural, impulsando tambi\u00e9n la visibilizaci\u00f3n y continuidad de las t\u00e9cnicas constructivas y de los oficios tradicionales ligados a estas construcciones.<\/p>\n<h2 class=\"text-text-100 mt-3 -mb-1 text-[1.125rem] font-bold\">M\u00e1s de 2,5 millones invertidos en 334 construcciones desde 2019<\/h2>\n<p class=\"font-claude-response-body break-words whitespace-normal leading-[1.7]\">Desde 2019, el Gobierno de Asturias mantiene un programa continuado de conservaci\u00f3n que ha permitido apoyar intervenciones en 334 construcciones tradicionales, con una inversi\u00f3n superior a los 2,5 millones de euros. Solo en el \u00faltimo ejercicio se concedieron 111 ayudas, lo que ha sostenido un ritmo estable de restauraci\u00f3n.<\/p>\n<p class=\"font-claude-response-body break-words whitespace-normal leading-[1.7]\">La Consejer\u00eda ha incorporado mejoras en la tramitaci\u00f3n de estas subvenciones, como el abono anticipado o la ampliaci\u00f3n de los plazos de justificaci\u00f3n, medidas que facilitan la ejecuci\u00f3n de los proyectos y responden a las necesidades planteadas por propietarios y profesionales.<\/p>\n<h2 class=\"text-text-100 mt-3 -mb-1 text-[1.125rem] font-bold\">El proyecto Pegoyu ha recuperado 103 conjuntos de piezas<\/h2>\n<p class=\"font-claude-response-body break-words whitespace-normal leading-[1.7]\">Entre las iniciativas en marcha destaca el proyecto Pegoyu, almac\u00e9n de h\u00f3rreos, que ha permitido recuperar 103 conjuntos de piezas procedentes de construcciones en ruina. Este sistema, desarrollado junto con la Asociaci\u00f3n Amigos del H\u00f3rreo y la Fundaci\u00f3n Cetemas, funciona como un modelo de salvaguarda basado en el desmontaje, traslado, tratamiento t\u00e9cnico y reutilizaci\u00f3n de elementos originales. El servicio es gratuito tanto para propietarios como para profesionales.<\/p>\n<p class=\"font-claude-response-body break-words whitespace-normal leading-[1.7]\">El Principado ha reforzado tambi\u00e9n las actuaciones dirigidas a garantizar la transmisi\u00f3n de los oficios ligados a la carpinter\u00eda de h\u00f3rreos y paneras, fundamentales para asegurar el relevo generacional. En paralelo, se han puesto en marcha iniciativas de divulgaci\u00f3n, y una reciente modificaci\u00f3n normativa permitir\u00e1 ampliar los usos compatibles de estas construcciones para favorecer su conservaci\u00f3n en el contexto actual.<\/p>\n<h2 class=\"text-text-100 mt-3 -mb-1 text-[1.125rem] font-bold\">Un centenar de h\u00f3rreos, en camino de ser declarados BIC<\/h2>\n<p class=\"font-claude-response-body break-words whitespace-normal leading-[1.7]\">La Consejer\u00eda de Cultura trabaja en la selecci\u00f3n de un centenar de h\u00f3rreos y paneras para iniciar su declaraci\u00f3n como bien de inter\u00e9s cultural (BIC). El expediente estatal reconoce expresamente la relevancia del Plan del H\u00f3rreo de Asturias como referencia en la gesti\u00f3n del patrimonio inmaterial vinculado a estas construcciones.<\/p>\n<p class=\"font-claude-response-body break-words whitespace-normal leading-[1.7]\">Guti\u00e9rrez valor\u00f3 que la pr\u00f3xima declaraci\u00f3n incorpore la dimensi\u00f3n simb\u00f3lica y social del h\u00f3rreo, entendido como un espacio de memoria, cohesi\u00f3n y continuidad cultural que trasciende su funci\u00f3n material.<\/p>\n","protected":false},"excerpt":{"rendered":"<p>El Consejo de Ministros declarar\u00e1 la pr\u00f3xima semana los h\u00f3rreos del norte peninsular como Patrimonio Cultural Inmaterial, respaldando as\u00ed el Plan del H\u00f3rreo asturiano aprobado en 2023. El Consejo de Ministros reconocer\u00e1 la pr\u00f3xima semana los h\u00f3rreos del norte de la pen\u00ednsula Ib\u00e9rica como Manifestaci\u00f3n Representativa del Patrimonio Cultural Inmaterial. El Gobierno de Asturias valora<\/p>\n","protected":false},"author":1,"featured_media":193494,"comment_status":"closed","ping_status":"closed","sticky":false,"template":"","format":"standard","meta":{"footnotes":""},"categories":[7,316],"tags":[380],"class_list":{"0":"post-193493","1":"post","2":"type-post","3":"status-publish","4":"format-standard","5":"has-post-thumbnail","7":"category-asturias","8":"category-destacadas","9":"tag-asturias"},"aioseo_notices":[],"aioseo_head":"\n\t\t<!-- All in One SEO Pro 4.9.6.2 - aioseo.com -->\n\t<meta name=\"description\" content=\"El Consejo de Ministros declarar\u00e1 la pr\u00f3xima semana los h\u00f3rreos del norte peninsular como Patrimonio Cultural Inmaterial, respaldando as\u00ed el Plan del H\u00f3rreo\" \/>\n\t<meta name=\"robots\" content=\"max-image-preview:large\" \/>\n\t<meta name=\"author\" content=\"Cand\u00e1s 365\"\/>\n\t<meta name=\"google-site-verification\" content=\"UA-32230408-1\" \/>\n\t<meta name=\"msvalidate.01\" content=\"354F3CDFB2DA171B47FBE9ABF1F88D5\" \/>\n\t<meta name=\"keywords\" content=\"asturias,destacadas\" \/>\n\t<link rel=\"canonical\" href=\"https:\/\/candas365.es\/noticias\/los-horreos-seran-patrimonio-cultural-inmaterial\/\" \/>\n\t<meta name=\"generator\" content=\"All in One SEO Pro (AIOSEO) 4.9.6.2\" \/>\n\t\t<meta property=\"og:locale\" content=\"es_ES\" \/>\n\t\t<meta property=\"og:site_name\" content=\"Cand\u00e1s 365\" \/>\n\t\t<meta property=\"og:type\" content=\"article\" \/>\n\t\t<meta property=\"og:title\" content=\"Los h\u00f3rreos ser\u00e1n Patrimonio Cultural Inmaterial | Cand\u00e1s 365\" \/>\n\t\t<meta property=\"og:description\" content=\"El Consejo de Ministros declarar\u00e1 la pr\u00f3xima semana los h\u00f3rreos del norte peninsular como Patrimonio Cultural Inmaterial, respaldando as\u00ed el Plan del H\u00f3rreo\" \/>\n\t\t<meta property=\"og:url\" content=\"https:\/\/candas365.es\/noticias\/los-horreos-seran-patrimonio-cultural-inmaterial\/\" \/>\n\t\t<meta property=\"og:image\" content=\"https:\/\/candas365.es\/noticias\/wp-content\/uploads\/2026\/04\/Los-horreos-seran-Patrimonio-Cultural-Inmaterial.jpg\" \/>\n\t\t<meta property=\"og:image:secure_url\" content=\"https:\/\/candas365.es\/noticias\/wp-content\/uploads\/2026\/04\/Los-horreos-seran-Patrimonio-Cultural-Inmaterial.jpg\" \/>\n\t\t<meta property=\"og:image:width\" content=\"1139\" \/>\n\t\t<meta property=\"og:image:height\" content=\"842\" \/>\n\t\t<meta property=\"article:published_time\" content=\"2026-04-01T00:16:12+00:00\" \/>\n\t\t<meta property=\"article:modified_time\" content=\"2026-04-01T00:16:12+00:00\" \/>\n\t\t<meta property=\"article:publisher\" content=\"https:\/\/www.facebook.com\/Nachofdezber\" \/>\n\t\t<meta property=\"article:author\" content=\"https:\/\/www.facebook.com\/carrenoactualidad\" \/>\n\t\t<meta name=\"twitter:card\" content=\"summary_large_image\" \/>\n\t\t<meta name=\"twitter:site\" content=\"@NabercoDigital\" \/>\n\t\t<meta name=\"twitter:title\" content=\"Los h\u00f3rreos ser\u00e1n Patrimonio Cultural Inmaterial | Cand\u00e1s 365\" \/>\n\t\t<meta name=\"twitter:description\" content=\"El Consejo de Ministros declarar\u00e1 la pr\u00f3xima semana los h\u00f3rreos del norte peninsular como Patrimonio Cultural Inmaterial, respaldando as\u00ed el Plan del H\u00f3rreo\" \/>\n\t\t<meta name=\"twitter:creator\" content=\"@nbasturias\" \/>\n\t\t<meta name=\"twitter:image\" content=\"https:\/\/candas365.es\/noticias\/wp-content\/uploads\/2026\/04\/Los-horreos-seran-Patrimonio-Cultural-Inmaterial.jpg\" \/>\n\t\t<meta name=\"twitter:label1\" content=\"Escrito por\" \/>\n\t\t<meta name=\"twitter:data1\" content=\"Cand\u00e1s 365\" \/>\n\t\t<meta name=\"twitter:label2\" content=\"Tiempo de lectura estimado\" \/>\n\t\t<meta name=\"twitter:data2\" content=\"3 minutos\" \/>\n\t\t<script type=\"application\/ld+json\" class=\"aioseo-schema\">\n\t\t\t{\"@context\":\"https:\\\/\\\/schema.org\",\"@graph\":[{\"@type\":\"BreadcrumbList\",\"@id\":\"https:\\\/\\\/candas365.es\\\/noticias\\\/los-horreos-seran-patrimonio-cultural-inmaterial\\\/#breadcrumblist\",\"itemListElement\":[{\"@type\":\"ListItem\",\"@id\":\"https:\\\/\\\/candas365.es\\\/noticias#listItem\",\"position\":1,\"name\":\"Home\",\"item\":\"https:\\\/\\\/candas365.es\\\/noticias\",\"nextItem\":{\"@type\":\"ListItem\",\"@id\":\"https:\\\/\\\/candas365.es\\\/noticias\\\/category\\\/asturias\\\/#listItem\",\"name\":\"Asturias\"}},{\"@type\":\"ListItem\",\"@id\":\"https:\\\/\\\/candas365.es\\\/noticias\\\/category\\\/asturias\\\/#listItem\",\"position\":2,\"name\":\"Asturias\",\"item\":\"https:\\\/\\\/candas365.es\\\/noticias\\\/category\\\/asturias\\\/\",\"nextItem\":{\"@type\":\"ListItem\",\"@id\":\"https:\\\/\\\/candas365.es\\\/noticias\\\/los-horreos-seran-patrimonio-cultural-inmaterial\\\/#listItem\",\"name\":\"Los h\\u00f3rreos ser\\u00e1n Patrimonio Cultural Inmaterial\"},\"previousItem\":{\"@type\":\"ListItem\",\"@id\":\"https:\\\/\\\/candas365.es\\\/noticias#listItem\",\"name\":\"Home\"}},{\"@type\":\"ListItem\",\"@id\":\"https:\\\/\\\/candas365.es\\\/noticias\\\/los-horreos-seran-patrimonio-cultural-inmaterial\\\/#listItem\",\"position\":3,\"name\":\"Los h\\u00f3rreos ser\\u00e1n Patrimonio Cultural Inmaterial\",\"previousItem\":{\"@type\":\"ListItem\",\"@id\":\"https:\\\/\\\/candas365.es\\\/noticias\\\/category\\\/asturias\\\/#listItem\",\"name\":\"Asturias\"}}]},{\"@type\":\"NewsArticle\",\"@id\":\"https:\\\/\\\/candas365.es\\\/noticias\\\/los-horreos-seran-patrimonio-cultural-inmaterial\\\/#newsarticle\",\"name\":\"Los h\\u00f3rreos ser\\u00e1n Patrimonio Cultural Inmaterial | Cand\\u00e1s 365\",\"headline\":\"Los h\\u00f3rreos ser\\u00e1n Patrimonio Cultural Inmaterial\",\"author\":{\"@id\":\"https:\\\/\\\/candas365.es\\\/noticias\\\/author\\\/admin\\\/#author\"},\"publisher\":{\"@id\":\"https:\\\/\\\/candas365.es\\\/noticias\\\/#organization\"},\"image\":{\"@type\":\"ImageObject\",\"url\":\"https:\\\/\\\/candas365.es\\\/noticias\\\/wp-content\\\/uploads\\\/2026\\\/04\\\/Los-horreos-seran-Patrimonio-Cultural-Inmaterial.jpg\",\"width\":1139,\"height\":842,\"caption\":\"Foto: Prensa Principado de Asturias\"},\"datePublished\":\"2026-04-01T02:16:12+02:00\",\"dateModified\":\"2026-04-01T02:16:12+02:00\",\"inLanguage\":\"es-ES\",\"mainEntityOfPage\":{\"@id\":\"https:\\\/\\\/candas365.es\\\/noticias\\\/los-horreos-seran-patrimonio-cultural-inmaterial\\\/#webpage\"},\"isPartOf\":{\"@id\":\"https:\\\/\\\/candas365.es\\\/noticias\\\/los-horreos-seran-patrimonio-cultural-inmaterial\\\/#webpage\"},\"articleSection\":\"Asturias, Destacadas, Asturias\",\"dateline\":\"Publicado el abril 1, 2026.\"},{\"@type\":\"Organization\",\"@id\":\"https:\\\/\\\/candas365.es\\\/noticias\\\/#organization\",\"name\":\"Cand\\u00e1s 365\",\"description\":\"Cand\\u00e1s 365 es un diario digital independiente, fundado en 2012, con base en Asturias. Informamos con rigor sobre actualidad, sociedad, cultura y ocio, con una mirada local y global.\",\"url\":\"https:\\\/\\\/candas365.es\\\/noticias\\\/\",\"email\":\"info@candas365.es\",\"telephone\":\"+34652131393\",\"foundingDate\":\"2012-06-10\",\"logo\":{\"@type\":\"ImageObject\",\"url\":\"https:\\\/\\\/candas365.es\\\/noticias\\\/wp-content\\\/uploads\\\/2024\\\/09\\\/Candas-365-Redes.jpg\",\"@id\":\"https:\\\/\\\/candas365.es\\\/noticias\\\/los-horreos-seran-patrimonio-cultural-inmaterial\\\/#organizationLogo\",\"width\":1152,\"height\":864,\"caption\":\"Cand\\u00e1s 365 Redes\"},\"image\":{\"@id\":\"https:\\\/\\\/candas365.es\\\/noticias\\\/los-horreos-seran-patrimonio-cultural-inmaterial\\\/#organizationLogo\"},\"sameAs\":[\"https:\\\/\\\/www.facebook.com\\\/Nachofdezber\",\"https:\\\/\\\/x.com\\\/NabercoDigital\",\"https:\\\/\\\/www.instagram.com\\\/nachofdezber\\\/\",\"https:\\\/\\\/www.youtube.com\\\/channel\\\/UCZP-2wLEB9Rv6erhFmqVnvg\"],\"address\":{\"@id\":\"https:\\\/\\\/candas365.es\\\/noticias\\\/#postaladdress\",\"@type\":\"PostalAddress\",\"streetAddress\":\"san antonio 4, san antonio 4\",\"postalCode\":\"33430\",\"addressLocality\":\"Cand\\u00e1s\",\"addressRegion\":\"Asturias\",\"addressCountry\":\"ES\"}},{\"@type\":\"Person\",\"@id\":\"https:\\\/\\\/candas365.es\\\/noticias\\\/author\\\/admin\\\/#author\",\"url\":\"https:\\\/\\\/candas365.es\\\/noticias\\\/author\\\/admin\\\/\",\"name\":\"Cand\\u00e1s 365\",\"image\":{\"@type\":\"ImageObject\",\"@id\":\"https:\\\/\\\/candas365.es\\\/noticias\\\/los-horreos-seran-patrimonio-cultural-inmaterial\\\/#authorImage\",\"url\":\"https:\\\/\\\/secure.gravatar.com\\\/avatar\\\/496a8e03d0c493ede1718b7934145dbdf8d89be1036b0eec9544e1094c9de390?s=96&d=mm&r=g\",\"width\":96,\"height\":96,\"caption\":\"Cand\\u00e1s 365\"},\"sameAs\":[\"https:\\\/\\\/www.facebook.com\\\/carrenoactualidad\",\"https:\\\/\\\/twitter.com\\\/nbasturias\",\"https:\\\/\\\/www.instagram.com\\\/nachofdezber\\\/\",\"https:\\\/\\\/www.youtube.com\\\/channel\\\/UCZP-2wLEB9Rv6erhFmqVnvg\"]},{\"@type\":\"WebPage\",\"@id\":\"https:\\\/\\\/candas365.es\\\/noticias\\\/los-horreos-seran-patrimonio-cultural-inmaterial\\\/#webpage\",\"url\":\"https:\\\/\\\/candas365.es\\\/noticias\\\/los-horreos-seran-patrimonio-cultural-inmaterial\\\/\",\"name\":\"Los h\\u00f3rreos ser\\u00e1n Patrimonio Cultural Inmaterial | Cand\\u00e1s 365\",\"description\":\"El Consejo de Ministros declarar\\u00e1 la pr\\u00f3xima semana los h\\u00f3rreos del norte peninsular como Patrimonio Cultural Inmaterial, respaldando as\\u00ed el Plan del H\\u00f3rreo\",\"inLanguage\":\"es-ES\",\"isPartOf\":{\"@id\":\"https:\\\/\\\/candas365.es\\\/noticias\\\/#website\"},\"breadcrumb\":{\"@id\":\"https:\\\/\\\/candas365.es\\\/noticias\\\/los-horreos-seran-patrimonio-cultural-inmaterial\\\/#breadcrumblist\"},\"author\":{\"@id\":\"https:\\\/\\\/candas365.es\\\/noticias\\\/author\\\/admin\\\/#author\"},\"creator\":{\"@id\":\"https:\\\/\\\/candas365.es\\\/noticias\\\/author\\\/admin\\\/#author\"},\"image\":{\"@type\":\"ImageObject\",\"url\":\"https:\\\/\\\/candas365.es\\\/noticias\\\/wp-content\\\/uploads\\\/2026\\\/04\\\/Los-horreos-seran-Patrimonio-Cultural-Inmaterial.jpg\",\"@id\":\"https:\\\/\\\/candas365.es\\\/noticias\\\/los-horreos-seran-patrimonio-cultural-inmaterial\\\/#mainImage\",\"width\":1139,\"height\":842,\"caption\":\"Foto: Prensa Principado de Asturias\"},\"primaryImageOfPage\":{\"@id\":\"https:\\\/\\\/candas365.es\\\/noticias\\\/los-horreos-seran-patrimonio-cultural-inmaterial\\\/#mainImage\"},\"datePublished\":\"2026-04-01T02:16:12+02:00\",\"dateModified\":\"2026-04-01T02:16:12+02:00\"},{\"@type\":\"WebSite\",\"@id\":\"https:\\\/\\\/candas365.es\\\/noticias\\\/#website\",\"url\":\"https:\\\/\\\/candas365.es\\\/noticias\\\/\",\"name\":\"Cand\\u00e1s 365\",\"alternateName\":\"Cand\\u00e1s 365 Noticias\",\"description\":\"Actualidad desde Carre\\u00f1o para el mundo\",\"inLanguage\":\"es-ES\",\"publisher\":{\"@id\":\"https:\\\/\\\/candas365.es\\\/noticias\\\/#organization\"}}]}\n\t\t<\/script>\n\t\t<!-- All in One SEO Pro -->\r\n\t\t<title>Los h\u00f3rreos ser\u00e1n Patrimonio Cultural Inmaterial | Cand\u00e1s 365<\/title>\n\n","aioseo_head_json":{"title":"Los h\u00f3rreos ser\u00e1n Patrimonio Cultural Inmaterial | Cand\u00e1s 365","description":"El Consejo de Ministros declarar\u00e1 la pr\u00f3xima semana los h\u00f3rreos del norte peninsular como Patrimonio Cultural Inmaterial, respaldando as\u00ed el Plan del H\u00f3rreo","canonical_url":"https:\/\/candas365.es\/noticias\/los-horreos-seran-patrimonio-cultural-inmaterial\/","robots":"max-image-preview:large","keywords":"asturias,destacadas","webmasterTools":{"google-site-verification":"UA-32230408-1","msvalidate.01":"354F3CDFB2DA171B47FBE9ABF1F88D5","miscellaneous":""},"schema":{"@context":"https:\/\/schema.org","@graph":[{"@type":"BreadcrumbList","@id":"https:\/\/candas365.es\/noticias\/los-horreos-seran-patrimonio-cultural-inmaterial\/#breadcrumblist","itemListElement":[{"@type":"ListItem","@id":"https:\/\/candas365.es\/noticias#listItem","position":1,"name":"Home","item":"https:\/\/candas365.es\/noticias","nextItem":{"@type":"ListItem","@id":"https:\/\/candas365.es\/noticias\/category\/asturias\/#listItem","name":"Asturias"}},{"@type":"ListItem","@id":"https:\/\/candas365.es\/noticias\/category\/asturias\/#listItem","position":2,"name":"Asturias","item":"https:\/\/candas365.es\/noticias\/category\/asturias\/","nextItem":{"@type":"ListItem","@id":"https:\/\/candas365.es\/noticias\/los-horreos-seran-patrimonio-cultural-inmaterial\/#listItem","name":"Los h\u00f3rreos ser\u00e1n Patrimonio Cultural Inmaterial"},"previousItem":{"@type":"ListItem","@id":"https:\/\/candas365.es\/noticias#listItem","name":"Home"}},{"@type":"ListItem","@id":"https:\/\/candas365.es\/noticias\/los-horreos-seran-patrimonio-cultural-inmaterial\/#listItem","position":3,"name":"Los h\u00f3rreos ser\u00e1n Patrimonio Cultural Inmaterial","previousItem":{"@type":"ListItem","@id":"https:\/\/candas365.es\/noticias\/category\/asturias\/#listItem","name":"Asturias"}}]},{"@type":"NewsArticle","@id":"https:\/\/candas365.es\/noticias\/los-horreos-seran-patrimonio-cultural-inmaterial\/#newsarticle","name":"Los h\u00f3rreos ser\u00e1n Patrimonio Cultural Inmaterial | Cand\u00e1s 365","headline":"Los h\u00f3rreos ser\u00e1n Patrimonio Cultural Inmaterial","author":{"@id":"https:\/\/candas365.es\/noticias\/author\/admin\/#author"},"publisher":{"@id":"https:\/\/candas365.es\/noticias\/#organization"},"image":{"@type":"ImageObject","url":"https:\/\/candas365.es\/noticias\/wp-content\/uploads\/2026\/04\/Los-horreos-seran-Patrimonio-Cultural-Inmaterial.jpg","width":1139,"height":842,"caption":"Foto: Prensa Principado de Asturias"},"datePublished":"2026-04-01T02:16:12+02:00","dateModified":"2026-04-01T02:16:12+02:00","inLanguage":"es-ES","mainEntityOfPage":{"@id":"https:\/\/candas365.es\/noticias\/los-horreos-seran-patrimonio-cultural-inmaterial\/#webpage"},"isPartOf":{"@id":"https:\/\/candas365.es\/noticias\/los-horreos-seran-patrimonio-cultural-inmaterial\/#webpage"},"articleSection":"Asturias, Destacadas, Asturias","dateline":"Publicado el abril 1, 2026."},{"@type":"Organization","@id":"https:\/\/candas365.es\/noticias\/#organization","name":"Cand\u00e1s 365","description":"Cand\u00e1s 365 es un diario digital independiente, fundado en 2012, con base en Asturias. Informamos con rigor sobre actualidad, sociedad, cultura y ocio, con una mirada local y global.","url":"https:\/\/candas365.es\/noticias\/","email":"info@candas365.es","telephone":"+34652131393","foundingDate":"2012-06-10","logo":{"@type":"ImageObject","url":"https:\/\/candas365.es\/noticias\/wp-content\/uploads\/2024\/09\/Candas-365-Redes.jpg","@id":"https:\/\/candas365.es\/noticias\/los-horreos-seran-patrimonio-cultural-inmaterial\/#organizationLogo","width":1152,"height":864,"caption":"Cand\u00e1s 365 Redes"},"image":{"@id":"https:\/\/candas365.es\/noticias\/los-horreos-seran-patrimonio-cultural-inmaterial\/#organizationLogo"},"sameAs":["https:\/\/www.facebook.com\/Nachofdezber","https:\/\/x.com\/NabercoDigital","https:\/\/www.instagram.com\/nachofdezber\/","https:\/\/www.youtube.com\/channel\/UCZP-2wLEB9Rv6erhFmqVnvg"],"address":{"@id":"https:\/\/candas365.es\/noticias\/#postaladdress","@type":"PostalAddress","streetAddress":"san antonio 4, san antonio 4","postalCode":"33430","addressLocality":"Cand\u00e1s","addressRegion":"Asturias","addressCountry":"ES"}},{"@type":"Person","@id":"https:\/\/candas365.es\/noticias\/author\/admin\/#author","url":"https:\/\/candas365.es\/noticias\/author\/admin\/","name":"Cand\u00e1s 365","image":{"@type":"ImageObject","@id":"https:\/\/candas365.es\/noticias\/los-horreos-seran-patrimonio-cultural-inmaterial\/#authorImage","url":"https:\/\/secure.gravatar.com\/avatar\/496a8e03d0c493ede1718b7934145dbdf8d89be1036b0eec9544e1094c9de390?s=96&d=mm&r=g","width":96,"height":96,"caption":"Cand\u00e1s 365"},"sameAs":["https:\/\/www.facebook.com\/carrenoactualidad","https:\/\/twitter.com\/nbasturias","https:\/\/www.instagram.com\/nachofdezber\/","https:\/\/www.youtube.com\/channel\/UCZP-2wLEB9Rv6erhFmqVnvg"]},{"@type":"WebPage","@id":"https:\/\/candas365.es\/noticias\/los-horreos-seran-patrimonio-cultural-inmaterial\/#webpage","url":"https:\/\/candas365.es\/noticias\/los-horreos-seran-patrimonio-cultural-inmaterial\/","name":"Los h\u00f3rreos ser\u00e1n Patrimonio Cultural Inmaterial | Cand\u00e1s 365","description":"El Consejo de Ministros declarar\u00e1 la pr\u00f3xima semana los h\u00f3rreos del norte peninsular como Patrimonio Cultural Inmaterial, respaldando as\u00ed el Plan del H\u00f3rreo","inLanguage":"es-ES","isPartOf":{"@id":"https:\/\/candas365.es\/noticias\/#website"},"breadcrumb":{"@id":"https:\/\/candas365.es\/noticias\/los-horreos-seran-patrimonio-cultural-inmaterial\/#breadcrumblist"},"author":{"@id":"https:\/\/candas365.es\/noticias\/author\/admin\/#author"},"creator":{"@id":"https:\/\/candas365.es\/noticias\/author\/admin\/#author"},"image":{"@type":"ImageObject","url":"https:\/\/candas365.es\/noticias\/wp-content\/uploads\/2026\/04\/Los-horreos-seran-Patrimonio-Cultural-Inmaterial.jpg","@id":"https:\/\/candas365.es\/noticias\/los-horreos-seran-patrimonio-cultural-inmaterial\/#mainImage","width":1139,"height":842,"caption":"Foto: Prensa Principado de Asturias"},"primaryImageOfPage":{"@id":"https:\/\/candas365.es\/noticias\/los-horreos-seran-patrimonio-cultural-inmaterial\/#mainImage"},"datePublished":"2026-04-01T02:16:12+02:00","dateModified":"2026-04-01T02:16:12+02:00"},{"@type":"WebSite","@id":"https:\/\/candas365.es\/noticias\/#website","url":"https:\/\/candas365.es\/noticias\/","name":"Cand\u00e1s 365","alternateName":"Cand\u00e1s 365 Noticias","description":"Actualidad desde Carre\u00f1o para el mundo","inLanguage":"es-ES","publisher":{"@id":"https:\/\/candas365.es\/noticias\/#organization"}}]},"og:locale":"es_ES","og:site_name":"Cand\u00e1s 365","og:type":"article","og:title":"Los h\u00f3rreos ser\u00e1n Patrimonio Cultural Inmaterial | Cand\u00e1s 365","og:description":"El Consejo de Ministros declarar\u00e1 la pr\u00f3xima semana los h\u00f3rreos del norte peninsular como Patrimonio Cultural Inmaterial, respaldando as\u00ed el Plan del H\u00f3rreo","og:url":"https:\/\/candas365.es\/noticias\/los-horreos-seran-patrimonio-cultural-inmaterial\/","og:image":"https:\/\/candas365.es\/noticias\/wp-content\/uploads\/2026\/04\/Los-horreos-seran-Patrimonio-Cultural-Inmaterial.jpg","og:image:secure_url":"https:\/\/candas365.es\/noticias\/wp-content\/uploads\/2026\/04\/Los-horreos-seran-Patrimonio-Cultural-Inmaterial.jpg","og:image:width":1139,"og:image:height":842,"article:published_time":"2026-04-01T00:16:12+00:00","article:modified_time":"2026-04-01T00:16:12+00:00","article:publisher":"https:\/\/www.facebook.com\/Nachofdezber","article:author":"https:\/\/www.facebook.com\/carrenoactualidad","twitter:card":"summary_large_image","twitter:site":"@NabercoDigital","twitter:title":"Los h\u00f3rreos ser\u00e1n Patrimonio Cultural Inmaterial | Cand\u00e1s 365","twitter:description":"El Consejo de Ministros declarar\u00e1 la pr\u00f3xima semana los h\u00f3rreos del norte peninsular como Patrimonio Cultural Inmaterial, respaldando as\u00ed el Plan del H\u00f3rreo","twitter:creator":"@nbasturias","twitter:image":"https:\/\/candas365.es\/noticias\/wp-content\/uploads\/2026\/04\/Los-horreos-seran-Patrimonio-Cultural-Inmaterial.jpg","twitter:label1":"Escrito por","twitter:data1":"Cand\u00e1s 365","twitter:label2":"Tiempo de lectura estimado","twitter:data2":"3 minutos"},"aioseo_meta_data":{"post_id":"193493","title":null,"description":"El Consejo de Ministros declarar\u00e1 la pr\u00f3xima semana los h\u00f3rreos del norte peninsular como Patrimonio Cultural Inmaterial, respaldando as\u00ed el Plan del H\u00f3rreo","keywords":null,"keyphrases":{"focus":{"keyphrase":"h\u00f3rreos","score":100,"analysis":{"keyphraseInTitle":{"score":9,"maxScore":9,"error":0},"keyphraseInDescription":{"score":9,"maxScore":9,"error":0},"keyphraseLength":{"score":9,"maxScore":9,"error":0,"length":2},"keyphraseInURL":{"score":5,"maxScore":5,"error":0},"keyphraseInIntroduction":{"score":9,"maxScore":9,"error":0},"keyphraseInSubHeadings":{"score":9,"maxScore":9,"error":0},"keyphraseInImageAlt":{"score":9,"maxScore":9,"error":0},"keywordDensity":{"type":"best","score":9,"maxScore":9,"error":0}}},"additional":[{"keyphrase":"h\u00f3rreos","score":100,"analysis":{"keyphraseInDescription":{"score":9,"maxScore":9,"error":0},"keyphraseLength":{"score":9,"maxScore":9,"error":0,"length":2},"keyphraseInIntroduction":{"score":9,"maxScore":9,"error":0},"keyphraseInImageAlt":{"score":9,"maxScore":9,"error":0},"keywordDensity":{"type":"best","score":9,"maxScore":9,"error":0}}},{"keyphrase":"Patrimonio Cultural","score":80,"analysis":{"keyphraseInDescription":{"score":9,"maxScore":9,"error":0},"keyphraseLength":{"score":9,"maxScore":9,"error":0,"length":2},"keyphraseInIntroduction":{"score":9,"maxScore":9,"error":0},"keyphraseInImageAlt":{"score":9,"maxScore":9,"error":0},"keywordDensity":{"score":0,"type":"low","maxScore":9,"error":1}}}]},"primary_term":null,"canonical_url":null,"og_title":null,"og_description":null,"og_object_type":"default","og_image_type":"default","og_image_url":null,"og_image_width":null,"og_image_height":null,"og_image_custom_url":null,"og_image_custom_fields":null,"og_video":"","og_custom_url":null,"og_article_section":null,"og_article_tags":null,"twitter_use_og":false,"twitter_card":"default","twitter_image_type":"default","twitter_image_url":null,"twitter_image_custom_url":null,"twitter_image_custom_fields":null,"twitter_title":null,"twitter_description":null,"schema":{"blockGraphs":[],"customGraphs":[],"default":{"data":{"Article":[],"Course":[],"Dataset":[],"FAQPage":[],"Movie":[],"Person":[],"Product":[],"ProductReview":[],"Car":[],"Recipe":[],"Service":[],"SoftwareApplication":[],"WebPage":[]},"graphName":"NewsArticle","isEnabled":true},"graphs":[]},"schema_type":"default","schema_type_options":null,"pillar_content":false,"robots_default":true,"robots_noindex":false,"robots_noarchive":false,"robots_nosnippet":false,"robots_nofollow":false,"robots_noimageindex":false,"robots_noodp":false,"robots_notranslate":false,"robots_max_snippet":"-1","robots_max_videopreview":"-1","robots_max_imagepreview":"large","priority":null,"frequency":"default","location":null,"local_seo":null,"seo_analyzer_scan_date":"2026-04-01 00:49:45","breadcrumb_settings":null,"limit_modified_date":false,"reviewed_by":null,"open_ai":null,"ai":{"faqs":[],"keyPoints":[],"titles":[],"descriptions":[],"socialPosts":{"email":[],"linkedin":[],"twitter":[],"facebook":[],"instagram":[]}},"created":"2026-04-01 00:08:36","updated":"2026-04-01 00:52:11"},"aioseo_breadcrumb":"<div class=\"aioseo-breadcrumbs\"><span class=\"aioseo-breadcrumb\">\n\t<a href=\"https:\/\/candas365.es\/noticias\" title=\"Home\">Home<\/a>\n<\/span><span class=\"aioseo-breadcrumb-separator\">&ndash;<\/span><span class=\"aioseo-breadcrumb\">\n\t<a href=\"https:\/\/candas365.es\/noticias\/category\/asturias\/\" title=\"Asturias\">Asturias<\/a>\n<\/span><span class=\"aioseo-breadcrumb-separator\">&ndash;<\/span><span class=\"aioseo-breadcrumb\">\n\tLos h\u00f3rreos ser\u00e1n Patrimonio Cultural Inmaterial\n<\/span><\/div>","aioseo_breadcrumb_json":[{"label":"Home","link":"https:\/\/candas365.es\/noticias"},{"label":"Asturias","link":"https:\/\/candas365.es\/noticias\/category\/asturias\/"},{"label":"Los h\u00f3rreos ser\u00e1n Patrimonio Cultural Inmaterial","link":"https:\/\/candas365.es\/noticias\/los-horreos-seran-patrimonio-cultural-inmaterial\/"}],"_links":{"self":[{"href":"https:\/\/candas365.es\/noticias\/wp-json\/wp\/v2\/posts\/193493","targetHints":{"allow":["GET"]}}],"collection":[{"href":"https:\/\/candas365.es\/noticias\/wp-json\/wp\/v2\/posts"}],"about":[{"href":"https:\/\/candas365.es\/noticias\/wp-json\/wp\/v2\/types\/post"}],"author":[{"embeddable":true,"href":"https:\/\/candas365.es\/noticias\/wp-json\/wp\/v2\/users\/1"}],"replies":[{"embeddable":true,"href":"https:\/\/candas365.es\/noticias\/wp-json\/wp\/v2\/comments?post=193493"}],"version-history":[{"count":0,"href":"https:\/\/candas365.es\/noticias\/wp-json\/wp\/v2\/posts\/193493\/revisions"}],"wp:featuredmedia":[{"embeddable":true,"href":"https:\/\/candas365.es\/noticias\/wp-json\/wp\/v2\/media\/193494"}],"wp:attachment":[{"href":"https:\/\/candas365.es\/noticias\/wp-json\/wp\/v2\/media?parent=193493"}],"wp:term":[{"taxonomy":"category","embeddable":true,"href":"https:\/\/candas365.es\/noticias\/wp-json\/wp\/v2\/categories?post=193493"},{"taxonomy":"post_tag","embeddable":true,"href":"https:\/\/candas365.es\/noticias\/wp-json\/wp\/v2\/tags?post=193493"}],"curies":[{"name":"wp","href":"https:\/\/api.w.org\/{rel}","templated":true}]}}