{"id":193463,"date":"2026-03-28T21:55:30","date_gmt":"2026-03-28T20:55:30","guid":{"rendered":"https:\/\/candas365.es\/noticias\/?p=193463"},"modified":"2026-03-28T21:55:30","modified_gmt":"2026-03-28T20:55:30","slug":"madrid-en-alerta-por-viento-el-29-de-marzo-2026","status":"publish","type":"post","link":"https:\/\/candas365.es\/noticias\/madrid-en-alerta-por-viento-el-29-de-marzo-2026\/","title":{"rendered":"Madrid en alerta por viento el 29 de marzo 2026"},"content":{"rendered":"<p>Madrid 112 ha recomendado extremar la precauci\u00f3n ante las rachas de viento de m\u00e1s de 80 km\/h previstas para el <a href=\"https:\/\/candas365.es\/noticias\/category\/el-tiempo\/\"><span style=\"color: #ff6600;\"><strong>domingo 29 de marzo<\/strong><\/span><\/a> en zonas de la sierra, seg\u00fan la <a href=\"https:\/\/www.aemet.es\/\" target=\"_blank\" rel=\"noopener\"><span style=\"color: #ff6600;\"><strong>Aemet<\/strong><\/span><\/a>.<\/p>\n<figure id=\"attachment_193464\" aria-describedby=\"caption-attachment-193464\" style=\"width: 650px\" class=\"wp-caption aligncenter\"><img fetchpriority=\"high\" decoding=\"async\" class=\"size-large wp-image-193464\" src=\"https:\/\/candas365.es\/noticias\/wp-content\/uploads\/2026\/03\/Madrid-en-alerta-por-viento-el-29-de-marzo-2026-650x437.jpg\" alt=\"Madrid en alerta por viento el 29 de marzo 2026\" width=\"650\" height=\"437\" srcset=\"https:\/\/candas365.es\/noticias\/wp-content\/uploads\/2026\/03\/Madrid-en-alerta-por-viento-el-29-de-marzo-2026-650x437.jpg 650w, https:\/\/candas365.es\/noticias\/wp-content\/uploads\/2026\/03\/Madrid-en-alerta-por-viento-el-29-de-marzo-2026-360x242.jpg 360w, https:\/\/candas365.es\/noticias\/wp-content\/uploads\/2026\/03\/Madrid-en-alerta-por-viento-el-29-de-marzo-2026-768x516.jpg 768w, https:\/\/candas365.es\/noticias\/wp-content\/uploads\/2026\/03\/Madrid-en-alerta-por-viento-el-29-de-marzo-2026-150x101.jpg 150w, https:\/\/candas365.es\/noticias\/wp-content\/uploads\/2026\/03\/Madrid-en-alerta-por-viento-el-29-de-marzo-2026-450x302.jpg 450w, https:\/\/candas365.es\/noticias\/wp-content\/uploads\/2026\/03\/Madrid-en-alerta-por-viento-el-29-de-marzo-2026-1200x806.jpg 1200w, https:\/\/candas365.es\/noticias\/wp-content\/uploads\/2026\/03\/Madrid-en-alerta-por-viento-el-29-de-marzo-2026.jpg 1234w\" sizes=\"(max-width: 650px) 100vw, 650px\" \/><figcaption id=\"caption-attachment-193464\" class=\"wp-caption-text\">Foto: 123rf.com<\/figcaption><\/figure>\n<p>El portavoz de Emergencias 112 Comunidad de Madrid, Javier Chivite, alert\u00f3 de que se ha recibido un aviso amarillo por parte de Aemet Madrid por este motivo.<\/p>\n<p>Por ello, recomend\u00f3 evitar transitar por zonas arboladas, retirar de balcones y terrazas elementos que puedan caer a la v\u00eda pubica y extremar la precauci\u00f3n si es necesario conducir, con especial atenci\u00f3n al entrar o salir de t\u00faneles y al realizar adelantamientos, as\u00ed como llamar al 112 ante cualquier emergencia.<\/p>\n<p>(<a href=\"https:\/\/www.servimedia.es\/\" target=\"_blank\" rel=\"noopener\"><span style=\"color: #ff6600;\"><strong>SERVIMEDIA<\/strong><\/span><\/a>)<\/p>\n","protected":false},"excerpt":{"rendered":"<p>Madrid 112 ha recomendado extremar la precauci\u00f3n ante las rachas de viento de m\u00e1s de 80 km\/h previstas para el domingo 29 de marzo en zonas de la sierra, seg\u00fan la Aemet. El portavoz de Emergencias 112 Comunidad de Madrid, Javier Chivite, alert\u00f3 de que se ha recibido un aviso amarillo por parte de Aemet<\/p>\n","protected":false},"author":1,"featured_media":193464,"comment_status":"closed","ping_status":"closed","sticky":false,"template":"","format":"standard","meta":{"footnotes":""},"categories":[358],"tags":[429,548],"class_list":{"0":"post-193463","1":"post","2":"type-post","3":"status-publish","4":"format-standard","5":"has-post-thumbnail","7":"category-el-tiempo","8":"tag-el-tiempo","9":"tag-madrid"},"aioseo_notices":[],"aioseo_head":"\n\t\t<!-- All in One SEO Pro 4.9.6.2 - aioseo.com -->\n\t<meta name=\"description\" content=\"Madrid 112 ha recomendado extremar la precauci\u00f3n ante las rachas de viento de m\u00e1s de 80 km\/h previstas para el domingo 29 de marzo en zonas de la sierra\" \/>\n\t<meta name=\"robots\" content=\"max-image-preview:large\" \/>\n\t<meta name=\"author\" content=\"Cand\u00e1s 365\"\/>\n\t<meta name=\"google-site-verification\" content=\"UA-32230408-1\" \/>\n\t<meta name=\"msvalidate.01\" content=\"354F3CDFB2DA171B47FBE9ABF1F88D5\" \/>\n\t<meta name=\"keywords\" content=\"el tiempo\" \/>\n\t<link rel=\"canonical\" href=\"https:\/\/candas365.es\/noticias\/madrid-en-alerta-por-viento-el-29-de-marzo-2026\/\" \/>\n\t<meta name=\"generator\" content=\"All in One SEO Pro (AIOSEO) 4.9.6.2\" \/>\n\t\t<meta property=\"og:locale\" content=\"es_ES\" \/>\n\t\t<meta property=\"og:site_name\" content=\"Cand\u00e1s 365\" \/>\n\t\t<meta property=\"og:type\" content=\"article\" \/>\n\t\t<meta property=\"og:title\" content=\"Madrid en alerta por viento el 29 de marzo 2026 | Cand\u00e1s 365\" \/>\n\t\t<meta property=\"og:description\" content=\"Madrid 112 ha recomendado extremar la precauci\u00f3n ante las rachas de viento de m\u00e1s de 80 km\/h previstas para el domingo 29 de marzo en zonas de la sierra\" \/>\n\t\t<meta property=\"og:url\" content=\"https:\/\/candas365.es\/noticias\/madrid-en-alerta-por-viento-el-29-de-marzo-2026\/\" \/>\n\t\t<meta property=\"og:image\" content=\"https:\/\/candas365.es\/noticias\/wp-content\/uploads\/2026\/03\/Madrid-en-alerta-por-viento-el-29-de-marzo-2026.jpg\" \/>\n\t\t<meta property=\"og:image:secure_url\" content=\"https:\/\/candas365.es\/noticias\/wp-content\/uploads\/2026\/03\/Madrid-en-alerta-por-viento-el-29-de-marzo-2026.jpg\" \/>\n\t\t<meta property=\"og:image:width\" content=\"1234\" \/>\n\t\t<meta property=\"og:image:height\" content=\"829\" \/>\n\t\t<meta property=\"article:published_time\" content=\"2026-03-28T20:55:30+00:00\" \/>\n\t\t<meta property=\"article:modified_time\" content=\"2026-03-28T20:55:30+00:00\" \/>\n\t\t<meta property=\"article:publisher\" content=\"https:\/\/www.facebook.com\/Nachofdezber\" \/>\n\t\t<meta property=\"article:author\" content=\"https:\/\/www.facebook.com\/carrenoactualidad\" \/>\n\t\t<meta name=\"twitter:card\" content=\"summary_large_image\" \/>\n\t\t<meta name=\"twitter:site\" content=\"@NabercoDigital\" \/>\n\t\t<meta name=\"twitter:title\" content=\"Madrid en alerta por viento el 29 de marzo 2026 | Cand\u00e1s 365\" \/>\n\t\t<meta name=\"twitter:description\" content=\"Madrid 112 ha recomendado extremar la precauci\u00f3n ante las rachas de viento de m\u00e1s de 80 km\/h previstas para el domingo 29 de marzo en zonas de la sierra\" \/>\n\t\t<meta name=\"twitter:creator\" content=\"@nbasturias\" \/>\n\t\t<meta name=\"twitter:image\" content=\"https:\/\/candas365.es\/noticias\/wp-content\/uploads\/2026\/03\/Madrid-en-alerta-por-viento-el-29-de-marzo-2026.jpg\" \/>\n\t\t<meta name=\"twitter:label1\" content=\"Escrito por\" \/>\n\t\t<meta name=\"twitter:data1\" content=\"Cand\u00e1s 365\" \/>\n\t\t<meta name=\"twitter:label2\" content=\"Tiempo de lectura estimado\" \/>\n\t\t<meta name=\"twitter:data2\" content=\"1 minuto\" \/>\n\t\t<script type=\"application\/ld+json\" class=\"aioseo-schema\">\n\t\t\t{\"@context\":\"https:\\\/\\\/schema.org\",\"@graph\":[{\"@type\":\"BreadcrumbList\",\"@id\":\"https:\\\/\\\/candas365.es\\\/noticias\\\/madrid-en-alerta-por-viento-el-29-de-marzo-2026\\\/#breadcrumblist\",\"itemListElement\":[{\"@type\":\"ListItem\",\"@id\":\"https:\\\/\\\/candas365.es\\\/noticias#listItem\",\"position\":1,\"name\":\"Home\",\"item\":\"https:\\\/\\\/candas365.es\\\/noticias\",\"nextItem\":{\"@type\":\"ListItem\",\"@id\":\"https:\\\/\\\/candas365.es\\\/noticias\\\/category\\\/el-tiempo\\\/#listItem\",\"name\":\"El tiempo\"}},{\"@type\":\"ListItem\",\"@id\":\"https:\\\/\\\/candas365.es\\\/noticias\\\/category\\\/el-tiempo\\\/#listItem\",\"position\":2,\"name\":\"El tiempo\",\"item\":\"https:\\\/\\\/candas365.es\\\/noticias\\\/category\\\/el-tiempo\\\/\",\"nextItem\":{\"@type\":\"ListItem\",\"@id\":\"https:\\\/\\\/candas365.es\\\/noticias\\\/madrid-en-alerta-por-viento-el-29-de-marzo-2026\\\/#listItem\",\"name\":\"Madrid en alerta por viento el 29 de marzo 2026\"},\"previousItem\":{\"@type\":\"ListItem\",\"@id\":\"https:\\\/\\\/candas365.es\\\/noticias#listItem\",\"name\":\"Home\"}},{\"@type\":\"ListItem\",\"@id\":\"https:\\\/\\\/candas365.es\\\/noticias\\\/madrid-en-alerta-por-viento-el-29-de-marzo-2026\\\/#listItem\",\"position\":3,\"name\":\"Madrid en alerta por viento el 29 de marzo 2026\",\"previousItem\":{\"@type\":\"ListItem\",\"@id\":\"https:\\\/\\\/candas365.es\\\/noticias\\\/category\\\/el-tiempo\\\/#listItem\",\"name\":\"El tiempo\"}}]},{\"@type\":\"NewsArticle\",\"@id\":\"https:\\\/\\\/candas365.es\\\/noticias\\\/madrid-en-alerta-por-viento-el-29-de-marzo-2026\\\/#newsarticle\",\"name\":\"Madrid en alerta por viento el 29 de marzo 2026 | Cand\\u00e1s 365\",\"headline\":\"Madrid en alerta por viento el 29 de marzo 2026\",\"author\":{\"@id\":\"https:\\\/\\\/candas365.es\\\/noticias\\\/author\\\/admin\\\/#author\"},\"publisher\":{\"@id\":\"https:\\\/\\\/candas365.es\\\/noticias\\\/#organization\"},\"image\":{\"@type\":\"ImageObject\",\"url\":\"https:\\\/\\\/candas365.es\\\/noticias\\\/wp-content\\\/uploads\\\/2026\\\/03\\\/Madrid-en-alerta-por-viento-el-29-de-marzo-2026.jpg\",\"width\":1234,\"height\":829,\"caption\":\"Foto: 123rf.com\"},\"datePublished\":\"2026-03-28T21:55:30+01:00\",\"dateModified\":\"2026-03-28T21:55:30+01:00\",\"inLanguage\":\"es-ES\",\"mainEntityOfPage\":{\"@id\":\"https:\\\/\\\/candas365.es\\\/noticias\\\/madrid-en-alerta-por-viento-el-29-de-marzo-2026\\\/#webpage\"},\"isPartOf\":{\"@id\":\"https:\\\/\\\/candas365.es\\\/noticias\\\/madrid-en-alerta-por-viento-el-29-de-marzo-2026\\\/#webpage\"},\"articleSection\":\"El tiempo, El tiempo, Madrid\",\"dateline\":\"Publicado el marzo 28, 2026.\"},{\"@type\":\"Organization\",\"@id\":\"https:\\\/\\\/candas365.es\\\/noticias\\\/#organization\",\"name\":\"Cand\\u00e1s 365\",\"description\":\"Cand\\u00e1s 365 es un diario digital independiente, fundado en 2012, con base en Asturias. Informamos con rigor sobre actualidad, sociedad, cultura y ocio, con una mirada local y global.\",\"url\":\"https:\\\/\\\/candas365.es\\\/noticias\\\/\",\"email\":\"info@candas365.es\",\"telephone\":\"+34652131393\",\"foundingDate\":\"2012-06-10\",\"logo\":{\"@type\":\"ImageObject\",\"url\":\"https:\\\/\\\/candas365.es\\\/noticias\\\/wp-content\\\/uploads\\\/2024\\\/09\\\/Candas-365-Redes.jpg\",\"@id\":\"https:\\\/\\\/candas365.es\\\/noticias\\\/madrid-en-alerta-por-viento-el-29-de-marzo-2026\\\/#organizationLogo\",\"width\":1152,\"height\":864,\"caption\":\"Cand\\u00e1s 365 Redes\"},\"image\":{\"@id\":\"https:\\\/\\\/candas365.es\\\/noticias\\\/madrid-en-alerta-por-viento-el-29-de-marzo-2026\\\/#organizationLogo\"},\"sameAs\":[\"https:\\\/\\\/www.facebook.com\\\/Nachofdezber\",\"https:\\\/\\\/x.com\\\/NabercoDigital\",\"https:\\\/\\\/www.instagram.com\\\/nachofdezber\\\/\",\"https:\\\/\\\/www.youtube.com\\\/channel\\\/UCZP-2wLEB9Rv6erhFmqVnvg\"],\"address\":{\"@id\":\"https:\\\/\\\/candas365.es\\\/noticias\\\/#postaladdress\",\"@type\":\"PostalAddress\",\"streetAddress\":\"san antonio 4, san antonio 4\",\"postalCode\":\"33430\",\"addressLocality\":\"Cand\\u00e1s\",\"addressRegion\":\"Asturias\",\"addressCountry\":\"ES\"}},{\"@type\":\"Person\",\"@id\":\"https:\\\/\\\/candas365.es\\\/noticias\\\/author\\\/admin\\\/#author\",\"url\":\"https:\\\/\\\/candas365.es\\\/noticias\\\/author\\\/admin\\\/\",\"name\":\"Cand\\u00e1s 365\",\"image\":{\"@type\":\"ImageObject\",\"@id\":\"https:\\\/\\\/candas365.es\\\/noticias\\\/madrid-en-alerta-por-viento-el-29-de-marzo-2026\\\/#authorImage\",\"url\":\"https:\\\/\\\/secure.gravatar.com\\\/avatar\\\/496a8e03d0c493ede1718b7934145dbdf8d89be1036b0eec9544e1094c9de390?s=96&d=mm&r=g\",\"width\":96,\"height\":96,\"caption\":\"Cand\\u00e1s 365\"},\"sameAs\":[\"https:\\\/\\\/www.facebook.com\\\/carrenoactualidad\",\"https:\\\/\\\/twitter.com\\\/nbasturias\",\"https:\\\/\\\/www.instagram.com\\\/nachofdezber\\\/\",\"https:\\\/\\\/www.youtube.com\\\/channel\\\/UCZP-2wLEB9Rv6erhFmqVnvg\"]},{\"@type\":\"WebPage\",\"@id\":\"https:\\\/\\\/candas365.es\\\/noticias\\\/madrid-en-alerta-por-viento-el-29-de-marzo-2026\\\/#webpage\",\"url\":\"https:\\\/\\\/candas365.es\\\/noticias\\\/madrid-en-alerta-por-viento-el-29-de-marzo-2026\\\/\",\"name\":\"Madrid en alerta por viento el 29 de marzo 2026 | Cand\\u00e1s 365\",\"description\":\"Madrid 112 ha recomendado extremar la precauci\\u00f3n ante las rachas de viento de m\\u00e1s de 80 km\\\/h previstas para el domingo 29 de marzo en zonas de la sierra\",\"inLanguage\":\"es-ES\",\"isPartOf\":{\"@id\":\"https:\\\/\\\/candas365.es\\\/noticias\\\/#website\"},\"breadcrumb\":{\"@id\":\"https:\\\/\\\/candas365.es\\\/noticias\\\/madrid-en-alerta-por-viento-el-29-de-marzo-2026\\\/#breadcrumblist\"},\"author\":{\"@id\":\"https:\\\/\\\/candas365.es\\\/noticias\\\/author\\\/admin\\\/#author\"},\"creator\":{\"@id\":\"https:\\\/\\\/candas365.es\\\/noticias\\\/author\\\/admin\\\/#author\"},\"image\":{\"@type\":\"ImageObject\",\"url\":\"https:\\\/\\\/candas365.es\\\/noticias\\\/wp-content\\\/uploads\\\/2026\\\/03\\\/Madrid-en-alerta-por-viento-el-29-de-marzo-2026.jpg\",\"@id\":\"https:\\\/\\\/candas365.es\\\/noticias\\\/madrid-en-alerta-por-viento-el-29-de-marzo-2026\\\/#mainImage\",\"width\":1234,\"height\":829,\"caption\":\"Foto: 123rf.com\"},\"primaryImageOfPage\":{\"@id\":\"https:\\\/\\\/candas365.es\\\/noticias\\\/madrid-en-alerta-por-viento-el-29-de-marzo-2026\\\/#mainImage\"},\"datePublished\":\"2026-03-28T21:55:30+01:00\",\"dateModified\":\"2026-03-28T21:55:30+01:00\"},{\"@type\":\"WebSite\",\"@id\":\"https:\\\/\\\/candas365.es\\\/noticias\\\/#website\",\"url\":\"https:\\\/\\\/candas365.es\\\/noticias\\\/\",\"name\":\"Cand\\u00e1s 365\",\"alternateName\":\"Cand\\u00e1s 365 Noticias\",\"description\":\"Actualidad desde Carre\\u00f1o para el mundo\",\"inLanguage\":\"es-ES\",\"publisher\":{\"@id\":\"https:\\\/\\\/candas365.es\\\/noticias\\\/#organization\"}}]}\n\t\t<\/script>\n\t\t<!-- All in One SEO Pro -->\r\n\t\t<title>Madrid en alerta por viento el 29 de marzo 2026 | Cand\u00e1s 365<\/title>\n\n","aioseo_head_json":{"title":"Madrid en alerta por viento el 29 de marzo 2026 | Cand\u00e1s 365","description":"Madrid 112 ha recomendado extremar la precauci\u00f3n ante las rachas de viento de m\u00e1s de 80 km\/h previstas para el domingo 29 de marzo en zonas de la sierra","canonical_url":"https:\/\/candas365.es\/noticias\/madrid-en-alerta-por-viento-el-29-de-marzo-2026\/","robots":"max-image-preview:large","keywords":"el tiempo","webmasterTools":{"google-site-verification":"UA-32230408-1","msvalidate.01":"354F3CDFB2DA171B47FBE9ABF1F88D5","miscellaneous":""},"schema":{"@context":"https:\/\/schema.org","@graph":[{"@type":"BreadcrumbList","@id":"https:\/\/candas365.es\/noticias\/madrid-en-alerta-por-viento-el-29-de-marzo-2026\/#breadcrumblist","itemListElement":[{"@type":"ListItem","@id":"https:\/\/candas365.es\/noticias#listItem","position":1,"name":"Home","item":"https:\/\/candas365.es\/noticias","nextItem":{"@type":"ListItem","@id":"https:\/\/candas365.es\/noticias\/category\/el-tiempo\/#listItem","name":"El tiempo"}},{"@type":"ListItem","@id":"https:\/\/candas365.es\/noticias\/category\/el-tiempo\/#listItem","position":2,"name":"El tiempo","item":"https:\/\/candas365.es\/noticias\/category\/el-tiempo\/","nextItem":{"@type":"ListItem","@id":"https:\/\/candas365.es\/noticias\/madrid-en-alerta-por-viento-el-29-de-marzo-2026\/#listItem","name":"Madrid en alerta por viento el 29 de marzo 2026"},"previousItem":{"@type":"ListItem","@id":"https:\/\/candas365.es\/noticias#listItem","name":"Home"}},{"@type":"ListItem","@id":"https:\/\/candas365.es\/noticias\/madrid-en-alerta-por-viento-el-29-de-marzo-2026\/#listItem","position":3,"name":"Madrid en alerta por viento el 29 de marzo 2026","previousItem":{"@type":"ListItem","@id":"https:\/\/candas365.es\/noticias\/category\/el-tiempo\/#listItem","name":"El tiempo"}}]},{"@type":"NewsArticle","@id":"https:\/\/candas365.es\/noticias\/madrid-en-alerta-por-viento-el-29-de-marzo-2026\/#newsarticle","name":"Madrid en alerta por viento el 29 de marzo 2026 | Cand\u00e1s 365","headline":"Madrid en alerta por viento el 29 de marzo 2026","author":{"@id":"https:\/\/candas365.es\/noticias\/author\/admin\/#author"},"publisher":{"@id":"https:\/\/candas365.es\/noticias\/#organization"},"image":{"@type":"ImageObject","url":"https:\/\/candas365.es\/noticias\/wp-content\/uploads\/2026\/03\/Madrid-en-alerta-por-viento-el-29-de-marzo-2026.jpg","width":1234,"height":829,"caption":"Foto: 123rf.com"},"datePublished":"2026-03-28T21:55:30+01:00","dateModified":"2026-03-28T21:55:30+01:00","inLanguage":"es-ES","mainEntityOfPage":{"@id":"https:\/\/candas365.es\/noticias\/madrid-en-alerta-por-viento-el-29-de-marzo-2026\/#webpage"},"isPartOf":{"@id":"https:\/\/candas365.es\/noticias\/madrid-en-alerta-por-viento-el-29-de-marzo-2026\/#webpage"},"articleSection":"El tiempo, El tiempo, Madrid","dateline":"Publicado el marzo 28, 2026."},{"@type":"Organization","@id":"https:\/\/candas365.es\/noticias\/#organization","name":"Cand\u00e1s 365","description":"Cand\u00e1s 365 es un diario digital independiente, fundado en 2012, con base en Asturias. Informamos con rigor sobre actualidad, sociedad, cultura y ocio, con una mirada local y global.","url":"https:\/\/candas365.es\/noticias\/","email":"info@candas365.es","telephone":"+34652131393","foundingDate":"2012-06-10","logo":{"@type":"ImageObject","url":"https:\/\/candas365.es\/noticias\/wp-content\/uploads\/2024\/09\/Candas-365-Redes.jpg","@id":"https:\/\/candas365.es\/noticias\/madrid-en-alerta-por-viento-el-29-de-marzo-2026\/#organizationLogo","width":1152,"height":864,"caption":"Cand\u00e1s 365 Redes"},"image":{"@id":"https:\/\/candas365.es\/noticias\/madrid-en-alerta-por-viento-el-29-de-marzo-2026\/#organizationLogo"},"sameAs":["https:\/\/www.facebook.com\/Nachofdezber","https:\/\/x.com\/NabercoDigital","https:\/\/www.instagram.com\/nachofdezber\/","https:\/\/www.youtube.com\/channel\/UCZP-2wLEB9Rv6erhFmqVnvg"],"address":{"@id":"https:\/\/candas365.es\/noticias\/#postaladdress","@type":"PostalAddress","streetAddress":"san antonio 4, san antonio 4","postalCode":"33430","addressLocality":"Cand\u00e1s","addressRegion":"Asturias","addressCountry":"ES"}},{"@type":"Person","@id":"https:\/\/candas365.es\/noticias\/author\/admin\/#author","url":"https:\/\/candas365.es\/noticias\/author\/admin\/","name":"Cand\u00e1s 365","image":{"@type":"ImageObject","@id":"https:\/\/candas365.es\/noticias\/madrid-en-alerta-por-viento-el-29-de-marzo-2026\/#authorImage","url":"https:\/\/secure.gravatar.com\/avatar\/496a8e03d0c493ede1718b7934145dbdf8d89be1036b0eec9544e1094c9de390?s=96&d=mm&r=g","width":96,"height":96,"caption":"Cand\u00e1s 365"},"sameAs":["https:\/\/www.facebook.com\/carrenoactualidad","https:\/\/twitter.com\/nbasturias","https:\/\/www.instagram.com\/nachofdezber\/","https:\/\/www.youtube.com\/channel\/UCZP-2wLEB9Rv6erhFmqVnvg"]},{"@type":"WebPage","@id":"https:\/\/candas365.es\/noticias\/madrid-en-alerta-por-viento-el-29-de-marzo-2026\/#webpage","url":"https:\/\/candas365.es\/noticias\/madrid-en-alerta-por-viento-el-29-de-marzo-2026\/","name":"Madrid en alerta por viento el 29 de marzo 2026 | Cand\u00e1s 365","description":"Madrid 112 ha recomendado extremar la precauci\u00f3n ante las rachas de viento de m\u00e1s de 80 km\/h previstas para el domingo 29 de marzo en zonas de la sierra","inLanguage":"es-ES","isPartOf":{"@id":"https:\/\/candas365.es\/noticias\/#website"},"breadcrumb":{"@id":"https:\/\/candas365.es\/noticias\/madrid-en-alerta-por-viento-el-29-de-marzo-2026\/#breadcrumblist"},"author":{"@id":"https:\/\/candas365.es\/noticias\/author\/admin\/#author"},"creator":{"@id":"https:\/\/candas365.es\/noticias\/author\/admin\/#author"},"image":{"@type":"ImageObject","url":"https:\/\/candas365.es\/noticias\/wp-content\/uploads\/2026\/03\/Madrid-en-alerta-por-viento-el-29-de-marzo-2026.jpg","@id":"https:\/\/candas365.es\/noticias\/madrid-en-alerta-por-viento-el-29-de-marzo-2026\/#mainImage","width":1234,"height":829,"caption":"Foto: 123rf.com"},"primaryImageOfPage":{"@id":"https:\/\/candas365.es\/noticias\/madrid-en-alerta-por-viento-el-29-de-marzo-2026\/#mainImage"},"datePublished":"2026-03-28T21:55:30+01:00","dateModified":"2026-03-28T21:55:30+01:00"},{"@type":"WebSite","@id":"https:\/\/candas365.es\/noticias\/#website","url":"https:\/\/candas365.es\/noticias\/","name":"Cand\u00e1s 365","alternateName":"Cand\u00e1s 365 Noticias","description":"Actualidad desde Carre\u00f1o para el mundo","inLanguage":"es-ES","publisher":{"@id":"https:\/\/candas365.es\/noticias\/#organization"}}]},"og:locale":"es_ES","og:site_name":"Cand\u00e1s 365","og:type":"article","og:title":"Madrid en alerta por viento el 29 de marzo 2026 | Cand\u00e1s 365","og:description":"Madrid 112 ha recomendado extremar la precauci\u00f3n ante las rachas de viento de m\u00e1s de 80 km\/h previstas para el domingo 29 de marzo en zonas de la sierra","og:url":"https:\/\/candas365.es\/noticias\/madrid-en-alerta-por-viento-el-29-de-marzo-2026\/","og:image":"https:\/\/candas365.es\/noticias\/wp-content\/uploads\/2026\/03\/Madrid-en-alerta-por-viento-el-29-de-marzo-2026.jpg","og:image:secure_url":"https:\/\/candas365.es\/noticias\/wp-content\/uploads\/2026\/03\/Madrid-en-alerta-por-viento-el-29-de-marzo-2026.jpg","og:image:width":1234,"og:image:height":829,"article:published_time":"2026-03-28T20:55:30+00:00","article:modified_time":"2026-03-28T20:55:30+00:00","article:publisher":"https:\/\/www.facebook.com\/Nachofdezber","article:author":"https:\/\/www.facebook.com\/carrenoactualidad","twitter:card":"summary_large_image","twitter:site":"@NabercoDigital","twitter:title":"Madrid en alerta por viento el 29 de marzo 2026 | Cand\u00e1s 365","twitter:description":"Madrid 112 ha recomendado extremar la precauci\u00f3n ante las rachas de viento de m\u00e1s de 80 km\/h previstas para el domingo 29 de marzo en zonas de la sierra","twitter:creator":"@nbasturias","twitter:image":"https:\/\/candas365.es\/noticias\/wp-content\/uploads\/2026\/03\/Madrid-en-alerta-por-viento-el-29-de-marzo-2026.jpg","twitter:label1":"Escrito por","twitter:data1":"Cand\u00e1s 365","twitter:label2":"Tiempo de lectura estimado","twitter:data2":"1 minuto"},"aioseo_meta_data":{"post_id":"193463","title":null,"description":"Madrid 112 ha recomendado extremar la precauci\u00f3n ante las rachas de viento de m\u00e1s de 80 km\/h previstas para el domingo 29 de marzo en zonas de la sierra","keywords":null,"keyphrases":{"focus":{"keyphrase":"Madrid","score":85,"analysis":{"keyphraseInTitle":{"score":9,"maxScore":9,"error":0},"keyphraseInDescription":{"score":9,"maxScore":9,"error":0},"keyphraseLength":{"score":9,"maxScore":9,"error":0,"length":1},"keyphraseInURL":{"score":5,"maxScore":5,"error":0},"keyphraseInIntroduction":{"score":9,"maxScore":9,"error":0},"keyphraseInSubHeadings":[],"keyphraseInImageAlt":{"score":9,"maxScore":9,"error":0},"keywordDensity":{"type":"high","score":0,"maxScore":9,"error":1}}},"additional":[{"keyphrase":"viento","score":100,"analysis":{"keyphraseInDescription":{"score":9,"maxScore":9,"error":0},"keyphraseLength":{"score":9,"maxScore":9,"error":0,"length":1},"keyphraseInIntroduction":{"score":9,"maxScore":9,"error":0},"keyphraseInImageAlt":{"score":9,"maxScore":9,"error":0},"keywordDensity":{"type":"best","score":9,"maxScore":9,"error":0}}}]},"primary_term":null,"canonical_url":null,"og_title":null,"og_description":null,"og_object_type":"default","og_image_type":"default","og_image_url":null,"og_image_width":null,"og_image_height":null,"og_image_custom_url":null,"og_image_custom_fields":null,"og_video":"","og_custom_url":null,"og_article_section":null,"og_article_tags":null,"twitter_use_og":false,"twitter_card":"default","twitter_image_type":"default","twitter_image_url":null,"twitter_image_custom_url":null,"twitter_image_custom_fields":null,"twitter_title":null,"twitter_description":null,"schema":{"blockGraphs":[],"customGraphs":[],"default":{"data":{"Article":[],"Course":[],"Dataset":[],"FAQPage":[],"Movie":[],"Person":[],"Product":[],"ProductReview":[],"Car":[],"Recipe":[],"Service":[],"SoftwareApplication":[],"WebPage":[]},"graphName":"NewsArticle","isEnabled":true},"graphs":[]},"schema_type":"default","schema_type_options":null,"pillar_content":false,"robots_default":true,"robots_noindex":false,"robots_noarchive":false,"robots_nosnippet":false,"robots_nofollow":false,"robots_noimageindex":false,"robots_noodp":false,"robots_notranslate":false,"robots_max_snippet":"-1","robots_max_videopreview":"-1","robots_max_imagepreview":"large","priority":null,"frequency":"default","location":null,"local_seo":null,"seo_analyzer_scan_date":"2026-03-28 21:27:02","breadcrumb_settings":null,"limit_modified_date":false,"reviewed_by":null,"open_ai":null,"ai":{"faqs":[],"keyPoints":[],"titles":[],"descriptions":[],"socialPosts":{"email":[],"linkedin":[],"twitter":[],"facebook":[],"instagram":[]}},"created":"2026-03-28 20:46:22","updated":"2026-03-28 21:27:09"},"aioseo_breadcrumb":"<div class=\"aioseo-breadcrumbs\"><span class=\"aioseo-breadcrumb\">\n\t<a href=\"https:\/\/candas365.es\/noticias\" title=\"Home\">Home<\/a>\n<\/span><span class=\"aioseo-breadcrumb-separator\">&ndash;<\/span><span class=\"aioseo-breadcrumb\">\n\t<a href=\"https:\/\/candas365.es\/noticias\/category\/el-tiempo\/\" title=\"El tiempo\">El tiempo<\/a>\n<\/span><span class=\"aioseo-breadcrumb-separator\">&ndash;<\/span><span class=\"aioseo-breadcrumb\">\n\tMadrid en alerta por viento el 29 de marzo 2026\n<\/span><\/div>","aioseo_breadcrumb_json":[{"label":"Home","link":"https:\/\/candas365.es\/noticias"},{"label":"El tiempo","link":"https:\/\/candas365.es\/noticias\/category\/el-tiempo\/"},{"label":"Madrid en alerta por viento el 29 de marzo 2026","link":"https:\/\/candas365.es\/noticias\/madrid-en-alerta-por-viento-el-29-de-marzo-2026\/"}],"_links":{"self":[{"href":"https:\/\/candas365.es\/noticias\/wp-json\/wp\/v2\/posts\/193463","targetHints":{"allow":["GET"]}}],"collection":[{"href":"https:\/\/candas365.es\/noticias\/wp-json\/wp\/v2\/posts"}],"about":[{"href":"https:\/\/candas365.es\/noticias\/wp-json\/wp\/v2\/types\/post"}],"author":[{"embeddable":true,"href":"https:\/\/candas365.es\/noticias\/wp-json\/wp\/v2\/users\/1"}],"replies":[{"embeddable":true,"href":"https:\/\/candas365.es\/noticias\/wp-json\/wp\/v2\/comments?post=193463"}],"version-history":[{"count":0,"href":"https:\/\/candas365.es\/noticias\/wp-json\/wp\/v2\/posts\/193463\/revisions"}],"wp:featuredmedia":[{"embeddable":true,"href":"https:\/\/candas365.es\/noticias\/wp-json\/wp\/v2\/media\/193464"}],"wp:attachment":[{"href":"https:\/\/candas365.es\/noticias\/wp-json\/wp\/v2\/media?parent=193463"}],"wp:term":[{"taxonomy":"category","embeddable":true,"href":"https:\/\/candas365.es\/noticias\/wp-json\/wp\/v2\/categories?post=193463"},{"taxonomy":"post_tag","embeddable":true,"href":"https:\/\/candas365.es\/noticias\/wp-json\/wp\/v2\/tags?post=193463"}],"curies":[{"name":"wp","href":"https:\/\/api.w.org\/{rel}","templated":true}]}}