{"id":193309,"date":"2026-03-24T20:32:29","date_gmt":"2026-03-24T19:32:29","guid":{"rendered":"https:\/\/candas365.es\/noticias\/?p=193309"},"modified":"2026-03-24T20:32:29","modified_gmt":"2026-03-24T19:32:29","slug":"asturias-destina-429-millones-a-emergencias-y-clima","status":"publish","type":"post","link":"https:\/\/candas365.es\/noticias\/asturias-destina-429-millones-a-emergencias-y-clima\/","title":{"rendered":"Asturias destina 429 millones a emergencias y clima"},"content":{"rendered":"<p data-start=\"185\" data-end=\"365\">El Principado de Asturias eleva la inversi\u00f3n en emergencias, protecci\u00f3n civil y agua hasta los 429 millones,<strong> con refuerzos en el Sepa y nuevas medidas frente a riesgos clim\u00e1ticos.<\/strong><\/p>\n<figure id=\"attachment_193310\" aria-describedby=\"caption-attachment-193310\" style=\"width: 650px\" class=\"wp-caption aligncenter\"><img fetchpriority=\"high\" decoding=\"async\" class=\"size-large wp-image-193310\" src=\"https:\/\/candas365.es\/noticias\/wp-content\/uploads\/2026\/03\/Asturias-destina-429-millones-a-emergencias-y-clima-650x408.jpg\" alt=\"Asturias destina 429 millones a emergencias y clima\" width=\"650\" height=\"408\" srcset=\"https:\/\/candas365.es\/noticias\/wp-content\/uploads\/2026\/03\/Asturias-destina-429-millones-a-emergencias-y-clima-650x408.jpg 650w, https:\/\/candas365.es\/noticias\/wp-content\/uploads\/2026\/03\/Asturias-destina-429-millones-a-emergencias-y-clima-360x226.jpg 360w, https:\/\/candas365.es\/noticias\/wp-content\/uploads\/2026\/03\/Asturias-destina-429-millones-a-emergencias-y-clima-768x483.jpg 768w, https:\/\/candas365.es\/noticias\/wp-content\/uploads\/2026\/03\/Asturias-destina-429-millones-a-emergencias-y-clima-150x94.jpg 150w, https:\/\/candas365.es\/noticias\/wp-content\/uploads\/2026\/03\/Asturias-destina-429-millones-a-emergencias-y-clima-450x283.jpg 450w, https:\/\/candas365.es\/noticias\/wp-content\/uploads\/2026\/03\/Asturias-destina-429-millones-a-emergencias-y-clima-1200x754.jpg 1200w, https:\/\/candas365.es\/noticias\/wp-content\/uploads\/2026\/03\/Asturias-destina-429-millones-a-emergencias-y-clima.jpg 1265w\" sizes=\"(max-width: 650px) 100vw, 650px\" \/><figcaption id=\"caption-attachment-193310\" class=\"wp-caption-text\">Foto: Prensa Principado de Asturias<\/figcaption><\/figure>\n<p data-start=\"395\" data-end=\"646\">El <a href=\"https:\/\/actualidad.asturias.es\/\" target=\"_blank\" rel=\"noopener\"><span style=\"color: #ff6600;\"><strong>Gobierno de Asturias<\/strong><\/span><\/a> destina este a\u00f1o 429 millones a movilidad, medio ambiente y gesti\u00f3n de emergencias, con un refuerzo de los recursos en protecci\u00f3n civil, prevenci\u00f3n de riesgos y gesti\u00f3n del agua ante el aumento de fen\u00f3menos clim\u00e1ticos adversos.<\/p>\n<p data-start=\"648\" data-end=\"988\">El consejero de Movilidad, Medio Ambiente y Gesti\u00f3n de Emergencias, Alejandro Calvo, ha defendido en Madrid la necesidad de aumentar la coordinaci\u00f3n y los recursos para responder a estos riesgos durante su participaci\u00f3n en el pleno del Consejo Nacional de Protecci\u00f3n Civil, donde se han aprobado por unanimidad nuevas directrices estatales.<\/p>\n<p data-start=\"990\" data-end=\"1292\">Estas directrices actualizan la planificaci\u00f3n frente a incendios forestales, inundaciones, fen\u00f3menos meteorol\u00f3gicos adversos y accidentes en el transporte de mercanc\u00edas peligrosas. Este marco servir\u00e1 de base para revisar el Plan de Protecci\u00f3n Civil del Principado y los planes especiales en desarrollo.<\/p>\n<h1 data-section-id=\"s6ne1q\" data-start=\"1294\" data-end=\"1328\">Refuerzo de la protecci\u00f3n civil<\/h1>\n<p data-start=\"1330\" data-end=\"1538\">El presupuesto auton\u00f3mico incluye m\u00e1s de 72 millones destinados a cooperaci\u00f3n local, <a href=\"https:\/\/candas365.es\/noticias\/category\/sucesos\/\"><span style=\"color: #ff6600;\"><strong>emergencias y protecci\u00f3n civil<\/strong><\/span><\/a>, lo que supone un incremento del 14% en el programa de protecci\u00f3n civil y seguridad p\u00fablica.<\/p>\n<p data-start=\"1540\" data-end=\"1726\">En este \u00e1mbito, el Servicio de Emergencias del Principado (Sepa), con m\u00e1s de 600 efectivos, superar\u00e1 los 53 millones de presupuesto, lo que consolida la capacidad de respuesta operativa.<\/p>\n<p data-start=\"1728\" data-end=\"1979\">Calvo ha valorado las nuevas directrices estatales y ha se\u00f1alado que suponen \u201cun paso necesario para mejorar la coordinaci\u00f3n entre administraciones, a la vez que permiten avanzar hacia un sistema m\u00e1s homog\u00e9neo, moderno y eficaz en todo el territorio\u201d.<\/p>\n<p data-start=\"1981\" data-end=\"2347\">\u201cEl principal reto en este momento no es solo planificar mejor, sino garantizar una implantaci\u00f3n efectiva en todo el territorio, especialmente en el \u00e1mbito local, donde es fundamental reforzar capacidades y recursos\u201d, ha explicado. Tambi\u00e9n ha incidido en que este desarrollo normativo debe ir acompa\u00f1ado de financiaci\u00f3n suficiente y apoyo a comunidades y municipios.<\/p>\n<h2 data-section-id=\"bozmmb\" data-start=\"2349\" data-end=\"2384\">Inversiones en prevenci\u00f3n y agua<\/h2>\n<p data-start=\"2386\" data-end=\"2673\">A las partidas en emergencias se suman 78 millones destinados a la prevenci\u00f3n de incendios forestales y a actuaciones de custodia del territorio. Entre ellas figura una nueva l\u00ednea de ayudas para proteger la interfaz urbano-forestal, considerada una de las zonas de mayor vulnerabilidad.<\/p>\n<p data-start=\"2675\" data-end=\"2952\">En paralelo, el presupuesto auton\u00f3mico reserva 109 millones para el ciclo integral del agua, que incluye abastecimiento, saneamiento, depuraci\u00f3n y digitalizaci\u00f3n. Estas inversiones est\u00e1n orientadas a mejorar la respuesta ante inundaciones, sequ\u00edas y episodios de contaminaci\u00f3n.<\/p>\n<h2 data-section-id=\"9foo4s\" data-start=\"2954\" data-end=\"2987\">Digitalizaci\u00f3n de los sistemas<\/h2>\n<p data-start=\"2989\" data-end=\"3174\">La modernizaci\u00f3n de los sistemas p\u00fablicos forma parte de la estrategia del Principado. En el \u00e1mbito de las emergencias, se prev\u00e9 reforzar las redes de comunicaci\u00f3n y la gesti\u00f3n del 112.<\/p>\n<p data-start=\"3176\" data-end=\"3392\">Tambi\u00e9n se incorporar\u00e1n herramientas de monitorizaci\u00f3n y anticipaci\u00f3n del riesgo en la planificaci\u00f3n ambiental y en la gesti\u00f3n del agua, con el objetivo de mejorar la capacidad de respuesta ante situaciones cr\u00edticas.<\/p>\n<p data-start=\"3394\" data-end=\"3592\" data-is-last-node=\"\" data-is-only-node=\"\">El Gobierno de Asturias mantiene as\u00ed su planificaci\u00f3n centrada en reforzar la seguridad de las personas y del territorio, con la coordinaci\u00f3n institucional como base del sistema de protecci\u00f3n civil.<\/p>\n","protected":false},"excerpt":{"rendered":"<p>El Principado de Asturias eleva la inversi\u00f3n en emergencias, protecci\u00f3n civil y agua hasta los 429 millones, con refuerzos en el Sepa y nuevas medidas frente a riesgos clim\u00e1ticos. El Gobierno de Asturias destina este a\u00f1o 429 millones a movilidad, medio ambiente y gesti\u00f3n de emergencias, con un refuerzo de los recursos en protecci\u00f3n civil,<\/p>\n","protected":false},"author":1,"featured_media":193310,"comment_status":"closed","ping_status":"closed","sticky":false,"template":"","format":"standard","meta":{"footnotes":""},"categories":[7],"tags":[380],"class_list":{"0":"post-193309","1":"post","2":"type-post","3":"status-publish","4":"format-standard","5":"has-post-thumbnail","7":"category-asturias","8":"tag-asturias"},"aioseo_notices":[],"aioseo_head":"\n\t\t<!-- All in One SEO Pro 4.9.6.2 - aioseo.com -->\n\t<meta name=\"description\" content=\"El Principado de Asturias eleva la inversi\u00f3n en emergencias, protecci\u00f3n civil y agua hasta los 429 millones, con refuerzos en el Sepa y nuevas medidas\" \/>\n\t<meta name=\"robots\" content=\"max-image-preview:large\" \/>\n\t<meta name=\"author\" content=\"Cand\u00e1s 365\"\/>\n\t<meta name=\"google-site-verification\" content=\"UA-32230408-1\" \/>\n\t<meta name=\"msvalidate.01\" content=\"354F3CDFB2DA171B47FBE9ABF1F88D5\" \/>\n\t<meta name=\"keywords\" content=\"asturias\" \/>\n\t<link rel=\"canonical\" href=\"https:\/\/candas365.es\/noticias\/asturias-destina-429-millones-a-emergencias-y-clima\/\" \/>\n\t<meta name=\"generator\" content=\"All in One SEO Pro (AIOSEO) 4.9.6.2\" \/>\n\t\t<meta property=\"og:locale\" content=\"es_ES\" \/>\n\t\t<meta property=\"og:site_name\" content=\"Cand\u00e1s 365\" \/>\n\t\t<meta property=\"og:type\" content=\"article\" \/>\n\t\t<meta property=\"og:title\" content=\"Asturias destina 429 millones a emergencias y clima | Cand\u00e1s 365\" \/>\n\t\t<meta property=\"og:description\" content=\"El Principado de Asturias eleva la inversi\u00f3n en emergencias, protecci\u00f3n civil y agua hasta los 429 millones, con refuerzos en el Sepa y nuevas medidas\" \/>\n\t\t<meta property=\"og:url\" content=\"https:\/\/candas365.es\/noticias\/asturias-destina-429-millones-a-emergencias-y-clima\/\" \/>\n\t\t<meta property=\"og:image\" content=\"https:\/\/candas365.es\/noticias\/wp-content\/uploads\/2026\/03\/Asturias-destina-429-millones-a-emergencias-y-clima.jpg\" \/>\n\t\t<meta property=\"og:image:secure_url\" content=\"https:\/\/candas365.es\/noticias\/wp-content\/uploads\/2026\/03\/Asturias-destina-429-millones-a-emergencias-y-clima.jpg\" \/>\n\t\t<meta property=\"og:image:width\" content=\"1265\" \/>\n\t\t<meta property=\"og:image:height\" content=\"795\" \/>\n\t\t<meta property=\"article:published_time\" content=\"2026-03-24T19:32:29+00:00\" \/>\n\t\t<meta property=\"article:modified_time\" content=\"2026-03-24T19:32:29+00:00\" \/>\n\t\t<meta property=\"article:publisher\" content=\"https:\/\/www.facebook.com\/Nachofdezber\" \/>\n\t\t<meta property=\"article:author\" content=\"https:\/\/www.facebook.com\/carrenoactualidad\" \/>\n\t\t<meta name=\"twitter:card\" content=\"summary_large_image\" \/>\n\t\t<meta name=\"twitter:site\" content=\"@NabercoDigital\" \/>\n\t\t<meta name=\"twitter:title\" content=\"Asturias destina 429 millones a emergencias y clima | Cand\u00e1s 365\" \/>\n\t\t<meta name=\"twitter:description\" content=\"El Principado de Asturias eleva la inversi\u00f3n en emergencias, protecci\u00f3n civil y agua hasta los 429 millones, con refuerzos en el Sepa y nuevas medidas\" \/>\n\t\t<meta name=\"twitter:creator\" content=\"@nbasturias\" \/>\n\t\t<meta name=\"twitter:image\" content=\"https:\/\/candas365.es\/noticias\/wp-content\/uploads\/2026\/03\/Asturias-destina-429-millones-a-emergencias-y-clima.jpg\" \/>\n\t\t<meta name=\"twitter:label1\" content=\"Escrito por\" \/>\n\t\t<meta name=\"twitter:data1\" content=\"Cand\u00e1s 365\" \/>\n\t\t<meta name=\"twitter:label2\" content=\"Tiempo de lectura estimado\" \/>\n\t\t<meta name=\"twitter:data2\" content=\"3 minutos\" \/>\n\t\t<script type=\"application\/ld+json\" class=\"aioseo-schema\">\n\t\t\t{\"@context\":\"https:\\\/\\\/schema.org\",\"@graph\":[{\"@type\":\"BreadcrumbList\",\"@id\":\"https:\\\/\\\/candas365.es\\\/noticias\\\/asturias-destina-429-millones-a-emergencias-y-clima\\\/#breadcrumblist\",\"itemListElement\":[{\"@type\":\"ListItem\",\"@id\":\"https:\\\/\\\/candas365.es\\\/noticias#listItem\",\"position\":1,\"name\":\"Home\",\"item\":\"https:\\\/\\\/candas365.es\\\/noticias\",\"nextItem\":{\"@type\":\"ListItem\",\"@id\":\"https:\\\/\\\/candas365.es\\\/noticias\\\/category\\\/asturias\\\/#listItem\",\"name\":\"Asturias\"}},{\"@type\":\"ListItem\",\"@id\":\"https:\\\/\\\/candas365.es\\\/noticias\\\/category\\\/asturias\\\/#listItem\",\"position\":2,\"name\":\"Asturias\",\"item\":\"https:\\\/\\\/candas365.es\\\/noticias\\\/category\\\/asturias\\\/\",\"nextItem\":{\"@type\":\"ListItem\",\"@id\":\"https:\\\/\\\/candas365.es\\\/noticias\\\/asturias-destina-429-millones-a-emergencias-y-clima\\\/#listItem\",\"name\":\"Asturias destina 429 millones a emergencias y clima\"},\"previousItem\":{\"@type\":\"ListItem\",\"@id\":\"https:\\\/\\\/candas365.es\\\/noticias#listItem\",\"name\":\"Home\"}},{\"@type\":\"ListItem\",\"@id\":\"https:\\\/\\\/candas365.es\\\/noticias\\\/asturias-destina-429-millones-a-emergencias-y-clima\\\/#listItem\",\"position\":3,\"name\":\"Asturias destina 429 millones a emergencias y clima\",\"previousItem\":{\"@type\":\"ListItem\",\"@id\":\"https:\\\/\\\/candas365.es\\\/noticias\\\/category\\\/asturias\\\/#listItem\",\"name\":\"Asturias\"}}]},{\"@type\":\"NewsArticle\",\"@id\":\"https:\\\/\\\/candas365.es\\\/noticias\\\/asturias-destina-429-millones-a-emergencias-y-clima\\\/#newsarticle\",\"name\":\"Asturias destina 429 millones a emergencias y clima | Cand\\u00e1s 365\",\"headline\":\"Asturias destina 429 millones a emergencias y clima\",\"author\":{\"@id\":\"https:\\\/\\\/candas365.es\\\/noticias\\\/author\\\/admin\\\/#author\"},\"publisher\":{\"@id\":\"https:\\\/\\\/candas365.es\\\/noticias\\\/#organization\"},\"image\":{\"@type\":\"ImageObject\",\"url\":\"https:\\\/\\\/candas365.es\\\/noticias\\\/wp-content\\\/uploads\\\/2026\\\/03\\\/Asturias-destina-429-millones-a-emergencias-y-clima.jpg\",\"width\":1265,\"height\":795,\"caption\":\"Foto: Prensa Principado de Asturias\"},\"datePublished\":\"2026-03-24T20:32:29+01:00\",\"dateModified\":\"2026-03-24T20:32:29+01:00\",\"inLanguage\":\"es-ES\",\"mainEntityOfPage\":{\"@id\":\"https:\\\/\\\/candas365.es\\\/noticias\\\/asturias-destina-429-millones-a-emergencias-y-clima\\\/#webpage\"},\"isPartOf\":{\"@id\":\"https:\\\/\\\/candas365.es\\\/noticias\\\/asturias-destina-429-millones-a-emergencias-y-clima\\\/#webpage\"},\"articleSection\":\"Asturias, Asturias\",\"dateline\":\"Publicado el marzo 24, 2026.\"},{\"@type\":\"Organization\",\"@id\":\"https:\\\/\\\/candas365.es\\\/noticias\\\/#organization\",\"name\":\"Cand\\u00e1s 365\",\"description\":\"Cand\\u00e1s 365 es un diario digital independiente, fundado en 2012, con base en Asturias. Informamos con rigor sobre actualidad, sociedad, cultura y ocio, con una mirada local y global.\",\"url\":\"https:\\\/\\\/candas365.es\\\/noticias\\\/\",\"email\":\"info@candas365.es\",\"telephone\":\"+34652131393\",\"foundingDate\":\"2012-06-10\",\"logo\":{\"@type\":\"ImageObject\",\"url\":\"https:\\\/\\\/candas365.es\\\/noticias\\\/wp-content\\\/uploads\\\/2024\\\/09\\\/Candas-365-Redes.jpg\",\"@id\":\"https:\\\/\\\/candas365.es\\\/noticias\\\/asturias-destina-429-millones-a-emergencias-y-clima\\\/#organizationLogo\",\"width\":1152,\"height\":864,\"caption\":\"Cand\\u00e1s 365 Redes\"},\"image\":{\"@id\":\"https:\\\/\\\/candas365.es\\\/noticias\\\/asturias-destina-429-millones-a-emergencias-y-clima\\\/#organizationLogo\"},\"sameAs\":[\"https:\\\/\\\/www.facebook.com\\\/Nachofdezber\",\"https:\\\/\\\/x.com\\\/NabercoDigital\",\"https:\\\/\\\/www.instagram.com\\\/nachofdezber\\\/\",\"https:\\\/\\\/www.youtube.com\\\/channel\\\/UCZP-2wLEB9Rv6erhFmqVnvg\"],\"address\":{\"@id\":\"https:\\\/\\\/candas365.es\\\/noticias\\\/#postaladdress\",\"@type\":\"PostalAddress\",\"streetAddress\":\"san antonio 4, san antonio 4\",\"postalCode\":\"33430\",\"addressLocality\":\"Cand\\u00e1s\",\"addressRegion\":\"Asturias\",\"addressCountry\":\"ES\"}},{\"@type\":\"Person\",\"@id\":\"https:\\\/\\\/candas365.es\\\/noticias\\\/author\\\/admin\\\/#author\",\"url\":\"https:\\\/\\\/candas365.es\\\/noticias\\\/author\\\/admin\\\/\",\"name\":\"Cand\\u00e1s 365\",\"image\":{\"@type\":\"ImageObject\",\"@id\":\"https:\\\/\\\/candas365.es\\\/noticias\\\/asturias-destina-429-millones-a-emergencias-y-clima\\\/#authorImage\",\"url\":\"https:\\\/\\\/secure.gravatar.com\\\/avatar\\\/496a8e03d0c493ede1718b7934145dbdf8d89be1036b0eec9544e1094c9de390?s=96&d=mm&r=g\",\"width\":96,\"height\":96,\"caption\":\"Cand\\u00e1s 365\"},\"sameAs\":[\"https:\\\/\\\/www.facebook.com\\\/carrenoactualidad\",\"https:\\\/\\\/twitter.com\\\/nbasturias\",\"https:\\\/\\\/www.instagram.com\\\/nachofdezber\\\/\",\"https:\\\/\\\/www.youtube.com\\\/channel\\\/UCZP-2wLEB9Rv6erhFmqVnvg\"]},{\"@type\":\"WebPage\",\"@id\":\"https:\\\/\\\/candas365.es\\\/noticias\\\/asturias-destina-429-millones-a-emergencias-y-clima\\\/#webpage\",\"url\":\"https:\\\/\\\/candas365.es\\\/noticias\\\/asturias-destina-429-millones-a-emergencias-y-clima\\\/\",\"name\":\"Asturias destina 429 millones a emergencias y clima | Cand\\u00e1s 365\",\"description\":\"El Principado de Asturias eleva la inversi\\u00f3n en emergencias, protecci\\u00f3n civil y agua hasta los 429 millones, con refuerzos en el Sepa y nuevas medidas\",\"inLanguage\":\"es-ES\",\"isPartOf\":{\"@id\":\"https:\\\/\\\/candas365.es\\\/noticias\\\/#website\"},\"breadcrumb\":{\"@id\":\"https:\\\/\\\/candas365.es\\\/noticias\\\/asturias-destina-429-millones-a-emergencias-y-clima\\\/#breadcrumblist\"},\"author\":{\"@id\":\"https:\\\/\\\/candas365.es\\\/noticias\\\/author\\\/admin\\\/#author\"},\"creator\":{\"@id\":\"https:\\\/\\\/candas365.es\\\/noticias\\\/author\\\/admin\\\/#author\"},\"image\":{\"@type\":\"ImageObject\",\"url\":\"https:\\\/\\\/candas365.es\\\/noticias\\\/wp-content\\\/uploads\\\/2026\\\/03\\\/Asturias-destina-429-millones-a-emergencias-y-clima.jpg\",\"@id\":\"https:\\\/\\\/candas365.es\\\/noticias\\\/asturias-destina-429-millones-a-emergencias-y-clima\\\/#mainImage\",\"width\":1265,\"height\":795,\"caption\":\"Foto: Prensa Principado de Asturias\"},\"primaryImageOfPage\":{\"@id\":\"https:\\\/\\\/candas365.es\\\/noticias\\\/asturias-destina-429-millones-a-emergencias-y-clima\\\/#mainImage\"},\"datePublished\":\"2026-03-24T20:32:29+01:00\",\"dateModified\":\"2026-03-24T20:32:29+01:00\"},{\"@type\":\"WebSite\",\"@id\":\"https:\\\/\\\/candas365.es\\\/noticias\\\/#website\",\"url\":\"https:\\\/\\\/candas365.es\\\/noticias\\\/\",\"name\":\"Cand\\u00e1s 365\",\"alternateName\":\"Cand\\u00e1s 365 Noticias\",\"description\":\"Actualidad desde Carre\\u00f1o para el mundo\",\"inLanguage\":\"es-ES\",\"publisher\":{\"@id\":\"https:\\\/\\\/candas365.es\\\/noticias\\\/#organization\"}}]}\n\t\t<\/script>\n\t\t<!-- All in One SEO Pro -->\r\n\t\t<title>Asturias destina 429 millones a emergencias y clima | Cand\u00e1s 365<\/title>\n\n","aioseo_head_json":{"title":"Asturias destina 429 millones a emergencias y clima | Cand\u00e1s 365","description":"El Principado de Asturias eleva la inversi\u00f3n en emergencias, protecci\u00f3n civil y agua hasta los 429 millones, con refuerzos en el Sepa y nuevas medidas","canonical_url":"https:\/\/candas365.es\/noticias\/asturias-destina-429-millones-a-emergencias-y-clima\/","robots":"max-image-preview:large","keywords":"asturias","webmasterTools":{"google-site-verification":"UA-32230408-1","msvalidate.01":"354F3CDFB2DA171B47FBE9ABF1F88D5","miscellaneous":""},"schema":{"@context":"https:\/\/schema.org","@graph":[{"@type":"BreadcrumbList","@id":"https:\/\/candas365.es\/noticias\/asturias-destina-429-millones-a-emergencias-y-clima\/#breadcrumblist","itemListElement":[{"@type":"ListItem","@id":"https:\/\/candas365.es\/noticias#listItem","position":1,"name":"Home","item":"https:\/\/candas365.es\/noticias","nextItem":{"@type":"ListItem","@id":"https:\/\/candas365.es\/noticias\/category\/asturias\/#listItem","name":"Asturias"}},{"@type":"ListItem","@id":"https:\/\/candas365.es\/noticias\/category\/asturias\/#listItem","position":2,"name":"Asturias","item":"https:\/\/candas365.es\/noticias\/category\/asturias\/","nextItem":{"@type":"ListItem","@id":"https:\/\/candas365.es\/noticias\/asturias-destina-429-millones-a-emergencias-y-clima\/#listItem","name":"Asturias destina 429 millones a emergencias y clima"},"previousItem":{"@type":"ListItem","@id":"https:\/\/candas365.es\/noticias#listItem","name":"Home"}},{"@type":"ListItem","@id":"https:\/\/candas365.es\/noticias\/asturias-destina-429-millones-a-emergencias-y-clima\/#listItem","position":3,"name":"Asturias destina 429 millones a emergencias y clima","previousItem":{"@type":"ListItem","@id":"https:\/\/candas365.es\/noticias\/category\/asturias\/#listItem","name":"Asturias"}}]},{"@type":"NewsArticle","@id":"https:\/\/candas365.es\/noticias\/asturias-destina-429-millones-a-emergencias-y-clima\/#newsarticle","name":"Asturias destina 429 millones a emergencias y clima | Cand\u00e1s 365","headline":"Asturias destina 429 millones a emergencias y clima","author":{"@id":"https:\/\/candas365.es\/noticias\/author\/admin\/#author"},"publisher":{"@id":"https:\/\/candas365.es\/noticias\/#organization"},"image":{"@type":"ImageObject","url":"https:\/\/candas365.es\/noticias\/wp-content\/uploads\/2026\/03\/Asturias-destina-429-millones-a-emergencias-y-clima.jpg","width":1265,"height":795,"caption":"Foto: Prensa Principado de Asturias"},"datePublished":"2026-03-24T20:32:29+01:00","dateModified":"2026-03-24T20:32:29+01:00","inLanguage":"es-ES","mainEntityOfPage":{"@id":"https:\/\/candas365.es\/noticias\/asturias-destina-429-millones-a-emergencias-y-clima\/#webpage"},"isPartOf":{"@id":"https:\/\/candas365.es\/noticias\/asturias-destina-429-millones-a-emergencias-y-clima\/#webpage"},"articleSection":"Asturias, Asturias","dateline":"Publicado el marzo 24, 2026."},{"@type":"Organization","@id":"https:\/\/candas365.es\/noticias\/#organization","name":"Cand\u00e1s 365","description":"Cand\u00e1s 365 es un diario digital independiente, fundado en 2012, con base en Asturias. Informamos con rigor sobre actualidad, sociedad, cultura y ocio, con una mirada local y global.","url":"https:\/\/candas365.es\/noticias\/","email":"info@candas365.es","telephone":"+34652131393","foundingDate":"2012-06-10","logo":{"@type":"ImageObject","url":"https:\/\/candas365.es\/noticias\/wp-content\/uploads\/2024\/09\/Candas-365-Redes.jpg","@id":"https:\/\/candas365.es\/noticias\/asturias-destina-429-millones-a-emergencias-y-clima\/#organizationLogo","width":1152,"height":864,"caption":"Cand\u00e1s 365 Redes"},"image":{"@id":"https:\/\/candas365.es\/noticias\/asturias-destina-429-millones-a-emergencias-y-clima\/#organizationLogo"},"sameAs":["https:\/\/www.facebook.com\/Nachofdezber","https:\/\/x.com\/NabercoDigital","https:\/\/www.instagram.com\/nachofdezber\/","https:\/\/www.youtube.com\/channel\/UCZP-2wLEB9Rv6erhFmqVnvg"],"address":{"@id":"https:\/\/candas365.es\/noticias\/#postaladdress","@type":"PostalAddress","streetAddress":"san antonio 4, san antonio 4","postalCode":"33430","addressLocality":"Cand\u00e1s","addressRegion":"Asturias","addressCountry":"ES"}},{"@type":"Person","@id":"https:\/\/candas365.es\/noticias\/author\/admin\/#author","url":"https:\/\/candas365.es\/noticias\/author\/admin\/","name":"Cand\u00e1s 365","image":{"@type":"ImageObject","@id":"https:\/\/candas365.es\/noticias\/asturias-destina-429-millones-a-emergencias-y-clima\/#authorImage","url":"https:\/\/secure.gravatar.com\/avatar\/496a8e03d0c493ede1718b7934145dbdf8d89be1036b0eec9544e1094c9de390?s=96&d=mm&r=g","width":96,"height":96,"caption":"Cand\u00e1s 365"},"sameAs":["https:\/\/www.facebook.com\/carrenoactualidad","https:\/\/twitter.com\/nbasturias","https:\/\/www.instagram.com\/nachofdezber\/","https:\/\/www.youtube.com\/channel\/UCZP-2wLEB9Rv6erhFmqVnvg"]},{"@type":"WebPage","@id":"https:\/\/candas365.es\/noticias\/asturias-destina-429-millones-a-emergencias-y-clima\/#webpage","url":"https:\/\/candas365.es\/noticias\/asturias-destina-429-millones-a-emergencias-y-clima\/","name":"Asturias destina 429 millones a emergencias y clima | Cand\u00e1s 365","description":"El Principado de Asturias eleva la inversi\u00f3n en emergencias, protecci\u00f3n civil y agua hasta los 429 millones, con refuerzos en el Sepa y nuevas medidas","inLanguage":"es-ES","isPartOf":{"@id":"https:\/\/candas365.es\/noticias\/#website"},"breadcrumb":{"@id":"https:\/\/candas365.es\/noticias\/asturias-destina-429-millones-a-emergencias-y-clima\/#breadcrumblist"},"author":{"@id":"https:\/\/candas365.es\/noticias\/author\/admin\/#author"},"creator":{"@id":"https:\/\/candas365.es\/noticias\/author\/admin\/#author"},"image":{"@type":"ImageObject","url":"https:\/\/candas365.es\/noticias\/wp-content\/uploads\/2026\/03\/Asturias-destina-429-millones-a-emergencias-y-clima.jpg","@id":"https:\/\/candas365.es\/noticias\/asturias-destina-429-millones-a-emergencias-y-clima\/#mainImage","width":1265,"height":795,"caption":"Foto: Prensa Principado de Asturias"},"primaryImageOfPage":{"@id":"https:\/\/candas365.es\/noticias\/asturias-destina-429-millones-a-emergencias-y-clima\/#mainImage"},"datePublished":"2026-03-24T20:32:29+01:00","dateModified":"2026-03-24T20:32:29+01:00"},{"@type":"WebSite","@id":"https:\/\/candas365.es\/noticias\/#website","url":"https:\/\/candas365.es\/noticias\/","name":"Cand\u00e1s 365","alternateName":"Cand\u00e1s 365 Noticias","description":"Actualidad desde Carre\u00f1o para el mundo","inLanguage":"es-ES","publisher":{"@id":"https:\/\/candas365.es\/noticias\/#organization"}}]},"og:locale":"es_ES","og:site_name":"Cand\u00e1s 365","og:type":"article","og:title":"Asturias destina 429 millones a emergencias y clima | Cand\u00e1s 365","og:description":"El Principado de Asturias eleva la inversi\u00f3n en emergencias, protecci\u00f3n civil y agua hasta los 429 millones, con refuerzos en el Sepa y nuevas medidas","og:url":"https:\/\/candas365.es\/noticias\/asturias-destina-429-millones-a-emergencias-y-clima\/","og:image":"https:\/\/candas365.es\/noticias\/wp-content\/uploads\/2026\/03\/Asturias-destina-429-millones-a-emergencias-y-clima.jpg","og:image:secure_url":"https:\/\/candas365.es\/noticias\/wp-content\/uploads\/2026\/03\/Asturias-destina-429-millones-a-emergencias-y-clima.jpg","og:image:width":1265,"og:image:height":795,"article:published_time":"2026-03-24T19:32:29+00:00","article:modified_time":"2026-03-24T19:32:29+00:00","article:publisher":"https:\/\/www.facebook.com\/Nachofdezber","article:author":"https:\/\/www.facebook.com\/carrenoactualidad","twitter:card":"summary_large_image","twitter:site":"@NabercoDigital","twitter:title":"Asturias destina 429 millones a emergencias y clima | Cand\u00e1s 365","twitter:description":"El Principado de Asturias eleva la inversi\u00f3n en emergencias, protecci\u00f3n civil y agua hasta los 429 millones, con refuerzos en el Sepa y nuevas medidas","twitter:creator":"@nbasturias","twitter:image":"https:\/\/candas365.es\/noticias\/wp-content\/uploads\/2026\/03\/Asturias-destina-429-millones-a-emergencias-y-clima.jpg","twitter:label1":"Escrito por","twitter:data1":"Cand\u00e1s 365","twitter:label2":"Tiempo de lectura estimado","twitter:data2":"3 minutos"},"aioseo_meta_data":{"post_id":"193309","title":null,"description":"El Principado de Asturias eleva la inversi\u00f3n en emergencias, protecci\u00f3n civil y agua hasta los 429 millones, con refuerzos en el Sepa y nuevas medidas","keywords":null,"keyphrases":{"focus":{"keyphrase":"Asturias","score":91,"analysis":{"keyphraseInTitle":{"score":9,"maxScore":9,"error":0},"keyphraseInDescription":{"score":9,"maxScore":9,"error":0},"keyphraseLength":{"score":9,"maxScore":9,"error":0,"length":1},"keyphraseInURL":{"score":5,"maxScore":5,"error":0},"keyphraseInIntroduction":{"score":9,"maxScore":9,"error":0},"keyphraseInSubHeadings":{"score":3,"maxScore":9,"error":1},"keyphraseInImageAlt":{"score":9,"maxScore":9,"error":0},"keywordDensity":{"type":"best","score":9,"maxScore":9,"error":0}}},"additional":[{"keyphrase":"emergencias","score":100,"analysis":{"keyphraseInDescription":{"score":9,"maxScore":9,"error":0},"keyphraseLength":{"score":9,"maxScore":9,"error":0,"length":1},"keyphraseInIntroduction":{"score":9,"maxScore":9,"error":0},"keyphraseInImageAlt":{"score":9,"maxScore":9,"error":0},"keywordDensity":{"type":"best","score":9,"maxScore":9,"error":0}}}]},"primary_term":null,"canonical_url":null,"og_title":null,"og_description":null,"og_object_type":"default","og_image_type":"default","og_image_url":null,"og_image_width":null,"og_image_height":null,"og_image_custom_url":null,"og_image_custom_fields":null,"og_video":"","og_custom_url":null,"og_article_section":null,"og_article_tags":null,"twitter_use_og":false,"twitter_card":"default","twitter_image_type":"default","twitter_image_url":null,"twitter_image_custom_url":null,"twitter_image_custom_fields":null,"twitter_title":null,"twitter_description":null,"schema":{"blockGraphs":[],"customGraphs":[],"default":{"data":{"Article":[],"Course":[],"Dataset":[],"FAQPage":[],"Movie":[],"Person":[],"Product":[],"ProductReview":[],"Car":[],"Recipe":[],"Service":[],"SoftwareApplication":[],"WebPage":[]},"graphName":"NewsArticle","isEnabled":true},"graphs":[]},"schema_type":"default","schema_type_options":null,"pillar_content":false,"robots_default":true,"robots_noindex":false,"robots_noarchive":false,"robots_nosnippet":false,"robots_nofollow":false,"robots_noimageindex":false,"robots_noodp":false,"robots_notranslate":false,"robots_max_snippet":"-1","robots_max_videopreview":"-1","robots_max_imagepreview":"large","priority":null,"frequency":"default","location":null,"local_seo":null,"seo_analyzer_scan_date":"2026-03-24 20:19:43","breadcrumb_settings":null,"limit_modified_date":false,"reviewed_by":null,"open_ai":null,"ai":{"faqs":[],"keyPoints":[],"titles":[],"descriptions":[],"socialPosts":{"email":[],"linkedin":[],"twitter":[],"facebook":[],"instagram":[]}},"created":"2026-03-24 19:26:35","updated":"2026-03-24 20:19:43"},"aioseo_breadcrumb":"<div class=\"aioseo-breadcrumbs\"><span class=\"aioseo-breadcrumb\">\n\t<a href=\"https:\/\/candas365.es\/noticias\" title=\"Home\">Home<\/a>\n<\/span><span class=\"aioseo-breadcrumb-separator\">&ndash;<\/span><span class=\"aioseo-breadcrumb\">\n\t<a href=\"https:\/\/candas365.es\/noticias\/category\/asturias\/\" title=\"Asturias\">Asturias<\/a>\n<\/span><span class=\"aioseo-breadcrumb-separator\">&ndash;<\/span><span class=\"aioseo-breadcrumb\">\n\tAsturias destina 429 millones a emergencias y clima\n<\/span><\/div>","aioseo_breadcrumb_json":[{"label":"Home","link":"https:\/\/candas365.es\/noticias"},{"label":"Asturias","link":"https:\/\/candas365.es\/noticias\/category\/asturias\/"},{"label":"Asturias destina 429 millones a emergencias y clima","link":"https:\/\/candas365.es\/noticias\/asturias-destina-429-millones-a-emergencias-y-clima\/"}],"_links":{"self":[{"href":"https:\/\/candas365.es\/noticias\/wp-json\/wp\/v2\/posts\/193309","targetHints":{"allow":["GET"]}}],"collection":[{"href":"https:\/\/candas365.es\/noticias\/wp-json\/wp\/v2\/posts"}],"about":[{"href":"https:\/\/candas365.es\/noticias\/wp-json\/wp\/v2\/types\/post"}],"author":[{"embeddable":true,"href":"https:\/\/candas365.es\/noticias\/wp-json\/wp\/v2\/users\/1"}],"replies":[{"embeddable":true,"href":"https:\/\/candas365.es\/noticias\/wp-json\/wp\/v2\/comments?post=193309"}],"version-history":[{"count":0,"href":"https:\/\/candas365.es\/noticias\/wp-json\/wp\/v2\/posts\/193309\/revisions"}],"wp:featuredmedia":[{"embeddable":true,"href":"https:\/\/candas365.es\/noticias\/wp-json\/wp\/v2\/media\/193310"}],"wp:attachment":[{"href":"https:\/\/candas365.es\/noticias\/wp-json\/wp\/v2\/media?parent=193309"}],"wp:term":[{"taxonomy":"category","embeddable":true,"href":"https:\/\/candas365.es\/noticias\/wp-json\/wp\/v2\/categories?post=193309"},{"taxonomy":"post_tag","embeddable":true,"href":"https:\/\/candas365.es\/noticias\/wp-json\/wp\/v2\/tags?post=193309"}],"curies":[{"name":"wp","href":"https:\/\/api.w.org\/{rel}","templated":true}]}}